{"id":1019,"date":"2018-04-13T11:25:14","date_gmt":"2018-04-13T11:25:14","guid":{"rendered":"http:\/\/www.ajeandalucia.org\/almeria\/?p=1019"},"modified":"2018-04-13T12:02:19","modified_gmt":"2018-04-13T12:02:19","slug":"trinidad-cabeo-directora-general-del-pita-entrevista-en-buenas-migas-con","status":"publish","type":"post","link":"https:\/\/ajeandalucia.org\/almeria\/2018\/04\/13\/trinidad-cabeo-directora-general-del-pita-entrevista-en-buenas-migas-con\/","title":{"rendered":"Trinidad Cabeo, directora general del PITA, entrevistada en el evento &#8216;Buenas Migas con&#8230;&#8217;"},"content":{"rendered":"<p><strong>AJE Almer\u00eda <\/strong>celebr\u00f3 ayer la tercera edici\u00f3n del evento \u2018Buenas Migas con\u2026\u2019 con una invitada de lujo, la <strong>directora del <a href=\"http:\/\/pitalmeria.es\/\">Parque Cient\u00edfico-Tecnol\u00f3gico de Almer\u00eda (PITA)<\/a><\/strong>. El <strong>periodista y empresario Alberto Guti\u00e9rrez<\/strong> realiz\u00f3 una profunda entrevista en los aljibes de la Pe\u00f1a Flamenca El Taranto a <strong>Trinidad Cabeo, que habl\u00f3 de su trayectoria profesiona<\/strong>l desde sus inicios hasta su llegada al PITA hace poco m\u00e1s de seis meses. \u201cMe adapto muy bien a los cambios, no me importa empezar desde cero\u201d, se\u00f1al\u00f3 Cabeo, que comenz\u00f3 la charla recordando su etapa como empresaria en la compa\u00f1\u00eda Indalcongress, que lleg\u00f3 a tener hasta ciento cincuenta empleados. \u201cSiempre he sido muy inquieta e inconformista, y no he parado de formarme\u201d, apunt\u00f3; adem\u00e1s, cont\u00f3 a los asistentes que sus valores en lo profesional siempre han sido \u201cel trabajo, el compromiso, la fortaleza, transparencia y honestidad\u201d.<\/p>\n<p>A lo largo de la charla, Trinidad Cabeo habl\u00f3 largo y tendido acerca de la situaci\u00f3n actual del Parque Tecnol\u00f3gico: \u201cDesde el primer d\u00eda me encuentro perfectamente integrada, haciendo un trabajo que me apasiona. Lo primero fue familiarizarme con el entorno y conocer perfectamente la realidad del PITA y desde esa realidad tratar de pilotar este proyecto con el mayor de los aciertos. Mi prioridad se centrar\u00e1 en consolidar el Parque como un espacio favorable a la innovaci\u00f3n, referente en nuestro \u00e1mbito, que sea capaz de captar empresas atra\u00eddas por los elementos diferenciadores, coexistiendo en un entorno que les permita generar oportunidades de negocio y desarrollar valor a\u00f1adido\u201d.<\/p>\n<p><img loading=\"lazy\" decoding=\"async\" class=\"aligncenter wp-image-1022\" src=\"http:\/\/www.ajeandalucia.org\/almeria\/wp-content\/uploads\/sites\/3\/2018\/04\/buenas-migas-trini-cabeo-300x199.jpg\" alt=\"\" width=\"600\" height=\"399\" srcset=\"https:\/\/ajeandalucia.org\/almeria\/wp-content\/uploads\/sites\/3\/2018\/04\/buenas-migas-trini-cabeo-300x199.jpg 300w, https:\/\/ajeandalucia.org\/almeria\/wp-content\/uploads\/sites\/3\/2018\/04\/buenas-migas-trini-cabeo-768x510.jpg 768w, https:\/\/ajeandalucia.org\/almeria\/wp-content\/uploads\/sites\/3\/2018\/04\/buenas-migas-trini-cabeo-1024x680.jpg 1024w\" sizes=\"auto, (max-width: 600px) 100vw, 600px\" \/><\/p>\n<p>Adem\u00e1s, aport\u00f3 datos muy positivos en relaci\u00f3n a los \u00faltimos meses: \u201c<strong>el edificio Pit\u00e1goras y el de la Universidad cuenta con el cien por cien de ocupaci\u00f3n<\/strong>, por lo que estamos pensando en la construcci\u00f3n de uno nuevo para alojar m\u00e1s empresas\u201d, explic\u00f3. Su tenacidad y constancia se reflejan en el rumbo al que se est\u00e1 dirigiendo el PITA: \u201ctrabajamos por que m\u00e1s empresas del sector agro, TIC\u2019s y de energ\u00edas renovables se asienten aqu\u00ed. Asimismo, <strong>ser\u00eda un revulsivo que el centro de I+D de Grupo Cosentino estuviera ubicado en el PITA\u201d. <\/strong>Igualmente, Cabeo trabaja en la labor de conseguir que m\u00e1s empresas de referencia internacional elijan el PITA como ubicaci\u00f3n, como por ejemplo, \u201cun instituto de investigaci\u00f3n ligado a una Universidad importante\u201d, rese\u00f1\u00f3.<\/p>\n<p>Por otro lado, \u201centre nuestros principales objetivos est\u00e1 la dinamizaci\u00f3n del Parque. En este sentido damos gran importancia a nuestro <strong>Plan de dinamizaci\u00f3n; acabamos de cerrar 2017 cumpliendo objetivos <\/strong>y trabajamos ya en avanzar, mejorar y afinar las acciones de dinamizaci\u00f3n para 2018, con apuestas cada vez m\u00e1s consolidadas que fomenten las sinergias entre las empresas del PITA y de \u00e9stas con el entorno empresarial\u201d.<\/p>\n<p>Trinidad Cabeo rememor\u00f3 durante el evento \u2018Buenas Migas con\u2026\u2019 su \u00e9poca como <strong>presidenta de la Autoridad Portuaria de Almer\u00eda, cargo en el que estuvo cerca de once a\u00f1os y que recuerda con mucho cari\u00f1o. \u201cFue un trabajo que me cambi\u00f3 la vida, me aport\u00f3 bastante solidez\u201d, <\/strong>record\u00f3. Durante la charla, tambi\u00e9n se habl\u00f3 sobre el proyecto Puerto-Ciudad: \u201cen mi etapa como presidenta se logr\u00f3 el entendimiento entre la Autoridad Portuaria y el Ayuntamiento\u201d, algo fundamental para comenzar a desarrollar esta iniciativa.<\/p>\n<p><img loading=\"lazy\" decoding=\"async\" class=\"aligncenter wp-image-1021\" src=\"http:\/\/www.ajeandalucia.org\/almeria\/wp-content\/uploads\/sites\/3\/2018\/04\/buenas-migas-trini-cabeo2-300x199.jpg\" alt=\"\" width=\"600\" height=\"399\" srcset=\"https:\/\/ajeandalucia.org\/almeria\/wp-content\/uploads\/sites\/3\/2018\/04\/buenas-migas-trini-cabeo2-300x199.jpg 300w, https:\/\/ajeandalucia.org\/almeria\/wp-content\/uploads\/sites\/3\/2018\/04\/buenas-migas-trini-cabeo2-768x510.jpg 768w, https:\/\/ajeandalucia.org\/almeria\/wp-content\/uploads\/sites\/3\/2018\/04\/buenas-migas-trini-cabeo2-1024x680.jpg 1024w\" sizes=\"auto, (max-width: 600px) 100vw, 600px\" \/><\/p>\n<p>&nbsp;<\/p>\n<p>Como novedad, tras la charla-entrevista, que tuvo lugar en El Taranto, los asistentes disfrutaron del <strong>evento \u2018Tapas &amp; Networking\u2019<\/strong> en la terraza de la pe\u00f1a flamenca, un acto en el que entablaron relaci\u00f3n con los profesionales asistentes a trav\u00e9s de tres rondas de tapas y bebida, que se tomaron rotando de mesas.<\/p>\n<p>Como en la primera edici\u00f3n de \u2018Buenas Migas con\u2026\u2019, la empresa Muebles Mago fue la encargada de ambientar el espacio con algunos de los muebles que se pueden ver en su exposici\u00f3n, que siempre cuenta con las \u00faltimas novedades en decoraci\u00f3n y hogar.<\/p>\n<p>Colaboran:\u00a0<a href=\"http:\/\/www.mueblesmago.es\/\">Muebles Mago<\/a>, <a href=\"https:\/\/www.grupocooperativocajamar.es\/es\/comun\/\">Grupo Cajamar<\/a>, TGesti\u00f3n y la <a href=\"http:\/\/babiloniatic.com\/\">Agencia de Comunicaci\u00f3n, Publicidad y Marketing Babilonia<\/a>.<\/p>\n","protected":false},"excerpt":{"rendered":"<p>AJE Almer\u00eda celebr\u00f3 ayer la tercera edici\u00f3n del evento \u2018Buenas Migas con\u2026\u2019 con una invitada de lujo, la directora del [&hellip;]<\/p>\n","protected":false},"author":3,"featured_media":1020,"comment_status":"open","ping_status":"open","sticky":false,"template":"","format":"standard","meta":{"_acf_changed":false,"site-sidebar-layout":"default","site-content-layout":"","ast-site-content-layout":"default","site-content-style":"default","site-sidebar-style":"default","ast-global-header-display":"","ast-banner-title-visibility":"","ast-main-header-display":"","ast-hfb-above-header-display":"","ast-hfb-below-header-display":"","ast-hfb-mobile-header-display":"","site-post-title":"","ast-breadcrumbs-content":"","ast-featured-img":"","footer-sml-layout":"","ast-disable-related-posts":"","theme-transparent-header-meta":"","adv-header-id-meta":"","stick-header-meta":"","header-above-stick-meta":"","header-main-stick-meta":"","header-below-stick-meta":"","astra-migrate-meta-layouts":"default","ast-page-background-enabled":"default","ast-page-background-meta":{"desktop":{"background-color":"var(--ast-global-color-5)","background-image":"","background-repeat":"repeat","background-position":"center center","background-size":"auto","background-attachment":"scroll","background-type":"","background-media":"","overlay-type":"","overlay-color":"","overlay-opacity":"","overlay-gradient":""},"tablet":{"background-color":"","background-image":"","background-repeat":"repeat","background-position":"center center","background-size":"auto","background-attachment":"scroll","background-type":"","background-media":"","overlay-type":"","overlay-color":"","overlay-opacity":"","overlay-gradient":""},"mobile":{"background-color":"","background-image":"","background-repeat":"repeat","background-position":"center center","background-size":"auto","background-attachment":"scroll","background-type":"","background-media":"","overlay-type":"","overlay-color":"","overlay-opacity":"","overlay-gradient":""}},"ast-content-background-meta":{"desktop":{"background-color":"var(--ast-global-color-4)","background-image":"","background-repeat":"repeat","background-position":"center center","background-size":"auto","background-attachment":"scroll","background-type":"","background-media":"","overlay-type":"","overlay-color":"","overlay-opacity":"","overlay-gradient":""},"tablet":{"background-color":"var(--ast-global-color-4)","background-image":"","background-repeat":"repeat","background-position":"center center","background-size":"auto","background-attachment":"scroll","background-type":"","background-media":"","overlay-type":"","overlay-color":"","overlay-opacity":"","overlay-gradient":""},"mobile":{"background-color":"var(--ast-global-color-4)","background-image":"","background-repeat":"repeat","background-position":"center center","background-size":"auto","background-attachment":"scroll","background-type":"","background-media":"","overlay-type":"","overlay-color":"","overlay-opacity":"","overlay-gradient":""}},"footnotes":""},"categories":[8],"tags":[27,126,128,127],"class_list":["post-1019","post","type-post","status-publish","format-standard","has-post-thumbnail","hentry","category-noticias","tag-aje-almeria","tag-buenas-migas-aje","tag-entrevista-trinidad-cabeo","tag-trinidad-cabeo"],"acf":[],"yoast_head":"<!-- This site is optimized with the Yoast SEO plugin v26.9 - https:\/\/yoast.com\/product\/yoast-seo-wordpress\/ -->\n<title>Trinidad Cabeo, directora general del PITA, entrevistada en el evento &#039;Buenas Migas con...&#039; - AJE Almer\u00eda<\/title>\n<meta name=\"robots\" content=\"index, follow, max-snippet:-1, max-image-preview:large, max-video-preview:-1\" \/>\n<link rel=\"canonical\" href=\"https:\/\/ajeandalucia.org\/almeria\/2018\/04\/13\/trinidad-cabeo-directora-general-del-pita-entrevista-en-buenas-migas-con\/\" \/>\n<meta property=\"og:locale\" content=\"es_ES\" \/>\n<meta property=\"og:type\" content=\"article\" \/>\n<meta property=\"og:title\" content=\"Trinidad Cabeo, directora general del PITA, entrevistada en el evento &#039;Buenas Migas con...&#039; - AJE Almer\u00eda\" \/>\n<meta property=\"og:description\" content=\"AJE Almer\u00eda celebr\u00f3 ayer la tercera edici\u00f3n del evento \u2018Buenas Migas con\u2026\u2019 con una invitada de lujo, la directora del [&hellip;]\" \/>\n<meta property=\"og:url\" content=\"https:\/\/ajeandalucia.org\/almeria\/2018\/04\/13\/trinidad-cabeo-directora-general-del-pita-entrevista-en-buenas-migas-con\/\" \/>\n<meta property=\"og:site_name\" content=\"AJE Almer\u00eda\" \/>\n<meta property=\"article:published_time\" content=\"2018-04-13T11:25:14+00:00\" \/>\n<meta property=\"article:modified_time\" content=\"2018-04-13T12:02:19+00:00\" \/>\n<meta property=\"og:image\" content=\"https:\/\/ajeandalucia.org\/almeria\/wp-content\/uploads\/sites\/3\/2018\/04\/buenas-migas-trini-cabeo3.jpg\" \/>\n\t<meta property=\"og:image:width\" content=\"2776\" \/>\n\t<meta property=\"og:image:height\" content=\"2016\" \/>\n\t<meta property=\"og:image:type\" content=\"image\/jpeg\" \/>\n<meta name=\"author\" content=\"almeria\" \/>\n<meta name=\"twitter:card\" content=\"summary_large_image\" \/>\n<meta name=\"twitter:label1\" content=\"Escrito por\" \/>\n\t<meta name=\"twitter:data1\" content=\"almeria\" \/>\n\t<meta name=\"twitter:label2\" content=\"Tiempo de lectura\" \/>\n\t<meta name=\"twitter:data2\" content=\"3 minutos\" \/>\n<script type=\"application\/ld+json\" class=\"yoast-schema-graph\">{\"@context\":\"https:\/\/schema.org\",\"@graph\":[{\"@type\":\"Article\",\"@id\":\"https:\/\/ajeandalucia.org\/almeria\/2018\/04\/13\/trinidad-cabeo-directora-general-del-pita-entrevista-en-buenas-migas-con\/#article\",\"isPartOf\":{\"@id\":\"https:\/\/ajeandalucia.org\/almeria\/2018\/04\/13\/trinidad-cabeo-directora-general-del-pita-entrevista-en-buenas-migas-con\/\"},\"author\":{\"name\":\"almeria\",\"@id\":\"https:\/\/ajeandalucia.org\/almeria\/#\/schema\/person\/9336ac50bc8c90053f6bf3b99e5c7d7b\"},\"headline\":\"Trinidad Cabeo, directora general del PITA, entrevistada en el evento &#8216;Buenas Migas con&#8230;&#8217;\",\"datePublished\":\"2018-04-13T11:25:14+00:00\",\"dateModified\":\"2018-04-13T12:02:19+00:00\",\"mainEntityOfPage\":{\"@id\":\"https:\/\/ajeandalucia.org\/almeria\/2018\/04\/13\/trinidad-cabeo-directora-general-del-pita-entrevista-en-buenas-migas-con\/\"},\"wordCount\":687,\"commentCount\":0,\"publisher\":{\"@id\":\"https:\/\/ajeandalucia.org\/almeria\/#organization\"},\"image\":{\"@id\":\"https:\/\/ajeandalucia.org\/almeria\/2018\/04\/13\/trinidad-cabeo-directora-general-del-pita-entrevista-en-buenas-migas-con\/#primaryimage\"},\"thumbnailUrl\":\"https:\/\/ajeandalucia.org\/almeria\/wp-content\/uploads\/sites\/3\/2018\/04\/buenas-migas-trini-cabeo3.jpg\",\"keywords\":[\"aje almeria\",\"buenas migas aje\",\"entrevista trinidad cabeo\",\"Trinidad Cabeo\"],\"articleSection\":[\"Noticias\"],\"inLanguage\":\"es\",\"potentialAction\":[{\"@type\":\"CommentAction\",\"name\":\"Comment\",\"target\":[\"https:\/\/ajeandalucia.org\/almeria\/2018\/04\/13\/trinidad-cabeo-directora-general-del-pita-entrevista-en-buenas-migas-con\/#respond\"]}]},{\"@type\":\"WebPage\",\"@id\":\"https:\/\/ajeandalucia.org\/almeria\/2018\/04\/13\/trinidad-cabeo-directora-general-del-pita-entrevista-en-buenas-migas-con\/\",\"url\":\"https:\/\/ajeandalucia.org\/almeria\/2018\/04\/13\/trinidad-cabeo-directora-general-del-pita-entrevista-en-buenas-migas-con\/\",\"name\":\"Trinidad Cabeo, directora general del PITA, entrevistada en el evento 'Buenas Migas con...' - AJE Almer\u00eda\",\"isPartOf\":{\"@id\":\"https:\/\/ajeandalucia.org\/almeria\/#website\"},\"primaryImageOfPage\":{\"@id\":\"https:\/\/ajeandalucia.org\/almeria\/2018\/04\/13\/trinidad-cabeo-directora-general-del-pita-entrevista-en-buenas-migas-con\/#primaryimage\"},\"image\":{\"@id\":\"https:\/\/ajeandalucia.org\/almeria\/2018\/04\/13\/trinidad-cabeo-directora-general-del-pita-entrevista-en-buenas-migas-con\/#primaryimage\"},\"thumbnailUrl\":\"https:\/\/ajeandalucia.org\/almeria\/wp-content\/uploads\/sites\/3\/2018\/04\/buenas-migas-trini-cabeo3.jpg\",\"datePublished\":\"2018-04-13T11:25:14+00:00\",\"dateModified\":\"2018-04-13T12:02:19+00:00\",\"breadcrumb\":{\"@id\":\"https:\/\/ajeandalucia.org\/almeria\/2018\/04\/13\/trinidad-cabeo-directora-general-del-pita-entrevista-en-buenas-migas-con\/#breadcrumb\"},\"inLanguage\":\"es\",\"potentialAction\":[{\"@type\":\"ReadAction\",\"target\":[\"https:\/\/ajeandalucia.org\/almeria\/2018\/04\/13\/trinidad-cabeo-directora-general-del-pita-entrevista-en-buenas-migas-con\/\"]}]},{\"@type\":\"ImageObject\",\"inLanguage\":\"es\",\"@id\":\"https:\/\/ajeandalucia.org\/almeria\/2018\/04\/13\/trinidad-cabeo-directora-general-del-pita-entrevista-en-buenas-migas-con\/#primaryimage\",\"url\":\"https:\/\/ajeandalucia.org\/almeria\/wp-content\/uploads\/sites\/3\/2018\/04\/buenas-migas-trini-cabeo3.jpg\",\"contentUrl\":\"https:\/\/ajeandalucia.org\/almeria\/wp-content\/uploads\/sites\/3\/2018\/04\/buenas-migas-trini-cabeo3.jpg\",\"width\":2776,\"height\":2016},{\"@type\":\"BreadcrumbList\",\"@id\":\"https:\/\/ajeandalucia.org\/almeria\/2018\/04\/13\/trinidad-cabeo-directora-general-del-pita-entrevista-en-buenas-migas-con\/#breadcrumb\",\"itemListElement\":[{\"@type\":\"ListItem\",\"position\":1,\"name\":\"Portada\",\"item\":\"https:\/\/ajeandalucia.org\/almeria\/\"},{\"@type\":\"ListItem\",\"position\":2,\"name\":\"Trinidad Cabeo, directora general del PITA, entrevistada en el evento &#8216;Buenas Migas con&#8230;&#8217;\"}]},{\"@type\":\"WebSite\",\"@id\":\"https:\/\/ajeandalucia.org\/almeria\/#website\",\"url\":\"https:\/\/ajeandalucia.org\/almeria\/\",\"name\":\"AJE Almer\u00eda\",\"description\":\"Otro sitio m\u00e1s de AJE Andaluc\u00eda\",\"publisher\":{\"@id\":\"https:\/\/ajeandalucia.org\/almeria\/#organization\"},\"potentialAction\":[{\"@type\":\"SearchAction\",\"target\":{\"@type\":\"EntryPoint\",\"urlTemplate\":\"https:\/\/ajeandalucia.org\/almeria\/?s={search_term_string}\"},\"query-input\":{\"@type\":\"PropertyValueSpecification\",\"valueRequired\":true,\"valueName\":\"search_term_string\"}}],\"inLanguage\":\"es\"},{\"@type\":\"Organization\",\"@id\":\"https:\/\/ajeandalucia.org\/almeria\/#organization\",\"name\":\"AJE Almer\u00eda\",\"url\":\"https:\/\/ajeandalucia.org\/almeria\/\",\"logo\":{\"@type\":\"ImageObject\",\"inLanguage\":\"es\",\"@id\":\"https:\/\/ajeandalucia.org\/almeria\/#\/schema\/logo\/image\/\",\"url\":\"https:\/\/ajeandalucia.org\/almeria\/wp-content\/uploads\/sites\/3\/2025\/01\/AJE-ALMERIA-horizontal.png\",\"contentUrl\":\"https:\/\/ajeandalucia.org\/almeria\/wp-content\/uploads\/sites\/3\/2025\/01\/AJE-ALMERIA-horizontal.png\",\"width\":605,\"height\":200,\"caption\":\"AJE Almer\u00eda\"},\"image\":{\"@id\":\"https:\/\/ajeandalucia.org\/almeria\/#\/schema\/logo\/image\/\"}},{\"@type\":\"Person\",\"@id\":\"https:\/\/ajeandalucia.org\/almeria\/#\/schema\/person\/9336ac50bc8c90053f6bf3b99e5c7d7b\",\"name\":\"almeria\",\"image\":{\"@type\":\"ImageObject\",\"inLanguage\":\"es\",\"@id\":\"https:\/\/ajeandalucia.org\/almeria\/#\/schema\/person\/image\/\",\"url\":\"https:\/\/secure.gravatar.com\/avatar\/f5b6b7d37a8f964bd96d1a7752fc3160bb98a16a08fda2bb6fb3a80845dae5d6?s=96&d=mm&r=g\",\"contentUrl\":\"https:\/\/secure.gravatar.com\/avatar\/f5b6b7d37a8f964bd96d1a7752fc3160bb98a16a08fda2bb6fb3a80845dae5d6?s=96&d=mm&r=g\",\"caption\":\"almeria\"},\"sameAs\":[\"http:\/\/www.ajealmeria.org\/\"],\"url\":\"https:\/\/ajeandalucia.org\/almeria\/author\/almeria\/\"}]}<\/script>\n<!-- \/ Yoast SEO plugin. -->","yoast_head_json":{"title":"Trinidad Cabeo, directora general del PITA, entrevistada en el evento 'Buenas Migas con...' - AJE Almer\u00eda","robots":{"index":"index","follow":"follow","max-snippet":"max-snippet:-1","max-image-preview":"max-image-preview:large","max-video-preview":"max-video-preview:-1"},"canonical":"https:\/\/ajeandalucia.org\/almeria\/2018\/04\/13\/trinidad-cabeo-directora-general-del-pita-entrevista-en-buenas-migas-con\/","og_locale":"es_ES","og_type":"article","og_title":"Trinidad Cabeo, directora general del PITA, entrevistada en el evento 'Buenas Migas con...' - AJE Almer\u00eda","og_description":"AJE Almer\u00eda celebr\u00f3 ayer la tercera edici\u00f3n del evento \u2018Buenas Migas con\u2026\u2019 con una invitada de lujo, la directora del [&hellip;]","og_url":"https:\/\/ajeandalucia.org\/almeria\/2018\/04\/13\/trinidad-cabeo-directora-general-del-pita-entrevista-en-buenas-migas-con\/","og_site_name":"AJE Almer\u00eda","article_published_time":"2018-04-13T11:25:14+00:00","article_modified_time":"2018-04-13T12:02:19+00:00","og_image":[{"width":2776,"height":2016,"url":"https:\/\/ajeandalucia.org\/almeria\/wp-content\/uploads\/sites\/3\/2018\/04\/buenas-migas-trini-cabeo3.jpg","type":"image\/jpeg"}],"author":"almeria","twitter_card":"summary_large_image","twitter_misc":{"Escrito por":"almeria","Tiempo de lectura":"3 minutos"},"schema":{"@context":"https:\/\/schema.org","@graph":[{"@type":"Article","@id":"https:\/\/ajeandalucia.org\/almeria\/2018\/04\/13\/trinidad-cabeo-directora-general-del-pita-entrevista-en-buenas-migas-con\/#article","isPartOf":{"@id":"https:\/\/ajeandalucia.org\/almeria\/2018\/04\/13\/trinidad-cabeo-directora-general-del-pita-entrevista-en-buenas-migas-con\/"},"author":{"name":"almeria","@id":"https:\/\/ajeandalucia.org\/almeria\/#\/schema\/person\/9336ac50bc8c90053f6bf3b99e5c7d7b"},"headline":"Trinidad Cabeo, directora general del PITA, entrevistada en el evento &#8216;Buenas Migas con&#8230;&#8217;","datePublished":"2018-04-13T11:25:14+00:00","dateModified":"2018-04-13T12:02:19+00:00","mainEntityOfPage":{"@id":"https:\/\/ajeandalucia.org\/almeria\/2018\/04\/13\/trinidad-cabeo-directora-general-del-pita-entrevista-en-buenas-migas-con\/"},"wordCount":687,"commentCount":0,"publisher":{"@id":"https:\/\/ajeandalucia.org\/almeria\/#organization"},"image":{"@id":"https:\/\/ajeandalucia.org\/almeria\/2018\/04\/13\/trinidad-cabeo-directora-general-del-pita-entrevista-en-buenas-migas-con\/#primaryimage"},"thumbnailUrl":"https:\/\/ajeandalucia.org\/almeria\/wp-content\/uploads\/sites\/3\/2018\/04\/buenas-migas-trini-cabeo3.jpg","keywords":["aje almeria","buenas migas aje","entrevista trinidad cabeo","Trinidad Cabeo"],"articleSection":["Noticias"],"inLanguage":"es","potentialAction":[{"@type":"CommentAction","name":"Comment","target":["https:\/\/ajeandalucia.org\/almeria\/2018\/04\/13\/trinidad-cabeo-directora-general-del-pita-entrevista-en-buenas-migas-con\/#respond"]}]},{"@type":"WebPage","@id":"https:\/\/ajeandalucia.org\/almeria\/2018\/04\/13\/trinidad-cabeo-directora-general-del-pita-entrevista-en-buenas-migas-con\/","url":"https:\/\/ajeandalucia.org\/almeria\/2018\/04\/13\/trinidad-cabeo-directora-general-del-pita-entrevista-en-buenas-migas-con\/","name":"Trinidad Cabeo, directora general del PITA, entrevistada en el evento 'Buenas Migas con...' - AJE Almer\u00eda","isPartOf":{"@id":"https:\/\/ajeandalucia.org\/almeria\/#website"},"primaryImageOfPage":{"@id":"https:\/\/ajeandalucia.org\/almeria\/2018\/04\/13\/trinidad-cabeo-directora-general-del-pita-entrevista-en-buenas-migas-con\/#primaryimage"},"image":{"@id":"https:\/\/ajeandalucia.org\/almeria\/2018\/04\/13\/trinidad-cabeo-directora-general-del-pita-entrevista-en-buenas-migas-con\/#primaryimage"},"thumbnailUrl":"https:\/\/ajeandalucia.org\/almeria\/wp-content\/uploads\/sites\/3\/2018\/04\/buenas-migas-trini-cabeo3.jpg","datePublished":"2018-04-13T11:25:14+00:00","dateModified":"2018-04-13T12:02:19+00:00","breadcrumb":{"@id":"https:\/\/ajeandalucia.org\/almeria\/2018\/04\/13\/trinidad-cabeo-directora-general-del-pita-entrevista-en-buenas-migas-con\/#breadcrumb"},"inLanguage":"es","potentialAction":[{"@type":"ReadAction","target":["https:\/\/ajeandalucia.org\/almeria\/2018\/04\/13\/trinidad-cabeo-directora-general-del-pita-entrevista-en-buenas-migas-con\/"]}]},{"@type":"ImageObject","inLanguage":"es","@id":"https:\/\/ajeandalucia.org\/almeria\/2018\/04\/13\/trinidad-cabeo-directora-general-del-pita-entrevista-en-buenas-migas-con\/#primaryimage","url":"https:\/\/ajeandalucia.org\/almeria\/wp-content\/uploads\/sites\/3\/2018\/04\/buenas-migas-trini-cabeo3.jpg","contentUrl":"https:\/\/ajeandalucia.org\/almeria\/wp-content\/uploads\/sites\/3\/2018\/04\/buenas-migas-trini-cabeo3.jpg","width":2776,"height":2016},{"@type":"BreadcrumbList","@id":"https:\/\/ajeandalucia.org\/almeria\/2018\/04\/13\/trinidad-cabeo-directora-general-del-pita-entrevista-en-buenas-migas-con\/#breadcrumb","itemListElement":[{"@type":"ListItem","position":1,"name":"Portada","item":"https:\/\/ajeandalucia.org\/almeria\/"},{"@type":"ListItem","position":2,"name":"Trinidad Cabeo, directora general del PITA, entrevistada en el evento &#8216;Buenas Migas con&#8230;&#8217;"}]},{"@type":"WebSite","@id":"https:\/\/ajeandalucia.org\/almeria\/#website","url":"https:\/\/ajeandalucia.org\/almeria\/","name":"AJE Almer\u00eda","description":"Otro sitio m\u00e1s de AJE Andaluc\u00eda","publisher":{"@id":"https:\/\/ajeandalucia.org\/almeria\/#organization"},"potentialAction":[{"@type":"SearchAction","target":{"@type":"EntryPoint","urlTemplate":"https:\/\/ajeandalucia.org\/almeria\/?s={search_term_string}"},"query-input":{"@type":"PropertyValueSpecification","valueRequired":true,"valueName":"search_term_string"}}],"inLanguage":"es"},{"@type":"Organization","@id":"https:\/\/ajeandalucia.org\/almeria\/#organization","name":"AJE Almer\u00eda","url":"https:\/\/ajeandalucia.org\/almeria\/","logo":{"@type":"ImageObject","inLanguage":"es","@id":"https:\/\/ajeandalucia.org\/almeria\/#\/schema\/logo\/image\/","url":"https:\/\/ajeandalucia.org\/almeria\/wp-content\/uploads\/sites\/3\/2025\/01\/AJE-ALMERIA-horizontal.png","contentUrl":"https:\/\/ajeandalucia.org\/almeria\/wp-content\/uploads\/sites\/3\/2025\/01\/AJE-ALMERIA-horizontal.png","width":605,"height":200,"caption":"AJE Almer\u00eda"},"image":{"@id":"https:\/\/ajeandalucia.org\/almeria\/#\/schema\/logo\/image\/"}},{"@type":"Person","@id":"https:\/\/ajeandalucia.org\/almeria\/#\/schema\/person\/9336ac50bc8c90053f6bf3b99e5c7d7b","name":"almeria","image":{"@type":"ImageObject","inLanguage":"es","@id":"https:\/\/ajeandalucia.org\/almeria\/#\/schema\/person\/image\/","url":"https:\/\/secure.gravatar.com\/avatar\/f5b6b7d37a8f964bd96d1a7752fc3160bb98a16a08fda2bb6fb3a80845dae5d6?s=96&d=mm&r=g","contentUrl":"https:\/\/secure.gravatar.com\/avatar\/f5b6b7d37a8f964bd96d1a7752fc3160bb98a16a08fda2bb6fb3a80845dae5d6?s=96&d=mm&r=g","caption":"almeria"},"sameAs":["http:\/\/www.ajealmeria.org\/"],"url":"https:\/\/ajeandalucia.org\/almeria\/author\/almeria\/"}]}},"_links":{"self":[{"href":"https:\/\/ajeandalucia.org\/almeria\/wp-json\/wp\/v2\/posts\/1019","targetHints":{"allow":["GET"]}}],"collection":[{"href":"https:\/\/ajeandalucia.org\/almeria\/wp-json\/wp\/v2\/posts"}],"about":[{"href":"https:\/\/ajeandalucia.org\/almeria\/wp-json\/wp\/v2\/types\/post"}],"author":[{"embeddable":true,"href":"https:\/\/ajeandalucia.org\/almeria\/wp-json\/wp\/v2\/users\/3"}],"replies":[{"embeddable":true,"href":"https:\/\/ajeandalucia.org\/almeria\/wp-json\/wp\/v2\/comments?post=1019"}],"version-history":[{"count":5,"href":"https:\/\/ajeandalucia.org\/almeria\/wp-json\/wp\/v2\/posts\/1019\/revisions"}],"predecessor-version":[{"id":1027,"href":"https:\/\/ajeandalucia.org\/almeria\/wp-json\/wp\/v2\/posts\/1019\/revisions\/1027"}],"wp:featuredmedia":[{"embeddable":true,"href":"https:\/\/ajeandalucia.org\/almeria\/wp-json\/wp\/v2\/media\/1020"}],"wp:attachment":[{"href":"https:\/\/ajeandalucia.org\/almeria\/wp-json\/wp\/v2\/media?parent=1019"}],"wp:term":[{"taxonomy":"category","embeddable":true,"href":"https:\/\/ajeandalucia.org\/almeria\/wp-json\/wp\/v2\/categories?post=1019"},{"taxonomy":"post_tag","embeddable":true,"href":"https:\/\/ajeandalucia.org\/almeria\/wp-json\/wp\/v2\/tags?post=1019"}],"curies":[{"name":"wp","href":"https:\/\/api.w.org\/{rel}","templated":true}]}}