{"id":1028,"date":"2018-04-19T13:16:07","date_gmt":"2018-04-19T13:16:07","guid":{"rendered":"http:\/\/www.ajeandalucia.org\/almeria\/?p=1028"},"modified":"2018-04-19T13:26:50","modified_gmt":"2018-04-19T13:26:50","slug":"premios-aje-andalucia-2018-17-de-mayo-en-granada","status":"publish","type":"post","link":"https:\/\/ajeandalucia.org\/almeria\/2018\/04\/19\/premios-aje-andalucia-2018-17-de-mayo-en-granada\/","title":{"rendered":"Premios AJE Andaluc\u00eda 2018: 17 de mayo en Granada"},"content":{"rendered":"<p>Los esperados premios AJE a nivel regional ya tienen fecha de celebraci\u00f3n: tendr\u00e1n lugar el pr\u00f3ximo <strong>17 de mayo en Granada, en el Edificio Cubo, actual sede de Bankia, Av. Fernando de los R\u00edos, 6.\u00a0<\/strong><\/p>\n<p>El evento reunir\u00e1 a los ganadores en las dos candidaturas -Iniciativa Emprendedora y Trayectoria Empresarial- de cada una de las provincias andaluzas. En el caso de Almer\u00eda, los representantes ser\u00e1n las marcas <a href=\"https:\/\/www.cohnquer.com\/\">Cohnquer<\/a> y <a href=\"http:\/\/www.biorizon.es\/\">Biorizon Biotech,<\/a>\u00a0que se alzaron con los galardones en la entrega de los Premios AJE Almer\u00eda el pasado 20 de marzo.<\/p>\n<p>Los Premios AJE Andaluc\u00eda son &#8220;una excelente\u00a0 oportunidad para\u00a0<strong>posicionar tu marca<\/strong>, que garantiza una gran repercusi\u00f3n medi\u00e1tica y estar\u00e1 respaldado por instituciones, organizaciones empresariales y empresarios de \u00e1mbito regional y provincial&#8221;, seg\u00fan reza en la web de <a href=\"http:\/\/www.ajegranada.org\/17-de-mayo-premio-aje-andalucia-2018\/\">AJE Granada<\/a>, ciudad anfitriona este 2018.<\/p>\n<div class=\"ast-oembed-container \" style=\"height: 100%;\"><iframe loading=\"lazy\" title=\"V\u00eddeo presidente Premio AJE Andaluc\u00eda II\" width=\"500\" height=\"281\" src=\"https:\/\/www.youtube.com\/embed\/P3TbE3_kdy0?feature=oembed\" frameborder=\"0\" allow=\"accelerometer; autoplay; clipboard-write; encrypted-media; gyroscope; picture-in-picture; web-share\" referrerpolicy=\"strict-origin-when-cross-origin\" allowfullscreen><\/iframe><\/div>\n<p>A lo largo del d\u00eda 17 de mayo se celebrar\u00e1n actividades relacionadas con el mundo empresarial, como networking, interesantes ponencias y presentaciones empresariales siguiendo el m\u00e9todo <a href=\"https:\/\/es.wikipedia.org\/wiki\/Elevator_pitch\">Elevator Pitch.<\/a>\u00a0Estas acciones estar\u00e1n dentro de un encuentro de negocios que\u00a0reunir\u00e1 a m\u00e1s de 100 empresas en un solo d\u00eda, para crear una relaci\u00f3n comercial y canales de colaboraci\u00f3n, con el fin de fortalecer y enriquecer su red de negocios en el mercado. Hay plazas limitadas; si est\u00e1s interesado, puede inscribirte aqu\u00ed:<\/p>\n<p><a href=\"http:\/\/www.ajeandalucia.org\/inscripcion\/?utm_source=getresponse&amp;utm_medium=email&amp;utm_campaign=ajegranada&amp;utm_content=Premios+AJE+Andaluc%C3%ADa+2018\">Formulario de inscripciones<\/a><\/p>\n<hr \/>\n<p>Los interesados pueden descargarse\u00a0<a href=\"http:\/\/www.ajeandalucia.org\/almeria\/wp-content\/uploads\/sites\/3\/2018\/04\/Dossier-Premio-Regional-COMPRIMIDO-1.pdf\">aqu\u00ed<\/a>\u00a0el Dossier de los Premios AJE Andaluc\u00eda 2018, con toda la informaci\u00f3n referente a las actividades y din\u00e1mica de la jornada.<\/p>\n","protected":false},"excerpt":{"rendered":"<p>Los esperados premios AJE a nivel regional ya tienen fecha de celebraci\u00f3n: tendr\u00e1n lugar el pr\u00f3ximo 17 de mayo en [&hellip;]<\/p>\n","protected":false},"author":3,"featured_media":1033,"comment_status":"open","ping_status":"open","sticky":false,"template":"","format":"standard","meta":{"_acf_changed":false,"site-sidebar-layout":"default","site-content-layout":"","ast-site-content-layout":"default","site-content-style":"default","site-sidebar-style":"default","ast-global-header-display":"","ast-banner-title-visibility":"","ast-main-header-display":"","ast-hfb-above-header-display":"","ast-hfb-below-header-display":"","ast-hfb-mobile-header-display":"","site-post-title":"","ast-breadcrumbs-content":"","ast-featured-img":"","footer-sml-layout":"","ast-disable-related-posts":"","theme-transparent-header-meta":"","adv-header-id-meta":"","stick-header-meta":"","header-above-stick-meta":"","header-main-stick-meta":"","header-below-stick-meta":"","astra-migrate-meta-layouts":"default","ast-page-background-enabled":"default","ast-page-background-meta":{"desktop":{"background-color":"var(--ast-global-color-5)","background-image":"","background-repeat":"repeat","background-position":"center center","background-size":"auto","background-attachment":"scroll","background-type":"","background-media":"","overlay-type":"","overlay-color":"","overlay-opacity":"","overlay-gradient":""},"tablet":{"background-color":"","background-image":"","background-repeat":"repeat","background-position":"center center","background-size":"auto","background-attachment":"scroll","background-type":"","background-media":"","overlay-type":"","overlay-color":"","overlay-opacity":"","overlay-gradient":""},"mobile":{"background-color":"","background-image":"","background-repeat":"repeat","background-position":"center center","background-size":"auto","background-attachment":"scroll","background-type":"","background-media":"","overlay-type":"","overlay-color":"","overlay-opacity":"","overlay-gradient":""}},"ast-content-background-meta":{"desktop":{"background-color":"var(--ast-global-color-4)","background-image":"","background-repeat":"repeat","background-position":"center center","background-size":"auto","background-attachment":"scroll","background-type":"","background-media":"","overlay-type":"","overlay-color":"","overlay-opacity":"","overlay-gradient":""},"tablet":{"background-color":"var(--ast-global-color-4)","background-image":"","background-repeat":"repeat","background-position":"center center","background-size":"auto","background-attachment":"scroll","background-type":"","background-media":"","overlay-type":"","overlay-color":"","overlay-opacity":"","overlay-gradient":""},"mobile":{"background-color":"var(--ast-global-color-4)","background-image":"","background-repeat":"repeat","background-position":"center center","background-size":"auto","background-attachment":"scroll","background-type":"","background-media":"","overlay-type":"","overlay-color":"","overlay-opacity":"","overlay-gradient":""}},"footnotes":""},"categories":[8],"tags":[27,65,129,130],"class_list":["post-1028","post","type-post","status-publish","format-standard","has-post-thumbnail","hentry","category-noticias","tag-aje-almeria","tag-emprendimiento","tag-premios-aje","tag-premios-aje-andalucia"],"acf":[],"yoast_head":"<!-- This site is optimized with the Yoast SEO plugin v26.9 - https:\/\/yoast.com\/product\/yoast-seo-wordpress\/ -->\n<title>Premios AJE Andaluc\u00eda 2018: 17 de mayo en Granada - AJE Almer\u00eda<\/title>\n<meta name=\"robots\" content=\"index, follow, max-snippet:-1, max-image-preview:large, max-video-preview:-1\" \/>\n<link rel=\"canonical\" href=\"https:\/\/ajeandalucia.org\/almeria\/2018\/04\/19\/premios-aje-andalucia-2018-17-de-mayo-en-granada\/\" \/>\n<meta property=\"og:locale\" content=\"es_ES\" \/>\n<meta property=\"og:type\" content=\"article\" \/>\n<meta property=\"og:title\" content=\"Premios AJE Andaluc\u00eda 2018: 17 de mayo en Granada - AJE Almer\u00eda\" \/>\n<meta property=\"og:description\" content=\"Los esperados premios AJE a nivel regional ya tienen fecha de celebraci\u00f3n: tendr\u00e1n lugar el pr\u00f3ximo 17 de mayo en [&hellip;]\" \/>\n<meta property=\"og:url\" content=\"https:\/\/ajeandalucia.org\/almeria\/2018\/04\/19\/premios-aje-andalucia-2018-17-de-mayo-en-granada\/\" \/>\n<meta property=\"og:site_name\" content=\"AJE Almer\u00eda\" \/>\n<meta property=\"article:published_time\" content=\"2018-04-19T13:16:07+00:00\" \/>\n<meta property=\"article:modified_time\" content=\"2018-04-19T13:26:50+00:00\" \/>\n<meta property=\"og:image\" content=\"https:\/\/ajeandalucia.org\/almeria\/wp-content\/uploads\/sites\/3\/2018\/04\/20171127-Premio-Regional-2018-Banner-Web2.png\" \/>\n\t<meta property=\"og:image:width\" content=\"1920\" \/>\n\t<meta property=\"og:image:height\" content=\"1080\" \/>\n\t<meta property=\"og:image:type\" content=\"image\/png\" \/>\n<meta name=\"author\" content=\"almeria\" \/>\n<meta name=\"twitter:card\" content=\"summary_large_image\" \/>\n<meta name=\"twitter:label1\" content=\"Escrito por\" \/>\n\t<meta name=\"twitter:data1\" content=\"almeria\" \/>\n\t<meta name=\"twitter:label2\" content=\"Tiempo de lectura\" \/>\n\t<meta name=\"twitter:data2\" content=\"1 minuto\" \/>\n<script type=\"application\/ld+json\" class=\"yoast-schema-graph\">{\"@context\":\"https:\/\/schema.org\",\"@graph\":[{\"@type\":\"Article\",\"@id\":\"https:\/\/ajeandalucia.org\/almeria\/2018\/04\/19\/premios-aje-andalucia-2018-17-de-mayo-en-granada\/#article\",\"isPartOf\":{\"@id\":\"https:\/\/ajeandalucia.org\/almeria\/2018\/04\/19\/premios-aje-andalucia-2018-17-de-mayo-en-granada\/\"},\"author\":{\"name\":\"almeria\",\"@id\":\"https:\/\/ajeandalucia.org\/almeria\/#\/schema\/person\/9336ac50bc8c90053f6bf3b99e5c7d7b\"},\"headline\":\"Premios AJE Andaluc\u00eda 2018: 17 de mayo en Granada\",\"datePublished\":\"2018-04-19T13:16:07+00:00\",\"dateModified\":\"2018-04-19T13:26:50+00:00\",\"mainEntityOfPage\":{\"@id\":\"https:\/\/ajeandalucia.org\/almeria\/2018\/04\/19\/premios-aje-andalucia-2018-17-de-mayo-en-granada\/\"},\"wordCount\":273,\"commentCount\":0,\"publisher\":{\"@id\":\"https:\/\/ajeandalucia.org\/almeria\/#organization\"},\"image\":{\"@id\":\"https:\/\/ajeandalucia.org\/almeria\/2018\/04\/19\/premios-aje-andalucia-2018-17-de-mayo-en-granada\/#primaryimage\"},\"thumbnailUrl\":\"https:\/\/ajeandalucia.org\/almeria\/wp-content\/uploads\/sites\/3\/2018\/04\/20171127-Premio-Regional-2018-Banner-Web2.png\",\"keywords\":[\"aje almeria\",\"emprendimiento\",\"premios aje\",\"premios aje andalucia\"],\"articleSection\":[\"Noticias\"],\"inLanguage\":\"es\",\"potentialAction\":[{\"@type\":\"CommentAction\",\"name\":\"Comment\",\"target\":[\"https:\/\/ajeandalucia.org\/almeria\/2018\/04\/19\/premios-aje-andalucia-2018-17-de-mayo-en-granada\/#respond\"]}]},{\"@type\":\"WebPage\",\"@id\":\"https:\/\/ajeandalucia.org\/almeria\/2018\/04\/19\/premios-aje-andalucia-2018-17-de-mayo-en-granada\/\",\"url\":\"https:\/\/ajeandalucia.org\/almeria\/2018\/04\/19\/premios-aje-andalucia-2018-17-de-mayo-en-granada\/\",\"name\":\"Premios AJE Andaluc\u00eda 2018: 17 de mayo en Granada - AJE Almer\u00eda\",\"isPartOf\":{\"@id\":\"https:\/\/ajeandalucia.org\/almeria\/#website\"},\"primaryImageOfPage\":{\"@id\":\"https:\/\/ajeandalucia.org\/almeria\/2018\/04\/19\/premios-aje-andalucia-2018-17-de-mayo-en-granada\/#primaryimage\"},\"image\":{\"@id\":\"https:\/\/ajeandalucia.org\/almeria\/2018\/04\/19\/premios-aje-andalucia-2018-17-de-mayo-en-granada\/#primaryimage\"},\"thumbnailUrl\":\"https:\/\/ajeandalucia.org\/almeria\/wp-content\/uploads\/sites\/3\/2018\/04\/20171127-Premio-Regional-2018-Banner-Web2.png\",\"datePublished\":\"2018-04-19T13:16:07+00:00\",\"dateModified\":\"2018-04-19T13:26:50+00:00\",\"breadcrumb\":{\"@id\":\"https:\/\/ajeandalucia.org\/almeria\/2018\/04\/19\/premios-aje-andalucia-2018-17-de-mayo-en-granada\/#breadcrumb\"},\"inLanguage\":\"es\",\"potentialAction\":[{\"@type\":\"ReadAction\",\"target\":[\"https:\/\/ajeandalucia.org\/almeria\/2018\/04\/19\/premios-aje-andalucia-2018-17-de-mayo-en-granada\/\"]}]},{\"@type\":\"ImageObject\",\"inLanguage\":\"es\",\"@id\":\"https:\/\/ajeandalucia.org\/almeria\/2018\/04\/19\/premios-aje-andalucia-2018-17-de-mayo-en-granada\/#primaryimage\",\"url\":\"https:\/\/ajeandalucia.org\/almeria\/wp-content\/uploads\/sites\/3\/2018\/04\/20171127-Premio-Regional-2018-Banner-Web2.png\",\"contentUrl\":\"https:\/\/ajeandalucia.org\/almeria\/wp-content\/uploads\/sites\/3\/2018\/04\/20171127-Premio-Regional-2018-Banner-Web2.png\",\"width\":1920,\"height\":1080},{\"@type\":\"BreadcrumbList\",\"@id\":\"https:\/\/ajeandalucia.org\/almeria\/2018\/04\/19\/premios-aje-andalucia-2018-17-de-mayo-en-granada\/#breadcrumb\",\"itemListElement\":[{\"@type\":\"ListItem\",\"position\":1,\"name\":\"Portada\",\"item\":\"https:\/\/ajeandalucia.org\/almeria\/\"},{\"@type\":\"ListItem\",\"position\":2,\"name\":\"Premios AJE Andaluc\u00eda 2018: 17 de mayo en Granada\"}]},{\"@type\":\"WebSite\",\"@id\":\"https:\/\/ajeandalucia.org\/almeria\/#website\",\"url\":\"https:\/\/ajeandalucia.org\/almeria\/\",\"name\":\"AJE Almer\u00eda\",\"description\":\"Otro sitio m\u00e1s de AJE Andaluc\u00eda\",\"publisher\":{\"@id\":\"https:\/\/ajeandalucia.org\/almeria\/#organization\"},\"potentialAction\":[{\"@type\":\"SearchAction\",\"target\":{\"@type\":\"EntryPoint\",\"urlTemplate\":\"https:\/\/ajeandalucia.org\/almeria\/?s={search_term_string}\"},\"query-input\":{\"@type\":\"PropertyValueSpecification\",\"valueRequired\":true,\"valueName\":\"search_term_string\"}}],\"inLanguage\":\"es\"},{\"@type\":\"Organization\",\"@id\":\"https:\/\/ajeandalucia.org\/almeria\/#organization\",\"name\":\"AJE Almer\u00eda\",\"url\":\"https:\/\/ajeandalucia.org\/almeria\/\",\"logo\":{\"@type\":\"ImageObject\",\"inLanguage\":\"es\",\"@id\":\"https:\/\/ajeandalucia.org\/almeria\/#\/schema\/logo\/image\/\",\"url\":\"https:\/\/ajeandalucia.org\/almeria\/wp-content\/uploads\/sites\/3\/2025\/01\/AJE-ALMERIA-horizontal.png\",\"contentUrl\":\"https:\/\/ajeandalucia.org\/almeria\/wp-content\/uploads\/sites\/3\/2025\/01\/AJE-ALMERIA-horizontal.png\",\"width\":605,\"height\":200,\"caption\":\"AJE Almer\u00eda\"},\"image\":{\"@id\":\"https:\/\/ajeandalucia.org\/almeria\/#\/schema\/logo\/image\/\"}},{\"@type\":\"Person\",\"@id\":\"https:\/\/ajeandalucia.org\/almeria\/#\/schema\/person\/9336ac50bc8c90053f6bf3b99e5c7d7b\",\"name\":\"almeria\",\"image\":{\"@type\":\"ImageObject\",\"inLanguage\":\"es\",\"@id\":\"https:\/\/ajeandalucia.org\/almeria\/#\/schema\/person\/image\/\",\"url\":\"https:\/\/secure.gravatar.com\/avatar\/f5b6b7d37a8f964bd96d1a7752fc3160bb98a16a08fda2bb6fb3a80845dae5d6?s=96&d=mm&r=g\",\"contentUrl\":\"https:\/\/secure.gravatar.com\/avatar\/f5b6b7d37a8f964bd96d1a7752fc3160bb98a16a08fda2bb6fb3a80845dae5d6?s=96&d=mm&r=g\",\"caption\":\"almeria\"},\"sameAs\":[\"http:\/\/www.ajealmeria.org\/\"],\"url\":\"https:\/\/ajeandalucia.org\/almeria\/author\/almeria\/\"}]}<\/script>\n<!-- \/ Yoast SEO plugin. -->","yoast_head_json":{"title":"Premios AJE Andaluc\u00eda 2018: 17 de mayo en Granada - AJE Almer\u00eda","robots":{"index":"index","follow":"follow","max-snippet":"max-snippet:-1","max-image-preview":"max-image-preview:large","max-video-preview":"max-video-preview:-1"},"canonical":"https:\/\/ajeandalucia.org\/almeria\/2018\/04\/19\/premios-aje-andalucia-2018-17-de-mayo-en-granada\/","og_locale":"es_ES","og_type":"article","og_title":"Premios AJE Andaluc\u00eda 2018: 17 de mayo en Granada - AJE Almer\u00eda","og_description":"Los esperados premios AJE a nivel regional ya tienen fecha de celebraci\u00f3n: tendr\u00e1n lugar el pr\u00f3ximo 17 de mayo en [&hellip;]","og_url":"https:\/\/ajeandalucia.org\/almeria\/2018\/04\/19\/premios-aje-andalucia-2018-17-de-mayo-en-granada\/","og_site_name":"AJE Almer\u00eda","article_published_time":"2018-04-19T13:16:07+00:00","article_modified_time":"2018-04-19T13:26:50+00:00","og_image":[{"width":1920,"height":1080,"url":"https:\/\/ajeandalucia.org\/almeria\/wp-content\/uploads\/sites\/3\/2018\/04\/20171127-Premio-Regional-2018-Banner-Web2.png","type":"image\/png"}],"author":"almeria","twitter_card":"summary_large_image","twitter_misc":{"Escrito por":"almeria","Tiempo de lectura":"1 minuto"},"schema":{"@context":"https:\/\/schema.org","@graph":[{"@type":"Article","@id":"https:\/\/ajeandalucia.org\/almeria\/2018\/04\/19\/premios-aje-andalucia-2018-17-de-mayo-en-granada\/#article","isPartOf":{"@id":"https:\/\/ajeandalucia.org\/almeria\/2018\/04\/19\/premios-aje-andalucia-2018-17-de-mayo-en-granada\/"},"author":{"name":"almeria","@id":"https:\/\/ajeandalucia.org\/almeria\/#\/schema\/person\/9336ac50bc8c90053f6bf3b99e5c7d7b"},"headline":"Premios AJE Andaluc\u00eda 2018: 17 de mayo en Granada","datePublished":"2018-04-19T13:16:07+00:00","dateModified":"2018-04-19T13:26:50+00:00","mainEntityOfPage":{"@id":"https:\/\/ajeandalucia.org\/almeria\/2018\/04\/19\/premios-aje-andalucia-2018-17-de-mayo-en-granada\/"},"wordCount":273,"commentCount":0,"publisher":{"@id":"https:\/\/ajeandalucia.org\/almeria\/#organization"},"image":{"@id":"https:\/\/ajeandalucia.org\/almeria\/2018\/04\/19\/premios-aje-andalucia-2018-17-de-mayo-en-granada\/#primaryimage"},"thumbnailUrl":"https:\/\/ajeandalucia.org\/almeria\/wp-content\/uploads\/sites\/3\/2018\/04\/20171127-Premio-Regional-2018-Banner-Web2.png","keywords":["aje almeria","emprendimiento","premios aje","premios aje andalucia"],"articleSection":["Noticias"],"inLanguage":"es","potentialAction":[{"@type":"CommentAction","name":"Comment","target":["https:\/\/ajeandalucia.org\/almeria\/2018\/04\/19\/premios-aje-andalucia-2018-17-de-mayo-en-granada\/#respond"]}]},{"@type":"WebPage","@id":"https:\/\/ajeandalucia.org\/almeria\/2018\/04\/19\/premios-aje-andalucia-2018-17-de-mayo-en-granada\/","url":"https:\/\/ajeandalucia.org\/almeria\/2018\/04\/19\/premios-aje-andalucia-2018-17-de-mayo-en-granada\/","name":"Premios AJE Andaluc\u00eda 2018: 17 de mayo en Granada - AJE Almer\u00eda","isPartOf":{"@id":"https:\/\/ajeandalucia.org\/almeria\/#website"},"primaryImageOfPage":{"@id":"https:\/\/ajeandalucia.org\/almeria\/2018\/04\/19\/premios-aje-andalucia-2018-17-de-mayo-en-granada\/#primaryimage"},"image":{"@id":"https:\/\/ajeandalucia.org\/almeria\/2018\/04\/19\/premios-aje-andalucia-2018-17-de-mayo-en-granada\/#primaryimage"},"thumbnailUrl":"https:\/\/ajeandalucia.org\/almeria\/wp-content\/uploads\/sites\/3\/2018\/04\/20171127-Premio-Regional-2018-Banner-Web2.png","datePublished":"2018-04-19T13:16:07+00:00","dateModified":"2018-04-19T13:26:50+00:00","breadcrumb":{"@id":"https:\/\/ajeandalucia.org\/almeria\/2018\/04\/19\/premios-aje-andalucia-2018-17-de-mayo-en-granada\/#breadcrumb"},"inLanguage":"es","potentialAction":[{"@type":"ReadAction","target":["https:\/\/ajeandalucia.org\/almeria\/2018\/04\/19\/premios-aje-andalucia-2018-17-de-mayo-en-granada\/"]}]},{"@type":"ImageObject","inLanguage":"es","@id":"https:\/\/ajeandalucia.org\/almeria\/2018\/04\/19\/premios-aje-andalucia-2018-17-de-mayo-en-granada\/#primaryimage","url":"https:\/\/ajeandalucia.org\/almeria\/wp-content\/uploads\/sites\/3\/2018\/04\/20171127-Premio-Regional-2018-Banner-Web2.png","contentUrl":"https:\/\/ajeandalucia.org\/almeria\/wp-content\/uploads\/sites\/3\/2018\/04\/20171127-Premio-Regional-2018-Banner-Web2.png","width":1920,"height":1080},{"@type":"BreadcrumbList","@id":"https:\/\/ajeandalucia.org\/almeria\/2018\/04\/19\/premios-aje-andalucia-2018-17-de-mayo-en-granada\/#breadcrumb","itemListElement":[{"@type":"ListItem","position":1,"name":"Portada","item":"https:\/\/ajeandalucia.org\/almeria\/"},{"@type":"ListItem","position":2,"name":"Premios AJE Andaluc\u00eda 2018: 17 de mayo en Granada"}]},{"@type":"WebSite","@id":"https:\/\/ajeandalucia.org\/almeria\/#website","url":"https:\/\/ajeandalucia.org\/almeria\/","name":"AJE Almer\u00eda","description":"Otro sitio m\u00e1s de AJE Andaluc\u00eda","publisher":{"@id":"https:\/\/ajeandalucia.org\/almeria\/#organization"},"potentialAction":[{"@type":"SearchAction","target":{"@type":"EntryPoint","urlTemplate":"https:\/\/ajeandalucia.org\/almeria\/?s={search_term_string}"},"query-input":{"@type":"PropertyValueSpecification","valueRequired":true,"valueName":"search_term_string"}}],"inLanguage":"es"},{"@type":"Organization","@id":"https:\/\/ajeandalucia.org\/almeria\/#organization","name":"AJE Almer\u00eda","url":"https:\/\/ajeandalucia.org\/almeria\/","logo":{"@type":"ImageObject","inLanguage":"es","@id":"https:\/\/ajeandalucia.org\/almeria\/#\/schema\/logo\/image\/","url":"https:\/\/ajeandalucia.org\/almeria\/wp-content\/uploads\/sites\/3\/2025\/01\/AJE-ALMERIA-horizontal.png","contentUrl":"https:\/\/ajeandalucia.org\/almeria\/wp-content\/uploads\/sites\/3\/2025\/01\/AJE-ALMERIA-horizontal.png","width":605,"height":200,"caption":"AJE Almer\u00eda"},"image":{"@id":"https:\/\/ajeandalucia.org\/almeria\/#\/schema\/logo\/image\/"}},{"@type":"Person","@id":"https:\/\/ajeandalucia.org\/almeria\/#\/schema\/person\/9336ac50bc8c90053f6bf3b99e5c7d7b","name":"almeria","image":{"@type":"ImageObject","inLanguage":"es","@id":"https:\/\/ajeandalucia.org\/almeria\/#\/schema\/person\/image\/","url":"https:\/\/secure.gravatar.com\/avatar\/f5b6b7d37a8f964bd96d1a7752fc3160bb98a16a08fda2bb6fb3a80845dae5d6?s=96&d=mm&r=g","contentUrl":"https:\/\/secure.gravatar.com\/avatar\/f5b6b7d37a8f964bd96d1a7752fc3160bb98a16a08fda2bb6fb3a80845dae5d6?s=96&d=mm&r=g","caption":"almeria"},"sameAs":["http:\/\/www.ajealmeria.org\/"],"url":"https:\/\/ajeandalucia.org\/almeria\/author\/almeria\/"}]}},"_links":{"self":[{"href":"https:\/\/ajeandalucia.org\/almeria\/wp-json\/wp\/v2\/posts\/1028","targetHints":{"allow":["GET"]}}],"collection":[{"href":"https:\/\/ajeandalucia.org\/almeria\/wp-json\/wp\/v2\/posts"}],"about":[{"href":"https:\/\/ajeandalucia.org\/almeria\/wp-json\/wp\/v2\/types\/post"}],"author":[{"embeddable":true,"href":"https:\/\/ajeandalucia.org\/almeria\/wp-json\/wp\/v2\/users\/3"}],"replies":[{"embeddable":true,"href":"https:\/\/ajeandalucia.org\/almeria\/wp-json\/wp\/v2\/comments?post=1028"}],"version-history":[{"count":3,"href":"https:\/\/ajeandalucia.org\/almeria\/wp-json\/wp\/v2\/posts\/1028\/revisions"}],"predecessor-version":[{"id":1035,"href":"https:\/\/ajeandalucia.org\/almeria\/wp-json\/wp\/v2\/posts\/1028\/revisions\/1035"}],"wp:featuredmedia":[{"embeddable":true,"href":"https:\/\/ajeandalucia.org\/almeria\/wp-json\/wp\/v2\/media\/1033"}],"wp:attachment":[{"href":"https:\/\/ajeandalucia.org\/almeria\/wp-json\/wp\/v2\/media?parent=1028"}],"wp:term":[{"taxonomy":"category","embeddable":true,"href":"https:\/\/ajeandalucia.org\/almeria\/wp-json\/wp\/v2\/categories?post=1028"},{"taxonomy":"post_tag","embeddable":true,"href":"https:\/\/ajeandalucia.org\/almeria\/wp-json\/wp\/v2\/tags?post=1028"}],"curies":[{"name":"wp","href":"https:\/\/api.w.org\/{rel}","templated":true}]}}