{"id":1038,"date":"2018-04-27T12:27:30","date_gmt":"2018-04-27T12:27:30","guid":{"rendered":"http:\/\/www.ajeandalucia.org\/almeria\/?p=1038"},"modified":"2018-04-27T12:33:23","modified_gmt":"2018-04-27T12:33:23","slug":"aje-almeria-en-el-speed-networking-en-la-feria-de-las-ideas","status":"publish","type":"post","link":"https:\/\/ajeandalucia.org\/almeria\/2018\/04\/27\/aje-almeria-en-el-speed-networking-en-la-feria-de-las-ideas\/","title":{"rendered":"AJE Almer\u00eda, colaborador en el Speed Networking en la Feria de las Ideas"},"content":{"rendered":"<p><strong>AJE Almer\u00eda<\/strong> fue una de las entidades colaboradoras en la Feria de las Ideas, evento que se celebr\u00f3 el pasado mi\u00e9rcoles 25 en la Universidad de Almer\u00eda. Un gran n\u00famero de personas se congregaron en el aulario IV del campus universitario en un cita anual que da visibilidad a originales proyectos e ideas innovadoras.<\/p>\n<p><img loading=\"lazy\" decoding=\"async\" class=\"aligncenter wp-image-1039\" src=\"http:\/\/www.ajeandalucia.org\/almeria\/wp-content\/uploads\/sites\/3\/2018\/04\/aula-magna-ideas-ual-300x169.jpg\" alt=\"\" width=\"600\" height=\"337\" srcset=\"https:\/\/ajeandalucia.org\/almeria\/wp-content\/uploads\/sites\/3\/2018\/04\/aula-magna-ideas-ual-300x169.jpg 300w, https:\/\/ajeandalucia.org\/almeria\/wp-content\/uploads\/sites\/3\/2018\/04\/aula-magna-ideas-ual-768x432.jpg 768w, https:\/\/ajeandalucia.org\/almeria\/wp-content\/uploads\/sites\/3\/2018\/04\/aula-magna-ideas-ual.jpg 808w\" sizes=\"auto, (max-width: 600px) 100vw, 600px\" \/><\/p>\n<h5 style=\"text-align: center\">Foto: Aulamagna.com<\/h5>\n<p>Entre las actividades preparadas en esta jornada, se celebr\u00f3 un Speed Networking a primera hora de la ma\u00f1ana, en el que varios empresarios pudieron conocer los proyectos de emprendedores de diferentes sectores llegados de distintos puntos de la provincia. En cinco minutos, el emprendedor ten\u00eda que explicar su idea, a la vez que obten\u00eda el feedback de los profesionales que se encontraban reunidos con ellos en ese momento.<\/p>\n<p><img loading=\"lazy\" decoding=\"async\" class=\"aligncenter wp-image-1044\" src=\"http:\/\/www.ajeandalucia.org\/almeria\/wp-content\/uploads\/sites\/3\/2018\/04\/DSC5710-300x199.jpg\" alt=\"\" width=\"600\" height=\"399\" srcset=\"https:\/\/ajeandalucia.org\/almeria\/wp-content\/uploads\/sites\/3\/2018\/04\/DSC5710-300x199.jpg 300w, https:\/\/ajeandalucia.org\/almeria\/wp-content\/uploads\/sites\/3\/2018\/04\/DSC5710-768x510.jpg 768w, https:\/\/ajeandalucia.org\/almeria\/wp-content\/uploads\/sites\/3\/2018\/04\/DSC5710-1024x680.jpg 1024w\" sizes=\"auto, (max-width: 600px) 100vw, 600px\" \/><\/p>\n<p><img loading=\"lazy\" decoding=\"async\" class=\"aligncenter wp-image-1043\" src=\"http:\/\/www.ajeandalucia.org\/almeria\/wp-content\/uploads\/sites\/3\/2018\/04\/DSC5693-300x199.jpg\" alt=\"\" width=\"600\" height=\"399\" srcset=\"https:\/\/ajeandalucia.org\/almeria\/wp-content\/uploads\/sites\/3\/2018\/04\/DSC5693-300x199.jpg 300w, https:\/\/ajeandalucia.org\/almeria\/wp-content\/uploads\/sites\/3\/2018\/04\/DSC5693-768x510.jpg 768w, https:\/\/ajeandalucia.org\/almeria\/wp-content\/uploads\/sites\/3\/2018\/04\/DSC5693-1024x680.jpg 1024w\" sizes=\"auto, (max-width: 600px) 100vw, 600px\" \/><\/p>\n<p><img loading=\"lazy\" decoding=\"async\" class=\"aligncenter wp-image-1042\" src=\"http:\/\/www.ajeandalucia.org\/almeria\/wp-content\/uploads\/sites\/3\/2018\/04\/DSC5678-300x199.jpg\" alt=\"\" width=\"600\" height=\"399\" srcset=\"https:\/\/ajeandalucia.org\/almeria\/wp-content\/uploads\/sites\/3\/2018\/04\/DSC5678-300x199.jpg 300w, https:\/\/ajeandalucia.org\/almeria\/wp-content\/uploads\/sites\/3\/2018\/04\/DSC5678-768x510.jpg 768w, https:\/\/ajeandalucia.org\/almeria\/wp-content\/uploads\/sites\/3\/2018\/04\/DSC5678-1024x680.jpg 1024w\" sizes=\"auto, (max-width: 600px) 100vw, 600px\" \/><\/p>\n<p><img loading=\"lazy\" decoding=\"async\" class=\"aligncenter wp-image-1041\" src=\"http:\/\/www.ajeandalucia.org\/almeria\/wp-content\/uploads\/sites\/3\/2018\/04\/DSC5669-300x199.jpg\" alt=\"\" width=\"600\" height=\"399\" srcset=\"https:\/\/ajeandalucia.org\/almeria\/wp-content\/uploads\/sites\/3\/2018\/04\/DSC5669-300x199.jpg 300w, https:\/\/ajeandalucia.org\/almeria\/wp-content\/uploads\/sites\/3\/2018\/04\/DSC5669-768x510.jpg 768w, https:\/\/ajeandalucia.org\/almeria\/wp-content\/uploads\/sites\/3\/2018\/04\/DSC5669-1024x680.jpg 1024w\" sizes=\"auto, (max-width: 600px) 100vw, 600px\" \/><\/p>\n<p><img loading=\"lazy\" decoding=\"async\" class=\"aligncenter wp-image-1050\" src=\"http:\/\/www.ajeandalucia.org\/almeria\/wp-content\/uploads\/sites\/3\/2018\/04\/DSC5647-300x199.jpg\" alt=\"\" width=\"600\" height=\"399\" srcset=\"https:\/\/ajeandalucia.org\/almeria\/wp-content\/uploads\/sites\/3\/2018\/04\/DSC5647-300x199.jpg 300w, https:\/\/ajeandalucia.org\/almeria\/wp-content\/uploads\/sites\/3\/2018\/04\/DSC5647-768x510.jpg 768w, https:\/\/ajeandalucia.org\/almeria\/wp-content\/uploads\/sites\/3\/2018\/04\/DSC5647-1024x680.jpg 1024w\" sizes=\"auto, (max-width: 600px) 100vw, 600px\" \/><\/p>\n<p>Durante esos minutos, se intercambiaron tarjetas, informaci\u00f3n, propuestas y se consiguieron alianzas entre los asistentes, entre los que se encontraban varios asociados de AJE Almer\u00eda.<\/p>\n<p>Los proyectos presentados, todos innovadores, fueron presentados por las siguientes marcas:<\/p>\n<ul>\n<li>Victoria Decora: Interiorismo, Escaparat\u00edsmo y Dise\u00f1o<\/li>\n<li>Centro de estudios tur\u00edsticos Ciudad de Almer\u00eda<\/li>\n<li>Wifi Fest<\/li>\n<li>Manos de Luz<\/li>\n<li>EKObin by MisterEKO<\/li>\n<li>Escapadas Literarias<\/li>\n<li>Zeus Faber against IUU<\/li>\n<li>Virtual Dor<\/li>\n<li>Fastconex<\/li>\n<li>Vitaesoft<\/li>\n<li>Guitarras Salinas<\/li>\n<li>Frikigamers<\/li>\n<li>A Toda Vela con el servicio de mensajer\u00eda Koki- A Toda Vela.<\/li>\n<li>YourPro<\/li>\n<li>Change All Coin<\/li>\n<\/ul>\n<p><strong>Beneficios de un encuentro de negocios<\/strong><\/p>\n<p>Las ventajas de un Speed Networking son m\u00faltiples; entre ellas, ampliar contactos y conocimiento, contactar con empresas del mismo o diferente sector con el fin de conseguir no solo clientes, sino posibles proveedores y generar nuevas oportunidades a trav\u00e9s de la cooperaci\u00f3n, entre otros.<\/p>\n","protected":false},"excerpt":{"rendered":"<p>AJE Almer\u00eda fue una de las entidades colaboradoras en la Feria de las Ideas, evento que se celebr\u00f3 el pasado [&hellip;]<\/p>\n","protected":false},"author":3,"featured_media":1047,"comment_status":"open","ping_status":"open","sticky":false,"template":"","format":"standard","meta":{"_acf_changed":false,"site-sidebar-layout":"default","site-content-layout":"","ast-site-content-layout":"default","site-content-style":"default","site-sidebar-style":"default","ast-global-header-display":"","ast-banner-title-visibility":"","ast-main-header-display":"","ast-hfb-above-header-display":"","ast-hfb-below-header-display":"","ast-hfb-mobile-header-display":"","site-post-title":"","ast-breadcrumbs-content":"","ast-featured-img":"","footer-sml-layout":"","ast-disable-related-posts":"","theme-transparent-header-meta":"","adv-header-id-meta":"","stick-header-meta":"","header-above-stick-meta":"","header-main-stick-meta":"","header-below-stick-meta":"","astra-migrate-meta-layouts":"default","ast-page-background-enabled":"default","ast-page-background-meta":{"desktop":{"background-color":"var(--ast-global-color-5)","background-image":"","background-repeat":"repeat","background-position":"center center","background-size":"auto","background-attachment":"scroll","background-type":"","background-media":"","overlay-type":"","overlay-color":"","overlay-opacity":"","overlay-gradient":""},"tablet":{"background-color":"","background-image":"","background-repeat":"repeat","background-position":"center center","background-size":"auto","background-attachment":"scroll","background-type":"","background-media":"","overlay-type":"","overlay-color":"","overlay-opacity":"","overlay-gradient":""},"mobile":{"background-color":"","background-image":"","background-repeat":"repeat","background-position":"center center","background-size":"auto","background-attachment":"scroll","background-type":"","background-media":"","overlay-type":"","overlay-color":"","overlay-opacity":"","overlay-gradient":""}},"ast-content-background-meta":{"desktop":{"background-color":"var(--ast-global-color-4)","background-image":"","background-repeat":"repeat","background-position":"center center","background-size":"auto","background-attachment":"scroll","background-type":"","background-media":"","overlay-type":"","overlay-color":"","overlay-opacity":"","overlay-gradient":""},"tablet":{"background-color":"var(--ast-global-color-4)","background-image":"","background-repeat":"repeat","background-position":"center center","background-size":"auto","background-attachment":"scroll","background-type":"","background-media":"","overlay-type":"","overlay-color":"","overlay-opacity":"","overlay-gradient":""},"mobile":{"background-color":"var(--ast-global-color-4)","background-image":"","background-repeat":"repeat","background-position":"center center","background-size":"auto","background-attachment":"scroll","background-type":"","background-media":"","overlay-type":"","overlay-color":"","overlay-opacity":"","overlay-gradient":""}},"footnotes":""},"categories":[8],"tags":[27,132,131,102],"class_list":["post-1038","post","type-post","status-publish","format-standard","has-post-thumbnail","hentry","category-noticias","tag-aje-almeria","tag-encuentro-de-negocios","tag-feria-de-las-ideas","tag-networking"],"acf":[],"yoast_head":"<!-- This site is optimized with the Yoast SEO plugin v26.9 - https:\/\/yoast.com\/product\/yoast-seo-wordpress\/ -->\n<title>AJE Almer\u00eda, colaborador en el Speed Networking en la Feria de las Ideas - AJE Almer\u00eda<\/title>\n<meta name=\"robots\" content=\"index, follow, max-snippet:-1, max-image-preview:large, max-video-preview:-1\" \/>\n<link rel=\"canonical\" href=\"https:\/\/ajeandalucia.org\/almeria\/2018\/04\/27\/aje-almeria-en-el-speed-networking-en-la-feria-de-las-ideas\/\" \/>\n<meta property=\"og:locale\" content=\"es_ES\" \/>\n<meta property=\"og:type\" content=\"article\" \/>\n<meta property=\"og:title\" content=\"AJE Almer\u00eda, colaborador en el Speed Networking en la Feria de las Ideas - AJE Almer\u00eda\" \/>\n<meta property=\"og:description\" content=\"AJE Almer\u00eda fue una de las entidades colaboradoras en la Feria de las Ideas, evento que se celebr\u00f3 el pasado [&hellip;]\" \/>\n<meta property=\"og:url\" content=\"https:\/\/ajeandalucia.org\/almeria\/2018\/04\/27\/aje-almeria-en-el-speed-networking-en-la-feria-de-las-ideas\/\" \/>\n<meta property=\"og:site_name\" content=\"AJE Almer\u00eda\" \/>\n<meta property=\"article:published_time\" content=\"2018-04-27T12:27:30+00:00\" \/>\n<meta property=\"article:modified_time\" content=\"2018-04-27T12:33:23+00:00\" \/>\n<meta property=\"og:image\" content=\"https:\/\/ajeandalucia.org\/almeria\/wp-content\/uploads\/sites\/3\/2018\/04\/DSC5696-1024x680.jpg\" \/>\n\t<meta property=\"og:image:width\" content=\"1024\" \/>\n\t<meta property=\"og:image:height\" content=\"680\" \/>\n\t<meta property=\"og:image:type\" content=\"image\/jpeg\" \/>\n<meta name=\"author\" content=\"almeria\" \/>\n<meta name=\"twitter:card\" content=\"summary_large_image\" \/>\n<meta name=\"twitter:label1\" content=\"Escrito por\" \/>\n\t<meta name=\"twitter:data1\" content=\"almeria\" \/>\n\t<meta name=\"twitter:label2\" content=\"Tiempo de lectura\" \/>\n\t<meta name=\"twitter:data2\" content=\"1 minuto\" \/>\n<script type=\"application\/ld+json\" class=\"yoast-schema-graph\">{\"@context\":\"https:\/\/schema.org\",\"@graph\":[{\"@type\":\"Article\",\"@id\":\"https:\/\/ajeandalucia.org\/almeria\/2018\/04\/27\/aje-almeria-en-el-speed-networking-en-la-feria-de-las-ideas\/#article\",\"isPartOf\":{\"@id\":\"https:\/\/ajeandalucia.org\/almeria\/2018\/04\/27\/aje-almeria-en-el-speed-networking-en-la-feria-de-las-ideas\/\"},\"author\":{\"name\":\"almeria\",\"@id\":\"https:\/\/ajeandalucia.org\/almeria\/#\/schema\/person\/9336ac50bc8c90053f6bf3b99e5c7d7b\"},\"headline\":\"AJE Almer\u00eda, colaborador en el Speed Networking en la Feria de las Ideas\",\"datePublished\":\"2018-04-27T12:27:30+00:00\",\"dateModified\":\"2018-04-27T12:33:23+00:00\",\"mainEntityOfPage\":{\"@id\":\"https:\/\/ajeandalucia.org\/almeria\/2018\/04\/27\/aje-almeria-en-el-speed-networking-en-la-feria-de-las-ideas\/\"},\"wordCount\":291,\"commentCount\":0,\"publisher\":{\"@id\":\"https:\/\/ajeandalucia.org\/almeria\/#organization\"},\"image\":{\"@id\":\"https:\/\/ajeandalucia.org\/almeria\/2018\/04\/27\/aje-almeria-en-el-speed-networking-en-la-feria-de-las-ideas\/#primaryimage\"},\"thumbnailUrl\":\"https:\/\/ajeandalucia.org\/almeria\/wp-content\/uploads\/sites\/3\/2018\/04\/DSC5696.jpg\",\"keywords\":[\"aje almeria\",\"encuentro de negocios\",\"feria de las ideas\",\"networking\"],\"articleSection\":[\"Noticias\"],\"inLanguage\":\"es\",\"potentialAction\":[{\"@type\":\"CommentAction\",\"name\":\"Comment\",\"target\":[\"https:\/\/ajeandalucia.org\/almeria\/2018\/04\/27\/aje-almeria-en-el-speed-networking-en-la-feria-de-las-ideas\/#respond\"]}]},{\"@type\":\"WebPage\",\"@id\":\"https:\/\/ajeandalucia.org\/almeria\/2018\/04\/27\/aje-almeria-en-el-speed-networking-en-la-feria-de-las-ideas\/\",\"url\":\"https:\/\/ajeandalucia.org\/almeria\/2018\/04\/27\/aje-almeria-en-el-speed-networking-en-la-feria-de-las-ideas\/\",\"name\":\"AJE Almer\u00eda, colaborador en el Speed Networking en la Feria de las Ideas - AJE Almer\u00eda\",\"isPartOf\":{\"@id\":\"https:\/\/ajeandalucia.org\/almeria\/#website\"},\"primaryImageOfPage\":{\"@id\":\"https:\/\/ajeandalucia.org\/almeria\/2018\/04\/27\/aje-almeria-en-el-speed-networking-en-la-feria-de-las-ideas\/#primaryimage\"},\"image\":{\"@id\":\"https:\/\/ajeandalucia.org\/almeria\/2018\/04\/27\/aje-almeria-en-el-speed-networking-en-la-feria-de-las-ideas\/#primaryimage\"},\"thumbnailUrl\":\"https:\/\/ajeandalucia.org\/almeria\/wp-content\/uploads\/sites\/3\/2018\/04\/DSC5696.jpg\",\"datePublished\":\"2018-04-27T12:27:30+00:00\",\"dateModified\":\"2018-04-27T12:33:23+00:00\",\"breadcrumb\":{\"@id\":\"https:\/\/ajeandalucia.org\/almeria\/2018\/04\/27\/aje-almeria-en-el-speed-networking-en-la-feria-de-las-ideas\/#breadcrumb\"},\"inLanguage\":\"es\",\"potentialAction\":[{\"@type\":\"ReadAction\",\"target\":[\"https:\/\/ajeandalucia.org\/almeria\/2018\/04\/27\/aje-almeria-en-el-speed-networking-en-la-feria-de-las-ideas\/\"]}]},{\"@type\":\"ImageObject\",\"inLanguage\":\"es\",\"@id\":\"https:\/\/ajeandalucia.org\/almeria\/2018\/04\/27\/aje-almeria-en-el-speed-networking-en-la-feria-de-las-ideas\/#primaryimage\",\"url\":\"https:\/\/ajeandalucia.org\/almeria\/wp-content\/uploads\/sites\/3\/2018\/04\/DSC5696.jpg\",\"contentUrl\":\"https:\/\/ajeandalucia.org\/almeria\/wp-content\/uploads\/sites\/3\/2018\/04\/DSC5696.jpg\",\"width\":3216,\"height\":2136},{\"@type\":\"BreadcrumbList\",\"@id\":\"https:\/\/ajeandalucia.org\/almeria\/2018\/04\/27\/aje-almeria-en-el-speed-networking-en-la-feria-de-las-ideas\/#breadcrumb\",\"itemListElement\":[{\"@type\":\"ListItem\",\"position\":1,\"name\":\"Portada\",\"item\":\"https:\/\/ajeandalucia.org\/almeria\/\"},{\"@type\":\"ListItem\",\"position\":2,\"name\":\"AJE Almer\u00eda, colaborador en el Speed Networking en la Feria de las Ideas\"}]},{\"@type\":\"WebSite\",\"@id\":\"https:\/\/ajeandalucia.org\/almeria\/#website\",\"url\":\"https:\/\/ajeandalucia.org\/almeria\/\",\"name\":\"AJE Almer\u00eda\",\"description\":\"Otro sitio m\u00e1s de AJE Andaluc\u00eda\",\"publisher\":{\"@id\":\"https:\/\/ajeandalucia.org\/almeria\/#organization\"},\"potentialAction\":[{\"@type\":\"SearchAction\",\"target\":{\"@type\":\"EntryPoint\",\"urlTemplate\":\"https:\/\/ajeandalucia.org\/almeria\/?s={search_term_string}\"},\"query-input\":{\"@type\":\"PropertyValueSpecification\",\"valueRequired\":true,\"valueName\":\"search_term_string\"}}],\"inLanguage\":\"es\"},{\"@type\":\"Organization\",\"@id\":\"https:\/\/ajeandalucia.org\/almeria\/#organization\",\"name\":\"AJE Almer\u00eda\",\"url\":\"https:\/\/ajeandalucia.org\/almeria\/\",\"logo\":{\"@type\":\"ImageObject\",\"inLanguage\":\"es\",\"@id\":\"https:\/\/ajeandalucia.org\/almeria\/#\/schema\/logo\/image\/\",\"url\":\"https:\/\/ajeandalucia.org\/almeria\/wp-content\/uploads\/sites\/3\/2025\/01\/AJE-ALMERIA-horizontal.png\",\"contentUrl\":\"https:\/\/ajeandalucia.org\/almeria\/wp-content\/uploads\/sites\/3\/2025\/01\/AJE-ALMERIA-horizontal.png\",\"width\":605,\"height\":200,\"caption\":\"AJE Almer\u00eda\"},\"image\":{\"@id\":\"https:\/\/ajeandalucia.org\/almeria\/#\/schema\/logo\/image\/\"}},{\"@type\":\"Person\",\"@id\":\"https:\/\/ajeandalucia.org\/almeria\/#\/schema\/person\/9336ac50bc8c90053f6bf3b99e5c7d7b\",\"name\":\"almeria\",\"image\":{\"@type\":\"ImageObject\",\"inLanguage\":\"es\",\"@id\":\"https:\/\/ajeandalucia.org\/almeria\/#\/schema\/person\/image\/\",\"url\":\"https:\/\/secure.gravatar.com\/avatar\/f5b6b7d37a8f964bd96d1a7752fc3160bb98a16a08fda2bb6fb3a80845dae5d6?s=96&d=mm&r=g\",\"contentUrl\":\"https:\/\/secure.gravatar.com\/avatar\/f5b6b7d37a8f964bd96d1a7752fc3160bb98a16a08fda2bb6fb3a80845dae5d6?s=96&d=mm&r=g\",\"caption\":\"almeria\"},\"sameAs\":[\"http:\/\/www.ajealmeria.org\/\"],\"url\":\"https:\/\/ajeandalucia.org\/almeria\/author\/almeria\/\"}]}<\/script>\n<!-- \/ Yoast SEO plugin. -->","yoast_head_json":{"title":"AJE Almer\u00eda, colaborador en el Speed Networking en la Feria de las Ideas - AJE Almer\u00eda","robots":{"index":"index","follow":"follow","max-snippet":"max-snippet:-1","max-image-preview":"max-image-preview:large","max-video-preview":"max-video-preview:-1"},"canonical":"https:\/\/ajeandalucia.org\/almeria\/2018\/04\/27\/aje-almeria-en-el-speed-networking-en-la-feria-de-las-ideas\/","og_locale":"es_ES","og_type":"article","og_title":"AJE Almer\u00eda, colaborador en el Speed Networking en la Feria de las Ideas - AJE Almer\u00eda","og_description":"AJE Almer\u00eda fue una de las entidades colaboradoras en la Feria de las Ideas, evento que se celebr\u00f3 el pasado [&hellip;]","og_url":"https:\/\/ajeandalucia.org\/almeria\/2018\/04\/27\/aje-almeria-en-el-speed-networking-en-la-feria-de-las-ideas\/","og_site_name":"AJE Almer\u00eda","article_published_time":"2018-04-27T12:27:30+00:00","article_modified_time":"2018-04-27T12:33:23+00:00","og_image":[{"width":1024,"height":680,"url":"https:\/\/ajeandalucia.org\/almeria\/wp-content\/uploads\/sites\/3\/2018\/04\/DSC5696-1024x680.jpg","type":"image\/jpeg"}],"author":"almeria","twitter_card":"summary_large_image","twitter_misc":{"Escrito por":"almeria","Tiempo de lectura":"1 minuto"},"schema":{"@context":"https:\/\/schema.org","@graph":[{"@type":"Article","@id":"https:\/\/ajeandalucia.org\/almeria\/2018\/04\/27\/aje-almeria-en-el-speed-networking-en-la-feria-de-las-ideas\/#article","isPartOf":{"@id":"https:\/\/ajeandalucia.org\/almeria\/2018\/04\/27\/aje-almeria-en-el-speed-networking-en-la-feria-de-las-ideas\/"},"author":{"name":"almeria","@id":"https:\/\/ajeandalucia.org\/almeria\/#\/schema\/person\/9336ac50bc8c90053f6bf3b99e5c7d7b"},"headline":"AJE Almer\u00eda, colaborador en el Speed Networking en la Feria de las Ideas","datePublished":"2018-04-27T12:27:30+00:00","dateModified":"2018-04-27T12:33:23+00:00","mainEntityOfPage":{"@id":"https:\/\/ajeandalucia.org\/almeria\/2018\/04\/27\/aje-almeria-en-el-speed-networking-en-la-feria-de-las-ideas\/"},"wordCount":291,"commentCount":0,"publisher":{"@id":"https:\/\/ajeandalucia.org\/almeria\/#organization"},"image":{"@id":"https:\/\/ajeandalucia.org\/almeria\/2018\/04\/27\/aje-almeria-en-el-speed-networking-en-la-feria-de-las-ideas\/#primaryimage"},"thumbnailUrl":"https:\/\/ajeandalucia.org\/almeria\/wp-content\/uploads\/sites\/3\/2018\/04\/DSC5696.jpg","keywords":["aje almeria","encuentro de negocios","feria de las ideas","networking"],"articleSection":["Noticias"],"inLanguage":"es","potentialAction":[{"@type":"CommentAction","name":"Comment","target":["https:\/\/ajeandalucia.org\/almeria\/2018\/04\/27\/aje-almeria-en-el-speed-networking-en-la-feria-de-las-ideas\/#respond"]}]},{"@type":"WebPage","@id":"https:\/\/ajeandalucia.org\/almeria\/2018\/04\/27\/aje-almeria-en-el-speed-networking-en-la-feria-de-las-ideas\/","url":"https:\/\/ajeandalucia.org\/almeria\/2018\/04\/27\/aje-almeria-en-el-speed-networking-en-la-feria-de-las-ideas\/","name":"AJE Almer\u00eda, colaborador en el Speed Networking en la Feria de las Ideas - AJE Almer\u00eda","isPartOf":{"@id":"https:\/\/ajeandalucia.org\/almeria\/#website"},"primaryImageOfPage":{"@id":"https:\/\/ajeandalucia.org\/almeria\/2018\/04\/27\/aje-almeria-en-el-speed-networking-en-la-feria-de-las-ideas\/#primaryimage"},"image":{"@id":"https:\/\/ajeandalucia.org\/almeria\/2018\/04\/27\/aje-almeria-en-el-speed-networking-en-la-feria-de-las-ideas\/#primaryimage"},"thumbnailUrl":"https:\/\/ajeandalucia.org\/almeria\/wp-content\/uploads\/sites\/3\/2018\/04\/DSC5696.jpg","datePublished":"2018-04-27T12:27:30+00:00","dateModified":"2018-04-27T12:33:23+00:00","breadcrumb":{"@id":"https:\/\/ajeandalucia.org\/almeria\/2018\/04\/27\/aje-almeria-en-el-speed-networking-en-la-feria-de-las-ideas\/#breadcrumb"},"inLanguage":"es","potentialAction":[{"@type":"ReadAction","target":["https:\/\/ajeandalucia.org\/almeria\/2018\/04\/27\/aje-almeria-en-el-speed-networking-en-la-feria-de-las-ideas\/"]}]},{"@type":"ImageObject","inLanguage":"es","@id":"https:\/\/ajeandalucia.org\/almeria\/2018\/04\/27\/aje-almeria-en-el-speed-networking-en-la-feria-de-las-ideas\/#primaryimage","url":"https:\/\/ajeandalucia.org\/almeria\/wp-content\/uploads\/sites\/3\/2018\/04\/DSC5696.jpg","contentUrl":"https:\/\/ajeandalucia.org\/almeria\/wp-content\/uploads\/sites\/3\/2018\/04\/DSC5696.jpg","width":3216,"height":2136},{"@type":"BreadcrumbList","@id":"https:\/\/ajeandalucia.org\/almeria\/2018\/04\/27\/aje-almeria-en-el-speed-networking-en-la-feria-de-las-ideas\/#breadcrumb","itemListElement":[{"@type":"ListItem","position":1,"name":"Portada","item":"https:\/\/ajeandalucia.org\/almeria\/"},{"@type":"ListItem","position":2,"name":"AJE Almer\u00eda, colaborador en el Speed Networking en la Feria de las Ideas"}]},{"@type":"WebSite","@id":"https:\/\/ajeandalucia.org\/almeria\/#website","url":"https:\/\/ajeandalucia.org\/almeria\/","name":"AJE Almer\u00eda","description":"Otro sitio m\u00e1s de AJE Andaluc\u00eda","publisher":{"@id":"https:\/\/ajeandalucia.org\/almeria\/#organization"},"potentialAction":[{"@type":"SearchAction","target":{"@type":"EntryPoint","urlTemplate":"https:\/\/ajeandalucia.org\/almeria\/?s={search_term_string}"},"query-input":{"@type":"PropertyValueSpecification","valueRequired":true,"valueName":"search_term_string"}}],"inLanguage":"es"},{"@type":"Organization","@id":"https:\/\/ajeandalucia.org\/almeria\/#organization","name":"AJE Almer\u00eda","url":"https:\/\/ajeandalucia.org\/almeria\/","logo":{"@type":"ImageObject","inLanguage":"es","@id":"https:\/\/ajeandalucia.org\/almeria\/#\/schema\/logo\/image\/","url":"https:\/\/ajeandalucia.org\/almeria\/wp-content\/uploads\/sites\/3\/2025\/01\/AJE-ALMERIA-horizontal.png","contentUrl":"https:\/\/ajeandalucia.org\/almeria\/wp-content\/uploads\/sites\/3\/2025\/01\/AJE-ALMERIA-horizontal.png","width":605,"height":200,"caption":"AJE Almer\u00eda"},"image":{"@id":"https:\/\/ajeandalucia.org\/almeria\/#\/schema\/logo\/image\/"}},{"@type":"Person","@id":"https:\/\/ajeandalucia.org\/almeria\/#\/schema\/person\/9336ac50bc8c90053f6bf3b99e5c7d7b","name":"almeria","image":{"@type":"ImageObject","inLanguage":"es","@id":"https:\/\/ajeandalucia.org\/almeria\/#\/schema\/person\/image\/","url":"https:\/\/secure.gravatar.com\/avatar\/f5b6b7d37a8f964bd96d1a7752fc3160bb98a16a08fda2bb6fb3a80845dae5d6?s=96&d=mm&r=g","contentUrl":"https:\/\/secure.gravatar.com\/avatar\/f5b6b7d37a8f964bd96d1a7752fc3160bb98a16a08fda2bb6fb3a80845dae5d6?s=96&d=mm&r=g","caption":"almeria"},"sameAs":["http:\/\/www.ajealmeria.org\/"],"url":"https:\/\/ajeandalucia.org\/almeria\/author\/almeria\/"}]}},"_links":{"self":[{"href":"https:\/\/ajeandalucia.org\/almeria\/wp-json\/wp\/v2\/posts\/1038","targetHints":{"allow":["GET"]}}],"collection":[{"href":"https:\/\/ajeandalucia.org\/almeria\/wp-json\/wp\/v2\/posts"}],"about":[{"href":"https:\/\/ajeandalucia.org\/almeria\/wp-json\/wp\/v2\/types\/post"}],"author":[{"embeddable":true,"href":"https:\/\/ajeandalucia.org\/almeria\/wp-json\/wp\/v2\/users\/3"}],"replies":[{"embeddable":true,"href":"https:\/\/ajeandalucia.org\/almeria\/wp-json\/wp\/v2\/comments?post=1038"}],"version-history":[{"count":6,"href":"https:\/\/ajeandalucia.org\/almeria\/wp-json\/wp\/v2\/posts\/1038\/revisions"}],"predecessor-version":[{"id":1051,"href":"https:\/\/ajeandalucia.org\/almeria\/wp-json\/wp\/v2\/posts\/1038\/revisions\/1051"}],"wp:featuredmedia":[{"embeddable":true,"href":"https:\/\/ajeandalucia.org\/almeria\/wp-json\/wp\/v2\/media\/1047"}],"wp:attachment":[{"href":"https:\/\/ajeandalucia.org\/almeria\/wp-json\/wp\/v2\/media?parent=1038"}],"wp:term":[{"taxonomy":"category","embeddable":true,"href":"https:\/\/ajeandalucia.org\/almeria\/wp-json\/wp\/v2\/categories?post=1038"},{"taxonomy":"post_tag","embeddable":true,"href":"https:\/\/ajeandalucia.org\/almeria\/wp-json\/wp\/v2\/tags?post=1038"}],"curies":[{"name":"wp","href":"https:\/\/api.w.org\/{rel}","templated":true}]}}