{"id":1071,"date":"2018-07-18T11:31:45","date_gmt":"2018-07-18T11:31:45","guid":{"rendered":"http:\/\/www.ajeandalucia.org\/almeria\/?p=1071"},"modified":"2018-07-18T11:46:53","modified_gmt":"2018-07-18T11:46:53","slug":"foros-de-inversion-para-emprendedores","status":"publish","type":"post","link":"https:\/\/ajeandalucia.org\/almeria\/2018\/07\/18\/foros-de-inversion-para-emprendedores\/","title":{"rendered":"Foros de Inversi\u00f3n para Emprendedores"},"content":{"rendered":"<p>El pasado 19 de junio se celebr\u00f3 un <strong>encuentro entre inversores y j\u00f3venes<\/strong> emprendedores de la provincia en la <a href=\"http:\/\/empresariosalmeria.es\/\">Confederaci\u00f3n Empresarial de la Provincia de Almer\u00eda (ASEMPAL)<\/a> cuya organizaci\u00f3n corri\u00f3 a cargo de la Asociaci\u00f3n de J\u00f3venes Empresarios de Andaluc\u00eda (AJE Andaluc\u00eda). Dicha concentraci\u00f3n se encuadra dentro del marco de los Foros de Inversi\u00f3n para Emprendedores que han superado gratamente las expectativas con m\u00e1s de una centena de<br \/>\nproyectos y m\u00e1s de 240 participantes que con ilusi\u00f3n han presentado su propuesta tratando de despertar las inquietudes del inversor para conseguir el apoyo econ\u00f3mico, institucional y moral que requer\u00edan para afrontarlo.<\/p>\n<p><img loading=\"lazy\" decoding=\"async\" class=\"wp-image-1075 aligncenter\" src=\"http:\/\/www.ajeandalucia.org\/almeria\/wp-content\/uploads\/sites\/3\/2018\/07\/IMG_1930-1024x768.jpg\" alt=\"\" width=\"500\" height=\"375\" srcset=\"https:\/\/ajeandalucia.org\/almeria\/wp-content\/uploads\/sites\/3\/2018\/07\/IMG_1930-1024x768.jpg 1024w, https:\/\/ajeandalucia.org\/almeria\/wp-content\/uploads\/sites\/3\/2018\/07\/IMG_1930-300x225.jpg 300w, https:\/\/ajeandalucia.org\/almeria\/wp-content\/uploads\/sites\/3\/2018\/07\/IMG_1930-768x576.jpg 768w\" sizes=\"auto, (max-width: 500px) 100vw, 500px\" \/><\/p>\n<p>En el apartado de inversores encontramos entidades reconocidas. Entre ellas, contamos con la asistencia de CSF Consultores, Alliance I Strategic Partners, Lakkun Consultor\u00eda en RRHH, Addin Gesti\u00f3n, Aire Consultores SL, Carrida Grupo Inversor \u00f3 Grupo Alarc\u00f3n &amp; Asociados.<\/p>\n<p><img loading=\"lazy\" decoding=\"async\" class=\"wp-image-1077 aligncenter\" src=\"http:\/\/www.ajeandalucia.org\/almeria\/wp-content\/uploads\/sites\/3\/2018\/07\/IMG_1835.jpg\" alt=\"\" width=\"500\" height=\"375\" srcset=\"https:\/\/ajeandalucia.org\/almeria\/wp-content\/uploads\/sites\/3\/2018\/07\/IMG_1835.jpg 4032w, https:\/\/ajeandalucia.org\/almeria\/wp-content\/uploads\/sites\/3\/2018\/07\/IMG_1835-300x225.jpg 300w, https:\/\/ajeandalucia.org\/almeria\/wp-content\/uploads\/sites\/3\/2018\/07\/IMG_1835-768x576.jpg 768w, https:\/\/ajeandalucia.org\/almeria\/wp-content\/uploads\/sites\/3\/2018\/07\/IMG_1835-1024x768.jpg 1024w\" sizes=\"auto, (max-width: 500px) 100vw, 500px\" \/><\/p>\n<p>Por la parte de los j\u00f3venes emprendedores, se llegaron a todos los \u00e1mbitos culturales y empresariales. Desde presentaciones de motos con condiciones \u00f3ptimas, a la exposici\u00f3n de proyectos innovadores a trav\u00e9s de nuevas apps, productos de explotaci\u00f3n musical a trav\u00e9s de grupos, nuevas t\u00e9cnicas de mejora de la calidad de los productos agroalimentarios, b\u00fasqueda de nuevos inversores para patrocinios de embarcaciones participantes en la Copa del Rey de Espa\u00f1a, entre otros muchos. Sin duda, un <strong>\u00e9xito por la diversidad y la calidad<\/strong> de cada uno de los<br \/>\nproyectos expuestos con la m\u00e1xima ilusi\u00f3n de quienes llevan sus ideas a un plano de ejecuci\u00f3n para culminarlas. \u00a1Hasta la pr\u00f3xima amigos!<\/p>\n","protected":false},"excerpt":{"rendered":"<p>El pasado 19 de junio se celebr\u00f3 un encuentro entre inversores y j\u00f3venes emprendedores de la provincia en la Confederaci\u00f3n [&hellip;]<\/p>\n","protected":false},"author":3,"featured_media":1072,"comment_status":"open","ping_status":"open","sticky":false,"template":"","format":"standard","meta":{"_acf_changed":false,"site-sidebar-layout":"default","site-content-layout":"","ast-site-content-layout":"default","site-content-style":"default","site-sidebar-style":"default","ast-global-header-display":"","ast-banner-title-visibility":"","ast-main-header-display":"","ast-hfb-above-header-display":"","ast-hfb-below-header-display":"","ast-hfb-mobile-header-display":"","site-post-title":"","ast-breadcrumbs-content":"","ast-featured-img":"","footer-sml-layout":"","ast-disable-related-posts":"","theme-transparent-header-meta":"","adv-header-id-meta":"","stick-header-meta":"","header-above-stick-meta":"","header-main-stick-meta":"","header-below-stick-meta":"","astra-migrate-meta-layouts":"default","ast-page-background-enabled":"default","ast-page-background-meta":{"desktop":{"background-color":"var(--ast-global-color-5)","background-image":"","background-repeat":"repeat","background-position":"center center","background-size":"auto","background-attachment":"scroll","background-type":"","background-media":"","overlay-type":"","overlay-color":"","overlay-opacity":"","overlay-gradient":""},"tablet":{"background-color":"","background-image":"","background-repeat":"repeat","background-position":"center center","background-size":"auto","background-attachment":"scroll","background-type":"","background-media":"","overlay-type":"","overlay-color":"","overlay-opacity":"","overlay-gradient":""},"mobile":{"background-color":"","background-image":"","background-repeat":"repeat","background-position":"center center","background-size":"auto","background-attachment":"scroll","background-type":"","background-media":"","overlay-type":"","overlay-color":"","overlay-opacity":"","overlay-gradient":""}},"ast-content-background-meta":{"desktop":{"background-color":"var(--ast-global-color-4)","background-image":"","background-repeat":"repeat","background-position":"center center","background-size":"auto","background-attachment":"scroll","background-type":"","background-media":"","overlay-type":"","overlay-color":"","overlay-opacity":"","overlay-gradient":""},"tablet":{"background-color":"var(--ast-global-color-4)","background-image":"","background-repeat":"repeat","background-position":"center center","background-size":"auto","background-attachment":"scroll","background-type":"","background-media":"","overlay-type":"","overlay-color":"","overlay-opacity":"","overlay-gradient":""},"mobile":{"background-color":"var(--ast-global-color-4)","background-image":"","background-repeat":"repeat","background-position":"center center","background-size":"auto","background-attachment":"scroll","background-type":"","background-media":"","overlay-type":"","overlay-color":"","overlay-opacity":"","overlay-gradient":""}},"footnotes":""},"categories":[8],"tags":[27,42,78,87,88,93,47,30,71,105,65,96,66,112,138,139,33],"class_list":["post-1071","post","type-post","status-publish","format-standard","has-post-thumbnail","hentry","category-noticias","tag-aje-almeria","tag-aje-andalucia","tag-asociacion-de-jovenes-empresarios","tag-asociacion-jovenes-empresarios","tag-asociacion-jovenes-empresarios-almeria","tag-dudas-empresarios","tag-emprendedor","tag-emprendedores","tag-emprendedores-almeria","tag-emprender","tag-emprendimiento","tag-emprendimiento-almeria","tag-empresarios-almeria","tag-empresas-almeria","tag-foros-de-inversion","tag-inversor","tag-jovenes-empresarios"],"acf":[],"yoast_head":"<!-- This site is optimized with the Yoast SEO plugin v26.9 - https:\/\/yoast.com\/product\/yoast-seo-wordpress\/ -->\n<title>Foros de Inversi\u00f3n para Emprendedores - AJE Almer\u00eda<\/title>\n<meta name=\"robots\" content=\"index, follow, max-snippet:-1, max-image-preview:large, max-video-preview:-1\" \/>\n<link rel=\"canonical\" href=\"https:\/\/ajeandalucia.org\/almeria\/2018\/07\/18\/foros-de-inversion-para-emprendedores\/\" \/>\n<meta property=\"og:locale\" content=\"es_ES\" \/>\n<meta property=\"og:type\" content=\"article\" \/>\n<meta property=\"og:title\" content=\"Foros de Inversi\u00f3n para Emprendedores - AJE Almer\u00eda\" \/>\n<meta property=\"og:description\" content=\"El pasado 19 de junio se celebr\u00f3 un encuentro entre inversores y j\u00f3venes emprendedores de la provincia en la Confederaci\u00f3n [&hellip;]\" \/>\n<meta property=\"og:url\" content=\"https:\/\/ajeandalucia.org\/almeria\/2018\/07\/18\/foros-de-inversion-para-emprendedores\/\" \/>\n<meta property=\"og:site_name\" content=\"AJE Almer\u00eda\" \/>\n<meta property=\"article:published_time\" content=\"2018-07-18T11:31:45+00:00\" \/>\n<meta property=\"article:modified_time\" content=\"2018-07-18T11:46:53+00:00\" \/>\n<meta property=\"og:image\" content=\"https:\/\/ajeandalucia.org\/almeria\/wp-content\/uploads\/sites\/3\/2018\/07\/IMG_1876-e1531914456233.jpg\" \/>\n\t<meta property=\"og:image:width\" content=\"2000\" \/>\n\t<meta property=\"og:image:height\" content=\"1500\" \/>\n\t<meta property=\"og:image:type\" content=\"image\/jpeg\" \/>\n<meta name=\"author\" content=\"almeria\" \/>\n<meta name=\"twitter:card\" content=\"summary_large_image\" \/>\n<meta name=\"twitter:label1\" content=\"Escrito por\" \/>\n\t<meta name=\"twitter:data1\" content=\"almeria\" \/>\n\t<meta name=\"twitter:label2\" content=\"Tiempo de lectura\" \/>\n\t<meta name=\"twitter:data2\" content=\"1 minuto\" \/>\n<script type=\"application\/ld+json\" class=\"yoast-schema-graph\">{\"@context\":\"https:\/\/schema.org\",\"@graph\":[{\"@type\":\"Article\",\"@id\":\"https:\/\/ajeandalucia.org\/almeria\/2018\/07\/18\/foros-de-inversion-para-emprendedores\/#article\",\"isPartOf\":{\"@id\":\"https:\/\/ajeandalucia.org\/almeria\/2018\/07\/18\/foros-de-inversion-para-emprendedores\/\"},\"author\":{\"name\":\"almeria\",\"@id\":\"https:\/\/ajeandalucia.org\/almeria\/#\/schema\/person\/9336ac50bc8c90053f6bf3b99e5c7d7b\"},\"headline\":\"Foros de Inversi\u00f3n para Emprendedores\",\"datePublished\":\"2018-07-18T11:31:45+00:00\",\"dateModified\":\"2018-07-18T11:46:53+00:00\",\"mainEntityOfPage\":{\"@id\":\"https:\/\/ajeandalucia.org\/almeria\/2018\/07\/18\/foros-de-inversion-para-emprendedores\/\"},\"wordCount\":280,\"commentCount\":0,\"publisher\":{\"@id\":\"https:\/\/ajeandalucia.org\/almeria\/#organization\"},\"image\":{\"@id\":\"https:\/\/ajeandalucia.org\/almeria\/2018\/07\/18\/foros-de-inversion-para-emprendedores\/#primaryimage\"},\"thumbnailUrl\":\"https:\/\/ajeandalucia.org\/almeria\/wp-content\/uploads\/sites\/3\/2018\/07\/IMG_1876-e1531914456233.jpg\",\"keywords\":[\"aje almeria\",\"aje andalucia\",\"asociacion de j\u00f3venes empresarios\",\"asociacion jovenes empresarios\",\"asociacion jovenes empresarios almeria\",\"dudas empresarios\",\"emprendedor\",\"emprendedores\",\"emprendedores almeria\",\"emprender\",\"emprendimiento\",\"emprendimiento almeria\",\"empresarios almer\u00eda\",\"empresas almer\u00eda\",\"foros de inversi\u00f3n\",\"inversor\",\"j\u00f3venes empresarios\"],\"articleSection\":[\"Noticias\"],\"inLanguage\":\"es\",\"potentialAction\":[{\"@type\":\"CommentAction\",\"name\":\"Comment\",\"target\":[\"https:\/\/ajeandalucia.org\/almeria\/2018\/07\/18\/foros-de-inversion-para-emprendedores\/#respond\"]}]},{\"@type\":\"WebPage\",\"@id\":\"https:\/\/ajeandalucia.org\/almeria\/2018\/07\/18\/foros-de-inversion-para-emprendedores\/\",\"url\":\"https:\/\/ajeandalucia.org\/almeria\/2018\/07\/18\/foros-de-inversion-para-emprendedores\/\",\"name\":\"Foros de Inversi\u00f3n para Emprendedores - AJE Almer\u00eda\",\"isPartOf\":{\"@id\":\"https:\/\/ajeandalucia.org\/almeria\/#website\"},\"primaryImageOfPage\":{\"@id\":\"https:\/\/ajeandalucia.org\/almeria\/2018\/07\/18\/foros-de-inversion-para-emprendedores\/#primaryimage\"},\"image\":{\"@id\":\"https:\/\/ajeandalucia.org\/almeria\/2018\/07\/18\/foros-de-inversion-para-emprendedores\/#primaryimage\"},\"thumbnailUrl\":\"https:\/\/ajeandalucia.org\/almeria\/wp-content\/uploads\/sites\/3\/2018\/07\/IMG_1876-e1531914456233.jpg\",\"datePublished\":\"2018-07-18T11:31:45+00:00\",\"dateModified\":\"2018-07-18T11:46:53+00:00\",\"breadcrumb\":{\"@id\":\"https:\/\/ajeandalucia.org\/almeria\/2018\/07\/18\/foros-de-inversion-para-emprendedores\/#breadcrumb\"},\"inLanguage\":\"es\",\"potentialAction\":[{\"@type\":\"ReadAction\",\"target\":[\"https:\/\/ajeandalucia.org\/almeria\/2018\/07\/18\/foros-de-inversion-para-emprendedores\/\"]}]},{\"@type\":\"ImageObject\",\"inLanguage\":\"es\",\"@id\":\"https:\/\/ajeandalucia.org\/almeria\/2018\/07\/18\/foros-de-inversion-para-emprendedores\/#primaryimage\",\"url\":\"https:\/\/ajeandalucia.org\/almeria\/wp-content\/uploads\/sites\/3\/2018\/07\/IMG_1876-e1531914456233.jpg\",\"contentUrl\":\"https:\/\/ajeandalucia.org\/almeria\/wp-content\/uploads\/sites\/3\/2018\/07\/IMG_1876-e1531914456233.jpg\",\"width\":2000,\"height\":1500},{\"@type\":\"BreadcrumbList\",\"@id\":\"https:\/\/ajeandalucia.org\/almeria\/2018\/07\/18\/foros-de-inversion-para-emprendedores\/#breadcrumb\",\"itemListElement\":[{\"@type\":\"ListItem\",\"position\":1,\"name\":\"Portada\",\"item\":\"https:\/\/ajeandalucia.org\/almeria\/\"},{\"@type\":\"ListItem\",\"position\":2,\"name\":\"Foros de Inversi\u00f3n para Emprendedores\"}]},{\"@type\":\"WebSite\",\"@id\":\"https:\/\/ajeandalucia.org\/almeria\/#website\",\"url\":\"https:\/\/ajeandalucia.org\/almeria\/\",\"name\":\"AJE Almer\u00eda\",\"description\":\"Otro sitio m\u00e1s de AJE Andaluc\u00eda\",\"publisher\":{\"@id\":\"https:\/\/ajeandalucia.org\/almeria\/#organization\"},\"potentialAction\":[{\"@type\":\"SearchAction\",\"target\":{\"@type\":\"EntryPoint\",\"urlTemplate\":\"https:\/\/ajeandalucia.org\/almeria\/?s={search_term_string}\"},\"query-input\":{\"@type\":\"PropertyValueSpecification\",\"valueRequired\":true,\"valueName\":\"search_term_string\"}}],\"inLanguage\":\"es\"},{\"@type\":\"Organization\",\"@id\":\"https:\/\/ajeandalucia.org\/almeria\/#organization\",\"name\":\"AJE Almer\u00eda\",\"url\":\"https:\/\/ajeandalucia.org\/almeria\/\",\"logo\":{\"@type\":\"ImageObject\",\"inLanguage\":\"es\",\"@id\":\"https:\/\/ajeandalucia.org\/almeria\/#\/schema\/logo\/image\/\",\"url\":\"https:\/\/ajeandalucia.org\/almeria\/wp-content\/uploads\/sites\/3\/2025\/01\/AJE-ALMERIA-horizontal.png\",\"contentUrl\":\"https:\/\/ajeandalucia.org\/almeria\/wp-content\/uploads\/sites\/3\/2025\/01\/AJE-ALMERIA-horizontal.png\",\"width\":605,\"height\":200,\"caption\":\"AJE Almer\u00eda\"},\"image\":{\"@id\":\"https:\/\/ajeandalucia.org\/almeria\/#\/schema\/logo\/image\/\"}},{\"@type\":\"Person\",\"@id\":\"https:\/\/ajeandalucia.org\/almeria\/#\/schema\/person\/9336ac50bc8c90053f6bf3b99e5c7d7b\",\"name\":\"almeria\",\"image\":{\"@type\":\"ImageObject\",\"inLanguage\":\"es\",\"@id\":\"https:\/\/ajeandalucia.org\/almeria\/#\/schema\/person\/image\/\",\"url\":\"https:\/\/secure.gravatar.com\/avatar\/f5b6b7d37a8f964bd96d1a7752fc3160bb98a16a08fda2bb6fb3a80845dae5d6?s=96&d=mm&r=g\",\"contentUrl\":\"https:\/\/secure.gravatar.com\/avatar\/f5b6b7d37a8f964bd96d1a7752fc3160bb98a16a08fda2bb6fb3a80845dae5d6?s=96&d=mm&r=g\",\"caption\":\"almeria\"},\"sameAs\":[\"http:\/\/www.ajealmeria.org\/\"],\"url\":\"https:\/\/ajeandalucia.org\/almeria\/author\/almeria\/\"}]}<\/script>\n<!-- \/ Yoast SEO plugin. -->","yoast_head_json":{"title":"Foros de Inversi\u00f3n para Emprendedores - AJE Almer\u00eda","robots":{"index":"index","follow":"follow","max-snippet":"max-snippet:-1","max-image-preview":"max-image-preview:large","max-video-preview":"max-video-preview:-1"},"canonical":"https:\/\/ajeandalucia.org\/almeria\/2018\/07\/18\/foros-de-inversion-para-emprendedores\/","og_locale":"es_ES","og_type":"article","og_title":"Foros de Inversi\u00f3n para Emprendedores - AJE Almer\u00eda","og_description":"El pasado 19 de junio se celebr\u00f3 un encuentro entre inversores y j\u00f3venes emprendedores de la provincia en la Confederaci\u00f3n [&hellip;]","og_url":"https:\/\/ajeandalucia.org\/almeria\/2018\/07\/18\/foros-de-inversion-para-emprendedores\/","og_site_name":"AJE Almer\u00eda","article_published_time":"2018-07-18T11:31:45+00:00","article_modified_time":"2018-07-18T11:46:53+00:00","og_image":[{"width":2000,"height":1500,"url":"https:\/\/ajeandalucia.org\/almeria\/wp-content\/uploads\/sites\/3\/2018\/07\/IMG_1876-e1531914456233.jpg","type":"image\/jpeg"}],"author":"almeria","twitter_card":"summary_large_image","twitter_misc":{"Escrito por":"almeria","Tiempo de lectura":"1 minuto"},"schema":{"@context":"https:\/\/schema.org","@graph":[{"@type":"Article","@id":"https:\/\/ajeandalucia.org\/almeria\/2018\/07\/18\/foros-de-inversion-para-emprendedores\/#article","isPartOf":{"@id":"https:\/\/ajeandalucia.org\/almeria\/2018\/07\/18\/foros-de-inversion-para-emprendedores\/"},"author":{"name":"almeria","@id":"https:\/\/ajeandalucia.org\/almeria\/#\/schema\/person\/9336ac50bc8c90053f6bf3b99e5c7d7b"},"headline":"Foros de Inversi\u00f3n para Emprendedores","datePublished":"2018-07-18T11:31:45+00:00","dateModified":"2018-07-18T11:46:53+00:00","mainEntityOfPage":{"@id":"https:\/\/ajeandalucia.org\/almeria\/2018\/07\/18\/foros-de-inversion-para-emprendedores\/"},"wordCount":280,"commentCount":0,"publisher":{"@id":"https:\/\/ajeandalucia.org\/almeria\/#organization"},"image":{"@id":"https:\/\/ajeandalucia.org\/almeria\/2018\/07\/18\/foros-de-inversion-para-emprendedores\/#primaryimage"},"thumbnailUrl":"https:\/\/ajeandalucia.org\/almeria\/wp-content\/uploads\/sites\/3\/2018\/07\/IMG_1876-e1531914456233.jpg","keywords":["aje almeria","aje andalucia","asociacion de j\u00f3venes empresarios","asociacion jovenes empresarios","asociacion jovenes empresarios almeria","dudas empresarios","emprendedor","emprendedores","emprendedores almeria","emprender","emprendimiento","emprendimiento almeria","empresarios almer\u00eda","empresas almer\u00eda","foros de inversi\u00f3n","inversor","j\u00f3venes empresarios"],"articleSection":["Noticias"],"inLanguage":"es","potentialAction":[{"@type":"CommentAction","name":"Comment","target":["https:\/\/ajeandalucia.org\/almeria\/2018\/07\/18\/foros-de-inversion-para-emprendedores\/#respond"]}]},{"@type":"WebPage","@id":"https:\/\/ajeandalucia.org\/almeria\/2018\/07\/18\/foros-de-inversion-para-emprendedores\/","url":"https:\/\/ajeandalucia.org\/almeria\/2018\/07\/18\/foros-de-inversion-para-emprendedores\/","name":"Foros de Inversi\u00f3n para Emprendedores - AJE Almer\u00eda","isPartOf":{"@id":"https:\/\/ajeandalucia.org\/almeria\/#website"},"primaryImageOfPage":{"@id":"https:\/\/ajeandalucia.org\/almeria\/2018\/07\/18\/foros-de-inversion-para-emprendedores\/#primaryimage"},"image":{"@id":"https:\/\/ajeandalucia.org\/almeria\/2018\/07\/18\/foros-de-inversion-para-emprendedores\/#primaryimage"},"thumbnailUrl":"https:\/\/ajeandalucia.org\/almeria\/wp-content\/uploads\/sites\/3\/2018\/07\/IMG_1876-e1531914456233.jpg","datePublished":"2018-07-18T11:31:45+00:00","dateModified":"2018-07-18T11:46:53+00:00","breadcrumb":{"@id":"https:\/\/ajeandalucia.org\/almeria\/2018\/07\/18\/foros-de-inversion-para-emprendedores\/#breadcrumb"},"inLanguage":"es","potentialAction":[{"@type":"ReadAction","target":["https:\/\/ajeandalucia.org\/almeria\/2018\/07\/18\/foros-de-inversion-para-emprendedores\/"]}]},{"@type":"ImageObject","inLanguage":"es","@id":"https:\/\/ajeandalucia.org\/almeria\/2018\/07\/18\/foros-de-inversion-para-emprendedores\/#primaryimage","url":"https:\/\/ajeandalucia.org\/almeria\/wp-content\/uploads\/sites\/3\/2018\/07\/IMG_1876-e1531914456233.jpg","contentUrl":"https:\/\/ajeandalucia.org\/almeria\/wp-content\/uploads\/sites\/3\/2018\/07\/IMG_1876-e1531914456233.jpg","width":2000,"height":1500},{"@type":"BreadcrumbList","@id":"https:\/\/ajeandalucia.org\/almeria\/2018\/07\/18\/foros-de-inversion-para-emprendedores\/#breadcrumb","itemListElement":[{"@type":"ListItem","position":1,"name":"Portada","item":"https:\/\/ajeandalucia.org\/almeria\/"},{"@type":"ListItem","position":2,"name":"Foros de Inversi\u00f3n para Emprendedores"}]},{"@type":"WebSite","@id":"https:\/\/ajeandalucia.org\/almeria\/#website","url":"https:\/\/ajeandalucia.org\/almeria\/","name":"AJE Almer\u00eda","description":"Otro sitio m\u00e1s de AJE Andaluc\u00eda","publisher":{"@id":"https:\/\/ajeandalucia.org\/almeria\/#organization"},"potentialAction":[{"@type":"SearchAction","target":{"@type":"EntryPoint","urlTemplate":"https:\/\/ajeandalucia.org\/almeria\/?s={search_term_string}"},"query-input":{"@type":"PropertyValueSpecification","valueRequired":true,"valueName":"search_term_string"}}],"inLanguage":"es"},{"@type":"Organization","@id":"https:\/\/ajeandalucia.org\/almeria\/#organization","name":"AJE Almer\u00eda","url":"https:\/\/ajeandalucia.org\/almeria\/","logo":{"@type":"ImageObject","inLanguage":"es","@id":"https:\/\/ajeandalucia.org\/almeria\/#\/schema\/logo\/image\/","url":"https:\/\/ajeandalucia.org\/almeria\/wp-content\/uploads\/sites\/3\/2025\/01\/AJE-ALMERIA-horizontal.png","contentUrl":"https:\/\/ajeandalucia.org\/almeria\/wp-content\/uploads\/sites\/3\/2025\/01\/AJE-ALMERIA-horizontal.png","width":605,"height":200,"caption":"AJE Almer\u00eda"},"image":{"@id":"https:\/\/ajeandalucia.org\/almeria\/#\/schema\/logo\/image\/"}},{"@type":"Person","@id":"https:\/\/ajeandalucia.org\/almeria\/#\/schema\/person\/9336ac50bc8c90053f6bf3b99e5c7d7b","name":"almeria","image":{"@type":"ImageObject","inLanguage":"es","@id":"https:\/\/ajeandalucia.org\/almeria\/#\/schema\/person\/image\/","url":"https:\/\/secure.gravatar.com\/avatar\/f5b6b7d37a8f964bd96d1a7752fc3160bb98a16a08fda2bb6fb3a80845dae5d6?s=96&d=mm&r=g","contentUrl":"https:\/\/secure.gravatar.com\/avatar\/f5b6b7d37a8f964bd96d1a7752fc3160bb98a16a08fda2bb6fb3a80845dae5d6?s=96&d=mm&r=g","caption":"almeria"},"sameAs":["http:\/\/www.ajealmeria.org\/"],"url":"https:\/\/ajeandalucia.org\/almeria\/author\/almeria\/"}]}},"_links":{"self":[{"href":"https:\/\/ajeandalucia.org\/almeria\/wp-json\/wp\/v2\/posts\/1071","targetHints":{"allow":["GET"]}}],"collection":[{"href":"https:\/\/ajeandalucia.org\/almeria\/wp-json\/wp\/v2\/posts"}],"about":[{"href":"https:\/\/ajeandalucia.org\/almeria\/wp-json\/wp\/v2\/types\/post"}],"author":[{"embeddable":true,"href":"https:\/\/ajeandalucia.org\/almeria\/wp-json\/wp\/v2\/users\/3"}],"replies":[{"embeddable":true,"href":"https:\/\/ajeandalucia.org\/almeria\/wp-json\/wp\/v2\/comments?post=1071"}],"version-history":[{"count":6,"href":"https:\/\/ajeandalucia.org\/almeria\/wp-json\/wp\/v2\/posts\/1071\/revisions"}],"predecessor-version":[{"id":1079,"href":"https:\/\/ajeandalucia.org\/almeria\/wp-json\/wp\/v2\/posts\/1071\/revisions\/1079"}],"wp:featuredmedia":[{"embeddable":true,"href":"https:\/\/ajeandalucia.org\/almeria\/wp-json\/wp\/v2\/media\/1072"}],"wp:attachment":[{"href":"https:\/\/ajeandalucia.org\/almeria\/wp-json\/wp\/v2\/media?parent=1071"}],"wp:term":[{"taxonomy":"category","embeddable":true,"href":"https:\/\/ajeandalucia.org\/almeria\/wp-json\/wp\/v2\/categories?post=1071"},{"taxonomy":"post_tag","embeddable":true,"href":"https:\/\/ajeandalucia.org\/almeria\/wp-json\/wp\/v2\/tags?post=1071"}],"curies":[{"name":"wp","href":"https:\/\/api.w.org\/{rel}","templated":true}]}}