{"id":1096,"date":"2018-08-06T11:42:02","date_gmt":"2018-08-06T11:42:02","guid":{"rendered":"http:\/\/www.ajeandalucia.org\/almeria\/?p=1096"},"modified":"2018-08-07T09:06:55","modified_gmt":"2018-08-07T09:06:55","slug":"convocatoria-premios-a-la-responsabilidad-social-empresarial","status":"publish","type":"post","link":"https:\/\/ajeandalucia.org\/almeria\/2018\/08\/06\/convocatoria-premios-a-la-responsabilidad-social-empresarial\/","title":{"rendered":"Convocatoria Premios a la Responsabilidad Social Empresarial"},"content":{"rendered":"<p>Se encuentra abierta la convocatoria de los I Premios a la Responsabilidad Social Empresarial que organiza la\u00a0<a class=\"profileLink\" href=\"https:\/\/www.facebook.com\/diputaciondealmeria\/?fref=mentions\">Diputaci\u00f3n de Almer\u00eda<\/a>\u00a0con los que se pretende apoyar y fomentar el marco europeo para la Responsabilidad Social de las Empresas.<\/p>\n<p>La <strong>Responsabilidad Social<\/strong> es un concepto relativamente nuevo que aparece en un contexto de transici\u00f3n de la empresa convencional a una empresa comprometida con su\u00a0entorno, intentando integrar de forma voluntaria las preocupaciones sociales y ambientales en sus operaciones comerciales y sus relaciones con los interlocutores o<br \/>\ngrupos de inter\u00e9s.<\/p>\n<p>La presentaci\u00f3n de las candidaturas se realizar\u00e1 en la Oficina de Registro Electr\u00f3nico de la Diputaci\u00f3n Provincial de Almer\u00eda a trav\u00e9s de la Oficina Virtual en www.dipalme.org.<\/p>\n<p>La ruta ser\u00e1 www.dipalme.org \uf0ae Tr\u00e1mites online \uf0ae Oficina virtual \uf0ae Registro de entrada. Y se cumplimentar\u00e1 la INSTANCIA SOLICITUD GEN\u00c9RICA debiendo incluirse en el asunto: Referencia Expediente: \u201c2018\/D91010\/850-400\/00001 Participaci\u00f3n Premios Responsabilidad Social Empresarial, Diputaci\u00f3n de Almer\u00eda 2018\u201d<\/p>\n<p>El plazo de presentaci\u00f3n de candidaturas estar\u00e1 abierto hasta el pr\u00f3ximo d\u00eda 29 de agosto de 2018.<\/p>\n<p>Para m\u00e1s informaci\u00f3n accede al siguiente enlace\u00a0http:\/\/www.dipalme.org\/Servicios\/Tablon\/Tablon.nsf\/VPorEntidadCategoria\/0DC15218C1B38C40C12582B20029BABA?OpenDocument<\/p>\n","protected":false},"excerpt":{"rendered":"<p>Se encuentra abierta la convocatoria de los I Premios a la Responsabilidad Social Empresarial que organiza la\u00a0Diputaci\u00f3n de Almer\u00eda\u00a0con los [&hellip;]<\/p>\n","protected":false},"author":3,"featured_media":1097,"comment_status":"open","ping_status":"open","sticky":false,"template":"","format":"standard","meta":{"_acf_changed":false,"site-sidebar-layout":"default","site-content-layout":"","ast-site-content-layout":"default","site-content-style":"default","site-sidebar-style":"default","ast-global-header-display":"","ast-banner-title-visibility":"","ast-main-header-display":"","ast-hfb-above-header-display":"","ast-hfb-below-header-display":"","ast-hfb-mobile-header-display":"","site-post-title":"","ast-breadcrumbs-content":"","ast-featured-img":"","footer-sml-layout":"","ast-disable-related-posts":"","theme-transparent-header-meta":"","adv-header-id-meta":"","stick-header-meta":"","header-above-stick-meta":"","header-main-stick-meta":"","header-below-stick-meta":"","astra-migrate-meta-layouts":"default","ast-page-background-enabled":"default","ast-page-background-meta":{"desktop":{"background-color":"var(--ast-global-color-5)","background-image":"","background-repeat":"repeat","background-position":"center center","background-size":"auto","background-attachment":"scroll","background-type":"","background-media":"","overlay-type":"","overlay-color":"","overlay-opacity":"","overlay-gradient":""},"tablet":{"background-color":"","background-image":"","background-repeat":"repeat","background-position":"center center","background-size":"auto","background-attachment":"scroll","background-type":"","background-media":"","overlay-type":"","overlay-color":"","overlay-opacity":"","overlay-gradient":""},"mobile":{"background-color":"","background-image":"","background-repeat":"repeat","background-position":"center center","background-size":"auto","background-attachment":"scroll","background-type":"","background-media":"","overlay-type":"","overlay-color":"","overlay-opacity":"","overlay-gradient":""}},"ast-content-background-meta":{"desktop":{"background-color":"var(--ast-global-color-4)","background-image":"","background-repeat":"repeat","background-position":"center center","background-size":"auto","background-attachment":"scroll","background-type":"","background-media":"","overlay-type":"","overlay-color":"","overlay-opacity":"","overlay-gradient":""},"tablet":{"background-color":"var(--ast-global-color-4)","background-image":"","background-repeat":"repeat","background-position":"center center","background-size":"auto","background-attachment":"scroll","background-type":"","background-media":"","overlay-type":"","overlay-color":"","overlay-opacity":"","overlay-gradient":""},"mobile":{"background-color":"var(--ast-global-color-4)","background-image":"","background-repeat":"repeat","background-position":"center center","background-size":"auto","background-attachment":"scroll","background-type":"","background-media":"","overlay-type":"","overlay-color":"","overlay-opacity":"","overlay-gradient":""}},"footnotes":""},"categories":[8],"tags":[60,27,42,78,87,88,145,95,47,30,71,105,65,96,66,112,33,35,146,147],"class_list":["post-1096","post","type-post","status-publish","format-standard","has-post-thumbnail","hentry","category-noticias","tag-aje","tag-aje-almeria","tag-aje-andalucia","tag-asociacion-de-jovenes-empresarios","tag-asociacion-jovenes-empresarios","tag-asociacion-jovenes-empresarios-almeria","tag-convocatoria-premios","tag-diputacion-de-almeria","tag-emprendedor","tag-emprendedores","tag-emprendedores-almeria","tag-emprender","tag-emprendimiento","tag-emprendimiento-almeria","tag-empresarios-almeria","tag-empresas-almeria","tag-jovenes-empresarios","tag-premios","tag-responsabilidad-social-empresarial","tag-rse"],"acf":[],"yoast_head":"<!-- This site is optimized with the Yoast SEO plugin v26.9 - https:\/\/yoast.com\/product\/yoast-seo-wordpress\/ -->\n<title>Convocatoria Premios a la Responsabilidad Social Empresarial - AJE Almer\u00eda<\/title>\n<meta name=\"robots\" content=\"index, follow, max-snippet:-1, max-image-preview:large, max-video-preview:-1\" \/>\n<link rel=\"canonical\" href=\"https:\/\/ajeandalucia.org\/almeria\/2018\/08\/06\/convocatoria-premios-a-la-responsabilidad-social-empresarial\/\" \/>\n<meta property=\"og:locale\" content=\"es_ES\" \/>\n<meta property=\"og:type\" content=\"article\" \/>\n<meta property=\"og:title\" content=\"Convocatoria Premios a la Responsabilidad Social Empresarial - AJE Almer\u00eda\" \/>\n<meta property=\"og:description\" content=\"Se encuentra abierta la convocatoria de los I Premios a la Responsabilidad Social Empresarial que organiza la\u00a0Diputaci\u00f3n de Almer\u00eda\u00a0con los [&hellip;]\" \/>\n<meta property=\"og:url\" content=\"https:\/\/ajeandalucia.org\/almeria\/2018\/08\/06\/convocatoria-premios-a-la-responsabilidad-social-empresarial\/\" \/>\n<meta property=\"og:site_name\" content=\"AJE Almer\u00eda\" \/>\n<meta property=\"article:published_time\" content=\"2018-08-06T11:42:02+00:00\" \/>\n<meta property=\"article:modified_time\" content=\"2018-08-07T09:06:55+00:00\" \/>\n<meta property=\"og:image\" content=\"https:\/\/ajeandalucia.org\/almeria\/wp-content\/uploads\/sites\/3\/2018\/08\/RSC.jpg\" \/>\n\t<meta property=\"og:image:width\" content=\"471\" \/>\n\t<meta property=\"og:image:height\" content=\"171\" \/>\n\t<meta property=\"og:image:type\" content=\"image\/jpeg\" \/>\n<meta name=\"author\" content=\"almeria\" \/>\n<meta name=\"twitter:card\" content=\"summary_large_image\" \/>\n<meta name=\"twitter:label1\" content=\"Escrito por\" \/>\n\t<meta name=\"twitter:data1\" content=\"almeria\" \/>\n\t<meta name=\"twitter:label2\" content=\"Tiempo de lectura\" \/>\n\t<meta name=\"twitter:data2\" content=\"1 minuto\" \/>\n<script type=\"application\/ld+json\" class=\"yoast-schema-graph\">{\"@context\":\"https:\/\/schema.org\",\"@graph\":[{\"@type\":\"Article\",\"@id\":\"https:\/\/ajeandalucia.org\/almeria\/2018\/08\/06\/convocatoria-premios-a-la-responsabilidad-social-empresarial\/#article\",\"isPartOf\":{\"@id\":\"https:\/\/ajeandalucia.org\/almeria\/2018\/08\/06\/convocatoria-premios-a-la-responsabilidad-social-empresarial\/\"},\"author\":{\"name\":\"almeria\",\"@id\":\"https:\/\/ajeandalucia.org\/almeria\/#\/schema\/person\/9336ac50bc8c90053f6bf3b99e5c7d7b\"},\"headline\":\"Convocatoria Premios a la Responsabilidad Social Empresarial\",\"datePublished\":\"2018-08-06T11:42:02+00:00\",\"dateModified\":\"2018-08-07T09:06:55+00:00\",\"mainEntityOfPage\":{\"@id\":\"https:\/\/ajeandalucia.org\/almeria\/2018\/08\/06\/convocatoria-premios-a-la-responsabilidad-social-empresarial\/\"},\"wordCount\":219,\"commentCount\":0,\"publisher\":{\"@id\":\"https:\/\/ajeandalucia.org\/almeria\/#organization\"},\"image\":{\"@id\":\"https:\/\/ajeandalucia.org\/almeria\/2018\/08\/06\/convocatoria-premios-a-la-responsabilidad-social-empresarial\/#primaryimage\"},\"thumbnailUrl\":\"https:\/\/ajeandalucia.org\/almeria\/wp-content\/uploads\/sites\/3\/2018\/08\/RSC.jpg\",\"keywords\":[\"aje\",\"aje almeria\",\"aje andalucia\",\"asociacion de j\u00f3venes empresarios\",\"asociacion jovenes empresarios\",\"asociacion jovenes empresarios almeria\",\"convocatoria premios\",\"diputacion de almeria\",\"emprendedor\",\"emprendedores\",\"emprendedores almeria\",\"emprender\",\"emprendimiento\",\"emprendimiento almeria\",\"empresarios almer\u00eda\",\"empresas almer\u00eda\",\"j\u00f3venes empresarios\",\"premios\",\"responsabilidad social empresarial\",\"RSE\"],\"articleSection\":[\"Noticias\"],\"inLanguage\":\"es\",\"potentialAction\":[{\"@type\":\"CommentAction\",\"name\":\"Comment\",\"target\":[\"https:\/\/ajeandalucia.org\/almeria\/2018\/08\/06\/convocatoria-premios-a-la-responsabilidad-social-empresarial\/#respond\"]}]},{\"@type\":\"WebPage\",\"@id\":\"https:\/\/ajeandalucia.org\/almeria\/2018\/08\/06\/convocatoria-premios-a-la-responsabilidad-social-empresarial\/\",\"url\":\"https:\/\/ajeandalucia.org\/almeria\/2018\/08\/06\/convocatoria-premios-a-la-responsabilidad-social-empresarial\/\",\"name\":\"Convocatoria Premios a la Responsabilidad Social Empresarial - AJE Almer\u00eda\",\"isPartOf\":{\"@id\":\"https:\/\/ajeandalucia.org\/almeria\/#website\"},\"primaryImageOfPage\":{\"@id\":\"https:\/\/ajeandalucia.org\/almeria\/2018\/08\/06\/convocatoria-premios-a-la-responsabilidad-social-empresarial\/#primaryimage\"},\"image\":{\"@id\":\"https:\/\/ajeandalucia.org\/almeria\/2018\/08\/06\/convocatoria-premios-a-la-responsabilidad-social-empresarial\/#primaryimage\"},\"thumbnailUrl\":\"https:\/\/ajeandalucia.org\/almeria\/wp-content\/uploads\/sites\/3\/2018\/08\/RSC.jpg\",\"datePublished\":\"2018-08-06T11:42:02+00:00\",\"dateModified\":\"2018-08-07T09:06:55+00:00\",\"breadcrumb\":{\"@id\":\"https:\/\/ajeandalucia.org\/almeria\/2018\/08\/06\/convocatoria-premios-a-la-responsabilidad-social-empresarial\/#breadcrumb\"},\"inLanguage\":\"es\",\"potentialAction\":[{\"@type\":\"ReadAction\",\"target\":[\"https:\/\/ajeandalucia.org\/almeria\/2018\/08\/06\/convocatoria-premios-a-la-responsabilidad-social-empresarial\/\"]}]},{\"@type\":\"ImageObject\",\"inLanguage\":\"es\",\"@id\":\"https:\/\/ajeandalucia.org\/almeria\/2018\/08\/06\/convocatoria-premios-a-la-responsabilidad-social-empresarial\/#primaryimage\",\"url\":\"https:\/\/ajeandalucia.org\/almeria\/wp-content\/uploads\/sites\/3\/2018\/08\/RSC.jpg\",\"contentUrl\":\"https:\/\/ajeandalucia.org\/almeria\/wp-content\/uploads\/sites\/3\/2018\/08\/RSC.jpg\",\"width\":471,\"height\":171},{\"@type\":\"BreadcrumbList\",\"@id\":\"https:\/\/ajeandalucia.org\/almeria\/2018\/08\/06\/convocatoria-premios-a-la-responsabilidad-social-empresarial\/#breadcrumb\",\"itemListElement\":[{\"@type\":\"ListItem\",\"position\":1,\"name\":\"Portada\",\"item\":\"https:\/\/ajeandalucia.org\/almeria\/\"},{\"@type\":\"ListItem\",\"position\":2,\"name\":\"Convocatoria Premios a la Responsabilidad Social Empresarial\"}]},{\"@type\":\"WebSite\",\"@id\":\"https:\/\/ajeandalucia.org\/almeria\/#website\",\"url\":\"https:\/\/ajeandalucia.org\/almeria\/\",\"name\":\"AJE Almer\u00eda\",\"description\":\"Otro sitio m\u00e1s de AJE Andaluc\u00eda\",\"publisher\":{\"@id\":\"https:\/\/ajeandalucia.org\/almeria\/#organization\"},\"potentialAction\":[{\"@type\":\"SearchAction\",\"target\":{\"@type\":\"EntryPoint\",\"urlTemplate\":\"https:\/\/ajeandalucia.org\/almeria\/?s={search_term_string}\"},\"query-input\":{\"@type\":\"PropertyValueSpecification\",\"valueRequired\":true,\"valueName\":\"search_term_string\"}}],\"inLanguage\":\"es\"},{\"@type\":\"Organization\",\"@id\":\"https:\/\/ajeandalucia.org\/almeria\/#organization\",\"name\":\"AJE Almer\u00eda\",\"url\":\"https:\/\/ajeandalucia.org\/almeria\/\",\"logo\":{\"@type\":\"ImageObject\",\"inLanguage\":\"es\",\"@id\":\"https:\/\/ajeandalucia.org\/almeria\/#\/schema\/logo\/image\/\",\"url\":\"https:\/\/ajeandalucia.org\/almeria\/wp-content\/uploads\/sites\/3\/2025\/01\/AJE-ALMERIA-horizontal.png\",\"contentUrl\":\"https:\/\/ajeandalucia.org\/almeria\/wp-content\/uploads\/sites\/3\/2025\/01\/AJE-ALMERIA-horizontal.png\",\"width\":605,\"height\":200,\"caption\":\"AJE Almer\u00eda\"},\"image\":{\"@id\":\"https:\/\/ajeandalucia.org\/almeria\/#\/schema\/logo\/image\/\"}},{\"@type\":\"Person\",\"@id\":\"https:\/\/ajeandalucia.org\/almeria\/#\/schema\/person\/9336ac50bc8c90053f6bf3b99e5c7d7b\",\"name\":\"almeria\",\"image\":{\"@type\":\"ImageObject\",\"inLanguage\":\"es\",\"@id\":\"https:\/\/ajeandalucia.org\/almeria\/#\/schema\/person\/image\/\",\"url\":\"https:\/\/secure.gravatar.com\/avatar\/f5b6b7d37a8f964bd96d1a7752fc3160bb98a16a08fda2bb6fb3a80845dae5d6?s=96&d=mm&r=g\",\"contentUrl\":\"https:\/\/secure.gravatar.com\/avatar\/f5b6b7d37a8f964bd96d1a7752fc3160bb98a16a08fda2bb6fb3a80845dae5d6?s=96&d=mm&r=g\",\"caption\":\"almeria\"},\"sameAs\":[\"http:\/\/www.ajealmeria.org\/\"],\"url\":\"https:\/\/ajeandalucia.org\/almeria\/author\/almeria\/\"}]}<\/script>\n<!-- \/ Yoast SEO plugin. -->","yoast_head_json":{"title":"Convocatoria Premios a la Responsabilidad Social Empresarial - AJE Almer\u00eda","robots":{"index":"index","follow":"follow","max-snippet":"max-snippet:-1","max-image-preview":"max-image-preview:large","max-video-preview":"max-video-preview:-1"},"canonical":"https:\/\/ajeandalucia.org\/almeria\/2018\/08\/06\/convocatoria-premios-a-la-responsabilidad-social-empresarial\/","og_locale":"es_ES","og_type":"article","og_title":"Convocatoria Premios a la Responsabilidad Social Empresarial - AJE Almer\u00eda","og_description":"Se encuentra abierta la convocatoria de los I Premios a la Responsabilidad Social Empresarial que organiza la\u00a0Diputaci\u00f3n de Almer\u00eda\u00a0con los [&hellip;]","og_url":"https:\/\/ajeandalucia.org\/almeria\/2018\/08\/06\/convocatoria-premios-a-la-responsabilidad-social-empresarial\/","og_site_name":"AJE Almer\u00eda","article_published_time":"2018-08-06T11:42:02+00:00","article_modified_time":"2018-08-07T09:06:55+00:00","og_image":[{"width":471,"height":171,"url":"https:\/\/ajeandalucia.org\/almeria\/wp-content\/uploads\/sites\/3\/2018\/08\/RSC.jpg","type":"image\/jpeg"}],"author":"almeria","twitter_card":"summary_large_image","twitter_misc":{"Escrito por":"almeria","Tiempo de lectura":"1 minuto"},"schema":{"@context":"https:\/\/schema.org","@graph":[{"@type":"Article","@id":"https:\/\/ajeandalucia.org\/almeria\/2018\/08\/06\/convocatoria-premios-a-la-responsabilidad-social-empresarial\/#article","isPartOf":{"@id":"https:\/\/ajeandalucia.org\/almeria\/2018\/08\/06\/convocatoria-premios-a-la-responsabilidad-social-empresarial\/"},"author":{"name":"almeria","@id":"https:\/\/ajeandalucia.org\/almeria\/#\/schema\/person\/9336ac50bc8c90053f6bf3b99e5c7d7b"},"headline":"Convocatoria Premios a la Responsabilidad Social Empresarial","datePublished":"2018-08-06T11:42:02+00:00","dateModified":"2018-08-07T09:06:55+00:00","mainEntityOfPage":{"@id":"https:\/\/ajeandalucia.org\/almeria\/2018\/08\/06\/convocatoria-premios-a-la-responsabilidad-social-empresarial\/"},"wordCount":219,"commentCount":0,"publisher":{"@id":"https:\/\/ajeandalucia.org\/almeria\/#organization"},"image":{"@id":"https:\/\/ajeandalucia.org\/almeria\/2018\/08\/06\/convocatoria-premios-a-la-responsabilidad-social-empresarial\/#primaryimage"},"thumbnailUrl":"https:\/\/ajeandalucia.org\/almeria\/wp-content\/uploads\/sites\/3\/2018\/08\/RSC.jpg","keywords":["aje","aje almeria","aje andalucia","asociacion de j\u00f3venes empresarios","asociacion jovenes empresarios","asociacion jovenes empresarios almeria","convocatoria premios","diputacion de almeria","emprendedor","emprendedores","emprendedores almeria","emprender","emprendimiento","emprendimiento almeria","empresarios almer\u00eda","empresas almer\u00eda","j\u00f3venes empresarios","premios","responsabilidad social empresarial","RSE"],"articleSection":["Noticias"],"inLanguage":"es","potentialAction":[{"@type":"CommentAction","name":"Comment","target":["https:\/\/ajeandalucia.org\/almeria\/2018\/08\/06\/convocatoria-premios-a-la-responsabilidad-social-empresarial\/#respond"]}]},{"@type":"WebPage","@id":"https:\/\/ajeandalucia.org\/almeria\/2018\/08\/06\/convocatoria-premios-a-la-responsabilidad-social-empresarial\/","url":"https:\/\/ajeandalucia.org\/almeria\/2018\/08\/06\/convocatoria-premios-a-la-responsabilidad-social-empresarial\/","name":"Convocatoria Premios a la Responsabilidad Social Empresarial - AJE Almer\u00eda","isPartOf":{"@id":"https:\/\/ajeandalucia.org\/almeria\/#website"},"primaryImageOfPage":{"@id":"https:\/\/ajeandalucia.org\/almeria\/2018\/08\/06\/convocatoria-premios-a-la-responsabilidad-social-empresarial\/#primaryimage"},"image":{"@id":"https:\/\/ajeandalucia.org\/almeria\/2018\/08\/06\/convocatoria-premios-a-la-responsabilidad-social-empresarial\/#primaryimage"},"thumbnailUrl":"https:\/\/ajeandalucia.org\/almeria\/wp-content\/uploads\/sites\/3\/2018\/08\/RSC.jpg","datePublished":"2018-08-06T11:42:02+00:00","dateModified":"2018-08-07T09:06:55+00:00","breadcrumb":{"@id":"https:\/\/ajeandalucia.org\/almeria\/2018\/08\/06\/convocatoria-premios-a-la-responsabilidad-social-empresarial\/#breadcrumb"},"inLanguage":"es","potentialAction":[{"@type":"ReadAction","target":["https:\/\/ajeandalucia.org\/almeria\/2018\/08\/06\/convocatoria-premios-a-la-responsabilidad-social-empresarial\/"]}]},{"@type":"ImageObject","inLanguage":"es","@id":"https:\/\/ajeandalucia.org\/almeria\/2018\/08\/06\/convocatoria-premios-a-la-responsabilidad-social-empresarial\/#primaryimage","url":"https:\/\/ajeandalucia.org\/almeria\/wp-content\/uploads\/sites\/3\/2018\/08\/RSC.jpg","contentUrl":"https:\/\/ajeandalucia.org\/almeria\/wp-content\/uploads\/sites\/3\/2018\/08\/RSC.jpg","width":471,"height":171},{"@type":"BreadcrumbList","@id":"https:\/\/ajeandalucia.org\/almeria\/2018\/08\/06\/convocatoria-premios-a-la-responsabilidad-social-empresarial\/#breadcrumb","itemListElement":[{"@type":"ListItem","position":1,"name":"Portada","item":"https:\/\/ajeandalucia.org\/almeria\/"},{"@type":"ListItem","position":2,"name":"Convocatoria Premios a la Responsabilidad Social Empresarial"}]},{"@type":"WebSite","@id":"https:\/\/ajeandalucia.org\/almeria\/#website","url":"https:\/\/ajeandalucia.org\/almeria\/","name":"AJE Almer\u00eda","description":"Otro sitio m\u00e1s de AJE Andaluc\u00eda","publisher":{"@id":"https:\/\/ajeandalucia.org\/almeria\/#organization"},"potentialAction":[{"@type":"SearchAction","target":{"@type":"EntryPoint","urlTemplate":"https:\/\/ajeandalucia.org\/almeria\/?s={search_term_string}"},"query-input":{"@type":"PropertyValueSpecification","valueRequired":true,"valueName":"search_term_string"}}],"inLanguage":"es"},{"@type":"Organization","@id":"https:\/\/ajeandalucia.org\/almeria\/#organization","name":"AJE Almer\u00eda","url":"https:\/\/ajeandalucia.org\/almeria\/","logo":{"@type":"ImageObject","inLanguage":"es","@id":"https:\/\/ajeandalucia.org\/almeria\/#\/schema\/logo\/image\/","url":"https:\/\/ajeandalucia.org\/almeria\/wp-content\/uploads\/sites\/3\/2025\/01\/AJE-ALMERIA-horizontal.png","contentUrl":"https:\/\/ajeandalucia.org\/almeria\/wp-content\/uploads\/sites\/3\/2025\/01\/AJE-ALMERIA-horizontal.png","width":605,"height":200,"caption":"AJE Almer\u00eda"},"image":{"@id":"https:\/\/ajeandalucia.org\/almeria\/#\/schema\/logo\/image\/"}},{"@type":"Person","@id":"https:\/\/ajeandalucia.org\/almeria\/#\/schema\/person\/9336ac50bc8c90053f6bf3b99e5c7d7b","name":"almeria","image":{"@type":"ImageObject","inLanguage":"es","@id":"https:\/\/ajeandalucia.org\/almeria\/#\/schema\/person\/image\/","url":"https:\/\/secure.gravatar.com\/avatar\/f5b6b7d37a8f964bd96d1a7752fc3160bb98a16a08fda2bb6fb3a80845dae5d6?s=96&d=mm&r=g","contentUrl":"https:\/\/secure.gravatar.com\/avatar\/f5b6b7d37a8f964bd96d1a7752fc3160bb98a16a08fda2bb6fb3a80845dae5d6?s=96&d=mm&r=g","caption":"almeria"},"sameAs":["http:\/\/www.ajealmeria.org\/"],"url":"https:\/\/ajeandalucia.org\/almeria\/author\/almeria\/"}]}},"_links":{"self":[{"href":"https:\/\/ajeandalucia.org\/almeria\/wp-json\/wp\/v2\/posts\/1096","targetHints":{"allow":["GET"]}}],"collection":[{"href":"https:\/\/ajeandalucia.org\/almeria\/wp-json\/wp\/v2\/posts"}],"about":[{"href":"https:\/\/ajeandalucia.org\/almeria\/wp-json\/wp\/v2\/types\/post"}],"author":[{"embeddable":true,"href":"https:\/\/ajeandalucia.org\/almeria\/wp-json\/wp\/v2\/users\/3"}],"replies":[{"embeddable":true,"href":"https:\/\/ajeandalucia.org\/almeria\/wp-json\/wp\/v2\/comments?post=1096"}],"version-history":[{"count":1,"href":"https:\/\/ajeandalucia.org\/almeria\/wp-json\/wp\/v2\/posts\/1096\/revisions"}],"predecessor-version":[{"id":1098,"href":"https:\/\/ajeandalucia.org\/almeria\/wp-json\/wp\/v2\/posts\/1096\/revisions\/1098"}],"wp:featuredmedia":[{"embeddable":true,"href":"https:\/\/ajeandalucia.org\/almeria\/wp-json\/wp\/v2\/media\/1097"}],"wp:attachment":[{"href":"https:\/\/ajeandalucia.org\/almeria\/wp-json\/wp\/v2\/media?parent=1096"}],"wp:term":[{"taxonomy":"category","embeddable":true,"href":"https:\/\/ajeandalucia.org\/almeria\/wp-json\/wp\/v2\/categories?post=1096"},{"taxonomy":"post_tag","embeddable":true,"href":"https:\/\/ajeandalucia.org\/almeria\/wp-json\/wp\/v2\/tags?post=1096"}],"curies":[{"name":"wp","href":"https:\/\/api.w.org\/{rel}","templated":true}]}}