{"id":1109,"date":"2018-08-07T09:40:24","date_gmt":"2018-08-07T09:40:24","guid":{"rendered":"http:\/\/www.ajeandalucia.org\/almeria\/?p=1109"},"modified":"2018-08-07T09:40:58","modified_gmt":"2018-08-07T09:40:58","slug":"acuerdo-de-colaboracion-entre-aje-almeria-y-asempal","status":"publish","type":"post","link":"https:\/\/ajeandalucia.org\/almeria\/2018\/08\/07\/acuerdo-de-colaboracion-entre-aje-almeria-y-asempal\/","title":{"rendered":"Acuerdo de colaboraci\u00f3n entre Aje Almer\u00eda y ASEMPAL"},"content":{"rendered":"<p>La Asociaci\u00f3n de J\u00f3venes Empresarios, AJE Almer\u00eda, y la Confederaci\u00f3n Empresarial de la Provincia de Almer\u00eda, ASEMPAL, renuevan su compromiso de colaboraci\u00f3n, con la firma de un acuerdo mediante el cual fortalecen los v\u00ednculos entre ambas organizaciones para estimular la actividad empresarial.<\/p>\n<p>La firma del acuerdo se llev\u00f3 a cabo por los presidentes de ambas entidades, Antonio Jes\u00fas Fern\u00e1ndez Garc\u00eda (Presidente de Aje Almer\u00eda) y de Jos\u00e9 Cano Garc\u00eda (Presidente de ASEMPAL); participaron tambi\u00e9n el vicepresidente segundo de Aje, Jos\u00e9 Juan Carricondo y el secretario general de Asempal, Ernesto Castilla.<\/p>\n<p>Aje Almer\u00eda es miembro de Asempal desde mayo de 1996, por lo que este acuerdo supone estrechar y actualizar las relaciones de cooperaci\u00f3n que mantienen las dos entidades.<\/p>\n<p>Tanto Asempal como Aje coinciden en el compromiso de estimular la iniciativa emprendedora para favorecer la creaci\u00f3n de nuevas empresas, as\u00ed como promover e impulsar la consolidaci\u00f3n de las existentes para que Almer\u00eda pueda avanzar en empleo, desarrollo y bienestar.<\/p>\n","protected":false},"excerpt":{"rendered":"<p>La Asociaci\u00f3n de J\u00f3venes Empresarios, AJE Almer\u00eda, y la Confederaci\u00f3n Empresarial de la Provincia de Almer\u00eda, ASEMPAL, renuevan su compromiso [&hellip;]<\/p>\n","protected":false},"author":3,"featured_media":1110,"comment_status":"open","ping_status":"open","sticky":false,"template":"","format":"standard","meta":{"_acf_changed":false,"site-sidebar-layout":"default","site-content-layout":"","ast-site-content-layout":"default","site-content-style":"default","site-sidebar-style":"default","ast-global-header-display":"","ast-banner-title-visibility":"","ast-main-header-display":"","ast-hfb-above-header-display":"","ast-hfb-below-header-display":"","ast-hfb-mobile-header-display":"","site-post-title":"","ast-breadcrumbs-content":"","ast-featured-img":"","footer-sml-layout":"","ast-disable-related-posts":"","theme-transparent-header-meta":"","adv-header-id-meta":"","stick-header-meta":"","header-above-stick-meta":"","header-main-stick-meta":"","header-below-stick-meta":"","astra-migrate-meta-layouts":"default","ast-page-background-enabled":"default","ast-page-background-meta":{"desktop":{"background-color":"var(--ast-global-color-5)","background-image":"","background-repeat":"repeat","background-position":"center center","background-size":"auto","background-attachment":"scroll","background-type":"","background-media":"","overlay-type":"","overlay-color":"","overlay-opacity":"","overlay-gradient":""},"tablet":{"background-color":"","background-image":"","background-repeat":"repeat","background-position":"center center","background-size":"auto","background-attachment":"scroll","background-type":"","background-media":"","overlay-type":"","overlay-color":"","overlay-opacity":"","overlay-gradient":""},"mobile":{"background-color":"","background-image":"","background-repeat":"repeat","background-position":"center center","background-size":"auto","background-attachment":"scroll","background-type":"","background-media":"","overlay-type":"","overlay-color":"","overlay-opacity":"","overlay-gradient":""}},"ast-content-background-meta":{"desktop":{"background-color":"var(--ast-global-color-4)","background-image":"","background-repeat":"repeat","background-position":"center center","background-size":"auto","background-attachment":"scroll","background-type":"","background-media":"","overlay-type":"","overlay-color":"","overlay-opacity":"","overlay-gradient":""},"tablet":{"background-color":"var(--ast-global-color-4)","background-image":"","background-repeat":"repeat","background-position":"center center","background-size":"auto","background-attachment":"scroll","background-type":"","background-media":"","overlay-type":"","overlay-color":"","overlay-opacity":"","overlay-gradient":""},"mobile":{"background-color":"var(--ast-global-color-4)","background-image":"","background-repeat":"repeat","background-position":"center center","background-size":"auto","background-attachment":"scroll","background-type":"","background-media":"","overlay-type":"","overlay-color":"","overlay-opacity":"","overlay-gradient":""}},"footnotes":""},"categories":[8],"tags":[149,60,27,42,148,78,87,88,154,150,153,152,47,71,105,65,96,66,112,151,91],"class_list":["post-1109","post","type-post","status-publish","format-standard","has-post-thumbnail","hentry","category-noticias","tag-acuerdo-colaboracion","tag-aje","tag-aje-almeria","tag-aje-andalucia","tag-asempal","tag-asociacion-de-jovenes-empresarios","tag-asociacion-jovenes-empresarios","tag-asociacion-jovenes-empresarios-almeria","tag-bienestar","tag-colaboracion","tag-desarrollo","tag-empleo","tag-emprendedor","tag-emprendedores-almeria","tag-emprender","tag-emprendimiento","tag-emprendimiento-almeria","tag-empresarios-almeria","tag-empresas-almeria","tag-iniciativa-emprendedora","tag-negocios-en-almeria"],"acf":[],"yoast_head":"<!-- This site is optimized with the Yoast SEO plugin v26.9 - https:\/\/yoast.com\/product\/yoast-seo-wordpress\/ -->\n<title>Acuerdo de colaboraci\u00f3n entre Aje Almer\u00eda y ASEMPAL - AJE Almer\u00eda<\/title>\n<meta name=\"robots\" content=\"index, follow, max-snippet:-1, max-image-preview:large, max-video-preview:-1\" \/>\n<link rel=\"canonical\" href=\"https:\/\/ajeandalucia.org\/almeria\/2018\/08\/07\/acuerdo-de-colaboracion-entre-aje-almeria-y-asempal\/\" \/>\n<meta property=\"og:locale\" content=\"es_ES\" \/>\n<meta property=\"og:type\" content=\"article\" \/>\n<meta property=\"og:title\" content=\"Acuerdo de colaboraci\u00f3n entre Aje Almer\u00eda y ASEMPAL - AJE Almer\u00eda\" \/>\n<meta property=\"og:description\" content=\"La Asociaci\u00f3n de J\u00f3venes Empresarios, AJE Almer\u00eda, y la Confederaci\u00f3n Empresarial de la Provincia de Almer\u00eda, ASEMPAL, renuevan su compromiso [&hellip;]\" \/>\n<meta property=\"og:url\" content=\"https:\/\/ajeandalucia.org\/almeria\/2018\/08\/07\/acuerdo-de-colaboracion-entre-aje-almeria-y-asempal\/\" \/>\n<meta property=\"og:site_name\" content=\"AJE Almer\u00eda\" \/>\n<meta property=\"article:published_time\" content=\"2018-08-07T09:40:24+00:00\" \/>\n<meta property=\"article:modified_time\" content=\"2018-08-07T09:40:58+00:00\" \/>\n<meta property=\"og:image\" content=\"https:\/\/ajeandalucia.org\/almeria\/wp-content\/uploads\/sites\/3\/2018\/08\/Asempal-Aje.jpg\" \/>\n\t<meta property=\"og:image:width\" content=\"1548\" \/>\n\t<meta property=\"og:image:height\" content=\"911\" \/>\n\t<meta property=\"og:image:type\" content=\"image\/jpeg\" \/>\n<meta name=\"author\" content=\"almeria\" \/>\n<meta name=\"twitter:card\" content=\"summary_large_image\" \/>\n<meta name=\"twitter:label1\" content=\"Escrito por\" \/>\n\t<meta name=\"twitter:data1\" content=\"almeria\" \/>\n\t<meta name=\"twitter:label2\" content=\"Tiempo de lectura\" \/>\n\t<meta name=\"twitter:data2\" content=\"1 minuto\" \/>\n<script type=\"application\/ld+json\" class=\"yoast-schema-graph\">{\"@context\":\"https:\/\/schema.org\",\"@graph\":[{\"@type\":\"Article\",\"@id\":\"https:\/\/ajeandalucia.org\/almeria\/2018\/08\/07\/acuerdo-de-colaboracion-entre-aje-almeria-y-asempal\/#article\",\"isPartOf\":{\"@id\":\"https:\/\/ajeandalucia.org\/almeria\/2018\/08\/07\/acuerdo-de-colaboracion-entre-aje-almeria-y-asempal\/\"},\"author\":{\"name\":\"almeria\",\"@id\":\"https:\/\/ajeandalucia.org\/almeria\/#\/schema\/person\/9336ac50bc8c90053f6bf3b99e5c7d7b\"},\"headline\":\"Acuerdo de colaboraci\u00f3n entre Aje Almer\u00eda y ASEMPAL\",\"datePublished\":\"2018-08-07T09:40:24+00:00\",\"dateModified\":\"2018-08-07T09:40:58+00:00\",\"mainEntityOfPage\":{\"@id\":\"https:\/\/ajeandalucia.org\/almeria\/2018\/08\/07\/acuerdo-de-colaboracion-entre-aje-almeria-y-asempal\/\"},\"wordCount\":185,\"commentCount\":0,\"publisher\":{\"@id\":\"https:\/\/ajeandalucia.org\/almeria\/#organization\"},\"image\":{\"@id\":\"https:\/\/ajeandalucia.org\/almeria\/2018\/08\/07\/acuerdo-de-colaboracion-entre-aje-almeria-y-asempal\/#primaryimage\"},\"thumbnailUrl\":\"https:\/\/ajeandalucia.org\/almeria\/wp-content\/uploads\/sites\/3\/2018\/08\/Asempal-Aje.jpg\",\"keywords\":[\"acuerdo colaboracion\",\"aje\",\"aje almeria\",\"aje andalucia\",\"asempal\",\"asociacion de j\u00f3venes empresarios\",\"asociacion jovenes empresarios\",\"asociacion jovenes empresarios almeria\",\"bienestar\",\"colaboraci\u00f3n\",\"desarrollo\",\"empleo\",\"emprendedor\",\"emprendedores almeria\",\"emprender\",\"emprendimiento\",\"emprendimiento almeria\",\"empresarios almer\u00eda\",\"empresas almer\u00eda\",\"iniciativa emprendedora\",\"negocios en almeria\"],\"articleSection\":[\"Noticias\"],\"inLanguage\":\"es\",\"potentialAction\":[{\"@type\":\"CommentAction\",\"name\":\"Comment\",\"target\":[\"https:\/\/ajeandalucia.org\/almeria\/2018\/08\/07\/acuerdo-de-colaboracion-entre-aje-almeria-y-asempal\/#respond\"]}]},{\"@type\":\"WebPage\",\"@id\":\"https:\/\/ajeandalucia.org\/almeria\/2018\/08\/07\/acuerdo-de-colaboracion-entre-aje-almeria-y-asempal\/\",\"url\":\"https:\/\/ajeandalucia.org\/almeria\/2018\/08\/07\/acuerdo-de-colaboracion-entre-aje-almeria-y-asempal\/\",\"name\":\"Acuerdo de colaboraci\u00f3n entre Aje Almer\u00eda y ASEMPAL - AJE Almer\u00eda\",\"isPartOf\":{\"@id\":\"https:\/\/ajeandalucia.org\/almeria\/#website\"},\"primaryImageOfPage\":{\"@id\":\"https:\/\/ajeandalucia.org\/almeria\/2018\/08\/07\/acuerdo-de-colaboracion-entre-aje-almeria-y-asempal\/#primaryimage\"},\"image\":{\"@id\":\"https:\/\/ajeandalucia.org\/almeria\/2018\/08\/07\/acuerdo-de-colaboracion-entre-aje-almeria-y-asempal\/#primaryimage\"},\"thumbnailUrl\":\"https:\/\/ajeandalucia.org\/almeria\/wp-content\/uploads\/sites\/3\/2018\/08\/Asempal-Aje.jpg\",\"datePublished\":\"2018-08-07T09:40:24+00:00\",\"dateModified\":\"2018-08-07T09:40:58+00:00\",\"breadcrumb\":{\"@id\":\"https:\/\/ajeandalucia.org\/almeria\/2018\/08\/07\/acuerdo-de-colaboracion-entre-aje-almeria-y-asempal\/#breadcrumb\"},\"inLanguage\":\"es\",\"potentialAction\":[{\"@type\":\"ReadAction\",\"target\":[\"https:\/\/ajeandalucia.org\/almeria\/2018\/08\/07\/acuerdo-de-colaboracion-entre-aje-almeria-y-asempal\/\"]}]},{\"@type\":\"ImageObject\",\"inLanguage\":\"es\",\"@id\":\"https:\/\/ajeandalucia.org\/almeria\/2018\/08\/07\/acuerdo-de-colaboracion-entre-aje-almeria-y-asempal\/#primaryimage\",\"url\":\"https:\/\/ajeandalucia.org\/almeria\/wp-content\/uploads\/sites\/3\/2018\/08\/Asempal-Aje.jpg\",\"contentUrl\":\"https:\/\/ajeandalucia.org\/almeria\/wp-content\/uploads\/sites\/3\/2018\/08\/Asempal-Aje.jpg\",\"width\":1548,\"height\":911},{\"@type\":\"BreadcrumbList\",\"@id\":\"https:\/\/ajeandalucia.org\/almeria\/2018\/08\/07\/acuerdo-de-colaboracion-entre-aje-almeria-y-asempal\/#breadcrumb\",\"itemListElement\":[{\"@type\":\"ListItem\",\"position\":1,\"name\":\"Portada\",\"item\":\"https:\/\/ajeandalucia.org\/almeria\/\"},{\"@type\":\"ListItem\",\"position\":2,\"name\":\"Acuerdo de colaboraci\u00f3n entre Aje Almer\u00eda y ASEMPAL\"}]},{\"@type\":\"WebSite\",\"@id\":\"https:\/\/ajeandalucia.org\/almeria\/#website\",\"url\":\"https:\/\/ajeandalucia.org\/almeria\/\",\"name\":\"AJE Almer\u00eda\",\"description\":\"Otro sitio m\u00e1s de AJE Andaluc\u00eda\",\"publisher\":{\"@id\":\"https:\/\/ajeandalucia.org\/almeria\/#organization\"},\"potentialAction\":[{\"@type\":\"SearchAction\",\"target\":{\"@type\":\"EntryPoint\",\"urlTemplate\":\"https:\/\/ajeandalucia.org\/almeria\/?s={search_term_string}\"},\"query-input\":{\"@type\":\"PropertyValueSpecification\",\"valueRequired\":true,\"valueName\":\"search_term_string\"}}],\"inLanguage\":\"es\"},{\"@type\":\"Organization\",\"@id\":\"https:\/\/ajeandalucia.org\/almeria\/#organization\",\"name\":\"AJE Almer\u00eda\",\"url\":\"https:\/\/ajeandalucia.org\/almeria\/\",\"logo\":{\"@type\":\"ImageObject\",\"inLanguage\":\"es\",\"@id\":\"https:\/\/ajeandalucia.org\/almeria\/#\/schema\/logo\/image\/\",\"url\":\"https:\/\/ajeandalucia.org\/almeria\/wp-content\/uploads\/sites\/3\/2025\/01\/AJE-ALMERIA-horizontal.png\",\"contentUrl\":\"https:\/\/ajeandalucia.org\/almeria\/wp-content\/uploads\/sites\/3\/2025\/01\/AJE-ALMERIA-horizontal.png\",\"width\":605,\"height\":200,\"caption\":\"AJE Almer\u00eda\"},\"image\":{\"@id\":\"https:\/\/ajeandalucia.org\/almeria\/#\/schema\/logo\/image\/\"}},{\"@type\":\"Person\",\"@id\":\"https:\/\/ajeandalucia.org\/almeria\/#\/schema\/person\/9336ac50bc8c90053f6bf3b99e5c7d7b\",\"name\":\"almeria\",\"image\":{\"@type\":\"ImageObject\",\"inLanguage\":\"es\",\"@id\":\"https:\/\/ajeandalucia.org\/almeria\/#\/schema\/person\/image\/\",\"url\":\"https:\/\/secure.gravatar.com\/avatar\/f5b6b7d37a8f964bd96d1a7752fc3160bb98a16a08fda2bb6fb3a80845dae5d6?s=96&d=mm&r=g\",\"contentUrl\":\"https:\/\/secure.gravatar.com\/avatar\/f5b6b7d37a8f964bd96d1a7752fc3160bb98a16a08fda2bb6fb3a80845dae5d6?s=96&d=mm&r=g\",\"caption\":\"almeria\"},\"sameAs\":[\"http:\/\/www.ajealmeria.org\/\"],\"url\":\"https:\/\/ajeandalucia.org\/almeria\/author\/almeria\/\"}]}<\/script>\n<!-- \/ Yoast SEO plugin. -->","yoast_head_json":{"title":"Acuerdo de colaboraci\u00f3n entre Aje Almer\u00eda y ASEMPAL - AJE Almer\u00eda","robots":{"index":"index","follow":"follow","max-snippet":"max-snippet:-1","max-image-preview":"max-image-preview:large","max-video-preview":"max-video-preview:-1"},"canonical":"https:\/\/ajeandalucia.org\/almeria\/2018\/08\/07\/acuerdo-de-colaboracion-entre-aje-almeria-y-asempal\/","og_locale":"es_ES","og_type":"article","og_title":"Acuerdo de colaboraci\u00f3n entre Aje Almer\u00eda y ASEMPAL - AJE Almer\u00eda","og_description":"La Asociaci\u00f3n de J\u00f3venes Empresarios, AJE Almer\u00eda, y la Confederaci\u00f3n Empresarial de la Provincia de Almer\u00eda, ASEMPAL, renuevan su compromiso [&hellip;]","og_url":"https:\/\/ajeandalucia.org\/almeria\/2018\/08\/07\/acuerdo-de-colaboracion-entre-aje-almeria-y-asempal\/","og_site_name":"AJE Almer\u00eda","article_published_time":"2018-08-07T09:40:24+00:00","article_modified_time":"2018-08-07T09:40:58+00:00","og_image":[{"width":1548,"height":911,"url":"https:\/\/ajeandalucia.org\/almeria\/wp-content\/uploads\/sites\/3\/2018\/08\/Asempal-Aje.jpg","type":"image\/jpeg"}],"author":"almeria","twitter_card":"summary_large_image","twitter_misc":{"Escrito por":"almeria","Tiempo de lectura":"1 minuto"},"schema":{"@context":"https:\/\/schema.org","@graph":[{"@type":"Article","@id":"https:\/\/ajeandalucia.org\/almeria\/2018\/08\/07\/acuerdo-de-colaboracion-entre-aje-almeria-y-asempal\/#article","isPartOf":{"@id":"https:\/\/ajeandalucia.org\/almeria\/2018\/08\/07\/acuerdo-de-colaboracion-entre-aje-almeria-y-asempal\/"},"author":{"name":"almeria","@id":"https:\/\/ajeandalucia.org\/almeria\/#\/schema\/person\/9336ac50bc8c90053f6bf3b99e5c7d7b"},"headline":"Acuerdo de colaboraci\u00f3n entre Aje Almer\u00eda y ASEMPAL","datePublished":"2018-08-07T09:40:24+00:00","dateModified":"2018-08-07T09:40:58+00:00","mainEntityOfPage":{"@id":"https:\/\/ajeandalucia.org\/almeria\/2018\/08\/07\/acuerdo-de-colaboracion-entre-aje-almeria-y-asempal\/"},"wordCount":185,"commentCount":0,"publisher":{"@id":"https:\/\/ajeandalucia.org\/almeria\/#organization"},"image":{"@id":"https:\/\/ajeandalucia.org\/almeria\/2018\/08\/07\/acuerdo-de-colaboracion-entre-aje-almeria-y-asempal\/#primaryimage"},"thumbnailUrl":"https:\/\/ajeandalucia.org\/almeria\/wp-content\/uploads\/sites\/3\/2018\/08\/Asempal-Aje.jpg","keywords":["acuerdo colaboracion","aje","aje almeria","aje andalucia","asempal","asociacion de j\u00f3venes empresarios","asociacion jovenes empresarios","asociacion jovenes empresarios almeria","bienestar","colaboraci\u00f3n","desarrollo","empleo","emprendedor","emprendedores almeria","emprender","emprendimiento","emprendimiento almeria","empresarios almer\u00eda","empresas almer\u00eda","iniciativa emprendedora","negocios en almeria"],"articleSection":["Noticias"],"inLanguage":"es","potentialAction":[{"@type":"CommentAction","name":"Comment","target":["https:\/\/ajeandalucia.org\/almeria\/2018\/08\/07\/acuerdo-de-colaboracion-entre-aje-almeria-y-asempal\/#respond"]}]},{"@type":"WebPage","@id":"https:\/\/ajeandalucia.org\/almeria\/2018\/08\/07\/acuerdo-de-colaboracion-entre-aje-almeria-y-asempal\/","url":"https:\/\/ajeandalucia.org\/almeria\/2018\/08\/07\/acuerdo-de-colaboracion-entre-aje-almeria-y-asempal\/","name":"Acuerdo de colaboraci\u00f3n entre Aje Almer\u00eda y ASEMPAL - AJE Almer\u00eda","isPartOf":{"@id":"https:\/\/ajeandalucia.org\/almeria\/#website"},"primaryImageOfPage":{"@id":"https:\/\/ajeandalucia.org\/almeria\/2018\/08\/07\/acuerdo-de-colaboracion-entre-aje-almeria-y-asempal\/#primaryimage"},"image":{"@id":"https:\/\/ajeandalucia.org\/almeria\/2018\/08\/07\/acuerdo-de-colaboracion-entre-aje-almeria-y-asempal\/#primaryimage"},"thumbnailUrl":"https:\/\/ajeandalucia.org\/almeria\/wp-content\/uploads\/sites\/3\/2018\/08\/Asempal-Aje.jpg","datePublished":"2018-08-07T09:40:24+00:00","dateModified":"2018-08-07T09:40:58+00:00","breadcrumb":{"@id":"https:\/\/ajeandalucia.org\/almeria\/2018\/08\/07\/acuerdo-de-colaboracion-entre-aje-almeria-y-asempal\/#breadcrumb"},"inLanguage":"es","potentialAction":[{"@type":"ReadAction","target":["https:\/\/ajeandalucia.org\/almeria\/2018\/08\/07\/acuerdo-de-colaboracion-entre-aje-almeria-y-asempal\/"]}]},{"@type":"ImageObject","inLanguage":"es","@id":"https:\/\/ajeandalucia.org\/almeria\/2018\/08\/07\/acuerdo-de-colaboracion-entre-aje-almeria-y-asempal\/#primaryimage","url":"https:\/\/ajeandalucia.org\/almeria\/wp-content\/uploads\/sites\/3\/2018\/08\/Asempal-Aje.jpg","contentUrl":"https:\/\/ajeandalucia.org\/almeria\/wp-content\/uploads\/sites\/3\/2018\/08\/Asempal-Aje.jpg","width":1548,"height":911},{"@type":"BreadcrumbList","@id":"https:\/\/ajeandalucia.org\/almeria\/2018\/08\/07\/acuerdo-de-colaboracion-entre-aje-almeria-y-asempal\/#breadcrumb","itemListElement":[{"@type":"ListItem","position":1,"name":"Portada","item":"https:\/\/ajeandalucia.org\/almeria\/"},{"@type":"ListItem","position":2,"name":"Acuerdo de colaboraci\u00f3n entre Aje Almer\u00eda y ASEMPAL"}]},{"@type":"WebSite","@id":"https:\/\/ajeandalucia.org\/almeria\/#website","url":"https:\/\/ajeandalucia.org\/almeria\/","name":"AJE Almer\u00eda","description":"Otro sitio m\u00e1s de AJE Andaluc\u00eda","publisher":{"@id":"https:\/\/ajeandalucia.org\/almeria\/#organization"},"potentialAction":[{"@type":"SearchAction","target":{"@type":"EntryPoint","urlTemplate":"https:\/\/ajeandalucia.org\/almeria\/?s={search_term_string}"},"query-input":{"@type":"PropertyValueSpecification","valueRequired":true,"valueName":"search_term_string"}}],"inLanguage":"es"},{"@type":"Organization","@id":"https:\/\/ajeandalucia.org\/almeria\/#organization","name":"AJE Almer\u00eda","url":"https:\/\/ajeandalucia.org\/almeria\/","logo":{"@type":"ImageObject","inLanguage":"es","@id":"https:\/\/ajeandalucia.org\/almeria\/#\/schema\/logo\/image\/","url":"https:\/\/ajeandalucia.org\/almeria\/wp-content\/uploads\/sites\/3\/2025\/01\/AJE-ALMERIA-horizontal.png","contentUrl":"https:\/\/ajeandalucia.org\/almeria\/wp-content\/uploads\/sites\/3\/2025\/01\/AJE-ALMERIA-horizontal.png","width":605,"height":200,"caption":"AJE Almer\u00eda"},"image":{"@id":"https:\/\/ajeandalucia.org\/almeria\/#\/schema\/logo\/image\/"}},{"@type":"Person","@id":"https:\/\/ajeandalucia.org\/almeria\/#\/schema\/person\/9336ac50bc8c90053f6bf3b99e5c7d7b","name":"almeria","image":{"@type":"ImageObject","inLanguage":"es","@id":"https:\/\/ajeandalucia.org\/almeria\/#\/schema\/person\/image\/","url":"https:\/\/secure.gravatar.com\/avatar\/f5b6b7d37a8f964bd96d1a7752fc3160bb98a16a08fda2bb6fb3a80845dae5d6?s=96&d=mm&r=g","contentUrl":"https:\/\/secure.gravatar.com\/avatar\/f5b6b7d37a8f964bd96d1a7752fc3160bb98a16a08fda2bb6fb3a80845dae5d6?s=96&d=mm&r=g","caption":"almeria"},"sameAs":["http:\/\/www.ajealmeria.org\/"],"url":"https:\/\/ajeandalucia.org\/almeria\/author\/almeria\/"}]}},"_links":{"self":[{"href":"https:\/\/ajeandalucia.org\/almeria\/wp-json\/wp\/v2\/posts\/1109","targetHints":{"allow":["GET"]}}],"collection":[{"href":"https:\/\/ajeandalucia.org\/almeria\/wp-json\/wp\/v2\/posts"}],"about":[{"href":"https:\/\/ajeandalucia.org\/almeria\/wp-json\/wp\/v2\/types\/post"}],"author":[{"embeddable":true,"href":"https:\/\/ajeandalucia.org\/almeria\/wp-json\/wp\/v2\/users\/3"}],"replies":[{"embeddable":true,"href":"https:\/\/ajeandalucia.org\/almeria\/wp-json\/wp\/v2\/comments?post=1109"}],"version-history":[{"count":1,"href":"https:\/\/ajeandalucia.org\/almeria\/wp-json\/wp\/v2\/posts\/1109\/revisions"}],"predecessor-version":[{"id":1111,"href":"https:\/\/ajeandalucia.org\/almeria\/wp-json\/wp\/v2\/posts\/1109\/revisions\/1111"}],"wp:featuredmedia":[{"embeddable":true,"href":"https:\/\/ajeandalucia.org\/almeria\/wp-json\/wp\/v2\/media\/1110"}],"wp:attachment":[{"href":"https:\/\/ajeandalucia.org\/almeria\/wp-json\/wp\/v2\/media?parent=1109"}],"wp:term":[{"taxonomy":"category","embeddable":true,"href":"https:\/\/ajeandalucia.org\/almeria\/wp-json\/wp\/v2\/categories?post=1109"},{"taxonomy":"post_tag","embeddable":true,"href":"https:\/\/ajeandalucia.org\/almeria\/wp-json\/wp\/v2\/tags?post=1109"}],"curies":[{"name":"wp","href":"https:\/\/api.w.org\/{rel}","templated":true}]}}