{"id":1138,"date":"2018-09-11T08:44:46","date_gmt":"2018-09-11T08:44:46","guid":{"rendered":"http:\/\/www.ajeandalucia.org\/almeria\/?p=1138"},"modified":"2018-09-11T08:44:48","modified_gmt":"2018-09-11T08:44:48","slug":"xvi-edicion-del-premio-nacional-joven-empresario-de-ceaje","status":"publish","type":"post","link":"https:\/\/ajeandalucia.org\/almeria\/2018\/09\/11\/xvi-edicion-del-premio-nacional-joven-empresario-de-ceaje\/","title":{"rendered":"XVI edici\u00f3n del Premio Nacional Joven Empresario de CEAJE"},"content":{"rendered":"<p>El Premio Nacional Joven Empresario es el <strong>reconocimiento m\u00e1s destacado<\/strong> para este sector en el \u00e1mbito estatal. El galard\u00f3n, dirigido a <strong>empresarios menores de 41 a\u00f1os<\/strong>, valora a los j\u00f3venes espa\u00f1oles que hayan logrado crear una <strong>empresa fuerte y competitiva<\/strong>, capaz de generar empleo y contribuir a la riqueza del pa\u00eds.<\/p>\n<p>Se trata de una iniciativa de CEAJE que ya va por su XVI edici\u00f3n y que, en cada ocasi\u00f3n, se celebra en una ciudad espa\u00f1ola diferente. En esta ocasi\u00f3n, el enclave elegido ha sido el\u00a0<strong>Complejo Duques de Pastrana de Madrid<\/strong>.<\/p>\n<p>El Premio, que cuenta con la colaboraci\u00f3n de <a href=\"http:\/\/www.ajemadrid.es\/\">AJE Madrid<\/a>, se conceder\u00e1n <strong>seis acc\u00e9sits<\/strong> en las categor\u00edas de innovaci\u00f3n, retail, internacionalizaci\u00f3n empresarial, compromiso social, relevo generacional y joven empresario con discapacidad. La entrega de estos acc\u00e9sits permite reconocer el \u00e9xito de todas las trayectorias empresariales de los j\u00f3venes emprendedores en sus distintas vertientes, formas y \u00e1mbitos.<\/p>\n<p><b>Las candidaturas se podr\u00e1n presentar hasta el 28 de septiembre<\/b>, un jurado independiente compuesto por profesionales de reconocido prestigio en el \u00e1mbito empresarial, acad\u00e9mico y de la comunicaci\u00f3n valorar\u00e1 el grado de desarrollo y consolidaci\u00f3n de las distintas candidaturas, su contribuci\u00f3n a la creaci\u00f3n de empleo y a la generaci\u00f3n de riqueza.<\/p>\n<p>Si eres empresario menor de 41 a\u00f1os, presenta tu candidatura a trav\u00e9s del siguiente enlace: <a href=\"http:\/\/premiojovenempresario.com\/candidatos-premio\/\">www.premiojovenempresario.com<\/a><\/p>\n","protected":false},"excerpt":{"rendered":"<p>El Premio Nacional Joven Empresario es el reconocimiento m\u00e1s destacado para este sector en el \u00e1mbito estatal. El galard\u00f3n, dirigido [&hellip;]<\/p>\n","protected":false},"author":3,"featured_media":1143,"comment_status":"open","ping_status":"open","sticky":false,"template":"","format":"standard","meta":{"_acf_changed":false,"site-sidebar-layout":"default","site-content-layout":"","ast-site-content-layout":"default","site-content-style":"default","site-sidebar-style":"default","ast-global-header-display":"","ast-banner-title-visibility":"","ast-main-header-display":"","ast-hfb-above-header-display":"","ast-hfb-below-header-display":"","ast-hfb-mobile-header-display":"","site-post-title":"","ast-breadcrumbs-content":"","ast-featured-img":"","footer-sml-layout":"","ast-disable-related-posts":"","theme-transparent-header-meta":"","adv-header-id-meta":"","stick-header-meta":"","header-above-stick-meta":"","header-main-stick-meta":"","header-below-stick-meta":"","astra-migrate-meta-layouts":"default","ast-page-background-enabled":"default","ast-page-background-meta":{"desktop":{"background-color":"var(--ast-global-color-5)","background-image":"","background-repeat":"repeat","background-position":"center center","background-size":"auto","background-attachment":"scroll","background-type":"","background-media":"","overlay-type":"","overlay-color":"","overlay-opacity":"","overlay-gradient":""},"tablet":{"background-color":"","background-image":"","background-repeat":"repeat","background-position":"center center","background-size":"auto","background-attachment":"scroll","background-type":"","background-media":"","overlay-type":"","overlay-color":"","overlay-opacity":"","overlay-gradient":""},"mobile":{"background-color":"","background-image":"","background-repeat":"repeat","background-position":"center center","background-size":"auto","background-attachment":"scroll","background-type":"","background-media":"","overlay-type":"","overlay-color":"","overlay-opacity":"","overlay-gradient":""}},"ast-content-background-meta":{"desktop":{"background-color":"var(--ast-global-color-4)","background-image":"","background-repeat":"repeat","background-position":"center center","background-size":"auto","background-attachment":"scroll","background-type":"","background-media":"","overlay-type":"","overlay-color":"","overlay-opacity":"","overlay-gradient":""},"tablet":{"background-color":"var(--ast-global-color-4)","background-image":"","background-repeat":"repeat","background-position":"center center","background-size":"auto","background-attachment":"scroll","background-type":"","background-media":"","overlay-type":"","overlay-color":"","overlay-opacity":"","overlay-gradient":""},"mobile":{"background-color":"var(--ast-global-color-4)","background-image":"","background-repeat":"repeat","background-position":"center center","background-size":"auto","background-attachment":"scroll","background-type":"","background-media":"","overlay-type":"","overlay-color":"","overlay-opacity":"","overlay-gradient":""}},"footnotes":""},"categories":[8],"tags":[60,27,42,155,78,87,88,156,47,30,71,105,65,96,118,72,117,66,45,33,100,157,35,29,143,142],"class_list":["post-1138","post","type-post","status-publish","format-standard","has-post-thumbnail","hentry","category-noticias","tag-aje","tag-aje-almeria","tag-aje-andalucia","tag-aje-madrid","tag-asociacion-de-jovenes-empresarios","tag-asociacion-jovenes-empresarios","tag-asociacion-jovenes-empresarios-almeria","tag-ceaje","tag-emprendedor","tag-emprendedores","tag-emprendedores-almeria","tag-emprender","tag-emprendimiento","tag-emprendimiento-almeria","tag-emprendimiento-mujeres","tag-empresa","tag-empresarias-almeria","tag-empresarios-almeria","tag-empresas","tag-jovenes-empresarios","tag-jovenes-empresarios-almeria","tag-premio-nacional-joven-empresario","tag-premios","tag-premios-ceaje","tag-socio-aje","tag-socio-aje-almeria"],"acf":[],"yoast_head":"<!-- This site is optimized with the Yoast SEO plugin v26.9 - https:\/\/yoast.com\/product\/yoast-seo-wordpress\/ -->\n<title>XVI edici\u00f3n del Premio Nacional Joven Empresario de CEAJE - AJE Almer\u00eda<\/title>\n<meta name=\"robots\" content=\"index, follow, max-snippet:-1, max-image-preview:large, max-video-preview:-1\" \/>\n<link rel=\"canonical\" href=\"https:\/\/ajeandalucia.org\/almeria\/2018\/09\/11\/xvi-edicion-del-premio-nacional-joven-empresario-de-ceaje\/\" \/>\n<meta property=\"og:locale\" content=\"es_ES\" \/>\n<meta property=\"og:type\" content=\"article\" \/>\n<meta property=\"og:title\" content=\"XVI edici\u00f3n del Premio Nacional Joven Empresario de CEAJE - AJE Almer\u00eda\" \/>\n<meta property=\"og:description\" content=\"El Premio Nacional Joven Empresario es el reconocimiento m\u00e1s destacado para este sector en el \u00e1mbito estatal. El galard\u00f3n, dirigido [&hellip;]\" \/>\n<meta property=\"og:url\" content=\"https:\/\/ajeandalucia.org\/almeria\/2018\/09\/11\/xvi-edicion-del-premio-nacional-joven-empresario-de-ceaje\/\" \/>\n<meta property=\"og:site_name\" content=\"AJE Almer\u00eda\" \/>\n<meta property=\"article:published_time\" content=\"2018-09-11T08:44:46+00:00\" \/>\n<meta property=\"article:modified_time\" content=\"2018-09-11T08:44:48+00:00\" \/>\n<meta property=\"og:image\" content=\"https:\/\/ajeandalucia.org\/almeria\/wp-content\/uploads\/sites\/3\/2018\/09\/695483303.jpg\" \/>\n\t<meta property=\"og:image:width\" content=\"600\" \/>\n\t<meta property=\"og:image:height\" content=\"347\" \/>\n\t<meta property=\"og:image:type\" content=\"image\/jpeg\" \/>\n<meta name=\"author\" content=\"almeria\" \/>\n<meta name=\"twitter:card\" content=\"summary_large_image\" \/>\n<meta name=\"twitter:label1\" content=\"Escrito por\" \/>\n\t<meta name=\"twitter:data1\" content=\"almeria\" \/>\n\t<meta name=\"twitter:label2\" content=\"Tiempo de lectura\" \/>\n\t<meta name=\"twitter:data2\" content=\"1 minuto\" \/>\n<script type=\"application\/ld+json\" class=\"yoast-schema-graph\">{\"@context\":\"https:\/\/schema.org\",\"@graph\":[{\"@type\":\"Article\",\"@id\":\"https:\/\/ajeandalucia.org\/almeria\/2018\/09\/11\/xvi-edicion-del-premio-nacional-joven-empresario-de-ceaje\/#article\",\"isPartOf\":{\"@id\":\"https:\/\/ajeandalucia.org\/almeria\/2018\/09\/11\/xvi-edicion-del-premio-nacional-joven-empresario-de-ceaje\/\"},\"author\":{\"name\":\"almeria\",\"@id\":\"https:\/\/ajeandalucia.org\/almeria\/#\/schema\/person\/9336ac50bc8c90053f6bf3b99e5c7d7b\"},\"headline\":\"XVI edici\u00f3n del Premio Nacional Joven Empresario de CEAJE\",\"datePublished\":\"2018-09-11T08:44:46+00:00\",\"dateModified\":\"2018-09-11T08:44:48+00:00\",\"mainEntityOfPage\":{\"@id\":\"https:\/\/ajeandalucia.org\/almeria\/2018\/09\/11\/xvi-edicion-del-premio-nacional-joven-empresario-de-ceaje\/\"},\"wordCount\":252,\"commentCount\":0,\"publisher\":{\"@id\":\"https:\/\/ajeandalucia.org\/almeria\/#organization\"},\"image\":{\"@id\":\"https:\/\/ajeandalucia.org\/almeria\/2018\/09\/11\/xvi-edicion-del-premio-nacional-joven-empresario-de-ceaje\/#primaryimage\"},\"thumbnailUrl\":\"https:\/\/ajeandalucia.org\/almeria\/wp-content\/uploads\/sites\/3\/2018\/09\/695483303.jpg\",\"keywords\":[\"aje\",\"aje almeria\",\"aje andalucia\",\"aje madrid\",\"asociacion de j\u00f3venes empresarios\",\"asociacion jovenes empresarios\",\"asociacion jovenes empresarios almeria\",\"ceaje\",\"emprendedor\",\"emprendedores\",\"emprendedores almeria\",\"emprender\",\"emprendimiento\",\"emprendimiento almeria\",\"emprendimiento mujeres\",\"empresa\",\"empresarias almeria\",\"empresarios almer\u00eda\",\"empresas\",\"j\u00f3venes empresarios\",\"j\u00f3venes empresarios almer\u00eda\",\"premio nacional joven empresario\",\"premios\",\"premios ceaje\",\"socio aje\",\"socio aje almeria\"],\"articleSection\":[\"Noticias\"],\"inLanguage\":\"es\",\"potentialAction\":[{\"@type\":\"CommentAction\",\"name\":\"Comment\",\"target\":[\"https:\/\/ajeandalucia.org\/almeria\/2018\/09\/11\/xvi-edicion-del-premio-nacional-joven-empresario-de-ceaje\/#respond\"]}]},{\"@type\":\"WebPage\",\"@id\":\"https:\/\/ajeandalucia.org\/almeria\/2018\/09\/11\/xvi-edicion-del-premio-nacional-joven-empresario-de-ceaje\/\",\"url\":\"https:\/\/ajeandalucia.org\/almeria\/2018\/09\/11\/xvi-edicion-del-premio-nacional-joven-empresario-de-ceaje\/\",\"name\":\"XVI edici\u00f3n del Premio Nacional Joven Empresario de CEAJE - AJE Almer\u00eda\",\"isPartOf\":{\"@id\":\"https:\/\/ajeandalucia.org\/almeria\/#website\"},\"primaryImageOfPage\":{\"@id\":\"https:\/\/ajeandalucia.org\/almeria\/2018\/09\/11\/xvi-edicion-del-premio-nacional-joven-empresario-de-ceaje\/#primaryimage\"},\"image\":{\"@id\":\"https:\/\/ajeandalucia.org\/almeria\/2018\/09\/11\/xvi-edicion-del-premio-nacional-joven-empresario-de-ceaje\/#primaryimage\"},\"thumbnailUrl\":\"https:\/\/ajeandalucia.org\/almeria\/wp-content\/uploads\/sites\/3\/2018\/09\/695483303.jpg\",\"datePublished\":\"2018-09-11T08:44:46+00:00\",\"dateModified\":\"2018-09-11T08:44:48+00:00\",\"breadcrumb\":{\"@id\":\"https:\/\/ajeandalucia.org\/almeria\/2018\/09\/11\/xvi-edicion-del-premio-nacional-joven-empresario-de-ceaje\/#breadcrumb\"},\"inLanguage\":\"es\",\"potentialAction\":[{\"@type\":\"ReadAction\",\"target\":[\"https:\/\/ajeandalucia.org\/almeria\/2018\/09\/11\/xvi-edicion-del-premio-nacional-joven-empresario-de-ceaje\/\"]}]},{\"@type\":\"ImageObject\",\"inLanguage\":\"es\",\"@id\":\"https:\/\/ajeandalucia.org\/almeria\/2018\/09\/11\/xvi-edicion-del-premio-nacional-joven-empresario-de-ceaje\/#primaryimage\",\"url\":\"https:\/\/ajeandalucia.org\/almeria\/wp-content\/uploads\/sites\/3\/2018\/09\/695483303.jpg\",\"contentUrl\":\"https:\/\/ajeandalucia.org\/almeria\/wp-content\/uploads\/sites\/3\/2018\/09\/695483303.jpg\",\"width\":600,\"height\":347,\"caption\":\"aje almeria\"},{\"@type\":\"BreadcrumbList\",\"@id\":\"https:\/\/ajeandalucia.org\/almeria\/2018\/09\/11\/xvi-edicion-del-premio-nacional-joven-empresario-de-ceaje\/#breadcrumb\",\"itemListElement\":[{\"@type\":\"ListItem\",\"position\":1,\"name\":\"Portada\",\"item\":\"https:\/\/ajeandalucia.org\/almeria\/\"},{\"@type\":\"ListItem\",\"position\":2,\"name\":\"XVI edici\u00f3n del Premio Nacional Joven Empresario de CEAJE\"}]},{\"@type\":\"WebSite\",\"@id\":\"https:\/\/ajeandalucia.org\/almeria\/#website\",\"url\":\"https:\/\/ajeandalucia.org\/almeria\/\",\"name\":\"AJE Almer\u00eda\",\"description\":\"Otro sitio m\u00e1s de AJE Andaluc\u00eda\",\"publisher\":{\"@id\":\"https:\/\/ajeandalucia.org\/almeria\/#organization\"},\"potentialAction\":[{\"@type\":\"SearchAction\",\"target\":{\"@type\":\"EntryPoint\",\"urlTemplate\":\"https:\/\/ajeandalucia.org\/almeria\/?s={search_term_string}\"},\"query-input\":{\"@type\":\"PropertyValueSpecification\",\"valueRequired\":true,\"valueName\":\"search_term_string\"}}],\"inLanguage\":\"es\"},{\"@type\":\"Organization\",\"@id\":\"https:\/\/ajeandalucia.org\/almeria\/#organization\",\"name\":\"AJE Almer\u00eda\",\"url\":\"https:\/\/ajeandalucia.org\/almeria\/\",\"logo\":{\"@type\":\"ImageObject\",\"inLanguage\":\"es\",\"@id\":\"https:\/\/ajeandalucia.org\/almeria\/#\/schema\/logo\/image\/\",\"url\":\"https:\/\/ajeandalucia.org\/almeria\/wp-content\/uploads\/sites\/3\/2025\/01\/AJE-ALMERIA-horizontal.png\",\"contentUrl\":\"https:\/\/ajeandalucia.org\/almeria\/wp-content\/uploads\/sites\/3\/2025\/01\/AJE-ALMERIA-horizontal.png\",\"width\":605,\"height\":200,\"caption\":\"AJE Almer\u00eda\"},\"image\":{\"@id\":\"https:\/\/ajeandalucia.org\/almeria\/#\/schema\/logo\/image\/\"}},{\"@type\":\"Person\",\"@id\":\"https:\/\/ajeandalucia.org\/almeria\/#\/schema\/person\/9336ac50bc8c90053f6bf3b99e5c7d7b\",\"name\":\"almeria\",\"image\":{\"@type\":\"ImageObject\",\"inLanguage\":\"es\",\"@id\":\"https:\/\/ajeandalucia.org\/almeria\/#\/schema\/person\/image\/\",\"url\":\"https:\/\/secure.gravatar.com\/avatar\/f5b6b7d37a8f964bd96d1a7752fc3160bb98a16a08fda2bb6fb3a80845dae5d6?s=96&d=mm&r=g\",\"contentUrl\":\"https:\/\/secure.gravatar.com\/avatar\/f5b6b7d37a8f964bd96d1a7752fc3160bb98a16a08fda2bb6fb3a80845dae5d6?s=96&d=mm&r=g\",\"caption\":\"almeria\"},\"sameAs\":[\"http:\/\/www.ajealmeria.org\/\"],\"url\":\"https:\/\/ajeandalucia.org\/almeria\/author\/almeria\/\"}]}<\/script>\n<!-- \/ Yoast SEO plugin. -->","yoast_head_json":{"title":"XVI edici\u00f3n del Premio Nacional Joven Empresario de CEAJE - AJE Almer\u00eda","robots":{"index":"index","follow":"follow","max-snippet":"max-snippet:-1","max-image-preview":"max-image-preview:large","max-video-preview":"max-video-preview:-1"},"canonical":"https:\/\/ajeandalucia.org\/almeria\/2018\/09\/11\/xvi-edicion-del-premio-nacional-joven-empresario-de-ceaje\/","og_locale":"es_ES","og_type":"article","og_title":"XVI edici\u00f3n del Premio Nacional Joven Empresario de CEAJE - AJE Almer\u00eda","og_description":"El Premio Nacional Joven Empresario es el reconocimiento m\u00e1s destacado para este sector en el \u00e1mbito estatal. El galard\u00f3n, dirigido [&hellip;]","og_url":"https:\/\/ajeandalucia.org\/almeria\/2018\/09\/11\/xvi-edicion-del-premio-nacional-joven-empresario-de-ceaje\/","og_site_name":"AJE Almer\u00eda","article_published_time":"2018-09-11T08:44:46+00:00","article_modified_time":"2018-09-11T08:44:48+00:00","og_image":[{"width":600,"height":347,"url":"https:\/\/ajeandalucia.org\/almeria\/wp-content\/uploads\/sites\/3\/2018\/09\/695483303.jpg","type":"image\/jpeg"}],"author":"almeria","twitter_card":"summary_large_image","twitter_misc":{"Escrito por":"almeria","Tiempo de lectura":"1 minuto"},"schema":{"@context":"https:\/\/schema.org","@graph":[{"@type":"Article","@id":"https:\/\/ajeandalucia.org\/almeria\/2018\/09\/11\/xvi-edicion-del-premio-nacional-joven-empresario-de-ceaje\/#article","isPartOf":{"@id":"https:\/\/ajeandalucia.org\/almeria\/2018\/09\/11\/xvi-edicion-del-premio-nacional-joven-empresario-de-ceaje\/"},"author":{"name":"almeria","@id":"https:\/\/ajeandalucia.org\/almeria\/#\/schema\/person\/9336ac50bc8c90053f6bf3b99e5c7d7b"},"headline":"XVI edici\u00f3n del Premio Nacional Joven Empresario de CEAJE","datePublished":"2018-09-11T08:44:46+00:00","dateModified":"2018-09-11T08:44:48+00:00","mainEntityOfPage":{"@id":"https:\/\/ajeandalucia.org\/almeria\/2018\/09\/11\/xvi-edicion-del-premio-nacional-joven-empresario-de-ceaje\/"},"wordCount":252,"commentCount":0,"publisher":{"@id":"https:\/\/ajeandalucia.org\/almeria\/#organization"},"image":{"@id":"https:\/\/ajeandalucia.org\/almeria\/2018\/09\/11\/xvi-edicion-del-premio-nacional-joven-empresario-de-ceaje\/#primaryimage"},"thumbnailUrl":"https:\/\/ajeandalucia.org\/almeria\/wp-content\/uploads\/sites\/3\/2018\/09\/695483303.jpg","keywords":["aje","aje almeria","aje andalucia","aje madrid","asociacion de j\u00f3venes empresarios","asociacion jovenes empresarios","asociacion jovenes empresarios almeria","ceaje","emprendedor","emprendedores","emprendedores almeria","emprender","emprendimiento","emprendimiento almeria","emprendimiento mujeres","empresa","empresarias almeria","empresarios almer\u00eda","empresas","j\u00f3venes empresarios","j\u00f3venes empresarios almer\u00eda","premio nacional joven empresario","premios","premios ceaje","socio aje","socio aje almeria"],"articleSection":["Noticias"],"inLanguage":"es","potentialAction":[{"@type":"CommentAction","name":"Comment","target":["https:\/\/ajeandalucia.org\/almeria\/2018\/09\/11\/xvi-edicion-del-premio-nacional-joven-empresario-de-ceaje\/#respond"]}]},{"@type":"WebPage","@id":"https:\/\/ajeandalucia.org\/almeria\/2018\/09\/11\/xvi-edicion-del-premio-nacional-joven-empresario-de-ceaje\/","url":"https:\/\/ajeandalucia.org\/almeria\/2018\/09\/11\/xvi-edicion-del-premio-nacional-joven-empresario-de-ceaje\/","name":"XVI edici\u00f3n del Premio Nacional Joven Empresario de CEAJE - AJE Almer\u00eda","isPartOf":{"@id":"https:\/\/ajeandalucia.org\/almeria\/#website"},"primaryImageOfPage":{"@id":"https:\/\/ajeandalucia.org\/almeria\/2018\/09\/11\/xvi-edicion-del-premio-nacional-joven-empresario-de-ceaje\/#primaryimage"},"image":{"@id":"https:\/\/ajeandalucia.org\/almeria\/2018\/09\/11\/xvi-edicion-del-premio-nacional-joven-empresario-de-ceaje\/#primaryimage"},"thumbnailUrl":"https:\/\/ajeandalucia.org\/almeria\/wp-content\/uploads\/sites\/3\/2018\/09\/695483303.jpg","datePublished":"2018-09-11T08:44:46+00:00","dateModified":"2018-09-11T08:44:48+00:00","breadcrumb":{"@id":"https:\/\/ajeandalucia.org\/almeria\/2018\/09\/11\/xvi-edicion-del-premio-nacional-joven-empresario-de-ceaje\/#breadcrumb"},"inLanguage":"es","potentialAction":[{"@type":"ReadAction","target":["https:\/\/ajeandalucia.org\/almeria\/2018\/09\/11\/xvi-edicion-del-premio-nacional-joven-empresario-de-ceaje\/"]}]},{"@type":"ImageObject","inLanguage":"es","@id":"https:\/\/ajeandalucia.org\/almeria\/2018\/09\/11\/xvi-edicion-del-premio-nacional-joven-empresario-de-ceaje\/#primaryimage","url":"https:\/\/ajeandalucia.org\/almeria\/wp-content\/uploads\/sites\/3\/2018\/09\/695483303.jpg","contentUrl":"https:\/\/ajeandalucia.org\/almeria\/wp-content\/uploads\/sites\/3\/2018\/09\/695483303.jpg","width":600,"height":347,"caption":"aje almeria"},{"@type":"BreadcrumbList","@id":"https:\/\/ajeandalucia.org\/almeria\/2018\/09\/11\/xvi-edicion-del-premio-nacional-joven-empresario-de-ceaje\/#breadcrumb","itemListElement":[{"@type":"ListItem","position":1,"name":"Portada","item":"https:\/\/ajeandalucia.org\/almeria\/"},{"@type":"ListItem","position":2,"name":"XVI edici\u00f3n del Premio Nacional Joven Empresario de CEAJE"}]},{"@type":"WebSite","@id":"https:\/\/ajeandalucia.org\/almeria\/#website","url":"https:\/\/ajeandalucia.org\/almeria\/","name":"AJE Almer\u00eda","description":"Otro sitio m\u00e1s de AJE Andaluc\u00eda","publisher":{"@id":"https:\/\/ajeandalucia.org\/almeria\/#organization"},"potentialAction":[{"@type":"SearchAction","target":{"@type":"EntryPoint","urlTemplate":"https:\/\/ajeandalucia.org\/almeria\/?s={search_term_string}"},"query-input":{"@type":"PropertyValueSpecification","valueRequired":true,"valueName":"search_term_string"}}],"inLanguage":"es"},{"@type":"Organization","@id":"https:\/\/ajeandalucia.org\/almeria\/#organization","name":"AJE Almer\u00eda","url":"https:\/\/ajeandalucia.org\/almeria\/","logo":{"@type":"ImageObject","inLanguage":"es","@id":"https:\/\/ajeandalucia.org\/almeria\/#\/schema\/logo\/image\/","url":"https:\/\/ajeandalucia.org\/almeria\/wp-content\/uploads\/sites\/3\/2025\/01\/AJE-ALMERIA-horizontal.png","contentUrl":"https:\/\/ajeandalucia.org\/almeria\/wp-content\/uploads\/sites\/3\/2025\/01\/AJE-ALMERIA-horizontal.png","width":605,"height":200,"caption":"AJE Almer\u00eda"},"image":{"@id":"https:\/\/ajeandalucia.org\/almeria\/#\/schema\/logo\/image\/"}},{"@type":"Person","@id":"https:\/\/ajeandalucia.org\/almeria\/#\/schema\/person\/9336ac50bc8c90053f6bf3b99e5c7d7b","name":"almeria","image":{"@type":"ImageObject","inLanguage":"es","@id":"https:\/\/ajeandalucia.org\/almeria\/#\/schema\/person\/image\/","url":"https:\/\/secure.gravatar.com\/avatar\/f5b6b7d37a8f964bd96d1a7752fc3160bb98a16a08fda2bb6fb3a80845dae5d6?s=96&d=mm&r=g","contentUrl":"https:\/\/secure.gravatar.com\/avatar\/f5b6b7d37a8f964bd96d1a7752fc3160bb98a16a08fda2bb6fb3a80845dae5d6?s=96&d=mm&r=g","caption":"almeria"},"sameAs":["http:\/\/www.ajealmeria.org\/"],"url":"https:\/\/ajeandalucia.org\/almeria\/author\/almeria\/"}]}},"_links":{"self":[{"href":"https:\/\/ajeandalucia.org\/almeria\/wp-json\/wp\/v2\/posts\/1138","targetHints":{"allow":["GET"]}}],"collection":[{"href":"https:\/\/ajeandalucia.org\/almeria\/wp-json\/wp\/v2\/posts"}],"about":[{"href":"https:\/\/ajeandalucia.org\/almeria\/wp-json\/wp\/v2\/types\/post"}],"author":[{"embeddable":true,"href":"https:\/\/ajeandalucia.org\/almeria\/wp-json\/wp\/v2\/users\/3"}],"replies":[{"embeddable":true,"href":"https:\/\/ajeandalucia.org\/almeria\/wp-json\/wp\/v2\/comments?post=1138"}],"version-history":[{"count":1,"href":"https:\/\/ajeandalucia.org\/almeria\/wp-json\/wp\/v2\/posts\/1138\/revisions"}],"predecessor-version":[{"id":1139,"href":"https:\/\/ajeandalucia.org\/almeria\/wp-json\/wp\/v2\/posts\/1138\/revisions\/1139"}],"wp:featuredmedia":[{"embeddable":true,"href":"https:\/\/ajeandalucia.org\/almeria\/wp-json\/wp\/v2\/media\/1143"}],"wp:attachment":[{"href":"https:\/\/ajeandalucia.org\/almeria\/wp-json\/wp\/v2\/media?parent=1138"}],"wp:term":[{"taxonomy":"category","embeddable":true,"href":"https:\/\/ajeandalucia.org\/almeria\/wp-json\/wp\/v2\/categories?post=1138"},{"taxonomy":"post_tag","embeddable":true,"href":"https:\/\/ajeandalucia.org\/almeria\/wp-json\/wp\/v2\/tags?post=1138"}],"curies":[{"name":"wp","href":"https:\/\/api.w.org\/{rel}","templated":true}]}}