{"id":1149,"date":"2018-09-26T08:44:41","date_gmt":"2018-09-26T08:44:41","guid":{"rendered":"http:\/\/www.ajeandalucia.org\/almeria\/?p=1149"},"modified":"2018-09-26T08:44:41","modified_gmt":"2018-09-26T08:44:41","slug":"conociendo-a-los-asociados-de-aje-almeria-cc-group","status":"publish","type":"post","link":"https:\/\/ajeandalucia.org\/almeria\/2018\/09\/26\/conociendo-a-los-asociados-de-aje-almeria-cc-group\/","title":{"rendered":"Conociendo a los asociados de Aje Almer\u00eda: C&amp;C Group"},"content":{"rendered":"<p>C&amp;C Group es una empresa joven creada con la <strong>reconocida experiencia de profesionales<\/strong> con calificaci\u00f3n y andadura en el mundo del marketing, la publicidad, la comunicaci\u00f3n y los eventos.<\/p>\n<p>Se encargan de realizar <strong>campa\u00f1as de publicidad y marketing personalizadas<\/strong> y adaptadas a cada empresa, desde la creaci\u00f3n de p\u00e1gina web hasta la gesti\u00f3n de redes sociales. Por otro lado, son especialistas en organizar todo tipo de eventos (congresos, simposios, eventos deportivos, presentaci\u00f3n de productos, fiestas privadas, etc) y la gesti\u00f3n de Azafatas y Azafatos. Orientan al cliente y llevan\u00a0a cabo<strong> todas las fases de producci\u00f3n y realizaci\u00f3n<\/strong> del proyecto.<\/p>\n<p>Para conocer m\u00e1s sobre nuestro asociado visita su p\u00e1gina web en el siguiente enlace <a href=\"http:\/\/cycgroup.es\/\">www.cycgroup.es<\/a><\/p>\n","protected":false},"excerpt":{"rendered":"<p>C&amp;C Group es una empresa joven creada con la reconocida experiencia de profesionales con calificaci\u00f3n y andadura en el mundo [&hellip;]<\/p>\n","protected":false},"author":3,"featured_media":1150,"comment_status":"open","ping_status":"open","sticky":false,"template":"","format":"standard","meta":{"_acf_changed":false,"site-sidebar-layout":"default","site-content-layout":"","ast-site-content-layout":"default","site-content-style":"default","site-sidebar-style":"default","ast-global-header-display":"","ast-banner-title-visibility":"","ast-main-header-display":"","ast-hfb-above-header-display":"","ast-hfb-below-header-display":"","ast-hfb-mobile-header-display":"","site-post-title":"","ast-breadcrumbs-content":"","ast-featured-img":"","footer-sml-layout":"","ast-disable-related-posts":"","theme-transparent-header-meta":"","adv-header-id-meta":"","stick-header-meta":"","header-above-stick-meta":"","header-main-stick-meta":"","header-below-stick-meta":"","astra-migrate-meta-layouts":"default","ast-page-background-enabled":"default","ast-page-background-meta":{"desktop":{"background-color":"var(--ast-global-color-5)","background-image":"","background-repeat":"repeat","background-position":"center center","background-size":"auto","background-attachment":"scroll","background-type":"","background-media":"","overlay-type":"","overlay-color":"","overlay-opacity":"","overlay-gradient":""},"tablet":{"background-color":"","background-image":"","background-repeat":"repeat","background-position":"center center","background-size":"auto","background-attachment":"scroll","background-type":"","background-media":"","overlay-type":"","overlay-color":"","overlay-opacity":"","overlay-gradient":""},"mobile":{"background-color":"","background-image":"","background-repeat":"repeat","background-position":"center center","background-size":"auto","background-attachment":"scroll","background-type":"","background-media":"","overlay-type":"","overlay-color":"","overlay-opacity":"","overlay-gradient":""}},"ast-content-background-meta":{"desktop":{"background-color":"var(--ast-global-color-4)","background-image":"","background-repeat":"repeat","background-position":"center center","background-size":"auto","background-attachment":"scroll","background-type":"","background-media":"","overlay-type":"","overlay-color":"","overlay-opacity":"","overlay-gradient":""},"tablet":{"background-color":"var(--ast-global-color-4)","background-image":"","background-repeat":"repeat","background-position":"center center","background-size":"auto","background-attachment":"scroll","background-type":"","background-media":"","overlay-type":"","overlay-color":"","overlay-opacity":"","overlay-gradient":""},"mobile":{"background-color":"var(--ast-global-color-4)","background-image":"","background-repeat":"repeat","background-position":"center center","background-size":"auto","background-attachment":"scroll","background-type":"","background-media":"","overlay-type":"","overlay-color":"","overlay-opacity":"","overlay-gradient":""}},"footnotes":""},"categories":[8],"tags":[60,27,78,87,88,141,140,144,158,160,47,30,71,105,65,96,118,72,117,112,59,64,159,90,33,100,162,79,116,91,161,143,142],"class_list":["post-1149","post","type-post","status-publish","format-standard","has-post-thumbnail","hentry","category-noticias","tag-aje","tag-aje-almeria","tag-asociacion-de-jovenes-empresarios","tag-asociacion-jovenes-empresarios","tag-asociacion-jovenes-empresarios-almeria","tag-asociada","tag-asociado","tag-asociarse-aje","tag-cc-group","tag-comunicacion","tag-emprendedor","tag-emprendedores","tag-emprendedores-almeria","tag-emprender","tag-emprendimiento","tag-emprendimiento-almeria","tag-emprendimiento-mujeres","tag-empresa","tag-empresarias-almeria","tag-empresas-almeria","tag-empresas-de-almeria","tag-empresas-digitales","tag-eventos","tag-eventos-en-almeria","tag-jovenes-empresarios","tag-jovenes-empresarios-almeria","tag-marketing","tag-marketing-digital","tag-mujeres-emprendedoras","tag-negocios-en-almeria","tag-publicidad","tag-socio-aje","tag-socio-aje-almeria"],"acf":[],"yoast_head":"<!-- This site is optimized with the Yoast SEO plugin v26.9 - https:\/\/yoast.com\/product\/yoast-seo-wordpress\/ -->\n<title>Conociendo a los asociados de Aje Almer\u00eda: C&amp;C Group - AJE Almer\u00eda<\/title>\n<meta name=\"robots\" content=\"index, follow, max-snippet:-1, max-image-preview:large, max-video-preview:-1\" \/>\n<link rel=\"canonical\" href=\"https:\/\/ajeandalucia.org\/almeria\/2018\/09\/26\/conociendo-a-los-asociados-de-aje-almeria-cc-group\/\" \/>\n<meta property=\"og:locale\" content=\"es_ES\" \/>\n<meta property=\"og:type\" content=\"article\" \/>\n<meta property=\"og:title\" content=\"Conociendo a los asociados de Aje Almer\u00eda: C&amp;C Group - AJE Almer\u00eda\" \/>\n<meta property=\"og:description\" content=\"C&amp;C Group es una empresa joven creada con la reconocida experiencia de profesionales con calificaci\u00f3n y andadura en el mundo [&hellip;]\" \/>\n<meta property=\"og:url\" content=\"https:\/\/ajeandalucia.org\/almeria\/2018\/09\/26\/conociendo-a-los-asociados-de-aje-almeria-cc-group\/\" \/>\n<meta property=\"og:site_name\" content=\"AJE Almer\u00eda\" \/>\n<meta property=\"article:published_time\" content=\"2018-09-26T08:44:41+00:00\" \/>\n<meta property=\"og:image\" content=\"https:\/\/ajeandalucia.org\/almeria\/wp-content\/uploads\/sites\/3\/2018\/09\/logo_vector.jpg\" \/>\n\t<meta property=\"og:image:width\" content=\"3054\" \/>\n\t<meta property=\"og:image:height\" content=\"1846\" \/>\n\t<meta property=\"og:image:type\" content=\"image\/jpeg\" \/>\n<meta name=\"author\" content=\"almeria\" \/>\n<meta name=\"twitter:card\" content=\"summary_large_image\" \/>\n<meta name=\"twitter:label1\" content=\"Escrito por\" \/>\n\t<meta name=\"twitter:data1\" content=\"almeria\" \/>\n\t<meta name=\"twitter:label2\" content=\"Tiempo de lectura\" \/>\n\t<meta name=\"twitter:data2\" content=\"1 minuto\" \/>\n<script type=\"application\/ld+json\" class=\"yoast-schema-graph\">{\"@context\":\"https:\/\/schema.org\",\"@graph\":[{\"@type\":\"Article\",\"@id\":\"https:\/\/ajeandalucia.org\/almeria\/2018\/09\/26\/conociendo-a-los-asociados-de-aje-almeria-cc-group\/#article\",\"isPartOf\":{\"@id\":\"https:\/\/ajeandalucia.org\/almeria\/2018\/09\/26\/conociendo-a-los-asociados-de-aje-almeria-cc-group\/\"},\"author\":{\"name\":\"almeria\",\"@id\":\"https:\/\/ajeandalucia.org\/almeria\/#\/schema\/person\/9336ac50bc8c90053f6bf3b99e5c7d7b\"},\"headline\":\"Conociendo a los asociados de Aje Almer\u00eda: C&amp;C Group\",\"datePublished\":\"2018-09-26T08:44:41+00:00\",\"mainEntityOfPage\":{\"@id\":\"https:\/\/ajeandalucia.org\/almeria\/2018\/09\/26\/conociendo-a-los-asociados-de-aje-almeria-cc-group\/\"},\"wordCount\":143,\"commentCount\":0,\"publisher\":{\"@id\":\"https:\/\/ajeandalucia.org\/almeria\/#organization\"},\"image\":{\"@id\":\"https:\/\/ajeandalucia.org\/almeria\/2018\/09\/26\/conociendo-a-los-asociados-de-aje-almeria-cc-group\/#primaryimage\"},\"thumbnailUrl\":\"https:\/\/ajeandalucia.org\/almeria\/wp-content\/uploads\/sites\/3\/2018\/09\/logo_vector.jpg\",\"keywords\":[\"aje\",\"aje almeria\",\"asociacion de j\u00f3venes empresarios\",\"asociacion jovenes empresarios\",\"asociacion jovenes empresarios almeria\",\"asociada\",\"asociado\",\"asociarse aje\",\"C&amp;C Group\",\"comunicacion\",\"emprendedor\",\"emprendedores\",\"emprendedores almeria\",\"emprender\",\"emprendimiento\",\"emprendimiento almeria\",\"emprendimiento mujeres\",\"empresa\",\"empresarias almeria\",\"empresas almer\u00eda\",\"empresas de almer\u00eda\",\"empresas digitales\",\"eventos\",\"eventos en almeria\",\"j\u00f3venes empresarios\",\"j\u00f3venes empresarios almer\u00eda\",\"marketing\",\"marketing digital\",\"mujeres emprendedoras\",\"negocios en almeria\",\"publicidad\",\"socio aje\",\"socio aje almeria\"],\"articleSection\":[\"Noticias\"],\"inLanguage\":\"es\",\"potentialAction\":[{\"@type\":\"CommentAction\",\"name\":\"Comment\",\"target\":[\"https:\/\/ajeandalucia.org\/almeria\/2018\/09\/26\/conociendo-a-los-asociados-de-aje-almeria-cc-group\/#respond\"]}]},{\"@type\":\"WebPage\",\"@id\":\"https:\/\/ajeandalucia.org\/almeria\/2018\/09\/26\/conociendo-a-los-asociados-de-aje-almeria-cc-group\/\",\"url\":\"https:\/\/ajeandalucia.org\/almeria\/2018\/09\/26\/conociendo-a-los-asociados-de-aje-almeria-cc-group\/\",\"name\":\"Conociendo a los asociados de Aje Almer\u00eda: C&amp;C Group - AJE Almer\u00eda\",\"isPartOf\":{\"@id\":\"https:\/\/ajeandalucia.org\/almeria\/#website\"},\"primaryImageOfPage\":{\"@id\":\"https:\/\/ajeandalucia.org\/almeria\/2018\/09\/26\/conociendo-a-los-asociados-de-aje-almeria-cc-group\/#primaryimage\"},\"image\":{\"@id\":\"https:\/\/ajeandalucia.org\/almeria\/2018\/09\/26\/conociendo-a-los-asociados-de-aje-almeria-cc-group\/#primaryimage\"},\"thumbnailUrl\":\"https:\/\/ajeandalucia.org\/almeria\/wp-content\/uploads\/sites\/3\/2018\/09\/logo_vector.jpg\",\"datePublished\":\"2018-09-26T08:44:41+00:00\",\"breadcrumb\":{\"@id\":\"https:\/\/ajeandalucia.org\/almeria\/2018\/09\/26\/conociendo-a-los-asociados-de-aje-almeria-cc-group\/#breadcrumb\"},\"inLanguage\":\"es\",\"potentialAction\":[{\"@type\":\"ReadAction\",\"target\":[\"https:\/\/ajeandalucia.org\/almeria\/2018\/09\/26\/conociendo-a-los-asociados-de-aje-almeria-cc-group\/\"]}]},{\"@type\":\"ImageObject\",\"inLanguage\":\"es\",\"@id\":\"https:\/\/ajeandalucia.org\/almeria\/2018\/09\/26\/conociendo-a-los-asociados-de-aje-almeria-cc-group\/#primaryimage\",\"url\":\"https:\/\/ajeandalucia.org\/almeria\/wp-content\/uploads\/sites\/3\/2018\/09\/logo_vector.jpg\",\"contentUrl\":\"https:\/\/ajeandalucia.org\/almeria\/wp-content\/uploads\/sites\/3\/2018\/09\/logo_vector.jpg\",\"width\":3054,\"height\":1846},{\"@type\":\"BreadcrumbList\",\"@id\":\"https:\/\/ajeandalucia.org\/almeria\/2018\/09\/26\/conociendo-a-los-asociados-de-aje-almeria-cc-group\/#breadcrumb\",\"itemListElement\":[{\"@type\":\"ListItem\",\"position\":1,\"name\":\"Portada\",\"item\":\"https:\/\/ajeandalucia.org\/almeria\/\"},{\"@type\":\"ListItem\",\"position\":2,\"name\":\"Conociendo a los asociados de Aje Almer\u00eda: C&amp;C Group\"}]},{\"@type\":\"WebSite\",\"@id\":\"https:\/\/ajeandalucia.org\/almeria\/#website\",\"url\":\"https:\/\/ajeandalucia.org\/almeria\/\",\"name\":\"AJE Almer\u00eda\",\"description\":\"Otro sitio m\u00e1s de AJE Andaluc\u00eda\",\"publisher\":{\"@id\":\"https:\/\/ajeandalucia.org\/almeria\/#organization\"},\"potentialAction\":[{\"@type\":\"SearchAction\",\"target\":{\"@type\":\"EntryPoint\",\"urlTemplate\":\"https:\/\/ajeandalucia.org\/almeria\/?s={search_term_string}\"},\"query-input\":{\"@type\":\"PropertyValueSpecification\",\"valueRequired\":true,\"valueName\":\"search_term_string\"}}],\"inLanguage\":\"es\"},{\"@type\":\"Organization\",\"@id\":\"https:\/\/ajeandalucia.org\/almeria\/#organization\",\"name\":\"AJE Almer\u00eda\",\"url\":\"https:\/\/ajeandalucia.org\/almeria\/\",\"logo\":{\"@type\":\"ImageObject\",\"inLanguage\":\"es\",\"@id\":\"https:\/\/ajeandalucia.org\/almeria\/#\/schema\/logo\/image\/\",\"url\":\"https:\/\/ajeandalucia.org\/almeria\/wp-content\/uploads\/sites\/3\/2025\/01\/AJE-ALMERIA-horizontal.png\",\"contentUrl\":\"https:\/\/ajeandalucia.org\/almeria\/wp-content\/uploads\/sites\/3\/2025\/01\/AJE-ALMERIA-horizontal.png\",\"width\":605,\"height\":200,\"caption\":\"AJE Almer\u00eda\"},\"image\":{\"@id\":\"https:\/\/ajeandalucia.org\/almeria\/#\/schema\/logo\/image\/\"}},{\"@type\":\"Person\",\"@id\":\"https:\/\/ajeandalucia.org\/almeria\/#\/schema\/person\/9336ac50bc8c90053f6bf3b99e5c7d7b\",\"name\":\"almeria\",\"image\":{\"@type\":\"ImageObject\",\"inLanguage\":\"es\",\"@id\":\"https:\/\/ajeandalucia.org\/almeria\/#\/schema\/person\/image\/\",\"url\":\"https:\/\/secure.gravatar.com\/avatar\/f5b6b7d37a8f964bd96d1a7752fc3160bb98a16a08fda2bb6fb3a80845dae5d6?s=96&d=mm&r=g\",\"contentUrl\":\"https:\/\/secure.gravatar.com\/avatar\/f5b6b7d37a8f964bd96d1a7752fc3160bb98a16a08fda2bb6fb3a80845dae5d6?s=96&d=mm&r=g\",\"caption\":\"almeria\"},\"sameAs\":[\"http:\/\/www.ajealmeria.org\/\"],\"url\":\"https:\/\/ajeandalucia.org\/almeria\/author\/almeria\/\"}]}<\/script>\n<!-- \/ Yoast SEO plugin. -->","yoast_head_json":{"title":"Conociendo a los asociados de Aje Almer\u00eda: C&amp;C Group - AJE Almer\u00eda","robots":{"index":"index","follow":"follow","max-snippet":"max-snippet:-1","max-image-preview":"max-image-preview:large","max-video-preview":"max-video-preview:-1"},"canonical":"https:\/\/ajeandalucia.org\/almeria\/2018\/09\/26\/conociendo-a-los-asociados-de-aje-almeria-cc-group\/","og_locale":"es_ES","og_type":"article","og_title":"Conociendo a los asociados de Aje Almer\u00eda: C&amp;C Group - AJE Almer\u00eda","og_description":"C&amp;C Group es una empresa joven creada con la reconocida experiencia de profesionales con calificaci\u00f3n y andadura en el mundo [&hellip;]","og_url":"https:\/\/ajeandalucia.org\/almeria\/2018\/09\/26\/conociendo-a-los-asociados-de-aje-almeria-cc-group\/","og_site_name":"AJE Almer\u00eda","article_published_time":"2018-09-26T08:44:41+00:00","og_image":[{"width":3054,"height":1846,"url":"https:\/\/ajeandalucia.org\/almeria\/wp-content\/uploads\/sites\/3\/2018\/09\/logo_vector.jpg","type":"image\/jpeg"}],"author":"almeria","twitter_card":"summary_large_image","twitter_misc":{"Escrito por":"almeria","Tiempo de lectura":"1 minuto"},"schema":{"@context":"https:\/\/schema.org","@graph":[{"@type":"Article","@id":"https:\/\/ajeandalucia.org\/almeria\/2018\/09\/26\/conociendo-a-los-asociados-de-aje-almeria-cc-group\/#article","isPartOf":{"@id":"https:\/\/ajeandalucia.org\/almeria\/2018\/09\/26\/conociendo-a-los-asociados-de-aje-almeria-cc-group\/"},"author":{"name":"almeria","@id":"https:\/\/ajeandalucia.org\/almeria\/#\/schema\/person\/9336ac50bc8c90053f6bf3b99e5c7d7b"},"headline":"Conociendo a los asociados de Aje Almer\u00eda: C&amp;C Group","datePublished":"2018-09-26T08:44:41+00:00","mainEntityOfPage":{"@id":"https:\/\/ajeandalucia.org\/almeria\/2018\/09\/26\/conociendo-a-los-asociados-de-aje-almeria-cc-group\/"},"wordCount":143,"commentCount":0,"publisher":{"@id":"https:\/\/ajeandalucia.org\/almeria\/#organization"},"image":{"@id":"https:\/\/ajeandalucia.org\/almeria\/2018\/09\/26\/conociendo-a-los-asociados-de-aje-almeria-cc-group\/#primaryimage"},"thumbnailUrl":"https:\/\/ajeandalucia.org\/almeria\/wp-content\/uploads\/sites\/3\/2018\/09\/logo_vector.jpg","keywords":["aje","aje almeria","asociacion de j\u00f3venes empresarios","asociacion jovenes empresarios","asociacion jovenes empresarios almeria","asociada","asociado","asociarse aje","C&amp;C Group","comunicacion","emprendedor","emprendedores","emprendedores almeria","emprender","emprendimiento","emprendimiento almeria","emprendimiento mujeres","empresa","empresarias almeria","empresas almer\u00eda","empresas de almer\u00eda","empresas digitales","eventos","eventos en almeria","j\u00f3venes empresarios","j\u00f3venes empresarios almer\u00eda","marketing","marketing digital","mujeres emprendedoras","negocios en almeria","publicidad","socio aje","socio aje almeria"],"articleSection":["Noticias"],"inLanguage":"es","potentialAction":[{"@type":"CommentAction","name":"Comment","target":["https:\/\/ajeandalucia.org\/almeria\/2018\/09\/26\/conociendo-a-los-asociados-de-aje-almeria-cc-group\/#respond"]}]},{"@type":"WebPage","@id":"https:\/\/ajeandalucia.org\/almeria\/2018\/09\/26\/conociendo-a-los-asociados-de-aje-almeria-cc-group\/","url":"https:\/\/ajeandalucia.org\/almeria\/2018\/09\/26\/conociendo-a-los-asociados-de-aje-almeria-cc-group\/","name":"Conociendo a los asociados de Aje Almer\u00eda: C&amp;C Group - AJE Almer\u00eda","isPartOf":{"@id":"https:\/\/ajeandalucia.org\/almeria\/#website"},"primaryImageOfPage":{"@id":"https:\/\/ajeandalucia.org\/almeria\/2018\/09\/26\/conociendo-a-los-asociados-de-aje-almeria-cc-group\/#primaryimage"},"image":{"@id":"https:\/\/ajeandalucia.org\/almeria\/2018\/09\/26\/conociendo-a-los-asociados-de-aje-almeria-cc-group\/#primaryimage"},"thumbnailUrl":"https:\/\/ajeandalucia.org\/almeria\/wp-content\/uploads\/sites\/3\/2018\/09\/logo_vector.jpg","datePublished":"2018-09-26T08:44:41+00:00","breadcrumb":{"@id":"https:\/\/ajeandalucia.org\/almeria\/2018\/09\/26\/conociendo-a-los-asociados-de-aje-almeria-cc-group\/#breadcrumb"},"inLanguage":"es","potentialAction":[{"@type":"ReadAction","target":["https:\/\/ajeandalucia.org\/almeria\/2018\/09\/26\/conociendo-a-los-asociados-de-aje-almeria-cc-group\/"]}]},{"@type":"ImageObject","inLanguage":"es","@id":"https:\/\/ajeandalucia.org\/almeria\/2018\/09\/26\/conociendo-a-los-asociados-de-aje-almeria-cc-group\/#primaryimage","url":"https:\/\/ajeandalucia.org\/almeria\/wp-content\/uploads\/sites\/3\/2018\/09\/logo_vector.jpg","contentUrl":"https:\/\/ajeandalucia.org\/almeria\/wp-content\/uploads\/sites\/3\/2018\/09\/logo_vector.jpg","width":3054,"height":1846},{"@type":"BreadcrumbList","@id":"https:\/\/ajeandalucia.org\/almeria\/2018\/09\/26\/conociendo-a-los-asociados-de-aje-almeria-cc-group\/#breadcrumb","itemListElement":[{"@type":"ListItem","position":1,"name":"Portada","item":"https:\/\/ajeandalucia.org\/almeria\/"},{"@type":"ListItem","position":2,"name":"Conociendo a los asociados de Aje Almer\u00eda: C&amp;C Group"}]},{"@type":"WebSite","@id":"https:\/\/ajeandalucia.org\/almeria\/#website","url":"https:\/\/ajeandalucia.org\/almeria\/","name":"AJE Almer\u00eda","description":"Otro sitio m\u00e1s de AJE Andaluc\u00eda","publisher":{"@id":"https:\/\/ajeandalucia.org\/almeria\/#organization"},"potentialAction":[{"@type":"SearchAction","target":{"@type":"EntryPoint","urlTemplate":"https:\/\/ajeandalucia.org\/almeria\/?s={search_term_string}"},"query-input":{"@type":"PropertyValueSpecification","valueRequired":true,"valueName":"search_term_string"}}],"inLanguage":"es"},{"@type":"Organization","@id":"https:\/\/ajeandalucia.org\/almeria\/#organization","name":"AJE Almer\u00eda","url":"https:\/\/ajeandalucia.org\/almeria\/","logo":{"@type":"ImageObject","inLanguage":"es","@id":"https:\/\/ajeandalucia.org\/almeria\/#\/schema\/logo\/image\/","url":"https:\/\/ajeandalucia.org\/almeria\/wp-content\/uploads\/sites\/3\/2025\/01\/AJE-ALMERIA-horizontal.png","contentUrl":"https:\/\/ajeandalucia.org\/almeria\/wp-content\/uploads\/sites\/3\/2025\/01\/AJE-ALMERIA-horizontal.png","width":605,"height":200,"caption":"AJE Almer\u00eda"},"image":{"@id":"https:\/\/ajeandalucia.org\/almeria\/#\/schema\/logo\/image\/"}},{"@type":"Person","@id":"https:\/\/ajeandalucia.org\/almeria\/#\/schema\/person\/9336ac50bc8c90053f6bf3b99e5c7d7b","name":"almeria","image":{"@type":"ImageObject","inLanguage":"es","@id":"https:\/\/ajeandalucia.org\/almeria\/#\/schema\/person\/image\/","url":"https:\/\/secure.gravatar.com\/avatar\/f5b6b7d37a8f964bd96d1a7752fc3160bb98a16a08fda2bb6fb3a80845dae5d6?s=96&d=mm&r=g","contentUrl":"https:\/\/secure.gravatar.com\/avatar\/f5b6b7d37a8f964bd96d1a7752fc3160bb98a16a08fda2bb6fb3a80845dae5d6?s=96&d=mm&r=g","caption":"almeria"},"sameAs":["http:\/\/www.ajealmeria.org\/"],"url":"https:\/\/ajeandalucia.org\/almeria\/author\/almeria\/"}]}},"_links":{"self":[{"href":"https:\/\/ajeandalucia.org\/almeria\/wp-json\/wp\/v2\/posts\/1149","targetHints":{"allow":["GET"]}}],"collection":[{"href":"https:\/\/ajeandalucia.org\/almeria\/wp-json\/wp\/v2\/posts"}],"about":[{"href":"https:\/\/ajeandalucia.org\/almeria\/wp-json\/wp\/v2\/types\/post"}],"author":[{"embeddable":true,"href":"https:\/\/ajeandalucia.org\/almeria\/wp-json\/wp\/v2\/users\/3"}],"replies":[{"embeddable":true,"href":"https:\/\/ajeandalucia.org\/almeria\/wp-json\/wp\/v2\/comments?post=1149"}],"version-history":[{"count":1,"href":"https:\/\/ajeandalucia.org\/almeria\/wp-json\/wp\/v2\/posts\/1149\/revisions"}],"predecessor-version":[{"id":1151,"href":"https:\/\/ajeandalucia.org\/almeria\/wp-json\/wp\/v2\/posts\/1149\/revisions\/1151"}],"wp:featuredmedia":[{"embeddable":true,"href":"https:\/\/ajeandalucia.org\/almeria\/wp-json\/wp\/v2\/media\/1150"}],"wp:attachment":[{"href":"https:\/\/ajeandalucia.org\/almeria\/wp-json\/wp\/v2\/media?parent=1149"}],"wp:term":[{"taxonomy":"category","embeddable":true,"href":"https:\/\/ajeandalucia.org\/almeria\/wp-json\/wp\/v2\/categories?post=1149"},{"taxonomy":"post_tag","embeddable":true,"href":"https:\/\/ajeandalucia.org\/almeria\/wp-json\/wp\/v2\/tags?post=1149"}],"curies":[{"name":"wp","href":"https:\/\/api.w.org\/{rel}","templated":true}]}}