{"id":1181,"date":"2018-11-09T12:51:55","date_gmt":"2018-11-09T12:51:55","guid":{"rendered":"http:\/\/www.ajeandalucia.org\/almeria\/?p=1181"},"modified":"2018-11-09T13:00:24","modified_gmt":"2018-11-09T13:00:24","slug":"aje-almeria-y-vodafone-en-la-digital-session-digitalizacion-de-las-pymes","status":"publish","type":"post","link":"https:\/\/ajeandalucia.org\/almeria\/2018\/11\/09\/aje-almeria-y-vodafone-en-la-digital-session-digitalizacion-de-las-pymes\/","title":{"rendered":"Aje Almer\u00eda y Vodafone en la Digital Session &#8211; Digitalizaci\u00f3n de las PYMEs"},"content":{"rendered":"<p>Hoy en d\u00eda, negocio que no est\u00e1 en Internet, no existe. Si ya es dif\u00edcil familiarizarse con todas las herramientas que ofrece la digitalizaci\u00f3n tener que hacerlo de la forma m\u00e1s eficaz y original posible es un problema que se encuentran muchos empresarios. Por este motivo Vodafone, lleva a cabo un\u00a0<strong>proyecto innovador<\/strong>\u00a0en su forma y contenido para\u00a0<strong>ayudar a profesionales a sacar el m\u00e1ximo partido a la digitalizaci\u00f3n<\/strong>\u00a0de sus empresas para estar por delante en el mercado 3.0.<\/p>\n<p>Seguir digitalizando la PYME es una prioridad: 4 de cada 5 clientes buscan online antes de realizar<br \/>\ncualquier tipo de compra. La mayor\u00eda de las empresas espa\u00f1olas cuentan con p\u00e1gina web propia, pero las posibilidades de crecimiento dentro de la digitalizaci\u00f3n cada vez son mayores, y las empresas almerienses no pueden quedarse atr\u00e1s.<\/p>\n<p>La Vodafone Digital Session de Almer\u00eda, se desarroll\u00f3 el pasado 16 de octubre en el Hotel NH Ciudad de Almer\u00eda con la<strong> colaboraci\u00f3n de Aje Almer\u00eda<\/strong>. Manuel Aguilera \u2013Manager de Administraciones P\u00fablicas en Vodafone\u2013 y\u00a0M\u00aa \u00c1ngeles Gal\u00e1n, jefa de los servicios de TI y coordinadora del plan estrat\u00e9gico del Ayto. de Almer\u00eda se encargaron de la apertura de la jornada.<\/p>\n<p>Los ponentes fueron, Manuel Aguilera, M\u00aa \u00c1ngeles Gal\u00e1n,\u00a0Juan Pablo Seijo, CEO de S\u00d3LO RAF y\u00a0Daniel Mart\u00ednez, CEO de CLIMBEA.<\/p>\n<p>Por \u00faltimo, se encarg\u00f3 de <strong>clausurar la jornada<\/strong> el Vicepresidente Primero de Aje Almer\u00eda, Jos\u00e9 Gonz\u00e1lez.<\/p>\n","protected":false},"excerpt":{"rendered":"<p>Hoy en d\u00eda, negocio que no est\u00e1 en Internet, no existe. Si ya es dif\u00edcil familiarizarse con todas las herramientas [&hellip;]<\/p>\n","protected":false},"author":3,"featured_media":1182,"comment_status":"open","ping_status":"open","sticky":false,"template":"","format":"standard","meta":{"_acf_changed":false,"site-sidebar-layout":"default","site-content-layout":"","ast-site-content-layout":"default","site-content-style":"default","site-sidebar-style":"default","ast-global-header-display":"","ast-banner-title-visibility":"","ast-main-header-display":"","ast-hfb-above-header-display":"","ast-hfb-below-header-display":"","ast-hfb-mobile-header-display":"","site-post-title":"","ast-breadcrumbs-content":"","ast-featured-img":"","footer-sml-layout":"","ast-disable-related-posts":"","theme-transparent-header-meta":"","adv-header-id-meta":"","stick-header-meta":"","header-above-stick-meta":"","header-main-stick-meta":"","header-below-stick-meta":"","astra-migrate-meta-layouts":"default","ast-page-background-enabled":"default","ast-page-background-meta":{"desktop":{"background-color":"var(--ast-global-color-5)","background-image":"","background-repeat":"repeat","background-position":"center center","background-size":"auto","background-attachment":"scroll","background-type":"","background-media":"","overlay-type":"","overlay-color":"","overlay-opacity":"","overlay-gradient":""},"tablet":{"background-color":"","background-image":"","background-repeat":"repeat","background-position":"center center","background-size":"auto","background-attachment":"scroll","background-type":"","background-media":"","overlay-type":"","overlay-color":"","overlay-opacity":"","overlay-gradient":""},"mobile":{"background-color":"","background-image":"","background-repeat":"repeat","background-position":"center center","background-size":"auto","background-attachment":"scroll","background-type":"","background-media":"","overlay-type":"","overlay-color":"","overlay-opacity":"","overlay-gradient":""}},"ast-content-background-meta":{"desktop":{"background-color":"var(--ast-global-color-4)","background-image":"","background-repeat":"repeat","background-position":"center center","background-size":"auto","background-attachment":"scroll","background-type":"","background-media":"","overlay-type":"","overlay-color":"","overlay-opacity":"","overlay-gradient":""},"tablet":{"background-color":"var(--ast-global-color-4)","background-image":"","background-repeat":"repeat","background-position":"center center","background-size":"auto","background-attachment":"scroll","background-type":"","background-media":"","overlay-type":"","overlay-color":"","overlay-opacity":"","overlay-gradient":""},"mobile":{"background-color":"var(--ast-global-color-4)","background-image":"","background-repeat":"repeat","background-position":"center center","background-size":"auto","background-attachment":"scroll","background-type":"","background-media":"","overlay-type":"","overlay-color":"","overlay-opacity":"","overlay-gradient":""}},"footnotes":""},"categories":[8],"tags":[60,27,42,78,87,88,141,140,144,47,30,71,105,65,96,72,66,112,59,33,100,91,143,142],"class_list":["post-1181","post","type-post","status-publish","format-standard","has-post-thumbnail","hentry","category-noticias","tag-aje","tag-aje-almeria","tag-aje-andalucia","tag-asociacion-de-jovenes-empresarios","tag-asociacion-jovenes-empresarios","tag-asociacion-jovenes-empresarios-almeria","tag-asociada","tag-asociado","tag-asociarse-aje","tag-emprendedor","tag-emprendedores","tag-emprendedores-almeria","tag-emprender","tag-emprendimiento","tag-emprendimiento-almeria","tag-empresa","tag-empresarios-almeria","tag-empresas-almeria","tag-empresas-de-almeria","tag-jovenes-empresarios","tag-jovenes-empresarios-almeria","tag-negocios-en-almeria","tag-socio-aje","tag-socio-aje-almeria"],"acf":[],"yoast_head":"<!-- This site is optimized with the Yoast SEO plugin v26.9 - https:\/\/yoast.com\/product\/yoast-seo-wordpress\/ -->\n<title>Aje Almer\u00eda y Vodafone en la Digital Session - Digitalizaci\u00f3n de las PYMEs - AJE Almer\u00eda<\/title>\n<meta name=\"robots\" content=\"index, follow, max-snippet:-1, max-image-preview:large, max-video-preview:-1\" \/>\n<link rel=\"canonical\" href=\"https:\/\/ajeandalucia.org\/almeria\/2018\/11\/09\/aje-almeria-y-vodafone-en-la-digital-session-digitalizacion-de-las-pymes\/\" \/>\n<meta property=\"og:locale\" content=\"es_ES\" \/>\n<meta property=\"og:type\" content=\"article\" \/>\n<meta property=\"og:title\" content=\"Aje Almer\u00eda y Vodafone en la Digital Session - Digitalizaci\u00f3n de las PYMEs - AJE Almer\u00eda\" \/>\n<meta property=\"og:description\" content=\"Hoy en d\u00eda, negocio que no est\u00e1 en Internet, no existe. Si ya es dif\u00edcil familiarizarse con todas las herramientas [&hellip;]\" \/>\n<meta property=\"og:url\" content=\"https:\/\/ajeandalucia.org\/almeria\/2018\/11\/09\/aje-almeria-y-vodafone-en-la-digital-session-digitalizacion-de-las-pymes\/\" \/>\n<meta property=\"og:site_name\" content=\"AJE Almer\u00eda\" \/>\n<meta property=\"article:published_time\" content=\"2018-11-09T12:51:55+00:00\" \/>\n<meta property=\"article:modified_time\" content=\"2018-11-09T13:00:24+00:00\" \/>\n<meta property=\"og:image\" content=\"https:\/\/ajeandalucia.org\/almeria\/wp-content\/uploads\/sites\/3\/2018\/11\/Aje-Almeria-Evento-Vodafone-3.jpeg\" \/>\n\t<meta property=\"og:image:width\" content=\"1600\" \/>\n\t<meta property=\"og:image:height\" content=\"1200\" \/>\n\t<meta property=\"og:image:type\" content=\"image\/jpeg\" \/>\n<meta name=\"author\" content=\"almeria\" \/>\n<meta name=\"twitter:card\" content=\"summary_large_image\" \/>\n<meta name=\"twitter:label1\" content=\"Escrito por\" \/>\n\t<meta name=\"twitter:data1\" content=\"almeria\" \/>\n\t<meta name=\"twitter:label2\" content=\"Tiempo de lectura\" \/>\n\t<meta name=\"twitter:data2\" content=\"1 minuto\" \/>\n<script type=\"application\/ld+json\" class=\"yoast-schema-graph\">{\"@context\":\"https:\/\/schema.org\",\"@graph\":[{\"@type\":\"Article\",\"@id\":\"https:\/\/ajeandalucia.org\/almeria\/2018\/11\/09\/aje-almeria-y-vodafone-en-la-digital-session-digitalizacion-de-las-pymes\/#article\",\"isPartOf\":{\"@id\":\"https:\/\/ajeandalucia.org\/almeria\/2018\/11\/09\/aje-almeria-y-vodafone-en-la-digital-session-digitalizacion-de-las-pymes\/\"},\"author\":{\"name\":\"almeria\",\"@id\":\"https:\/\/ajeandalucia.org\/almeria\/#\/schema\/person\/9336ac50bc8c90053f6bf3b99e5c7d7b\"},\"headline\":\"Aje Almer\u00eda y Vodafone en la Digital Session &#8211; Digitalizaci\u00f3n de las PYMEs\",\"datePublished\":\"2018-11-09T12:51:55+00:00\",\"dateModified\":\"2018-11-09T13:00:24+00:00\",\"mainEntityOfPage\":{\"@id\":\"https:\/\/ajeandalucia.org\/almeria\/2018\/11\/09\/aje-almeria-y-vodafone-en-la-digital-session-digitalizacion-de-las-pymes\/\"},\"wordCount\":267,\"commentCount\":0,\"publisher\":{\"@id\":\"https:\/\/ajeandalucia.org\/almeria\/#organization\"},\"image\":{\"@id\":\"https:\/\/ajeandalucia.org\/almeria\/2018\/11\/09\/aje-almeria-y-vodafone-en-la-digital-session-digitalizacion-de-las-pymes\/#primaryimage\"},\"thumbnailUrl\":\"https:\/\/ajeandalucia.org\/almeria\/wp-content\/uploads\/sites\/3\/2018\/11\/Aje-Almeria-Evento-Vodafone-3.jpeg\",\"keywords\":[\"aje\",\"aje almeria\",\"aje andalucia\",\"asociacion de j\u00f3venes empresarios\",\"asociacion jovenes empresarios\",\"asociacion jovenes empresarios almeria\",\"asociada\",\"asociado\",\"asociarse aje\",\"emprendedor\",\"emprendedores\",\"emprendedores almeria\",\"emprender\",\"emprendimiento\",\"emprendimiento almeria\",\"empresa\",\"empresarios almer\u00eda\",\"empresas almer\u00eda\",\"empresas de almer\u00eda\",\"j\u00f3venes empresarios\",\"j\u00f3venes empresarios almer\u00eda\",\"negocios en almeria\",\"socio aje\",\"socio aje almeria\"],\"articleSection\":[\"Noticias\"],\"inLanguage\":\"es\",\"potentialAction\":[{\"@type\":\"CommentAction\",\"name\":\"Comment\",\"target\":[\"https:\/\/ajeandalucia.org\/almeria\/2018\/11\/09\/aje-almeria-y-vodafone-en-la-digital-session-digitalizacion-de-las-pymes\/#respond\"]}]},{\"@type\":\"WebPage\",\"@id\":\"https:\/\/ajeandalucia.org\/almeria\/2018\/11\/09\/aje-almeria-y-vodafone-en-la-digital-session-digitalizacion-de-las-pymes\/\",\"url\":\"https:\/\/ajeandalucia.org\/almeria\/2018\/11\/09\/aje-almeria-y-vodafone-en-la-digital-session-digitalizacion-de-las-pymes\/\",\"name\":\"Aje Almer\u00eda y Vodafone en la Digital Session - Digitalizaci\u00f3n de las PYMEs - AJE Almer\u00eda\",\"isPartOf\":{\"@id\":\"https:\/\/ajeandalucia.org\/almeria\/#website\"},\"primaryImageOfPage\":{\"@id\":\"https:\/\/ajeandalucia.org\/almeria\/2018\/11\/09\/aje-almeria-y-vodafone-en-la-digital-session-digitalizacion-de-las-pymes\/#primaryimage\"},\"image\":{\"@id\":\"https:\/\/ajeandalucia.org\/almeria\/2018\/11\/09\/aje-almeria-y-vodafone-en-la-digital-session-digitalizacion-de-las-pymes\/#primaryimage\"},\"thumbnailUrl\":\"https:\/\/ajeandalucia.org\/almeria\/wp-content\/uploads\/sites\/3\/2018\/11\/Aje-Almeria-Evento-Vodafone-3.jpeg\",\"datePublished\":\"2018-11-09T12:51:55+00:00\",\"dateModified\":\"2018-11-09T13:00:24+00:00\",\"breadcrumb\":{\"@id\":\"https:\/\/ajeandalucia.org\/almeria\/2018\/11\/09\/aje-almeria-y-vodafone-en-la-digital-session-digitalizacion-de-las-pymes\/#breadcrumb\"},\"inLanguage\":\"es\",\"potentialAction\":[{\"@type\":\"ReadAction\",\"target\":[\"https:\/\/ajeandalucia.org\/almeria\/2018\/11\/09\/aje-almeria-y-vodafone-en-la-digital-session-digitalizacion-de-las-pymes\/\"]}]},{\"@type\":\"ImageObject\",\"inLanguage\":\"es\",\"@id\":\"https:\/\/ajeandalucia.org\/almeria\/2018\/11\/09\/aje-almeria-y-vodafone-en-la-digital-session-digitalizacion-de-las-pymes\/#primaryimage\",\"url\":\"https:\/\/ajeandalucia.org\/almeria\/wp-content\/uploads\/sites\/3\/2018\/11\/Aje-Almeria-Evento-Vodafone-3.jpeg\",\"contentUrl\":\"https:\/\/ajeandalucia.org\/almeria\/wp-content\/uploads\/sites\/3\/2018\/11\/Aje-Almeria-Evento-Vodafone-3.jpeg\",\"width\":1600,\"height\":1200},{\"@type\":\"BreadcrumbList\",\"@id\":\"https:\/\/ajeandalucia.org\/almeria\/2018\/11\/09\/aje-almeria-y-vodafone-en-la-digital-session-digitalizacion-de-las-pymes\/#breadcrumb\",\"itemListElement\":[{\"@type\":\"ListItem\",\"position\":1,\"name\":\"Portada\",\"item\":\"https:\/\/ajeandalucia.org\/almeria\/\"},{\"@type\":\"ListItem\",\"position\":2,\"name\":\"Aje Almer\u00eda y Vodafone en la Digital Session &#8211; Digitalizaci\u00f3n de las PYMEs\"}]},{\"@type\":\"WebSite\",\"@id\":\"https:\/\/ajeandalucia.org\/almeria\/#website\",\"url\":\"https:\/\/ajeandalucia.org\/almeria\/\",\"name\":\"AJE Almer\u00eda\",\"description\":\"Otro sitio m\u00e1s de AJE Andaluc\u00eda\",\"publisher\":{\"@id\":\"https:\/\/ajeandalucia.org\/almeria\/#organization\"},\"potentialAction\":[{\"@type\":\"SearchAction\",\"target\":{\"@type\":\"EntryPoint\",\"urlTemplate\":\"https:\/\/ajeandalucia.org\/almeria\/?s={search_term_string}\"},\"query-input\":{\"@type\":\"PropertyValueSpecification\",\"valueRequired\":true,\"valueName\":\"search_term_string\"}}],\"inLanguage\":\"es\"},{\"@type\":\"Organization\",\"@id\":\"https:\/\/ajeandalucia.org\/almeria\/#organization\",\"name\":\"AJE Almer\u00eda\",\"url\":\"https:\/\/ajeandalucia.org\/almeria\/\",\"logo\":{\"@type\":\"ImageObject\",\"inLanguage\":\"es\",\"@id\":\"https:\/\/ajeandalucia.org\/almeria\/#\/schema\/logo\/image\/\",\"url\":\"https:\/\/ajeandalucia.org\/almeria\/wp-content\/uploads\/sites\/3\/2025\/01\/AJE-ALMERIA-horizontal.png\",\"contentUrl\":\"https:\/\/ajeandalucia.org\/almeria\/wp-content\/uploads\/sites\/3\/2025\/01\/AJE-ALMERIA-horizontal.png\",\"width\":605,\"height\":200,\"caption\":\"AJE Almer\u00eda\"},\"image\":{\"@id\":\"https:\/\/ajeandalucia.org\/almeria\/#\/schema\/logo\/image\/\"}},{\"@type\":\"Person\",\"@id\":\"https:\/\/ajeandalucia.org\/almeria\/#\/schema\/person\/9336ac50bc8c90053f6bf3b99e5c7d7b\",\"name\":\"almeria\",\"image\":{\"@type\":\"ImageObject\",\"inLanguage\":\"es\",\"@id\":\"https:\/\/ajeandalucia.org\/almeria\/#\/schema\/person\/image\/\",\"url\":\"https:\/\/secure.gravatar.com\/avatar\/f5b6b7d37a8f964bd96d1a7752fc3160bb98a16a08fda2bb6fb3a80845dae5d6?s=96&d=mm&r=g\",\"contentUrl\":\"https:\/\/secure.gravatar.com\/avatar\/f5b6b7d37a8f964bd96d1a7752fc3160bb98a16a08fda2bb6fb3a80845dae5d6?s=96&d=mm&r=g\",\"caption\":\"almeria\"},\"sameAs\":[\"http:\/\/www.ajealmeria.org\/\"],\"url\":\"https:\/\/ajeandalucia.org\/almeria\/author\/almeria\/\"}]}<\/script>\n<!-- \/ Yoast SEO plugin. -->","yoast_head_json":{"title":"Aje Almer\u00eda y Vodafone en la Digital Session - Digitalizaci\u00f3n de las PYMEs - AJE Almer\u00eda","robots":{"index":"index","follow":"follow","max-snippet":"max-snippet:-1","max-image-preview":"max-image-preview:large","max-video-preview":"max-video-preview:-1"},"canonical":"https:\/\/ajeandalucia.org\/almeria\/2018\/11\/09\/aje-almeria-y-vodafone-en-la-digital-session-digitalizacion-de-las-pymes\/","og_locale":"es_ES","og_type":"article","og_title":"Aje Almer\u00eda y Vodafone en la Digital Session - Digitalizaci\u00f3n de las PYMEs - AJE Almer\u00eda","og_description":"Hoy en d\u00eda, negocio que no est\u00e1 en Internet, no existe. Si ya es dif\u00edcil familiarizarse con todas las herramientas [&hellip;]","og_url":"https:\/\/ajeandalucia.org\/almeria\/2018\/11\/09\/aje-almeria-y-vodafone-en-la-digital-session-digitalizacion-de-las-pymes\/","og_site_name":"AJE Almer\u00eda","article_published_time":"2018-11-09T12:51:55+00:00","article_modified_time":"2018-11-09T13:00:24+00:00","og_image":[{"width":1600,"height":1200,"url":"https:\/\/ajeandalucia.org\/almeria\/wp-content\/uploads\/sites\/3\/2018\/11\/Aje-Almeria-Evento-Vodafone-3.jpeg","type":"image\/jpeg"}],"author":"almeria","twitter_card":"summary_large_image","twitter_misc":{"Escrito por":"almeria","Tiempo de lectura":"1 minuto"},"schema":{"@context":"https:\/\/schema.org","@graph":[{"@type":"Article","@id":"https:\/\/ajeandalucia.org\/almeria\/2018\/11\/09\/aje-almeria-y-vodafone-en-la-digital-session-digitalizacion-de-las-pymes\/#article","isPartOf":{"@id":"https:\/\/ajeandalucia.org\/almeria\/2018\/11\/09\/aje-almeria-y-vodafone-en-la-digital-session-digitalizacion-de-las-pymes\/"},"author":{"name":"almeria","@id":"https:\/\/ajeandalucia.org\/almeria\/#\/schema\/person\/9336ac50bc8c90053f6bf3b99e5c7d7b"},"headline":"Aje Almer\u00eda y Vodafone en la Digital Session &#8211; Digitalizaci\u00f3n de las PYMEs","datePublished":"2018-11-09T12:51:55+00:00","dateModified":"2018-11-09T13:00:24+00:00","mainEntityOfPage":{"@id":"https:\/\/ajeandalucia.org\/almeria\/2018\/11\/09\/aje-almeria-y-vodafone-en-la-digital-session-digitalizacion-de-las-pymes\/"},"wordCount":267,"commentCount":0,"publisher":{"@id":"https:\/\/ajeandalucia.org\/almeria\/#organization"},"image":{"@id":"https:\/\/ajeandalucia.org\/almeria\/2018\/11\/09\/aje-almeria-y-vodafone-en-la-digital-session-digitalizacion-de-las-pymes\/#primaryimage"},"thumbnailUrl":"https:\/\/ajeandalucia.org\/almeria\/wp-content\/uploads\/sites\/3\/2018\/11\/Aje-Almeria-Evento-Vodafone-3.jpeg","keywords":["aje","aje almeria","aje andalucia","asociacion de j\u00f3venes empresarios","asociacion jovenes empresarios","asociacion jovenes empresarios almeria","asociada","asociado","asociarse aje","emprendedor","emprendedores","emprendedores almeria","emprender","emprendimiento","emprendimiento almeria","empresa","empresarios almer\u00eda","empresas almer\u00eda","empresas de almer\u00eda","j\u00f3venes empresarios","j\u00f3venes empresarios almer\u00eda","negocios en almeria","socio aje","socio aje almeria"],"articleSection":["Noticias"],"inLanguage":"es","potentialAction":[{"@type":"CommentAction","name":"Comment","target":["https:\/\/ajeandalucia.org\/almeria\/2018\/11\/09\/aje-almeria-y-vodafone-en-la-digital-session-digitalizacion-de-las-pymes\/#respond"]}]},{"@type":"WebPage","@id":"https:\/\/ajeandalucia.org\/almeria\/2018\/11\/09\/aje-almeria-y-vodafone-en-la-digital-session-digitalizacion-de-las-pymes\/","url":"https:\/\/ajeandalucia.org\/almeria\/2018\/11\/09\/aje-almeria-y-vodafone-en-la-digital-session-digitalizacion-de-las-pymes\/","name":"Aje Almer\u00eda y Vodafone en la Digital Session - Digitalizaci\u00f3n de las PYMEs - AJE Almer\u00eda","isPartOf":{"@id":"https:\/\/ajeandalucia.org\/almeria\/#website"},"primaryImageOfPage":{"@id":"https:\/\/ajeandalucia.org\/almeria\/2018\/11\/09\/aje-almeria-y-vodafone-en-la-digital-session-digitalizacion-de-las-pymes\/#primaryimage"},"image":{"@id":"https:\/\/ajeandalucia.org\/almeria\/2018\/11\/09\/aje-almeria-y-vodafone-en-la-digital-session-digitalizacion-de-las-pymes\/#primaryimage"},"thumbnailUrl":"https:\/\/ajeandalucia.org\/almeria\/wp-content\/uploads\/sites\/3\/2018\/11\/Aje-Almeria-Evento-Vodafone-3.jpeg","datePublished":"2018-11-09T12:51:55+00:00","dateModified":"2018-11-09T13:00:24+00:00","breadcrumb":{"@id":"https:\/\/ajeandalucia.org\/almeria\/2018\/11\/09\/aje-almeria-y-vodafone-en-la-digital-session-digitalizacion-de-las-pymes\/#breadcrumb"},"inLanguage":"es","potentialAction":[{"@type":"ReadAction","target":["https:\/\/ajeandalucia.org\/almeria\/2018\/11\/09\/aje-almeria-y-vodafone-en-la-digital-session-digitalizacion-de-las-pymes\/"]}]},{"@type":"ImageObject","inLanguage":"es","@id":"https:\/\/ajeandalucia.org\/almeria\/2018\/11\/09\/aje-almeria-y-vodafone-en-la-digital-session-digitalizacion-de-las-pymes\/#primaryimage","url":"https:\/\/ajeandalucia.org\/almeria\/wp-content\/uploads\/sites\/3\/2018\/11\/Aje-Almeria-Evento-Vodafone-3.jpeg","contentUrl":"https:\/\/ajeandalucia.org\/almeria\/wp-content\/uploads\/sites\/3\/2018\/11\/Aje-Almeria-Evento-Vodafone-3.jpeg","width":1600,"height":1200},{"@type":"BreadcrumbList","@id":"https:\/\/ajeandalucia.org\/almeria\/2018\/11\/09\/aje-almeria-y-vodafone-en-la-digital-session-digitalizacion-de-las-pymes\/#breadcrumb","itemListElement":[{"@type":"ListItem","position":1,"name":"Portada","item":"https:\/\/ajeandalucia.org\/almeria\/"},{"@type":"ListItem","position":2,"name":"Aje Almer\u00eda y Vodafone en la Digital Session &#8211; Digitalizaci\u00f3n de las PYMEs"}]},{"@type":"WebSite","@id":"https:\/\/ajeandalucia.org\/almeria\/#website","url":"https:\/\/ajeandalucia.org\/almeria\/","name":"AJE Almer\u00eda","description":"Otro sitio m\u00e1s de AJE Andaluc\u00eda","publisher":{"@id":"https:\/\/ajeandalucia.org\/almeria\/#organization"},"potentialAction":[{"@type":"SearchAction","target":{"@type":"EntryPoint","urlTemplate":"https:\/\/ajeandalucia.org\/almeria\/?s={search_term_string}"},"query-input":{"@type":"PropertyValueSpecification","valueRequired":true,"valueName":"search_term_string"}}],"inLanguage":"es"},{"@type":"Organization","@id":"https:\/\/ajeandalucia.org\/almeria\/#organization","name":"AJE Almer\u00eda","url":"https:\/\/ajeandalucia.org\/almeria\/","logo":{"@type":"ImageObject","inLanguage":"es","@id":"https:\/\/ajeandalucia.org\/almeria\/#\/schema\/logo\/image\/","url":"https:\/\/ajeandalucia.org\/almeria\/wp-content\/uploads\/sites\/3\/2025\/01\/AJE-ALMERIA-horizontal.png","contentUrl":"https:\/\/ajeandalucia.org\/almeria\/wp-content\/uploads\/sites\/3\/2025\/01\/AJE-ALMERIA-horizontal.png","width":605,"height":200,"caption":"AJE Almer\u00eda"},"image":{"@id":"https:\/\/ajeandalucia.org\/almeria\/#\/schema\/logo\/image\/"}},{"@type":"Person","@id":"https:\/\/ajeandalucia.org\/almeria\/#\/schema\/person\/9336ac50bc8c90053f6bf3b99e5c7d7b","name":"almeria","image":{"@type":"ImageObject","inLanguage":"es","@id":"https:\/\/ajeandalucia.org\/almeria\/#\/schema\/person\/image\/","url":"https:\/\/secure.gravatar.com\/avatar\/f5b6b7d37a8f964bd96d1a7752fc3160bb98a16a08fda2bb6fb3a80845dae5d6?s=96&d=mm&r=g","contentUrl":"https:\/\/secure.gravatar.com\/avatar\/f5b6b7d37a8f964bd96d1a7752fc3160bb98a16a08fda2bb6fb3a80845dae5d6?s=96&d=mm&r=g","caption":"almeria"},"sameAs":["http:\/\/www.ajealmeria.org\/"],"url":"https:\/\/ajeandalucia.org\/almeria\/author\/almeria\/"}]}},"_links":{"self":[{"href":"https:\/\/ajeandalucia.org\/almeria\/wp-json\/wp\/v2\/posts\/1181","targetHints":{"allow":["GET"]}}],"collection":[{"href":"https:\/\/ajeandalucia.org\/almeria\/wp-json\/wp\/v2\/posts"}],"about":[{"href":"https:\/\/ajeandalucia.org\/almeria\/wp-json\/wp\/v2\/types\/post"}],"author":[{"embeddable":true,"href":"https:\/\/ajeandalucia.org\/almeria\/wp-json\/wp\/v2\/users\/3"}],"replies":[{"embeddable":true,"href":"https:\/\/ajeandalucia.org\/almeria\/wp-json\/wp\/v2\/comments?post=1181"}],"version-history":[{"count":3,"href":"https:\/\/ajeandalucia.org\/almeria\/wp-json\/wp\/v2\/posts\/1181\/revisions"}],"predecessor-version":[{"id":1189,"href":"https:\/\/ajeandalucia.org\/almeria\/wp-json\/wp\/v2\/posts\/1181\/revisions\/1189"}],"wp:featuredmedia":[{"embeddable":true,"href":"https:\/\/ajeandalucia.org\/almeria\/wp-json\/wp\/v2\/media\/1182"}],"wp:attachment":[{"href":"https:\/\/ajeandalucia.org\/almeria\/wp-json\/wp\/v2\/media?parent=1181"}],"wp:term":[{"taxonomy":"category","embeddable":true,"href":"https:\/\/ajeandalucia.org\/almeria\/wp-json\/wp\/v2\/categories?post=1181"},{"taxonomy":"post_tag","embeddable":true,"href":"https:\/\/ajeandalucia.org\/almeria\/wp-json\/wp\/v2\/tags?post=1181"}],"curies":[{"name":"wp","href":"https:\/\/api.w.org\/{rel}","templated":true}]}}