{"id":1213,"date":"2019-01-24T08:56:26","date_gmt":"2019-01-24T08:56:26","guid":{"rendered":"http:\/\/www.ajeandalucia.org\/almeria\/?p=1213"},"modified":"2019-01-28T13:31:23","modified_gmt":"2019-01-28T13:31:23","slug":"premio-2018-a-la-economia-de-almeria","status":"publish","type":"post","link":"https:\/\/ajeandalucia.org\/almeria\/2019\/01\/24\/premio-2018-a-la-economia-de-almeria\/","title":{"rendered":"Premio 2018 a la Econom\u00eda de Almer\u00eda"},"content":{"rendered":"<p>Aje Almer\u00eda cerr\u00f3 el a\u00f1o 2018 de la mejor manera posible recibiendo el Premio 2018 a la Econom\u00eda de Almer\u00eda entregado por el grupo Novot\u00e9cnica en sus VI Premios Almer\u00eda. Este premio es un homenaje por el esfuerzo que la Junta Directiva de Aje Almer\u00eda realiza d\u00eda a d\u00eda, por fomentar la actividad empresarial y emprendedora, a trav\u00e9s de las distintas actividades y eventos que se realizan con nuestros asociados, colaboradores e instituciones p\u00fablicas.<\/p>\n<p>Nuestro presidente Antonio Jes\u00fas Fern\u00e1ndez, Presidente de Aje Almer\u00eda, ha querido escribir un mensaje para todos los socios y empresarios de AJE Almer\u00eda:<\/p>\n<blockquote><p>Tras recibir este premio, un premio tan importante como el que entrega La Voz de Almer\u00eda en sus VI Premios Almer\u00eda, me gustar\u00eda destacar que este premio no es para m\u00ed, ni siquiera para la Junta Directiva que est\u00e1 conmigo, sino que es fruto de todas las Juntas Directivas y sobre todo, cada uno de los asociados que AJE Almer\u00eda ha tenido durante sus 23 a\u00f1os de historia, y son muchos. Cada uno de ellos, ha contribuido no solo a hacer grande esta asociaci\u00f3n, sino a hacer grande nuestra provincia, la provincia de Almer\u00eda, que como todos sab\u00e9is tiene un esp\u00edritu y un car\u00e1cter emprendedor innegable.<\/p>\n<p>En 21 abril de 2017, asumimos la presidencia de AJE Almer\u00eda con tres objetivos claros.<\/p>\n<ul>\n<li>El primero, trabajar para poner en valor la figura del joven empresario en el lugar que se merece en la sociedad como motor de crecimiento econ\u00f3mico, generaci\u00f3n de riqueza y bienestar social.<\/li>\n<li>El segundo, conseguir que los j\u00f3venes empresarios tengan una voz propia y sean part\u00edcipes del proceso de toma de decisiones que determinar\u00e1n el futuro de nuestra econom\u00eda y sociedad. Queremos ser actores protagonistas en la sociedad almeriense.<\/li>\n<li>El tercero, hacer que nuestras empresas asociadas generen negocio. Y para ello queremos que aumenten su grado de innovaci\u00f3n y su \u00edndice de competitividad a trav\u00e9s de acciones que promueven los valores de constancia, esfuerzo y perseverancia.<\/li>\n<\/ul>\n<p>Lo mejor de ser empresario es la capacidad que tenemos de cambiar nuestro entorno y generar riqueza a nuestro alrededor. Este hecho, nos hace sentir protagonistas de la sociedad en la que vivimos. Es excitante ver el impacto que se genera cuando se consiguen realizar proyectos con \u00e9xito. Se siente una gran satisfacci\u00f3n viendo c\u00f3mo las personas que trabajan a nuestro alrededor tienen un trabajo y una buena calidad de vida, gracias al trabajo que realizan de forma conjunta todos los miembros de cada empresa.<\/p>\n<p>AJE Almer\u00eda, tambi\u00e9n forma parte de una red mucho m\u00e1s amplia. Existen AJEs en todas las provincias de Espa\u00f1a y Almer\u00eda est\u00e1 bien representada. Fuera de nuestra provincia estamos presentes en AJE Andaluc\u00eda, ocupando dos puestos en su Junta Directiva y en CEAJE, la confederaci\u00f3n nacional, donde por primera vez en los 23 a\u00f1os de historia de la Asociaci\u00f3n en Almer\u00eda tenemos un puesto en su Junta Directiva que yo mismo ocupo desde hace unos pocos meses. Con todo ello queremos contribuir a generar negocio para los j\u00f3venes empresarios almerienses, queremos que haya m\u00e1s j\u00f3venes empresarios almerienses, que les vaya mejor y que crezcan<\/p><\/blockquote>\n<p>Para terminar, a\u00f1ade:<\/p>\n<blockquote><p>AJE Almer\u00eda, tiene un lugar importante en la sociedad almeriense gracias a vosotros, a todos los que nos colabor\u00e1is con nosotros y nos apoy\u00e1is d\u00eda a d\u00eda<\/p><\/blockquote>\n","protected":false},"excerpt":{"rendered":"<p>Aje Almer\u00eda cerr\u00f3 el a\u00f1o 2018 de la mejor manera posible recibiendo el Premio 2018 a la Econom\u00eda de Almer\u00eda [&hellip;]<\/p>\n","protected":false},"author":3,"featured_media":1214,"comment_status":"open","ping_status":"open","sticky":false,"template":"","format":"standard","meta":{"_acf_changed":false,"site-sidebar-layout":"default","site-content-layout":"","ast-site-content-layout":"default","site-content-style":"default","site-sidebar-style":"default","ast-global-header-display":"","ast-banner-title-visibility":"","ast-main-header-display":"","ast-hfb-above-header-display":"","ast-hfb-below-header-display":"","ast-hfb-mobile-header-display":"","site-post-title":"","ast-breadcrumbs-content":"","ast-featured-img":"","footer-sml-layout":"","ast-disable-related-posts":"","theme-transparent-header-meta":"","adv-header-id-meta":"","stick-header-meta":"","header-above-stick-meta":"","header-main-stick-meta":"","header-below-stick-meta":"","astra-migrate-meta-layouts":"default","ast-page-background-enabled":"default","ast-page-background-meta":{"desktop":{"background-color":"var(--ast-global-color-5)","background-image":"","background-repeat":"repeat","background-position":"center center","background-size":"auto","background-attachment":"scroll","background-type":"","background-media":"","overlay-type":"","overlay-color":"","overlay-opacity":"","overlay-gradient":""},"tablet":{"background-color":"","background-image":"","background-repeat":"repeat","background-position":"center center","background-size":"auto","background-attachment":"scroll","background-type":"","background-media":"","overlay-type":"","overlay-color":"","overlay-opacity":"","overlay-gradient":""},"mobile":{"background-color":"","background-image":"","background-repeat":"repeat","background-position":"center center","background-size":"auto","background-attachment":"scroll","background-type":"","background-media":"","overlay-type":"","overlay-color":"","overlay-opacity":"","overlay-gradient":""}},"ast-content-background-meta":{"desktop":{"background-color":"var(--ast-global-color-4)","background-image":"","background-repeat":"repeat","background-position":"center center","background-size":"auto","background-attachment":"scroll","background-type":"","background-media":"","overlay-type":"","overlay-color":"","overlay-opacity":"","overlay-gradient":""},"tablet":{"background-color":"var(--ast-global-color-4)","background-image":"","background-repeat":"repeat","background-position":"center center","background-size":"auto","background-attachment":"scroll","background-type":"","background-media":"","overlay-type":"","overlay-color":"","overlay-opacity":"","overlay-gradient":""},"mobile":{"background-color":"var(--ast-global-color-4)","background-image":"","background-repeat":"repeat","background-position":"center center","background-size":"auto","background-attachment":"scroll","background-type":"","background-media":"","overlay-type":"","overlay-color":"","overlay-opacity":"","overlay-gradient":""}},"footnotes":""},"categories":[8],"tags":[60,27,42,78,87,88,140,144,171,47,30,71,105,65,96,72,117,66,33,79,170,143,142],"class_list":["post-1213","post","type-post","status-publish","format-standard","has-post-thumbnail","hentry","category-noticias","tag-aje","tag-aje-almeria","tag-aje-andalucia","tag-asociacion-de-jovenes-empresarios","tag-asociacion-jovenes-empresarios","tag-asociacion-jovenes-empresarios-almeria","tag-asociado","tag-asociarse-aje","tag-economia","tag-emprendedor","tag-emprendedores","tag-emprendedores-almeria","tag-emprender","tag-emprendimiento","tag-emprendimiento-almeria","tag-empresa","tag-empresarias-almeria","tag-empresarios-almeria","tag-jovenes-empresarios","tag-marketing-digital","tag-premio-a-la-economia-de-almeria","tag-socio-aje","tag-socio-aje-almeria"],"acf":[],"yoast_head":"<!-- This site is optimized with the Yoast SEO plugin v26.9 - https:\/\/yoast.com\/product\/yoast-seo-wordpress\/ -->\n<title>Premio 2018 a la Econom\u00eda de Almer\u00eda - AJE Almer\u00eda<\/title>\n<meta name=\"robots\" content=\"index, follow, max-snippet:-1, max-image-preview:large, max-video-preview:-1\" \/>\n<link rel=\"canonical\" href=\"https:\/\/ajeandalucia.org\/almeria\/2019\/01\/24\/premio-2018-a-la-economia-de-almeria\/\" \/>\n<meta property=\"og:locale\" content=\"es_ES\" \/>\n<meta property=\"og:type\" content=\"article\" \/>\n<meta property=\"og:title\" content=\"Premio 2018 a la Econom\u00eda de Almer\u00eda - AJE Almer\u00eda\" \/>\n<meta property=\"og:description\" content=\"Aje Almer\u00eda cerr\u00f3 el a\u00f1o 2018 de la mejor manera posible recibiendo el Premio 2018 a la Econom\u00eda de Almer\u00eda [&hellip;]\" \/>\n<meta property=\"og:url\" content=\"https:\/\/ajeandalucia.org\/almeria\/2019\/01\/24\/premio-2018-a-la-economia-de-almeria\/\" \/>\n<meta property=\"og:site_name\" content=\"AJE Almer\u00eda\" \/>\n<meta property=\"article:published_time\" content=\"2019-01-24T08:56:26+00:00\" \/>\n<meta property=\"article:modified_time\" content=\"2019-01-28T13:31:23+00:00\" \/>\n<meta property=\"og:image\" content=\"https:\/\/ajeandalucia.org\/almeria\/wp-content\/uploads\/sites\/3\/2019\/01\/1.jpg\" \/>\n\t<meta property=\"og:image:width\" content=\"869\" \/>\n\t<meta property=\"og:image:height\" content=\"580\" \/>\n\t<meta property=\"og:image:type\" content=\"image\/jpeg\" \/>\n<meta name=\"author\" content=\"almeria\" \/>\n<meta name=\"twitter:card\" content=\"summary_large_image\" \/>\n<meta name=\"twitter:label1\" content=\"Escrito por\" \/>\n\t<meta name=\"twitter:data1\" content=\"almeria\" \/>\n\t<meta name=\"twitter:label2\" content=\"Tiempo de lectura\" \/>\n\t<meta name=\"twitter:data2\" content=\"3 minutos\" \/>\n<script type=\"application\/ld+json\" class=\"yoast-schema-graph\">{\"@context\":\"https:\/\/schema.org\",\"@graph\":[{\"@type\":\"Article\",\"@id\":\"https:\/\/ajeandalucia.org\/almeria\/2019\/01\/24\/premio-2018-a-la-economia-de-almeria\/#article\",\"isPartOf\":{\"@id\":\"https:\/\/ajeandalucia.org\/almeria\/2019\/01\/24\/premio-2018-a-la-economia-de-almeria\/\"},\"author\":{\"name\":\"almeria\",\"@id\":\"https:\/\/ajeandalucia.org\/almeria\/#\/schema\/person\/9336ac50bc8c90053f6bf3b99e5c7d7b\"},\"headline\":\"Premio 2018 a la Econom\u00eda de Almer\u00eda\",\"datePublished\":\"2019-01-24T08:56:26+00:00\",\"dateModified\":\"2019-01-28T13:31:23+00:00\",\"mainEntityOfPage\":{\"@id\":\"https:\/\/ajeandalucia.org\/almeria\/2019\/01\/24\/premio-2018-a-la-economia-de-almeria\/\"},\"wordCount\":600,\"commentCount\":0,\"publisher\":{\"@id\":\"https:\/\/ajeandalucia.org\/almeria\/#organization\"},\"image\":{\"@id\":\"https:\/\/ajeandalucia.org\/almeria\/2019\/01\/24\/premio-2018-a-la-economia-de-almeria\/#primaryimage\"},\"thumbnailUrl\":\"https:\/\/ajeandalucia.org\/almeria\/wp-content\/uploads\/sites\/3\/2019\/01\/1.jpg\",\"keywords\":[\"aje\",\"aje almeria\",\"aje andalucia\",\"asociacion de j\u00f3venes empresarios\",\"asociacion jovenes empresarios\",\"asociacion jovenes empresarios almeria\",\"asociado\",\"asociarse aje\",\"econom\u00eda\",\"emprendedor\",\"emprendedores\",\"emprendedores almeria\",\"emprender\",\"emprendimiento\",\"emprendimiento almeria\",\"empresa\",\"empresarias almeria\",\"empresarios almer\u00eda\",\"j\u00f3venes empresarios\",\"marketing digital\",\"Premio a la econom\u00eda de Almer\u00eda\",\"socio aje\",\"socio aje almeria\"],\"articleSection\":[\"Noticias\"],\"inLanguage\":\"es\",\"potentialAction\":[{\"@type\":\"CommentAction\",\"name\":\"Comment\",\"target\":[\"https:\/\/ajeandalucia.org\/almeria\/2019\/01\/24\/premio-2018-a-la-economia-de-almeria\/#respond\"]}]},{\"@type\":\"WebPage\",\"@id\":\"https:\/\/ajeandalucia.org\/almeria\/2019\/01\/24\/premio-2018-a-la-economia-de-almeria\/\",\"url\":\"https:\/\/ajeandalucia.org\/almeria\/2019\/01\/24\/premio-2018-a-la-economia-de-almeria\/\",\"name\":\"Premio 2018 a la Econom\u00eda de Almer\u00eda - AJE Almer\u00eda\",\"isPartOf\":{\"@id\":\"https:\/\/ajeandalucia.org\/almeria\/#website\"},\"primaryImageOfPage\":{\"@id\":\"https:\/\/ajeandalucia.org\/almeria\/2019\/01\/24\/premio-2018-a-la-economia-de-almeria\/#primaryimage\"},\"image\":{\"@id\":\"https:\/\/ajeandalucia.org\/almeria\/2019\/01\/24\/premio-2018-a-la-economia-de-almeria\/#primaryimage\"},\"thumbnailUrl\":\"https:\/\/ajeandalucia.org\/almeria\/wp-content\/uploads\/sites\/3\/2019\/01\/1.jpg\",\"datePublished\":\"2019-01-24T08:56:26+00:00\",\"dateModified\":\"2019-01-28T13:31:23+00:00\",\"breadcrumb\":{\"@id\":\"https:\/\/ajeandalucia.org\/almeria\/2019\/01\/24\/premio-2018-a-la-economia-de-almeria\/#breadcrumb\"},\"inLanguage\":\"es\",\"potentialAction\":[{\"@type\":\"ReadAction\",\"target\":[\"https:\/\/ajeandalucia.org\/almeria\/2019\/01\/24\/premio-2018-a-la-economia-de-almeria\/\"]}]},{\"@type\":\"ImageObject\",\"inLanguage\":\"es\",\"@id\":\"https:\/\/ajeandalucia.org\/almeria\/2019\/01\/24\/premio-2018-a-la-economia-de-almeria\/#primaryimage\",\"url\":\"https:\/\/ajeandalucia.org\/almeria\/wp-content\/uploads\/sites\/3\/2019\/01\/1.jpg\",\"contentUrl\":\"https:\/\/ajeandalucia.org\/almeria\/wp-content\/uploads\/sites\/3\/2019\/01\/1.jpg\",\"width\":869,\"height\":580},{\"@type\":\"BreadcrumbList\",\"@id\":\"https:\/\/ajeandalucia.org\/almeria\/2019\/01\/24\/premio-2018-a-la-economia-de-almeria\/#breadcrumb\",\"itemListElement\":[{\"@type\":\"ListItem\",\"position\":1,\"name\":\"Portada\",\"item\":\"https:\/\/ajeandalucia.org\/almeria\/\"},{\"@type\":\"ListItem\",\"position\":2,\"name\":\"Premio 2018 a la Econom\u00eda de Almer\u00eda\"}]},{\"@type\":\"WebSite\",\"@id\":\"https:\/\/ajeandalucia.org\/almeria\/#website\",\"url\":\"https:\/\/ajeandalucia.org\/almeria\/\",\"name\":\"AJE Almer\u00eda\",\"description\":\"Otro sitio m\u00e1s de AJE Andaluc\u00eda\",\"publisher\":{\"@id\":\"https:\/\/ajeandalucia.org\/almeria\/#organization\"},\"potentialAction\":[{\"@type\":\"SearchAction\",\"target\":{\"@type\":\"EntryPoint\",\"urlTemplate\":\"https:\/\/ajeandalucia.org\/almeria\/?s={search_term_string}\"},\"query-input\":{\"@type\":\"PropertyValueSpecification\",\"valueRequired\":true,\"valueName\":\"search_term_string\"}}],\"inLanguage\":\"es\"},{\"@type\":\"Organization\",\"@id\":\"https:\/\/ajeandalucia.org\/almeria\/#organization\",\"name\":\"AJE Almer\u00eda\",\"url\":\"https:\/\/ajeandalucia.org\/almeria\/\",\"logo\":{\"@type\":\"ImageObject\",\"inLanguage\":\"es\",\"@id\":\"https:\/\/ajeandalucia.org\/almeria\/#\/schema\/logo\/image\/\",\"url\":\"https:\/\/ajeandalucia.org\/almeria\/wp-content\/uploads\/sites\/3\/2025\/01\/AJE-ALMERIA-horizontal.png\",\"contentUrl\":\"https:\/\/ajeandalucia.org\/almeria\/wp-content\/uploads\/sites\/3\/2025\/01\/AJE-ALMERIA-horizontal.png\",\"width\":605,\"height\":200,\"caption\":\"AJE Almer\u00eda\"},\"image\":{\"@id\":\"https:\/\/ajeandalucia.org\/almeria\/#\/schema\/logo\/image\/\"}},{\"@type\":\"Person\",\"@id\":\"https:\/\/ajeandalucia.org\/almeria\/#\/schema\/person\/9336ac50bc8c90053f6bf3b99e5c7d7b\",\"name\":\"almeria\",\"image\":{\"@type\":\"ImageObject\",\"inLanguage\":\"es\",\"@id\":\"https:\/\/ajeandalucia.org\/almeria\/#\/schema\/person\/image\/\",\"url\":\"https:\/\/secure.gravatar.com\/avatar\/f5b6b7d37a8f964bd96d1a7752fc3160bb98a16a08fda2bb6fb3a80845dae5d6?s=96&d=mm&r=g\",\"contentUrl\":\"https:\/\/secure.gravatar.com\/avatar\/f5b6b7d37a8f964bd96d1a7752fc3160bb98a16a08fda2bb6fb3a80845dae5d6?s=96&d=mm&r=g\",\"caption\":\"almeria\"},\"sameAs\":[\"http:\/\/www.ajealmeria.org\/\"],\"url\":\"https:\/\/ajeandalucia.org\/almeria\/author\/almeria\/\"}]}<\/script>\n<!-- \/ Yoast SEO plugin. -->","yoast_head_json":{"title":"Premio 2018 a la Econom\u00eda de Almer\u00eda - AJE Almer\u00eda","robots":{"index":"index","follow":"follow","max-snippet":"max-snippet:-1","max-image-preview":"max-image-preview:large","max-video-preview":"max-video-preview:-1"},"canonical":"https:\/\/ajeandalucia.org\/almeria\/2019\/01\/24\/premio-2018-a-la-economia-de-almeria\/","og_locale":"es_ES","og_type":"article","og_title":"Premio 2018 a la Econom\u00eda de Almer\u00eda - AJE Almer\u00eda","og_description":"Aje Almer\u00eda cerr\u00f3 el a\u00f1o 2018 de la mejor manera posible recibiendo el Premio 2018 a la Econom\u00eda de Almer\u00eda [&hellip;]","og_url":"https:\/\/ajeandalucia.org\/almeria\/2019\/01\/24\/premio-2018-a-la-economia-de-almeria\/","og_site_name":"AJE Almer\u00eda","article_published_time":"2019-01-24T08:56:26+00:00","article_modified_time":"2019-01-28T13:31:23+00:00","og_image":[{"width":869,"height":580,"url":"https:\/\/ajeandalucia.org\/almeria\/wp-content\/uploads\/sites\/3\/2019\/01\/1.jpg","type":"image\/jpeg"}],"author":"almeria","twitter_card":"summary_large_image","twitter_misc":{"Escrito por":"almeria","Tiempo de lectura":"3 minutos"},"schema":{"@context":"https:\/\/schema.org","@graph":[{"@type":"Article","@id":"https:\/\/ajeandalucia.org\/almeria\/2019\/01\/24\/premio-2018-a-la-economia-de-almeria\/#article","isPartOf":{"@id":"https:\/\/ajeandalucia.org\/almeria\/2019\/01\/24\/premio-2018-a-la-economia-de-almeria\/"},"author":{"name":"almeria","@id":"https:\/\/ajeandalucia.org\/almeria\/#\/schema\/person\/9336ac50bc8c90053f6bf3b99e5c7d7b"},"headline":"Premio 2018 a la Econom\u00eda de Almer\u00eda","datePublished":"2019-01-24T08:56:26+00:00","dateModified":"2019-01-28T13:31:23+00:00","mainEntityOfPage":{"@id":"https:\/\/ajeandalucia.org\/almeria\/2019\/01\/24\/premio-2018-a-la-economia-de-almeria\/"},"wordCount":600,"commentCount":0,"publisher":{"@id":"https:\/\/ajeandalucia.org\/almeria\/#organization"},"image":{"@id":"https:\/\/ajeandalucia.org\/almeria\/2019\/01\/24\/premio-2018-a-la-economia-de-almeria\/#primaryimage"},"thumbnailUrl":"https:\/\/ajeandalucia.org\/almeria\/wp-content\/uploads\/sites\/3\/2019\/01\/1.jpg","keywords":["aje","aje almeria","aje andalucia","asociacion de j\u00f3venes empresarios","asociacion jovenes empresarios","asociacion jovenes empresarios almeria","asociado","asociarse aje","econom\u00eda","emprendedor","emprendedores","emprendedores almeria","emprender","emprendimiento","emprendimiento almeria","empresa","empresarias almeria","empresarios almer\u00eda","j\u00f3venes empresarios","marketing digital","Premio a la econom\u00eda de Almer\u00eda","socio aje","socio aje almeria"],"articleSection":["Noticias"],"inLanguage":"es","potentialAction":[{"@type":"CommentAction","name":"Comment","target":["https:\/\/ajeandalucia.org\/almeria\/2019\/01\/24\/premio-2018-a-la-economia-de-almeria\/#respond"]}]},{"@type":"WebPage","@id":"https:\/\/ajeandalucia.org\/almeria\/2019\/01\/24\/premio-2018-a-la-economia-de-almeria\/","url":"https:\/\/ajeandalucia.org\/almeria\/2019\/01\/24\/premio-2018-a-la-economia-de-almeria\/","name":"Premio 2018 a la Econom\u00eda de Almer\u00eda - AJE Almer\u00eda","isPartOf":{"@id":"https:\/\/ajeandalucia.org\/almeria\/#website"},"primaryImageOfPage":{"@id":"https:\/\/ajeandalucia.org\/almeria\/2019\/01\/24\/premio-2018-a-la-economia-de-almeria\/#primaryimage"},"image":{"@id":"https:\/\/ajeandalucia.org\/almeria\/2019\/01\/24\/premio-2018-a-la-economia-de-almeria\/#primaryimage"},"thumbnailUrl":"https:\/\/ajeandalucia.org\/almeria\/wp-content\/uploads\/sites\/3\/2019\/01\/1.jpg","datePublished":"2019-01-24T08:56:26+00:00","dateModified":"2019-01-28T13:31:23+00:00","breadcrumb":{"@id":"https:\/\/ajeandalucia.org\/almeria\/2019\/01\/24\/premio-2018-a-la-economia-de-almeria\/#breadcrumb"},"inLanguage":"es","potentialAction":[{"@type":"ReadAction","target":["https:\/\/ajeandalucia.org\/almeria\/2019\/01\/24\/premio-2018-a-la-economia-de-almeria\/"]}]},{"@type":"ImageObject","inLanguage":"es","@id":"https:\/\/ajeandalucia.org\/almeria\/2019\/01\/24\/premio-2018-a-la-economia-de-almeria\/#primaryimage","url":"https:\/\/ajeandalucia.org\/almeria\/wp-content\/uploads\/sites\/3\/2019\/01\/1.jpg","contentUrl":"https:\/\/ajeandalucia.org\/almeria\/wp-content\/uploads\/sites\/3\/2019\/01\/1.jpg","width":869,"height":580},{"@type":"BreadcrumbList","@id":"https:\/\/ajeandalucia.org\/almeria\/2019\/01\/24\/premio-2018-a-la-economia-de-almeria\/#breadcrumb","itemListElement":[{"@type":"ListItem","position":1,"name":"Portada","item":"https:\/\/ajeandalucia.org\/almeria\/"},{"@type":"ListItem","position":2,"name":"Premio 2018 a la Econom\u00eda de Almer\u00eda"}]},{"@type":"WebSite","@id":"https:\/\/ajeandalucia.org\/almeria\/#website","url":"https:\/\/ajeandalucia.org\/almeria\/","name":"AJE Almer\u00eda","description":"Otro sitio m\u00e1s de AJE Andaluc\u00eda","publisher":{"@id":"https:\/\/ajeandalucia.org\/almeria\/#organization"},"potentialAction":[{"@type":"SearchAction","target":{"@type":"EntryPoint","urlTemplate":"https:\/\/ajeandalucia.org\/almeria\/?s={search_term_string}"},"query-input":{"@type":"PropertyValueSpecification","valueRequired":true,"valueName":"search_term_string"}}],"inLanguage":"es"},{"@type":"Organization","@id":"https:\/\/ajeandalucia.org\/almeria\/#organization","name":"AJE Almer\u00eda","url":"https:\/\/ajeandalucia.org\/almeria\/","logo":{"@type":"ImageObject","inLanguage":"es","@id":"https:\/\/ajeandalucia.org\/almeria\/#\/schema\/logo\/image\/","url":"https:\/\/ajeandalucia.org\/almeria\/wp-content\/uploads\/sites\/3\/2025\/01\/AJE-ALMERIA-horizontal.png","contentUrl":"https:\/\/ajeandalucia.org\/almeria\/wp-content\/uploads\/sites\/3\/2025\/01\/AJE-ALMERIA-horizontal.png","width":605,"height":200,"caption":"AJE Almer\u00eda"},"image":{"@id":"https:\/\/ajeandalucia.org\/almeria\/#\/schema\/logo\/image\/"}},{"@type":"Person","@id":"https:\/\/ajeandalucia.org\/almeria\/#\/schema\/person\/9336ac50bc8c90053f6bf3b99e5c7d7b","name":"almeria","image":{"@type":"ImageObject","inLanguage":"es","@id":"https:\/\/ajeandalucia.org\/almeria\/#\/schema\/person\/image\/","url":"https:\/\/secure.gravatar.com\/avatar\/f5b6b7d37a8f964bd96d1a7752fc3160bb98a16a08fda2bb6fb3a80845dae5d6?s=96&d=mm&r=g","contentUrl":"https:\/\/secure.gravatar.com\/avatar\/f5b6b7d37a8f964bd96d1a7752fc3160bb98a16a08fda2bb6fb3a80845dae5d6?s=96&d=mm&r=g","caption":"almeria"},"sameAs":["http:\/\/www.ajealmeria.org\/"],"url":"https:\/\/ajeandalucia.org\/almeria\/author\/almeria\/"}]}},"_links":{"self":[{"href":"https:\/\/ajeandalucia.org\/almeria\/wp-json\/wp\/v2\/posts\/1213","targetHints":{"allow":["GET"]}}],"collection":[{"href":"https:\/\/ajeandalucia.org\/almeria\/wp-json\/wp\/v2\/posts"}],"about":[{"href":"https:\/\/ajeandalucia.org\/almeria\/wp-json\/wp\/v2\/types\/post"}],"author":[{"embeddable":true,"href":"https:\/\/ajeandalucia.org\/almeria\/wp-json\/wp\/v2\/users\/3"}],"replies":[{"embeddable":true,"href":"https:\/\/ajeandalucia.org\/almeria\/wp-json\/wp\/v2\/comments?post=1213"}],"version-history":[{"count":4,"href":"https:\/\/ajeandalucia.org\/almeria\/wp-json\/wp\/v2\/posts\/1213\/revisions"}],"predecessor-version":[{"id":1219,"href":"https:\/\/ajeandalucia.org\/almeria\/wp-json\/wp\/v2\/posts\/1213\/revisions\/1219"}],"wp:featuredmedia":[{"embeddable":true,"href":"https:\/\/ajeandalucia.org\/almeria\/wp-json\/wp\/v2\/media\/1214"}],"wp:attachment":[{"href":"https:\/\/ajeandalucia.org\/almeria\/wp-json\/wp\/v2\/media?parent=1213"}],"wp:term":[{"taxonomy":"category","embeddable":true,"href":"https:\/\/ajeandalucia.org\/almeria\/wp-json\/wp\/v2\/categories?post=1213"},{"taxonomy":"post_tag","embeddable":true,"href":"https:\/\/ajeandalucia.org\/almeria\/wp-json\/wp\/v2\/tags?post=1213"}],"curies":[{"name":"wp","href":"https:\/\/api.w.org\/{rel}","templated":true}]}}