{"id":1295,"date":"2019-05-14T09:08:50","date_gmt":"2019-05-14T09:08:50","guid":{"rendered":"http:\/\/www.ajeandalucia.org\/almeria\/?p=1295"},"modified":"2020-02-07T09:06:37","modified_gmt":"2020-02-07T09:06:37","slug":"premios-aje-almeria-2019","status":"publish","type":"post","link":"https:\/\/ajeandalucia.org\/almeria\/2019\/05\/14\/premios-aje-almeria-2019\/","title":{"rendered":"PREMIOS AJE ALMER\u00cdA 2019"},"content":{"rendered":"<p>El pasado 25 de abril tuvo lugar la celebraci\u00f3n de la gala de los\u00a0Premios AJE 2019\u00a0en el\u00a0<strong>Teatro Cervantes<\/strong>.<br \/>\nDonde se premi\u00f3\u00a0a los j\u00f3venes empresarios a dos categor\u00edas: Trayectoria Empresarial e Iniciativa Emprendedora.<\/p>\n<p>&nbsp;<\/p>\n<h3 class=\"mc-toc-title\" style=\"text-align: center\"><span style=\"color: #d60005\">TRAYECTORIA EMPRESARIAL<\/span><\/h3>\n<p>Los candidatos a la categor\u00eda Trayectoria Empresarial\u00a0fueron:<br \/>\n<strong><span style=\"color: #ff0000\"><a href=\"http:\/\/www.mueblesmago.es\/\"><span style=\"color: #ff0000\">Muebles Mago<\/span><\/a><\/span><\/strong>, es una empresa especializada en Muebles, Cocinas, y Decoraci\u00f3n.<br \/>\n<strong><a href=\"https:\/\/www.profesionalhosting.com\/\" target=\"_blank\" rel=\"noopener\"><span style=\"color: #ff0000\">Profesional Hosting<\/span>,<\/a>\u00a0<\/strong>es una empresa especializada en Hosting, VPS, Hosting WordPress, Hosting PrestaShop.<br \/>\n<strong><a href=\"https:\/\/www.climbea.com\/\" target=\"_blank\" rel=\"noopener\"><span style=\"color: #ff0000\">Climbea<\/span><\/a>,\u00a0<\/strong>una consultora que une dos mundos profesionales indispensables para cualquier tipo de organizaci\u00f3n empresarial: el control de gesti\u00f3n y la inteligencia de negocio.<\/p>\n<figure id=\"attachment_1296\" aria-describedby=\"caption-attachment-1296\" style=\"width: 300px\" class=\"wp-caption aligncenter\"><img loading=\"lazy\" decoding=\"async\" class=\"size-medium wp-image-1296\" src=\"http:\/\/www.ajeandalucia.org\/almeria\/wp-content\/uploads\/sites\/3\/2019\/05\/DSC3335-300x200.jpg\" alt=\"\" width=\"300\" height=\"200\" srcset=\"https:\/\/ajeandalucia.org\/almeria\/wp-content\/uploads\/sites\/3\/2019\/05\/DSC3335-300x200.jpg 300w, https:\/\/ajeandalucia.org\/almeria\/wp-content\/uploads\/sites\/3\/2019\/05\/DSC3335-768x513.jpg 768w, https:\/\/ajeandalucia.org\/almeria\/wp-content\/uploads\/sites\/3\/2019\/05\/DSC3335-1024x684.jpg 1024w, https:\/\/ajeandalucia.org\/almeria\/wp-content\/uploads\/sites\/3\/2019\/05\/DSC3335.jpg 2048w\" sizes=\"auto, (max-width: 300px) 100vw, 300px\" \/><figcaption id=\"caption-attachment-1296\" class=\"wp-caption-text\">Los candidatos a la categor\u00eda Trayectoria Empresarial: Muebles Mago, Profesional Hosting y Climbea, junto con la Junta Directiva de Aje Almer\u00eda.<\/figcaption><\/figure>\n<p>&nbsp;<\/p>\n<h3 class=\"mc-toc-title\" style=\"text-align: center\"><span style=\"color: #d60005\">INICIATIVA EMPRENDEDORA<\/span><\/h3>\n<p>Los candidatos a la categor\u00eda Iniciativa Emprendedora fueron:<br \/>\n<strong><a href=\"http:\/\/indaldynamic.com\/\" target=\"_blank\" rel=\"noopener\"><span style=\"color: #ff0000\">IndalDynamic<\/span><\/a>,\u00a0<\/strong>es una empresa agr\u00edcola con sede en N\u00edjar (Almer\u00eda) que produce y comercializa productos\u00a0ecol\u00f3gicos y biodin\u00e1micos.<br \/>\n<strong><a href=\"https:\/\/dunasysalud.com\/\" target=\"_blank\" rel=\"noopener\"><span style=\"color: #ff0000\">Dunas y Salud<\/span><\/a>,\u00a0<\/strong>una empresa, de car\u00e1cter privado, que se dedica a prestar servicios de ayuda a domicilio a personas dependientes.<br \/>\n<strong><span style=\"color: #ff0000\"><a style=\"color: #ff0000\" href=\"https:\/\/www.owacademy.com\/\" target=\"_blank\" rel=\"noopener\">OWA<\/a><\/span>,\u00a0<\/strong>una<strong>\u00a0<\/strong>academia de formaci\u00f3n centrada en temas relacionados con entrenamiento, salud, pero sobre todo en\u00a0entrenamiento durante el embarazo y el post parto de la mujer, aunque tambi\u00e9n se realizar\u00e1n otras sobre\u00a0ejercicio f\u00edsico y fertilidad, c\u00e1ncer de mama, ciclo menstrual y otras\u00a0tem\u00e1ticas asociadas.<\/p>\n<figure id=\"attachment_1304\" aria-describedby=\"caption-attachment-1304\" style=\"width: 300px\" class=\"wp-caption aligncenter\"><img loading=\"lazy\" decoding=\"async\" class=\"size-medium wp-image-1304\" src=\"http:\/\/www.ajeandalucia.org\/almeria\/wp-content\/uploads\/sites\/3\/2019\/05\/DSC3325-300x200.jpg\" alt=\"\" width=\"300\" height=\"200\" srcset=\"https:\/\/ajeandalucia.org\/almeria\/wp-content\/uploads\/sites\/3\/2019\/05\/DSC3325-300x200.jpg 300w, https:\/\/ajeandalucia.org\/almeria\/wp-content\/uploads\/sites\/3\/2019\/05\/DSC3325-768x513.jpg 768w, https:\/\/ajeandalucia.org\/almeria\/wp-content\/uploads\/sites\/3\/2019\/05\/DSC3325-1024x684.jpg 1024w, https:\/\/ajeandalucia.org\/almeria\/wp-content\/uploads\/sites\/3\/2019\/05\/DSC3325.jpg 2048w\" sizes=\"auto, (max-width: 300px) 100vw, 300px\" \/><figcaption id=\"caption-attachment-1304\" class=\"wp-caption-text\">Los candidatos a la categor\u00eda Iniciativa Emprendedora: IndalDynamic, Dunas y Salud y OWA, junto con la Junta Directiva de Aje Almer\u00eda.<\/figcaption><\/figure>\n<p>&nbsp;<\/p>\n<h3 class=\"mc-toc-title\" style=\"text-align: center\"><span style=\"color: #d60005\">GALARDONADOS<\/span><\/h3>\n<p><strong><a href=\"http:\/\/indaldynamic.com\/\" target=\"_blank\" rel=\"noopener\"><span style=\"color: #ff0000\">IndalDynamic<\/span><\/a><\/strong>, fue la empresa galardonada en la categor\u00eda de Iniciativa Emprendedora premio\u00a0que recibi\u00f3\u00a0\u00a0<strong>Juan Francisco P\u00e9rez<\/strong>, socio-gerente\u00a0de esta empresa y\u00a0<strong><a href=\"https:\/\/www.profesionalhosting.com\/\" target=\"_blank\" rel=\"noopener\"><span style=\"color: #ff0000\">Profesional Hosting<\/span><\/a><\/strong>\u00a0, fue la empresa galardonada en la categor\u00eda de Trayectoria Empresarial premio que recibi\u00f3\u00a0David Garc\u00eda,\u00a0 CEO de\u00a0<strong>Profesional Hosting<\/strong><\/p>\n<p>Adem\u00e1s, en la noche se entregaron menciones especiales por parte de nuestros patrocinadores:\u00a0<span style=\"color: #ff0000\"><strong><a style=\"color: #ff0000\" href=\"http:\/\/www.lopezurrutia.com\/\" target=\"_blank\" rel=\"noopener\">L\u00f3pez Urrutia<\/a><\/strong><\/span>\u00a0a\u00a0<span style=\"color: #ff0000\"><strong><a style=\"color: #ff0000\" href=\"https:\/\/almeria2019.es\/\" target=\"_blank\" rel=\"noopener\">Almer\u00eda2019<\/a><\/strong><\/span>\u00a0cuya menci\u00f3n especial fue\u00a0recogida por Carolina Lafita\u00a0;\u00a0<strong><span style=\"color: #ff0000\"><a style=\"color: #ff0000\" href=\"http:\/\/www.eneluz.es\/\" target=\"_blank\" rel=\"noopener\">Eneluz<\/a><\/span><\/strong>\u00a0a\u00a0<span style=\"color: #ff0000\"><strong><a style=\"color: #ff0000\" href=\"http:\/\/nila.es\/\" target=\"_blank\" rel=\"noopener\">Construcciones Nila<\/a><\/strong><\/span>, cuya menci\u00f3n fue\u00a0recogida por Juan \u00c1ngel Ruiz y\u00a0<span style=\"color: #ff0000\"><strong><a style=\"color: #ff0000\" href=\"https:\/\/www.microdata.es\/\" target=\"_blank\" rel=\"noopener\">Microdata<\/a><\/strong><\/span>\u00a0a\u00a0<strong><span style=\"color: #ff0000\"><a style=\"color: #ff0000\" href=\"https:\/\/www.carrida.es\/\" target=\"_blank\" rel=\"noopener\">Grupo Carrida Inversor<\/a><\/span><\/strong>, cuya menci\u00f3n fue recogida por Ana Carri\u00f3n.<\/p>\n<figure id=\"attachment_1306\" aria-describedby=\"caption-attachment-1306\" style=\"width: 300px\" class=\"wp-caption aligncenter\"><img loading=\"lazy\" decoding=\"async\" class=\"size-medium wp-image-1306\" src=\"http:\/\/www.ajeandalucia.org\/almeria\/wp-content\/uploads\/sites\/3\/2019\/05\/DSC3553-300x168.jpg\" alt=\"\" width=\"300\" height=\"168\" srcset=\"https:\/\/ajeandalucia.org\/almeria\/wp-content\/uploads\/sites\/3\/2019\/05\/DSC3553-300x168.jpg 300w, https:\/\/ajeandalucia.org\/almeria\/wp-content\/uploads\/sites\/3\/2019\/05\/DSC3553-768x429.jpg 768w, https:\/\/ajeandalucia.org\/almeria\/wp-content\/uploads\/sites\/3\/2019\/05\/DSC3553-1024x572.jpg 1024w, https:\/\/ajeandalucia.org\/almeria\/wp-content\/uploads\/sites\/3\/2019\/05\/DSC3553.jpg 2047w\" sizes=\"auto, (max-width: 300px) 100vw, 300px\" \/><figcaption id=\"caption-attachment-1306\" class=\"wp-caption-text\">Empresas Galardonadas de la noche.<\/figcaption><\/figure>\n<p>&nbsp;<\/p>\n<p>Antonio Jes\u00fas Fern\u00e1ndez,\u00a0<strong>Presidente de AJE Almer\u00eda\u00a0<\/strong>agradeci\u00f3\u00a0la amplia\u00a0representaci\u00f3n\u00a0institucional, con la\u00a0<strong>delegada del Gobierno<\/strong>, Maribel S\u00e1nchez, a la cabeza; asociaciones,\u00a0<strong>UAL<\/strong>, empresarios, colegios profesionales, con el\u00a0<strong>decano del\u00a0Colegio de Arquitectos<\/strong>, Jos\u00e9 Eulogio D\u00edaz; y Mar\u00eda del Mar Ayala, presidenta del\u00a0<strong>Colegio de Graduados Sociales<\/strong>; y donde destacaron la presencia del presidente de la\u00a0<strong>Asociaci\u00f3n de J\u00f3venes Empresarios de Andaluc\u00eda<\/strong>, Melesio Pe\u00f1a,\u00a0<strong>vicepresidente de AJE Espa\u00f1a<\/strong>;\u00a0Jos\u00e9 Manuel Ant\u00f3n Garc\u00eda,\u00a0<strong>presidente de AJE Cartagena\u00a0y su Comarca<\/strong>; y directivos de\u00a0<strong>Guadalent\u00edn J\u00f3venes Empresarios<\/strong>.<\/p>\n<blockquote>\n<h4 class=\"null\" style=\"text-align: center\">\u201cBienvenidos\u00a0al que es ya\u00a0el evento empresarial m\u00e1s importante de nuestra provincia\u201d,<br \/>\ndescribi\u00f3 la gala el\u00a0<strong>Presidente de AJE Almer\u00eda<\/strong>, Antonio Jes\u00fas Fern\u00e1ndez.<\/h4>\n<\/blockquote>\n<figure id=\"attachment_1305\" aria-describedby=\"caption-attachment-1305\" style=\"width: 300px\" class=\"wp-caption aligncenter\"><img loading=\"lazy\" decoding=\"async\" class=\"size-medium wp-image-1305\" src=\"http:\/\/www.ajeandalucia.org\/almeria\/wp-content\/uploads\/sites\/3\/2019\/05\/DSC3546-300x200.jpg\" alt=\"\" width=\"300\" height=\"200\" srcset=\"https:\/\/ajeandalucia.org\/almeria\/wp-content\/uploads\/sites\/3\/2019\/05\/DSC3546-300x200.jpg 300w, https:\/\/ajeandalucia.org\/almeria\/wp-content\/uploads\/sites\/3\/2019\/05\/DSC3546-768x513.jpg 768w, https:\/\/ajeandalucia.org\/almeria\/wp-content\/uploads\/sites\/3\/2019\/05\/DSC3546-1024x684.jpg 1024w, https:\/\/ajeandalucia.org\/almeria\/wp-content\/uploads\/sites\/3\/2019\/05\/DSC3546.jpg 2048w\" sizes=\"auto, (max-width: 300px) 100vw, 300px\" \/><figcaption id=\"caption-attachment-1305\" class=\"wp-caption-text\">Antonio Jes\u00fas Fern\u00e1ndez, Presidente de AJE Almer\u00eda.<\/figcaption><\/figure>\n<p>&nbsp;<\/p>\n<p>&nbsp;<\/p>\n<p style=\"text-align: center\">Puedes descargar las fotos de la gala\u00a0<a href=\"https:\/\/www.facebook.com\/hashtag\/premiosajealmer%C3%ADa2019?source=feed_text&amp;epa=HASHTAG&amp;__xts__%5B0%5D=68.ARDb8Jy6ydxEMPL8m58rm8L-py2SrS8yiWL74KBQvqVw1hTzm25rFgNCbd5Flug6bcYR2ie3Trc3Su6vJ8dFI3cmTmpGeG2QsmbxSngIq1ylCMLKyV8JDYsWim7VCoftQWHwZVym2ZAbGYeQoj9E7n6cE_VFzezYgEhmdYqNKhjjghiO7uFfEffmNKZUba4e-9KHsZtHLeB5yy8pUWbUpPwSEgzoT8ZxI4SZO8sCNGF-Vt8JZ0FthriUQdfEPocA6HOmBlHqV8A9xfrMaKloQ2QRtEkb6UJJiDSK_5Dfc8r7oLi61ws75GiEduVdj2RBEpUH&amp;__tn__=%2ANK-R\"><strong><span style=\"color: #ff0000\">Premios AJE Almer\u00eda 2019<\/span><\/strong><\/a>\u00a0,haciendo click\u00a0<span style=\"color: #ff0000\"><strong><a style=\"color: #ff0000\" href=\"https:\/\/www.facebook.com\/pg\/ajealmeria\/photos\/?tab=album&amp;album_id=2326287660726458&amp;__xts__%5B0%5D=68.ARAPsNCTYHoZCVbL8ClSlMk0k_SHcjfSnhnEku6WsahsKetX4ZwQciV-iClIJ1e-D9gqFWPFzTElQ1yn99-upqxC9OalRUB2pgh7qjkmkQwFJLwJ6wuRGSFAC4h6rtB_uoOD-VO3MVQXoTrK3MZ9sB7Spk_rv86C4SmeVHXvTJqT5bdDKhUDF17ysTgr36HdfchEkqraGJ347CF-vuFsOtwbYl8lG2nU36mBwJz3G2J7n1xpfDF_Pe8DZwzD_7C0tQgQ4qEY-9h-vSvkXnCXa9PtSzYQhaO5e7dWhBt9RfhmND_BkZH3IuhJXyIEINzPKlhhHwfeFjMvEDXRNMAZApatRw&amp;__tn__=-UK-R\" target=\"_blank\" rel=\"noopener\">aqu\u00ed<\/a>.<\/strong><\/span><\/p>\n<p>&nbsp;<\/p>\n<p>&nbsp;<\/p>\n","protected":false},"excerpt":{"rendered":"<p>El pasado 25 de abril tuvo lugar la celebraci\u00f3n de la gala de los\u00a0Premios AJE 2019\u00a0en el\u00a0Teatro Cervantes. Donde se [&hellip;]<\/p>\n","protected":false},"author":3,"featured_media":1299,"comment_status":"open","ping_status":"open","sticky":false,"template":"","format":"standard","meta":{"_acf_changed":false,"site-sidebar-layout":"default","site-content-layout":"","ast-site-content-layout":"default","site-content-style":"default","site-sidebar-style":"default","ast-global-header-display":"","ast-banner-title-visibility":"","ast-main-header-display":"","ast-hfb-above-header-display":"","ast-hfb-below-header-display":"","ast-hfb-mobile-header-display":"","site-post-title":"","ast-breadcrumbs-content":"","ast-featured-img":"","footer-sml-layout":"","ast-disable-related-posts":"","theme-transparent-header-meta":"","adv-header-id-meta":"","stick-header-meta":"","header-above-stick-meta":"","header-main-stick-meta":"","header-below-stick-meta":"","astra-migrate-meta-layouts":"default","ast-page-background-enabled":"default","ast-page-background-meta":{"desktop":{"background-color":"var(--ast-global-color-5)","background-image":"","background-repeat":"repeat","background-position":"center center","background-size":"auto","background-attachment":"scroll","background-type":"","background-media":"","overlay-type":"","overlay-color":"","overlay-opacity":"","overlay-gradient":""},"tablet":{"background-color":"","background-image":"","background-repeat":"repeat","background-position":"center center","background-size":"auto","background-attachment":"scroll","background-type":"","background-media":"","overlay-type":"","overlay-color":"","overlay-opacity":"","overlay-gradient":""},"mobile":{"background-color":"","background-image":"","background-repeat":"repeat","background-position":"center center","background-size":"auto","background-attachment":"scroll","background-type":"","background-media":"","overlay-type":"","overlay-color":"","overlay-opacity":"","overlay-gradient":""}},"ast-content-background-meta":{"desktop":{"background-color":"var(--ast-global-color-4)","background-image":"","background-repeat":"repeat","background-position":"center center","background-size":"auto","background-attachment":"scroll","background-type":"","background-media":"","overlay-type":"","overlay-color":"","overlay-opacity":"","overlay-gradient":""},"tablet":{"background-color":"var(--ast-global-color-4)","background-image":"","background-repeat":"repeat","background-position":"center center","background-size":"auto","background-attachment":"scroll","background-type":"","background-media":"","overlay-type":"","overlay-color":"","overlay-opacity":"","overlay-gradient":""},"mobile":{"background-color":"var(--ast-global-color-4)","background-image":"","background-repeat":"repeat","background-position":"center center","background-size":"auto","background-attachment":"scroll","background-type":"","background-media":"","overlay-type":"","overlay-color":"","overlay-opacity":"","overlay-gradient":""}},"footnotes":""},"categories":[8],"tags":[60,27,42,78,87,88,144,47,30,71,105,65,96,118,117,31,59,132,116,122,143,142],"class_list":["post-1295","post","type-post","status-publish","format-standard","has-post-thumbnail","hentry","category-noticias","tag-aje","tag-aje-almeria","tag-aje-andalucia","tag-asociacion-de-jovenes-empresarios","tag-asociacion-jovenes-empresarios","tag-asociacion-jovenes-empresarios-almeria","tag-asociarse-aje","tag-emprendedor","tag-emprendedores","tag-emprendedores-almeria","tag-emprender","tag-emprendimiento","tag-emprendimiento-almeria","tag-emprendimiento-mujeres","tag-empresarias-almeria","tag-empresarios","tag-empresas-de-almeria","tag-encuentro-de-negocios","tag-mujeres-emprendedoras","tag-premios-aje-almeria","tag-socio-aje","tag-socio-aje-almeria"],"acf":[],"yoast_head":"<!-- This site is optimized with the Yoast SEO plugin v26.9 - https:\/\/yoast.com\/product\/yoast-seo-wordpress\/ -->\n<title>PREMIOS AJE ALMER\u00cdA 2019 - AJE Almer\u00eda<\/title>\n<meta name=\"robots\" content=\"index, follow, max-snippet:-1, max-image-preview:large, max-video-preview:-1\" \/>\n<link rel=\"canonical\" href=\"https:\/\/ajeandalucia.org\/almeria\/2019\/05\/14\/premios-aje-almeria-2019\/\" \/>\n<meta property=\"og:locale\" content=\"es_ES\" \/>\n<meta property=\"og:type\" content=\"article\" \/>\n<meta property=\"og:title\" content=\"PREMIOS AJE ALMER\u00cdA 2019 - AJE Almer\u00eda\" \/>\n<meta property=\"og:description\" content=\"El pasado 25 de abril tuvo lugar la celebraci\u00f3n de la gala de los\u00a0Premios AJE 2019\u00a0en el\u00a0Teatro Cervantes. Donde se [&hellip;]\" \/>\n<meta property=\"og:url\" content=\"https:\/\/ajeandalucia.org\/almeria\/2019\/05\/14\/premios-aje-almeria-2019\/\" \/>\n<meta property=\"og:site_name\" content=\"AJE Almer\u00eda\" \/>\n<meta property=\"article:published_time\" content=\"2019-05-14T09:08:50+00:00\" \/>\n<meta property=\"article:modified_time\" content=\"2020-02-07T09:06:37+00:00\" \/>\n<meta property=\"og:image\" content=\"https:\/\/ajeandalucia.org\/almeria\/wp-content\/uploads\/sites\/3\/2019\/05\/DSC3561.jpg\" \/>\n\t<meta property=\"og:image:width\" content=\"2048\" \/>\n\t<meta property=\"og:image:height\" content=\"1367\" \/>\n\t<meta property=\"og:image:type\" content=\"image\/jpeg\" \/>\n<meta name=\"author\" content=\"almeria\" \/>\n<meta name=\"twitter:card\" content=\"summary_large_image\" \/>\n<meta name=\"twitter:label1\" content=\"Escrito por\" \/>\n\t<meta name=\"twitter:data1\" content=\"almeria\" \/>\n\t<meta name=\"twitter:label2\" content=\"Tiempo de lectura\" \/>\n\t<meta name=\"twitter:data2\" content=\"3 minutos\" \/>\n<script type=\"application\/ld+json\" class=\"yoast-schema-graph\">{\"@context\":\"https:\/\/schema.org\",\"@graph\":[{\"@type\":\"Article\",\"@id\":\"https:\/\/ajeandalucia.org\/almeria\/2019\/05\/14\/premios-aje-almeria-2019\/#article\",\"isPartOf\":{\"@id\":\"https:\/\/ajeandalucia.org\/almeria\/2019\/05\/14\/premios-aje-almeria-2019\/\"},\"author\":{\"name\":\"almeria\",\"@id\":\"https:\/\/ajeandalucia.org\/almeria\/#\/schema\/person\/9336ac50bc8c90053f6bf3b99e5c7d7b\"},\"headline\":\"PREMIOS AJE ALMER\u00cdA 2019\",\"datePublished\":\"2019-05-14T09:08:50+00:00\",\"dateModified\":\"2020-02-07T09:06:37+00:00\",\"mainEntityOfPage\":{\"@id\":\"https:\/\/ajeandalucia.org\/almeria\/2019\/05\/14\/premios-aje-almeria-2019\/\"},\"wordCount\":557,\"commentCount\":0,\"publisher\":{\"@id\":\"https:\/\/ajeandalucia.org\/almeria\/#organization\"},\"image\":{\"@id\":\"https:\/\/ajeandalucia.org\/almeria\/2019\/05\/14\/premios-aje-almeria-2019\/#primaryimage\"},\"thumbnailUrl\":\"https:\/\/ajeandalucia.org\/almeria\/wp-content\/uploads\/sites\/3\/2019\/05\/DSC3561.jpg\",\"keywords\":[\"aje\",\"aje almeria\",\"aje andalucia\",\"asociacion de j\u00f3venes empresarios\",\"asociacion jovenes empresarios\",\"asociacion jovenes empresarios almeria\",\"asociarse aje\",\"emprendedor\",\"emprendedores\",\"emprendedores almeria\",\"emprender\",\"emprendimiento\",\"emprendimiento almeria\",\"emprendimiento mujeres\",\"empresarias almeria\",\"empresarios\",\"empresas de almer\u00eda\",\"encuentro de negocios\",\"mujeres emprendedoras\",\"premios aje almeria\",\"socio aje\",\"socio aje almeria\"],\"articleSection\":[\"Noticias\"],\"inLanguage\":\"es\",\"potentialAction\":[{\"@type\":\"CommentAction\",\"name\":\"Comment\",\"target\":[\"https:\/\/ajeandalucia.org\/almeria\/2019\/05\/14\/premios-aje-almeria-2019\/#respond\"]}]},{\"@type\":\"WebPage\",\"@id\":\"https:\/\/ajeandalucia.org\/almeria\/2019\/05\/14\/premios-aje-almeria-2019\/\",\"url\":\"https:\/\/ajeandalucia.org\/almeria\/2019\/05\/14\/premios-aje-almeria-2019\/\",\"name\":\"PREMIOS AJE ALMER\u00cdA 2019 - AJE Almer\u00eda\",\"isPartOf\":{\"@id\":\"https:\/\/ajeandalucia.org\/almeria\/#website\"},\"primaryImageOfPage\":{\"@id\":\"https:\/\/ajeandalucia.org\/almeria\/2019\/05\/14\/premios-aje-almeria-2019\/#primaryimage\"},\"image\":{\"@id\":\"https:\/\/ajeandalucia.org\/almeria\/2019\/05\/14\/premios-aje-almeria-2019\/#primaryimage\"},\"thumbnailUrl\":\"https:\/\/ajeandalucia.org\/almeria\/wp-content\/uploads\/sites\/3\/2019\/05\/DSC3561.jpg\",\"datePublished\":\"2019-05-14T09:08:50+00:00\",\"dateModified\":\"2020-02-07T09:06:37+00:00\",\"breadcrumb\":{\"@id\":\"https:\/\/ajeandalucia.org\/almeria\/2019\/05\/14\/premios-aje-almeria-2019\/#breadcrumb\"},\"inLanguage\":\"es\",\"potentialAction\":[{\"@type\":\"ReadAction\",\"target\":[\"https:\/\/ajeandalucia.org\/almeria\/2019\/05\/14\/premios-aje-almeria-2019\/\"]}]},{\"@type\":\"ImageObject\",\"inLanguage\":\"es\",\"@id\":\"https:\/\/ajeandalucia.org\/almeria\/2019\/05\/14\/premios-aje-almeria-2019\/#primaryimage\",\"url\":\"https:\/\/ajeandalucia.org\/almeria\/wp-content\/uploads\/sites\/3\/2019\/05\/DSC3561.jpg\",\"contentUrl\":\"https:\/\/ajeandalucia.org\/almeria\/wp-content\/uploads\/sites\/3\/2019\/05\/DSC3561.jpg\",\"width\":2048,\"height\":1367},{\"@type\":\"BreadcrumbList\",\"@id\":\"https:\/\/ajeandalucia.org\/almeria\/2019\/05\/14\/premios-aje-almeria-2019\/#breadcrumb\",\"itemListElement\":[{\"@type\":\"ListItem\",\"position\":1,\"name\":\"Portada\",\"item\":\"https:\/\/ajeandalucia.org\/almeria\/\"},{\"@type\":\"ListItem\",\"position\":2,\"name\":\"PREMIOS AJE ALMER\u00cdA 2019\"}]},{\"@type\":\"WebSite\",\"@id\":\"https:\/\/ajeandalucia.org\/almeria\/#website\",\"url\":\"https:\/\/ajeandalucia.org\/almeria\/\",\"name\":\"AJE Almer\u00eda\",\"description\":\"Otro sitio m\u00e1s de AJE Andaluc\u00eda\",\"publisher\":{\"@id\":\"https:\/\/ajeandalucia.org\/almeria\/#organization\"},\"potentialAction\":[{\"@type\":\"SearchAction\",\"target\":{\"@type\":\"EntryPoint\",\"urlTemplate\":\"https:\/\/ajeandalucia.org\/almeria\/?s={search_term_string}\"},\"query-input\":{\"@type\":\"PropertyValueSpecification\",\"valueRequired\":true,\"valueName\":\"search_term_string\"}}],\"inLanguage\":\"es\"},{\"@type\":\"Organization\",\"@id\":\"https:\/\/ajeandalucia.org\/almeria\/#organization\",\"name\":\"AJE Almer\u00eda\",\"url\":\"https:\/\/ajeandalucia.org\/almeria\/\",\"logo\":{\"@type\":\"ImageObject\",\"inLanguage\":\"es\",\"@id\":\"https:\/\/ajeandalucia.org\/almeria\/#\/schema\/logo\/image\/\",\"url\":\"https:\/\/ajeandalucia.org\/almeria\/wp-content\/uploads\/sites\/3\/2025\/01\/AJE-ALMERIA-horizontal.png\",\"contentUrl\":\"https:\/\/ajeandalucia.org\/almeria\/wp-content\/uploads\/sites\/3\/2025\/01\/AJE-ALMERIA-horizontal.png\",\"width\":605,\"height\":200,\"caption\":\"AJE Almer\u00eda\"},\"image\":{\"@id\":\"https:\/\/ajeandalucia.org\/almeria\/#\/schema\/logo\/image\/\"}},{\"@type\":\"Person\",\"@id\":\"https:\/\/ajeandalucia.org\/almeria\/#\/schema\/person\/9336ac50bc8c90053f6bf3b99e5c7d7b\",\"name\":\"almeria\",\"image\":{\"@type\":\"ImageObject\",\"inLanguage\":\"es\",\"@id\":\"https:\/\/ajeandalucia.org\/almeria\/#\/schema\/person\/image\/\",\"url\":\"https:\/\/secure.gravatar.com\/avatar\/f5b6b7d37a8f964bd96d1a7752fc3160bb98a16a08fda2bb6fb3a80845dae5d6?s=96&d=mm&r=g\",\"contentUrl\":\"https:\/\/secure.gravatar.com\/avatar\/f5b6b7d37a8f964bd96d1a7752fc3160bb98a16a08fda2bb6fb3a80845dae5d6?s=96&d=mm&r=g\",\"caption\":\"almeria\"},\"sameAs\":[\"http:\/\/www.ajealmeria.org\/\"],\"url\":\"https:\/\/ajeandalucia.org\/almeria\/author\/almeria\/\"}]}<\/script>\n<!-- \/ Yoast SEO plugin. -->","yoast_head_json":{"title":"PREMIOS AJE ALMER\u00cdA 2019 - AJE Almer\u00eda","robots":{"index":"index","follow":"follow","max-snippet":"max-snippet:-1","max-image-preview":"max-image-preview:large","max-video-preview":"max-video-preview:-1"},"canonical":"https:\/\/ajeandalucia.org\/almeria\/2019\/05\/14\/premios-aje-almeria-2019\/","og_locale":"es_ES","og_type":"article","og_title":"PREMIOS AJE ALMER\u00cdA 2019 - AJE Almer\u00eda","og_description":"El pasado 25 de abril tuvo lugar la celebraci\u00f3n de la gala de los\u00a0Premios AJE 2019\u00a0en el\u00a0Teatro Cervantes. Donde se [&hellip;]","og_url":"https:\/\/ajeandalucia.org\/almeria\/2019\/05\/14\/premios-aje-almeria-2019\/","og_site_name":"AJE Almer\u00eda","article_published_time":"2019-05-14T09:08:50+00:00","article_modified_time":"2020-02-07T09:06:37+00:00","og_image":[{"width":2048,"height":1367,"url":"https:\/\/ajeandalucia.org\/almeria\/wp-content\/uploads\/sites\/3\/2019\/05\/DSC3561.jpg","type":"image\/jpeg"}],"author":"almeria","twitter_card":"summary_large_image","twitter_misc":{"Escrito por":"almeria","Tiempo de lectura":"3 minutos"},"schema":{"@context":"https:\/\/schema.org","@graph":[{"@type":"Article","@id":"https:\/\/ajeandalucia.org\/almeria\/2019\/05\/14\/premios-aje-almeria-2019\/#article","isPartOf":{"@id":"https:\/\/ajeandalucia.org\/almeria\/2019\/05\/14\/premios-aje-almeria-2019\/"},"author":{"name":"almeria","@id":"https:\/\/ajeandalucia.org\/almeria\/#\/schema\/person\/9336ac50bc8c90053f6bf3b99e5c7d7b"},"headline":"PREMIOS AJE ALMER\u00cdA 2019","datePublished":"2019-05-14T09:08:50+00:00","dateModified":"2020-02-07T09:06:37+00:00","mainEntityOfPage":{"@id":"https:\/\/ajeandalucia.org\/almeria\/2019\/05\/14\/premios-aje-almeria-2019\/"},"wordCount":557,"commentCount":0,"publisher":{"@id":"https:\/\/ajeandalucia.org\/almeria\/#organization"},"image":{"@id":"https:\/\/ajeandalucia.org\/almeria\/2019\/05\/14\/premios-aje-almeria-2019\/#primaryimage"},"thumbnailUrl":"https:\/\/ajeandalucia.org\/almeria\/wp-content\/uploads\/sites\/3\/2019\/05\/DSC3561.jpg","keywords":["aje","aje almeria","aje andalucia","asociacion de j\u00f3venes empresarios","asociacion jovenes empresarios","asociacion jovenes empresarios almeria","asociarse aje","emprendedor","emprendedores","emprendedores almeria","emprender","emprendimiento","emprendimiento almeria","emprendimiento mujeres","empresarias almeria","empresarios","empresas de almer\u00eda","encuentro de negocios","mujeres emprendedoras","premios aje almeria","socio aje","socio aje almeria"],"articleSection":["Noticias"],"inLanguage":"es","potentialAction":[{"@type":"CommentAction","name":"Comment","target":["https:\/\/ajeandalucia.org\/almeria\/2019\/05\/14\/premios-aje-almeria-2019\/#respond"]}]},{"@type":"WebPage","@id":"https:\/\/ajeandalucia.org\/almeria\/2019\/05\/14\/premios-aje-almeria-2019\/","url":"https:\/\/ajeandalucia.org\/almeria\/2019\/05\/14\/premios-aje-almeria-2019\/","name":"PREMIOS AJE ALMER\u00cdA 2019 - AJE Almer\u00eda","isPartOf":{"@id":"https:\/\/ajeandalucia.org\/almeria\/#website"},"primaryImageOfPage":{"@id":"https:\/\/ajeandalucia.org\/almeria\/2019\/05\/14\/premios-aje-almeria-2019\/#primaryimage"},"image":{"@id":"https:\/\/ajeandalucia.org\/almeria\/2019\/05\/14\/premios-aje-almeria-2019\/#primaryimage"},"thumbnailUrl":"https:\/\/ajeandalucia.org\/almeria\/wp-content\/uploads\/sites\/3\/2019\/05\/DSC3561.jpg","datePublished":"2019-05-14T09:08:50+00:00","dateModified":"2020-02-07T09:06:37+00:00","breadcrumb":{"@id":"https:\/\/ajeandalucia.org\/almeria\/2019\/05\/14\/premios-aje-almeria-2019\/#breadcrumb"},"inLanguage":"es","potentialAction":[{"@type":"ReadAction","target":["https:\/\/ajeandalucia.org\/almeria\/2019\/05\/14\/premios-aje-almeria-2019\/"]}]},{"@type":"ImageObject","inLanguage":"es","@id":"https:\/\/ajeandalucia.org\/almeria\/2019\/05\/14\/premios-aje-almeria-2019\/#primaryimage","url":"https:\/\/ajeandalucia.org\/almeria\/wp-content\/uploads\/sites\/3\/2019\/05\/DSC3561.jpg","contentUrl":"https:\/\/ajeandalucia.org\/almeria\/wp-content\/uploads\/sites\/3\/2019\/05\/DSC3561.jpg","width":2048,"height":1367},{"@type":"BreadcrumbList","@id":"https:\/\/ajeandalucia.org\/almeria\/2019\/05\/14\/premios-aje-almeria-2019\/#breadcrumb","itemListElement":[{"@type":"ListItem","position":1,"name":"Portada","item":"https:\/\/ajeandalucia.org\/almeria\/"},{"@type":"ListItem","position":2,"name":"PREMIOS AJE ALMER\u00cdA 2019"}]},{"@type":"WebSite","@id":"https:\/\/ajeandalucia.org\/almeria\/#website","url":"https:\/\/ajeandalucia.org\/almeria\/","name":"AJE Almer\u00eda","description":"Otro sitio m\u00e1s de AJE Andaluc\u00eda","publisher":{"@id":"https:\/\/ajeandalucia.org\/almeria\/#organization"},"potentialAction":[{"@type":"SearchAction","target":{"@type":"EntryPoint","urlTemplate":"https:\/\/ajeandalucia.org\/almeria\/?s={search_term_string}"},"query-input":{"@type":"PropertyValueSpecification","valueRequired":true,"valueName":"search_term_string"}}],"inLanguage":"es"},{"@type":"Organization","@id":"https:\/\/ajeandalucia.org\/almeria\/#organization","name":"AJE Almer\u00eda","url":"https:\/\/ajeandalucia.org\/almeria\/","logo":{"@type":"ImageObject","inLanguage":"es","@id":"https:\/\/ajeandalucia.org\/almeria\/#\/schema\/logo\/image\/","url":"https:\/\/ajeandalucia.org\/almeria\/wp-content\/uploads\/sites\/3\/2025\/01\/AJE-ALMERIA-horizontal.png","contentUrl":"https:\/\/ajeandalucia.org\/almeria\/wp-content\/uploads\/sites\/3\/2025\/01\/AJE-ALMERIA-horizontal.png","width":605,"height":200,"caption":"AJE Almer\u00eda"},"image":{"@id":"https:\/\/ajeandalucia.org\/almeria\/#\/schema\/logo\/image\/"}},{"@type":"Person","@id":"https:\/\/ajeandalucia.org\/almeria\/#\/schema\/person\/9336ac50bc8c90053f6bf3b99e5c7d7b","name":"almeria","image":{"@type":"ImageObject","inLanguage":"es","@id":"https:\/\/ajeandalucia.org\/almeria\/#\/schema\/person\/image\/","url":"https:\/\/secure.gravatar.com\/avatar\/f5b6b7d37a8f964bd96d1a7752fc3160bb98a16a08fda2bb6fb3a80845dae5d6?s=96&d=mm&r=g","contentUrl":"https:\/\/secure.gravatar.com\/avatar\/f5b6b7d37a8f964bd96d1a7752fc3160bb98a16a08fda2bb6fb3a80845dae5d6?s=96&d=mm&r=g","caption":"almeria"},"sameAs":["http:\/\/www.ajealmeria.org\/"],"url":"https:\/\/ajeandalucia.org\/almeria\/author\/almeria\/"}]}},"_links":{"self":[{"href":"https:\/\/ajeandalucia.org\/almeria\/wp-json\/wp\/v2\/posts\/1295","targetHints":{"allow":["GET"]}}],"collection":[{"href":"https:\/\/ajeandalucia.org\/almeria\/wp-json\/wp\/v2\/posts"}],"about":[{"href":"https:\/\/ajeandalucia.org\/almeria\/wp-json\/wp\/v2\/types\/post"}],"author":[{"embeddable":true,"href":"https:\/\/ajeandalucia.org\/almeria\/wp-json\/wp\/v2\/users\/3"}],"replies":[{"embeddable":true,"href":"https:\/\/ajeandalucia.org\/almeria\/wp-json\/wp\/v2\/comments?post=1295"}],"version-history":[{"count":17,"href":"https:\/\/ajeandalucia.org\/almeria\/wp-json\/wp\/v2\/posts\/1295\/revisions"}],"predecessor-version":[{"id":1581,"href":"https:\/\/ajeandalucia.org\/almeria\/wp-json\/wp\/v2\/posts\/1295\/revisions\/1581"}],"wp:featuredmedia":[{"embeddable":true,"href":"https:\/\/ajeandalucia.org\/almeria\/wp-json\/wp\/v2\/media\/1299"}],"wp:attachment":[{"href":"https:\/\/ajeandalucia.org\/almeria\/wp-json\/wp\/v2\/media?parent=1295"}],"wp:term":[{"taxonomy":"category","embeddable":true,"href":"https:\/\/ajeandalucia.org\/almeria\/wp-json\/wp\/v2\/categories?post=1295"},{"taxonomy":"post_tag","embeddable":true,"href":"https:\/\/ajeandalucia.org\/almeria\/wp-json\/wp\/v2\/tags?post=1295"}],"curies":[{"name":"wp","href":"https:\/\/api.w.org\/{rel}","templated":true}]}}