{"id":1506,"date":"2019-11-25T07:05:02","date_gmt":"2019-11-25T07:05:02","guid":{"rendered":"http:\/\/www.ajeandalucia.org\/almeria\/2019\/11\/20\/faeem-y-aje-almeria-firman-un-convenio-de-colaboracion-copy\/"},"modified":"2020-02-13T08:57:04","modified_gmt":"2020-02-13T08:57:04","slug":"aje-almeria-colabora-en-el-ii-networking-del-mediterraneo-en-cartagena","status":"publish","type":"post","link":"https:\/\/ajeandalucia.org\/almeria\/2019\/11\/25\/aje-almeria-colabora-en-el-ii-networking-del-mediterraneo-en-cartagena\/","title":{"rendered":"Aje Almer\u00eda colabora en el II Networking del Mediterr\u00e1neo en Cartagena."},"content":{"rendered":"<p><span style=\"color: #ff0000\"><strong><a style=\"color: #ff0000\" href=\"http:\/\/www.ajeandalucia.org\/almeria\/\">Aje Almer\u00eda<\/a><\/strong><\/span> y la<span style=\"color: #ff0000\"><strong><a style=\"color: #ff0000\" href=\"http:\/\/www.ajecartagena.com\/\"> Asociaci\u00f3n de J\u00f3venes Empresarios de Cartagena y Comarca<\/a><\/strong><\/span>, celebraron el II Networking del Mediterr\u00e1neo en la Facultad de Ciencias de la Empresa en Cartagena, Murcia.<\/p>\n<p>Los j\u00f3venes empresarios tuvieron la oportunidad de generar negocio a trav\u00e9s de \u201cNetworking\u201d creando redes de contacto profesionales y fomentando as\u00ed la econom\u00eda de la zona. Este evento reuni\u00f3 a asociados de distintas entidades y asociaciones como <strong>AJE Cartagena<\/strong>,<span style=\"color: #ff0000\"><strong> <a style=\"color: #ff0000\" href=\"http:\/\/guadalentinemprende.es\/\">Guadalent\u00edn Emprende<\/a><\/strong><\/span>, <strong><span style=\"color: #ff0000\"><a style=\"color: #ff0000\" href=\"http:\/\/www.ajeandalucia.org\/almeria\/\">AJE Almer\u00eda<\/a><\/span><\/strong>, <span style=\"color: #ff0000\"><strong><a style=\"color: #ff0000\" href=\"http:\/\/desayunoemprendenetworking.com\/\">Desayuno Emprende Networking<\/a><\/strong><\/span>, <span style=\"color: #ff0000\"><strong><a style=\"color: #ff0000\" href=\"http:\/\/creanetworking.es\/\">Crea Networking<\/a><\/strong><\/span>, <span style=\"color: #ff0000\"><strong><a style=\"color: #ff0000\" href=\"https:\/\/bnialmeria.com\/es\/index\">BNI<\/a><\/strong><\/span>, <span style=\"color: #ff0000\"><strong><a style=\"color: #ff0000\" href=\"https:\/\/amepcartagena.com\/\">AMEP<\/a><\/strong><\/span> y la <span style=\"color: #ff0000\"><strong><a style=\"color: #ff0000\" href=\"http:\/\/reccartagena.com\/\">Red de Empresarios de Cartagena<\/a><\/strong><\/span> creando as\u00ed el espacio perfecto para tratar temas sobre emprendimiento y \u00e9xito empresarial.<\/p>\n<p>En esta jornada intervinieron:\u00a0 <strong>Pedro Garc\u00eda Trenza<\/strong>, CEO de <span style=\"color: #ff0000\"><a style=\"color: #ff0000\" href=\"https:\/\/dronica.es\/\">Dr\u00f3nica<\/a><\/span>, que habl\u00f3 sobre la importancia del Networking como pilar del \u00e9xito en su empresa, y <strong>Jose Mar\u00eda Torrano<\/strong>, CEO de<span style=\"color: #ff0000\"> <a style=\"color: #ff0000\" href=\"https:\/\/integrusglobal.com\/\">Integrus<\/a><\/span>, que expuso una serie de consejos \u00fatiles para aprovechar y mejorar las relaciones que se generan en estos encuentros.<\/p>\n<p>Para concluir se llev\u00f3 a cabo una mesa redonda en la que se trat\u00f3 la evoluci\u00f3n del Networking en el entorno empresarial, en la que participaron <strong>Nuria Castillo<\/strong>, Presidenta de la Asociaci\u00f3n de Empresarias y Profesionales de Cartagena y Comarca; <strong>Antonio Jes\u00fas Fern\u00e1ndez Garc\u00eda<\/strong>, Presidente de la Asociaci\u00f3n de J\u00f3venes Empresarios de Almer\u00eda; <strong>Ana Jim\u00e9nez Morillas<\/strong>, Presidenta Guadalent\u00edn Emprende; <strong>Jose Manuel Ant\u00f3n<\/strong>, Presidente de la Asociaci\u00f3n de J\u00f3venes Empresarios de Cartagena y Comarca y <strong>Juan Castillo<\/strong>, Director de BNI Murcia.<\/p>\n<p><strong>Os esperamos en la siguiente edici\u00f3n del \u201cNetworking del Mediterr\u00e1neo\u201d<\/strong><\/p>\n","protected":false},"excerpt":{"rendered":"<p>Aje Almer\u00eda y la Asociaci\u00f3n de J\u00f3venes Empresarios de Cartagena y Comarca, celebraron el II Networking del Mediterr\u00e1neo en la [&hellip;]<\/p>\n","protected":false},"author":3,"featured_media":1510,"comment_status":"open","ping_status":"open","sticky":false,"template":"","format":"standard","meta":{"_acf_changed":false,"site-sidebar-layout":"default","site-content-layout":"","ast-site-content-layout":"default","site-content-style":"default","site-sidebar-style":"default","ast-global-header-display":"","ast-banner-title-visibility":"","ast-main-header-display":"","ast-hfb-above-header-display":"","ast-hfb-below-header-display":"","ast-hfb-mobile-header-display":"","site-post-title":"","ast-breadcrumbs-content":"","ast-featured-img":"","footer-sml-layout":"","ast-disable-related-posts":"","theme-transparent-header-meta":"","adv-header-id-meta":"","stick-header-meta":"","header-above-stick-meta":"","header-main-stick-meta":"","header-below-stick-meta":"","astra-migrate-meta-layouts":"default","ast-page-background-enabled":"default","ast-page-background-meta":{"desktop":{"background-color":"var(--ast-global-color-5)","background-image":"","background-repeat":"repeat","background-position":"center center","background-size":"auto","background-attachment":"scroll","background-type":"","background-media":"","overlay-type":"","overlay-color":"","overlay-opacity":"","overlay-gradient":""},"tablet":{"background-color":"","background-image":"","background-repeat":"repeat","background-position":"center center","background-size":"auto","background-attachment":"scroll","background-type":"","background-media":"","overlay-type":"","overlay-color":"","overlay-opacity":"","overlay-gradient":""},"mobile":{"background-color":"","background-image":"","background-repeat":"repeat","background-position":"center center","background-size":"auto","background-attachment":"scroll","background-type":"","background-media":"","overlay-type":"","overlay-color":"","overlay-opacity":"","overlay-gradient":""}},"ast-content-background-meta":{"desktop":{"background-color":"var(--ast-global-color-4)","background-image":"","background-repeat":"repeat","background-position":"center center","background-size":"auto","background-attachment":"scroll","background-type":"","background-media":"","overlay-type":"","overlay-color":"","overlay-opacity":"","overlay-gradient":""},"tablet":{"background-color":"var(--ast-global-color-4)","background-image":"","background-repeat":"repeat","background-position":"center center","background-size":"auto","background-attachment":"scroll","background-type":"","background-media":"","overlay-type":"","overlay-color":"","overlay-opacity":"","overlay-gradient":""},"mobile":{"background-color":"var(--ast-global-color-4)","background-image":"","background-repeat":"repeat","background-position":"center center","background-size":"auto","background-attachment":"scroll","background-type":"","background-media":"","overlay-type":"","overlay-color":"","overlay-opacity":"","overlay-gradient":""}},"footnotes":""},"categories":[8],"tags":[60,27,42,78,87,88,141,140,144,176,177,47,30,71,105,65,96,118,72,66,112,59,33,100,91,143,142],"class_list":["post-1506","post","type-post","status-publish","format-standard","has-post-thumbnail","hentry","category-noticias","tag-aje","tag-aje-almeria","tag-aje-andalucia","tag-asociacion-de-jovenes-empresarios","tag-asociacion-jovenes-empresarios","tag-asociacion-jovenes-empresarios-almeria","tag-asociada","tag-asociado","tag-asociarse-aje","tag-carne-joven","tag-carne-joven-europeo","tag-emprendedor","tag-emprendedores","tag-emprendedores-almeria","tag-emprender","tag-emprendimiento","tag-emprendimiento-almeria","tag-emprendimiento-mujeres","tag-empresa","tag-empresarios-almeria","tag-empresas-almeria","tag-empresas-de-almeria","tag-jovenes-empresarios","tag-jovenes-empresarios-almeria","tag-negocios-en-almeria","tag-socio-aje","tag-socio-aje-almeria"],"acf":[],"yoast_head":"<!-- This site is optimized with the Yoast SEO plugin v26.9 - https:\/\/yoast.com\/product\/yoast-seo-wordpress\/ -->\n<title>Aje Almer\u00eda colabora en el II Networking del Mediterr\u00e1neo en Cartagena. - AJE Almer\u00eda<\/title>\n<meta name=\"description\" content=\"Aje Almer\u00eda y la Asociaci\u00f3n de J\u00f3venes Empresarios de Cartagena y Comarca, celebraron el II Networking del Mediterr\u00e1neo en la Facultad de Ciencias de la Empresa en Cartagena, Murcia.\" \/>\n<meta name=\"robots\" content=\"index, follow, max-snippet:-1, max-image-preview:large, max-video-preview:-1\" \/>\n<link rel=\"canonical\" href=\"https:\/\/ajeandalucia.org\/almeria\/2019\/11\/25\/aje-almeria-colabora-en-el-ii-networking-del-mediterraneo-en-cartagena\/\" \/>\n<meta property=\"og:locale\" content=\"es_ES\" \/>\n<meta property=\"og:type\" content=\"article\" \/>\n<meta property=\"og:title\" content=\"Aje Almer\u00eda colabora en el II Networking del Mediterr\u00e1neo en Cartagena. - AJE Almer\u00eda\" \/>\n<meta property=\"og:description\" content=\"Aje Almer\u00eda y la Asociaci\u00f3n de J\u00f3venes Empresarios de Cartagena y Comarca, celebraron el II Networking del Mediterr\u00e1neo en la Facultad de Ciencias de la Empresa en Cartagena, Murcia.\" \/>\n<meta property=\"og:url\" content=\"https:\/\/ajeandalucia.org\/almeria\/2019\/11\/25\/aje-almeria-colabora-en-el-ii-networking-del-mediterraneo-en-cartagena\/\" \/>\n<meta property=\"og:site_name\" content=\"AJE Almer\u00eda\" \/>\n<meta property=\"article:published_time\" content=\"2019-11-25T07:05:02+00:00\" \/>\n<meta property=\"article:modified_time\" content=\"2020-02-13T08:57:04+00:00\" \/>\n<meta property=\"og:image\" content=\"https:\/\/ajeandalucia.org\/almeria\/wp-content\/uploads\/sites\/3\/2019\/11\/75610803_2674593082562579_1478039288984633344_n.jpg\" \/>\n\t<meta property=\"og:image:width\" content=\"960\" \/>\n\t<meta property=\"og:image:height\" content=\"564\" \/>\n\t<meta property=\"og:image:type\" content=\"image\/jpeg\" \/>\n<meta name=\"author\" content=\"almeria\" \/>\n<meta name=\"twitter:card\" content=\"summary_large_image\" \/>\n<meta name=\"twitter:label1\" content=\"Escrito por\" \/>\n\t<meta name=\"twitter:data1\" content=\"almeria\" \/>\n\t<meta name=\"twitter:label2\" content=\"Tiempo de lectura\" \/>\n\t<meta name=\"twitter:data2\" content=\"1 minuto\" \/>\n<script type=\"application\/ld+json\" class=\"yoast-schema-graph\">{\"@context\":\"https:\/\/schema.org\",\"@graph\":[{\"@type\":\"Article\",\"@id\":\"https:\/\/ajeandalucia.org\/almeria\/2019\/11\/25\/aje-almeria-colabora-en-el-ii-networking-del-mediterraneo-en-cartagena\/#article\",\"isPartOf\":{\"@id\":\"https:\/\/ajeandalucia.org\/almeria\/2019\/11\/25\/aje-almeria-colabora-en-el-ii-networking-del-mediterraneo-en-cartagena\/\"},\"author\":{\"name\":\"almeria\",\"@id\":\"https:\/\/ajeandalucia.org\/almeria\/#\/schema\/person\/9336ac50bc8c90053f6bf3b99e5c7d7b\"},\"headline\":\"Aje Almer\u00eda colabora en el II Networking del Mediterr\u00e1neo en Cartagena.\",\"datePublished\":\"2019-11-25T07:05:02+00:00\",\"dateModified\":\"2020-02-13T08:57:04+00:00\",\"mainEntityOfPage\":{\"@id\":\"https:\/\/ajeandalucia.org\/almeria\/2019\/11\/25\/aje-almeria-colabora-en-el-ii-networking-del-mediterraneo-en-cartagena\/\"},\"wordCount\":279,\"commentCount\":0,\"publisher\":{\"@id\":\"https:\/\/ajeandalucia.org\/almeria\/#organization\"},\"image\":{\"@id\":\"https:\/\/ajeandalucia.org\/almeria\/2019\/11\/25\/aje-almeria-colabora-en-el-ii-networking-del-mediterraneo-en-cartagena\/#primaryimage\"},\"thumbnailUrl\":\"https:\/\/ajeandalucia.org\/almeria\/wp-content\/uploads\/sites\/3\/2019\/11\/75610803_2674593082562579_1478039288984633344_n.jpg\",\"keywords\":[\"aje\",\"aje almeria\",\"aje andalucia\",\"asociacion de j\u00f3venes empresarios\",\"asociacion jovenes empresarios\",\"asociacion jovenes empresarios almeria\",\"asociada\",\"asociado\",\"asociarse aje\",\"carn\u00e9 joven\",\"carn\u00e9 joven europeo\",\"emprendedor\",\"emprendedores\",\"emprendedores almeria\",\"emprender\",\"emprendimiento\",\"emprendimiento almeria\",\"emprendimiento mujeres\",\"empresa\",\"empresarios almer\u00eda\",\"empresas almer\u00eda\",\"empresas de almer\u00eda\",\"j\u00f3venes empresarios\",\"j\u00f3venes empresarios almer\u00eda\",\"negocios en almeria\",\"socio aje\",\"socio aje almeria\"],\"articleSection\":[\"Noticias\"],\"inLanguage\":\"es\",\"potentialAction\":[{\"@type\":\"CommentAction\",\"name\":\"Comment\",\"target\":[\"https:\/\/ajeandalucia.org\/almeria\/2019\/11\/25\/aje-almeria-colabora-en-el-ii-networking-del-mediterraneo-en-cartagena\/#respond\"]}]},{\"@type\":\"WebPage\",\"@id\":\"https:\/\/ajeandalucia.org\/almeria\/2019\/11\/25\/aje-almeria-colabora-en-el-ii-networking-del-mediterraneo-en-cartagena\/\",\"url\":\"https:\/\/ajeandalucia.org\/almeria\/2019\/11\/25\/aje-almeria-colabora-en-el-ii-networking-del-mediterraneo-en-cartagena\/\",\"name\":\"Aje Almer\u00eda colabora en el II Networking del Mediterr\u00e1neo en Cartagena. - AJE Almer\u00eda\",\"isPartOf\":{\"@id\":\"https:\/\/ajeandalucia.org\/almeria\/#website\"},\"primaryImageOfPage\":{\"@id\":\"https:\/\/ajeandalucia.org\/almeria\/2019\/11\/25\/aje-almeria-colabora-en-el-ii-networking-del-mediterraneo-en-cartagena\/#primaryimage\"},\"image\":{\"@id\":\"https:\/\/ajeandalucia.org\/almeria\/2019\/11\/25\/aje-almeria-colabora-en-el-ii-networking-del-mediterraneo-en-cartagena\/#primaryimage\"},\"thumbnailUrl\":\"https:\/\/ajeandalucia.org\/almeria\/wp-content\/uploads\/sites\/3\/2019\/11\/75610803_2674593082562579_1478039288984633344_n.jpg\",\"datePublished\":\"2019-11-25T07:05:02+00:00\",\"dateModified\":\"2020-02-13T08:57:04+00:00\",\"description\":\"Aje Almer\u00eda y la Asociaci\u00f3n de J\u00f3venes Empresarios de Cartagena y Comarca, celebraron el II Networking del Mediterr\u00e1neo en la Facultad de Ciencias de la Empresa en Cartagena, Murcia.\",\"breadcrumb\":{\"@id\":\"https:\/\/ajeandalucia.org\/almeria\/2019\/11\/25\/aje-almeria-colabora-en-el-ii-networking-del-mediterraneo-en-cartagena\/#breadcrumb\"},\"inLanguage\":\"es\",\"potentialAction\":[{\"@type\":\"ReadAction\",\"target\":[\"https:\/\/ajeandalucia.org\/almeria\/2019\/11\/25\/aje-almeria-colabora-en-el-ii-networking-del-mediterraneo-en-cartagena\/\"]}]},{\"@type\":\"ImageObject\",\"inLanguage\":\"es\",\"@id\":\"https:\/\/ajeandalucia.org\/almeria\/2019\/11\/25\/aje-almeria-colabora-en-el-ii-networking-del-mediterraneo-en-cartagena\/#primaryimage\",\"url\":\"https:\/\/ajeandalucia.org\/almeria\/wp-content\/uploads\/sites\/3\/2019\/11\/75610803_2674593082562579_1478039288984633344_n.jpg\",\"contentUrl\":\"https:\/\/ajeandalucia.org\/almeria\/wp-content\/uploads\/sites\/3\/2019\/11\/75610803_2674593082562579_1478039288984633344_n.jpg\",\"width\":960,\"height\":564},{\"@type\":\"BreadcrumbList\",\"@id\":\"https:\/\/ajeandalucia.org\/almeria\/2019\/11\/25\/aje-almeria-colabora-en-el-ii-networking-del-mediterraneo-en-cartagena\/#breadcrumb\",\"itemListElement\":[{\"@type\":\"ListItem\",\"position\":1,\"name\":\"Portada\",\"item\":\"https:\/\/ajeandalucia.org\/almeria\/\"},{\"@type\":\"ListItem\",\"position\":2,\"name\":\"Aje Almer\u00eda colabora en el II Networking del Mediterr\u00e1neo en Cartagena.\"}]},{\"@type\":\"WebSite\",\"@id\":\"https:\/\/ajeandalucia.org\/almeria\/#website\",\"url\":\"https:\/\/ajeandalucia.org\/almeria\/\",\"name\":\"AJE Almer\u00eda\",\"description\":\"Otro sitio m\u00e1s de AJE Andaluc\u00eda\",\"publisher\":{\"@id\":\"https:\/\/ajeandalucia.org\/almeria\/#organization\"},\"potentialAction\":[{\"@type\":\"SearchAction\",\"target\":{\"@type\":\"EntryPoint\",\"urlTemplate\":\"https:\/\/ajeandalucia.org\/almeria\/?s={search_term_string}\"},\"query-input\":{\"@type\":\"PropertyValueSpecification\",\"valueRequired\":true,\"valueName\":\"search_term_string\"}}],\"inLanguage\":\"es\"},{\"@type\":\"Organization\",\"@id\":\"https:\/\/ajeandalucia.org\/almeria\/#organization\",\"name\":\"AJE Almer\u00eda\",\"url\":\"https:\/\/ajeandalucia.org\/almeria\/\",\"logo\":{\"@type\":\"ImageObject\",\"inLanguage\":\"es\",\"@id\":\"https:\/\/ajeandalucia.org\/almeria\/#\/schema\/logo\/image\/\",\"url\":\"https:\/\/ajeandalucia.org\/almeria\/wp-content\/uploads\/sites\/3\/2025\/01\/AJE-ALMERIA-horizontal.png\",\"contentUrl\":\"https:\/\/ajeandalucia.org\/almeria\/wp-content\/uploads\/sites\/3\/2025\/01\/AJE-ALMERIA-horizontal.png\",\"width\":605,\"height\":200,\"caption\":\"AJE Almer\u00eda\"},\"image\":{\"@id\":\"https:\/\/ajeandalucia.org\/almeria\/#\/schema\/logo\/image\/\"}},{\"@type\":\"Person\",\"@id\":\"https:\/\/ajeandalucia.org\/almeria\/#\/schema\/person\/9336ac50bc8c90053f6bf3b99e5c7d7b\",\"name\":\"almeria\",\"image\":{\"@type\":\"ImageObject\",\"inLanguage\":\"es\",\"@id\":\"https:\/\/ajeandalucia.org\/almeria\/#\/schema\/person\/image\/\",\"url\":\"https:\/\/secure.gravatar.com\/avatar\/f5b6b7d37a8f964bd96d1a7752fc3160bb98a16a08fda2bb6fb3a80845dae5d6?s=96&d=mm&r=g\",\"contentUrl\":\"https:\/\/secure.gravatar.com\/avatar\/f5b6b7d37a8f964bd96d1a7752fc3160bb98a16a08fda2bb6fb3a80845dae5d6?s=96&d=mm&r=g\",\"caption\":\"almeria\"},\"sameAs\":[\"http:\/\/www.ajealmeria.org\/\"],\"url\":\"https:\/\/ajeandalucia.org\/almeria\/author\/almeria\/\"}]}<\/script>\n<!-- \/ Yoast SEO plugin. -->","yoast_head_json":{"title":"Aje Almer\u00eda colabora en el II Networking del Mediterr\u00e1neo en Cartagena. - AJE Almer\u00eda","description":"Aje Almer\u00eda y la Asociaci\u00f3n de J\u00f3venes Empresarios de Cartagena y Comarca, celebraron el II Networking del Mediterr\u00e1neo en la Facultad de Ciencias de la Empresa en Cartagena, Murcia.","robots":{"index":"index","follow":"follow","max-snippet":"max-snippet:-1","max-image-preview":"max-image-preview:large","max-video-preview":"max-video-preview:-1"},"canonical":"https:\/\/ajeandalucia.org\/almeria\/2019\/11\/25\/aje-almeria-colabora-en-el-ii-networking-del-mediterraneo-en-cartagena\/","og_locale":"es_ES","og_type":"article","og_title":"Aje Almer\u00eda colabora en el II Networking del Mediterr\u00e1neo en Cartagena. - AJE Almer\u00eda","og_description":"Aje Almer\u00eda y la Asociaci\u00f3n de J\u00f3venes Empresarios de Cartagena y Comarca, celebraron el II Networking del Mediterr\u00e1neo en la Facultad de Ciencias de la Empresa en Cartagena, Murcia.","og_url":"https:\/\/ajeandalucia.org\/almeria\/2019\/11\/25\/aje-almeria-colabora-en-el-ii-networking-del-mediterraneo-en-cartagena\/","og_site_name":"AJE Almer\u00eda","article_published_time":"2019-11-25T07:05:02+00:00","article_modified_time":"2020-02-13T08:57:04+00:00","og_image":[{"width":960,"height":564,"url":"https:\/\/ajeandalucia.org\/almeria\/wp-content\/uploads\/sites\/3\/2019\/11\/75610803_2674593082562579_1478039288984633344_n.jpg","type":"image\/jpeg"}],"author":"almeria","twitter_card":"summary_large_image","twitter_misc":{"Escrito por":"almeria","Tiempo de lectura":"1 minuto"},"schema":{"@context":"https:\/\/schema.org","@graph":[{"@type":"Article","@id":"https:\/\/ajeandalucia.org\/almeria\/2019\/11\/25\/aje-almeria-colabora-en-el-ii-networking-del-mediterraneo-en-cartagena\/#article","isPartOf":{"@id":"https:\/\/ajeandalucia.org\/almeria\/2019\/11\/25\/aje-almeria-colabora-en-el-ii-networking-del-mediterraneo-en-cartagena\/"},"author":{"name":"almeria","@id":"https:\/\/ajeandalucia.org\/almeria\/#\/schema\/person\/9336ac50bc8c90053f6bf3b99e5c7d7b"},"headline":"Aje Almer\u00eda colabora en el II Networking del Mediterr\u00e1neo en Cartagena.","datePublished":"2019-11-25T07:05:02+00:00","dateModified":"2020-02-13T08:57:04+00:00","mainEntityOfPage":{"@id":"https:\/\/ajeandalucia.org\/almeria\/2019\/11\/25\/aje-almeria-colabora-en-el-ii-networking-del-mediterraneo-en-cartagena\/"},"wordCount":279,"commentCount":0,"publisher":{"@id":"https:\/\/ajeandalucia.org\/almeria\/#organization"},"image":{"@id":"https:\/\/ajeandalucia.org\/almeria\/2019\/11\/25\/aje-almeria-colabora-en-el-ii-networking-del-mediterraneo-en-cartagena\/#primaryimage"},"thumbnailUrl":"https:\/\/ajeandalucia.org\/almeria\/wp-content\/uploads\/sites\/3\/2019\/11\/75610803_2674593082562579_1478039288984633344_n.jpg","keywords":["aje","aje almeria","aje andalucia","asociacion de j\u00f3venes empresarios","asociacion jovenes empresarios","asociacion jovenes empresarios almeria","asociada","asociado","asociarse aje","carn\u00e9 joven","carn\u00e9 joven europeo","emprendedor","emprendedores","emprendedores almeria","emprender","emprendimiento","emprendimiento almeria","emprendimiento mujeres","empresa","empresarios almer\u00eda","empresas almer\u00eda","empresas de almer\u00eda","j\u00f3venes empresarios","j\u00f3venes empresarios almer\u00eda","negocios en almeria","socio aje","socio aje almeria"],"articleSection":["Noticias"],"inLanguage":"es","potentialAction":[{"@type":"CommentAction","name":"Comment","target":["https:\/\/ajeandalucia.org\/almeria\/2019\/11\/25\/aje-almeria-colabora-en-el-ii-networking-del-mediterraneo-en-cartagena\/#respond"]}]},{"@type":"WebPage","@id":"https:\/\/ajeandalucia.org\/almeria\/2019\/11\/25\/aje-almeria-colabora-en-el-ii-networking-del-mediterraneo-en-cartagena\/","url":"https:\/\/ajeandalucia.org\/almeria\/2019\/11\/25\/aje-almeria-colabora-en-el-ii-networking-del-mediterraneo-en-cartagena\/","name":"Aje Almer\u00eda colabora en el II Networking del Mediterr\u00e1neo en Cartagena. - AJE Almer\u00eda","isPartOf":{"@id":"https:\/\/ajeandalucia.org\/almeria\/#website"},"primaryImageOfPage":{"@id":"https:\/\/ajeandalucia.org\/almeria\/2019\/11\/25\/aje-almeria-colabora-en-el-ii-networking-del-mediterraneo-en-cartagena\/#primaryimage"},"image":{"@id":"https:\/\/ajeandalucia.org\/almeria\/2019\/11\/25\/aje-almeria-colabora-en-el-ii-networking-del-mediterraneo-en-cartagena\/#primaryimage"},"thumbnailUrl":"https:\/\/ajeandalucia.org\/almeria\/wp-content\/uploads\/sites\/3\/2019\/11\/75610803_2674593082562579_1478039288984633344_n.jpg","datePublished":"2019-11-25T07:05:02+00:00","dateModified":"2020-02-13T08:57:04+00:00","description":"Aje Almer\u00eda y la Asociaci\u00f3n de J\u00f3venes Empresarios de Cartagena y Comarca, celebraron el II Networking del Mediterr\u00e1neo en la Facultad de Ciencias de la Empresa en Cartagena, Murcia.","breadcrumb":{"@id":"https:\/\/ajeandalucia.org\/almeria\/2019\/11\/25\/aje-almeria-colabora-en-el-ii-networking-del-mediterraneo-en-cartagena\/#breadcrumb"},"inLanguage":"es","potentialAction":[{"@type":"ReadAction","target":["https:\/\/ajeandalucia.org\/almeria\/2019\/11\/25\/aje-almeria-colabora-en-el-ii-networking-del-mediterraneo-en-cartagena\/"]}]},{"@type":"ImageObject","inLanguage":"es","@id":"https:\/\/ajeandalucia.org\/almeria\/2019\/11\/25\/aje-almeria-colabora-en-el-ii-networking-del-mediterraneo-en-cartagena\/#primaryimage","url":"https:\/\/ajeandalucia.org\/almeria\/wp-content\/uploads\/sites\/3\/2019\/11\/75610803_2674593082562579_1478039288984633344_n.jpg","contentUrl":"https:\/\/ajeandalucia.org\/almeria\/wp-content\/uploads\/sites\/3\/2019\/11\/75610803_2674593082562579_1478039288984633344_n.jpg","width":960,"height":564},{"@type":"BreadcrumbList","@id":"https:\/\/ajeandalucia.org\/almeria\/2019\/11\/25\/aje-almeria-colabora-en-el-ii-networking-del-mediterraneo-en-cartagena\/#breadcrumb","itemListElement":[{"@type":"ListItem","position":1,"name":"Portada","item":"https:\/\/ajeandalucia.org\/almeria\/"},{"@type":"ListItem","position":2,"name":"Aje Almer\u00eda colabora en el II Networking del Mediterr\u00e1neo en Cartagena."}]},{"@type":"WebSite","@id":"https:\/\/ajeandalucia.org\/almeria\/#website","url":"https:\/\/ajeandalucia.org\/almeria\/","name":"AJE Almer\u00eda","description":"Otro sitio m\u00e1s de AJE Andaluc\u00eda","publisher":{"@id":"https:\/\/ajeandalucia.org\/almeria\/#organization"},"potentialAction":[{"@type":"SearchAction","target":{"@type":"EntryPoint","urlTemplate":"https:\/\/ajeandalucia.org\/almeria\/?s={search_term_string}"},"query-input":{"@type":"PropertyValueSpecification","valueRequired":true,"valueName":"search_term_string"}}],"inLanguage":"es"},{"@type":"Organization","@id":"https:\/\/ajeandalucia.org\/almeria\/#organization","name":"AJE Almer\u00eda","url":"https:\/\/ajeandalucia.org\/almeria\/","logo":{"@type":"ImageObject","inLanguage":"es","@id":"https:\/\/ajeandalucia.org\/almeria\/#\/schema\/logo\/image\/","url":"https:\/\/ajeandalucia.org\/almeria\/wp-content\/uploads\/sites\/3\/2025\/01\/AJE-ALMERIA-horizontal.png","contentUrl":"https:\/\/ajeandalucia.org\/almeria\/wp-content\/uploads\/sites\/3\/2025\/01\/AJE-ALMERIA-horizontal.png","width":605,"height":200,"caption":"AJE Almer\u00eda"},"image":{"@id":"https:\/\/ajeandalucia.org\/almeria\/#\/schema\/logo\/image\/"}},{"@type":"Person","@id":"https:\/\/ajeandalucia.org\/almeria\/#\/schema\/person\/9336ac50bc8c90053f6bf3b99e5c7d7b","name":"almeria","image":{"@type":"ImageObject","inLanguage":"es","@id":"https:\/\/ajeandalucia.org\/almeria\/#\/schema\/person\/image\/","url":"https:\/\/secure.gravatar.com\/avatar\/f5b6b7d37a8f964bd96d1a7752fc3160bb98a16a08fda2bb6fb3a80845dae5d6?s=96&d=mm&r=g","contentUrl":"https:\/\/secure.gravatar.com\/avatar\/f5b6b7d37a8f964bd96d1a7752fc3160bb98a16a08fda2bb6fb3a80845dae5d6?s=96&d=mm&r=g","caption":"almeria"},"sameAs":["http:\/\/www.ajealmeria.org\/"],"url":"https:\/\/ajeandalucia.org\/almeria\/author\/almeria\/"}]}},"_links":{"self":[{"href":"https:\/\/ajeandalucia.org\/almeria\/wp-json\/wp\/v2\/posts\/1506","targetHints":{"allow":["GET"]}}],"collection":[{"href":"https:\/\/ajeandalucia.org\/almeria\/wp-json\/wp\/v2\/posts"}],"about":[{"href":"https:\/\/ajeandalucia.org\/almeria\/wp-json\/wp\/v2\/types\/post"}],"author":[{"embeddable":true,"href":"https:\/\/ajeandalucia.org\/almeria\/wp-json\/wp\/v2\/users\/3"}],"replies":[{"embeddable":true,"href":"https:\/\/ajeandalucia.org\/almeria\/wp-json\/wp\/v2\/comments?post=1506"}],"version-history":[{"count":3,"href":"https:\/\/ajeandalucia.org\/almeria\/wp-json\/wp\/v2\/posts\/1506\/revisions"}],"predecessor-version":[{"id":1509,"href":"https:\/\/ajeandalucia.org\/almeria\/wp-json\/wp\/v2\/posts\/1506\/revisions\/1509"}],"wp:featuredmedia":[{"embeddable":true,"href":"https:\/\/ajeandalucia.org\/almeria\/wp-json\/wp\/v2\/media\/1510"}],"wp:attachment":[{"href":"https:\/\/ajeandalucia.org\/almeria\/wp-json\/wp\/v2\/media?parent=1506"}],"wp:term":[{"taxonomy":"category","embeddable":true,"href":"https:\/\/ajeandalucia.org\/almeria\/wp-json\/wp\/v2\/categories?post=1506"},{"taxonomy":"post_tag","embeddable":true,"href":"https:\/\/ajeandalucia.org\/almeria\/wp-json\/wp\/v2\/tags?post=1506"}],"curies":[{"name":"wp","href":"https:\/\/api.w.org\/{rel}","templated":true}]}}