{"id":1556,"date":"2020-02-05T10:33:13","date_gmt":"2020-02-05T10:33:13","guid":{"rendered":"http:\/\/www.ajeandalucia.org\/almeria\/2020\/01\/29\/conociendo-a-los-asociados-de-aje-almeria-parque-centro-despachos-y-coworking-copy-2\/"},"modified":"2020-02-05T11:25:23","modified_gmt":"2020-02-05T11:25:23","slug":"nota-de-prensa-candidaturas-a-los-premios-aje-andalucia-2020","status":"publish","type":"post","link":"https:\/\/ajeandalucia.org\/almeria\/2020\/02\/05\/nota-de-prensa-candidaturas-a-los-premios-aje-andalucia-2020\/","title":{"rendered":"Nota de Prensa: Candidaturas a los Premios AJE Andaluc\u00eda 2020"},"content":{"rendered":"<p>La <strong>Asociaci\u00f3n de J\u00f3venes Empresarios de Andaluc\u00eda<\/strong> ha presentado la nueva edici\u00f3n de los <strong>Premios AJE<\/strong>.<\/p>\n<p>Bajo el lema <strong><em>Un Mar de Empresas, <\/em><\/strong>AJE pone el foco en el mar como esa parte de nuestro planeta que, pese a su dimensi\u00f3n e importancia vital, a\u00fan resulta una gran desconocida. Tres cuartas partes de nuestro planeta son agua y Andaluc\u00eda es la comunidad espa\u00f1ola con el medio acu\u00e1tico m\u00e1s rico. En paralelo a como est\u00e1 ocurriendo con su econom\u00eda.<\/p>\n<p>La idea propone una introspecci\u00f3n en el empresariado y su particular ecosistema, as\u00ed como en su manera de desarrollarse y crecer a veces con menos ox\u00edgeno del necesario como ocurre en las profundidades marinas.<\/p>\n<p>Asimismo, el lema casa de lleno con los Objetivos de Desarrollo Sostenible y, muy en particular, con el n\u00famero 14: \u201cconservar y utilizar en forma sostenible los oc\u00e9anos, los mares y los recursos marinos para el desarrollo sostenible\u201d. Una apuesta, sin duda, por la toma de conciencia por parte de la juventud empresaria ante la emergencia clim\u00e1tica como uno de los principales problemas de la humanidad.<\/p>\n<p>Esta edici\u00f3n de los <strong>Premios AJE 2020<\/strong> pone de manifiesto la importante labor de los j\u00f3venes empresarios y empresarias andaluces, embarcados ya de lleno en su consolidaci\u00f3n empresarial en una traves\u00eda que no ha dejado de ser incierta.<\/p>\n<p>AJE quiere homenajear a la juventud empresarial, que ha destacado por su ingenio, su innovaci\u00f3n, por su pasi\u00f3n, por su arraigo y compromiso social, poniendo en peligro sus propias situaciones personales y laborales para crear riqueza y empleo en contra de las adversidades de un ecosistema emprendedor que a\u00fan no es amigable. Por ellos, por ellas, que no dudaron en sumergirse a pleno pulm\u00f3n en estas profundidades va dirigida esta edici\u00f3n de los Premios AJE 2020.<\/p>\n<p>Como en ediciones anteriores, los Premios AJE se dividen en dos fases: una provincial, que se llevar\u00e1 a cabo a lo largo de los meses de febrero a abril en las distintas provincias andaluzas, y una gala de entrega de premios regional a la que aspirar\u00e1n los premiados provinciales, y que AJE tiene previsto entregar el 22 de octubre de 2020 en M\u00e1laga.<\/p>\n<p>A trav\u00e9s de la web de AJE Andaluc\u00eda, los y las aspirantes pueden obtener toda la informaci\u00f3n necesaria para concurrir a cualquiera de las dos modalidades de los Premios AJE: bases de los premios, plazos de entrega de candidaturas, premios que obtendr\u00e1n los ganadores y fechas de entrega.<\/p>\n<p>A lo largo de los \u00faltimos veinte a\u00f1os, estos premios han crecido en n\u00famero de candidaturas y en t\u00e9rminos cualitativos en el escrutinio y valoraci\u00f3n de las mejores y m\u00e1s innovadoras empresas de la comunidad andaluza. La granadina Grupo Caro Salmer\u00f3n, dedicada a la manipulaci\u00f3n, almacenamiento y distribuci\u00f3n de tripas naturales, envolturas comestibles y no comestibles y almacenamiento y distribuci\u00f3n de especias, y la sevillana Livelink Motor, encargada de aplicar un innovador sistema de protecci\u00f3n a motoristas, fueron las empresas galardonadas en la anterior edici\u00f3n, <strong>Premios AJE Andaluc\u00eda 2019<\/strong>.<\/p>\n","protected":false},"excerpt":{"rendered":"<p>La Asociaci\u00f3n de J\u00f3venes Empresarios de Andaluc\u00eda ha presentado la nueva edici\u00f3n de los Premios AJE. Bajo el lema Un [&hellip;]<\/p>\n","protected":false},"author":3,"featured_media":1576,"comment_status":"open","ping_status":"open","sticky":false,"template":"","format":"standard","meta":{"_acf_changed":false,"site-sidebar-layout":"default","site-content-layout":"","ast-site-content-layout":"default","site-content-style":"default","site-sidebar-style":"default","ast-global-header-display":"","ast-banner-title-visibility":"","ast-main-header-display":"","ast-hfb-above-header-display":"","ast-hfb-below-header-display":"","ast-hfb-mobile-header-display":"","site-post-title":"","ast-breadcrumbs-content":"","ast-featured-img":"","footer-sml-layout":"","ast-disable-related-posts":"","theme-transparent-header-meta":"","adv-header-id-meta":"","stick-header-meta":"","header-above-stick-meta":"","header-main-stick-meta":"","header-below-stick-meta":"","astra-migrate-meta-layouts":"default","ast-page-background-enabled":"default","ast-page-background-meta":{"desktop":{"background-color":"var(--ast-global-color-5)","background-image":"","background-repeat":"repeat","background-position":"center center","background-size":"auto","background-attachment":"scroll","background-type":"","background-media":"","overlay-type":"","overlay-color":"","overlay-opacity":"","overlay-gradient":""},"tablet":{"background-color":"","background-image":"","background-repeat":"repeat","background-position":"center center","background-size":"auto","background-attachment":"scroll","background-type":"","background-media":"","overlay-type":"","overlay-color":"","overlay-opacity":"","overlay-gradient":""},"mobile":{"background-color":"","background-image":"","background-repeat":"repeat","background-position":"center center","background-size":"auto","background-attachment":"scroll","background-type":"","background-media":"","overlay-type":"","overlay-color":"","overlay-opacity":"","overlay-gradient":""}},"ast-content-background-meta":{"desktop":{"background-color":"var(--ast-global-color-4)","background-image":"","background-repeat":"repeat","background-position":"center center","background-size":"auto","background-attachment":"scroll","background-type":"","background-media":"","overlay-type":"","overlay-color":"","overlay-opacity":"","overlay-gradient":""},"tablet":{"background-color":"var(--ast-global-color-4)","background-image":"","background-repeat":"repeat","background-position":"center center","background-size":"auto","background-attachment":"scroll","background-type":"","background-media":"","overlay-type":"","overlay-color":"","overlay-opacity":"","overlay-gradient":""},"mobile":{"background-color":"var(--ast-global-color-4)","background-image":"","background-repeat":"repeat","background-position":"center center","background-size":"auto","background-attachment":"scroll","background-type":"","background-media":"","overlay-type":"","overlay-color":"","overlay-opacity":"","overlay-gradient":""}},"footnotes":""},"categories":[8],"tags":[60,27,42,78,87,88,141,140,144,47,30,71,105,65,96,118,72,66,112,59,33,100,91,143,142],"class_list":["post-1556","post","type-post","status-publish","format-standard","has-post-thumbnail","hentry","category-noticias","tag-aje","tag-aje-almeria","tag-aje-andalucia","tag-asociacion-de-jovenes-empresarios","tag-asociacion-jovenes-empresarios","tag-asociacion-jovenes-empresarios-almeria","tag-asociada","tag-asociado","tag-asociarse-aje","tag-emprendedor","tag-emprendedores","tag-emprendedores-almeria","tag-emprender","tag-emprendimiento","tag-emprendimiento-almeria","tag-emprendimiento-mujeres","tag-empresa","tag-empresarios-almeria","tag-empresas-almeria","tag-empresas-de-almeria","tag-jovenes-empresarios","tag-jovenes-empresarios-almeria","tag-negocios-en-almeria","tag-socio-aje","tag-socio-aje-almeria"],"acf":[],"yoast_head":"<!-- This site is optimized with the Yoast SEO plugin v26.9 - https:\/\/yoast.com\/product\/yoast-seo-wordpress\/ -->\n<title>Nota de Prensa: Candidaturas a los Premios AJE Andaluc\u00eda 2020 - AJE Almer\u00eda<\/title>\n<meta name=\"description\" content=\"La Asociaci\u00f3n de J\u00f3venes Empresarios de Andaluc\u00eda ha presentado la nueva edici\u00f3n de los Premios AJE.Bajo el lema Un Mar de Empresas, AJE pone el foco en el mar como esa parte de nuestro planeta que, pese a su dimensi\u00f3n e importancia vital, a\u00fan resulta una gran desconocida.\" \/>\n<meta name=\"robots\" content=\"index, follow, max-snippet:-1, max-image-preview:large, max-video-preview:-1\" \/>\n<link rel=\"canonical\" href=\"https:\/\/ajeandalucia.org\/almeria\/2020\/02\/05\/nota-de-prensa-candidaturas-a-los-premios-aje-andalucia-2020\/\" \/>\n<meta property=\"og:locale\" content=\"es_ES\" \/>\n<meta property=\"og:type\" content=\"article\" \/>\n<meta property=\"og:title\" content=\"Nota de Prensa: Candidaturas a los Premios AJE Andaluc\u00eda 2020 - AJE Almer\u00eda\" \/>\n<meta property=\"og:description\" content=\"La Asociaci\u00f3n de J\u00f3venes Empresarios de Andaluc\u00eda ha presentado la nueva edici\u00f3n de los Premios AJE.Bajo el lema Un Mar de Empresas, AJE pone el foco en el mar como esa parte de nuestro planeta que, pese a su dimensi\u00f3n e importancia vital, a\u00fan resulta una gran desconocida.\" \/>\n<meta property=\"og:url\" content=\"https:\/\/ajeandalucia.org\/almeria\/2020\/02\/05\/nota-de-prensa-candidaturas-a-los-premios-aje-andalucia-2020\/\" \/>\n<meta property=\"og:site_name\" content=\"AJE Almer\u00eda\" \/>\n<meta property=\"article:published_time\" content=\"2020-02-05T10:33:13+00:00\" \/>\n<meta property=\"article:modified_time\" content=\"2020-02-05T11:25:23+00:00\" \/>\n<meta property=\"og:image\" content=\"https:\/\/ajeandalucia.org\/almeria\/wp-content\/uploads\/sites\/3\/2020\/12\/RRSS-AJE-33.png\" \/>\n\t<meta property=\"og:image:width\" content=\"940\" \/>\n\t<meta property=\"og:image:height\" content=\"788\" \/>\n\t<meta property=\"og:image:type\" content=\"image\/png\" \/>\n<meta name=\"author\" content=\"almeria\" \/>\n<meta name=\"twitter:card\" content=\"summary_large_image\" \/>\n<meta name=\"twitter:label1\" content=\"Escrito por\" \/>\n\t<meta name=\"twitter:data1\" content=\"almeria\" \/>\n\t<meta name=\"twitter:label2\" content=\"Tiempo de lectura\" \/>\n\t<meta name=\"twitter:data2\" content=\"3 minutos\" \/>\n<script type=\"application\/ld+json\" class=\"yoast-schema-graph\">{\"@context\":\"https:\/\/schema.org\",\"@graph\":[{\"@type\":\"Article\",\"@id\":\"https:\/\/ajeandalucia.org\/almeria\/2020\/02\/05\/nota-de-prensa-candidaturas-a-los-premios-aje-andalucia-2020\/#article\",\"isPartOf\":{\"@id\":\"https:\/\/ajeandalucia.org\/almeria\/2020\/02\/05\/nota-de-prensa-candidaturas-a-los-premios-aje-andalucia-2020\/\"},\"author\":{\"name\":\"almeria\",\"@id\":\"https:\/\/ajeandalucia.org\/almeria\/#\/schema\/person\/9336ac50bc8c90053f6bf3b99e5c7d7b\"},\"headline\":\"Nota de Prensa: Candidaturas a los Premios AJE Andaluc\u00eda 2020\",\"datePublished\":\"2020-02-05T10:33:13+00:00\",\"dateModified\":\"2020-02-05T11:25:23+00:00\",\"mainEntityOfPage\":{\"@id\":\"https:\/\/ajeandalucia.org\/almeria\/2020\/02\/05\/nota-de-prensa-candidaturas-a-los-premios-aje-andalucia-2020\/\"},\"wordCount\":539,\"commentCount\":0,\"publisher\":{\"@id\":\"https:\/\/ajeandalucia.org\/almeria\/#organization\"},\"image\":{\"@id\":\"https:\/\/ajeandalucia.org\/almeria\/2020\/02\/05\/nota-de-prensa-candidaturas-a-los-premios-aje-andalucia-2020\/#primaryimage\"},\"thumbnailUrl\":\"https:\/\/ajeandalucia.org\/almeria\/wp-content\/uploads\/sites\/3\/2020\/12\/RRSS-AJE-33.png\",\"keywords\":[\"aje\",\"aje almeria\",\"aje andalucia\",\"asociacion de j\u00f3venes empresarios\",\"asociacion jovenes empresarios\",\"asociacion jovenes empresarios almeria\",\"asociada\",\"asociado\",\"asociarse aje\",\"emprendedor\",\"emprendedores\",\"emprendedores almeria\",\"emprender\",\"emprendimiento\",\"emprendimiento almeria\",\"emprendimiento mujeres\",\"empresa\",\"empresarios almer\u00eda\",\"empresas almer\u00eda\",\"empresas de almer\u00eda\",\"j\u00f3venes empresarios\",\"j\u00f3venes empresarios almer\u00eda\",\"negocios en almeria\",\"socio aje\",\"socio aje almeria\"],\"articleSection\":[\"Noticias\"],\"inLanguage\":\"es\",\"potentialAction\":[{\"@type\":\"CommentAction\",\"name\":\"Comment\",\"target\":[\"https:\/\/ajeandalucia.org\/almeria\/2020\/02\/05\/nota-de-prensa-candidaturas-a-los-premios-aje-andalucia-2020\/#respond\"]}]},{\"@type\":\"WebPage\",\"@id\":\"https:\/\/ajeandalucia.org\/almeria\/2020\/02\/05\/nota-de-prensa-candidaturas-a-los-premios-aje-andalucia-2020\/\",\"url\":\"https:\/\/ajeandalucia.org\/almeria\/2020\/02\/05\/nota-de-prensa-candidaturas-a-los-premios-aje-andalucia-2020\/\",\"name\":\"Nota de Prensa: Candidaturas a los Premios AJE Andaluc\u00eda 2020 - AJE Almer\u00eda\",\"isPartOf\":{\"@id\":\"https:\/\/ajeandalucia.org\/almeria\/#website\"},\"primaryImageOfPage\":{\"@id\":\"https:\/\/ajeandalucia.org\/almeria\/2020\/02\/05\/nota-de-prensa-candidaturas-a-los-premios-aje-andalucia-2020\/#primaryimage\"},\"image\":{\"@id\":\"https:\/\/ajeandalucia.org\/almeria\/2020\/02\/05\/nota-de-prensa-candidaturas-a-los-premios-aje-andalucia-2020\/#primaryimage\"},\"thumbnailUrl\":\"https:\/\/ajeandalucia.org\/almeria\/wp-content\/uploads\/sites\/3\/2020\/12\/RRSS-AJE-33.png\",\"datePublished\":\"2020-02-05T10:33:13+00:00\",\"dateModified\":\"2020-02-05T11:25:23+00:00\",\"description\":\"La Asociaci\u00f3n de J\u00f3venes Empresarios de Andaluc\u00eda ha presentado la nueva edici\u00f3n de los Premios AJE.Bajo el lema Un Mar de Empresas, AJE pone el foco en el mar como esa parte de nuestro planeta que, pese a su dimensi\u00f3n e importancia vital, a\u00fan resulta una gran desconocida.\",\"breadcrumb\":{\"@id\":\"https:\/\/ajeandalucia.org\/almeria\/2020\/02\/05\/nota-de-prensa-candidaturas-a-los-premios-aje-andalucia-2020\/#breadcrumb\"},\"inLanguage\":\"es\",\"potentialAction\":[{\"@type\":\"ReadAction\",\"target\":[\"https:\/\/ajeandalucia.org\/almeria\/2020\/02\/05\/nota-de-prensa-candidaturas-a-los-premios-aje-andalucia-2020\/\"]}]},{\"@type\":\"ImageObject\",\"inLanguage\":\"es\",\"@id\":\"https:\/\/ajeandalucia.org\/almeria\/2020\/02\/05\/nota-de-prensa-candidaturas-a-los-premios-aje-andalucia-2020\/#primaryimage\",\"url\":\"https:\/\/ajeandalucia.org\/almeria\/wp-content\/uploads\/sites\/3\/2020\/12\/RRSS-AJE-33.png\",\"contentUrl\":\"https:\/\/ajeandalucia.org\/almeria\/wp-content\/uploads\/sites\/3\/2020\/12\/RRSS-AJE-33.png\",\"width\":940,\"height\":788},{\"@type\":\"BreadcrumbList\",\"@id\":\"https:\/\/ajeandalucia.org\/almeria\/2020\/02\/05\/nota-de-prensa-candidaturas-a-los-premios-aje-andalucia-2020\/#breadcrumb\",\"itemListElement\":[{\"@type\":\"ListItem\",\"position\":1,\"name\":\"Portada\",\"item\":\"https:\/\/ajeandalucia.org\/almeria\/\"},{\"@type\":\"ListItem\",\"position\":2,\"name\":\"Nota de Prensa: Candidaturas a los Premios AJE Andaluc\u00eda 2020\"}]},{\"@type\":\"WebSite\",\"@id\":\"https:\/\/ajeandalucia.org\/almeria\/#website\",\"url\":\"https:\/\/ajeandalucia.org\/almeria\/\",\"name\":\"AJE Almer\u00eda\",\"description\":\"Otro sitio m\u00e1s de AJE Andaluc\u00eda\",\"publisher\":{\"@id\":\"https:\/\/ajeandalucia.org\/almeria\/#organization\"},\"potentialAction\":[{\"@type\":\"SearchAction\",\"target\":{\"@type\":\"EntryPoint\",\"urlTemplate\":\"https:\/\/ajeandalucia.org\/almeria\/?s={search_term_string}\"},\"query-input\":{\"@type\":\"PropertyValueSpecification\",\"valueRequired\":true,\"valueName\":\"search_term_string\"}}],\"inLanguage\":\"es\"},{\"@type\":\"Organization\",\"@id\":\"https:\/\/ajeandalucia.org\/almeria\/#organization\",\"name\":\"AJE Almer\u00eda\",\"url\":\"https:\/\/ajeandalucia.org\/almeria\/\",\"logo\":{\"@type\":\"ImageObject\",\"inLanguage\":\"es\",\"@id\":\"https:\/\/ajeandalucia.org\/almeria\/#\/schema\/logo\/image\/\",\"url\":\"https:\/\/ajeandalucia.org\/almeria\/wp-content\/uploads\/sites\/3\/2025\/01\/AJE-ALMERIA-horizontal.png\",\"contentUrl\":\"https:\/\/ajeandalucia.org\/almeria\/wp-content\/uploads\/sites\/3\/2025\/01\/AJE-ALMERIA-horizontal.png\",\"width\":605,\"height\":200,\"caption\":\"AJE Almer\u00eda\"},\"image\":{\"@id\":\"https:\/\/ajeandalucia.org\/almeria\/#\/schema\/logo\/image\/\"}},{\"@type\":\"Person\",\"@id\":\"https:\/\/ajeandalucia.org\/almeria\/#\/schema\/person\/9336ac50bc8c90053f6bf3b99e5c7d7b\",\"name\":\"almeria\",\"image\":{\"@type\":\"ImageObject\",\"inLanguage\":\"es\",\"@id\":\"https:\/\/ajeandalucia.org\/almeria\/#\/schema\/person\/image\/\",\"url\":\"https:\/\/secure.gravatar.com\/avatar\/f5b6b7d37a8f964bd96d1a7752fc3160bb98a16a08fda2bb6fb3a80845dae5d6?s=96&d=mm&r=g\",\"contentUrl\":\"https:\/\/secure.gravatar.com\/avatar\/f5b6b7d37a8f964bd96d1a7752fc3160bb98a16a08fda2bb6fb3a80845dae5d6?s=96&d=mm&r=g\",\"caption\":\"almeria\"},\"sameAs\":[\"http:\/\/www.ajealmeria.org\/\"],\"url\":\"https:\/\/ajeandalucia.org\/almeria\/author\/almeria\/\"}]}<\/script>\n<!-- \/ Yoast SEO plugin. -->","yoast_head_json":{"title":"Nota de Prensa: Candidaturas a los Premios AJE Andaluc\u00eda 2020 - AJE Almer\u00eda","description":"La Asociaci\u00f3n de J\u00f3venes Empresarios de Andaluc\u00eda ha presentado la nueva edici\u00f3n de los Premios AJE.Bajo el lema Un Mar de Empresas, AJE pone el foco en el mar como esa parte de nuestro planeta que, pese a su dimensi\u00f3n e importancia vital, a\u00fan resulta una gran desconocida.","robots":{"index":"index","follow":"follow","max-snippet":"max-snippet:-1","max-image-preview":"max-image-preview:large","max-video-preview":"max-video-preview:-1"},"canonical":"https:\/\/ajeandalucia.org\/almeria\/2020\/02\/05\/nota-de-prensa-candidaturas-a-los-premios-aje-andalucia-2020\/","og_locale":"es_ES","og_type":"article","og_title":"Nota de Prensa: Candidaturas a los Premios AJE Andaluc\u00eda 2020 - AJE Almer\u00eda","og_description":"La Asociaci\u00f3n de J\u00f3venes Empresarios de Andaluc\u00eda ha presentado la nueva edici\u00f3n de los Premios AJE.Bajo el lema Un Mar de Empresas, AJE pone el foco en el mar como esa parte de nuestro planeta que, pese a su dimensi\u00f3n e importancia vital, a\u00fan resulta una gran desconocida.","og_url":"https:\/\/ajeandalucia.org\/almeria\/2020\/02\/05\/nota-de-prensa-candidaturas-a-los-premios-aje-andalucia-2020\/","og_site_name":"AJE Almer\u00eda","article_published_time":"2020-02-05T10:33:13+00:00","article_modified_time":"2020-02-05T11:25:23+00:00","og_image":[{"width":940,"height":788,"url":"https:\/\/ajeandalucia.org\/almeria\/wp-content\/uploads\/sites\/3\/2020\/12\/RRSS-AJE-33.png","type":"image\/png"}],"author":"almeria","twitter_card":"summary_large_image","twitter_misc":{"Escrito por":"almeria","Tiempo de lectura":"3 minutos"},"schema":{"@context":"https:\/\/schema.org","@graph":[{"@type":"Article","@id":"https:\/\/ajeandalucia.org\/almeria\/2020\/02\/05\/nota-de-prensa-candidaturas-a-los-premios-aje-andalucia-2020\/#article","isPartOf":{"@id":"https:\/\/ajeandalucia.org\/almeria\/2020\/02\/05\/nota-de-prensa-candidaturas-a-los-premios-aje-andalucia-2020\/"},"author":{"name":"almeria","@id":"https:\/\/ajeandalucia.org\/almeria\/#\/schema\/person\/9336ac50bc8c90053f6bf3b99e5c7d7b"},"headline":"Nota de Prensa: Candidaturas a los Premios AJE Andaluc\u00eda 2020","datePublished":"2020-02-05T10:33:13+00:00","dateModified":"2020-02-05T11:25:23+00:00","mainEntityOfPage":{"@id":"https:\/\/ajeandalucia.org\/almeria\/2020\/02\/05\/nota-de-prensa-candidaturas-a-los-premios-aje-andalucia-2020\/"},"wordCount":539,"commentCount":0,"publisher":{"@id":"https:\/\/ajeandalucia.org\/almeria\/#organization"},"image":{"@id":"https:\/\/ajeandalucia.org\/almeria\/2020\/02\/05\/nota-de-prensa-candidaturas-a-los-premios-aje-andalucia-2020\/#primaryimage"},"thumbnailUrl":"https:\/\/ajeandalucia.org\/almeria\/wp-content\/uploads\/sites\/3\/2020\/12\/RRSS-AJE-33.png","keywords":["aje","aje almeria","aje andalucia","asociacion de j\u00f3venes empresarios","asociacion jovenes empresarios","asociacion jovenes empresarios almeria","asociada","asociado","asociarse aje","emprendedor","emprendedores","emprendedores almeria","emprender","emprendimiento","emprendimiento almeria","emprendimiento mujeres","empresa","empresarios almer\u00eda","empresas almer\u00eda","empresas de almer\u00eda","j\u00f3venes empresarios","j\u00f3venes empresarios almer\u00eda","negocios en almeria","socio aje","socio aje almeria"],"articleSection":["Noticias"],"inLanguage":"es","potentialAction":[{"@type":"CommentAction","name":"Comment","target":["https:\/\/ajeandalucia.org\/almeria\/2020\/02\/05\/nota-de-prensa-candidaturas-a-los-premios-aje-andalucia-2020\/#respond"]}]},{"@type":"WebPage","@id":"https:\/\/ajeandalucia.org\/almeria\/2020\/02\/05\/nota-de-prensa-candidaturas-a-los-premios-aje-andalucia-2020\/","url":"https:\/\/ajeandalucia.org\/almeria\/2020\/02\/05\/nota-de-prensa-candidaturas-a-los-premios-aje-andalucia-2020\/","name":"Nota de Prensa: Candidaturas a los Premios AJE Andaluc\u00eda 2020 - AJE Almer\u00eda","isPartOf":{"@id":"https:\/\/ajeandalucia.org\/almeria\/#website"},"primaryImageOfPage":{"@id":"https:\/\/ajeandalucia.org\/almeria\/2020\/02\/05\/nota-de-prensa-candidaturas-a-los-premios-aje-andalucia-2020\/#primaryimage"},"image":{"@id":"https:\/\/ajeandalucia.org\/almeria\/2020\/02\/05\/nota-de-prensa-candidaturas-a-los-premios-aje-andalucia-2020\/#primaryimage"},"thumbnailUrl":"https:\/\/ajeandalucia.org\/almeria\/wp-content\/uploads\/sites\/3\/2020\/12\/RRSS-AJE-33.png","datePublished":"2020-02-05T10:33:13+00:00","dateModified":"2020-02-05T11:25:23+00:00","description":"La Asociaci\u00f3n de J\u00f3venes Empresarios de Andaluc\u00eda ha presentado la nueva edici\u00f3n de los Premios AJE.Bajo el lema Un Mar de Empresas, AJE pone el foco en el mar como esa parte de nuestro planeta que, pese a su dimensi\u00f3n e importancia vital, a\u00fan resulta una gran desconocida.","breadcrumb":{"@id":"https:\/\/ajeandalucia.org\/almeria\/2020\/02\/05\/nota-de-prensa-candidaturas-a-los-premios-aje-andalucia-2020\/#breadcrumb"},"inLanguage":"es","potentialAction":[{"@type":"ReadAction","target":["https:\/\/ajeandalucia.org\/almeria\/2020\/02\/05\/nota-de-prensa-candidaturas-a-los-premios-aje-andalucia-2020\/"]}]},{"@type":"ImageObject","inLanguage":"es","@id":"https:\/\/ajeandalucia.org\/almeria\/2020\/02\/05\/nota-de-prensa-candidaturas-a-los-premios-aje-andalucia-2020\/#primaryimage","url":"https:\/\/ajeandalucia.org\/almeria\/wp-content\/uploads\/sites\/3\/2020\/12\/RRSS-AJE-33.png","contentUrl":"https:\/\/ajeandalucia.org\/almeria\/wp-content\/uploads\/sites\/3\/2020\/12\/RRSS-AJE-33.png","width":940,"height":788},{"@type":"BreadcrumbList","@id":"https:\/\/ajeandalucia.org\/almeria\/2020\/02\/05\/nota-de-prensa-candidaturas-a-los-premios-aje-andalucia-2020\/#breadcrumb","itemListElement":[{"@type":"ListItem","position":1,"name":"Portada","item":"https:\/\/ajeandalucia.org\/almeria\/"},{"@type":"ListItem","position":2,"name":"Nota de Prensa: Candidaturas a los Premios AJE Andaluc\u00eda 2020"}]},{"@type":"WebSite","@id":"https:\/\/ajeandalucia.org\/almeria\/#website","url":"https:\/\/ajeandalucia.org\/almeria\/","name":"AJE Almer\u00eda","description":"Otro sitio m\u00e1s de AJE Andaluc\u00eda","publisher":{"@id":"https:\/\/ajeandalucia.org\/almeria\/#organization"},"potentialAction":[{"@type":"SearchAction","target":{"@type":"EntryPoint","urlTemplate":"https:\/\/ajeandalucia.org\/almeria\/?s={search_term_string}"},"query-input":{"@type":"PropertyValueSpecification","valueRequired":true,"valueName":"search_term_string"}}],"inLanguage":"es"},{"@type":"Organization","@id":"https:\/\/ajeandalucia.org\/almeria\/#organization","name":"AJE Almer\u00eda","url":"https:\/\/ajeandalucia.org\/almeria\/","logo":{"@type":"ImageObject","inLanguage":"es","@id":"https:\/\/ajeandalucia.org\/almeria\/#\/schema\/logo\/image\/","url":"https:\/\/ajeandalucia.org\/almeria\/wp-content\/uploads\/sites\/3\/2025\/01\/AJE-ALMERIA-horizontal.png","contentUrl":"https:\/\/ajeandalucia.org\/almeria\/wp-content\/uploads\/sites\/3\/2025\/01\/AJE-ALMERIA-horizontal.png","width":605,"height":200,"caption":"AJE Almer\u00eda"},"image":{"@id":"https:\/\/ajeandalucia.org\/almeria\/#\/schema\/logo\/image\/"}},{"@type":"Person","@id":"https:\/\/ajeandalucia.org\/almeria\/#\/schema\/person\/9336ac50bc8c90053f6bf3b99e5c7d7b","name":"almeria","image":{"@type":"ImageObject","inLanguage":"es","@id":"https:\/\/ajeandalucia.org\/almeria\/#\/schema\/person\/image\/","url":"https:\/\/secure.gravatar.com\/avatar\/f5b6b7d37a8f964bd96d1a7752fc3160bb98a16a08fda2bb6fb3a80845dae5d6?s=96&d=mm&r=g","contentUrl":"https:\/\/secure.gravatar.com\/avatar\/f5b6b7d37a8f964bd96d1a7752fc3160bb98a16a08fda2bb6fb3a80845dae5d6?s=96&d=mm&r=g","caption":"almeria"},"sameAs":["http:\/\/www.ajealmeria.org\/"],"url":"https:\/\/ajeandalucia.org\/almeria\/author\/almeria\/"}]}},"_links":{"self":[{"href":"https:\/\/ajeandalucia.org\/almeria\/wp-json\/wp\/v2\/posts\/1556","targetHints":{"allow":["GET"]}}],"collection":[{"href":"https:\/\/ajeandalucia.org\/almeria\/wp-json\/wp\/v2\/posts"}],"about":[{"href":"https:\/\/ajeandalucia.org\/almeria\/wp-json\/wp\/v2\/types\/post"}],"author":[{"embeddable":true,"href":"https:\/\/ajeandalucia.org\/almeria\/wp-json\/wp\/v2\/users\/3"}],"replies":[{"embeddable":true,"href":"https:\/\/ajeandalucia.org\/almeria\/wp-json\/wp\/v2\/comments?post=1556"}],"version-history":[{"count":5,"href":"https:\/\/ajeandalucia.org\/almeria\/wp-json\/wp\/v2\/posts\/1556\/revisions"}],"predecessor-version":[{"id":1577,"href":"https:\/\/ajeandalucia.org\/almeria\/wp-json\/wp\/v2\/posts\/1556\/revisions\/1577"}],"wp:featuredmedia":[{"embeddable":true,"href":"https:\/\/ajeandalucia.org\/almeria\/wp-json\/wp\/v2\/media\/1576"}],"wp:attachment":[{"href":"https:\/\/ajeandalucia.org\/almeria\/wp-json\/wp\/v2\/media?parent=1556"}],"wp:term":[{"taxonomy":"category","embeddable":true,"href":"https:\/\/ajeandalucia.org\/almeria\/wp-json\/wp\/v2\/categories?post=1556"},{"taxonomy":"post_tag","embeddable":true,"href":"https:\/\/ajeandalucia.org\/almeria\/wp-json\/wp\/v2\/tags?post=1556"}],"curies":[{"name":"wp","href":"https:\/\/api.w.org\/{rel}","templated":true}]}}