{"id":2220,"date":"2021-01-31T00:00:08","date_gmt":"2021-01-31T00:00:08","guid":{"rendered":"https:\/\/www.ajeandalucia.org\/almeria\/2021\/01\/31\/plan-reactivaje-copy\/"},"modified":"2021-01-31T23:55:25","modified_gmt":"2021-01-31T23:55:25","slug":"reactivaje-iniciativa-empresarial-bases-del-concurso","status":"publish","type":"post","link":"https:\/\/ajeandalucia.org\/almeria\/2021\/01\/31\/reactivaje-iniciativa-empresarial-bases-del-concurso\/","title":{"rendered":"Reactivaje Iniciativa empresarial &#8211; Bases del concurso."},"content":{"rendered":"<div class=\"RR-M- TKzGu\">\n<h1><strong>BASES DEL CONCURSO: REACTIVAJE INICIATIVA EMPRESARIAL<\/strong><\/h1>\n<p><strong>BASE 1.- OBJETO<\/strong><\/p>\n<p>Esta promoci\u00f3n est\u00e1 organizada por Asociaci\u00f3n de J\u00f3venes Empresarios de Almer\u00eda (AJE ALMERIA) , con<br \/>\nCIF G-04249280, domiciliada en Avenida Cabo de Gata 29, inscrita en el Registro de Asociaciones del<br \/>\nC.M.A.C. de la Junta de Andaluc\u00eda en Almer\u00eda, con n\u00famero 04\/324\/96.<\/p>\n<p>El objeto del concurso es la ayuda a los emprendedores de Almer\u00eda con proyectos propios que<br \/>\ncontribuyan al desarrollo social y econ\u00f3mico del territorio.<\/p>\n<p><strong>BASE 2.- DERECHO A PARTICIPAR<\/strong><\/p>\n<p>Pueden participar en el concurso todas aquellas personas o equipo de personas que posean un proyecto<br \/>\nemprendedor.<\/p>\n<p>Cada participante solo podr\u00e1 participar en una solicitud por proyecto empresarial.<\/p>\n<p>Solo podr\u00e1n optar a los premios las 10 primeras solicitudes.<\/p>\n<p>De igual manera, no podr\u00e1n participar aquellas personas cuyos datos sean incorrectos o incompletos.<\/p>\n<p><strong>BASE 3.- PREMIOS<\/strong><\/p>\n<p>2 ganadores con el siguiente Premio cada uno:<br \/>\n\u2022 Aportaci\u00f3n econ\u00f3mica de 500 euros de premio.<br \/>\n\u2022 Abono de la cuota de asociado a AJE ALMERIA, durante un a\u00f1o, para cada ganador.<br \/>\n\u2022 Aportaci\u00f3n en publicidad del GRUPO LA VOZ DE ALMERIA, a consumir durante el a\u00f1o 2021,<br \/>\npor valor de 500 euros cada ganador.<\/p>\n<p>Tanto el n\u00famero de beneficiarios como el importe podr\u00e1n sufrir modificaci\u00f3n en funci\u00f3n de las<br \/>\ndemandas recibidas.<\/p>\n<p>Las personas premiadas deber\u00e1n satisfacer los impuestos que pudieran derivarse del premio de acuerdo<br \/>\ncon la normativa fiscal vigente.<\/p>\n<p>As\u00ed, las personas premiadas se comprometen a colaborar con AJE ALMERIA en las actividades<br \/>\npublicitarias vinculadas al concurso, sin remuneraci\u00f3n alguna por este concepto y sin coste por su parte,<br \/>\nautorizando la comunicaci\u00f3n de su nombre e imagen para estos fines.<\/p>\n<p><strong>BASE 4.- REQUISITOS PARA PARTICIPAR<\/strong><\/p>\n<p>Puede participar desde el 01 de febrero de 2021 al 21 de febrero 2021 ambos inclusive. Los<br \/>\nparticipantes tienen que:<\/p>\n<p>1. Persona f\u00edsica en representaci\u00f3n de un proyecto, que tenga menos de 41 a\u00f1os, resida en la<br \/>\nprovincia de Almer\u00eda y no pertenezcan a ning\u00fan grupo empresarial y no haya ejercido<br \/>\nactividad empresarial en los \u00faltimos 5 a\u00f1os.<\/p>\n<p>2. Los proyectos presentados han de ser viables t\u00e9cnica, econ\u00f3mica y financieramente y tener<br \/>\nun marcado car\u00e1cter innovador. La idea podr\u00e1 abarcar cualquier \u00e1mbito empresarial. S\u00f3lo<br \/>\nse admitir\u00e1n ideas de negocio o proyectos en fase embrionaria.<\/p>\n<p>3. Para el acceso al concurso los participantes deber\u00e1n:<\/p>\n<p>a. Enviar un email a asociacionjovenesempresarios@gmail.com , donde solicite la<br \/>\nparticipaci\u00f3n en el CONCURSO REACTIVAJE, indicando claramente en el asunto<br \/>\nINICIATIVA EMPRESARIAL y en el email indicar todos sus datos de contacto.<\/p>\n<p>b. En el email deber\u00e1 exponer brevemente en qu\u00e9 consiste su proyecto y las<br \/>\nmotivaciones que le llevan a presentar su iniciativa, as\u00ed como los m\u00e9ritos por los<br \/>\nque creen que debe ser premiados.<\/p>\n<p>4. Las 10 candidaturas que por orden preferente de fecha de env\u00edo ser\u00e1n preseleccionados,<br \/>\nsiempre que cumplan los requisitos del punto 1, expondr\u00e1n sus proyectos de empresa ante<br \/>\nun jurado el d\u00eda 03 de marzo a la hora que se le comunicar\u00e1n a cada participante, de<br \/>\nmanera telem\u00e1tica, para valoraci\u00f3n de los proyectos. El enlace para la conexi\u00f3n se enviar\u00e1<br \/>\npor mail un d\u00eda antes de la presentaci\u00f3n.<\/p>\n<p><strong>PLAZOS DE INSCRIPCION:<\/strong><\/p>\n<p>\u2022 Inicio de plazo para enviar la solicitud: 1 de febrero de 2021<br \/>\n\u2022 Cierre de plazo para enviar las propuestas: hasta el 21 de febrero de 2021<br \/>\n\u2022 Exposici\u00f3n de los proyectos preseleccionados: 03 de marzo de 2021<br \/>\n\u2022 Publicaci\u00f3n de los ganadores: 05 de marzo de 2021.<\/p>\n<p><strong>BASE 5.- SELECCI\u00d3N GANADORES<\/strong><\/p>\n<p>Los proyectos ser\u00e1n valorados por un Jurado formado por la Ejecutiva de AJE ALMERIA e invitados de<br \/>\ndiferentes sectores representativos para el concurso. Los aspectos que m\u00e1s contar\u00e1n a la hora de<br \/>\nevaluar los proyectos son:<br \/>\n\u2022 Un modelo de negocio sostenible y con potencial de crecimiento.<br \/>\n\u2022 Un valor social de la propuesta.<br \/>\n\u2022 La viabilidad del proyecto.<br \/>\n\u2022 Las oportunidades de mercado.<br \/>\n\u2022 La capacidad de comunicaci\u00f3n del candidato para comunicar la idea.<br \/>\n\u2022 La trayectoria en el \u00e1mbito sobre el que versa su proyecto.<\/p>\n<p>Se valorar\u00e1 la realizaci\u00f3n de una Gala virtual de los \u201cPREMIOS CREACI\u00d3N DE EMPRESAS\u201d donde ser\u00e1n<br \/>\ngalardonados los proyectos de empresa ganadores. La hora se concretar\u00e1 una semana antes de la Gala.<\/p>\n<p>Si no se realizara dicho evento, AJE ALMERIA se pondr\u00e1 en contacto v\u00eda e-mail o telef\u00f3nicamente con<br \/>\nlos ganadores y se publicar\u00e1 el nombre de estos en redes sociales a partir del 05 de marzo de 2021.<\/p>\n<p>Las personas premiadas est\u00e1n obligadas a facilitar los siguientes datos personales: nombre y apellidos,<br \/>\nDNI o tarjeta de residencia, direcci\u00f3n en Espa\u00f1a, tel\u00e9fono de contacto. La comunicaci\u00f3n de estos datos<br \/>\nsupone la aceptaci\u00f3n expresa de la pol\u00edtica de protecci\u00f3n de datos de LA AJE ALMERIA, recogida m\u00e1s<br \/>\nabajo.<\/p>\n<p><strong>BASE 6.- ACEPTACI\u00d3N DE LAS BASES<\/strong><\/p>\n<p>El participante acepta expresamente cumplir todas y cada una de las BASES del presente concurso.<\/p>\n<p>El incumplimiento de alguna de las BASES dar\u00e1 lugar a la exclusi\u00f3n del usuario de la presente promoci\u00f3n.<\/p>\n<p>En caso de existir dudas o discrepancias en la interpretaci\u00f3n de las presentes bases prevalecer\u00e1 el<br \/>\ncriterio de AJE ALMERIA.<\/p>\n<p>Por motivos razonados, AJE ALMERIA, podr\u00e1 modificar las presentes bases una vez comenzado el<br \/>\nconcurso.<\/p>\n<p>De igual forma, las bases estar\u00e1n disponibles durante el periodo en el que est\u00e9 vigente el concurso en<br \/>\nlas instalaciones de AJE ALMERIA.<\/p>\n<p><strong>BASE 7.- TRATAMIENTO DE DATOS PERSONALES Y CONFIDENCIALIDAD<\/strong><\/p>\n<p>AJE ALMERIA se compromete a mantener la confidencialidad sobre aquellos proyectos que no resulten<br \/>\npremiados. Asimismo, AJE ALMERIA podr\u00e1 difundir libremente el concurso e informar sobre sus<br \/>\nparticipantes, pudiendo citar a los autores de dichos proyectos.<\/p>\n<p>En cumplimiento de la normativa vigente en materia de Protecci\u00f3n de Datos de Car\u00e1cter Personal, le<br \/>\ninformamos que los datos personales que nos proporciona ser\u00e1n tratados por AJE ALEMRIA con la<br \/>\nfinalidad de asegurar la correcta gesti\u00f3n del concurso en el que solicita participar.<\/p>\n<p>Los usuarios ser\u00e1n los responsables de las fotos que suban, incluidas las de menores, personas o<br \/>\nelementos que en ella pudieran aparecer, incluyendo los consentimientos de aquellos padres, madres o<br \/>\ntutores legales de los menores que aparezcan, no siendo el peri\u00f3dico responsable en modo alguno en<br \/>\ncaso de darse reclamaciones, que deber\u00e1n ser atendidas por el usuario que public\u00f3 la imagen en<br \/>\ncuesti\u00f3n.<\/p>\n<p>El interesado puede ejercer los derechos de acceso a sus datos personales, rectificaci\u00f3n, supresi\u00f3n<br \/>\n(derecho al olvido), limitaci\u00f3n de tratamiento, oposici\u00f3n, portabilidad, derecho a no ser objeto de<br \/>\ndecisiones individualizadas, as\u00ed como la revocaci\u00f3n del consentimiento prestado. Para ello podr\u00e1 dirigir<br \/>\nun escrito a Asociaci\u00f3n de J\u00f3venes Empresarios de Almer\u00eda ( AJE ALMERIA), domiciliada en Avenida Cabo<br \/>\nde Gata 29 o al email asociacionjovenesempresarios@gmail.com , adjuntando documento que acredite<br \/>\nsu identidad. Adem\u00e1s, el interesado puede dirigirse a la Autoridad de Control en materia de Protecci\u00f3n<br \/>\nde Datos competente para obtener informaci\u00f3n adicional o presentar una reclamaci\u00f3n.<\/p>\n<\/div>\n","protected":false},"excerpt":{"rendered":"<p>BASES DEL CONCURSO: REACTIVAJE INICIATIVA EMPRESARIAL BASE 1.- OBJETO Esta promoci\u00f3n est\u00e1 organizada por Asociaci\u00f3n de J\u00f3venes Empresarios de Almer\u00eda [&hellip;]<\/p>\n","protected":false},"author":3,"featured_media":2223,"comment_status":"open","ping_status":"open","sticky":false,"template":"","format":"standard","meta":{"_acf_changed":false,"site-sidebar-layout":"default","site-content-layout":"","ast-site-content-layout":"default","site-content-style":"default","site-sidebar-style":"default","ast-global-header-display":"","ast-banner-title-visibility":"","ast-main-header-display":"","ast-hfb-above-header-display":"","ast-hfb-below-header-display":"","ast-hfb-mobile-header-display":"","site-post-title":"","ast-breadcrumbs-content":"","ast-featured-img":"","footer-sml-layout":"","ast-disable-related-posts":"","theme-transparent-header-meta":"","adv-header-id-meta":"","stick-header-meta":"","header-above-stick-meta":"","header-main-stick-meta":"","header-below-stick-meta":"","astra-migrate-meta-layouts":"default","ast-page-background-enabled":"default","ast-page-background-meta":{"desktop":{"background-color":"var(--ast-global-color-5)","background-image":"","background-repeat":"repeat","background-position":"center center","background-size":"auto","background-attachment":"scroll","background-type":"","background-media":"","overlay-type":"","overlay-color":"","overlay-opacity":"","overlay-gradient":""},"tablet":{"background-color":"","background-image":"","background-repeat":"repeat","background-position":"center center","background-size":"auto","background-attachment":"scroll","background-type":"","background-media":"","overlay-type":"","overlay-color":"","overlay-opacity":"","overlay-gradient":""},"mobile":{"background-color":"","background-image":"","background-repeat":"repeat","background-position":"center center","background-size":"auto","background-attachment":"scroll","background-type":"","background-media":"","overlay-type":"","overlay-color":"","overlay-opacity":"","overlay-gradient":""}},"ast-content-background-meta":{"desktop":{"background-color":"var(--ast-global-color-4)","background-image":"","background-repeat":"repeat","background-position":"center center","background-size":"auto","background-attachment":"scroll","background-type":"","background-media":"","overlay-type":"","overlay-color":"","overlay-opacity":"","overlay-gradient":""},"tablet":{"background-color":"var(--ast-global-color-4)","background-image":"","background-repeat":"repeat","background-position":"center center","background-size":"auto","background-attachment":"scroll","background-type":"","background-media":"","overlay-type":"","overlay-color":"","overlay-opacity":"","overlay-gradient":""},"mobile":{"background-color":"var(--ast-global-color-4)","background-image":"","background-repeat":"repeat","background-position":"center center","background-size":"auto","background-attachment":"scroll","background-type":"","background-media":"","overlay-type":"","overlay-color":"","overlay-opacity":"","overlay-gradient":""}},"footnotes":""},"categories":[8],"tags":[60,27,42,78,87,88,141,140,144,187,47,30,71,105,65,96,118,72,66,112,59,179,33,100,91,185,186,143,142],"class_list":["post-2220","post","type-post","status-publish","format-standard","has-post-thumbnail","hentry","category-noticias","tag-aje","tag-aje-almeria","tag-aje-andalucia","tag-asociacion-de-jovenes-empresarios","tag-asociacion-jovenes-empresarios","tag-asociacion-jovenes-empresarios-almeria","tag-asociada","tag-asociado","tag-asociarse-aje","tag-ayudas","tag-emprendedor","tag-emprendedores","tag-emprendedores-almeria","tag-emprender","tag-emprendimiento","tag-emprendimiento-almeria","tag-emprendimiento-mujeres","tag-empresa","tag-empresarios-almeria","tag-empresas-almeria","tag-empresas-de-almeria","tag-esto-no-tiene-que-parar","tag-jovenes-empresarios","tag-jovenes-empresarios-almeria","tag-negocios-en-almeria","tag-plan-reactivaje","tag-reactivacion-economia","tag-socio-aje","tag-socio-aje-almeria"],"acf":[],"yoast_head":"<!-- This site is optimized with the Yoast SEO plugin v26.9 - https:\/\/yoast.com\/product\/yoast-seo-wordpress\/ -->\n<title>Reactivaje Iniciativa empresarial - Bases del concurso. - AJE Almer\u00eda<\/title>\n<meta name=\"description\" content=\"Parque Centro, es una empresa especializada en el sector inmobiliario desde 1975 situada en Roquetas de Mar y, su misi\u00f3n es adaptar este sector a las nuevas tendencias, realizando el lanzamiento de su primer espacio compartido de trabajo para aut\u00f3nomos, peque\u00f1os emprendedores y pymes, es decir, para ti.\" \/>\n<meta name=\"robots\" content=\"index, follow, max-snippet:-1, max-image-preview:large, max-video-preview:-1\" \/>\n<link rel=\"canonical\" href=\"https:\/\/ajeandalucia.org\/almeria\/2021\/01\/31\/reactivaje-iniciativa-empresarial-bases-del-concurso\/\" \/>\n<meta property=\"og:locale\" content=\"es_ES\" \/>\n<meta property=\"og:type\" content=\"article\" \/>\n<meta property=\"og:title\" content=\"Reactivaje Iniciativa empresarial - Bases del concurso. - AJE Almer\u00eda\" \/>\n<meta property=\"og:description\" content=\"Parque Centro, es una empresa especializada en el sector inmobiliario desde 1975 situada en Roquetas de Mar y, su misi\u00f3n es adaptar este sector a las nuevas tendencias, realizando el lanzamiento de su primer espacio compartido de trabajo para aut\u00f3nomos, peque\u00f1os emprendedores y pymes, es decir, para ti.\" \/>\n<meta property=\"og:url\" content=\"https:\/\/ajeandalucia.org\/almeria\/2021\/01\/31\/reactivaje-iniciativa-empresarial-bases-del-concurso\/\" \/>\n<meta property=\"og:site_name\" content=\"AJE Almer\u00eda\" \/>\n<meta property=\"article:published_time\" content=\"2021-01-31T00:00:08+00:00\" \/>\n<meta property=\"article:modified_time\" content=\"2021-01-31T23:55:25+00:00\" \/>\n<meta property=\"og:image\" content=\"https:\/\/ajeandalucia.org\/almeria\/wp-content\/uploads\/sites\/3\/2021\/01\/POST-WEB-ENTRADAS-940_788-3.png\" \/>\n\t<meta property=\"og:image:width\" content=\"940\" \/>\n\t<meta property=\"og:image:height\" content=\"788\" \/>\n\t<meta property=\"og:image:type\" content=\"image\/png\" \/>\n<meta name=\"author\" content=\"almeria\" \/>\n<meta name=\"twitter:card\" content=\"summary_large_image\" \/>\n<meta name=\"twitter:label1\" content=\"Escrito por\" \/>\n\t<meta name=\"twitter:data1\" content=\"almeria\" \/>\n\t<meta name=\"twitter:label2\" content=\"Tiempo de lectura\" \/>\n\t<meta name=\"twitter:data2\" content=\"6 minutos\" \/>\n<script type=\"application\/ld+json\" class=\"yoast-schema-graph\">{\"@context\":\"https:\/\/schema.org\",\"@graph\":[{\"@type\":\"Article\",\"@id\":\"https:\/\/ajeandalucia.org\/almeria\/2021\/01\/31\/reactivaje-iniciativa-empresarial-bases-del-concurso\/#article\",\"isPartOf\":{\"@id\":\"https:\/\/ajeandalucia.org\/almeria\/2021\/01\/31\/reactivaje-iniciativa-empresarial-bases-del-concurso\/\"},\"author\":{\"name\":\"almeria\",\"@id\":\"https:\/\/ajeandalucia.org\/almeria\/#\/schema\/person\/9336ac50bc8c90053f6bf3b99e5c7d7b\"},\"headline\":\"Reactivaje Iniciativa empresarial &#8211; Bases del concurso.\",\"datePublished\":\"2021-01-31T00:00:08+00:00\",\"dateModified\":\"2021-01-31T23:55:25+00:00\",\"mainEntityOfPage\":{\"@id\":\"https:\/\/ajeandalucia.org\/almeria\/2021\/01\/31\/reactivaje-iniciativa-empresarial-bases-del-concurso\/\"},\"wordCount\":1172,\"commentCount\":0,\"publisher\":{\"@id\":\"https:\/\/ajeandalucia.org\/almeria\/#organization\"},\"image\":{\"@id\":\"https:\/\/ajeandalucia.org\/almeria\/2021\/01\/31\/reactivaje-iniciativa-empresarial-bases-del-concurso\/#primaryimage\"},\"thumbnailUrl\":\"https:\/\/ajeandalucia.org\/almeria\/wp-content\/uploads\/sites\/3\/2021\/01\/POST-WEB-ENTRADAS-940_788-3.png\",\"keywords\":[\"aje\",\"aje almeria\",\"aje andalucia\",\"asociacion de j\u00f3venes empresarios\",\"asociacion jovenes empresarios\",\"asociacion jovenes empresarios almeria\",\"asociada\",\"asociado\",\"asociarse aje\",\"ayudas\",\"emprendedor\",\"emprendedores\",\"emprendedores almeria\",\"emprender\",\"emprendimiento\",\"emprendimiento almeria\",\"emprendimiento mujeres\",\"empresa\",\"empresarios almer\u00eda\",\"empresas almer\u00eda\",\"empresas de almer\u00eda\",\"esto no tiene que parar\",\"j\u00f3venes empresarios\",\"j\u00f3venes empresarios almer\u00eda\",\"negocios en almeria\",\"plan reactivaje\",\"reactivacion economia\",\"socio aje\",\"socio aje almeria\"],\"articleSection\":[\"Noticias\"],\"inLanguage\":\"es\",\"potentialAction\":[{\"@type\":\"CommentAction\",\"name\":\"Comment\",\"target\":[\"https:\/\/ajeandalucia.org\/almeria\/2021\/01\/31\/reactivaje-iniciativa-empresarial-bases-del-concurso\/#respond\"]}]},{\"@type\":\"WebPage\",\"@id\":\"https:\/\/ajeandalucia.org\/almeria\/2021\/01\/31\/reactivaje-iniciativa-empresarial-bases-del-concurso\/\",\"url\":\"https:\/\/ajeandalucia.org\/almeria\/2021\/01\/31\/reactivaje-iniciativa-empresarial-bases-del-concurso\/\",\"name\":\"Reactivaje Iniciativa empresarial - Bases del concurso. - AJE Almer\u00eda\",\"isPartOf\":{\"@id\":\"https:\/\/ajeandalucia.org\/almeria\/#website\"},\"primaryImageOfPage\":{\"@id\":\"https:\/\/ajeandalucia.org\/almeria\/2021\/01\/31\/reactivaje-iniciativa-empresarial-bases-del-concurso\/#primaryimage\"},\"image\":{\"@id\":\"https:\/\/ajeandalucia.org\/almeria\/2021\/01\/31\/reactivaje-iniciativa-empresarial-bases-del-concurso\/#primaryimage\"},\"thumbnailUrl\":\"https:\/\/ajeandalucia.org\/almeria\/wp-content\/uploads\/sites\/3\/2021\/01\/POST-WEB-ENTRADAS-940_788-3.png\",\"datePublished\":\"2021-01-31T00:00:08+00:00\",\"dateModified\":\"2021-01-31T23:55:25+00:00\",\"description\":\"Parque Centro, es una empresa especializada en el sector inmobiliario desde 1975 situada en Roquetas de Mar y, su misi\u00f3n es adaptar este sector a las nuevas tendencias, realizando el lanzamiento de su primer espacio compartido de trabajo para aut\u00f3nomos, peque\u00f1os emprendedores y pymes, es decir, para ti.\",\"breadcrumb\":{\"@id\":\"https:\/\/ajeandalucia.org\/almeria\/2021\/01\/31\/reactivaje-iniciativa-empresarial-bases-del-concurso\/#breadcrumb\"},\"inLanguage\":\"es\",\"potentialAction\":[{\"@type\":\"ReadAction\",\"target\":[\"https:\/\/ajeandalucia.org\/almeria\/2021\/01\/31\/reactivaje-iniciativa-empresarial-bases-del-concurso\/\"]}]},{\"@type\":\"ImageObject\",\"inLanguage\":\"es\",\"@id\":\"https:\/\/ajeandalucia.org\/almeria\/2021\/01\/31\/reactivaje-iniciativa-empresarial-bases-del-concurso\/#primaryimage\",\"url\":\"https:\/\/ajeandalucia.org\/almeria\/wp-content\/uploads\/sites\/3\/2021\/01\/POST-WEB-ENTRADAS-940_788-3.png\",\"contentUrl\":\"https:\/\/ajeandalucia.org\/almeria\/wp-content\/uploads\/sites\/3\/2021\/01\/POST-WEB-ENTRADAS-940_788-3.png\",\"width\":940,\"height\":788},{\"@type\":\"BreadcrumbList\",\"@id\":\"https:\/\/ajeandalucia.org\/almeria\/2021\/01\/31\/reactivaje-iniciativa-empresarial-bases-del-concurso\/#breadcrumb\",\"itemListElement\":[{\"@type\":\"ListItem\",\"position\":1,\"name\":\"Portada\",\"item\":\"https:\/\/ajeandalucia.org\/almeria\/\"},{\"@type\":\"ListItem\",\"position\":2,\"name\":\"Reactivaje Iniciativa empresarial &#8211; Bases del concurso.\"}]},{\"@type\":\"WebSite\",\"@id\":\"https:\/\/ajeandalucia.org\/almeria\/#website\",\"url\":\"https:\/\/ajeandalucia.org\/almeria\/\",\"name\":\"AJE Almer\u00eda\",\"description\":\"Otro sitio m\u00e1s de AJE Andaluc\u00eda\",\"publisher\":{\"@id\":\"https:\/\/ajeandalucia.org\/almeria\/#organization\"},\"potentialAction\":[{\"@type\":\"SearchAction\",\"target\":{\"@type\":\"EntryPoint\",\"urlTemplate\":\"https:\/\/ajeandalucia.org\/almeria\/?s={search_term_string}\"},\"query-input\":{\"@type\":\"PropertyValueSpecification\",\"valueRequired\":true,\"valueName\":\"search_term_string\"}}],\"inLanguage\":\"es\"},{\"@type\":\"Organization\",\"@id\":\"https:\/\/ajeandalucia.org\/almeria\/#organization\",\"name\":\"AJE Almer\u00eda\",\"url\":\"https:\/\/ajeandalucia.org\/almeria\/\",\"logo\":{\"@type\":\"ImageObject\",\"inLanguage\":\"es\",\"@id\":\"https:\/\/ajeandalucia.org\/almeria\/#\/schema\/logo\/image\/\",\"url\":\"https:\/\/ajeandalucia.org\/almeria\/wp-content\/uploads\/sites\/3\/2025\/01\/AJE-ALMERIA-horizontal.png\",\"contentUrl\":\"https:\/\/ajeandalucia.org\/almeria\/wp-content\/uploads\/sites\/3\/2025\/01\/AJE-ALMERIA-horizontal.png\",\"width\":605,\"height\":200,\"caption\":\"AJE Almer\u00eda\"},\"image\":{\"@id\":\"https:\/\/ajeandalucia.org\/almeria\/#\/schema\/logo\/image\/\"}},{\"@type\":\"Person\",\"@id\":\"https:\/\/ajeandalucia.org\/almeria\/#\/schema\/person\/9336ac50bc8c90053f6bf3b99e5c7d7b\",\"name\":\"almeria\",\"image\":{\"@type\":\"ImageObject\",\"inLanguage\":\"es\",\"@id\":\"https:\/\/ajeandalucia.org\/almeria\/#\/schema\/person\/image\/\",\"url\":\"https:\/\/secure.gravatar.com\/avatar\/f5b6b7d37a8f964bd96d1a7752fc3160bb98a16a08fda2bb6fb3a80845dae5d6?s=96&d=mm&r=g\",\"contentUrl\":\"https:\/\/secure.gravatar.com\/avatar\/f5b6b7d37a8f964bd96d1a7752fc3160bb98a16a08fda2bb6fb3a80845dae5d6?s=96&d=mm&r=g\",\"caption\":\"almeria\"},\"sameAs\":[\"http:\/\/www.ajealmeria.org\/\"],\"url\":\"https:\/\/ajeandalucia.org\/almeria\/author\/almeria\/\"}]}<\/script>\n<!-- \/ Yoast SEO plugin. -->","yoast_head_json":{"title":"Reactivaje Iniciativa empresarial - Bases del concurso. - AJE Almer\u00eda","description":"Parque Centro, es una empresa especializada en el sector inmobiliario desde 1975 situada en Roquetas de Mar y, su misi\u00f3n es adaptar este sector a las nuevas tendencias, realizando el lanzamiento de su primer espacio compartido de trabajo para aut\u00f3nomos, peque\u00f1os emprendedores y pymes, es decir, para ti.","robots":{"index":"index","follow":"follow","max-snippet":"max-snippet:-1","max-image-preview":"max-image-preview:large","max-video-preview":"max-video-preview:-1"},"canonical":"https:\/\/ajeandalucia.org\/almeria\/2021\/01\/31\/reactivaje-iniciativa-empresarial-bases-del-concurso\/","og_locale":"es_ES","og_type":"article","og_title":"Reactivaje Iniciativa empresarial - Bases del concurso. - AJE Almer\u00eda","og_description":"Parque Centro, es una empresa especializada en el sector inmobiliario desde 1975 situada en Roquetas de Mar y, su misi\u00f3n es adaptar este sector a las nuevas tendencias, realizando el lanzamiento de su primer espacio compartido de trabajo para aut\u00f3nomos, peque\u00f1os emprendedores y pymes, es decir, para ti.","og_url":"https:\/\/ajeandalucia.org\/almeria\/2021\/01\/31\/reactivaje-iniciativa-empresarial-bases-del-concurso\/","og_site_name":"AJE Almer\u00eda","article_published_time":"2021-01-31T00:00:08+00:00","article_modified_time":"2021-01-31T23:55:25+00:00","og_image":[{"width":940,"height":788,"url":"https:\/\/ajeandalucia.org\/almeria\/wp-content\/uploads\/sites\/3\/2021\/01\/POST-WEB-ENTRADAS-940_788-3.png","type":"image\/png"}],"author":"almeria","twitter_card":"summary_large_image","twitter_misc":{"Escrito por":"almeria","Tiempo de lectura":"6 minutos"},"schema":{"@context":"https:\/\/schema.org","@graph":[{"@type":"Article","@id":"https:\/\/ajeandalucia.org\/almeria\/2021\/01\/31\/reactivaje-iniciativa-empresarial-bases-del-concurso\/#article","isPartOf":{"@id":"https:\/\/ajeandalucia.org\/almeria\/2021\/01\/31\/reactivaje-iniciativa-empresarial-bases-del-concurso\/"},"author":{"name":"almeria","@id":"https:\/\/ajeandalucia.org\/almeria\/#\/schema\/person\/9336ac50bc8c90053f6bf3b99e5c7d7b"},"headline":"Reactivaje Iniciativa empresarial &#8211; Bases del concurso.","datePublished":"2021-01-31T00:00:08+00:00","dateModified":"2021-01-31T23:55:25+00:00","mainEntityOfPage":{"@id":"https:\/\/ajeandalucia.org\/almeria\/2021\/01\/31\/reactivaje-iniciativa-empresarial-bases-del-concurso\/"},"wordCount":1172,"commentCount":0,"publisher":{"@id":"https:\/\/ajeandalucia.org\/almeria\/#organization"},"image":{"@id":"https:\/\/ajeandalucia.org\/almeria\/2021\/01\/31\/reactivaje-iniciativa-empresarial-bases-del-concurso\/#primaryimage"},"thumbnailUrl":"https:\/\/ajeandalucia.org\/almeria\/wp-content\/uploads\/sites\/3\/2021\/01\/POST-WEB-ENTRADAS-940_788-3.png","keywords":["aje","aje almeria","aje andalucia","asociacion de j\u00f3venes empresarios","asociacion jovenes empresarios","asociacion jovenes empresarios almeria","asociada","asociado","asociarse aje","ayudas","emprendedor","emprendedores","emprendedores almeria","emprender","emprendimiento","emprendimiento almeria","emprendimiento mujeres","empresa","empresarios almer\u00eda","empresas almer\u00eda","empresas de almer\u00eda","esto no tiene que parar","j\u00f3venes empresarios","j\u00f3venes empresarios almer\u00eda","negocios en almeria","plan reactivaje","reactivacion economia","socio aje","socio aje almeria"],"articleSection":["Noticias"],"inLanguage":"es","potentialAction":[{"@type":"CommentAction","name":"Comment","target":["https:\/\/ajeandalucia.org\/almeria\/2021\/01\/31\/reactivaje-iniciativa-empresarial-bases-del-concurso\/#respond"]}]},{"@type":"WebPage","@id":"https:\/\/ajeandalucia.org\/almeria\/2021\/01\/31\/reactivaje-iniciativa-empresarial-bases-del-concurso\/","url":"https:\/\/ajeandalucia.org\/almeria\/2021\/01\/31\/reactivaje-iniciativa-empresarial-bases-del-concurso\/","name":"Reactivaje Iniciativa empresarial - Bases del concurso. - AJE Almer\u00eda","isPartOf":{"@id":"https:\/\/ajeandalucia.org\/almeria\/#website"},"primaryImageOfPage":{"@id":"https:\/\/ajeandalucia.org\/almeria\/2021\/01\/31\/reactivaje-iniciativa-empresarial-bases-del-concurso\/#primaryimage"},"image":{"@id":"https:\/\/ajeandalucia.org\/almeria\/2021\/01\/31\/reactivaje-iniciativa-empresarial-bases-del-concurso\/#primaryimage"},"thumbnailUrl":"https:\/\/ajeandalucia.org\/almeria\/wp-content\/uploads\/sites\/3\/2021\/01\/POST-WEB-ENTRADAS-940_788-3.png","datePublished":"2021-01-31T00:00:08+00:00","dateModified":"2021-01-31T23:55:25+00:00","description":"Parque Centro, es una empresa especializada en el sector inmobiliario desde 1975 situada en Roquetas de Mar y, su misi\u00f3n es adaptar este sector a las nuevas tendencias, realizando el lanzamiento de su primer espacio compartido de trabajo para aut\u00f3nomos, peque\u00f1os emprendedores y pymes, es decir, para ti.","breadcrumb":{"@id":"https:\/\/ajeandalucia.org\/almeria\/2021\/01\/31\/reactivaje-iniciativa-empresarial-bases-del-concurso\/#breadcrumb"},"inLanguage":"es","potentialAction":[{"@type":"ReadAction","target":["https:\/\/ajeandalucia.org\/almeria\/2021\/01\/31\/reactivaje-iniciativa-empresarial-bases-del-concurso\/"]}]},{"@type":"ImageObject","inLanguage":"es","@id":"https:\/\/ajeandalucia.org\/almeria\/2021\/01\/31\/reactivaje-iniciativa-empresarial-bases-del-concurso\/#primaryimage","url":"https:\/\/ajeandalucia.org\/almeria\/wp-content\/uploads\/sites\/3\/2021\/01\/POST-WEB-ENTRADAS-940_788-3.png","contentUrl":"https:\/\/ajeandalucia.org\/almeria\/wp-content\/uploads\/sites\/3\/2021\/01\/POST-WEB-ENTRADAS-940_788-3.png","width":940,"height":788},{"@type":"BreadcrumbList","@id":"https:\/\/ajeandalucia.org\/almeria\/2021\/01\/31\/reactivaje-iniciativa-empresarial-bases-del-concurso\/#breadcrumb","itemListElement":[{"@type":"ListItem","position":1,"name":"Portada","item":"https:\/\/ajeandalucia.org\/almeria\/"},{"@type":"ListItem","position":2,"name":"Reactivaje Iniciativa empresarial &#8211; Bases del concurso."}]},{"@type":"WebSite","@id":"https:\/\/ajeandalucia.org\/almeria\/#website","url":"https:\/\/ajeandalucia.org\/almeria\/","name":"AJE Almer\u00eda","description":"Otro sitio m\u00e1s de AJE Andaluc\u00eda","publisher":{"@id":"https:\/\/ajeandalucia.org\/almeria\/#organization"},"potentialAction":[{"@type":"SearchAction","target":{"@type":"EntryPoint","urlTemplate":"https:\/\/ajeandalucia.org\/almeria\/?s={search_term_string}"},"query-input":{"@type":"PropertyValueSpecification","valueRequired":true,"valueName":"search_term_string"}}],"inLanguage":"es"},{"@type":"Organization","@id":"https:\/\/ajeandalucia.org\/almeria\/#organization","name":"AJE Almer\u00eda","url":"https:\/\/ajeandalucia.org\/almeria\/","logo":{"@type":"ImageObject","inLanguage":"es","@id":"https:\/\/ajeandalucia.org\/almeria\/#\/schema\/logo\/image\/","url":"https:\/\/ajeandalucia.org\/almeria\/wp-content\/uploads\/sites\/3\/2025\/01\/AJE-ALMERIA-horizontal.png","contentUrl":"https:\/\/ajeandalucia.org\/almeria\/wp-content\/uploads\/sites\/3\/2025\/01\/AJE-ALMERIA-horizontal.png","width":605,"height":200,"caption":"AJE Almer\u00eda"},"image":{"@id":"https:\/\/ajeandalucia.org\/almeria\/#\/schema\/logo\/image\/"}},{"@type":"Person","@id":"https:\/\/ajeandalucia.org\/almeria\/#\/schema\/person\/9336ac50bc8c90053f6bf3b99e5c7d7b","name":"almeria","image":{"@type":"ImageObject","inLanguage":"es","@id":"https:\/\/ajeandalucia.org\/almeria\/#\/schema\/person\/image\/","url":"https:\/\/secure.gravatar.com\/avatar\/f5b6b7d37a8f964bd96d1a7752fc3160bb98a16a08fda2bb6fb3a80845dae5d6?s=96&d=mm&r=g","contentUrl":"https:\/\/secure.gravatar.com\/avatar\/f5b6b7d37a8f964bd96d1a7752fc3160bb98a16a08fda2bb6fb3a80845dae5d6?s=96&d=mm&r=g","caption":"almeria"},"sameAs":["http:\/\/www.ajealmeria.org\/"],"url":"https:\/\/ajeandalucia.org\/almeria\/author\/almeria\/"}]}},"_links":{"self":[{"href":"https:\/\/ajeandalucia.org\/almeria\/wp-json\/wp\/v2\/posts\/2220","targetHints":{"allow":["GET"]}}],"collection":[{"href":"https:\/\/ajeandalucia.org\/almeria\/wp-json\/wp\/v2\/posts"}],"about":[{"href":"https:\/\/ajeandalucia.org\/almeria\/wp-json\/wp\/v2\/types\/post"}],"author":[{"embeddable":true,"href":"https:\/\/ajeandalucia.org\/almeria\/wp-json\/wp\/v2\/users\/3"}],"replies":[{"embeddable":true,"href":"https:\/\/ajeandalucia.org\/almeria\/wp-json\/wp\/v2\/comments?post=2220"}],"version-history":[{"count":2,"href":"https:\/\/ajeandalucia.org\/almeria\/wp-json\/wp\/v2\/posts\/2220\/revisions"}],"predecessor-version":[{"id":2222,"href":"https:\/\/ajeandalucia.org\/almeria\/wp-json\/wp\/v2\/posts\/2220\/revisions\/2222"}],"wp:featuredmedia":[{"embeddable":true,"href":"https:\/\/ajeandalucia.org\/almeria\/wp-json\/wp\/v2\/media\/2223"}],"wp:attachment":[{"href":"https:\/\/ajeandalucia.org\/almeria\/wp-json\/wp\/v2\/media?parent=2220"}],"wp:term":[{"taxonomy":"category","embeddable":true,"href":"https:\/\/ajeandalucia.org\/almeria\/wp-json\/wp\/v2\/categories?post=2220"},{"taxonomy":"post_tag","embeddable":true,"href":"https:\/\/ajeandalucia.org\/almeria\/wp-json\/wp\/v2\/tags?post=2220"}],"curies":[{"name":"wp","href":"https:\/\/api.w.org\/{rel}","templated":true}]}}