{"id":2530,"date":"2021-10-08T10:57:39","date_gmt":"2021-10-08T10:57:39","guid":{"rendered":"https:\/\/www.ajeandalucia.org\/almeria\/?p=2530"},"modified":"2021-10-08T10:59:26","modified_gmt":"2021-10-08T10:59:26","slug":"los-premios-aje-2021-reconocen-a-las-empresas-mas-destacadas","status":"publish","type":"post","link":"https:\/\/ajeandalucia.org\/almeria\/2021\/10\/08\/los-premios-aje-2021-reconocen-a-las-empresas-mas-destacadas\/","title":{"rendered":"Los Premios AJE 2021 reconocen a las empresas m\u00e1s destacadas"},"content":{"rendered":"<p><strong>VetaM\u00e1rmol y Ecoinver<\/strong> fueron los ganadores de la noche, que representar\u00e1n a AJE a nivel andaluz<\/p>\n<p>La <strong>Asociaci\u00f3n de J\u00f3venes Empresarios (AJE) de Almer\u00eda<\/strong> vuelve a retomar sus <strong>Premios AJE<\/strong> justo en el a\u00f1o en el que est\u00e1 celebrando un cuarto de siglo de vida. La entidad organiz\u00f3 una ceremonia por todo lo alto en el Teatro Cervantes que tuvo lugar el pasado jueves, 7 de octubre: \u201cHemos tenido unos excelentes premiados y unos excelentes finalistas, as\u00ed como unas magn\u00edficas menciones especiales que, con much\u00edsimo cari\u00f1o, AJE otorga a personas o entidades que contribuyen al desarrollo de la sociedad almeriense y que nos hacen a todos m\u00e1s felices\u201d, destac\u00f3 Jos\u00e9 Gonz\u00e1lez, presidente de AJE Almer\u00eda.<\/p>\n<h5><strong>Premiados <\/strong><\/h5>\n<p>Durante la gala, celebrada bajo el lema <strong>\u201cEl camino es el reto\u201d<\/strong> y conducida por la presentadora, Ana M\u00e1rquez, se sucedieron los reconocimientos a algunas de las empresas m\u00e1s destacadas de este 2021 que, adem\u00e1s, representar\u00e1n a AJE Almer\u00eda a nivel andaluz en los premios auton\u00f3micos.<br \/>\nEl Premio en la categor\u00eda de <strong>Iniciativa Emprendedora<\/strong> fue para <strong>VetaM\u00e1rmol:<\/strong> \u201cQuiero agradecer este premio en nombre de todas las personas que forman VetaM\u00e1rmol, nos hace much\u00edsima ilusi\u00f3n y es una gran ayuda para nosotros\u201d, asegur\u00f3 Laura L\u00e1zaro, de VetaM\u00e1rmol, tras recoger el premio de manos de Manuel de la Fuente Arias, Subdelegado de Gobierno de Almer\u00eda.<\/p>\n<p>El galard\u00f3n en la <strong>categor\u00eda de Trayectoria Empresarial<\/strong> recay\u00f3 en <strong>Ecoinver<\/strong>: \u201cQuiero dar las gracias a AJE por poner en valor a las personas que deciden montar una empresa\u201d, apunt\u00f3 Daniel Segura, director Financiero de Ecoinver, tras recibir el premio de manos de Elo\u00edsa Cabrera, delegada de Cultura y Fomento de la Junta de Andaluc\u00eda en Almer\u00eda.<\/p>\n<p>En el evento tambi\u00e9n se entregaron los d<strong>istintivos a los ganadores del 2020<\/strong>, y es que, pese a no haber podido celebrar por aquel entonces esta gala, s\u00ed hubo premiados que ahora recibir\u00e1n su merecido homenaje. De este modo, <strong>TuFisio<\/strong> obtuvo el galard\u00f3n de Iniciativa Emprendedora 2020 y <strong>Muebles Mago<\/strong> el de Trayectoria Empresarial 2020.<\/p>\n<h5><strong>Menciones <\/strong><\/h5>\n<p>La gala cont\u00f3 con el <strong>patrocinio de Cajamar, La Voz de Almer\u00eda, Microdata e Indaldynamic<\/strong>, y varios de sus representantes entregaron algunas menciones especiales que la organizaci\u00f3n ha querido llevar a cabo. As\u00ed, la <strong>Asociaci\u00f3n Provincial de Empresarios de Hosteler\u00eda de Almer\u00eda (ASHAL)<\/strong>, <strong>#ObjetivoAlmer\u00edaAVE<\/strong>, iniciativa de la <strong>C\u00e1mara de Comercio de Almer\u00eda<\/strong> para la llegada de la alta velocidad a la provincia, o <strong>Miguel \u00c1ngel Montoya<\/strong>, socio con m\u00e1s antig\u00fcedad de AJE Almer\u00eda, obtuvieron el reconocimiento de toda la asociaci\u00f3n.<\/p>\n<p>La gala estuvo amenizada por la m\u00fasica del grupo <strong>Generaci\u00f3n Beta<\/strong> y el humor del monologuista <strong>Alvarito<\/strong> y, adem\u00e1s, fueron varios los representantes institucionales presentes. Entre ellos, Javier Aureliano Garc\u00eda, presidente de la Excma. Diputaci\u00f3n Provincial de Almer\u00eda, Mar\u00eda V\u00e1zquez, alcaldesa accidental del Excmo. Ayuntamiento de Almer\u00eda y Mar\u00eda del Carmen Poyato L\u00f3pez, directora General del Instituto Andaluz de la Juventud. Tras la ceremonia, se llev\u00f3 a cabo un c\u00f3ctel entre los presentes que puso el punto y final a una noche muy esperada por AJE Almer\u00eda con estos Premios tan especiales.<\/p>\n","protected":false},"excerpt":{"rendered":"<p>VetaM\u00e1rmol y Ecoinver fueron los ganadores de la noche, que representar\u00e1n a AJE a nivel andaluz La Asociaci\u00f3n de J\u00f3venes [&hellip;]<\/p>\n","protected":false},"author":3,"featured_media":2532,"comment_status":"open","ping_status":"open","sticky":false,"template":"","format":"standard","meta":{"_acf_changed":false,"site-sidebar-layout":"default","site-content-layout":"","ast-site-content-layout":"default","site-content-style":"default","site-sidebar-style":"default","ast-global-header-display":"","ast-banner-title-visibility":"","ast-main-header-display":"","ast-hfb-above-header-display":"","ast-hfb-below-header-display":"","ast-hfb-mobile-header-display":"","site-post-title":"","ast-breadcrumbs-content":"","ast-featured-img":"","footer-sml-layout":"","ast-disable-related-posts":"","theme-transparent-header-meta":"","adv-header-id-meta":"","stick-header-meta":"","header-above-stick-meta":"","header-main-stick-meta":"","header-below-stick-meta":"","astra-migrate-meta-layouts":"default","ast-page-background-enabled":"default","ast-page-background-meta":{"desktop":{"background-color":"var(--ast-global-color-5)","background-image":"","background-repeat":"repeat","background-position":"center center","background-size":"auto","background-attachment":"scroll","background-type":"","background-media":"","overlay-type":"","overlay-color":"","overlay-opacity":"","overlay-gradient":""},"tablet":{"background-color":"","background-image":"","background-repeat":"repeat","background-position":"center center","background-size":"auto","background-attachment":"scroll","background-type":"","background-media":"","overlay-type":"","overlay-color":"","overlay-opacity":"","overlay-gradient":""},"mobile":{"background-color":"","background-image":"","background-repeat":"repeat","background-position":"center center","background-size":"auto","background-attachment":"scroll","background-type":"","background-media":"","overlay-type":"","overlay-color":"","overlay-opacity":"","overlay-gradient":""}},"ast-content-background-meta":{"desktop":{"background-color":"var(--ast-global-color-4)","background-image":"","background-repeat":"repeat","background-position":"center center","background-size":"auto","background-attachment":"scroll","background-type":"","background-media":"","overlay-type":"","overlay-color":"","overlay-opacity":"","overlay-gradient":""},"tablet":{"background-color":"var(--ast-global-color-4)","background-image":"","background-repeat":"repeat","background-position":"center center","background-size":"auto","background-attachment":"scroll","background-type":"","background-media":"","overlay-type":"","overlay-color":"","overlay-opacity":"","overlay-gradient":""},"mobile":{"background-color":"var(--ast-global-color-4)","background-image":"","background-repeat":"repeat","background-position":"center center","background-size":"auto","background-attachment":"scroll","background-type":"","background-media":"","overlay-type":"","overlay-color":"","overlay-opacity":"","overlay-gradient":""}},"footnotes":""},"categories":[8],"tags":[78,205,30,31,202,204,203,206],"class_list":["post-2530","post","type-post","status-publish","format-standard","has-post-thumbnail","hentry","category-noticias","tag-asociacion-de-jovenes-empresarios","tag-ecoinver","tag-emprendedores","tag-empresarios","tag-premiosaje","tag-premiosaje2021","tag-premiosajealmeria","tag-vetamarmol"],"acf":[],"yoast_head":"<!-- This site is optimized with the Yoast SEO plugin v26.9 - https:\/\/yoast.com\/product\/yoast-seo-wordpress\/ -->\n<title>Los Premios AJE 2021 reconocen a las empresas m\u00e1s destacadas - AJE Almer\u00eda<\/title>\n<meta name=\"robots\" content=\"index, follow, max-snippet:-1, max-image-preview:large, max-video-preview:-1\" \/>\n<link rel=\"canonical\" href=\"https:\/\/ajeandalucia.org\/almeria\/2021\/10\/08\/los-premios-aje-2021-reconocen-a-las-empresas-mas-destacadas\/\" \/>\n<meta property=\"og:locale\" content=\"es_ES\" \/>\n<meta property=\"og:type\" content=\"article\" \/>\n<meta property=\"og:title\" content=\"Los Premios AJE 2021 reconocen a las empresas m\u00e1s destacadas - AJE Almer\u00eda\" \/>\n<meta property=\"og:description\" content=\"VetaM\u00e1rmol y Ecoinver fueron los ganadores de la noche, que representar\u00e1n a AJE a nivel andaluz La Asociaci\u00f3n de J\u00f3venes [&hellip;]\" \/>\n<meta property=\"og:url\" content=\"https:\/\/ajeandalucia.org\/almeria\/2021\/10\/08\/los-premios-aje-2021-reconocen-a-las-empresas-mas-destacadas\/\" \/>\n<meta property=\"og:site_name\" content=\"AJE Almer\u00eda\" \/>\n<meta property=\"article:published_time\" content=\"2021-10-08T10:57:39+00:00\" \/>\n<meta property=\"article:modified_time\" content=\"2021-10-08T10:59:26+00:00\" \/>\n<meta property=\"og:image\" content=\"https:\/\/ajeandalucia.org\/almeria\/wp-content\/uploads\/sites\/3\/2021\/10\/OK-GALA-AJE128.jpg\" \/>\n\t<meta property=\"og:image:width\" content=\"3922\" \/>\n\t<meta property=\"og:image:height\" content=\"2609\" \/>\n\t<meta property=\"og:image:type\" content=\"image\/jpeg\" \/>\n<meta name=\"author\" content=\"almeria\" \/>\n<meta name=\"twitter:card\" content=\"summary_large_image\" \/>\n<meta name=\"twitter:label1\" content=\"Escrito por\" \/>\n\t<meta name=\"twitter:data1\" content=\"almeria\" \/>\n\t<meta name=\"twitter:label2\" content=\"Tiempo de lectura\" \/>\n\t<meta name=\"twitter:data2\" content=\"3 minutos\" \/>\n<script type=\"application\/ld+json\" class=\"yoast-schema-graph\">{\"@context\":\"https:\/\/schema.org\",\"@graph\":[{\"@type\":\"Article\",\"@id\":\"https:\/\/ajeandalucia.org\/almeria\/2021\/10\/08\/los-premios-aje-2021-reconocen-a-las-empresas-mas-destacadas\/#article\",\"isPartOf\":{\"@id\":\"https:\/\/ajeandalucia.org\/almeria\/2021\/10\/08\/los-premios-aje-2021-reconocen-a-las-empresas-mas-destacadas\/\"},\"author\":{\"name\":\"almeria\",\"@id\":\"https:\/\/ajeandalucia.org\/almeria\/#\/schema\/person\/9336ac50bc8c90053f6bf3b99e5c7d7b\"},\"headline\":\"Los Premios AJE 2021 reconocen a las empresas m\u00e1s destacadas\",\"datePublished\":\"2021-10-08T10:57:39+00:00\",\"dateModified\":\"2021-10-08T10:59:26+00:00\",\"mainEntityOfPage\":{\"@id\":\"https:\/\/ajeandalucia.org\/almeria\/2021\/10\/08\/los-premios-aje-2021-reconocen-a-las-empresas-mas-destacadas\/\"},\"wordCount\":568,\"commentCount\":0,\"publisher\":{\"@id\":\"https:\/\/ajeandalucia.org\/almeria\/#organization\"},\"image\":{\"@id\":\"https:\/\/ajeandalucia.org\/almeria\/2021\/10\/08\/los-premios-aje-2021-reconocen-a-las-empresas-mas-destacadas\/#primaryimage\"},\"thumbnailUrl\":\"https:\/\/ajeandalucia.org\/almeria\/wp-content\/uploads\/sites\/3\/2021\/10\/OK-GALA-AJE128.jpg\",\"keywords\":[\"asociacion de j\u00f3venes empresarios\",\"ecoinver\",\"emprendedores\",\"empresarios\",\"premiosaje\",\"PremiosAJE2021\",\"PremiosAJEAlmer\u00eda\",\"vetamarmol\"],\"articleSection\":[\"Noticias\"],\"inLanguage\":\"es\",\"potentialAction\":[{\"@type\":\"CommentAction\",\"name\":\"Comment\",\"target\":[\"https:\/\/ajeandalucia.org\/almeria\/2021\/10\/08\/los-premios-aje-2021-reconocen-a-las-empresas-mas-destacadas\/#respond\"]}]},{\"@type\":\"WebPage\",\"@id\":\"https:\/\/ajeandalucia.org\/almeria\/2021\/10\/08\/los-premios-aje-2021-reconocen-a-las-empresas-mas-destacadas\/\",\"url\":\"https:\/\/ajeandalucia.org\/almeria\/2021\/10\/08\/los-premios-aje-2021-reconocen-a-las-empresas-mas-destacadas\/\",\"name\":\"Los Premios AJE 2021 reconocen a las empresas m\u00e1s destacadas - AJE Almer\u00eda\",\"isPartOf\":{\"@id\":\"https:\/\/ajeandalucia.org\/almeria\/#website\"},\"primaryImageOfPage\":{\"@id\":\"https:\/\/ajeandalucia.org\/almeria\/2021\/10\/08\/los-premios-aje-2021-reconocen-a-las-empresas-mas-destacadas\/#primaryimage\"},\"image\":{\"@id\":\"https:\/\/ajeandalucia.org\/almeria\/2021\/10\/08\/los-premios-aje-2021-reconocen-a-las-empresas-mas-destacadas\/#primaryimage\"},\"thumbnailUrl\":\"https:\/\/ajeandalucia.org\/almeria\/wp-content\/uploads\/sites\/3\/2021\/10\/OK-GALA-AJE128.jpg\",\"datePublished\":\"2021-10-08T10:57:39+00:00\",\"dateModified\":\"2021-10-08T10:59:26+00:00\",\"breadcrumb\":{\"@id\":\"https:\/\/ajeandalucia.org\/almeria\/2021\/10\/08\/los-premios-aje-2021-reconocen-a-las-empresas-mas-destacadas\/#breadcrumb\"},\"inLanguage\":\"es\",\"potentialAction\":[{\"@type\":\"ReadAction\",\"target\":[\"https:\/\/ajeandalucia.org\/almeria\/2021\/10\/08\/los-premios-aje-2021-reconocen-a-las-empresas-mas-destacadas\/\"]}]},{\"@type\":\"ImageObject\",\"inLanguage\":\"es\",\"@id\":\"https:\/\/ajeandalucia.org\/almeria\/2021\/10\/08\/los-premios-aje-2021-reconocen-a-las-empresas-mas-destacadas\/#primaryimage\",\"url\":\"https:\/\/ajeandalucia.org\/almeria\/wp-content\/uploads\/sites\/3\/2021\/10\/OK-GALA-AJE128.jpg\",\"contentUrl\":\"https:\/\/ajeandalucia.org\/almeria\/wp-content\/uploads\/sites\/3\/2021\/10\/OK-GALA-AJE128.jpg\",\"width\":3922,\"height\":2609},{\"@type\":\"BreadcrumbList\",\"@id\":\"https:\/\/ajeandalucia.org\/almeria\/2021\/10\/08\/los-premios-aje-2021-reconocen-a-las-empresas-mas-destacadas\/#breadcrumb\",\"itemListElement\":[{\"@type\":\"ListItem\",\"position\":1,\"name\":\"Portada\",\"item\":\"https:\/\/ajeandalucia.org\/almeria\/\"},{\"@type\":\"ListItem\",\"position\":2,\"name\":\"Los Premios AJE 2021 reconocen a las empresas m\u00e1s destacadas\"}]},{\"@type\":\"WebSite\",\"@id\":\"https:\/\/ajeandalucia.org\/almeria\/#website\",\"url\":\"https:\/\/ajeandalucia.org\/almeria\/\",\"name\":\"AJE Almer\u00eda\",\"description\":\"Otro sitio m\u00e1s de AJE Andaluc\u00eda\",\"publisher\":{\"@id\":\"https:\/\/ajeandalucia.org\/almeria\/#organization\"},\"potentialAction\":[{\"@type\":\"SearchAction\",\"target\":{\"@type\":\"EntryPoint\",\"urlTemplate\":\"https:\/\/ajeandalucia.org\/almeria\/?s={search_term_string}\"},\"query-input\":{\"@type\":\"PropertyValueSpecification\",\"valueRequired\":true,\"valueName\":\"search_term_string\"}}],\"inLanguage\":\"es\"},{\"@type\":\"Organization\",\"@id\":\"https:\/\/ajeandalucia.org\/almeria\/#organization\",\"name\":\"AJE Almer\u00eda\",\"url\":\"https:\/\/ajeandalucia.org\/almeria\/\",\"logo\":{\"@type\":\"ImageObject\",\"inLanguage\":\"es\",\"@id\":\"https:\/\/ajeandalucia.org\/almeria\/#\/schema\/logo\/image\/\",\"url\":\"https:\/\/ajeandalucia.org\/almeria\/wp-content\/uploads\/sites\/3\/2025\/01\/AJE-ALMERIA-horizontal.png\",\"contentUrl\":\"https:\/\/ajeandalucia.org\/almeria\/wp-content\/uploads\/sites\/3\/2025\/01\/AJE-ALMERIA-horizontal.png\",\"width\":605,\"height\":200,\"caption\":\"AJE Almer\u00eda\"},\"image\":{\"@id\":\"https:\/\/ajeandalucia.org\/almeria\/#\/schema\/logo\/image\/\"}},{\"@type\":\"Person\",\"@id\":\"https:\/\/ajeandalucia.org\/almeria\/#\/schema\/person\/9336ac50bc8c90053f6bf3b99e5c7d7b\",\"name\":\"almeria\",\"image\":{\"@type\":\"ImageObject\",\"inLanguage\":\"es\",\"@id\":\"https:\/\/ajeandalucia.org\/almeria\/#\/schema\/person\/image\/\",\"url\":\"https:\/\/secure.gravatar.com\/avatar\/f5b6b7d37a8f964bd96d1a7752fc3160bb98a16a08fda2bb6fb3a80845dae5d6?s=96&d=mm&r=g\",\"contentUrl\":\"https:\/\/secure.gravatar.com\/avatar\/f5b6b7d37a8f964bd96d1a7752fc3160bb98a16a08fda2bb6fb3a80845dae5d6?s=96&d=mm&r=g\",\"caption\":\"almeria\"},\"sameAs\":[\"http:\/\/www.ajealmeria.org\/\"],\"url\":\"https:\/\/ajeandalucia.org\/almeria\/author\/almeria\/\"}]}<\/script>\n<!-- \/ Yoast SEO plugin. -->","yoast_head_json":{"title":"Los Premios AJE 2021 reconocen a las empresas m\u00e1s destacadas - AJE Almer\u00eda","robots":{"index":"index","follow":"follow","max-snippet":"max-snippet:-1","max-image-preview":"max-image-preview:large","max-video-preview":"max-video-preview:-1"},"canonical":"https:\/\/ajeandalucia.org\/almeria\/2021\/10\/08\/los-premios-aje-2021-reconocen-a-las-empresas-mas-destacadas\/","og_locale":"es_ES","og_type":"article","og_title":"Los Premios AJE 2021 reconocen a las empresas m\u00e1s destacadas - AJE Almer\u00eda","og_description":"VetaM\u00e1rmol y Ecoinver fueron los ganadores de la noche, que representar\u00e1n a AJE a nivel andaluz La Asociaci\u00f3n de J\u00f3venes [&hellip;]","og_url":"https:\/\/ajeandalucia.org\/almeria\/2021\/10\/08\/los-premios-aje-2021-reconocen-a-las-empresas-mas-destacadas\/","og_site_name":"AJE Almer\u00eda","article_published_time":"2021-10-08T10:57:39+00:00","article_modified_time":"2021-10-08T10:59:26+00:00","og_image":[{"width":3922,"height":2609,"url":"https:\/\/ajeandalucia.org\/almeria\/wp-content\/uploads\/sites\/3\/2021\/10\/OK-GALA-AJE128.jpg","type":"image\/jpeg"}],"author":"almeria","twitter_card":"summary_large_image","twitter_misc":{"Escrito por":"almeria","Tiempo de lectura":"3 minutos"},"schema":{"@context":"https:\/\/schema.org","@graph":[{"@type":"Article","@id":"https:\/\/ajeandalucia.org\/almeria\/2021\/10\/08\/los-premios-aje-2021-reconocen-a-las-empresas-mas-destacadas\/#article","isPartOf":{"@id":"https:\/\/ajeandalucia.org\/almeria\/2021\/10\/08\/los-premios-aje-2021-reconocen-a-las-empresas-mas-destacadas\/"},"author":{"name":"almeria","@id":"https:\/\/ajeandalucia.org\/almeria\/#\/schema\/person\/9336ac50bc8c90053f6bf3b99e5c7d7b"},"headline":"Los Premios AJE 2021 reconocen a las empresas m\u00e1s destacadas","datePublished":"2021-10-08T10:57:39+00:00","dateModified":"2021-10-08T10:59:26+00:00","mainEntityOfPage":{"@id":"https:\/\/ajeandalucia.org\/almeria\/2021\/10\/08\/los-premios-aje-2021-reconocen-a-las-empresas-mas-destacadas\/"},"wordCount":568,"commentCount":0,"publisher":{"@id":"https:\/\/ajeandalucia.org\/almeria\/#organization"},"image":{"@id":"https:\/\/ajeandalucia.org\/almeria\/2021\/10\/08\/los-premios-aje-2021-reconocen-a-las-empresas-mas-destacadas\/#primaryimage"},"thumbnailUrl":"https:\/\/ajeandalucia.org\/almeria\/wp-content\/uploads\/sites\/3\/2021\/10\/OK-GALA-AJE128.jpg","keywords":["asociacion de j\u00f3venes empresarios","ecoinver","emprendedores","empresarios","premiosaje","PremiosAJE2021","PremiosAJEAlmer\u00eda","vetamarmol"],"articleSection":["Noticias"],"inLanguage":"es","potentialAction":[{"@type":"CommentAction","name":"Comment","target":["https:\/\/ajeandalucia.org\/almeria\/2021\/10\/08\/los-premios-aje-2021-reconocen-a-las-empresas-mas-destacadas\/#respond"]}]},{"@type":"WebPage","@id":"https:\/\/ajeandalucia.org\/almeria\/2021\/10\/08\/los-premios-aje-2021-reconocen-a-las-empresas-mas-destacadas\/","url":"https:\/\/ajeandalucia.org\/almeria\/2021\/10\/08\/los-premios-aje-2021-reconocen-a-las-empresas-mas-destacadas\/","name":"Los Premios AJE 2021 reconocen a las empresas m\u00e1s destacadas - AJE Almer\u00eda","isPartOf":{"@id":"https:\/\/ajeandalucia.org\/almeria\/#website"},"primaryImageOfPage":{"@id":"https:\/\/ajeandalucia.org\/almeria\/2021\/10\/08\/los-premios-aje-2021-reconocen-a-las-empresas-mas-destacadas\/#primaryimage"},"image":{"@id":"https:\/\/ajeandalucia.org\/almeria\/2021\/10\/08\/los-premios-aje-2021-reconocen-a-las-empresas-mas-destacadas\/#primaryimage"},"thumbnailUrl":"https:\/\/ajeandalucia.org\/almeria\/wp-content\/uploads\/sites\/3\/2021\/10\/OK-GALA-AJE128.jpg","datePublished":"2021-10-08T10:57:39+00:00","dateModified":"2021-10-08T10:59:26+00:00","breadcrumb":{"@id":"https:\/\/ajeandalucia.org\/almeria\/2021\/10\/08\/los-premios-aje-2021-reconocen-a-las-empresas-mas-destacadas\/#breadcrumb"},"inLanguage":"es","potentialAction":[{"@type":"ReadAction","target":["https:\/\/ajeandalucia.org\/almeria\/2021\/10\/08\/los-premios-aje-2021-reconocen-a-las-empresas-mas-destacadas\/"]}]},{"@type":"ImageObject","inLanguage":"es","@id":"https:\/\/ajeandalucia.org\/almeria\/2021\/10\/08\/los-premios-aje-2021-reconocen-a-las-empresas-mas-destacadas\/#primaryimage","url":"https:\/\/ajeandalucia.org\/almeria\/wp-content\/uploads\/sites\/3\/2021\/10\/OK-GALA-AJE128.jpg","contentUrl":"https:\/\/ajeandalucia.org\/almeria\/wp-content\/uploads\/sites\/3\/2021\/10\/OK-GALA-AJE128.jpg","width":3922,"height":2609},{"@type":"BreadcrumbList","@id":"https:\/\/ajeandalucia.org\/almeria\/2021\/10\/08\/los-premios-aje-2021-reconocen-a-las-empresas-mas-destacadas\/#breadcrumb","itemListElement":[{"@type":"ListItem","position":1,"name":"Portada","item":"https:\/\/ajeandalucia.org\/almeria\/"},{"@type":"ListItem","position":2,"name":"Los Premios AJE 2021 reconocen a las empresas m\u00e1s destacadas"}]},{"@type":"WebSite","@id":"https:\/\/ajeandalucia.org\/almeria\/#website","url":"https:\/\/ajeandalucia.org\/almeria\/","name":"AJE Almer\u00eda","description":"Otro sitio m\u00e1s de AJE Andaluc\u00eda","publisher":{"@id":"https:\/\/ajeandalucia.org\/almeria\/#organization"},"potentialAction":[{"@type":"SearchAction","target":{"@type":"EntryPoint","urlTemplate":"https:\/\/ajeandalucia.org\/almeria\/?s={search_term_string}"},"query-input":{"@type":"PropertyValueSpecification","valueRequired":true,"valueName":"search_term_string"}}],"inLanguage":"es"},{"@type":"Organization","@id":"https:\/\/ajeandalucia.org\/almeria\/#organization","name":"AJE Almer\u00eda","url":"https:\/\/ajeandalucia.org\/almeria\/","logo":{"@type":"ImageObject","inLanguage":"es","@id":"https:\/\/ajeandalucia.org\/almeria\/#\/schema\/logo\/image\/","url":"https:\/\/ajeandalucia.org\/almeria\/wp-content\/uploads\/sites\/3\/2025\/01\/AJE-ALMERIA-horizontal.png","contentUrl":"https:\/\/ajeandalucia.org\/almeria\/wp-content\/uploads\/sites\/3\/2025\/01\/AJE-ALMERIA-horizontal.png","width":605,"height":200,"caption":"AJE Almer\u00eda"},"image":{"@id":"https:\/\/ajeandalucia.org\/almeria\/#\/schema\/logo\/image\/"}},{"@type":"Person","@id":"https:\/\/ajeandalucia.org\/almeria\/#\/schema\/person\/9336ac50bc8c90053f6bf3b99e5c7d7b","name":"almeria","image":{"@type":"ImageObject","inLanguage":"es","@id":"https:\/\/ajeandalucia.org\/almeria\/#\/schema\/person\/image\/","url":"https:\/\/secure.gravatar.com\/avatar\/f5b6b7d37a8f964bd96d1a7752fc3160bb98a16a08fda2bb6fb3a80845dae5d6?s=96&d=mm&r=g","contentUrl":"https:\/\/secure.gravatar.com\/avatar\/f5b6b7d37a8f964bd96d1a7752fc3160bb98a16a08fda2bb6fb3a80845dae5d6?s=96&d=mm&r=g","caption":"almeria"},"sameAs":["http:\/\/www.ajealmeria.org\/"],"url":"https:\/\/ajeandalucia.org\/almeria\/author\/almeria\/"}]}},"_links":{"self":[{"href":"https:\/\/ajeandalucia.org\/almeria\/wp-json\/wp\/v2\/posts\/2530","targetHints":{"allow":["GET"]}}],"collection":[{"href":"https:\/\/ajeandalucia.org\/almeria\/wp-json\/wp\/v2\/posts"}],"about":[{"href":"https:\/\/ajeandalucia.org\/almeria\/wp-json\/wp\/v2\/types\/post"}],"author":[{"embeddable":true,"href":"https:\/\/ajeandalucia.org\/almeria\/wp-json\/wp\/v2\/users\/3"}],"replies":[{"embeddable":true,"href":"https:\/\/ajeandalucia.org\/almeria\/wp-json\/wp\/v2\/comments?post=2530"}],"version-history":[{"count":3,"href":"https:\/\/ajeandalucia.org\/almeria\/wp-json\/wp\/v2\/posts\/2530\/revisions"}],"predecessor-version":[{"id":2535,"href":"https:\/\/ajeandalucia.org\/almeria\/wp-json\/wp\/v2\/posts\/2530\/revisions\/2535"}],"wp:featuredmedia":[{"embeddable":true,"href":"https:\/\/ajeandalucia.org\/almeria\/wp-json\/wp\/v2\/media\/2532"}],"wp:attachment":[{"href":"https:\/\/ajeandalucia.org\/almeria\/wp-json\/wp\/v2\/media?parent=2530"}],"wp:term":[{"taxonomy":"category","embeddable":true,"href":"https:\/\/ajeandalucia.org\/almeria\/wp-json\/wp\/v2\/categories?post=2530"},{"taxonomy":"post_tag","embeddable":true,"href":"https:\/\/ajeandalucia.org\/almeria\/wp-json\/wp\/v2\/tags?post=2530"}],"curies":[{"name":"wp","href":"https:\/\/api.w.org\/{rel}","templated":true}]}}