{"id":2588,"date":"2022-02-08T12:57:20","date_gmt":"2022-02-08T12:57:20","guid":{"rendered":"https:\/\/www.ajeandalucia.org\/almeria\/?p=2588"},"modified":"2022-02-08T12:57:20","modified_gmt":"2022-02-08T12:57:20","slug":"aje-almeria-publica-su-anuario-correspondiente-al-ejercicio-de-2021","status":"publish","type":"post","link":"https:\/\/ajeandalucia.org\/almeria\/2022\/02\/08\/aje-almeria-publica-su-anuario-correspondiente-al-ejercicio-de-2021\/","title":{"rendered":"AJE Almer\u00eda publica su anuario correspondiente al ejercicio de 2021"},"content":{"rendered":"<p>El a\u00f1o no ha hecho m\u00e1s que comenzar y, con \u00e9l, la Asociaci\u00f3n de J\u00f3venes Empresarios de Almer\u00eda publica el anuario correspondiente al ejercicio de 2021. En el documento encontrar\u00e1s toda la informaci\u00f3n sobre la labor realizada durante el pasado a\u00f1o.<\/p>\n<p>Entre sus p\u00e1ginas podr\u00e1s descubrir datos referentes a Colaboradores, Junta Directiva, eventos realizados durante 2021 y todas las noticias sobre AJE Almer\u00eda publicadas en prensa. Pincha <a href=\"https:\/\/issuu.com\/ajealmeria\/docs\/anuario_2021\" target=\"_blank\" rel=\"noopener\">aqu\u00ed<\/a> para ver el anuario completo.<\/p>\n","protected":false},"excerpt":{"rendered":"<p>El a\u00f1o no ha hecho m\u00e1s que comenzar y, con \u00e9l, la Asociaci\u00f3n de J\u00f3venes Empresarios de Almer\u00eda publica el [&hellip;]<\/p>\n","protected":false},"author":3,"featured_media":2589,"comment_status":"open","ping_status":"open","sticky":false,"template":"","format":"standard","meta":{"_acf_changed":false,"site-sidebar-layout":"default","site-content-layout":"","ast-site-content-layout":"default","site-content-style":"default","site-sidebar-style":"default","ast-global-header-display":"","ast-banner-title-visibility":"","ast-main-header-display":"","ast-hfb-above-header-display":"","ast-hfb-below-header-display":"","ast-hfb-mobile-header-display":"","site-post-title":"","ast-breadcrumbs-content":"","ast-featured-img":"","footer-sml-layout":"","ast-disable-related-posts":"","theme-transparent-header-meta":"","adv-header-id-meta":"","stick-header-meta":"","header-above-stick-meta":"","header-main-stick-meta":"","header-below-stick-meta":"","astra-migrate-meta-layouts":"default","ast-page-background-enabled":"default","ast-page-background-meta":{"desktop":{"background-color":"var(--ast-global-color-5)","background-image":"","background-repeat":"repeat","background-position":"center center","background-size":"auto","background-attachment":"scroll","background-type":"","background-media":"","overlay-type":"","overlay-color":"","overlay-opacity":"","overlay-gradient":""},"tablet":{"background-color":"","background-image":"","background-repeat":"repeat","background-position":"center center","background-size":"auto","background-attachment":"scroll","background-type":"","background-media":"","overlay-type":"","overlay-color":"","overlay-opacity":"","overlay-gradient":""},"mobile":{"background-color":"","background-image":"","background-repeat":"repeat","background-position":"center center","background-size":"auto","background-attachment":"scroll","background-type":"","background-media":"","overlay-type":"","overlay-color":"","overlay-opacity":"","overlay-gradient":""}},"ast-content-background-meta":{"desktop":{"background-color":"var(--ast-global-color-4)","background-image":"","background-repeat":"repeat","background-position":"center center","background-size":"auto","background-attachment":"scroll","background-type":"","background-media":"","overlay-type":"","overlay-color":"","overlay-opacity":"","overlay-gradient":""},"tablet":{"background-color":"var(--ast-global-color-4)","background-image":"","background-repeat":"repeat","background-position":"center center","background-size":"auto","background-attachment":"scroll","background-type":"","background-media":"","overlay-type":"","overlay-color":"","overlay-opacity":"","overlay-gradient":""},"mobile":{"background-color":"var(--ast-global-color-4)","background-image":"","background-repeat":"repeat","background-position":"center center","background-size":"auto","background-attachment":"scroll","background-type":"","background-media":"","overlay-type":"","overlay-color":"","overlay-opacity":"","overlay-gradient":""}},"footnotes":""},"categories":[8],"tags":[60,27,220,78,88],"class_list":["post-2588","post","type-post","status-publish","format-standard","has-post-thumbnail","hentry","category-noticias","tag-aje","tag-aje-almeria","tag-anuario","tag-asociacion-de-jovenes-empresarios","tag-asociacion-jovenes-empresarios-almeria"],"acf":[],"yoast_head":"<!-- This site is optimized with the Yoast SEO plugin v26.9 - https:\/\/yoast.com\/product\/yoast-seo-wordpress\/ -->\n<title>AJE Almer\u00eda publica su anuario correspondiente al ejercicio de 2021 - AJE Almer\u00eda<\/title>\n<meta name=\"robots\" content=\"index, follow, max-snippet:-1, max-image-preview:large, max-video-preview:-1\" \/>\n<link rel=\"canonical\" href=\"https:\/\/ajeandalucia.org\/almeria\/2022\/02\/08\/aje-almeria-publica-su-anuario-correspondiente-al-ejercicio-de-2021\/\" \/>\n<meta property=\"og:locale\" content=\"es_ES\" \/>\n<meta property=\"og:type\" content=\"article\" \/>\n<meta property=\"og:title\" content=\"AJE Almer\u00eda publica su anuario correspondiente al ejercicio de 2021 - AJE Almer\u00eda\" \/>\n<meta property=\"og:description\" content=\"El a\u00f1o no ha hecho m\u00e1s que comenzar y, con \u00e9l, la Asociaci\u00f3n de J\u00f3venes Empresarios de Almer\u00eda publica el [&hellip;]\" \/>\n<meta property=\"og:url\" content=\"https:\/\/ajeandalucia.org\/almeria\/2022\/02\/08\/aje-almeria-publica-su-anuario-correspondiente-al-ejercicio-de-2021\/\" \/>\n<meta property=\"og:site_name\" content=\"AJE Almer\u00eda\" \/>\n<meta property=\"article:published_time\" content=\"2022-02-08T12:57:20+00:00\" \/>\n<meta property=\"og:image\" content=\"https:\/\/ajeandalucia.org\/almeria\/wp-content\/uploads\/sites\/3\/2022\/02\/ce9b8335146f4726f966b5cdebf59509d8e7TvJtCtd54HGL-0.png\" \/>\n\t<meta property=\"og:image:width\" content=\"1654\" \/>\n\t<meta property=\"og:image:height\" content=\"2340\" \/>\n\t<meta property=\"og:image:type\" content=\"image\/png\" \/>\n<meta name=\"author\" content=\"almeria\" \/>\n<meta name=\"twitter:card\" content=\"summary_large_image\" \/>\n<meta name=\"twitter:label1\" content=\"Escrito por\" \/>\n\t<meta name=\"twitter:data1\" content=\"almeria\" \/>\n<script type=\"application\/ld+json\" class=\"yoast-schema-graph\">{\"@context\":\"https:\/\/schema.org\",\"@graph\":[{\"@type\":\"Article\",\"@id\":\"https:\/\/ajeandalucia.org\/almeria\/2022\/02\/08\/aje-almeria-publica-su-anuario-correspondiente-al-ejercicio-de-2021\/#article\",\"isPartOf\":{\"@id\":\"https:\/\/ajeandalucia.org\/almeria\/2022\/02\/08\/aje-almeria-publica-su-anuario-correspondiente-al-ejercicio-de-2021\/\"},\"author\":{\"name\":\"almeria\",\"@id\":\"https:\/\/ajeandalucia.org\/almeria\/#\/schema\/person\/9336ac50bc8c90053f6bf3b99e5c7d7b\"},\"headline\":\"AJE Almer\u00eda publica su anuario correspondiente al ejercicio de 2021\",\"datePublished\":\"2022-02-08T12:57:20+00:00\",\"mainEntityOfPage\":{\"@id\":\"https:\/\/ajeandalucia.org\/almeria\/2022\/02\/08\/aje-almeria-publica-su-anuario-correspondiente-al-ejercicio-de-2021\/\"},\"wordCount\":92,\"commentCount\":0,\"publisher\":{\"@id\":\"https:\/\/ajeandalucia.org\/almeria\/#organization\"},\"image\":{\"@id\":\"https:\/\/ajeandalucia.org\/almeria\/2022\/02\/08\/aje-almeria-publica-su-anuario-correspondiente-al-ejercicio-de-2021\/#primaryimage\"},\"thumbnailUrl\":\"https:\/\/ajeandalucia.org\/almeria\/wp-content\/uploads\/sites\/3\/2022\/02\/ce9b8335146f4726f966b5cdebf59509d8e7TvJtCtd54HGL-0.png\",\"keywords\":[\"aje\",\"aje almeria\",\"Anuario\",\"asociacion de j\u00f3venes empresarios\",\"asociacion jovenes empresarios almeria\"],\"articleSection\":[\"Noticias\"],\"inLanguage\":\"es\",\"potentialAction\":[{\"@type\":\"CommentAction\",\"name\":\"Comment\",\"target\":[\"https:\/\/ajeandalucia.org\/almeria\/2022\/02\/08\/aje-almeria-publica-su-anuario-correspondiente-al-ejercicio-de-2021\/#respond\"]}]},{\"@type\":\"WebPage\",\"@id\":\"https:\/\/ajeandalucia.org\/almeria\/2022\/02\/08\/aje-almeria-publica-su-anuario-correspondiente-al-ejercicio-de-2021\/\",\"url\":\"https:\/\/ajeandalucia.org\/almeria\/2022\/02\/08\/aje-almeria-publica-su-anuario-correspondiente-al-ejercicio-de-2021\/\",\"name\":\"AJE Almer\u00eda publica su anuario correspondiente al ejercicio de 2021 - AJE Almer\u00eda\",\"isPartOf\":{\"@id\":\"https:\/\/ajeandalucia.org\/almeria\/#website\"},\"primaryImageOfPage\":{\"@id\":\"https:\/\/ajeandalucia.org\/almeria\/2022\/02\/08\/aje-almeria-publica-su-anuario-correspondiente-al-ejercicio-de-2021\/#primaryimage\"},\"image\":{\"@id\":\"https:\/\/ajeandalucia.org\/almeria\/2022\/02\/08\/aje-almeria-publica-su-anuario-correspondiente-al-ejercicio-de-2021\/#primaryimage\"},\"thumbnailUrl\":\"https:\/\/ajeandalucia.org\/almeria\/wp-content\/uploads\/sites\/3\/2022\/02\/ce9b8335146f4726f966b5cdebf59509d8e7TvJtCtd54HGL-0.png\",\"datePublished\":\"2022-02-08T12:57:20+00:00\",\"breadcrumb\":{\"@id\":\"https:\/\/ajeandalucia.org\/almeria\/2022\/02\/08\/aje-almeria-publica-su-anuario-correspondiente-al-ejercicio-de-2021\/#breadcrumb\"},\"inLanguage\":\"es\",\"potentialAction\":[{\"@type\":\"ReadAction\",\"target\":[\"https:\/\/ajeandalucia.org\/almeria\/2022\/02\/08\/aje-almeria-publica-su-anuario-correspondiente-al-ejercicio-de-2021\/\"]}]},{\"@type\":\"ImageObject\",\"inLanguage\":\"es\",\"@id\":\"https:\/\/ajeandalucia.org\/almeria\/2022\/02\/08\/aje-almeria-publica-su-anuario-correspondiente-al-ejercicio-de-2021\/#primaryimage\",\"url\":\"https:\/\/ajeandalucia.org\/almeria\/wp-content\/uploads\/sites\/3\/2022\/02\/ce9b8335146f4726f966b5cdebf59509d8e7TvJtCtd54HGL-0.png\",\"contentUrl\":\"https:\/\/ajeandalucia.org\/almeria\/wp-content\/uploads\/sites\/3\/2022\/02\/ce9b8335146f4726f966b5cdebf59509d8e7TvJtCtd54HGL-0.png\",\"width\":1654,\"height\":2340},{\"@type\":\"BreadcrumbList\",\"@id\":\"https:\/\/ajeandalucia.org\/almeria\/2022\/02\/08\/aje-almeria-publica-su-anuario-correspondiente-al-ejercicio-de-2021\/#breadcrumb\",\"itemListElement\":[{\"@type\":\"ListItem\",\"position\":1,\"name\":\"Portada\",\"item\":\"https:\/\/ajeandalucia.org\/almeria\/\"},{\"@type\":\"ListItem\",\"position\":2,\"name\":\"AJE Almer\u00eda publica su anuario correspondiente al ejercicio de 2021\"}]},{\"@type\":\"WebSite\",\"@id\":\"https:\/\/ajeandalucia.org\/almeria\/#website\",\"url\":\"https:\/\/ajeandalucia.org\/almeria\/\",\"name\":\"AJE Almer\u00eda\",\"description\":\"Otro sitio m\u00e1s de AJE Andaluc\u00eda\",\"publisher\":{\"@id\":\"https:\/\/ajeandalucia.org\/almeria\/#organization\"},\"potentialAction\":[{\"@type\":\"SearchAction\",\"target\":{\"@type\":\"EntryPoint\",\"urlTemplate\":\"https:\/\/ajeandalucia.org\/almeria\/?s={search_term_string}\"},\"query-input\":{\"@type\":\"PropertyValueSpecification\",\"valueRequired\":true,\"valueName\":\"search_term_string\"}}],\"inLanguage\":\"es\"},{\"@type\":\"Organization\",\"@id\":\"https:\/\/ajeandalucia.org\/almeria\/#organization\",\"name\":\"AJE Almer\u00eda\",\"url\":\"https:\/\/ajeandalucia.org\/almeria\/\",\"logo\":{\"@type\":\"ImageObject\",\"inLanguage\":\"es\",\"@id\":\"https:\/\/ajeandalucia.org\/almeria\/#\/schema\/logo\/image\/\",\"url\":\"https:\/\/ajeandalucia.org\/almeria\/wp-content\/uploads\/sites\/3\/2025\/01\/AJE-ALMERIA-horizontal.png\",\"contentUrl\":\"https:\/\/ajeandalucia.org\/almeria\/wp-content\/uploads\/sites\/3\/2025\/01\/AJE-ALMERIA-horizontal.png\",\"width\":605,\"height\":200,\"caption\":\"AJE Almer\u00eda\"},\"image\":{\"@id\":\"https:\/\/ajeandalucia.org\/almeria\/#\/schema\/logo\/image\/\"}},{\"@type\":\"Person\",\"@id\":\"https:\/\/ajeandalucia.org\/almeria\/#\/schema\/person\/9336ac50bc8c90053f6bf3b99e5c7d7b\",\"name\":\"almeria\",\"image\":{\"@type\":\"ImageObject\",\"inLanguage\":\"es\",\"@id\":\"https:\/\/ajeandalucia.org\/almeria\/#\/schema\/person\/image\/\",\"url\":\"https:\/\/secure.gravatar.com\/avatar\/f5b6b7d37a8f964bd96d1a7752fc3160bb98a16a08fda2bb6fb3a80845dae5d6?s=96&d=mm&r=g\",\"contentUrl\":\"https:\/\/secure.gravatar.com\/avatar\/f5b6b7d37a8f964bd96d1a7752fc3160bb98a16a08fda2bb6fb3a80845dae5d6?s=96&d=mm&r=g\",\"caption\":\"almeria\"},\"sameAs\":[\"http:\/\/www.ajealmeria.org\/\"],\"url\":\"https:\/\/ajeandalucia.org\/almeria\/author\/almeria\/\"}]}<\/script>\n<!-- \/ Yoast SEO plugin. -->","yoast_head_json":{"title":"AJE Almer\u00eda publica su anuario correspondiente al ejercicio de 2021 - AJE Almer\u00eda","robots":{"index":"index","follow":"follow","max-snippet":"max-snippet:-1","max-image-preview":"max-image-preview:large","max-video-preview":"max-video-preview:-1"},"canonical":"https:\/\/ajeandalucia.org\/almeria\/2022\/02\/08\/aje-almeria-publica-su-anuario-correspondiente-al-ejercicio-de-2021\/","og_locale":"es_ES","og_type":"article","og_title":"AJE Almer\u00eda publica su anuario correspondiente al ejercicio de 2021 - AJE Almer\u00eda","og_description":"El a\u00f1o no ha hecho m\u00e1s que comenzar y, con \u00e9l, la Asociaci\u00f3n de J\u00f3venes Empresarios de Almer\u00eda publica el [&hellip;]","og_url":"https:\/\/ajeandalucia.org\/almeria\/2022\/02\/08\/aje-almeria-publica-su-anuario-correspondiente-al-ejercicio-de-2021\/","og_site_name":"AJE Almer\u00eda","article_published_time":"2022-02-08T12:57:20+00:00","og_image":[{"width":1654,"height":2340,"url":"https:\/\/ajeandalucia.org\/almeria\/wp-content\/uploads\/sites\/3\/2022\/02\/ce9b8335146f4726f966b5cdebf59509d8e7TvJtCtd54HGL-0.png","type":"image\/png"}],"author":"almeria","twitter_card":"summary_large_image","twitter_misc":{"Escrito por":"almeria"},"schema":{"@context":"https:\/\/schema.org","@graph":[{"@type":"Article","@id":"https:\/\/ajeandalucia.org\/almeria\/2022\/02\/08\/aje-almeria-publica-su-anuario-correspondiente-al-ejercicio-de-2021\/#article","isPartOf":{"@id":"https:\/\/ajeandalucia.org\/almeria\/2022\/02\/08\/aje-almeria-publica-su-anuario-correspondiente-al-ejercicio-de-2021\/"},"author":{"name":"almeria","@id":"https:\/\/ajeandalucia.org\/almeria\/#\/schema\/person\/9336ac50bc8c90053f6bf3b99e5c7d7b"},"headline":"AJE Almer\u00eda publica su anuario correspondiente al ejercicio de 2021","datePublished":"2022-02-08T12:57:20+00:00","mainEntityOfPage":{"@id":"https:\/\/ajeandalucia.org\/almeria\/2022\/02\/08\/aje-almeria-publica-su-anuario-correspondiente-al-ejercicio-de-2021\/"},"wordCount":92,"commentCount":0,"publisher":{"@id":"https:\/\/ajeandalucia.org\/almeria\/#organization"},"image":{"@id":"https:\/\/ajeandalucia.org\/almeria\/2022\/02\/08\/aje-almeria-publica-su-anuario-correspondiente-al-ejercicio-de-2021\/#primaryimage"},"thumbnailUrl":"https:\/\/ajeandalucia.org\/almeria\/wp-content\/uploads\/sites\/3\/2022\/02\/ce9b8335146f4726f966b5cdebf59509d8e7TvJtCtd54HGL-0.png","keywords":["aje","aje almeria","Anuario","asociacion de j\u00f3venes empresarios","asociacion jovenes empresarios almeria"],"articleSection":["Noticias"],"inLanguage":"es","potentialAction":[{"@type":"CommentAction","name":"Comment","target":["https:\/\/ajeandalucia.org\/almeria\/2022\/02\/08\/aje-almeria-publica-su-anuario-correspondiente-al-ejercicio-de-2021\/#respond"]}]},{"@type":"WebPage","@id":"https:\/\/ajeandalucia.org\/almeria\/2022\/02\/08\/aje-almeria-publica-su-anuario-correspondiente-al-ejercicio-de-2021\/","url":"https:\/\/ajeandalucia.org\/almeria\/2022\/02\/08\/aje-almeria-publica-su-anuario-correspondiente-al-ejercicio-de-2021\/","name":"AJE Almer\u00eda publica su anuario correspondiente al ejercicio de 2021 - AJE Almer\u00eda","isPartOf":{"@id":"https:\/\/ajeandalucia.org\/almeria\/#website"},"primaryImageOfPage":{"@id":"https:\/\/ajeandalucia.org\/almeria\/2022\/02\/08\/aje-almeria-publica-su-anuario-correspondiente-al-ejercicio-de-2021\/#primaryimage"},"image":{"@id":"https:\/\/ajeandalucia.org\/almeria\/2022\/02\/08\/aje-almeria-publica-su-anuario-correspondiente-al-ejercicio-de-2021\/#primaryimage"},"thumbnailUrl":"https:\/\/ajeandalucia.org\/almeria\/wp-content\/uploads\/sites\/3\/2022\/02\/ce9b8335146f4726f966b5cdebf59509d8e7TvJtCtd54HGL-0.png","datePublished":"2022-02-08T12:57:20+00:00","breadcrumb":{"@id":"https:\/\/ajeandalucia.org\/almeria\/2022\/02\/08\/aje-almeria-publica-su-anuario-correspondiente-al-ejercicio-de-2021\/#breadcrumb"},"inLanguage":"es","potentialAction":[{"@type":"ReadAction","target":["https:\/\/ajeandalucia.org\/almeria\/2022\/02\/08\/aje-almeria-publica-su-anuario-correspondiente-al-ejercicio-de-2021\/"]}]},{"@type":"ImageObject","inLanguage":"es","@id":"https:\/\/ajeandalucia.org\/almeria\/2022\/02\/08\/aje-almeria-publica-su-anuario-correspondiente-al-ejercicio-de-2021\/#primaryimage","url":"https:\/\/ajeandalucia.org\/almeria\/wp-content\/uploads\/sites\/3\/2022\/02\/ce9b8335146f4726f966b5cdebf59509d8e7TvJtCtd54HGL-0.png","contentUrl":"https:\/\/ajeandalucia.org\/almeria\/wp-content\/uploads\/sites\/3\/2022\/02\/ce9b8335146f4726f966b5cdebf59509d8e7TvJtCtd54HGL-0.png","width":1654,"height":2340},{"@type":"BreadcrumbList","@id":"https:\/\/ajeandalucia.org\/almeria\/2022\/02\/08\/aje-almeria-publica-su-anuario-correspondiente-al-ejercicio-de-2021\/#breadcrumb","itemListElement":[{"@type":"ListItem","position":1,"name":"Portada","item":"https:\/\/ajeandalucia.org\/almeria\/"},{"@type":"ListItem","position":2,"name":"AJE Almer\u00eda publica su anuario correspondiente al ejercicio de 2021"}]},{"@type":"WebSite","@id":"https:\/\/ajeandalucia.org\/almeria\/#website","url":"https:\/\/ajeandalucia.org\/almeria\/","name":"AJE Almer\u00eda","description":"Otro sitio m\u00e1s de AJE Andaluc\u00eda","publisher":{"@id":"https:\/\/ajeandalucia.org\/almeria\/#organization"},"potentialAction":[{"@type":"SearchAction","target":{"@type":"EntryPoint","urlTemplate":"https:\/\/ajeandalucia.org\/almeria\/?s={search_term_string}"},"query-input":{"@type":"PropertyValueSpecification","valueRequired":true,"valueName":"search_term_string"}}],"inLanguage":"es"},{"@type":"Organization","@id":"https:\/\/ajeandalucia.org\/almeria\/#organization","name":"AJE Almer\u00eda","url":"https:\/\/ajeandalucia.org\/almeria\/","logo":{"@type":"ImageObject","inLanguage":"es","@id":"https:\/\/ajeandalucia.org\/almeria\/#\/schema\/logo\/image\/","url":"https:\/\/ajeandalucia.org\/almeria\/wp-content\/uploads\/sites\/3\/2025\/01\/AJE-ALMERIA-horizontal.png","contentUrl":"https:\/\/ajeandalucia.org\/almeria\/wp-content\/uploads\/sites\/3\/2025\/01\/AJE-ALMERIA-horizontal.png","width":605,"height":200,"caption":"AJE Almer\u00eda"},"image":{"@id":"https:\/\/ajeandalucia.org\/almeria\/#\/schema\/logo\/image\/"}},{"@type":"Person","@id":"https:\/\/ajeandalucia.org\/almeria\/#\/schema\/person\/9336ac50bc8c90053f6bf3b99e5c7d7b","name":"almeria","image":{"@type":"ImageObject","inLanguage":"es","@id":"https:\/\/ajeandalucia.org\/almeria\/#\/schema\/person\/image\/","url":"https:\/\/secure.gravatar.com\/avatar\/f5b6b7d37a8f964bd96d1a7752fc3160bb98a16a08fda2bb6fb3a80845dae5d6?s=96&d=mm&r=g","contentUrl":"https:\/\/secure.gravatar.com\/avatar\/f5b6b7d37a8f964bd96d1a7752fc3160bb98a16a08fda2bb6fb3a80845dae5d6?s=96&d=mm&r=g","caption":"almeria"},"sameAs":["http:\/\/www.ajealmeria.org\/"],"url":"https:\/\/ajeandalucia.org\/almeria\/author\/almeria\/"}]}},"_links":{"self":[{"href":"https:\/\/ajeandalucia.org\/almeria\/wp-json\/wp\/v2\/posts\/2588","targetHints":{"allow":["GET"]}}],"collection":[{"href":"https:\/\/ajeandalucia.org\/almeria\/wp-json\/wp\/v2\/posts"}],"about":[{"href":"https:\/\/ajeandalucia.org\/almeria\/wp-json\/wp\/v2\/types\/post"}],"author":[{"embeddable":true,"href":"https:\/\/ajeandalucia.org\/almeria\/wp-json\/wp\/v2\/users\/3"}],"replies":[{"embeddable":true,"href":"https:\/\/ajeandalucia.org\/almeria\/wp-json\/wp\/v2\/comments?post=2588"}],"version-history":[{"count":5,"href":"https:\/\/ajeandalucia.org\/almeria\/wp-json\/wp\/v2\/posts\/2588\/revisions"}],"predecessor-version":[{"id":2594,"href":"https:\/\/ajeandalucia.org\/almeria\/wp-json\/wp\/v2\/posts\/2588\/revisions\/2594"}],"wp:featuredmedia":[{"embeddable":true,"href":"https:\/\/ajeandalucia.org\/almeria\/wp-json\/wp\/v2\/media\/2589"}],"wp:attachment":[{"href":"https:\/\/ajeandalucia.org\/almeria\/wp-json\/wp\/v2\/media?parent=2588"}],"wp:term":[{"taxonomy":"category","embeddable":true,"href":"https:\/\/ajeandalucia.org\/almeria\/wp-json\/wp\/v2\/categories?post=2588"},{"taxonomy":"post_tag","embeddable":true,"href":"https:\/\/ajeandalucia.org\/almeria\/wp-json\/wp\/v2\/tags?post=2588"}],"curies":[{"name":"wp","href":"https:\/\/api.w.org\/{rel}","templated":true}]}}