{"id":2606,"date":"2022-02-25T09:06:03","date_gmt":"2022-02-25T09:06:03","guid":{"rendered":"https:\/\/www.ajeandalucia.org\/almeria\/?p=2606"},"modified":"2022-02-25T09:13:10","modified_gmt":"2022-02-25T09:13:10","slug":"aje-almeria-celebra-su-primera-edicion-de-tardeaje-una-iniciativa-para-potenciar-el-networking","status":"publish","type":"post","link":"https:\/\/ajeandalucia.org\/almeria\/2022\/02\/25\/aje-almeria-celebra-su-primera-edicion-de-tardeaje-una-iniciativa-para-potenciar-el-networking\/","title":{"rendered":"AJE Almer\u00eda celebra su primera edici\u00f3n de \u2018Tardeaje\u2019, una iniciativa para potenciar el networking"},"content":{"rendered":"<h3><strong><u>El evento tuvo lugar el 24 de febrero con una cata de quesos y vino en un nuevo local de Almer\u00eda capital\u00a0\u201c\u00bfQu\u00e9 ser\u00eda yo sin ti?\u201d y cont\u00f3 con la colaboraci\u00f3n de la Diputaci\u00f3n de Almer\u00eda <\/u><\/strong><\/h3>\n<p>&nbsp;<\/p>\n<p>La Asociaci\u00f3n de J\u00f3venes Empresarios de Almer\u00eda (AJE), en colaboraci\u00f3n con la <a href=\"https:\/\/www.dipalme.org\/\">Diputaci\u00f3n de Almer\u00eda<\/a> ha organizado un nuevo e innovador formato dentro de sus actividades: <strong>\u2018Tardeaje: una tarde de networking con vino y queso\u2019<\/strong>. El evento, que ha sido exclusivo para socios, se ha celebrado en un nuevo local de Almer\u00eda <strong>\u201c\u00bfQu\u00e9 ser\u00eda yo sin ti?\u201d<\/strong>\u00a0(antiguo Ajol\u00ed), en la planta alta del local, en un espacio reservado de manera exclusiva para los socios de AJE.<\/p>\n<p>\u201cEmpezamos el a\u00f1o con este evento en el que tratamos de poner en contacto a miembros de la Asociaci\u00f3n, es un evento exclusivo para socios. En resumen, se trata de un intercambio de impresiones entre empresarios de Almer\u00eda y el favorecer, de alguna forma, la creaci\u00f3n de negocios de manera conjunta\u201d, ha se\u00f1alado Jos\u00e9 Gonz\u00e1lez, presidente de la Asociaci\u00f3n de J\u00f3venes Empresarios de Almer\u00eda.<\/p>\n<p>La primera edici\u00f3n, que ha sido todo un \u00e9xito, ha contado con el apoyo de la Diputaci\u00f3n de Almer\u00eda: \u201cPor supuesto la Diputaci\u00f3n Provincial ten\u00eda que estar aqu\u00ed, apoyando a AJE y a esos j\u00f3venes empresarios que toman las riendas para crear nuevas empresas. Adem\u00e1s, desde la marca \u2018Sabores Almer\u00eda\u2019, muchas de las empresas est\u00e1n encabezadas por j\u00f3venes empresarios de las diferentes zonas de la provincia. Nos sentimos orgullosos de los J\u00f3venes Empresarios porque contribuyen a que lograr el objetivo de la Diputaci\u00f3n de fijar la poblaci\u00f3n y crear empleo\u201d, ha asegurado Mar\u00eda Luisa Cruz Escudero, diputada provincial.<\/p>\n<p>Se trata del primer evento presencial que celebra AJE Almer\u00eda en este reci\u00e9n estrenado 2022. El <strong>networking<\/strong> es uno de los pilares fundamentales de AJE, una de las actividades que m\u00e1s enriquecen a los j\u00f3venes empresarios de Almer\u00eda, y en este caso, la organizaci\u00f3n le ha dado un formato creativo e innovador para favorecer la conversaci\u00f3n y crear sinergias entre los diferentes asistentes. A la vez que se disfruta de la experiencia gastron\u00f3mica, los participantes aprovecharon para presentarse, dar a conocer sus diversas iniciativas empresariales y establecer v\u00ednculos entre los j\u00f3venes empresarios de Almer\u00eda. Dieron la bienvenida al acto Jos\u00e9 Gonz\u00e1lez, presidente de AJE Almer\u00eda en compa\u00f1\u00eda de Mar\u00eda Luisa Cruz Escudero, diputada provincial.<\/p>\n<p>&nbsp;<\/p>\n<h4><strong>Pr\u00f3ximos eventos de AJE Almer\u00eda<\/strong><\/h4>\n<p>La iniciativa fue exclusiva para asociados de AJE Almer\u00eda que pueden beneficiarse de toda la programaci\u00f3n que AJE Almer\u00eda prepara cada mes con el fin de favorecer el desarrollo empresarial entre los j\u00f3venes empresarios de toda la provincia de Almer\u00eda.<\/p>\n<p>El evento m\u00e1s pr\u00f3ximo en el calendario de actividades de AJE Almer\u00eda ser\u00e1 la tercera edici\u00f3n de <strong>\u2018AJE en Femenino\u2019<\/strong>, que se celebrar\u00e1 el pr\u00f3ximo 2 de marzo en el Museo de la Guitarra de Almer\u00eda y que contar\u00e1 con la colaboraci\u00f3n del Ayuntamiento de Almer\u00eda y con la presencia de Mar\u00eda Dolores Morales, socia fundadora y directora General de Biosabor y con Paola Laynez, concejal\u00a0Delegada de Familia, Igualdad y Participaci\u00f3n Ciudadana del Ayuntamiento de Almer\u00eda. Toda la informaci\u00f3n sobre la programaci\u00f3n de actividades est\u00e1 disponible en la p\u00e1gina web de AJE Almer\u00eda y en sus perfiles de redes sociales.<\/p>\n<p>&nbsp;<\/p>\n","protected":false},"excerpt":{"rendered":"<p>El evento tuvo lugar el 24 de febrero con una cata de quesos y vino en un nuevo local de [&hellip;]<\/p>\n","protected":false},"author":3,"featured_media":2607,"comment_status":"open","ping_status":"open","sticky":false,"template":"","format":"standard","meta":{"_acf_changed":false,"site-sidebar-layout":"default","site-content-layout":"","ast-site-content-layout":"default","site-content-style":"default","site-sidebar-style":"default","ast-global-header-display":"","ast-banner-title-visibility":"","ast-main-header-display":"","ast-hfb-above-header-display":"","ast-hfb-below-header-display":"","ast-hfb-mobile-header-display":"","site-post-title":"","ast-breadcrumbs-content":"","ast-featured-img":"","footer-sml-layout":"","ast-disable-related-posts":"","theme-transparent-header-meta":"","adv-header-id-meta":"","stick-header-meta":"","header-above-stick-meta":"","header-main-stick-meta":"","header-below-stick-meta":"","astra-migrate-meta-layouts":"default","ast-page-background-enabled":"default","ast-page-background-meta":{"desktop":{"background-color":"var(--ast-global-color-5)","background-image":"","background-repeat":"repeat","background-position":"center center","background-size":"auto","background-attachment":"scroll","background-type":"","background-media":"","overlay-type":"","overlay-color":"","overlay-opacity":"","overlay-gradient":""},"tablet":{"background-color":"","background-image":"","background-repeat":"repeat","background-position":"center center","background-size":"auto","background-attachment":"scroll","background-type":"","background-media":"","overlay-type":"","overlay-color":"","overlay-opacity":"","overlay-gradient":""},"mobile":{"background-color":"","background-image":"","background-repeat":"repeat","background-position":"center center","background-size":"auto","background-attachment":"scroll","background-type":"","background-media":"","overlay-type":"","overlay-color":"","overlay-opacity":"","overlay-gradient":""}},"ast-content-background-meta":{"desktop":{"background-color":"var(--ast-global-color-4)","background-image":"","background-repeat":"repeat","background-position":"center center","background-size":"auto","background-attachment":"scroll","background-type":"","background-media":"","overlay-type":"","overlay-color":"","overlay-opacity":"","overlay-gradient":""},"tablet":{"background-color":"var(--ast-global-color-4)","background-image":"","background-repeat":"repeat","background-position":"center center","background-size":"auto","background-attachment":"scroll","background-type":"","background-media":"","overlay-type":"","overlay-color":"","overlay-opacity":"","overlay-gradient":""},"mobile":{"background-color":"var(--ast-global-color-4)","background-image":"","background-repeat":"repeat","background-position":"center center","background-size":"auto","background-attachment":"scroll","background-type":"","background-media":"","overlay-type":"","overlay-color":"","overlay-opacity":"","overlay-gradient":""}},"footnotes":""},"categories":[8],"tags":[222,60,221,30,31,33,49,102],"class_list":["post-2606","post","type-post","status-publish","format-standard","has-post-thumbnail","hentry","category-noticias","tag-actividades","tag-aje","tag-ajealmeria","tag-emprendedores","tag-empresarios","tag-jovenes-empresarios","tag-negocios","tag-networking"],"acf":[],"yoast_head":"<!-- This site is optimized with the Yoast SEO plugin v26.9 - https:\/\/yoast.com\/product\/yoast-seo-wordpress\/ -->\n<title>AJE Almer\u00eda celebra su primera edici\u00f3n de \u2018Tardeaje\u2019, una iniciativa para potenciar el networking - AJE Almer\u00eda<\/title>\n<meta name=\"robots\" content=\"index, follow, max-snippet:-1, max-image-preview:large, max-video-preview:-1\" \/>\n<link rel=\"canonical\" href=\"https:\/\/ajeandalucia.org\/almeria\/2022\/02\/25\/aje-almeria-celebra-su-primera-edicion-de-tardeaje-una-iniciativa-para-potenciar-el-networking\/\" \/>\n<meta property=\"og:locale\" content=\"es_ES\" \/>\n<meta property=\"og:type\" content=\"article\" \/>\n<meta property=\"og:title\" content=\"AJE Almer\u00eda celebra su primera edici\u00f3n de \u2018Tardeaje\u2019, una iniciativa para potenciar el networking - AJE Almer\u00eda\" \/>\n<meta property=\"og:description\" content=\"El evento tuvo lugar el 24 de febrero con una cata de quesos y vino en un nuevo local de [&hellip;]\" \/>\n<meta property=\"og:url\" content=\"https:\/\/ajeandalucia.org\/almeria\/2022\/02\/25\/aje-almeria-celebra-su-primera-edicion-de-tardeaje-una-iniciativa-para-potenciar-el-networking\/\" \/>\n<meta property=\"og:site_name\" content=\"AJE Almer\u00eda\" \/>\n<meta property=\"article:published_time\" content=\"2022-02-25T09:06:03+00:00\" \/>\n<meta property=\"article:modified_time\" content=\"2022-02-25T09:13:10+00:00\" \/>\n<meta property=\"og:image\" content=\"https:\/\/ajeandalucia.org\/almeria\/wp-content\/uploads\/sites\/3\/2022\/02\/tardeaje_ndp1.jpeg\" \/>\n\t<meta property=\"og:image:width\" content=\"1600\" \/>\n\t<meta property=\"og:image:height\" content=\"1066\" \/>\n\t<meta property=\"og:image:type\" content=\"image\/jpeg\" \/>\n<meta name=\"author\" content=\"almeria\" \/>\n<meta name=\"twitter:card\" content=\"summary_large_image\" \/>\n<meta name=\"twitter:label1\" content=\"Escrito por\" \/>\n\t<meta name=\"twitter:data1\" content=\"almeria\" \/>\n\t<meta name=\"twitter:label2\" content=\"Tiempo de lectura\" \/>\n\t<meta name=\"twitter:data2\" content=\"3 minutos\" \/>\n<script type=\"application\/ld+json\" class=\"yoast-schema-graph\">{\"@context\":\"https:\/\/schema.org\",\"@graph\":[{\"@type\":\"Article\",\"@id\":\"https:\/\/ajeandalucia.org\/almeria\/2022\/02\/25\/aje-almeria-celebra-su-primera-edicion-de-tardeaje-una-iniciativa-para-potenciar-el-networking\/#article\",\"isPartOf\":{\"@id\":\"https:\/\/ajeandalucia.org\/almeria\/2022\/02\/25\/aje-almeria-celebra-su-primera-edicion-de-tardeaje-una-iniciativa-para-potenciar-el-networking\/\"},\"author\":{\"name\":\"almeria\",\"@id\":\"https:\/\/ajeandalucia.org\/almeria\/#\/schema\/person\/9336ac50bc8c90053f6bf3b99e5c7d7b\"},\"headline\":\"AJE Almer\u00eda celebra su primera edici\u00f3n de \u2018Tardeaje\u2019, una iniciativa para potenciar el networking\",\"datePublished\":\"2022-02-25T09:06:03+00:00\",\"dateModified\":\"2022-02-25T09:13:10+00:00\",\"mainEntityOfPage\":{\"@id\":\"https:\/\/ajeandalucia.org\/almeria\/2022\/02\/25\/aje-almeria-celebra-su-primera-edicion-de-tardeaje-una-iniciativa-para-potenciar-el-networking\/\"},\"wordCount\":625,\"commentCount\":0,\"publisher\":{\"@id\":\"https:\/\/ajeandalucia.org\/almeria\/#organization\"},\"image\":{\"@id\":\"https:\/\/ajeandalucia.org\/almeria\/2022\/02\/25\/aje-almeria-celebra-su-primera-edicion-de-tardeaje-una-iniciativa-para-potenciar-el-networking\/#primaryimage\"},\"thumbnailUrl\":\"https:\/\/ajeandalucia.org\/almeria\/wp-content\/uploads\/sites\/3\/2022\/02\/tardeaje_ndp1.jpeg\",\"keywords\":[\"actividades\",\"aje\",\"ajealmeria\",\"emprendedores\",\"empresarios\",\"j\u00f3venes empresarios\",\"negocios\",\"networking\"],\"articleSection\":[\"Noticias\"],\"inLanguage\":\"es\",\"potentialAction\":[{\"@type\":\"CommentAction\",\"name\":\"Comment\",\"target\":[\"https:\/\/ajeandalucia.org\/almeria\/2022\/02\/25\/aje-almeria-celebra-su-primera-edicion-de-tardeaje-una-iniciativa-para-potenciar-el-networking\/#respond\"]}]},{\"@type\":\"WebPage\",\"@id\":\"https:\/\/ajeandalucia.org\/almeria\/2022\/02\/25\/aje-almeria-celebra-su-primera-edicion-de-tardeaje-una-iniciativa-para-potenciar-el-networking\/\",\"url\":\"https:\/\/ajeandalucia.org\/almeria\/2022\/02\/25\/aje-almeria-celebra-su-primera-edicion-de-tardeaje-una-iniciativa-para-potenciar-el-networking\/\",\"name\":\"AJE Almer\u00eda celebra su primera edici\u00f3n de \u2018Tardeaje\u2019, una iniciativa para potenciar el networking - AJE Almer\u00eda\",\"isPartOf\":{\"@id\":\"https:\/\/ajeandalucia.org\/almeria\/#website\"},\"primaryImageOfPage\":{\"@id\":\"https:\/\/ajeandalucia.org\/almeria\/2022\/02\/25\/aje-almeria-celebra-su-primera-edicion-de-tardeaje-una-iniciativa-para-potenciar-el-networking\/#primaryimage\"},\"image\":{\"@id\":\"https:\/\/ajeandalucia.org\/almeria\/2022\/02\/25\/aje-almeria-celebra-su-primera-edicion-de-tardeaje-una-iniciativa-para-potenciar-el-networking\/#primaryimage\"},\"thumbnailUrl\":\"https:\/\/ajeandalucia.org\/almeria\/wp-content\/uploads\/sites\/3\/2022\/02\/tardeaje_ndp1.jpeg\",\"datePublished\":\"2022-02-25T09:06:03+00:00\",\"dateModified\":\"2022-02-25T09:13:10+00:00\",\"breadcrumb\":{\"@id\":\"https:\/\/ajeandalucia.org\/almeria\/2022\/02\/25\/aje-almeria-celebra-su-primera-edicion-de-tardeaje-una-iniciativa-para-potenciar-el-networking\/#breadcrumb\"},\"inLanguage\":\"es\",\"potentialAction\":[{\"@type\":\"ReadAction\",\"target\":[\"https:\/\/ajeandalucia.org\/almeria\/2022\/02\/25\/aje-almeria-celebra-su-primera-edicion-de-tardeaje-una-iniciativa-para-potenciar-el-networking\/\"]}]},{\"@type\":\"ImageObject\",\"inLanguage\":\"es\",\"@id\":\"https:\/\/ajeandalucia.org\/almeria\/2022\/02\/25\/aje-almeria-celebra-su-primera-edicion-de-tardeaje-una-iniciativa-para-potenciar-el-networking\/#primaryimage\",\"url\":\"https:\/\/ajeandalucia.org\/almeria\/wp-content\/uploads\/sites\/3\/2022\/02\/tardeaje_ndp1.jpeg\",\"contentUrl\":\"https:\/\/ajeandalucia.org\/almeria\/wp-content\/uploads\/sites\/3\/2022\/02\/tardeaje_ndp1.jpeg\",\"width\":1600,\"height\":1066},{\"@type\":\"BreadcrumbList\",\"@id\":\"https:\/\/ajeandalucia.org\/almeria\/2022\/02\/25\/aje-almeria-celebra-su-primera-edicion-de-tardeaje-una-iniciativa-para-potenciar-el-networking\/#breadcrumb\",\"itemListElement\":[{\"@type\":\"ListItem\",\"position\":1,\"name\":\"Portada\",\"item\":\"https:\/\/ajeandalucia.org\/almeria\/\"},{\"@type\":\"ListItem\",\"position\":2,\"name\":\"AJE Almer\u00eda celebra su primera edici\u00f3n de \u2018Tardeaje\u2019, una iniciativa para potenciar el networking\"}]},{\"@type\":\"WebSite\",\"@id\":\"https:\/\/ajeandalucia.org\/almeria\/#website\",\"url\":\"https:\/\/ajeandalucia.org\/almeria\/\",\"name\":\"AJE Almer\u00eda\",\"description\":\"Otro sitio m\u00e1s de AJE Andaluc\u00eda\",\"publisher\":{\"@id\":\"https:\/\/ajeandalucia.org\/almeria\/#organization\"},\"potentialAction\":[{\"@type\":\"SearchAction\",\"target\":{\"@type\":\"EntryPoint\",\"urlTemplate\":\"https:\/\/ajeandalucia.org\/almeria\/?s={search_term_string}\"},\"query-input\":{\"@type\":\"PropertyValueSpecification\",\"valueRequired\":true,\"valueName\":\"search_term_string\"}}],\"inLanguage\":\"es\"},{\"@type\":\"Organization\",\"@id\":\"https:\/\/ajeandalucia.org\/almeria\/#organization\",\"name\":\"AJE Almer\u00eda\",\"url\":\"https:\/\/ajeandalucia.org\/almeria\/\",\"logo\":{\"@type\":\"ImageObject\",\"inLanguage\":\"es\",\"@id\":\"https:\/\/ajeandalucia.org\/almeria\/#\/schema\/logo\/image\/\",\"url\":\"https:\/\/ajeandalucia.org\/almeria\/wp-content\/uploads\/sites\/3\/2025\/01\/AJE-ALMERIA-horizontal.png\",\"contentUrl\":\"https:\/\/ajeandalucia.org\/almeria\/wp-content\/uploads\/sites\/3\/2025\/01\/AJE-ALMERIA-horizontal.png\",\"width\":605,\"height\":200,\"caption\":\"AJE Almer\u00eda\"},\"image\":{\"@id\":\"https:\/\/ajeandalucia.org\/almeria\/#\/schema\/logo\/image\/\"}},{\"@type\":\"Person\",\"@id\":\"https:\/\/ajeandalucia.org\/almeria\/#\/schema\/person\/9336ac50bc8c90053f6bf3b99e5c7d7b\",\"name\":\"almeria\",\"image\":{\"@type\":\"ImageObject\",\"inLanguage\":\"es\",\"@id\":\"https:\/\/ajeandalucia.org\/almeria\/#\/schema\/person\/image\/\",\"url\":\"https:\/\/secure.gravatar.com\/avatar\/f5b6b7d37a8f964bd96d1a7752fc3160bb98a16a08fda2bb6fb3a80845dae5d6?s=96&d=mm&r=g\",\"contentUrl\":\"https:\/\/secure.gravatar.com\/avatar\/f5b6b7d37a8f964bd96d1a7752fc3160bb98a16a08fda2bb6fb3a80845dae5d6?s=96&d=mm&r=g\",\"caption\":\"almeria\"},\"sameAs\":[\"http:\/\/www.ajealmeria.org\/\"],\"url\":\"https:\/\/ajeandalucia.org\/almeria\/author\/almeria\/\"}]}<\/script>\n<!-- \/ Yoast SEO plugin. -->","yoast_head_json":{"title":"AJE Almer\u00eda celebra su primera edici\u00f3n de \u2018Tardeaje\u2019, una iniciativa para potenciar el networking - AJE Almer\u00eda","robots":{"index":"index","follow":"follow","max-snippet":"max-snippet:-1","max-image-preview":"max-image-preview:large","max-video-preview":"max-video-preview:-1"},"canonical":"https:\/\/ajeandalucia.org\/almeria\/2022\/02\/25\/aje-almeria-celebra-su-primera-edicion-de-tardeaje-una-iniciativa-para-potenciar-el-networking\/","og_locale":"es_ES","og_type":"article","og_title":"AJE Almer\u00eda celebra su primera edici\u00f3n de \u2018Tardeaje\u2019, una iniciativa para potenciar el networking - AJE Almer\u00eda","og_description":"El evento tuvo lugar el 24 de febrero con una cata de quesos y vino en un nuevo local de [&hellip;]","og_url":"https:\/\/ajeandalucia.org\/almeria\/2022\/02\/25\/aje-almeria-celebra-su-primera-edicion-de-tardeaje-una-iniciativa-para-potenciar-el-networking\/","og_site_name":"AJE Almer\u00eda","article_published_time":"2022-02-25T09:06:03+00:00","article_modified_time":"2022-02-25T09:13:10+00:00","og_image":[{"width":1600,"height":1066,"url":"https:\/\/ajeandalucia.org\/almeria\/wp-content\/uploads\/sites\/3\/2022\/02\/tardeaje_ndp1.jpeg","type":"image\/jpeg"}],"author":"almeria","twitter_card":"summary_large_image","twitter_misc":{"Escrito por":"almeria","Tiempo de lectura":"3 minutos"},"schema":{"@context":"https:\/\/schema.org","@graph":[{"@type":"Article","@id":"https:\/\/ajeandalucia.org\/almeria\/2022\/02\/25\/aje-almeria-celebra-su-primera-edicion-de-tardeaje-una-iniciativa-para-potenciar-el-networking\/#article","isPartOf":{"@id":"https:\/\/ajeandalucia.org\/almeria\/2022\/02\/25\/aje-almeria-celebra-su-primera-edicion-de-tardeaje-una-iniciativa-para-potenciar-el-networking\/"},"author":{"name":"almeria","@id":"https:\/\/ajeandalucia.org\/almeria\/#\/schema\/person\/9336ac50bc8c90053f6bf3b99e5c7d7b"},"headline":"AJE Almer\u00eda celebra su primera edici\u00f3n de \u2018Tardeaje\u2019, una iniciativa para potenciar el networking","datePublished":"2022-02-25T09:06:03+00:00","dateModified":"2022-02-25T09:13:10+00:00","mainEntityOfPage":{"@id":"https:\/\/ajeandalucia.org\/almeria\/2022\/02\/25\/aje-almeria-celebra-su-primera-edicion-de-tardeaje-una-iniciativa-para-potenciar-el-networking\/"},"wordCount":625,"commentCount":0,"publisher":{"@id":"https:\/\/ajeandalucia.org\/almeria\/#organization"},"image":{"@id":"https:\/\/ajeandalucia.org\/almeria\/2022\/02\/25\/aje-almeria-celebra-su-primera-edicion-de-tardeaje-una-iniciativa-para-potenciar-el-networking\/#primaryimage"},"thumbnailUrl":"https:\/\/ajeandalucia.org\/almeria\/wp-content\/uploads\/sites\/3\/2022\/02\/tardeaje_ndp1.jpeg","keywords":["actividades","aje","ajealmeria","emprendedores","empresarios","j\u00f3venes empresarios","negocios","networking"],"articleSection":["Noticias"],"inLanguage":"es","potentialAction":[{"@type":"CommentAction","name":"Comment","target":["https:\/\/ajeandalucia.org\/almeria\/2022\/02\/25\/aje-almeria-celebra-su-primera-edicion-de-tardeaje-una-iniciativa-para-potenciar-el-networking\/#respond"]}]},{"@type":"WebPage","@id":"https:\/\/ajeandalucia.org\/almeria\/2022\/02\/25\/aje-almeria-celebra-su-primera-edicion-de-tardeaje-una-iniciativa-para-potenciar-el-networking\/","url":"https:\/\/ajeandalucia.org\/almeria\/2022\/02\/25\/aje-almeria-celebra-su-primera-edicion-de-tardeaje-una-iniciativa-para-potenciar-el-networking\/","name":"AJE Almer\u00eda celebra su primera edici\u00f3n de \u2018Tardeaje\u2019, una iniciativa para potenciar el networking - AJE Almer\u00eda","isPartOf":{"@id":"https:\/\/ajeandalucia.org\/almeria\/#website"},"primaryImageOfPage":{"@id":"https:\/\/ajeandalucia.org\/almeria\/2022\/02\/25\/aje-almeria-celebra-su-primera-edicion-de-tardeaje-una-iniciativa-para-potenciar-el-networking\/#primaryimage"},"image":{"@id":"https:\/\/ajeandalucia.org\/almeria\/2022\/02\/25\/aje-almeria-celebra-su-primera-edicion-de-tardeaje-una-iniciativa-para-potenciar-el-networking\/#primaryimage"},"thumbnailUrl":"https:\/\/ajeandalucia.org\/almeria\/wp-content\/uploads\/sites\/3\/2022\/02\/tardeaje_ndp1.jpeg","datePublished":"2022-02-25T09:06:03+00:00","dateModified":"2022-02-25T09:13:10+00:00","breadcrumb":{"@id":"https:\/\/ajeandalucia.org\/almeria\/2022\/02\/25\/aje-almeria-celebra-su-primera-edicion-de-tardeaje-una-iniciativa-para-potenciar-el-networking\/#breadcrumb"},"inLanguage":"es","potentialAction":[{"@type":"ReadAction","target":["https:\/\/ajeandalucia.org\/almeria\/2022\/02\/25\/aje-almeria-celebra-su-primera-edicion-de-tardeaje-una-iniciativa-para-potenciar-el-networking\/"]}]},{"@type":"ImageObject","inLanguage":"es","@id":"https:\/\/ajeandalucia.org\/almeria\/2022\/02\/25\/aje-almeria-celebra-su-primera-edicion-de-tardeaje-una-iniciativa-para-potenciar-el-networking\/#primaryimage","url":"https:\/\/ajeandalucia.org\/almeria\/wp-content\/uploads\/sites\/3\/2022\/02\/tardeaje_ndp1.jpeg","contentUrl":"https:\/\/ajeandalucia.org\/almeria\/wp-content\/uploads\/sites\/3\/2022\/02\/tardeaje_ndp1.jpeg","width":1600,"height":1066},{"@type":"BreadcrumbList","@id":"https:\/\/ajeandalucia.org\/almeria\/2022\/02\/25\/aje-almeria-celebra-su-primera-edicion-de-tardeaje-una-iniciativa-para-potenciar-el-networking\/#breadcrumb","itemListElement":[{"@type":"ListItem","position":1,"name":"Portada","item":"https:\/\/ajeandalucia.org\/almeria\/"},{"@type":"ListItem","position":2,"name":"AJE Almer\u00eda celebra su primera edici\u00f3n de \u2018Tardeaje\u2019, una iniciativa para potenciar el networking"}]},{"@type":"WebSite","@id":"https:\/\/ajeandalucia.org\/almeria\/#website","url":"https:\/\/ajeandalucia.org\/almeria\/","name":"AJE Almer\u00eda","description":"Otro sitio m\u00e1s de AJE Andaluc\u00eda","publisher":{"@id":"https:\/\/ajeandalucia.org\/almeria\/#organization"},"potentialAction":[{"@type":"SearchAction","target":{"@type":"EntryPoint","urlTemplate":"https:\/\/ajeandalucia.org\/almeria\/?s={search_term_string}"},"query-input":{"@type":"PropertyValueSpecification","valueRequired":true,"valueName":"search_term_string"}}],"inLanguage":"es"},{"@type":"Organization","@id":"https:\/\/ajeandalucia.org\/almeria\/#organization","name":"AJE Almer\u00eda","url":"https:\/\/ajeandalucia.org\/almeria\/","logo":{"@type":"ImageObject","inLanguage":"es","@id":"https:\/\/ajeandalucia.org\/almeria\/#\/schema\/logo\/image\/","url":"https:\/\/ajeandalucia.org\/almeria\/wp-content\/uploads\/sites\/3\/2025\/01\/AJE-ALMERIA-horizontal.png","contentUrl":"https:\/\/ajeandalucia.org\/almeria\/wp-content\/uploads\/sites\/3\/2025\/01\/AJE-ALMERIA-horizontal.png","width":605,"height":200,"caption":"AJE Almer\u00eda"},"image":{"@id":"https:\/\/ajeandalucia.org\/almeria\/#\/schema\/logo\/image\/"}},{"@type":"Person","@id":"https:\/\/ajeandalucia.org\/almeria\/#\/schema\/person\/9336ac50bc8c90053f6bf3b99e5c7d7b","name":"almeria","image":{"@type":"ImageObject","inLanguage":"es","@id":"https:\/\/ajeandalucia.org\/almeria\/#\/schema\/person\/image\/","url":"https:\/\/secure.gravatar.com\/avatar\/f5b6b7d37a8f964bd96d1a7752fc3160bb98a16a08fda2bb6fb3a80845dae5d6?s=96&d=mm&r=g","contentUrl":"https:\/\/secure.gravatar.com\/avatar\/f5b6b7d37a8f964bd96d1a7752fc3160bb98a16a08fda2bb6fb3a80845dae5d6?s=96&d=mm&r=g","caption":"almeria"},"sameAs":["http:\/\/www.ajealmeria.org\/"],"url":"https:\/\/ajeandalucia.org\/almeria\/author\/almeria\/"}]}},"_links":{"self":[{"href":"https:\/\/ajeandalucia.org\/almeria\/wp-json\/wp\/v2\/posts\/2606","targetHints":{"allow":["GET"]}}],"collection":[{"href":"https:\/\/ajeandalucia.org\/almeria\/wp-json\/wp\/v2\/posts"}],"about":[{"href":"https:\/\/ajeandalucia.org\/almeria\/wp-json\/wp\/v2\/types\/post"}],"author":[{"embeddable":true,"href":"https:\/\/ajeandalucia.org\/almeria\/wp-json\/wp\/v2\/users\/3"}],"replies":[{"embeddable":true,"href":"https:\/\/ajeandalucia.org\/almeria\/wp-json\/wp\/v2\/comments?post=2606"}],"version-history":[{"count":2,"href":"https:\/\/ajeandalucia.org\/almeria\/wp-json\/wp\/v2\/posts\/2606\/revisions"}],"predecessor-version":[{"id":2609,"href":"https:\/\/ajeandalucia.org\/almeria\/wp-json\/wp\/v2\/posts\/2606\/revisions\/2609"}],"wp:featuredmedia":[{"embeddable":true,"href":"https:\/\/ajeandalucia.org\/almeria\/wp-json\/wp\/v2\/media\/2607"}],"wp:attachment":[{"href":"https:\/\/ajeandalucia.org\/almeria\/wp-json\/wp\/v2\/media?parent=2606"}],"wp:term":[{"taxonomy":"category","embeddable":true,"href":"https:\/\/ajeandalucia.org\/almeria\/wp-json\/wp\/v2\/categories?post=2606"},{"taxonomy":"post_tag","embeddable":true,"href":"https:\/\/ajeandalucia.org\/almeria\/wp-json\/wp\/v2\/tags?post=2606"}],"curies":[{"name":"wp","href":"https:\/\/api.w.org\/{rel}","templated":true}]}}