{"id":2683,"date":"2022-05-20T10:08:37","date_gmt":"2022-05-20T10:08:37","guid":{"rendered":"https:\/\/www.ajeandalucia.org\/almeria\/?p=2683"},"modified":"2022-06-02T11:46:58","modified_gmt":"2022-06-02T11:46:58","slug":"galeria-de-los-premios-aje-almeria-2022","status":"publish","type":"post","link":"https:\/\/ajeandalucia.org\/almeria\/2022\/05\/20\/galeria-de-los-premios-aje-almeria-2022\/","title":{"rendered":"Los Premios AJE Almer\u00eda 2022 destacan la labor del tejido empresarial almeriense"},"content":{"rendered":"<p>La Asociaci\u00f3n de J\u00f3venes Empresarios de Almer\u00eda (AJE), en colaboraci\u00f3n con la Diputaci\u00f3n de Almer\u00eda, Cajamar y La Voz de Almer\u00eda celebr\u00f3 la gala los Premios AJE Almer\u00eda 2022 el pasado jueves, 19 de mayo, en el Teatro Ciudad de Berja &#8216;Miguel Salmer\u00f3n&#8217;. Bajo el lema \u2018Conectando Almeria\u2019, la entidad organiz\u00f3 una ceremonia por todo lo alto en la que se puso en valor el tejido empresarial almeriense premiando dos categor\u00edas: \u2018Iniciativa emprendedora\u2019 y \u2018Trayectoria empresarial\u2019.<\/p>\n<p>\u201cHab\u00e9is creado trabajo y progreso. Sabemos el esfuerzo que hac\u00e9is y estamos aqu\u00ed para apoyaros\u201d, explic\u00f3 Jos\u00e9 Carricondo, Vicepresidente Primero de AJE Almer\u00eda.<\/p>\n<p>Asimismo, el alcalde de Berja, Jos\u00e9 Carlos Lupi\u00f3n, agradeci\u00f3 a la asociaci\u00f3n su apuesta por Berja, la labor que han realizado durante sus m\u00e1s de 25 a\u00f1os de trayectoria y mostr\u00f3 apoyo \u201ca todos aquellos que tienen una idea interesante y quieren llevarla a cabo\u201d.<\/p>\n<p>&nbsp;<\/p>\n<p><strong>Premiados<\/strong><\/p>\n<p>En la categor\u00eda Iniciativa Emprendedora, Agualytics, empresa de software especializada en gesti\u00f3n del agua, consigui\u00f3 llevarse el m\u00e1ximo reconocimiento entre el resto de propuestas que presentaron Alma, startup de producci\u00f3n y comercializaci\u00f3n de espirulina; y Conectando Almer\u00eda, empresa dedicada a la digitalizaci\u00f3n del comercio local almeriense.<\/p>\n<p>Por su parte, Climbea se alz\u00f3 con el galard\u00f3n en la categor\u00eda \u2018Trayectoria empresarial\u2019 frente a las propuestas presentadas por Nubik, empresa de soluciones tecnol\u00f3gicas y digitales; Umai, empresa de productos ecol\u00f3gicos y naturales; y Doseguer, empresa dedicada al sector transportes.<\/p>\n<p>Los ganadores de ambas categor\u00edas, Agualytics y Climbea, representar\u00e1n a la provincia almeriense el pr\u00f3ximo 6 de octubre en los premios regionales organizados por AJE que tambi\u00e9n se celebrar\u00e1n en Almer\u00eda.<\/p>\n<p>&nbsp;<\/p>\n<p><strong>Menciones<\/strong><\/p>\n<p>Asimismo, recibieron menciones especiales por su aportaci\u00f3n a la sociedad almeriense Plataforma Tierra, cuyo reconocimiento fue recogido por Tom\u00e1s Ag\u00fcera Camacho; Fundaci\u00f3n MAPFRE, de la mano de Jos\u00e9 Luis Gavil\u00e1n Fern\u00e1ndez, director territorial de MAPFRE en Granada y Almer\u00eda; y Manolo Berenguel, entrenador del Unicaja Costa de Almer\u00eda Voleibol.<\/p>\n<p>Para finalizar, el presidente de la Diputaci\u00f3n Provincial de Almer\u00eda, Javier Aureliano Garc\u00eda, arrop\u00f3 a los j\u00f3venes empresarios en su noche m\u00e1s especial y resalt\u00f3 el papel de las administraciones, que deben facilitar a los emprendedores que den forma a sus ideas y \u201cel valor de sobreponerse a la adversidad, del esfuerzo y la uni\u00f3n ante cualquier problema que pueda surgir. La Diputaci\u00f3n Provincial siempre estar\u00e1 a vuestro lado para impulsaros a lo m\u00e1s alto\u201d, afirm\u00f3 el presidente.<\/p>\n<p>Por su parte, Marta Bosquet, presidenta del Parlamento de Andaluc\u00eda, a\u00f1adi\u00f3: \u201cAlmer\u00eda y Andaluc\u00eda necesita de vuestro impulso, de vuestro esfuerzo, coraje e ideas. De esa energ\u00eda que desprend\u00e9is para seguir transformando esta tierra\u201d.<\/p>\n<p>Jos\u00e9 Gonz\u00e1lez, presidente de AJE Almer\u00eda, puso el broche de oro y no dud\u00f3 en expresar su satisfacci\u00f3n por el tejido empresarial con el que cuenta Almer\u00eda. Asimismo, no quiso despedirse sin agradecer a todos los empresarios y a aquellos que hacen posible que AJE Almer\u00eda lleve m\u00e1s de 25 a\u00f1os defendiendo sus intereses. \u201cMe siento orgulloso de ser empresario, no tenemos que avergonzarnos de ello y debemos llevarlo por bandera\u201d, concluy\u00f3.<\/p>\n<p>La gala estuvo amenizada por la m\u00fasica de Jes\u00fas Cort\u00e9s y el humor del c\u00f3mico malague\u00f1o Javier Peloches. Tras la ceremonia, se llev\u00f3 a cabo un c\u00f3ctel entre los presentes que puso el punto y final a una noche muy esperada por AJE Almer\u00eda con estos Premios tan especiales.<\/p>\n<div id='gallery-1' class='gallery galleryid-2683 gallery-columns-3 gallery-size-medium'><figure class='gallery-item'>\n\t\t\t<div class='gallery-icon landscape'>\n\t\t\t\t<a href='https:\/\/ajeandalucia.org\/almeria\/2022\/05\/20\/galeria-de-los-premios-aje-almeria-2022\/gala-aje-2022-00001\/'><img loading=\"lazy\" decoding=\"async\" width=\"300\" height=\"200\" src=\"https:\/\/ajeandalucia.org\/almeria\/wp-content\/uploads\/sites\/3\/2022\/05\/GALA-AJE-2022-00001-300x200.jpg\" class=\"attachment-medium size-medium\" alt=\"\" srcset=\"https:\/\/ajeandalucia.org\/almeria\/wp-content\/uploads\/sites\/3\/2022\/05\/GALA-AJE-2022-00001-300x200.jpg 300w, https:\/\/ajeandalucia.org\/almeria\/wp-content\/uploads\/sites\/3\/2022\/05\/GALA-AJE-2022-00001-768x511.jpg 768w, https:\/\/ajeandalucia.org\/almeria\/wp-content\/uploads\/sites\/3\/2022\/05\/GALA-AJE-2022-00001-1024x681.jpg 1024w\" sizes=\"auto, (max-width: 300px) 100vw, 300px\" \/><\/a>\n\t\t\t<\/div><\/figure><figure class='gallery-item'>\n\t\t\t<div class='gallery-icon landscape'>\n\t\t\t\t<a href='https:\/\/ajeandalucia.org\/almeria\/2022\/05\/20\/galeria-de-los-premios-aje-almeria-2022\/gala-aje-2022-00003\/'><img loading=\"lazy\" decoding=\"async\" width=\"300\" height=\"200\" src=\"https:\/\/ajeandalucia.org\/almeria\/wp-content\/uploads\/sites\/3\/2022\/05\/GALA-AJE-2022-00003-300x200.jpg\" class=\"attachment-medium size-medium\" alt=\"\" srcset=\"https:\/\/ajeandalucia.org\/almeria\/wp-content\/uploads\/sites\/3\/2022\/05\/GALA-AJE-2022-00003-300x200.jpg 300w, https:\/\/ajeandalucia.org\/almeria\/wp-content\/uploads\/sites\/3\/2022\/05\/GALA-AJE-2022-00003-768x511.jpg 768w, https:\/\/ajeandalucia.org\/almeria\/wp-content\/uploads\/sites\/3\/2022\/05\/GALA-AJE-2022-00003-1024x681.jpg 1024w\" sizes=\"auto, (max-width: 300px) 100vw, 300px\" \/><\/a>\n\t\t\t<\/div><\/figure><figure class='gallery-item'>\n\t\t\t<div class='gallery-icon landscape'>\n\t\t\t\t<a href='https:\/\/ajeandalucia.org\/almeria\/2022\/05\/20\/galeria-de-los-premios-aje-almeria-2022\/gala-aje-2022-00004\/'><img loading=\"lazy\" decoding=\"async\" width=\"300\" height=\"206\" src=\"https:\/\/ajeandalucia.org\/almeria\/wp-content\/uploads\/sites\/3\/2022\/05\/GALA-AJE-2022-00004-300x206.jpg\" class=\"attachment-medium size-medium\" alt=\"\" srcset=\"https:\/\/ajeandalucia.org\/almeria\/wp-content\/uploads\/sites\/3\/2022\/05\/GALA-AJE-2022-00004-300x206.jpg 300w, https:\/\/ajeandalucia.org\/almeria\/wp-content\/uploads\/sites\/3\/2022\/05\/GALA-AJE-2022-00004-768x527.jpg 768w, https:\/\/ajeandalucia.org\/almeria\/wp-content\/uploads\/sites\/3\/2022\/05\/GALA-AJE-2022-00004-1024x703.jpg 1024w\" sizes=\"auto, (max-width: 300px) 100vw, 300px\" \/><\/a>\n\t\t\t<\/div><\/figure><figure class='gallery-item'>\n\t\t\t<div class='gallery-icon landscape'>\n\t\t\t\t<a href='https:\/\/ajeandalucia.org\/almeria\/2022\/05\/20\/galeria-de-los-premios-aje-almeria-2022\/gala-aje-2022-00007\/'><img loading=\"lazy\" decoding=\"async\" width=\"300\" height=\"206\" src=\"https:\/\/ajeandalucia.org\/almeria\/wp-content\/uploads\/sites\/3\/2022\/05\/GALA-AJE-2022-00007-300x206.jpg\" class=\"attachment-medium size-medium\" alt=\"\" srcset=\"https:\/\/ajeandalucia.org\/almeria\/wp-content\/uploads\/sites\/3\/2022\/05\/GALA-AJE-2022-00007-300x206.jpg 300w, https:\/\/ajeandalucia.org\/almeria\/wp-content\/uploads\/sites\/3\/2022\/05\/GALA-AJE-2022-00007-768x528.jpg 768w, https:\/\/ajeandalucia.org\/almeria\/wp-content\/uploads\/sites\/3\/2022\/05\/GALA-AJE-2022-00007-1024x704.jpg 1024w\" sizes=\"auto, (max-width: 300px) 100vw, 300px\" \/><\/a>\n\t\t\t<\/div><\/figure><figure class='gallery-item'>\n\t\t\t<div class='gallery-icon landscape'>\n\t\t\t\t<a href='https:\/\/ajeandalucia.org\/almeria\/2022\/05\/20\/galeria-de-los-premios-aje-almeria-2022\/gala-aje-2022-00008\/'><img loading=\"lazy\" decoding=\"async\" width=\"300\" height=\"201\" src=\"https:\/\/ajeandalucia.org\/almeria\/wp-content\/uploads\/sites\/3\/2022\/05\/GALA-AJE-2022-00008-300x201.jpg\" class=\"attachment-medium size-medium\" alt=\"\" srcset=\"https:\/\/ajeandalucia.org\/almeria\/wp-content\/uploads\/sites\/3\/2022\/05\/GALA-AJE-2022-00008-300x201.jpg 300w, https:\/\/ajeandalucia.org\/almeria\/wp-content\/uploads\/sites\/3\/2022\/05\/GALA-AJE-2022-00008-768x515.jpg 768w, https:\/\/ajeandalucia.org\/almeria\/wp-content\/uploads\/sites\/3\/2022\/05\/GALA-AJE-2022-00008-1024x687.jpg 1024w\" sizes=\"auto, (max-width: 300px) 100vw, 300px\" \/><\/a>\n\t\t\t<\/div><\/figure><figure class='gallery-item'>\n\t\t\t<div class='gallery-icon landscape'>\n\t\t\t\t<a href='https:\/\/ajeandalucia.org\/almeria\/2022\/05\/20\/galeria-de-los-premios-aje-almeria-2022\/gala-aje-2022-00009\/'><img loading=\"lazy\" decoding=\"async\" width=\"300\" height=\"200\" src=\"https:\/\/ajeandalucia.org\/almeria\/wp-content\/uploads\/sites\/3\/2022\/05\/GALA-AJE-2022-00009-300x200.jpg\" class=\"attachment-medium size-medium\" alt=\"\" srcset=\"https:\/\/ajeandalucia.org\/almeria\/wp-content\/uploads\/sites\/3\/2022\/05\/GALA-AJE-2022-00009-300x200.jpg 300w, https:\/\/ajeandalucia.org\/almeria\/wp-content\/uploads\/sites\/3\/2022\/05\/GALA-AJE-2022-00009-768x511.jpg 768w, https:\/\/ajeandalucia.org\/almeria\/wp-content\/uploads\/sites\/3\/2022\/05\/GALA-AJE-2022-00009-1024x681.jpg 1024w\" sizes=\"auto, (max-width: 300px) 100vw, 300px\" \/><\/a>\n\t\t\t<\/div><\/figure><figure class='gallery-item'>\n\t\t\t<div class='gallery-icon landscape'>\n\t\t\t\t<a href='https:\/\/ajeandalucia.org\/almeria\/2022\/05\/20\/galeria-de-los-premios-aje-almeria-2022\/gala-aje-2022-00010\/'><img loading=\"lazy\" decoding=\"async\" width=\"300\" height=\"200\" src=\"https:\/\/ajeandalucia.org\/almeria\/wp-content\/uploads\/sites\/3\/2022\/05\/GALA-AJE-2022-00010-300x200.jpg\" class=\"attachment-medium size-medium\" alt=\"\" srcset=\"https:\/\/ajeandalucia.org\/almeria\/wp-content\/uploads\/sites\/3\/2022\/05\/GALA-AJE-2022-00010-300x200.jpg 300w, https:\/\/ajeandalucia.org\/almeria\/wp-content\/uploads\/sites\/3\/2022\/05\/GALA-AJE-2022-00010-768x511.jpg 768w, https:\/\/ajeandalucia.org\/almeria\/wp-content\/uploads\/sites\/3\/2022\/05\/GALA-AJE-2022-00010-1024x681.jpg 1024w\" sizes=\"auto, (max-width: 300px) 100vw, 300px\" \/><\/a>\n\t\t\t<\/div><\/figure><figure class='gallery-item'>\n\t\t\t<div class='gallery-icon landscape'>\n\t\t\t\t<a href='https:\/\/ajeandalucia.org\/almeria\/2022\/05\/20\/galeria-de-los-premios-aje-almeria-2022\/gala-aje-2022-00013\/'><img loading=\"lazy\" decoding=\"async\" width=\"300\" height=\"200\" src=\"https:\/\/ajeandalucia.org\/almeria\/wp-content\/uploads\/sites\/3\/2022\/05\/GALA-AJE-2022-00013-300x200.jpg\" class=\"attachment-medium size-medium\" alt=\"\" srcset=\"https:\/\/ajeandalucia.org\/almeria\/wp-content\/uploads\/sites\/3\/2022\/05\/GALA-AJE-2022-00013-300x200.jpg 300w, https:\/\/ajeandalucia.org\/almeria\/wp-content\/uploads\/sites\/3\/2022\/05\/GALA-AJE-2022-00013-768x511.jpg 768w, https:\/\/ajeandalucia.org\/almeria\/wp-content\/uploads\/sites\/3\/2022\/05\/GALA-AJE-2022-00013-1024x681.jpg 1024w\" sizes=\"auto, (max-width: 300px) 100vw, 300px\" \/><\/a>\n\t\t\t<\/div><\/figure><figure class='gallery-item'>\n\t\t\t<div class='gallery-icon landscape'>\n\t\t\t\t<a href='https:\/\/ajeandalucia.org\/almeria\/2022\/05\/20\/galeria-de-los-premios-aje-almeria-2022\/gala-aje-2022-00014\/'><img loading=\"lazy\" decoding=\"async\" width=\"300\" height=\"200\" src=\"https:\/\/ajeandalucia.org\/almeria\/wp-content\/uploads\/sites\/3\/2022\/05\/GALA-AJE-2022-00014-300x200.jpg\" class=\"attachment-medium size-medium\" alt=\"\" srcset=\"https:\/\/ajeandalucia.org\/almeria\/wp-content\/uploads\/sites\/3\/2022\/05\/GALA-AJE-2022-00014-300x200.jpg 300w, https:\/\/ajeandalucia.org\/almeria\/wp-content\/uploads\/sites\/3\/2022\/05\/GALA-AJE-2022-00014-768x511.jpg 768w, https:\/\/ajeandalucia.org\/almeria\/wp-content\/uploads\/sites\/3\/2022\/05\/GALA-AJE-2022-00014-1024x681.jpg 1024w\" sizes=\"auto, (max-width: 300px) 100vw, 300px\" \/><\/a>\n\t\t\t<\/div><\/figure><figure class='gallery-item'>\n\t\t\t<div class='gallery-icon landscape'>\n\t\t\t\t<a href='https:\/\/ajeandalucia.org\/almeria\/2022\/05\/20\/galeria-de-los-premios-aje-almeria-2022\/gala-aje-2022-00016\/'><img loading=\"lazy\" decoding=\"async\" width=\"300\" height=\"200\" src=\"https:\/\/ajeandalucia.org\/almeria\/wp-content\/uploads\/sites\/3\/2022\/05\/GALA-AJE-2022-00016-300x200.jpg\" class=\"attachment-medium size-medium\" alt=\"\" srcset=\"https:\/\/ajeandalucia.org\/almeria\/wp-content\/uploads\/sites\/3\/2022\/05\/GALA-AJE-2022-00016-300x200.jpg 300w, https:\/\/ajeandalucia.org\/almeria\/wp-content\/uploads\/sites\/3\/2022\/05\/GALA-AJE-2022-00016-768x511.jpg 768w, https:\/\/ajeandalucia.org\/almeria\/wp-content\/uploads\/sites\/3\/2022\/05\/GALA-AJE-2022-00016-1024x681.jpg 1024w\" sizes=\"auto, (max-width: 300px) 100vw, 300px\" \/><\/a>\n\t\t\t<\/div><\/figure><figure class='gallery-item'>\n\t\t\t<div class='gallery-icon landscape'>\n\t\t\t\t<a href='https:\/\/ajeandalucia.org\/almeria\/2022\/05\/20\/galeria-de-los-premios-aje-almeria-2022\/gala-aje-2022-00018\/'><img loading=\"lazy\" decoding=\"async\" width=\"300\" height=\"200\" src=\"https:\/\/ajeandalucia.org\/almeria\/wp-content\/uploads\/sites\/3\/2022\/05\/GALA-AJE-2022-00018-300x200.jpg\" class=\"attachment-medium size-medium\" alt=\"\" srcset=\"https:\/\/ajeandalucia.org\/almeria\/wp-content\/uploads\/sites\/3\/2022\/05\/GALA-AJE-2022-00018-300x200.jpg 300w, https:\/\/ajeandalucia.org\/almeria\/wp-content\/uploads\/sites\/3\/2022\/05\/GALA-AJE-2022-00018-768x511.jpg 768w, https:\/\/ajeandalucia.org\/almeria\/wp-content\/uploads\/sites\/3\/2022\/05\/GALA-AJE-2022-00018-1024x681.jpg 1024w\" sizes=\"auto, (max-width: 300px) 100vw, 300px\" \/><\/a>\n\t\t\t<\/div><\/figure><figure class='gallery-item'>\n\t\t\t<div class='gallery-icon landscape'>\n\t\t\t\t<a href='https:\/\/ajeandalucia.org\/almeria\/2022\/05\/20\/galeria-de-los-premios-aje-almeria-2022\/gala-aje-2022-00019\/'><img loading=\"lazy\" decoding=\"async\" width=\"300\" height=\"200\" src=\"https:\/\/ajeandalucia.org\/almeria\/wp-content\/uploads\/sites\/3\/2022\/05\/GALA-AJE-2022-00019-300x200.jpg\" class=\"attachment-medium size-medium\" alt=\"\" srcset=\"https:\/\/ajeandalucia.org\/almeria\/wp-content\/uploads\/sites\/3\/2022\/05\/GALA-AJE-2022-00019-300x200.jpg 300w, https:\/\/ajeandalucia.org\/almeria\/wp-content\/uploads\/sites\/3\/2022\/05\/GALA-AJE-2022-00019-768x511.jpg 768w, https:\/\/ajeandalucia.org\/almeria\/wp-content\/uploads\/sites\/3\/2022\/05\/GALA-AJE-2022-00019-1024x681.jpg 1024w\" sizes=\"auto, (max-width: 300px) 100vw, 300px\" \/><\/a>\n\t\t\t<\/div><\/figure><figure class='gallery-item'>\n\t\t\t<div class='gallery-icon landscape'>\n\t\t\t\t<a href='https:\/\/ajeandalucia.org\/almeria\/2022\/05\/20\/galeria-de-los-premios-aje-almeria-2022\/gala-aje-2022-00020\/'><img loading=\"lazy\" decoding=\"async\" width=\"300\" height=\"193\" src=\"https:\/\/ajeandalucia.org\/almeria\/wp-content\/uploads\/sites\/3\/2022\/05\/GALA-AJE-2022-00020-300x193.jpg\" class=\"attachment-medium size-medium\" alt=\"\" srcset=\"https:\/\/ajeandalucia.org\/almeria\/wp-content\/uploads\/sites\/3\/2022\/05\/GALA-AJE-2022-00020-300x193.jpg 300w, https:\/\/ajeandalucia.org\/almeria\/wp-content\/uploads\/sites\/3\/2022\/05\/GALA-AJE-2022-00020-768x495.jpg 768w, https:\/\/ajeandalucia.org\/almeria\/wp-content\/uploads\/sites\/3\/2022\/05\/GALA-AJE-2022-00020-1024x660.jpg 1024w\" sizes=\"auto, (max-width: 300px) 100vw, 300px\" \/><\/a>\n\t\t\t<\/div><\/figure><figure class='gallery-item'>\n\t\t\t<div class='gallery-icon landscape'>\n\t\t\t\t<a href='https:\/\/ajeandalucia.org\/almeria\/2022\/05\/20\/galeria-de-los-premios-aje-almeria-2022\/gala-aje-2022-00021\/'><img loading=\"lazy\" decoding=\"async\" width=\"300\" height=\"200\" src=\"https:\/\/ajeandalucia.org\/almeria\/wp-content\/uploads\/sites\/3\/2022\/05\/GALA-AJE-2022-00021-300x200.jpg\" class=\"attachment-medium size-medium\" alt=\"\" srcset=\"https:\/\/ajeandalucia.org\/almeria\/wp-content\/uploads\/sites\/3\/2022\/05\/GALA-AJE-2022-00021-300x200.jpg 300w, https:\/\/ajeandalucia.org\/almeria\/wp-content\/uploads\/sites\/3\/2022\/05\/GALA-AJE-2022-00021-768x511.jpg 768w, https:\/\/ajeandalucia.org\/almeria\/wp-content\/uploads\/sites\/3\/2022\/05\/GALA-AJE-2022-00021-1024x681.jpg 1024w\" sizes=\"auto, (max-width: 300px) 100vw, 300px\" \/><\/a>\n\t\t\t<\/div><\/figure><figure class='gallery-item'>\n\t\t\t<div class='gallery-icon landscape'>\n\t\t\t\t<a href='https:\/\/ajeandalucia.org\/almeria\/2022\/05\/20\/galeria-de-los-premios-aje-almeria-2022\/gala-aje-2022-00022\/'><img loading=\"lazy\" decoding=\"async\" width=\"300\" height=\"200\" src=\"https:\/\/ajeandalucia.org\/almeria\/wp-content\/uploads\/sites\/3\/2022\/05\/GALA-AJE-2022-00022-300x200.jpg\" class=\"attachment-medium size-medium\" alt=\"\" srcset=\"https:\/\/ajeandalucia.org\/almeria\/wp-content\/uploads\/sites\/3\/2022\/05\/GALA-AJE-2022-00022-300x200.jpg 300w, https:\/\/ajeandalucia.org\/almeria\/wp-content\/uploads\/sites\/3\/2022\/05\/GALA-AJE-2022-00022-768x511.jpg 768w, https:\/\/ajeandalucia.org\/almeria\/wp-content\/uploads\/sites\/3\/2022\/05\/GALA-AJE-2022-00022-1024x681.jpg 1024w\" sizes=\"auto, (max-width: 300px) 100vw, 300px\" \/><\/a>\n\t\t\t<\/div><\/figure><figure class='gallery-item'>\n\t\t\t<div class='gallery-icon landscape'>\n\t\t\t\t<a href='https:\/\/ajeandalucia.org\/almeria\/2022\/05\/20\/galeria-de-los-premios-aje-almeria-2022\/gala-aje-2022-00023\/'><img loading=\"lazy\" decoding=\"async\" width=\"300\" height=\"200\" src=\"https:\/\/ajeandalucia.org\/almeria\/wp-content\/uploads\/sites\/3\/2022\/05\/GALA-AJE-2022-00023-300x200.jpg\" class=\"attachment-medium size-medium\" alt=\"\" srcset=\"https:\/\/ajeandalucia.org\/almeria\/wp-content\/uploads\/sites\/3\/2022\/05\/GALA-AJE-2022-00023-300x200.jpg 300w, https:\/\/ajeandalucia.org\/almeria\/wp-content\/uploads\/sites\/3\/2022\/05\/GALA-AJE-2022-00023-768x511.jpg 768w, https:\/\/ajeandalucia.org\/almeria\/wp-content\/uploads\/sites\/3\/2022\/05\/GALA-AJE-2022-00023-1024x681.jpg 1024w\" sizes=\"auto, (max-width: 300px) 100vw, 300px\" \/><\/a>\n\t\t\t<\/div><\/figure><figure class='gallery-item'>\n\t\t\t<div class='gallery-icon landscape'>\n\t\t\t\t<a href='https:\/\/ajeandalucia.org\/almeria\/2022\/05\/20\/galeria-de-los-premios-aje-almeria-2022\/gala-aje-2022-00024\/'><img loading=\"lazy\" decoding=\"async\" width=\"300\" height=\"200\" src=\"https:\/\/ajeandalucia.org\/almeria\/wp-content\/uploads\/sites\/3\/2022\/05\/GALA-AJE-2022-00024-300x200.jpg\" class=\"attachment-medium size-medium\" alt=\"\" srcset=\"https:\/\/ajeandalucia.org\/almeria\/wp-content\/uploads\/sites\/3\/2022\/05\/GALA-AJE-2022-00024-300x200.jpg 300w, https:\/\/ajeandalucia.org\/almeria\/wp-content\/uploads\/sites\/3\/2022\/05\/GALA-AJE-2022-00024-768x511.jpg 768w, https:\/\/ajeandalucia.org\/almeria\/wp-content\/uploads\/sites\/3\/2022\/05\/GALA-AJE-2022-00024-1024x681.jpg 1024w\" sizes=\"auto, (max-width: 300px) 100vw, 300px\" \/><\/a>\n\t\t\t<\/div><\/figure><figure class='gallery-item'>\n\t\t\t<div class='gallery-icon landscape'>\n\t\t\t\t<a href='https:\/\/ajeandalucia.org\/almeria\/2022\/05\/20\/galeria-de-los-premios-aje-almeria-2022\/gala-aje-2022-00025\/'><img loading=\"lazy\" decoding=\"async\" width=\"300\" height=\"203\" src=\"https:\/\/ajeandalucia.org\/almeria\/wp-content\/uploads\/sites\/3\/2022\/05\/GALA-AJE-2022-00025-300x203.jpg\" class=\"attachment-medium size-medium\" alt=\"\" srcset=\"https:\/\/ajeandalucia.org\/almeria\/wp-content\/uploads\/sites\/3\/2022\/05\/GALA-AJE-2022-00025-300x203.jpg 300w, https:\/\/ajeandalucia.org\/almeria\/wp-content\/uploads\/sites\/3\/2022\/05\/GALA-AJE-2022-00025-768x519.jpg 768w, https:\/\/ajeandalucia.org\/almeria\/wp-content\/uploads\/sites\/3\/2022\/05\/GALA-AJE-2022-00025-1024x692.jpg 1024w\" sizes=\"auto, (max-width: 300px) 100vw, 300px\" \/><\/a>\n\t\t\t<\/div><\/figure><figure class='gallery-item'>\n\t\t\t<div class='gallery-icon landscape'>\n\t\t\t\t<a href='https:\/\/ajeandalucia.org\/almeria\/2022\/05\/20\/galeria-de-los-premios-aje-almeria-2022\/gala-aje-2022-00026\/'><img loading=\"lazy\" decoding=\"async\" width=\"300\" height=\"200\" src=\"https:\/\/ajeandalucia.org\/almeria\/wp-content\/uploads\/sites\/3\/2022\/05\/GALA-AJE-2022-00026-300x200.jpg\" class=\"attachment-medium size-medium\" alt=\"\" srcset=\"https:\/\/ajeandalucia.org\/almeria\/wp-content\/uploads\/sites\/3\/2022\/05\/GALA-AJE-2022-00026-300x200.jpg 300w, https:\/\/ajeandalucia.org\/almeria\/wp-content\/uploads\/sites\/3\/2022\/05\/GALA-AJE-2022-00026-768x511.jpg 768w, https:\/\/ajeandalucia.org\/almeria\/wp-content\/uploads\/sites\/3\/2022\/05\/GALA-AJE-2022-00026-1024x681.jpg 1024w\" sizes=\"auto, (max-width: 300px) 100vw, 300px\" \/><\/a>\n\t\t\t<\/div><\/figure><figure class='gallery-item'>\n\t\t\t<div class='gallery-icon landscape'>\n\t\t\t\t<a href='https:\/\/ajeandalucia.org\/almeria\/2022\/05\/20\/galeria-de-los-premios-aje-almeria-2022\/gala-aje-2022-00027\/'><img loading=\"lazy\" decoding=\"async\" width=\"300\" height=\"205\" src=\"https:\/\/ajeandalucia.org\/almeria\/wp-content\/uploads\/sites\/3\/2022\/05\/GALA-AJE-2022-00027-300x205.jpg\" class=\"attachment-medium size-medium\" alt=\"\" srcset=\"https:\/\/ajeandalucia.org\/almeria\/wp-content\/uploads\/sites\/3\/2022\/05\/GALA-AJE-2022-00027-300x205.jpg 300w, https:\/\/ajeandalucia.org\/almeria\/wp-content\/uploads\/sites\/3\/2022\/05\/GALA-AJE-2022-00027-768x524.jpg 768w, https:\/\/ajeandalucia.org\/almeria\/wp-content\/uploads\/sites\/3\/2022\/05\/GALA-AJE-2022-00027-1024x699.jpg 1024w\" sizes=\"auto, (max-width: 300px) 100vw, 300px\" \/><\/a>\n\t\t\t<\/div><\/figure><figure class='gallery-item'>\n\t\t\t<div class='gallery-icon landscape'>\n\t\t\t\t<a href='https:\/\/ajeandalucia.org\/almeria\/2022\/05\/20\/galeria-de-los-premios-aje-almeria-2022\/gala-aje-2022-00028\/'><img loading=\"lazy\" decoding=\"async\" width=\"300\" height=\"200\" src=\"https:\/\/ajeandalucia.org\/almeria\/wp-content\/uploads\/sites\/3\/2022\/05\/GALA-AJE-2022-00028-300x200.jpg\" class=\"attachment-medium size-medium\" alt=\"\" srcset=\"https:\/\/ajeandalucia.org\/almeria\/wp-content\/uploads\/sites\/3\/2022\/05\/GALA-AJE-2022-00028-300x200.jpg 300w, https:\/\/ajeandalucia.org\/almeria\/wp-content\/uploads\/sites\/3\/2022\/05\/GALA-AJE-2022-00028-768x511.jpg 768w, https:\/\/ajeandalucia.org\/almeria\/wp-content\/uploads\/sites\/3\/2022\/05\/GALA-AJE-2022-00028-1024x681.jpg 1024w\" sizes=\"auto, (max-width: 300px) 100vw, 300px\" \/><\/a>\n\t\t\t<\/div><\/figure><figure class='gallery-item'>\n\t\t\t<div class='gallery-icon landscape'>\n\t\t\t\t<a href='https:\/\/ajeandalucia.org\/almeria\/2022\/05\/20\/galeria-de-los-premios-aje-almeria-2022\/gala-aje-2022-00029\/'><img loading=\"lazy\" decoding=\"async\" width=\"300\" height=\"201\" src=\"https:\/\/ajeandalucia.org\/almeria\/wp-content\/uploads\/sites\/3\/2022\/05\/GALA-AJE-2022-00029-300x201.jpg\" class=\"attachment-medium size-medium\" alt=\"\" srcset=\"https:\/\/ajeandalucia.org\/almeria\/wp-content\/uploads\/sites\/3\/2022\/05\/GALA-AJE-2022-00029-300x201.jpg 300w, https:\/\/ajeandalucia.org\/almeria\/wp-content\/uploads\/sites\/3\/2022\/05\/GALA-AJE-2022-00029-768x515.jpg 768w, https:\/\/ajeandalucia.org\/almeria\/wp-content\/uploads\/sites\/3\/2022\/05\/GALA-AJE-2022-00029-1024x687.jpg 1024w\" sizes=\"auto, (max-width: 300px) 100vw, 300px\" \/><\/a>\n\t\t\t<\/div><\/figure><figure class='gallery-item'>\n\t\t\t<div class='gallery-icon landscape'>\n\t\t\t\t<a href='https:\/\/ajeandalucia.org\/almeria\/2022\/05\/20\/galeria-de-los-premios-aje-almeria-2022\/gala-aje-2022-00031\/'><img loading=\"lazy\" decoding=\"async\" width=\"300\" height=\"200\" src=\"https:\/\/ajeandalucia.org\/almeria\/wp-content\/uploads\/sites\/3\/2022\/05\/GALA-AJE-2022-00031-300x200.jpg\" class=\"attachment-medium size-medium\" alt=\"\" srcset=\"https:\/\/ajeandalucia.org\/almeria\/wp-content\/uploads\/sites\/3\/2022\/05\/GALA-AJE-2022-00031-300x200.jpg 300w, https:\/\/ajeandalucia.org\/almeria\/wp-content\/uploads\/sites\/3\/2022\/05\/GALA-AJE-2022-00031-768x511.jpg 768w, https:\/\/ajeandalucia.org\/almeria\/wp-content\/uploads\/sites\/3\/2022\/05\/GALA-AJE-2022-00031-1024x681.jpg 1024w\" sizes=\"auto, (max-width: 300px) 100vw, 300px\" \/><\/a>\n\t\t\t<\/div><\/figure><figure class='gallery-item'>\n\t\t\t<div class='gallery-icon landscape'>\n\t\t\t\t<a href='https:\/\/ajeandalucia.org\/almeria\/2022\/05\/20\/galeria-de-los-premios-aje-almeria-2022\/gala-aje-2022-00032\/'><img loading=\"lazy\" decoding=\"async\" width=\"300\" height=\"200\" src=\"https:\/\/ajeandalucia.org\/almeria\/wp-content\/uploads\/sites\/3\/2022\/05\/GALA-AJE-2022-00032-300x200.jpg\" class=\"attachment-medium size-medium\" alt=\"\" srcset=\"https:\/\/ajeandalucia.org\/almeria\/wp-content\/uploads\/sites\/3\/2022\/05\/GALA-AJE-2022-00032-300x200.jpg 300w, https:\/\/ajeandalucia.org\/almeria\/wp-content\/uploads\/sites\/3\/2022\/05\/GALA-AJE-2022-00032-768x511.jpg 768w, https:\/\/ajeandalucia.org\/almeria\/wp-content\/uploads\/sites\/3\/2022\/05\/GALA-AJE-2022-00032-1024x681.jpg 1024w\" sizes=\"auto, (max-width: 300px) 100vw, 300px\" \/><\/a>\n\t\t\t<\/div><\/figure><figure class='gallery-item'>\n\t\t\t<div class='gallery-icon landscape'>\n\t\t\t\t<a href='https:\/\/ajeandalucia.org\/almeria\/2022\/05\/20\/galeria-de-los-premios-aje-almeria-2022\/gala-aje-2022-00035\/'><img loading=\"lazy\" decoding=\"async\" width=\"300\" height=\"200\" src=\"https:\/\/ajeandalucia.org\/almeria\/wp-content\/uploads\/sites\/3\/2022\/05\/GALA-AJE-2022-00035-300x200.jpg\" class=\"attachment-medium size-medium\" alt=\"\" srcset=\"https:\/\/ajeandalucia.org\/almeria\/wp-content\/uploads\/sites\/3\/2022\/05\/GALA-AJE-2022-00035-300x200.jpg 300w, https:\/\/ajeandalucia.org\/almeria\/wp-content\/uploads\/sites\/3\/2022\/05\/GALA-AJE-2022-00035-768x511.jpg 768w, https:\/\/ajeandalucia.org\/almeria\/wp-content\/uploads\/sites\/3\/2022\/05\/GALA-AJE-2022-00035-1024x681.jpg 1024w\" sizes=\"auto, (max-width: 300px) 100vw, 300px\" \/><\/a>\n\t\t\t<\/div><\/figure><figure class='gallery-item'>\n\t\t\t<div class='gallery-icon landscape'>\n\t\t\t\t<a href='https:\/\/ajeandalucia.org\/almeria\/2022\/05\/20\/galeria-de-los-premios-aje-almeria-2022\/gala-aje-2022-00037\/'><img loading=\"lazy\" decoding=\"async\" width=\"300\" height=\"200\" src=\"https:\/\/ajeandalucia.org\/almeria\/wp-content\/uploads\/sites\/3\/2022\/05\/GALA-AJE-2022-00037-300x200.jpg\" class=\"attachment-medium size-medium\" alt=\"\" srcset=\"https:\/\/ajeandalucia.org\/almeria\/wp-content\/uploads\/sites\/3\/2022\/05\/GALA-AJE-2022-00037-300x200.jpg 300w, https:\/\/ajeandalucia.org\/almeria\/wp-content\/uploads\/sites\/3\/2022\/05\/GALA-AJE-2022-00037-768x511.jpg 768w, https:\/\/ajeandalucia.org\/almeria\/wp-content\/uploads\/sites\/3\/2022\/05\/GALA-AJE-2022-00037-1024x681.jpg 1024w\" sizes=\"auto, (max-width: 300px) 100vw, 300px\" \/><\/a>\n\t\t\t<\/div><\/figure><figure class='gallery-item'>\n\t\t\t<div class='gallery-icon landscape'>\n\t\t\t\t<a href='https:\/\/ajeandalucia.org\/almeria\/2022\/05\/20\/galeria-de-los-premios-aje-almeria-2022\/gala-aje-2022-00039\/'><img loading=\"lazy\" decoding=\"async\" width=\"300\" height=\"200\" src=\"https:\/\/ajeandalucia.org\/almeria\/wp-content\/uploads\/sites\/3\/2022\/05\/GALA-AJE-2022-00039-300x200.jpg\" class=\"attachment-medium size-medium\" alt=\"\" srcset=\"https:\/\/ajeandalucia.org\/almeria\/wp-content\/uploads\/sites\/3\/2022\/05\/GALA-AJE-2022-00039-300x200.jpg 300w, https:\/\/ajeandalucia.org\/almeria\/wp-content\/uploads\/sites\/3\/2022\/05\/GALA-AJE-2022-00039-768x511.jpg 768w, https:\/\/ajeandalucia.org\/almeria\/wp-content\/uploads\/sites\/3\/2022\/05\/GALA-AJE-2022-00039-1024x681.jpg 1024w\" sizes=\"auto, (max-width: 300px) 100vw, 300px\" \/><\/a>\n\t\t\t<\/div><\/figure><figure class='gallery-item'>\n\t\t\t<div class='gallery-icon landscape'>\n\t\t\t\t<a href='https:\/\/ajeandalucia.org\/almeria\/2022\/05\/20\/galeria-de-los-premios-aje-almeria-2022\/gala-aje-2022-00041\/'><img loading=\"lazy\" decoding=\"async\" width=\"300\" height=\"200\" src=\"https:\/\/ajeandalucia.org\/almeria\/wp-content\/uploads\/sites\/3\/2022\/05\/GALA-AJE-2022-00041-300x200.jpg\" class=\"attachment-medium size-medium\" alt=\"\" srcset=\"https:\/\/ajeandalucia.org\/almeria\/wp-content\/uploads\/sites\/3\/2022\/05\/GALA-AJE-2022-00041-300x200.jpg 300w, https:\/\/ajeandalucia.org\/almeria\/wp-content\/uploads\/sites\/3\/2022\/05\/GALA-AJE-2022-00041-768x511.jpg 768w, https:\/\/ajeandalucia.org\/almeria\/wp-content\/uploads\/sites\/3\/2022\/05\/GALA-AJE-2022-00041-1024x681.jpg 1024w\" sizes=\"auto, (max-width: 300px) 100vw, 300px\" \/><\/a>\n\t\t\t<\/div><\/figure><figure class='gallery-item'>\n\t\t\t<div class='gallery-icon landscape'>\n\t\t\t\t<a href='https:\/\/ajeandalucia.org\/almeria\/2022\/05\/20\/galeria-de-los-premios-aje-almeria-2022\/gala-aje-2022-00044\/'><img loading=\"lazy\" decoding=\"async\" width=\"300\" height=\"200\" src=\"https:\/\/ajeandalucia.org\/almeria\/wp-content\/uploads\/sites\/3\/2022\/05\/GALA-AJE-2022-00044-300x200.jpg\" class=\"attachment-medium size-medium\" alt=\"\" srcset=\"https:\/\/ajeandalucia.org\/almeria\/wp-content\/uploads\/sites\/3\/2022\/05\/GALA-AJE-2022-00044-300x200.jpg 300w, https:\/\/ajeandalucia.org\/almeria\/wp-content\/uploads\/sites\/3\/2022\/05\/GALA-AJE-2022-00044-768x511.jpg 768w, https:\/\/ajeandalucia.org\/almeria\/wp-content\/uploads\/sites\/3\/2022\/05\/GALA-AJE-2022-00044-1024x681.jpg 1024w\" sizes=\"auto, (max-width: 300px) 100vw, 300px\" \/><\/a>\n\t\t\t<\/div><\/figure><figure class='gallery-item'>\n\t\t\t<div class='gallery-icon landscape'>\n\t\t\t\t<a href='https:\/\/ajeandalucia.org\/almeria\/2022\/05\/20\/galeria-de-los-premios-aje-almeria-2022\/gala-aje-2022-00045\/'><img loading=\"lazy\" decoding=\"async\" width=\"300\" height=\"200\" src=\"https:\/\/ajeandalucia.org\/almeria\/wp-content\/uploads\/sites\/3\/2022\/05\/GALA-AJE-2022-00045-300x200.jpg\" class=\"attachment-medium size-medium\" alt=\"\" srcset=\"https:\/\/ajeandalucia.org\/almeria\/wp-content\/uploads\/sites\/3\/2022\/05\/GALA-AJE-2022-00045-300x200.jpg 300w, https:\/\/ajeandalucia.org\/almeria\/wp-content\/uploads\/sites\/3\/2022\/05\/GALA-AJE-2022-00045-768x511.jpg 768w, https:\/\/ajeandalucia.org\/almeria\/wp-content\/uploads\/sites\/3\/2022\/05\/GALA-AJE-2022-00045-1024x681.jpg 1024w\" sizes=\"auto, (max-width: 300px) 100vw, 300px\" \/><\/a>\n\t\t\t<\/div><\/figure><figure class='gallery-item'>\n\t\t\t<div class='gallery-icon landscape'>\n\t\t\t\t<a href='https:\/\/ajeandalucia.org\/almeria\/2022\/05\/20\/galeria-de-los-premios-aje-almeria-2022\/gala-aje-2022-00046\/'><img loading=\"lazy\" decoding=\"async\" width=\"300\" height=\"200\" src=\"https:\/\/ajeandalucia.org\/almeria\/wp-content\/uploads\/sites\/3\/2022\/05\/GALA-AJE-2022-00046-300x200.jpg\" class=\"attachment-medium size-medium\" alt=\"\" srcset=\"https:\/\/ajeandalucia.org\/almeria\/wp-content\/uploads\/sites\/3\/2022\/05\/GALA-AJE-2022-00046-300x200.jpg 300w, https:\/\/ajeandalucia.org\/almeria\/wp-content\/uploads\/sites\/3\/2022\/05\/GALA-AJE-2022-00046-768x511.jpg 768w, https:\/\/ajeandalucia.org\/almeria\/wp-content\/uploads\/sites\/3\/2022\/05\/GALA-AJE-2022-00046-1024x681.jpg 1024w\" sizes=\"auto, (max-width: 300px) 100vw, 300px\" \/><\/a>\n\t\t\t<\/div><\/figure><figure class='gallery-item'>\n\t\t\t<div class='gallery-icon landscape'>\n\t\t\t\t<a href='https:\/\/ajeandalucia.org\/almeria\/2022\/05\/20\/galeria-de-los-premios-aje-almeria-2022\/gala-aje-2022-00047\/'><img loading=\"lazy\" decoding=\"async\" width=\"300\" height=\"200\" src=\"https:\/\/ajeandalucia.org\/almeria\/wp-content\/uploads\/sites\/3\/2022\/05\/GALA-AJE-2022-00047-300x200.jpg\" class=\"attachment-medium size-medium\" alt=\"\" srcset=\"https:\/\/ajeandalucia.org\/almeria\/wp-content\/uploads\/sites\/3\/2022\/05\/GALA-AJE-2022-00047-300x200.jpg 300w, https:\/\/ajeandalucia.org\/almeria\/wp-content\/uploads\/sites\/3\/2022\/05\/GALA-AJE-2022-00047-768x511.jpg 768w, https:\/\/ajeandalucia.org\/almeria\/wp-content\/uploads\/sites\/3\/2022\/05\/GALA-AJE-2022-00047-1024x681.jpg 1024w\" sizes=\"auto, (max-width: 300px) 100vw, 300px\" \/><\/a>\n\t\t\t<\/div><\/figure><figure class='gallery-item'>\n\t\t\t<div class='gallery-icon landscape'>\n\t\t\t\t<a href='https:\/\/ajeandalucia.org\/almeria\/2022\/05\/20\/galeria-de-los-premios-aje-almeria-2022\/gala-aje-2022-00048\/'><img loading=\"lazy\" decoding=\"async\" width=\"300\" height=\"215\" src=\"https:\/\/ajeandalucia.org\/almeria\/wp-content\/uploads\/sites\/3\/2022\/05\/GALA-AJE-2022-00048-300x215.jpg\" class=\"attachment-medium size-medium\" alt=\"\" srcset=\"https:\/\/ajeandalucia.org\/almeria\/wp-content\/uploads\/sites\/3\/2022\/05\/GALA-AJE-2022-00048-300x215.jpg 300w, https:\/\/ajeandalucia.org\/almeria\/wp-content\/uploads\/sites\/3\/2022\/05\/GALA-AJE-2022-00048-768x551.jpg 768w, https:\/\/ajeandalucia.org\/almeria\/wp-content\/uploads\/sites\/3\/2022\/05\/GALA-AJE-2022-00048-1024x734.jpg 1024w\" sizes=\"auto, (max-width: 300px) 100vw, 300px\" \/><\/a>\n\t\t\t<\/div><\/figure><figure class='gallery-item'>\n\t\t\t<div class='gallery-icon landscape'>\n\t\t\t\t<a href='https:\/\/ajeandalucia.org\/almeria\/2022\/05\/20\/galeria-de-los-premios-aje-almeria-2022\/gala-aje-2022-00049\/'><img loading=\"lazy\" decoding=\"async\" width=\"300\" height=\"200\" src=\"https:\/\/ajeandalucia.org\/almeria\/wp-content\/uploads\/sites\/3\/2022\/05\/GALA-AJE-2022-00049-300x200.jpg\" class=\"attachment-medium size-medium\" alt=\"\" srcset=\"https:\/\/ajeandalucia.org\/almeria\/wp-content\/uploads\/sites\/3\/2022\/05\/GALA-AJE-2022-00049-300x200.jpg 300w, https:\/\/ajeandalucia.org\/almeria\/wp-content\/uploads\/sites\/3\/2022\/05\/GALA-AJE-2022-00049-768x511.jpg 768w, https:\/\/ajeandalucia.org\/almeria\/wp-content\/uploads\/sites\/3\/2022\/05\/GALA-AJE-2022-00049-1024x681.jpg 1024w\" sizes=\"auto, (max-width: 300px) 100vw, 300px\" \/><\/a>\n\t\t\t<\/div><\/figure><figure class='gallery-item'>\n\t\t\t<div class='gallery-icon landscape'>\n\t\t\t\t<a href='https:\/\/ajeandalucia.org\/almeria\/2022\/05\/20\/galeria-de-los-premios-aje-almeria-2022\/gala-aje-2022-00050\/'><img loading=\"lazy\" decoding=\"async\" width=\"300\" height=\"200\" src=\"https:\/\/ajeandalucia.org\/almeria\/wp-content\/uploads\/sites\/3\/2022\/05\/GALA-AJE-2022-00050-300x200.jpg\" class=\"attachment-medium size-medium\" alt=\"\" srcset=\"https:\/\/ajeandalucia.org\/almeria\/wp-content\/uploads\/sites\/3\/2022\/05\/GALA-AJE-2022-00050-300x200.jpg 300w, https:\/\/ajeandalucia.org\/almeria\/wp-content\/uploads\/sites\/3\/2022\/05\/GALA-AJE-2022-00050-768x511.jpg 768w, https:\/\/ajeandalucia.org\/almeria\/wp-content\/uploads\/sites\/3\/2022\/05\/GALA-AJE-2022-00050-1024x681.jpg 1024w\" sizes=\"auto, (max-width: 300px) 100vw, 300px\" \/><\/a>\n\t\t\t<\/div><\/figure><figure class='gallery-item'>\n\t\t\t<div class='gallery-icon landscape'>\n\t\t\t\t<a href='https:\/\/ajeandalucia.org\/almeria\/2022\/05\/20\/galeria-de-los-premios-aje-almeria-2022\/gala-aje-2022-00051\/'><img loading=\"lazy\" decoding=\"async\" width=\"300\" height=\"200\" src=\"https:\/\/ajeandalucia.org\/almeria\/wp-content\/uploads\/sites\/3\/2022\/05\/GALA-AJE-2022-00051-300x200.jpg\" class=\"attachment-medium size-medium\" alt=\"\" srcset=\"https:\/\/ajeandalucia.org\/almeria\/wp-content\/uploads\/sites\/3\/2022\/05\/GALA-AJE-2022-00051-300x200.jpg 300w, https:\/\/ajeandalucia.org\/almeria\/wp-content\/uploads\/sites\/3\/2022\/05\/GALA-AJE-2022-00051-768x511.jpg 768w, https:\/\/ajeandalucia.org\/almeria\/wp-content\/uploads\/sites\/3\/2022\/05\/GALA-AJE-2022-00051-1024x681.jpg 1024w\" sizes=\"auto, (max-width: 300px) 100vw, 300px\" \/><\/a>\n\t\t\t<\/div><\/figure><figure class='gallery-item'>\n\t\t\t<div class='gallery-icon landscape'>\n\t\t\t\t<a href='https:\/\/ajeandalucia.org\/almeria\/2022\/05\/20\/galeria-de-los-premios-aje-almeria-2022\/gala-aje-2022-00052\/'><img loading=\"lazy\" decoding=\"async\" width=\"300\" height=\"200\" src=\"https:\/\/ajeandalucia.org\/almeria\/wp-content\/uploads\/sites\/3\/2022\/05\/GALA-AJE-2022-00052-300x200.jpg\" class=\"attachment-medium size-medium\" alt=\"\" srcset=\"https:\/\/ajeandalucia.org\/almeria\/wp-content\/uploads\/sites\/3\/2022\/05\/GALA-AJE-2022-00052-300x200.jpg 300w, https:\/\/ajeandalucia.org\/almeria\/wp-content\/uploads\/sites\/3\/2022\/05\/GALA-AJE-2022-00052-768x511.jpg 768w, https:\/\/ajeandalucia.org\/almeria\/wp-content\/uploads\/sites\/3\/2022\/05\/GALA-AJE-2022-00052-1024x681.jpg 1024w\" sizes=\"auto, (max-width: 300px) 100vw, 300px\" \/><\/a>\n\t\t\t<\/div><\/figure><figure class='gallery-item'>\n\t\t\t<div class='gallery-icon landscape'>\n\t\t\t\t<a href='https:\/\/ajeandalucia.org\/almeria\/2022\/05\/20\/galeria-de-los-premios-aje-almeria-2022\/gala-aje-2022-00053\/'><img loading=\"lazy\" decoding=\"async\" width=\"300\" height=\"205\" src=\"https:\/\/ajeandalucia.org\/almeria\/wp-content\/uploads\/sites\/3\/2022\/05\/GALA-AJE-2022-00053-300x205.jpg\" class=\"attachment-medium size-medium\" alt=\"\" srcset=\"https:\/\/ajeandalucia.org\/almeria\/wp-content\/uploads\/sites\/3\/2022\/05\/GALA-AJE-2022-00053-300x205.jpg 300w, https:\/\/ajeandalucia.org\/almeria\/wp-content\/uploads\/sites\/3\/2022\/05\/GALA-AJE-2022-00053-768x524.jpg 768w, https:\/\/ajeandalucia.org\/almeria\/wp-content\/uploads\/sites\/3\/2022\/05\/GALA-AJE-2022-00053-1024x699.jpg 1024w\" sizes=\"auto, (max-width: 300px) 100vw, 300px\" \/><\/a>\n\t\t\t<\/div><\/figure><figure class='gallery-item'>\n\t\t\t<div class='gallery-icon landscape'>\n\t\t\t\t<a href='https:\/\/ajeandalucia.org\/almeria\/2022\/05\/20\/galeria-de-los-premios-aje-almeria-2022\/gala-aje-2022-00054\/'><img loading=\"lazy\" decoding=\"async\" width=\"300\" height=\"200\" src=\"https:\/\/ajeandalucia.org\/almeria\/wp-content\/uploads\/sites\/3\/2022\/05\/GALA-AJE-2022-00054-300x200.jpg\" class=\"attachment-medium size-medium\" alt=\"\" srcset=\"https:\/\/ajeandalucia.org\/almeria\/wp-content\/uploads\/sites\/3\/2022\/05\/GALA-AJE-2022-00054-300x200.jpg 300w, https:\/\/ajeandalucia.org\/almeria\/wp-content\/uploads\/sites\/3\/2022\/05\/GALA-AJE-2022-00054-768x511.jpg 768w, https:\/\/ajeandalucia.org\/almeria\/wp-content\/uploads\/sites\/3\/2022\/05\/GALA-AJE-2022-00054-1024x681.jpg 1024w\" sizes=\"auto, (max-width: 300px) 100vw, 300px\" \/><\/a>\n\t\t\t<\/div><\/figure><figure class='gallery-item'>\n\t\t\t<div class='gallery-icon landscape'>\n\t\t\t\t<a href='https:\/\/ajeandalucia.org\/almeria\/2022\/05\/20\/galeria-de-los-premios-aje-almeria-2022\/gala-aje-2022-00055\/'><img loading=\"lazy\" decoding=\"async\" width=\"300\" height=\"195\" src=\"https:\/\/ajeandalucia.org\/almeria\/wp-content\/uploads\/sites\/3\/2022\/05\/GALA-AJE-2022-00055-300x195.jpg\" class=\"attachment-medium size-medium\" alt=\"\" srcset=\"https:\/\/ajeandalucia.org\/almeria\/wp-content\/uploads\/sites\/3\/2022\/05\/GALA-AJE-2022-00055-300x195.jpg 300w, https:\/\/ajeandalucia.org\/almeria\/wp-content\/uploads\/sites\/3\/2022\/05\/GALA-AJE-2022-00055-768x499.jpg 768w, https:\/\/ajeandalucia.org\/almeria\/wp-content\/uploads\/sites\/3\/2022\/05\/GALA-AJE-2022-00055-1024x665.jpg 1024w\" sizes=\"auto, (max-width: 300px) 100vw, 300px\" \/><\/a>\n\t\t\t<\/div><\/figure><figure class='gallery-item'>\n\t\t\t<div class='gallery-icon landscape'>\n\t\t\t\t<a href='https:\/\/ajeandalucia.org\/almeria\/2022\/05\/20\/galeria-de-los-premios-aje-almeria-2022\/gala-aje-2022-00056\/'><img loading=\"lazy\" decoding=\"async\" width=\"300\" height=\"200\" src=\"https:\/\/ajeandalucia.org\/almeria\/wp-content\/uploads\/sites\/3\/2022\/05\/GALA-AJE-2022-00056-300x200.jpg\" class=\"attachment-medium size-medium\" alt=\"\" srcset=\"https:\/\/ajeandalucia.org\/almeria\/wp-content\/uploads\/sites\/3\/2022\/05\/GALA-AJE-2022-00056-300x200.jpg 300w, https:\/\/ajeandalucia.org\/almeria\/wp-content\/uploads\/sites\/3\/2022\/05\/GALA-AJE-2022-00056-768x511.jpg 768w, https:\/\/ajeandalucia.org\/almeria\/wp-content\/uploads\/sites\/3\/2022\/05\/GALA-AJE-2022-00056-1024x681.jpg 1024w\" sizes=\"auto, (max-width: 300px) 100vw, 300px\" \/><\/a>\n\t\t\t<\/div><\/figure><figure class='gallery-item'>\n\t\t\t<div class='gallery-icon landscape'>\n\t\t\t\t<a href='https:\/\/ajeandalucia.org\/almeria\/2022\/05\/20\/galeria-de-los-premios-aje-almeria-2022\/gala-aje-2022-00059\/'><img loading=\"lazy\" decoding=\"async\" width=\"300\" height=\"200\" src=\"https:\/\/ajeandalucia.org\/almeria\/wp-content\/uploads\/sites\/3\/2022\/05\/GALA-AJE-2022-00059-300x200.jpg\" class=\"attachment-medium size-medium\" alt=\"\" srcset=\"https:\/\/ajeandalucia.org\/almeria\/wp-content\/uploads\/sites\/3\/2022\/05\/GALA-AJE-2022-00059-300x200.jpg 300w, https:\/\/ajeandalucia.org\/almeria\/wp-content\/uploads\/sites\/3\/2022\/05\/GALA-AJE-2022-00059-768x512.jpg 768w, https:\/\/ajeandalucia.org\/almeria\/wp-content\/uploads\/sites\/3\/2022\/05\/GALA-AJE-2022-00059-1024x683.jpg 1024w\" sizes=\"auto, (max-width: 300px) 100vw, 300px\" \/><\/a>\n\t\t\t<\/div><\/figure><figure class='gallery-item'>\n\t\t\t<div class='gallery-icon landscape'>\n\t\t\t\t<a href='https:\/\/ajeandalucia.org\/almeria\/2022\/05\/20\/galeria-de-los-premios-aje-almeria-2022\/gala-aje-2022-00064\/'><img loading=\"lazy\" decoding=\"async\" width=\"300\" height=\"200\" src=\"https:\/\/ajeandalucia.org\/almeria\/wp-content\/uploads\/sites\/3\/2022\/05\/GALA-AJE-2022-00064-300x200.jpg\" class=\"attachment-medium size-medium\" alt=\"\" srcset=\"https:\/\/ajeandalucia.org\/almeria\/wp-content\/uploads\/sites\/3\/2022\/05\/GALA-AJE-2022-00064-300x200.jpg 300w, https:\/\/ajeandalucia.org\/almeria\/wp-content\/uploads\/sites\/3\/2022\/05\/GALA-AJE-2022-00064-768x512.jpg 768w, https:\/\/ajeandalucia.org\/almeria\/wp-content\/uploads\/sites\/3\/2022\/05\/GALA-AJE-2022-00064-1024x683.jpg 1024w\" sizes=\"auto, (max-width: 300px) 100vw, 300px\" \/><\/a>\n\t\t\t<\/div><\/figure><figure class='gallery-item'>\n\t\t\t<div class='gallery-icon landscape'>\n\t\t\t\t<a href='https:\/\/ajeandalucia.org\/almeria\/2022\/05\/20\/galeria-de-los-premios-aje-almeria-2022\/gala-aje-2022-00069\/'><img loading=\"lazy\" decoding=\"async\" width=\"300\" height=\"200\" src=\"https:\/\/ajeandalucia.org\/almeria\/wp-content\/uploads\/sites\/3\/2022\/05\/GALA-AJE-2022-00069-300x200.jpg\" class=\"attachment-medium size-medium\" alt=\"\" srcset=\"https:\/\/ajeandalucia.org\/almeria\/wp-content\/uploads\/sites\/3\/2022\/05\/GALA-AJE-2022-00069-300x200.jpg 300w, https:\/\/ajeandalucia.org\/almeria\/wp-content\/uploads\/sites\/3\/2022\/05\/GALA-AJE-2022-00069-768x511.jpg 768w, https:\/\/ajeandalucia.org\/almeria\/wp-content\/uploads\/sites\/3\/2022\/05\/GALA-AJE-2022-00069-1024x681.jpg 1024w\" sizes=\"auto, (max-width: 300px) 100vw, 300px\" \/><\/a>\n\t\t\t<\/div><\/figure><figure class='gallery-item'>\n\t\t\t<div class='gallery-icon landscape'>\n\t\t\t\t<a href='https:\/\/ajeandalucia.org\/almeria\/2022\/05\/20\/galeria-de-los-premios-aje-almeria-2022\/gala-aje-2022-00070\/'><img loading=\"lazy\" decoding=\"async\" width=\"300\" height=\"200\" src=\"https:\/\/ajeandalucia.org\/almeria\/wp-content\/uploads\/sites\/3\/2022\/05\/GALA-AJE-2022-00070-300x200.jpg\" class=\"attachment-medium size-medium\" alt=\"\" srcset=\"https:\/\/ajeandalucia.org\/almeria\/wp-content\/uploads\/sites\/3\/2022\/05\/GALA-AJE-2022-00070-300x200.jpg 300w, https:\/\/ajeandalucia.org\/almeria\/wp-content\/uploads\/sites\/3\/2022\/05\/GALA-AJE-2022-00070-768x512.jpg 768w, https:\/\/ajeandalucia.org\/almeria\/wp-content\/uploads\/sites\/3\/2022\/05\/GALA-AJE-2022-00070-1024x683.jpg 1024w\" sizes=\"auto, (max-width: 300px) 100vw, 300px\" \/><\/a>\n\t\t\t<\/div><\/figure><figure class='gallery-item'>\n\t\t\t<div class='gallery-icon landscape'>\n\t\t\t\t<a href='https:\/\/ajeandalucia.org\/almeria\/2022\/05\/20\/galeria-de-los-premios-aje-almeria-2022\/gala-aje-2022-00077\/'><img loading=\"lazy\" decoding=\"async\" width=\"300\" height=\"200\" src=\"https:\/\/ajeandalucia.org\/almeria\/wp-content\/uploads\/sites\/3\/2022\/05\/GALA-AJE-2022-00077-300x200.jpg\" class=\"attachment-medium size-medium\" alt=\"\" srcset=\"https:\/\/ajeandalucia.org\/almeria\/wp-content\/uploads\/sites\/3\/2022\/05\/GALA-AJE-2022-00077-300x200.jpg 300w, https:\/\/ajeandalucia.org\/almeria\/wp-content\/uploads\/sites\/3\/2022\/05\/GALA-AJE-2022-00077-768x512.jpg 768w, https:\/\/ajeandalucia.org\/almeria\/wp-content\/uploads\/sites\/3\/2022\/05\/GALA-AJE-2022-00077-1024x683.jpg 1024w\" sizes=\"auto, (max-width: 300px) 100vw, 300px\" \/><\/a>\n\t\t\t<\/div><\/figure><figure class='gallery-item'>\n\t\t\t<div class='gallery-icon landscape'>\n\t\t\t\t<a href='https:\/\/ajeandalucia.org\/almeria\/2022\/05\/20\/galeria-de-los-premios-aje-almeria-2022\/gala-aje-2022-00082\/'><img loading=\"lazy\" decoding=\"async\" width=\"300\" height=\"200\" src=\"https:\/\/ajeandalucia.org\/almeria\/wp-content\/uploads\/sites\/3\/2022\/05\/GALA-AJE-2022-00082-300x200.jpg\" class=\"attachment-medium size-medium\" alt=\"\" srcset=\"https:\/\/ajeandalucia.org\/almeria\/wp-content\/uploads\/sites\/3\/2022\/05\/GALA-AJE-2022-00082-300x200.jpg 300w, https:\/\/ajeandalucia.org\/almeria\/wp-content\/uploads\/sites\/3\/2022\/05\/GALA-AJE-2022-00082-768x511.jpg 768w, https:\/\/ajeandalucia.org\/almeria\/wp-content\/uploads\/sites\/3\/2022\/05\/GALA-AJE-2022-00082-1024x681.jpg 1024w\" sizes=\"auto, (max-width: 300px) 100vw, 300px\" \/><\/a>\n\t\t\t<\/div><\/figure><figure class='gallery-item'>\n\t\t\t<div class='gallery-icon landscape'>\n\t\t\t\t<a href='https:\/\/ajeandalucia.org\/almeria\/2022\/05\/20\/galeria-de-los-premios-aje-almeria-2022\/gala-aje-2022-00084\/'><img loading=\"lazy\" decoding=\"async\" width=\"300\" height=\"200\" src=\"https:\/\/ajeandalucia.org\/almeria\/wp-content\/uploads\/sites\/3\/2022\/05\/GALA-AJE-2022-00084-300x200.jpg\" class=\"attachment-medium size-medium\" alt=\"\" srcset=\"https:\/\/ajeandalucia.org\/almeria\/wp-content\/uploads\/sites\/3\/2022\/05\/GALA-AJE-2022-00084-300x200.jpg 300w, https:\/\/ajeandalucia.org\/almeria\/wp-content\/uploads\/sites\/3\/2022\/05\/GALA-AJE-2022-00084-768x512.jpg 768w, https:\/\/ajeandalucia.org\/almeria\/wp-content\/uploads\/sites\/3\/2022\/05\/GALA-AJE-2022-00084-1024x683.jpg 1024w\" sizes=\"auto, (max-width: 300px) 100vw, 300px\" \/><\/a>\n\t\t\t<\/div><\/figure><figure class='gallery-item'>\n\t\t\t<div class='gallery-icon landscape'>\n\t\t\t\t<a href='https:\/\/ajeandalucia.org\/almeria\/2022\/05\/20\/galeria-de-los-premios-aje-almeria-2022\/gala-aje-2022-00089\/'><img loading=\"lazy\" decoding=\"async\" width=\"300\" height=\"200\" src=\"https:\/\/ajeandalucia.org\/almeria\/wp-content\/uploads\/sites\/3\/2022\/05\/GALA-AJE-2022-00089-300x200.jpg\" class=\"attachment-medium size-medium\" alt=\"\" srcset=\"https:\/\/ajeandalucia.org\/almeria\/wp-content\/uploads\/sites\/3\/2022\/05\/GALA-AJE-2022-00089-300x200.jpg 300w, https:\/\/ajeandalucia.org\/almeria\/wp-content\/uploads\/sites\/3\/2022\/05\/GALA-AJE-2022-00089-768x512.jpg 768w, https:\/\/ajeandalucia.org\/almeria\/wp-content\/uploads\/sites\/3\/2022\/05\/GALA-AJE-2022-00089-1024x683.jpg 1024w\" sizes=\"auto, (max-width: 300px) 100vw, 300px\" \/><\/a>\n\t\t\t<\/div><\/figure><figure class='gallery-item'>\n\t\t\t<div class='gallery-icon landscape'>\n\t\t\t\t<a href='https:\/\/ajeandalucia.org\/almeria\/2022\/05\/20\/galeria-de-los-premios-aje-almeria-2022\/gala-aje-2022-00090\/'><img loading=\"lazy\" decoding=\"async\" width=\"300\" height=\"200\" src=\"https:\/\/ajeandalucia.org\/almeria\/wp-content\/uploads\/sites\/3\/2022\/05\/GALA-AJE-2022-00090-300x200.jpg\" class=\"attachment-medium size-medium\" alt=\"\" srcset=\"https:\/\/ajeandalucia.org\/almeria\/wp-content\/uploads\/sites\/3\/2022\/05\/GALA-AJE-2022-00090-300x200.jpg 300w, https:\/\/ajeandalucia.org\/almeria\/wp-content\/uploads\/sites\/3\/2022\/05\/GALA-AJE-2022-00090-768x512.jpg 768w, https:\/\/ajeandalucia.org\/almeria\/wp-content\/uploads\/sites\/3\/2022\/05\/GALA-AJE-2022-00090-1024x683.jpg 1024w\" sizes=\"auto, (max-width: 300px) 100vw, 300px\" \/><\/a>\n\t\t\t<\/div><\/figure><figure class='gallery-item'>\n\t\t\t<div class='gallery-icon landscape'>\n\t\t\t\t<a href='https:\/\/ajeandalucia.org\/almeria\/2022\/05\/20\/galeria-de-los-premios-aje-almeria-2022\/gala-aje-2022-00102\/'><img loading=\"lazy\" decoding=\"async\" width=\"300\" height=\"200\" src=\"https:\/\/ajeandalucia.org\/almeria\/wp-content\/uploads\/sites\/3\/2022\/05\/GALA-AJE-2022-00102-300x200.jpg\" class=\"attachment-medium size-medium\" alt=\"\" srcset=\"https:\/\/ajeandalucia.org\/almeria\/wp-content\/uploads\/sites\/3\/2022\/05\/GALA-AJE-2022-00102-300x200.jpg 300w, https:\/\/ajeandalucia.org\/almeria\/wp-content\/uploads\/sites\/3\/2022\/05\/GALA-AJE-2022-00102-768x512.jpg 768w, https:\/\/ajeandalucia.org\/almeria\/wp-content\/uploads\/sites\/3\/2022\/05\/GALA-AJE-2022-00102-1024x683.jpg 1024w\" sizes=\"auto, (max-width: 300px) 100vw, 300px\" \/><\/a>\n\t\t\t<\/div><\/figure><figure class='gallery-item'>\n\t\t\t<div class='gallery-icon landscape'>\n\t\t\t\t<a href='https:\/\/ajeandalucia.org\/almeria\/2022\/05\/20\/galeria-de-los-premios-aje-almeria-2022\/gala-aje-2022-00104\/'><img loading=\"lazy\" decoding=\"async\" width=\"300\" height=\"201\" src=\"https:\/\/ajeandalucia.org\/almeria\/wp-content\/uploads\/sites\/3\/2022\/05\/GALA-AJE-2022-00104-300x201.jpg\" class=\"attachment-medium size-medium\" alt=\"\" srcset=\"https:\/\/ajeandalucia.org\/almeria\/wp-content\/uploads\/sites\/3\/2022\/05\/GALA-AJE-2022-00104-300x201.jpg 300w, https:\/\/ajeandalucia.org\/almeria\/wp-content\/uploads\/sites\/3\/2022\/05\/GALA-AJE-2022-00104-768x515.jpg 768w, https:\/\/ajeandalucia.org\/almeria\/wp-content\/uploads\/sites\/3\/2022\/05\/GALA-AJE-2022-00104-1024x686.jpg 1024w\" sizes=\"auto, (max-width: 300px) 100vw, 300px\" \/><\/a>\n\t\t\t<\/div><\/figure><figure class='gallery-item'>\n\t\t\t<div class='gallery-icon landscape'>\n\t\t\t\t<a href='https:\/\/ajeandalucia.org\/almeria\/2022\/05\/20\/galeria-de-los-premios-aje-almeria-2022\/gala-aje-2022-00106\/'><img loading=\"lazy\" decoding=\"async\" width=\"300\" height=\"200\" src=\"https:\/\/ajeandalucia.org\/almeria\/wp-content\/uploads\/sites\/3\/2022\/05\/GALA-AJE-2022-00106-300x200.jpg\" class=\"attachment-medium size-medium\" alt=\"\" srcset=\"https:\/\/ajeandalucia.org\/almeria\/wp-content\/uploads\/sites\/3\/2022\/05\/GALA-AJE-2022-00106-300x200.jpg 300w, https:\/\/ajeandalucia.org\/almeria\/wp-content\/uploads\/sites\/3\/2022\/05\/GALA-AJE-2022-00106-768x511.jpg 768w, https:\/\/ajeandalucia.org\/almeria\/wp-content\/uploads\/sites\/3\/2022\/05\/GALA-AJE-2022-00106-1024x681.jpg 1024w\" sizes=\"auto, (max-width: 300px) 100vw, 300px\" \/><\/a>\n\t\t\t<\/div><\/figure><figure class='gallery-item'>\n\t\t\t<div class='gallery-icon landscape'>\n\t\t\t\t<a href='https:\/\/ajeandalucia.org\/almeria\/2022\/05\/20\/galeria-de-los-premios-aje-almeria-2022\/gala-aje-2022-00109\/'><img loading=\"lazy\" decoding=\"async\" width=\"300\" height=\"200\" src=\"https:\/\/ajeandalucia.org\/almeria\/wp-content\/uploads\/sites\/3\/2022\/05\/GALA-AJE-2022-00109-300x200.jpg\" class=\"attachment-medium size-medium\" alt=\"\" srcset=\"https:\/\/ajeandalucia.org\/almeria\/wp-content\/uploads\/sites\/3\/2022\/05\/GALA-AJE-2022-00109-300x200.jpg 300w, https:\/\/ajeandalucia.org\/almeria\/wp-content\/uploads\/sites\/3\/2022\/05\/GALA-AJE-2022-00109-768x512.jpg 768w, https:\/\/ajeandalucia.org\/almeria\/wp-content\/uploads\/sites\/3\/2022\/05\/GALA-AJE-2022-00109-1024x683.jpg 1024w\" sizes=\"auto, (max-width: 300px) 100vw, 300px\" \/><\/a>\n\t\t\t<\/div><\/figure><figure class='gallery-item'>\n\t\t\t<div class='gallery-icon landscape'>\n\t\t\t\t<a href='https:\/\/ajeandalucia.org\/almeria\/2022\/05\/20\/galeria-de-los-premios-aje-almeria-2022\/gala-aje-2022-00112\/'><img loading=\"lazy\" decoding=\"async\" width=\"300\" height=\"200\" src=\"https:\/\/ajeandalucia.org\/almeria\/wp-content\/uploads\/sites\/3\/2022\/05\/GALA-AJE-2022-00112-300x200.jpg\" class=\"attachment-medium size-medium\" alt=\"\" srcset=\"https:\/\/ajeandalucia.org\/almeria\/wp-content\/uploads\/sites\/3\/2022\/05\/GALA-AJE-2022-00112-300x200.jpg 300w, https:\/\/ajeandalucia.org\/almeria\/wp-content\/uploads\/sites\/3\/2022\/05\/GALA-AJE-2022-00112-768x511.jpg 768w, https:\/\/ajeandalucia.org\/almeria\/wp-content\/uploads\/sites\/3\/2022\/05\/GALA-AJE-2022-00112-1024x681.jpg 1024w\" sizes=\"auto, (max-width: 300px) 100vw, 300px\" \/><\/a>\n\t\t\t<\/div><\/figure><figure class='gallery-item'>\n\t\t\t<div class='gallery-icon landscape'>\n\t\t\t\t<a href='https:\/\/ajeandalucia.org\/almeria\/2022\/05\/20\/galeria-de-los-premios-aje-almeria-2022\/gala-aje-2022-00115\/'><img loading=\"lazy\" decoding=\"async\" width=\"300\" height=\"200\" src=\"https:\/\/ajeandalucia.org\/almeria\/wp-content\/uploads\/sites\/3\/2022\/05\/GALA-AJE-2022-00115-300x200.jpg\" class=\"attachment-medium size-medium\" alt=\"\" srcset=\"https:\/\/ajeandalucia.org\/almeria\/wp-content\/uploads\/sites\/3\/2022\/05\/GALA-AJE-2022-00115-300x200.jpg 300w, https:\/\/ajeandalucia.org\/almeria\/wp-content\/uploads\/sites\/3\/2022\/05\/GALA-AJE-2022-00115-768x512.jpg 768w, https:\/\/ajeandalucia.org\/almeria\/wp-content\/uploads\/sites\/3\/2022\/05\/GALA-AJE-2022-00115-1024x683.jpg 1024w\" sizes=\"auto, (max-width: 300px) 100vw, 300px\" \/><\/a>\n\t\t\t<\/div><\/figure><figure class='gallery-item'>\n\t\t\t<div class='gallery-icon landscape'>\n\t\t\t\t<a href='https:\/\/ajeandalucia.org\/almeria\/2022\/05\/20\/galeria-de-los-premios-aje-almeria-2022\/gala-aje-2022-00120\/'><img loading=\"lazy\" decoding=\"async\" width=\"300\" height=\"200\" src=\"https:\/\/ajeandalucia.org\/almeria\/wp-content\/uploads\/sites\/3\/2022\/05\/GALA-AJE-2022-00120-300x200.jpg\" class=\"attachment-medium size-medium\" alt=\"\" srcset=\"https:\/\/ajeandalucia.org\/almeria\/wp-content\/uploads\/sites\/3\/2022\/05\/GALA-AJE-2022-00120-300x200.jpg 300w, https:\/\/ajeandalucia.org\/almeria\/wp-content\/uploads\/sites\/3\/2022\/05\/GALA-AJE-2022-00120-768x511.jpg 768w, https:\/\/ajeandalucia.org\/almeria\/wp-content\/uploads\/sites\/3\/2022\/05\/GALA-AJE-2022-00120-1024x681.jpg 1024w\" sizes=\"auto, (max-width: 300px) 100vw, 300px\" \/><\/a>\n\t\t\t<\/div><\/figure><figure class='gallery-item'>\n\t\t\t<div class='gallery-icon landscape'>\n\t\t\t\t<a href='https:\/\/ajeandalucia.org\/almeria\/2022\/05\/20\/galeria-de-los-premios-aje-almeria-2022\/gala-aje-2022-00121\/'><img loading=\"lazy\" decoding=\"async\" width=\"300\" height=\"200\" src=\"https:\/\/ajeandalucia.org\/almeria\/wp-content\/uploads\/sites\/3\/2022\/05\/GALA-AJE-2022-00121-300x200.jpg\" class=\"attachment-medium size-medium\" alt=\"\" srcset=\"https:\/\/ajeandalucia.org\/almeria\/wp-content\/uploads\/sites\/3\/2022\/05\/GALA-AJE-2022-00121-300x200.jpg 300w, https:\/\/ajeandalucia.org\/almeria\/wp-content\/uploads\/sites\/3\/2022\/05\/GALA-AJE-2022-00121-768x512.jpg 768w, https:\/\/ajeandalucia.org\/almeria\/wp-content\/uploads\/sites\/3\/2022\/05\/GALA-AJE-2022-00121-1024x683.jpg 1024w\" sizes=\"auto, (max-width: 300px) 100vw, 300px\" \/><\/a>\n\t\t\t<\/div><\/figure><figure class='gallery-item'>\n\t\t\t<div class='gallery-icon landscape'>\n\t\t\t\t<a href='https:\/\/ajeandalucia.org\/almeria\/2022\/05\/20\/galeria-de-los-premios-aje-almeria-2022\/gala-aje-2022-00125\/'><img loading=\"lazy\" decoding=\"async\" width=\"300\" height=\"200\" src=\"https:\/\/ajeandalucia.org\/almeria\/wp-content\/uploads\/sites\/3\/2022\/05\/GALA-AJE-2022-00125-300x200.jpg\" class=\"attachment-medium size-medium\" alt=\"\" srcset=\"https:\/\/ajeandalucia.org\/almeria\/wp-content\/uploads\/sites\/3\/2022\/05\/GALA-AJE-2022-00125-300x200.jpg 300w, https:\/\/ajeandalucia.org\/almeria\/wp-content\/uploads\/sites\/3\/2022\/05\/GALA-AJE-2022-00125-768x512.jpg 768w, https:\/\/ajeandalucia.org\/almeria\/wp-content\/uploads\/sites\/3\/2022\/05\/GALA-AJE-2022-00125-1024x683.jpg 1024w\" sizes=\"auto, (max-width: 300px) 100vw, 300px\" \/><\/a>\n\t\t\t<\/div><\/figure><figure class='gallery-item'>\n\t\t\t<div class='gallery-icon landscape'>\n\t\t\t\t<a href='https:\/\/ajeandalucia.org\/almeria\/2022\/05\/20\/galeria-de-los-premios-aje-almeria-2022\/gala-aje-2022-00131\/'><img loading=\"lazy\" decoding=\"async\" width=\"300\" height=\"200\" src=\"https:\/\/ajeandalucia.org\/almeria\/wp-content\/uploads\/sites\/3\/2022\/05\/GALA-AJE-2022-00131-300x200.jpg\" class=\"attachment-medium size-medium\" alt=\"\" srcset=\"https:\/\/ajeandalucia.org\/almeria\/wp-content\/uploads\/sites\/3\/2022\/05\/GALA-AJE-2022-00131-300x200.jpg 300w, https:\/\/ajeandalucia.org\/almeria\/wp-content\/uploads\/sites\/3\/2022\/05\/GALA-AJE-2022-00131-768x512.jpg 768w, https:\/\/ajeandalucia.org\/almeria\/wp-content\/uploads\/sites\/3\/2022\/05\/GALA-AJE-2022-00131-1024x683.jpg 1024w\" sizes=\"auto, (max-width: 300px) 100vw, 300px\" \/><\/a>\n\t\t\t<\/div><\/figure><figure class='gallery-item'>\n\t\t\t<div class='gallery-icon landscape'>\n\t\t\t\t<a href='https:\/\/ajeandalucia.org\/almeria\/2022\/05\/20\/galeria-de-los-premios-aje-almeria-2022\/gala-aje-2022-00135\/'><img loading=\"lazy\" decoding=\"async\" width=\"300\" height=\"200\" src=\"https:\/\/ajeandalucia.org\/almeria\/wp-content\/uploads\/sites\/3\/2022\/05\/GALA-AJE-2022-00135-300x200.jpg\" class=\"attachment-medium size-medium\" alt=\"\" srcset=\"https:\/\/ajeandalucia.org\/almeria\/wp-content\/uploads\/sites\/3\/2022\/05\/GALA-AJE-2022-00135-300x200.jpg 300w, https:\/\/ajeandalucia.org\/almeria\/wp-content\/uploads\/sites\/3\/2022\/05\/GALA-AJE-2022-00135-768x512.jpg 768w, https:\/\/ajeandalucia.org\/almeria\/wp-content\/uploads\/sites\/3\/2022\/05\/GALA-AJE-2022-00135-1024x683.jpg 1024w\" sizes=\"auto, (max-width: 300px) 100vw, 300px\" \/><\/a>\n\t\t\t<\/div><\/figure><figure class='gallery-item'>\n\t\t\t<div class='gallery-icon landscape'>\n\t\t\t\t<a href='https:\/\/ajeandalucia.org\/almeria\/2022\/05\/20\/galeria-de-los-premios-aje-almeria-2022\/gala-aje-2022-00144\/'><img loading=\"lazy\" decoding=\"async\" width=\"300\" height=\"200\" src=\"https:\/\/ajeandalucia.org\/almeria\/wp-content\/uploads\/sites\/3\/2022\/05\/GALA-AJE-2022-00144-300x200.jpg\" class=\"attachment-medium size-medium\" alt=\"\" srcset=\"https:\/\/ajeandalucia.org\/almeria\/wp-content\/uploads\/sites\/3\/2022\/05\/GALA-AJE-2022-00144-300x200.jpg 300w, https:\/\/ajeandalucia.org\/almeria\/wp-content\/uploads\/sites\/3\/2022\/05\/GALA-AJE-2022-00144-768x511.jpg 768w, https:\/\/ajeandalucia.org\/almeria\/wp-content\/uploads\/sites\/3\/2022\/05\/GALA-AJE-2022-00144-1024x681.jpg 1024w\" sizes=\"auto, (max-width: 300px) 100vw, 300px\" \/><\/a>\n\t\t\t<\/div><\/figure><figure class='gallery-item'>\n\t\t\t<div class='gallery-icon landscape'>\n\t\t\t\t<a href='https:\/\/ajeandalucia.org\/almeria\/2022\/05\/20\/galeria-de-los-premios-aje-almeria-2022\/gala-aje-2022-00147\/'><img loading=\"lazy\" decoding=\"async\" width=\"300\" height=\"186\" src=\"https:\/\/ajeandalucia.org\/almeria\/wp-content\/uploads\/sites\/3\/2022\/05\/GALA-AJE-2022-00147-300x186.jpg\" class=\"attachment-medium size-medium\" alt=\"\" srcset=\"https:\/\/ajeandalucia.org\/almeria\/wp-content\/uploads\/sites\/3\/2022\/05\/GALA-AJE-2022-00147-300x186.jpg 300w, https:\/\/ajeandalucia.org\/almeria\/wp-content\/uploads\/sites\/3\/2022\/05\/GALA-AJE-2022-00147-768x476.jpg 768w, https:\/\/ajeandalucia.org\/almeria\/wp-content\/uploads\/sites\/3\/2022\/05\/GALA-AJE-2022-00147-1024x634.jpg 1024w\" sizes=\"auto, (max-width: 300px) 100vw, 300px\" \/><\/a>\n\t\t\t<\/div><\/figure><figure class='gallery-item'>\n\t\t\t<div class='gallery-icon landscape'>\n\t\t\t\t<a href='https:\/\/ajeandalucia.org\/almeria\/2022\/05\/20\/galeria-de-los-premios-aje-almeria-2022\/gala-aje-2022-00148\/'><img loading=\"lazy\" decoding=\"async\" width=\"300\" height=\"200\" src=\"https:\/\/ajeandalucia.org\/almeria\/wp-content\/uploads\/sites\/3\/2022\/05\/GALA-AJE-2022-00148-300x200.jpg\" class=\"attachment-medium size-medium\" alt=\"\" srcset=\"https:\/\/ajeandalucia.org\/almeria\/wp-content\/uploads\/sites\/3\/2022\/05\/GALA-AJE-2022-00148-300x200.jpg 300w, https:\/\/ajeandalucia.org\/almeria\/wp-content\/uploads\/sites\/3\/2022\/05\/GALA-AJE-2022-00148-768x511.jpg 768w, https:\/\/ajeandalucia.org\/almeria\/wp-content\/uploads\/sites\/3\/2022\/05\/GALA-AJE-2022-00148-1024x681.jpg 1024w\" sizes=\"auto, (max-width: 300px) 100vw, 300px\" \/><\/a>\n\t\t\t<\/div><\/figure><figure class='gallery-item'>\n\t\t\t<div class='gallery-icon landscape'>\n\t\t\t\t<a href='https:\/\/ajeandalucia.org\/almeria\/2022\/05\/20\/galeria-de-los-premios-aje-almeria-2022\/gala-aje-2022-00150\/'><img loading=\"lazy\" decoding=\"async\" width=\"300\" height=\"200\" src=\"https:\/\/ajeandalucia.org\/almeria\/wp-content\/uploads\/sites\/3\/2022\/05\/GALA-AJE-2022-00150-300x200.jpg\" class=\"attachment-medium size-medium\" alt=\"\" srcset=\"https:\/\/ajeandalucia.org\/almeria\/wp-content\/uploads\/sites\/3\/2022\/05\/GALA-AJE-2022-00150-300x200.jpg 300w, https:\/\/ajeandalucia.org\/almeria\/wp-content\/uploads\/sites\/3\/2022\/05\/GALA-AJE-2022-00150-768x511.jpg 768w, https:\/\/ajeandalucia.org\/almeria\/wp-content\/uploads\/sites\/3\/2022\/05\/GALA-AJE-2022-00150-1024x681.jpg 1024w\" sizes=\"auto, (max-width: 300px) 100vw, 300px\" \/><\/a>\n\t\t\t<\/div><\/figure><figure class='gallery-item'>\n\t\t\t<div class='gallery-icon landscape'>\n\t\t\t\t<a href='https:\/\/ajeandalucia.org\/almeria\/2022\/05\/20\/galeria-de-los-premios-aje-almeria-2022\/gala-aje-2022-00151\/'><img loading=\"lazy\" decoding=\"async\" width=\"300\" height=\"200\" src=\"https:\/\/ajeandalucia.org\/almeria\/wp-content\/uploads\/sites\/3\/2022\/05\/GALA-AJE-2022-00151-300x200.jpg\" class=\"attachment-medium size-medium\" alt=\"\" srcset=\"https:\/\/ajeandalucia.org\/almeria\/wp-content\/uploads\/sites\/3\/2022\/05\/GALA-AJE-2022-00151-300x200.jpg 300w, https:\/\/ajeandalucia.org\/almeria\/wp-content\/uploads\/sites\/3\/2022\/05\/GALA-AJE-2022-00151-768x511.jpg 768w, https:\/\/ajeandalucia.org\/almeria\/wp-content\/uploads\/sites\/3\/2022\/05\/GALA-AJE-2022-00151-1024x681.jpg 1024w\" sizes=\"auto, (max-width: 300px) 100vw, 300px\" \/><\/a>\n\t\t\t<\/div><\/figure><figure class='gallery-item'>\n\t\t\t<div class='gallery-icon landscape'>\n\t\t\t\t<a href='https:\/\/ajeandalucia.org\/almeria\/2022\/05\/20\/galeria-de-los-premios-aje-almeria-2022\/gala-aje-2022-00154-min\/'><img loading=\"lazy\" decoding=\"async\" width=\"300\" height=\"200\" src=\"https:\/\/ajeandalucia.org\/almeria\/wp-content\/uploads\/sites\/3\/2022\/05\/GALA-AJE-2022-00154-min-300x200.jpg\" class=\"attachment-medium size-medium\" alt=\"\" srcset=\"https:\/\/ajeandalucia.org\/almeria\/wp-content\/uploads\/sites\/3\/2022\/05\/GALA-AJE-2022-00154-min-300x200.jpg 300w, https:\/\/ajeandalucia.org\/almeria\/wp-content\/uploads\/sites\/3\/2022\/05\/GALA-AJE-2022-00154-min-768x511.jpg 768w, https:\/\/ajeandalucia.org\/almeria\/wp-content\/uploads\/sites\/3\/2022\/05\/GALA-AJE-2022-00154-min-1024x681.jpg 1024w\" sizes=\"auto, (max-width: 300px) 100vw, 300px\" \/><\/a>\n\t\t\t<\/div><\/figure><figure class='gallery-item'>\n\t\t\t<div class='gallery-icon landscape'>\n\t\t\t\t<a href='https:\/\/ajeandalucia.org\/almeria\/2022\/05\/20\/galeria-de-los-premios-aje-almeria-2022\/gala-aje-2022-00152-min\/'><img loading=\"lazy\" decoding=\"async\" width=\"300\" height=\"200\" src=\"https:\/\/ajeandalucia.org\/almeria\/wp-content\/uploads\/sites\/3\/2022\/05\/GALA-AJE-2022-00152-min-300x200.jpg\" class=\"attachment-medium size-medium\" alt=\"\" srcset=\"https:\/\/ajeandalucia.org\/almeria\/wp-content\/uploads\/sites\/3\/2022\/05\/GALA-AJE-2022-00152-min-300x200.jpg 300w, https:\/\/ajeandalucia.org\/almeria\/wp-content\/uploads\/sites\/3\/2022\/05\/GALA-AJE-2022-00152-min-768x511.jpg 768w, https:\/\/ajeandalucia.org\/almeria\/wp-content\/uploads\/sites\/3\/2022\/05\/GALA-AJE-2022-00152-min-1024x681.jpg 1024w\" sizes=\"auto, (max-width: 300px) 100vw, 300px\" \/><\/a>\n\t\t\t<\/div><\/figure>\n\t\t<\/div>\n\n","protected":false},"excerpt":{"rendered":"<p>La Asociaci\u00f3n de J\u00f3venes Empresarios de Almer\u00eda (AJE), en colaboraci\u00f3n con la Diputaci\u00f3n de Almer\u00eda, Cajamar y La Voz de [&hellip;]<\/p>\n","protected":false},"author":3,"featured_media":2684,"comment_status":"open","ping_status":"open","sticky":false,"template":"","format":"standard","meta":{"_acf_changed":false,"site-sidebar-layout":"default","site-content-layout":"","ast-site-content-layout":"default","site-content-style":"default","site-sidebar-style":"default","ast-global-header-display":"","ast-banner-title-visibility":"","ast-main-header-display":"","ast-hfb-above-header-display":"","ast-hfb-below-header-display":"","ast-hfb-mobile-header-display":"","site-post-title":"","ast-breadcrumbs-content":"","ast-featured-img":"","footer-sml-layout":"","ast-disable-related-posts":"","theme-transparent-header-meta":"","adv-header-id-meta":"","stick-header-meta":"","header-above-stick-meta":"","header-main-stick-meta":"","header-below-stick-meta":"","astra-migrate-meta-layouts":"default","ast-page-background-enabled":"default","ast-page-background-meta":{"desktop":{"background-color":"var(--ast-global-color-5)","background-image":"","background-repeat":"repeat","background-position":"center center","background-size":"auto","background-attachment":"scroll","background-type":"","background-media":"","overlay-type":"","overlay-color":"","overlay-opacity":"","overlay-gradient":""},"tablet":{"background-color":"","background-image":"","background-repeat":"repeat","background-position":"center center","background-size":"auto","background-attachment":"scroll","background-type":"","background-media":"","overlay-type":"","overlay-color":"","overlay-opacity":"","overlay-gradient":""},"mobile":{"background-color":"","background-image":"","background-repeat":"repeat","background-position":"center center","background-size":"auto","background-attachment":"scroll","background-type":"","background-media":"","overlay-type":"","overlay-color":"","overlay-opacity":"","overlay-gradient":""}},"ast-content-background-meta":{"desktop":{"background-color":"var(--ast-global-color-4)","background-image":"","background-repeat":"repeat","background-position":"center center","background-size":"auto","background-attachment":"scroll","background-type":"","background-media":"","overlay-type":"","overlay-color":"","overlay-opacity":"","overlay-gradient":""},"tablet":{"background-color":"var(--ast-global-color-4)","background-image":"","background-repeat":"repeat","background-position":"center center","background-size":"auto","background-attachment":"scroll","background-type":"","background-media":"","overlay-type":"","overlay-color":"","overlay-opacity":"","overlay-gradient":""},"mobile":{"background-color":"var(--ast-global-color-4)","background-image":"","background-repeat":"repeat","background-position":"center center","background-size":"auto","background-attachment":"scroll","background-type":"","background-media":"","overlay-type":"","overlay-color":"","overlay-opacity":"","overlay-gradient":""}},"footnotes":""},"categories":[8],"tags":[],"class_list":["post-2683","post","type-post","status-publish","format-standard","has-post-thumbnail","hentry","category-noticias"],"acf":[],"yoast_head":"<!-- This site is optimized with the Yoast SEO plugin v26.9 - https:\/\/yoast.com\/product\/yoast-seo-wordpress\/ -->\n<title>Los Premios AJE Almer\u00eda 2022 destacan la labor del tejido empresarial almeriense - AJE Almer\u00eda<\/title>\n<meta name=\"robots\" content=\"index, follow, max-snippet:-1, max-image-preview:large, max-video-preview:-1\" \/>\n<link rel=\"canonical\" href=\"https:\/\/ajeandalucia.org\/almeria\/2022\/05\/20\/galeria-de-los-premios-aje-almeria-2022\/\" \/>\n<meta property=\"og:locale\" content=\"es_ES\" \/>\n<meta property=\"og:type\" content=\"article\" \/>\n<meta property=\"og:title\" content=\"Los Premios AJE Almer\u00eda 2022 destacan la labor del tejido empresarial almeriense - AJE Almer\u00eda\" \/>\n<meta property=\"og:description\" content=\"La Asociaci\u00f3n de J\u00f3venes Empresarios de Almer\u00eda (AJE), en colaboraci\u00f3n con la Diputaci\u00f3n de Almer\u00eda, Cajamar y La Voz de [&hellip;]\" \/>\n<meta property=\"og:url\" content=\"https:\/\/ajeandalucia.org\/almeria\/2022\/05\/20\/galeria-de-los-premios-aje-almeria-2022\/\" \/>\n<meta property=\"og:site_name\" content=\"AJE Almer\u00eda\" \/>\n<meta property=\"article:published_time\" content=\"2022-05-20T10:08:37+00:00\" \/>\n<meta property=\"article:modified_time\" content=\"2022-06-02T11:46:58+00:00\" \/>\n<meta property=\"og:image\" content=\"https:\/\/ajeandalucia.org\/almeria\/wp-content\/uploads\/sites\/3\/2022\/05\/GALA-AJE-2022-00001.jpg\" \/>\n\t<meta property=\"og:image:width\" content=\"3999\" \/>\n\t<meta property=\"og:image:height\" content=\"2661\" \/>\n\t<meta property=\"og:image:type\" content=\"image\/jpeg\" \/>\n<meta name=\"author\" content=\"almeria\" \/>\n<meta name=\"twitter:card\" content=\"summary_large_image\" \/>\n<meta name=\"twitter:label1\" content=\"Escrito por\" \/>\n\t<meta name=\"twitter:data1\" content=\"almeria\" \/>\n\t<meta name=\"twitter:label2\" content=\"Tiempo de lectura\" \/>\n\t<meta name=\"twitter:data2\" content=\"3 minutos\" \/>\n<script type=\"application\/ld+json\" class=\"yoast-schema-graph\">{\"@context\":\"https:\/\/schema.org\",\"@graph\":[{\"@type\":\"Article\",\"@id\":\"https:\/\/ajeandalucia.org\/almeria\/2022\/05\/20\/galeria-de-los-premios-aje-almeria-2022\/#article\",\"isPartOf\":{\"@id\":\"https:\/\/ajeandalucia.org\/almeria\/2022\/05\/20\/galeria-de-los-premios-aje-almeria-2022\/\"},\"author\":{\"name\":\"almeria\",\"@id\":\"https:\/\/ajeandalucia.org\/almeria\/#\/schema\/person\/9336ac50bc8c90053f6bf3b99e5c7d7b\"},\"headline\":\"Los Premios AJE Almer\u00eda 2022 destacan la labor del tejido empresarial almeriense\",\"datePublished\":\"2022-05-20T10:08:37+00:00\",\"dateModified\":\"2022-06-02T11:46:58+00:00\",\"mainEntityOfPage\":{\"@id\":\"https:\/\/ajeandalucia.org\/almeria\/2022\/05\/20\/galeria-de-los-premios-aje-almeria-2022\/\"},\"wordCount\":629,\"commentCount\":0,\"publisher\":{\"@id\":\"https:\/\/ajeandalucia.org\/almeria\/#organization\"},\"image\":{\"@id\":\"https:\/\/ajeandalucia.org\/almeria\/2022\/05\/20\/galeria-de-los-premios-aje-almeria-2022\/#primaryimage\"},\"thumbnailUrl\":\"https:\/\/ajeandalucia.org\/almeria\/wp-content\/uploads\/sites\/3\/2022\/05\/GALA-AJE-2022-00001.jpg\",\"articleSection\":[\"Noticias\"],\"inLanguage\":\"es\",\"potentialAction\":[{\"@type\":\"CommentAction\",\"name\":\"Comment\",\"target\":[\"https:\/\/ajeandalucia.org\/almeria\/2022\/05\/20\/galeria-de-los-premios-aje-almeria-2022\/#respond\"]}]},{\"@type\":\"WebPage\",\"@id\":\"https:\/\/ajeandalucia.org\/almeria\/2022\/05\/20\/galeria-de-los-premios-aje-almeria-2022\/\",\"url\":\"https:\/\/ajeandalucia.org\/almeria\/2022\/05\/20\/galeria-de-los-premios-aje-almeria-2022\/\",\"name\":\"Los Premios AJE Almer\u00eda 2022 destacan la labor del tejido empresarial almeriense - AJE Almer\u00eda\",\"isPartOf\":{\"@id\":\"https:\/\/ajeandalucia.org\/almeria\/#website\"},\"primaryImageOfPage\":{\"@id\":\"https:\/\/ajeandalucia.org\/almeria\/2022\/05\/20\/galeria-de-los-premios-aje-almeria-2022\/#primaryimage\"},\"image\":{\"@id\":\"https:\/\/ajeandalucia.org\/almeria\/2022\/05\/20\/galeria-de-los-premios-aje-almeria-2022\/#primaryimage\"},\"thumbnailUrl\":\"https:\/\/ajeandalucia.org\/almeria\/wp-content\/uploads\/sites\/3\/2022\/05\/GALA-AJE-2022-00001.jpg\",\"datePublished\":\"2022-05-20T10:08:37+00:00\",\"dateModified\":\"2022-06-02T11:46:58+00:00\",\"breadcrumb\":{\"@id\":\"https:\/\/ajeandalucia.org\/almeria\/2022\/05\/20\/galeria-de-los-premios-aje-almeria-2022\/#breadcrumb\"},\"inLanguage\":\"es\",\"potentialAction\":[{\"@type\":\"ReadAction\",\"target\":[\"https:\/\/ajeandalucia.org\/almeria\/2022\/05\/20\/galeria-de-los-premios-aje-almeria-2022\/\"]}]},{\"@type\":\"ImageObject\",\"inLanguage\":\"es\",\"@id\":\"https:\/\/ajeandalucia.org\/almeria\/2022\/05\/20\/galeria-de-los-premios-aje-almeria-2022\/#primaryimage\",\"url\":\"https:\/\/ajeandalucia.org\/almeria\/wp-content\/uploads\/sites\/3\/2022\/05\/GALA-AJE-2022-00001.jpg\",\"contentUrl\":\"https:\/\/ajeandalucia.org\/almeria\/wp-content\/uploads\/sites\/3\/2022\/05\/GALA-AJE-2022-00001.jpg\",\"width\":3999,\"height\":2661},{\"@type\":\"BreadcrumbList\",\"@id\":\"https:\/\/ajeandalucia.org\/almeria\/2022\/05\/20\/galeria-de-los-premios-aje-almeria-2022\/#breadcrumb\",\"itemListElement\":[{\"@type\":\"ListItem\",\"position\":1,\"name\":\"Portada\",\"item\":\"https:\/\/ajeandalucia.org\/almeria\/\"},{\"@type\":\"ListItem\",\"position\":2,\"name\":\"Los Premios AJE Almer\u00eda 2022 destacan la labor del tejido empresarial almeriense\"}]},{\"@type\":\"WebSite\",\"@id\":\"https:\/\/ajeandalucia.org\/almeria\/#website\",\"url\":\"https:\/\/ajeandalucia.org\/almeria\/\",\"name\":\"AJE Almer\u00eda\",\"description\":\"Otro sitio m\u00e1s de AJE Andaluc\u00eda\",\"publisher\":{\"@id\":\"https:\/\/ajeandalucia.org\/almeria\/#organization\"},\"potentialAction\":[{\"@type\":\"SearchAction\",\"target\":{\"@type\":\"EntryPoint\",\"urlTemplate\":\"https:\/\/ajeandalucia.org\/almeria\/?s={search_term_string}\"},\"query-input\":{\"@type\":\"PropertyValueSpecification\",\"valueRequired\":true,\"valueName\":\"search_term_string\"}}],\"inLanguage\":\"es\"},{\"@type\":\"Organization\",\"@id\":\"https:\/\/ajeandalucia.org\/almeria\/#organization\",\"name\":\"AJE Almer\u00eda\",\"url\":\"https:\/\/ajeandalucia.org\/almeria\/\",\"logo\":{\"@type\":\"ImageObject\",\"inLanguage\":\"es\",\"@id\":\"https:\/\/ajeandalucia.org\/almeria\/#\/schema\/logo\/image\/\",\"url\":\"https:\/\/ajeandalucia.org\/almeria\/wp-content\/uploads\/sites\/3\/2025\/01\/AJE-ALMERIA-horizontal.png\",\"contentUrl\":\"https:\/\/ajeandalucia.org\/almeria\/wp-content\/uploads\/sites\/3\/2025\/01\/AJE-ALMERIA-horizontal.png\",\"width\":605,\"height\":200,\"caption\":\"AJE Almer\u00eda\"},\"image\":{\"@id\":\"https:\/\/ajeandalucia.org\/almeria\/#\/schema\/logo\/image\/\"}},{\"@type\":\"Person\",\"@id\":\"https:\/\/ajeandalucia.org\/almeria\/#\/schema\/person\/9336ac50bc8c90053f6bf3b99e5c7d7b\",\"name\":\"almeria\",\"image\":{\"@type\":\"ImageObject\",\"inLanguage\":\"es\",\"@id\":\"https:\/\/ajeandalucia.org\/almeria\/#\/schema\/person\/image\/\",\"url\":\"https:\/\/secure.gravatar.com\/avatar\/f5b6b7d37a8f964bd96d1a7752fc3160bb98a16a08fda2bb6fb3a80845dae5d6?s=96&d=mm&r=g\",\"contentUrl\":\"https:\/\/secure.gravatar.com\/avatar\/f5b6b7d37a8f964bd96d1a7752fc3160bb98a16a08fda2bb6fb3a80845dae5d6?s=96&d=mm&r=g\",\"caption\":\"almeria\"},\"sameAs\":[\"http:\/\/www.ajealmeria.org\/\"],\"url\":\"https:\/\/ajeandalucia.org\/almeria\/author\/almeria\/\"}]}<\/script>\n<!-- \/ Yoast SEO plugin. -->","yoast_head_json":{"title":"Los Premios AJE Almer\u00eda 2022 destacan la labor del tejido empresarial almeriense - AJE Almer\u00eda","robots":{"index":"index","follow":"follow","max-snippet":"max-snippet:-1","max-image-preview":"max-image-preview:large","max-video-preview":"max-video-preview:-1"},"canonical":"https:\/\/ajeandalucia.org\/almeria\/2022\/05\/20\/galeria-de-los-premios-aje-almeria-2022\/","og_locale":"es_ES","og_type":"article","og_title":"Los Premios AJE Almer\u00eda 2022 destacan la labor del tejido empresarial almeriense - AJE Almer\u00eda","og_description":"La Asociaci\u00f3n de J\u00f3venes Empresarios de Almer\u00eda (AJE), en colaboraci\u00f3n con la Diputaci\u00f3n de Almer\u00eda, Cajamar y La Voz de [&hellip;]","og_url":"https:\/\/ajeandalucia.org\/almeria\/2022\/05\/20\/galeria-de-los-premios-aje-almeria-2022\/","og_site_name":"AJE Almer\u00eda","article_published_time":"2022-05-20T10:08:37+00:00","article_modified_time":"2022-06-02T11:46:58+00:00","og_image":[{"width":3999,"height":2661,"url":"https:\/\/ajeandalucia.org\/almeria\/wp-content\/uploads\/sites\/3\/2022\/05\/GALA-AJE-2022-00001.jpg","type":"image\/jpeg"}],"author":"almeria","twitter_card":"summary_large_image","twitter_misc":{"Escrito por":"almeria","Tiempo de lectura":"3 minutos"},"schema":{"@context":"https:\/\/schema.org","@graph":[{"@type":"Article","@id":"https:\/\/ajeandalucia.org\/almeria\/2022\/05\/20\/galeria-de-los-premios-aje-almeria-2022\/#article","isPartOf":{"@id":"https:\/\/ajeandalucia.org\/almeria\/2022\/05\/20\/galeria-de-los-premios-aje-almeria-2022\/"},"author":{"name":"almeria","@id":"https:\/\/ajeandalucia.org\/almeria\/#\/schema\/person\/9336ac50bc8c90053f6bf3b99e5c7d7b"},"headline":"Los Premios AJE Almer\u00eda 2022 destacan la labor del tejido empresarial almeriense","datePublished":"2022-05-20T10:08:37+00:00","dateModified":"2022-06-02T11:46:58+00:00","mainEntityOfPage":{"@id":"https:\/\/ajeandalucia.org\/almeria\/2022\/05\/20\/galeria-de-los-premios-aje-almeria-2022\/"},"wordCount":629,"commentCount":0,"publisher":{"@id":"https:\/\/ajeandalucia.org\/almeria\/#organization"},"image":{"@id":"https:\/\/ajeandalucia.org\/almeria\/2022\/05\/20\/galeria-de-los-premios-aje-almeria-2022\/#primaryimage"},"thumbnailUrl":"https:\/\/ajeandalucia.org\/almeria\/wp-content\/uploads\/sites\/3\/2022\/05\/GALA-AJE-2022-00001.jpg","articleSection":["Noticias"],"inLanguage":"es","potentialAction":[{"@type":"CommentAction","name":"Comment","target":["https:\/\/ajeandalucia.org\/almeria\/2022\/05\/20\/galeria-de-los-premios-aje-almeria-2022\/#respond"]}]},{"@type":"WebPage","@id":"https:\/\/ajeandalucia.org\/almeria\/2022\/05\/20\/galeria-de-los-premios-aje-almeria-2022\/","url":"https:\/\/ajeandalucia.org\/almeria\/2022\/05\/20\/galeria-de-los-premios-aje-almeria-2022\/","name":"Los Premios AJE Almer\u00eda 2022 destacan la labor del tejido empresarial almeriense - AJE Almer\u00eda","isPartOf":{"@id":"https:\/\/ajeandalucia.org\/almeria\/#website"},"primaryImageOfPage":{"@id":"https:\/\/ajeandalucia.org\/almeria\/2022\/05\/20\/galeria-de-los-premios-aje-almeria-2022\/#primaryimage"},"image":{"@id":"https:\/\/ajeandalucia.org\/almeria\/2022\/05\/20\/galeria-de-los-premios-aje-almeria-2022\/#primaryimage"},"thumbnailUrl":"https:\/\/ajeandalucia.org\/almeria\/wp-content\/uploads\/sites\/3\/2022\/05\/GALA-AJE-2022-00001.jpg","datePublished":"2022-05-20T10:08:37+00:00","dateModified":"2022-06-02T11:46:58+00:00","breadcrumb":{"@id":"https:\/\/ajeandalucia.org\/almeria\/2022\/05\/20\/galeria-de-los-premios-aje-almeria-2022\/#breadcrumb"},"inLanguage":"es","potentialAction":[{"@type":"ReadAction","target":["https:\/\/ajeandalucia.org\/almeria\/2022\/05\/20\/galeria-de-los-premios-aje-almeria-2022\/"]}]},{"@type":"ImageObject","inLanguage":"es","@id":"https:\/\/ajeandalucia.org\/almeria\/2022\/05\/20\/galeria-de-los-premios-aje-almeria-2022\/#primaryimage","url":"https:\/\/ajeandalucia.org\/almeria\/wp-content\/uploads\/sites\/3\/2022\/05\/GALA-AJE-2022-00001.jpg","contentUrl":"https:\/\/ajeandalucia.org\/almeria\/wp-content\/uploads\/sites\/3\/2022\/05\/GALA-AJE-2022-00001.jpg","width":3999,"height":2661},{"@type":"BreadcrumbList","@id":"https:\/\/ajeandalucia.org\/almeria\/2022\/05\/20\/galeria-de-los-premios-aje-almeria-2022\/#breadcrumb","itemListElement":[{"@type":"ListItem","position":1,"name":"Portada","item":"https:\/\/ajeandalucia.org\/almeria\/"},{"@type":"ListItem","position":2,"name":"Los Premios AJE Almer\u00eda 2022 destacan la labor del tejido empresarial almeriense"}]},{"@type":"WebSite","@id":"https:\/\/ajeandalucia.org\/almeria\/#website","url":"https:\/\/ajeandalucia.org\/almeria\/","name":"AJE Almer\u00eda","description":"Otro sitio m\u00e1s de AJE Andaluc\u00eda","publisher":{"@id":"https:\/\/ajeandalucia.org\/almeria\/#organization"},"potentialAction":[{"@type":"SearchAction","target":{"@type":"EntryPoint","urlTemplate":"https:\/\/ajeandalucia.org\/almeria\/?s={search_term_string}"},"query-input":{"@type":"PropertyValueSpecification","valueRequired":true,"valueName":"search_term_string"}}],"inLanguage":"es"},{"@type":"Organization","@id":"https:\/\/ajeandalucia.org\/almeria\/#organization","name":"AJE Almer\u00eda","url":"https:\/\/ajeandalucia.org\/almeria\/","logo":{"@type":"ImageObject","inLanguage":"es","@id":"https:\/\/ajeandalucia.org\/almeria\/#\/schema\/logo\/image\/","url":"https:\/\/ajeandalucia.org\/almeria\/wp-content\/uploads\/sites\/3\/2025\/01\/AJE-ALMERIA-horizontal.png","contentUrl":"https:\/\/ajeandalucia.org\/almeria\/wp-content\/uploads\/sites\/3\/2025\/01\/AJE-ALMERIA-horizontal.png","width":605,"height":200,"caption":"AJE Almer\u00eda"},"image":{"@id":"https:\/\/ajeandalucia.org\/almeria\/#\/schema\/logo\/image\/"}},{"@type":"Person","@id":"https:\/\/ajeandalucia.org\/almeria\/#\/schema\/person\/9336ac50bc8c90053f6bf3b99e5c7d7b","name":"almeria","image":{"@type":"ImageObject","inLanguage":"es","@id":"https:\/\/ajeandalucia.org\/almeria\/#\/schema\/person\/image\/","url":"https:\/\/secure.gravatar.com\/avatar\/f5b6b7d37a8f964bd96d1a7752fc3160bb98a16a08fda2bb6fb3a80845dae5d6?s=96&d=mm&r=g","contentUrl":"https:\/\/secure.gravatar.com\/avatar\/f5b6b7d37a8f964bd96d1a7752fc3160bb98a16a08fda2bb6fb3a80845dae5d6?s=96&d=mm&r=g","caption":"almeria"},"sameAs":["http:\/\/www.ajealmeria.org\/"],"url":"https:\/\/ajeandalucia.org\/almeria\/author\/almeria\/"}]}},"_links":{"self":[{"href":"https:\/\/ajeandalucia.org\/almeria\/wp-json\/wp\/v2\/posts\/2683","targetHints":{"allow":["GET"]}}],"collection":[{"href":"https:\/\/ajeandalucia.org\/almeria\/wp-json\/wp\/v2\/posts"}],"about":[{"href":"https:\/\/ajeandalucia.org\/almeria\/wp-json\/wp\/v2\/types\/post"}],"author":[{"embeddable":true,"href":"https:\/\/ajeandalucia.org\/almeria\/wp-json\/wp\/v2\/users\/3"}],"replies":[{"embeddable":true,"href":"https:\/\/ajeandalucia.org\/almeria\/wp-json\/wp\/v2\/comments?post=2683"}],"version-history":[{"count":5,"href":"https:\/\/ajeandalucia.org\/almeria\/wp-json\/wp\/v2\/posts\/2683\/revisions"}],"predecessor-version":[{"id":2845,"href":"https:\/\/ajeandalucia.org\/almeria\/wp-json\/wp\/v2\/posts\/2683\/revisions\/2845"}],"wp:featuredmedia":[{"embeddable":true,"href":"https:\/\/ajeandalucia.org\/almeria\/wp-json\/wp\/v2\/media\/2684"}],"wp:attachment":[{"href":"https:\/\/ajeandalucia.org\/almeria\/wp-json\/wp\/v2\/media?parent=2683"}],"wp:term":[{"taxonomy":"category","embeddable":true,"href":"https:\/\/ajeandalucia.org\/almeria\/wp-json\/wp\/v2\/categories?post=2683"},{"taxonomy":"post_tag","embeddable":true,"href":"https:\/\/ajeandalucia.org\/almeria\/wp-json\/wp\/v2\/tags?post=2683"}],"curies":[{"name":"wp","href":"https:\/\/api.w.org\/{rel}","templated":true}]}}