{"id":2757,"date":"2022-05-27T11:44:37","date_gmt":"2022-05-27T11:44:37","guid":{"rendered":"https:\/\/www.ajeandalucia.org\/almeria\/?p=2757"},"modified":"2022-05-27T11:56:39","modified_gmt":"2022-05-27T11:56:39","slug":"aje-almeria-recibe-a-pilar-martinez-cosentino-en-la-cuarta-edicion-de-aje-en-femenino","status":"publish","type":"post","link":"https:\/\/ajeandalucia.org\/almeria\/2022\/05\/27\/aje-almeria-recibe-a-pilar-martinez-cosentino-en-la-cuarta-edicion-de-aje-en-femenino\/","title":{"rendered":"AJE Almer\u00eda recibe a Pilar Mart\u00ednez-Cosentino en la cuarta edici\u00f3n de \u2018AJE en Femenino\u2019"},"content":{"rendered":"<p>La <strong>Asociaci\u00f3n de J\u00f3venes Empresarios de Almer\u00eda<\/strong> (AJE), en colaboraci\u00f3n con Cajamar, el Ayuntamiento de Almer\u00eda, Muebles Mago y Alejandra Abad Studio, organiz\u00f3 una nueva entrega de \u2018<strong>AJE en Femenino<\/strong>\u2019, un programa que tiene como objetivo poner en valor el talento femenino y dar voz a la gran labor que muchas mujeres de la provincia est\u00e1n llevando a cabo. El evento se celebr\u00f3 ayer jueves, <strong>26 de mayo<\/strong>, a las 20 horas en el C\u00edrculo Mercantil de Almer\u00eda.<\/p>\n<p>Esta cuarta edici\u00f3n tuvo como protagonista a<strong> Pilar Mart\u00ednez-Cosentino Alfonso<\/strong>, Vicepresidenta Ejecutiva de Grupo Cosentino. A lo largo de su amplia trayectoria profesional ha recibido varios premios entre los que destacan el Premio Mujer Empresaria Caixabank 2021 que reconoce el talento y la excelencia profesional de empresarias en Espa\u00f1a y la Bandera de Andaluc\u00eda, concedida el 28 de Febrero de 2022 por la Delegaci\u00f3n del Gobierno Andaluz.<\/p>\n<p>Tras la llegada de la protagonista, recibida por <strong>Jos\u00e9 Gonz\u00e1lez S\u00e1nchez<\/strong>, presidente de AJE Almer\u00eda, esta cuarta edici\u00f3n comenz\u00f3 con la presentaci\u00f3n del acto por parte de <strong>Beatriz Piernagorda<\/strong>, vocal de AJE y la intervenci\u00f3n de <strong>Mar\u00eda del Mar V\u00e1zquez<\/strong>, concejala de Presidencia y primera teniente de alcalde del Ayuntamiento de Almer\u00eda.<\/p>\n<p>\u201cComo Ayuntamiento somos la administraci\u00f3n m\u00e1s cercana a las inquietudes y proyectos de los almerienses. Hac\u00e9is del entendimiento y la innovaci\u00f3n un modo de vida y, por ello, sois <strong>inspiradoras<\/strong>\u201d, explic\u00f3 la concejala.<\/p>\n<p>A este reconocimiento se unieron las palabras de<strong> Alejandra Abad<\/strong>, gerente de la empresa Muebles Mago, quien alab\u00f3 la gran labor realizada por Pilar Mart\u00ednez-Cosentino.<\/p>\n<p>Acompa\u00f1ada por <strong>Antonia S\u00e1nchez Villanueva<\/strong>, Subdirectora de La Voz de Almer\u00eda y encargada de realizar la entrevista, Pilar Mart\u00ednez-Cosentino respondi\u00f3 tanto a sus preguntas como a las dudas planteadas por parte de los asistentes.<\/p>\n<p>\u201cCreo que las mujeres tenemos una manera de liderar m\u00e1s humanista por nuestra capacidad de escucha y empat\u00eda. Son caracter\u00edsticas esenciales de cara a <strong>liderar<\/strong> un proyecto\u201d, explic\u00f3 Mart\u00ednez-Cosentino.<\/p>\n<p>En referencia a la poca presencia de mujeres en las direcciones de empresa, Pilar a\u00f1adi\u00f3: \u201cLas empresas tenemos que fomentar la conciliaci\u00f3n y tomar medidas para que las mujeres compitan en igualdad de oportunidades. Debemos llegar a lo m\u00e1s alto siendo buenos <strong>profesionales<\/strong> y que no nos condicione el g\u00e9nero\u201d.<\/p>\n<p>Asimismo, hizo hincapi\u00e9 en la necesidad de incentivar el <strong>emprendimiento<\/strong>. \u201cVamos por buen camino ya que Almer\u00eda es la provincia con mayor \u00edndice de emprendimiento femenino, pero necesitamos a m\u00e1s emprendedores tanto hombres como mujeres. La <strong>educaci\u00f3n<\/strong> es muy importante en un proceso en el que hay que dignificar la figura del empresario\u201d, detall\u00f3.<\/p>\n<p>En esta l\u00ednea \u201cdefiendo la<strong> formaci\u00f3n profesional<\/strong> porque solo con un buen equipo te har\u00e1 crecer y evolucionar. La integraci\u00f3n entre el conocimiento y la pr\u00e1ctica profesional es fundamental para formar el talento del futuro\u201d.<\/p>\n<p><strong>Debate<\/strong><br \/>\nDe estas cuestiones, los asistentes plantearon sus dudas a Pilar Mart\u00ednez-Cosentino, quien fue contundente: \u201cLa soluci\u00f3n para generar empleo en Espa\u00f1a cuenta con<strong> tres ejes<\/strong>: poner en valor la Formaci\u00f3n Profesional, adaptar estos m\u00f3dulos de formaci\u00f3n a las necesidades que tenemos hoy en d\u00eda las empresas y preparar a los profesores para impartir estas materias\u201d.<\/p>\n<p>Para finalizar el acto, <strong>Jos\u00e9 Gonz\u00e1lez<\/strong>, presidente de AJE Almer\u00eda, no quiso despedirse sin antes agradecer la gran acogida de este evento y la presencia de Pilar Mart\u00ednez-Cosentino. \u201cMe siento parte de Cosentino y es un <strong>orgullo<\/strong> que la empresa lleve el nombre de Almer\u00eda por bandera. Las empresas necesitan personas, pero sobre todo personas como t\u00fa\u201d, concluy\u00f3 Gonz\u00e1lez.<\/p>\n<div id='gallery-1' class='gallery galleryid-2757 gallery-columns-3 gallery-size-medium'><figure class='gallery-item'>\n\t\t\t<div class='gallery-icon landscape'>\n\t\t\t\t<a href='https:\/\/ajeandalucia.org\/almeria\/2022\/05\/27\/aje-almeria-recibe-a-pilar-martinez-cosentino-en-la-cuarta-edicion-de-aje-en-femenino\/attachment\/17\/'><img loading=\"lazy\" decoding=\"async\" width=\"300\" height=\"200\" src=\"https:\/\/ajeandalucia.org\/almeria\/wp-content\/uploads\/sites\/3\/2022\/05\/17-300x200.jpg\" class=\"attachment-medium size-medium\" alt=\"\" srcset=\"https:\/\/ajeandalucia.org\/almeria\/wp-content\/uploads\/sites\/3\/2022\/05\/17-300x200.jpg 300w, https:\/\/ajeandalucia.org\/almeria\/wp-content\/uploads\/sites\/3\/2022\/05\/17-768x512.jpg 768w, https:\/\/ajeandalucia.org\/almeria\/wp-content\/uploads\/sites\/3\/2022\/05\/17-1024x683.jpg 1024w\" sizes=\"auto, (max-width: 300px) 100vw, 300px\" \/><\/a>\n\t\t\t<\/div><\/figure><figure class='gallery-item'>\n\t\t\t<div class='gallery-icon landscape'>\n\t\t\t\t<a href='https:\/\/ajeandalucia.org\/almeria\/2022\/05\/27\/aje-almeria-recibe-a-pilar-martinez-cosentino-en-la-cuarta-edicion-de-aje-en-femenino\/attachment\/18\/'><img loading=\"lazy\" decoding=\"async\" width=\"300\" height=\"200\" src=\"https:\/\/ajeandalucia.org\/almeria\/wp-content\/uploads\/sites\/3\/2022\/05\/18-300x200.jpg\" class=\"attachment-medium size-medium\" alt=\"\" srcset=\"https:\/\/ajeandalucia.org\/almeria\/wp-content\/uploads\/sites\/3\/2022\/05\/18-300x200.jpg 300w, https:\/\/ajeandalucia.org\/almeria\/wp-content\/uploads\/sites\/3\/2022\/05\/18-768x512.jpg 768w, https:\/\/ajeandalucia.org\/almeria\/wp-content\/uploads\/sites\/3\/2022\/05\/18-1024x683.jpg 1024w\" sizes=\"auto, (max-width: 300px) 100vw, 300px\" \/><\/a>\n\t\t\t<\/div><\/figure><figure class='gallery-item'>\n\t\t\t<div class='gallery-icon landscape'>\n\t\t\t\t<a href='https:\/\/ajeandalucia.org\/almeria\/2022\/05\/27\/aje-almeria-recibe-a-pilar-martinez-cosentino-en-la-cuarta-edicion-de-aje-en-femenino\/attachment\/19\/'><img loading=\"lazy\" decoding=\"async\" width=\"300\" height=\"200\" src=\"https:\/\/ajeandalucia.org\/almeria\/wp-content\/uploads\/sites\/3\/2022\/05\/19-300x200.jpg\" class=\"attachment-medium size-medium\" alt=\"\" srcset=\"https:\/\/ajeandalucia.org\/almeria\/wp-content\/uploads\/sites\/3\/2022\/05\/19-300x200.jpg 300w, https:\/\/ajeandalucia.org\/almeria\/wp-content\/uploads\/sites\/3\/2022\/05\/19-768x512.jpg 768w, https:\/\/ajeandalucia.org\/almeria\/wp-content\/uploads\/sites\/3\/2022\/05\/19-1024x683.jpg 1024w\" sizes=\"auto, (max-width: 300px) 100vw, 300px\" \/><\/a>\n\t\t\t<\/div><\/figure><figure class='gallery-item'>\n\t\t\t<div class='gallery-icon landscape'>\n\t\t\t\t<a href='https:\/\/ajeandalucia.org\/almeria\/2022\/05\/27\/aje-almeria-recibe-a-pilar-martinez-cosentino-en-la-cuarta-edicion-de-aje-en-femenino\/attachment\/20\/'><img loading=\"lazy\" decoding=\"async\" width=\"300\" height=\"200\" src=\"https:\/\/ajeandalucia.org\/almeria\/wp-content\/uploads\/sites\/3\/2022\/05\/20-300x200.jpg\" class=\"attachment-medium size-medium\" alt=\"\" srcset=\"https:\/\/ajeandalucia.org\/almeria\/wp-content\/uploads\/sites\/3\/2022\/05\/20-300x200.jpg 300w, https:\/\/ajeandalucia.org\/almeria\/wp-content\/uploads\/sites\/3\/2022\/05\/20-768x512.jpg 768w, https:\/\/ajeandalucia.org\/almeria\/wp-content\/uploads\/sites\/3\/2022\/05\/20-1024x683.jpg 1024w\" sizes=\"auto, (max-width: 300px) 100vw, 300px\" \/><\/a>\n\t\t\t<\/div><\/figure><figure class='gallery-item'>\n\t\t\t<div class='gallery-icon landscape'>\n\t\t\t\t<a href='https:\/\/ajeandalucia.org\/almeria\/2022\/05\/27\/aje-almeria-recibe-a-pilar-martinez-cosentino-en-la-cuarta-edicion-de-aje-en-femenino\/21-2\/'><img loading=\"lazy\" decoding=\"async\" width=\"300\" height=\"200\" src=\"https:\/\/ajeandalucia.org\/almeria\/wp-content\/uploads\/sites\/3\/2022\/05\/21-300x200.jpg\" class=\"attachment-medium size-medium\" alt=\"\" srcset=\"https:\/\/ajeandalucia.org\/almeria\/wp-content\/uploads\/sites\/3\/2022\/05\/21-300x200.jpg 300w, https:\/\/ajeandalucia.org\/almeria\/wp-content\/uploads\/sites\/3\/2022\/05\/21-768x512.jpg 768w, https:\/\/ajeandalucia.org\/almeria\/wp-content\/uploads\/sites\/3\/2022\/05\/21-1024x683.jpg 1024w\" sizes=\"auto, (max-width: 300px) 100vw, 300px\" \/><\/a>\n\t\t\t<\/div><\/figure><figure class='gallery-item'>\n\t\t\t<div class='gallery-icon landscape'>\n\t\t\t\t<a href='https:\/\/ajeandalucia.org\/almeria\/2022\/05\/27\/aje-almeria-recibe-a-pilar-martinez-cosentino-en-la-cuarta-edicion-de-aje-en-femenino\/attachment\/22\/'><img loading=\"lazy\" decoding=\"async\" width=\"300\" height=\"200\" src=\"https:\/\/ajeandalucia.org\/almeria\/wp-content\/uploads\/sites\/3\/2022\/05\/22-300x200.jpg\" class=\"attachment-medium size-medium\" alt=\"\" srcset=\"https:\/\/ajeandalucia.org\/almeria\/wp-content\/uploads\/sites\/3\/2022\/05\/22-300x200.jpg 300w, https:\/\/ajeandalucia.org\/almeria\/wp-content\/uploads\/sites\/3\/2022\/05\/22-768x512.jpg 768w, https:\/\/ajeandalucia.org\/almeria\/wp-content\/uploads\/sites\/3\/2022\/05\/22-1024x683.jpg 1024w\" sizes=\"auto, (max-width: 300px) 100vw, 300px\" \/><\/a>\n\t\t\t<\/div><\/figure><figure class='gallery-item'>\n\t\t\t<div class='gallery-icon landscape'>\n\t\t\t\t<a href='https:\/\/ajeandalucia.org\/almeria\/2022\/05\/27\/aje-almeria-recibe-a-pilar-martinez-cosentino-en-la-cuarta-edicion-de-aje-en-femenino\/attachment\/23\/'><img loading=\"lazy\" decoding=\"async\" width=\"300\" height=\"200\" src=\"https:\/\/ajeandalucia.org\/almeria\/wp-content\/uploads\/sites\/3\/2022\/05\/23-300x200.jpg\" class=\"attachment-medium size-medium\" alt=\"\" srcset=\"https:\/\/ajeandalucia.org\/almeria\/wp-content\/uploads\/sites\/3\/2022\/05\/23-300x200.jpg 300w, https:\/\/ajeandalucia.org\/almeria\/wp-content\/uploads\/sites\/3\/2022\/05\/23-768x512.jpg 768w, https:\/\/ajeandalucia.org\/almeria\/wp-content\/uploads\/sites\/3\/2022\/05\/23-1024x683.jpg 1024w\" sizes=\"auto, (max-width: 300px) 100vw, 300px\" \/><\/a>\n\t\t\t<\/div><\/figure><figure class='gallery-item'>\n\t\t\t<div class='gallery-icon landscape'>\n\t\t\t\t<a href='https:\/\/ajeandalucia.org\/almeria\/2022\/05\/27\/aje-almeria-recibe-a-pilar-martinez-cosentino-en-la-cuarta-edicion-de-aje-en-femenino\/attachment\/24\/'><img loading=\"lazy\" decoding=\"async\" width=\"300\" height=\"200\" src=\"https:\/\/ajeandalucia.org\/almeria\/wp-content\/uploads\/sites\/3\/2022\/05\/24-300x200.jpg\" class=\"attachment-medium size-medium\" alt=\"\" srcset=\"https:\/\/ajeandalucia.org\/almeria\/wp-content\/uploads\/sites\/3\/2022\/05\/24-300x200.jpg 300w, https:\/\/ajeandalucia.org\/almeria\/wp-content\/uploads\/sites\/3\/2022\/05\/24-768x512.jpg 768w, https:\/\/ajeandalucia.org\/almeria\/wp-content\/uploads\/sites\/3\/2022\/05\/24-1024x683.jpg 1024w\" sizes=\"auto, (max-width: 300px) 100vw, 300px\" \/><\/a>\n\t\t\t<\/div><\/figure><figure class='gallery-item'>\n\t\t\t<div class='gallery-icon landscape'>\n\t\t\t\t<a href='https:\/\/ajeandalucia.org\/almeria\/2022\/05\/27\/aje-almeria-recibe-a-pilar-martinez-cosentino-en-la-cuarta-edicion-de-aje-en-femenino\/attachment\/25\/'><img loading=\"lazy\" decoding=\"async\" width=\"300\" height=\"200\" src=\"https:\/\/ajeandalucia.org\/almeria\/wp-content\/uploads\/sites\/3\/2022\/05\/25-300x200.jpg\" class=\"attachment-medium size-medium\" alt=\"\" srcset=\"https:\/\/ajeandalucia.org\/almeria\/wp-content\/uploads\/sites\/3\/2022\/05\/25-300x200.jpg 300w, https:\/\/ajeandalucia.org\/almeria\/wp-content\/uploads\/sites\/3\/2022\/05\/25-768x512.jpg 768w, https:\/\/ajeandalucia.org\/almeria\/wp-content\/uploads\/sites\/3\/2022\/05\/25-1024x683.jpg 1024w\" sizes=\"auto, (max-width: 300px) 100vw, 300px\" \/><\/a>\n\t\t\t<\/div><\/figure><figure class='gallery-item'>\n\t\t\t<div class='gallery-icon landscape'>\n\t\t\t\t<a href='https:\/\/ajeandalucia.org\/almeria\/2022\/05\/27\/aje-almeria-recibe-a-pilar-martinez-cosentino-en-la-cuarta-edicion-de-aje-en-femenino\/attachment\/26\/'><img loading=\"lazy\" decoding=\"async\" width=\"300\" height=\"200\" src=\"https:\/\/ajeandalucia.org\/almeria\/wp-content\/uploads\/sites\/3\/2022\/05\/26-300x200.jpg\" class=\"attachment-medium size-medium\" alt=\"\" srcset=\"https:\/\/ajeandalucia.org\/almeria\/wp-content\/uploads\/sites\/3\/2022\/05\/26-300x200.jpg 300w, https:\/\/ajeandalucia.org\/almeria\/wp-content\/uploads\/sites\/3\/2022\/05\/26-768x512.jpg 768w, https:\/\/ajeandalucia.org\/almeria\/wp-content\/uploads\/sites\/3\/2022\/05\/26-1024x683.jpg 1024w\" sizes=\"auto, (max-width: 300px) 100vw, 300px\" \/><\/a>\n\t\t\t<\/div><\/figure><figure class='gallery-item'>\n\t\t\t<div class='gallery-icon landscape'>\n\t\t\t\t<a href='https:\/\/ajeandalucia.org\/almeria\/2022\/05\/27\/aje-almeria-recibe-a-pilar-martinez-cosentino-en-la-cuarta-edicion-de-aje-en-femenino\/attachment\/27\/'><img loading=\"lazy\" decoding=\"async\" width=\"300\" height=\"200\" src=\"https:\/\/ajeandalucia.org\/almeria\/wp-content\/uploads\/sites\/3\/2022\/05\/27-300x200.jpg\" class=\"attachment-medium size-medium\" alt=\"\" srcset=\"https:\/\/ajeandalucia.org\/almeria\/wp-content\/uploads\/sites\/3\/2022\/05\/27-300x200.jpg 300w, https:\/\/ajeandalucia.org\/almeria\/wp-content\/uploads\/sites\/3\/2022\/05\/27-768x512.jpg 768w, https:\/\/ajeandalucia.org\/almeria\/wp-content\/uploads\/sites\/3\/2022\/05\/27-1024x683.jpg 1024w\" sizes=\"auto, (max-width: 300px) 100vw, 300px\" \/><\/a>\n\t\t\t<\/div><\/figure><figure class='gallery-item'>\n\t\t\t<div class='gallery-icon landscape'>\n\t\t\t\t<a href='https:\/\/ajeandalucia.org\/almeria\/2022\/05\/27\/aje-almeria-recibe-a-pilar-martinez-cosentino-en-la-cuarta-edicion-de-aje-en-femenino\/attachment\/28\/'><img loading=\"lazy\" decoding=\"async\" width=\"300\" height=\"200\" src=\"https:\/\/ajeandalucia.org\/almeria\/wp-content\/uploads\/sites\/3\/2022\/05\/28-300x200.jpg\" class=\"attachment-medium size-medium\" alt=\"\" srcset=\"https:\/\/ajeandalucia.org\/almeria\/wp-content\/uploads\/sites\/3\/2022\/05\/28-300x200.jpg 300w, https:\/\/ajeandalucia.org\/almeria\/wp-content\/uploads\/sites\/3\/2022\/05\/28-768x512.jpg 768w, https:\/\/ajeandalucia.org\/almeria\/wp-content\/uploads\/sites\/3\/2022\/05\/28-1024x683.jpg 1024w\" sizes=\"auto, (max-width: 300px) 100vw, 300px\" \/><\/a>\n\t\t\t<\/div><\/figure><figure class='gallery-item'>\n\t\t\t<div class='gallery-icon landscape'>\n\t\t\t\t<a href='https:\/\/ajeandalucia.org\/almeria\/2022\/05\/27\/aje-almeria-recibe-a-pilar-martinez-cosentino-en-la-cuarta-edicion-de-aje-en-femenino\/attachment\/29\/'><img loading=\"lazy\" decoding=\"async\" width=\"300\" height=\"200\" src=\"https:\/\/ajeandalucia.org\/almeria\/wp-content\/uploads\/sites\/3\/2022\/05\/29-300x200.jpg\" class=\"attachment-medium size-medium\" alt=\"\" srcset=\"https:\/\/ajeandalucia.org\/almeria\/wp-content\/uploads\/sites\/3\/2022\/05\/29-300x200.jpg 300w, https:\/\/ajeandalucia.org\/almeria\/wp-content\/uploads\/sites\/3\/2022\/05\/29-768x512.jpg 768w, https:\/\/ajeandalucia.org\/almeria\/wp-content\/uploads\/sites\/3\/2022\/05\/29-1024x683.jpg 1024w\" sizes=\"auto, (max-width: 300px) 100vw, 300px\" \/><\/a>\n\t\t\t<\/div><\/figure><figure class='gallery-item'>\n\t\t\t<div class='gallery-icon landscape'>\n\t\t\t\t<a href='https:\/\/ajeandalucia.org\/almeria\/2022\/05\/27\/aje-almeria-recibe-a-pilar-martinez-cosentino-en-la-cuarta-edicion-de-aje-en-femenino\/attachment\/30\/'><img loading=\"lazy\" decoding=\"async\" width=\"300\" height=\"200\" src=\"https:\/\/ajeandalucia.org\/almeria\/wp-content\/uploads\/sites\/3\/2022\/05\/30-300x200.jpg\" class=\"attachment-medium size-medium\" alt=\"\" srcset=\"https:\/\/ajeandalucia.org\/almeria\/wp-content\/uploads\/sites\/3\/2022\/05\/30-300x200.jpg 300w, https:\/\/ajeandalucia.org\/almeria\/wp-content\/uploads\/sites\/3\/2022\/05\/30-768x512.jpg 768w, https:\/\/ajeandalucia.org\/almeria\/wp-content\/uploads\/sites\/3\/2022\/05\/30-1024x683.jpg 1024w\" sizes=\"auto, (max-width: 300px) 100vw, 300px\" \/><\/a>\n\t\t\t<\/div><\/figure><figure class='gallery-item'>\n\t\t\t<div class='gallery-icon landscape'>\n\t\t\t\t<a href='https:\/\/ajeandalucia.org\/almeria\/2022\/05\/27\/aje-almeria-recibe-a-pilar-martinez-cosentino-en-la-cuarta-edicion-de-aje-en-femenino\/dsg\/'><img loading=\"lazy\" decoding=\"async\" width=\"300\" height=\"200\" src=\"https:\/\/ajeandalucia.org\/almeria\/wp-content\/uploads\/sites\/3\/2022\/05\/dsg-300x200.jpg\" class=\"attachment-medium size-medium\" alt=\"\" srcset=\"https:\/\/ajeandalucia.org\/almeria\/wp-content\/uploads\/sites\/3\/2022\/05\/dsg-300x200.jpg 300w, https:\/\/ajeandalucia.org\/almeria\/wp-content\/uploads\/sites\/3\/2022\/05\/dsg-768x512.jpg 768w, https:\/\/ajeandalucia.org\/almeria\/wp-content\/uploads\/sites\/3\/2022\/05\/dsg-1024x683.jpg 1024w\" sizes=\"auto, (max-width: 300px) 100vw, 300px\" \/><\/a>\n\t\t\t<\/div><\/figure><figure class='gallery-item'>\n\t\t\t<div class='gallery-icon portrait'>\n\t\t\t\t<a href='https:\/\/ajeandalucia.org\/almeria\/2022\/05\/27\/aje-almeria-recibe-a-pilar-martinez-cosentino-en-la-cuarta-edicion-de-aje-en-femenino\/_y1a7059\/'><img loading=\"lazy\" decoding=\"async\" width=\"200\" height=\"300\" src=\"https:\/\/ajeandalucia.org\/almeria\/wp-content\/uploads\/sites\/3\/2022\/05\/Y1A7059-200x300.jpg\" class=\"attachment-medium size-medium\" alt=\"\" srcset=\"https:\/\/ajeandalucia.org\/almeria\/wp-content\/uploads\/sites\/3\/2022\/05\/Y1A7059-200x300.jpg 200w, https:\/\/ajeandalucia.org\/almeria\/wp-content\/uploads\/sites\/3\/2022\/05\/Y1A7059-768x1152.jpg 768w, https:\/\/ajeandalucia.org\/almeria\/wp-content\/uploads\/sites\/3\/2022\/05\/Y1A7059-682x1024.jpg 682w, https:\/\/ajeandalucia.org\/almeria\/wp-content\/uploads\/sites\/3\/2022\/05\/Y1A7059.jpg 1333w\" sizes=\"auto, (max-width: 200px) 100vw, 200px\" \/><\/a>\n\t\t\t<\/div><\/figure><figure class='gallery-item'>\n\t\t\t<div class='gallery-icon landscape'>\n\t\t\t\t<a href='https:\/\/ajeandalucia.org\/almeria\/2022\/05\/27\/aje-almeria-recibe-a-pilar-martinez-cosentino-en-la-cuarta-edicion-de-aje-en-femenino\/_y1a7064\/'><img loading=\"lazy\" decoding=\"async\" width=\"300\" height=\"200\" src=\"https:\/\/ajeandalucia.org\/almeria\/wp-content\/uploads\/sites\/3\/2022\/05\/Y1A7064-300x200.jpg\" class=\"attachment-medium size-medium\" alt=\"\" srcset=\"https:\/\/ajeandalucia.org\/almeria\/wp-content\/uploads\/sites\/3\/2022\/05\/Y1A7064-300x200.jpg 300w, https:\/\/ajeandalucia.org\/almeria\/wp-content\/uploads\/sites\/3\/2022\/05\/Y1A7064-768x512.jpg 768w, https:\/\/ajeandalucia.org\/almeria\/wp-content\/uploads\/sites\/3\/2022\/05\/Y1A7064-1024x683.jpg 1024w\" sizes=\"auto, (max-width: 300px) 100vw, 300px\" \/><\/a>\n\t\t\t<\/div><\/figure><figure class='gallery-item'>\n\t\t\t<div class='gallery-icon landscape'>\n\t\t\t\t<a href='https:\/\/ajeandalucia.org\/almeria\/2022\/05\/27\/aje-almeria-recibe-a-pilar-martinez-cosentino-en-la-cuarta-edicion-de-aje-en-femenino\/_y1a7069\/'><img loading=\"lazy\" decoding=\"async\" width=\"300\" height=\"200\" src=\"https:\/\/ajeandalucia.org\/almeria\/wp-content\/uploads\/sites\/3\/2022\/05\/Y1A7069-300x200.jpg\" class=\"attachment-medium size-medium\" alt=\"\" srcset=\"https:\/\/ajeandalucia.org\/almeria\/wp-content\/uploads\/sites\/3\/2022\/05\/Y1A7069-300x200.jpg 300w, https:\/\/ajeandalucia.org\/almeria\/wp-content\/uploads\/sites\/3\/2022\/05\/Y1A7069-768x512.jpg 768w, https:\/\/ajeandalucia.org\/almeria\/wp-content\/uploads\/sites\/3\/2022\/05\/Y1A7069-1024x683.jpg 1024w\" sizes=\"auto, (max-width: 300px) 100vw, 300px\" \/><\/a>\n\t\t\t<\/div><\/figure><figure class='gallery-item'>\n\t\t\t<div class='gallery-icon landscape'>\n\t\t\t\t<a href='https:\/\/ajeandalucia.org\/almeria\/2022\/05\/27\/aje-almeria-recibe-a-pilar-martinez-cosentino-en-la-cuarta-edicion-de-aje-en-femenino\/_y1a7076\/'><img loading=\"lazy\" decoding=\"async\" width=\"300\" height=\"200\" src=\"https:\/\/ajeandalucia.org\/almeria\/wp-content\/uploads\/sites\/3\/2022\/05\/Y1A7076-300x200.jpg\" class=\"attachment-medium size-medium\" alt=\"\" srcset=\"https:\/\/ajeandalucia.org\/almeria\/wp-content\/uploads\/sites\/3\/2022\/05\/Y1A7076-300x200.jpg 300w, https:\/\/ajeandalucia.org\/almeria\/wp-content\/uploads\/sites\/3\/2022\/05\/Y1A7076-768x512.jpg 768w, https:\/\/ajeandalucia.org\/almeria\/wp-content\/uploads\/sites\/3\/2022\/05\/Y1A7076-1024x683.jpg 1024w\" sizes=\"auto, (max-width: 300px) 100vw, 300px\" \/><\/a>\n\t\t\t<\/div><\/figure><figure class='gallery-item'>\n\t\t\t<div class='gallery-icon portrait'>\n\t\t\t\t<a href='https:\/\/ajeandalucia.org\/almeria\/2022\/05\/27\/aje-almeria-recibe-a-pilar-martinez-cosentino-en-la-cuarta-edicion-de-aje-en-femenino\/_y1a7077\/'><img loading=\"lazy\" decoding=\"async\" width=\"200\" height=\"300\" src=\"https:\/\/ajeandalucia.org\/almeria\/wp-content\/uploads\/sites\/3\/2022\/05\/Y1A7077-200x300.jpg\" class=\"attachment-medium size-medium\" alt=\"\" srcset=\"https:\/\/ajeandalucia.org\/almeria\/wp-content\/uploads\/sites\/3\/2022\/05\/Y1A7077-200x300.jpg 200w, https:\/\/ajeandalucia.org\/almeria\/wp-content\/uploads\/sites\/3\/2022\/05\/Y1A7077-768x1152.jpg 768w, https:\/\/ajeandalucia.org\/almeria\/wp-content\/uploads\/sites\/3\/2022\/05\/Y1A7077-682x1024.jpg 682w, https:\/\/ajeandalucia.org\/almeria\/wp-content\/uploads\/sites\/3\/2022\/05\/Y1A7077.jpg 1333w\" sizes=\"auto, (max-width: 200px) 100vw, 200px\" \/><\/a>\n\t\t\t<\/div><\/figure><figure class='gallery-item'>\n\t\t\t<div class='gallery-icon landscape'>\n\t\t\t\t<a href='https:\/\/ajeandalucia.org\/almeria\/2022\/05\/27\/aje-almeria-recibe-a-pilar-martinez-cosentino-en-la-cuarta-edicion-de-aje-en-femenino\/_y1a7078\/'><img loading=\"lazy\" decoding=\"async\" width=\"300\" height=\"200\" src=\"https:\/\/ajeandalucia.org\/almeria\/wp-content\/uploads\/sites\/3\/2022\/05\/Y1A7078-300x200.jpg\" class=\"attachment-medium size-medium\" alt=\"\" srcset=\"https:\/\/ajeandalucia.org\/almeria\/wp-content\/uploads\/sites\/3\/2022\/05\/Y1A7078-300x200.jpg 300w, https:\/\/ajeandalucia.org\/almeria\/wp-content\/uploads\/sites\/3\/2022\/05\/Y1A7078-768x512.jpg 768w, https:\/\/ajeandalucia.org\/almeria\/wp-content\/uploads\/sites\/3\/2022\/05\/Y1A7078-1024x683.jpg 1024w\" sizes=\"auto, (max-width: 300px) 100vw, 300px\" \/><\/a>\n\t\t\t<\/div><\/figure><figure class='gallery-item'>\n\t\t\t<div class='gallery-icon landscape'>\n\t\t\t\t<a href='https:\/\/ajeandalucia.org\/almeria\/2022\/05\/27\/aje-almeria-recibe-a-pilar-martinez-cosentino-en-la-cuarta-edicion-de-aje-en-femenino\/_y1a7081\/'><img loading=\"lazy\" decoding=\"async\" width=\"300\" height=\"200\" src=\"https:\/\/ajeandalucia.org\/almeria\/wp-content\/uploads\/sites\/3\/2022\/05\/Y1A7081-300x200.jpg\" class=\"attachment-medium size-medium\" alt=\"\" srcset=\"https:\/\/ajeandalucia.org\/almeria\/wp-content\/uploads\/sites\/3\/2022\/05\/Y1A7081-300x200.jpg 300w, https:\/\/ajeandalucia.org\/almeria\/wp-content\/uploads\/sites\/3\/2022\/05\/Y1A7081-768x512.jpg 768w, https:\/\/ajeandalucia.org\/almeria\/wp-content\/uploads\/sites\/3\/2022\/05\/Y1A7081-1024x683.jpg 1024w\" sizes=\"auto, (max-width: 300px) 100vw, 300px\" \/><\/a>\n\t\t\t<\/div><\/figure><figure class='gallery-item'>\n\t\t\t<div class='gallery-icon landscape'>\n\t\t\t\t<a href='https:\/\/ajeandalucia.org\/almeria\/2022\/05\/27\/aje-almeria-recibe-a-pilar-martinez-cosentino-en-la-cuarta-edicion-de-aje-en-femenino\/_y1a7084\/'><img loading=\"lazy\" decoding=\"async\" width=\"300\" height=\"200\" src=\"https:\/\/ajeandalucia.org\/almeria\/wp-content\/uploads\/sites\/3\/2022\/05\/Y1A7084-300x200.jpg\" class=\"attachment-medium size-medium\" alt=\"\" srcset=\"https:\/\/ajeandalucia.org\/almeria\/wp-content\/uploads\/sites\/3\/2022\/05\/Y1A7084-300x200.jpg 300w, https:\/\/ajeandalucia.org\/almeria\/wp-content\/uploads\/sites\/3\/2022\/05\/Y1A7084-768x512.jpg 768w, https:\/\/ajeandalucia.org\/almeria\/wp-content\/uploads\/sites\/3\/2022\/05\/Y1A7084-1024x683.jpg 1024w\" sizes=\"auto, (max-width: 300px) 100vw, 300px\" \/><\/a>\n\t\t\t<\/div><\/figure><figure class='gallery-item'>\n\t\t\t<div class='gallery-icon landscape'>\n\t\t\t\t<a href='https:\/\/ajeandalucia.org\/almeria\/2022\/05\/27\/aje-almeria-recibe-a-pilar-martinez-cosentino-en-la-cuarta-edicion-de-aje-en-femenino\/_y1a7088\/'><img loading=\"lazy\" decoding=\"async\" width=\"300\" height=\"200\" src=\"https:\/\/ajeandalucia.org\/almeria\/wp-content\/uploads\/sites\/3\/2022\/05\/Y1A7088-300x200.jpg\" class=\"attachment-medium size-medium\" alt=\"\" srcset=\"https:\/\/ajeandalucia.org\/almeria\/wp-content\/uploads\/sites\/3\/2022\/05\/Y1A7088-300x200.jpg 300w, https:\/\/ajeandalucia.org\/almeria\/wp-content\/uploads\/sites\/3\/2022\/05\/Y1A7088-768x512.jpg 768w, https:\/\/ajeandalucia.org\/almeria\/wp-content\/uploads\/sites\/3\/2022\/05\/Y1A7088-1024x683.jpg 1024w\" sizes=\"auto, (max-width: 300px) 100vw, 300px\" \/><\/a>\n\t\t\t<\/div><\/figure><figure class='gallery-item'>\n\t\t\t<div class='gallery-icon portrait'>\n\t\t\t\t<a href='https:\/\/ajeandalucia.org\/almeria\/2022\/05\/27\/aje-almeria-recibe-a-pilar-martinez-cosentino-en-la-cuarta-edicion-de-aje-en-femenino\/_y1a7094\/'><img loading=\"lazy\" decoding=\"async\" width=\"200\" height=\"300\" src=\"https:\/\/ajeandalucia.org\/almeria\/wp-content\/uploads\/sites\/3\/2022\/05\/Y1A7094-200x300.jpg\" class=\"attachment-medium size-medium\" alt=\"\" srcset=\"https:\/\/ajeandalucia.org\/almeria\/wp-content\/uploads\/sites\/3\/2022\/05\/Y1A7094-200x300.jpg 200w, https:\/\/ajeandalucia.org\/almeria\/wp-content\/uploads\/sites\/3\/2022\/05\/Y1A7094-768x1152.jpg 768w, https:\/\/ajeandalucia.org\/almeria\/wp-content\/uploads\/sites\/3\/2022\/05\/Y1A7094-682x1024.jpg 682w, https:\/\/ajeandalucia.org\/almeria\/wp-content\/uploads\/sites\/3\/2022\/05\/Y1A7094.jpg 1333w\" sizes=\"auto, (max-width: 200px) 100vw, 200px\" \/><\/a>\n\t\t\t<\/div><\/figure><figure class='gallery-item'>\n\t\t\t<div class='gallery-icon landscape'>\n\t\t\t\t<a href='https:\/\/ajeandalucia.org\/almeria\/2022\/05\/27\/aje-almeria-recibe-a-pilar-martinez-cosentino-en-la-cuarta-edicion-de-aje-en-femenino\/_y1a7099\/'><img loading=\"lazy\" decoding=\"async\" width=\"300\" height=\"200\" src=\"https:\/\/ajeandalucia.org\/almeria\/wp-content\/uploads\/sites\/3\/2022\/05\/Y1A7099-300x200.jpg\" class=\"attachment-medium size-medium\" alt=\"\" srcset=\"https:\/\/ajeandalucia.org\/almeria\/wp-content\/uploads\/sites\/3\/2022\/05\/Y1A7099-300x200.jpg 300w, https:\/\/ajeandalucia.org\/almeria\/wp-content\/uploads\/sites\/3\/2022\/05\/Y1A7099-768x512.jpg 768w, https:\/\/ajeandalucia.org\/almeria\/wp-content\/uploads\/sites\/3\/2022\/05\/Y1A7099-1024x683.jpg 1024w\" sizes=\"auto, (max-width: 300px) 100vw, 300px\" \/><\/a>\n\t\t\t<\/div><\/figure><figure class='gallery-item'>\n\t\t\t<div class='gallery-icon landscape'>\n\t\t\t\t<a href='https:\/\/ajeandalucia.org\/almeria\/2022\/05\/27\/aje-almeria-recibe-a-pilar-martinez-cosentino-en-la-cuarta-edicion-de-aje-en-femenino\/_y1a7102\/'><img loading=\"lazy\" decoding=\"async\" width=\"300\" height=\"200\" src=\"https:\/\/ajeandalucia.org\/almeria\/wp-content\/uploads\/sites\/3\/2022\/05\/Y1A7102-300x200.jpg\" class=\"attachment-medium size-medium\" alt=\"\" srcset=\"https:\/\/ajeandalucia.org\/almeria\/wp-content\/uploads\/sites\/3\/2022\/05\/Y1A7102-300x200.jpg 300w, https:\/\/ajeandalucia.org\/almeria\/wp-content\/uploads\/sites\/3\/2022\/05\/Y1A7102-768x512.jpg 768w, https:\/\/ajeandalucia.org\/almeria\/wp-content\/uploads\/sites\/3\/2022\/05\/Y1A7102-1024x683.jpg 1024w\" sizes=\"auto, (max-width: 300px) 100vw, 300px\" \/><\/a>\n\t\t\t<\/div><\/figure><figure class='gallery-item'>\n\t\t\t<div class='gallery-icon landscape'>\n\t\t\t\t<a href='https:\/\/ajeandalucia.org\/almeria\/2022\/05\/27\/aje-almeria-recibe-a-pilar-martinez-cosentino-en-la-cuarta-edicion-de-aje-en-femenino\/_y1a7108\/'><img loading=\"lazy\" decoding=\"async\" width=\"300\" height=\"200\" src=\"https:\/\/ajeandalucia.org\/almeria\/wp-content\/uploads\/sites\/3\/2022\/05\/Y1A7108-300x200.jpg\" class=\"attachment-medium size-medium\" alt=\"\" srcset=\"https:\/\/ajeandalucia.org\/almeria\/wp-content\/uploads\/sites\/3\/2022\/05\/Y1A7108-300x200.jpg 300w, https:\/\/ajeandalucia.org\/almeria\/wp-content\/uploads\/sites\/3\/2022\/05\/Y1A7108-768x512.jpg 768w, https:\/\/ajeandalucia.org\/almeria\/wp-content\/uploads\/sites\/3\/2022\/05\/Y1A7108-1024x683.jpg 1024w\" sizes=\"auto, (max-width: 300px) 100vw, 300px\" \/><\/a>\n\t\t\t<\/div><\/figure><figure class='gallery-item'>\n\t\t\t<div class='gallery-icon landscape'>\n\t\t\t\t<a href='https:\/\/ajeandalucia.org\/almeria\/2022\/05\/27\/aje-almeria-recibe-a-pilar-martinez-cosentino-en-la-cuarta-edicion-de-aje-en-femenino\/_y1a7110\/'><img loading=\"lazy\" decoding=\"async\" width=\"300\" height=\"200\" src=\"https:\/\/ajeandalucia.org\/almeria\/wp-content\/uploads\/sites\/3\/2022\/05\/Y1A7110-300x200.jpg\" class=\"attachment-medium size-medium\" alt=\"\" srcset=\"https:\/\/ajeandalucia.org\/almeria\/wp-content\/uploads\/sites\/3\/2022\/05\/Y1A7110-300x200.jpg 300w, https:\/\/ajeandalucia.org\/almeria\/wp-content\/uploads\/sites\/3\/2022\/05\/Y1A7110-768x512.jpg 768w, https:\/\/ajeandalucia.org\/almeria\/wp-content\/uploads\/sites\/3\/2022\/05\/Y1A7110-1024x683.jpg 1024w\" sizes=\"auto, (max-width: 300px) 100vw, 300px\" \/><\/a>\n\t\t\t<\/div><\/figure><figure class='gallery-item'>\n\t\t\t<div class='gallery-icon landscape'>\n\t\t\t\t<a href='https:\/\/ajeandalucia.org\/almeria\/2022\/05\/27\/aje-almeria-recibe-a-pilar-martinez-cosentino-en-la-cuarta-edicion-de-aje-en-femenino\/_y1a7111\/'><img loading=\"lazy\" decoding=\"async\" width=\"300\" height=\"200\" src=\"https:\/\/ajeandalucia.org\/almeria\/wp-content\/uploads\/sites\/3\/2022\/05\/Y1A7111-300x200.jpg\" class=\"attachment-medium size-medium\" alt=\"\" srcset=\"https:\/\/ajeandalucia.org\/almeria\/wp-content\/uploads\/sites\/3\/2022\/05\/Y1A7111-300x200.jpg 300w, https:\/\/ajeandalucia.org\/almeria\/wp-content\/uploads\/sites\/3\/2022\/05\/Y1A7111-768x512.jpg 768w, https:\/\/ajeandalucia.org\/almeria\/wp-content\/uploads\/sites\/3\/2022\/05\/Y1A7111-1024x683.jpg 1024w\" sizes=\"auto, (max-width: 300px) 100vw, 300px\" \/><\/a>\n\t\t\t<\/div><\/figure><figure class='gallery-item'>\n\t\t\t<div class='gallery-icon landscape'>\n\t\t\t\t<a href='https:\/\/ajeandalucia.org\/almeria\/2022\/05\/27\/aje-almeria-recibe-a-pilar-martinez-cosentino-en-la-cuarta-edicion-de-aje-en-femenino\/_y1a7114\/'><img loading=\"lazy\" decoding=\"async\" width=\"300\" height=\"200\" src=\"https:\/\/ajeandalucia.org\/almeria\/wp-content\/uploads\/sites\/3\/2022\/05\/Y1A7114-300x200.jpg\" class=\"attachment-medium size-medium\" alt=\"\" srcset=\"https:\/\/ajeandalucia.org\/almeria\/wp-content\/uploads\/sites\/3\/2022\/05\/Y1A7114-300x200.jpg 300w, https:\/\/ajeandalucia.org\/almeria\/wp-content\/uploads\/sites\/3\/2022\/05\/Y1A7114-768x512.jpg 768w, https:\/\/ajeandalucia.org\/almeria\/wp-content\/uploads\/sites\/3\/2022\/05\/Y1A7114-1024x683.jpg 1024w\" sizes=\"auto, (max-width: 300px) 100vw, 300px\" \/><\/a>\n\t\t\t<\/div><\/figure><figure class='gallery-item'>\n\t\t\t<div class='gallery-icon landscape'>\n\t\t\t\t<a href='https:\/\/ajeandalucia.org\/almeria\/2022\/05\/27\/aje-almeria-recibe-a-pilar-martinez-cosentino-en-la-cuarta-edicion-de-aje-en-femenino\/_y1a7119\/'><img loading=\"lazy\" decoding=\"async\" width=\"300\" height=\"200\" src=\"https:\/\/ajeandalucia.org\/almeria\/wp-content\/uploads\/sites\/3\/2022\/05\/Y1A7119-300x200.jpg\" class=\"attachment-medium size-medium\" alt=\"\" srcset=\"https:\/\/ajeandalucia.org\/almeria\/wp-content\/uploads\/sites\/3\/2022\/05\/Y1A7119-300x200.jpg 300w, https:\/\/ajeandalucia.org\/almeria\/wp-content\/uploads\/sites\/3\/2022\/05\/Y1A7119-768x512.jpg 768w, https:\/\/ajeandalucia.org\/almeria\/wp-content\/uploads\/sites\/3\/2022\/05\/Y1A7119-1024x683.jpg 1024w\" sizes=\"auto, (max-width: 300px) 100vw, 300px\" \/><\/a>\n\t\t\t<\/div><\/figure><figure class='gallery-item'>\n\t\t\t<div class='gallery-icon portrait'>\n\t\t\t\t<a href='https:\/\/ajeandalucia.org\/almeria\/2022\/05\/27\/aje-almeria-recibe-a-pilar-martinez-cosentino-en-la-cuarta-edicion-de-aje-en-femenino\/_y1a7121\/'><img loading=\"lazy\" decoding=\"async\" width=\"200\" height=\"300\" src=\"https:\/\/ajeandalucia.org\/almeria\/wp-content\/uploads\/sites\/3\/2022\/05\/Y1A7121-200x300.jpg\" class=\"attachment-medium size-medium\" alt=\"\" srcset=\"https:\/\/ajeandalucia.org\/almeria\/wp-content\/uploads\/sites\/3\/2022\/05\/Y1A7121-200x300.jpg 200w, https:\/\/ajeandalucia.org\/almeria\/wp-content\/uploads\/sites\/3\/2022\/05\/Y1A7121-768x1152.jpg 768w, https:\/\/ajeandalucia.org\/almeria\/wp-content\/uploads\/sites\/3\/2022\/05\/Y1A7121-682x1024.jpg 682w, https:\/\/ajeandalucia.org\/almeria\/wp-content\/uploads\/sites\/3\/2022\/05\/Y1A7121.jpg 1333w\" sizes=\"auto, (max-width: 200px) 100vw, 200px\" \/><\/a>\n\t\t\t<\/div><\/figure><figure class='gallery-item'>\n\t\t\t<div class='gallery-icon landscape'>\n\t\t\t\t<a href='https:\/\/ajeandalucia.org\/almeria\/2022\/05\/27\/aje-almeria-recibe-a-pilar-martinez-cosentino-en-la-cuarta-edicion-de-aje-en-femenino\/_y1a7122\/'><img loading=\"lazy\" decoding=\"async\" width=\"300\" height=\"200\" src=\"https:\/\/ajeandalucia.org\/almeria\/wp-content\/uploads\/sites\/3\/2022\/05\/Y1A7122-300x200.jpg\" class=\"attachment-medium size-medium\" alt=\"\" srcset=\"https:\/\/ajeandalucia.org\/almeria\/wp-content\/uploads\/sites\/3\/2022\/05\/Y1A7122-300x200.jpg 300w, https:\/\/ajeandalucia.org\/almeria\/wp-content\/uploads\/sites\/3\/2022\/05\/Y1A7122-768x512.jpg 768w, https:\/\/ajeandalucia.org\/almeria\/wp-content\/uploads\/sites\/3\/2022\/05\/Y1A7122-1024x683.jpg 1024w\" sizes=\"auto, (max-width: 300px) 100vw, 300px\" \/><\/a>\n\t\t\t<\/div><\/figure><figure class='gallery-item'>\n\t\t\t<div class='gallery-icon landscape'>\n\t\t\t\t<a href='https:\/\/ajeandalucia.org\/almeria\/2022\/05\/27\/aje-almeria-recibe-a-pilar-martinez-cosentino-en-la-cuarta-edicion-de-aje-en-femenino\/_y1a7131\/'><img loading=\"lazy\" decoding=\"async\" width=\"300\" height=\"200\" src=\"https:\/\/ajeandalucia.org\/almeria\/wp-content\/uploads\/sites\/3\/2022\/05\/Y1A7131-300x200.jpg\" class=\"attachment-medium size-medium\" alt=\"\" srcset=\"https:\/\/ajeandalucia.org\/almeria\/wp-content\/uploads\/sites\/3\/2022\/05\/Y1A7131-300x200.jpg 300w, https:\/\/ajeandalucia.org\/almeria\/wp-content\/uploads\/sites\/3\/2022\/05\/Y1A7131-768x512.jpg 768w, https:\/\/ajeandalucia.org\/almeria\/wp-content\/uploads\/sites\/3\/2022\/05\/Y1A7131-1024x683.jpg 1024w\" sizes=\"auto, (max-width: 300px) 100vw, 300px\" \/><\/a>\n\t\t\t<\/div><\/figure><figure class='gallery-item'>\n\t\t\t<div class='gallery-icon landscape'>\n\t\t\t\t<a href='https:\/\/ajeandalucia.org\/almeria\/2022\/05\/27\/aje-almeria-recibe-a-pilar-martinez-cosentino-en-la-cuarta-edicion-de-aje-en-femenino\/_y1a7136\/'><img loading=\"lazy\" decoding=\"async\" width=\"300\" height=\"200\" src=\"https:\/\/ajeandalucia.org\/almeria\/wp-content\/uploads\/sites\/3\/2022\/05\/Y1A7136-300x200.jpg\" class=\"attachment-medium size-medium\" alt=\"\" srcset=\"https:\/\/ajeandalucia.org\/almeria\/wp-content\/uploads\/sites\/3\/2022\/05\/Y1A7136-300x200.jpg 300w, https:\/\/ajeandalucia.org\/almeria\/wp-content\/uploads\/sites\/3\/2022\/05\/Y1A7136-768x512.jpg 768w, https:\/\/ajeandalucia.org\/almeria\/wp-content\/uploads\/sites\/3\/2022\/05\/Y1A7136-1024x683.jpg 1024w\" sizes=\"auto, (max-width: 300px) 100vw, 300px\" \/><\/a>\n\t\t\t<\/div><\/figure><figure class='gallery-item'>\n\t\t\t<div class='gallery-icon landscape'>\n\t\t\t\t<a href='https:\/\/ajeandalucia.org\/almeria\/2022\/05\/27\/aje-almeria-recibe-a-pilar-martinez-cosentino-en-la-cuarta-edicion-de-aje-en-femenino\/_y1a7139\/'><img loading=\"lazy\" decoding=\"async\" width=\"300\" height=\"200\" src=\"https:\/\/ajeandalucia.org\/almeria\/wp-content\/uploads\/sites\/3\/2022\/05\/Y1A7139-300x200.jpg\" class=\"attachment-medium size-medium\" alt=\"\" srcset=\"https:\/\/ajeandalucia.org\/almeria\/wp-content\/uploads\/sites\/3\/2022\/05\/Y1A7139-300x200.jpg 300w, https:\/\/ajeandalucia.org\/almeria\/wp-content\/uploads\/sites\/3\/2022\/05\/Y1A7139-768x512.jpg 768w, https:\/\/ajeandalucia.org\/almeria\/wp-content\/uploads\/sites\/3\/2022\/05\/Y1A7139-1024x683.jpg 1024w\" sizes=\"auto, (max-width: 300px) 100vw, 300px\" \/><\/a>\n\t\t\t<\/div><\/figure><figure class='gallery-item'>\n\t\t\t<div class='gallery-icon landscape'>\n\t\t\t\t<a href='https:\/\/ajeandalucia.org\/almeria\/2022\/05\/27\/aje-almeria-recibe-a-pilar-martinez-cosentino-en-la-cuarta-edicion-de-aje-en-femenino\/_y1a7148\/'><img loading=\"lazy\" decoding=\"async\" width=\"300\" height=\"200\" src=\"https:\/\/ajeandalucia.org\/almeria\/wp-content\/uploads\/sites\/3\/2022\/05\/Y1A7148-300x200.jpg\" class=\"attachment-medium size-medium\" alt=\"\" srcset=\"https:\/\/ajeandalucia.org\/almeria\/wp-content\/uploads\/sites\/3\/2022\/05\/Y1A7148-300x200.jpg 300w, https:\/\/ajeandalucia.org\/almeria\/wp-content\/uploads\/sites\/3\/2022\/05\/Y1A7148-768x512.jpg 768w, https:\/\/ajeandalucia.org\/almeria\/wp-content\/uploads\/sites\/3\/2022\/05\/Y1A7148-1024x683.jpg 1024w\" sizes=\"auto, (max-width: 300px) 100vw, 300px\" \/><\/a>\n\t\t\t<\/div><\/figure><figure class='gallery-item'>\n\t\t\t<div class='gallery-icon portrait'>\n\t\t\t\t<a href='https:\/\/ajeandalucia.org\/almeria\/2022\/05\/27\/aje-almeria-recibe-a-pilar-martinez-cosentino-en-la-cuarta-edicion-de-aje-en-femenino\/_y1a7151\/'><img loading=\"lazy\" decoding=\"async\" width=\"200\" height=\"300\" src=\"https:\/\/ajeandalucia.org\/almeria\/wp-content\/uploads\/sites\/3\/2022\/05\/Y1A7151-200x300.jpg\" class=\"attachment-medium size-medium\" alt=\"\" srcset=\"https:\/\/ajeandalucia.org\/almeria\/wp-content\/uploads\/sites\/3\/2022\/05\/Y1A7151-200x300.jpg 200w, https:\/\/ajeandalucia.org\/almeria\/wp-content\/uploads\/sites\/3\/2022\/05\/Y1A7151-768x1152.jpg 768w, https:\/\/ajeandalucia.org\/almeria\/wp-content\/uploads\/sites\/3\/2022\/05\/Y1A7151-682x1024.jpg 682w, https:\/\/ajeandalucia.org\/almeria\/wp-content\/uploads\/sites\/3\/2022\/05\/Y1A7151.jpg 1333w\" sizes=\"auto, (max-width: 200px) 100vw, 200px\" \/><\/a>\n\t\t\t<\/div><\/figure><figure class='gallery-item'>\n\t\t\t<div class='gallery-icon landscape'>\n\t\t\t\t<a href='https:\/\/ajeandalucia.org\/almeria\/2022\/05\/27\/aje-almeria-recibe-a-pilar-martinez-cosentino-en-la-cuarta-edicion-de-aje-en-femenino\/_y1a7249\/'><img loading=\"lazy\" decoding=\"async\" width=\"300\" height=\"200\" src=\"https:\/\/ajeandalucia.org\/almeria\/wp-content\/uploads\/sites\/3\/2022\/05\/Y1A7249-300x200.jpg\" class=\"attachment-medium size-medium\" alt=\"\" srcset=\"https:\/\/ajeandalucia.org\/almeria\/wp-content\/uploads\/sites\/3\/2022\/05\/Y1A7249-300x200.jpg 300w, https:\/\/ajeandalucia.org\/almeria\/wp-content\/uploads\/sites\/3\/2022\/05\/Y1A7249-768x512.jpg 768w, https:\/\/ajeandalucia.org\/almeria\/wp-content\/uploads\/sites\/3\/2022\/05\/Y1A7249-1024x683.jpg 1024w\" sizes=\"auto, (max-width: 300px) 100vw, 300px\" \/><\/a>\n\t\t\t<\/div><\/figure><figure class='gallery-item'>\n\t\t\t<div class='gallery-icon landscape'>\n\t\t\t\t<a href='https:\/\/ajeandalucia.org\/almeria\/2022\/05\/27\/aje-almeria-recibe-a-pilar-martinez-cosentino-en-la-cuarta-edicion-de-aje-en-femenino\/_y1a7262\/'><img loading=\"lazy\" decoding=\"async\" width=\"300\" height=\"200\" src=\"https:\/\/ajeandalucia.org\/almeria\/wp-content\/uploads\/sites\/3\/2022\/05\/Y1A7262-300x200.jpg\" class=\"attachment-medium size-medium\" alt=\"\" srcset=\"https:\/\/ajeandalucia.org\/almeria\/wp-content\/uploads\/sites\/3\/2022\/05\/Y1A7262-300x200.jpg 300w, https:\/\/ajeandalucia.org\/almeria\/wp-content\/uploads\/sites\/3\/2022\/05\/Y1A7262-768x512.jpg 768w, https:\/\/ajeandalucia.org\/almeria\/wp-content\/uploads\/sites\/3\/2022\/05\/Y1A7262-1024x683.jpg 1024w\" sizes=\"auto, (max-width: 300px) 100vw, 300px\" \/><\/a>\n\t\t\t<\/div><\/figure><figure class='gallery-item'>\n\t\t\t<div class='gallery-icon landscape'>\n\t\t\t\t<a href='https:\/\/ajeandalucia.org\/almeria\/2022\/05\/27\/aje-almeria-recibe-a-pilar-martinez-cosentino-en-la-cuarta-edicion-de-aje-en-femenino\/_y1a7333\/'><img loading=\"lazy\" decoding=\"async\" width=\"300\" height=\"200\" src=\"https:\/\/ajeandalucia.org\/almeria\/wp-content\/uploads\/sites\/3\/2022\/05\/Y1A7333-300x200.jpg\" class=\"attachment-medium size-medium\" alt=\"\" srcset=\"https:\/\/ajeandalucia.org\/almeria\/wp-content\/uploads\/sites\/3\/2022\/05\/Y1A7333-300x200.jpg 300w, https:\/\/ajeandalucia.org\/almeria\/wp-content\/uploads\/sites\/3\/2022\/05\/Y1A7333-768x512.jpg 768w, https:\/\/ajeandalucia.org\/almeria\/wp-content\/uploads\/sites\/3\/2022\/05\/Y1A7333-1024x683.jpg 1024w\" sizes=\"auto, (max-width: 300px) 100vw, 300px\" \/><\/a>\n\t\t\t<\/div><\/figure><figure class='gallery-item'>\n\t\t\t<div class='gallery-icon landscape'>\n\t\t\t\t<a href='https:\/\/ajeandalucia.org\/almeria\/2022\/05\/27\/aje-almeria-recibe-a-pilar-martinez-cosentino-en-la-cuarta-edicion-de-aje-en-femenino\/_y1a7336\/'><img loading=\"lazy\" decoding=\"async\" width=\"300\" height=\"200\" src=\"https:\/\/ajeandalucia.org\/almeria\/wp-content\/uploads\/sites\/3\/2022\/05\/Y1A7336-300x200.jpg\" class=\"attachment-medium size-medium\" alt=\"\" srcset=\"https:\/\/ajeandalucia.org\/almeria\/wp-content\/uploads\/sites\/3\/2022\/05\/Y1A7336-300x200.jpg 300w, https:\/\/ajeandalucia.org\/almeria\/wp-content\/uploads\/sites\/3\/2022\/05\/Y1A7336-768x512.jpg 768w, https:\/\/ajeandalucia.org\/almeria\/wp-content\/uploads\/sites\/3\/2022\/05\/Y1A7336-1024x683.jpg 1024w\" sizes=\"auto, (max-width: 300px) 100vw, 300px\" \/><\/a>\n\t\t\t<\/div><\/figure><figure class='gallery-item'>\n\t\t\t<div class='gallery-icon landscape'>\n\t\t\t\t<a href='https:\/\/ajeandalucia.org\/almeria\/2022\/05\/27\/aje-almeria-recibe-a-pilar-martinez-cosentino-en-la-cuarta-edicion-de-aje-en-femenino\/_y1a7355\/'><img loading=\"lazy\" decoding=\"async\" width=\"300\" height=\"200\" src=\"https:\/\/ajeandalucia.org\/almeria\/wp-content\/uploads\/sites\/3\/2022\/05\/Y1A7355-300x200.jpg\" class=\"attachment-medium size-medium\" alt=\"\" srcset=\"https:\/\/ajeandalucia.org\/almeria\/wp-content\/uploads\/sites\/3\/2022\/05\/Y1A7355-300x200.jpg 300w, https:\/\/ajeandalucia.org\/almeria\/wp-content\/uploads\/sites\/3\/2022\/05\/Y1A7355-768x512.jpg 768w, https:\/\/ajeandalucia.org\/almeria\/wp-content\/uploads\/sites\/3\/2022\/05\/Y1A7355-1024x683.jpg 1024w\" sizes=\"auto, (max-width: 300px) 100vw, 300px\" \/><\/a>\n\t\t\t<\/div><\/figure><figure class='gallery-item'>\n\t\t\t<div class='gallery-icon landscape'>\n\t\t\t\t<a href='https:\/\/ajeandalucia.org\/almeria\/2022\/05\/27\/aje-almeria-recibe-a-pilar-martinez-cosentino-en-la-cuarta-edicion-de-aje-en-femenino\/_y1a7359\/'><img loading=\"lazy\" decoding=\"async\" width=\"300\" height=\"200\" src=\"https:\/\/ajeandalucia.org\/almeria\/wp-content\/uploads\/sites\/3\/2022\/05\/Y1A7359-300x200.jpg\" class=\"attachment-medium size-medium\" alt=\"\" srcset=\"https:\/\/ajeandalucia.org\/almeria\/wp-content\/uploads\/sites\/3\/2022\/05\/Y1A7359-300x200.jpg 300w, https:\/\/ajeandalucia.org\/almeria\/wp-content\/uploads\/sites\/3\/2022\/05\/Y1A7359-768x512.jpg 768w, https:\/\/ajeandalucia.org\/almeria\/wp-content\/uploads\/sites\/3\/2022\/05\/Y1A7359-1024x683.jpg 1024w\" sizes=\"auto, (max-width: 300px) 100vw, 300px\" \/><\/a>\n\t\t\t<\/div><\/figure><figure class='gallery-item'>\n\t\t\t<div class='gallery-icon landscape'>\n\t\t\t\t<a href='https:\/\/ajeandalucia.org\/almeria\/2022\/05\/27\/aje-almeria-recibe-a-pilar-martinez-cosentino-en-la-cuarta-edicion-de-aje-en-femenino\/_y1a7368\/'><img loading=\"lazy\" decoding=\"async\" width=\"300\" height=\"200\" src=\"https:\/\/ajeandalucia.org\/almeria\/wp-content\/uploads\/sites\/3\/2022\/05\/Y1A7368-300x200.jpg\" class=\"attachment-medium size-medium\" alt=\"\" srcset=\"https:\/\/ajeandalucia.org\/almeria\/wp-content\/uploads\/sites\/3\/2022\/05\/Y1A7368-300x200.jpg 300w, https:\/\/ajeandalucia.org\/almeria\/wp-content\/uploads\/sites\/3\/2022\/05\/Y1A7368-768x512.jpg 768w, https:\/\/ajeandalucia.org\/almeria\/wp-content\/uploads\/sites\/3\/2022\/05\/Y1A7368-1024x683.jpg 1024w\" sizes=\"auto, (max-width: 300px) 100vw, 300px\" \/><\/a>\n\t\t\t<\/div><\/figure><figure class='gallery-item'>\n\t\t\t<div class='gallery-icon landscape'>\n\t\t\t\t<a href='https:\/\/ajeandalucia.org\/almeria\/2022\/05\/27\/aje-almeria-recibe-a-pilar-martinez-cosentino-en-la-cuarta-edicion-de-aje-en-femenino\/_y1a7370\/'><img loading=\"lazy\" decoding=\"async\" width=\"300\" height=\"200\" src=\"https:\/\/ajeandalucia.org\/almeria\/wp-content\/uploads\/sites\/3\/2022\/05\/Y1A7370-300x200.jpg\" class=\"attachment-medium size-medium\" alt=\"\" srcset=\"https:\/\/ajeandalucia.org\/almeria\/wp-content\/uploads\/sites\/3\/2022\/05\/Y1A7370-300x200.jpg 300w, https:\/\/ajeandalucia.org\/almeria\/wp-content\/uploads\/sites\/3\/2022\/05\/Y1A7370-768x512.jpg 768w, https:\/\/ajeandalucia.org\/almeria\/wp-content\/uploads\/sites\/3\/2022\/05\/Y1A7370-1024x683.jpg 1024w\" sizes=\"auto, (max-width: 300px) 100vw, 300px\" \/><\/a>\n\t\t\t<\/div><\/figure><figure class='gallery-item'>\n\t\t\t<div class='gallery-icon landscape'>\n\t\t\t\t<a href='https:\/\/ajeandalucia.org\/almeria\/2022\/05\/27\/aje-almeria-recibe-a-pilar-martinez-cosentino-en-la-cuarta-edicion-de-aje-en-femenino\/_y1a7371\/'><img loading=\"lazy\" decoding=\"async\" width=\"300\" height=\"200\" src=\"https:\/\/ajeandalucia.org\/almeria\/wp-content\/uploads\/sites\/3\/2022\/05\/Y1A7371-300x200.jpg\" class=\"attachment-medium size-medium\" alt=\"\" srcset=\"https:\/\/ajeandalucia.org\/almeria\/wp-content\/uploads\/sites\/3\/2022\/05\/Y1A7371-300x200.jpg 300w, https:\/\/ajeandalucia.org\/almeria\/wp-content\/uploads\/sites\/3\/2022\/05\/Y1A7371-768x512.jpg 768w, https:\/\/ajeandalucia.org\/almeria\/wp-content\/uploads\/sites\/3\/2022\/05\/Y1A7371-1024x683.jpg 1024w\" sizes=\"auto, (max-width: 300px) 100vw, 300px\" \/><\/a>\n\t\t\t<\/div><\/figure><figure class='gallery-item'>\n\t\t\t<div class='gallery-icon landscape'>\n\t\t\t\t<a href='https:\/\/ajeandalucia.org\/almeria\/2022\/05\/27\/aje-almeria-recibe-a-pilar-martinez-cosentino-en-la-cuarta-edicion-de-aje-en-femenino\/_y1a7408\/'><img loading=\"lazy\" decoding=\"async\" width=\"300\" height=\"200\" src=\"https:\/\/ajeandalucia.org\/almeria\/wp-content\/uploads\/sites\/3\/2022\/05\/Y1A7408-300x200.jpg\" class=\"attachment-medium size-medium\" alt=\"\" srcset=\"https:\/\/ajeandalucia.org\/almeria\/wp-content\/uploads\/sites\/3\/2022\/05\/Y1A7408-300x200.jpg 300w, https:\/\/ajeandalucia.org\/almeria\/wp-content\/uploads\/sites\/3\/2022\/05\/Y1A7408-768x512.jpg 768w, https:\/\/ajeandalucia.org\/almeria\/wp-content\/uploads\/sites\/3\/2022\/05\/Y1A7408-1024x683.jpg 1024w\" sizes=\"auto, (max-width: 300px) 100vw, 300px\" \/><\/a>\n\t\t\t<\/div><\/figure><figure class='gallery-item'>\n\t\t\t<div class='gallery-icon landscape'>\n\t\t\t\t<a href='https:\/\/ajeandalucia.org\/almeria\/2022\/05\/27\/aje-almeria-recibe-a-pilar-martinez-cosentino-en-la-cuarta-edicion-de-aje-en-femenino\/_y1a7483\/'><img loading=\"lazy\" decoding=\"async\" width=\"300\" height=\"200\" src=\"https:\/\/ajeandalucia.org\/almeria\/wp-content\/uploads\/sites\/3\/2022\/05\/Y1A7483-300x200.jpg\" class=\"attachment-medium size-medium\" alt=\"\" srcset=\"https:\/\/ajeandalucia.org\/almeria\/wp-content\/uploads\/sites\/3\/2022\/05\/Y1A7483-300x200.jpg 300w, https:\/\/ajeandalucia.org\/almeria\/wp-content\/uploads\/sites\/3\/2022\/05\/Y1A7483-768x512.jpg 768w, https:\/\/ajeandalucia.org\/almeria\/wp-content\/uploads\/sites\/3\/2022\/05\/Y1A7483-1024x683.jpg 1024w\" sizes=\"auto, (max-width: 300px) 100vw, 300px\" \/><\/a>\n\t\t\t<\/div><\/figure><figure class='gallery-item'>\n\t\t\t<div class='gallery-icon landscape'>\n\t\t\t\t<a href='https:\/\/ajeandalucia.org\/almeria\/2022\/05\/27\/aje-almeria-recibe-a-pilar-martinez-cosentino-en-la-cuarta-edicion-de-aje-en-femenino\/01-3\/'><img loading=\"lazy\" decoding=\"async\" width=\"300\" height=\"200\" src=\"https:\/\/ajeandalucia.org\/almeria\/wp-content\/uploads\/sites\/3\/2022\/05\/01-300x200.jpg\" class=\"attachment-medium size-medium\" alt=\"\" srcset=\"https:\/\/ajeandalucia.org\/almeria\/wp-content\/uploads\/sites\/3\/2022\/05\/01-300x200.jpg 300w, https:\/\/ajeandalucia.org\/almeria\/wp-content\/uploads\/sites\/3\/2022\/05\/01-768x512.jpg 768w, https:\/\/ajeandalucia.org\/almeria\/wp-content\/uploads\/sites\/3\/2022\/05\/01-1024x683.jpg 1024w\" sizes=\"auto, (max-width: 300px) 100vw, 300px\" \/><\/a>\n\t\t\t<\/div><\/figure><figure class='gallery-item'>\n\t\t\t<div class='gallery-icon landscape'>\n\t\t\t\t<a href='https:\/\/ajeandalucia.org\/almeria\/2022\/05\/27\/aje-almeria-recibe-a-pilar-martinez-cosentino-en-la-cuarta-edicion-de-aje-en-femenino\/attachment\/02\/'><img loading=\"lazy\" decoding=\"async\" width=\"300\" height=\"200\" src=\"https:\/\/ajeandalucia.org\/almeria\/wp-content\/uploads\/sites\/3\/2022\/05\/02-300x200.jpg\" class=\"attachment-medium size-medium\" alt=\"\" srcset=\"https:\/\/ajeandalucia.org\/almeria\/wp-content\/uploads\/sites\/3\/2022\/05\/02-300x200.jpg 300w, https:\/\/ajeandalucia.org\/almeria\/wp-content\/uploads\/sites\/3\/2022\/05\/02-768x512.jpg 768w, https:\/\/ajeandalucia.org\/almeria\/wp-content\/uploads\/sites\/3\/2022\/05\/02-1024x683.jpg 1024w\" sizes=\"auto, (max-width: 300px) 100vw, 300px\" \/><\/a>\n\t\t\t<\/div><\/figure><figure class='gallery-item'>\n\t\t\t<div class='gallery-icon landscape'>\n\t\t\t\t<a href='https:\/\/ajeandalucia.org\/almeria\/2022\/05\/27\/aje-almeria-recibe-a-pilar-martinez-cosentino-en-la-cuarta-edicion-de-aje-en-femenino\/attachment\/03\/'><img loading=\"lazy\" decoding=\"async\" width=\"300\" height=\"200\" src=\"https:\/\/ajeandalucia.org\/almeria\/wp-content\/uploads\/sites\/3\/2022\/05\/03-300x200.jpg\" class=\"attachment-medium size-medium\" alt=\"\" srcset=\"https:\/\/ajeandalucia.org\/almeria\/wp-content\/uploads\/sites\/3\/2022\/05\/03-300x200.jpg 300w, https:\/\/ajeandalucia.org\/almeria\/wp-content\/uploads\/sites\/3\/2022\/05\/03-768x512.jpg 768w, https:\/\/ajeandalucia.org\/almeria\/wp-content\/uploads\/sites\/3\/2022\/05\/03-1024x683.jpg 1024w\" sizes=\"auto, (max-width: 300px) 100vw, 300px\" \/><\/a>\n\t\t\t<\/div><\/figure><figure class='gallery-item'>\n\t\t\t<div class='gallery-icon landscape'>\n\t\t\t\t<a href='https:\/\/ajeandalucia.org\/almeria\/2022\/05\/27\/aje-almeria-recibe-a-pilar-martinez-cosentino-en-la-cuarta-edicion-de-aje-en-femenino\/attachment\/04\/'><img loading=\"lazy\" decoding=\"async\" width=\"300\" height=\"200\" src=\"https:\/\/ajeandalucia.org\/almeria\/wp-content\/uploads\/sites\/3\/2022\/05\/04-300x200.jpg\" class=\"attachment-medium size-medium\" alt=\"\" srcset=\"https:\/\/ajeandalucia.org\/almeria\/wp-content\/uploads\/sites\/3\/2022\/05\/04-300x200.jpg 300w, https:\/\/ajeandalucia.org\/almeria\/wp-content\/uploads\/sites\/3\/2022\/05\/04-768x512.jpg 768w, https:\/\/ajeandalucia.org\/almeria\/wp-content\/uploads\/sites\/3\/2022\/05\/04-1024x683.jpg 1024w\" sizes=\"auto, (max-width: 300px) 100vw, 300px\" \/><\/a>\n\t\t\t<\/div><\/figure><figure class='gallery-item'>\n\t\t\t<div class='gallery-icon landscape'>\n\t\t\t\t<a href='https:\/\/ajeandalucia.org\/almeria\/2022\/05\/27\/aje-almeria-recibe-a-pilar-martinez-cosentino-en-la-cuarta-edicion-de-aje-en-femenino\/attachment\/05\/'><img loading=\"lazy\" decoding=\"async\" width=\"300\" height=\"200\" src=\"https:\/\/ajeandalucia.org\/almeria\/wp-content\/uploads\/sites\/3\/2022\/05\/05-300x200.jpg\" class=\"attachment-medium size-medium\" alt=\"\" srcset=\"https:\/\/ajeandalucia.org\/almeria\/wp-content\/uploads\/sites\/3\/2022\/05\/05-300x200.jpg 300w, https:\/\/ajeandalucia.org\/almeria\/wp-content\/uploads\/sites\/3\/2022\/05\/05-768x512.jpg 768w, https:\/\/ajeandalucia.org\/almeria\/wp-content\/uploads\/sites\/3\/2022\/05\/05-1024x683.jpg 1024w\" sizes=\"auto, (max-width: 300px) 100vw, 300px\" \/><\/a>\n\t\t\t<\/div><\/figure><figure class='gallery-item'>\n\t\t\t<div class='gallery-icon portrait'>\n\t\t\t\t<a href='https:\/\/ajeandalucia.org\/almeria\/2022\/05\/27\/aje-almeria-recibe-a-pilar-martinez-cosentino-en-la-cuarta-edicion-de-aje-en-femenino\/attachment\/06\/'><img loading=\"lazy\" decoding=\"async\" width=\"200\" height=\"300\" src=\"https:\/\/ajeandalucia.org\/almeria\/wp-content\/uploads\/sites\/3\/2022\/05\/06-200x300.jpg\" class=\"attachment-medium size-medium\" alt=\"\" srcset=\"https:\/\/ajeandalucia.org\/almeria\/wp-content\/uploads\/sites\/3\/2022\/05\/06-200x300.jpg 200w, https:\/\/ajeandalucia.org\/almeria\/wp-content\/uploads\/sites\/3\/2022\/05\/06-768x1152.jpg 768w, https:\/\/ajeandalucia.org\/almeria\/wp-content\/uploads\/sites\/3\/2022\/05\/06-682x1024.jpg 682w, https:\/\/ajeandalucia.org\/almeria\/wp-content\/uploads\/sites\/3\/2022\/05\/06.jpg 1333w\" sizes=\"auto, (max-width: 200px) 100vw, 200px\" \/><\/a>\n\t\t\t<\/div><\/figure><figure class='gallery-item'>\n\t\t\t<div class='gallery-icon landscape'>\n\t\t\t\t<a href='https:\/\/ajeandalucia.org\/almeria\/2022\/05\/27\/aje-almeria-recibe-a-pilar-martinez-cosentino-en-la-cuarta-edicion-de-aje-en-femenino\/attachment\/07\/'><img loading=\"lazy\" decoding=\"async\" width=\"300\" height=\"200\" src=\"https:\/\/ajeandalucia.org\/almeria\/wp-content\/uploads\/sites\/3\/2022\/05\/07-300x200.jpg\" class=\"attachment-medium size-medium\" alt=\"\" srcset=\"https:\/\/ajeandalucia.org\/almeria\/wp-content\/uploads\/sites\/3\/2022\/05\/07-300x200.jpg 300w, https:\/\/ajeandalucia.org\/almeria\/wp-content\/uploads\/sites\/3\/2022\/05\/07-768x512.jpg 768w, https:\/\/ajeandalucia.org\/almeria\/wp-content\/uploads\/sites\/3\/2022\/05\/07-1024x683.jpg 1024w\" sizes=\"auto, (max-width: 300px) 100vw, 300px\" \/><\/a>\n\t\t\t<\/div><\/figure><figure class='gallery-item'>\n\t\t\t<div class='gallery-icon landscape'>\n\t\t\t\t<a href='https:\/\/ajeandalucia.org\/almeria\/2022\/05\/27\/aje-almeria-recibe-a-pilar-martinez-cosentino-en-la-cuarta-edicion-de-aje-en-femenino\/attachment\/08\/'><img loading=\"lazy\" decoding=\"async\" width=\"300\" height=\"200\" src=\"https:\/\/ajeandalucia.org\/almeria\/wp-content\/uploads\/sites\/3\/2022\/05\/08-300x200.jpg\" class=\"attachment-medium size-medium\" alt=\"\" srcset=\"https:\/\/ajeandalucia.org\/almeria\/wp-content\/uploads\/sites\/3\/2022\/05\/08-300x200.jpg 300w, https:\/\/ajeandalucia.org\/almeria\/wp-content\/uploads\/sites\/3\/2022\/05\/08-768x512.jpg 768w, https:\/\/ajeandalucia.org\/almeria\/wp-content\/uploads\/sites\/3\/2022\/05\/08-1024x683.jpg 1024w\" sizes=\"auto, (max-width: 300px) 100vw, 300px\" \/><\/a>\n\t\t\t<\/div><\/figure><figure class='gallery-item'>\n\t\t\t<div class='gallery-icon landscape'>\n\t\t\t\t<a href='https:\/\/ajeandalucia.org\/almeria\/2022\/05\/27\/aje-almeria-recibe-a-pilar-martinez-cosentino-en-la-cuarta-edicion-de-aje-en-femenino\/attachment\/09\/'><img loading=\"lazy\" decoding=\"async\" width=\"300\" height=\"200\" src=\"https:\/\/ajeandalucia.org\/almeria\/wp-content\/uploads\/sites\/3\/2022\/05\/09-300x200.jpg\" class=\"attachment-medium size-medium\" alt=\"\" srcset=\"https:\/\/ajeandalucia.org\/almeria\/wp-content\/uploads\/sites\/3\/2022\/05\/09-300x200.jpg 300w, https:\/\/ajeandalucia.org\/almeria\/wp-content\/uploads\/sites\/3\/2022\/05\/09-768x512.jpg 768w, https:\/\/ajeandalucia.org\/almeria\/wp-content\/uploads\/sites\/3\/2022\/05\/09-1024x683.jpg 1024w\" sizes=\"auto, (max-width: 300px) 100vw, 300px\" \/><\/a>\n\t\t\t<\/div><\/figure><figure class='gallery-item'>\n\t\t\t<div class='gallery-icon landscape'>\n\t\t\t\t<a href='https:\/\/ajeandalucia.org\/almeria\/2022\/05\/27\/aje-almeria-recibe-a-pilar-martinez-cosentino-en-la-cuarta-edicion-de-aje-en-femenino\/attachment\/10\/'><img loading=\"lazy\" decoding=\"async\" width=\"300\" height=\"200\" src=\"https:\/\/ajeandalucia.org\/almeria\/wp-content\/uploads\/sites\/3\/2022\/05\/10-300x200.jpg\" class=\"attachment-medium size-medium\" alt=\"\" srcset=\"https:\/\/ajeandalucia.org\/almeria\/wp-content\/uploads\/sites\/3\/2022\/05\/10-300x200.jpg 300w, https:\/\/ajeandalucia.org\/almeria\/wp-content\/uploads\/sites\/3\/2022\/05\/10-768x512.jpg 768w, https:\/\/ajeandalucia.org\/almeria\/wp-content\/uploads\/sites\/3\/2022\/05\/10-1024x683.jpg 1024w\" sizes=\"auto, (max-width: 300px) 100vw, 300px\" \/><\/a>\n\t\t\t<\/div><\/figure><figure class='gallery-item'>\n\t\t\t<div class='gallery-icon landscape'>\n\t\t\t\t<a href='https:\/\/ajeandalucia.org\/almeria\/2022\/05\/27\/aje-almeria-recibe-a-pilar-martinez-cosentino-en-la-cuarta-edicion-de-aje-en-femenino\/attachment\/11\/'><img loading=\"lazy\" decoding=\"async\" width=\"300\" height=\"200\" src=\"https:\/\/ajeandalucia.org\/almeria\/wp-content\/uploads\/sites\/3\/2022\/05\/11-300x200.jpg\" class=\"attachment-medium size-medium\" alt=\"\" srcset=\"https:\/\/ajeandalucia.org\/almeria\/wp-content\/uploads\/sites\/3\/2022\/05\/11-300x200.jpg 300w, https:\/\/ajeandalucia.org\/almeria\/wp-content\/uploads\/sites\/3\/2022\/05\/11-768x512.jpg 768w, https:\/\/ajeandalucia.org\/almeria\/wp-content\/uploads\/sites\/3\/2022\/05\/11-1024x683.jpg 1024w\" sizes=\"auto, (max-width: 300px) 100vw, 300px\" \/><\/a>\n\t\t\t<\/div><\/figure><figure class='gallery-item'>\n\t\t\t<div class='gallery-icon landscape'>\n\t\t\t\t<a href='https:\/\/ajeandalucia.org\/almeria\/2022\/05\/27\/aje-almeria-recibe-a-pilar-martinez-cosentino-en-la-cuarta-edicion-de-aje-en-femenino\/attachment\/13\/'><img loading=\"lazy\" decoding=\"async\" width=\"300\" height=\"200\" src=\"https:\/\/ajeandalucia.org\/almeria\/wp-content\/uploads\/sites\/3\/2022\/05\/13-300x200.jpg\" class=\"attachment-medium size-medium\" alt=\"\" srcset=\"https:\/\/ajeandalucia.org\/almeria\/wp-content\/uploads\/sites\/3\/2022\/05\/13-300x200.jpg 300w, https:\/\/ajeandalucia.org\/almeria\/wp-content\/uploads\/sites\/3\/2022\/05\/13-768x512.jpg 768w, https:\/\/ajeandalucia.org\/almeria\/wp-content\/uploads\/sites\/3\/2022\/05\/13-1024x683.jpg 1024w\" sizes=\"auto, (max-width: 300px) 100vw, 300px\" \/><\/a>\n\t\t\t<\/div><\/figure><figure class='gallery-item'>\n\t\t\t<div class='gallery-icon landscape'>\n\t\t\t\t<a href='https:\/\/ajeandalucia.org\/almeria\/2022\/05\/27\/aje-almeria-recibe-a-pilar-martinez-cosentino-en-la-cuarta-edicion-de-aje-en-femenino\/attachment\/14\/'><img loading=\"lazy\" decoding=\"async\" width=\"300\" height=\"200\" src=\"https:\/\/ajeandalucia.org\/almeria\/wp-content\/uploads\/sites\/3\/2022\/05\/14-300x200.jpg\" class=\"attachment-medium size-medium\" alt=\"\" srcset=\"https:\/\/ajeandalucia.org\/almeria\/wp-content\/uploads\/sites\/3\/2022\/05\/14-300x200.jpg 300w, https:\/\/ajeandalucia.org\/almeria\/wp-content\/uploads\/sites\/3\/2022\/05\/14-768x512.jpg 768w, https:\/\/ajeandalucia.org\/almeria\/wp-content\/uploads\/sites\/3\/2022\/05\/14-1024x683.jpg 1024w\" sizes=\"auto, (max-width: 300px) 100vw, 300px\" \/><\/a>\n\t\t\t<\/div><\/figure><figure class='gallery-item'>\n\t\t\t<div class='gallery-icon landscape'>\n\t\t\t\t<a href='https:\/\/ajeandalucia.org\/almeria\/2022\/05\/27\/aje-almeria-recibe-a-pilar-martinez-cosentino-en-la-cuarta-edicion-de-aje-en-femenino\/attachment\/15\/'><img loading=\"lazy\" decoding=\"async\" width=\"300\" height=\"200\" src=\"https:\/\/ajeandalucia.org\/almeria\/wp-content\/uploads\/sites\/3\/2022\/05\/15-300x200.jpg\" class=\"attachment-medium size-medium\" alt=\"\" srcset=\"https:\/\/ajeandalucia.org\/almeria\/wp-content\/uploads\/sites\/3\/2022\/05\/15-300x200.jpg 300w, https:\/\/ajeandalucia.org\/almeria\/wp-content\/uploads\/sites\/3\/2022\/05\/15-768x512.jpg 768w, https:\/\/ajeandalucia.org\/almeria\/wp-content\/uploads\/sites\/3\/2022\/05\/15-1024x683.jpg 1024w\" sizes=\"auto, (max-width: 300px) 100vw, 300px\" \/><\/a>\n\t\t\t<\/div><\/figure><figure class='gallery-item'>\n\t\t\t<div class='gallery-icon landscape'>\n\t\t\t\t<a href='https:\/\/ajeandalucia.org\/almeria\/2022\/05\/27\/aje-almeria-recibe-a-pilar-martinez-cosentino-en-la-cuarta-edicion-de-aje-en-femenino\/attachment\/16\/'><img loading=\"lazy\" decoding=\"async\" width=\"300\" height=\"200\" src=\"https:\/\/ajeandalucia.org\/almeria\/wp-content\/uploads\/sites\/3\/2022\/05\/16-300x200.jpg\" class=\"attachment-medium size-medium\" alt=\"\" srcset=\"https:\/\/ajeandalucia.org\/almeria\/wp-content\/uploads\/sites\/3\/2022\/05\/16-300x200.jpg 300w, https:\/\/ajeandalucia.org\/almeria\/wp-content\/uploads\/sites\/3\/2022\/05\/16-768x512.jpg 768w, https:\/\/ajeandalucia.org\/almeria\/wp-content\/uploads\/sites\/3\/2022\/05\/16-1024x683.jpg 1024w\" sizes=\"auto, (max-width: 300px) 100vw, 300px\" \/><\/a>\n\t\t\t<\/div><\/figure>\n\t\t<\/div>\n\n","protected":false},"excerpt":{"rendered":"<p>La Asociaci\u00f3n de J\u00f3venes Empresarios de Almer\u00eda (AJE), en colaboraci\u00f3n con Cajamar, el Ayuntamiento de Almer\u00eda, Muebles Mago y Alejandra [&hellip;]<\/p>\n","protected":false},"author":3,"featured_media":2758,"comment_status":"open","ping_status":"open","sticky":false,"template":"","format":"standard","meta":{"_acf_changed":false,"site-sidebar-layout":"default","site-content-layout":"","ast-site-content-layout":"default","site-content-style":"default","site-sidebar-style":"default","ast-global-header-display":"","ast-banner-title-visibility":"","ast-main-header-display":"","ast-hfb-above-header-display":"","ast-hfb-below-header-display":"","ast-hfb-mobile-header-display":"","site-post-title":"","ast-breadcrumbs-content":"","ast-featured-img":"","footer-sml-layout":"","ast-disable-related-posts":"","theme-transparent-header-meta":"","adv-header-id-meta":"","stick-header-meta":"","header-above-stick-meta":"","header-main-stick-meta":"","header-below-stick-meta":"","astra-migrate-meta-layouts":"default","ast-page-background-enabled":"default","ast-page-background-meta":{"desktop":{"background-color":"var(--ast-global-color-5)","background-image":"","background-repeat":"repeat","background-position":"center center","background-size":"auto","background-attachment":"scroll","background-type":"","background-media":"","overlay-type":"","overlay-color":"","overlay-opacity":"","overlay-gradient":""},"tablet":{"background-color":"","background-image":"","background-repeat":"repeat","background-position":"center center","background-size":"auto","background-attachment":"scroll","background-type":"","background-media":"","overlay-type":"","overlay-color":"","overlay-opacity":"","overlay-gradient":""},"mobile":{"background-color":"","background-image":"","background-repeat":"repeat","background-position":"center center","background-size":"auto","background-attachment":"scroll","background-type":"","background-media":"","overlay-type":"","overlay-color":"","overlay-opacity":"","overlay-gradient":""}},"ast-content-background-meta":{"desktop":{"background-color":"var(--ast-global-color-4)","background-image":"","background-repeat":"repeat","background-position":"center center","background-size":"auto","background-attachment":"scroll","background-type":"","background-media":"","overlay-type":"","overlay-color":"","overlay-opacity":"","overlay-gradient":""},"tablet":{"background-color":"var(--ast-global-color-4)","background-image":"","background-repeat":"repeat","background-position":"center center","background-size":"auto","background-attachment":"scroll","background-type":"","background-media":"","overlay-type":"","overlay-color":"","overlay-opacity":"","overlay-gradient":""},"mobile":{"background-color":"var(--ast-global-color-4)","background-image":"","background-repeat":"repeat","background-position":"center center","background-size":"auto","background-attachment":"scroll","background-type":"","background-media":"","overlay-type":"","overlay-color":"","overlay-opacity":"","overlay-gradient":""}},"footnotes":""},"categories":[8],"tags":[229],"class_list":["post-2757","post","type-post","status-publish","format-standard","has-post-thumbnail","hentry","category-noticias","tag-aso"],"acf":[],"yoast_head":"<!-- This site is optimized with the Yoast SEO plugin v26.9 - https:\/\/yoast.com\/product\/yoast-seo-wordpress\/ -->\n<title>AJE Almer\u00eda recibe a Pilar Mart\u00ednez-Cosentino en la cuarta edici\u00f3n de \u2018AJE en Femenino\u2019 - AJE Almer\u00eda<\/title>\n<meta name=\"robots\" content=\"index, follow, max-snippet:-1, max-image-preview:large, max-video-preview:-1\" \/>\n<link rel=\"canonical\" href=\"https:\/\/ajeandalucia.org\/almeria\/2022\/05\/27\/aje-almeria-recibe-a-pilar-martinez-cosentino-en-la-cuarta-edicion-de-aje-en-femenino\/\" \/>\n<meta property=\"og:locale\" content=\"es_ES\" \/>\n<meta property=\"og:type\" content=\"article\" \/>\n<meta property=\"og:title\" content=\"AJE Almer\u00eda recibe a Pilar Mart\u00ednez-Cosentino en la cuarta edici\u00f3n de \u2018AJE en Femenino\u2019 - AJE Almer\u00eda\" \/>\n<meta property=\"og:description\" content=\"La Asociaci\u00f3n de J\u00f3venes Empresarios de Almer\u00eda (AJE), en colaboraci\u00f3n con Cajamar, el Ayuntamiento de Almer\u00eda, Muebles Mago y Alejandra [&hellip;]\" \/>\n<meta property=\"og:url\" content=\"https:\/\/ajeandalucia.org\/almeria\/2022\/05\/27\/aje-almeria-recibe-a-pilar-martinez-cosentino-en-la-cuarta-edicion-de-aje-en-femenino\/\" \/>\n<meta property=\"og:site_name\" content=\"AJE Almer\u00eda\" \/>\n<meta property=\"article:published_time\" content=\"2022-05-27T11:44:37+00:00\" \/>\n<meta property=\"article:modified_time\" content=\"2022-05-27T11:56:39+00:00\" \/>\n<meta property=\"og:image\" content=\"https:\/\/ajeandalucia.org\/almeria\/wp-content\/uploads\/sites\/3\/2022\/05\/30-Jos\u00e9-Gonz\u00e1lez-Mar\u00eda-del-Mar-V\u00e1zquez-Paola-Laynez-y-Alejandra-Abad.jpg\" \/>\n\t<meta property=\"og:image:width\" content=\"3000\" \/>\n\t<meta property=\"og:image:height\" content=\"2000\" \/>\n\t<meta property=\"og:image:type\" content=\"image\/jpeg\" \/>\n<meta name=\"author\" content=\"almeria\" \/>\n<meta name=\"twitter:card\" content=\"summary_large_image\" \/>\n<meta name=\"twitter:label1\" content=\"Escrito por\" \/>\n\t<meta name=\"twitter:data1\" content=\"almeria\" \/>\n\t<meta name=\"twitter:label2\" content=\"Tiempo de lectura\" \/>\n\t<meta name=\"twitter:data2\" content=\"3 minutos\" \/>\n<script type=\"application\/ld+json\" class=\"yoast-schema-graph\">{\"@context\":\"https:\/\/schema.org\",\"@graph\":[{\"@type\":\"Article\",\"@id\":\"https:\/\/ajeandalucia.org\/almeria\/2022\/05\/27\/aje-almeria-recibe-a-pilar-martinez-cosentino-en-la-cuarta-edicion-de-aje-en-femenino\/#article\",\"isPartOf\":{\"@id\":\"https:\/\/ajeandalucia.org\/almeria\/2022\/05\/27\/aje-almeria-recibe-a-pilar-martinez-cosentino-en-la-cuarta-edicion-de-aje-en-femenino\/\"},\"author\":{\"name\":\"almeria\",\"@id\":\"https:\/\/ajeandalucia.org\/almeria\/#\/schema\/person\/9336ac50bc8c90053f6bf3b99e5c7d7b\"},\"headline\":\"AJE Almer\u00eda recibe a Pilar Mart\u00ednez-Cosentino en la cuarta edici\u00f3n de \u2018AJE en Femenino\u2019\",\"datePublished\":\"2022-05-27T11:44:37+00:00\",\"dateModified\":\"2022-05-27T11:56:39+00:00\",\"mainEntityOfPage\":{\"@id\":\"https:\/\/ajeandalucia.org\/almeria\/2022\/05\/27\/aje-almeria-recibe-a-pilar-martinez-cosentino-en-la-cuarta-edicion-de-aje-en-femenino\/\"},\"wordCount\":646,\"commentCount\":0,\"publisher\":{\"@id\":\"https:\/\/ajeandalucia.org\/almeria\/#organization\"},\"image\":{\"@id\":\"https:\/\/ajeandalucia.org\/almeria\/2022\/05\/27\/aje-almeria-recibe-a-pilar-martinez-cosentino-en-la-cuarta-edicion-de-aje-en-femenino\/#primaryimage\"},\"thumbnailUrl\":\"https:\/\/ajeandalucia.org\/almeria\/wp-content\/uploads\/sites\/3\/2022\/05\/30-Jos\u00e9-Gonz\u00e1lez-Mar\u00eda-del-Mar-V\u00e1zquez-Paola-Laynez-y-Alejandra-Abad.jpg\",\"keywords\":[\"aso\"],\"articleSection\":[\"Noticias\"],\"inLanguage\":\"es\",\"potentialAction\":[{\"@type\":\"CommentAction\",\"name\":\"Comment\",\"target\":[\"https:\/\/ajeandalucia.org\/almeria\/2022\/05\/27\/aje-almeria-recibe-a-pilar-martinez-cosentino-en-la-cuarta-edicion-de-aje-en-femenino\/#respond\"]}]},{\"@type\":\"WebPage\",\"@id\":\"https:\/\/ajeandalucia.org\/almeria\/2022\/05\/27\/aje-almeria-recibe-a-pilar-martinez-cosentino-en-la-cuarta-edicion-de-aje-en-femenino\/\",\"url\":\"https:\/\/ajeandalucia.org\/almeria\/2022\/05\/27\/aje-almeria-recibe-a-pilar-martinez-cosentino-en-la-cuarta-edicion-de-aje-en-femenino\/\",\"name\":\"AJE Almer\u00eda recibe a Pilar Mart\u00ednez-Cosentino en la cuarta edici\u00f3n de \u2018AJE en Femenino\u2019 - AJE Almer\u00eda\",\"isPartOf\":{\"@id\":\"https:\/\/ajeandalucia.org\/almeria\/#website\"},\"primaryImageOfPage\":{\"@id\":\"https:\/\/ajeandalucia.org\/almeria\/2022\/05\/27\/aje-almeria-recibe-a-pilar-martinez-cosentino-en-la-cuarta-edicion-de-aje-en-femenino\/#primaryimage\"},\"image\":{\"@id\":\"https:\/\/ajeandalucia.org\/almeria\/2022\/05\/27\/aje-almeria-recibe-a-pilar-martinez-cosentino-en-la-cuarta-edicion-de-aje-en-femenino\/#primaryimage\"},\"thumbnailUrl\":\"https:\/\/ajeandalucia.org\/almeria\/wp-content\/uploads\/sites\/3\/2022\/05\/30-Jos\u00e9-Gonz\u00e1lez-Mar\u00eda-del-Mar-V\u00e1zquez-Paola-Laynez-y-Alejandra-Abad.jpg\",\"datePublished\":\"2022-05-27T11:44:37+00:00\",\"dateModified\":\"2022-05-27T11:56:39+00:00\",\"breadcrumb\":{\"@id\":\"https:\/\/ajeandalucia.org\/almeria\/2022\/05\/27\/aje-almeria-recibe-a-pilar-martinez-cosentino-en-la-cuarta-edicion-de-aje-en-femenino\/#breadcrumb\"},\"inLanguage\":\"es\",\"potentialAction\":[{\"@type\":\"ReadAction\",\"target\":[\"https:\/\/ajeandalucia.org\/almeria\/2022\/05\/27\/aje-almeria-recibe-a-pilar-martinez-cosentino-en-la-cuarta-edicion-de-aje-en-femenino\/\"]}]},{\"@type\":\"ImageObject\",\"inLanguage\":\"es\",\"@id\":\"https:\/\/ajeandalucia.org\/almeria\/2022\/05\/27\/aje-almeria-recibe-a-pilar-martinez-cosentino-en-la-cuarta-edicion-de-aje-en-femenino\/#primaryimage\",\"url\":\"https:\/\/ajeandalucia.org\/almeria\/wp-content\/uploads\/sites\/3\/2022\/05\/30-Jos\u00e9-Gonz\u00e1lez-Mar\u00eda-del-Mar-V\u00e1zquez-Paola-Laynez-y-Alejandra-Abad.jpg\",\"contentUrl\":\"https:\/\/ajeandalucia.org\/almeria\/wp-content\/uploads\/sites\/3\/2022\/05\/30-Jos\u00e9-Gonz\u00e1lez-Mar\u00eda-del-Mar-V\u00e1zquez-Paola-Laynez-y-Alejandra-Abad.jpg\",\"width\":3000,\"height\":2000},{\"@type\":\"BreadcrumbList\",\"@id\":\"https:\/\/ajeandalucia.org\/almeria\/2022\/05\/27\/aje-almeria-recibe-a-pilar-martinez-cosentino-en-la-cuarta-edicion-de-aje-en-femenino\/#breadcrumb\",\"itemListElement\":[{\"@type\":\"ListItem\",\"position\":1,\"name\":\"Portada\",\"item\":\"https:\/\/ajeandalucia.org\/almeria\/\"},{\"@type\":\"ListItem\",\"position\":2,\"name\":\"AJE Almer\u00eda recibe a Pilar Mart\u00ednez-Cosentino en la cuarta edici\u00f3n de \u2018AJE en Femenino\u2019\"}]},{\"@type\":\"WebSite\",\"@id\":\"https:\/\/ajeandalucia.org\/almeria\/#website\",\"url\":\"https:\/\/ajeandalucia.org\/almeria\/\",\"name\":\"AJE Almer\u00eda\",\"description\":\"Otro sitio m\u00e1s de AJE Andaluc\u00eda\",\"publisher\":{\"@id\":\"https:\/\/ajeandalucia.org\/almeria\/#organization\"},\"potentialAction\":[{\"@type\":\"SearchAction\",\"target\":{\"@type\":\"EntryPoint\",\"urlTemplate\":\"https:\/\/ajeandalucia.org\/almeria\/?s={search_term_string}\"},\"query-input\":{\"@type\":\"PropertyValueSpecification\",\"valueRequired\":true,\"valueName\":\"search_term_string\"}}],\"inLanguage\":\"es\"},{\"@type\":\"Organization\",\"@id\":\"https:\/\/ajeandalucia.org\/almeria\/#organization\",\"name\":\"AJE Almer\u00eda\",\"url\":\"https:\/\/ajeandalucia.org\/almeria\/\",\"logo\":{\"@type\":\"ImageObject\",\"inLanguage\":\"es\",\"@id\":\"https:\/\/ajeandalucia.org\/almeria\/#\/schema\/logo\/image\/\",\"url\":\"https:\/\/ajeandalucia.org\/almeria\/wp-content\/uploads\/sites\/3\/2025\/01\/AJE-ALMERIA-horizontal.png\",\"contentUrl\":\"https:\/\/ajeandalucia.org\/almeria\/wp-content\/uploads\/sites\/3\/2025\/01\/AJE-ALMERIA-horizontal.png\",\"width\":605,\"height\":200,\"caption\":\"AJE Almer\u00eda\"},\"image\":{\"@id\":\"https:\/\/ajeandalucia.org\/almeria\/#\/schema\/logo\/image\/\"}},{\"@type\":\"Person\",\"@id\":\"https:\/\/ajeandalucia.org\/almeria\/#\/schema\/person\/9336ac50bc8c90053f6bf3b99e5c7d7b\",\"name\":\"almeria\",\"image\":{\"@type\":\"ImageObject\",\"inLanguage\":\"es\",\"@id\":\"https:\/\/ajeandalucia.org\/almeria\/#\/schema\/person\/image\/\",\"url\":\"https:\/\/secure.gravatar.com\/avatar\/f5b6b7d37a8f964bd96d1a7752fc3160bb98a16a08fda2bb6fb3a80845dae5d6?s=96&d=mm&r=g\",\"contentUrl\":\"https:\/\/secure.gravatar.com\/avatar\/f5b6b7d37a8f964bd96d1a7752fc3160bb98a16a08fda2bb6fb3a80845dae5d6?s=96&d=mm&r=g\",\"caption\":\"almeria\"},\"sameAs\":[\"http:\/\/www.ajealmeria.org\/\"],\"url\":\"https:\/\/ajeandalucia.org\/almeria\/author\/almeria\/\"}]}<\/script>\n<!-- \/ Yoast SEO plugin. -->","yoast_head_json":{"title":"AJE Almer\u00eda recibe a Pilar Mart\u00ednez-Cosentino en la cuarta edici\u00f3n de \u2018AJE en Femenino\u2019 - AJE Almer\u00eda","robots":{"index":"index","follow":"follow","max-snippet":"max-snippet:-1","max-image-preview":"max-image-preview:large","max-video-preview":"max-video-preview:-1"},"canonical":"https:\/\/ajeandalucia.org\/almeria\/2022\/05\/27\/aje-almeria-recibe-a-pilar-martinez-cosentino-en-la-cuarta-edicion-de-aje-en-femenino\/","og_locale":"es_ES","og_type":"article","og_title":"AJE Almer\u00eda recibe a Pilar Mart\u00ednez-Cosentino en la cuarta edici\u00f3n de \u2018AJE en Femenino\u2019 - AJE Almer\u00eda","og_description":"La Asociaci\u00f3n de J\u00f3venes Empresarios de Almer\u00eda (AJE), en colaboraci\u00f3n con Cajamar, el Ayuntamiento de Almer\u00eda, Muebles Mago y Alejandra [&hellip;]","og_url":"https:\/\/ajeandalucia.org\/almeria\/2022\/05\/27\/aje-almeria-recibe-a-pilar-martinez-cosentino-en-la-cuarta-edicion-de-aje-en-femenino\/","og_site_name":"AJE Almer\u00eda","article_published_time":"2022-05-27T11:44:37+00:00","article_modified_time":"2022-05-27T11:56:39+00:00","og_image":[{"width":3000,"height":2000,"url":"https:\/\/ajeandalucia.org\/almeria\/wp-content\/uploads\/sites\/3\/2022\/05\/30-Jos\u00e9-Gonz\u00e1lez-Mar\u00eda-del-Mar-V\u00e1zquez-Paola-Laynez-y-Alejandra-Abad.jpg","type":"image\/jpeg"}],"author":"almeria","twitter_card":"summary_large_image","twitter_misc":{"Escrito por":"almeria","Tiempo de lectura":"3 minutos"},"schema":{"@context":"https:\/\/schema.org","@graph":[{"@type":"Article","@id":"https:\/\/ajeandalucia.org\/almeria\/2022\/05\/27\/aje-almeria-recibe-a-pilar-martinez-cosentino-en-la-cuarta-edicion-de-aje-en-femenino\/#article","isPartOf":{"@id":"https:\/\/ajeandalucia.org\/almeria\/2022\/05\/27\/aje-almeria-recibe-a-pilar-martinez-cosentino-en-la-cuarta-edicion-de-aje-en-femenino\/"},"author":{"name":"almeria","@id":"https:\/\/ajeandalucia.org\/almeria\/#\/schema\/person\/9336ac50bc8c90053f6bf3b99e5c7d7b"},"headline":"AJE Almer\u00eda recibe a Pilar Mart\u00ednez-Cosentino en la cuarta edici\u00f3n de \u2018AJE en Femenino\u2019","datePublished":"2022-05-27T11:44:37+00:00","dateModified":"2022-05-27T11:56:39+00:00","mainEntityOfPage":{"@id":"https:\/\/ajeandalucia.org\/almeria\/2022\/05\/27\/aje-almeria-recibe-a-pilar-martinez-cosentino-en-la-cuarta-edicion-de-aje-en-femenino\/"},"wordCount":646,"commentCount":0,"publisher":{"@id":"https:\/\/ajeandalucia.org\/almeria\/#organization"},"image":{"@id":"https:\/\/ajeandalucia.org\/almeria\/2022\/05\/27\/aje-almeria-recibe-a-pilar-martinez-cosentino-en-la-cuarta-edicion-de-aje-en-femenino\/#primaryimage"},"thumbnailUrl":"https:\/\/ajeandalucia.org\/almeria\/wp-content\/uploads\/sites\/3\/2022\/05\/30-Jos\u00e9-Gonz\u00e1lez-Mar\u00eda-del-Mar-V\u00e1zquez-Paola-Laynez-y-Alejandra-Abad.jpg","keywords":["aso"],"articleSection":["Noticias"],"inLanguage":"es","potentialAction":[{"@type":"CommentAction","name":"Comment","target":["https:\/\/ajeandalucia.org\/almeria\/2022\/05\/27\/aje-almeria-recibe-a-pilar-martinez-cosentino-en-la-cuarta-edicion-de-aje-en-femenino\/#respond"]}]},{"@type":"WebPage","@id":"https:\/\/ajeandalucia.org\/almeria\/2022\/05\/27\/aje-almeria-recibe-a-pilar-martinez-cosentino-en-la-cuarta-edicion-de-aje-en-femenino\/","url":"https:\/\/ajeandalucia.org\/almeria\/2022\/05\/27\/aje-almeria-recibe-a-pilar-martinez-cosentino-en-la-cuarta-edicion-de-aje-en-femenino\/","name":"AJE Almer\u00eda recibe a Pilar Mart\u00ednez-Cosentino en la cuarta edici\u00f3n de \u2018AJE en Femenino\u2019 - AJE Almer\u00eda","isPartOf":{"@id":"https:\/\/ajeandalucia.org\/almeria\/#website"},"primaryImageOfPage":{"@id":"https:\/\/ajeandalucia.org\/almeria\/2022\/05\/27\/aje-almeria-recibe-a-pilar-martinez-cosentino-en-la-cuarta-edicion-de-aje-en-femenino\/#primaryimage"},"image":{"@id":"https:\/\/ajeandalucia.org\/almeria\/2022\/05\/27\/aje-almeria-recibe-a-pilar-martinez-cosentino-en-la-cuarta-edicion-de-aje-en-femenino\/#primaryimage"},"thumbnailUrl":"https:\/\/ajeandalucia.org\/almeria\/wp-content\/uploads\/sites\/3\/2022\/05\/30-Jos\u00e9-Gonz\u00e1lez-Mar\u00eda-del-Mar-V\u00e1zquez-Paola-Laynez-y-Alejandra-Abad.jpg","datePublished":"2022-05-27T11:44:37+00:00","dateModified":"2022-05-27T11:56:39+00:00","breadcrumb":{"@id":"https:\/\/ajeandalucia.org\/almeria\/2022\/05\/27\/aje-almeria-recibe-a-pilar-martinez-cosentino-en-la-cuarta-edicion-de-aje-en-femenino\/#breadcrumb"},"inLanguage":"es","potentialAction":[{"@type":"ReadAction","target":["https:\/\/ajeandalucia.org\/almeria\/2022\/05\/27\/aje-almeria-recibe-a-pilar-martinez-cosentino-en-la-cuarta-edicion-de-aje-en-femenino\/"]}]},{"@type":"ImageObject","inLanguage":"es","@id":"https:\/\/ajeandalucia.org\/almeria\/2022\/05\/27\/aje-almeria-recibe-a-pilar-martinez-cosentino-en-la-cuarta-edicion-de-aje-en-femenino\/#primaryimage","url":"https:\/\/ajeandalucia.org\/almeria\/wp-content\/uploads\/sites\/3\/2022\/05\/30-Jos\u00e9-Gonz\u00e1lez-Mar\u00eda-del-Mar-V\u00e1zquez-Paola-Laynez-y-Alejandra-Abad.jpg","contentUrl":"https:\/\/ajeandalucia.org\/almeria\/wp-content\/uploads\/sites\/3\/2022\/05\/30-Jos\u00e9-Gonz\u00e1lez-Mar\u00eda-del-Mar-V\u00e1zquez-Paola-Laynez-y-Alejandra-Abad.jpg","width":3000,"height":2000},{"@type":"BreadcrumbList","@id":"https:\/\/ajeandalucia.org\/almeria\/2022\/05\/27\/aje-almeria-recibe-a-pilar-martinez-cosentino-en-la-cuarta-edicion-de-aje-en-femenino\/#breadcrumb","itemListElement":[{"@type":"ListItem","position":1,"name":"Portada","item":"https:\/\/ajeandalucia.org\/almeria\/"},{"@type":"ListItem","position":2,"name":"AJE Almer\u00eda recibe a Pilar Mart\u00ednez-Cosentino en la cuarta edici\u00f3n de \u2018AJE en Femenino\u2019"}]},{"@type":"WebSite","@id":"https:\/\/ajeandalucia.org\/almeria\/#website","url":"https:\/\/ajeandalucia.org\/almeria\/","name":"AJE Almer\u00eda","description":"Otro sitio m\u00e1s de AJE Andaluc\u00eda","publisher":{"@id":"https:\/\/ajeandalucia.org\/almeria\/#organization"},"potentialAction":[{"@type":"SearchAction","target":{"@type":"EntryPoint","urlTemplate":"https:\/\/ajeandalucia.org\/almeria\/?s={search_term_string}"},"query-input":{"@type":"PropertyValueSpecification","valueRequired":true,"valueName":"search_term_string"}}],"inLanguage":"es"},{"@type":"Organization","@id":"https:\/\/ajeandalucia.org\/almeria\/#organization","name":"AJE Almer\u00eda","url":"https:\/\/ajeandalucia.org\/almeria\/","logo":{"@type":"ImageObject","inLanguage":"es","@id":"https:\/\/ajeandalucia.org\/almeria\/#\/schema\/logo\/image\/","url":"https:\/\/ajeandalucia.org\/almeria\/wp-content\/uploads\/sites\/3\/2025\/01\/AJE-ALMERIA-horizontal.png","contentUrl":"https:\/\/ajeandalucia.org\/almeria\/wp-content\/uploads\/sites\/3\/2025\/01\/AJE-ALMERIA-horizontal.png","width":605,"height":200,"caption":"AJE Almer\u00eda"},"image":{"@id":"https:\/\/ajeandalucia.org\/almeria\/#\/schema\/logo\/image\/"}},{"@type":"Person","@id":"https:\/\/ajeandalucia.org\/almeria\/#\/schema\/person\/9336ac50bc8c90053f6bf3b99e5c7d7b","name":"almeria","image":{"@type":"ImageObject","inLanguage":"es","@id":"https:\/\/ajeandalucia.org\/almeria\/#\/schema\/person\/image\/","url":"https:\/\/secure.gravatar.com\/avatar\/f5b6b7d37a8f964bd96d1a7752fc3160bb98a16a08fda2bb6fb3a80845dae5d6?s=96&d=mm&r=g","contentUrl":"https:\/\/secure.gravatar.com\/avatar\/f5b6b7d37a8f964bd96d1a7752fc3160bb98a16a08fda2bb6fb3a80845dae5d6?s=96&d=mm&r=g","caption":"almeria"},"sameAs":["http:\/\/www.ajealmeria.org\/"],"url":"https:\/\/ajeandalucia.org\/almeria\/author\/almeria\/"}]}},"_links":{"self":[{"href":"https:\/\/ajeandalucia.org\/almeria\/wp-json\/wp\/v2\/posts\/2757","targetHints":{"allow":["GET"]}}],"collection":[{"href":"https:\/\/ajeandalucia.org\/almeria\/wp-json\/wp\/v2\/posts"}],"about":[{"href":"https:\/\/ajeandalucia.org\/almeria\/wp-json\/wp\/v2\/types\/post"}],"author":[{"embeddable":true,"href":"https:\/\/ajeandalucia.org\/almeria\/wp-json\/wp\/v2\/users\/3"}],"replies":[{"embeddable":true,"href":"https:\/\/ajeandalucia.org\/almeria\/wp-json\/wp\/v2\/comments?post=2757"}],"version-history":[{"count":2,"href":"https:\/\/ajeandalucia.org\/almeria\/wp-json\/wp\/v2\/posts\/2757\/revisions"}],"predecessor-version":[{"id":2825,"href":"https:\/\/ajeandalucia.org\/almeria\/wp-json\/wp\/v2\/posts\/2757\/revisions\/2825"}],"wp:featuredmedia":[{"embeddable":true,"href":"https:\/\/ajeandalucia.org\/almeria\/wp-json\/wp\/v2\/media\/2758"}],"wp:attachment":[{"href":"https:\/\/ajeandalucia.org\/almeria\/wp-json\/wp\/v2\/media?parent=2757"}],"wp:term":[{"taxonomy":"category","embeddable":true,"href":"https:\/\/ajeandalucia.org\/almeria\/wp-json\/wp\/v2\/categories?post=2757"},{"taxonomy":"post_tag","embeddable":true,"href":"https:\/\/ajeandalucia.org\/almeria\/wp-json\/wp\/v2\/tags?post=2757"}],"curies":[{"name":"wp","href":"https:\/\/api.w.org\/{rel}","templated":true}]}}