{"id":2975,"date":"2023-03-30T09:08:37","date_gmt":"2023-03-30T09:08:37","guid":{"rendered":"https:\/\/www.ajeandalucia.org\/almeria\/?p=2975"},"modified":"2023-03-30T09:18:23","modified_gmt":"2023-03-30T09:18:23","slug":"aje-en-femenino-celebra-su-quinta-edicion-con-ma-jose-flores-gerente-del-grupo-vera-import","status":"publish","type":"post","link":"https:\/\/ajeandalucia.org\/almeria\/2023\/03\/30\/aje-en-femenino-celebra-su-quinta-edicion-con-ma-jose-flores-gerente-del-grupo-vera-import\/","title":{"rendered":"\u2018AJE en Femenino\u2019 celebra su quinta edici\u00f3n con M\u00aa Jos\u00e9 Flores, gerente del Grupo Vera Import"},"content":{"rendered":"<p><strong>La Asociaci\u00f3n de J\u00f3venes Empresarios de Almer\u00eda organiza la jornada \u2018AJE\u00a0<\/strong><strong>en Femenino\u2019 que pone en valor el talento de la mujer almeriense.<\/strong><\/p>\n<p>El Sal\u00f3n Noble del C\u00edrculo Mercantil de Almer\u00eda ha recibido el encuentro de empresarias y empresarios almerienses \u2018AJE en Femenino\u2019 y ha contado con Mar\u00eda Jos\u00e9 Flores, directora general del Grupo Vera Import, como protagonista de la jornada.<\/p>\n<p>La almeriense forma parte del Consejo Asesor Universidad-Empresa de la Universidad de Almer\u00eda y, adem\u00e1s, es Vocal Directiva de la Asociaci\u00f3n Contra el C\u00e1ncer de Almer\u00eda. A nivel nacional destaca su cargo de vicepresidenta de la Asociaci\u00f3n de Concesionarios del Grupo Volkswagen, un referente en el sector de la automoci\u00f3n.<\/p>\n<p><img loading=\"lazy\" decoding=\"async\" width=\"3000\" height=\"2000\" class=\"alignnone size-full wp-image-2981\" src=\"https:\/\/www.ajeandalucia.org\/almeria\/wp-content\/uploads\/sites\/3\/2023\/03\/AJE-FEMENINO-MJ-FLORES-9.3-33.jpg\" alt=\"\" srcset=\"https:\/\/ajeandalucia.org\/almeria\/wp-content\/uploads\/sites\/3\/2023\/03\/AJE-FEMENINO-MJ-FLORES-9.3-33.jpg 3000w, https:\/\/ajeandalucia.org\/almeria\/wp-content\/uploads\/sites\/3\/2023\/03\/AJE-FEMENINO-MJ-FLORES-9.3-33-300x200.jpg 300w, https:\/\/ajeandalucia.org\/almeria\/wp-content\/uploads\/sites\/3\/2023\/03\/AJE-FEMENINO-MJ-FLORES-9.3-33-768x512.jpg 768w, https:\/\/ajeandalucia.org\/almeria\/wp-content\/uploads\/sites\/3\/2023\/03\/AJE-FEMENINO-MJ-FLORES-9.3-33-1024x683.jpg 1024w\" sizes=\"auto, (max-width: 3000px) 100vw, 3000px\" \/><\/p>\n<p>Flores se define como una persona muy trabajadora y constante, \u201cno fui una joven de mi tiempo, con 22 a\u00f1os termin\u00e9 mis estudios y me adentr\u00e9 en el mundo laboral siendo tan joven. He sido siempre una mujer muy responsable\u201d, cuenta.<\/p>\n<p>La empresaria opina sobre la conciliaci\u00f3n familiar y reconoce el esfuerzo que hacen qui\u00e9nes est\u00e1n a su lado para ayudarla en su desarrollo profesional, reconoce que \u201cdetr\u00e1s de una gran mujer, hay un enorme hombre\u201d.<\/p>\n<p>El programa \u2018AJE en Femenino\u2019 tiene como principal objetivo poner en valor el talento femenino y dar voz a la gran labor empresarial que muchas mujeres de la provincia llevan a cabo. La jornada, como en ediciones anteriores, ser\u00e1 un punto de encuentro e inspiraci\u00f3n para los j\u00f3venes empresarios y empresarias de Almer\u00eda.<\/p>\n<p><img loading=\"lazy\" decoding=\"async\" width=\"3000\" height=\"2000\" class=\"alignnone size-full wp-image-2982\" src=\"https:\/\/www.ajeandalucia.org\/almeria\/wp-content\/uploads\/sites\/3\/2023\/03\/AJE-FEMENINO-MJ-FLORES-9.3-64.jpg\" alt=\"\" srcset=\"https:\/\/ajeandalucia.org\/almeria\/wp-content\/uploads\/sites\/3\/2023\/03\/AJE-FEMENINO-MJ-FLORES-9.3-64.jpg 3000w, https:\/\/ajeandalucia.org\/almeria\/wp-content\/uploads\/sites\/3\/2023\/03\/AJE-FEMENINO-MJ-FLORES-9.3-64-300x200.jpg 300w, https:\/\/ajeandalucia.org\/almeria\/wp-content\/uploads\/sites\/3\/2023\/03\/AJE-FEMENINO-MJ-FLORES-9.3-64-768x512.jpg 768w, https:\/\/ajeandalucia.org\/almeria\/wp-content\/uploads\/sites\/3\/2023\/03\/AJE-FEMENINO-MJ-FLORES-9.3-64-1024x683.jpg 1024w\" sizes=\"auto, (max-width: 3000px) 100vw, 3000px\" \/><\/p>\n<p>D\u00f1a. Paola Laynez Guijosa, concejal delegada de Familia, Igualdad y Participaci\u00f3n Ciudadana del Ayuntamiento de Almer\u00eda, considera el encuentro de \u2018AJE en Femenino\u2019 como \u201cjornadas divulgativas para dar visibilidad a la extraordinaria labor de mujeres emprendedoras y directivas almerienses\u201d. Adem\u00e1s, considera que la celebraci\u00f3n del evento como apoyo para lograr fomentar una igualdad real.<\/p>\n<p>El Grupo Vera Import, dedicado al sector de la automoci\u00f3n, que lleva prestando sus servicios y profesionalidad desde a\u00f1o 1971. En la actualidad son los \u00fanicos Distribuidores Oficiales en la provincia de Almer\u00eda para las marcas Audi, Volkswagen y Volkswagen Veh\u00edculos Comerciales, con concesionarios en Vera, Hu\u00e9rcal de Almer\u00eda y El Ejido. En la zona del levante y norte de la provincia cuentan con Concesionarios Oficiales para las marcas SEAT y \u0160KODA en los municipios de Vera y Albox.<\/p>\n","protected":false},"excerpt":{"rendered":"<p>La Asociaci\u00f3n de J\u00f3venes Empresarios de Almer\u00eda organiza la jornada \u2018AJE\u00a0en Femenino\u2019 que pone en valor el talento de la [&hellip;]<\/p>\n","protected":false},"author":3,"featured_media":2976,"comment_status":"open","ping_status":"open","sticky":false,"template":"","format":"standard","meta":{"_acf_changed":false,"site-sidebar-layout":"default","site-content-layout":"","ast-site-content-layout":"default","site-content-style":"default","site-sidebar-style":"default","ast-global-header-display":"","ast-banner-title-visibility":"","ast-main-header-display":"","ast-hfb-above-header-display":"","ast-hfb-below-header-display":"","ast-hfb-mobile-header-display":"","site-post-title":"","ast-breadcrumbs-content":"","ast-featured-img":"","footer-sml-layout":"","ast-disable-related-posts":"","theme-transparent-header-meta":"","adv-header-id-meta":"","stick-header-meta":"","header-above-stick-meta":"","header-main-stick-meta":"","header-below-stick-meta":"","astra-migrate-meta-layouts":"default","ast-page-background-enabled":"default","ast-page-background-meta":{"desktop":{"background-color":"var(--ast-global-color-5)","background-image":"","background-repeat":"repeat","background-position":"center center","background-size":"auto","background-attachment":"scroll","background-type":"","background-media":"","overlay-type":"","overlay-color":"","overlay-opacity":"","overlay-gradient":""},"tablet":{"background-color":"","background-image":"","background-repeat":"repeat","background-position":"center center","background-size":"auto","background-attachment":"scroll","background-type":"","background-media":"","overlay-type":"","overlay-color":"","overlay-opacity":"","overlay-gradient":""},"mobile":{"background-color":"","background-image":"","background-repeat":"repeat","background-position":"center center","background-size":"auto","background-attachment":"scroll","background-type":"","background-media":"","overlay-type":"","overlay-color":"","overlay-opacity":"","overlay-gradient":""}},"ast-content-background-meta":{"desktop":{"background-color":"var(--ast-global-color-4)","background-image":"","background-repeat":"repeat","background-position":"center center","background-size":"auto","background-attachment":"scroll","background-type":"","background-media":"","overlay-type":"","overlay-color":"","overlay-opacity":"","overlay-gradient":""},"tablet":{"background-color":"var(--ast-global-color-4)","background-image":"","background-repeat":"repeat","background-position":"center center","background-size":"auto","background-attachment":"scroll","background-type":"","background-media":"","overlay-type":"","overlay-color":"","overlay-opacity":"","overlay-gradient":""},"mobile":{"background-color":"var(--ast-global-color-4)","background-image":"","background-repeat":"repeat","background-position":"center center","background-size":"auto","background-attachment":"scroll","background-type":"","background-media":"","overlay-type":"","overlay-color":"","overlay-opacity":"","overlay-gradient":""}},"footnotes":""},"categories":[8],"tags":[],"class_list":["post-2975","post","type-post","status-publish","format-standard","has-post-thumbnail","hentry","category-noticias"],"acf":[],"yoast_head":"<!-- This site is optimized with the Yoast SEO plugin v26.9 - https:\/\/yoast.com\/product\/yoast-seo-wordpress\/ -->\n<title>\u2018AJE en Femenino\u2019 celebra su quinta edici\u00f3n con M\u00aa Jos\u00e9 Flores, gerente del Grupo Vera Import - AJE Almer\u00eda<\/title>\n<meta name=\"robots\" content=\"index, follow, max-snippet:-1, max-image-preview:large, max-video-preview:-1\" \/>\n<link rel=\"canonical\" href=\"https:\/\/ajeandalucia.org\/almeria\/2023\/03\/30\/aje-en-femenino-celebra-su-quinta-edicion-con-ma-jose-flores-gerente-del-grupo-vera-import\/\" \/>\n<meta property=\"og:locale\" content=\"es_ES\" \/>\n<meta property=\"og:type\" content=\"article\" \/>\n<meta property=\"og:title\" content=\"\u2018AJE en Femenino\u2019 celebra su quinta edici\u00f3n con M\u00aa Jos\u00e9 Flores, gerente del Grupo Vera Import - AJE Almer\u00eda\" \/>\n<meta property=\"og:description\" content=\"La Asociaci\u00f3n de J\u00f3venes Empresarios de Almer\u00eda organiza la jornada \u2018AJE\u00a0en Femenino\u2019 que pone en valor el talento de la [&hellip;]\" \/>\n<meta property=\"og:url\" content=\"https:\/\/ajeandalucia.org\/almeria\/2023\/03\/30\/aje-en-femenino-celebra-su-quinta-edicion-con-ma-jose-flores-gerente-del-grupo-vera-import\/\" \/>\n<meta property=\"og:site_name\" content=\"AJE Almer\u00eda\" \/>\n<meta property=\"article:published_time\" content=\"2023-03-30T09:08:37+00:00\" \/>\n<meta property=\"article:modified_time\" content=\"2023-03-30T09:18:23+00:00\" \/>\n<meta property=\"og:image\" content=\"https:\/\/ajeandalucia.org\/almeria\/wp-content\/uploads\/sites\/3\/2023\/03\/AJE-FEMENINO-MJ-FLORES-9.3-73.jpg\" \/>\n\t<meta property=\"og:image:width\" content=\"3000\" \/>\n\t<meta property=\"og:image:height\" content=\"2000\" \/>\n\t<meta property=\"og:image:type\" content=\"image\/jpeg\" \/>\n<meta name=\"author\" content=\"almeria\" \/>\n<meta name=\"twitter:card\" content=\"summary_large_image\" \/>\n<meta name=\"twitter:label1\" content=\"Escrito por\" \/>\n\t<meta name=\"twitter:data1\" content=\"almeria\" \/>\n\t<meta name=\"twitter:label2\" content=\"Tiempo de lectura\" \/>\n\t<meta name=\"twitter:data2\" content=\"2 minutos\" \/>\n<script type=\"application\/ld+json\" class=\"yoast-schema-graph\">{\"@context\":\"https:\/\/schema.org\",\"@graph\":[{\"@type\":\"Article\",\"@id\":\"https:\/\/ajeandalucia.org\/almeria\/2023\/03\/30\/aje-en-femenino-celebra-su-quinta-edicion-con-ma-jose-flores-gerente-del-grupo-vera-import\/#article\",\"isPartOf\":{\"@id\":\"https:\/\/ajeandalucia.org\/almeria\/2023\/03\/30\/aje-en-femenino-celebra-su-quinta-edicion-con-ma-jose-flores-gerente-del-grupo-vera-import\/\"},\"author\":{\"name\":\"almeria\",\"@id\":\"https:\/\/ajeandalucia.org\/almeria\/#\/schema\/person\/9336ac50bc8c90053f6bf3b99e5c7d7b\"},\"headline\":\"\u2018AJE en Femenino\u2019 celebra su quinta edici\u00f3n con M\u00aa Jos\u00e9 Flores, gerente del Grupo Vera Import\",\"datePublished\":\"2023-03-30T09:08:37+00:00\",\"dateModified\":\"2023-03-30T09:18:23+00:00\",\"mainEntityOfPage\":{\"@id\":\"https:\/\/ajeandalucia.org\/almeria\/2023\/03\/30\/aje-en-femenino-celebra-su-quinta-edicion-con-ma-jose-flores-gerente-del-grupo-vera-import\/\"},\"wordCount\":421,\"commentCount\":0,\"publisher\":{\"@id\":\"https:\/\/ajeandalucia.org\/almeria\/#organization\"},\"image\":{\"@id\":\"https:\/\/ajeandalucia.org\/almeria\/2023\/03\/30\/aje-en-femenino-celebra-su-quinta-edicion-con-ma-jose-flores-gerente-del-grupo-vera-import\/#primaryimage\"},\"thumbnailUrl\":\"https:\/\/ajeandalucia.org\/almeria\/wp-content\/uploads\/sites\/3\/2023\/03\/AJE-FEMENINO-MJ-FLORES-9.3-73.jpg\",\"articleSection\":[\"Noticias\"],\"inLanguage\":\"es\",\"potentialAction\":[{\"@type\":\"CommentAction\",\"name\":\"Comment\",\"target\":[\"https:\/\/ajeandalucia.org\/almeria\/2023\/03\/30\/aje-en-femenino-celebra-su-quinta-edicion-con-ma-jose-flores-gerente-del-grupo-vera-import\/#respond\"]}]},{\"@type\":\"WebPage\",\"@id\":\"https:\/\/ajeandalucia.org\/almeria\/2023\/03\/30\/aje-en-femenino-celebra-su-quinta-edicion-con-ma-jose-flores-gerente-del-grupo-vera-import\/\",\"url\":\"https:\/\/ajeandalucia.org\/almeria\/2023\/03\/30\/aje-en-femenino-celebra-su-quinta-edicion-con-ma-jose-flores-gerente-del-grupo-vera-import\/\",\"name\":\"\u2018AJE en Femenino\u2019 celebra su quinta edici\u00f3n con M\u00aa Jos\u00e9 Flores, gerente del Grupo Vera Import - AJE Almer\u00eda\",\"isPartOf\":{\"@id\":\"https:\/\/ajeandalucia.org\/almeria\/#website\"},\"primaryImageOfPage\":{\"@id\":\"https:\/\/ajeandalucia.org\/almeria\/2023\/03\/30\/aje-en-femenino-celebra-su-quinta-edicion-con-ma-jose-flores-gerente-del-grupo-vera-import\/#primaryimage\"},\"image\":{\"@id\":\"https:\/\/ajeandalucia.org\/almeria\/2023\/03\/30\/aje-en-femenino-celebra-su-quinta-edicion-con-ma-jose-flores-gerente-del-grupo-vera-import\/#primaryimage\"},\"thumbnailUrl\":\"https:\/\/ajeandalucia.org\/almeria\/wp-content\/uploads\/sites\/3\/2023\/03\/AJE-FEMENINO-MJ-FLORES-9.3-73.jpg\",\"datePublished\":\"2023-03-30T09:08:37+00:00\",\"dateModified\":\"2023-03-30T09:18:23+00:00\",\"breadcrumb\":{\"@id\":\"https:\/\/ajeandalucia.org\/almeria\/2023\/03\/30\/aje-en-femenino-celebra-su-quinta-edicion-con-ma-jose-flores-gerente-del-grupo-vera-import\/#breadcrumb\"},\"inLanguage\":\"es\",\"potentialAction\":[{\"@type\":\"ReadAction\",\"target\":[\"https:\/\/ajeandalucia.org\/almeria\/2023\/03\/30\/aje-en-femenino-celebra-su-quinta-edicion-con-ma-jose-flores-gerente-del-grupo-vera-import\/\"]}]},{\"@type\":\"ImageObject\",\"inLanguage\":\"es\",\"@id\":\"https:\/\/ajeandalucia.org\/almeria\/2023\/03\/30\/aje-en-femenino-celebra-su-quinta-edicion-con-ma-jose-flores-gerente-del-grupo-vera-import\/#primaryimage\",\"url\":\"https:\/\/ajeandalucia.org\/almeria\/wp-content\/uploads\/sites\/3\/2023\/03\/AJE-FEMENINO-MJ-FLORES-9.3-73.jpg\",\"contentUrl\":\"https:\/\/ajeandalucia.org\/almeria\/wp-content\/uploads\/sites\/3\/2023\/03\/AJE-FEMENINO-MJ-FLORES-9.3-73.jpg\",\"width\":3000,\"height\":2000},{\"@type\":\"BreadcrumbList\",\"@id\":\"https:\/\/ajeandalucia.org\/almeria\/2023\/03\/30\/aje-en-femenino-celebra-su-quinta-edicion-con-ma-jose-flores-gerente-del-grupo-vera-import\/#breadcrumb\",\"itemListElement\":[{\"@type\":\"ListItem\",\"position\":1,\"name\":\"Portada\",\"item\":\"https:\/\/ajeandalucia.org\/almeria\/\"},{\"@type\":\"ListItem\",\"position\":2,\"name\":\"\u2018AJE en Femenino\u2019 celebra su quinta edici\u00f3n con M\u00aa Jos\u00e9 Flores, gerente del Grupo Vera Import\"}]},{\"@type\":\"WebSite\",\"@id\":\"https:\/\/ajeandalucia.org\/almeria\/#website\",\"url\":\"https:\/\/ajeandalucia.org\/almeria\/\",\"name\":\"AJE Almer\u00eda\",\"description\":\"Otro sitio m\u00e1s de AJE Andaluc\u00eda\",\"publisher\":{\"@id\":\"https:\/\/ajeandalucia.org\/almeria\/#organization\"},\"potentialAction\":[{\"@type\":\"SearchAction\",\"target\":{\"@type\":\"EntryPoint\",\"urlTemplate\":\"https:\/\/ajeandalucia.org\/almeria\/?s={search_term_string}\"},\"query-input\":{\"@type\":\"PropertyValueSpecification\",\"valueRequired\":true,\"valueName\":\"search_term_string\"}}],\"inLanguage\":\"es\"},{\"@type\":\"Organization\",\"@id\":\"https:\/\/ajeandalucia.org\/almeria\/#organization\",\"name\":\"AJE Almer\u00eda\",\"url\":\"https:\/\/ajeandalucia.org\/almeria\/\",\"logo\":{\"@type\":\"ImageObject\",\"inLanguage\":\"es\",\"@id\":\"https:\/\/ajeandalucia.org\/almeria\/#\/schema\/logo\/image\/\",\"url\":\"https:\/\/ajeandalucia.org\/almeria\/wp-content\/uploads\/sites\/3\/2025\/01\/AJE-ALMERIA-horizontal.png\",\"contentUrl\":\"https:\/\/ajeandalucia.org\/almeria\/wp-content\/uploads\/sites\/3\/2025\/01\/AJE-ALMERIA-horizontal.png\",\"width\":605,\"height\":200,\"caption\":\"AJE Almer\u00eda\"},\"image\":{\"@id\":\"https:\/\/ajeandalucia.org\/almeria\/#\/schema\/logo\/image\/\"}},{\"@type\":\"Person\",\"@id\":\"https:\/\/ajeandalucia.org\/almeria\/#\/schema\/person\/9336ac50bc8c90053f6bf3b99e5c7d7b\",\"name\":\"almeria\",\"image\":{\"@type\":\"ImageObject\",\"inLanguage\":\"es\",\"@id\":\"https:\/\/ajeandalucia.org\/almeria\/#\/schema\/person\/image\/\",\"url\":\"https:\/\/secure.gravatar.com\/avatar\/f5b6b7d37a8f964bd96d1a7752fc3160bb98a16a08fda2bb6fb3a80845dae5d6?s=96&d=mm&r=g\",\"contentUrl\":\"https:\/\/secure.gravatar.com\/avatar\/f5b6b7d37a8f964bd96d1a7752fc3160bb98a16a08fda2bb6fb3a80845dae5d6?s=96&d=mm&r=g\",\"caption\":\"almeria\"},\"sameAs\":[\"http:\/\/www.ajealmeria.org\/\"],\"url\":\"https:\/\/ajeandalucia.org\/almeria\/author\/almeria\/\"}]}<\/script>\n<!-- \/ Yoast SEO plugin. -->","yoast_head_json":{"title":"\u2018AJE en Femenino\u2019 celebra su quinta edici\u00f3n con M\u00aa Jos\u00e9 Flores, gerente del Grupo Vera Import - AJE Almer\u00eda","robots":{"index":"index","follow":"follow","max-snippet":"max-snippet:-1","max-image-preview":"max-image-preview:large","max-video-preview":"max-video-preview:-1"},"canonical":"https:\/\/ajeandalucia.org\/almeria\/2023\/03\/30\/aje-en-femenino-celebra-su-quinta-edicion-con-ma-jose-flores-gerente-del-grupo-vera-import\/","og_locale":"es_ES","og_type":"article","og_title":"\u2018AJE en Femenino\u2019 celebra su quinta edici\u00f3n con M\u00aa Jos\u00e9 Flores, gerente del Grupo Vera Import - AJE Almer\u00eda","og_description":"La Asociaci\u00f3n de J\u00f3venes Empresarios de Almer\u00eda organiza la jornada \u2018AJE\u00a0en Femenino\u2019 que pone en valor el talento de la [&hellip;]","og_url":"https:\/\/ajeandalucia.org\/almeria\/2023\/03\/30\/aje-en-femenino-celebra-su-quinta-edicion-con-ma-jose-flores-gerente-del-grupo-vera-import\/","og_site_name":"AJE Almer\u00eda","article_published_time":"2023-03-30T09:08:37+00:00","article_modified_time":"2023-03-30T09:18:23+00:00","og_image":[{"width":3000,"height":2000,"url":"https:\/\/ajeandalucia.org\/almeria\/wp-content\/uploads\/sites\/3\/2023\/03\/AJE-FEMENINO-MJ-FLORES-9.3-73.jpg","type":"image\/jpeg"}],"author":"almeria","twitter_card":"summary_large_image","twitter_misc":{"Escrito por":"almeria","Tiempo de lectura":"2 minutos"},"schema":{"@context":"https:\/\/schema.org","@graph":[{"@type":"Article","@id":"https:\/\/ajeandalucia.org\/almeria\/2023\/03\/30\/aje-en-femenino-celebra-su-quinta-edicion-con-ma-jose-flores-gerente-del-grupo-vera-import\/#article","isPartOf":{"@id":"https:\/\/ajeandalucia.org\/almeria\/2023\/03\/30\/aje-en-femenino-celebra-su-quinta-edicion-con-ma-jose-flores-gerente-del-grupo-vera-import\/"},"author":{"name":"almeria","@id":"https:\/\/ajeandalucia.org\/almeria\/#\/schema\/person\/9336ac50bc8c90053f6bf3b99e5c7d7b"},"headline":"\u2018AJE en Femenino\u2019 celebra su quinta edici\u00f3n con M\u00aa Jos\u00e9 Flores, gerente del Grupo Vera Import","datePublished":"2023-03-30T09:08:37+00:00","dateModified":"2023-03-30T09:18:23+00:00","mainEntityOfPage":{"@id":"https:\/\/ajeandalucia.org\/almeria\/2023\/03\/30\/aje-en-femenino-celebra-su-quinta-edicion-con-ma-jose-flores-gerente-del-grupo-vera-import\/"},"wordCount":421,"commentCount":0,"publisher":{"@id":"https:\/\/ajeandalucia.org\/almeria\/#organization"},"image":{"@id":"https:\/\/ajeandalucia.org\/almeria\/2023\/03\/30\/aje-en-femenino-celebra-su-quinta-edicion-con-ma-jose-flores-gerente-del-grupo-vera-import\/#primaryimage"},"thumbnailUrl":"https:\/\/ajeandalucia.org\/almeria\/wp-content\/uploads\/sites\/3\/2023\/03\/AJE-FEMENINO-MJ-FLORES-9.3-73.jpg","articleSection":["Noticias"],"inLanguage":"es","potentialAction":[{"@type":"CommentAction","name":"Comment","target":["https:\/\/ajeandalucia.org\/almeria\/2023\/03\/30\/aje-en-femenino-celebra-su-quinta-edicion-con-ma-jose-flores-gerente-del-grupo-vera-import\/#respond"]}]},{"@type":"WebPage","@id":"https:\/\/ajeandalucia.org\/almeria\/2023\/03\/30\/aje-en-femenino-celebra-su-quinta-edicion-con-ma-jose-flores-gerente-del-grupo-vera-import\/","url":"https:\/\/ajeandalucia.org\/almeria\/2023\/03\/30\/aje-en-femenino-celebra-su-quinta-edicion-con-ma-jose-flores-gerente-del-grupo-vera-import\/","name":"\u2018AJE en Femenino\u2019 celebra su quinta edici\u00f3n con M\u00aa Jos\u00e9 Flores, gerente del Grupo Vera Import - AJE Almer\u00eda","isPartOf":{"@id":"https:\/\/ajeandalucia.org\/almeria\/#website"},"primaryImageOfPage":{"@id":"https:\/\/ajeandalucia.org\/almeria\/2023\/03\/30\/aje-en-femenino-celebra-su-quinta-edicion-con-ma-jose-flores-gerente-del-grupo-vera-import\/#primaryimage"},"image":{"@id":"https:\/\/ajeandalucia.org\/almeria\/2023\/03\/30\/aje-en-femenino-celebra-su-quinta-edicion-con-ma-jose-flores-gerente-del-grupo-vera-import\/#primaryimage"},"thumbnailUrl":"https:\/\/ajeandalucia.org\/almeria\/wp-content\/uploads\/sites\/3\/2023\/03\/AJE-FEMENINO-MJ-FLORES-9.3-73.jpg","datePublished":"2023-03-30T09:08:37+00:00","dateModified":"2023-03-30T09:18:23+00:00","breadcrumb":{"@id":"https:\/\/ajeandalucia.org\/almeria\/2023\/03\/30\/aje-en-femenino-celebra-su-quinta-edicion-con-ma-jose-flores-gerente-del-grupo-vera-import\/#breadcrumb"},"inLanguage":"es","potentialAction":[{"@type":"ReadAction","target":["https:\/\/ajeandalucia.org\/almeria\/2023\/03\/30\/aje-en-femenino-celebra-su-quinta-edicion-con-ma-jose-flores-gerente-del-grupo-vera-import\/"]}]},{"@type":"ImageObject","inLanguage":"es","@id":"https:\/\/ajeandalucia.org\/almeria\/2023\/03\/30\/aje-en-femenino-celebra-su-quinta-edicion-con-ma-jose-flores-gerente-del-grupo-vera-import\/#primaryimage","url":"https:\/\/ajeandalucia.org\/almeria\/wp-content\/uploads\/sites\/3\/2023\/03\/AJE-FEMENINO-MJ-FLORES-9.3-73.jpg","contentUrl":"https:\/\/ajeandalucia.org\/almeria\/wp-content\/uploads\/sites\/3\/2023\/03\/AJE-FEMENINO-MJ-FLORES-9.3-73.jpg","width":3000,"height":2000},{"@type":"BreadcrumbList","@id":"https:\/\/ajeandalucia.org\/almeria\/2023\/03\/30\/aje-en-femenino-celebra-su-quinta-edicion-con-ma-jose-flores-gerente-del-grupo-vera-import\/#breadcrumb","itemListElement":[{"@type":"ListItem","position":1,"name":"Portada","item":"https:\/\/ajeandalucia.org\/almeria\/"},{"@type":"ListItem","position":2,"name":"\u2018AJE en Femenino\u2019 celebra su quinta edici\u00f3n con M\u00aa Jos\u00e9 Flores, gerente del Grupo Vera Import"}]},{"@type":"WebSite","@id":"https:\/\/ajeandalucia.org\/almeria\/#website","url":"https:\/\/ajeandalucia.org\/almeria\/","name":"AJE Almer\u00eda","description":"Otro sitio m\u00e1s de AJE Andaluc\u00eda","publisher":{"@id":"https:\/\/ajeandalucia.org\/almeria\/#organization"},"potentialAction":[{"@type":"SearchAction","target":{"@type":"EntryPoint","urlTemplate":"https:\/\/ajeandalucia.org\/almeria\/?s={search_term_string}"},"query-input":{"@type":"PropertyValueSpecification","valueRequired":true,"valueName":"search_term_string"}}],"inLanguage":"es"},{"@type":"Organization","@id":"https:\/\/ajeandalucia.org\/almeria\/#organization","name":"AJE Almer\u00eda","url":"https:\/\/ajeandalucia.org\/almeria\/","logo":{"@type":"ImageObject","inLanguage":"es","@id":"https:\/\/ajeandalucia.org\/almeria\/#\/schema\/logo\/image\/","url":"https:\/\/ajeandalucia.org\/almeria\/wp-content\/uploads\/sites\/3\/2025\/01\/AJE-ALMERIA-horizontal.png","contentUrl":"https:\/\/ajeandalucia.org\/almeria\/wp-content\/uploads\/sites\/3\/2025\/01\/AJE-ALMERIA-horizontal.png","width":605,"height":200,"caption":"AJE Almer\u00eda"},"image":{"@id":"https:\/\/ajeandalucia.org\/almeria\/#\/schema\/logo\/image\/"}},{"@type":"Person","@id":"https:\/\/ajeandalucia.org\/almeria\/#\/schema\/person\/9336ac50bc8c90053f6bf3b99e5c7d7b","name":"almeria","image":{"@type":"ImageObject","inLanguage":"es","@id":"https:\/\/ajeandalucia.org\/almeria\/#\/schema\/person\/image\/","url":"https:\/\/secure.gravatar.com\/avatar\/f5b6b7d37a8f964bd96d1a7752fc3160bb98a16a08fda2bb6fb3a80845dae5d6?s=96&d=mm&r=g","contentUrl":"https:\/\/secure.gravatar.com\/avatar\/f5b6b7d37a8f964bd96d1a7752fc3160bb98a16a08fda2bb6fb3a80845dae5d6?s=96&d=mm&r=g","caption":"almeria"},"sameAs":["http:\/\/www.ajealmeria.org\/"],"url":"https:\/\/ajeandalucia.org\/almeria\/author\/almeria\/"}]}},"_links":{"self":[{"href":"https:\/\/ajeandalucia.org\/almeria\/wp-json\/wp\/v2\/posts\/2975","targetHints":{"allow":["GET"]}}],"collection":[{"href":"https:\/\/ajeandalucia.org\/almeria\/wp-json\/wp\/v2\/posts"}],"about":[{"href":"https:\/\/ajeandalucia.org\/almeria\/wp-json\/wp\/v2\/types\/post"}],"author":[{"embeddable":true,"href":"https:\/\/ajeandalucia.org\/almeria\/wp-json\/wp\/v2\/users\/3"}],"replies":[{"embeddable":true,"href":"https:\/\/ajeandalucia.org\/almeria\/wp-json\/wp\/v2\/comments?post=2975"}],"version-history":[{"count":4,"href":"https:\/\/ajeandalucia.org\/almeria\/wp-json\/wp\/v2\/posts\/2975\/revisions"}],"predecessor-version":[{"id":2983,"href":"https:\/\/ajeandalucia.org\/almeria\/wp-json\/wp\/v2\/posts\/2975\/revisions\/2983"}],"wp:featuredmedia":[{"embeddable":true,"href":"https:\/\/ajeandalucia.org\/almeria\/wp-json\/wp\/v2\/media\/2976"}],"wp:attachment":[{"href":"https:\/\/ajeandalucia.org\/almeria\/wp-json\/wp\/v2\/media?parent=2975"}],"wp:term":[{"taxonomy":"category","embeddable":true,"href":"https:\/\/ajeandalucia.org\/almeria\/wp-json\/wp\/v2\/categories?post=2975"},{"taxonomy":"post_tag","embeddable":true,"href":"https:\/\/ajeandalucia.org\/almeria\/wp-json\/wp\/v2\/tags?post=2975"}],"curies":[{"name":"wp","href":"https:\/\/api.w.org\/{rel}","templated":true}]}}