{"id":3528,"date":"2024-04-12T10:45:49","date_gmt":"2024-04-12T10:45:49","guid":{"rendered":"https:\/\/www.ajeandalucia.org\/almeria\/?p=3528"},"modified":"2024-04-15T11:09:36","modified_gmt":"2024-04-15T11:09:36","slug":"aje-almeria-realiza-un-negocio-a-la-carta-en-honor-el-nuevo-rector-de-la-universidad-de-almeria","status":"publish","type":"post","link":"https:\/\/ajeandalucia.org\/almeria\/2024\/04\/12\/aje-almeria-realiza-un-negocio-a-la-carta-en-honor-el-nuevo-rector-de-la-universidad-de-almeria\/","title":{"rendered":"AJE Almer\u00eda realiza un Negocio a la carta en honor el nuevo Rector de la Universidad de Almer\u00eda"},"content":{"rendered":"<p>El pasado 11 de abril, el Restaurante La Jabega se convirti\u00f3 en el escenario de un encuentro entre la comunidad empresarial de Almer\u00eda. A las 14:30 horas, distinguidos invitados se reunieron en este emblem\u00e1tico lugar para dar la bienvenida al nuevo Rector de la Universidad de Almer\u00eda, el Dr. Jos\u00e9 Joaqu\u00edn C\u00e9spedes.<\/p>\n<p>El Dr. Jos\u00e9 J. C\u00e9spedes, quien recientemente asumi\u00f3 el cargo de Rector, es una figura reconocida en el \u00e1mbito acad\u00e9mico y profesional. Graduado en Ciencias Econ\u00f3micas y Empresariales por la Universidad de Valencia en 1991, y Doctor en Ciencias Econ\u00f3micas y Empresariales por la Universidad Nacional de Educaci\u00f3n a Distancia en 1995, el Dr. C\u00e9spedes Lorente cuenta con una amplia trayectoria como Catedr\u00e1tico de Organizaci\u00f3n de Empresas desde el a\u00f1o 2001.La comida estuvo organizada por la Asociaci\u00f3n de J\u00f3venes Empresarios de Almer\u00eda (AJE Almer\u00eda), una entidad comprometida con el fomento del emprendimiento y el desarrollo empresarial en la regi\u00f3n. La iniciativa buscaba establecer un espacio de di\u00e1logo y colaboraci\u00f3n entre el \u00e1mbito acad\u00e9mico y el sector empresarial, promoviendo sinergias que impulsen el crecimiento econ\u00f3mico y la innovaci\u00f3n en Almer\u00eda.<\/p>\n<p><img loading=\"lazy\" decoding=\"async\" class=\"alignnone size-medium wp-image-3530\" src=\"https:\/\/www.ajeandalucia.org\/almeria\/wp-content\/uploads\/sites\/3\/2024\/04\/IMG-20240411-WA0014-225x300.jpg\" alt=\"\" width=\"225\" height=\"300\" srcset=\"https:\/\/ajeandalucia.org\/almeria\/wp-content\/uploads\/sites\/3\/2024\/04\/IMG-20240411-WA0014-225x300.jpg 225w, https:\/\/ajeandalucia.org\/almeria\/wp-content\/uploads\/sites\/3\/2024\/04\/IMG-20240411-WA0014-768x1024.jpg 768w, https:\/\/ajeandalucia.org\/almeria\/wp-content\/uploads\/sites\/3\/2024\/04\/IMG-20240411-WA0014.jpg 1200w\" sizes=\"auto, (max-width: 225px) 100vw, 225px\" \/><img loading=\"lazy\" decoding=\"async\" class=\"alignnone size-medium wp-image-3532\" src=\"https:\/\/www.ajeandalucia.org\/almeria\/wp-content\/uploads\/sites\/3\/2024\/04\/IMG-20240411-WA0011-225x300.jpg\" alt=\"\" width=\"225\" height=\"300\" srcset=\"https:\/\/ajeandalucia.org\/almeria\/wp-content\/uploads\/sites\/3\/2024\/04\/IMG-20240411-WA0011-225x300.jpg 225w, https:\/\/ajeandalucia.org\/almeria\/wp-content\/uploads\/sites\/3\/2024\/04\/IMG-20240411-WA0011-768x1024.jpg 768w, https:\/\/ajeandalucia.org\/almeria\/wp-content\/uploads\/sites\/3\/2024\/04\/IMG-20240411-WA0011.jpg 1200w\" sizes=\"auto, (max-width: 225px) 100vw, 225px\" \/><\/p>\n<p>Durante el almuerzo, los asistentes tuvieron la oportunidad de conocer m\u00e1s de cerca al Dr. C\u00e9spedes y compartir ideas sobre el papel de la educaci\u00f3n superior en el desarrollo econ\u00f3mico y social de la regi\u00f3n. El ambiente distendido y cordial propici\u00f3 un intercambio enriquecedor de experiencias y perspectivas entre acad\u00e9micos, l\u00edderes empresariales y j\u00f3venes emprendedores.<\/p>\n<p><img loading=\"lazy\" decoding=\"async\" class=\"alignnone size-medium wp-image-3531\" src=\"https:\/\/www.ajeandalucia.org\/almeria\/wp-content\/uploads\/sites\/3\/2024\/04\/WhatsApp-Image-2024-04-11-at-17.45.49-300x225.jpeg\" alt=\"\" width=\"300\" height=\"225\" srcset=\"https:\/\/ajeandalucia.org\/almeria\/wp-content\/uploads\/sites\/3\/2024\/04\/WhatsApp-Image-2024-04-11-at-17.45.49-300x225.jpeg 300w, https:\/\/ajeandalucia.org\/almeria\/wp-content\/uploads\/sites\/3\/2024\/04\/WhatsApp-Image-2024-04-11-at-17.45.49-768x576.jpeg 768w, https:\/\/ajeandalucia.org\/almeria\/wp-content\/uploads\/sites\/3\/2024\/04\/WhatsApp-Image-2024-04-11-at-17.45.49-1024x768.jpeg 1024w, https:\/\/ajeandalucia.org\/almeria\/wp-content\/uploads\/sites\/3\/2024\/04\/WhatsApp-Image-2024-04-11-at-17.45.49.jpeg 1600w\" sizes=\"auto, (max-width: 300px) 100vw, 300px\" \/><\/p>\n","protected":false},"excerpt":{"rendered":"<p>El pasado 11 de abril, el Restaurante La Jabega se convirti\u00f3 en el escenario de un encuentro entre la comunidad [&hellip;]<\/p>\n","protected":false},"author":3,"featured_media":3529,"comment_status":"open","ping_status":"open","sticky":false,"template":"","format":"standard","meta":{"_acf_changed":false,"site-sidebar-layout":"default","site-content-layout":"","ast-site-content-layout":"default","site-content-style":"default","site-sidebar-style":"default","ast-global-header-display":"","ast-banner-title-visibility":"","ast-main-header-display":"","ast-hfb-above-header-display":"","ast-hfb-below-header-display":"","ast-hfb-mobile-header-display":"","site-post-title":"","ast-breadcrumbs-content":"","ast-featured-img":"","footer-sml-layout":"","ast-disable-related-posts":"","theme-transparent-header-meta":"","adv-header-id-meta":"","stick-header-meta":"","header-above-stick-meta":"","header-main-stick-meta":"","header-below-stick-meta":"","astra-migrate-meta-layouts":"default","ast-page-background-enabled":"default","ast-page-background-meta":{"desktop":{"background-color":"var(--ast-global-color-5)","background-image":"","background-repeat":"repeat","background-position":"center center","background-size":"auto","background-attachment":"scroll","background-type":"","background-media":"","overlay-type":"","overlay-color":"","overlay-opacity":"","overlay-gradient":""},"tablet":{"background-color":"","background-image":"","background-repeat":"repeat","background-position":"center center","background-size":"auto","background-attachment":"scroll","background-type":"","background-media":"","overlay-type":"","overlay-color":"","overlay-opacity":"","overlay-gradient":""},"mobile":{"background-color":"","background-image":"","background-repeat":"repeat","background-position":"center center","background-size":"auto","background-attachment":"scroll","background-type":"","background-media":"","overlay-type":"","overlay-color":"","overlay-opacity":"","overlay-gradient":""}},"ast-content-background-meta":{"desktop":{"background-color":"var(--ast-global-color-4)","background-image":"","background-repeat":"repeat","background-position":"center center","background-size":"auto","background-attachment":"scroll","background-type":"","background-media":"","overlay-type":"","overlay-color":"","overlay-opacity":"","overlay-gradient":""},"tablet":{"background-color":"var(--ast-global-color-4)","background-image":"","background-repeat":"repeat","background-position":"center center","background-size":"auto","background-attachment":"scroll","background-type":"","background-media":"","overlay-type":"","overlay-color":"","overlay-opacity":"","overlay-gradient":""},"mobile":{"background-color":"var(--ast-global-color-4)","background-image":"","background-repeat":"repeat","background-position":"center center","background-size":"auto","background-attachment":"scroll","background-type":"","background-media":"","overlay-type":"","overlay-color":"","overlay-opacity":"","overlay-gradient":""}},"footnotes":""},"categories":[8],"tags":[],"class_list":["post-3528","post","type-post","status-publish","format-standard","has-post-thumbnail","hentry","category-noticias"],"acf":[],"yoast_head":"<!-- This site is optimized with the Yoast SEO plugin v26.9 - https:\/\/yoast.com\/product\/yoast-seo-wordpress\/ -->\n<title>AJE Almer\u00eda realiza un Negocio a la carta en honor el nuevo Rector de la Universidad de Almer\u00eda - AJE Almer\u00eda<\/title>\n<meta name=\"robots\" content=\"index, follow, max-snippet:-1, max-image-preview:large, max-video-preview:-1\" \/>\n<link rel=\"canonical\" href=\"https:\/\/ajeandalucia.org\/almeria\/2024\/04\/12\/aje-almeria-realiza-un-negocio-a-la-carta-en-honor-el-nuevo-rector-de-la-universidad-de-almeria\/\" \/>\n<meta property=\"og:locale\" content=\"es_ES\" \/>\n<meta property=\"og:type\" content=\"article\" \/>\n<meta property=\"og:title\" content=\"AJE Almer\u00eda realiza un Negocio a la carta en honor el nuevo Rector de la Universidad de Almer\u00eda - AJE Almer\u00eda\" \/>\n<meta property=\"og:description\" content=\"El pasado 11 de abril, el Restaurante La Jabega se convirti\u00f3 en el escenario de un encuentro entre la comunidad [&hellip;]\" \/>\n<meta property=\"og:url\" content=\"https:\/\/ajeandalucia.org\/almeria\/2024\/04\/12\/aje-almeria-realiza-un-negocio-a-la-carta-en-honor-el-nuevo-rector-de-la-universidad-de-almeria\/\" \/>\n<meta property=\"og:site_name\" content=\"AJE Almer\u00eda\" \/>\n<meta property=\"article:published_time\" content=\"2024-04-12T10:45:49+00:00\" \/>\n<meta property=\"article:modified_time\" content=\"2024-04-15T11:09:36+00:00\" \/>\n<meta property=\"og:image\" content=\"https:\/\/ajeandalucia.org\/almeria\/wp-content\/uploads\/sites\/3\/2024\/04\/IMG-20240415-WA0085.jpg\" \/>\n\t<meta property=\"og:image:width\" content=\"1600\" \/>\n\t<meta property=\"og:image:height\" content=\"1200\" \/>\n\t<meta property=\"og:image:type\" content=\"image\/jpeg\" \/>\n<meta name=\"author\" content=\"almeria\" \/>\n<meta name=\"twitter:card\" content=\"summary_large_image\" \/>\n<meta name=\"twitter:label1\" content=\"Escrito por\" \/>\n\t<meta name=\"twitter:data1\" content=\"almeria\" \/>\n\t<meta name=\"twitter:label2\" content=\"Tiempo de lectura\" \/>\n\t<meta name=\"twitter:data2\" content=\"1 minuto\" \/>\n<script type=\"application\/ld+json\" class=\"yoast-schema-graph\">{\"@context\":\"https:\/\/schema.org\",\"@graph\":[{\"@type\":\"Article\",\"@id\":\"https:\/\/ajeandalucia.org\/almeria\/2024\/04\/12\/aje-almeria-realiza-un-negocio-a-la-carta-en-honor-el-nuevo-rector-de-la-universidad-de-almeria\/#article\",\"isPartOf\":{\"@id\":\"https:\/\/ajeandalucia.org\/almeria\/2024\/04\/12\/aje-almeria-realiza-un-negocio-a-la-carta-en-honor-el-nuevo-rector-de-la-universidad-de-almeria\/\"},\"author\":{\"name\":\"almeria\",\"@id\":\"https:\/\/ajeandalucia.org\/almeria\/#\/schema\/person\/9336ac50bc8c90053f6bf3b99e5c7d7b\"},\"headline\":\"AJE Almer\u00eda realiza un Negocio a la carta en honor el nuevo Rector de la Universidad de Almer\u00eda\",\"datePublished\":\"2024-04-12T10:45:49+00:00\",\"dateModified\":\"2024-04-15T11:09:36+00:00\",\"mainEntityOfPage\":{\"@id\":\"https:\/\/ajeandalucia.org\/almeria\/2024\/04\/12\/aje-almeria-realiza-un-negocio-a-la-carta-en-honor-el-nuevo-rector-de-la-universidad-de-almeria\/\"},\"wordCount\":285,\"commentCount\":0,\"publisher\":{\"@id\":\"https:\/\/ajeandalucia.org\/almeria\/#organization\"},\"image\":{\"@id\":\"https:\/\/ajeandalucia.org\/almeria\/2024\/04\/12\/aje-almeria-realiza-un-negocio-a-la-carta-en-honor-el-nuevo-rector-de-la-universidad-de-almeria\/#primaryimage\"},\"thumbnailUrl\":\"https:\/\/ajeandalucia.org\/almeria\/wp-content\/uploads\/sites\/3\/2024\/04\/IMG-20240415-WA0085.jpg\",\"articleSection\":[\"Noticias\"],\"inLanguage\":\"es\",\"potentialAction\":[{\"@type\":\"CommentAction\",\"name\":\"Comment\",\"target\":[\"https:\/\/ajeandalucia.org\/almeria\/2024\/04\/12\/aje-almeria-realiza-un-negocio-a-la-carta-en-honor-el-nuevo-rector-de-la-universidad-de-almeria\/#respond\"]}]},{\"@type\":\"WebPage\",\"@id\":\"https:\/\/ajeandalucia.org\/almeria\/2024\/04\/12\/aje-almeria-realiza-un-negocio-a-la-carta-en-honor-el-nuevo-rector-de-la-universidad-de-almeria\/\",\"url\":\"https:\/\/ajeandalucia.org\/almeria\/2024\/04\/12\/aje-almeria-realiza-un-negocio-a-la-carta-en-honor-el-nuevo-rector-de-la-universidad-de-almeria\/\",\"name\":\"AJE Almer\u00eda realiza un Negocio a la carta en honor el nuevo Rector de la Universidad de Almer\u00eda - AJE Almer\u00eda\",\"isPartOf\":{\"@id\":\"https:\/\/ajeandalucia.org\/almeria\/#website\"},\"primaryImageOfPage\":{\"@id\":\"https:\/\/ajeandalucia.org\/almeria\/2024\/04\/12\/aje-almeria-realiza-un-negocio-a-la-carta-en-honor-el-nuevo-rector-de-la-universidad-de-almeria\/#primaryimage\"},\"image\":{\"@id\":\"https:\/\/ajeandalucia.org\/almeria\/2024\/04\/12\/aje-almeria-realiza-un-negocio-a-la-carta-en-honor-el-nuevo-rector-de-la-universidad-de-almeria\/#primaryimage\"},\"thumbnailUrl\":\"https:\/\/ajeandalucia.org\/almeria\/wp-content\/uploads\/sites\/3\/2024\/04\/IMG-20240415-WA0085.jpg\",\"datePublished\":\"2024-04-12T10:45:49+00:00\",\"dateModified\":\"2024-04-15T11:09:36+00:00\",\"breadcrumb\":{\"@id\":\"https:\/\/ajeandalucia.org\/almeria\/2024\/04\/12\/aje-almeria-realiza-un-negocio-a-la-carta-en-honor-el-nuevo-rector-de-la-universidad-de-almeria\/#breadcrumb\"},\"inLanguage\":\"es\",\"potentialAction\":[{\"@type\":\"ReadAction\",\"target\":[\"https:\/\/ajeandalucia.org\/almeria\/2024\/04\/12\/aje-almeria-realiza-un-negocio-a-la-carta-en-honor-el-nuevo-rector-de-la-universidad-de-almeria\/\"]}]},{\"@type\":\"ImageObject\",\"inLanguage\":\"es\",\"@id\":\"https:\/\/ajeandalucia.org\/almeria\/2024\/04\/12\/aje-almeria-realiza-un-negocio-a-la-carta-en-honor-el-nuevo-rector-de-la-universidad-de-almeria\/#primaryimage\",\"url\":\"https:\/\/ajeandalucia.org\/almeria\/wp-content\/uploads\/sites\/3\/2024\/04\/IMG-20240415-WA0085.jpg\",\"contentUrl\":\"https:\/\/ajeandalucia.org\/almeria\/wp-content\/uploads\/sites\/3\/2024\/04\/IMG-20240415-WA0085.jpg\",\"width\":1600,\"height\":1200},{\"@type\":\"BreadcrumbList\",\"@id\":\"https:\/\/ajeandalucia.org\/almeria\/2024\/04\/12\/aje-almeria-realiza-un-negocio-a-la-carta-en-honor-el-nuevo-rector-de-la-universidad-de-almeria\/#breadcrumb\",\"itemListElement\":[{\"@type\":\"ListItem\",\"position\":1,\"name\":\"Portada\",\"item\":\"https:\/\/ajeandalucia.org\/almeria\/\"},{\"@type\":\"ListItem\",\"position\":2,\"name\":\"AJE Almer\u00eda realiza un Negocio a la carta en honor el nuevo Rector de la Universidad de Almer\u00eda\"}]},{\"@type\":\"WebSite\",\"@id\":\"https:\/\/ajeandalucia.org\/almeria\/#website\",\"url\":\"https:\/\/ajeandalucia.org\/almeria\/\",\"name\":\"AJE Almer\u00eda\",\"description\":\"Otro sitio m\u00e1s de AJE Andaluc\u00eda\",\"publisher\":{\"@id\":\"https:\/\/ajeandalucia.org\/almeria\/#organization\"},\"potentialAction\":[{\"@type\":\"SearchAction\",\"target\":{\"@type\":\"EntryPoint\",\"urlTemplate\":\"https:\/\/ajeandalucia.org\/almeria\/?s={search_term_string}\"},\"query-input\":{\"@type\":\"PropertyValueSpecification\",\"valueRequired\":true,\"valueName\":\"search_term_string\"}}],\"inLanguage\":\"es\"},{\"@type\":\"Organization\",\"@id\":\"https:\/\/ajeandalucia.org\/almeria\/#organization\",\"name\":\"AJE Almer\u00eda\",\"url\":\"https:\/\/ajeandalucia.org\/almeria\/\",\"logo\":{\"@type\":\"ImageObject\",\"inLanguage\":\"es\",\"@id\":\"https:\/\/ajeandalucia.org\/almeria\/#\/schema\/logo\/image\/\",\"url\":\"https:\/\/ajeandalucia.org\/almeria\/wp-content\/uploads\/sites\/3\/2025\/01\/AJE-ALMERIA-horizontal.png\",\"contentUrl\":\"https:\/\/ajeandalucia.org\/almeria\/wp-content\/uploads\/sites\/3\/2025\/01\/AJE-ALMERIA-horizontal.png\",\"width\":605,\"height\":200,\"caption\":\"AJE Almer\u00eda\"},\"image\":{\"@id\":\"https:\/\/ajeandalucia.org\/almeria\/#\/schema\/logo\/image\/\"}},{\"@type\":\"Person\",\"@id\":\"https:\/\/ajeandalucia.org\/almeria\/#\/schema\/person\/9336ac50bc8c90053f6bf3b99e5c7d7b\",\"name\":\"almeria\",\"image\":{\"@type\":\"ImageObject\",\"inLanguage\":\"es\",\"@id\":\"https:\/\/ajeandalucia.org\/almeria\/#\/schema\/person\/image\/\",\"url\":\"https:\/\/secure.gravatar.com\/avatar\/f5b6b7d37a8f964bd96d1a7752fc3160bb98a16a08fda2bb6fb3a80845dae5d6?s=96&d=mm&r=g\",\"contentUrl\":\"https:\/\/secure.gravatar.com\/avatar\/f5b6b7d37a8f964bd96d1a7752fc3160bb98a16a08fda2bb6fb3a80845dae5d6?s=96&d=mm&r=g\",\"caption\":\"almeria\"},\"sameAs\":[\"http:\/\/www.ajealmeria.org\/\"],\"url\":\"https:\/\/ajeandalucia.org\/almeria\/author\/almeria\/\"}]}<\/script>\n<!-- \/ Yoast SEO plugin. -->","yoast_head_json":{"title":"AJE Almer\u00eda realiza un Negocio a la carta en honor el nuevo Rector de la Universidad de Almer\u00eda - AJE Almer\u00eda","robots":{"index":"index","follow":"follow","max-snippet":"max-snippet:-1","max-image-preview":"max-image-preview:large","max-video-preview":"max-video-preview:-1"},"canonical":"https:\/\/ajeandalucia.org\/almeria\/2024\/04\/12\/aje-almeria-realiza-un-negocio-a-la-carta-en-honor-el-nuevo-rector-de-la-universidad-de-almeria\/","og_locale":"es_ES","og_type":"article","og_title":"AJE Almer\u00eda realiza un Negocio a la carta en honor el nuevo Rector de la Universidad de Almer\u00eda - AJE Almer\u00eda","og_description":"El pasado 11 de abril, el Restaurante La Jabega se convirti\u00f3 en el escenario de un encuentro entre la comunidad [&hellip;]","og_url":"https:\/\/ajeandalucia.org\/almeria\/2024\/04\/12\/aje-almeria-realiza-un-negocio-a-la-carta-en-honor-el-nuevo-rector-de-la-universidad-de-almeria\/","og_site_name":"AJE Almer\u00eda","article_published_time":"2024-04-12T10:45:49+00:00","article_modified_time":"2024-04-15T11:09:36+00:00","og_image":[{"width":1600,"height":1200,"url":"https:\/\/ajeandalucia.org\/almeria\/wp-content\/uploads\/sites\/3\/2024\/04\/IMG-20240415-WA0085.jpg","type":"image\/jpeg"}],"author":"almeria","twitter_card":"summary_large_image","twitter_misc":{"Escrito por":"almeria","Tiempo de lectura":"1 minuto"},"schema":{"@context":"https:\/\/schema.org","@graph":[{"@type":"Article","@id":"https:\/\/ajeandalucia.org\/almeria\/2024\/04\/12\/aje-almeria-realiza-un-negocio-a-la-carta-en-honor-el-nuevo-rector-de-la-universidad-de-almeria\/#article","isPartOf":{"@id":"https:\/\/ajeandalucia.org\/almeria\/2024\/04\/12\/aje-almeria-realiza-un-negocio-a-la-carta-en-honor-el-nuevo-rector-de-la-universidad-de-almeria\/"},"author":{"name":"almeria","@id":"https:\/\/ajeandalucia.org\/almeria\/#\/schema\/person\/9336ac50bc8c90053f6bf3b99e5c7d7b"},"headline":"AJE Almer\u00eda realiza un Negocio a la carta en honor el nuevo Rector de la Universidad de Almer\u00eda","datePublished":"2024-04-12T10:45:49+00:00","dateModified":"2024-04-15T11:09:36+00:00","mainEntityOfPage":{"@id":"https:\/\/ajeandalucia.org\/almeria\/2024\/04\/12\/aje-almeria-realiza-un-negocio-a-la-carta-en-honor-el-nuevo-rector-de-la-universidad-de-almeria\/"},"wordCount":285,"commentCount":0,"publisher":{"@id":"https:\/\/ajeandalucia.org\/almeria\/#organization"},"image":{"@id":"https:\/\/ajeandalucia.org\/almeria\/2024\/04\/12\/aje-almeria-realiza-un-negocio-a-la-carta-en-honor-el-nuevo-rector-de-la-universidad-de-almeria\/#primaryimage"},"thumbnailUrl":"https:\/\/ajeandalucia.org\/almeria\/wp-content\/uploads\/sites\/3\/2024\/04\/IMG-20240415-WA0085.jpg","articleSection":["Noticias"],"inLanguage":"es","potentialAction":[{"@type":"CommentAction","name":"Comment","target":["https:\/\/ajeandalucia.org\/almeria\/2024\/04\/12\/aje-almeria-realiza-un-negocio-a-la-carta-en-honor-el-nuevo-rector-de-la-universidad-de-almeria\/#respond"]}]},{"@type":"WebPage","@id":"https:\/\/ajeandalucia.org\/almeria\/2024\/04\/12\/aje-almeria-realiza-un-negocio-a-la-carta-en-honor-el-nuevo-rector-de-la-universidad-de-almeria\/","url":"https:\/\/ajeandalucia.org\/almeria\/2024\/04\/12\/aje-almeria-realiza-un-negocio-a-la-carta-en-honor-el-nuevo-rector-de-la-universidad-de-almeria\/","name":"AJE Almer\u00eda realiza un Negocio a la carta en honor el nuevo Rector de la Universidad de Almer\u00eda - AJE Almer\u00eda","isPartOf":{"@id":"https:\/\/ajeandalucia.org\/almeria\/#website"},"primaryImageOfPage":{"@id":"https:\/\/ajeandalucia.org\/almeria\/2024\/04\/12\/aje-almeria-realiza-un-negocio-a-la-carta-en-honor-el-nuevo-rector-de-la-universidad-de-almeria\/#primaryimage"},"image":{"@id":"https:\/\/ajeandalucia.org\/almeria\/2024\/04\/12\/aje-almeria-realiza-un-negocio-a-la-carta-en-honor-el-nuevo-rector-de-la-universidad-de-almeria\/#primaryimage"},"thumbnailUrl":"https:\/\/ajeandalucia.org\/almeria\/wp-content\/uploads\/sites\/3\/2024\/04\/IMG-20240415-WA0085.jpg","datePublished":"2024-04-12T10:45:49+00:00","dateModified":"2024-04-15T11:09:36+00:00","breadcrumb":{"@id":"https:\/\/ajeandalucia.org\/almeria\/2024\/04\/12\/aje-almeria-realiza-un-negocio-a-la-carta-en-honor-el-nuevo-rector-de-la-universidad-de-almeria\/#breadcrumb"},"inLanguage":"es","potentialAction":[{"@type":"ReadAction","target":["https:\/\/ajeandalucia.org\/almeria\/2024\/04\/12\/aje-almeria-realiza-un-negocio-a-la-carta-en-honor-el-nuevo-rector-de-la-universidad-de-almeria\/"]}]},{"@type":"ImageObject","inLanguage":"es","@id":"https:\/\/ajeandalucia.org\/almeria\/2024\/04\/12\/aje-almeria-realiza-un-negocio-a-la-carta-en-honor-el-nuevo-rector-de-la-universidad-de-almeria\/#primaryimage","url":"https:\/\/ajeandalucia.org\/almeria\/wp-content\/uploads\/sites\/3\/2024\/04\/IMG-20240415-WA0085.jpg","contentUrl":"https:\/\/ajeandalucia.org\/almeria\/wp-content\/uploads\/sites\/3\/2024\/04\/IMG-20240415-WA0085.jpg","width":1600,"height":1200},{"@type":"BreadcrumbList","@id":"https:\/\/ajeandalucia.org\/almeria\/2024\/04\/12\/aje-almeria-realiza-un-negocio-a-la-carta-en-honor-el-nuevo-rector-de-la-universidad-de-almeria\/#breadcrumb","itemListElement":[{"@type":"ListItem","position":1,"name":"Portada","item":"https:\/\/ajeandalucia.org\/almeria\/"},{"@type":"ListItem","position":2,"name":"AJE Almer\u00eda realiza un Negocio a la carta en honor el nuevo Rector de la Universidad de Almer\u00eda"}]},{"@type":"WebSite","@id":"https:\/\/ajeandalucia.org\/almeria\/#website","url":"https:\/\/ajeandalucia.org\/almeria\/","name":"AJE Almer\u00eda","description":"Otro sitio m\u00e1s de AJE Andaluc\u00eda","publisher":{"@id":"https:\/\/ajeandalucia.org\/almeria\/#organization"},"potentialAction":[{"@type":"SearchAction","target":{"@type":"EntryPoint","urlTemplate":"https:\/\/ajeandalucia.org\/almeria\/?s={search_term_string}"},"query-input":{"@type":"PropertyValueSpecification","valueRequired":true,"valueName":"search_term_string"}}],"inLanguage":"es"},{"@type":"Organization","@id":"https:\/\/ajeandalucia.org\/almeria\/#organization","name":"AJE Almer\u00eda","url":"https:\/\/ajeandalucia.org\/almeria\/","logo":{"@type":"ImageObject","inLanguage":"es","@id":"https:\/\/ajeandalucia.org\/almeria\/#\/schema\/logo\/image\/","url":"https:\/\/ajeandalucia.org\/almeria\/wp-content\/uploads\/sites\/3\/2025\/01\/AJE-ALMERIA-horizontal.png","contentUrl":"https:\/\/ajeandalucia.org\/almeria\/wp-content\/uploads\/sites\/3\/2025\/01\/AJE-ALMERIA-horizontal.png","width":605,"height":200,"caption":"AJE Almer\u00eda"},"image":{"@id":"https:\/\/ajeandalucia.org\/almeria\/#\/schema\/logo\/image\/"}},{"@type":"Person","@id":"https:\/\/ajeandalucia.org\/almeria\/#\/schema\/person\/9336ac50bc8c90053f6bf3b99e5c7d7b","name":"almeria","image":{"@type":"ImageObject","inLanguage":"es","@id":"https:\/\/ajeandalucia.org\/almeria\/#\/schema\/person\/image\/","url":"https:\/\/secure.gravatar.com\/avatar\/f5b6b7d37a8f964bd96d1a7752fc3160bb98a16a08fda2bb6fb3a80845dae5d6?s=96&d=mm&r=g","contentUrl":"https:\/\/secure.gravatar.com\/avatar\/f5b6b7d37a8f964bd96d1a7752fc3160bb98a16a08fda2bb6fb3a80845dae5d6?s=96&d=mm&r=g","caption":"almeria"},"sameAs":["http:\/\/www.ajealmeria.org\/"],"url":"https:\/\/ajeandalucia.org\/almeria\/author\/almeria\/"}]}},"_links":{"self":[{"href":"https:\/\/ajeandalucia.org\/almeria\/wp-json\/wp\/v2\/posts\/3528","targetHints":{"allow":["GET"]}}],"collection":[{"href":"https:\/\/ajeandalucia.org\/almeria\/wp-json\/wp\/v2\/posts"}],"about":[{"href":"https:\/\/ajeandalucia.org\/almeria\/wp-json\/wp\/v2\/types\/post"}],"author":[{"embeddable":true,"href":"https:\/\/ajeandalucia.org\/almeria\/wp-json\/wp\/v2\/users\/3"}],"replies":[{"embeddable":true,"href":"https:\/\/ajeandalucia.org\/almeria\/wp-json\/wp\/v2\/comments?post=3528"}],"version-history":[{"count":3,"href":"https:\/\/ajeandalucia.org\/almeria\/wp-json\/wp\/v2\/posts\/3528\/revisions"}],"predecessor-version":[{"id":3535,"href":"https:\/\/ajeandalucia.org\/almeria\/wp-json\/wp\/v2\/posts\/3528\/revisions\/3535"}],"wp:featuredmedia":[{"embeddable":true,"href":"https:\/\/ajeandalucia.org\/almeria\/wp-json\/wp\/v2\/media\/3529"}],"wp:attachment":[{"href":"https:\/\/ajeandalucia.org\/almeria\/wp-json\/wp\/v2\/media?parent=3528"}],"wp:term":[{"taxonomy":"category","embeddable":true,"href":"https:\/\/ajeandalucia.org\/almeria\/wp-json\/wp\/v2\/categories?post=3528"},{"taxonomy":"post_tag","embeddable":true,"href":"https:\/\/ajeandalucia.org\/almeria\/wp-json\/wp\/v2\/tags?post=3528"}],"curies":[{"name":"wp","href":"https:\/\/api.w.org\/{rel}","templated":true}]}}