{"id":5347,"date":"2025-05-13T11:08:50","date_gmt":"2025-05-13T09:08:50","guid":{"rendered":"https:\/\/ajeandalucia.org\/almeria\/?p=5347"},"modified":"2025-05-13T11:08:50","modified_gmt":"2025-05-13T09:08:50","slug":"el-poder-de-la-palabra-en-el-mundo-empresarial-asi-fue-nuestro-tardeaje-con-nino-joya","status":"publish","type":"post","link":"https:\/\/ajeandalucia.org\/almeria\/2025\/05\/13\/el-poder-de-la-palabra-en-el-mundo-empresarial-asi-fue-nuestro-tardeaje-con-nino-joya\/","title":{"rendered":"El poder de la palabra en el mundo empresarial: as\u00ed fue nuestro TardeAJE con Nino Joya"},"content":{"rendered":"<p>El pasado <strong>10 de abril<\/strong>, desde AJE Almer\u00eda celebramos una nueva edici\u00f3n de nuestros <strong>encuentros TardeAJE<\/strong>, una propuesta formativa y experiencial que organizamos a lo largo del a\u00f1o para compartir conocimiento de valor en un ambiente cercano y participativo.<\/p>\n<p>En esta ocasi\u00f3n, nos acompa\u00f1\u00f3 <strong>Antonio \u201cNino\u201d Joya<\/strong>, consultor en habilidades de comunicaci\u00f3n, con una charla pr\u00e1ctica y motivadora sobre <strong>c\u00f3mo hablar en p\u00fablico en entornos empresariales<\/strong>.<\/p>\n<p>La sesi\u00f3n se celebr\u00f3 en <strong>La Cuarta Planta<\/strong>, en el centro de Almer\u00eda, y reuni\u00f3 a socios y emprendedores que aprendieron t\u00e9cnicas para dominar los nervios, lanzar mensajes efectivos y conectar con su audiencia en contextos empresariales reales.<\/p>\n<p>Con m\u00e1s de 20 a\u00f1os de experiencia en la OCU y como formador de empresas y profesionales, Nino ofreci\u00f3 claves \u00fatiles y ejercicios pr\u00e1cticos para mejorar nuestras habilidades comunicativas, todo ello en un entorno distendido, acompa\u00f1ado de un refresco.<\/p>\n<p>El evento fue posible gracias a la colaboraci\u00f3n de nuestros patrocinadores, diputaci\u00f3n de Almer\u00eda, Fundaci\u00f3n Fulgencio Meseguer y Cajamar Caja Rural<\/p>\n<p>Desde AJE Almer\u00eda agradecemos su constante apoyo al emprendimiento joven y su compromiso con el desarrollo empresarial de nuestra provincia.<\/p>\n<p><img loading=\"lazy\" decoding=\"async\" class=\"alignnone size-medium wp-image-5361\" src=\"https:\/\/ajeandalucia.org\/almeria\/wp-content\/uploads\/sites\/3\/2025\/05\/image00012-2-225x300.jpeg\" alt=\"\" width=\"225\" height=\"300\" srcset=\"https:\/\/ajeandalucia.org\/almeria\/wp-content\/uploads\/sites\/3\/2025\/05\/image00012-2-225x300.jpeg 225w, https:\/\/ajeandalucia.org\/almeria\/wp-content\/uploads\/sites\/3\/2025\/05\/image00012-2-768x1024.jpeg 768w, https:\/\/ajeandalucia.org\/almeria\/wp-content\/uploads\/sites\/3\/2025\/05\/image00012-2-300x400.jpeg 300w, https:\/\/ajeandalucia.org\/almeria\/wp-content\/uploads\/sites\/3\/2025\/05\/image00012-2-1152x1536.jpeg 1152w, https:\/\/ajeandalucia.org\/almeria\/wp-content\/uploads\/sites\/3\/2025\/05\/image00012-2-1536x2048.jpeg 1536w, https:\/\/ajeandalucia.org\/almeria\/wp-content\/uploads\/sites\/3\/2025\/05\/image00012-2-scaled.jpeg 1920w\" sizes=\"auto, (max-width: 225px) 100vw, 225px\" \/> <img loading=\"lazy\" decoding=\"async\" class=\"alignnone size-medium wp-image-5362\" src=\"https:\/\/ajeandalucia.org\/almeria\/wp-content\/uploads\/sites\/3\/2025\/05\/image00019-2-225x300.jpeg\" alt=\"\" width=\"225\" height=\"300\" srcset=\"https:\/\/ajeandalucia.org\/almeria\/wp-content\/uploads\/sites\/3\/2025\/05\/image00019-2-225x300.jpeg 225w, https:\/\/ajeandalucia.org\/almeria\/wp-content\/uploads\/sites\/3\/2025\/05\/image00019-2-768x1024.jpeg 768w, https:\/\/ajeandalucia.org\/almeria\/wp-content\/uploads\/sites\/3\/2025\/05\/image00019-2-300x400.jpeg 300w, https:\/\/ajeandalucia.org\/almeria\/wp-content\/uploads\/sites\/3\/2025\/05\/image00019-2-1152x1536.jpeg 1152w, https:\/\/ajeandalucia.org\/almeria\/wp-content\/uploads\/sites\/3\/2025\/05\/image00019-2-1536x2048.jpeg 1536w, https:\/\/ajeandalucia.org\/almeria\/wp-content\/uploads\/sites\/3\/2025\/05\/image00019-2-scaled.jpeg 1920w\" sizes=\"auto, (max-width: 225px) 100vw, 225px\" \/> <img loading=\"lazy\" decoding=\"async\" class=\"alignnone size-medium wp-image-5363\" src=\"https:\/\/ajeandalucia.org\/almeria\/wp-content\/uploads\/sites\/3\/2025\/05\/TARDEAJE-NINO-10ABRIL-1-240x300.png\" alt=\"\" width=\"240\" height=\"300\" srcset=\"https:\/\/ajeandalucia.org\/almeria\/wp-content\/uploads\/sites\/3\/2025\/05\/TARDEAJE-NINO-10ABRIL-1-240x300.png 240w, https:\/\/ajeandalucia.org\/almeria\/wp-content\/uploads\/sites\/3\/2025\/05\/TARDEAJE-NINO-10ABRIL-1-819x1024.png 819w, https:\/\/ajeandalucia.org\/almeria\/wp-content\/uploads\/sites\/3\/2025\/05\/TARDEAJE-NINO-10ABRIL-1-768x960.png 768w, https:\/\/ajeandalucia.org\/almeria\/wp-content\/uploads\/sites\/3\/2025\/05\/TARDEAJE-NINO-10ABRIL-1.png 1080w\" sizes=\"auto, (max-width: 240px) 100vw, 240px\" \/><\/p>\n","protected":false},"excerpt":{"rendered":"<p>El pasado 10 de abril, desde AJE Almer\u00eda celebramos una nueva edici\u00f3n de nuestros encuentros TardeAJE, una propuesta formativa y [&hellip;]<\/p>\n","protected":false},"author":3,"featured_media":5358,"comment_status":"closed","ping_status":"open","sticky":false,"template":"","format":"standard","meta":{"_acf_changed":false,"site-sidebar-layout":"default","site-content-layout":"","ast-site-content-layout":"default","site-content-style":"default","site-sidebar-style":"default","ast-global-header-display":"","ast-banner-title-visibility":"","ast-main-header-display":"","ast-hfb-above-header-display":"","ast-hfb-below-header-display":"","ast-hfb-mobile-header-display":"","site-post-title":"","ast-breadcrumbs-content":"","ast-featured-img":"","footer-sml-layout":"","ast-disable-related-posts":"","theme-transparent-header-meta":"default","adv-header-id-meta":"","stick-header-meta":"","header-above-stick-meta":"","header-main-stick-meta":"","header-below-stick-meta":"","astra-migrate-meta-layouts":"set","ast-page-background-enabled":"default","ast-page-background-meta":{"desktop":{"background-color":"var(--ast-global-color-5)","background-image":"","background-repeat":"repeat","background-position":"center center","background-size":"auto","background-attachment":"scroll","background-type":"","background-media":"","overlay-type":"","overlay-color":"","overlay-opacity":"","overlay-gradient":""},"tablet":{"background-color":"","background-image":"","background-repeat":"repeat","background-position":"center center","background-size":"auto","background-attachment":"scroll","background-type":"","background-media":"","overlay-type":"","overlay-color":"","overlay-opacity":"","overlay-gradient":""},"mobile":{"background-color":"","background-image":"","background-repeat":"repeat","background-position":"center center","background-size":"auto","background-attachment":"scroll","background-type":"","background-media":"","overlay-type":"","overlay-color":"","overlay-opacity":"","overlay-gradient":""}},"ast-content-background-meta":{"desktop":{"background-color":"var(--ast-global-color-4)","background-image":"","background-repeat":"repeat","background-position":"center center","background-size":"auto","background-attachment":"scroll","background-type":"","background-media":"","overlay-type":"","overlay-color":"","overlay-opacity":"","overlay-gradient":""},"tablet":{"background-color":"var(--ast-global-color-4)","background-image":"","background-repeat":"repeat","background-position":"center center","background-size":"auto","background-attachment":"scroll","background-type":"","background-media":"","overlay-type":"","overlay-color":"","overlay-opacity":"","overlay-gradient":""},"mobile":{"background-color":"var(--ast-global-color-4)","background-image":"","background-repeat":"repeat","background-position":"center center","background-size":"auto","background-attachment":"scroll","background-type":"","background-media":"","overlay-type":"","overlay-color":"","overlay-opacity":"","overlay-gradient":""}},"footnotes":""},"categories":[8],"tags":[],"class_list":["post-5347","post","type-post","status-publish","format-standard","has-post-thumbnail","hentry","category-noticias"],"acf":[],"yoast_head":"<!-- This site is optimized with the Yoast SEO plugin v26.9 - https:\/\/yoast.com\/product\/yoast-seo-wordpress\/ -->\n<title>El poder de la palabra en el mundo empresarial: as\u00ed fue nuestro TardeAJE con Nino Joya - AJE Almer\u00eda<\/title>\n<meta name=\"robots\" content=\"index, follow, max-snippet:-1, max-image-preview:large, max-video-preview:-1\" \/>\n<link rel=\"canonical\" href=\"https:\/\/ajeandalucia.org\/almeria\/2025\/05\/13\/el-poder-de-la-palabra-en-el-mundo-empresarial-asi-fue-nuestro-tardeaje-con-nino-joya\/\" \/>\n<meta property=\"og:locale\" content=\"es_ES\" \/>\n<meta property=\"og:type\" content=\"article\" \/>\n<meta property=\"og:title\" content=\"El poder de la palabra en el mundo empresarial: as\u00ed fue nuestro TardeAJE con Nino Joya - AJE Almer\u00eda\" \/>\n<meta property=\"og:description\" content=\"El pasado 10 de abril, desde AJE Almer\u00eda celebramos una nueva edici\u00f3n de nuestros encuentros TardeAJE, una propuesta formativa y [&hellip;]\" \/>\n<meta property=\"og:url\" content=\"https:\/\/ajeandalucia.org\/almeria\/2025\/05\/13\/el-poder-de-la-palabra-en-el-mundo-empresarial-asi-fue-nuestro-tardeaje-con-nino-joya\/\" \/>\n<meta property=\"og:site_name\" content=\"AJE Almer\u00eda\" \/>\n<meta property=\"article:published_time\" content=\"2025-05-13T09:08:50+00:00\" \/>\n<meta property=\"og:image\" content=\"https:\/\/ajeandalucia.org\/almeria\/wp-content\/uploads\/sites\/3\/2025\/05\/image00006-1-scaled.jpeg\" \/>\n\t<meta property=\"og:image:width\" content=\"2560\" \/>\n\t<meta property=\"og:image:height\" content=\"1920\" \/>\n\t<meta property=\"og:image:type\" content=\"image\/jpeg\" \/>\n<meta name=\"author\" content=\"almeria\" \/>\n<meta name=\"twitter:card\" content=\"summary_large_image\" \/>\n<meta name=\"twitter:label1\" content=\"Escrito por\" \/>\n\t<meta name=\"twitter:data1\" content=\"almeria\" \/>\n\t<meta name=\"twitter:label2\" content=\"Tiempo de lectura\" \/>\n\t<meta name=\"twitter:data2\" content=\"2 minutos\" \/>\n<script type=\"application\/ld+json\" class=\"yoast-schema-graph\">{\"@context\":\"https:\/\/schema.org\",\"@graph\":[{\"@type\":\"Article\",\"@id\":\"https:\/\/ajeandalucia.org\/almeria\/2025\/05\/13\/el-poder-de-la-palabra-en-el-mundo-empresarial-asi-fue-nuestro-tardeaje-con-nino-joya\/#article\",\"isPartOf\":{\"@id\":\"https:\/\/ajeandalucia.org\/almeria\/2025\/05\/13\/el-poder-de-la-palabra-en-el-mundo-empresarial-asi-fue-nuestro-tardeaje-con-nino-joya\/\"},\"author\":{\"name\":\"almeria\",\"@id\":\"https:\/\/ajeandalucia.org\/almeria\/#\/schema\/person\/9336ac50bc8c90053f6bf3b99e5c7d7b\"},\"headline\":\"El poder de la palabra en el mundo empresarial: as\u00ed fue nuestro TardeAJE con Nino Joya\",\"datePublished\":\"2025-05-13T09:08:50+00:00\",\"mainEntityOfPage\":{\"@id\":\"https:\/\/ajeandalucia.org\/almeria\/2025\/05\/13\/el-poder-de-la-palabra-en-el-mundo-empresarial-asi-fue-nuestro-tardeaje-con-nino-joya\/\"},\"wordCount\":218,\"publisher\":{\"@id\":\"https:\/\/ajeandalucia.org\/almeria\/#organization\"},\"image\":{\"@id\":\"https:\/\/ajeandalucia.org\/almeria\/2025\/05\/13\/el-poder-de-la-palabra-en-el-mundo-empresarial-asi-fue-nuestro-tardeaje-con-nino-joya\/#primaryimage\"},\"thumbnailUrl\":\"https:\/\/ajeandalucia.org\/almeria\/wp-content\/uploads\/sites\/3\/2025\/05\/image00006-1-scaled.jpeg\",\"articleSection\":[\"Noticias\"],\"inLanguage\":\"es\"},{\"@type\":\"WebPage\",\"@id\":\"https:\/\/ajeandalucia.org\/almeria\/2025\/05\/13\/el-poder-de-la-palabra-en-el-mundo-empresarial-asi-fue-nuestro-tardeaje-con-nino-joya\/\",\"url\":\"https:\/\/ajeandalucia.org\/almeria\/2025\/05\/13\/el-poder-de-la-palabra-en-el-mundo-empresarial-asi-fue-nuestro-tardeaje-con-nino-joya\/\",\"name\":\"El poder de la palabra en el mundo empresarial: as\u00ed fue nuestro TardeAJE con Nino Joya - AJE Almer\u00eda\",\"isPartOf\":{\"@id\":\"https:\/\/ajeandalucia.org\/almeria\/#website\"},\"primaryImageOfPage\":{\"@id\":\"https:\/\/ajeandalucia.org\/almeria\/2025\/05\/13\/el-poder-de-la-palabra-en-el-mundo-empresarial-asi-fue-nuestro-tardeaje-con-nino-joya\/#primaryimage\"},\"image\":{\"@id\":\"https:\/\/ajeandalucia.org\/almeria\/2025\/05\/13\/el-poder-de-la-palabra-en-el-mundo-empresarial-asi-fue-nuestro-tardeaje-con-nino-joya\/#primaryimage\"},\"thumbnailUrl\":\"https:\/\/ajeandalucia.org\/almeria\/wp-content\/uploads\/sites\/3\/2025\/05\/image00006-1-scaled.jpeg\",\"datePublished\":\"2025-05-13T09:08:50+00:00\",\"breadcrumb\":{\"@id\":\"https:\/\/ajeandalucia.org\/almeria\/2025\/05\/13\/el-poder-de-la-palabra-en-el-mundo-empresarial-asi-fue-nuestro-tardeaje-con-nino-joya\/#breadcrumb\"},\"inLanguage\":\"es\",\"potentialAction\":[{\"@type\":\"ReadAction\",\"target\":[\"https:\/\/ajeandalucia.org\/almeria\/2025\/05\/13\/el-poder-de-la-palabra-en-el-mundo-empresarial-asi-fue-nuestro-tardeaje-con-nino-joya\/\"]}]},{\"@type\":\"ImageObject\",\"inLanguage\":\"es\",\"@id\":\"https:\/\/ajeandalucia.org\/almeria\/2025\/05\/13\/el-poder-de-la-palabra-en-el-mundo-empresarial-asi-fue-nuestro-tardeaje-con-nino-joya\/#primaryimage\",\"url\":\"https:\/\/ajeandalucia.org\/almeria\/wp-content\/uploads\/sites\/3\/2025\/05\/image00006-1-scaled.jpeg\",\"contentUrl\":\"https:\/\/ajeandalucia.org\/almeria\/wp-content\/uploads\/sites\/3\/2025\/05\/image00006-1-scaled.jpeg\",\"width\":2560,\"height\":1920},{\"@type\":\"BreadcrumbList\",\"@id\":\"https:\/\/ajeandalucia.org\/almeria\/2025\/05\/13\/el-poder-de-la-palabra-en-el-mundo-empresarial-asi-fue-nuestro-tardeaje-con-nino-joya\/#breadcrumb\",\"itemListElement\":[{\"@type\":\"ListItem\",\"position\":1,\"name\":\"Portada\",\"item\":\"https:\/\/ajeandalucia.org\/almeria\/\"},{\"@type\":\"ListItem\",\"position\":2,\"name\":\"El poder de la palabra en el mundo empresarial: as\u00ed fue nuestro TardeAJE con Nino Joya\"}]},{\"@type\":\"WebSite\",\"@id\":\"https:\/\/ajeandalucia.org\/almeria\/#website\",\"url\":\"https:\/\/ajeandalucia.org\/almeria\/\",\"name\":\"AJE Almer\u00eda\",\"description\":\"Otro sitio m\u00e1s de AJE Andaluc\u00eda\",\"publisher\":{\"@id\":\"https:\/\/ajeandalucia.org\/almeria\/#organization\"},\"potentialAction\":[{\"@type\":\"SearchAction\",\"target\":{\"@type\":\"EntryPoint\",\"urlTemplate\":\"https:\/\/ajeandalucia.org\/almeria\/?s={search_term_string}\"},\"query-input\":{\"@type\":\"PropertyValueSpecification\",\"valueRequired\":true,\"valueName\":\"search_term_string\"}}],\"inLanguage\":\"es\"},{\"@type\":\"Organization\",\"@id\":\"https:\/\/ajeandalucia.org\/almeria\/#organization\",\"name\":\"AJE Almer\u00eda\",\"url\":\"https:\/\/ajeandalucia.org\/almeria\/\",\"logo\":{\"@type\":\"ImageObject\",\"inLanguage\":\"es\",\"@id\":\"https:\/\/ajeandalucia.org\/almeria\/#\/schema\/logo\/image\/\",\"url\":\"https:\/\/ajeandalucia.org\/almeria\/wp-content\/uploads\/sites\/3\/2025\/01\/AJE-ALMERIA-horizontal.png\",\"contentUrl\":\"https:\/\/ajeandalucia.org\/almeria\/wp-content\/uploads\/sites\/3\/2025\/01\/AJE-ALMERIA-horizontal.png\",\"width\":605,\"height\":200,\"caption\":\"AJE Almer\u00eda\"},\"image\":{\"@id\":\"https:\/\/ajeandalucia.org\/almeria\/#\/schema\/logo\/image\/\"}},{\"@type\":\"Person\",\"@id\":\"https:\/\/ajeandalucia.org\/almeria\/#\/schema\/person\/9336ac50bc8c90053f6bf3b99e5c7d7b\",\"name\":\"almeria\",\"image\":{\"@type\":\"ImageObject\",\"inLanguage\":\"es\",\"@id\":\"https:\/\/ajeandalucia.org\/almeria\/#\/schema\/person\/image\/\",\"url\":\"https:\/\/secure.gravatar.com\/avatar\/f5b6b7d37a8f964bd96d1a7752fc3160bb98a16a08fda2bb6fb3a80845dae5d6?s=96&d=mm&r=g\",\"contentUrl\":\"https:\/\/secure.gravatar.com\/avatar\/f5b6b7d37a8f964bd96d1a7752fc3160bb98a16a08fda2bb6fb3a80845dae5d6?s=96&d=mm&r=g\",\"caption\":\"almeria\"},\"sameAs\":[\"http:\/\/www.ajealmeria.org\/\"],\"url\":\"https:\/\/ajeandalucia.org\/almeria\/author\/almeria\/\"}]}<\/script>\n<!-- \/ Yoast SEO plugin. -->","yoast_head_json":{"title":"El poder de la palabra en el mundo empresarial: as\u00ed fue nuestro TardeAJE con Nino Joya - AJE Almer\u00eda","robots":{"index":"index","follow":"follow","max-snippet":"max-snippet:-1","max-image-preview":"max-image-preview:large","max-video-preview":"max-video-preview:-1"},"canonical":"https:\/\/ajeandalucia.org\/almeria\/2025\/05\/13\/el-poder-de-la-palabra-en-el-mundo-empresarial-asi-fue-nuestro-tardeaje-con-nino-joya\/","og_locale":"es_ES","og_type":"article","og_title":"El poder de la palabra en el mundo empresarial: as\u00ed fue nuestro TardeAJE con Nino Joya - AJE Almer\u00eda","og_description":"El pasado 10 de abril, desde AJE Almer\u00eda celebramos una nueva edici\u00f3n de nuestros encuentros TardeAJE, una propuesta formativa y [&hellip;]","og_url":"https:\/\/ajeandalucia.org\/almeria\/2025\/05\/13\/el-poder-de-la-palabra-en-el-mundo-empresarial-asi-fue-nuestro-tardeaje-con-nino-joya\/","og_site_name":"AJE Almer\u00eda","article_published_time":"2025-05-13T09:08:50+00:00","og_image":[{"width":2560,"height":1920,"url":"https:\/\/ajeandalucia.org\/almeria\/wp-content\/uploads\/sites\/3\/2025\/05\/image00006-1-scaled.jpeg","type":"image\/jpeg"}],"author":"almeria","twitter_card":"summary_large_image","twitter_misc":{"Escrito por":"almeria","Tiempo de lectura":"2 minutos"},"schema":{"@context":"https:\/\/schema.org","@graph":[{"@type":"Article","@id":"https:\/\/ajeandalucia.org\/almeria\/2025\/05\/13\/el-poder-de-la-palabra-en-el-mundo-empresarial-asi-fue-nuestro-tardeaje-con-nino-joya\/#article","isPartOf":{"@id":"https:\/\/ajeandalucia.org\/almeria\/2025\/05\/13\/el-poder-de-la-palabra-en-el-mundo-empresarial-asi-fue-nuestro-tardeaje-con-nino-joya\/"},"author":{"name":"almeria","@id":"https:\/\/ajeandalucia.org\/almeria\/#\/schema\/person\/9336ac50bc8c90053f6bf3b99e5c7d7b"},"headline":"El poder de la palabra en el mundo empresarial: as\u00ed fue nuestro TardeAJE con Nino Joya","datePublished":"2025-05-13T09:08:50+00:00","mainEntityOfPage":{"@id":"https:\/\/ajeandalucia.org\/almeria\/2025\/05\/13\/el-poder-de-la-palabra-en-el-mundo-empresarial-asi-fue-nuestro-tardeaje-con-nino-joya\/"},"wordCount":218,"publisher":{"@id":"https:\/\/ajeandalucia.org\/almeria\/#organization"},"image":{"@id":"https:\/\/ajeandalucia.org\/almeria\/2025\/05\/13\/el-poder-de-la-palabra-en-el-mundo-empresarial-asi-fue-nuestro-tardeaje-con-nino-joya\/#primaryimage"},"thumbnailUrl":"https:\/\/ajeandalucia.org\/almeria\/wp-content\/uploads\/sites\/3\/2025\/05\/image00006-1-scaled.jpeg","articleSection":["Noticias"],"inLanguage":"es"},{"@type":"WebPage","@id":"https:\/\/ajeandalucia.org\/almeria\/2025\/05\/13\/el-poder-de-la-palabra-en-el-mundo-empresarial-asi-fue-nuestro-tardeaje-con-nino-joya\/","url":"https:\/\/ajeandalucia.org\/almeria\/2025\/05\/13\/el-poder-de-la-palabra-en-el-mundo-empresarial-asi-fue-nuestro-tardeaje-con-nino-joya\/","name":"El poder de la palabra en el mundo empresarial: as\u00ed fue nuestro TardeAJE con Nino Joya - AJE Almer\u00eda","isPartOf":{"@id":"https:\/\/ajeandalucia.org\/almeria\/#website"},"primaryImageOfPage":{"@id":"https:\/\/ajeandalucia.org\/almeria\/2025\/05\/13\/el-poder-de-la-palabra-en-el-mundo-empresarial-asi-fue-nuestro-tardeaje-con-nino-joya\/#primaryimage"},"image":{"@id":"https:\/\/ajeandalucia.org\/almeria\/2025\/05\/13\/el-poder-de-la-palabra-en-el-mundo-empresarial-asi-fue-nuestro-tardeaje-con-nino-joya\/#primaryimage"},"thumbnailUrl":"https:\/\/ajeandalucia.org\/almeria\/wp-content\/uploads\/sites\/3\/2025\/05\/image00006-1-scaled.jpeg","datePublished":"2025-05-13T09:08:50+00:00","breadcrumb":{"@id":"https:\/\/ajeandalucia.org\/almeria\/2025\/05\/13\/el-poder-de-la-palabra-en-el-mundo-empresarial-asi-fue-nuestro-tardeaje-con-nino-joya\/#breadcrumb"},"inLanguage":"es","potentialAction":[{"@type":"ReadAction","target":["https:\/\/ajeandalucia.org\/almeria\/2025\/05\/13\/el-poder-de-la-palabra-en-el-mundo-empresarial-asi-fue-nuestro-tardeaje-con-nino-joya\/"]}]},{"@type":"ImageObject","inLanguage":"es","@id":"https:\/\/ajeandalucia.org\/almeria\/2025\/05\/13\/el-poder-de-la-palabra-en-el-mundo-empresarial-asi-fue-nuestro-tardeaje-con-nino-joya\/#primaryimage","url":"https:\/\/ajeandalucia.org\/almeria\/wp-content\/uploads\/sites\/3\/2025\/05\/image00006-1-scaled.jpeg","contentUrl":"https:\/\/ajeandalucia.org\/almeria\/wp-content\/uploads\/sites\/3\/2025\/05\/image00006-1-scaled.jpeg","width":2560,"height":1920},{"@type":"BreadcrumbList","@id":"https:\/\/ajeandalucia.org\/almeria\/2025\/05\/13\/el-poder-de-la-palabra-en-el-mundo-empresarial-asi-fue-nuestro-tardeaje-con-nino-joya\/#breadcrumb","itemListElement":[{"@type":"ListItem","position":1,"name":"Portada","item":"https:\/\/ajeandalucia.org\/almeria\/"},{"@type":"ListItem","position":2,"name":"El poder de la palabra en el mundo empresarial: as\u00ed fue nuestro TardeAJE con Nino Joya"}]},{"@type":"WebSite","@id":"https:\/\/ajeandalucia.org\/almeria\/#website","url":"https:\/\/ajeandalucia.org\/almeria\/","name":"AJE Almer\u00eda","description":"Otro sitio m\u00e1s de AJE Andaluc\u00eda","publisher":{"@id":"https:\/\/ajeandalucia.org\/almeria\/#organization"},"potentialAction":[{"@type":"SearchAction","target":{"@type":"EntryPoint","urlTemplate":"https:\/\/ajeandalucia.org\/almeria\/?s={search_term_string}"},"query-input":{"@type":"PropertyValueSpecification","valueRequired":true,"valueName":"search_term_string"}}],"inLanguage":"es"},{"@type":"Organization","@id":"https:\/\/ajeandalucia.org\/almeria\/#organization","name":"AJE Almer\u00eda","url":"https:\/\/ajeandalucia.org\/almeria\/","logo":{"@type":"ImageObject","inLanguage":"es","@id":"https:\/\/ajeandalucia.org\/almeria\/#\/schema\/logo\/image\/","url":"https:\/\/ajeandalucia.org\/almeria\/wp-content\/uploads\/sites\/3\/2025\/01\/AJE-ALMERIA-horizontal.png","contentUrl":"https:\/\/ajeandalucia.org\/almeria\/wp-content\/uploads\/sites\/3\/2025\/01\/AJE-ALMERIA-horizontal.png","width":605,"height":200,"caption":"AJE Almer\u00eda"},"image":{"@id":"https:\/\/ajeandalucia.org\/almeria\/#\/schema\/logo\/image\/"}},{"@type":"Person","@id":"https:\/\/ajeandalucia.org\/almeria\/#\/schema\/person\/9336ac50bc8c90053f6bf3b99e5c7d7b","name":"almeria","image":{"@type":"ImageObject","inLanguage":"es","@id":"https:\/\/ajeandalucia.org\/almeria\/#\/schema\/person\/image\/","url":"https:\/\/secure.gravatar.com\/avatar\/f5b6b7d37a8f964bd96d1a7752fc3160bb98a16a08fda2bb6fb3a80845dae5d6?s=96&d=mm&r=g","contentUrl":"https:\/\/secure.gravatar.com\/avatar\/f5b6b7d37a8f964bd96d1a7752fc3160bb98a16a08fda2bb6fb3a80845dae5d6?s=96&d=mm&r=g","caption":"almeria"},"sameAs":["http:\/\/www.ajealmeria.org\/"],"url":"https:\/\/ajeandalucia.org\/almeria\/author\/almeria\/"}]}},"_links":{"self":[{"href":"https:\/\/ajeandalucia.org\/almeria\/wp-json\/wp\/v2\/posts\/5347","targetHints":{"allow":["GET"]}}],"collection":[{"href":"https:\/\/ajeandalucia.org\/almeria\/wp-json\/wp\/v2\/posts"}],"about":[{"href":"https:\/\/ajeandalucia.org\/almeria\/wp-json\/wp\/v2\/types\/post"}],"author":[{"embeddable":true,"href":"https:\/\/ajeandalucia.org\/almeria\/wp-json\/wp\/v2\/users\/3"}],"replies":[{"embeddable":true,"href":"https:\/\/ajeandalucia.org\/almeria\/wp-json\/wp\/v2\/comments?post=5347"}],"version-history":[{"count":1,"href":"https:\/\/ajeandalucia.org\/almeria\/wp-json\/wp\/v2\/posts\/5347\/revisions"}],"predecessor-version":[{"id":5364,"href":"https:\/\/ajeandalucia.org\/almeria\/wp-json\/wp\/v2\/posts\/5347\/revisions\/5364"}],"wp:featuredmedia":[{"embeddable":true,"href":"https:\/\/ajeandalucia.org\/almeria\/wp-json\/wp\/v2\/media\/5358"}],"wp:attachment":[{"href":"https:\/\/ajeandalucia.org\/almeria\/wp-json\/wp\/v2\/media?parent=5347"}],"wp:term":[{"taxonomy":"category","embeddable":true,"href":"https:\/\/ajeandalucia.org\/almeria\/wp-json\/wp\/v2\/categories?post=5347"},{"taxonomy":"post_tag","embeddable":true,"href":"https:\/\/ajeandalucia.org\/almeria\/wp-json\/wp\/v2\/tags?post=5347"}],"curies":[{"name":"wp","href":"https:\/\/api.w.org\/{rel}","templated":true}]}}