{"id":539,"date":"2017-09-29T08:00:35","date_gmt":"2017-09-29T08:00:35","guid":{"rendered":"http:\/\/www.ajeandalucia.org\/almeria\/?p=539"},"modified":"2018-01-23T16:51:15","modified_gmt":"2018-01-23T16:51:15","slug":"formacion-sector-inmobiliario","status":"publish","type":"post","link":"https:\/\/ajeandalucia.org\/almeria\/2017\/09\/29\/formacion-sector-inmobiliario\/","title":{"rendered":"La Jornada Formativa sobre el Sector Inmobiliario de mano de RE\/MAX, todo un \u00e9xito"},"content":{"rendered":"<p>La empresa <a href=\"http:\/\/www.remax.es\/SolucionII\">RE\/MAX Soluci\u00f3n II<\/a>, oficina inmobiliaria ubicada en Almer\u00eda y perteneciente a RE\/MAX Espa\u00f1a, <strong>red internacional l\u00edder en venta de franquicias inmobiliarias a nivel mundial<\/strong>, organiz\u00f3 el pasado mi\u00e9rcoles, en colaboraci\u00f3n con AJE Almer\u00eda, una\u00a0<strong>Jornada de Formaci\u00f3n\u00a0sobre el sector inmobiliario<\/strong> en el Museo Arqueol\u00f3gico de Almer\u00eda.<\/p>\n<p><img loading=\"lazy\" decoding=\"async\" class=\"alignnone wp-image-542 size-medium\" src=\"http:\/\/www.ajeandalucia.org\/almeria\/wp-content\/uploads\/sites\/3\/2017\/09\/IMG_1476-300x169.jpg\" alt=\"antonio jes\u00fas fern\u00e1ndez, presidente aje\" width=\"300\" height=\"169\" srcset=\"https:\/\/ajeandalucia.org\/almeria\/wp-content\/uploads\/sites\/3\/2017\/09\/IMG_1476-300x169.jpg 300w, https:\/\/ajeandalucia.org\/almeria\/wp-content\/uploads\/sites\/3\/2017\/09\/IMG_1476-768x432.jpg 768w, https:\/\/ajeandalucia.org\/almeria\/wp-content\/uploads\/sites\/3\/2017\/09\/IMG_1476-1024x576.jpg 1024w, https:\/\/ajeandalucia.org\/almeria\/wp-content\/uploads\/sites\/3\/2017\/09\/IMG_1476.jpg 1552w\" sizes=\"auto, (max-width: 300px) 100vw, 300px\" \/><\/p>\n<p>El acto dio comienzo con un inspirador discurso de <strong>Antonio Jes\u00fas Fern\u00e1ndez Garc\u00eda, Presidente de AJE Almer\u00eda<\/strong>. \u201cLos brokers inmobiliarios tienen que aportar credibilidad, de eso puede depender una venta\u201d apunt\u00f3, dando paso a <strong>Carlos Dot y Alberto Alarc\u00f3n, brokers de RE\/MAX Soluci\u00f3n II.<\/strong><\/p>\n<p><img loading=\"lazy\" decoding=\"async\" class=\"alignnone size-medium wp-image-543\" src=\"http:\/\/www.ajeandalucia.org\/almeria\/wp-content\/uploads\/sites\/3\/2017\/09\/IMG_1483-300x225.jpg\" alt=\"IMG_1483\" width=\"300\" height=\"225\" srcset=\"https:\/\/ajeandalucia.org\/almeria\/wp-content\/uploads\/sites\/3\/2017\/09\/IMG_1483-300x225.jpg 300w, https:\/\/ajeandalucia.org\/almeria\/wp-content\/uploads\/sites\/3\/2017\/09\/IMG_1483-768x576.jpg 768w, https:\/\/ajeandalucia.org\/almeria\/wp-content\/uploads\/sites\/3\/2017\/09\/IMG_1483-1024x768.jpg 1024w\" sizes=\"auto, (max-width: 300px) 100vw, 300px\" \/><\/p>\n<p>El plato fuerte vino de la mano de <strong>Javier Sierra, presidente de RE\/MAX Espa\u00f1a<\/strong>, quien dio una lecci\u00f3n magistral sobre c\u00f3mo ser un buen agente inmobiliario. \u201cNuestra actividad trata sobre crear relaciones\u201d, se\u00f1al\u00f3 Sierra, a la vez que \u201chay que \u2018sembrar y recoger\u2019, y <strong>conseguir fidelizar al cliente<\/strong>\u201d.\u00a0Para contar en primera persona su experiencia como agente inmobiliario, estuvo presente Charo P\u00e9rez, quien comparti\u00f3 su testimonio sobre su larga trayectoria en la compa\u00f1\u00eda almeriense.<\/p>\n<p>A lo largo de la Jornada de Formaci\u00f3n\u00a0sobre el sector inmobiliario, Javier Sierra aport\u00f3 datos muy interesantes sobre el recorrido de RE\/MAX. La multinacional es la empresa del sector que m\u00e1s casas vende al a\u00f1o, y cuenta con m\u00e1s de 20.000 agentes repartidos en 2.000 oficinas solo en el territorio europeo. \u201cNuestro objetivo es abrir 300 oficinas en Espa\u00f1a con m\u00e1s de 4.000 agentes\u201d, explic\u00f3. Igualmente, se habl\u00f3 sobre la <strong>evoluci\u00f3n en los pr\u00f3ximos a\u00f1os del sector inmobiliario<\/strong>, as\u00ed como las posibilidades de negocio y desarrollo profesional que puede proporcionar hoy d\u00eda a los <strong>j\u00f3venes que tengan esp\u00edritu emprendedor.<\/strong><\/p>\n<p><img loading=\"lazy\" decoding=\"async\" class=\"alignnone size-medium wp-image-541\" src=\"http:\/\/www.ajeandalucia.org\/almeria\/wp-content\/uploads\/sites\/3\/2017\/09\/IMG_1468-300x225.jpg\" alt=\"IMG_1468\" width=\"300\" height=\"225\" srcset=\"https:\/\/ajeandalucia.org\/almeria\/wp-content\/uploads\/sites\/3\/2017\/09\/IMG_1468-300x225.jpg 300w, https:\/\/ajeandalucia.org\/almeria\/wp-content\/uploads\/sites\/3\/2017\/09\/IMG_1468-768x576.jpg 768w, https:\/\/ajeandalucia.org\/almeria\/wp-content\/uploads\/sites\/3\/2017\/09\/IMG_1468-1024x768.jpg 1024w\" sizes=\"auto, (max-width: 300px) 100vw, 300px\" \/><\/p>\n<p>La Jornada tuvo un gran \u00e9xito de afluencia, asistiendo interesados en el sector inmobiliario adem\u00e1s de personas que ya cuentan con larga experiencia en este campo. Eventos como este refuerzan la actitud emprendedora de los j\u00f3venes de la provincia, y animan a la sociedad a ser positivos frente a las <strong>oportunidades laborales<\/strong> que se presentan en el camino.<\/p>\n","protected":false},"excerpt":{"rendered":"<p>La empresa RE\/MAX Soluci\u00f3n II, oficina inmobiliaria ubicada en Almer\u00eda y perteneciente a RE\/MAX Espa\u00f1a, red internacional l\u00edder en venta [&hellip;]<\/p>\n","protected":false},"author":3,"featured_media":540,"comment_status":"open","ping_status":"open","sticky":false,"template":"","format":"standard","meta":{"_acf_changed":false,"site-sidebar-layout":"default","site-content-layout":"","ast-site-content-layout":"default","site-content-style":"default","site-sidebar-style":"default","ast-global-header-display":"","ast-banner-title-visibility":"","ast-main-header-display":"","ast-hfb-above-header-display":"","ast-hfb-below-header-display":"","ast-hfb-mobile-header-display":"","site-post-title":"","ast-breadcrumbs-content":"","ast-featured-img":"","footer-sml-layout":"","ast-disable-related-posts":"","theme-transparent-header-meta":"","adv-header-id-meta":"","stick-header-meta":"","header-above-stick-meta":"","header-main-stick-meta":"","header-below-stick-meta":"","astra-migrate-meta-layouts":"default","ast-page-background-enabled":"default","ast-page-background-meta":{"desktop":{"background-color":"var(--ast-global-color-5)","background-image":"","background-repeat":"repeat","background-position":"center center","background-size":"auto","background-attachment":"scroll","background-type":"","background-media":"","overlay-type":"","overlay-color":"","overlay-opacity":"","overlay-gradient":""},"tablet":{"background-color":"","background-image":"","background-repeat":"repeat","background-position":"center center","background-size":"auto","background-attachment":"scroll","background-type":"","background-media":"","overlay-type":"","overlay-color":"","overlay-opacity":"","overlay-gradient":""},"mobile":{"background-color":"","background-image":"","background-repeat":"repeat","background-position":"center center","background-size":"auto","background-attachment":"scroll","background-type":"","background-media":"","overlay-type":"","overlay-color":"","overlay-opacity":"","overlay-gradient":""}},"ast-content-background-meta":{"desktop":{"background-color":"var(--ast-global-color-4)","background-image":"","background-repeat":"repeat","background-position":"center center","background-size":"auto","background-attachment":"scroll","background-type":"","background-media":"","overlay-type":"","overlay-color":"","overlay-opacity":"","overlay-gradient":""},"tablet":{"background-color":"var(--ast-global-color-4)","background-image":"","background-repeat":"repeat","background-position":"center center","background-size":"auto","background-attachment":"scroll","background-type":"","background-media":"","overlay-type":"","overlay-color":"","overlay-opacity":"","overlay-gradient":""},"mobile":{"background-color":"var(--ast-global-color-4)","background-image":"","background-repeat":"repeat","background-position":"center center","background-size":"auto","background-attachment":"scroll","background-type":"","background-media":"","overlay-type":"","overlay-color":"","overlay-opacity":"","overlay-gradient":""}},"footnotes":""},"categories":[8],"tags":[27,26,24,25,28],"class_list":["post-539","post","type-post","status-publish","format-standard","has-post-thumbnail","hentry","category-noticias","tag-aje-almeria","tag-formacion","tag-formacion-sector-inmobiliario","tag-inmobiliaria","tag-remax"],"acf":[],"yoast_head":"<!-- This site is optimized with the Yoast SEO plugin v26.9 - https:\/\/yoast.com\/product\/yoast-seo-wordpress\/ -->\n<title>La Jornada Formativa sobre el Sector Inmobiliario de mano de RE\/MAX, todo un \u00e9xito - AJE Almer\u00eda<\/title>\n<meta name=\"robots\" content=\"index, follow, max-snippet:-1, max-image-preview:large, max-video-preview:-1\" \/>\n<link rel=\"canonical\" href=\"https:\/\/ajeandalucia.org\/almeria\/2017\/09\/29\/formacion-sector-inmobiliario\/\" \/>\n<meta property=\"og:locale\" content=\"es_ES\" \/>\n<meta property=\"og:type\" content=\"article\" \/>\n<meta property=\"og:title\" content=\"La Jornada Formativa sobre el Sector Inmobiliario de mano de RE\/MAX, todo un \u00e9xito - AJE Almer\u00eda\" \/>\n<meta property=\"og:description\" content=\"La empresa RE\/MAX Soluci\u00f3n II, oficina inmobiliaria ubicada en Almer\u00eda y perteneciente a RE\/MAX Espa\u00f1a, red internacional l\u00edder en venta [&hellip;]\" \/>\n<meta property=\"og:url\" content=\"https:\/\/ajeandalucia.org\/almeria\/2017\/09\/29\/formacion-sector-inmobiliario\/\" \/>\n<meta property=\"og:site_name\" content=\"AJE Almer\u00eda\" \/>\n<meta property=\"article:published_time\" content=\"2017-09-29T08:00:35+00:00\" \/>\n<meta property=\"article:modified_time\" content=\"2018-01-23T16:51:15+00:00\" \/>\n<meta property=\"og:image\" content=\"https:\/\/ajeandalucia.org\/almeria\/wp-content\/uploads\/sites\/3\/2017\/09\/IMG_1454.jpg\" \/>\n\t<meta property=\"og:image:width\" content=\"3264\" \/>\n\t<meta property=\"og:image:height\" content=\"2448\" \/>\n\t<meta property=\"og:image:type\" content=\"image\/jpeg\" \/>\n<meta name=\"author\" content=\"almeria\" \/>\n<meta name=\"twitter:card\" content=\"summary_large_image\" \/>\n<meta name=\"twitter:label1\" content=\"Escrito por\" \/>\n\t<meta name=\"twitter:data1\" content=\"almeria\" \/>\n\t<meta name=\"twitter:label2\" content=\"Tiempo de lectura\" \/>\n\t<meta name=\"twitter:data2\" content=\"2 minutos\" \/>\n<script type=\"application\/ld+json\" class=\"yoast-schema-graph\">{\"@context\":\"https:\/\/schema.org\",\"@graph\":[{\"@type\":\"Article\",\"@id\":\"https:\/\/ajeandalucia.org\/almeria\/2017\/09\/29\/formacion-sector-inmobiliario\/#article\",\"isPartOf\":{\"@id\":\"https:\/\/ajeandalucia.org\/almeria\/2017\/09\/29\/formacion-sector-inmobiliario\/\"},\"author\":{\"name\":\"almeria\",\"@id\":\"https:\/\/ajeandalucia.org\/almeria\/#\/schema\/person\/9336ac50bc8c90053f6bf3b99e5c7d7b\"},\"headline\":\"La Jornada Formativa sobre el Sector Inmobiliario de mano de RE\/MAX, todo un \u00e9xito\",\"datePublished\":\"2017-09-29T08:00:35+00:00\",\"dateModified\":\"2018-01-23T16:51:15+00:00\",\"mainEntityOfPage\":{\"@id\":\"https:\/\/ajeandalucia.org\/almeria\/2017\/09\/29\/formacion-sector-inmobiliario\/\"},\"wordCount\":377,\"commentCount\":0,\"publisher\":{\"@id\":\"https:\/\/ajeandalucia.org\/almeria\/#organization\"},\"image\":{\"@id\":\"https:\/\/ajeandalucia.org\/almeria\/2017\/09\/29\/formacion-sector-inmobiliario\/#primaryimage\"},\"thumbnailUrl\":\"https:\/\/ajeandalucia.org\/almeria\/wp-content\/uploads\/sites\/3\/2017\/09\/IMG_1454.jpg\",\"keywords\":[\"aje almeria\",\"formaci\u00f3n\",\"formaci\u00f3n sector inmobiliario\",\"inmobiliaria\",\"RE\/MAX\"],\"articleSection\":[\"Noticias\"],\"inLanguage\":\"es\",\"potentialAction\":[{\"@type\":\"CommentAction\",\"name\":\"Comment\",\"target\":[\"https:\/\/ajeandalucia.org\/almeria\/2017\/09\/29\/formacion-sector-inmobiliario\/#respond\"]}]},{\"@type\":\"WebPage\",\"@id\":\"https:\/\/ajeandalucia.org\/almeria\/2017\/09\/29\/formacion-sector-inmobiliario\/\",\"url\":\"https:\/\/ajeandalucia.org\/almeria\/2017\/09\/29\/formacion-sector-inmobiliario\/\",\"name\":\"La Jornada Formativa sobre el Sector Inmobiliario de mano de RE\/MAX, todo un \u00e9xito - AJE Almer\u00eda\",\"isPartOf\":{\"@id\":\"https:\/\/ajeandalucia.org\/almeria\/#website\"},\"primaryImageOfPage\":{\"@id\":\"https:\/\/ajeandalucia.org\/almeria\/2017\/09\/29\/formacion-sector-inmobiliario\/#primaryimage\"},\"image\":{\"@id\":\"https:\/\/ajeandalucia.org\/almeria\/2017\/09\/29\/formacion-sector-inmobiliario\/#primaryimage\"},\"thumbnailUrl\":\"https:\/\/ajeandalucia.org\/almeria\/wp-content\/uploads\/sites\/3\/2017\/09\/IMG_1454.jpg\",\"datePublished\":\"2017-09-29T08:00:35+00:00\",\"dateModified\":\"2018-01-23T16:51:15+00:00\",\"breadcrumb\":{\"@id\":\"https:\/\/ajeandalucia.org\/almeria\/2017\/09\/29\/formacion-sector-inmobiliario\/#breadcrumb\"},\"inLanguage\":\"es\",\"potentialAction\":[{\"@type\":\"ReadAction\",\"target\":[\"https:\/\/ajeandalucia.org\/almeria\/2017\/09\/29\/formacion-sector-inmobiliario\/\"]}]},{\"@type\":\"ImageObject\",\"inLanguage\":\"es\",\"@id\":\"https:\/\/ajeandalucia.org\/almeria\/2017\/09\/29\/formacion-sector-inmobiliario\/#primaryimage\",\"url\":\"https:\/\/ajeandalucia.org\/almeria\/wp-content\/uploads\/sites\/3\/2017\/09\/IMG_1454.jpg\",\"contentUrl\":\"https:\/\/ajeandalucia.org\/almeria\/wp-content\/uploads\/sites\/3\/2017\/09\/IMG_1454.jpg\",\"width\":3264,\"height\":2448},{\"@type\":\"BreadcrumbList\",\"@id\":\"https:\/\/ajeandalucia.org\/almeria\/2017\/09\/29\/formacion-sector-inmobiliario\/#breadcrumb\",\"itemListElement\":[{\"@type\":\"ListItem\",\"position\":1,\"name\":\"Portada\",\"item\":\"https:\/\/ajeandalucia.org\/almeria\/\"},{\"@type\":\"ListItem\",\"position\":2,\"name\":\"La Jornada Formativa sobre el Sector Inmobiliario de mano de RE\/MAX, todo un \u00e9xito\"}]},{\"@type\":\"WebSite\",\"@id\":\"https:\/\/ajeandalucia.org\/almeria\/#website\",\"url\":\"https:\/\/ajeandalucia.org\/almeria\/\",\"name\":\"AJE Almer\u00eda\",\"description\":\"Otro sitio m\u00e1s de AJE Andaluc\u00eda\",\"publisher\":{\"@id\":\"https:\/\/ajeandalucia.org\/almeria\/#organization\"},\"potentialAction\":[{\"@type\":\"SearchAction\",\"target\":{\"@type\":\"EntryPoint\",\"urlTemplate\":\"https:\/\/ajeandalucia.org\/almeria\/?s={search_term_string}\"},\"query-input\":{\"@type\":\"PropertyValueSpecification\",\"valueRequired\":true,\"valueName\":\"search_term_string\"}}],\"inLanguage\":\"es\"},{\"@type\":\"Organization\",\"@id\":\"https:\/\/ajeandalucia.org\/almeria\/#organization\",\"name\":\"AJE Almer\u00eda\",\"url\":\"https:\/\/ajeandalucia.org\/almeria\/\",\"logo\":{\"@type\":\"ImageObject\",\"inLanguage\":\"es\",\"@id\":\"https:\/\/ajeandalucia.org\/almeria\/#\/schema\/logo\/image\/\",\"url\":\"https:\/\/ajeandalucia.org\/almeria\/wp-content\/uploads\/sites\/3\/2025\/01\/AJE-ALMERIA-horizontal.png\",\"contentUrl\":\"https:\/\/ajeandalucia.org\/almeria\/wp-content\/uploads\/sites\/3\/2025\/01\/AJE-ALMERIA-horizontal.png\",\"width\":605,\"height\":200,\"caption\":\"AJE Almer\u00eda\"},\"image\":{\"@id\":\"https:\/\/ajeandalucia.org\/almeria\/#\/schema\/logo\/image\/\"}},{\"@type\":\"Person\",\"@id\":\"https:\/\/ajeandalucia.org\/almeria\/#\/schema\/person\/9336ac50bc8c90053f6bf3b99e5c7d7b\",\"name\":\"almeria\",\"image\":{\"@type\":\"ImageObject\",\"inLanguage\":\"es\",\"@id\":\"https:\/\/ajeandalucia.org\/almeria\/#\/schema\/person\/image\/\",\"url\":\"https:\/\/secure.gravatar.com\/avatar\/f5b6b7d37a8f964bd96d1a7752fc3160bb98a16a08fda2bb6fb3a80845dae5d6?s=96&d=mm&r=g\",\"contentUrl\":\"https:\/\/secure.gravatar.com\/avatar\/f5b6b7d37a8f964bd96d1a7752fc3160bb98a16a08fda2bb6fb3a80845dae5d6?s=96&d=mm&r=g\",\"caption\":\"almeria\"},\"sameAs\":[\"http:\/\/www.ajealmeria.org\/\"],\"url\":\"https:\/\/ajeandalucia.org\/almeria\/author\/almeria\/\"}]}<\/script>\n<!-- \/ Yoast SEO plugin. -->","yoast_head_json":{"title":"La Jornada Formativa sobre el Sector Inmobiliario de mano de RE\/MAX, todo un \u00e9xito - AJE Almer\u00eda","robots":{"index":"index","follow":"follow","max-snippet":"max-snippet:-1","max-image-preview":"max-image-preview:large","max-video-preview":"max-video-preview:-1"},"canonical":"https:\/\/ajeandalucia.org\/almeria\/2017\/09\/29\/formacion-sector-inmobiliario\/","og_locale":"es_ES","og_type":"article","og_title":"La Jornada Formativa sobre el Sector Inmobiliario de mano de RE\/MAX, todo un \u00e9xito - AJE Almer\u00eda","og_description":"La empresa RE\/MAX Soluci\u00f3n II, oficina inmobiliaria ubicada en Almer\u00eda y perteneciente a RE\/MAX Espa\u00f1a, red internacional l\u00edder en venta [&hellip;]","og_url":"https:\/\/ajeandalucia.org\/almeria\/2017\/09\/29\/formacion-sector-inmobiliario\/","og_site_name":"AJE Almer\u00eda","article_published_time":"2017-09-29T08:00:35+00:00","article_modified_time":"2018-01-23T16:51:15+00:00","og_image":[{"width":3264,"height":2448,"url":"https:\/\/ajeandalucia.org\/almeria\/wp-content\/uploads\/sites\/3\/2017\/09\/IMG_1454.jpg","type":"image\/jpeg"}],"author":"almeria","twitter_card":"summary_large_image","twitter_misc":{"Escrito por":"almeria","Tiempo de lectura":"2 minutos"},"schema":{"@context":"https:\/\/schema.org","@graph":[{"@type":"Article","@id":"https:\/\/ajeandalucia.org\/almeria\/2017\/09\/29\/formacion-sector-inmobiliario\/#article","isPartOf":{"@id":"https:\/\/ajeandalucia.org\/almeria\/2017\/09\/29\/formacion-sector-inmobiliario\/"},"author":{"name":"almeria","@id":"https:\/\/ajeandalucia.org\/almeria\/#\/schema\/person\/9336ac50bc8c90053f6bf3b99e5c7d7b"},"headline":"La Jornada Formativa sobre el Sector Inmobiliario de mano de RE\/MAX, todo un \u00e9xito","datePublished":"2017-09-29T08:00:35+00:00","dateModified":"2018-01-23T16:51:15+00:00","mainEntityOfPage":{"@id":"https:\/\/ajeandalucia.org\/almeria\/2017\/09\/29\/formacion-sector-inmobiliario\/"},"wordCount":377,"commentCount":0,"publisher":{"@id":"https:\/\/ajeandalucia.org\/almeria\/#organization"},"image":{"@id":"https:\/\/ajeandalucia.org\/almeria\/2017\/09\/29\/formacion-sector-inmobiliario\/#primaryimage"},"thumbnailUrl":"https:\/\/ajeandalucia.org\/almeria\/wp-content\/uploads\/sites\/3\/2017\/09\/IMG_1454.jpg","keywords":["aje almeria","formaci\u00f3n","formaci\u00f3n sector inmobiliario","inmobiliaria","RE\/MAX"],"articleSection":["Noticias"],"inLanguage":"es","potentialAction":[{"@type":"CommentAction","name":"Comment","target":["https:\/\/ajeandalucia.org\/almeria\/2017\/09\/29\/formacion-sector-inmobiliario\/#respond"]}]},{"@type":"WebPage","@id":"https:\/\/ajeandalucia.org\/almeria\/2017\/09\/29\/formacion-sector-inmobiliario\/","url":"https:\/\/ajeandalucia.org\/almeria\/2017\/09\/29\/formacion-sector-inmobiliario\/","name":"La Jornada Formativa sobre el Sector Inmobiliario de mano de RE\/MAX, todo un \u00e9xito - AJE Almer\u00eda","isPartOf":{"@id":"https:\/\/ajeandalucia.org\/almeria\/#website"},"primaryImageOfPage":{"@id":"https:\/\/ajeandalucia.org\/almeria\/2017\/09\/29\/formacion-sector-inmobiliario\/#primaryimage"},"image":{"@id":"https:\/\/ajeandalucia.org\/almeria\/2017\/09\/29\/formacion-sector-inmobiliario\/#primaryimage"},"thumbnailUrl":"https:\/\/ajeandalucia.org\/almeria\/wp-content\/uploads\/sites\/3\/2017\/09\/IMG_1454.jpg","datePublished":"2017-09-29T08:00:35+00:00","dateModified":"2018-01-23T16:51:15+00:00","breadcrumb":{"@id":"https:\/\/ajeandalucia.org\/almeria\/2017\/09\/29\/formacion-sector-inmobiliario\/#breadcrumb"},"inLanguage":"es","potentialAction":[{"@type":"ReadAction","target":["https:\/\/ajeandalucia.org\/almeria\/2017\/09\/29\/formacion-sector-inmobiliario\/"]}]},{"@type":"ImageObject","inLanguage":"es","@id":"https:\/\/ajeandalucia.org\/almeria\/2017\/09\/29\/formacion-sector-inmobiliario\/#primaryimage","url":"https:\/\/ajeandalucia.org\/almeria\/wp-content\/uploads\/sites\/3\/2017\/09\/IMG_1454.jpg","contentUrl":"https:\/\/ajeandalucia.org\/almeria\/wp-content\/uploads\/sites\/3\/2017\/09\/IMG_1454.jpg","width":3264,"height":2448},{"@type":"BreadcrumbList","@id":"https:\/\/ajeandalucia.org\/almeria\/2017\/09\/29\/formacion-sector-inmobiliario\/#breadcrumb","itemListElement":[{"@type":"ListItem","position":1,"name":"Portada","item":"https:\/\/ajeandalucia.org\/almeria\/"},{"@type":"ListItem","position":2,"name":"La Jornada Formativa sobre el Sector Inmobiliario de mano de RE\/MAX, todo un \u00e9xito"}]},{"@type":"WebSite","@id":"https:\/\/ajeandalucia.org\/almeria\/#website","url":"https:\/\/ajeandalucia.org\/almeria\/","name":"AJE Almer\u00eda","description":"Otro sitio m\u00e1s de AJE Andaluc\u00eda","publisher":{"@id":"https:\/\/ajeandalucia.org\/almeria\/#organization"},"potentialAction":[{"@type":"SearchAction","target":{"@type":"EntryPoint","urlTemplate":"https:\/\/ajeandalucia.org\/almeria\/?s={search_term_string}"},"query-input":{"@type":"PropertyValueSpecification","valueRequired":true,"valueName":"search_term_string"}}],"inLanguage":"es"},{"@type":"Organization","@id":"https:\/\/ajeandalucia.org\/almeria\/#organization","name":"AJE Almer\u00eda","url":"https:\/\/ajeandalucia.org\/almeria\/","logo":{"@type":"ImageObject","inLanguage":"es","@id":"https:\/\/ajeandalucia.org\/almeria\/#\/schema\/logo\/image\/","url":"https:\/\/ajeandalucia.org\/almeria\/wp-content\/uploads\/sites\/3\/2025\/01\/AJE-ALMERIA-horizontal.png","contentUrl":"https:\/\/ajeandalucia.org\/almeria\/wp-content\/uploads\/sites\/3\/2025\/01\/AJE-ALMERIA-horizontal.png","width":605,"height":200,"caption":"AJE Almer\u00eda"},"image":{"@id":"https:\/\/ajeandalucia.org\/almeria\/#\/schema\/logo\/image\/"}},{"@type":"Person","@id":"https:\/\/ajeandalucia.org\/almeria\/#\/schema\/person\/9336ac50bc8c90053f6bf3b99e5c7d7b","name":"almeria","image":{"@type":"ImageObject","inLanguage":"es","@id":"https:\/\/ajeandalucia.org\/almeria\/#\/schema\/person\/image\/","url":"https:\/\/secure.gravatar.com\/avatar\/f5b6b7d37a8f964bd96d1a7752fc3160bb98a16a08fda2bb6fb3a80845dae5d6?s=96&d=mm&r=g","contentUrl":"https:\/\/secure.gravatar.com\/avatar\/f5b6b7d37a8f964bd96d1a7752fc3160bb98a16a08fda2bb6fb3a80845dae5d6?s=96&d=mm&r=g","caption":"almeria"},"sameAs":["http:\/\/www.ajealmeria.org\/"],"url":"https:\/\/ajeandalucia.org\/almeria\/author\/almeria\/"}]}},"_links":{"self":[{"href":"https:\/\/ajeandalucia.org\/almeria\/wp-json\/wp\/v2\/posts\/539","targetHints":{"allow":["GET"]}}],"collection":[{"href":"https:\/\/ajeandalucia.org\/almeria\/wp-json\/wp\/v2\/posts"}],"about":[{"href":"https:\/\/ajeandalucia.org\/almeria\/wp-json\/wp\/v2\/types\/post"}],"author":[{"embeddable":true,"href":"https:\/\/ajeandalucia.org\/almeria\/wp-json\/wp\/v2\/users\/3"}],"replies":[{"embeddable":true,"href":"https:\/\/ajeandalucia.org\/almeria\/wp-json\/wp\/v2\/comments?post=539"}],"version-history":[{"count":2,"href":"https:\/\/ajeandalucia.org\/almeria\/wp-json\/wp\/v2\/posts\/539\/revisions"}],"predecessor-version":[{"id":545,"href":"https:\/\/ajeandalucia.org\/almeria\/wp-json\/wp\/v2\/posts\/539\/revisions\/545"}],"wp:featuredmedia":[{"embeddable":true,"href":"https:\/\/ajeandalucia.org\/almeria\/wp-json\/wp\/v2\/media\/540"}],"wp:attachment":[{"href":"https:\/\/ajeandalucia.org\/almeria\/wp-json\/wp\/v2\/media?parent=539"}],"wp:term":[{"taxonomy":"category","embeddable":true,"href":"https:\/\/ajeandalucia.org\/almeria\/wp-json\/wp\/v2\/categories?post=539"},{"taxonomy":"post_tag","embeddable":true,"href":"https:\/\/ajeandalucia.org\/almeria\/wp-json\/wp\/v2\/tags?post=539"}],"curies":[{"name":"wp","href":"https:\/\/api.w.org\/{rel}","templated":true}]}}