{"id":554,"date":"2017-06-02T07:53:50","date_gmt":"2017-06-02T07:53:50","guid":{"rendered":"http:\/\/www.ajeandalucia.org\/almeria\/?p=554"},"modified":"2017-10-02T17:06:27","modified_gmt":"2017-10-02T17:06:27","slug":"galardones-unicos-al-desarrollo-economico-y-social-de-la-provincia-de-almeria","status":"publish","type":"post","link":"https:\/\/ajeandalucia.org\/almeria\/2017\/06\/02\/galardones-unicos-al-desarrollo-economico-y-social-de-la-provincia-de-almeria\/","title":{"rendered":"Galardones \u00danicos al desarrollo econ\u00f3mico y social de la provincia de Almer\u00eda"},"content":{"rendered":"<p><strong>AJE Almer\u00eda re\u00fane a m\u00e1s de 500 personas en su homenaje a \u2018personas \u00fanicas\u2019 que trabajan por la provincia<\/strong><\/p>\n<p style=\"text-align: justify\"><u>La entrega de premios, celebrada anoche en el Teatro Cervantes, sirvi\u00f3 tambi\u00e9n para presentar p\u00fablicamente a la nueva junta directiva de esta asociaci\u00f3n.<\/u><\/p>\n<p style=\"text-align: justify\">Las puertas del Teatro Cervantes de la capital se abrieron anoche para acoger los \u2018Galardones \u00danicos\u2019 que conced\u00eda la Asociaci\u00f3n de J\u00f3venes Empresarios (AJE) de Almer\u00eda. M\u00e1s de 500 personas, entre premiados, asociados, autoridades y diferentes colectivos asistieron a esta cita en la que se premiaba a \u2018personas \u00fanicas\u2019 que, desde diferentes \u00e1mbitos, han contribuido, y siguen contribuyendo, al desarrollo econ\u00f3mico y social de la provincia de Almer\u00eda.<\/p>\n<p style=\"text-align: justify\">La gala de los \u2018Galardones \u00danicos\u2019, producida por Kuver Producciones, con el patrocinio de la Diputaci\u00f3n Provincial de Almer\u00eda y Cajamar y la colaboraci\u00f3n de TGesti\u00f3n y Avel Pastor, S.L, arranc\u00f3 con unas palabras del nuevo <strong>vicepresidente de AJE Almer\u00eda, Pepe Gonz\u00e1lez<\/strong>: \u201cEsta noche \u2013por ayer- estamos de enhorabuena. Estamos aqu\u00ed para premiar a j\u00f3venes que con su esfuerzo y dedicaci\u00f3n contribuyen d\u00eda a d\u00eda a que tengamos una Almer\u00eda mejor. Los galardonados son solo una muestra, la punta de un iceberg, de los m\u00e1s de 57.600 aut\u00f3nomos que existen en la provincia, que crean empleo y riqueza\u201d. A continuaci\u00f3n, Gonz\u00e1lez dio paso a un v\u00eddeo de presentaci\u00f3n de la nueva junta directiva de la asociaci\u00f3n, elegida por la mayor\u00eda de los asociados el pasado mes de abril, y en el que dejaban claro su compromiso por \u00e9sta.<\/p>\n<p style=\"text-align: justify\">\u00a0 \u00a0 \u00a0 \u00a0 \u00a0 \u00a0 \u00a0 \u00a0 \u00a0 \u00a0 \u00a0 \u00a0 \u00a0 \u00a0 \u00a0 \u00a0 \u00a0 \u00a0 \u00a0 \u00a0 \u00a0 \u00a0 \u00a0 \u00a0 \u00a0 \u00a0 \u00a0 \u00a0 \u00a0 \u00a0 \u00a0 \u00a0 \u00a0 \u00a0 \u00a0 \u00a0 \u00a0 \u00a0 \u00a0 \u00a0 \u00a0 \u00a0 \u00a0 \u00a0 \u00a0<img loading=\"lazy\" decoding=\"async\" class=\"alignnone size-medium wp-image-557\" src=\"http:\/\/www.ajeandalucia.org\/almeria\/wp-content\/uploads\/sites\/3\/2017\/09\/AJE00059-e1506673429198-217x300.jpg\" alt=\"AJE00059\" width=\"217\" height=\"300\" srcset=\"https:\/\/ajeandalucia.org\/almeria\/wp-content\/uploads\/sites\/3\/2017\/09\/AJE00059-e1506673429198-217x300.jpg 217w, https:\/\/ajeandalucia.org\/almeria\/wp-content\/uploads\/sites\/3\/2017\/09\/AJE00059-e1506673429198-768x1063.jpg 768w, https:\/\/ajeandalucia.org\/almeria\/wp-content\/uploads\/sites\/3\/2017\/09\/AJE00059-e1506673429198-740x1024.jpg 740w\" sizes=\"auto, (max-width: 217px) 100vw, 217px\" \/><\/p>\n<p style=\"text-align: justify\">As\u00ed, el <strong>vicepresidente de AJE Andaluc\u00eda, Antonio Ruano<\/strong>, tambi\u00e9n quiso felicitar a los premiados: \u201cTen\u00e9is que sentiros ganadores, ganadores por pagar las n\u00f3minas de vuestros empleados, por luchar por vuestros sue\u00f1os, por embarcaros en esta locura de emprender. Es ese esfuerzo y constancia lo que os hace \u00fanicos\u201d.<\/p>\n<p style=\"text-align: justify\">\u00a0 \u00a0 \u00a0 \u00a0 \u00a0 \u00a0 \u00a0 \u00a0 \u00a0 \u00a0 \u00a0 \u00a0 \u00a0 \u00a0 \u00a0 \u00a0 \u00a0 \u00a0 \u00a0 \u00a0 \u00a0 \u00a0 \u00a0 \u00a0 \u00a0 \u00a0 \u00a0 \u00a0 \u00a0 \u00a0 \u00a0 \u00a0 \u00a0 \u00a0 \u00a0 \u00a0 \u00a0 \u00a0 \u00a0 \u00a0 \u00a0 \u00a0 \u00a0 \u00a0\u00a0<img loading=\"lazy\" decoding=\"async\" class=\"alignnone size-medium wp-image-558\" src=\"http:\/\/www.ajeandalucia.org\/almeria\/wp-content\/uploads\/sites\/3\/2017\/09\/AJE00067-e1506673520390-230x300.jpg\" alt=\"AJE00067\" width=\"230\" height=\"300\" srcset=\"https:\/\/ajeandalucia.org\/almeria\/wp-content\/uploads\/sites\/3\/2017\/09\/AJE00067-e1506673520390-230x300.jpg 230w, https:\/\/ajeandalucia.org\/almeria\/wp-content\/uploads\/sites\/3\/2017\/09\/AJE00067-e1506673520390-768x1004.jpg 768w, https:\/\/ajeandalucia.org\/almeria\/wp-content\/uploads\/sites\/3\/2017\/09\/AJE00067-e1506673520390-783x1024.jpg 783w\" sizes=\"auto, (max-width: 230px) 100vw, 230px\" \/><\/p>\n<p><strong>Los premiados<\/strong><!--more--><\/p>\n<p style=\"text-align: justify\">El primer premiado de la noche fue <strong>Jos\u00e9 Luis L\u00f3pez Pic\u00f3n, rector de CASI<\/strong>, por su apuesta por una agricultura moderna, sostenible y respetuosa con el medio ambiente, y su colaboraci\u00f3n en proyectos internacionales de investigaci\u00f3n y desarrollo que potencian el sector agroalimentario. Entreg\u00f3 el Galard\u00f3n \u00danico en su modalidad de Agricultura el presidente de la Diputaci\u00f3n de Almer\u00eda, Gabriel Amat. \u201cSiento una inmensa felicidad por recibir este premio, por eso quiero dar las gracias a AJE Almer\u00eda por su labor de asesoramiento a j\u00f3venes con la misma ilusi\u00f3n que yo, una ilusi\u00f3n que un d\u00eda fue sue\u00f1o y hoy es realidad\u201d, se\u00f1al\u00f3 L\u00f3pez Pic\u00f3n, quien en su discurso se acord\u00f3, muy emocionado, de toda su familia y sus trabajadores.<\/p>\n<p style=\"text-align: justify\">\u00a0 \u00a0 \u00a0 \u00a0 \u00a0 \u00a0 \u00a0\u00a0<img loading=\"lazy\" decoding=\"async\" class=\"wp-image-562 size-medium alignleft\" src=\"http:\/\/www.ajeandalucia.org\/almeria\/wp-content\/uploads\/sites\/3\/2017\/09\/AJE00079-300x200.jpg\" alt=\"AJE00079\" width=\"300\" height=\"200\" srcset=\"https:\/\/ajeandalucia.org\/almeria\/wp-content\/uploads\/sites\/3\/2017\/09\/AJE00079-300x200.jpg 300w, https:\/\/ajeandalucia.org\/almeria\/wp-content\/uploads\/sites\/3\/2017\/09\/AJE00079-768x513.jpg 768w, https:\/\/ajeandalucia.org\/almeria\/wp-content\/uploads\/sites\/3\/2017\/09\/AJE00079-1024x683.jpg 1024w\" sizes=\"auto, (max-width: 300px) 100vw, 300px\" \/>\u00a0 \u00a0 \u00a0 \u00a0 \u00a0 \u00a0 \u00a0 \u00a0 \u00a0 \u00a0 \u00a0 \u00a0 \u00a0 \u00a0 \u00a0 \u00a0 \u00a0 \u00a0 \u00a0 <img loading=\"lazy\" decoding=\"async\" class=\"wp-image-560 size-medium alignnone\" src=\"http:\/\/www.ajeandalucia.org\/almeria\/wp-content\/uploads\/sites\/3\/2017\/09\/AJE00077-300x200.jpg\" alt=\"AJE00077\" width=\"300\" height=\"200\" srcset=\"https:\/\/ajeandalucia.org\/almeria\/wp-content\/uploads\/sites\/3\/2017\/09\/AJE00077-300x200.jpg 300w, https:\/\/ajeandalucia.org\/almeria\/wp-content\/uploads\/sites\/3\/2017\/09\/AJE00077-768x513.jpg 768w, https:\/\/ajeandalucia.org\/almeria\/wp-content\/uploads\/sites\/3\/2017\/09\/AJE00077-1024x683.jpg 1024w\" sizes=\"auto, (max-width: 300px) 100vw, 300px\" \/><\/p>\n<p style=\"text-align: justify\">El Galard\u00f3n \u00danico en su modalidad de Pol\u00edtica Local fue para <strong>Ram\u00f3n Fern\u00e1ndez-Pacheco, alcalde de Almer\u00eda<\/strong>, por demostrar que juventud, responsabilidad p\u00fablica y pol\u00edtica y competencia no est\u00e1n re\u00f1idas, as\u00ed como por hacer del di\u00e1logo, el consenso y la colaboraci\u00f3n, pilares fundamentales de su acci\u00f3n de gobierno para hacer de Almer\u00eda m\u00e1s pr\u00f3spera. \u201cSois el nervio de la actividad econ\u00f3mica almeriense y est\u00e1is llamados a ser elemento fundamental del tejido productivo&#8221;, se\u00f1al\u00f3 el regidor almeriense tras confesar que recib\u00eda este premio, entregado por la secretaria de la asociaci\u00f3n, Mar\u00eda Arenas, \u201ccon orgullo y tambi\u00e9n alegr\u00eda\u201d.<\/p>\n<p style=\"text-align: justify\">\u00a0 \u00a0 \u00a0 \u00a0 \u00a0 \u00a0 \u00a0 <img loading=\"lazy\" decoding=\"async\" class=\"wp-image-569 size-medium alignnone\" src=\"http:\/\/www.ajeandalucia.org\/almeria\/wp-content\/uploads\/sites\/3\/2017\/09\/AJE00086-300x200.jpg\" alt=\"AJE00086\" width=\"300\" height=\"200\" srcset=\"https:\/\/ajeandalucia.org\/almeria\/wp-content\/uploads\/sites\/3\/2017\/09\/AJE00086-300x200.jpg 300w, https:\/\/ajeandalucia.org\/almeria\/wp-content\/uploads\/sites\/3\/2017\/09\/AJE00086-768x513.jpg 768w, https:\/\/ajeandalucia.org\/almeria\/wp-content\/uploads\/sites\/3\/2017\/09\/AJE00086-1024x683.jpg 1024w\" sizes=\"auto, (max-width: 300px) 100vw, 300px\" \/>\u00a0 \u00a0 \u00a0 \u00a0 \u00a0 \u00a0 \u00a0 \u00a0 \u00a0 \u00a0 \u00a0 \u00a0 \u00a0 \u00a0 \u00a0 \u00a0 \u00a0 \u00a0\u00a0 <img loading=\"lazy\" decoding=\"async\" class=\"alignright wp-image-567 size-medium\" src=\"http:\/\/www.ajeandalucia.org\/almeria\/wp-content\/uploads\/sites\/3\/2017\/09\/AJE00084-300x200.jpg\" alt=\"AJE00084\" width=\"300\" height=\"200\" srcset=\"https:\/\/ajeandalucia.org\/almeria\/wp-content\/uploads\/sites\/3\/2017\/09\/AJE00084-300x200.jpg 300w, https:\/\/ajeandalucia.org\/almeria\/wp-content\/uploads\/sites\/3\/2017\/09\/AJE00084-768x513.jpg 768w, https:\/\/ajeandalucia.org\/almeria\/wp-content\/uploads\/sites\/3\/2017\/09\/AJE00084-1024x683.jpg 1024w\" sizes=\"auto, (max-width: 300px) 100vw, 300px\" \/><\/p>\n<p style=\"text-align: justify\">En la modalidad de Comunicaci\u00f3n fue <strong>Laura Mart\u00ednez Orbegozo, consejera de La Voz de Almer\u00eda<\/strong>, quien recibi\u00f3 el galard\u00f3n por su apuesta por el dise\u00f1o, mejora y desarrollo de proyectos digitales period\u00edsticos, contribuyendo a la mejora de la comunicaci\u00f3n a trav\u00e9s de espacios digitales en los que, cada vez m\u00e1s, son miles los lectores que los utilizan. \u201cSer mujer, joven y llegar a una empresa constituida y en marcha desde hace tantos a\u00f1os ha sido todo un reto para m\u00ed, pero al final esos momentos en los que converge la experiencia y la juventud dan buenos resultados\u201d, se\u00f1al\u00f3. Recibi\u00f3 el premio de manos de Manuel Nieto, director de Negocios de la Direcci\u00f3n Territorial de Cajamar.<\/p>\n<p style=\"text-align: justify\">\u00a0 \u00a0 \u00a0 \u00a0 \u00a0 \u00a0 \u00a0 \u00a0<img loading=\"lazy\" decoding=\"async\" class=\"alignnone size-medium wp-image-575\" src=\"http:\/\/www.ajeandalucia.org\/almeria\/wp-content\/uploads\/sites\/3\/2017\/09\/AJE00098-300x200.jpg\" alt=\"AJE00098\" width=\"300\" height=\"200\" srcset=\"https:\/\/ajeandalucia.org\/almeria\/wp-content\/uploads\/sites\/3\/2017\/09\/AJE00098-300x200.jpg 300w, https:\/\/ajeandalucia.org\/almeria\/wp-content\/uploads\/sites\/3\/2017\/09\/AJE00098-768x513.jpg 768w, https:\/\/ajeandalucia.org\/almeria\/wp-content\/uploads\/sites\/3\/2017\/09\/AJE00098-1024x683.jpg 1024w\" sizes=\"auto, (max-width: 300px) 100vw, 300px\" \/>\u00a0 \u00a0 \u00a0 \u00a0 \u00a0 \u00a0 \u00a0 \u00a0 \u00a0 \u00a0 \u00a0 \u00a0 \u00a0 \u00a0 \u00a0 \u00a0 \u00a0\u00a0<img loading=\"lazy\" decoding=\"async\" class=\"alignnone size-medium wp-image-571\" src=\"http:\/\/www.ajeandalucia.org\/almeria\/wp-content\/uploads\/sites\/3\/2017\/09\/AJE00094-300x200.jpg\" alt=\"AJE00094\" width=\"300\" height=\"200\" srcset=\"https:\/\/ajeandalucia.org\/almeria\/wp-content\/uploads\/sites\/3\/2017\/09\/AJE00094-300x200.jpg 300w, https:\/\/ajeandalucia.org\/almeria\/wp-content\/uploads\/sites\/3\/2017\/09\/AJE00094-768x513.jpg 768w, https:\/\/ajeandalucia.org\/almeria\/wp-content\/uploads\/sites\/3\/2017\/09\/AJE00094-1024x683.jpg 1024w\" sizes=\"auto, (max-width: 300px) 100vw, 300px\" \/><\/p>\n<p style=\"text-align: justify\"><strong>Juan Manuel S\u00e1nchez Reche, ganador de la primera edici\u00f3n de Masterchef<\/strong>, recibi\u00f3 el Galard\u00f3n \u00danico en su modalidad de Gastronom\u00eda y Turismo por su clara vocaci\u00f3n y aspiraci\u00f3n a crecer paso a paso, dejando claro que el esfuerzo y la constancia son ingredientes claves para alcanzar el \u00e9xito profesional con el objetivo claro de ser uno de los grandes chef de nuestro pa\u00eds. \u201cGracias por este galard\u00f3n que forma parte de todos vosotros\u201d, dijo. El vicepresidente segundo de AJE Almer\u00eda, Jos\u00e9 Juan Carricondo, le entreg\u00f3 el premio.<\/p>\n<p style=\"text-align: justify\">\u00a0 \u00a0 \u00a0 \u00a0 \u00a0 \u00a0 \u00a0\u00a0<img loading=\"lazy\" decoding=\"async\" class=\"alignnone size-medium wp-image-581\" src=\"http:\/\/www.ajeandalucia.org\/almeria\/wp-content\/uploads\/sites\/3\/2017\/09\/AJE00104-300x200.jpg\" alt=\"AJE00104\" width=\"300\" height=\"200\" srcset=\"https:\/\/ajeandalucia.org\/almeria\/wp-content\/uploads\/sites\/3\/2017\/09\/AJE00104-300x200.jpg 300w, https:\/\/ajeandalucia.org\/almeria\/wp-content\/uploads\/sites\/3\/2017\/09\/AJE00104-768x513.jpg 768w, https:\/\/ajeandalucia.org\/almeria\/wp-content\/uploads\/sites\/3\/2017\/09\/AJE00104-1024x683.jpg 1024w\" sizes=\"auto, (max-width: 300px) 100vw, 300px\" \/>\u00a0 \u00a0 \u00a0 \u00a0 \u00a0 \u00a0 \u00a0 \u00a0 \u00a0 \u00a0 \u00a0 \u00a0 \u00a0 \u00a0 \u00a0 \u00a0 \u00a0 \u00a0 \u00a0\u00a0<img loading=\"lazy\" decoding=\"async\" class=\"alignnone size-medium wp-image-580\" src=\"http:\/\/www.ajeandalucia.org\/almeria\/wp-content\/uploads\/sites\/3\/2017\/09\/AJE00103-300x200.jpg\" alt=\"AJE00103\" width=\"300\" height=\"200\" srcset=\"https:\/\/ajeandalucia.org\/almeria\/wp-content\/uploads\/sites\/3\/2017\/09\/AJE00103-300x200.jpg 300w, https:\/\/ajeandalucia.org\/almeria\/wp-content\/uploads\/sites\/3\/2017\/09\/AJE00103-768x513.jpg 768w, https:\/\/ajeandalucia.org\/almeria\/wp-content\/uploads\/sites\/3\/2017\/09\/AJE00103-1024x683.jpg 1024w\" sizes=\"auto, (max-width: 300px) 100vw, 300px\" \/><\/p>\n<p style=\"text-align: justify\">El Galard\u00f3n \u00danico en la modalidad de Pol\u00edtica Regional fue para <strong>Noem\u00ed Cruz, parlamentaria andaluza por el PSOE<\/strong>, por contribuir con su trabajo al impulso y el fomento del emprendimiento juvenil as\u00ed como la implantaci\u00f3n de ayudas a los j\u00f3venes emprendedores, con medidas tales como el Plan de Trabajo Aut\u00f3nomo o la nueva Ley de emprendimiento, actualmente en anteproyecto en la mesa de Gobierno del Parlamento Andaluz. \u201cAJE Almer\u00eda es un referente de nuestra sociedad. Ayud\u00e1is mucho a los j\u00f3venes que est\u00e1n empezando y tambi\u00e9n a los que estamos al frente de la pol\u00edtica. Nos ayud\u00e1is a hacer nuestro trabajo porque nadie mejor que vosotros sab\u00e9is lo que necesit\u00e1is\u201d, apunt\u00f3 la parlamentaria. Entreg\u00f3 el premio Antonio Jes\u00fas Fern\u00e1ndez, presidente de AJE Almer\u00eda.<\/p>\n<p style=\"text-align: justify\">\u00a0 \u00a0 \u00a0 \u00a0 \u00a0 \u00a0 \u00a0 \u00a0<img loading=\"lazy\" decoding=\"async\" class=\"alignnone size-medium wp-image-588\" src=\"http:\/\/www.ajeandalucia.org\/almeria\/wp-content\/uploads\/sites\/3\/2017\/09\/AJE00111-300x200.jpg\" alt=\"AJE00111\" width=\"300\" height=\"200\" srcset=\"https:\/\/ajeandalucia.org\/almeria\/wp-content\/uploads\/sites\/3\/2017\/09\/AJE00111-300x200.jpg 300w, https:\/\/ajeandalucia.org\/almeria\/wp-content\/uploads\/sites\/3\/2017\/09\/AJE00111-768x513.jpg 768w, https:\/\/ajeandalucia.org\/almeria\/wp-content\/uploads\/sites\/3\/2017\/09\/AJE00111-1024x683.jpg 1024w\" sizes=\"auto, (max-width: 300px) 100vw, 300px\" \/>\u00a0 \u00a0 \u00a0 \u00a0 \u00a0 \u00a0 \u00a0 \u00a0 \u00a0 \u00a0 \u00a0 \u00a0 \u00a0 \u00a0 \u00a0 \u00a0 \u00a0 \u00a0\u00a0\u00a0<img loading=\"lazy\" decoding=\"async\" class=\"alignnone size-medium wp-image-585\" src=\"http:\/\/www.ajeandalucia.org\/almeria\/wp-content\/uploads\/sites\/3\/2017\/09\/AJE00108-300x200.jpg\" alt=\"AJE00108\" width=\"300\" height=\"200\" srcset=\"https:\/\/ajeandalucia.org\/almeria\/wp-content\/uploads\/sites\/3\/2017\/09\/AJE00108-300x200.jpg 300w, https:\/\/ajeandalucia.org\/almeria\/wp-content\/uploads\/sites\/3\/2017\/09\/AJE00108-768x513.jpg 768w, https:\/\/ajeandalucia.org\/almeria\/wp-content\/uploads\/sites\/3\/2017\/09\/AJE00108-1024x683.jpg 1024w\" sizes=\"auto, (max-width: 300px) 100vw, 300px\" \/><\/p>\n<p style=\"text-align: justify\">El sexto de los premios, el Galard\u00f3n \u00danico en su modalidad de Deportes, recay\u00f3 en <strong>Alfonso Garc\u00eda Pi\u00f1ero<\/strong>, <strong>vicepresidente ejecutivo de la Uni\u00f3n Deportiva Almer\u00eda<\/strong>, por su compromiso y apuesta por el f\u00fatbol almeriense, dando un paso al frente en la direcci\u00f3n del club, equipo que milita en el f\u00fatbol profesional desde hace m\u00e1s de 15 a\u00f1os. \u00a0\u201cPara m\u00ed es un motivo de orgullo recibir este premio\u201d, agradeci\u00f3 Garc\u00eda Pi\u00f1ero. Entreg\u00f3 el galard\u00f3n Sergio Vi\u00f1olo, tesorero de AJE Almer\u00eda.<\/p>\n<p style=\"text-align: justify\">\u00a0 \u00a0 \u00a0 \u00a0 \u00a0 \u00a0 \u00a0 \u00a0\u00a0<img loading=\"lazy\" decoding=\"async\" class=\"alignnone size-medium wp-image-590\" src=\"http:\/\/www.ajeandalucia.org\/almeria\/wp-content\/uploads\/sites\/3\/2017\/09\/AJE00113-300x200.jpg\" alt=\"AJE00113\" width=\"300\" height=\"200\" srcset=\"https:\/\/ajeandalucia.org\/almeria\/wp-content\/uploads\/sites\/3\/2017\/09\/AJE00113-300x200.jpg 300w, https:\/\/ajeandalucia.org\/almeria\/wp-content\/uploads\/sites\/3\/2017\/09\/AJE00113-768x513.jpg 768w, https:\/\/ajeandalucia.org\/almeria\/wp-content\/uploads\/sites\/3\/2017\/09\/AJE00113-1024x683.jpg 1024w\" sizes=\"auto, (max-width: 300px) 100vw, 300px\" \/>\u00a0 \u00a0 \u00a0 \u00a0 \u00a0 \u00a0 \u00a0 \u00a0 \u00a0 \u00a0 \u00a0 \u00a0 \u00a0 \u00a0 \u00a0 \u00a0\u00a0<img loading=\"lazy\" decoding=\"async\" class=\"alignnone size-medium wp-image-589\" src=\"http:\/\/www.ajeandalucia.org\/almeria\/wp-content\/uploads\/sites\/3\/2017\/09\/AJE00112-300x200.jpg\" alt=\"AJE00112\" width=\"300\" height=\"200\" srcset=\"https:\/\/ajeandalucia.org\/almeria\/wp-content\/uploads\/sites\/3\/2017\/09\/AJE00112-300x200.jpg 300w, https:\/\/ajeandalucia.org\/almeria\/wp-content\/uploads\/sites\/3\/2017\/09\/AJE00112-768x513.jpg 768w, https:\/\/ajeandalucia.org\/almeria\/wp-content\/uploads\/sites\/3\/2017\/09\/AJE00112-1024x683.jpg 1024w\" sizes=\"auto, (max-width: 300px) 100vw, 300px\" \/><\/p>\n<p style=\"text-align: justify\">El \u00faltimo de estos Galardones \u00danicos fue para <strong>H\u00e9ctor Serrano, gerente de Calconut<\/strong>, en su modalidad de Internacionalizaci\u00f3n, por su esp\u00edritu innovador, visi\u00f3n de negocio y valent\u00eda orientada a la apertura de mercados internacionales, siendo reconocido por Financial Times como una de las cien empresas europeas que m\u00e1s est\u00e1 creciendo este a\u00f1o. \u201cHoy en d\u00eda no hay distancias con la tecnolog\u00eda, pero para alcanzar metas importantes no es suficiente con un individuo, sino un equipo que te respalde y que sue\u00f1e cada d\u00eda con las metas que nos hemos marcado\u201d, se\u00f1al\u00f3 Serrano dedic\u00e1ndole este premio al equipo que forma Calconut. Entreg\u00f3 el galard\u00f3n Marta Bosquet, parlamentaria andaluza por Ciudadanos.<\/p>\n<p style=\"text-align: justify\">\u00a0 \u00a0 \u00a0 \u00a0 \u00a0 \u00a0 \u00a0 \u00a0 \u00a0 \u00a0\u00a0<img loading=\"lazy\" decoding=\"async\" class=\"alignnone size-medium wp-image-597\" src=\"http:\/\/www.ajeandalucia.org\/almeria\/wp-content\/uploads\/sites\/3\/2017\/09\/AJE00120-300x200.jpg\" alt=\"AJE00120\" width=\"300\" height=\"200\" srcset=\"https:\/\/ajeandalucia.org\/almeria\/wp-content\/uploads\/sites\/3\/2017\/09\/AJE00120-300x200.jpg 300w, https:\/\/ajeandalucia.org\/almeria\/wp-content\/uploads\/sites\/3\/2017\/09\/AJE00120-768x513.jpg 768w, https:\/\/ajeandalucia.org\/almeria\/wp-content\/uploads\/sites\/3\/2017\/09\/AJE00120-1024x683.jpg 1024w\" sizes=\"auto, (max-width: 300px) 100vw, 300px\" \/>\u00a0 \u00a0 \u00a0 \u00a0 \u00a0 \u00a0 \u00a0 \u00a0 \u00a0 \u00a0 \u00a0 \u00a0 \u00a0 \u00a0 \u00a0 \u00a0 \u00a0<img loading=\"lazy\" decoding=\"async\" class=\"alignnone size-medium wp-image-595\" src=\"http:\/\/www.ajeandalucia.org\/almeria\/wp-content\/uploads\/sites\/3\/2017\/09\/AJE00118-300x200.jpg\" alt=\"AJE00118\" width=\"300\" height=\"200\" srcset=\"https:\/\/ajeandalucia.org\/almeria\/wp-content\/uploads\/sites\/3\/2017\/09\/AJE00118-300x200.jpg 300w, https:\/\/ajeandalucia.org\/almeria\/wp-content\/uploads\/sites\/3\/2017\/09\/AJE00118-768x512.jpg 768w, https:\/\/ajeandalucia.org\/almeria\/wp-content\/uploads\/sites\/3\/2017\/09\/AJE00118-1024x682.jpg 1024w\" sizes=\"auto, (max-width: 300px) 100vw, 300px\" \/><\/p>\n<p style=\"text-align: justify\">Para cerrar esta exitosa gala, presentada por el periodista Alfredo Casas y amenizada por las incre\u00edbles actuaciones de los artistas Ezequiel Pasamontes \u2018Zarrita\u2019, Dixieland Clasijazz y Miss Star Jazz R\u00edo, el <strong>presidente de AJE Almer\u00eda, Antonio Jes\u00fas Fern\u00e1ndez<\/strong>, quiso tener unas palabras para los premiados y todos los asistentes. \u201cDebemos de estar contentos y orgullosos de las personas que han sido premiadas en esta primera edici\u00f3n de los Galardones \u00danicos. Inteligencia, altruismo, apertura de miras, honestidad y humildad son los adjetivos que mejor las definen. Necesitamos en la sociedad personas como ellas, capaces de hacer que su vida merezca la pena y que devuelvan a la sociedad parte de lo que le ha dado\u201d, destacaba Fern\u00e1ndez, al tiempo que agradeci\u00f3 el respaldo de los asociados, \u201cque son los que hacen posible que esta asociaci\u00f3n pueda representar con garant\u00edas los intereses de los j\u00f3venes empresarios\u201d, de las numerosas instituciones presentes y, por supuesto, de los patrocinadores \u201cque han contribuido a que este evento sea posible\u201d.<\/p>\n<p><img loading=\"lazy\" decoding=\"async\" class=\"alignnone size-medium wp-image-604 aligncenter\" src=\"http:\/\/www.ajeandalucia.org\/almeria\/wp-content\/uploads\/sites\/3\/2017\/06\/AJE00126-300x200.jpg\" alt=\"AJE00126\" width=\"300\" height=\"200\" srcset=\"https:\/\/ajeandalucia.org\/almeria\/wp-content\/uploads\/sites\/3\/2017\/06\/AJE00126-300x200.jpg 300w, https:\/\/ajeandalucia.org\/almeria\/wp-content\/uploads\/sites\/3\/2017\/06\/AJE00126-768x513.jpg 768w, https:\/\/ajeandalucia.org\/almeria\/wp-content\/uploads\/sites\/3\/2017\/06\/AJE00126-1024x683.jpg 1024w\" sizes=\"auto, (max-width: 300px) 100vw, 300px\" \/><\/p>\n<p style=\"text-align: justify\">Las luces del Cervantes se apagaron anoche no sin antes disfrutar de un exquisito c\u00f3ctel como colof\u00f3n a una noche donde los protagonistas fueron las personas que hacen a\u00fan m\u00e1s grande esta provincia.<\/p>\n<p>&nbsp;<\/p>\n<p><img loading=\"lazy\" decoding=\"async\" class=\"aligncenter wp-image-648 size-large\" src=\"http:\/\/www.ajeandalucia.org\/almeria\/wp-content\/uploads\/sites\/3\/2017\/06\/collageAJEv2-758x1024.jpg\" alt=\"collageAJEv2\" width=\"758\" height=\"1024\" srcset=\"https:\/\/ajeandalucia.org\/almeria\/wp-content\/uploads\/sites\/3\/2017\/06\/collageAJEv2-758x1024.jpg 758w, https:\/\/ajeandalucia.org\/almeria\/wp-content\/uploads\/sites\/3\/2017\/06\/collageAJEv2-222x300.jpg 222w, https:\/\/ajeandalucia.org\/almeria\/wp-content\/uploads\/sites\/3\/2017\/06\/collageAJEv2-768x1037.jpg 768w\" sizes=\"auto, (max-width: 758px) 100vw, 758px\" \/><\/p>\n<p>&nbsp;<\/p>\n<p>&nbsp;<\/p>\n","protected":false},"excerpt":{"rendered":"<p>AJE Almer\u00eda re\u00fane a m\u00e1s de 500 personas en su homenaje a \u2018personas \u00fanicas\u2019 que trabajan por la provincia La [&hellip;]<\/p>\n","protected":false},"author":3,"featured_media":555,"comment_status":"open","ping_status":"open","sticky":false,"template":"","format":"standard","meta":{"_acf_changed":false,"site-sidebar-layout":"default","site-content-layout":"","ast-site-content-layout":"default","site-content-style":"default","site-sidebar-style":"default","ast-global-header-display":"","ast-banner-title-visibility":"","ast-main-header-display":"","ast-hfb-above-header-display":"","ast-hfb-below-header-display":"","ast-hfb-mobile-header-display":"","site-post-title":"","ast-breadcrumbs-content":"","ast-featured-img":"","footer-sml-layout":"","ast-disable-related-posts":"","theme-transparent-header-meta":"","adv-header-id-meta":"","stick-header-meta":"","header-above-stick-meta":"","header-main-stick-meta":"","header-below-stick-meta":"","astra-migrate-meta-layouts":"default","ast-page-background-enabled":"default","ast-page-background-meta":{"desktop":{"background-color":"var(--ast-global-color-5)","background-image":"","background-repeat":"repeat","background-position":"center center","background-size":"auto","background-attachment":"scroll","background-type":"","background-media":"","overlay-type":"","overlay-color":"","overlay-opacity":"","overlay-gradient":""},"tablet":{"background-color":"","background-image":"","background-repeat":"repeat","background-position":"center center","background-size":"auto","background-attachment":"scroll","background-type":"","background-media":"","overlay-type":"","overlay-color":"","overlay-opacity":"","overlay-gradient":""},"mobile":{"background-color":"","background-image":"","background-repeat":"repeat","background-position":"center center","background-size":"auto","background-attachment":"scroll","background-type":"","background-media":"","overlay-type":"","overlay-color":"","overlay-opacity":"","overlay-gradient":""}},"ast-content-background-meta":{"desktop":{"background-color":"var(--ast-global-color-4)","background-image":"","background-repeat":"repeat","background-position":"center center","background-size":"auto","background-attachment":"scroll","background-type":"","background-media":"","overlay-type":"","overlay-color":"","overlay-opacity":"","overlay-gradient":""},"tablet":{"background-color":"var(--ast-global-color-4)","background-image":"","background-repeat":"repeat","background-position":"center center","background-size":"auto","background-attachment":"scroll","background-type":"","background-media":"","overlay-type":"","overlay-color":"","overlay-opacity":"","overlay-gradient":""},"mobile":{"background-color":"var(--ast-global-color-4)","background-image":"","background-repeat":"repeat","background-position":"center center","background-size":"auto","background-attachment":"scroll","background-type":"","background-media":"","overlay-type":"","overlay-color":"","overlay-opacity":"","overlay-gradient":""}},"footnotes":""},"categories":[8],"tags":[27,30,31,34,33],"class_list":["post-554","post","type-post","status-publish","format-standard","has-post-thumbnail","hentry","category-noticias","tag-aje-almeria","tag-emprendedores","tag-empresarios","tag-galardones-unicos","tag-jovenes-empresarios"],"acf":[],"yoast_head":"<!-- This site is optimized with the Yoast SEO plugin v26.9 - https:\/\/yoast.com\/product\/yoast-seo-wordpress\/ -->\n<title>Galardones \u00danicos al desarrollo econ\u00f3mico y social de la provincia de Almer\u00eda - AJE Almer\u00eda<\/title>\n<meta name=\"robots\" content=\"index, follow, max-snippet:-1, max-image-preview:large, max-video-preview:-1\" \/>\n<link rel=\"canonical\" href=\"https:\/\/ajeandalucia.org\/almeria\/2017\/06\/02\/galardones-unicos-al-desarrollo-economico-y-social-de-la-provincia-de-almeria\/\" \/>\n<meta property=\"og:locale\" content=\"es_ES\" \/>\n<meta property=\"og:type\" content=\"article\" \/>\n<meta property=\"og:title\" content=\"Galardones \u00danicos al desarrollo econ\u00f3mico y social de la provincia de Almer\u00eda - AJE Almer\u00eda\" \/>\n<meta property=\"og:description\" content=\"AJE Almer\u00eda re\u00fane a m\u00e1s de 500 personas en su homenaje a \u2018personas \u00fanicas\u2019 que trabajan por la provincia La [&hellip;]\" \/>\n<meta property=\"og:url\" content=\"https:\/\/ajeandalucia.org\/almeria\/2017\/06\/02\/galardones-unicos-al-desarrollo-economico-y-social-de-la-provincia-de-almeria\/\" \/>\n<meta property=\"og:site_name\" content=\"AJE Almer\u00eda\" \/>\n<meta property=\"article:published_time\" content=\"2017-06-02T07:53:50+00:00\" \/>\n<meta property=\"article:modified_time\" content=\"2017-10-02T17:06:27+00:00\" \/>\n<meta property=\"og:image\" content=\"https:\/\/ajeandalucia.org\/almeria\/wp-content\/uploads\/sites\/3\/2017\/09\/AJE00130.jpg\" \/>\n\t<meta property=\"og:image:width\" content=\"3440\" \/>\n\t<meta property=\"og:image:height\" content=\"1380\" \/>\n\t<meta property=\"og:image:type\" content=\"image\/jpeg\" \/>\n<meta name=\"author\" content=\"almeria\" \/>\n<meta name=\"twitter:card\" content=\"summary_large_image\" \/>\n<meta name=\"twitter:label1\" content=\"Escrito por\" \/>\n\t<meta name=\"twitter:data1\" content=\"almeria\" \/>\n\t<meta name=\"twitter:label2\" content=\"Tiempo de lectura\" \/>\n\t<meta name=\"twitter:data2\" content=\"7 minutos\" \/>\n<script type=\"application\/ld+json\" class=\"yoast-schema-graph\">{\"@context\":\"https:\/\/schema.org\",\"@graph\":[{\"@type\":\"Article\",\"@id\":\"https:\/\/ajeandalucia.org\/almeria\/2017\/06\/02\/galardones-unicos-al-desarrollo-economico-y-social-de-la-provincia-de-almeria\/#article\",\"isPartOf\":{\"@id\":\"https:\/\/ajeandalucia.org\/almeria\/2017\/06\/02\/galardones-unicos-al-desarrollo-economico-y-social-de-la-provincia-de-almeria\/\"},\"author\":{\"name\":\"almeria\",\"@id\":\"https:\/\/ajeandalucia.org\/almeria\/#\/schema\/person\/9336ac50bc8c90053f6bf3b99e5c7d7b\"},\"headline\":\"Galardones \u00danicos al desarrollo econ\u00f3mico y social de la provincia de Almer\u00eda\",\"datePublished\":\"2017-06-02T07:53:50+00:00\",\"dateModified\":\"2017-10-02T17:06:27+00:00\",\"mainEntityOfPage\":{\"@id\":\"https:\/\/ajeandalucia.org\/almeria\/2017\/06\/02\/galardones-unicos-al-desarrollo-economico-y-social-de-la-provincia-de-almeria\/\"},\"wordCount\":1393,\"commentCount\":0,\"publisher\":{\"@id\":\"https:\/\/ajeandalucia.org\/almeria\/#organization\"},\"image\":{\"@id\":\"https:\/\/ajeandalucia.org\/almeria\/2017\/06\/02\/galardones-unicos-al-desarrollo-economico-y-social-de-la-provincia-de-almeria\/#primaryimage\"},\"thumbnailUrl\":\"https:\/\/ajeandalucia.org\/almeria\/wp-content\/uploads\/sites\/3\/2017\/09\/AJE00130.jpg\",\"keywords\":[\"aje almeria\",\"emprendedores\",\"empresarios\",\"galardones \u00fanicos\",\"j\u00f3venes empresarios\"],\"articleSection\":[\"Noticias\"],\"inLanguage\":\"es\",\"potentialAction\":[{\"@type\":\"CommentAction\",\"name\":\"Comment\",\"target\":[\"https:\/\/ajeandalucia.org\/almeria\/2017\/06\/02\/galardones-unicos-al-desarrollo-economico-y-social-de-la-provincia-de-almeria\/#respond\"]}]},{\"@type\":\"WebPage\",\"@id\":\"https:\/\/ajeandalucia.org\/almeria\/2017\/06\/02\/galardones-unicos-al-desarrollo-economico-y-social-de-la-provincia-de-almeria\/\",\"url\":\"https:\/\/ajeandalucia.org\/almeria\/2017\/06\/02\/galardones-unicos-al-desarrollo-economico-y-social-de-la-provincia-de-almeria\/\",\"name\":\"Galardones \u00danicos al desarrollo econ\u00f3mico y social de la provincia de Almer\u00eda - AJE Almer\u00eda\",\"isPartOf\":{\"@id\":\"https:\/\/ajeandalucia.org\/almeria\/#website\"},\"primaryImageOfPage\":{\"@id\":\"https:\/\/ajeandalucia.org\/almeria\/2017\/06\/02\/galardones-unicos-al-desarrollo-economico-y-social-de-la-provincia-de-almeria\/#primaryimage\"},\"image\":{\"@id\":\"https:\/\/ajeandalucia.org\/almeria\/2017\/06\/02\/galardones-unicos-al-desarrollo-economico-y-social-de-la-provincia-de-almeria\/#primaryimage\"},\"thumbnailUrl\":\"https:\/\/ajeandalucia.org\/almeria\/wp-content\/uploads\/sites\/3\/2017\/09\/AJE00130.jpg\",\"datePublished\":\"2017-06-02T07:53:50+00:00\",\"dateModified\":\"2017-10-02T17:06:27+00:00\",\"breadcrumb\":{\"@id\":\"https:\/\/ajeandalucia.org\/almeria\/2017\/06\/02\/galardones-unicos-al-desarrollo-economico-y-social-de-la-provincia-de-almeria\/#breadcrumb\"},\"inLanguage\":\"es\",\"potentialAction\":[{\"@type\":\"ReadAction\",\"target\":[\"https:\/\/ajeandalucia.org\/almeria\/2017\/06\/02\/galardones-unicos-al-desarrollo-economico-y-social-de-la-provincia-de-almeria\/\"]}]},{\"@type\":\"ImageObject\",\"inLanguage\":\"es\",\"@id\":\"https:\/\/ajeandalucia.org\/almeria\/2017\/06\/02\/galardones-unicos-al-desarrollo-economico-y-social-de-la-provincia-de-almeria\/#primaryimage\",\"url\":\"https:\/\/ajeandalucia.org\/almeria\/wp-content\/uploads\/sites\/3\/2017\/09\/AJE00130.jpg\",\"contentUrl\":\"https:\/\/ajeandalucia.org\/almeria\/wp-content\/uploads\/sites\/3\/2017\/09\/AJE00130.jpg\",\"width\":3440,\"height\":1380},{\"@type\":\"BreadcrumbList\",\"@id\":\"https:\/\/ajeandalucia.org\/almeria\/2017\/06\/02\/galardones-unicos-al-desarrollo-economico-y-social-de-la-provincia-de-almeria\/#breadcrumb\",\"itemListElement\":[{\"@type\":\"ListItem\",\"position\":1,\"name\":\"Portada\",\"item\":\"https:\/\/ajeandalucia.org\/almeria\/\"},{\"@type\":\"ListItem\",\"position\":2,\"name\":\"Galardones \u00danicos al desarrollo econ\u00f3mico y social de la provincia de Almer\u00eda\"}]},{\"@type\":\"WebSite\",\"@id\":\"https:\/\/ajeandalucia.org\/almeria\/#website\",\"url\":\"https:\/\/ajeandalucia.org\/almeria\/\",\"name\":\"AJE Almer\u00eda\",\"description\":\"Otro sitio m\u00e1s de AJE Andaluc\u00eda\",\"publisher\":{\"@id\":\"https:\/\/ajeandalucia.org\/almeria\/#organization\"},\"potentialAction\":[{\"@type\":\"SearchAction\",\"target\":{\"@type\":\"EntryPoint\",\"urlTemplate\":\"https:\/\/ajeandalucia.org\/almeria\/?s={search_term_string}\"},\"query-input\":{\"@type\":\"PropertyValueSpecification\",\"valueRequired\":true,\"valueName\":\"search_term_string\"}}],\"inLanguage\":\"es\"},{\"@type\":\"Organization\",\"@id\":\"https:\/\/ajeandalucia.org\/almeria\/#organization\",\"name\":\"AJE Almer\u00eda\",\"url\":\"https:\/\/ajeandalucia.org\/almeria\/\",\"logo\":{\"@type\":\"ImageObject\",\"inLanguage\":\"es\",\"@id\":\"https:\/\/ajeandalucia.org\/almeria\/#\/schema\/logo\/image\/\",\"url\":\"https:\/\/ajeandalucia.org\/almeria\/wp-content\/uploads\/sites\/3\/2025\/01\/AJE-ALMERIA-horizontal.png\",\"contentUrl\":\"https:\/\/ajeandalucia.org\/almeria\/wp-content\/uploads\/sites\/3\/2025\/01\/AJE-ALMERIA-horizontal.png\",\"width\":605,\"height\":200,\"caption\":\"AJE Almer\u00eda\"},\"image\":{\"@id\":\"https:\/\/ajeandalucia.org\/almeria\/#\/schema\/logo\/image\/\"}},{\"@type\":\"Person\",\"@id\":\"https:\/\/ajeandalucia.org\/almeria\/#\/schema\/person\/9336ac50bc8c90053f6bf3b99e5c7d7b\",\"name\":\"almeria\",\"image\":{\"@type\":\"ImageObject\",\"inLanguage\":\"es\",\"@id\":\"https:\/\/ajeandalucia.org\/almeria\/#\/schema\/person\/image\/\",\"url\":\"https:\/\/secure.gravatar.com\/avatar\/f5b6b7d37a8f964bd96d1a7752fc3160bb98a16a08fda2bb6fb3a80845dae5d6?s=96&d=mm&r=g\",\"contentUrl\":\"https:\/\/secure.gravatar.com\/avatar\/f5b6b7d37a8f964bd96d1a7752fc3160bb98a16a08fda2bb6fb3a80845dae5d6?s=96&d=mm&r=g\",\"caption\":\"almeria\"},\"sameAs\":[\"http:\/\/www.ajealmeria.org\/\"],\"url\":\"https:\/\/ajeandalucia.org\/almeria\/author\/almeria\/\"}]}<\/script>\n<!-- \/ Yoast SEO plugin. -->","yoast_head_json":{"title":"Galardones \u00danicos al desarrollo econ\u00f3mico y social de la provincia de Almer\u00eda - AJE Almer\u00eda","robots":{"index":"index","follow":"follow","max-snippet":"max-snippet:-1","max-image-preview":"max-image-preview:large","max-video-preview":"max-video-preview:-1"},"canonical":"https:\/\/ajeandalucia.org\/almeria\/2017\/06\/02\/galardones-unicos-al-desarrollo-economico-y-social-de-la-provincia-de-almeria\/","og_locale":"es_ES","og_type":"article","og_title":"Galardones \u00danicos al desarrollo econ\u00f3mico y social de la provincia de Almer\u00eda - AJE Almer\u00eda","og_description":"AJE Almer\u00eda re\u00fane a m\u00e1s de 500 personas en su homenaje a \u2018personas \u00fanicas\u2019 que trabajan por la provincia La [&hellip;]","og_url":"https:\/\/ajeandalucia.org\/almeria\/2017\/06\/02\/galardones-unicos-al-desarrollo-economico-y-social-de-la-provincia-de-almeria\/","og_site_name":"AJE Almer\u00eda","article_published_time":"2017-06-02T07:53:50+00:00","article_modified_time":"2017-10-02T17:06:27+00:00","og_image":[{"width":3440,"height":1380,"url":"https:\/\/ajeandalucia.org\/almeria\/wp-content\/uploads\/sites\/3\/2017\/09\/AJE00130.jpg","type":"image\/jpeg"}],"author":"almeria","twitter_card":"summary_large_image","twitter_misc":{"Escrito por":"almeria","Tiempo de lectura":"7 minutos"},"schema":{"@context":"https:\/\/schema.org","@graph":[{"@type":"Article","@id":"https:\/\/ajeandalucia.org\/almeria\/2017\/06\/02\/galardones-unicos-al-desarrollo-economico-y-social-de-la-provincia-de-almeria\/#article","isPartOf":{"@id":"https:\/\/ajeandalucia.org\/almeria\/2017\/06\/02\/galardones-unicos-al-desarrollo-economico-y-social-de-la-provincia-de-almeria\/"},"author":{"name":"almeria","@id":"https:\/\/ajeandalucia.org\/almeria\/#\/schema\/person\/9336ac50bc8c90053f6bf3b99e5c7d7b"},"headline":"Galardones \u00danicos al desarrollo econ\u00f3mico y social de la provincia de Almer\u00eda","datePublished":"2017-06-02T07:53:50+00:00","dateModified":"2017-10-02T17:06:27+00:00","mainEntityOfPage":{"@id":"https:\/\/ajeandalucia.org\/almeria\/2017\/06\/02\/galardones-unicos-al-desarrollo-economico-y-social-de-la-provincia-de-almeria\/"},"wordCount":1393,"commentCount":0,"publisher":{"@id":"https:\/\/ajeandalucia.org\/almeria\/#organization"},"image":{"@id":"https:\/\/ajeandalucia.org\/almeria\/2017\/06\/02\/galardones-unicos-al-desarrollo-economico-y-social-de-la-provincia-de-almeria\/#primaryimage"},"thumbnailUrl":"https:\/\/ajeandalucia.org\/almeria\/wp-content\/uploads\/sites\/3\/2017\/09\/AJE00130.jpg","keywords":["aje almeria","emprendedores","empresarios","galardones \u00fanicos","j\u00f3venes empresarios"],"articleSection":["Noticias"],"inLanguage":"es","potentialAction":[{"@type":"CommentAction","name":"Comment","target":["https:\/\/ajeandalucia.org\/almeria\/2017\/06\/02\/galardones-unicos-al-desarrollo-economico-y-social-de-la-provincia-de-almeria\/#respond"]}]},{"@type":"WebPage","@id":"https:\/\/ajeandalucia.org\/almeria\/2017\/06\/02\/galardones-unicos-al-desarrollo-economico-y-social-de-la-provincia-de-almeria\/","url":"https:\/\/ajeandalucia.org\/almeria\/2017\/06\/02\/galardones-unicos-al-desarrollo-economico-y-social-de-la-provincia-de-almeria\/","name":"Galardones \u00danicos al desarrollo econ\u00f3mico y social de la provincia de Almer\u00eda - AJE Almer\u00eda","isPartOf":{"@id":"https:\/\/ajeandalucia.org\/almeria\/#website"},"primaryImageOfPage":{"@id":"https:\/\/ajeandalucia.org\/almeria\/2017\/06\/02\/galardones-unicos-al-desarrollo-economico-y-social-de-la-provincia-de-almeria\/#primaryimage"},"image":{"@id":"https:\/\/ajeandalucia.org\/almeria\/2017\/06\/02\/galardones-unicos-al-desarrollo-economico-y-social-de-la-provincia-de-almeria\/#primaryimage"},"thumbnailUrl":"https:\/\/ajeandalucia.org\/almeria\/wp-content\/uploads\/sites\/3\/2017\/09\/AJE00130.jpg","datePublished":"2017-06-02T07:53:50+00:00","dateModified":"2017-10-02T17:06:27+00:00","breadcrumb":{"@id":"https:\/\/ajeandalucia.org\/almeria\/2017\/06\/02\/galardones-unicos-al-desarrollo-economico-y-social-de-la-provincia-de-almeria\/#breadcrumb"},"inLanguage":"es","potentialAction":[{"@type":"ReadAction","target":["https:\/\/ajeandalucia.org\/almeria\/2017\/06\/02\/galardones-unicos-al-desarrollo-economico-y-social-de-la-provincia-de-almeria\/"]}]},{"@type":"ImageObject","inLanguage":"es","@id":"https:\/\/ajeandalucia.org\/almeria\/2017\/06\/02\/galardones-unicos-al-desarrollo-economico-y-social-de-la-provincia-de-almeria\/#primaryimage","url":"https:\/\/ajeandalucia.org\/almeria\/wp-content\/uploads\/sites\/3\/2017\/09\/AJE00130.jpg","contentUrl":"https:\/\/ajeandalucia.org\/almeria\/wp-content\/uploads\/sites\/3\/2017\/09\/AJE00130.jpg","width":3440,"height":1380},{"@type":"BreadcrumbList","@id":"https:\/\/ajeandalucia.org\/almeria\/2017\/06\/02\/galardones-unicos-al-desarrollo-economico-y-social-de-la-provincia-de-almeria\/#breadcrumb","itemListElement":[{"@type":"ListItem","position":1,"name":"Portada","item":"https:\/\/ajeandalucia.org\/almeria\/"},{"@type":"ListItem","position":2,"name":"Galardones \u00danicos al desarrollo econ\u00f3mico y social de la provincia de Almer\u00eda"}]},{"@type":"WebSite","@id":"https:\/\/ajeandalucia.org\/almeria\/#website","url":"https:\/\/ajeandalucia.org\/almeria\/","name":"AJE Almer\u00eda","description":"Otro sitio m\u00e1s de AJE Andaluc\u00eda","publisher":{"@id":"https:\/\/ajeandalucia.org\/almeria\/#organization"},"potentialAction":[{"@type":"SearchAction","target":{"@type":"EntryPoint","urlTemplate":"https:\/\/ajeandalucia.org\/almeria\/?s={search_term_string}"},"query-input":{"@type":"PropertyValueSpecification","valueRequired":true,"valueName":"search_term_string"}}],"inLanguage":"es"},{"@type":"Organization","@id":"https:\/\/ajeandalucia.org\/almeria\/#organization","name":"AJE Almer\u00eda","url":"https:\/\/ajeandalucia.org\/almeria\/","logo":{"@type":"ImageObject","inLanguage":"es","@id":"https:\/\/ajeandalucia.org\/almeria\/#\/schema\/logo\/image\/","url":"https:\/\/ajeandalucia.org\/almeria\/wp-content\/uploads\/sites\/3\/2025\/01\/AJE-ALMERIA-horizontal.png","contentUrl":"https:\/\/ajeandalucia.org\/almeria\/wp-content\/uploads\/sites\/3\/2025\/01\/AJE-ALMERIA-horizontal.png","width":605,"height":200,"caption":"AJE Almer\u00eda"},"image":{"@id":"https:\/\/ajeandalucia.org\/almeria\/#\/schema\/logo\/image\/"}},{"@type":"Person","@id":"https:\/\/ajeandalucia.org\/almeria\/#\/schema\/person\/9336ac50bc8c90053f6bf3b99e5c7d7b","name":"almeria","image":{"@type":"ImageObject","inLanguage":"es","@id":"https:\/\/ajeandalucia.org\/almeria\/#\/schema\/person\/image\/","url":"https:\/\/secure.gravatar.com\/avatar\/f5b6b7d37a8f964bd96d1a7752fc3160bb98a16a08fda2bb6fb3a80845dae5d6?s=96&d=mm&r=g","contentUrl":"https:\/\/secure.gravatar.com\/avatar\/f5b6b7d37a8f964bd96d1a7752fc3160bb98a16a08fda2bb6fb3a80845dae5d6?s=96&d=mm&r=g","caption":"almeria"},"sameAs":["http:\/\/www.ajealmeria.org\/"],"url":"https:\/\/ajeandalucia.org\/almeria\/author\/almeria\/"}]}},"_links":{"self":[{"href":"https:\/\/ajeandalucia.org\/almeria\/wp-json\/wp\/v2\/posts\/554","targetHints":{"allow":["GET"]}}],"collection":[{"href":"https:\/\/ajeandalucia.org\/almeria\/wp-json\/wp\/v2\/posts"}],"about":[{"href":"https:\/\/ajeandalucia.org\/almeria\/wp-json\/wp\/v2\/types\/post"}],"author":[{"embeddable":true,"href":"https:\/\/ajeandalucia.org\/almeria\/wp-json\/wp\/v2\/users\/3"}],"replies":[{"embeddable":true,"href":"https:\/\/ajeandalucia.org\/almeria\/wp-json\/wp\/v2\/comments?post=554"}],"version-history":[{"count":28,"href":"https:\/\/ajeandalucia.org\/almeria\/wp-json\/wp\/v2\/posts\/554\/revisions"}],"predecessor-version":[{"id":651,"href":"https:\/\/ajeandalucia.org\/almeria\/wp-json\/wp\/v2\/posts\/554\/revisions\/651"}],"wp:featuredmedia":[{"embeddable":true,"href":"https:\/\/ajeandalucia.org\/almeria\/wp-json\/wp\/v2\/media\/555"}],"wp:attachment":[{"href":"https:\/\/ajeandalucia.org\/almeria\/wp-json\/wp\/v2\/media?parent=554"}],"wp:term":[{"taxonomy":"category","embeddable":true,"href":"https:\/\/ajeandalucia.org\/almeria\/wp-json\/wp\/v2\/categories?post=554"},{"taxonomy":"post_tag","embeddable":true,"href":"https:\/\/ajeandalucia.org\/almeria\/wp-json\/wp\/v2\/tags?post=554"}],"curies":[{"name":"wp","href":"https:\/\/api.w.org\/{rel}","templated":true}]}}