{"id":639,"date":"2017-06-19T11:15:29","date_gmt":"2017-06-19T11:15:29","guid":{"rendered":"http:\/\/www.ajeandalucia.org\/almeria\/?p=639"},"modified":"2017-10-02T17:11:38","modified_gmt":"2017-10-02T17:11:38","slug":"aje-almeria-asiste-a-los-premios-empresariales-asempal-2017","status":"publish","type":"post","link":"https:\/\/ajeandalucia.org\/almeria\/2017\/06\/19\/aje-almeria-asiste-a-los-premios-empresariales-asempal-2017\/","title":{"rendered":"AJE Almer\u00eda asiste a los Premios Empresariales ASEMPAL 2017"},"content":{"rendered":"<p style=\"text-align: justify\">ASEMPAL hizo entrega el viernes por la noche de sus Premios Empresariales con los que reconoce el esfuerzo y compromiso de empresarios y empresas referentes de la econom\u00eda de la provincia. Trescientos empresarios arroparon a los tres galardonados en esta s\u00e9ptima edici\u00f3n de los Premios, que cont\u00f3 con el patrocinio de Cajamar Caja Rural y en la que tambi\u00e9n se conmemor\u00f3 el 40 aniversario de la creaci\u00f3n de ASEMPAL.<\/p>\n<p style=\"text-align: justify\">El incomparable marco del hotel La Env\u00eda reuni\u00f3 a 300 empresarios y a las m\u00e1ximas autoridades de la provincia, as\u00ed como al presidente de la Confederaci\u00f3n de Empresarios de Andaluc\u00eda, CEA, Javier Gonz\u00e1lez de Lara, al presidente de la Confederaci\u00f3n Espa\u00f1ola de la Peque\u00f1a y Mediana Empresa (CEPYME) y el vicepresidente de CEOE, Antonio Garamendi. Adem\u00e1s, junto a todos ellos, varios miembros de la junta directiva de AJE Almer\u00eda asistieron para apoyar, con su presencia, a los verdaderos protagonistas de la jornada: Antonio Belzunces Rojas, premiado por su\u00a0 Trayectoria Empresarial; Hortofrut\u00edcola Costa de Almer\u00eda, premio a la \u201cIniciativa Empresarial\u201d, y el Grupo Control Dimoba, galardonado al \u201cCompromiso Empresarial\u201d.<\/p>\n<p style=\"text-align: justify\">En su intervenci\u00f3n, el presidente de Asempal, Jos\u00e9 Cano Garc\u00eda, record\u00f3 que ASEMPAL naci\u00f3 hace 40 a\u00f1os con los primeros pasos de la democracia, gracias al impulso de un grupo de empresarios pioneros que apostaron por una organizaci\u00f3n empresarial que defendiera y representara al colectivo empresarial.<\/p>\n<p style=\"text-align: justify\">Jos\u00e9 Cano se\u00f1al\u00f3 que, en estas cuatro d\u00e9cadas, Almer\u00eda ha experimentado la etapa econ\u00f3mica m\u00e1s brillante de su historia y la m\u00e1s intensa a nivel empresarial. Un progreso impulsado por las peque\u00f1as y medianas empresas de esta provincia y en el que Asempal ha sido una pieza fundamental, defendiendo y respaldando los intereses generales de empresas y aut\u00f3nomos.<\/p>\n","protected":false},"excerpt":{"rendered":"<p>ASEMPAL hizo entrega el viernes por la noche de sus Premios Empresariales con los que reconoce el esfuerzo y compromiso [&hellip;]<\/p>\n","protected":false},"author":3,"featured_media":640,"comment_status":"open","ping_status":"open","sticky":false,"template":"","format":"standard","meta":{"_acf_changed":false,"site-sidebar-layout":"default","site-content-layout":"","ast-site-content-layout":"default","site-content-style":"default","site-sidebar-style":"default","ast-global-header-display":"","ast-banner-title-visibility":"","ast-main-header-display":"","ast-hfb-above-header-display":"","ast-hfb-below-header-display":"","ast-hfb-mobile-header-display":"","site-post-title":"","ast-breadcrumbs-content":"","ast-featured-img":"","footer-sml-layout":"","ast-disable-related-posts":"","theme-transparent-header-meta":"","adv-header-id-meta":"","stick-header-meta":"","header-above-stick-meta":"","header-main-stick-meta":"","header-below-stick-meta":"","astra-migrate-meta-layouts":"default","ast-page-background-enabled":"default","ast-page-background-meta":{"desktop":{"background-color":"var(--ast-global-color-5)","background-image":"","background-repeat":"repeat","background-position":"center center","background-size":"auto","background-attachment":"scroll","background-type":"","background-media":"","overlay-type":"","overlay-color":"","overlay-opacity":"","overlay-gradient":""},"tablet":{"background-color":"","background-image":"","background-repeat":"repeat","background-position":"center center","background-size":"auto","background-attachment":"scroll","background-type":"","background-media":"","overlay-type":"","overlay-color":"","overlay-opacity":"","overlay-gradient":""},"mobile":{"background-color":"","background-image":"","background-repeat":"repeat","background-position":"center center","background-size":"auto","background-attachment":"scroll","background-type":"","background-media":"","overlay-type":"","overlay-color":"","overlay-opacity":"","overlay-gradient":""}},"ast-content-background-meta":{"desktop":{"background-color":"var(--ast-global-color-4)","background-image":"","background-repeat":"repeat","background-position":"center center","background-size":"auto","background-attachment":"scroll","background-type":"","background-media":"","overlay-type":"","overlay-color":"","overlay-opacity":"","overlay-gradient":""},"tablet":{"background-color":"var(--ast-global-color-4)","background-image":"","background-repeat":"repeat","background-position":"center center","background-size":"auto","background-attachment":"scroll","background-type":"","background-media":"","overlay-type":"","overlay-color":"","overlay-opacity":"","overlay-gradient":""},"mobile":{"background-color":"var(--ast-global-color-4)","background-image":"","background-repeat":"repeat","background-position":"center center","background-size":"auto","background-attachment":"scroll","background-type":"","background-media":"","overlay-type":"","overlay-color":"","overlay-opacity":"","overlay-gradient":""}},"footnotes":""},"categories":[8],"tags":[27,30,31,35],"class_list":["post-639","post","type-post","status-publish","format-standard","has-post-thumbnail","hentry","category-noticias","tag-aje-almeria","tag-emprendedores","tag-empresarios","tag-premios"],"acf":[],"yoast_head":"<!-- This site is optimized with the Yoast SEO plugin v26.9 - https:\/\/yoast.com\/product\/yoast-seo-wordpress\/ -->\n<title>AJE Almer\u00eda asiste a los Premios Empresariales ASEMPAL 2017 - AJE Almer\u00eda<\/title>\n<meta name=\"robots\" content=\"index, follow, max-snippet:-1, max-image-preview:large, max-video-preview:-1\" \/>\n<link rel=\"canonical\" href=\"https:\/\/ajeandalucia.org\/almeria\/2017\/06\/19\/aje-almeria-asiste-a-los-premios-empresariales-asempal-2017\/\" \/>\n<meta property=\"og:locale\" content=\"es_ES\" \/>\n<meta property=\"og:type\" content=\"article\" \/>\n<meta property=\"og:title\" content=\"AJE Almer\u00eda asiste a los Premios Empresariales ASEMPAL 2017 - AJE Almer\u00eda\" \/>\n<meta property=\"og:description\" content=\"ASEMPAL hizo entrega el viernes por la noche de sus Premios Empresariales con los que reconoce el esfuerzo y compromiso [&hellip;]\" \/>\n<meta property=\"og:url\" content=\"https:\/\/ajeandalucia.org\/almeria\/2017\/06\/19\/aje-almeria-asiste-a-los-premios-empresariales-asempal-2017\/\" \/>\n<meta property=\"og:site_name\" content=\"AJE Almer\u00eda\" \/>\n<meta property=\"article:published_time\" content=\"2017-06-19T11:15:29+00:00\" \/>\n<meta property=\"article:modified_time\" content=\"2017-10-02T17:11:38+00:00\" \/>\n<meta property=\"og:image\" content=\"https:\/\/ajeandalucia.org\/almeria\/wp-content\/uploads\/sites\/3\/2017\/09\/AJE-Almeria_16.06.2017_40-aniversario-ASEMPAL.jpg\" \/>\n\t<meta property=\"og:image:width\" content=\"1527\" \/>\n\t<meta property=\"og:image:height\" content=\"1081\" \/>\n\t<meta property=\"og:image:type\" content=\"image\/jpeg\" \/>\n<meta name=\"author\" content=\"almeria\" \/>\n<meta name=\"twitter:card\" content=\"summary_large_image\" \/>\n<meta name=\"twitter:label1\" content=\"Escrito por\" \/>\n\t<meta name=\"twitter:data1\" content=\"almeria\" \/>\n\t<meta name=\"twitter:label2\" content=\"Tiempo de lectura\" \/>\n\t<meta name=\"twitter:data2\" content=\"2 minutos\" \/>\n<script type=\"application\/ld+json\" class=\"yoast-schema-graph\">{\"@context\":\"https:\/\/schema.org\",\"@graph\":[{\"@type\":\"Article\",\"@id\":\"https:\/\/ajeandalucia.org\/almeria\/2017\/06\/19\/aje-almeria-asiste-a-los-premios-empresariales-asempal-2017\/#article\",\"isPartOf\":{\"@id\":\"https:\/\/ajeandalucia.org\/almeria\/2017\/06\/19\/aje-almeria-asiste-a-los-premios-empresariales-asempal-2017\/\"},\"author\":{\"name\":\"almeria\",\"@id\":\"https:\/\/ajeandalucia.org\/almeria\/#\/schema\/person\/9336ac50bc8c90053f6bf3b99e5c7d7b\"},\"headline\":\"AJE Almer\u00eda asiste a los Premios Empresariales ASEMPAL 2017\",\"datePublished\":\"2017-06-19T11:15:29+00:00\",\"dateModified\":\"2017-10-02T17:11:38+00:00\",\"mainEntityOfPage\":{\"@id\":\"https:\/\/ajeandalucia.org\/almeria\/2017\/06\/19\/aje-almeria-asiste-a-los-premios-empresariales-asempal-2017\/\"},\"wordCount\":316,\"commentCount\":0,\"publisher\":{\"@id\":\"https:\/\/ajeandalucia.org\/almeria\/#organization\"},\"image\":{\"@id\":\"https:\/\/ajeandalucia.org\/almeria\/2017\/06\/19\/aje-almeria-asiste-a-los-premios-empresariales-asempal-2017\/#primaryimage\"},\"thumbnailUrl\":\"https:\/\/ajeandalucia.org\/almeria\/wp-content\/uploads\/sites\/3\/2017\/09\/AJE-Almeria_16.06.2017_40-aniversario-ASEMPAL.jpg\",\"keywords\":[\"aje almeria\",\"emprendedores\",\"empresarios\",\"premios\"],\"articleSection\":[\"Noticias\"],\"inLanguage\":\"es\",\"potentialAction\":[{\"@type\":\"CommentAction\",\"name\":\"Comment\",\"target\":[\"https:\/\/ajeandalucia.org\/almeria\/2017\/06\/19\/aje-almeria-asiste-a-los-premios-empresariales-asempal-2017\/#respond\"]}]},{\"@type\":\"WebPage\",\"@id\":\"https:\/\/ajeandalucia.org\/almeria\/2017\/06\/19\/aje-almeria-asiste-a-los-premios-empresariales-asempal-2017\/\",\"url\":\"https:\/\/ajeandalucia.org\/almeria\/2017\/06\/19\/aje-almeria-asiste-a-los-premios-empresariales-asempal-2017\/\",\"name\":\"AJE Almer\u00eda asiste a los Premios Empresariales ASEMPAL 2017 - AJE Almer\u00eda\",\"isPartOf\":{\"@id\":\"https:\/\/ajeandalucia.org\/almeria\/#website\"},\"primaryImageOfPage\":{\"@id\":\"https:\/\/ajeandalucia.org\/almeria\/2017\/06\/19\/aje-almeria-asiste-a-los-premios-empresariales-asempal-2017\/#primaryimage\"},\"image\":{\"@id\":\"https:\/\/ajeandalucia.org\/almeria\/2017\/06\/19\/aje-almeria-asiste-a-los-premios-empresariales-asempal-2017\/#primaryimage\"},\"thumbnailUrl\":\"https:\/\/ajeandalucia.org\/almeria\/wp-content\/uploads\/sites\/3\/2017\/09\/AJE-Almeria_16.06.2017_40-aniversario-ASEMPAL.jpg\",\"datePublished\":\"2017-06-19T11:15:29+00:00\",\"dateModified\":\"2017-10-02T17:11:38+00:00\",\"breadcrumb\":{\"@id\":\"https:\/\/ajeandalucia.org\/almeria\/2017\/06\/19\/aje-almeria-asiste-a-los-premios-empresariales-asempal-2017\/#breadcrumb\"},\"inLanguage\":\"es\",\"potentialAction\":[{\"@type\":\"ReadAction\",\"target\":[\"https:\/\/ajeandalucia.org\/almeria\/2017\/06\/19\/aje-almeria-asiste-a-los-premios-empresariales-asempal-2017\/\"]}]},{\"@type\":\"ImageObject\",\"inLanguage\":\"es\",\"@id\":\"https:\/\/ajeandalucia.org\/almeria\/2017\/06\/19\/aje-almeria-asiste-a-los-premios-empresariales-asempal-2017\/#primaryimage\",\"url\":\"https:\/\/ajeandalucia.org\/almeria\/wp-content\/uploads\/sites\/3\/2017\/09\/AJE-Almeria_16.06.2017_40-aniversario-ASEMPAL.jpg\",\"contentUrl\":\"https:\/\/ajeandalucia.org\/almeria\/wp-content\/uploads\/sites\/3\/2017\/09\/AJE-Almeria_16.06.2017_40-aniversario-ASEMPAL.jpg\",\"width\":1527,\"height\":1081},{\"@type\":\"BreadcrumbList\",\"@id\":\"https:\/\/ajeandalucia.org\/almeria\/2017\/06\/19\/aje-almeria-asiste-a-los-premios-empresariales-asempal-2017\/#breadcrumb\",\"itemListElement\":[{\"@type\":\"ListItem\",\"position\":1,\"name\":\"Portada\",\"item\":\"https:\/\/ajeandalucia.org\/almeria\/\"},{\"@type\":\"ListItem\",\"position\":2,\"name\":\"AJE Almer\u00eda asiste a los Premios Empresariales ASEMPAL 2017\"}]},{\"@type\":\"WebSite\",\"@id\":\"https:\/\/ajeandalucia.org\/almeria\/#website\",\"url\":\"https:\/\/ajeandalucia.org\/almeria\/\",\"name\":\"AJE Almer\u00eda\",\"description\":\"Otro sitio m\u00e1s de AJE Andaluc\u00eda\",\"publisher\":{\"@id\":\"https:\/\/ajeandalucia.org\/almeria\/#organization\"},\"potentialAction\":[{\"@type\":\"SearchAction\",\"target\":{\"@type\":\"EntryPoint\",\"urlTemplate\":\"https:\/\/ajeandalucia.org\/almeria\/?s={search_term_string}\"},\"query-input\":{\"@type\":\"PropertyValueSpecification\",\"valueRequired\":true,\"valueName\":\"search_term_string\"}}],\"inLanguage\":\"es\"},{\"@type\":\"Organization\",\"@id\":\"https:\/\/ajeandalucia.org\/almeria\/#organization\",\"name\":\"AJE Almer\u00eda\",\"url\":\"https:\/\/ajeandalucia.org\/almeria\/\",\"logo\":{\"@type\":\"ImageObject\",\"inLanguage\":\"es\",\"@id\":\"https:\/\/ajeandalucia.org\/almeria\/#\/schema\/logo\/image\/\",\"url\":\"https:\/\/ajeandalucia.org\/almeria\/wp-content\/uploads\/sites\/3\/2025\/01\/AJE-ALMERIA-horizontal.png\",\"contentUrl\":\"https:\/\/ajeandalucia.org\/almeria\/wp-content\/uploads\/sites\/3\/2025\/01\/AJE-ALMERIA-horizontal.png\",\"width\":605,\"height\":200,\"caption\":\"AJE Almer\u00eda\"},\"image\":{\"@id\":\"https:\/\/ajeandalucia.org\/almeria\/#\/schema\/logo\/image\/\"}},{\"@type\":\"Person\",\"@id\":\"https:\/\/ajeandalucia.org\/almeria\/#\/schema\/person\/9336ac50bc8c90053f6bf3b99e5c7d7b\",\"name\":\"almeria\",\"image\":{\"@type\":\"ImageObject\",\"inLanguage\":\"es\",\"@id\":\"https:\/\/ajeandalucia.org\/almeria\/#\/schema\/person\/image\/\",\"url\":\"https:\/\/secure.gravatar.com\/avatar\/f5b6b7d37a8f964bd96d1a7752fc3160bb98a16a08fda2bb6fb3a80845dae5d6?s=96&d=mm&r=g\",\"contentUrl\":\"https:\/\/secure.gravatar.com\/avatar\/f5b6b7d37a8f964bd96d1a7752fc3160bb98a16a08fda2bb6fb3a80845dae5d6?s=96&d=mm&r=g\",\"caption\":\"almeria\"},\"sameAs\":[\"http:\/\/www.ajealmeria.org\/\"],\"url\":\"https:\/\/ajeandalucia.org\/almeria\/author\/almeria\/\"}]}<\/script>\n<!-- \/ Yoast SEO plugin. -->","yoast_head_json":{"title":"AJE Almer\u00eda asiste a los Premios Empresariales ASEMPAL 2017 - AJE Almer\u00eda","robots":{"index":"index","follow":"follow","max-snippet":"max-snippet:-1","max-image-preview":"max-image-preview:large","max-video-preview":"max-video-preview:-1"},"canonical":"https:\/\/ajeandalucia.org\/almeria\/2017\/06\/19\/aje-almeria-asiste-a-los-premios-empresariales-asempal-2017\/","og_locale":"es_ES","og_type":"article","og_title":"AJE Almer\u00eda asiste a los Premios Empresariales ASEMPAL 2017 - AJE Almer\u00eda","og_description":"ASEMPAL hizo entrega el viernes por la noche de sus Premios Empresariales con los que reconoce el esfuerzo y compromiso [&hellip;]","og_url":"https:\/\/ajeandalucia.org\/almeria\/2017\/06\/19\/aje-almeria-asiste-a-los-premios-empresariales-asempal-2017\/","og_site_name":"AJE Almer\u00eda","article_published_time":"2017-06-19T11:15:29+00:00","article_modified_time":"2017-10-02T17:11:38+00:00","og_image":[{"width":1527,"height":1081,"url":"https:\/\/ajeandalucia.org\/almeria\/wp-content\/uploads\/sites\/3\/2017\/09\/AJE-Almeria_16.06.2017_40-aniversario-ASEMPAL.jpg","type":"image\/jpeg"}],"author":"almeria","twitter_card":"summary_large_image","twitter_misc":{"Escrito por":"almeria","Tiempo de lectura":"2 minutos"},"schema":{"@context":"https:\/\/schema.org","@graph":[{"@type":"Article","@id":"https:\/\/ajeandalucia.org\/almeria\/2017\/06\/19\/aje-almeria-asiste-a-los-premios-empresariales-asempal-2017\/#article","isPartOf":{"@id":"https:\/\/ajeandalucia.org\/almeria\/2017\/06\/19\/aje-almeria-asiste-a-los-premios-empresariales-asempal-2017\/"},"author":{"name":"almeria","@id":"https:\/\/ajeandalucia.org\/almeria\/#\/schema\/person\/9336ac50bc8c90053f6bf3b99e5c7d7b"},"headline":"AJE Almer\u00eda asiste a los Premios Empresariales ASEMPAL 2017","datePublished":"2017-06-19T11:15:29+00:00","dateModified":"2017-10-02T17:11:38+00:00","mainEntityOfPage":{"@id":"https:\/\/ajeandalucia.org\/almeria\/2017\/06\/19\/aje-almeria-asiste-a-los-premios-empresariales-asempal-2017\/"},"wordCount":316,"commentCount":0,"publisher":{"@id":"https:\/\/ajeandalucia.org\/almeria\/#organization"},"image":{"@id":"https:\/\/ajeandalucia.org\/almeria\/2017\/06\/19\/aje-almeria-asiste-a-los-premios-empresariales-asempal-2017\/#primaryimage"},"thumbnailUrl":"https:\/\/ajeandalucia.org\/almeria\/wp-content\/uploads\/sites\/3\/2017\/09\/AJE-Almeria_16.06.2017_40-aniversario-ASEMPAL.jpg","keywords":["aje almeria","emprendedores","empresarios","premios"],"articleSection":["Noticias"],"inLanguage":"es","potentialAction":[{"@type":"CommentAction","name":"Comment","target":["https:\/\/ajeandalucia.org\/almeria\/2017\/06\/19\/aje-almeria-asiste-a-los-premios-empresariales-asempal-2017\/#respond"]}]},{"@type":"WebPage","@id":"https:\/\/ajeandalucia.org\/almeria\/2017\/06\/19\/aje-almeria-asiste-a-los-premios-empresariales-asempal-2017\/","url":"https:\/\/ajeandalucia.org\/almeria\/2017\/06\/19\/aje-almeria-asiste-a-los-premios-empresariales-asempal-2017\/","name":"AJE Almer\u00eda asiste a los Premios Empresariales ASEMPAL 2017 - AJE Almer\u00eda","isPartOf":{"@id":"https:\/\/ajeandalucia.org\/almeria\/#website"},"primaryImageOfPage":{"@id":"https:\/\/ajeandalucia.org\/almeria\/2017\/06\/19\/aje-almeria-asiste-a-los-premios-empresariales-asempal-2017\/#primaryimage"},"image":{"@id":"https:\/\/ajeandalucia.org\/almeria\/2017\/06\/19\/aje-almeria-asiste-a-los-premios-empresariales-asempal-2017\/#primaryimage"},"thumbnailUrl":"https:\/\/ajeandalucia.org\/almeria\/wp-content\/uploads\/sites\/3\/2017\/09\/AJE-Almeria_16.06.2017_40-aniversario-ASEMPAL.jpg","datePublished":"2017-06-19T11:15:29+00:00","dateModified":"2017-10-02T17:11:38+00:00","breadcrumb":{"@id":"https:\/\/ajeandalucia.org\/almeria\/2017\/06\/19\/aje-almeria-asiste-a-los-premios-empresariales-asempal-2017\/#breadcrumb"},"inLanguage":"es","potentialAction":[{"@type":"ReadAction","target":["https:\/\/ajeandalucia.org\/almeria\/2017\/06\/19\/aje-almeria-asiste-a-los-premios-empresariales-asempal-2017\/"]}]},{"@type":"ImageObject","inLanguage":"es","@id":"https:\/\/ajeandalucia.org\/almeria\/2017\/06\/19\/aje-almeria-asiste-a-los-premios-empresariales-asempal-2017\/#primaryimage","url":"https:\/\/ajeandalucia.org\/almeria\/wp-content\/uploads\/sites\/3\/2017\/09\/AJE-Almeria_16.06.2017_40-aniversario-ASEMPAL.jpg","contentUrl":"https:\/\/ajeandalucia.org\/almeria\/wp-content\/uploads\/sites\/3\/2017\/09\/AJE-Almeria_16.06.2017_40-aniversario-ASEMPAL.jpg","width":1527,"height":1081},{"@type":"BreadcrumbList","@id":"https:\/\/ajeandalucia.org\/almeria\/2017\/06\/19\/aje-almeria-asiste-a-los-premios-empresariales-asempal-2017\/#breadcrumb","itemListElement":[{"@type":"ListItem","position":1,"name":"Portada","item":"https:\/\/ajeandalucia.org\/almeria\/"},{"@type":"ListItem","position":2,"name":"AJE Almer\u00eda asiste a los Premios Empresariales ASEMPAL 2017"}]},{"@type":"WebSite","@id":"https:\/\/ajeandalucia.org\/almeria\/#website","url":"https:\/\/ajeandalucia.org\/almeria\/","name":"AJE Almer\u00eda","description":"Otro sitio m\u00e1s de AJE Andaluc\u00eda","publisher":{"@id":"https:\/\/ajeandalucia.org\/almeria\/#organization"},"potentialAction":[{"@type":"SearchAction","target":{"@type":"EntryPoint","urlTemplate":"https:\/\/ajeandalucia.org\/almeria\/?s={search_term_string}"},"query-input":{"@type":"PropertyValueSpecification","valueRequired":true,"valueName":"search_term_string"}}],"inLanguage":"es"},{"@type":"Organization","@id":"https:\/\/ajeandalucia.org\/almeria\/#organization","name":"AJE Almer\u00eda","url":"https:\/\/ajeandalucia.org\/almeria\/","logo":{"@type":"ImageObject","inLanguage":"es","@id":"https:\/\/ajeandalucia.org\/almeria\/#\/schema\/logo\/image\/","url":"https:\/\/ajeandalucia.org\/almeria\/wp-content\/uploads\/sites\/3\/2025\/01\/AJE-ALMERIA-horizontal.png","contentUrl":"https:\/\/ajeandalucia.org\/almeria\/wp-content\/uploads\/sites\/3\/2025\/01\/AJE-ALMERIA-horizontal.png","width":605,"height":200,"caption":"AJE Almer\u00eda"},"image":{"@id":"https:\/\/ajeandalucia.org\/almeria\/#\/schema\/logo\/image\/"}},{"@type":"Person","@id":"https:\/\/ajeandalucia.org\/almeria\/#\/schema\/person\/9336ac50bc8c90053f6bf3b99e5c7d7b","name":"almeria","image":{"@type":"ImageObject","inLanguage":"es","@id":"https:\/\/ajeandalucia.org\/almeria\/#\/schema\/person\/image\/","url":"https:\/\/secure.gravatar.com\/avatar\/f5b6b7d37a8f964bd96d1a7752fc3160bb98a16a08fda2bb6fb3a80845dae5d6?s=96&d=mm&r=g","contentUrl":"https:\/\/secure.gravatar.com\/avatar\/f5b6b7d37a8f964bd96d1a7752fc3160bb98a16a08fda2bb6fb3a80845dae5d6?s=96&d=mm&r=g","caption":"almeria"},"sameAs":["http:\/\/www.ajealmeria.org\/"],"url":"https:\/\/ajeandalucia.org\/almeria\/author\/almeria\/"}]}},"_links":{"self":[{"href":"https:\/\/ajeandalucia.org\/almeria\/wp-json\/wp\/v2\/posts\/639","targetHints":{"allow":["GET"]}}],"collection":[{"href":"https:\/\/ajeandalucia.org\/almeria\/wp-json\/wp\/v2\/posts"}],"about":[{"href":"https:\/\/ajeandalucia.org\/almeria\/wp-json\/wp\/v2\/types\/post"}],"author":[{"embeddable":true,"href":"https:\/\/ajeandalucia.org\/almeria\/wp-json\/wp\/v2\/users\/3"}],"replies":[{"embeddable":true,"href":"https:\/\/ajeandalucia.org\/almeria\/wp-json\/wp\/v2\/comments?post=639"}],"version-history":[{"count":2,"href":"https:\/\/ajeandalucia.org\/almeria\/wp-json\/wp\/v2\/posts\/639\/revisions"}],"predecessor-version":[{"id":647,"href":"https:\/\/ajeandalucia.org\/almeria\/wp-json\/wp\/v2\/posts\/639\/revisions\/647"}],"wp:featuredmedia":[{"embeddable":true,"href":"https:\/\/ajeandalucia.org\/almeria\/wp-json\/wp\/v2\/media\/640"}],"wp:attachment":[{"href":"https:\/\/ajeandalucia.org\/almeria\/wp-json\/wp\/v2\/media?parent=639"}],"wp:term":[{"taxonomy":"category","embeddable":true,"href":"https:\/\/ajeandalucia.org\/almeria\/wp-json\/wp\/v2\/categories?post=639"},{"taxonomy":"post_tag","embeddable":true,"href":"https:\/\/ajeandalucia.org\/almeria\/wp-json\/wp\/v2\/tags?post=639"}],"curies":[{"name":"wp","href":"https:\/\/api.w.org\/{rel}","templated":true}]}}