{"id":652,"date":"2017-06-26T08:32:25","date_gmt":"2017-06-26T08:32:25","guid":{"rendered":"http:\/\/www.ajeandalucia.org\/almeria\/?p=652"},"modified":"2018-01-23T16:52:21","modified_gmt":"2018-01-23T16:52:21","slug":"xv-premio-nacional-joven-empresario-2017","status":"publish","type":"post","link":"https:\/\/ajeandalucia.org\/almeria\/2017\/06\/26\/xv-premio-nacional-joven-empresario-2017\/","title":{"rendered":"XV PREMIO NACIONAL JOVEN EMPRESARIO \u2013 2017"},"content":{"rendered":"<p style=\"text-align: justify\">La <strong>XV edici\u00f3n del Premio Nacional Joven Empresario<\/strong> ya tiene ganador, <strong>Ra\u00fal Berdon\u00e9s,<\/strong> presidente ejecutivo del<span style=\"text-decoration: underline\"> Grupo Secuoya<\/span>, quien ha recogido este jueves el reconocimiento en su ciudad natal, Granada.<\/p>\n<p style=\"text-align: justify\">Seg\u00fan ha informado Asociaci\u00f3n de J\u00f3venes Empresarios (AJE) Granada, Berdon\u00e9s, con 38 a\u00f1os, dirige una de las productoras de referencia en el sector, creadora de contenidos audiovisuales para las principales cadenas televisivas y, desde 2016, fundadora del canal TEN. &#8220;No hay mayor orgullo que el que te reconozcan los tuyos: los empresarios. Si a esto le sumas que se entrega en mi tierra, la que llevo por bandera, la satisfacci\u00f3n es todav\u00eda mayor&#8221;, ha afirmado Berdon\u00e9s tras recoger el galard\u00f3n de manos de la ministra de Empleo y Seguridad Social, F\u00e1tima B\u00e1\u00f1ez, y el presidente de Ceaje, Ferm\u00edn Albaladejo.<\/p>\n<p><img loading=\"lazy\" decoding=\"async\" class=\"alignnone size-medium wp-image-658 aligncenter\" src=\"http:\/\/www.ajeandalucia.org\/almeria\/wp-content\/uploads\/sites\/3\/2017\/06\/foto.4.ganador_Raul-Berdones-300x136.jpg\" alt=\"foto.4.ganador_Raul-Berdones\" width=\"300\" height=\"136\" srcset=\"https:\/\/ajeandalucia.org\/almeria\/wp-content\/uploads\/sites\/3\/2017\/06\/foto.4.ganador_Raul-Berdones-300x136.jpg 300w, https:\/\/ajeandalucia.org\/almeria\/wp-content\/uploads\/sites\/3\/2017\/06\/foto.4.ganador_Raul-Berdones.jpg 620w\" sizes=\"auto, (max-width: 300px) 100vw, 300px\" \/><\/p>\n<p style=\"text-align: justify\">Ra\u00fal Berdon\u00e9s comenz\u00f3 su carrera emprendedora desde muy joven. A finales de 2007, con solo 28 a\u00f1os, fund\u00f3 el Grupo Secuoya que, poco despu\u00e9s, inici\u00f3 una carrera en ascenso. Hoy en d\u00eda, la empresa cuenta con m\u00e1s de 200 clientes en todo el mundo, emplea a casi un millar de personas de forma directa y se ha expandido internacionalmente a una decena de pa\u00edses. Adem\u00e1s, desde 2011 cotiza en el Mercado Alternativo Burs\u00e1til (MAB).<\/p>\n<p style=\"text-align: justify\">&#8220;La clave del \u00e9xito se inventa y se escribe todos los d\u00edas en un folio en blanco. Cuando crees en las cosas y tienes pasi\u00f3n por lo que haces, se consigue&#8221;, ha explicado emocionado el presidente de Secuoya a los j\u00f3venes empresarios. Durante su discurso, el premiado tambi\u00e9n ha agradecido el esfuerzo a AJE Granada, asociaci\u00f3n a la que pertenece y que este a\u00f1o se encargaba por primera vez de la organizaci\u00f3n del evento, que ha reunido en la capital nazar\u00ed a m\u00e1s de 400 empresarios del panorama nacional.<\/p>\n<p style=\"text-align: justify\">El presidente de AJE Granada, Melesio Pe\u00f1a, ha aprovechado la celebraci\u00f3n del evento para reivindicar el papel de los j\u00f3venes empresarios en la sociedad: &#8220;Parece que tenemos miedo de llamarnos empresarios y deber\u00edamos sentirnos orgullosos. Nosotros entendemos la empresa como un veh\u00edculo para mejorar la sociedad en la que vivimos y hacerla crecer&#8221;.<\/p>\n<p style=\"text-align: justify\">En esta ocasi\u00f3n, AJE Almer\u00eda arrop\u00f3 con su presencia la entrega de este galard\u00f3n \u00fanico que anualmente se otorga a emprendedores y empresarios menores de 41 a\u00f1os, valorando a los j\u00f3venes espa\u00f1oles que hayan logrado crear una empresa fuerte y competitiva, capaz de generar empleo y contribuir a la riqueza del pa\u00eds.<\/p>\n<p><img loading=\"lazy\" decoding=\"async\" class=\"alignnone size-full wp-image-661 aligncenter\" src=\"http:\/\/www.ajeandalucia.org\/almeria\/wp-content\/uploads\/sites\/3\/2017\/06\/FOTO.1.jpg\" alt=\"FOTO.1\" width=\"200\" height=\"200\" srcset=\"https:\/\/ajeandalucia.org\/almeria\/wp-content\/uploads\/sites\/3\/2017\/06\/FOTO.1.jpg 200w, https:\/\/ajeandalucia.org\/almeria\/wp-content\/uploads\/sites\/3\/2017\/06\/FOTO.1-150x150.jpg 150w\" sizes=\"auto, (max-width: 200px) 100vw, 200px\" \/><\/p>\n<p style=\"text-align: justify\">Adem\u00e1s del Premio Nacional Joven Empresario, tambi\u00e9n se han otorgado cinco acc\u00e9sits entre los 15 finalistas del concurso. En la categor\u00eda de mejor empresario con discapacidad ha recibido el galard\u00f3n Jes\u00fas Collado, fundador de Espai Universal. El acc\u00e9sit a la innovaci\u00f3n ha ido a parar a menos de I\u00f1igo Ayerra Ib\u00e1\u00f1ez, CEO de IedElectronics. Tambi\u00e9n ha recibido un reconocimiento, en este caso a la internacionalizaci\u00f3n, Guzm\u00e1n Veiga Pastor, fundador de I-Lanza. En el \u00e1mbito del compromiso social, el galardonado ha sido Pablo Sanagust\u00edn Saenz, CEO del Grupo Arelux. Por \u00faltimo, el jurado tambi\u00e9n ha valorado el relevo generacional, un acc\u00e9sit del que ha sido merecedor Luis Poblador Fern\u00e1ndez, gerente de Grupo Poblado<\/p>\n<div class=\"container bloque-2-columnas\"><\/div>\n","protected":false},"excerpt":{"rendered":"<p>La XV edici\u00f3n del Premio Nacional Joven Empresario ya tiene ganador, Ra\u00fal Berdon\u00e9s, presidente ejecutivo del Grupo Secuoya, quien ha [&hellip;]<\/p>\n","protected":false},"author":3,"featured_media":653,"comment_status":"open","ping_status":"open","sticky":false,"template":"","format":"standard","meta":{"_acf_changed":false,"site-sidebar-layout":"default","site-content-layout":"","ast-site-content-layout":"default","site-content-style":"default","site-sidebar-style":"default","ast-global-header-display":"","ast-banner-title-visibility":"","ast-main-header-display":"","ast-hfb-above-header-display":"","ast-hfb-below-header-display":"","ast-hfb-mobile-header-display":"","site-post-title":"","ast-breadcrumbs-content":"","ast-featured-img":"","footer-sml-layout":"","ast-disable-related-posts":"","theme-transparent-header-meta":"","adv-header-id-meta":"","stick-header-meta":"","header-above-stick-meta":"","header-main-stick-meta":"","header-below-stick-meta":"","astra-migrate-meta-layouts":"default","ast-page-background-enabled":"default","ast-page-background-meta":{"desktop":{"background-color":"var(--ast-global-color-5)","background-image":"","background-repeat":"repeat","background-position":"center center","background-size":"auto","background-attachment":"scroll","background-type":"","background-media":"","overlay-type":"","overlay-color":"","overlay-opacity":"","overlay-gradient":""},"tablet":{"background-color":"","background-image":"","background-repeat":"repeat","background-position":"center center","background-size":"auto","background-attachment":"scroll","background-type":"","background-media":"","overlay-type":"","overlay-color":"","overlay-opacity":"","overlay-gradient":""},"mobile":{"background-color":"","background-image":"","background-repeat":"repeat","background-position":"center center","background-size":"auto","background-attachment":"scroll","background-type":"","background-media":"","overlay-type":"","overlay-color":"","overlay-opacity":"","overlay-gradient":""}},"ast-content-background-meta":{"desktop":{"background-color":"var(--ast-global-color-4)","background-image":"","background-repeat":"repeat","background-position":"center center","background-size":"auto","background-attachment":"scroll","background-type":"","background-media":"","overlay-type":"","overlay-color":"","overlay-opacity":"","overlay-gradient":""},"tablet":{"background-color":"var(--ast-global-color-4)","background-image":"","background-repeat":"repeat","background-position":"center center","background-size":"auto","background-attachment":"scroll","background-type":"","background-media":"","overlay-type":"","overlay-color":"","overlay-opacity":"","overlay-gradient":""},"mobile":{"background-color":"var(--ast-global-color-4)","background-image":"","background-repeat":"repeat","background-position":"center center","background-size":"auto","background-attachment":"scroll","background-type":"","background-media":"","overlay-type":"","overlay-color":"","overlay-opacity":"","overlay-gradient":""}},"footnotes":""},"categories":[8],"tags":[27,32,30,31,33,29],"class_list":["post-652","post","type-post","status-publish","format-standard","has-post-thumbnail","hentry","category-noticias","tag-aje-almeria","tag-aje-granada","tag-emprendedores","tag-empresarios","tag-jovenes-empresarios","tag-premios-ceaje"],"acf":[],"yoast_head":"<!-- This site is optimized with the Yoast SEO plugin v26.9 - https:\/\/yoast.com\/product\/yoast-seo-wordpress\/ -->\n<title>XV PREMIO NACIONAL JOVEN EMPRESARIO \u2013 2017 - AJE Almer\u00eda<\/title>\n<meta name=\"robots\" content=\"index, follow, max-snippet:-1, max-image-preview:large, max-video-preview:-1\" \/>\n<link rel=\"canonical\" href=\"https:\/\/ajeandalucia.org\/almeria\/2017\/06\/26\/xv-premio-nacional-joven-empresario-2017\/\" \/>\n<meta property=\"og:locale\" content=\"es_ES\" \/>\n<meta property=\"og:type\" content=\"article\" \/>\n<meta property=\"og:title\" content=\"XV PREMIO NACIONAL JOVEN EMPRESARIO \u2013 2017 - AJE Almer\u00eda\" \/>\n<meta property=\"og:description\" content=\"La XV edici\u00f3n del Premio Nacional Joven Empresario ya tiene ganador, Ra\u00fal Berdon\u00e9s, presidente ejecutivo del Grupo Secuoya, quien ha [&hellip;]\" \/>\n<meta property=\"og:url\" content=\"https:\/\/ajeandalucia.org\/almeria\/2017\/06\/26\/xv-premio-nacional-joven-empresario-2017\/\" \/>\n<meta property=\"og:site_name\" content=\"AJE Almer\u00eda\" \/>\n<meta property=\"article:published_time\" content=\"2017-06-26T08:32:25+00:00\" \/>\n<meta property=\"article:modified_time\" content=\"2018-01-23T16:52:21+00:00\" \/>\n<meta property=\"og:image\" content=\"https:\/\/ajeandalucia.org\/almeria\/wp-content\/uploads\/sites\/3\/2017\/10\/banner-press-kit-Premio-Nacional-AJE-Caja-Granada.jpg\" \/>\n\t<meta property=\"og:image:width\" content=\"2480\" \/>\n\t<meta property=\"og:image:height\" content=\"1225\" \/>\n\t<meta property=\"og:image:type\" content=\"image\/jpeg\" \/>\n<meta name=\"author\" content=\"almeria\" \/>\n<meta name=\"twitter:card\" content=\"summary_large_image\" \/>\n<meta name=\"twitter:label1\" content=\"Escrito por\" \/>\n\t<meta name=\"twitter:data1\" content=\"almeria\" \/>\n\t<meta name=\"twitter:label2\" content=\"Tiempo de lectura\" \/>\n\t<meta name=\"twitter:data2\" content=\"3 minutos\" \/>\n<script type=\"application\/ld+json\" class=\"yoast-schema-graph\">{\"@context\":\"https:\/\/schema.org\",\"@graph\":[{\"@type\":\"Article\",\"@id\":\"https:\/\/ajeandalucia.org\/almeria\/2017\/06\/26\/xv-premio-nacional-joven-empresario-2017\/#article\",\"isPartOf\":{\"@id\":\"https:\/\/ajeandalucia.org\/almeria\/2017\/06\/26\/xv-premio-nacional-joven-empresario-2017\/\"},\"author\":{\"name\":\"almeria\",\"@id\":\"https:\/\/ajeandalucia.org\/almeria\/#\/schema\/person\/9336ac50bc8c90053f6bf3b99e5c7d7b\"},\"headline\":\"XV PREMIO NACIONAL JOVEN EMPRESARIO \u2013 2017\",\"datePublished\":\"2017-06-26T08:32:25+00:00\",\"dateModified\":\"2018-01-23T16:52:21+00:00\",\"mainEntityOfPage\":{\"@id\":\"https:\/\/ajeandalucia.org\/almeria\/2017\/06\/26\/xv-premio-nacional-joven-empresario-2017\/\"},\"wordCount\":566,\"commentCount\":0,\"publisher\":{\"@id\":\"https:\/\/ajeandalucia.org\/almeria\/#organization\"},\"image\":{\"@id\":\"https:\/\/ajeandalucia.org\/almeria\/2017\/06\/26\/xv-premio-nacional-joven-empresario-2017\/#primaryimage\"},\"thumbnailUrl\":\"https:\/\/ajeandalucia.org\/almeria\/wp-content\/uploads\/sites\/3\/2017\/10\/banner-press-kit-Premio-Nacional-AJE-Caja-Granada.jpg\",\"keywords\":[\"aje almeria\",\"aje granada\",\"emprendedores\",\"empresarios\",\"j\u00f3venes empresarios\",\"premios ceaje\"],\"articleSection\":[\"Noticias\"],\"inLanguage\":\"es\",\"potentialAction\":[{\"@type\":\"CommentAction\",\"name\":\"Comment\",\"target\":[\"https:\/\/ajeandalucia.org\/almeria\/2017\/06\/26\/xv-premio-nacional-joven-empresario-2017\/#respond\"]}]},{\"@type\":\"WebPage\",\"@id\":\"https:\/\/ajeandalucia.org\/almeria\/2017\/06\/26\/xv-premio-nacional-joven-empresario-2017\/\",\"url\":\"https:\/\/ajeandalucia.org\/almeria\/2017\/06\/26\/xv-premio-nacional-joven-empresario-2017\/\",\"name\":\"XV PREMIO NACIONAL JOVEN EMPRESARIO \u2013 2017 - AJE Almer\u00eda\",\"isPartOf\":{\"@id\":\"https:\/\/ajeandalucia.org\/almeria\/#website\"},\"primaryImageOfPage\":{\"@id\":\"https:\/\/ajeandalucia.org\/almeria\/2017\/06\/26\/xv-premio-nacional-joven-empresario-2017\/#primaryimage\"},\"image\":{\"@id\":\"https:\/\/ajeandalucia.org\/almeria\/2017\/06\/26\/xv-premio-nacional-joven-empresario-2017\/#primaryimage\"},\"thumbnailUrl\":\"https:\/\/ajeandalucia.org\/almeria\/wp-content\/uploads\/sites\/3\/2017\/10\/banner-press-kit-Premio-Nacional-AJE-Caja-Granada.jpg\",\"datePublished\":\"2017-06-26T08:32:25+00:00\",\"dateModified\":\"2018-01-23T16:52:21+00:00\",\"breadcrumb\":{\"@id\":\"https:\/\/ajeandalucia.org\/almeria\/2017\/06\/26\/xv-premio-nacional-joven-empresario-2017\/#breadcrumb\"},\"inLanguage\":\"es\",\"potentialAction\":[{\"@type\":\"ReadAction\",\"target\":[\"https:\/\/ajeandalucia.org\/almeria\/2017\/06\/26\/xv-premio-nacional-joven-empresario-2017\/\"]}]},{\"@type\":\"ImageObject\",\"inLanguage\":\"es\",\"@id\":\"https:\/\/ajeandalucia.org\/almeria\/2017\/06\/26\/xv-premio-nacional-joven-empresario-2017\/#primaryimage\",\"url\":\"https:\/\/ajeandalucia.org\/almeria\/wp-content\/uploads\/sites\/3\/2017\/10\/banner-press-kit-Premio-Nacional-AJE-Caja-Granada.jpg\",\"contentUrl\":\"https:\/\/ajeandalucia.org\/almeria\/wp-content\/uploads\/sites\/3\/2017\/10\/banner-press-kit-Premio-Nacional-AJE-Caja-Granada.jpg\",\"width\":2480,\"height\":1225},{\"@type\":\"BreadcrumbList\",\"@id\":\"https:\/\/ajeandalucia.org\/almeria\/2017\/06\/26\/xv-premio-nacional-joven-empresario-2017\/#breadcrumb\",\"itemListElement\":[{\"@type\":\"ListItem\",\"position\":1,\"name\":\"Portada\",\"item\":\"https:\/\/ajeandalucia.org\/almeria\/\"},{\"@type\":\"ListItem\",\"position\":2,\"name\":\"XV PREMIO NACIONAL JOVEN EMPRESARIO \u2013 2017\"}]},{\"@type\":\"WebSite\",\"@id\":\"https:\/\/ajeandalucia.org\/almeria\/#website\",\"url\":\"https:\/\/ajeandalucia.org\/almeria\/\",\"name\":\"AJE Almer\u00eda\",\"description\":\"Otro sitio m\u00e1s de AJE Andaluc\u00eda\",\"publisher\":{\"@id\":\"https:\/\/ajeandalucia.org\/almeria\/#organization\"},\"potentialAction\":[{\"@type\":\"SearchAction\",\"target\":{\"@type\":\"EntryPoint\",\"urlTemplate\":\"https:\/\/ajeandalucia.org\/almeria\/?s={search_term_string}\"},\"query-input\":{\"@type\":\"PropertyValueSpecification\",\"valueRequired\":true,\"valueName\":\"search_term_string\"}}],\"inLanguage\":\"es\"},{\"@type\":\"Organization\",\"@id\":\"https:\/\/ajeandalucia.org\/almeria\/#organization\",\"name\":\"AJE Almer\u00eda\",\"url\":\"https:\/\/ajeandalucia.org\/almeria\/\",\"logo\":{\"@type\":\"ImageObject\",\"inLanguage\":\"es\",\"@id\":\"https:\/\/ajeandalucia.org\/almeria\/#\/schema\/logo\/image\/\",\"url\":\"https:\/\/ajeandalucia.org\/almeria\/wp-content\/uploads\/sites\/3\/2025\/01\/AJE-ALMERIA-horizontal.png\",\"contentUrl\":\"https:\/\/ajeandalucia.org\/almeria\/wp-content\/uploads\/sites\/3\/2025\/01\/AJE-ALMERIA-horizontal.png\",\"width\":605,\"height\":200,\"caption\":\"AJE Almer\u00eda\"},\"image\":{\"@id\":\"https:\/\/ajeandalucia.org\/almeria\/#\/schema\/logo\/image\/\"}},{\"@type\":\"Person\",\"@id\":\"https:\/\/ajeandalucia.org\/almeria\/#\/schema\/person\/9336ac50bc8c90053f6bf3b99e5c7d7b\",\"name\":\"almeria\",\"image\":{\"@type\":\"ImageObject\",\"inLanguage\":\"es\",\"@id\":\"https:\/\/ajeandalucia.org\/almeria\/#\/schema\/person\/image\/\",\"url\":\"https:\/\/secure.gravatar.com\/avatar\/f5b6b7d37a8f964bd96d1a7752fc3160bb98a16a08fda2bb6fb3a80845dae5d6?s=96&d=mm&r=g\",\"contentUrl\":\"https:\/\/secure.gravatar.com\/avatar\/f5b6b7d37a8f964bd96d1a7752fc3160bb98a16a08fda2bb6fb3a80845dae5d6?s=96&d=mm&r=g\",\"caption\":\"almeria\"},\"sameAs\":[\"http:\/\/www.ajealmeria.org\/\"],\"url\":\"https:\/\/ajeandalucia.org\/almeria\/author\/almeria\/\"}]}<\/script>\n<!-- \/ Yoast SEO plugin. -->","yoast_head_json":{"title":"XV PREMIO NACIONAL JOVEN EMPRESARIO \u2013 2017 - AJE Almer\u00eda","robots":{"index":"index","follow":"follow","max-snippet":"max-snippet:-1","max-image-preview":"max-image-preview:large","max-video-preview":"max-video-preview:-1"},"canonical":"https:\/\/ajeandalucia.org\/almeria\/2017\/06\/26\/xv-premio-nacional-joven-empresario-2017\/","og_locale":"es_ES","og_type":"article","og_title":"XV PREMIO NACIONAL JOVEN EMPRESARIO \u2013 2017 - AJE Almer\u00eda","og_description":"La XV edici\u00f3n del Premio Nacional Joven Empresario ya tiene ganador, Ra\u00fal Berdon\u00e9s, presidente ejecutivo del Grupo Secuoya, quien ha [&hellip;]","og_url":"https:\/\/ajeandalucia.org\/almeria\/2017\/06\/26\/xv-premio-nacional-joven-empresario-2017\/","og_site_name":"AJE Almer\u00eda","article_published_time":"2017-06-26T08:32:25+00:00","article_modified_time":"2018-01-23T16:52:21+00:00","og_image":[{"width":2480,"height":1225,"url":"https:\/\/ajeandalucia.org\/almeria\/wp-content\/uploads\/sites\/3\/2017\/10\/banner-press-kit-Premio-Nacional-AJE-Caja-Granada.jpg","type":"image\/jpeg"}],"author":"almeria","twitter_card":"summary_large_image","twitter_misc":{"Escrito por":"almeria","Tiempo de lectura":"3 minutos"},"schema":{"@context":"https:\/\/schema.org","@graph":[{"@type":"Article","@id":"https:\/\/ajeandalucia.org\/almeria\/2017\/06\/26\/xv-premio-nacional-joven-empresario-2017\/#article","isPartOf":{"@id":"https:\/\/ajeandalucia.org\/almeria\/2017\/06\/26\/xv-premio-nacional-joven-empresario-2017\/"},"author":{"name":"almeria","@id":"https:\/\/ajeandalucia.org\/almeria\/#\/schema\/person\/9336ac50bc8c90053f6bf3b99e5c7d7b"},"headline":"XV PREMIO NACIONAL JOVEN EMPRESARIO \u2013 2017","datePublished":"2017-06-26T08:32:25+00:00","dateModified":"2018-01-23T16:52:21+00:00","mainEntityOfPage":{"@id":"https:\/\/ajeandalucia.org\/almeria\/2017\/06\/26\/xv-premio-nacional-joven-empresario-2017\/"},"wordCount":566,"commentCount":0,"publisher":{"@id":"https:\/\/ajeandalucia.org\/almeria\/#organization"},"image":{"@id":"https:\/\/ajeandalucia.org\/almeria\/2017\/06\/26\/xv-premio-nacional-joven-empresario-2017\/#primaryimage"},"thumbnailUrl":"https:\/\/ajeandalucia.org\/almeria\/wp-content\/uploads\/sites\/3\/2017\/10\/banner-press-kit-Premio-Nacional-AJE-Caja-Granada.jpg","keywords":["aje almeria","aje granada","emprendedores","empresarios","j\u00f3venes empresarios","premios ceaje"],"articleSection":["Noticias"],"inLanguage":"es","potentialAction":[{"@type":"CommentAction","name":"Comment","target":["https:\/\/ajeandalucia.org\/almeria\/2017\/06\/26\/xv-premio-nacional-joven-empresario-2017\/#respond"]}]},{"@type":"WebPage","@id":"https:\/\/ajeandalucia.org\/almeria\/2017\/06\/26\/xv-premio-nacional-joven-empresario-2017\/","url":"https:\/\/ajeandalucia.org\/almeria\/2017\/06\/26\/xv-premio-nacional-joven-empresario-2017\/","name":"XV PREMIO NACIONAL JOVEN EMPRESARIO \u2013 2017 - AJE Almer\u00eda","isPartOf":{"@id":"https:\/\/ajeandalucia.org\/almeria\/#website"},"primaryImageOfPage":{"@id":"https:\/\/ajeandalucia.org\/almeria\/2017\/06\/26\/xv-premio-nacional-joven-empresario-2017\/#primaryimage"},"image":{"@id":"https:\/\/ajeandalucia.org\/almeria\/2017\/06\/26\/xv-premio-nacional-joven-empresario-2017\/#primaryimage"},"thumbnailUrl":"https:\/\/ajeandalucia.org\/almeria\/wp-content\/uploads\/sites\/3\/2017\/10\/banner-press-kit-Premio-Nacional-AJE-Caja-Granada.jpg","datePublished":"2017-06-26T08:32:25+00:00","dateModified":"2018-01-23T16:52:21+00:00","breadcrumb":{"@id":"https:\/\/ajeandalucia.org\/almeria\/2017\/06\/26\/xv-premio-nacional-joven-empresario-2017\/#breadcrumb"},"inLanguage":"es","potentialAction":[{"@type":"ReadAction","target":["https:\/\/ajeandalucia.org\/almeria\/2017\/06\/26\/xv-premio-nacional-joven-empresario-2017\/"]}]},{"@type":"ImageObject","inLanguage":"es","@id":"https:\/\/ajeandalucia.org\/almeria\/2017\/06\/26\/xv-premio-nacional-joven-empresario-2017\/#primaryimage","url":"https:\/\/ajeandalucia.org\/almeria\/wp-content\/uploads\/sites\/3\/2017\/10\/banner-press-kit-Premio-Nacional-AJE-Caja-Granada.jpg","contentUrl":"https:\/\/ajeandalucia.org\/almeria\/wp-content\/uploads\/sites\/3\/2017\/10\/banner-press-kit-Premio-Nacional-AJE-Caja-Granada.jpg","width":2480,"height":1225},{"@type":"BreadcrumbList","@id":"https:\/\/ajeandalucia.org\/almeria\/2017\/06\/26\/xv-premio-nacional-joven-empresario-2017\/#breadcrumb","itemListElement":[{"@type":"ListItem","position":1,"name":"Portada","item":"https:\/\/ajeandalucia.org\/almeria\/"},{"@type":"ListItem","position":2,"name":"XV PREMIO NACIONAL JOVEN EMPRESARIO \u2013 2017"}]},{"@type":"WebSite","@id":"https:\/\/ajeandalucia.org\/almeria\/#website","url":"https:\/\/ajeandalucia.org\/almeria\/","name":"AJE Almer\u00eda","description":"Otro sitio m\u00e1s de AJE Andaluc\u00eda","publisher":{"@id":"https:\/\/ajeandalucia.org\/almeria\/#organization"},"potentialAction":[{"@type":"SearchAction","target":{"@type":"EntryPoint","urlTemplate":"https:\/\/ajeandalucia.org\/almeria\/?s={search_term_string}"},"query-input":{"@type":"PropertyValueSpecification","valueRequired":true,"valueName":"search_term_string"}}],"inLanguage":"es"},{"@type":"Organization","@id":"https:\/\/ajeandalucia.org\/almeria\/#organization","name":"AJE Almer\u00eda","url":"https:\/\/ajeandalucia.org\/almeria\/","logo":{"@type":"ImageObject","inLanguage":"es","@id":"https:\/\/ajeandalucia.org\/almeria\/#\/schema\/logo\/image\/","url":"https:\/\/ajeandalucia.org\/almeria\/wp-content\/uploads\/sites\/3\/2025\/01\/AJE-ALMERIA-horizontal.png","contentUrl":"https:\/\/ajeandalucia.org\/almeria\/wp-content\/uploads\/sites\/3\/2025\/01\/AJE-ALMERIA-horizontal.png","width":605,"height":200,"caption":"AJE Almer\u00eda"},"image":{"@id":"https:\/\/ajeandalucia.org\/almeria\/#\/schema\/logo\/image\/"}},{"@type":"Person","@id":"https:\/\/ajeandalucia.org\/almeria\/#\/schema\/person\/9336ac50bc8c90053f6bf3b99e5c7d7b","name":"almeria","image":{"@type":"ImageObject","inLanguage":"es","@id":"https:\/\/ajeandalucia.org\/almeria\/#\/schema\/person\/image\/","url":"https:\/\/secure.gravatar.com\/avatar\/f5b6b7d37a8f964bd96d1a7752fc3160bb98a16a08fda2bb6fb3a80845dae5d6?s=96&d=mm&r=g","contentUrl":"https:\/\/secure.gravatar.com\/avatar\/f5b6b7d37a8f964bd96d1a7752fc3160bb98a16a08fda2bb6fb3a80845dae5d6?s=96&d=mm&r=g","caption":"almeria"},"sameAs":["http:\/\/www.ajealmeria.org\/"],"url":"https:\/\/ajeandalucia.org\/almeria\/author\/almeria\/"}]}},"_links":{"self":[{"href":"https:\/\/ajeandalucia.org\/almeria\/wp-json\/wp\/v2\/posts\/652","targetHints":{"allow":["GET"]}}],"collection":[{"href":"https:\/\/ajeandalucia.org\/almeria\/wp-json\/wp\/v2\/posts"}],"about":[{"href":"https:\/\/ajeandalucia.org\/almeria\/wp-json\/wp\/v2\/types\/post"}],"author":[{"embeddable":true,"href":"https:\/\/ajeandalucia.org\/almeria\/wp-json\/wp\/v2\/users\/3"}],"replies":[{"embeddable":true,"href":"https:\/\/ajeandalucia.org\/almeria\/wp-json\/wp\/v2\/comments?post=652"}],"version-history":[{"count":9,"href":"https:\/\/ajeandalucia.org\/almeria\/wp-json\/wp\/v2\/posts\/652\/revisions"}],"predecessor-version":[{"id":680,"href":"https:\/\/ajeandalucia.org\/almeria\/wp-json\/wp\/v2\/posts\/652\/revisions\/680"}],"wp:featuredmedia":[{"embeddable":true,"href":"https:\/\/ajeandalucia.org\/almeria\/wp-json\/wp\/v2\/media\/653"}],"wp:attachment":[{"href":"https:\/\/ajeandalucia.org\/almeria\/wp-json\/wp\/v2\/media?parent=652"}],"wp:term":[{"taxonomy":"category","embeddable":true,"href":"https:\/\/ajeandalucia.org\/almeria\/wp-json\/wp\/v2\/categories?post=652"},{"taxonomy":"post_tag","embeddable":true,"href":"https:\/\/ajeandalucia.org\/almeria\/wp-json\/wp\/v2\/tags?post=652"}],"curies":[{"name":"wp","href":"https:\/\/api.w.org\/{rel}","templated":true}]}}