{"id":704,"date":"2017-10-09T08:21:42","date_gmt":"2017-10-09T08:21:42","guid":{"rendered":"http:\/\/www.ajeandalucia.org\/almeria\/?p=704"},"modified":"2018-01-23T16:48:48","modified_gmt":"2018-01-23T16:48:48","slug":"exito-de-afluencia-en-el-speed-networking-organizado-por-aje-almeria-y-jaen","status":"publish","type":"post","link":"https:\/\/ajeandalucia.org\/almeria\/2017\/10\/09\/exito-de-afluencia-en-el-speed-networking-organizado-por-aje-almeria-y-jaen\/","title":{"rendered":"\u00c9xito de afluencia en el Speed Networking organizado por AJE Almer\u00eda y Ja\u00e9n"},"content":{"rendered":"<p>Casi medio centenar de empresarios andaluces se\u00a0reunieron el pasado viernes d\u00eda 6 de octubre en el Hotel Catedral de Almer\u00eda en un encuentro de negocios \u201c<strong>Speednetworking<\/strong>\u201d, una f\u00f3rmula de cooperaci\u00f3n empresarial a trav\u00e9s de sesiones de trabajo breves y din\u00e1micas.<\/p>\n<p><img loading=\"lazy\" decoding=\"async\" class=\"aligncenter wp-image-711\" src=\"http:\/\/www.ajeandalucia.org\/almeria\/wp-content\/uploads\/sites\/3\/2017\/10\/DSC4934-1024x680.jpg\" alt=\"speednetworking aje almeria\" width=\"800\" height=\"531\" srcset=\"https:\/\/ajeandalucia.org\/almeria\/wp-content\/uploads\/sites\/3\/2017\/10\/DSC4934-1024x680.jpg 1024w, https:\/\/ajeandalucia.org\/almeria\/wp-content\/uploads\/sites\/3\/2017\/10\/DSC4934-300x199.jpg 300w, https:\/\/ajeandalucia.org\/almeria\/wp-content\/uploads\/sites\/3\/2017\/10\/DSC4934-768x510.jpg 768w\" sizes=\"auto, (max-width: 800px) 100vw, 800px\" \/><\/p>\n<p>El<strong> III Encuentro de Negocios 2017<\/strong>\u00a0 fue\u00a0organizado por <strong>AJE Almer\u00eda, <\/strong>en colaboraci\u00f3n con <strong>AJE JA\u00c9N<\/strong> y la <strong>DIPUTACI\u00d3N DE JA\u00c9N<\/strong>.\u00a0\u00a0Este encuentro reuni\u00f3\u00a0a 50 empresas andaluzas, destacando la participaci\u00f3n de empresas asociadas de <strong>AJE Almer\u00eda<\/strong> y <strong>AJE Ja\u00e9n<\/strong>, las cuales\u00a0tuvieron reuniones bilaterales a trav\u00e9s de micropresentaciones de 3 minutos para estrechar relaciones comerciales entre socios, abrir nuevas l\u00edneas de <strong>negocio<\/strong> con empresas de diversos sectores o conocer en qu\u00e9 situaci\u00f3n se hallan en el mercado y la competencia. Como nota adicional, los participantes dispon\u00edan de un espacio expositivo habilitado y la posibilidad de realizar reuniones <strong>b2b<\/strong>\u00a0a la finalizaci\u00f3n de las rondas de reuniones.<\/p>\n<p><img loading=\"lazy\" decoding=\"async\" class=\"aligncenter wp-image-712\" src=\"http:\/\/www.ajeandalucia.org\/almeria\/wp-content\/uploads\/sites\/3\/2017\/10\/DSC4937-1024x680.jpg\" alt=\"speednetworking aje almeria\" width=\"800\" height=\"531\" srcset=\"https:\/\/ajeandalucia.org\/almeria\/wp-content\/uploads\/sites\/3\/2017\/10\/DSC4937-1024x680.jpg 1024w, https:\/\/ajeandalucia.org\/almeria\/wp-content\/uploads\/sites\/3\/2017\/10\/DSC4937-300x199.jpg 300w, https:\/\/ajeandalucia.org\/almeria\/wp-content\/uploads\/sites\/3\/2017\/10\/DSC4937-768x510.jpg 768w\" sizes=\"auto, (max-width: 800px) 100vw, 800px\" \/><\/p>\n<p>&nbsp;<\/p>\n<p>&nbsp;<\/p>\n<p>El evento fue inaugurado por Jos\u00e9 J.Carriondo, Vicepresidente segundo de<strong> AJE Almer\u00eda<\/strong>, acompa\u00f1ado por Antonio Ruano, Presidente de <strong>AJE Ja\u00e9n<\/strong> y Manuel Hueso, Diputado de Empleo de Ja\u00e9n. Durante el encuentro se ha contado con los representantes de <strong>AJE Almer\u00eda<\/strong> y <strong>AJE Ja\u00e9n<\/strong>.<\/p>\n<p>La convocatoria\u00a0fue todo un \u00e9xito, lo que demuestra que estos encuentros de convocatoria abierta y sin gastos de inscripci\u00f3n para los participantes, son una herramienta \u00fatil para crear negocio y generar riqueza. Los asistentes tienen la oportunidad de reunirse con una gran cantidad de empresas sin esperar citas y reduciendo costes al ahorrar en desplazamientos.<\/p>\n<p>Desde <strong>Aje Almer\u00eda<\/strong> queremos dar las gracias a las empresas asistentes por su participaci\u00f3n:<\/p>\n<p>Mar\u00eda del Mar Teruel Salmer\u00f3n, abogada.<\/p>\n<p><a href=\"http:\/\/www.aireconsultores.es\/\" target=\"_blank\" rel=\"noopener\">Aire Consultores<\/a><\/p>\n<p><a href=\"http:\/\/www.alarconalcazar.com\/\" target=\"_blank\" rel=\"noopener\">Alarc\u00f3n y Alc\u00e1zar Consultores<\/a><\/p>\n<p>Jos\u00e9 Salinas Segura,\u00a0 Apoy<\/p>\n<p><a href=\"http:\/\/www.arquitecturaproxima.com\/estudio.html\" target=\"_blank\" rel=\"noopener\">Arquitectuta Pr\u00f3xima<\/a><\/p>\n<p>Avanzam Proyectos Comerciales SL<\/p>\n<p><a href=\"http:\/\/aybar.es\/\" target=\"_blank\" rel=\"noopener\">Aybar Consultores y Abogados <\/a><\/p>\n<p><a href=\"https:\/\/www.cohnquer.com\/\" target=\"_blank\" rel=\"noopener\">Cohnquer<\/a><\/p>\n<p><a href=\"http:\/\/www.condeysegura.com\/\" target=\"_blank\" rel=\"noopener\">Consultor\u00eda Conde y Segura <\/a><\/p>\n<p>Dental Coaching<\/p>\n<p><a href=\"http:\/\/www.edutedis.com\/\" target=\"_blank\" rel=\"noopener\">Edutedis<\/a><\/p>\n<p>El Trastero Vintage<\/p>\n<p><a href=\"http:\/\/emociona.es\/\" target=\"_blank\" rel=\"noopener\">Emociona Coaching &amp; Training<\/a><\/p>\n<p><a href=\"http:\/\/educamar.es\/\" target=\"_blank\" rel=\"noopener\">Escuela Infantil Educamar<\/a><\/p>\n<p>Excavaciones Y Servicios Virgen del Mar<\/p>\n<p><a href=\"http:\/\/finanzasidi.com\/\" target=\"_blank\" rel=\"noopener\">Finanzas &amp; I+D+I<\/a><\/p>\n<p>Gesti\u00f3n y Slecci\u00f3n de Personal ETT SL<\/p>\n<p><a href=\"http:\/\/gestprotec.es\/\" target=\"_blank\" rel=\"noopener\">Gestprotec<\/a><\/p>\n<p>GestSalads SL<\/p>\n<p>Glocalia<\/p>\n<p><a href=\"http:\/\/grupomya.es\/\" target=\"_blank\" rel=\"noopener\">Grupo MYA Soluciones Estrat\u00e9gicas <\/a><\/p>\n<p><a href=\"http:\/\/www.grupo-pacc.es\/web\/seccion\/pagina\/contenido\/plantillas\/\" target=\"_blank\" rel=\"noopener\">Grupo Pacc<\/a><\/p>\n<p><a href=\"http:\/\/gestoriasalvador.com\/en\/\" target=\"_blank\" rel=\"noopener\">Grupo Salvador <\/a><\/p>\n<p><a href=\"https:\/\/www.hertiatalleres.es\/\" target=\"_blank\" rel=\"noopener\">Hertia Motor Services <\/a><\/p>\n<p><a href=\"http:\/\/imagiaglobal.com\/\" target=\"_blank\" rel=\"noopener\">Imagia Global<\/a><\/p>\n<p><a href=\"http:\/\/lakkun.es\/\" target=\"_blank\" rel=\"noopener\">Lakkun<\/a><\/p>\n<p><a href=\"http:\/\/micolmena.es\/\" target=\"_blank\" rel=\"noopener\">Mi Colmena<\/a><\/p>\n<p><a href=\"http:\/\/ofeinco.com\/\" target=\"_blank\" rel=\"noopener\">Ofeinco S.L<\/a><\/p>\n<p><a href=\"http:\/\/www.proto-system.com\/\" target=\"_blank\" rel=\"noopener\">Prototech System<\/a><\/p>\n<p><a href=\"http:\/\/www.solucionesgoon.com\/\" target=\"_blank\" rel=\"noopener\">Soluciones Go On<\/a><\/p>\n<p>Tgesti\u00f3n<\/p>\n<p>&nbsp;<\/p>\n<p>&nbsp;<\/p>\n<p>&nbsp;<\/p>\n<p>&nbsp;<\/p>\n<p>&nbsp;<\/p>\n<p>&nbsp;<\/p>\n<p>&nbsp;<\/p>\n<p>&nbsp;<\/p>\n","protected":false},"excerpt":{"rendered":"<p>Casi medio centenar de empresarios andaluces se\u00a0reunieron el pasado viernes d\u00eda 6 de octubre en el Hotel Catedral de Almer\u00eda [&hellip;]<\/p>\n","protected":false},"author":3,"featured_media":709,"comment_status":"open","ping_status":"open","sticky":false,"template":"","format":"standard","meta":{"_acf_changed":false,"site-sidebar-layout":"default","site-content-layout":"","ast-site-content-layout":"default","site-content-style":"default","site-sidebar-style":"default","ast-global-header-display":"","ast-banner-title-visibility":"","ast-main-header-display":"","ast-hfb-above-header-display":"","ast-hfb-below-header-display":"","ast-hfb-mobile-header-display":"","site-post-title":"","ast-breadcrumbs-content":"","ast-featured-img":"","footer-sml-layout":"","ast-disable-related-posts":"","theme-transparent-header-meta":"","adv-header-id-meta":"","stick-header-meta":"","header-above-stick-meta":"","header-main-stick-meta":"","header-below-stick-meta":"","astra-migrate-meta-layouts":"default","ast-page-background-enabled":"default","ast-page-background-meta":{"desktop":{"background-color":"var(--ast-global-color-5)","background-image":"","background-repeat":"repeat","background-position":"center center","background-size":"auto","background-attachment":"scroll","background-type":"","background-media":"","overlay-type":"","overlay-color":"","overlay-opacity":"","overlay-gradient":""},"tablet":{"background-color":"","background-image":"","background-repeat":"repeat","background-position":"center center","background-size":"auto","background-attachment":"scroll","background-type":"","background-media":"","overlay-type":"","overlay-color":"","overlay-opacity":"","overlay-gradient":""},"mobile":{"background-color":"","background-image":"","background-repeat":"repeat","background-position":"center center","background-size":"auto","background-attachment":"scroll","background-type":"","background-media":"","overlay-type":"","overlay-color":"","overlay-opacity":"","overlay-gradient":""}},"ast-content-background-meta":{"desktop":{"background-color":"var(--ast-global-color-4)","background-image":"","background-repeat":"repeat","background-position":"center center","background-size":"auto","background-attachment":"scroll","background-type":"","background-media":"","overlay-type":"","overlay-color":"","overlay-opacity":"","overlay-gradient":""},"tablet":{"background-color":"var(--ast-global-color-4)","background-image":"","background-repeat":"repeat","background-position":"center center","background-size":"auto","background-attachment":"scroll","background-type":"","background-media":"","overlay-type":"","overlay-color":"","overlay-opacity":"","overlay-gradient":""},"mobile":{"background-color":"var(--ast-global-color-4)","background-image":"","background-repeat":"repeat","background-position":"center center","background-size":"auto","background-attachment":"scroll","background-type":"","background-media":"","overlay-type":"","overlay-color":"","overlay-opacity":"","overlay-gradient":""}},"footnotes":""},"categories":[8],"tags":[27,53,30,31,55,49,54,56,52],"class_list":["post-704","post","type-post","status-publish","format-standard","has-post-thumbnail","hentry","category-noticias","tag-aje-almeria","tag-aje-jaen","tag-emprendedores","tag-empresarios","tag-encuentro-empresarial","tag-negocios","tag-negocios-en-dos-minutos","tag-sinergias","tag-speedcoworking"],"acf":[],"yoast_head":"<!-- This site is optimized with the Yoast SEO plugin v26.9 - https:\/\/yoast.com\/product\/yoast-seo-wordpress\/ -->\n<title>\u00c9xito de afluencia en el Speed Networking organizado por AJE Almer\u00eda y Ja\u00e9n - AJE Almer\u00eda<\/title>\n<meta name=\"robots\" content=\"index, follow, max-snippet:-1, max-image-preview:large, max-video-preview:-1\" \/>\n<link rel=\"canonical\" href=\"https:\/\/ajeandalucia.org\/almeria\/2017\/10\/09\/exito-de-afluencia-en-el-speed-networking-organizado-por-aje-almeria-y-jaen\/\" \/>\n<meta property=\"og:locale\" content=\"es_ES\" \/>\n<meta property=\"og:type\" content=\"article\" \/>\n<meta property=\"og:title\" content=\"\u00c9xito de afluencia en el Speed Networking organizado por AJE Almer\u00eda y Ja\u00e9n - AJE Almer\u00eda\" \/>\n<meta property=\"og:description\" content=\"Casi medio centenar de empresarios andaluces se\u00a0reunieron el pasado viernes d\u00eda 6 de octubre en el Hotel Catedral de Almer\u00eda [&hellip;]\" \/>\n<meta property=\"og:url\" content=\"https:\/\/ajeandalucia.org\/almeria\/2017\/10\/09\/exito-de-afluencia-en-el-speed-networking-organizado-por-aje-almeria-y-jaen\/\" \/>\n<meta property=\"og:site_name\" content=\"AJE Almer\u00eda\" \/>\n<meta property=\"article:published_time\" content=\"2017-10-09T08:21:42+00:00\" \/>\n<meta property=\"article:modified_time\" content=\"2018-01-23T16:48:48+00:00\" \/>\n<meta property=\"og:image\" content=\"https:\/\/ajeandalucia.org\/almeria\/wp-content\/uploads\/sites\/3\/2017\/10\/image-6.png\" \/>\n\t<meta property=\"og:image:width\" content=\"1200\" \/>\n\t<meta property=\"og:image:height\" content=\"1600\" \/>\n\t<meta property=\"og:image:type\" content=\"image\/png\" \/>\n<meta name=\"author\" content=\"almeria\" \/>\n<meta name=\"twitter:card\" content=\"summary_large_image\" \/>\n<meta name=\"twitter:label1\" content=\"Escrito por\" \/>\n\t<meta name=\"twitter:data1\" content=\"almeria\" \/>\n\t<meta name=\"twitter:label2\" content=\"Tiempo de lectura\" \/>\n\t<meta name=\"twitter:data2\" content=\"2 minutos\" \/>\n<script type=\"application\/ld+json\" class=\"yoast-schema-graph\">{\"@context\":\"https:\/\/schema.org\",\"@graph\":[{\"@type\":\"Article\",\"@id\":\"https:\/\/ajeandalucia.org\/almeria\/2017\/10\/09\/exito-de-afluencia-en-el-speed-networking-organizado-por-aje-almeria-y-jaen\/#article\",\"isPartOf\":{\"@id\":\"https:\/\/ajeandalucia.org\/almeria\/2017\/10\/09\/exito-de-afluencia-en-el-speed-networking-organizado-por-aje-almeria-y-jaen\/\"},\"author\":{\"name\":\"almeria\",\"@id\":\"https:\/\/ajeandalucia.org\/almeria\/#\/schema\/person\/9336ac50bc8c90053f6bf3b99e5c7d7b\"},\"headline\":\"\u00c9xito de afluencia en el Speed Networking organizado por AJE Almer\u00eda y Ja\u00e9n\",\"datePublished\":\"2017-10-09T08:21:42+00:00\",\"dateModified\":\"2018-01-23T16:48:48+00:00\",\"mainEntityOfPage\":{\"@id\":\"https:\/\/ajeandalucia.org\/almeria\/2017\/10\/09\/exito-de-afluencia-en-el-speed-networking-organizado-por-aje-almeria-y-jaen\/\"},\"wordCount\":413,\"commentCount\":0,\"publisher\":{\"@id\":\"https:\/\/ajeandalucia.org\/almeria\/#organization\"},\"image\":{\"@id\":\"https:\/\/ajeandalucia.org\/almeria\/2017\/10\/09\/exito-de-afluencia-en-el-speed-networking-organizado-por-aje-almeria-y-jaen\/#primaryimage\"},\"thumbnailUrl\":\"https:\/\/ajeandalucia.org\/almeria\/wp-content\/uploads\/sites\/3\/2017\/10\/image-6.png\",\"keywords\":[\"aje almeria\",\"Aje Ja\u00e9n\",\"emprendedores\",\"empresarios\",\"encuentro empresarial\",\"negocios\",\"negocios en dos minutos\",\"sinergias\",\"speedcoworking\"],\"articleSection\":[\"Noticias\"],\"inLanguage\":\"es\",\"potentialAction\":[{\"@type\":\"CommentAction\",\"name\":\"Comment\",\"target\":[\"https:\/\/ajeandalucia.org\/almeria\/2017\/10\/09\/exito-de-afluencia-en-el-speed-networking-organizado-por-aje-almeria-y-jaen\/#respond\"]}]},{\"@type\":\"WebPage\",\"@id\":\"https:\/\/ajeandalucia.org\/almeria\/2017\/10\/09\/exito-de-afluencia-en-el-speed-networking-organizado-por-aje-almeria-y-jaen\/\",\"url\":\"https:\/\/ajeandalucia.org\/almeria\/2017\/10\/09\/exito-de-afluencia-en-el-speed-networking-organizado-por-aje-almeria-y-jaen\/\",\"name\":\"\u00c9xito de afluencia en el Speed Networking organizado por AJE Almer\u00eda y Ja\u00e9n - AJE Almer\u00eda\",\"isPartOf\":{\"@id\":\"https:\/\/ajeandalucia.org\/almeria\/#website\"},\"primaryImageOfPage\":{\"@id\":\"https:\/\/ajeandalucia.org\/almeria\/2017\/10\/09\/exito-de-afluencia-en-el-speed-networking-organizado-por-aje-almeria-y-jaen\/#primaryimage\"},\"image\":{\"@id\":\"https:\/\/ajeandalucia.org\/almeria\/2017\/10\/09\/exito-de-afluencia-en-el-speed-networking-organizado-por-aje-almeria-y-jaen\/#primaryimage\"},\"thumbnailUrl\":\"https:\/\/ajeandalucia.org\/almeria\/wp-content\/uploads\/sites\/3\/2017\/10\/image-6.png\",\"datePublished\":\"2017-10-09T08:21:42+00:00\",\"dateModified\":\"2018-01-23T16:48:48+00:00\",\"breadcrumb\":{\"@id\":\"https:\/\/ajeandalucia.org\/almeria\/2017\/10\/09\/exito-de-afluencia-en-el-speed-networking-organizado-por-aje-almeria-y-jaen\/#breadcrumb\"},\"inLanguage\":\"es\",\"potentialAction\":[{\"@type\":\"ReadAction\",\"target\":[\"https:\/\/ajeandalucia.org\/almeria\/2017\/10\/09\/exito-de-afluencia-en-el-speed-networking-organizado-por-aje-almeria-y-jaen\/\"]}]},{\"@type\":\"ImageObject\",\"inLanguage\":\"es\",\"@id\":\"https:\/\/ajeandalucia.org\/almeria\/2017\/10\/09\/exito-de-afluencia-en-el-speed-networking-organizado-por-aje-almeria-y-jaen\/#primaryimage\",\"url\":\"https:\/\/ajeandalucia.org\/almeria\/wp-content\/uploads\/sites\/3\/2017\/10\/image-6.png\",\"contentUrl\":\"https:\/\/ajeandalucia.org\/almeria\/wp-content\/uploads\/sites\/3\/2017\/10\/image-6.png\",\"width\":1200,\"height\":1600},{\"@type\":\"BreadcrumbList\",\"@id\":\"https:\/\/ajeandalucia.org\/almeria\/2017\/10\/09\/exito-de-afluencia-en-el-speed-networking-organizado-por-aje-almeria-y-jaen\/#breadcrumb\",\"itemListElement\":[{\"@type\":\"ListItem\",\"position\":1,\"name\":\"Portada\",\"item\":\"https:\/\/ajeandalucia.org\/almeria\/\"},{\"@type\":\"ListItem\",\"position\":2,\"name\":\"\u00c9xito de afluencia en el Speed Networking organizado por AJE Almer\u00eda y Ja\u00e9n\"}]},{\"@type\":\"WebSite\",\"@id\":\"https:\/\/ajeandalucia.org\/almeria\/#website\",\"url\":\"https:\/\/ajeandalucia.org\/almeria\/\",\"name\":\"AJE Almer\u00eda\",\"description\":\"Otro sitio m\u00e1s de AJE Andaluc\u00eda\",\"publisher\":{\"@id\":\"https:\/\/ajeandalucia.org\/almeria\/#organization\"},\"potentialAction\":[{\"@type\":\"SearchAction\",\"target\":{\"@type\":\"EntryPoint\",\"urlTemplate\":\"https:\/\/ajeandalucia.org\/almeria\/?s={search_term_string}\"},\"query-input\":{\"@type\":\"PropertyValueSpecification\",\"valueRequired\":true,\"valueName\":\"search_term_string\"}}],\"inLanguage\":\"es\"},{\"@type\":\"Organization\",\"@id\":\"https:\/\/ajeandalucia.org\/almeria\/#organization\",\"name\":\"AJE Almer\u00eda\",\"url\":\"https:\/\/ajeandalucia.org\/almeria\/\",\"logo\":{\"@type\":\"ImageObject\",\"inLanguage\":\"es\",\"@id\":\"https:\/\/ajeandalucia.org\/almeria\/#\/schema\/logo\/image\/\",\"url\":\"https:\/\/ajeandalucia.org\/almeria\/wp-content\/uploads\/sites\/3\/2025\/01\/AJE-ALMERIA-horizontal.png\",\"contentUrl\":\"https:\/\/ajeandalucia.org\/almeria\/wp-content\/uploads\/sites\/3\/2025\/01\/AJE-ALMERIA-horizontal.png\",\"width\":605,\"height\":200,\"caption\":\"AJE Almer\u00eda\"},\"image\":{\"@id\":\"https:\/\/ajeandalucia.org\/almeria\/#\/schema\/logo\/image\/\"}},{\"@type\":\"Person\",\"@id\":\"https:\/\/ajeandalucia.org\/almeria\/#\/schema\/person\/9336ac50bc8c90053f6bf3b99e5c7d7b\",\"name\":\"almeria\",\"image\":{\"@type\":\"ImageObject\",\"inLanguage\":\"es\",\"@id\":\"https:\/\/ajeandalucia.org\/almeria\/#\/schema\/person\/image\/\",\"url\":\"https:\/\/secure.gravatar.com\/avatar\/f5b6b7d37a8f964bd96d1a7752fc3160bb98a16a08fda2bb6fb3a80845dae5d6?s=96&d=mm&r=g\",\"contentUrl\":\"https:\/\/secure.gravatar.com\/avatar\/f5b6b7d37a8f964bd96d1a7752fc3160bb98a16a08fda2bb6fb3a80845dae5d6?s=96&d=mm&r=g\",\"caption\":\"almeria\"},\"sameAs\":[\"http:\/\/www.ajealmeria.org\/\"],\"url\":\"https:\/\/ajeandalucia.org\/almeria\/author\/almeria\/\"}]}<\/script>\n<!-- \/ Yoast SEO plugin. -->","yoast_head_json":{"title":"\u00c9xito de afluencia en el Speed Networking organizado por AJE Almer\u00eda y Ja\u00e9n - AJE Almer\u00eda","robots":{"index":"index","follow":"follow","max-snippet":"max-snippet:-1","max-image-preview":"max-image-preview:large","max-video-preview":"max-video-preview:-1"},"canonical":"https:\/\/ajeandalucia.org\/almeria\/2017\/10\/09\/exito-de-afluencia-en-el-speed-networking-organizado-por-aje-almeria-y-jaen\/","og_locale":"es_ES","og_type":"article","og_title":"\u00c9xito de afluencia en el Speed Networking organizado por AJE Almer\u00eda y Ja\u00e9n - AJE Almer\u00eda","og_description":"Casi medio centenar de empresarios andaluces se\u00a0reunieron el pasado viernes d\u00eda 6 de octubre en el Hotel Catedral de Almer\u00eda [&hellip;]","og_url":"https:\/\/ajeandalucia.org\/almeria\/2017\/10\/09\/exito-de-afluencia-en-el-speed-networking-organizado-por-aje-almeria-y-jaen\/","og_site_name":"AJE Almer\u00eda","article_published_time":"2017-10-09T08:21:42+00:00","article_modified_time":"2018-01-23T16:48:48+00:00","og_image":[{"width":1200,"height":1600,"url":"https:\/\/ajeandalucia.org\/almeria\/wp-content\/uploads\/sites\/3\/2017\/10\/image-6.png","type":"image\/png"}],"author":"almeria","twitter_card":"summary_large_image","twitter_misc":{"Escrito por":"almeria","Tiempo de lectura":"2 minutos"},"schema":{"@context":"https:\/\/schema.org","@graph":[{"@type":"Article","@id":"https:\/\/ajeandalucia.org\/almeria\/2017\/10\/09\/exito-de-afluencia-en-el-speed-networking-organizado-por-aje-almeria-y-jaen\/#article","isPartOf":{"@id":"https:\/\/ajeandalucia.org\/almeria\/2017\/10\/09\/exito-de-afluencia-en-el-speed-networking-organizado-por-aje-almeria-y-jaen\/"},"author":{"name":"almeria","@id":"https:\/\/ajeandalucia.org\/almeria\/#\/schema\/person\/9336ac50bc8c90053f6bf3b99e5c7d7b"},"headline":"\u00c9xito de afluencia en el Speed Networking organizado por AJE Almer\u00eda y Ja\u00e9n","datePublished":"2017-10-09T08:21:42+00:00","dateModified":"2018-01-23T16:48:48+00:00","mainEntityOfPage":{"@id":"https:\/\/ajeandalucia.org\/almeria\/2017\/10\/09\/exito-de-afluencia-en-el-speed-networking-organizado-por-aje-almeria-y-jaen\/"},"wordCount":413,"commentCount":0,"publisher":{"@id":"https:\/\/ajeandalucia.org\/almeria\/#organization"},"image":{"@id":"https:\/\/ajeandalucia.org\/almeria\/2017\/10\/09\/exito-de-afluencia-en-el-speed-networking-organizado-por-aje-almeria-y-jaen\/#primaryimage"},"thumbnailUrl":"https:\/\/ajeandalucia.org\/almeria\/wp-content\/uploads\/sites\/3\/2017\/10\/image-6.png","keywords":["aje almeria","Aje Ja\u00e9n","emprendedores","empresarios","encuentro empresarial","negocios","negocios en dos minutos","sinergias","speedcoworking"],"articleSection":["Noticias"],"inLanguage":"es","potentialAction":[{"@type":"CommentAction","name":"Comment","target":["https:\/\/ajeandalucia.org\/almeria\/2017\/10\/09\/exito-de-afluencia-en-el-speed-networking-organizado-por-aje-almeria-y-jaen\/#respond"]}]},{"@type":"WebPage","@id":"https:\/\/ajeandalucia.org\/almeria\/2017\/10\/09\/exito-de-afluencia-en-el-speed-networking-organizado-por-aje-almeria-y-jaen\/","url":"https:\/\/ajeandalucia.org\/almeria\/2017\/10\/09\/exito-de-afluencia-en-el-speed-networking-organizado-por-aje-almeria-y-jaen\/","name":"\u00c9xito de afluencia en el Speed Networking organizado por AJE Almer\u00eda y Ja\u00e9n - AJE Almer\u00eda","isPartOf":{"@id":"https:\/\/ajeandalucia.org\/almeria\/#website"},"primaryImageOfPage":{"@id":"https:\/\/ajeandalucia.org\/almeria\/2017\/10\/09\/exito-de-afluencia-en-el-speed-networking-organizado-por-aje-almeria-y-jaen\/#primaryimage"},"image":{"@id":"https:\/\/ajeandalucia.org\/almeria\/2017\/10\/09\/exito-de-afluencia-en-el-speed-networking-organizado-por-aje-almeria-y-jaen\/#primaryimage"},"thumbnailUrl":"https:\/\/ajeandalucia.org\/almeria\/wp-content\/uploads\/sites\/3\/2017\/10\/image-6.png","datePublished":"2017-10-09T08:21:42+00:00","dateModified":"2018-01-23T16:48:48+00:00","breadcrumb":{"@id":"https:\/\/ajeandalucia.org\/almeria\/2017\/10\/09\/exito-de-afluencia-en-el-speed-networking-organizado-por-aje-almeria-y-jaen\/#breadcrumb"},"inLanguage":"es","potentialAction":[{"@type":"ReadAction","target":["https:\/\/ajeandalucia.org\/almeria\/2017\/10\/09\/exito-de-afluencia-en-el-speed-networking-organizado-por-aje-almeria-y-jaen\/"]}]},{"@type":"ImageObject","inLanguage":"es","@id":"https:\/\/ajeandalucia.org\/almeria\/2017\/10\/09\/exito-de-afluencia-en-el-speed-networking-organizado-por-aje-almeria-y-jaen\/#primaryimage","url":"https:\/\/ajeandalucia.org\/almeria\/wp-content\/uploads\/sites\/3\/2017\/10\/image-6.png","contentUrl":"https:\/\/ajeandalucia.org\/almeria\/wp-content\/uploads\/sites\/3\/2017\/10\/image-6.png","width":1200,"height":1600},{"@type":"BreadcrumbList","@id":"https:\/\/ajeandalucia.org\/almeria\/2017\/10\/09\/exito-de-afluencia-en-el-speed-networking-organizado-por-aje-almeria-y-jaen\/#breadcrumb","itemListElement":[{"@type":"ListItem","position":1,"name":"Portada","item":"https:\/\/ajeandalucia.org\/almeria\/"},{"@type":"ListItem","position":2,"name":"\u00c9xito de afluencia en el Speed Networking organizado por AJE Almer\u00eda y Ja\u00e9n"}]},{"@type":"WebSite","@id":"https:\/\/ajeandalucia.org\/almeria\/#website","url":"https:\/\/ajeandalucia.org\/almeria\/","name":"AJE Almer\u00eda","description":"Otro sitio m\u00e1s de AJE Andaluc\u00eda","publisher":{"@id":"https:\/\/ajeandalucia.org\/almeria\/#organization"},"potentialAction":[{"@type":"SearchAction","target":{"@type":"EntryPoint","urlTemplate":"https:\/\/ajeandalucia.org\/almeria\/?s={search_term_string}"},"query-input":{"@type":"PropertyValueSpecification","valueRequired":true,"valueName":"search_term_string"}}],"inLanguage":"es"},{"@type":"Organization","@id":"https:\/\/ajeandalucia.org\/almeria\/#organization","name":"AJE Almer\u00eda","url":"https:\/\/ajeandalucia.org\/almeria\/","logo":{"@type":"ImageObject","inLanguage":"es","@id":"https:\/\/ajeandalucia.org\/almeria\/#\/schema\/logo\/image\/","url":"https:\/\/ajeandalucia.org\/almeria\/wp-content\/uploads\/sites\/3\/2025\/01\/AJE-ALMERIA-horizontal.png","contentUrl":"https:\/\/ajeandalucia.org\/almeria\/wp-content\/uploads\/sites\/3\/2025\/01\/AJE-ALMERIA-horizontal.png","width":605,"height":200,"caption":"AJE Almer\u00eda"},"image":{"@id":"https:\/\/ajeandalucia.org\/almeria\/#\/schema\/logo\/image\/"}},{"@type":"Person","@id":"https:\/\/ajeandalucia.org\/almeria\/#\/schema\/person\/9336ac50bc8c90053f6bf3b99e5c7d7b","name":"almeria","image":{"@type":"ImageObject","inLanguage":"es","@id":"https:\/\/ajeandalucia.org\/almeria\/#\/schema\/person\/image\/","url":"https:\/\/secure.gravatar.com\/avatar\/f5b6b7d37a8f964bd96d1a7752fc3160bb98a16a08fda2bb6fb3a80845dae5d6?s=96&d=mm&r=g","contentUrl":"https:\/\/secure.gravatar.com\/avatar\/f5b6b7d37a8f964bd96d1a7752fc3160bb98a16a08fda2bb6fb3a80845dae5d6?s=96&d=mm&r=g","caption":"almeria"},"sameAs":["http:\/\/www.ajealmeria.org\/"],"url":"https:\/\/ajeandalucia.org\/almeria\/author\/almeria\/"}]}},"_links":{"self":[{"href":"https:\/\/ajeandalucia.org\/almeria\/wp-json\/wp\/v2\/posts\/704","targetHints":{"allow":["GET"]}}],"collection":[{"href":"https:\/\/ajeandalucia.org\/almeria\/wp-json\/wp\/v2\/posts"}],"about":[{"href":"https:\/\/ajeandalucia.org\/almeria\/wp-json\/wp\/v2\/types\/post"}],"author":[{"embeddable":true,"href":"https:\/\/ajeandalucia.org\/almeria\/wp-json\/wp\/v2\/users\/3"}],"replies":[{"embeddable":true,"href":"https:\/\/ajeandalucia.org\/almeria\/wp-json\/wp\/v2\/comments?post=704"}],"version-history":[{"count":8,"href":"https:\/\/ajeandalucia.org\/almeria\/wp-json\/wp\/v2\/posts\/704\/revisions"}],"predecessor-version":[{"id":845,"href":"https:\/\/ajeandalucia.org\/almeria\/wp-json\/wp\/v2\/posts\/704\/revisions\/845"}],"wp:featuredmedia":[{"embeddable":true,"href":"https:\/\/ajeandalucia.org\/almeria\/wp-json\/wp\/v2\/media\/709"}],"wp:attachment":[{"href":"https:\/\/ajeandalucia.org\/almeria\/wp-json\/wp\/v2\/media?parent=704"}],"wp:term":[{"taxonomy":"category","embeddable":true,"href":"https:\/\/ajeandalucia.org\/almeria\/wp-json\/wp\/v2\/categories?post=704"},{"taxonomy":"post_tag","embeddable":true,"href":"https:\/\/ajeandalucia.org\/almeria\/wp-json\/wp\/v2\/tags?post=704"}],"curies":[{"name":"wp","href":"https:\/\/api.w.org\/{rel}","templated":true}]}}