{"id":744,"date":"2017-11-03T15:15:58","date_gmt":"2017-11-03T15:15:58","guid":{"rendered":"http:\/\/www.ajeandalucia.org\/almeria\/?p=744"},"modified":"2018-01-23T16:46:24","modified_gmt":"2018-01-23T16:46:24","slug":"entrevista-a-guada-ruiz-gerente-de-la-empresa-sygur-comunicaciones","status":"publish","type":"post","link":"https:\/\/ajeandalucia.org\/almeria\/2017\/11\/03\/entrevista-a-guada-ruiz-gerente-de-la-empresa-sygur-comunicaciones\/","title":{"rendered":"Entrevista a Guadalupe Ruiz, gerente de la empresa Sygur Comunicaciones"},"content":{"rendered":"<p>Empez\u00f3 a colaborar en el campo con sus padres con solo 7 a\u00f1os. Por aquel entonces, compaginar los estudios con labores agr\u00edcolas era algo com\u00fan, sobre todo en las familias con un nivel econ\u00f3mico muy b\u00e1sico. As\u00ed es como Guadalupe Ruiz aprendi\u00f3 que para salir adelante hay que trabajar duro. Entrevistamos a esta mujer luchadora y emprendedora por naturaleza, siempre embarcada en proyectos relacionados con el emprendimiento y los negocios. En la actualidad est\u00e1 al cargo de SYGUR Comunicaci\u00f3n e Imagen, una empresa que se centra en los auriculares Plantronics y material de oficina, adem\u00e1s de trabajar con la firma Oriflame con el fin de promover la vida saludable dentro del entorno laboral. Su recorrido empresarial comienza desde muy joven. Su primer contrato lo firm\u00f3 con tan solo 15 a\u00f1os, como vendedora de enciclopedias y a partir de ah\u00ed comenz\u00f3 su trayectoria como comercial, una trayectoria que no ha cesado nunca, pues en la comunicaci\u00f3n con el cliente encuentra su pasi\u00f3n.<\/p>\n<p><strong>\u00bfCu\u00e1ndo decides dar el gran paso y convertirte en tu propia jefa?<\/strong><\/p>\n<p>En 2002 creo mi propia empresa, una tienda especializada en productos infantiles, donde se pod\u00eda encontrar todo lo necesario para los m\u00e1s peques, desde productos alimentarios o de higiene hasta mobiliario. En ese momento, ese concepto de negocio era tan novedoso que nos premiaron a nivel nacional como la primera tienda en Espa\u00f1a especializada en productos infantiles con una variedad tan amplia. Adem\u00e1s, \u00e9ramos de las primeras tiendas que en aquel momento trabaj\u00e1bamos v\u00eda online, siendo innovadores en ese sector. Ah\u00ed es donde empieza mi aventura como empresaria, que llegar\u00e1 hasta la actualidad.<\/p>\n<p>En 2005 me voy a Madrid y comienzo como representante de Auriphone, una marca de auriculares para tel\u00e9fonos. Con esa empresa estuve hasta 2010, que se transform\u00f3 en lo que empez\u00f3 siendo Sygur, centralitas y material exclusivo de telefon\u00eda para oficinas. Est\u00e1bamos vinculados con Movistar al ser el distribuidor exclusivo de Plantronics. En 2009 enferm\u00e9 y la empresa se qued\u00f3 paralizada. En 2013 se paraliz\u00f3 totalmente, sin llegar a cerrarla.<\/p>\n<p>A finales de 2015 vinimos a Almer\u00eda y decid\u00ed retomar Sygur, centr\u00e1ndonos en Plantronics y material de oficina, con una nueva incorporaci\u00f3n que son los productos de imagen y salud de Oriflame.<\/p>\n<p><strong>\u00bfPor qu\u00e9 decides venir a Almer\u00eda?<\/strong><\/p>\n<p>Decidimos empezar de cero en esta ciudad por la calidad de vida que se tiene aqu\u00ed. Decid\u00ed tomarme un tiempo para relajarme y dedicarlo a mi familia. Despu\u00e9s de ese tiempo\u00a0retom\u00e9\u00a0mi carrera como empresaria en Sygur.<\/p>\n<p><strong>\u00bfQu\u00e9 crees que ofrece Almer\u00eda a los emprendedores que otras ciudades no ofrecen?<\/strong><\/p>\n<p>Ofrece mucho pero no se le saca todo el partido que se podr\u00eda. Mi opini\u00f3n es que las empresas se centran en un solo sector, la agricultura, y hay otros \u00e1mbitos que quedan relegados, como la tecnolog\u00eda, por ejemplo. Por otro lado, pienso que a la gente de Almer\u00eda le falta motivaci\u00f3n.<\/p>\n<p><strong>\u00bfQu\u00e9 propones para que la gente est\u00e9 m\u00e1s motivada a la hora de emprender?<\/strong><\/p>\n<p>Yo propongo m\u00e1s networking y m\u00e1s sinergias entre empresas. Que haya colaboraciones entre empresarios a trav\u00e9s de eventos en los cuales se pueda hablar de ideas sin miedo a que la competencia te las robe. Colaborar entre todos por una Almer\u00eda mejor, sin pensar que el que tenga la mejor idea gana y no puede compartirla por miedo a la competencia. Entre todos, construir un \u00e1mbito empresarial m\u00e1s enriquecedor. En definitiva, colaborar.<\/p>\n<p><strong>\u00bfCu\u00e1ndo decidiste unirte a AJE como socia?<\/strong><\/p>\n<p>Yo ya estuve asociada AJE Madrid desde el 2007 y al mudarme a Almer\u00eda ten\u00eda claro que quer\u00eda continuar como socia de esta asociaci\u00f3n que tanto ayuda a que los empresarios conecten.<\/p>\n<p><strong>\u00bfQu\u00e9 consideras que te ha aportado AJE en este tiempo como asociada?<\/strong><\/p>\n<p>Me ha ayudado a darme a conocer, compartir y crear sinergias. A que haya otros empresarios que me han escuchado y yo he podido escucharles a ellos.<\/p>\n<p><strong>\u00bfCu\u00e1l crees que es el problema principal a la hora de emprender?<\/strong><\/p>\n<p>El miedo a arrancar sin ayudas y sin recursos. El miedo es generado por la situaci\u00f3n econ\u00f3mica actual. La gente encuentra un trabajo que le aporta cierta estabilidad y se siente en la obligaci\u00f3n de seguir en ese trabajo, incluso si no es feliz. El miedo a dejar el trabajo y la dificultad de encontrar otro, en caso de que su proyecto no funcione, es lo que hace que la gente no se decida a dar el paso y emprender.<\/p>\n<p><strong>\u00bfQu\u00e9 consejo dar\u00edas para vencer ese miedo?<\/strong><\/p>\n<p>Mi consejo es que, si est\u00e1s mal en tu puesto de trabajo y no eres feliz, no tiene ning\u00fan sentido seguir as\u00ed. Para tener resultados diferentes hay que hacer cosas diferentes. El que no arriesga no pierde, pero tampoco gana.<\/p>\n<p><strong>\u00bfQu\u00e9 cualidad crees que debe tener el empresario?<\/strong><\/p>\n<p>Optimismo e iniciativa.<\/p>\n<p><strong>\u00bfQu\u00e9 consideras que es lo mejor y lo peor de ser jefa?<\/strong><\/p>\n<p>Lo peor de ser jefa es tener paciencia para llevar adelante un equipo de personas muy dispares.<\/p>\n<p>Lo mejor es la satisfacci\u00f3n del trabajo bien hecho y ver como tu equipo est\u00e1 motivado y cree en tu proyecto.<\/p>\n","protected":false},"excerpt":{"rendered":"<p>Empez\u00f3 a colaborar en el campo con sus padres con solo 7 a\u00f1os. Por aquel entonces, compaginar los estudios con [&hellip;]<\/p>\n","protected":false},"author":3,"featured_media":745,"comment_status":"open","ping_status":"open","sticky":false,"template":"","format":"standard","meta":{"_acf_changed":false,"site-sidebar-layout":"default","site-content-layout":"","ast-site-content-layout":"default","site-content-style":"default","site-sidebar-style":"default","ast-global-header-display":"","ast-banner-title-visibility":"","ast-main-header-display":"","ast-hfb-above-header-display":"","ast-hfb-below-header-display":"","ast-hfb-mobile-header-display":"","site-post-title":"","ast-breadcrumbs-content":"","ast-featured-img":"","footer-sml-layout":"","ast-disable-related-posts":"","theme-transparent-header-meta":"","adv-header-id-meta":"","stick-header-meta":"","header-above-stick-meta":"","header-main-stick-meta":"","header-below-stick-meta":"","astra-migrate-meta-layouts":"default","ast-page-background-enabled":"default","ast-page-background-meta":{"desktop":{"background-color":"var(--ast-global-color-5)","background-image":"","background-repeat":"repeat","background-position":"center center","background-size":"auto","background-attachment":"scroll","background-type":"","background-media":"","overlay-type":"","overlay-color":"","overlay-opacity":"","overlay-gradient":""},"tablet":{"background-color":"","background-image":"","background-repeat":"repeat","background-position":"center center","background-size":"auto","background-attachment":"scroll","background-type":"","background-media":"","overlay-type":"","overlay-color":"","overlay-opacity":"","overlay-gradient":""},"mobile":{"background-color":"","background-image":"","background-repeat":"repeat","background-position":"center center","background-size":"auto","background-attachment":"scroll","background-type":"","background-media":"","overlay-type":"","overlay-color":"","overlay-opacity":"","overlay-gradient":""}},"ast-content-background-meta":{"desktop":{"background-color":"var(--ast-global-color-4)","background-image":"","background-repeat":"repeat","background-position":"center center","background-size":"auto","background-attachment":"scroll","background-type":"","background-media":"","overlay-type":"","overlay-color":"","overlay-opacity":"","overlay-gradient":""},"tablet":{"background-color":"var(--ast-global-color-4)","background-image":"","background-repeat":"repeat","background-position":"center center","background-size":"auto","background-attachment":"scroll","background-type":"","background-media":"","overlay-type":"","overlay-color":"","overlay-opacity":"","overlay-gradient":""},"mobile":{"background-color":"var(--ast-global-color-4)","background-image":"","background-repeat":"repeat","background-position":"center center","background-size":"auto","background-attachment":"scroll","background-type":"","background-media":"","overlay-type":"","overlay-color":"","overlay-opacity":"","overlay-gradient":""}},"footnotes":""},"categories":[8],"tags":[60,27,30,66,67,49],"class_list":["post-744","post","type-post","status-publish","format-standard","has-post-thumbnail","hentry","category-noticias","tag-aje","tag-aje-almeria","tag-emprendedores","tag-empresarios-almeria","tag-entrevista","tag-negocios"],"acf":[],"yoast_head":"<!-- This site is optimized with the Yoast SEO plugin v26.9 - https:\/\/yoast.com\/product\/yoast-seo-wordpress\/ -->\n<title>Entrevista a Guadalupe Ruiz, gerente de la empresa Sygur Comunicaciones - AJE Almer\u00eda<\/title>\n<meta name=\"robots\" content=\"index, follow, max-snippet:-1, max-image-preview:large, max-video-preview:-1\" \/>\n<link rel=\"canonical\" href=\"https:\/\/ajeandalucia.org\/almeria\/2017\/11\/03\/entrevista-a-guada-ruiz-gerente-de-la-empresa-sygur-comunicaciones\/\" \/>\n<meta property=\"og:locale\" content=\"es_ES\" \/>\n<meta property=\"og:type\" content=\"article\" \/>\n<meta property=\"og:title\" content=\"Entrevista a Guadalupe Ruiz, gerente de la empresa Sygur Comunicaciones - AJE Almer\u00eda\" \/>\n<meta property=\"og:description\" content=\"Empez\u00f3 a colaborar en el campo con sus padres con solo 7 a\u00f1os. Por aquel entonces, compaginar los estudios con [&hellip;]\" \/>\n<meta property=\"og:url\" content=\"https:\/\/ajeandalucia.org\/almeria\/2017\/11\/03\/entrevista-a-guada-ruiz-gerente-de-la-empresa-sygur-comunicaciones\/\" \/>\n<meta property=\"og:site_name\" content=\"AJE Almer\u00eda\" \/>\n<meta property=\"article:published_time\" content=\"2017-11-03T15:15:58+00:00\" \/>\n<meta property=\"article:modified_time\" content=\"2018-01-23T16:46:24+00:00\" \/>\n<meta property=\"og:image\" content=\"https:\/\/ajeandalucia.org\/almeria\/wp-content\/uploads\/sites\/3\/2017\/11\/IMG_2185.jpg\" \/>\n\t<meta property=\"og:image:width\" content=\"1600\" \/>\n\t<meta property=\"og:image:height\" content=\"988\" \/>\n\t<meta property=\"og:image:type\" content=\"image\/jpeg\" \/>\n<meta name=\"author\" content=\"almeria\" \/>\n<meta name=\"twitter:card\" content=\"summary_large_image\" \/>\n<meta name=\"twitter:label1\" content=\"Escrito por\" \/>\n\t<meta name=\"twitter:data1\" content=\"almeria\" \/>\n\t<meta name=\"twitter:label2\" content=\"Tiempo de lectura\" \/>\n\t<meta name=\"twitter:data2\" content=\"4 minutos\" \/>\n<script type=\"application\/ld+json\" class=\"yoast-schema-graph\">{\"@context\":\"https:\/\/schema.org\",\"@graph\":[{\"@type\":\"Article\",\"@id\":\"https:\/\/ajeandalucia.org\/almeria\/2017\/11\/03\/entrevista-a-guada-ruiz-gerente-de-la-empresa-sygur-comunicaciones\/#article\",\"isPartOf\":{\"@id\":\"https:\/\/ajeandalucia.org\/almeria\/2017\/11\/03\/entrevista-a-guada-ruiz-gerente-de-la-empresa-sygur-comunicaciones\/\"},\"author\":{\"name\":\"almeria\",\"@id\":\"https:\/\/ajeandalucia.org\/almeria\/#\/schema\/person\/9336ac50bc8c90053f6bf3b99e5c7d7b\"},\"headline\":\"Entrevista a Guadalupe Ruiz, gerente de la empresa Sygur Comunicaciones\",\"datePublished\":\"2017-11-03T15:15:58+00:00\",\"dateModified\":\"2018-01-23T16:46:24+00:00\",\"mainEntityOfPage\":{\"@id\":\"https:\/\/ajeandalucia.org\/almeria\/2017\/11\/03\/entrevista-a-guada-ruiz-gerente-de-la-empresa-sygur-comunicaciones\/\"},\"wordCount\":892,\"commentCount\":0,\"publisher\":{\"@id\":\"https:\/\/ajeandalucia.org\/almeria\/#organization\"},\"image\":{\"@id\":\"https:\/\/ajeandalucia.org\/almeria\/2017\/11\/03\/entrevista-a-guada-ruiz-gerente-de-la-empresa-sygur-comunicaciones\/#primaryimage\"},\"thumbnailUrl\":\"https:\/\/ajeandalucia.org\/almeria\/wp-content\/uploads\/sites\/3\/2017\/11\/IMG_2185.jpg\",\"keywords\":[\"aje\",\"aje almeria\",\"emprendedores\",\"empresarios almer\u00eda\",\"entrevista\",\"negocios\"],\"articleSection\":[\"Noticias\"],\"inLanguage\":\"es\",\"potentialAction\":[{\"@type\":\"CommentAction\",\"name\":\"Comment\",\"target\":[\"https:\/\/ajeandalucia.org\/almeria\/2017\/11\/03\/entrevista-a-guada-ruiz-gerente-de-la-empresa-sygur-comunicaciones\/#respond\"]}]},{\"@type\":\"WebPage\",\"@id\":\"https:\/\/ajeandalucia.org\/almeria\/2017\/11\/03\/entrevista-a-guada-ruiz-gerente-de-la-empresa-sygur-comunicaciones\/\",\"url\":\"https:\/\/ajeandalucia.org\/almeria\/2017\/11\/03\/entrevista-a-guada-ruiz-gerente-de-la-empresa-sygur-comunicaciones\/\",\"name\":\"Entrevista a Guadalupe Ruiz, gerente de la empresa Sygur Comunicaciones - AJE Almer\u00eda\",\"isPartOf\":{\"@id\":\"https:\/\/ajeandalucia.org\/almeria\/#website\"},\"primaryImageOfPage\":{\"@id\":\"https:\/\/ajeandalucia.org\/almeria\/2017\/11\/03\/entrevista-a-guada-ruiz-gerente-de-la-empresa-sygur-comunicaciones\/#primaryimage\"},\"image\":{\"@id\":\"https:\/\/ajeandalucia.org\/almeria\/2017\/11\/03\/entrevista-a-guada-ruiz-gerente-de-la-empresa-sygur-comunicaciones\/#primaryimage\"},\"thumbnailUrl\":\"https:\/\/ajeandalucia.org\/almeria\/wp-content\/uploads\/sites\/3\/2017\/11\/IMG_2185.jpg\",\"datePublished\":\"2017-11-03T15:15:58+00:00\",\"dateModified\":\"2018-01-23T16:46:24+00:00\",\"breadcrumb\":{\"@id\":\"https:\/\/ajeandalucia.org\/almeria\/2017\/11\/03\/entrevista-a-guada-ruiz-gerente-de-la-empresa-sygur-comunicaciones\/#breadcrumb\"},\"inLanguage\":\"es\",\"potentialAction\":[{\"@type\":\"ReadAction\",\"target\":[\"https:\/\/ajeandalucia.org\/almeria\/2017\/11\/03\/entrevista-a-guada-ruiz-gerente-de-la-empresa-sygur-comunicaciones\/\"]}]},{\"@type\":\"ImageObject\",\"inLanguage\":\"es\",\"@id\":\"https:\/\/ajeandalucia.org\/almeria\/2017\/11\/03\/entrevista-a-guada-ruiz-gerente-de-la-empresa-sygur-comunicaciones\/#primaryimage\",\"url\":\"https:\/\/ajeandalucia.org\/almeria\/wp-content\/uploads\/sites\/3\/2017\/11\/IMG_2185.jpg\",\"contentUrl\":\"https:\/\/ajeandalucia.org\/almeria\/wp-content\/uploads\/sites\/3\/2017\/11\/IMG_2185.jpg\",\"width\":1600,\"height\":988},{\"@type\":\"BreadcrumbList\",\"@id\":\"https:\/\/ajeandalucia.org\/almeria\/2017\/11\/03\/entrevista-a-guada-ruiz-gerente-de-la-empresa-sygur-comunicaciones\/#breadcrumb\",\"itemListElement\":[{\"@type\":\"ListItem\",\"position\":1,\"name\":\"Portada\",\"item\":\"https:\/\/ajeandalucia.org\/almeria\/\"},{\"@type\":\"ListItem\",\"position\":2,\"name\":\"Entrevista a Guadalupe Ruiz, gerente de la empresa Sygur Comunicaciones\"}]},{\"@type\":\"WebSite\",\"@id\":\"https:\/\/ajeandalucia.org\/almeria\/#website\",\"url\":\"https:\/\/ajeandalucia.org\/almeria\/\",\"name\":\"AJE Almer\u00eda\",\"description\":\"Otro sitio m\u00e1s de AJE Andaluc\u00eda\",\"publisher\":{\"@id\":\"https:\/\/ajeandalucia.org\/almeria\/#organization\"},\"potentialAction\":[{\"@type\":\"SearchAction\",\"target\":{\"@type\":\"EntryPoint\",\"urlTemplate\":\"https:\/\/ajeandalucia.org\/almeria\/?s={search_term_string}\"},\"query-input\":{\"@type\":\"PropertyValueSpecification\",\"valueRequired\":true,\"valueName\":\"search_term_string\"}}],\"inLanguage\":\"es\"},{\"@type\":\"Organization\",\"@id\":\"https:\/\/ajeandalucia.org\/almeria\/#organization\",\"name\":\"AJE Almer\u00eda\",\"url\":\"https:\/\/ajeandalucia.org\/almeria\/\",\"logo\":{\"@type\":\"ImageObject\",\"inLanguage\":\"es\",\"@id\":\"https:\/\/ajeandalucia.org\/almeria\/#\/schema\/logo\/image\/\",\"url\":\"https:\/\/ajeandalucia.org\/almeria\/wp-content\/uploads\/sites\/3\/2025\/01\/AJE-ALMERIA-horizontal.png\",\"contentUrl\":\"https:\/\/ajeandalucia.org\/almeria\/wp-content\/uploads\/sites\/3\/2025\/01\/AJE-ALMERIA-horizontal.png\",\"width\":605,\"height\":200,\"caption\":\"AJE Almer\u00eda\"},\"image\":{\"@id\":\"https:\/\/ajeandalucia.org\/almeria\/#\/schema\/logo\/image\/\"}},{\"@type\":\"Person\",\"@id\":\"https:\/\/ajeandalucia.org\/almeria\/#\/schema\/person\/9336ac50bc8c90053f6bf3b99e5c7d7b\",\"name\":\"almeria\",\"image\":{\"@type\":\"ImageObject\",\"inLanguage\":\"es\",\"@id\":\"https:\/\/ajeandalucia.org\/almeria\/#\/schema\/person\/image\/\",\"url\":\"https:\/\/secure.gravatar.com\/avatar\/f5b6b7d37a8f964bd96d1a7752fc3160bb98a16a08fda2bb6fb3a80845dae5d6?s=96&d=mm&r=g\",\"contentUrl\":\"https:\/\/secure.gravatar.com\/avatar\/f5b6b7d37a8f964bd96d1a7752fc3160bb98a16a08fda2bb6fb3a80845dae5d6?s=96&d=mm&r=g\",\"caption\":\"almeria\"},\"sameAs\":[\"http:\/\/www.ajealmeria.org\/\"],\"url\":\"https:\/\/ajeandalucia.org\/almeria\/author\/almeria\/\"}]}<\/script>\n<!-- \/ Yoast SEO plugin. -->","yoast_head_json":{"title":"Entrevista a Guadalupe Ruiz, gerente de la empresa Sygur Comunicaciones - AJE Almer\u00eda","robots":{"index":"index","follow":"follow","max-snippet":"max-snippet:-1","max-image-preview":"max-image-preview:large","max-video-preview":"max-video-preview:-1"},"canonical":"https:\/\/ajeandalucia.org\/almeria\/2017\/11\/03\/entrevista-a-guada-ruiz-gerente-de-la-empresa-sygur-comunicaciones\/","og_locale":"es_ES","og_type":"article","og_title":"Entrevista a Guadalupe Ruiz, gerente de la empresa Sygur Comunicaciones - AJE Almer\u00eda","og_description":"Empez\u00f3 a colaborar en el campo con sus padres con solo 7 a\u00f1os. Por aquel entonces, compaginar los estudios con [&hellip;]","og_url":"https:\/\/ajeandalucia.org\/almeria\/2017\/11\/03\/entrevista-a-guada-ruiz-gerente-de-la-empresa-sygur-comunicaciones\/","og_site_name":"AJE Almer\u00eda","article_published_time":"2017-11-03T15:15:58+00:00","article_modified_time":"2018-01-23T16:46:24+00:00","og_image":[{"width":1600,"height":988,"url":"https:\/\/ajeandalucia.org\/almeria\/wp-content\/uploads\/sites\/3\/2017\/11\/IMG_2185.jpg","type":"image\/jpeg"}],"author":"almeria","twitter_card":"summary_large_image","twitter_misc":{"Escrito por":"almeria","Tiempo de lectura":"4 minutos"},"schema":{"@context":"https:\/\/schema.org","@graph":[{"@type":"Article","@id":"https:\/\/ajeandalucia.org\/almeria\/2017\/11\/03\/entrevista-a-guada-ruiz-gerente-de-la-empresa-sygur-comunicaciones\/#article","isPartOf":{"@id":"https:\/\/ajeandalucia.org\/almeria\/2017\/11\/03\/entrevista-a-guada-ruiz-gerente-de-la-empresa-sygur-comunicaciones\/"},"author":{"name":"almeria","@id":"https:\/\/ajeandalucia.org\/almeria\/#\/schema\/person\/9336ac50bc8c90053f6bf3b99e5c7d7b"},"headline":"Entrevista a Guadalupe Ruiz, gerente de la empresa Sygur Comunicaciones","datePublished":"2017-11-03T15:15:58+00:00","dateModified":"2018-01-23T16:46:24+00:00","mainEntityOfPage":{"@id":"https:\/\/ajeandalucia.org\/almeria\/2017\/11\/03\/entrevista-a-guada-ruiz-gerente-de-la-empresa-sygur-comunicaciones\/"},"wordCount":892,"commentCount":0,"publisher":{"@id":"https:\/\/ajeandalucia.org\/almeria\/#organization"},"image":{"@id":"https:\/\/ajeandalucia.org\/almeria\/2017\/11\/03\/entrevista-a-guada-ruiz-gerente-de-la-empresa-sygur-comunicaciones\/#primaryimage"},"thumbnailUrl":"https:\/\/ajeandalucia.org\/almeria\/wp-content\/uploads\/sites\/3\/2017\/11\/IMG_2185.jpg","keywords":["aje","aje almeria","emprendedores","empresarios almer\u00eda","entrevista","negocios"],"articleSection":["Noticias"],"inLanguage":"es","potentialAction":[{"@type":"CommentAction","name":"Comment","target":["https:\/\/ajeandalucia.org\/almeria\/2017\/11\/03\/entrevista-a-guada-ruiz-gerente-de-la-empresa-sygur-comunicaciones\/#respond"]}]},{"@type":"WebPage","@id":"https:\/\/ajeandalucia.org\/almeria\/2017\/11\/03\/entrevista-a-guada-ruiz-gerente-de-la-empresa-sygur-comunicaciones\/","url":"https:\/\/ajeandalucia.org\/almeria\/2017\/11\/03\/entrevista-a-guada-ruiz-gerente-de-la-empresa-sygur-comunicaciones\/","name":"Entrevista a Guadalupe Ruiz, gerente de la empresa Sygur Comunicaciones - AJE Almer\u00eda","isPartOf":{"@id":"https:\/\/ajeandalucia.org\/almeria\/#website"},"primaryImageOfPage":{"@id":"https:\/\/ajeandalucia.org\/almeria\/2017\/11\/03\/entrevista-a-guada-ruiz-gerente-de-la-empresa-sygur-comunicaciones\/#primaryimage"},"image":{"@id":"https:\/\/ajeandalucia.org\/almeria\/2017\/11\/03\/entrevista-a-guada-ruiz-gerente-de-la-empresa-sygur-comunicaciones\/#primaryimage"},"thumbnailUrl":"https:\/\/ajeandalucia.org\/almeria\/wp-content\/uploads\/sites\/3\/2017\/11\/IMG_2185.jpg","datePublished":"2017-11-03T15:15:58+00:00","dateModified":"2018-01-23T16:46:24+00:00","breadcrumb":{"@id":"https:\/\/ajeandalucia.org\/almeria\/2017\/11\/03\/entrevista-a-guada-ruiz-gerente-de-la-empresa-sygur-comunicaciones\/#breadcrumb"},"inLanguage":"es","potentialAction":[{"@type":"ReadAction","target":["https:\/\/ajeandalucia.org\/almeria\/2017\/11\/03\/entrevista-a-guada-ruiz-gerente-de-la-empresa-sygur-comunicaciones\/"]}]},{"@type":"ImageObject","inLanguage":"es","@id":"https:\/\/ajeandalucia.org\/almeria\/2017\/11\/03\/entrevista-a-guada-ruiz-gerente-de-la-empresa-sygur-comunicaciones\/#primaryimage","url":"https:\/\/ajeandalucia.org\/almeria\/wp-content\/uploads\/sites\/3\/2017\/11\/IMG_2185.jpg","contentUrl":"https:\/\/ajeandalucia.org\/almeria\/wp-content\/uploads\/sites\/3\/2017\/11\/IMG_2185.jpg","width":1600,"height":988},{"@type":"BreadcrumbList","@id":"https:\/\/ajeandalucia.org\/almeria\/2017\/11\/03\/entrevista-a-guada-ruiz-gerente-de-la-empresa-sygur-comunicaciones\/#breadcrumb","itemListElement":[{"@type":"ListItem","position":1,"name":"Portada","item":"https:\/\/ajeandalucia.org\/almeria\/"},{"@type":"ListItem","position":2,"name":"Entrevista a Guadalupe Ruiz, gerente de la empresa Sygur Comunicaciones"}]},{"@type":"WebSite","@id":"https:\/\/ajeandalucia.org\/almeria\/#website","url":"https:\/\/ajeandalucia.org\/almeria\/","name":"AJE Almer\u00eda","description":"Otro sitio m\u00e1s de AJE Andaluc\u00eda","publisher":{"@id":"https:\/\/ajeandalucia.org\/almeria\/#organization"},"potentialAction":[{"@type":"SearchAction","target":{"@type":"EntryPoint","urlTemplate":"https:\/\/ajeandalucia.org\/almeria\/?s={search_term_string}"},"query-input":{"@type":"PropertyValueSpecification","valueRequired":true,"valueName":"search_term_string"}}],"inLanguage":"es"},{"@type":"Organization","@id":"https:\/\/ajeandalucia.org\/almeria\/#organization","name":"AJE Almer\u00eda","url":"https:\/\/ajeandalucia.org\/almeria\/","logo":{"@type":"ImageObject","inLanguage":"es","@id":"https:\/\/ajeandalucia.org\/almeria\/#\/schema\/logo\/image\/","url":"https:\/\/ajeandalucia.org\/almeria\/wp-content\/uploads\/sites\/3\/2025\/01\/AJE-ALMERIA-horizontal.png","contentUrl":"https:\/\/ajeandalucia.org\/almeria\/wp-content\/uploads\/sites\/3\/2025\/01\/AJE-ALMERIA-horizontal.png","width":605,"height":200,"caption":"AJE Almer\u00eda"},"image":{"@id":"https:\/\/ajeandalucia.org\/almeria\/#\/schema\/logo\/image\/"}},{"@type":"Person","@id":"https:\/\/ajeandalucia.org\/almeria\/#\/schema\/person\/9336ac50bc8c90053f6bf3b99e5c7d7b","name":"almeria","image":{"@type":"ImageObject","inLanguage":"es","@id":"https:\/\/ajeandalucia.org\/almeria\/#\/schema\/person\/image\/","url":"https:\/\/secure.gravatar.com\/avatar\/f5b6b7d37a8f964bd96d1a7752fc3160bb98a16a08fda2bb6fb3a80845dae5d6?s=96&d=mm&r=g","contentUrl":"https:\/\/secure.gravatar.com\/avatar\/f5b6b7d37a8f964bd96d1a7752fc3160bb98a16a08fda2bb6fb3a80845dae5d6?s=96&d=mm&r=g","caption":"almeria"},"sameAs":["http:\/\/www.ajealmeria.org\/"],"url":"https:\/\/ajeandalucia.org\/almeria\/author\/almeria\/"}]}},"_links":{"self":[{"href":"https:\/\/ajeandalucia.org\/almeria\/wp-json\/wp\/v2\/posts\/744","targetHints":{"allow":["GET"]}}],"collection":[{"href":"https:\/\/ajeandalucia.org\/almeria\/wp-json\/wp\/v2\/posts"}],"about":[{"href":"https:\/\/ajeandalucia.org\/almeria\/wp-json\/wp\/v2\/types\/post"}],"author":[{"embeddable":true,"href":"https:\/\/ajeandalucia.org\/almeria\/wp-json\/wp\/v2\/users\/3"}],"replies":[{"embeddable":true,"href":"https:\/\/ajeandalucia.org\/almeria\/wp-json\/wp\/v2\/comments?post=744"}],"version-history":[{"count":4,"href":"https:\/\/ajeandalucia.org\/almeria\/wp-json\/wp\/v2\/posts\/744\/revisions"}],"predecessor-version":[{"id":749,"href":"https:\/\/ajeandalucia.org\/almeria\/wp-json\/wp\/v2\/posts\/744\/revisions\/749"}],"wp:featuredmedia":[{"embeddable":true,"href":"https:\/\/ajeandalucia.org\/almeria\/wp-json\/wp\/v2\/media\/745"}],"wp:attachment":[{"href":"https:\/\/ajeandalucia.org\/almeria\/wp-json\/wp\/v2\/media?parent=744"}],"wp:term":[{"taxonomy":"category","embeddable":true,"href":"https:\/\/ajeandalucia.org\/almeria\/wp-json\/wp\/v2\/categories?post=744"},{"taxonomy":"post_tag","embeddable":true,"href":"https:\/\/ajeandalucia.org\/almeria\/wp-json\/wp\/v2\/tags?post=744"}],"curies":[{"name":"wp","href":"https:\/\/api.w.org\/{rel}","templated":true}]}}