{"id":765,"date":"2017-11-28T08:00:06","date_gmt":"2017-11-28T08:00:06","guid":{"rendered":"http:\/\/www.ajeandalucia.org\/almeria\/?p=765"},"modified":"2018-01-23T16:45:07","modified_gmt":"2018-01-23T16:45:07","slug":"aje-almeria-visita-las-instalaciones-de-la-multinacional-grupo-cosentino-en-cantoria","status":"publish","type":"post","link":"https:\/\/ajeandalucia.org\/almeria\/2017\/11\/28\/aje-almeria-visita-las-instalaciones-de-la-multinacional-grupo-cosentino-en-cantoria\/","title":{"rendered":"AJE Almer\u00eda visita las instalaciones de la multinacional Grupo Cosentino en Cantoria"},"content":{"rendered":"<p><strong>La Asociaci\u00f3n de J\u00f3venes Empresarios de Almer\u00eda <\/strong>ha visitado hoy la sede central de la multinacional <strong>Grupo Cosentino<\/strong>, ubicada en Cantoria. Varias empresas de diferentes puntos de la provincia han tenido la oportunidad de conocer en profundidad el funcionamiento y las instalaciones de la compa\u00f1\u00eda, cuyo parque industrial tiene unas dimensiones de m\u00e1s de un mill\u00f3n de metros cuadrados.<\/p>\n<p>Durante la visita, los socios de AJE Almer\u00eda han conocido la historia de la empresa, desde las dificultades que la familia Mart\u00ednez-Cosentino tuvo que superar a lo largo de los a\u00f1os hasta la expansi\u00f3n de la multinacional en todo el mundo, con presencia en m\u00e1s de ochenta pa\u00edses. <strong>\u201cLa salida de Grupo Cosentino al resto del mundo ha sido clave\u201d,<\/strong> apuntan desde la compa\u00f1\u00eda l\u00edder en superficies de cocina, cuyo centro de mandos se encuentra en el municipio de Cantoria, en el Levante almeriense. AJE Almer\u00eda recorri\u00f3 varias de las zonas del parque industrial, dotado con la \u00faltima tecnolog\u00eda en cada una de sus f\u00e1bricas y profundiz\u00f3 en el proceso de <strong>fabricaci\u00f3n de Dekton<\/strong>, un material altamente resistente que se ha convertido en una nueva categor\u00eda de superficie que anticipa el futuro de las mismas para la arquitectura y el dise\u00f1o.<\/p>\n<p>Tras dos horas de recorrido por las instalaciones de Grupo Cosentino, la visita culmin\u00f3 en el Centro Log\u00edstico, nave completamente automatizada que aloja la producci\u00f3n del material que posteriormente viajar\u00e1 a cualquier parte del mundo.<\/p>\n<p>Por otro lado, AJE Almer\u00eda organiza este pr\u00f3ximo jueves d\u00eda 30 su primera edici\u00f3n del <a href=\"https:\/\/www.facebook.com\/events\/314198055761311\/\"><strong>evento Buenas migas con\u2026<\/strong><\/a>, una entrevista de car\u00e1cter distendido realizada por <a href=\"http:\/\/babiloniatic.com\/\"><strong>el periodista y empresario Alberto Guti\u00e9rrez<\/strong> <\/a>al director de Marketing de Cosentino, Santiago Alfonso. El acto tendr\u00e1 lugar en Muebles Mago (Carretera de N\u00edjar, esquina Avda. del Mediterr\u00e1neo) a las 18 horas; la entrada ser\u00e1 gratuita previa confirmaci\u00f3n al <strong>correo electr\u00f3nico asociacionjovenesempresarios@gmail.com.<\/strong><\/p>\n<p>Empresas asistentes: <a href=\"http:\/\/www.carretillasamate.com\/\">Carretillas Amate S.L.<\/a>,\u00a0 Avanzam Proyectos Comerciales S.L., <a href=\"http:\/\/www.roblingschool.com\/\">Robling School S.L.<\/a>, <a href=\"http:\/\/www.uniformesgarys.com\/\">Uniformes Gary&#8217;s<\/a>, Empresa P\u00fablica de Hu\u00e9rcal Overa, <a href=\"http:\/\/nila.es\/\">Nila<\/a> <a href=\"http:\/\/www.doseguer.com\/\">y Transportes Doseguer.<\/a><\/p>\n","protected":false},"excerpt":{"rendered":"<p>La Asociaci\u00f3n de J\u00f3venes Empresarios de Almer\u00eda ha visitado hoy la sede central de la multinacional Grupo Cosentino, ubicada en [&hellip;]<\/p>\n","protected":false},"author":3,"featured_media":766,"comment_status":"open","ping_status":"open","sticky":false,"template":"","format":"standard","meta":{"_acf_changed":false,"site-sidebar-layout":"default","site-content-layout":"","ast-site-content-layout":"default","site-content-style":"default","site-sidebar-style":"default","ast-global-header-display":"","ast-banner-title-visibility":"","ast-main-header-display":"","ast-hfb-above-header-display":"","ast-hfb-below-header-display":"","ast-hfb-mobile-header-display":"","site-post-title":"","ast-breadcrumbs-content":"","ast-featured-img":"","footer-sml-layout":"","ast-disable-related-posts":"","theme-transparent-header-meta":"","adv-header-id-meta":"","stick-header-meta":"","header-above-stick-meta":"","header-main-stick-meta":"","header-below-stick-meta":"","astra-migrate-meta-layouts":"default","ast-page-background-enabled":"default","ast-page-background-meta":{"desktop":{"background-color":"var(--ast-global-color-5)","background-image":"","background-repeat":"repeat","background-position":"center center","background-size":"auto","background-attachment":"scroll","background-type":"","background-media":"","overlay-type":"","overlay-color":"","overlay-opacity":"","overlay-gradient":""},"tablet":{"background-color":"","background-image":"","background-repeat":"repeat","background-position":"center center","background-size":"auto","background-attachment":"scroll","background-type":"","background-media":"","overlay-type":"","overlay-color":"","overlay-opacity":"","overlay-gradient":""},"mobile":{"background-color":"","background-image":"","background-repeat":"repeat","background-position":"center center","background-size":"auto","background-attachment":"scroll","background-type":"","background-media":"","overlay-type":"","overlay-color":"","overlay-opacity":"","overlay-gradient":""}},"ast-content-background-meta":{"desktop":{"background-color":"var(--ast-global-color-4)","background-image":"","background-repeat":"repeat","background-position":"center center","background-size":"auto","background-attachment":"scroll","background-type":"","background-media":"","overlay-type":"","overlay-color":"","overlay-opacity":"","overlay-gradient":""},"tablet":{"background-color":"var(--ast-global-color-4)","background-image":"","background-repeat":"repeat","background-position":"center center","background-size":"auto","background-attachment":"scroll","background-type":"","background-media":"","overlay-type":"","overlay-color":"","overlay-opacity":"","overlay-gradient":""},"mobile":{"background-color":"var(--ast-global-color-4)","background-image":"","background-repeat":"repeat","background-position":"center center","background-size":"auto","background-attachment":"scroll","background-type":"","background-media":"","overlay-type":"","overlay-color":"","overlay-opacity":"","overlay-gradient":""}},"footnotes":""},"categories":[8],"tags":[27,76,75],"class_list":["post-765","post","type-post","status-publish","format-standard","has-post-thumbnail","hentry","category-noticias","tag-aje-almeria","tag-aje-almeria-visita-a-grupo-cosentino","tag-grupo-cosentino"],"acf":[],"yoast_head":"<!-- This site is optimized with the Yoast SEO plugin v26.9 - https:\/\/yoast.com\/product\/yoast-seo-wordpress\/ -->\n<title>AJE Almer\u00eda visita las instalaciones de la multinacional Grupo Cosentino en Cantoria - AJE Almer\u00eda<\/title>\n<meta name=\"robots\" content=\"index, follow, max-snippet:-1, max-image-preview:large, max-video-preview:-1\" \/>\n<link rel=\"canonical\" href=\"https:\/\/ajeandalucia.org\/almeria\/2017\/11\/28\/aje-almeria-visita-las-instalaciones-de-la-multinacional-grupo-cosentino-en-cantoria\/\" \/>\n<meta property=\"og:locale\" content=\"es_ES\" \/>\n<meta property=\"og:type\" content=\"article\" \/>\n<meta property=\"og:title\" content=\"AJE Almer\u00eda visita las instalaciones de la multinacional Grupo Cosentino en Cantoria - AJE Almer\u00eda\" \/>\n<meta property=\"og:description\" content=\"La Asociaci\u00f3n de J\u00f3venes Empresarios de Almer\u00eda ha visitado hoy la sede central de la multinacional Grupo Cosentino, ubicada en [&hellip;]\" \/>\n<meta property=\"og:url\" content=\"https:\/\/ajeandalucia.org\/almeria\/2017\/11\/28\/aje-almeria-visita-las-instalaciones-de-la-multinacional-grupo-cosentino-en-cantoria\/\" \/>\n<meta property=\"og:site_name\" content=\"AJE Almer\u00eda\" \/>\n<meta property=\"article:published_time\" content=\"2017-11-28T08:00:06+00:00\" \/>\n<meta property=\"article:modified_time\" content=\"2018-01-23T16:45:07+00:00\" \/>\n<meta property=\"og:image\" content=\"https:\/\/ajeandalucia.org\/almeria\/wp-content\/uploads\/sites\/3\/2017\/11\/socios-AJE-Almeria-en-Cosentino-1024x683.jpg\" \/>\n\t<meta property=\"og:image:width\" content=\"1024\" \/>\n\t<meta property=\"og:image:height\" content=\"683\" \/>\n\t<meta property=\"og:image:type\" content=\"image\/jpeg\" \/>\n<meta name=\"author\" content=\"almeria\" \/>\n<meta name=\"twitter:card\" content=\"summary_large_image\" \/>\n<meta name=\"twitter:label1\" content=\"Escrito por\" \/>\n\t<meta name=\"twitter:data1\" content=\"almeria\" \/>\n\t<meta name=\"twitter:label2\" content=\"Tiempo de lectura\" \/>\n\t<meta name=\"twitter:data2\" content=\"2 minutos\" \/>\n<script type=\"application\/ld+json\" class=\"yoast-schema-graph\">{\"@context\":\"https:\/\/schema.org\",\"@graph\":[{\"@type\":\"Article\",\"@id\":\"https:\/\/ajeandalucia.org\/almeria\/2017\/11\/28\/aje-almeria-visita-las-instalaciones-de-la-multinacional-grupo-cosentino-en-cantoria\/#article\",\"isPartOf\":{\"@id\":\"https:\/\/ajeandalucia.org\/almeria\/2017\/11\/28\/aje-almeria-visita-las-instalaciones-de-la-multinacional-grupo-cosentino-en-cantoria\/\"},\"author\":{\"name\":\"almeria\",\"@id\":\"https:\/\/ajeandalucia.org\/almeria\/#\/schema\/person\/9336ac50bc8c90053f6bf3b99e5c7d7b\"},\"headline\":\"AJE Almer\u00eda visita las instalaciones de la multinacional Grupo Cosentino en Cantoria\",\"datePublished\":\"2017-11-28T08:00:06+00:00\",\"dateModified\":\"2018-01-23T16:45:07+00:00\",\"mainEntityOfPage\":{\"@id\":\"https:\/\/ajeandalucia.org\/almeria\/2017\/11\/28\/aje-almeria-visita-las-instalaciones-de-la-multinacional-grupo-cosentino-en-cantoria\/\"},\"wordCount\":377,\"commentCount\":0,\"publisher\":{\"@id\":\"https:\/\/ajeandalucia.org\/almeria\/#organization\"},\"image\":{\"@id\":\"https:\/\/ajeandalucia.org\/almeria\/2017\/11\/28\/aje-almeria-visita-las-instalaciones-de-la-multinacional-grupo-cosentino-en-cantoria\/#primaryimage\"},\"thumbnailUrl\":\"https:\/\/ajeandalucia.org\/almeria\/wp-content\/uploads\/sites\/3\/2017\/11\/socios-AJE-Almeria-en-Cosentino.jpg\",\"keywords\":[\"aje almeria\",\"aje almeria visita a grupo cosentino\",\"grupo cosentino\"],\"articleSection\":[\"Noticias\"],\"inLanguage\":\"es\",\"potentialAction\":[{\"@type\":\"CommentAction\",\"name\":\"Comment\",\"target\":[\"https:\/\/ajeandalucia.org\/almeria\/2017\/11\/28\/aje-almeria-visita-las-instalaciones-de-la-multinacional-grupo-cosentino-en-cantoria\/#respond\"]}]},{\"@type\":\"WebPage\",\"@id\":\"https:\/\/ajeandalucia.org\/almeria\/2017\/11\/28\/aje-almeria-visita-las-instalaciones-de-la-multinacional-grupo-cosentino-en-cantoria\/\",\"url\":\"https:\/\/ajeandalucia.org\/almeria\/2017\/11\/28\/aje-almeria-visita-las-instalaciones-de-la-multinacional-grupo-cosentino-en-cantoria\/\",\"name\":\"AJE Almer\u00eda visita las instalaciones de la multinacional Grupo Cosentino en Cantoria - AJE Almer\u00eda\",\"isPartOf\":{\"@id\":\"https:\/\/ajeandalucia.org\/almeria\/#website\"},\"primaryImageOfPage\":{\"@id\":\"https:\/\/ajeandalucia.org\/almeria\/2017\/11\/28\/aje-almeria-visita-las-instalaciones-de-la-multinacional-grupo-cosentino-en-cantoria\/#primaryimage\"},\"image\":{\"@id\":\"https:\/\/ajeandalucia.org\/almeria\/2017\/11\/28\/aje-almeria-visita-las-instalaciones-de-la-multinacional-grupo-cosentino-en-cantoria\/#primaryimage\"},\"thumbnailUrl\":\"https:\/\/ajeandalucia.org\/almeria\/wp-content\/uploads\/sites\/3\/2017\/11\/socios-AJE-Almeria-en-Cosentino.jpg\",\"datePublished\":\"2017-11-28T08:00:06+00:00\",\"dateModified\":\"2018-01-23T16:45:07+00:00\",\"breadcrumb\":{\"@id\":\"https:\/\/ajeandalucia.org\/almeria\/2017\/11\/28\/aje-almeria-visita-las-instalaciones-de-la-multinacional-grupo-cosentino-en-cantoria\/#breadcrumb\"},\"inLanguage\":\"es\",\"potentialAction\":[{\"@type\":\"ReadAction\",\"target\":[\"https:\/\/ajeandalucia.org\/almeria\/2017\/11\/28\/aje-almeria-visita-las-instalaciones-de-la-multinacional-grupo-cosentino-en-cantoria\/\"]}]},{\"@type\":\"ImageObject\",\"inLanguage\":\"es\",\"@id\":\"https:\/\/ajeandalucia.org\/almeria\/2017\/11\/28\/aje-almeria-visita-las-instalaciones-de-la-multinacional-grupo-cosentino-en-cantoria\/#primaryimage\",\"url\":\"https:\/\/ajeandalucia.org\/almeria\/wp-content\/uploads\/sites\/3\/2017\/11\/socios-AJE-Almeria-en-Cosentino.jpg\",\"contentUrl\":\"https:\/\/ajeandalucia.org\/almeria\/wp-content\/uploads\/sites\/3\/2017\/11\/socios-AJE-Almeria-en-Cosentino.jpg\",\"width\":3456,\"height\":2304},{\"@type\":\"BreadcrumbList\",\"@id\":\"https:\/\/ajeandalucia.org\/almeria\/2017\/11\/28\/aje-almeria-visita-las-instalaciones-de-la-multinacional-grupo-cosentino-en-cantoria\/#breadcrumb\",\"itemListElement\":[{\"@type\":\"ListItem\",\"position\":1,\"name\":\"Portada\",\"item\":\"https:\/\/ajeandalucia.org\/almeria\/\"},{\"@type\":\"ListItem\",\"position\":2,\"name\":\"AJE Almer\u00eda visita las instalaciones de la multinacional Grupo Cosentino en Cantoria\"}]},{\"@type\":\"WebSite\",\"@id\":\"https:\/\/ajeandalucia.org\/almeria\/#website\",\"url\":\"https:\/\/ajeandalucia.org\/almeria\/\",\"name\":\"AJE Almer\u00eda\",\"description\":\"Otro sitio m\u00e1s de AJE Andaluc\u00eda\",\"publisher\":{\"@id\":\"https:\/\/ajeandalucia.org\/almeria\/#organization\"},\"potentialAction\":[{\"@type\":\"SearchAction\",\"target\":{\"@type\":\"EntryPoint\",\"urlTemplate\":\"https:\/\/ajeandalucia.org\/almeria\/?s={search_term_string}\"},\"query-input\":{\"@type\":\"PropertyValueSpecification\",\"valueRequired\":true,\"valueName\":\"search_term_string\"}}],\"inLanguage\":\"es\"},{\"@type\":\"Organization\",\"@id\":\"https:\/\/ajeandalucia.org\/almeria\/#organization\",\"name\":\"AJE Almer\u00eda\",\"url\":\"https:\/\/ajeandalucia.org\/almeria\/\",\"logo\":{\"@type\":\"ImageObject\",\"inLanguage\":\"es\",\"@id\":\"https:\/\/ajeandalucia.org\/almeria\/#\/schema\/logo\/image\/\",\"url\":\"https:\/\/ajeandalucia.org\/almeria\/wp-content\/uploads\/sites\/3\/2025\/01\/AJE-ALMERIA-horizontal.png\",\"contentUrl\":\"https:\/\/ajeandalucia.org\/almeria\/wp-content\/uploads\/sites\/3\/2025\/01\/AJE-ALMERIA-horizontal.png\",\"width\":605,\"height\":200,\"caption\":\"AJE Almer\u00eda\"},\"image\":{\"@id\":\"https:\/\/ajeandalucia.org\/almeria\/#\/schema\/logo\/image\/\"}},{\"@type\":\"Person\",\"@id\":\"https:\/\/ajeandalucia.org\/almeria\/#\/schema\/person\/9336ac50bc8c90053f6bf3b99e5c7d7b\",\"name\":\"almeria\",\"image\":{\"@type\":\"ImageObject\",\"inLanguage\":\"es\",\"@id\":\"https:\/\/ajeandalucia.org\/almeria\/#\/schema\/person\/image\/\",\"url\":\"https:\/\/secure.gravatar.com\/avatar\/f5b6b7d37a8f964bd96d1a7752fc3160bb98a16a08fda2bb6fb3a80845dae5d6?s=96&d=mm&r=g\",\"contentUrl\":\"https:\/\/secure.gravatar.com\/avatar\/f5b6b7d37a8f964bd96d1a7752fc3160bb98a16a08fda2bb6fb3a80845dae5d6?s=96&d=mm&r=g\",\"caption\":\"almeria\"},\"sameAs\":[\"http:\/\/www.ajealmeria.org\/\"],\"url\":\"https:\/\/ajeandalucia.org\/almeria\/author\/almeria\/\"}]}<\/script>\n<!-- \/ Yoast SEO plugin. -->","yoast_head_json":{"title":"AJE Almer\u00eda visita las instalaciones de la multinacional Grupo Cosentino en Cantoria - AJE Almer\u00eda","robots":{"index":"index","follow":"follow","max-snippet":"max-snippet:-1","max-image-preview":"max-image-preview:large","max-video-preview":"max-video-preview:-1"},"canonical":"https:\/\/ajeandalucia.org\/almeria\/2017\/11\/28\/aje-almeria-visita-las-instalaciones-de-la-multinacional-grupo-cosentino-en-cantoria\/","og_locale":"es_ES","og_type":"article","og_title":"AJE Almer\u00eda visita las instalaciones de la multinacional Grupo Cosentino en Cantoria - AJE Almer\u00eda","og_description":"La Asociaci\u00f3n de J\u00f3venes Empresarios de Almer\u00eda ha visitado hoy la sede central de la multinacional Grupo Cosentino, ubicada en [&hellip;]","og_url":"https:\/\/ajeandalucia.org\/almeria\/2017\/11\/28\/aje-almeria-visita-las-instalaciones-de-la-multinacional-grupo-cosentino-en-cantoria\/","og_site_name":"AJE Almer\u00eda","article_published_time":"2017-11-28T08:00:06+00:00","article_modified_time":"2018-01-23T16:45:07+00:00","og_image":[{"width":1024,"height":683,"url":"https:\/\/ajeandalucia.org\/almeria\/wp-content\/uploads\/sites\/3\/2017\/11\/socios-AJE-Almeria-en-Cosentino-1024x683.jpg","type":"image\/jpeg"}],"author":"almeria","twitter_card":"summary_large_image","twitter_misc":{"Escrito por":"almeria","Tiempo de lectura":"2 minutos"},"schema":{"@context":"https:\/\/schema.org","@graph":[{"@type":"Article","@id":"https:\/\/ajeandalucia.org\/almeria\/2017\/11\/28\/aje-almeria-visita-las-instalaciones-de-la-multinacional-grupo-cosentino-en-cantoria\/#article","isPartOf":{"@id":"https:\/\/ajeandalucia.org\/almeria\/2017\/11\/28\/aje-almeria-visita-las-instalaciones-de-la-multinacional-grupo-cosentino-en-cantoria\/"},"author":{"name":"almeria","@id":"https:\/\/ajeandalucia.org\/almeria\/#\/schema\/person\/9336ac50bc8c90053f6bf3b99e5c7d7b"},"headline":"AJE Almer\u00eda visita las instalaciones de la multinacional Grupo Cosentino en Cantoria","datePublished":"2017-11-28T08:00:06+00:00","dateModified":"2018-01-23T16:45:07+00:00","mainEntityOfPage":{"@id":"https:\/\/ajeandalucia.org\/almeria\/2017\/11\/28\/aje-almeria-visita-las-instalaciones-de-la-multinacional-grupo-cosentino-en-cantoria\/"},"wordCount":377,"commentCount":0,"publisher":{"@id":"https:\/\/ajeandalucia.org\/almeria\/#organization"},"image":{"@id":"https:\/\/ajeandalucia.org\/almeria\/2017\/11\/28\/aje-almeria-visita-las-instalaciones-de-la-multinacional-grupo-cosentino-en-cantoria\/#primaryimage"},"thumbnailUrl":"https:\/\/ajeandalucia.org\/almeria\/wp-content\/uploads\/sites\/3\/2017\/11\/socios-AJE-Almeria-en-Cosentino.jpg","keywords":["aje almeria","aje almeria visita a grupo cosentino","grupo cosentino"],"articleSection":["Noticias"],"inLanguage":"es","potentialAction":[{"@type":"CommentAction","name":"Comment","target":["https:\/\/ajeandalucia.org\/almeria\/2017\/11\/28\/aje-almeria-visita-las-instalaciones-de-la-multinacional-grupo-cosentino-en-cantoria\/#respond"]}]},{"@type":"WebPage","@id":"https:\/\/ajeandalucia.org\/almeria\/2017\/11\/28\/aje-almeria-visita-las-instalaciones-de-la-multinacional-grupo-cosentino-en-cantoria\/","url":"https:\/\/ajeandalucia.org\/almeria\/2017\/11\/28\/aje-almeria-visita-las-instalaciones-de-la-multinacional-grupo-cosentino-en-cantoria\/","name":"AJE Almer\u00eda visita las instalaciones de la multinacional Grupo Cosentino en Cantoria - AJE Almer\u00eda","isPartOf":{"@id":"https:\/\/ajeandalucia.org\/almeria\/#website"},"primaryImageOfPage":{"@id":"https:\/\/ajeandalucia.org\/almeria\/2017\/11\/28\/aje-almeria-visita-las-instalaciones-de-la-multinacional-grupo-cosentino-en-cantoria\/#primaryimage"},"image":{"@id":"https:\/\/ajeandalucia.org\/almeria\/2017\/11\/28\/aje-almeria-visita-las-instalaciones-de-la-multinacional-grupo-cosentino-en-cantoria\/#primaryimage"},"thumbnailUrl":"https:\/\/ajeandalucia.org\/almeria\/wp-content\/uploads\/sites\/3\/2017\/11\/socios-AJE-Almeria-en-Cosentino.jpg","datePublished":"2017-11-28T08:00:06+00:00","dateModified":"2018-01-23T16:45:07+00:00","breadcrumb":{"@id":"https:\/\/ajeandalucia.org\/almeria\/2017\/11\/28\/aje-almeria-visita-las-instalaciones-de-la-multinacional-grupo-cosentino-en-cantoria\/#breadcrumb"},"inLanguage":"es","potentialAction":[{"@type":"ReadAction","target":["https:\/\/ajeandalucia.org\/almeria\/2017\/11\/28\/aje-almeria-visita-las-instalaciones-de-la-multinacional-grupo-cosentino-en-cantoria\/"]}]},{"@type":"ImageObject","inLanguage":"es","@id":"https:\/\/ajeandalucia.org\/almeria\/2017\/11\/28\/aje-almeria-visita-las-instalaciones-de-la-multinacional-grupo-cosentino-en-cantoria\/#primaryimage","url":"https:\/\/ajeandalucia.org\/almeria\/wp-content\/uploads\/sites\/3\/2017\/11\/socios-AJE-Almeria-en-Cosentino.jpg","contentUrl":"https:\/\/ajeandalucia.org\/almeria\/wp-content\/uploads\/sites\/3\/2017\/11\/socios-AJE-Almeria-en-Cosentino.jpg","width":3456,"height":2304},{"@type":"BreadcrumbList","@id":"https:\/\/ajeandalucia.org\/almeria\/2017\/11\/28\/aje-almeria-visita-las-instalaciones-de-la-multinacional-grupo-cosentino-en-cantoria\/#breadcrumb","itemListElement":[{"@type":"ListItem","position":1,"name":"Portada","item":"https:\/\/ajeandalucia.org\/almeria\/"},{"@type":"ListItem","position":2,"name":"AJE Almer\u00eda visita las instalaciones de la multinacional Grupo Cosentino en Cantoria"}]},{"@type":"WebSite","@id":"https:\/\/ajeandalucia.org\/almeria\/#website","url":"https:\/\/ajeandalucia.org\/almeria\/","name":"AJE Almer\u00eda","description":"Otro sitio m\u00e1s de AJE Andaluc\u00eda","publisher":{"@id":"https:\/\/ajeandalucia.org\/almeria\/#organization"},"potentialAction":[{"@type":"SearchAction","target":{"@type":"EntryPoint","urlTemplate":"https:\/\/ajeandalucia.org\/almeria\/?s={search_term_string}"},"query-input":{"@type":"PropertyValueSpecification","valueRequired":true,"valueName":"search_term_string"}}],"inLanguage":"es"},{"@type":"Organization","@id":"https:\/\/ajeandalucia.org\/almeria\/#organization","name":"AJE Almer\u00eda","url":"https:\/\/ajeandalucia.org\/almeria\/","logo":{"@type":"ImageObject","inLanguage":"es","@id":"https:\/\/ajeandalucia.org\/almeria\/#\/schema\/logo\/image\/","url":"https:\/\/ajeandalucia.org\/almeria\/wp-content\/uploads\/sites\/3\/2025\/01\/AJE-ALMERIA-horizontal.png","contentUrl":"https:\/\/ajeandalucia.org\/almeria\/wp-content\/uploads\/sites\/3\/2025\/01\/AJE-ALMERIA-horizontal.png","width":605,"height":200,"caption":"AJE Almer\u00eda"},"image":{"@id":"https:\/\/ajeandalucia.org\/almeria\/#\/schema\/logo\/image\/"}},{"@type":"Person","@id":"https:\/\/ajeandalucia.org\/almeria\/#\/schema\/person\/9336ac50bc8c90053f6bf3b99e5c7d7b","name":"almeria","image":{"@type":"ImageObject","inLanguage":"es","@id":"https:\/\/ajeandalucia.org\/almeria\/#\/schema\/person\/image\/","url":"https:\/\/secure.gravatar.com\/avatar\/f5b6b7d37a8f964bd96d1a7752fc3160bb98a16a08fda2bb6fb3a80845dae5d6?s=96&d=mm&r=g","contentUrl":"https:\/\/secure.gravatar.com\/avatar\/f5b6b7d37a8f964bd96d1a7752fc3160bb98a16a08fda2bb6fb3a80845dae5d6?s=96&d=mm&r=g","caption":"almeria"},"sameAs":["http:\/\/www.ajealmeria.org\/"],"url":"https:\/\/ajeandalucia.org\/almeria\/author\/almeria\/"}]}},"_links":{"self":[{"href":"https:\/\/ajeandalucia.org\/almeria\/wp-json\/wp\/v2\/posts\/765","targetHints":{"allow":["GET"]}}],"collection":[{"href":"https:\/\/ajeandalucia.org\/almeria\/wp-json\/wp\/v2\/posts"}],"about":[{"href":"https:\/\/ajeandalucia.org\/almeria\/wp-json\/wp\/v2\/types\/post"}],"author":[{"embeddable":true,"href":"https:\/\/ajeandalucia.org\/almeria\/wp-json\/wp\/v2\/users\/3"}],"replies":[{"embeddable":true,"href":"https:\/\/ajeandalucia.org\/almeria\/wp-json\/wp\/v2\/comments?post=765"}],"version-history":[{"count":2,"href":"https:\/\/ajeandalucia.org\/almeria\/wp-json\/wp\/v2\/posts\/765\/revisions"}],"predecessor-version":[{"id":768,"href":"https:\/\/ajeandalucia.org\/almeria\/wp-json\/wp\/v2\/posts\/765\/revisions\/768"}],"wp:featuredmedia":[{"embeddable":true,"href":"https:\/\/ajeandalucia.org\/almeria\/wp-json\/wp\/v2\/media\/766"}],"wp:attachment":[{"href":"https:\/\/ajeandalucia.org\/almeria\/wp-json\/wp\/v2\/media?parent=765"}],"wp:term":[{"taxonomy":"category","embeddable":true,"href":"https:\/\/ajeandalucia.org\/almeria\/wp-json\/wp\/v2\/categories?post=765"},{"taxonomy":"post_tag","embeddable":true,"href":"https:\/\/ajeandalucia.org\/almeria\/wp-json\/wp\/v2\/tags?post=765"}],"curies":[{"name":"wp","href":"https:\/\/api.w.org\/{rel}","templated":true}]}}