{"id":796,"date":"2017-12-22T08:54:45","date_gmt":"2017-12-22T08:54:45","guid":{"rendered":"http:\/\/www.ajeandalucia.org\/almeria\/?p=796"},"modified":"2018-01-23T16:42:23","modified_gmt":"2018-01-23T16:42:23","slug":"que-debes-saber-si-eres-empresario-o-autonomo-para-este-2018","status":"publish","type":"post","link":"https:\/\/ajeandalucia.org\/almeria\/2017\/12\/22\/que-debes-saber-si-eres-empresario-o-autonomo-para-este-2018\/","title":{"rendered":"Qu\u00e9 debes saber si eres empresario o aut\u00f3nomo para este 2018"},"content":{"rendered":"<p>Empezamos nuevo a\u00f1o, y con \u00e9l se aproximan nuevas reformas en las leyes que afectan a empresarios y emprendedores que ser\u00eda interesante conocer si est\u00e1s, o decides embarcarte este 2018, en el mundo de los negocios. Hemos recopilado las m\u00e1s interesantes, y las que entrar\u00e1n en vigor pr\u00f3ximamente. La mayor\u00eda<strong> favorecen la figura de la persona emprendedora<\/strong>, que encontrar\u00e1 menos obst\u00e1culos en el camino a la hora de lanzarse al apasionante mundo empresarial.<\/p>\n<p><strong>1. La tarifa plana de 50 euros para nuevos aut\u00f3nomos.<\/strong> Hasta ahora solo se aplica durante los primeros seis meses de actividad, pero, a partir de enero de 2018, se ampl\u00eda a un a\u00f1o. Adem\u00e1s, podr\u00e1n disfrutar de ella, por segunda vez, los emprendedores que hayan vuelto a emprender pasados dos a\u00f1os desde el primer intento y no cinco como actualmente.<\/p>\n<p><strong>2. Las bonificaciones de la tarifa plana se extienden hasta los 24 meses<\/strong>. Los seis siguientes a los doce de tarifa plana de 50 euros se bonifica al 50% y los \u00faltimos seis al 30%.<\/p>\n<p>3. Se hace operativa la posibilidad de que los aut\u00f3nomos <strong>paguen sus cotizaciones desde el d\u00eda que se dan de alta<\/strong> en el Registro Especial de Trabajadores Aut\u00f3nomos.<\/p>\n<p>4. Se permitir\u00e1 <strong>darse de alta y de baja hasta tres veces<\/strong> en el mismo a\u00f1o.<\/p>\n<p>5. Se <strong>flexibiliza la elecci\u00f3n de bases de cotizaci\u00f3n<\/strong> y se permite cambiarla hasta cuatro veces el mismo a\u00f1o.<\/p>\n<p>6. El Gobierno ha<strong> rebajado a la mitad los cargos por retrasos en los pagos<\/strong> a la Seguridad Social. Del 20% actual al 10%, a partir de enero de 2018. Con el objetivo de hacer m\u00e1s llevadera la gesti\u00f3n de tesorer\u00eda de los trabajadores aut\u00f3nomos.<\/p>\n<p>7. A partir de 2018, se permite la<strong> deducci\u00f3n de un 30% de los gastos de suministros<\/strong>, como el agua, la luz y telefon\u00eda, siempre que se trabaje desde casa.<\/p>\n<p>8. Se podr\u00e1n <strong>deducir 26,67 euros diarios en el IRPF<\/strong> por gasto en comida, una cantidad que asciende a 48 euros si el gasto se produce fuera de Espa\u00f1a.<\/p>\n<p>9. A partir de 2018, tambi\u00e9n se <strong>mejora el trato a los emprendedores con discapacidades reconocidas<\/strong>.<\/p>\n<p>Algunas reformas ya se han aplicado tras la publicaci\u00f3n de la ley en el BOE. A continuaci\u00f3n citamos algunas de las que ya est\u00e1n activas &#8211; o a punto de lanzarse-:<\/p>\n<ul>\n<li>La <strong>devoluci\u00f3n autom\u00e1tica del exceso de cotizaci\u00f3n de los trabajadores<\/strong> con pluriactividad, es decir, los que trabajan como aut\u00f3nomos y por cuenta ajena, sin que tengan que solicitarla como ocurr\u00eda hasta ahora.<\/li>\n<li><strong>Los aut\u00f3nomos podr\u00e1n cobrar el 100% de la pensi\u00f3n<\/strong> y seguir trabajando si tienen al menos un trabajador a su cargo. Las jubilaci\u00f3n de un aut\u00f3nomo no tiene que significar obligatoriamente el cierre de un negocio como ocurr\u00eda hasta ahora.<\/li>\n<li><span style=\"line-height: 1.5\">Las <strong>medidas destinadas a conciliaci\u00f3n tambi\u00e9n son de aplicaci\u00f3n inmediata<\/strong>. As\u00ed, las mujeres que reemprendan actividad hasta dos a\u00f1os despu\u00e9s de haberla suspendido por maternidad, adopci\u00f3n, acogimiento, etc. podr\u00e1n hacerlo con una tarifa plana de 50 euros.<\/span><\/li>\n<li><span style=\"line-height: 1.5\">Los padres y madres quedan exentos de pagar la cuota de aut\u00f3nomos durante el per\u00edodo que dure su baja.<\/span><\/li>\n<li><span style=\"line-height: 1.5\">Se ha aprobado la exenci\u00f3n del 100% de la cuota de aut\u00f3nomos durante un a\u00f1o para el cuidado de menores o dependientes.<\/span><\/li>\n<li><span style=\"line-height: 1.5\">En el <strong>\u00e1mbito familiar se ajustan algo m\u00e1s las relaciones laborales<\/strong>. As\u00ed, se bonifican al 100% las contingencias comunes durante un a\u00f1o para contratos como trabajadores por cuenta ajena a c\u00f3nyuges, ascendientes, descendientes y dem\u00e1s parientes por consanguinidad o afinidad, hasta el segundo grado inclusive.<\/span><\/li>\n<li><span style=\"line-height: 1.5\">La <strong>cuota de los aut\u00f3nomos societarios ya no subir\u00e1 autom\u00e1ticamente<\/strong> en funci\u00f3n de lo que se eleve el salario m\u00ednimo interprofesional, sino que depender\u00e1 de lo que se determine en los Presupuestos Generales del Estado. Aunque actualmente la aprobaci\u00f3n de esos Presupuestos est\u00e1 suspendida por el Gobierno por lo que con la pr\u00f3rroga de los de 2017 esta medida no puede ser puesta en marcha.<\/span><\/li>\n<li><span style=\"line-height: 1.5\">Se acepta como accidente laboral el que tiene lugar entre la ida y de vuelta del aut\u00f3nomo a su puesto de trabajo cuando sea distinto a su domicilio.<\/span><\/li>\n<li><span style=\"line-height: 1.5\">Se permite a los <strong>aut\u00f3nomos incorporarse al di\u00e1logo social<\/strong> y los reconocimientos que de ello se deriva de las negociaciones conjuntas.<\/span><\/li>\n<\/ul>\n","protected":false},"excerpt":{"rendered":"<p>Empezamos nuevo a\u00f1o, y con \u00e9l se aproximan nuevas reformas en las leyes que afectan a empresarios y emprendedores que [&hellip;]<\/p>\n","protected":false},"author":3,"featured_media":797,"comment_status":"open","ping_status":"open","sticky":false,"template":"","format":"standard","meta":{"_acf_changed":false,"site-sidebar-layout":"default","site-content-layout":"","ast-site-content-layout":"default","site-content-style":"default","site-sidebar-style":"default","ast-global-header-display":"","ast-banner-title-visibility":"","ast-main-header-display":"","ast-hfb-above-header-display":"","ast-hfb-below-header-display":"","ast-hfb-mobile-header-display":"","site-post-title":"","ast-breadcrumbs-content":"","ast-featured-img":"","footer-sml-layout":"","ast-disable-related-posts":"","theme-transparent-header-meta":"","adv-header-id-meta":"","stick-header-meta":"","header-above-stick-meta":"","header-main-stick-meta":"","header-below-stick-meta":"","astra-migrate-meta-layouts":"default","ast-page-background-enabled":"default","ast-page-background-meta":{"desktop":{"background-color":"var(--ast-global-color-5)","background-image":"","background-repeat":"repeat","background-position":"center center","background-size":"auto","background-attachment":"scroll","background-type":"","background-media":"","overlay-type":"","overlay-color":"","overlay-opacity":"","overlay-gradient":""},"tablet":{"background-color":"","background-image":"","background-repeat":"repeat","background-position":"center center","background-size":"auto","background-attachment":"scroll","background-type":"","background-media":"","overlay-type":"","overlay-color":"","overlay-opacity":"","overlay-gradient":""},"mobile":{"background-color":"","background-image":"","background-repeat":"repeat","background-position":"center center","background-size":"auto","background-attachment":"scroll","background-type":"","background-media":"","overlay-type":"","overlay-color":"","overlay-opacity":"","overlay-gradient":""}},"ast-content-background-meta":{"desktop":{"background-color":"var(--ast-global-color-4)","background-image":"","background-repeat":"repeat","background-position":"center center","background-size":"auto","background-attachment":"scroll","background-type":"","background-media":"","overlay-type":"","overlay-color":"","overlay-opacity":"","overlay-gradient":""},"tablet":{"background-color":"var(--ast-global-color-4)","background-image":"","background-repeat":"repeat","background-position":"center center","background-size":"auto","background-attachment":"scroll","background-type":"","background-media":"","overlay-type":"","overlay-color":"","overlay-opacity":"","overlay-gradient":""},"mobile":{"background-color":"var(--ast-global-color-4)","background-image":"","background-repeat":"repeat","background-position":"center center","background-size":"auto","background-attachment":"scroll","background-type":"","background-media":"","overlay-type":"","overlay-color":"","overlay-opacity":"","overlay-gradient":""}},"footnotes":""},"categories":[8],"tags":[82,31,83],"class_list":["post-796","post","type-post","status-publish","format-standard","has-post-thumbnail","hentry","category-noticias","tag-autonomos","tag-empresarios","tag-ley-autonomos"],"acf":[],"yoast_head":"<!-- This site is optimized with the Yoast SEO plugin v26.9 - https:\/\/yoast.com\/product\/yoast-seo-wordpress\/ -->\n<title>Qu\u00e9 debes saber si eres empresario o aut\u00f3nomo para este 2018 - AJE Almer\u00eda<\/title>\n<meta name=\"robots\" content=\"index, follow, max-snippet:-1, max-image-preview:large, max-video-preview:-1\" \/>\n<link rel=\"canonical\" href=\"https:\/\/ajeandalucia.org\/almeria\/2017\/12\/22\/que-debes-saber-si-eres-empresario-o-autonomo-para-este-2018\/\" \/>\n<meta property=\"og:locale\" content=\"es_ES\" \/>\n<meta property=\"og:type\" content=\"article\" \/>\n<meta property=\"og:title\" content=\"Qu\u00e9 debes saber si eres empresario o aut\u00f3nomo para este 2018 - AJE Almer\u00eda\" \/>\n<meta property=\"og:description\" content=\"Empezamos nuevo a\u00f1o, y con \u00e9l se aproximan nuevas reformas en las leyes que afectan a empresarios y emprendedores que [&hellip;]\" \/>\n<meta property=\"og:url\" content=\"https:\/\/ajeandalucia.org\/almeria\/2017\/12\/22\/que-debes-saber-si-eres-empresario-o-autonomo-para-este-2018\/\" \/>\n<meta property=\"og:site_name\" content=\"AJE Almer\u00eda\" \/>\n<meta property=\"article:published_time\" content=\"2017-12-22T08:54:45+00:00\" \/>\n<meta property=\"article:modified_time\" content=\"2018-01-23T16:42:23+00:00\" \/>\n<meta property=\"og:image\" content=\"https:\/\/ajeandalucia.org\/almeria\/wp-content\/uploads\/sites\/3\/2017\/12\/student-849825_1920.jpg\" \/>\n\t<meta property=\"og:image:width\" content=\"1920\" \/>\n\t<meta property=\"og:image:height\" content=\"1280\" \/>\n\t<meta property=\"og:image:type\" content=\"image\/jpeg\" \/>\n<meta name=\"author\" content=\"almeria\" \/>\n<meta name=\"twitter:card\" content=\"summary_large_image\" \/>\n<meta name=\"twitter:label1\" content=\"Escrito por\" \/>\n\t<meta name=\"twitter:data1\" content=\"almeria\" \/>\n\t<meta name=\"twitter:label2\" content=\"Tiempo de lectura\" \/>\n\t<meta name=\"twitter:data2\" content=\"4 minutos\" \/>\n<script type=\"application\/ld+json\" class=\"yoast-schema-graph\">{\"@context\":\"https:\/\/schema.org\",\"@graph\":[{\"@type\":\"Article\",\"@id\":\"https:\/\/ajeandalucia.org\/almeria\/2017\/12\/22\/que-debes-saber-si-eres-empresario-o-autonomo-para-este-2018\/#article\",\"isPartOf\":{\"@id\":\"https:\/\/ajeandalucia.org\/almeria\/2017\/12\/22\/que-debes-saber-si-eres-empresario-o-autonomo-para-este-2018\/\"},\"author\":{\"name\":\"almeria\",\"@id\":\"https:\/\/ajeandalucia.org\/almeria\/#\/schema\/person\/9336ac50bc8c90053f6bf3b99e5c7d7b\"},\"headline\":\"Qu\u00e9 debes saber si eres empresario o aut\u00f3nomo para este 2018\",\"datePublished\":\"2017-12-22T08:54:45+00:00\",\"dateModified\":\"2018-01-23T16:42:23+00:00\",\"mainEntityOfPage\":{\"@id\":\"https:\/\/ajeandalucia.org\/almeria\/2017\/12\/22\/que-debes-saber-si-eres-empresario-o-autonomo-para-este-2018\/\"},\"wordCount\":743,\"commentCount\":0,\"publisher\":{\"@id\":\"https:\/\/ajeandalucia.org\/almeria\/#organization\"},\"image\":{\"@id\":\"https:\/\/ajeandalucia.org\/almeria\/2017\/12\/22\/que-debes-saber-si-eres-empresario-o-autonomo-para-este-2018\/#primaryimage\"},\"thumbnailUrl\":\"https:\/\/ajeandalucia.org\/almeria\/wp-content\/uploads\/sites\/3\/2017\/12\/student-849825_1920.jpg\",\"keywords\":[\"aut\u00f3nomos\",\"empresarios\",\"ley aut\u00f3nomos\"],\"articleSection\":[\"Noticias\"],\"inLanguage\":\"es\",\"potentialAction\":[{\"@type\":\"CommentAction\",\"name\":\"Comment\",\"target\":[\"https:\/\/ajeandalucia.org\/almeria\/2017\/12\/22\/que-debes-saber-si-eres-empresario-o-autonomo-para-este-2018\/#respond\"]}]},{\"@type\":\"WebPage\",\"@id\":\"https:\/\/ajeandalucia.org\/almeria\/2017\/12\/22\/que-debes-saber-si-eres-empresario-o-autonomo-para-este-2018\/\",\"url\":\"https:\/\/ajeandalucia.org\/almeria\/2017\/12\/22\/que-debes-saber-si-eres-empresario-o-autonomo-para-este-2018\/\",\"name\":\"Qu\u00e9 debes saber si eres empresario o aut\u00f3nomo para este 2018 - AJE Almer\u00eda\",\"isPartOf\":{\"@id\":\"https:\/\/ajeandalucia.org\/almeria\/#website\"},\"primaryImageOfPage\":{\"@id\":\"https:\/\/ajeandalucia.org\/almeria\/2017\/12\/22\/que-debes-saber-si-eres-empresario-o-autonomo-para-este-2018\/#primaryimage\"},\"image\":{\"@id\":\"https:\/\/ajeandalucia.org\/almeria\/2017\/12\/22\/que-debes-saber-si-eres-empresario-o-autonomo-para-este-2018\/#primaryimage\"},\"thumbnailUrl\":\"https:\/\/ajeandalucia.org\/almeria\/wp-content\/uploads\/sites\/3\/2017\/12\/student-849825_1920.jpg\",\"datePublished\":\"2017-12-22T08:54:45+00:00\",\"dateModified\":\"2018-01-23T16:42:23+00:00\",\"breadcrumb\":{\"@id\":\"https:\/\/ajeandalucia.org\/almeria\/2017\/12\/22\/que-debes-saber-si-eres-empresario-o-autonomo-para-este-2018\/#breadcrumb\"},\"inLanguage\":\"es\",\"potentialAction\":[{\"@type\":\"ReadAction\",\"target\":[\"https:\/\/ajeandalucia.org\/almeria\/2017\/12\/22\/que-debes-saber-si-eres-empresario-o-autonomo-para-este-2018\/\"]}]},{\"@type\":\"ImageObject\",\"inLanguage\":\"es\",\"@id\":\"https:\/\/ajeandalucia.org\/almeria\/2017\/12\/22\/que-debes-saber-si-eres-empresario-o-autonomo-para-este-2018\/#primaryimage\",\"url\":\"https:\/\/ajeandalucia.org\/almeria\/wp-content\/uploads\/sites\/3\/2017\/12\/student-849825_1920.jpg\",\"contentUrl\":\"https:\/\/ajeandalucia.org\/almeria\/wp-content\/uploads\/sites\/3\/2017\/12\/student-849825_1920.jpg\",\"width\":1920,\"height\":1280},{\"@type\":\"BreadcrumbList\",\"@id\":\"https:\/\/ajeandalucia.org\/almeria\/2017\/12\/22\/que-debes-saber-si-eres-empresario-o-autonomo-para-este-2018\/#breadcrumb\",\"itemListElement\":[{\"@type\":\"ListItem\",\"position\":1,\"name\":\"Portada\",\"item\":\"https:\/\/ajeandalucia.org\/almeria\/\"},{\"@type\":\"ListItem\",\"position\":2,\"name\":\"Qu\u00e9 debes saber si eres empresario o aut\u00f3nomo para este 2018\"}]},{\"@type\":\"WebSite\",\"@id\":\"https:\/\/ajeandalucia.org\/almeria\/#website\",\"url\":\"https:\/\/ajeandalucia.org\/almeria\/\",\"name\":\"AJE Almer\u00eda\",\"description\":\"Otro sitio m\u00e1s de AJE Andaluc\u00eda\",\"publisher\":{\"@id\":\"https:\/\/ajeandalucia.org\/almeria\/#organization\"},\"potentialAction\":[{\"@type\":\"SearchAction\",\"target\":{\"@type\":\"EntryPoint\",\"urlTemplate\":\"https:\/\/ajeandalucia.org\/almeria\/?s={search_term_string}\"},\"query-input\":{\"@type\":\"PropertyValueSpecification\",\"valueRequired\":true,\"valueName\":\"search_term_string\"}}],\"inLanguage\":\"es\"},{\"@type\":\"Organization\",\"@id\":\"https:\/\/ajeandalucia.org\/almeria\/#organization\",\"name\":\"AJE Almer\u00eda\",\"url\":\"https:\/\/ajeandalucia.org\/almeria\/\",\"logo\":{\"@type\":\"ImageObject\",\"inLanguage\":\"es\",\"@id\":\"https:\/\/ajeandalucia.org\/almeria\/#\/schema\/logo\/image\/\",\"url\":\"https:\/\/ajeandalucia.org\/almeria\/wp-content\/uploads\/sites\/3\/2025\/01\/AJE-ALMERIA-horizontal.png\",\"contentUrl\":\"https:\/\/ajeandalucia.org\/almeria\/wp-content\/uploads\/sites\/3\/2025\/01\/AJE-ALMERIA-horizontal.png\",\"width\":605,\"height\":200,\"caption\":\"AJE Almer\u00eda\"},\"image\":{\"@id\":\"https:\/\/ajeandalucia.org\/almeria\/#\/schema\/logo\/image\/\"}},{\"@type\":\"Person\",\"@id\":\"https:\/\/ajeandalucia.org\/almeria\/#\/schema\/person\/9336ac50bc8c90053f6bf3b99e5c7d7b\",\"name\":\"almeria\",\"image\":{\"@type\":\"ImageObject\",\"inLanguage\":\"es\",\"@id\":\"https:\/\/ajeandalucia.org\/almeria\/#\/schema\/person\/image\/\",\"url\":\"https:\/\/secure.gravatar.com\/avatar\/f5b6b7d37a8f964bd96d1a7752fc3160bb98a16a08fda2bb6fb3a80845dae5d6?s=96&d=mm&r=g\",\"contentUrl\":\"https:\/\/secure.gravatar.com\/avatar\/f5b6b7d37a8f964bd96d1a7752fc3160bb98a16a08fda2bb6fb3a80845dae5d6?s=96&d=mm&r=g\",\"caption\":\"almeria\"},\"sameAs\":[\"http:\/\/www.ajealmeria.org\/\"],\"url\":\"https:\/\/ajeandalucia.org\/almeria\/author\/almeria\/\"}]}<\/script>\n<!-- \/ Yoast SEO plugin. -->","yoast_head_json":{"title":"Qu\u00e9 debes saber si eres empresario o aut\u00f3nomo para este 2018 - AJE Almer\u00eda","robots":{"index":"index","follow":"follow","max-snippet":"max-snippet:-1","max-image-preview":"max-image-preview:large","max-video-preview":"max-video-preview:-1"},"canonical":"https:\/\/ajeandalucia.org\/almeria\/2017\/12\/22\/que-debes-saber-si-eres-empresario-o-autonomo-para-este-2018\/","og_locale":"es_ES","og_type":"article","og_title":"Qu\u00e9 debes saber si eres empresario o aut\u00f3nomo para este 2018 - AJE Almer\u00eda","og_description":"Empezamos nuevo a\u00f1o, y con \u00e9l se aproximan nuevas reformas en las leyes que afectan a empresarios y emprendedores que [&hellip;]","og_url":"https:\/\/ajeandalucia.org\/almeria\/2017\/12\/22\/que-debes-saber-si-eres-empresario-o-autonomo-para-este-2018\/","og_site_name":"AJE Almer\u00eda","article_published_time":"2017-12-22T08:54:45+00:00","article_modified_time":"2018-01-23T16:42:23+00:00","og_image":[{"width":1920,"height":1280,"url":"https:\/\/ajeandalucia.org\/almeria\/wp-content\/uploads\/sites\/3\/2017\/12\/student-849825_1920.jpg","type":"image\/jpeg"}],"author":"almeria","twitter_card":"summary_large_image","twitter_misc":{"Escrito por":"almeria","Tiempo de lectura":"4 minutos"},"schema":{"@context":"https:\/\/schema.org","@graph":[{"@type":"Article","@id":"https:\/\/ajeandalucia.org\/almeria\/2017\/12\/22\/que-debes-saber-si-eres-empresario-o-autonomo-para-este-2018\/#article","isPartOf":{"@id":"https:\/\/ajeandalucia.org\/almeria\/2017\/12\/22\/que-debes-saber-si-eres-empresario-o-autonomo-para-este-2018\/"},"author":{"name":"almeria","@id":"https:\/\/ajeandalucia.org\/almeria\/#\/schema\/person\/9336ac50bc8c90053f6bf3b99e5c7d7b"},"headline":"Qu\u00e9 debes saber si eres empresario o aut\u00f3nomo para este 2018","datePublished":"2017-12-22T08:54:45+00:00","dateModified":"2018-01-23T16:42:23+00:00","mainEntityOfPage":{"@id":"https:\/\/ajeandalucia.org\/almeria\/2017\/12\/22\/que-debes-saber-si-eres-empresario-o-autonomo-para-este-2018\/"},"wordCount":743,"commentCount":0,"publisher":{"@id":"https:\/\/ajeandalucia.org\/almeria\/#organization"},"image":{"@id":"https:\/\/ajeandalucia.org\/almeria\/2017\/12\/22\/que-debes-saber-si-eres-empresario-o-autonomo-para-este-2018\/#primaryimage"},"thumbnailUrl":"https:\/\/ajeandalucia.org\/almeria\/wp-content\/uploads\/sites\/3\/2017\/12\/student-849825_1920.jpg","keywords":["aut\u00f3nomos","empresarios","ley aut\u00f3nomos"],"articleSection":["Noticias"],"inLanguage":"es","potentialAction":[{"@type":"CommentAction","name":"Comment","target":["https:\/\/ajeandalucia.org\/almeria\/2017\/12\/22\/que-debes-saber-si-eres-empresario-o-autonomo-para-este-2018\/#respond"]}]},{"@type":"WebPage","@id":"https:\/\/ajeandalucia.org\/almeria\/2017\/12\/22\/que-debes-saber-si-eres-empresario-o-autonomo-para-este-2018\/","url":"https:\/\/ajeandalucia.org\/almeria\/2017\/12\/22\/que-debes-saber-si-eres-empresario-o-autonomo-para-este-2018\/","name":"Qu\u00e9 debes saber si eres empresario o aut\u00f3nomo para este 2018 - AJE Almer\u00eda","isPartOf":{"@id":"https:\/\/ajeandalucia.org\/almeria\/#website"},"primaryImageOfPage":{"@id":"https:\/\/ajeandalucia.org\/almeria\/2017\/12\/22\/que-debes-saber-si-eres-empresario-o-autonomo-para-este-2018\/#primaryimage"},"image":{"@id":"https:\/\/ajeandalucia.org\/almeria\/2017\/12\/22\/que-debes-saber-si-eres-empresario-o-autonomo-para-este-2018\/#primaryimage"},"thumbnailUrl":"https:\/\/ajeandalucia.org\/almeria\/wp-content\/uploads\/sites\/3\/2017\/12\/student-849825_1920.jpg","datePublished":"2017-12-22T08:54:45+00:00","dateModified":"2018-01-23T16:42:23+00:00","breadcrumb":{"@id":"https:\/\/ajeandalucia.org\/almeria\/2017\/12\/22\/que-debes-saber-si-eres-empresario-o-autonomo-para-este-2018\/#breadcrumb"},"inLanguage":"es","potentialAction":[{"@type":"ReadAction","target":["https:\/\/ajeandalucia.org\/almeria\/2017\/12\/22\/que-debes-saber-si-eres-empresario-o-autonomo-para-este-2018\/"]}]},{"@type":"ImageObject","inLanguage":"es","@id":"https:\/\/ajeandalucia.org\/almeria\/2017\/12\/22\/que-debes-saber-si-eres-empresario-o-autonomo-para-este-2018\/#primaryimage","url":"https:\/\/ajeandalucia.org\/almeria\/wp-content\/uploads\/sites\/3\/2017\/12\/student-849825_1920.jpg","contentUrl":"https:\/\/ajeandalucia.org\/almeria\/wp-content\/uploads\/sites\/3\/2017\/12\/student-849825_1920.jpg","width":1920,"height":1280},{"@type":"BreadcrumbList","@id":"https:\/\/ajeandalucia.org\/almeria\/2017\/12\/22\/que-debes-saber-si-eres-empresario-o-autonomo-para-este-2018\/#breadcrumb","itemListElement":[{"@type":"ListItem","position":1,"name":"Portada","item":"https:\/\/ajeandalucia.org\/almeria\/"},{"@type":"ListItem","position":2,"name":"Qu\u00e9 debes saber si eres empresario o aut\u00f3nomo para este 2018"}]},{"@type":"WebSite","@id":"https:\/\/ajeandalucia.org\/almeria\/#website","url":"https:\/\/ajeandalucia.org\/almeria\/","name":"AJE Almer\u00eda","description":"Otro sitio m\u00e1s de AJE Andaluc\u00eda","publisher":{"@id":"https:\/\/ajeandalucia.org\/almeria\/#organization"},"potentialAction":[{"@type":"SearchAction","target":{"@type":"EntryPoint","urlTemplate":"https:\/\/ajeandalucia.org\/almeria\/?s={search_term_string}"},"query-input":{"@type":"PropertyValueSpecification","valueRequired":true,"valueName":"search_term_string"}}],"inLanguage":"es"},{"@type":"Organization","@id":"https:\/\/ajeandalucia.org\/almeria\/#organization","name":"AJE Almer\u00eda","url":"https:\/\/ajeandalucia.org\/almeria\/","logo":{"@type":"ImageObject","inLanguage":"es","@id":"https:\/\/ajeandalucia.org\/almeria\/#\/schema\/logo\/image\/","url":"https:\/\/ajeandalucia.org\/almeria\/wp-content\/uploads\/sites\/3\/2025\/01\/AJE-ALMERIA-horizontal.png","contentUrl":"https:\/\/ajeandalucia.org\/almeria\/wp-content\/uploads\/sites\/3\/2025\/01\/AJE-ALMERIA-horizontal.png","width":605,"height":200,"caption":"AJE Almer\u00eda"},"image":{"@id":"https:\/\/ajeandalucia.org\/almeria\/#\/schema\/logo\/image\/"}},{"@type":"Person","@id":"https:\/\/ajeandalucia.org\/almeria\/#\/schema\/person\/9336ac50bc8c90053f6bf3b99e5c7d7b","name":"almeria","image":{"@type":"ImageObject","inLanguage":"es","@id":"https:\/\/ajeandalucia.org\/almeria\/#\/schema\/person\/image\/","url":"https:\/\/secure.gravatar.com\/avatar\/f5b6b7d37a8f964bd96d1a7752fc3160bb98a16a08fda2bb6fb3a80845dae5d6?s=96&d=mm&r=g","contentUrl":"https:\/\/secure.gravatar.com\/avatar\/f5b6b7d37a8f964bd96d1a7752fc3160bb98a16a08fda2bb6fb3a80845dae5d6?s=96&d=mm&r=g","caption":"almeria"},"sameAs":["http:\/\/www.ajealmeria.org\/"],"url":"https:\/\/ajeandalucia.org\/almeria\/author\/almeria\/"}]}},"_links":{"self":[{"href":"https:\/\/ajeandalucia.org\/almeria\/wp-json\/wp\/v2\/posts\/796","targetHints":{"allow":["GET"]}}],"collection":[{"href":"https:\/\/ajeandalucia.org\/almeria\/wp-json\/wp\/v2\/posts"}],"about":[{"href":"https:\/\/ajeandalucia.org\/almeria\/wp-json\/wp\/v2\/types\/post"}],"author":[{"embeddable":true,"href":"https:\/\/ajeandalucia.org\/almeria\/wp-json\/wp\/v2\/users\/3"}],"replies":[{"embeddable":true,"href":"https:\/\/ajeandalucia.org\/almeria\/wp-json\/wp\/v2\/comments?post=796"}],"version-history":[{"count":1,"href":"https:\/\/ajeandalucia.org\/almeria\/wp-json\/wp\/v2\/posts\/796\/revisions"}],"predecessor-version":[{"id":798,"href":"https:\/\/ajeandalucia.org\/almeria\/wp-json\/wp\/v2\/posts\/796\/revisions\/798"}],"wp:featuredmedia":[{"embeddable":true,"href":"https:\/\/ajeandalucia.org\/almeria\/wp-json\/wp\/v2\/media\/797"}],"wp:attachment":[{"href":"https:\/\/ajeandalucia.org\/almeria\/wp-json\/wp\/v2\/media?parent=796"}],"wp:term":[{"taxonomy":"category","embeddable":true,"href":"https:\/\/ajeandalucia.org\/almeria\/wp-json\/wp\/v2\/categories?post=796"},{"taxonomy":"post_tag","embeddable":true,"href":"https:\/\/ajeandalucia.org\/almeria\/wp-json\/wp\/v2\/tags?post=796"}],"curies":[{"name":"wp","href":"https:\/\/api.w.org\/{rel}","templated":true}]}}