{"id":801,"date":"2017-12-29T12:22:11","date_gmt":"2017-12-29T12:22:11","guid":{"rendered":"http:\/\/www.ajeandalucia.org\/almeria\/?p=801"},"modified":"2018-01-23T16:41:57","modified_gmt":"2018-01-23T16:41:57","slug":"la-pena-el-taranto-acoge-con-exito-la-zambomba-flamenca-organizada-por-aje-almeria","status":"publish","type":"post","link":"https:\/\/ajeandalucia.org\/almeria\/2017\/12\/29\/la-pena-el-taranto-acoge-con-exito-la-zambomba-flamenca-organizada-por-aje-almeria\/","title":{"rendered":"La Pe\u00f1a El Taranto acoge con \u00e9xito la Zambomba Flamenca organizada por AJE Almer\u00eda"},"content":{"rendered":"<p><strong>AJE Almer\u00eda <\/strong>celebr\u00f3 ayer con sus socios las Fiestas Navide\u00f1as por todo lo alto. Decenas de asistentes disfrutaron de una <strong>Zambomba Flamenca<\/strong> en la popular <strong><a href=\"http:\/\/www.eltaranto.com\/\">Pe\u00f1a El Taranto<\/a><\/strong>, en la que un grupo flamenco ameniz\u00f3 la tarde interpretando canciones t\u00edpicas de esta \u00e9poca, acompa\u00f1ados de las palmas y los coros de los asistentes.<\/p>\n<p><img loading=\"lazy\" decoding=\"async\" class=\"alignnone wp-image-805\" src=\"http:\/\/www.ajeandalucia.org\/almeria\/wp-content\/uploads\/sites\/3\/2017\/12\/zambomba-300x200.jpg\" alt=\"\" width=\"600\" height=\"400\" srcset=\"https:\/\/ajeandalucia.org\/almeria\/wp-content\/uploads\/sites\/3\/2017\/12\/zambomba-300x200.jpg 300w, https:\/\/ajeandalucia.org\/almeria\/wp-content\/uploads\/sites\/3\/2017\/12\/zambomba-768x512.jpg 768w, https:\/\/ajeandalucia.org\/almeria\/wp-content\/uploads\/sites\/3\/2017\/12\/zambomba-1024x683.jpg 1024w\" sizes=\"auto, (max-width: 600px) 100vw, 600px\" \/><\/p>\n<p>El repertorio estuvo compuesto por <strong>villancicos y temas populares<\/strong> cantados al m\u00e1s puro estilo flamenco, y se celebr\u00f3 en uno de los sitios m\u00e1s emblem\u00e1ticos de Almer\u00eda, la Pe\u00f1a El Taranto, cuya sede est\u00e1 ubicada en los Aljibes \u00c1rabes de Jair\u00e1n, en la calle Tenor Iribarne, n\u00famero 20, de la capital. <strong>La Asociaci\u00f3n de J\u00f3venes Empresarios<\/strong> ofreci\u00f3 a los asistentes un aperitivo compuesto por distintas variedades de vino dulce y mantecados mientras disfrutaba del espect\u00e1culo, que dur\u00f3 casi dos horas.<\/p>\n<p><img loading=\"lazy\" decoding=\"async\" class=\"alignnone wp-image-804\" src=\"http:\/\/www.ajeandalucia.org\/almeria\/wp-content\/uploads\/sites\/3\/2017\/12\/zambomba1-300x200.jpg\" alt=\"\" width=\"600\" height=\"400\" srcset=\"https:\/\/ajeandalucia.org\/almeria\/wp-content\/uploads\/sites\/3\/2017\/12\/zambomba1-300x200.jpg 300w, https:\/\/ajeandalucia.org\/almeria\/wp-content\/uploads\/sites\/3\/2017\/12\/zambomba1-768x512.jpg 768w, https:\/\/ajeandalucia.org\/almeria\/wp-content\/uploads\/sites\/3\/2017\/12\/zambomba1-1024x683.jpg 1024w\" sizes=\"auto, (max-width: 600px) 100vw, 600px\" \/><\/p>\n<p>Como broche de oro, m\u00e1s de una veintena de asistentes disfrutaron de una <strong>cena compuesta por platos elaborados con productos de la tierra<\/strong> en la Terraza de La Pe\u00f1a El Taranto, emplazada en la parte de arriba del espacio cultural.<\/p>\n<p>El grupo flamenco,<strong> la Familia Torres&amp;Heredia<\/strong>, est\u00e1 vinculado a la <strong>Asociaci\u00f3n Cultural flamenca Mes\u00f3n Gitano<\/strong>, presidida por el popular cantaor y guitarrista Jos\u00e9 Mar\u00eda Heredia, \u2018Josele\u2019. La entidad realiza actividades de refuerzo escolar y apoyo flamenco a ni\u00f1os del barrio de La Chanca varias tardes a la semana.<\/p>\n<p><img loading=\"lazy\" decoding=\"async\" class=\"alignnone wp-image-802\" src=\"http:\/\/www.ajeandalucia.org\/almeria\/wp-content\/uploads\/sites\/3\/2017\/12\/zambomba3-300x225.jpg\" alt=\"\" width=\"600\" height=\"450\" srcset=\"https:\/\/ajeandalucia.org\/almeria\/wp-content\/uploads\/sites\/3\/2017\/12\/zambomba3-300x225.jpg 300w, https:\/\/ajeandalucia.org\/almeria\/wp-content\/uploads\/sites\/3\/2017\/12\/zambomba3-768x576.jpg 768w, https:\/\/ajeandalucia.org\/almeria\/wp-content\/uploads\/sites\/3\/2017\/12\/zambomba3-1024x768.jpg 1024w, https:\/\/ajeandalucia.org\/almeria\/wp-content\/uploads\/sites\/3\/2017\/12\/zambomba3.jpg 1600w\" sizes=\"auto, (max-width: 600px) 100vw, 600px\" \/><\/p>\n<p><strong>La Zambomba Flamenca es un espect\u00e1culo tradicional<\/strong> de Andaluc\u00eda occidental, siendo famosas las celebradas en municipios como Jerez \u2013en C\u00e1diz-. El cante y el baile se unen para amenizar el evento que celebra la Navidad al m\u00e1s puro estilo flamenco.<\/p>\n","protected":false},"excerpt":{"rendered":"<p>AJE Almer\u00eda celebr\u00f3 ayer con sus socios las Fiestas Navide\u00f1as por todo lo alto. Decenas de asistentes disfrutaron de una [&hellip;]<\/p>\n","protected":false},"author":3,"featured_media":803,"comment_status":"open","ping_status":"open","sticky":false,"template":"","format":"standard","meta":{"_acf_changed":false,"site-sidebar-layout":"default","site-content-layout":"","ast-site-content-layout":"default","site-content-style":"default","site-sidebar-style":"default","ast-global-header-display":"","ast-banner-title-visibility":"","ast-main-header-display":"","ast-hfb-above-header-display":"","ast-hfb-below-header-display":"","ast-hfb-mobile-header-display":"","site-post-title":"","ast-breadcrumbs-content":"","ast-featured-img":"","footer-sml-layout":"","ast-disable-related-posts":"","theme-transparent-header-meta":"","adv-header-id-meta":"","stick-header-meta":"","header-above-stick-meta":"","header-main-stick-meta":"","header-below-stick-meta":"","astra-migrate-meta-layouts":"default","ast-page-background-enabled":"default","ast-page-background-meta":{"desktop":{"background-color":"var(--ast-global-color-5)","background-image":"","background-repeat":"repeat","background-position":"center center","background-size":"auto","background-attachment":"scroll","background-type":"","background-media":"","overlay-type":"","overlay-color":"","overlay-opacity":"","overlay-gradient":""},"tablet":{"background-color":"","background-image":"","background-repeat":"repeat","background-position":"center center","background-size":"auto","background-attachment":"scroll","background-type":"","background-media":"","overlay-type":"","overlay-color":"","overlay-opacity":"","overlay-gradient":""},"mobile":{"background-color":"","background-image":"","background-repeat":"repeat","background-position":"center center","background-size":"auto","background-attachment":"scroll","background-type":"","background-media":"","overlay-type":"","overlay-color":"","overlay-opacity":"","overlay-gradient":""}},"ast-content-background-meta":{"desktop":{"background-color":"var(--ast-global-color-4)","background-image":"","background-repeat":"repeat","background-position":"center center","background-size":"auto","background-attachment":"scroll","background-type":"","background-media":"","overlay-type":"","overlay-color":"","overlay-opacity":"","overlay-gradient":""},"tablet":{"background-color":"var(--ast-global-color-4)","background-image":"","background-repeat":"repeat","background-position":"center center","background-size":"auto","background-attachment":"scroll","background-type":"","background-media":"","overlay-type":"","overlay-color":"","overlay-opacity":"","overlay-gradient":""},"mobile":{"background-color":"var(--ast-global-color-4)","background-image":"","background-repeat":"repeat","background-position":"center center","background-size":"auto","background-attachment":"scroll","background-type":"","background-media":"","overlay-type":"","overlay-color":"","overlay-opacity":"","overlay-gradient":""}},"footnotes":""},"categories":[8],"tags":[27,87,85,86,84],"class_list":["post-801","post","type-post","status-publish","format-standard","has-post-thumbnail","hentry","category-noticias","tag-aje-almeria","tag-asociacion-jovenes-empresarios","tag-flamenco","tag-musica-flamenca","tag-zambomba-flamenca"],"acf":[],"yoast_head":"<!-- This site is optimized with the Yoast SEO plugin v26.9 - https:\/\/yoast.com\/product\/yoast-seo-wordpress\/ -->\n<title>La Pe\u00f1a El Taranto acoge con \u00e9xito la Zambomba Flamenca organizada por AJE Almer\u00eda - AJE Almer\u00eda<\/title>\n<meta name=\"robots\" content=\"index, follow, max-snippet:-1, max-image-preview:large, max-video-preview:-1\" \/>\n<link rel=\"canonical\" href=\"https:\/\/ajeandalucia.org\/almeria\/2017\/12\/29\/la-pena-el-taranto-acoge-con-exito-la-zambomba-flamenca-organizada-por-aje-almeria\/\" \/>\n<meta property=\"og:locale\" content=\"es_ES\" \/>\n<meta property=\"og:type\" content=\"article\" \/>\n<meta property=\"og:title\" content=\"La Pe\u00f1a El Taranto acoge con \u00e9xito la Zambomba Flamenca organizada por AJE Almer\u00eda - AJE Almer\u00eda\" \/>\n<meta property=\"og:description\" content=\"AJE Almer\u00eda celebr\u00f3 ayer con sus socios las Fiestas Navide\u00f1as por todo lo alto. Decenas de asistentes disfrutaron de una [&hellip;]\" \/>\n<meta property=\"og:url\" content=\"https:\/\/ajeandalucia.org\/almeria\/2017\/12\/29\/la-pena-el-taranto-acoge-con-exito-la-zambomba-flamenca-organizada-por-aje-almeria\/\" \/>\n<meta property=\"og:site_name\" content=\"AJE Almer\u00eda\" \/>\n<meta property=\"article:published_time\" content=\"2017-12-29T12:22:11+00:00\" \/>\n<meta property=\"article:modified_time\" content=\"2018-01-23T16:41:57+00:00\" \/>\n<meta property=\"og:image\" content=\"https:\/\/ajeandalucia.org\/almeria\/wp-content\/uploads\/sites\/3\/2017\/12\/zambomba2-1024x683.jpg\" \/>\n\t<meta property=\"og:image:width\" content=\"1024\" \/>\n\t<meta property=\"og:image:height\" content=\"683\" \/>\n\t<meta property=\"og:image:type\" content=\"image\/jpeg\" \/>\n<meta name=\"author\" content=\"almeria\" \/>\n<meta name=\"twitter:card\" content=\"summary_large_image\" \/>\n<meta name=\"twitter:label1\" content=\"Escrito por\" \/>\n\t<meta name=\"twitter:data1\" content=\"almeria\" \/>\n\t<meta name=\"twitter:label2\" content=\"Tiempo de lectura\" \/>\n\t<meta name=\"twitter:data2\" content=\"1 minuto\" \/>\n<script type=\"application\/ld+json\" class=\"yoast-schema-graph\">{\"@context\":\"https:\/\/schema.org\",\"@graph\":[{\"@type\":\"Article\",\"@id\":\"https:\/\/ajeandalucia.org\/almeria\/2017\/12\/29\/la-pena-el-taranto-acoge-con-exito-la-zambomba-flamenca-organizada-por-aje-almeria\/#article\",\"isPartOf\":{\"@id\":\"https:\/\/ajeandalucia.org\/almeria\/2017\/12\/29\/la-pena-el-taranto-acoge-con-exito-la-zambomba-flamenca-organizada-por-aje-almeria\/\"},\"author\":{\"name\":\"almeria\",\"@id\":\"https:\/\/ajeandalucia.org\/almeria\/#\/schema\/person\/9336ac50bc8c90053f6bf3b99e5c7d7b\"},\"headline\":\"La Pe\u00f1a El Taranto acoge con \u00e9xito la Zambomba Flamenca organizada por AJE Almer\u00eda\",\"datePublished\":\"2017-12-29T12:22:11+00:00\",\"dateModified\":\"2018-01-23T16:41:57+00:00\",\"mainEntityOfPage\":{\"@id\":\"https:\/\/ajeandalucia.org\/almeria\/2017\/12\/29\/la-pena-el-taranto-acoge-con-exito-la-zambomba-flamenca-organizada-por-aje-almeria\/\"},\"wordCount\":303,\"commentCount\":0,\"publisher\":{\"@id\":\"https:\/\/ajeandalucia.org\/almeria\/#organization\"},\"image\":{\"@id\":\"https:\/\/ajeandalucia.org\/almeria\/2017\/12\/29\/la-pena-el-taranto-acoge-con-exito-la-zambomba-flamenca-organizada-por-aje-almeria\/#primaryimage\"},\"thumbnailUrl\":\"https:\/\/ajeandalucia.org\/almeria\/wp-content\/uploads\/sites\/3\/2017\/12\/zambomba2.jpg\",\"keywords\":[\"aje almeria\",\"asociacion jovenes empresarios\",\"flamenco\",\"m\u00fasica flamenca\",\"zambomba flamenca\"],\"articleSection\":[\"Noticias\"],\"inLanguage\":\"es\",\"potentialAction\":[{\"@type\":\"CommentAction\",\"name\":\"Comment\",\"target\":[\"https:\/\/ajeandalucia.org\/almeria\/2017\/12\/29\/la-pena-el-taranto-acoge-con-exito-la-zambomba-flamenca-organizada-por-aje-almeria\/#respond\"]}]},{\"@type\":\"WebPage\",\"@id\":\"https:\/\/ajeandalucia.org\/almeria\/2017\/12\/29\/la-pena-el-taranto-acoge-con-exito-la-zambomba-flamenca-organizada-por-aje-almeria\/\",\"url\":\"https:\/\/ajeandalucia.org\/almeria\/2017\/12\/29\/la-pena-el-taranto-acoge-con-exito-la-zambomba-flamenca-organizada-por-aje-almeria\/\",\"name\":\"La Pe\u00f1a El Taranto acoge con \u00e9xito la Zambomba Flamenca organizada por AJE Almer\u00eda - AJE Almer\u00eda\",\"isPartOf\":{\"@id\":\"https:\/\/ajeandalucia.org\/almeria\/#website\"},\"primaryImageOfPage\":{\"@id\":\"https:\/\/ajeandalucia.org\/almeria\/2017\/12\/29\/la-pena-el-taranto-acoge-con-exito-la-zambomba-flamenca-organizada-por-aje-almeria\/#primaryimage\"},\"image\":{\"@id\":\"https:\/\/ajeandalucia.org\/almeria\/2017\/12\/29\/la-pena-el-taranto-acoge-con-exito-la-zambomba-flamenca-organizada-por-aje-almeria\/#primaryimage\"},\"thumbnailUrl\":\"https:\/\/ajeandalucia.org\/almeria\/wp-content\/uploads\/sites\/3\/2017\/12\/zambomba2.jpg\",\"datePublished\":\"2017-12-29T12:22:11+00:00\",\"dateModified\":\"2018-01-23T16:41:57+00:00\",\"breadcrumb\":{\"@id\":\"https:\/\/ajeandalucia.org\/almeria\/2017\/12\/29\/la-pena-el-taranto-acoge-con-exito-la-zambomba-flamenca-organizada-por-aje-almeria\/#breadcrumb\"},\"inLanguage\":\"es\",\"potentialAction\":[{\"@type\":\"ReadAction\",\"target\":[\"https:\/\/ajeandalucia.org\/almeria\/2017\/12\/29\/la-pena-el-taranto-acoge-con-exito-la-zambomba-flamenca-organizada-por-aje-almeria\/\"]}]},{\"@type\":\"ImageObject\",\"inLanguage\":\"es\",\"@id\":\"https:\/\/ajeandalucia.org\/almeria\/2017\/12\/29\/la-pena-el-taranto-acoge-con-exito-la-zambomba-flamenca-organizada-por-aje-almeria\/#primaryimage\",\"url\":\"https:\/\/ajeandalucia.org\/almeria\/wp-content\/uploads\/sites\/3\/2017\/12\/zambomba2.jpg\",\"contentUrl\":\"https:\/\/ajeandalucia.org\/almeria\/wp-content\/uploads\/sites\/3\/2017\/12\/zambomba2.jpg\",\"width\":3456,\"height\":2304},{\"@type\":\"BreadcrumbList\",\"@id\":\"https:\/\/ajeandalucia.org\/almeria\/2017\/12\/29\/la-pena-el-taranto-acoge-con-exito-la-zambomba-flamenca-organizada-por-aje-almeria\/#breadcrumb\",\"itemListElement\":[{\"@type\":\"ListItem\",\"position\":1,\"name\":\"Portada\",\"item\":\"https:\/\/ajeandalucia.org\/almeria\/\"},{\"@type\":\"ListItem\",\"position\":2,\"name\":\"La Pe\u00f1a El Taranto acoge con \u00e9xito la Zambomba Flamenca organizada por AJE Almer\u00eda\"}]},{\"@type\":\"WebSite\",\"@id\":\"https:\/\/ajeandalucia.org\/almeria\/#website\",\"url\":\"https:\/\/ajeandalucia.org\/almeria\/\",\"name\":\"AJE Almer\u00eda\",\"description\":\"Otro sitio m\u00e1s de AJE Andaluc\u00eda\",\"publisher\":{\"@id\":\"https:\/\/ajeandalucia.org\/almeria\/#organization\"},\"potentialAction\":[{\"@type\":\"SearchAction\",\"target\":{\"@type\":\"EntryPoint\",\"urlTemplate\":\"https:\/\/ajeandalucia.org\/almeria\/?s={search_term_string}\"},\"query-input\":{\"@type\":\"PropertyValueSpecification\",\"valueRequired\":true,\"valueName\":\"search_term_string\"}}],\"inLanguage\":\"es\"},{\"@type\":\"Organization\",\"@id\":\"https:\/\/ajeandalucia.org\/almeria\/#organization\",\"name\":\"AJE Almer\u00eda\",\"url\":\"https:\/\/ajeandalucia.org\/almeria\/\",\"logo\":{\"@type\":\"ImageObject\",\"inLanguage\":\"es\",\"@id\":\"https:\/\/ajeandalucia.org\/almeria\/#\/schema\/logo\/image\/\",\"url\":\"https:\/\/ajeandalucia.org\/almeria\/wp-content\/uploads\/sites\/3\/2025\/01\/AJE-ALMERIA-horizontal.png\",\"contentUrl\":\"https:\/\/ajeandalucia.org\/almeria\/wp-content\/uploads\/sites\/3\/2025\/01\/AJE-ALMERIA-horizontal.png\",\"width\":605,\"height\":200,\"caption\":\"AJE Almer\u00eda\"},\"image\":{\"@id\":\"https:\/\/ajeandalucia.org\/almeria\/#\/schema\/logo\/image\/\"}},{\"@type\":\"Person\",\"@id\":\"https:\/\/ajeandalucia.org\/almeria\/#\/schema\/person\/9336ac50bc8c90053f6bf3b99e5c7d7b\",\"name\":\"almeria\",\"image\":{\"@type\":\"ImageObject\",\"inLanguage\":\"es\",\"@id\":\"https:\/\/ajeandalucia.org\/almeria\/#\/schema\/person\/image\/\",\"url\":\"https:\/\/secure.gravatar.com\/avatar\/f5b6b7d37a8f964bd96d1a7752fc3160bb98a16a08fda2bb6fb3a80845dae5d6?s=96&d=mm&r=g\",\"contentUrl\":\"https:\/\/secure.gravatar.com\/avatar\/f5b6b7d37a8f964bd96d1a7752fc3160bb98a16a08fda2bb6fb3a80845dae5d6?s=96&d=mm&r=g\",\"caption\":\"almeria\"},\"sameAs\":[\"http:\/\/www.ajealmeria.org\/\"],\"url\":\"https:\/\/ajeandalucia.org\/almeria\/author\/almeria\/\"}]}<\/script>\n<!-- \/ Yoast SEO plugin. -->","yoast_head_json":{"title":"La Pe\u00f1a El Taranto acoge con \u00e9xito la Zambomba Flamenca organizada por AJE Almer\u00eda - AJE Almer\u00eda","robots":{"index":"index","follow":"follow","max-snippet":"max-snippet:-1","max-image-preview":"max-image-preview:large","max-video-preview":"max-video-preview:-1"},"canonical":"https:\/\/ajeandalucia.org\/almeria\/2017\/12\/29\/la-pena-el-taranto-acoge-con-exito-la-zambomba-flamenca-organizada-por-aje-almeria\/","og_locale":"es_ES","og_type":"article","og_title":"La Pe\u00f1a El Taranto acoge con \u00e9xito la Zambomba Flamenca organizada por AJE Almer\u00eda - AJE Almer\u00eda","og_description":"AJE Almer\u00eda celebr\u00f3 ayer con sus socios las Fiestas Navide\u00f1as por todo lo alto. Decenas de asistentes disfrutaron de una [&hellip;]","og_url":"https:\/\/ajeandalucia.org\/almeria\/2017\/12\/29\/la-pena-el-taranto-acoge-con-exito-la-zambomba-flamenca-organizada-por-aje-almeria\/","og_site_name":"AJE Almer\u00eda","article_published_time":"2017-12-29T12:22:11+00:00","article_modified_time":"2018-01-23T16:41:57+00:00","og_image":[{"width":1024,"height":683,"url":"https:\/\/ajeandalucia.org\/almeria\/wp-content\/uploads\/sites\/3\/2017\/12\/zambomba2-1024x683.jpg","type":"image\/jpeg"}],"author":"almeria","twitter_card":"summary_large_image","twitter_misc":{"Escrito por":"almeria","Tiempo de lectura":"1 minuto"},"schema":{"@context":"https:\/\/schema.org","@graph":[{"@type":"Article","@id":"https:\/\/ajeandalucia.org\/almeria\/2017\/12\/29\/la-pena-el-taranto-acoge-con-exito-la-zambomba-flamenca-organizada-por-aje-almeria\/#article","isPartOf":{"@id":"https:\/\/ajeandalucia.org\/almeria\/2017\/12\/29\/la-pena-el-taranto-acoge-con-exito-la-zambomba-flamenca-organizada-por-aje-almeria\/"},"author":{"name":"almeria","@id":"https:\/\/ajeandalucia.org\/almeria\/#\/schema\/person\/9336ac50bc8c90053f6bf3b99e5c7d7b"},"headline":"La Pe\u00f1a El Taranto acoge con \u00e9xito la Zambomba Flamenca organizada por AJE Almer\u00eda","datePublished":"2017-12-29T12:22:11+00:00","dateModified":"2018-01-23T16:41:57+00:00","mainEntityOfPage":{"@id":"https:\/\/ajeandalucia.org\/almeria\/2017\/12\/29\/la-pena-el-taranto-acoge-con-exito-la-zambomba-flamenca-organizada-por-aje-almeria\/"},"wordCount":303,"commentCount":0,"publisher":{"@id":"https:\/\/ajeandalucia.org\/almeria\/#organization"},"image":{"@id":"https:\/\/ajeandalucia.org\/almeria\/2017\/12\/29\/la-pena-el-taranto-acoge-con-exito-la-zambomba-flamenca-organizada-por-aje-almeria\/#primaryimage"},"thumbnailUrl":"https:\/\/ajeandalucia.org\/almeria\/wp-content\/uploads\/sites\/3\/2017\/12\/zambomba2.jpg","keywords":["aje almeria","asociacion jovenes empresarios","flamenco","m\u00fasica flamenca","zambomba flamenca"],"articleSection":["Noticias"],"inLanguage":"es","potentialAction":[{"@type":"CommentAction","name":"Comment","target":["https:\/\/ajeandalucia.org\/almeria\/2017\/12\/29\/la-pena-el-taranto-acoge-con-exito-la-zambomba-flamenca-organizada-por-aje-almeria\/#respond"]}]},{"@type":"WebPage","@id":"https:\/\/ajeandalucia.org\/almeria\/2017\/12\/29\/la-pena-el-taranto-acoge-con-exito-la-zambomba-flamenca-organizada-por-aje-almeria\/","url":"https:\/\/ajeandalucia.org\/almeria\/2017\/12\/29\/la-pena-el-taranto-acoge-con-exito-la-zambomba-flamenca-organizada-por-aje-almeria\/","name":"La Pe\u00f1a El Taranto acoge con \u00e9xito la Zambomba Flamenca organizada por AJE Almer\u00eda - AJE Almer\u00eda","isPartOf":{"@id":"https:\/\/ajeandalucia.org\/almeria\/#website"},"primaryImageOfPage":{"@id":"https:\/\/ajeandalucia.org\/almeria\/2017\/12\/29\/la-pena-el-taranto-acoge-con-exito-la-zambomba-flamenca-organizada-por-aje-almeria\/#primaryimage"},"image":{"@id":"https:\/\/ajeandalucia.org\/almeria\/2017\/12\/29\/la-pena-el-taranto-acoge-con-exito-la-zambomba-flamenca-organizada-por-aje-almeria\/#primaryimage"},"thumbnailUrl":"https:\/\/ajeandalucia.org\/almeria\/wp-content\/uploads\/sites\/3\/2017\/12\/zambomba2.jpg","datePublished":"2017-12-29T12:22:11+00:00","dateModified":"2018-01-23T16:41:57+00:00","breadcrumb":{"@id":"https:\/\/ajeandalucia.org\/almeria\/2017\/12\/29\/la-pena-el-taranto-acoge-con-exito-la-zambomba-flamenca-organizada-por-aje-almeria\/#breadcrumb"},"inLanguage":"es","potentialAction":[{"@type":"ReadAction","target":["https:\/\/ajeandalucia.org\/almeria\/2017\/12\/29\/la-pena-el-taranto-acoge-con-exito-la-zambomba-flamenca-organizada-por-aje-almeria\/"]}]},{"@type":"ImageObject","inLanguage":"es","@id":"https:\/\/ajeandalucia.org\/almeria\/2017\/12\/29\/la-pena-el-taranto-acoge-con-exito-la-zambomba-flamenca-organizada-por-aje-almeria\/#primaryimage","url":"https:\/\/ajeandalucia.org\/almeria\/wp-content\/uploads\/sites\/3\/2017\/12\/zambomba2.jpg","contentUrl":"https:\/\/ajeandalucia.org\/almeria\/wp-content\/uploads\/sites\/3\/2017\/12\/zambomba2.jpg","width":3456,"height":2304},{"@type":"BreadcrumbList","@id":"https:\/\/ajeandalucia.org\/almeria\/2017\/12\/29\/la-pena-el-taranto-acoge-con-exito-la-zambomba-flamenca-organizada-por-aje-almeria\/#breadcrumb","itemListElement":[{"@type":"ListItem","position":1,"name":"Portada","item":"https:\/\/ajeandalucia.org\/almeria\/"},{"@type":"ListItem","position":2,"name":"La Pe\u00f1a El Taranto acoge con \u00e9xito la Zambomba Flamenca organizada por AJE Almer\u00eda"}]},{"@type":"WebSite","@id":"https:\/\/ajeandalucia.org\/almeria\/#website","url":"https:\/\/ajeandalucia.org\/almeria\/","name":"AJE Almer\u00eda","description":"Otro sitio m\u00e1s de AJE Andaluc\u00eda","publisher":{"@id":"https:\/\/ajeandalucia.org\/almeria\/#organization"},"potentialAction":[{"@type":"SearchAction","target":{"@type":"EntryPoint","urlTemplate":"https:\/\/ajeandalucia.org\/almeria\/?s={search_term_string}"},"query-input":{"@type":"PropertyValueSpecification","valueRequired":true,"valueName":"search_term_string"}}],"inLanguage":"es"},{"@type":"Organization","@id":"https:\/\/ajeandalucia.org\/almeria\/#organization","name":"AJE Almer\u00eda","url":"https:\/\/ajeandalucia.org\/almeria\/","logo":{"@type":"ImageObject","inLanguage":"es","@id":"https:\/\/ajeandalucia.org\/almeria\/#\/schema\/logo\/image\/","url":"https:\/\/ajeandalucia.org\/almeria\/wp-content\/uploads\/sites\/3\/2025\/01\/AJE-ALMERIA-horizontal.png","contentUrl":"https:\/\/ajeandalucia.org\/almeria\/wp-content\/uploads\/sites\/3\/2025\/01\/AJE-ALMERIA-horizontal.png","width":605,"height":200,"caption":"AJE Almer\u00eda"},"image":{"@id":"https:\/\/ajeandalucia.org\/almeria\/#\/schema\/logo\/image\/"}},{"@type":"Person","@id":"https:\/\/ajeandalucia.org\/almeria\/#\/schema\/person\/9336ac50bc8c90053f6bf3b99e5c7d7b","name":"almeria","image":{"@type":"ImageObject","inLanguage":"es","@id":"https:\/\/ajeandalucia.org\/almeria\/#\/schema\/person\/image\/","url":"https:\/\/secure.gravatar.com\/avatar\/f5b6b7d37a8f964bd96d1a7752fc3160bb98a16a08fda2bb6fb3a80845dae5d6?s=96&d=mm&r=g","contentUrl":"https:\/\/secure.gravatar.com\/avatar\/f5b6b7d37a8f964bd96d1a7752fc3160bb98a16a08fda2bb6fb3a80845dae5d6?s=96&d=mm&r=g","caption":"almeria"},"sameAs":["http:\/\/www.ajealmeria.org\/"],"url":"https:\/\/ajeandalucia.org\/almeria\/author\/almeria\/"}]}},"_links":{"self":[{"href":"https:\/\/ajeandalucia.org\/almeria\/wp-json\/wp\/v2\/posts\/801","targetHints":{"allow":["GET"]}}],"collection":[{"href":"https:\/\/ajeandalucia.org\/almeria\/wp-json\/wp\/v2\/posts"}],"about":[{"href":"https:\/\/ajeandalucia.org\/almeria\/wp-json\/wp\/v2\/types\/post"}],"author":[{"embeddable":true,"href":"https:\/\/ajeandalucia.org\/almeria\/wp-json\/wp\/v2\/users\/3"}],"replies":[{"embeddable":true,"href":"https:\/\/ajeandalucia.org\/almeria\/wp-json\/wp\/v2\/comments?post=801"}],"version-history":[{"count":1,"href":"https:\/\/ajeandalucia.org\/almeria\/wp-json\/wp\/v2\/posts\/801\/revisions"}],"predecessor-version":[{"id":806,"href":"https:\/\/ajeandalucia.org\/almeria\/wp-json\/wp\/v2\/posts\/801\/revisions\/806"}],"wp:featuredmedia":[{"embeddable":true,"href":"https:\/\/ajeandalucia.org\/almeria\/wp-json\/wp\/v2\/media\/803"}],"wp:attachment":[{"href":"https:\/\/ajeandalucia.org\/almeria\/wp-json\/wp\/v2\/media?parent=801"}],"wp:term":[{"taxonomy":"category","embeddable":true,"href":"https:\/\/ajeandalucia.org\/almeria\/wp-json\/wp\/v2\/categories?post=801"},{"taxonomy":"post_tag","embeddable":true,"href":"https:\/\/ajeandalucia.org\/almeria\/wp-json\/wp\/v2\/tags?post=801"}],"curies":[{"name":"wp","href":"https:\/\/api.w.org\/{rel}","templated":true}]}}