{"id":849,"date":"2018-01-24T16:47:01","date_gmt":"2018-01-24T16:47:01","guid":{"rendered":"http:\/\/www.ajeandalucia.org\/almeria\/?p=849"},"modified":"2018-01-24T16:48:43","modified_gmt":"2018-01-24T16:48:43","slug":"emprendimiento-y-motivacion-el-1-de-febrero-con-el-programa-almeria-emprende","status":"publish","type":"post","link":"https:\/\/ajeandalucia.org\/almeria\/2018\/01\/24\/emprendimiento-y-motivacion-el-1-de-febrero-con-el-programa-almeria-emprende\/","title":{"rendered":"Emprendimiento y motivaci\u00f3n el 1 de febrero con el programa &#8216;Almer\u00eda Emprende&#8217;"},"content":{"rendered":"<p><strong>El Parque Cient\u00edfico-Tecnol\u00f3gico de Almer\u00eda (PITA)<\/strong> acoger\u00e1 el pr\u00f3ximo jueves 1 de febrero el programa<strong> &#8216;Almer\u00eda Emprende&#8217;<\/strong>, una jornada en la que se tratar\u00e1 en profundidad, de la mano de profesionales de distintas materias, <strong>diferentes puntos de vista sobre el emprendimiento.<\/strong><\/p>\n<p>El evento dar\u00e1 comienzo a las 9 de la ma\u00f1ana con la recepci\u00f3n de los asistentes, y a las 9,25 horas, aproximadamente, tendr\u00e1 lugar la primera ponencia de la ma\u00f1ana, de la mano de M\u00f3nica Mendoza: <strong>&#8216;La motivaci\u00f3n para emprender&#8217;<\/strong>. A continuaci\u00f3n, ser\u00e1 el turno de \u00c1ngel Mar\u00eda Herrera y la charla <strong>&#8216;Emprender 4.0: retos y oportunidades en la sociedad hiperconectada&#8217;<\/strong>, que tratar\u00e1 el panorama actual y la relaci\u00f3n del emprendimiento y la conectividad.<\/p>\n<p>Tras una intensa ma\u00f1ana, alrededor de las 10.35 horas se realizar\u00e1 una pausa para descansar, y por qu\u00e9 no, tambi\u00e9n aprovechar para hacer networking entre los asistentes.<\/p>\n<p>La segunda parte de la jornada &#8216;Almer\u00eda Emprende&#8217; arrancar\u00e1 con fuerza con una conferencia de Pilo Mart\u00edn llamada <strong>&#8216;Emprender es conversar. Think talk&#8217;<\/strong>, seguida de una interesante mesa redonda que tratar\u00e1 el <strong>emprendimiento social<\/strong> compuesta por Esther Garc\u00eda, Isabel Guirao -directora de la Asociaci\u00f3n A Toda Vela-, Carlos J. Vives y Juan Lisardo.<\/p>\n<p>Para terminar, Anxo P\u00e9rez no dejar\u00e1 indiferente a ning\u00fan asistente con su charla <strong>&#8216;La inteligencia del \u00e9xito en el emprendedor del s.XXI&#8217;<\/strong>, que pondr\u00e1 el broche de oro a un foro cuyo objetivo ser\u00e1 acercar el emprendimiento a los ciudadanos almerienses.<\/p>\n<p>Si est\u00e1s interesado en asistir, manda un correo electr\u00f3nico con tu nombre completo, tel\u00e9fono y empresa o instituci\u00f3n con la que participas a info@pitaalmeria.es.<\/p>\n<p><img loading=\"lazy\" decoding=\"async\" class=\"aligncenter wp-image-851\" src=\"http:\/\/www.ajeandalucia.org\/almeria\/wp-content\/uploads\/sites\/3\/2018\/01\/ALMERIA-EMPRENDE-374x1024.jpg\" alt=\"\" width=\"500\" height=\"1370\" srcset=\"https:\/\/ajeandalucia.org\/almeria\/wp-content\/uploads\/sites\/3\/2018\/01\/ALMERIA-EMPRENDE-374x1024.jpg 374w, https:\/\/ajeandalucia.org\/almeria\/wp-content\/uploads\/sites\/3\/2018\/01\/ALMERIA-EMPRENDE-109x300.jpg 109w, https:\/\/ajeandalucia.org\/almeria\/wp-content\/uploads\/sites\/3\/2018\/01\/ALMERIA-EMPRENDE-768x2104.jpg 768w\" sizes=\"auto, (max-width: 500px) 100vw, 500px\" \/><\/p>\n<p>&nbsp;<\/p>\n","protected":false},"excerpt":{"rendered":"<p>El Parque Cient\u00edfico-Tecnol\u00f3gico de Almer\u00eda (PITA) acoger\u00e1 el pr\u00f3ximo jueves 1 de febrero el programa &#8216;Almer\u00eda Emprende&#8217;, una jornada en [&hellip;]<\/p>\n","protected":false},"author":3,"featured_media":852,"comment_status":"open","ping_status":"open","sticky":false,"template":"","format":"standard","meta":{"_acf_changed":false,"site-sidebar-layout":"default","site-content-layout":"","ast-site-content-layout":"default","site-content-style":"default","site-sidebar-style":"default","ast-global-header-display":"","ast-banner-title-visibility":"","ast-main-header-display":"","ast-hfb-above-header-display":"","ast-hfb-below-header-display":"","ast-hfb-mobile-header-display":"","site-post-title":"","ast-breadcrumbs-content":"","ast-featured-img":"","footer-sml-layout":"","ast-disable-related-posts":"","theme-transparent-header-meta":"","adv-header-id-meta":"","stick-header-meta":"","header-above-stick-meta":"","header-main-stick-meta":"","header-below-stick-meta":"","astra-migrate-meta-layouts":"default","ast-page-background-enabled":"default","ast-page-background-meta":{"desktop":{"background-color":"var(--ast-global-color-5)","background-image":"","background-repeat":"repeat","background-position":"center center","background-size":"auto","background-attachment":"scroll","background-type":"","background-media":"","overlay-type":"","overlay-color":"","overlay-opacity":"","overlay-gradient":""},"tablet":{"background-color":"","background-image":"","background-repeat":"repeat","background-position":"center center","background-size":"auto","background-attachment":"scroll","background-type":"","background-media":"","overlay-type":"","overlay-color":"","overlay-opacity":"","overlay-gradient":""},"mobile":{"background-color":"","background-image":"","background-repeat":"repeat","background-position":"center center","background-size":"auto","background-attachment":"scroll","background-type":"","background-media":"","overlay-type":"","overlay-color":"","overlay-opacity":"","overlay-gradient":""}},"ast-content-background-meta":{"desktop":{"background-color":"var(--ast-global-color-4)","background-image":"","background-repeat":"repeat","background-position":"center center","background-size":"auto","background-attachment":"scroll","background-type":"","background-media":"","overlay-type":"","overlay-color":"","overlay-opacity":"","overlay-gradient":""},"tablet":{"background-color":"var(--ast-global-color-4)","background-image":"","background-repeat":"repeat","background-position":"center center","background-size":"auto","background-attachment":"scroll","background-type":"","background-media":"","overlay-type":"","overlay-color":"","overlay-opacity":"","overlay-gradient":""},"mobile":{"background-color":"var(--ast-global-color-4)","background-image":"","background-repeat":"repeat","background-position":"center center","background-size":"auto","background-attachment":"scroll","background-type":"","background-media":"","overlay-type":"","overlay-color":"","overlay-opacity":"","overlay-gradient":""}},"footnotes":""},"categories":[8],"tags":[27,47,71,65,45],"class_list":["post-849","post","type-post","status-publish","format-standard","has-post-thumbnail","hentry","category-noticias","tag-aje-almeria","tag-emprendedor","tag-emprendedores-almeria","tag-emprendimiento","tag-empresas"],"acf":[],"yoast_head":"<!-- This site is optimized with the Yoast SEO plugin v26.9 - https:\/\/yoast.com\/product\/yoast-seo-wordpress\/ -->\n<title>Emprendimiento y motivaci\u00f3n el 1 de febrero con el programa &#039;Almer\u00eda Emprende&#039; - AJE Almer\u00eda<\/title>\n<meta name=\"robots\" content=\"index, follow, max-snippet:-1, max-image-preview:large, max-video-preview:-1\" \/>\n<link rel=\"canonical\" href=\"https:\/\/ajeandalucia.org\/almeria\/2018\/01\/24\/emprendimiento-y-motivacion-el-1-de-febrero-con-el-programa-almeria-emprende\/\" \/>\n<meta property=\"og:locale\" content=\"es_ES\" \/>\n<meta property=\"og:type\" content=\"article\" \/>\n<meta property=\"og:title\" content=\"Emprendimiento y motivaci\u00f3n el 1 de febrero con el programa &#039;Almer\u00eda Emprende&#039; - AJE Almer\u00eda\" \/>\n<meta property=\"og:description\" content=\"El Parque Cient\u00edfico-Tecnol\u00f3gico de Almer\u00eda (PITA) acoger\u00e1 el pr\u00f3ximo jueves 1 de febrero el programa &#8216;Almer\u00eda Emprende&#8217;, una jornada en [&hellip;]\" \/>\n<meta property=\"og:url\" content=\"https:\/\/ajeandalucia.org\/almeria\/2018\/01\/24\/emprendimiento-y-motivacion-el-1-de-febrero-con-el-programa-almeria-emprende\/\" \/>\n<meta property=\"og:site_name\" content=\"AJE Almer\u00eda\" \/>\n<meta property=\"article:published_time\" content=\"2018-01-24T16:47:01+00:00\" \/>\n<meta property=\"article:modified_time\" content=\"2018-01-24T16:48:43+00:00\" \/>\n<meta property=\"og:image\" content=\"https:\/\/ajeandalucia.org\/almeria\/wp-content\/uploads\/sites\/3\/2018\/01\/emprendimiento-principal-1024x717.jpeg\" \/>\n\t<meta property=\"og:image:width\" content=\"1024\" \/>\n\t<meta property=\"og:image:height\" content=\"717\" \/>\n\t<meta property=\"og:image:type\" content=\"image\/jpeg\" \/>\n<meta name=\"author\" content=\"almeria\" \/>\n<meta name=\"twitter:card\" content=\"summary_large_image\" \/>\n<meta name=\"twitter:label1\" content=\"Escrito por\" \/>\n\t<meta name=\"twitter:data1\" content=\"almeria\" \/>\n\t<meta name=\"twitter:label2\" content=\"Tiempo de lectura\" \/>\n\t<meta name=\"twitter:data2\" content=\"1 minuto\" \/>\n<script type=\"application\/ld+json\" class=\"yoast-schema-graph\">{\"@context\":\"https:\/\/schema.org\",\"@graph\":[{\"@type\":\"Article\",\"@id\":\"https:\/\/ajeandalucia.org\/almeria\/2018\/01\/24\/emprendimiento-y-motivacion-el-1-de-febrero-con-el-programa-almeria-emprende\/#article\",\"isPartOf\":{\"@id\":\"https:\/\/ajeandalucia.org\/almeria\/2018\/01\/24\/emprendimiento-y-motivacion-el-1-de-febrero-con-el-programa-almeria-emprende\/\"},\"author\":{\"name\":\"almeria\",\"@id\":\"https:\/\/ajeandalucia.org\/almeria\/#\/schema\/person\/9336ac50bc8c90053f6bf3b99e5c7d7b\"},\"headline\":\"Emprendimiento y motivaci\u00f3n el 1 de febrero con el programa &#8216;Almer\u00eda Emprende&#8217;\",\"datePublished\":\"2018-01-24T16:47:01+00:00\",\"dateModified\":\"2018-01-24T16:48:43+00:00\",\"mainEntityOfPage\":{\"@id\":\"https:\/\/ajeandalucia.org\/almeria\/2018\/01\/24\/emprendimiento-y-motivacion-el-1-de-febrero-con-el-programa-almeria-emprende\/\"},\"wordCount\":297,\"commentCount\":0,\"publisher\":{\"@id\":\"https:\/\/ajeandalucia.org\/almeria\/#organization\"},\"image\":{\"@id\":\"https:\/\/ajeandalucia.org\/almeria\/2018\/01\/24\/emprendimiento-y-motivacion-el-1-de-febrero-con-el-programa-almeria-emprende\/#primaryimage\"},\"thumbnailUrl\":\"https:\/\/ajeandalucia.org\/almeria\/wp-content\/uploads\/sites\/3\/2018\/01\/emprendimiento-principal.jpeg\",\"keywords\":[\"aje almeria\",\"emprendedor\",\"emprendedores almeria\",\"emprendimiento\",\"empresas\"],\"articleSection\":[\"Noticias\"],\"inLanguage\":\"es\",\"potentialAction\":[{\"@type\":\"CommentAction\",\"name\":\"Comment\",\"target\":[\"https:\/\/ajeandalucia.org\/almeria\/2018\/01\/24\/emprendimiento-y-motivacion-el-1-de-febrero-con-el-programa-almeria-emprende\/#respond\"]}]},{\"@type\":\"WebPage\",\"@id\":\"https:\/\/ajeandalucia.org\/almeria\/2018\/01\/24\/emprendimiento-y-motivacion-el-1-de-febrero-con-el-programa-almeria-emprende\/\",\"url\":\"https:\/\/ajeandalucia.org\/almeria\/2018\/01\/24\/emprendimiento-y-motivacion-el-1-de-febrero-con-el-programa-almeria-emprende\/\",\"name\":\"Emprendimiento y motivaci\u00f3n el 1 de febrero con el programa 'Almer\u00eda Emprende' - AJE Almer\u00eda\",\"isPartOf\":{\"@id\":\"https:\/\/ajeandalucia.org\/almeria\/#website\"},\"primaryImageOfPage\":{\"@id\":\"https:\/\/ajeandalucia.org\/almeria\/2018\/01\/24\/emprendimiento-y-motivacion-el-1-de-febrero-con-el-programa-almeria-emprende\/#primaryimage\"},\"image\":{\"@id\":\"https:\/\/ajeandalucia.org\/almeria\/2018\/01\/24\/emprendimiento-y-motivacion-el-1-de-febrero-con-el-programa-almeria-emprende\/#primaryimage\"},\"thumbnailUrl\":\"https:\/\/ajeandalucia.org\/almeria\/wp-content\/uploads\/sites\/3\/2018\/01\/emprendimiento-principal.jpeg\",\"datePublished\":\"2018-01-24T16:47:01+00:00\",\"dateModified\":\"2018-01-24T16:48:43+00:00\",\"breadcrumb\":{\"@id\":\"https:\/\/ajeandalucia.org\/almeria\/2018\/01\/24\/emprendimiento-y-motivacion-el-1-de-febrero-con-el-programa-almeria-emprende\/#breadcrumb\"},\"inLanguage\":\"es\",\"potentialAction\":[{\"@type\":\"ReadAction\",\"target\":[\"https:\/\/ajeandalucia.org\/almeria\/2018\/01\/24\/emprendimiento-y-motivacion-el-1-de-febrero-con-el-programa-almeria-emprende\/\"]}]},{\"@type\":\"ImageObject\",\"inLanguage\":\"es\",\"@id\":\"https:\/\/ajeandalucia.org\/almeria\/2018\/01\/24\/emprendimiento-y-motivacion-el-1-de-febrero-con-el-programa-almeria-emprende\/#primaryimage\",\"url\":\"https:\/\/ajeandalucia.org\/almeria\/wp-content\/uploads\/sites\/3\/2018\/01\/emprendimiento-principal.jpeg\",\"contentUrl\":\"https:\/\/ajeandalucia.org\/almeria\/wp-content\/uploads\/sites\/3\/2018\/01\/emprendimiento-principal.jpeg\",\"width\":4300,\"height\":3010,\"caption\":\"Top view of people hands drawing networking strategy\"},{\"@type\":\"BreadcrumbList\",\"@id\":\"https:\/\/ajeandalucia.org\/almeria\/2018\/01\/24\/emprendimiento-y-motivacion-el-1-de-febrero-con-el-programa-almeria-emprende\/#breadcrumb\",\"itemListElement\":[{\"@type\":\"ListItem\",\"position\":1,\"name\":\"Portada\",\"item\":\"https:\/\/ajeandalucia.org\/almeria\/\"},{\"@type\":\"ListItem\",\"position\":2,\"name\":\"Emprendimiento y motivaci\u00f3n el 1 de febrero con el programa &#8216;Almer\u00eda Emprende&#8217;\"}]},{\"@type\":\"WebSite\",\"@id\":\"https:\/\/ajeandalucia.org\/almeria\/#website\",\"url\":\"https:\/\/ajeandalucia.org\/almeria\/\",\"name\":\"AJE Almer\u00eda\",\"description\":\"Otro sitio m\u00e1s de AJE Andaluc\u00eda\",\"publisher\":{\"@id\":\"https:\/\/ajeandalucia.org\/almeria\/#organization\"},\"potentialAction\":[{\"@type\":\"SearchAction\",\"target\":{\"@type\":\"EntryPoint\",\"urlTemplate\":\"https:\/\/ajeandalucia.org\/almeria\/?s={search_term_string}\"},\"query-input\":{\"@type\":\"PropertyValueSpecification\",\"valueRequired\":true,\"valueName\":\"search_term_string\"}}],\"inLanguage\":\"es\"},{\"@type\":\"Organization\",\"@id\":\"https:\/\/ajeandalucia.org\/almeria\/#organization\",\"name\":\"AJE Almer\u00eda\",\"url\":\"https:\/\/ajeandalucia.org\/almeria\/\",\"logo\":{\"@type\":\"ImageObject\",\"inLanguage\":\"es\",\"@id\":\"https:\/\/ajeandalucia.org\/almeria\/#\/schema\/logo\/image\/\",\"url\":\"https:\/\/ajeandalucia.org\/almeria\/wp-content\/uploads\/sites\/3\/2025\/01\/AJE-ALMERIA-horizontal.png\",\"contentUrl\":\"https:\/\/ajeandalucia.org\/almeria\/wp-content\/uploads\/sites\/3\/2025\/01\/AJE-ALMERIA-horizontal.png\",\"width\":605,\"height\":200,\"caption\":\"AJE Almer\u00eda\"},\"image\":{\"@id\":\"https:\/\/ajeandalucia.org\/almeria\/#\/schema\/logo\/image\/\"}},{\"@type\":\"Person\",\"@id\":\"https:\/\/ajeandalucia.org\/almeria\/#\/schema\/person\/9336ac50bc8c90053f6bf3b99e5c7d7b\",\"name\":\"almeria\",\"image\":{\"@type\":\"ImageObject\",\"inLanguage\":\"es\",\"@id\":\"https:\/\/ajeandalucia.org\/almeria\/#\/schema\/person\/image\/\",\"url\":\"https:\/\/secure.gravatar.com\/avatar\/f5b6b7d37a8f964bd96d1a7752fc3160bb98a16a08fda2bb6fb3a80845dae5d6?s=96&d=mm&r=g\",\"contentUrl\":\"https:\/\/secure.gravatar.com\/avatar\/f5b6b7d37a8f964bd96d1a7752fc3160bb98a16a08fda2bb6fb3a80845dae5d6?s=96&d=mm&r=g\",\"caption\":\"almeria\"},\"sameAs\":[\"http:\/\/www.ajealmeria.org\/\"],\"url\":\"https:\/\/ajeandalucia.org\/almeria\/author\/almeria\/\"}]}<\/script>\n<!-- \/ Yoast SEO plugin. -->","yoast_head_json":{"title":"Emprendimiento y motivaci\u00f3n el 1 de febrero con el programa 'Almer\u00eda Emprende' - AJE Almer\u00eda","robots":{"index":"index","follow":"follow","max-snippet":"max-snippet:-1","max-image-preview":"max-image-preview:large","max-video-preview":"max-video-preview:-1"},"canonical":"https:\/\/ajeandalucia.org\/almeria\/2018\/01\/24\/emprendimiento-y-motivacion-el-1-de-febrero-con-el-programa-almeria-emprende\/","og_locale":"es_ES","og_type":"article","og_title":"Emprendimiento y motivaci\u00f3n el 1 de febrero con el programa 'Almer\u00eda Emprende' - AJE Almer\u00eda","og_description":"El Parque Cient\u00edfico-Tecnol\u00f3gico de Almer\u00eda (PITA) acoger\u00e1 el pr\u00f3ximo jueves 1 de febrero el programa &#8216;Almer\u00eda Emprende&#8217;, una jornada en [&hellip;]","og_url":"https:\/\/ajeandalucia.org\/almeria\/2018\/01\/24\/emprendimiento-y-motivacion-el-1-de-febrero-con-el-programa-almeria-emprende\/","og_site_name":"AJE Almer\u00eda","article_published_time":"2018-01-24T16:47:01+00:00","article_modified_time":"2018-01-24T16:48:43+00:00","og_image":[{"width":1024,"height":717,"url":"https:\/\/ajeandalucia.org\/almeria\/wp-content\/uploads\/sites\/3\/2018\/01\/emprendimiento-principal-1024x717.jpeg","type":"image\/jpeg"}],"author":"almeria","twitter_card":"summary_large_image","twitter_misc":{"Escrito por":"almeria","Tiempo de lectura":"1 minuto"},"schema":{"@context":"https:\/\/schema.org","@graph":[{"@type":"Article","@id":"https:\/\/ajeandalucia.org\/almeria\/2018\/01\/24\/emprendimiento-y-motivacion-el-1-de-febrero-con-el-programa-almeria-emprende\/#article","isPartOf":{"@id":"https:\/\/ajeandalucia.org\/almeria\/2018\/01\/24\/emprendimiento-y-motivacion-el-1-de-febrero-con-el-programa-almeria-emprende\/"},"author":{"name":"almeria","@id":"https:\/\/ajeandalucia.org\/almeria\/#\/schema\/person\/9336ac50bc8c90053f6bf3b99e5c7d7b"},"headline":"Emprendimiento y motivaci\u00f3n el 1 de febrero con el programa &#8216;Almer\u00eda Emprende&#8217;","datePublished":"2018-01-24T16:47:01+00:00","dateModified":"2018-01-24T16:48:43+00:00","mainEntityOfPage":{"@id":"https:\/\/ajeandalucia.org\/almeria\/2018\/01\/24\/emprendimiento-y-motivacion-el-1-de-febrero-con-el-programa-almeria-emprende\/"},"wordCount":297,"commentCount":0,"publisher":{"@id":"https:\/\/ajeandalucia.org\/almeria\/#organization"},"image":{"@id":"https:\/\/ajeandalucia.org\/almeria\/2018\/01\/24\/emprendimiento-y-motivacion-el-1-de-febrero-con-el-programa-almeria-emprende\/#primaryimage"},"thumbnailUrl":"https:\/\/ajeandalucia.org\/almeria\/wp-content\/uploads\/sites\/3\/2018\/01\/emprendimiento-principal.jpeg","keywords":["aje almeria","emprendedor","emprendedores almeria","emprendimiento","empresas"],"articleSection":["Noticias"],"inLanguage":"es","potentialAction":[{"@type":"CommentAction","name":"Comment","target":["https:\/\/ajeandalucia.org\/almeria\/2018\/01\/24\/emprendimiento-y-motivacion-el-1-de-febrero-con-el-programa-almeria-emprende\/#respond"]}]},{"@type":"WebPage","@id":"https:\/\/ajeandalucia.org\/almeria\/2018\/01\/24\/emprendimiento-y-motivacion-el-1-de-febrero-con-el-programa-almeria-emprende\/","url":"https:\/\/ajeandalucia.org\/almeria\/2018\/01\/24\/emprendimiento-y-motivacion-el-1-de-febrero-con-el-programa-almeria-emprende\/","name":"Emprendimiento y motivaci\u00f3n el 1 de febrero con el programa 'Almer\u00eda Emprende' - AJE Almer\u00eda","isPartOf":{"@id":"https:\/\/ajeandalucia.org\/almeria\/#website"},"primaryImageOfPage":{"@id":"https:\/\/ajeandalucia.org\/almeria\/2018\/01\/24\/emprendimiento-y-motivacion-el-1-de-febrero-con-el-programa-almeria-emprende\/#primaryimage"},"image":{"@id":"https:\/\/ajeandalucia.org\/almeria\/2018\/01\/24\/emprendimiento-y-motivacion-el-1-de-febrero-con-el-programa-almeria-emprende\/#primaryimage"},"thumbnailUrl":"https:\/\/ajeandalucia.org\/almeria\/wp-content\/uploads\/sites\/3\/2018\/01\/emprendimiento-principal.jpeg","datePublished":"2018-01-24T16:47:01+00:00","dateModified":"2018-01-24T16:48:43+00:00","breadcrumb":{"@id":"https:\/\/ajeandalucia.org\/almeria\/2018\/01\/24\/emprendimiento-y-motivacion-el-1-de-febrero-con-el-programa-almeria-emprende\/#breadcrumb"},"inLanguage":"es","potentialAction":[{"@type":"ReadAction","target":["https:\/\/ajeandalucia.org\/almeria\/2018\/01\/24\/emprendimiento-y-motivacion-el-1-de-febrero-con-el-programa-almeria-emprende\/"]}]},{"@type":"ImageObject","inLanguage":"es","@id":"https:\/\/ajeandalucia.org\/almeria\/2018\/01\/24\/emprendimiento-y-motivacion-el-1-de-febrero-con-el-programa-almeria-emprende\/#primaryimage","url":"https:\/\/ajeandalucia.org\/almeria\/wp-content\/uploads\/sites\/3\/2018\/01\/emprendimiento-principal.jpeg","contentUrl":"https:\/\/ajeandalucia.org\/almeria\/wp-content\/uploads\/sites\/3\/2018\/01\/emprendimiento-principal.jpeg","width":4300,"height":3010,"caption":"Top view of people hands drawing networking strategy"},{"@type":"BreadcrumbList","@id":"https:\/\/ajeandalucia.org\/almeria\/2018\/01\/24\/emprendimiento-y-motivacion-el-1-de-febrero-con-el-programa-almeria-emprende\/#breadcrumb","itemListElement":[{"@type":"ListItem","position":1,"name":"Portada","item":"https:\/\/ajeandalucia.org\/almeria\/"},{"@type":"ListItem","position":2,"name":"Emprendimiento y motivaci\u00f3n el 1 de febrero con el programa &#8216;Almer\u00eda Emprende&#8217;"}]},{"@type":"WebSite","@id":"https:\/\/ajeandalucia.org\/almeria\/#website","url":"https:\/\/ajeandalucia.org\/almeria\/","name":"AJE Almer\u00eda","description":"Otro sitio m\u00e1s de AJE Andaluc\u00eda","publisher":{"@id":"https:\/\/ajeandalucia.org\/almeria\/#organization"},"potentialAction":[{"@type":"SearchAction","target":{"@type":"EntryPoint","urlTemplate":"https:\/\/ajeandalucia.org\/almeria\/?s={search_term_string}"},"query-input":{"@type":"PropertyValueSpecification","valueRequired":true,"valueName":"search_term_string"}}],"inLanguage":"es"},{"@type":"Organization","@id":"https:\/\/ajeandalucia.org\/almeria\/#organization","name":"AJE Almer\u00eda","url":"https:\/\/ajeandalucia.org\/almeria\/","logo":{"@type":"ImageObject","inLanguage":"es","@id":"https:\/\/ajeandalucia.org\/almeria\/#\/schema\/logo\/image\/","url":"https:\/\/ajeandalucia.org\/almeria\/wp-content\/uploads\/sites\/3\/2025\/01\/AJE-ALMERIA-horizontal.png","contentUrl":"https:\/\/ajeandalucia.org\/almeria\/wp-content\/uploads\/sites\/3\/2025\/01\/AJE-ALMERIA-horizontal.png","width":605,"height":200,"caption":"AJE Almer\u00eda"},"image":{"@id":"https:\/\/ajeandalucia.org\/almeria\/#\/schema\/logo\/image\/"}},{"@type":"Person","@id":"https:\/\/ajeandalucia.org\/almeria\/#\/schema\/person\/9336ac50bc8c90053f6bf3b99e5c7d7b","name":"almeria","image":{"@type":"ImageObject","inLanguage":"es","@id":"https:\/\/ajeandalucia.org\/almeria\/#\/schema\/person\/image\/","url":"https:\/\/secure.gravatar.com\/avatar\/f5b6b7d37a8f964bd96d1a7752fc3160bb98a16a08fda2bb6fb3a80845dae5d6?s=96&d=mm&r=g","contentUrl":"https:\/\/secure.gravatar.com\/avatar\/f5b6b7d37a8f964bd96d1a7752fc3160bb98a16a08fda2bb6fb3a80845dae5d6?s=96&d=mm&r=g","caption":"almeria"},"sameAs":["http:\/\/www.ajealmeria.org\/"],"url":"https:\/\/ajeandalucia.org\/almeria\/author\/almeria\/"}]}},"_links":{"self":[{"href":"https:\/\/ajeandalucia.org\/almeria\/wp-json\/wp\/v2\/posts\/849","targetHints":{"allow":["GET"]}}],"collection":[{"href":"https:\/\/ajeandalucia.org\/almeria\/wp-json\/wp\/v2\/posts"}],"about":[{"href":"https:\/\/ajeandalucia.org\/almeria\/wp-json\/wp\/v2\/types\/post"}],"author":[{"embeddable":true,"href":"https:\/\/ajeandalucia.org\/almeria\/wp-json\/wp\/v2\/users\/3"}],"replies":[{"embeddable":true,"href":"https:\/\/ajeandalucia.org\/almeria\/wp-json\/wp\/v2\/comments?post=849"}],"version-history":[{"count":2,"href":"https:\/\/ajeandalucia.org\/almeria\/wp-json\/wp\/v2\/posts\/849\/revisions"}],"predecessor-version":[{"id":853,"href":"https:\/\/ajeandalucia.org\/almeria\/wp-json\/wp\/v2\/posts\/849\/revisions\/853"}],"wp:featuredmedia":[{"embeddable":true,"href":"https:\/\/ajeandalucia.org\/almeria\/wp-json\/wp\/v2\/media\/852"}],"wp:attachment":[{"href":"https:\/\/ajeandalucia.org\/almeria\/wp-json\/wp\/v2\/media?parent=849"}],"wp:term":[{"taxonomy":"category","embeddable":true,"href":"https:\/\/ajeandalucia.org\/almeria\/wp-json\/wp\/v2\/categories?post=849"},{"taxonomy":"post_tag","embeddable":true,"href":"https:\/\/ajeandalucia.org\/almeria\/wp-json\/wp\/v2\/tags?post=849"}],"curies":[{"name":"wp","href":"https:\/\/api.w.org\/{rel}","templated":true}]}}