{"id":854,"date":"2017-12-31T16:44:12","date_gmt":"2017-12-31T16:44:12","guid":{"rendered":"http:\/\/www.ajeandalucia.org\/almeria\/?p=854"},"modified":"2018-03-05T08:05:43","modified_gmt":"2018-03-05T08:05:43","slug":"visita-a-macael-y-sus-canteras-en-la-actividad-ocionetworking","status":"publish","type":"post","link":"https:\/\/ajeandalucia.org\/almeria\/2017\/12\/31\/visita-a-macael-y-sus-canteras-en-la-actividad-ocionetworking\/","title":{"rendered":"Visita a Macael y sus canteras en la actividad Ocio&amp;Networking"},"content":{"rendered":"<p>Un grupo de asociados de AJE Almer\u00eda disfrut\u00f3 ayer de nuestra primera actividad <strong>Ocio&amp;Networking<\/strong> del a\u00f1o, que se desarroll\u00f3 en Macael y sus alrededores. Comenzamos con un desayuno para cargar fuerzas al llegar al municipio, que sirvi\u00f3 como punto de presentaci\u00f3n y encuentro de todo lo que se desarrollar\u00eda a lo largo del d\u00eda.<\/p>\n<p><img loading=\"lazy\" decoding=\"async\" class=\"aligncenter wp-image-861\" src=\"http:\/\/www.ajeandalucia.org\/almeria\/wp-content\/uploads\/sites\/3\/2018\/01\/macael1-300x200.jpg\" alt=\"\" width=\"500\" height=\"333\" srcset=\"https:\/\/ajeandalucia.org\/almeria\/wp-content\/uploads\/sites\/3\/2018\/01\/macael1-300x200.jpg 300w, https:\/\/ajeandalucia.org\/almeria\/wp-content\/uploads\/sites\/3\/2018\/01\/macael1-768x512.jpg 768w, https:\/\/ajeandalucia.org\/almeria\/wp-content\/uploads\/sites\/3\/2018\/01\/macael1-1024x683.jpg 1024w\" sizes=\"auto, (max-width: 500px) 100vw, 500px\" \/><\/p>\n<p><img loading=\"lazy\" decoding=\"async\" class=\"aligncenter wp-image-864\" src=\"http:\/\/www.ajeandalucia.org\/almeria\/wp-content\/uploads\/sites\/3\/2018\/01\/macael2-300x200.jpg\" alt=\"\" width=\"500\" height=\"333\" srcset=\"https:\/\/ajeandalucia.org\/almeria\/wp-content\/uploads\/sites\/3\/2018\/01\/macael2-300x200.jpg 300w, https:\/\/ajeandalucia.org\/almeria\/wp-content\/uploads\/sites\/3\/2018\/01\/macael2-768x512.jpg 768w, https:\/\/ajeandalucia.org\/almeria\/wp-content\/uploads\/sites\/3\/2018\/01\/macael2-1024x683.jpg 1024w\" sizes=\"auto, (max-width: 500px) 100vw, 500px\" \/><\/p>\n<p>Durante la ma\u00f1ana, los asistentes disfrutaron de un recorrido por los puntos de inter\u00e9s de la localidad macaelense a trav\u00e9s de una visita guiada realizada por el Centro de Interpretaci\u00f3n del M\u00e1rmol. La visita incluy\u00f3 conocer m\u00e1s a fondo la historia de monumentos como el mortero m\u00e1s grande del mundo o la Fuente de los Leones -r\u00e9plica de la ubicada en la Alhambra, y lugares como la Parroquia de Santa Mar\u00eda del Rosario. Asimismo, los asociados pudieron profundizar m\u00e1s en el pasado de Macael gracias a la exposici\u00f3n en el\u00a0Centro de Interpretaci\u00f3n del M\u00e1rmol, en la que se exhiben herramientas, material gr\u00e1fico y recreaciones de lo que era el trabajo en una cantera hace d\u00e9cadas.<\/p>\n<p><img loading=\"lazy\" decoding=\"async\" class=\"aligncenter wp-image-865\" src=\"http:\/\/www.ajeandalucia.org\/almeria\/wp-content\/uploads\/sites\/3\/2018\/01\/macael3-300x200.jpg\" alt=\"\" width=\"500\" height=\"333\" srcset=\"https:\/\/ajeandalucia.org\/almeria\/wp-content\/uploads\/sites\/3\/2018\/01\/macael3-300x200.jpg 300w, https:\/\/ajeandalucia.org\/almeria\/wp-content\/uploads\/sites\/3\/2018\/01\/macael3-768x512.jpg 768w, https:\/\/ajeandalucia.org\/almeria\/wp-content\/uploads\/sites\/3\/2018\/01\/macael3-1024x683.jpg 1024w\" sizes=\"auto, (max-width: 500px) 100vw, 500px\" \/><\/p>\n<p>La actividad ten\u00eda programada la visita a un taller de artesan\u00eda en el que se trabajaba el m\u00e1rmol. Paco, gerente del negocio y artista, explic\u00f3 el d\u00eda a d\u00eda de un artesano y transmiti\u00f3 la pasi\u00f3n que siente por su oficio, que desafortunadamente &#8220;se est\u00e1 perdiendo&#8221;, seg\u00fan sus propias palabras.<\/p>\n<p>La\u00a0actividad <strong>Ocio&amp;Networking\u00a0<\/strong>tiene la finalidad de mezclar actividades de ocio y cultura con un encuentro de negocios desarrollado en un ambiente distendido y cercano. De esta manera, durante la comida, que tuvo lugar en la Escuela Restaurante Las Canteras, los asistentes intercambiaron impresiones sobre su situaci\u00f3n empresarial y se debati\u00f3 acerca de la actualidad en este campo.<\/p>\n<p><img loading=\"lazy\" decoding=\"async\" class=\"aligncenter wp-image-868\" src=\"http:\/\/www.ajeandalucia.org\/almeria\/wp-content\/uploads\/sites\/3\/2018\/01\/macael5-300x200.jpg\" alt=\"\" width=\"500\" height=\"333\" srcset=\"https:\/\/ajeandalucia.org\/almeria\/wp-content\/uploads\/sites\/3\/2018\/01\/macael5-300x200.jpg 300w, https:\/\/ajeandalucia.org\/almeria\/wp-content\/uploads\/sites\/3\/2018\/01\/macael5-768x512.jpg 768w, https:\/\/ajeandalucia.org\/almeria\/wp-content\/uploads\/sites\/3\/2018\/01\/macael5-1024x683.jpg 1024w\" sizes=\"auto, (max-width: 500px) 100vw, 500px\" \/><\/p>\n<p>La segunda parte de la jornada comenz\u00f3 con una ponencia de la mano de la Agencia de <strong>Comunicaci\u00f3n y Marketing almeriense Hormiguea<\/strong>, en la que explicaron la importancia de la imagen de marca tanto en los medios digitales como tradicionales, y comentaron los puntos claves de una buena estrategia de marketing digital.<\/p>\n<p><img loading=\"lazy\" decoding=\"async\" class=\"aligncenter wp-image-858\" src=\"http:\/\/www.ajeandalucia.org\/almeria\/wp-content\/uploads\/sites\/3\/2018\/01\/macael8-300x200.jpg\" alt=\"\" width=\"500\" height=\"333\" srcset=\"https:\/\/ajeandalucia.org\/almeria\/wp-content\/uploads\/sites\/3\/2018\/01\/macael8-300x200.jpg 300w, https:\/\/ajeandalucia.org\/almeria\/wp-content\/uploads\/sites\/3\/2018\/01\/macael8-768x512.jpg 768w, https:\/\/ajeandalucia.org\/almeria\/wp-content\/uploads\/sites\/3\/2018\/01\/macael8-1024x683.jpg 1024w\" sizes=\"auto, (max-width: 500px) 100vw, 500px\" \/><\/p>\n<p><img loading=\"lazy\" decoding=\"async\" class=\"wp-image-857 aligncenter\" src=\"http:\/\/www.ajeandalucia.org\/almeria\/wp-content\/uploads\/sites\/3\/2018\/01\/macael9-300x200.jpg\" alt=\"\" width=\"500\" height=\"333\" srcset=\"https:\/\/ajeandalucia.org\/almeria\/wp-content\/uploads\/sites\/3\/2018\/01\/macael9-300x200.jpg 300w, https:\/\/ajeandalucia.org\/almeria\/wp-content\/uploads\/sites\/3\/2018\/01\/macael9-768x512.jpg 768w, https:\/\/ajeandalucia.org\/almeria\/wp-content\/uploads\/sites\/3\/2018\/01\/macael9-1024x683.jpg 1024w\" sizes=\"auto, (max-width: 500px) 100vw, 500px\" \/><\/p>\n<p>Para terminar la actividad\u00a0Ocio&amp;Networking, los asistentes tuvieron la oportunidad de conocer desde dentro <strong>el trabajo en una cantera<\/strong>, en concreto, la gestionada por la empresa Gris Macael Stone S.L. Una de sus socias, Mar\u00eda Jos\u00e9 Tijeras, explic\u00f3 c\u00f3mo es una jornada diaria en una cantera, adem\u00e1s de compartir con los presentes algunas curiosidades sobre el mundo del m\u00e1rmol.<\/p>\n<p><img loading=\"lazy\" decoding=\"async\" class=\"aligncenter wp-image-871\" src=\"http:\/\/www.ajeandalucia.org\/almeria\/wp-content\/uploads\/sites\/3\/2018\/01\/macael12-300x200.jpg\" alt=\"\" width=\"500\" height=\"333\" srcset=\"https:\/\/ajeandalucia.org\/almeria\/wp-content\/uploads\/sites\/3\/2018\/01\/macael12-300x200.jpg 300w, https:\/\/ajeandalucia.org\/almeria\/wp-content\/uploads\/sites\/3\/2018\/01\/macael12-768x512.jpg 768w, https:\/\/ajeandalucia.org\/almeria\/wp-content\/uploads\/sites\/3\/2018\/01\/macael12-1024x683.jpg 1024w\" sizes=\"auto, (max-width: 500px) 100vw, 500px\" \/><\/p>\n<p><img loading=\"lazy\" decoding=\"async\" class=\"aligncenter wp-image-856\" src=\"http:\/\/www.ajeandalucia.org\/almeria\/wp-content\/uploads\/sites\/3\/2018\/01\/macael10-300x200.jpg\" alt=\"\" width=\"500\" height=\"333\" srcset=\"https:\/\/ajeandalucia.org\/almeria\/wp-content\/uploads\/sites\/3\/2018\/01\/macael10-300x200.jpg 300w, https:\/\/ajeandalucia.org\/almeria\/wp-content\/uploads\/sites\/3\/2018\/01\/macael10-768x512.jpg 768w, https:\/\/ajeandalucia.org\/almeria\/wp-content\/uploads\/sites\/3\/2018\/01\/macael10-1024x683.jpg 1024w\" sizes=\"auto, (max-width: 500px) 100vw, 500px\" \/><\/p>\n<p>\u00a1Gracias a los que os animasteis a venir! Pronto os contaremos los detalles de nuestra pr\u00f3xima actividad\u00a0Ocio&amp;Networking.<\/p>\n","protected":false},"excerpt":{"rendered":"<p>Un grupo de asociados de AJE Almer\u00eda disfrut\u00f3 ayer de nuestra primera actividad Ocio&amp;Networking del a\u00f1o, que se desarroll\u00f3 en [&hellip;]<\/p>\n","protected":false},"author":3,"featured_media":857,"comment_status":"open","ping_status":"open","sticky":false,"template":"","format":"standard","meta":{"_acf_changed":false,"site-sidebar-layout":"default","site-content-layout":"","ast-site-content-layout":"default","site-content-style":"default","site-sidebar-style":"default","ast-global-header-display":"","ast-banner-title-visibility":"","ast-main-header-display":"","ast-hfb-above-header-display":"","ast-hfb-below-header-display":"","ast-hfb-mobile-header-display":"","site-post-title":"","ast-breadcrumbs-content":"","ast-featured-img":"","footer-sml-layout":"","ast-disable-related-posts":"","theme-transparent-header-meta":"","adv-header-id-meta":"","stick-header-meta":"","header-above-stick-meta":"","header-main-stick-meta":"","header-below-stick-meta":"","astra-migrate-meta-layouts":"default","ast-page-background-enabled":"default","ast-page-background-meta":{"desktop":{"background-color":"var(--ast-global-color-5)","background-image":"","background-repeat":"repeat","background-position":"center center","background-size":"auto","background-attachment":"scroll","background-type":"","background-media":"","overlay-type":"","overlay-color":"","overlay-opacity":"","overlay-gradient":""},"tablet":{"background-color":"","background-image":"","background-repeat":"repeat","background-position":"center center","background-size":"auto","background-attachment":"scroll","background-type":"","background-media":"","overlay-type":"","overlay-color":"","overlay-opacity":"","overlay-gradient":""},"mobile":{"background-color":"","background-image":"","background-repeat":"repeat","background-position":"center center","background-size":"auto","background-attachment":"scroll","background-type":"","background-media":"","overlay-type":"","overlay-color":"","overlay-opacity":"","overlay-gradient":""}},"ast-content-background-meta":{"desktop":{"background-color":"var(--ast-global-color-4)","background-image":"","background-repeat":"repeat","background-position":"center center","background-size":"auto","background-attachment":"scroll","background-type":"","background-media":"","overlay-type":"","overlay-color":"","overlay-opacity":"","overlay-gradient":""},"tablet":{"background-color":"var(--ast-global-color-4)","background-image":"","background-repeat":"repeat","background-position":"center center","background-size":"auto","background-attachment":"scroll","background-type":"","background-media":"","overlay-type":"","overlay-color":"","overlay-opacity":"","overlay-gradient":""},"mobile":{"background-color":"var(--ast-global-color-4)","background-image":"","background-repeat":"repeat","background-position":"center center","background-size":"auto","background-attachment":"scroll","background-type":"","background-media":"","overlay-type":"","overlay-color":"","overlay-opacity":"","overlay-gradient":""}},"footnotes":""},"categories":[8],"tags":[27,88,66,102,101],"class_list":["post-854","post","type-post","status-publish","format-standard","has-post-thumbnail","hentry","category-noticias","tag-aje-almeria","tag-asociacion-jovenes-empresarios-almeria","tag-empresarios-almeria","tag-networking","tag-ocio-y-networking"],"acf":[],"yoast_head":"<!-- This site is optimized with the Yoast SEO plugin v26.9 - https:\/\/yoast.com\/product\/yoast-seo-wordpress\/ -->\n<title>Visita a Macael y sus canteras en la actividad Ocio&amp;Networking - AJE Almer\u00eda<\/title>\n<meta name=\"robots\" content=\"index, follow, max-snippet:-1, max-image-preview:large, max-video-preview:-1\" \/>\n<link rel=\"canonical\" href=\"https:\/\/ajeandalucia.org\/almeria\/2017\/12\/31\/visita-a-macael-y-sus-canteras-en-la-actividad-ocionetworking\/\" \/>\n<meta property=\"og:locale\" content=\"es_ES\" \/>\n<meta property=\"og:type\" content=\"article\" \/>\n<meta property=\"og:title\" content=\"Visita a Macael y sus canteras en la actividad Ocio&amp;Networking - AJE Almer\u00eda\" \/>\n<meta property=\"og:description\" content=\"Un grupo de asociados de AJE Almer\u00eda disfrut\u00f3 ayer de nuestra primera actividad Ocio&amp;Networking del a\u00f1o, que se desarroll\u00f3 en [&hellip;]\" \/>\n<meta property=\"og:url\" content=\"https:\/\/ajeandalucia.org\/almeria\/2017\/12\/31\/visita-a-macael-y-sus-canteras-en-la-actividad-ocionetworking\/\" \/>\n<meta property=\"og:site_name\" content=\"AJE Almer\u00eda\" \/>\n<meta property=\"article:published_time\" content=\"2017-12-31T16:44:12+00:00\" \/>\n<meta property=\"article:modified_time\" content=\"2018-03-05T08:05:43+00:00\" \/>\n<meta property=\"og:image\" content=\"https:\/\/ajeandalucia.org\/almeria\/wp-content\/uploads\/sites\/3\/2018\/01\/macael9-1024x683.jpg\" \/>\n\t<meta property=\"og:image:width\" content=\"1024\" \/>\n\t<meta property=\"og:image:height\" content=\"683\" \/>\n\t<meta property=\"og:image:type\" content=\"image\/jpeg\" \/>\n<meta name=\"author\" content=\"almeria\" \/>\n<meta name=\"twitter:card\" content=\"summary_large_image\" \/>\n<meta name=\"twitter:label1\" content=\"Escrito por\" \/>\n\t<meta name=\"twitter:data1\" content=\"almeria\" \/>\n\t<meta name=\"twitter:label2\" content=\"Tiempo de lectura\" \/>\n\t<meta name=\"twitter:data2\" content=\"2 minutos\" \/>\n<script type=\"application\/ld+json\" class=\"yoast-schema-graph\">{\"@context\":\"https:\/\/schema.org\",\"@graph\":[{\"@type\":\"Article\",\"@id\":\"https:\/\/ajeandalucia.org\/almeria\/2017\/12\/31\/visita-a-macael-y-sus-canteras-en-la-actividad-ocionetworking\/#article\",\"isPartOf\":{\"@id\":\"https:\/\/ajeandalucia.org\/almeria\/2017\/12\/31\/visita-a-macael-y-sus-canteras-en-la-actividad-ocionetworking\/\"},\"author\":{\"name\":\"almeria\",\"@id\":\"https:\/\/ajeandalucia.org\/almeria\/#\/schema\/person\/9336ac50bc8c90053f6bf3b99e5c7d7b\"},\"headline\":\"Visita a Macael y sus canteras en la actividad Ocio&amp;Networking\",\"datePublished\":\"2017-12-31T16:44:12+00:00\",\"dateModified\":\"2018-03-05T08:05:43+00:00\",\"mainEntityOfPage\":{\"@id\":\"https:\/\/ajeandalucia.org\/almeria\/2017\/12\/31\/visita-a-macael-y-sus-canteras-en-la-actividad-ocionetworking\/\"},\"wordCount\":462,\"commentCount\":0,\"publisher\":{\"@id\":\"https:\/\/ajeandalucia.org\/almeria\/#organization\"},\"image\":{\"@id\":\"https:\/\/ajeandalucia.org\/almeria\/2017\/12\/31\/visita-a-macael-y-sus-canteras-en-la-actividad-ocionetworking\/#primaryimage\"},\"thumbnailUrl\":\"https:\/\/ajeandalucia.org\/almeria\/wp-content\/uploads\/sites\/3\/2018\/01\/macael9.jpg\",\"keywords\":[\"aje almeria\",\"asociacion jovenes empresarios almeria\",\"empresarios almer\u00eda\",\"networking\",\"ocio y networking\"],\"articleSection\":[\"Noticias\"],\"inLanguage\":\"es\",\"potentialAction\":[{\"@type\":\"CommentAction\",\"name\":\"Comment\",\"target\":[\"https:\/\/ajeandalucia.org\/almeria\/2017\/12\/31\/visita-a-macael-y-sus-canteras-en-la-actividad-ocionetworking\/#respond\"]}]},{\"@type\":\"WebPage\",\"@id\":\"https:\/\/ajeandalucia.org\/almeria\/2017\/12\/31\/visita-a-macael-y-sus-canteras-en-la-actividad-ocionetworking\/\",\"url\":\"https:\/\/ajeandalucia.org\/almeria\/2017\/12\/31\/visita-a-macael-y-sus-canteras-en-la-actividad-ocionetworking\/\",\"name\":\"Visita a Macael y sus canteras en la actividad Ocio&amp;Networking - AJE Almer\u00eda\",\"isPartOf\":{\"@id\":\"https:\/\/ajeandalucia.org\/almeria\/#website\"},\"primaryImageOfPage\":{\"@id\":\"https:\/\/ajeandalucia.org\/almeria\/2017\/12\/31\/visita-a-macael-y-sus-canteras-en-la-actividad-ocionetworking\/#primaryimage\"},\"image\":{\"@id\":\"https:\/\/ajeandalucia.org\/almeria\/2017\/12\/31\/visita-a-macael-y-sus-canteras-en-la-actividad-ocionetworking\/#primaryimage\"},\"thumbnailUrl\":\"https:\/\/ajeandalucia.org\/almeria\/wp-content\/uploads\/sites\/3\/2018\/01\/macael9.jpg\",\"datePublished\":\"2017-12-31T16:44:12+00:00\",\"dateModified\":\"2018-03-05T08:05:43+00:00\",\"breadcrumb\":{\"@id\":\"https:\/\/ajeandalucia.org\/almeria\/2017\/12\/31\/visita-a-macael-y-sus-canteras-en-la-actividad-ocionetworking\/#breadcrumb\"},\"inLanguage\":\"es\",\"potentialAction\":[{\"@type\":\"ReadAction\",\"target\":[\"https:\/\/ajeandalucia.org\/almeria\/2017\/12\/31\/visita-a-macael-y-sus-canteras-en-la-actividad-ocionetworking\/\"]}]},{\"@type\":\"ImageObject\",\"inLanguage\":\"es\",\"@id\":\"https:\/\/ajeandalucia.org\/almeria\/2017\/12\/31\/visita-a-macael-y-sus-canteras-en-la-actividad-ocionetworking\/#primaryimage\",\"url\":\"https:\/\/ajeandalucia.org\/almeria\/wp-content\/uploads\/sites\/3\/2018\/01\/macael9.jpg\",\"contentUrl\":\"https:\/\/ajeandalucia.org\/almeria\/wp-content\/uploads\/sites\/3\/2018\/01\/macael9.jpg\",\"width\":3456,\"height\":2304},{\"@type\":\"BreadcrumbList\",\"@id\":\"https:\/\/ajeandalucia.org\/almeria\/2017\/12\/31\/visita-a-macael-y-sus-canteras-en-la-actividad-ocionetworking\/#breadcrumb\",\"itemListElement\":[{\"@type\":\"ListItem\",\"position\":1,\"name\":\"Portada\",\"item\":\"https:\/\/ajeandalucia.org\/almeria\/\"},{\"@type\":\"ListItem\",\"position\":2,\"name\":\"Visita a Macael y sus canteras en la actividad Ocio&amp;Networking\"}]},{\"@type\":\"WebSite\",\"@id\":\"https:\/\/ajeandalucia.org\/almeria\/#website\",\"url\":\"https:\/\/ajeandalucia.org\/almeria\/\",\"name\":\"AJE Almer\u00eda\",\"description\":\"Otro sitio m\u00e1s de AJE Andaluc\u00eda\",\"publisher\":{\"@id\":\"https:\/\/ajeandalucia.org\/almeria\/#organization\"},\"potentialAction\":[{\"@type\":\"SearchAction\",\"target\":{\"@type\":\"EntryPoint\",\"urlTemplate\":\"https:\/\/ajeandalucia.org\/almeria\/?s={search_term_string}\"},\"query-input\":{\"@type\":\"PropertyValueSpecification\",\"valueRequired\":true,\"valueName\":\"search_term_string\"}}],\"inLanguage\":\"es\"},{\"@type\":\"Organization\",\"@id\":\"https:\/\/ajeandalucia.org\/almeria\/#organization\",\"name\":\"AJE Almer\u00eda\",\"url\":\"https:\/\/ajeandalucia.org\/almeria\/\",\"logo\":{\"@type\":\"ImageObject\",\"inLanguage\":\"es\",\"@id\":\"https:\/\/ajeandalucia.org\/almeria\/#\/schema\/logo\/image\/\",\"url\":\"https:\/\/ajeandalucia.org\/almeria\/wp-content\/uploads\/sites\/3\/2025\/01\/AJE-ALMERIA-horizontal.png\",\"contentUrl\":\"https:\/\/ajeandalucia.org\/almeria\/wp-content\/uploads\/sites\/3\/2025\/01\/AJE-ALMERIA-horizontal.png\",\"width\":605,\"height\":200,\"caption\":\"AJE Almer\u00eda\"},\"image\":{\"@id\":\"https:\/\/ajeandalucia.org\/almeria\/#\/schema\/logo\/image\/\"}},{\"@type\":\"Person\",\"@id\":\"https:\/\/ajeandalucia.org\/almeria\/#\/schema\/person\/9336ac50bc8c90053f6bf3b99e5c7d7b\",\"name\":\"almeria\",\"image\":{\"@type\":\"ImageObject\",\"inLanguage\":\"es\",\"@id\":\"https:\/\/ajeandalucia.org\/almeria\/#\/schema\/person\/image\/\",\"url\":\"https:\/\/secure.gravatar.com\/avatar\/f5b6b7d37a8f964bd96d1a7752fc3160bb98a16a08fda2bb6fb3a80845dae5d6?s=96&d=mm&r=g\",\"contentUrl\":\"https:\/\/secure.gravatar.com\/avatar\/f5b6b7d37a8f964bd96d1a7752fc3160bb98a16a08fda2bb6fb3a80845dae5d6?s=96&d=mm&r=g\",\"caption\":\"almeria\"},\"sameAs\":[\"http:\/\/www.ajealmeria.org\/\"],\"url\":\"https:\/\/ajeandalucia.org\/almeria\/author\/almeria\/\"}]}<\/script>\n<!-- \/ Yoast SEO plugin. -->","yoast_head_json":{"title":"Visita a Macael y sus canteras en la actividad Ocio&amp;Networking - AJE Almer\u00eda","robots":{"index":"index","follow":"follow","max-snippet":"max-snippet:-1","max-image-preview":"max-image-preview:large","max-video-preview":"max-video-preview:-1"},"canonical":"https:\/\/ajeandalucia.org\/almeria\/2017\/12\/31\/visita-a-macael-y-sus-canteras-en-la-actividad-ocionetworking\/","og_locale":"es_ES","og_type":"article","og_title":"Visita a Macael y sus canteras en la actividad Ocio&amp;Networking - AJE Almer\u00eda","og_description":"Un grupo de asociados de AJE Almer\u00eda disfrut\u00f3 ayer de nuestra primera actividad Ocio&amp;Networking del a\u00f1o, que se desarroll\u00f3 en [&hellip;]","og_url":"https:\/\/ajeandalucia.org\/almeria\/2017\/12\/31\/visita-a-macael-y-sus-canteras-en-la-actividad-ocionetworking\/","og_site_name":"AJE Almer\u00eda","article_published_time":"2017-12-31T16:44:12+00:00","article_modified_time":"2018-03-05T08:05:43+00:00","og_image":[{"width":1024,"height":683,"url":"https:\/\/ajeandalucia.org\/almeria\/wp-content\/uploads\/sites\/3\/2018\/01\/macael9-1024x683.jpg","type":"image\/jpeg"}],"author":"almeria","twitter_card":"summary_large_image","twitter_misc":{"Escrito por":"almeria","Tiempo de lectura":"2 minutos"},"schema":{"@context":"https:\/\/schema.org","@graph":[{"@type":"Article","@id":"https:\/\/ajeandalucia.org\/almeria\/2017\/12\/31\/visita-a-macael-y-sus-canteras-en-la-actividad-ocionetworking\/#article","isPartOf":{"@id":"https:\/\/ajeandalucia.org\/almeria\/2017\/12\/31\/visita-a-macael-y-sus-canteras-en-la-actividad-ocionetworking\/"},"author":{"name":"almeria","@id":"https:\/\/ajeandalucia.org\/almeria\/#\/schema\/person\/9336ac50bc8c90053f6bf3b99e5c7d7b"},"headline":"Visita a Macael y sus canteras en la actividad Ocio&amp;Networking","datePublished":"2017-12-31T16:44:12+00:00","dateModified":"2018-03-05T08:05:43+00:00","mainEntityOfPage":{"@id":"https:\/\/ajeandalucia.org\/almeria\/2017\/12\/31\/visita-a-macael-y-sus-canteras-en-la-actividad-ocionetworking\/"},"wordCount":462,"commentCount":0,"publisher":{"@id":"https:\/\/ajeandalucia.org\/almeria\/#organization"},"image":{"@id":"https:\/\/ajeandalucia.org\/almeria\/2017\/12\/31\/visita-a-macael-y-sus-canteras-en-la-actividad-ocionetworking\/#primaryimage"},"thumbnailUrl":"https:\/\/ajeandalucia.org\/almeria\/wp-content\/uploads\/sites\/3\/2018\/01\/macael9.jpg","keywords":["aje almeria","asociacion jovenes empresarios almeria","empresarios almer\u00eda","networking","ocio y networking"],"articleSection":["Noticias"],"inLanguage":"es","potentialAction":[{"@type":"CommentAction","name":"Comment","target":["https:\/\/ajeandalucia.org\/almeria\/2017\/12\/31\/visita-a-macael-y-sus-canteras-en-la-actividad-ocionetworking\/#respond"]}]},{"@type":"WebPage","@id":"https:\/\/ajeandalucia.org\/almeria\/2017\/12\/31\/visita-a-macael-y-sus-canteras-en-la-actividad-ocionetworking\/","url":"https:\/\/ajeandalucia.org\/almeria\/2017\/12\/31\/visita-a-macael-y-sus-canteras-en-la-actividad-ocionetworking\/","name":"Visita a Macael y sus canteras en la actividad Ocio&amp;Networking - AJE Almer\u00eda","isPartOf":{"@id":"https:\/\/ajeandalucia.org\/almeria\/#website"},"primaryImageOfPage":{"@id":"https:\/\/ajeandalucia.org\/almeria\/2017\/12\/31\/visita-a-macael-y-sus-canteras-en-la-actividad-ocionetworking\/#primaryimage"},"image":{"@id":"https:\/\/ajeandalucia.org\/almeria\/2017\/12\/31\/visita-a-macael-y-sus-canteras-en-la-actividad-ocionetworking\/#primaryimage"},"thumbnailUrl":"https:\/\/ajeandalucia.org\/almeria\/wp-content\/uploads\/sites\/3\/2018\/01\/macael9.jpg","datePublished":"2017-12-31T16:44:12+00:00","dateModified":"2018-03-05T08:05:43+00:00","breadcrumb":{"@id":"https:\/\/ajeandalucia.org\/almeria\/2017\/12\/31\/visita-a-macael-y-sus-canteras-en-la-actividad-ocionetworking\/#breadcrumb"},"inLanguage":"es","potentialAction":[{"@type":"ReadAction","target":["https:\/\/ajeandalucia.org\/almeria\/2017\/12\/31\/visita-a-macael-y-sus-canteras-en-la-actividad-ocionetworking\/"]}]},{"@type":"ImageObject","inLanguage":"es","@id":"https:\/\/ajeandalucia.org\/almeria\/2017\/12\/31\/visita-a-macael-y-sus-canteras-en-la-actividad-ocionetworking\/#primaryimage","url":"https:\/\/ajeandalucia.org\/almeria\/wp-content\/uploads\/sites\/3\/2018\/01\/macael9.jpg","contentUrl":"https:\/\/ajeandalucia.org\/almeria\/wp-content\/uploads\/sites\/3\/2018\/01\/macael9.jpg","width":3456,"height":2304},{"@type":"BreadcrumbList","@id":"https:\/\/ajeandalucia.org\/almeria\/2017\/12\/31\/visita-a-macael-y-sus-canteras-en-la-actividad-ocionetworking\/#breadcrumb","itemListElement":[{"@type":"ListItem","position":1,"name":"Portada","item":"https:\/\/ajeandalucia.org\/almeria\/"},{"@type":"ListItem","position":2,"name":"Visita a Macael y sus canteras en la actividad Ocio&amp;Networking"}]},{"@type":"WebSite","@id":"https:\/\/ajeandalucia.org\/almeria\/#website","url":"https:\/\/ajeandalucia.org\/almeria\/","name":"AJE Almer\u00eda","description":"Otro sitio m\u00e1s de AJE Andaluc\u00eda","publisher":{"@id":"https:\/\/ajeandalucia.org\/almeria\/#organization"},"potentialAction":[{"@type":"SearchAction","target":{"@type":"EntryPoint","urlTemplate":"https:\/\/ajeandalucia.org\/almeria\/?s={search_term_string}"},"query-input":{"@type":"PropertyValueSpecification","valueRequired":true,"valueName":"search_term_string"}}],"inLanguage":"es"},{"@type":"Organization","@id":"https:\/\/ajeandalucia.org\/almeria\/#organization","name":"AJE Almer\u00eda","url":"https:\/\/ajeandalucia.org\/almeria\/","logo":{"@type":"ImageObject","inLanguage":"es","@id":"https:\/\/ajeandalucia.org\/almeria\/#\/schema\/logo\/image\/","url":"https:\/\/ajeandalucia.org\/almeria\/wp-content\/uploads\/sites\/3\/2025\/01\/AJE-ALMERIA-horizontal.png","contentUrl":"https:\/\/ajeandalucia.org\/almeria\/wp-content\/uploads\/sites\/3\/2025\/01\/AJE-ALMERIA-horizontal.png","width":605,"height":200,"caption":"AJE Almer\u00eda"},"image":{"@id":"https:\/\/ajeandalucia.org\/almeria\/#\/schema\/logo\/image\/"}},{"@type":"Person","@id":"https:\/\/ajeandalucia.org\/almeria\/#\/schema\/person\/9336ac50bc8c90053f6bf3b99e5c7d7b","name":"almeria","image":{"@type":"ImageObject","inLanguage":"es","@id":"https:\/\/ajeandalucia.org\/almeria\/#\/schema\/person\/image\/","url":"https:\/\/secure.gravatar.com\/avatar\/f5b6b7d37a8f964bd96d1a7752fc3160bb98a16a08fda2bb6fb3a80845dae5d6?s=96&d=mm&r=g","contentUrl":"https:\/\/secure.gravatar.com\/avatar\/f5b6b7d37a8f964bd96d1a7752fc3160bb98a16a08fda2bb6fb3a80845dae5d6?s=96&d=mm&r=g","caption":"almeria"},"sameAs":["http:\/\/www.ajealmeria.org\/"],"url":"https:\/\/ajeandalucia.org\/almeria\/author\/almeria\/"}]}},"_links":{"self":[{"href":"https:\/\/ajeandalucia.org\/almeria\/wp-json\/wp\/v2\/posts\/854","targetHints":{"allow":["GET"]}}],"collection":[{"href":"https:\/\/ajeandalucia.org\/almeria\/wp-json\/wp\/v2\/posts"}],"about":[{"href":"https:\/\/ajeandalucia.org\/almeria\/wp-json\/wp\/v2\/types\/post"}],"author":[{"embeddable":true,"href":"https:\/\/ajeandalucia.org\/almeria\/wp-json\/wp\/v2\/users\/3"}],"replies":[{"embeddable":true,"href":"https:\/\/ajeandalucia.org\/almeria\/wp-json\/wp\/v2\/comments?post=854"}],"version-history":[{"count":5,"href":"https:\/\/ajeandalucia.org\/almeria\/wp-json\/wp\/v2\/posts\/854\/revisions"}],"predecessor-version":[{"id":873,"href":"https:\/\/ajeandalucia.org\/almeria\/wp-json\/wp\/v2\/posts\/854\/revisions\/873"}],"wp:featuredmedia":[{"embeddable":true,"href":"https:\/\/ajeandalucia.org\/almeria\/wp-json\/wp\/v2\/media\/857"}],"wp:attachment":[{"href":"https:\/\/ajeandalucia.org\/almeria\/wp-json\/wp\/v2\/media?parent=854"}],"wp:term":[{"taxonomy":"category","embeddable":true,"href":"https:\/\/ajeandalucia.org\/almeria\/wp-json\/wp\/v2\/categories?post=854"},{"taxonomy":"post_tag","embeddable":true,"href":"https:\/\/ajeandalucia.org\/almeria\/wp-json\/wp\/v2\/tags?post=854"}],"curies":[{"name":"wp","href":"https:\/\/api.w.org\/{rel}","templated":true}]}}