{"id":925,"date":"2018-02-23T09:17:16","date_gmt":"2018-02-23T09:17:16","guid":{"rendered":"http:\/\/www.ajeandalucia.org\/almeria\/?p=925"},"modified":"2018-02-26T09:08:42","modified_gmt":"2018-02-26T09:08:42","slug":"mujeres-en-primera-linea-empresarias-almerienses","status":"publish","type":"post","link":"https:\/\/ajeandalucia.org\/almeria\/2018\/02\/23\/mujeres-en-primera-linea-empresarias-almerienses\/","title":{"rendered":"Mujeres en primera l\u00ednea: empresarias almerienses"},"content":{"rendered":"<p>Diversos estudios afirman que las empresas tienen cada vez m\u00e1s <strong>mujeres al mando<\/strong>. Un informe sobre\u00a0Emprendimiento Femenino del GEM\u00a0(Global Entrepreneurship Monitor) revela que la actividad emprendedora de la mujer ha aumentado en m\u00e1s de un 10 por ciento en todo el mundo, datos esperanzadores y que menguan cada vez m\u00e1s la brecha de g\u00e9nero en el mundo de los negocios.\u00a0A\u00fan as\u00ed, la tasa de emprendimiento\u00a0femenino en Espa\u00f1a est\u00e1 por debajo de la media europea (4,7% frente a un 6,3%), aunque se encuentra por encima de otras econom\u00edas de nuestra zona que tambi\u00e9n apuestan firmemente por la innovaci\u00f3n, como Francia (3,4%) o Italia (3,3%).<\/p>\n<p>Entre los miembros de la <strong>Asociaci\u00f3n de J\u00f3venes Empresarios de Almer\u00eda<\/strong> contamos\u00a0con un alto porcentaje de mujeres con cargos directivos o que poseen un negocio propio. De este modo, el <strong>tejido empresarial de la provincia<\/strong> se hace m\u00e1s fuerte con el <strong>papel de la mujer cada vez m\u00e1s presente en las empresas<\/strong>.<\/p>\n<p>Son muchas las mujeres que han sentido trabas y obst\u00e1culos a la hora de acceder a un alto cargo en una compa\u00f1\u00eda, adem\u00e1s de sufrir la temida &#8216;brecha salarial&#8217;. No obstante, una de nuestras asociadas, <strong>Gemma Salinas<\/strong>, socia gerente de <a href=\"http:\/\/www.addingestion.com\/\">ADDINGesti\u00f3n<\/a>, una de las principales <strong>empresas almerienses de servicios profesionales y asesoramiento empresarial,<\/strong> afirma que &#8220;afortunadamente, hasta ahora no he sentido que por el\u00a0 hecho de ser mujer haya tenido m\u00e1s trabas, dificultades o impedimentos en mi trabajo. Tampoco que se me haya restado credibilidad por ello&#8221;. A pesar de eso, cree firmemente que a\u00fan hay mucho por hacer, y que hoy en d\u00eda &#8220;hay mucha gente que piensa que es incompatible liderar un proyecto empresarial siendo mujer y tener una familia&#8221;.<\/p>\n<p>Por otro lado, <strong>Mar\u00eda Jos\u00e9 Tijeras<\/strong>, <strong>socia de Gris Macael Stone<\/strong>, empresa dedicada al m\u00e1rmol, s\u00ed ha sentido la evoluci\u00f3n en los \u00faltimos a\u00f1os, en un sector que tradicionalmente ha sido gestionado por hombres. &#8220;Hoy en d\u00eda la mujer ocupa un papel muy importante en la gesti\u00f3n de estas empresas, aunque todav\u00eda queda mucho por avanzar&#8221;, cuenta. Durante sus inicios, cuando junto a sus hermanos decidi\u00f3 coger las riendas de su empresa familiar, Mar\u00eda Jos\u00e9 Tijeras encontr\u00f3 muchas trabas, y cree que &#8220;el principal h\u00e1ndicap fue ser una mujer joven y con poca experiencia. Me cost\u00f3 much\u00edsimo que tanto proveedores como clientes confiaran en mi gesti\u00f3n y en mi palabra sin que uno de mis hermanos estuviera delante para reafirmarlo&#8221;. Todo esto qued\u00f3 en el pasado, y asegura que &#8220;gracias al esfuerzo, ilusi\u00f3n, perseverancia, y por supuesto al apoyo incondicional que depositaron mis hermanos en m\u00ed, pude ir superando las barreras y evolucionar, no solo profesionalmente sino tambi\u00e9n personalmente&#8221;.<\/p>\n<p>Seg\u00fan Tijeras, a\u00fan queda mucho camino para <strong>conseguir una situaci\u00f3n justa para las mujeres<\/strong>. Piensa que lo m\u00e1s importante es que \u00e9stas eliminen sus miedos: &#8220;miedo a emprender, a invertir, a fracasar, al qu\u00e9 dir\u00e1n\u2026. Y que se pongan manos a la obra y luchen por sus sue\u00f1os, ya que si no lo intentas nunca sabr\u00e1s si va a ir bien o mal&#8221;. Por su parte, a Gemma Salinas\u00a0le gustar\u00eda que &#8220;esa visi\u00f3n cambiase, y que todos sinti\u00e9ramos, porque sea una realidad, que tenemos las <strong>mismas posibilidades de crecer profesionalmente, sin distinci\u00f3n de sexo<\/strong>&#8220;.<\/p>\n<p>&nbsp;<\/p>\n<p>&nbsp;<\/p>\n","protected":false},"excerpt":{"rendered":"<p>Diversos estudios afirman que las empresas tienen cada vez m\u00e1s mujeres al mando. Un informe sobre\u00a0Emprendimiento Femenino del GEM\u00a0(Global Entrepreneurship [&hellip;]<\/p>\n","protected":false},"author":3,"featured_media":927,"comment_status":"open","ping_status":"open","sticky":false,"template":"","format":"standard","meta":{"_acf_changed":false,"site-sidebar-layout":"default","site-content-layout":"","ast-site-content-layout":"default","site-content-style":"default","site-sidebar-style":"default","ast-global-header-display":"","ast-banner-title-visibility":"","ast-main-header-display":"","ast-hfb-above-header-display":"","ast-hfb-below-header-display":"","ast-hfb-mobile-header-display":"","site-post-title":"","ast-breadcrumbs-content":"","ast-featured-img":"","footer-sml-layout":"","ast-disable-related-posts":"","theme-transparent-header-meta":"","adv-header-id-meta":"","stick-header-meta":"","header-above-stick-meta":"","header-main-stick-meta":"","header-below-stick-meta":"","astra-migrate-meta-layouts":"default","ast-page-background-enabled":"default","ast-page-background-meta":{"desktop":{"background-color":"var(--ast-global-color-5)","background-image":"","background-repeat":"repeat","background-position":"center center","background-size":"auto","background-attachment":"scroll","background-type":"","background-media":"","overlay-type":"","overlay-color":"","overlay-opacity":"","overlay-gradient":""},"tablet":{"background-color":"","background-image":"","background-repeat":"repeat","background-position":"center center","background-size":"auto","background-attachment":"scroll","background-type":"","background-media":"","overlay-type":"","overlay-color":"","overlay-opacity":"","overlay-gradient":""},"mobile":{"background-color":"","background-image":"","background-repeat":"repeat","background-position":"center center","background-size":"auto","background-attachment":"scroll","background-type":"","background-media":"","overlay-type":"","overlay-color":"","overlay-opacity":"","overlay-gradient":""}},"ast-content-background-meta":{"desktop":{"background-color":"var(--ast-global-color-4)","background-image":"","background-repeat":"repeat","background-position":"center center","background-size":"auto","background-attachment":"scroll","background-type":"","background-media":"","overlay-type":"","overlay-color":"","overlay-opacity":"","overlay-gradient":""},"tablet":{"background-color":"var(--ast-global-color-4)","background-image":"","background-repeat":"repeat","background-position":"center center","background-size":"auto","background-attachment":"scroll","background-type":"","background-media":"","overlay-type":"","overlay-color":"","overlay-opacity":"","overlay-gradient":""},"mobile":{"background-color":"var(--ast-global-color-4)","background-image":"","background-repeat":"repeat","background-position":"center center","background-size":"auto","background-attachment":"scroll","background-type":"","background-media":"","overlay-type":"","overlay-color":"","overlay-opacity":"","overlay-gradient":""}},"footnotes":""},"categories":[8],"tags":[118,117,116,119],"class_list":["post-925","post","type-post","status-publish","format-standard","has-post-thumbnail","hentry","category-noticias","tag-emprendimiento-mujeres","tag-empresarias-almeria","tag-mujeres-emprendedoras","tag-mujeres-empresarias"],"acf":[],"yoast_head":"<!-- This site is optimized with the Yoast SEO plugin v26.9 - https:\/\/yoast.com\/product\/yoast-seo-wordpress\/ -->\n<title>Mujeres en primera l\u00ednea: empresarias almerienses - AJE Almer\u00eda<\/title>\n<meta name=\"robots\" content=\"index, follow, max-snippet:-1, max-image-preview:large, max-video-preview:-1\" \/>\n<link rel=\"canonical\" href=\"https:\/\/ajeandalucia.org\/almeria\/2018\/02\/23\/mujeres-en-primera-linea-empresarias-almerienses\/\" \/>\n<meta property=\"og:locale\" content=\"es_ES\" \/>\n<meta property=\"og:type\" content=\"article\" \/>\n<meta property=\"og:title\" content=\"Mujeres en primera l\u00ednea: empresarias almerienses - AJE Almer\u00eda\" \/>\n<meta property=\"og:description\" content=\"Diversos estudios afirman que las empresas tienen cada vez m\u00e1s mujeres al mando. Un informe sobre\u00a0Emprendimiento Femenino del GEM\u00a0(Global Entrepreneurship [&hellip;]\" \/>\n<meta property=\"og:url\" content=\"https:\/\/ajeandalucia.org\/almeria\/2018\/02\/23\/mujeres-en-primera-linea-empresarias-almerienses\/\" \/>\n<meta property=\"og:site_name\" content=\"AJE Almer\u00eda\" \/>\n<meta property=\"article:published_time\" content=\"2018-02-23T09:17:16+00:00\" \/>\n<meta property=\"article:modified_time\" content=\"2018-02-26T09:08:42+00:00\" \/>\n<meta property=\"og:image\" content=\"https:\/\/ajeandalucia.org\/almeria\/wp-content\/uploads\/sites\/3\/2018\/02\/mujer.jpg\" \/>\n\t<meta property=\"og:image:width\" content=\"1500\" \/>\n\t<meta property=\"og:image:height\" content=\"1001\" \/>\n\t<meta property=\"og:image:type\" content=\"image\/jpeg\" \/>\n<meta name=\"author\" content=\"almeria\" \/>\n<meta name=\"twitter:card\" content=\"summary_large_image\" \/>\n<meta name=\"twitter:label1\" content=\"Escrito por\" \/>\n\t<meta name=\"twitter:data1\" content=\"almeria\" \/>\n\t<meta name=\"twitter:label2\" content=\"Tiempo de lectura\" \/>\n\t<meta name=\"twitter:data2\" content=\"3 minutos\" \/>\n<script type=\"application\/ld+json\" class=\"yoast-schema-graph\">{\"@context\":\"https:\/\/schema.org\",\"@graph\":[{\"@type\":\"Article\",\"@id\":\"https:\/\/ajeandalucia.org\/almeria\/2018\/02\/23\/mujeres-en-primera-linea-empresarias-almerienses\/#article\",\"isPartOf\":{\"@id\":\"https:\/\/ajeandalucia.org\/almeria\/2018\/02\/23\/mujeres-en-primera-linea-empresarias-almerienses\/\"},\"author\":{\"name\":\"almeria\",\"@id\":\"https:\/\/ajeandalucia.org\/almeria\/#\/schema\/person\/9336ac50bc8c90053f6bf3b99e5c7d7b\"},\"headline\":\"Mujeres en primera l\u00ednea: empresarias almerienses\",\"datePublished\":\"2018-02-23T09:17:16+00:00\",\"dateModified\":\"2018-02-26T09:08:42+00:00\",\"mainEntityOfPage\":{\"@id\":\"https:\/\/ajeandalucia.org\/almeria\/2018\/02\/23\/mujeres-en-primera-linea-empresarias-almerienses\/\"},\"wordCount\":585,\"commentCount\":0,\"publisher\":{\"@id\":\"https:\/\/ajeandalucia.org\/almeria\/#organization\"},\"image\":{\"@id\":\"https:\/\/ajeandalucia.org\/almeria\/2018\/02\/23\/mujeres-en-primera-linea-empresarias-almerienses\/#primaryimage\"},\"thumbnailUrl\":\"https:\/\/ajeandalucia.org\/almeria\/wp-content\/uploads\/sites\/3\/2018\/02\/mujer.jpg\",\"keywords\":[\"emprendimiento mujeres\",\"empresarias almeria\",\"mujeres emprendedoras\",\"mujeres empresarias\"],\"articleSection\":[\"Noticias\"],\"inLanguage\":\"es\",\"potentialAction\":[{\"@type\":\"CommentAction\",\"name\":\"Comment\",\"target\":[\"https:\/\/ajeandalucia.org\/almeria\/2018\/02\/23\/mujeres-en-primera-linea-empresarias-almerienses\/#respond\"]}]},{\"@type\":\"WebPage\",\"@id\":\"https:\/\/ajeandalucia.org\/almeria\/2018\/02\/23\/mujeres-en-primera-linea-empresarias-almerienses\/\",\"url\":\"https:\/\/ajeandalucia.org\/almeria\/2018\/02\/23\/mujeres-en-primera-linea-empresarias-almerienses\/\",\"name\":\"Mujeres en primera l\u00ednea: empresarias almerienses - AJE Almer\u00eda\",\"isPartOf\":{\"@id\":\"https:\/\/ajeandalucia.org\/almeria\/#website\"},\"primaryImageOfPage\":{\"@id\":\"https:\/\/ajeandalucia.org\/almeria\/2018\/02\/23\/mujeres-en-primera-linea-empresarias-almerienses\/#primaryimage\"},\"image\":{\"@id\":\"https:\/\/ajeandalucia.org\/almeria\/2018\/02\/23\/mujeres-en-primera-linea-empresarias-almerienses\/#primaryimage\"},\"thumbnailUrl\":\"https:\/\/ajeandalucia.org\/almeria\/wp-content\/uploads\/sites\/3\/2018\/02\/mujer.jpg\",\"datePublished\":\"2018-02-23T09:17:16+00:00\",\"dateModified\":\"2018-02-26T09:08:42+00:00\",\"breadcrumb\":{\"@id\":\"https:\/\/ajeandalucia.org\/almeria\/2018\/02\/23\/mujeres-en-primera-linea-empresarias-almerienses\/#breadcrumb\"},\"inLanguage\":\"es\",\"potentialAction\":[{\"@type\":\"ReadAction\",\"target\":[\"https:\/\/ajeandalucia.org\/almeria\/2018\/02\/23\/mujeres-en-primera-linea-empresarias-almerienses\/\"]}]},{\"@type\":\"ImageObject\",\"inLanguage\":\"es\",\"@id\":\"https:\/\/ajeandalucia.org\/almeria\/2018\/02\/23\/mujeres-en-primera-linea-empresarias-almerienses\/#primaryimage\",\"url\":\"https:\/\/ajeandalucia.org\/almeria\/wp-content\/uploads\/sites\/3\/2018\/02\/mujer.jpg\",\"contentUrl\":\"https:\/\/ajeandalucia.org\/almeria\/wp-content\/uploads\/sites\/3\/2018\/02\/mujer.jpg\",\"width\":1500,\"height\":1001},{\"@type\":\"BreadcrumbList\",\"@id\":\"https:\/\/ajeandalucia.org\/almeria\/2018\/02\/23\/mujeres-en-primera-linea-empresarias-almerienses\/#breadcrumb\",\"itemListElement\":[{\"@type\":\"ListItem\",\"position\":1,\"name\":\"Portada\",\"item\":\"https:\/\/ajeandalucia.org\/almeria\/\"},{\"@type\":\"ListItem\",\"position\":2,\"name\":\"Mujeres en primera l\u00ednea: empresarias almerienses\"}]},{\"@type\":\"WebSite\",\"@id\":\"https:\/\/ajeandalucia.org\/almeria\/#website\",\"url\":\"https:\/\/ajeandalucia.org\/almeria\/\",\"name\":\"AJE Almer\u00eda\",\"description\":\"Otro sitio m\u00e1s de AJE Andaluc\u00eda\",\"publisher\":{\"@id\":\"https:\/\/ajeandalucia.org\/almeria\/#organization\"},\"potentialAction\":[{\"@type\":\"SearchAction\",\"target\":{\"@type\":\"EntryPoint\",\"urlTemplate\":\"https:\/\/ajeandalucia.org\/almeria\/?s={search_term_string}\"},\"query-input\":{\"@type\":\"PropertyValueSpecification\",\"valueRequired\":true,\"valueName\":\"search_term_string\"}}],\"inLanguage\":\"es\"},{\"@type\":\"Organization\",\"@id\":\"https:\/\/ajeandalucia.org\/almeria\/#organization\",\"name\":\"AJE Almer\u00eda\",\"url\":\"https:\/\/ajeandalucia.org\/almeria\/\",\"logo\":{\"@type\":\"ImageObject\",\"inLanguage\":\"es\",\"@id\":\"https:\/\/ajeandalucia.org\/almeria\/#\/schema\/logo\/image\/\",\"url\":\"https:\/\/ajeandalucia.org\/almeria\/wp-content\/uploads\/sites\/3\/2025\/01\/AJE-ALMERIA-horizontal.png\",\"contentUrl\":\"https:\/\/ajeandalucia.org\/almeria\/wp-content\/uploads\/sites\/3\/2025\/01\/AJE-ALMERIA-horizontal.png\",\"width\":605,\"height\":200,\"caption\":\"AJE Almer\u00eda\"},\"image\":{\"@id\":\"https:\/\/ajeandalucia.org\/almeria\/#\/schema\/logo\/image\/\"}},{\"@type\":\"Person\",\"@id\":\"https:\/\/ajeandalucia.org\/almeria\/#\/schema\/person\/9336ac50bc8c90053f6bf3b99e5c7d7b\",\"name\":\"almeria\",\"image\":{\"@type\":\"ImageObject\",\"inLanguage\":\"es\",\"@id\":\"https:\/\/ajeandalucia.org\/almeria\/#\/schema\/person\/image\/\",\"url\":\"https:\/\/secure.gravatar.com\/avatar\/f5b6b7d37a8f964bd96d1a7752fc3160bb98a16a08fda2bb6fb3a80845dae5d6?s=96&d=mm&r=g\",\"contentUrl\":\"https:\/\/secure.gravatar.com\/avatar\/f5b6b7d37a8f964bd96d1a7752fc3160bb98a16a08fda2bb6fb3a80845dae5d6?s=96&d=mm&r=g\",\"caption\":\"almeria\"},\"sameAs\":[\"http:\/\/www.ajealmeria.org\/\"],\"url\":\"https:\/\/ajeandalucia.org\/almeria\/author\/almeria\/\"}]}<\/script>\n<!-- \/ Yoast SEO plugin. -->","yoast_head_json":{"title":"Mujeres en primera l\u00ednea: empresarias almerienses - AJE Almer\u00eda","robots":{"index":"index","follow":"follow","max-snippet":"max-snippet:-1","max-image-preview":"max-image-preview:large","max-video-preview":"max-video-preview:-1"},"canonical":"https:\/\/ajeandalucia.org\/almeria\/2018\/02\/23\/mujeres-en-primera-linea-empresarias-almerienses\/","og_locale":"es_ES","og_type":"article","og_title":"Mujeres en primera l\u00ednea: empresarias almerienses - AJE Almer\u00eda","og_description":"Diversos estudios afirman que las empresas tienen cada vez m\u00e1s mujeres al mando. Un informe sobre\u00a0Emprendimiento Femenino del GEM\u00a0(Global Entrepreneurship [&hellip;]","og_url":"https:\/\/ajeandalucia.org\/almeria\/2018\/02\/23\/mujeres-en-primera-linea-empresarias-almerienses\/","og_site_name":"AJE Almer\u00eda","article_published_time":"2018-02-23T09:17:16+00:00","article_modified_time":"2018-02-26T09:08:42+00:00","og_image":[{"width":1500,"height":1001,"url":"https:\/\/ajeandalucia.org\/almeria\/wp-content\/uploads\/sites\/3\/2018\/02\/mujer.jpg","type":"image\/jpeg"}],"author":"almeria","twitter_card":"summary_large_image","twitter_misc":{"Escrito por":"almeria","Tiempo de lectura":"3 minutos"},"schema":{"@context":"https:\/\/schema.org","@graph":[{"@type":"Article","@id":"https:\/\/ajeandalucia.org\/almeria\/2018\/02\/23\/mujeres-en-primera-linea-empresarias-almerienses\/#article","isPartOf":{"@id":"https:\/\/ajeandalucia.org\/almeria\/2018\/02\/23\/mujeres-en-primera-linea-empresarias-almerienses\/"},"author":{"name":"almeria","@id":"https:\/\/ajeandalucia.org\/almeria\/#\/schema\/person\/9336ac50bc8c90053f6bf3b99e5c7d7b"},"headline":"Mujeres en primera l\u00ednea: empresarias almerienses","datePublished":"2018-02-23T09:17:16+00:00","dateModified":"2018-02-26T09:08:42+00:00","mainEntityOfPage":{"@id":"https:\/\/ajeandalucia.org\/almeria\/2018\/02\/23\/mujeres-en-primera-linea-empresarias-almerienses\/"},"wordCount":585,"commentCount":0,"publisher":{"@id":"https:\/\/ajeandalucia.org\/almeria\/#organization"},"image":{"@id":"https:\/\/ajeandalucia.org\/almeria\/2018\/02\/23\/mujeres-en-primera-linea-empresarias-almerienses\/#primaryimage"},"thumbnailUrl":"https:\/\/ajeandalucia.org\/almeria\/wp-content\/uploads\/sites\/3\/2018\/02\/mujer.jpg","keywords":["emprendimiento mujeres","empresarias almeria","mujeres emprendedoras","mujeres empresarias"],"articleSection":["Noticias"],"inLanguage":"es","potentialAction":[{"@type":"CommentAction","name":"Comment","target":["https:\/\/ajeandalucia.org\/almeria\/2018\/02\/23\/mujeres-en-primera-linea-empresarias-almerienses\/#respond"]}]},{"@type":"WebPage","@id":"https:\/\/ajeandalucia.org\/almeria\/2018\/02\/23\/mujeres-en-primera-linea-empresarias-almerienses\/","url":"https:\/\/ajeandalucia.org\/almeria\/2018\/02\/23\/mujeres-en-primera-linea-empresarias-almerienses\/","name":"Mujeres en primera l\u00ednea: empresarias almerienses - AJE Almer\u00eda","isPartOf":{"@id":"https:\/\/ajeandalucia.org\/almeria\/#website"},"primaryImageOfPage":{"@id":"https:\/\/ajeandalucia.org\/almeria\/2018\/02\/23\/mujeres-en-primera-linea-empresarias-almerienses\/#primaryimage"},"image":{"@id":"https:\/\/ajeandalucia.org\/almeria\/2018\/02\/23\/mujeres-en-primera-linea-empresarias-almerienses\/#primaryimage"},"thumbnailUrl":"https:\/\/ajeandalucia.org\/almeria\/wp-content\/uploads\/sites\/3\/2018\/02\/mujer.jpg","datePublished":"2018-02-23T09:17:16+00:00","dateModified":"2018-02-26T09:08:42+00:00","breadcrumb":{"@id":"https:\/\/ajeandalucia.org\/almeria\/2018\/02\/23\/mujeres-en-primera-linea-empresarias-almerienses\/#breadcrumb"},"inLanguage":"es","potentialAction":[{"@type":"ReadAction","target":["https:\/\/ajeandalucia.org\/almeria\/2018\/02\/23\/mujeres-en-primera-linea-empresarias-almerienses\/"]}]},{"@type":"ImageObject","inLanguage":"es","@id":"https:\/\/ajeandalucia.org\/almeria\/2018\/02\/23\/mujeres-en-primera-linea-empresarias-almerienses\/#primaryimage","url":"https:\/\/ajeandalucia.org\/almeria\/wp-content\/uploads\/sites\/3\/2018\/02\/mujer.jpg","contentUrl":"https:\/\/ajeandalucia.org\/almeria\/wp-content\/uploads\/sites\/3\/2018\/02\/mujer.jpg","width":1500,"height":1001},{"@type":"BreadcrumbList","@id":"https:\/\/ajeandalucia.org\/almeria\/2018\/02\/23\/mujeres-en-primera-linea-empresarias-almerienses\/#breadcrumb","itemListElement":[{"@type":"ListItem","position":1,"name":"Portada","item":"https:\/\/ajeandalucia.org\/almeria\/"},{"@type":"ListItem","position":2,"name":"Mujeres en primera l\u00ednea: empresarias almerienses"}]},{"@type":"WebSite","@id":"https:\/\/ajeandalucia.org\/almeria\/#website","url":"https:\/\/ajeandalucia.org\/almeria\/","name":"AJE Almer\u00eda","description":"Otro sitio m\u00e1s de AJE Andaluc\u00eda","publisher":{"@id":"https:\/\/ajeandalucia.org\/almeria\/#organization"},"potentialAction":[{"@type":"SearchAction","target":{"@type":"EntryPoint","urlTemplate":"https:\/\/ajeandalucia.org\/almeria\/?s={search_term_string}"},"query-input":{"@type":"PropertyValueSpecification","valueRequired":true,"valueName":"search_term_string"}}],"inLanguage":"es"},{"@type":"Organization","@id":"https:\/\/ajeandalucia.org\/almeria\/#organization","name":"AJE Almer\u00eda","url":"https:\/\/ajeandalucia.org\/almeria\/","logo":{"@type":"ImageObject","inLanguage":"es","@id":"https:\/\/ajeandalucia.org\/almeria\/#\/schema\/logo\/image\/","url":"https:\/\/ajeandalucia.org\/almeria\/wp-content\/uploads\/sites\/3\/2025\/01\/AJE-ALMERIA-horizontal.png","contentUrl":"https:\/\/ajeandalucia.org\/almeria\/wp-content\/uploads\/sites\/3\/2025\/01\/AJE-ALMERIA-horizontal.png","width":605,"height":200,"caption":"AJE Almer\u00eda"},"image":{"@id":"https:\/\/ajeandalucia.org\/almeria\/#\/schema\/logo\/image\/"}},{"@type":"Person","@id":"https:\/\/ajeandalucia.org\/almeria\/#\/schema\/person\/9336ac50bc8c90053f6bf3b99e5c7d7b","name":"almeria","image":{"@type":"ImageObject","inLanguage":"es","@id":"https:\/\/ajeandalucia.org\/almeria\/#\/schema\/person\/image\/","url":"https:\/\/secure.gravatar.com\/avatar\/f5b6b7d37a8f964bd96d1a7752fc3160bb98a16a08fda2bb6fb3a80845dae5d6?s=96&d=mm&r=g","contentUrl":"https:\/\/secure.gravatar.com\/avatar\/f5b6b7d37a8f964bd96d1a7752fc3160bb98a16a08fda2bb6fb3a80845dae5d6?s=96&d=mm&r=g","caption":"almeria"},"sameAs":["http:\/\/www.ajealmeria.org\/"],"url":"https:\/\/ajeandalucia.org\/almeria\/author\/almeria\/"}]}},"_links":{"self":[{"href":"https:\/\/ajeandalucia.org\/almeria\/wp-json\/wp\/v2\/posts\/925","targetHints":{"allow":["GET"]}}],"collection":[{"href":"https:\/\/ajeandalucia.org\/almeria\/wp-json\/wp\/v2\/posts"}],"about":[{"href":"https:\/\/ajeandalucia.org\/almeria\/wp-json\/wp\/v2\/types\/post"}],"author":[{"embeddable":true,"href":"https:\/\/ajeandalucia.org\/almeria\/wp-json\/wp\/v2\/users\/3"}],"replies":[{"embeddable":true,"href":"https:\/\/ajeandalucia.org\/almeria\/wp-json\/wp\/v2\/comments?post=925"}],"version-history":[{"count":3,"href":"https:\/\/ajeandalucia.org\/almeria\/wp-json\/wp\/v2\/posts\/925\/revisions"}],"predecessor-version":[{"id":936,"href":"https:\/\/ajeandalucia.org\/almeria\/wp-json\/wp\/v2\/posts\/925\/revisions\/936"}],"wp:featuredmedia":[{"embeddable":true,"href":"https:\/\/ajeandalucia.org\/almeria\/wp-json\/wp\/v2\/media\/927"}],"wp:attachment":[{"href":"https:\/\/ajeandalucia.org\/almeria\/wp-json\/wp\/v2\/media?parent=925"}],"wp:term":[{"taxonomy":"category","embeddable":true,"href":"https:\/\/ajeandalucia.org\/almeria\/wp-json\/wp\/v2\/categories?post=925"},{"taxonomy":"post_tag","embeddable":true,"href":"https:\/\/ajeandalucia.org\/almeria\/wp-json\/wp\/v2\/tags?post=925"}],"curies":[{"name":"wp","href":"https:\/\/api.w.org\/{rel}","templated":true}]}}