{"id":946,"date":"2018-03-09T08:59:20","date_gmt":"2018-03-09T08:59:20","guid":{"rendered":"http:\/\/www.ajeandalucia.org\/almeria\/?p=946"},"modified":"2018-03-12T09:48:24","modified_gmt":"2018-03-12T09:48:24","slug":"los-premios-aje-almeria-se-celebraran-el-20-de-marzo","status":"publish","type":"post","link":"https:\/\/ajeandalucia.org\/almeria\/2018\/03\/09\/los-premios-aje-almeria-se-celebraran-el-20-de-marzo\/","title":{"rendered":"Los Premios AJE Almer\u00eda se celebrar\u00e1n el 20 de marzo"},"content":{"rendered":"<p>Ya tenemos fecha para la celebraci\u00f3n de los Premios AJE Almer\u00eda: 20 de marzo. En dos semanas tendr\u00e1 lugar la gala que premiar\u00e1 a dos marcas almerienses, reconociendo su recorrido y su evoluci\u00f3n, y valoradas por un jurado experto formado por miembros de distintas entidades de la provincia de Almer\u00eda.<\/p>\n<p><strong>Categor\u00edas de los Premios<em><br \/>\n<\/em><\/strong>Los Premios AJE Almer\u00eda se componen de las categor\u00edas TRAYECTORIA EMPRESARIAL e INICIATIVA EMPRENDEDORA, con las que se pretende reconocer el esfuerzo y la trayectoria empresarial de un joven o grupo de j\u00f3venes empresarios en la creaci\u00f3n de una empresa y su implantaci\u00f3n en el mercado. Adem\u00e1s, se valorar\u00e1 la trayectoria seguida desde su inicio, la calidad de gesti\u00f3n y producto, la estabilidad comercial y laboral y su imagen de marca, en el caso del galard\u00f3n Trayectoria Empresarial; y se reconocer\u00e1 la originalidad, innovaci\u00f3n y esfuerzo de los j\u00f3venes almerienses en la creaci\u00f3n de una empresa, en la categor\u00eda Iniciativa Emprendedora.<\/p>\n<p><strong>Ganadores<em><br \/>\n<\/em><\/strong>Los Premios AJE Almer\u00eda, se componen de dos fases en cada categor\u00eda. En una primera fase, las empresas participantes concursar\u00e1n por ser reconocidas como mejor Trayectoria Empresarial e Iniciativa Emprendedora en Almer\u00eda. En una segunda fase final, las empresas ganadoras participar\u00e1n representando a su provincia para alzarse con el reconocimiento a la mejor Trayectoria Empresarial e Iniciativa Emprendedora de Andaluc\u00eda.<\/p>\n<p><img loading=\"lazy\" decoding=\"async\" class=\"aligncenter wp-image-555\" src=\"http:\/\/www.ajeandalucia.org\/almeria\/wp-content\/uploads\/sites\/3\/2017\/09\/AJE00130-300x120.jpg\" alt=\"\" width=\"500\" height=\"201\" srcset=\"https:\/\/ajeandalucia.org\/almeria\/wp-content\/uploads\/sites\/3\/2017\/09\/AJE00130-300x120.jpg 300w, https:\/\/ajeandalucia.org\/almeria\/wp-content\/uploads\/sites\/3\/2017\/09\/AJE00130-768x308.jpg 768w, https:\/\/ajeandalucia.org\/almeria\/wp-content\/uploads\/sites\/3\/2017\/09\/AJE00130-1024x411.jpg 1024w\" sizes=\"auto, (max-width: 500px) 100vw, 500px\" \/><\/p>\n<h6>\u00a0 \u00a0 \u00a0 \u00a0 \u00a0 \u00a0 \u00a0 \u00a0 \u00a0 \u00a0 \u00a0 \u00a0 \u00a0 \u00a0 \u00a0 \u00a0 \u00a0 \u00a0 \u00a0 \u00a0 \u00a0 \u00a0 \u00a0 Premiados en la gala del pasado a\u00f1o, celebrada en el Teatro Cervantes. Foto: Juan S\u00e1nchez<\/h6>\n<p>Los Premios AJE Almer\u00eda nacieron en el a\u00f1o 1996, celebr\u00e1ndose cada a\u00f1o con el fin de reconocer a empresas almerienses su trayectoria y su iniciativa. M\u00e1s de veinte a\u00f1os celebrando el esfuerzo y valent\u00eda de los j\u00f3venes emprendedores de la provincia, que son uno de los pilares b\u00e1sicos de la econom\u00eda.<\/p>\n<p>La evoluci\u00f3n socioecon\u00f3mica de Almer\u00eda en los \u00faltimos a\u00f1os, la transformaci\u00f3n en la consideraci\u00f3n social del concepto joven empresario y el incremento notable de j\u00f3venes que optan por el autoempleo, entre otras razones, convierten a los Premios AJE en una cita obligada cada a\u00f1o, creando as\u00ed referentes para los emprendedores del futuro.<\/p>\n","protected":false},"excerpt":{"rendered":"<p>Ya tenemos fecha para la celebraci\u00f3n de los Premios AJE Almer\u00eda: 20 de marzo. En dos semanas tendr\u00e1 lugar la [&hellip;]<\/p>\n","protected":false},"author":3,"featured_media":951,"comment_status":"open","ping_status":"open","sticky":false,"template":"","format":"standard","meta":{"_acf_changed":false,"site-sidebar-layout":"default","site-content-layout":"","ast-site-content-layout":"default","site-content-style":"default","site-sidebar-style":"default","ast-global-header-display":"","ast-banner-title-visibility":"","ast-main-header-display":"","ast-hfb-above-header-display":"","ast-hfb-below-header-display":"","ast-hfb-mobile-header-display":"","site-post-title":"","ast-breadcrumbs-content":"","ast-featured-img":"","footer-sml-layout":"","ast-disable-related-posts":"","theme-transparent-header-meta":"","adv-header-id-meta":"","stick-header-meta":"","header-above-stick-meta":"","header-main-stick-meta":"","header-below-stick-meta":"","astra-migrate-meta-layouts":"default","ast-page-background-enabled":"default","ast-page-background-meta":{"desktop":{"background-color":"var(--ast-global-color-5)","background-image":"","background-repeat":"repeat","background-position":"center center","background-size":"auto","background-attachment":"scroll","background-type":"","background-media":"","overlay-type":"","overlay-color":"","overlay-opacity":"","overlay-gradient":""},"tablet":{"background-color":"","background-image":"","background-repeat":"repeat","background-position":"center center","background-size":"auto","background-attachment":"scroll","background-type":"","background-media":"","overlay-type":"","overlay-color":"","overlay-opacity":"","overlay-gradient":""},"mobile":{"background-color":"","background-image":"","background-repeat":"repeat","background-position":"center center","background-size":"auto","background-attachment":"scroll","background-type":"","background-media":"","overlay-type":"","overlay-color":"","overlay-opacity":"","overlay-gradient":""}},"ast-content-background-meta":{"desktop":{"background-color":"var(--ast-global-color-4)","background-image":"","background-repeat":"repeat","background-position":"center center","background-size":"auto","background-attachment":"scroll","background-type":"","background-media":"","overlay-type":"","overlay-color":"","overlay-opacity":"","overlay-gradient":""},"tablet":{"background-color":"var(--ast-global-color-4)","background-image":"","background-repeat":"repeat","background-position":"center center","background-size":"auto","background-attachment":"scroll","background-type":"","background-media":"","overlay-type":"","overlay-color":"","overlay-opacity":"","overlay-gradient":""},"mobile":{"background-color":"var(--ast-global-color-4)","background-image":"","background-repeat":"repeat","background-position":"center center","background-size":"auto","background-attachment":"scroll","background-type":"","background-media":"","overlay-type":"","overlay-color":"","overlay-opacity":"","overlay-gradient":""}},"footnotes":""},"categories":[8],"tags":[27,30,65,122],"class_list":["post-946","post","type-post","status-publish","format-standard","has-post-thumbnail","hentry","category-noticias","tag-aje-almeria","tag-emprendedores","tag-emprendimiento","tag-premios-aje-almeria"],"acf":[],"yoast_head":"<!-- This site is optimized with the Yoast SEO plugin v26.9 - https:\/\/yoast.com\/product\/yoast-seo-wordpress\/ -->\n<title>Los Premios AJE Almer\u00eda se celebrar\u00e1n el 20 de marzo - AJE Almer\u00eda<\/title>\n<meta name=\"robots\" content=\"index, follow, max-snippet:-1, max-image-preview:large, max-video-preview:-1\" \/>\n<link rel=\"canonical\" href=\"https:\/\/ajeandalucia.org\/almeria\/2018\/03\/09\/los-premios-aje-almeria-se-celebraran-el-20-de-marzo\/\" \/>\n<meta property=\"og:locale\" content=\"es_ES\" \/>\n<meta property=\"og:type\" content=\"article\" \/>\n<meta property=\"og:title\" content=\"Los Premios AJE Almer\u00eda se celebrar\u00e1n el 20 de marzo - AJE Almer\u00eda\" \/>\n<meta property=\"og:description\" content=\"Ya tenemos fecha para la celebraci\u00f3n de los Premios AJE Almer\u00eda: 20 de marzo. En dos semanas tendr\u00e1 lugar la [&hellip;]\" \/>\n<meta property=\"og:url\" content=\"https:\/\/ajeandalucia.org\/almeria\/2018\/03\/09\/los-premios-aje-almeria-se-celebraran-el-20-de-marzo\/\" \/>\n<meta property=\"og:site_name\" content=\"AJE Almer\u00eda\" \/>\n<meta property=\"article:published_time\" content=\"2018-03-09T08:59:20+00:00\" \/>\n<meta property=\"article:modified_time\" content=\"2018-03-12T09:48:24+00:00\" \/>\n<meta property=\"og:image\" content=\"https:\/\/ajeandalucia.org\/almeria\/wp-content\/uploads\/sites\/3\/2018\/03\/RRSS-FB-ALMERI\u0301A-01.jpg\" \/>\n\t<meta property=\"og:image:width\" content=\"851\" \/>\n\t<meta property=\"og:image:height\" content=\"315\" \/>\n\t<meta property=\"og:image:type\" content=\"image\/jpeg\" \/>\n<meta name=\"author\" content=\"almeria\" \/>\n<meta name=\"twitter:card\" content=\"summary_large_image\" \/>\n<meta name=\"twitter:label1\" content=\"Escrito por\" \/>\n\t<meta name=\"twitter:data1\" content=\"almeria\" \/>\n\t<meta name=\"twitter:label2\" content=\"Tiempo de lectura\" \/>\n\t<meta name=\"twitter:data2\" content=\"2 minutos\" \/>\n<script type=\"application\/ld+json\" class=\"yoast-schema-graph\">{\"@context\":\"https:\/\/schema.org\",\"@graph\":[{\"@type\":\"Article\",\"@id\":\"https:\/\/ajeandalucia.org\/almeria\/2018\/03\/09\/los-premios-aje-almeria-se-celebraran-el-20-de-marzo\/#article\",\"isPartOf\":{\"@id\":\"https:\/\/ajeandalucia.org\/almeria\/2018\/03\/09\/los-premios-aje-almeria-se-celebraran-el-20-de-marzo\/\"},\"author\":{\"name\":\"almeria\",\"@id\":\"https:\/\/ajeandalucia.org\/almeria\/#\/schema\/person\/9336ac50bc8c90053f6bf3b99e5c7d7b\"},\"headline\":\"Los Premios AJE Almer\u00eda se celebrar\u00e1n el 20 de marzo\",\"datePublished\":\"2018-03-09T08:59:20+00:00\",\"dateModified\":\"2018-03-12T09:48:24+00:00\",\"mainEntityOfPage\":{\"@id\":\"https:\/\/ajeandalucia.org\/almeria\/2018\/03\/09\/los-premios-aje-almeria-se-celebraran-el-20-de-marzo\/\"},\"wordCount\":386,\"commentCount\":0,\"publisher\":{\"@id\":\"https:\/\/ajeandalucia.org\/almeria\/#organization\"},\"image\":{\"@id\":\"https:\/\/ajeandalucia.org\/almeria\/2018\/03\/09\/los-premios-aje-almeria-se-celebraran-el-20-de-marzo\/#primaryimage\"},\"thumbnailUrl\":\"https:\/\/ajeandalucia.org\/almeria\/wp-content\/uploads\/sites\/3\/2018\/03\/RRSS-FB-ALMERI\u0301A-01.jpg\",\"keywords\":[\"aje almeria\",\"emprendedores\",\"emprendimiento\",\"premios aje almeria\"],\"articleSection\":[\"Noticias\"],\"inLanguage\":\"es\",\"potentialAction\":[{\"@type\":\"CommentAction\",\"name\":\"Comment\",\"target\":[\"https:\/\/ajeandalucia.org\/almeria\/2018\/03\/09\/los-premios-aje-almeria-se-celebraran-el-20-de-marzo\/#respond\"]}]},{\"@type\":\"WebPage\",\"@id\":\"https:\/\/ajeandalucia.org\/almeria\/2018\/03\/09\/los-premios-aje-almeria-se-celebraran-el-20-de-marzo\/\",\"url\":\"https:\/\/ajeandalucia.org\/almeria\/2018\/03\/09\/los-premios-aje-almeria-se-celebraran-el-20-de-marzo\/\",\"name\":\"Los Premios AJE Almer\u00eda se celebrar\u00e1n el 20 de marzo - AJE Almer\u00eda\",\"isPartOf\":{\"@id\":\"https:\/\/ajeandalucia.org\/almeria\/#website\"},\"primaryImageOfPage\":{\"@id\":\"https:\/\/ajeandalucia.org\/almeria\/2018\/03\/09\/los-premios-aje-almeria-se-celebraran-el-20-de-marzo\/#primaryimage\"},\"image\":{\"@id\":\"https:\/\/ajeandalucia.org\/almeria\/2018\/03\/09\/los-premios-aje-almeria-se-celebraran-el-20-de-marzo\/#primaryimage\"},\"thumbnailUrl\":\"https:\/\/ajeandalucia.org\/almeria\/wp-content\/uploads\/sites\/3\/2018\/03\/RRSS-FB-ALMERI\u0301A-01.jpg\",\"datePublished\":\"2018-03-09T08:59:20+00:00\",\"dateModified\":\"2018-03-12T09:48:24+00:00\",\"breadcrumb\":{\"@id\":\"https:\/\/ajeandalucia.org\/almeria\/2018\/03\/09\/los-premios-aje-almeria-se-celebraran-el-20-de-marzo\/#breadcrumb\"},\"inLanguage\":\"es\",\"potentialAction\":[{\"@type\":\"ReadAction\",\"target\":[\"https:\/\/ajeandalucia.org\/almeria\/2018\/03\/09\/los-premios-aje-almeria-se-celebraran-el-20-de-marzo\/\"]}]},{\"@type\":\"ImageObject\",\"inLanguage\":\"es\",\"@id\":\"https:\/\/ajeandalucia.org\/almeria\/2018\/03\/09\/los-premios-aje-almeria-se-celebraran-el-20-de-marzo\/#primaryimage\",\"url\":\"https:\/\/ajeandalucia.org\/almeria\/wp-content\/uploads\/sites\/3\/2018\/03\/RRSS-FB-ALMERI\u0301A-01.jpg\",\"contentUrl\":\"https:\/\/ajeandalucia.org\/almeria\/wp-content\/uploads\/sites\/3\/2018\/03\/RRSS-FB-ALMERI\u0301A-01.jpg\",\"width\":851,\"height\":315},{\"@type\":\"BreadcrumbList\",\"@id\":\"https:\/\/ajeandalucia.org\/almeria\/2018\/03\/09\/los-premios-aje-almeria-se-celebraran-el-20-de-marzo\/#breadcrumb\",\"itemListElement\":[{\"@type\":\"ListItem\",\"position\":1,\"name\":\"Portada\",\"item\":\"https:\/\/ajeandalucia.org\/almeria\/\"},{\"@type\":\"ListItem\",\"position\":2,\"name\":\"Los Premios AJE Almer\u00eda se celebrar\u00e1n el 20 de marzo\"}]},{\"@type\":\"WebSite\",\"@id\":\"https:\/\/ajeandalucia.org\/almeria\/#website\",\"url\":\"https:\/\/ajeandalucia.org\/almeria\/\",\"name\":\"AJE Almer\u00eda\",\"description\":\"Otro sitio m\u00e1s de AJE Andaluc\u00eda\",\"publisher\":{\"@id\":\"https:\/\/ajeandalucia.org\/almeria\/#organization\"},\"potentialAction\":[{\"@type\":\"SearchAction\",\"target\":{\"@type\":\"EntryPoint\",\"urlTemplate\":\"https:\/\/ajeandalucia.org\/almeria\/?s={search_term_string}\"},\"query-input\":{\"@type\":\"PropertyValueSpecification\",\"valueRequired\":true,\"valueName\":\"search_term_string\"}}],\"inLanguage\":\"es\"},{\"@type\":\"Organization\",\"@id\":\"https:\/\/ajeandalucia.org\/almeria\/#organization\",\"name\":\"AJE Almer\u00eda\",\"url\":\"https:\/\/ajeandalucia.org\/almeria\/\",\"logo\":{\"@type\":\"ImageObject\",\"inLanguage\":\"es\",\"@id\":\"https:\/\/ajeandalucia.org\/almeria\/#\/schema\/logo\/image\/\",\"url\":\"https:\/\/ajeandalucia.org\/almeria\/wp-content\/uploads\/sites\/3\/2025\/01\/AJE-ALMERIA-horizontal.png\",\"contentUrl\":\"https:\/\/ajeandalucia.org\/almeria\/wp-content\/uploads\/sites\/3\/2025\/01\/AJE-ALMERIA-horizontal.png\",\"width\":605,\"height\":200,\"caption\":\"AJE Almer\u00eda\"},\"image\":{\"@id\":\"https:\/\/ajeandalucia.org\/almeria\/#\/schema\/logo\/image\/\"}},{\"@type\":\"Person\",\"@id\":\"https:\/\/ajeandalucia.org\/almeria\/#\/schema\/person\/9336ac50bc8c90053f6bf3b99e5c7d7b\",\"name\":\"almeria\",\"image\":{\"@type\":\"ImageObject\",\"inLanguage\":\"es\",\"@id\":\"https:\/\/ajeandalucia.org\/almeria\/#\/schema\/person\/image\/\",\"url\":\"https:\/\/secure.gravatar.com\/avatar\/f5b6b7d37a8f964bd96d1a7752fc3160bb98a16a08fda2bb6fb3a80845dae5d6?s=96&d=mm&r=g\",\"contentUrl\":\"https:\/\/secure.gravatar.com\/avatar\/f5b6b7d37a8f964bd96d1a7752fc3160bb98a16a08fda2bb6fb3a80845dae5d6?s=96&d=mm&r=g\",\"caption\":\"almeria\"},\"sameAs\":[\"http:\/\/www.ajealmeria.org\/\"],\"url\":\"https:\/\/ajeandalucia.org\/almeria\/author\/almeria\/\"}]}<\/script>\n<!-- \/ Yoast SEO plugin. -->","yoast_head_json":{"title":"Los Premios AJE Almer\u00eda se celebrar\u00e1n el 20 de marzo - AJE Almer\u00eda","robots":{"index":"index","follow":"follow","max-snippet":"max-snippet:-1","max-image-preview":"max-image-preview:large","max-video-preview":"max-video-preview:-1"},"canonical":"https:\/\/ajeandalucia.org\/almeria\/2018\/03\/09\/los-premios-aje-almeria-se-celebraran-el-20-de-marzo\/","og_locale":"es_ES","og_type":"article","og_title":"Los Premios AJE Almer\u00eda se celebrar\u00e1n el 20 de marzo - AJE Almer\u00eda","og_description":"Ya tenemos fecha para la celebraci\u00f3n de los Premios AJE Almer\u00eda: 20 de marzo. En dos semanas tendr\u00e1 lugar la [&hellip;]","og_url":"https:\/\/ajeandalucia.org\/almeria\/2018\/03\/09\/los-premios-aje-almeria-se-celebraran-el-20-de-marzo\/","og_site_name":"AJE Almer\u00eda","article_published_time":"2018-03-09T08:59:20+00:00","article_modified_time":"2018-03-12T09:48:24+00:00","og_image":[{"width":851,"height":315,"url":"https:\/\/ajeandalucia.org\/almeria\/wp-content\/uploads\/sites\/3\/2018\/03\/RRSS-FB-ALMERI\u0301A-01.jpg","type":"image\/jpeg"}],"author":"almeria","twitter_card":"summary_large_image","twitter_misc":{"Escrito por":"almeria","Tiempo de lectura":"2 minutos"},"schema":{"@context":"https:\/\/schema.org","@graph":[{"@type":"Article","@id":"https:\/\/ajeandalucia.org\/almeria\/2018\/03\/09\/los-premios-aje-almeria-se-celebraran-el-20-de-marzo\/#article","isPartOf":{"@id":"https:\/\/ajeandalucia.org\/almeria\/2018\/03\/09\/los-premios-aje-almeria-se-celebraran-el-20-de-marzo\/"},"author":{"name":"almeria","@id":"https:\/\/ajeandalucia.org\/almeria\/#\/schema\/person\/9336ac50bc8c90053f6bf3b99e5c7d7b"},"headline":"Los Premios AJE Almer\u00eda se celebrar\u00e1n el 20 de marzo","datePublished":"2018-03-09T08:59:20+00:00","dateModified":"2018-03-12T09:48:24+00:00","mainEntityOfPage":{"@id":"https:\/\/ajeandalucia.org\/almeria\/2018\/03\/09\/los-premios-aje-almeria-se-celebraran-el-20-de-marzo\/"},"wordCount":386,"commentCount":0,"publisher":{"@id":"https:\/\/ajeandalucia.org\/almeria\/#organization"},"image":{"@id":"https:\/\/ajeandalucia.org\/almeria\/2018\/03\/09\/los-premios-aje-almeria-se-celebraran-el-20-de-marzo\/#primaryimage"},"thumbnailUrl":"https:\/\/ajeandalucia.org\/almeria\/wp-content\/uploads\/sites\/3\/2018\/03\/RRSS-FB-ALMERI\u0301A-01.jpg","keywords":["aje almeria","emprendedores","emprendimiento","premios aje almeria"],"articleSection":["Noticias"],"inLanguage":"es","potentialAction":[{"@type":"CommentAction","name":"Comment","target":["https:\/\/ajeandalucia.org\/almeria\/2018\/03\/09\/los-premios-aje-almeria-se-celebraran-el-20-de-marzo\/#respond"]}]},{"@type":"WebPage","@id":"https:\/\/ajeandalucia.org\/almeria\/2018\/03\/09\/los-premios-aje-almeria-se-celebraran-el-20-de-marzo\/","url":"https:\/\/ajeandalucia.org\/almeria\/2018\/03\/09\/los-premios-aje-almeria-se-celebraran-el-20-de-marzo\/","name":"Los Premios AJE Almer\u00eda se celebrar\u00e1n el 20 de marzo - AJE Almer\u00eda","isPartOf":{"@id":"https:\/\/ajeandalucia.org\/almeria\/#website"},"primaryImageOfPage":{"@id":"https:\/\/ajeandalucia.org\/almeria\/2018\/03\/09\/los-premios-aje-almeria-se-celebraran-el-20-de-marzo\/#primaryimage"},"image":{"@id":"https:\/\/ajeandalucia.org\/almeria\/2018\/03\/09\/los-premios-aje-almeria-se-celebraran-el-20-de-marzo\/#primaryimage"},"thumbnailUrl":"https:\/\/ajeandalucia.org\/almeria\/wp-content\/uploads\/sites\/3\/2018\/03\/RRSS-FB-ALMERI\u0301A-01.jpg","datePublished":"2018-03-09T08:59:20+00:00","dateModified":"2018-03-12T09:48:24+00:00","breadcrumb":{"@id":"https:\/\/ajeandalucia.org\/almeria\/2018\/03\/09\/los-premios-aje-almeria-se-celebraran-el-20-de-marzo\/#breadcrumb"},"inLanguage":"es","potentialAction":[{"@type":"ReadAction","target":["https:\/\/ajeandalucia.org\/almeria\/2018\/03\/09\/los-premios-aje-almeria-se-celebraran-el-20-de-marzo\/"]}]},{"@type":"ImageObject","inLanguage":"es","@id":"https:\/\/ajeandalucia.org\/almeria\/2018\/03\/09\/los-premios-aje-almeria-se-celebraran-el-20-de-marzo\/#primaryimage","url":"https:\/\/ajeandalucia.org\/almeria\/wp-content\/uploads\/sites\/3\/2018\/03\/RRSS-FB-ALMERI\u0301A-01.jpg","contentUrl":"https:\/\/ajeandalucia.org\/almeria\/wp-content\/uploads\/sites\/3\/2018\/03\/RRSS-FB-ALMERI\u0301A-01.jpg","width":851,"height":315},{"@type":"BreadcrumbList","@id":"https:\/\/ajeandalucia.org\/almeria\/2018\/03\/09\/los-premios-aje-almeria-se-celebraran-el-20-de-marzo\/#breadcrumb","itemListElement":[{"@type":"ListItem","position":1,"name":"Portada","item":"https:\/\/ajeandalucia.org\/almeria\/"},{"@type":"ListItem","position":2,"name":"Los Premios AJE Almer\u00eda se celebrar\u00e1n el 20 de marzo"}]},{"@type":"WebSite","@id":"https:\/\/ajeandalucia.org\/almeria\/#website","url":"https:\/\/ajeandalucia.org\/almeria\/","name":"AJE Almer\u00eda","description":"Otro sitio m\u00e1s de AJE Andaluc\u00eda","publisher":{"@id":"https:\/\/ajeandalucia.org\/almeria\/#organization"},"potentialAction":[{"@type":"SearchAction","target":{"@type":"EntryPoint","urlTemplate":"https:\/\/ajeandalucia.org\/almeria\/?s={search_term_string}"},"query-input":{"@type":"PropertyValueSpecification","valueRequired":true,"valueName":"search_term_string"}}],"inLanguage":"es"},{"@type":"Organization","@id":"https:\/\/ajeandalucia.org\/almeria\/#organization","name":"AJE Almer\u00eda","url":"https:\/\/ajeandalucia.org\/almeria\/","logo":{"@type":"ImageObject","inLanguage":"es","@id":"https:\/\/ajeandalucia.org\/almeria\/#\/schema\/logo\/image\/","url":"https:\/\/ajeandalucia.org\/almeria\/wp-content\/uploads\/sites\/3\/2025\/01\/AJE-ALMERIA-horizontal.png","contentUrl":"https:\/\/ajeandalucia.org\/almeria\/wp-content\/uploads\/sites\/3\/2025\/01\/AJE-ALMERIA-horizontal.png","width":605,"height":200,"caption":"AJE Almer\u00eda"},"image":{"@id":"https:\/\/ajeandalucia.org\/almeria\/#\/schema\/logo\/image\/"}},{"@type":"Person","@id":"https:\/\/ajeandalucia.org\/almeria\/#\/schema\/person\/9336ac50bc8c90053f6bf3b99e5c7d7b","name":"almeria","image":{"@type":"ImageObject","inLanguage":"es","@id":"https:\/\/ajeandalucia.org\/almeria\/#\/schema\/person\/image\/","url":"https:\/\/secure.gravatar.com\/avatar\/f5b6b7d37a8f964bd96d1a7752fc3160bb98a16a08fda2bb6fb3a80845dae5d6?s=96&d=mm&r=g","contentUrl":"https:\/\/secure.gravatar.com\/avatar\/f5b6b7d37a8f964bd96d1a7752fc3160bb98a16a08fda2bb6fb3a80845dae5d6?s=96&d=mm&r=g","caption":"almeria"},"sameAs":["http:\/\/www.ajealmeria.org\/"],"url":"https:\/\/ajeandalucia.org\/almeria\/author\/almeria\/"}]}},"_links":{"self":[{"href":"https:\/\/ajeandalucia.org\/almeria\/wp-json\/wp\/v2\/posts\/946","targetHints":{"allow":["GET"]}}],"collection":[{"href":"https:\/\/ajeandalucia.org\/almeria\/wp-json\/wp\/v2\/posts"}],"about":[{"href":"https:\/\/ajeandalucia.org\/almeria\/wp-json\/wp\/v2\/types\/post"}],"author":[{"embeddable":true,"href":"https:\/\/ajeandalucia.org\/almeria\/wp-json\/wp\/v2\/users\/3"}],"replies":[{"embeddable":true,"href":"https:\/\/ajeandalucia.org\/almeria\/wp-json\/wp\/v2\/comments?post=946"}],"version-history":[{"count":7,"href":"https:\/\/ajeandalucia.org\/almeria\/wp-json\/wp\/v2\/posts\/946\/revisions"}],"predecessor-version":[{"id":954,"href":"https:\/\/ajeandalucia.org\/almeria\/wp-json\/wp\/v2\/posts\/946\/revisions\/954"}],"wp:featuredmedia":[{"embeddable":true,"href":"https:\/\/ajeandalucia.org\/almeria\/wp-json\/wp\/v2\/media\/951"}],"wp:attachment":[{"href":"https:\/\/ajeandalucia.org\/almeria\/wp-json\/wp\/v2\/media?parent=946"}],"wp:term":[{"taxonomy":"category","embeddable":true,"href":"https:\/\/ajeandalucia.org\/almeria\/wp-json\/wp\/v2\/categories?post=946"},{"taxonomy":"post_tag","embeddable":true,"href":"https:\/\/ajeandalucia.org\/almeria\/wp-json\/wp\/v2\/tags?post=946"}],"curies":[{"name":"wp","href":"https:\/\/api.w.org\/{rel}","templated":true}]}}