{"id":956,"date":"2018-03-15T17:10:33","date_gmt":"2018-03-15T17:10:33","guid":{"rendered":"http:\/\/www.ajeandalucia.org\/almeria\/?p=956"},"modified":"2018-03-16T09:40:44","modified_gmt":"2018-03-16T09:40:44","slug":"las-empresas-candidatas-a-los-premios-aje-2018-presentan-sus-propuestas","status":"publish","type":"post","link":"https:\/\/ajeandalucia.org\/almeria\/2018\/03\/15\/las-empresas-candidatas-a-los-premios-aje-2018-presentan-sus-propuestas\/","title":{"rendered":"Las empresas candidatas a los Premios AJE 2018 presentan sus propuestas"},"content":{"rendered":"<p>La Universidad de Almer\u00eda ha sido el escenario en el que las empresas aspirantes a ganar en las diferentes candidaturas de los Premios AJE 2018 presentaron sus propuestas ante un jurado experto.<\/p>\n<p>Los representantes de las diferentes compa\u00f1\u00edas almerienses contaron en unos quince minutos por qu\u00e9 merecen ganar el reconocimiento a Trayectoria Empresarial o a Iniciativa Emprendedora.<\/p>\n<p><img loading=\"lazy\" decoding=\"async\" class=\"aligncenter wp-image-958\" src=\"http:\/\/www.ajeandalucia.org\/almeria\/wp-content\/uploads\/sites\/3\/2018\/03\/juradoaje7-300x200.jpg\" alt=\"\" width=\"500\" height=\"333\" srcset=\"https:\/\/ajeandalucia.org\/almeria\/wp-content\/uploads\/sites\/3\/2018\/03\/juradoaje7-300x200.jpg 300w, https:\/\/ajeandalucia.org\/almeria\/wp-content\/uploads\/sites\/3\/2018\/03\/juradoaje7-768x512.jpg 768w, https:\/\/ajeandalucia.org\/almeria\/wp-content\/uploads\/sites\/3\/2018\/03\/juradoaje7-1024x683.jpg 1024w\" sizes=\"auto, (max-width: 500px) 100vw, 500px\" \/><\/p>\n<p><strong>El jurado estuvo formado por diez profesionales<\/strong> de diferentes sectores y representantes de entidades de la provincia. Antonio Jes\u00fas Fern\u00e1ndez, <strong>presidente de AJE<\/strong>, Andr\u00e9s \u00c1ngel Garc\u00eda, de <strong>Grupo Cajamar<\/strong>; Ram\u00f3n Soto, coordinador del <strong>Instituto Andaluz de la Juventud (IAJ)<\/strong>; Margarita Cobos, presidenta de la <strong>Asociaci\u00f3n de Mujeres Empresarias de la Provincia de Almer\u00eda (ALMUR)<\/strong>; Ignacio Rodr\u00edguez, t\u00e9cnico del <strong>Ayuntamiento de Almer\u00eda<\/strong>; Jos\u00e9 Gonz\u00e1lez <strong>vicepresidente de AJE<\/strong>; Laura Mart\u00ednez <strong>Consejera Delegada de La Voz de Almer\u00eda<\/strong>: Gemma Salinas, Mar\u00eda Arenas y Ana Bel\u00e9n Carri\u00f3n, de <strong>AJE<\/strong>; Juan Jes\u00fas Lozano,<strong> director Centro de Empresas La Caixa<\/strong> y Carlos Cano, en representaci\u00f3n de la\u00a0<strong>Universidad de Almer\u00eda<\/strong>.<\/p>\n<p>A las 11 horas comenz\u00f3 la ronda de presentaciones, donde se hablaron sobre los puntos fuertes de las empresas candidatas y su crecimiento a lo largo de los a\u00f1os.<\/p>\n<p><img loading=\"lazy\" decoding=\"async\" class=\"aligncenter wp-image-963\" src=\"http:\/\/www.ajeandalucia.org\/almeria\/wp-content\/uploads\/sites\/3\/2018\/03\/juradoaje2-300x200.jpg\" alt=\"\" width=\"500\" height=\"333\" srcset=\"https:\/\/ajeandalucia.org\/almeria\/wp-content\/uploads\/sites\/3\/2018\/03\/juradoaje2-300x200.jpg 300w, https:\/\/ajeandalucia.org\/almeria\/wp-content\/uploads\/sites\/3\/2018\/03\/juradoaje2-768x512.jpg 768w, https:\/\/ajeandalucia.org\/almeria\/wp-content\/uploads\/sites\/3\/2018\/03\/juradoaje2-1024x683.jpg 1024w\" sizes=\"auto, (max-width: 500px) 100vw, 500px\" \/><\/p>\n<h6>\u00a0 \u00a0 \u00a0 \u00a0 \u00a0 \u00a0 \u00a0 \u00a0 \u00a0 \u00a0 \u00a0 \u00a0 \u00a0 \u00a0 Cohnquer.<\/h6>\n<p><img loading=\"lazy\" decoding=\"async\" class=\"aligncenter wp-image-962\" src=\"http:\/\/www.ajeandalucia.org\/almeria\/wp-content\/uploads\/sites\/3\/2018\/03\/juradoaje3-300x200.jpg\" alt=\"\" width=\"500\" height=\"333\" srcset=\"https:\/\/ajeandalucia.org\/almeria\/wp-content\/uploads\/sites\/3\/2018\/03\/juradoaje3-300x200.jpg 300w, https:\/\/ajeandalucia.org\/almeria\/wp-content\/uploads\/sites\/3\/2018\/03\/juradoaje3-768x512.jpg 768w, https:\/\/ajeandalucia.org\/almeria\/wp-content\/uploads\/sites\/3\/2018\/03\/juradoaje3-1024x683.jpg 1024w\" sizes=\"auto, (max-width: 500px) 100vw, 500px\" \/><\/p>\n<h6>\u00a0 \u00a0 \u00a0 \u00a0 \u00a0 \u00a0 \u00a0 \u00a0 \u00a0 \u00a0 \u00a0 \u00a0 \u00a0 \u00a0 \u00a0Soluciones Go On.<\/h6>\n<p><img loading=\"lazy\" decoding=\"async\" class=\"aligncenter wp-image-964\" src=\"http:\/\/www.ajeandalucia.org\/almeria\/wp-content\/uploads\/sites\/3\/2018\/03\/juradoaje1-300x200.jpg\" alt=\"\" width=\"500\" height=\"333\" srcset=\"https:\/\/ajeandalucia.org\/almeria\/wp-content\/uploads\/sites\/3\/2018\/03\/juradoaje1-300x200.jpg 300w, https:\/\/ajeandalucia.org\/almeria\/wp-content\/uploads\/sites\/3\/2018\/03\/juradoaje1-768x512.jpg 768w, https:\/\/ajeandalucia.org\/almeria\/wp-content\/uploads\/sites\/3\/2018\/03\/juradoaje1-1024x683.jpg 1024w\" sizes=\"auto, (max-width: 500px) 100vw, 500px\" \/><\/p>\n<h6>\u00a0 \u00a0 \u00a0 \u00a0 \u00a0 \u00a0 \u00a0 \u00a0 \u00a0 \u00a0 \u00a0 \u00a0 \u00a0 \u00a0 Caysal.<\/h6>\n<p>Dentro de la <strong>candidatura de Iniciativa Emprendedora<\/strong>, presentaron sus proyectos la <a href=\"https:\/\/www.cohnquer.com\/\"><strong>marca de complementos de madera Cohnquer<\/strong><\/a>, representada por su CEO, Alejandro Fern\u00e1ndez, y el CMO, Jos\u00e9 P\u00e1ez; la empresa de<strong>\u00a0asesoramiento empresarial asociado al marketing, dise\u00f1o y desarrollo tecnol\u00f3gico<\/strong>, <strong><a href=\"http:\/\/www.solucionesgoon.com\/\">Soluciones Go On,<\/a>\u00a0<\/strong>con\u00a0su gerente Francisco Gonz\u00e1lez al frente; y la <strong>empresa de limpieza ejidense Caysal<\/strong>, cuya candidatura defendieron sus gerentes, Fernando \u00c1ngel Gim\u00e9nez y Beatriz Cara.<\/p>\n<p><img loading=\"lazy\" decoding=\"async\" class=\"aligncenter wp-image-961\" src=\"http:\/\/www.ajeandalucia.org\/almeria\/wp-content\/uploads\/sites\/3\/2018\/03\/juradoaje4-300x200.jpg\" alt=\"\" width=\"500\" height=\"333\" srcset=\"https:\/\/ajeandalucia.org\/almeria\/wp-content\/uploads\/sites\/3\/2018\/03\/juradoaje4-300x200.jpg 300w, https:\/\/ajeandalucia.org\/almeria\/wp-content\/uploads\/sites\/3\/2018\/03\/juradoaje4-768x512.jpg 768w, https:\/\/ajeandalucia.org\/almeria\/wp-content\/uploads\/sites\/3\/2018\/03\/juradoaje4-1024x683.jpg 1024w\" sizes=\"auto, (max-width: 500px) 100vw, 500px\" \/><\/p>\n<h6>\u00a0 \u00a0 \u00a0 \u00a0 \u00a0 \u00a0 \u00a0 \u00a0 \u00a0 \u00a0 \u00a0 \u00a0 \u00a0 \u00a0 \u00a0 \u00a0Intelinova Software.<\/h6>\n<p><img loading=\"lazy\" decoding=\"async\" class=\"aligncenter wp-image-959\" src=\"http:\/\/www.ajeandalucia.org\/almeria\/wp-content\/uploads\/sites\/3\/2018\/03\/juradoaje6-300x200.jpg\" alt=\"\" width=\"500\" height=\"333\" srcset=\"https:\/\/ajeandalucia.org\/almeria\/wp-content\/uploads\/sites\/3\/2018\/03\/juradoaje6-300x200.jpg 300w, https:\/\/ajeandalucia.org\/almeria\/wp-content\/uploads\/sites\/3\/2018\/03\/juradoaje6-768x512.jpg 768w, https:\/\/ajeandalucia.org\/almeria\/wp-content\/uploads\/sites\/3\/2018\/03\/juradoaje6-1024x683.jpg 1024w\" sizes=\"auto, (max-width: 500px) 100vw, 500px\" \/><\/p>\n<h6>\u00a0 \u00a0 \u00a0 \u00a0 \u00a0 \u00a0 \u00a0 \u00a0 \u00a0 \u00a0 \u00a0 \u00a0 \u00a0 \u00a0 \u00a0Farmacias.com<\/h6>\n<p><img loading=\"lazy\" decoding=\"async\" class=\"aligncenter wp-image-960\" src=\"http:\/\/www.ajeandalucia.org\/almeria\/wp-content\/uploads\/sites\/3\/2018\/03\/juradoaje5-300x200.jpg\" alt=\"\" width=\"500\" height=\"333\" srcset=\"https:\/\/ajeandalucia.org\/almeria\/wp-content\/uploads\/sites\/3\/2018\/03\/juradoaje5-300x200.jpg 300w, https:\/\/ajeandalucia.org\/almeria\/wp-content\/uploads\/sites\/3\/2018\/03\/juradoaje5-768x512.jpg 768w, https:\/\/ajeandalucia.org\/almeria\/wp-content\/uploads\/sites\/3\/2018\/03\/juradoaje5-1024x683.jpg 1024w\" sizes=\"auto, (max-width: 500px) 100vw, 500px\" \/><br \/>\nBiorizon Biotech.<\/p>\n<p>Por otro lado, dentro del <strong>Premio Trayectoria Empresarial<\/strong> compiten empresas con un largo recorrido y un crecimiento que ha sido exponencial a lo largo de los \u00faltimos a\u00f1os. <a href=\"https:\/\/trainingym.com\/\"><strong>Intelinova Software, empresa del sector tecnol\u00f3gico<\/strong><\/a> y enfocada al <em>software <\/em>deportivo<em>, <\/em>estuvo representada por su\u00a0director general, Rafael Martos, que relat\u00f3 los logros de la compa\u00f1\u00eda en los \u00faltimos a\u00f1os;\u00a0 Carlos Delgado, director de Operaciones de\u00a0<strong><a href=\"https:\/\/www.farmacias.com\/\">Farmacias.com<\/a><\/strong>, explic\u00f3 la evoluci\u00f3n del negocio online; y <strong><a href=\"http:\/\/www.biorizon.es\/\">Biorizon Biotech,<\/a>\u00a0<\/strong>empresa<strong>\u00a0<\/strong>dedicada al campo de la biotecnolog\u00eda, cuyo director de Proyectos I+D, Joaqu\u00edn Pozo, habl\u00f3 acerca de los proyectos que gestionan y lo interesante de su labor.<\/p>\n<p>\u00a1Mucha suerte el pr\u00f3ximo d\u00eda 20!<\/p>\n<p>&nbsp;<\/p>\n","protected":false},"excerpt":{"rendered":"<p>La Universidad de Almer\u00eda ha sido el escenario en el que las empresas aspirantes a ganar en las diferentes candidaturas [&hellip;]<\/p>\n","protected":false},"author":3,"featured_media":970,"comment_status":"open","ping_status":"open","sticky":false,"template":"","format":"standard","meta":{"_acf_changed":false,"site-sidebar-layout":"default","site-content-layout":"","ast-site-content-layout":"default","site-content-style":"default","site-sidebar-style":"default","ast-global-header-display":"","ast-banner-title-visibility":"","ast-main-header-display":"","ast-hfb-above-header-display":"","ast-hfb-below-header-display":"","ast-hfb-mobile-header-display":"","site-post-title":"","ast-breadcrumbs-content":"","ast-featured-img":"","footer-sml-layout":"","ast-disable-related-posts":"","theme-transparent-header-meta":"","adv-header-id-meta":"","stick-header-meta":"","header-above-stick-meta":"","header-main-stick-meta":"","header-below-stick-meta":"","astra-migrate-meta-layouts":"default","ast-page-background-enabled":"default","ast-page-background-meta":{"desktop":{"background-color":"var(--ast-global-color-5)","background-image":"","background-repeat":"repeat","background-position":"center center","background-size":"auto","background-attachment":"scroll","background-type":"","background-media":"","overlay-type":"","overlay-color":"","overlay-opacity":"","overlay-gradient":""},"tablet":{"background-color":"","background-image":"","background-repeat":"repeat","background-position":"center center","background-size":"auto","background-attachment":"scroll","background-type":"","background-media":"","overlay-type":"","overlay-color":"","overlay-opacity":"","overlay-gradient":""},"mobile":{"background-color":"","background-image":"","background-repeat":"repeat","background-position":"center center","background-size":"auto","background-attachment":"scroll","background-type":"","background-media":"","overlay-type":"","overlay-color":"","overlay-opacity":"","overlay-gradient":""}},"ast-content-background-meta":{"desktop":{"background-color":"var(--ast-global-color-4)","background-image":"","background-repeat":"repeat","background-position":"center center","background-size":"auto","background-attachment":"scroll","background-type":"","background-media":"","overlay-type":"","overlay-color":"","overlay-opacity":"","overlay-gradient":""},"tablet":{"background-color":"var(--ast-global-color-4)","background-image":"","background-repeat":"repeat","background-position":"center center","background-size":"auto","background-attachment":"scroll","background-type":"","background-media":"","overlay-type":"","overlay-color":"","overlay-opacity":"","overlay-gradient":""},"mobile":{"background-color":"var(--ast-global-color-4)","background-image":"","background-repeat":"repeat","background-position":"center center","background-size":"auto","background-attachment":"scroll","background-type":"","background-media":"","overlay-type":"","overlay-color":"","overlay-opacity":"","overlay-gradient":""}},"footnotes":""},"categories":[8],"tags":[96,112,123],"class_list":["post-956","post","type-post","status-publish","format-standard","has-post-thumbnail","hentry","category-noticias","tag-emprendimiento-almeria","tag-empresas-almeria","tag-premios-aje-almeria-2018"],"acf":[],"yoast_head":"<!-- This site is optimized with the Yoast SEO plugin v26.9 - https:\/\/yoast.com\/product\/yoast-seo-wordpress\/ -->\n<title>Las empresas candidatas a los Premios AJE 2018 presentan sus propuestas - AJE Almer\u00eda<\/title>\n<meta name=\"robots\" content=\"index, follow, max-snippet:-1, max-image-preview:large, max-video-preview:-1\" \/>\n<link rel=\"canonical\" href=\"https:\/\/ajeandalucia.org\/almeria\/2018\/03\/15\/las-empresas-candidatas-a-los-premios-aje-2018-presentan-sus-propuestas\/\" \/>\n<meta property=\"og:locale\" content=\"es_ES\" \/>\n<meta property=\"og:type\" content=\"article\" \/>\n<meta property=\"og:title\" content=\"Las empresas candidatas a los Premios AJE 2018 presentan sus propuestas - AJE Almer\u00eda\" \/>\n<meta property=\"og:description\" content=\"La Universidad de Almer\u00eda ha sido el escenario en el que las empresas aspirantes a ganar en las diferentes candidaturas [&hellip;]\" \/>\n<meta property=\"og:url\" content=\"https:\/\/ajeandalucia.org\/almeria\/2018\/03\/15\/las-empresas-candidatas-a-los-premios-aje-2018-presentan-sus-propuestas\/\" \/>\n<meta property=\"og:site_name\" content=\"AJE Almer\u00eda\" \/>\n<meta property=\"article:published_time\" content=\"2018-03-15T17:10:33+00:00\" \/>\n<meta property=\"article:modified_time\" content=\"2018-03-16T09:40:44+00:00\" \/>\n<meta property=\"og:image\" content=\"https:\/\/ajeandalucia.org\/almeria\/wp-content\/uploads\/sites\/3\/2018\/03\/foto-principalaje-1024x683.jpg\" \/>\n\t<meta property=\"og:image:width\" content=\"1024\" \/>\n\t<meta property=\"og:image:height\" content=\"683\" \/>\n\t<meta property=\"og:image:type\" content=\"image\/jpeg\" \/>\n<meta name=\"author\" content=\"almeria\" \/>\n<meta name=\"twitter:card\" content=\"summary_large_image\" \/>\n<meta name=\"twitter:label1\" content=\"Escrito por\" \/>\n\t<meta name=\"twitter:data1\" content=\"almeria\" \/>\n\t<meta name=\"twitter:label2\" content=\"Tiempo de lectura\" \/>\n\t<meta name=\"twitter:data2\" content=\"2 minutos\" \/>\n<script type=\"application\/ld+json\" class=\"yoast-schema-graph\">{\"@context\":\"https:\/\/schema.org\",\"@graph\":[{\"@type\":\"Article\",\"@id\":\"https:\/\/ajeandalucia.org\/almeria\/2018\/03\/15\/las-empresas-candidatas-a-los-premios-aje-2018-presentan-sus-propuestas\/#article\",\"isPartOf\":{\"@id\":\"https:\/\/ajeandalucia.org\/almeria\/2018\/03\/15\/las-empresas-candidatas-a-los-premios-aje-2018-presentan-sus-propuestas\/\"},\"author\":{\"name\":\"almeria\",\"@id\":\"https:\/\/ajeandalucia.org\/almeria\/#\/schema\/person\/9336ac50bc8c90053f6bf3b99e5c7d7b\"},\"headline\":\"Las empresas candidatas a los Premios AJE 2018 presentan sus propuestas\",\"datePublished\":\"2018-03-15T17:10:33+00:00\",\"dateModified\":\"2018-03-16T09:40:44+00:00\",\"mainEntityOfPage\":{\"@id\":\"https:\/\/ajeandalucia.org\/almeria\/2018\/03\/15\/las-empresas-candidatas-a-los-premios-aje-2018-presentan-sus-propuestas\/\"},\"wordCount\":423,\"commentCount\":0,\"publisher\":{\"@id\":\"https:\/\/ajeandalucia.org\/almeria\/#organization\"},\"image\":{\"@id\":\"https:\/\/ajeandalucia.org\/almeria\/2018\/03\/15\/las-empresas-candidatas-a-los-premios-aje-2018-presentan-sus-propuestas\/#primaryimage\"},\"thumbnailUrl\":\"https:\/\/ajeandalucia.org\/almeria\/wp-content\/uploads\/sites\/3\/2018\/03\/foto-principalaje.jpg\",\"keywords\":[\"emprendimiento almeria\",\"empresas almer\u00eda\",\"premios aje almeria 2018\"],\"articleSection\":[\"Noticias\"],\"inLanguage\":\"es\",\"potentialAction\":[{\"@type\":\"CommentAction\",\"name\":\"Comment\",\"target\":[\"https:\/\/ajeandalucia.org\/almeria\/2018\/03\/15\/las-empresas-candidatas-a-los-premios-aje-2018-presentan-sus-propuestas\/#respond\"]}]},{\"@type\":\"WebPage\",\"@id\":\"https:\/\/ajeandalucia.org\/almeria\/2018\/03\/15\/las-empresas-candidatas-a-los-premios-aje-2018-presentan-sus-propuestas\/\",\"url\":\"https:\/\/ajeandalucia.org\/almeria\/2018\/03\/15\/las-empresas-candidatas-a-los-premios-aje-2018-presentan-sus-propuestas\/\",\"name\":\"Las empresas candidatas a los Premios AJE 2018 presentan sus propuestas - AJE Almer\u00eda\",\"isPartOf\":{\"@id\":\"https:\/\/ajeandalucia.org\/almeria\/#website\"},\"primaryImageOfPage\":{\"@id\":\"https:\/\/ajeandalucia.org\/almeria\/2018\/03\/15\/las-empresas-candidatas-a-los-premios-aje-2018-presentan-sus-propuestas\/#primaryimage\"},\"image\":{\"@id\":\"https:\/\/ajeandalucia.org\/almeria\/2018\/03\/15\/las-empresas-candidatas-a-los-premios-aje-2018-presentan-sus-propuestas\/#primaryimage\"},\"thumbnailUrl\":\"https:\/\/ajeandalucia.org\/almeria\/wp-content\/uploads\/sites\/3\/2018\/03\/foto-principalaje.jpg\",\"datePublished\":\"2018-03-15T17:10:33+00:00\",\"dateModified\":\"2018-03-16T09:40:44+00:00\",\"breadcrumb\":{\"@id\":\"https:\/\/ajeandalucia.org\/almeria\/2018\/03\/15\/las-empresas-candidatas-a-los-premios-aje-2018-presentan-sus-propuestas\/#breadcrumb\"},\"inLanguage\":\"es\",\"potentialAction\":[{\"@type\":\"ReadAction\",\"target\":[\"https:\/\/ajeandalucia.org\/almeria\/2018\/03\/15\/las-empresas-candidatas-a-los-premios-aje-2018-presentan-sus-propuestas\/\"]}]},{\"@type\":\"ImageObject\",\"inLanguage\":\"es\",\"@id\":\"https:\/\/ajeandalucia.org\/almeria\/2018\/03\/15\/las-empresas-candidatas-a-los-premios-aje-2018-presentan-sus-propuestas\/#primaryimage\",\"url\":\"https:\/\/ajeandalucia.org\/almeria\/wp-content\/uploads\/sites\/3\/2018\/03\/foto-principalaje.jpg\",\"contentUrl\":\"https:\/\/ajeandalucia.org\/almeria\/wp-content\/uploads\/sites\/3\/2018\/03\/foto-principalaje.jpg\",\"width\":3456,\"height\":2304},{\"@type\":\"BreadcrumbList\",\"@id\":\"https:\/\/ajeandalucia.org\/almeria\/2018\/03\/15\/las-empresas-candidatas-a-los-premios-aje-2018-presentan-sus-propuestas\/#breadcrumb\",\"itemListElement\":[{\"@type\":\"ListItem\",\"position\":1,\"name\":\"Portada\",\"item\":\"https:\/\/ajeandalucia.org\/almeria\/\"},{\"@type\":\"ListItem\",\"position\":2,\"name\":\"Las empresas candidatas a los Premios AJE 2018 presentan sus propuestas\"}]},{\"@type\":\"WebSite\",\"@id\":\"https:\/\/ajeandalucia.org\/almeria\/#website\",\"url\":\"https:\/\/ajeandalucia.org\/almeria\/\",\"name\":\"AJE Almer\u00eda\",\"description\":\"Otro sitio m\u00e1s de AJE Andaluc\u00eda\",\"publisher\":{\"@id\":\"https:\/\/ajeandalucia.org\/almeria\/#organization\"},\"potentialAction\":[{\"@type\":\"SearchAction\",\"target\":{\"@type\":\"EntryPoint\",\"urlTemplate\":\"https:\/\/ajeandalucia.org\/almeria\/?s={search_term_string}\"},\"query-input\":{\"@type\":\"PropertyValueSpecification\",\"valueRequired\":true,\"valueName\":\"search_term_string\"}}],\"inLanguage\":\"es\"},{\"@type\":\"Organization\",\"@id\":\"https:\/\/ajeandalucia.org\/almeria\/#organization\",\"name\":\"AJE Almer\u00eda\",\"url\":\"https:\/\/ajeandalucia.org\/almeria\/\",\"logo\":{\"@type\":\"ImageObject\",\"inLanguage\":\"es\",\"@id\":\"https:\/\/ajeandalucia.org\/almeria\/#\/schema\/logo\/image\/\",\"url\":\"https:\/\/ajeandalucia.org\/almeria\/wp-content\/uploads\/sites\/3\/2025\/01\/AJE-ALMERIA-horizontal.png\",\"contentUrl\":\"https:\/\/ajeandalucia.org\/almeria\/wp-content\/uploads\/sites\/3\/2025\/01\/AJE-ALMERIA-horizontal.png\",\"width\":605,\"height\":200,\"caption\":\"AJE Almer\u00eda\"},\"image\":{\"@id\":\"https:\/\/ajeandalucia.org\/almeria\/#\/schema\/logo\/image\/\"}},{\"@type\":\"Person\",\"@id\":\"https:\/\/ajeandalucia.org\/almeria\/#\/schema\/person\/9336ac50bc8c90053f6bf3b99e5c7d7b\",\"name\":\"almeria\",\"image\":{\"@type\":\"ImageObject\",\"inLanguage\":\"es\",\"@id\":\"https:\/\/ajeandalucia.org\/almeria\/#\/schema\/person\/image\/\",\"url\":\"https:\/\/secure.gravatar.com\/avatar\/f5b6b7d37a8f964bd96d1a7752fc3160bb98a16a08fda2bb6fb3a80845dae5d6?s=96&d=mm&r=g\",\"contentUrl\":\"https:\/\/secure.gravatar.com\/avatar\/f5b6b7d37a8f964bd96d1a7752fc3160bb98a16a08fda2bb6fb3a80845dae5d6?s=96&d=mm&r=g\",\"caption\":\"almeria\"},\"sameAs\":[\"http:\/\/www.ajealmeria.org\/\"],\"url\":\"https:\/\/ajeandalucia.org\/almeria\/author\/almeria\/\"}]}<\/script>\n<!-- \/ Yoast SEO plugin. -->","yoast_head_json":{"title":"Las empresas candidatas a los Premios AJE 2018 presentan sus propuestas - AJE Almer\u00eda","robots":{"index":"index","follow":"follow","max-snippet":"max-snippet:-1","max-image-preview":"max-image-preview:large","max-video-preview":"max-video-preview:-1"},"canonical":"https:\/\/ajeandalucia.org\/almeria\/2018\/03\/15\/las-empresas-candidatas-a-los-premios-aje-2018-presentan-sus-propuestas\/","og_locale":"es_ES","og_type":"article","og_title":"Las empresas candidatas a los Premios AJE 2018 presentan sus propuestas - AJE Almer\u00eda","og_description":"La Universidad de Almer\u00eda ha sido el escenario en el que las empresas aspirantes a ganar en las diferentes candidaturas [&hellip;]","og_url":"https:\/\/ajeandalucia.org\/almeria\/2018\/03\/15\/las-empresas-candidatas-a-los-premios-aje-2018-presentan-sus-propuestas\/","og_site_name":"AJE Almer\u00eda","article_published_time":"2018-03-15T17:10:33+00:00","article_modified_time":"2018-03-16T09:40:44+00:00","og_image":[{"width":1024,"height":683,"url":"https:\/\/ajeandalucia.org\/almeria\/wp-content\/uploads\/sites\/3\/2018\/03\/foto-principalaje-1024x683.jpg","type":"image\/jpeg"}],"author":"almeria","twitter_card":"summary_large_image","twitter_misc":{"Escrito por":"almeria","Tiempo de lectura":"2 minutos"},"schema":{"@context":"https:\/\/schema.org","@graph":[{"@type":"Article","@id":"https:\/\/ajeandalucia.org\/almeria\/2018\/03\/15\/las-empresas-candidatas-a-los-premios-aje-2018-presentan-sus-propuestas\/#article","isPartOf":{"@id":"https:\/\/ajeandalucia.org\/almeria\/2018\/03\/15\/las-empresas-candidatas-a-los-premios-aje-2018-presentan-sus-propuestas\/"},"author":{"name":"almeria","@id":"https:\/\/ajeandalucia.org\/almeria\/#\/schema\/person\/9336ac50bc8c90053f6bf3b99e5c7d7b"},"headline":"Las empresas candidatas a los Premios AJE 2018 presentan sus propuestas","datePublished":"2018-03-15T17:10:33+00:00","dateModified":"2018-03-16T09:40:44+00:00","mainEntityOfPage":{"@id":"https:\/\/ajeandalucia.org\/almeria\/2018\/03\/15\/las-empresas-candidatas-a-los-premios-aje-2018-presentan-sus-propuestas\/"},"wordCount":423,"commentCount":0,"publisher":{"@id":"https:\/\/ajeandalucia.org\/almeria\/#organization"},"image":{"@id":"https:\/\/ajeandalucia.org\/almeria\/2018\/03\/15\/las-empresas-candidatas-a-los-premios-aje-2018-presentan-sus-propuestas\/#primaryimage"},"thumbnailUrl":"https:\/\/ajeandalucia.org\/almeria\/wp-content\/uploads\/sites\/3\/2018\/03\/foto-principalaje.jpg","keywords":["emprendimiento almeria","empresas almer\u00eda","premios aje almeria 2018"],"articleSection":["Noticias"],"inLanguage":"es","potentialAction":[{"@type":"CommentAction","name":"Comment","target":["https:\/\/ajeandalucia.org\/almeria\/2018\/03\/15\/las-empresas-candidatas-a-los-premios-aje-2018-presentan-sus-propuestas\/#respond"]}]},{"@type":"WebPage","@id":"https:\/\/ajeandalucia.org\/almeria\/2018\/03\/15\/las-empresas-candidatas-a-los-premios-aje-2018-presentan-sus-propuestas\/","url":"https:\/\/ajeandalucia.org\/almeria\/2018\/03\/15\/las-empresas-candidatas-a-los-premios-aje-2018-presentan-sus-propuestas\/","name":"Las empresas candidatas a los Premios AJE 2018 presentan sus propuestas - AJE Almer\u00eda","isPartOf":{"@id":"https:\/\/ajeandalucia.org\/almeria\/#website"},"primaryImageOfPage":{"@id":"https:\/\/ajeandalucia.org\/almeria\/2018\/03\/15\/las-empresas-candidatas-a-los-premios-aje-2018-presentan-sus-propuestas\/#primaryimage"},"image":{"@id":"https:\/\/ajeandalucia.org\/almeria\/2018\/03\/15\/las-empresas-candidatas-a-los-premios-aje-2018-presentan-sus-propuestas\/#primaryimage"},"thumbnailUrl":"https:\/\/ajeandalucia.org\/almeria\/wp-content\/uploads\/sites\/3\/2018\/03\/foto-principalaje.jpg","datePublished":"2018-03-15T17:10:33+00:00","dateModified":"2018-03-16T09:40:44+00:00","breadcrumb":{"@id":"https:\/\/ajeandalucia.org\/almeria\/2018\/03\/15\/las-empresas-candidatas-a-los-premios-aje-2018-presentan-sus-propuestas\/#breadcrumb"},"inLanguage":"es","potentialAction":[{"@type":"ReadAction","target":["https:\/\/ajeandalucia.org\/almeria\/2018\/03\/15\/las-empresas-candidatas-a-los-premios-aje-2018-presentan-sus-propuestas\/"]}]},{"@type":"ImageObject","inLanguage":"es","@id":"https:\/\/ajeandalucia.org\/almeria\/2018\/03\/15\/las-empresas-candidatas-a-los-premios-aje-2018-presentan-sus-propuestas\/#primaryimage","url":"https:\/\/ajeandalucia.org\/almeria\/wp-content\/uploads\/sites\/3\/2018\/03\/foto-principalaje.jpg","contentUrl":"https:\/\/ajeandalucia.org\/almeria\/wp-content\/uploads\/sites\/3\/2018\/03\/foto-principalaje.jpg","width":3456,"height":2304},{"@type":"BreadcrumbList","@id":"https:\/\/ajeandalucia.org\/almeria\/2018\/03\/15\/las-empresas-candidatas-a-los-premios-aje-2018-presentan-sus-propuestas\/#breadcrumb","itemListElement":[{"@type":"ListItem","position":1,"name":"Portada","item":"https:\/\/ajeandalucia.org\/almeria\/"},{"@type":"ListItem","position":2,"name":"Las empresas candidatas a los Premios AJE 2018 presentan sus propuestas"}]},{"@type":"WebSite","@id":"https:\/\/ajeandalucia.org\/almeria\/#website","url":"https:\/\/ajeandalucia.org\/almeria\/","name":"AJE Almer\u00eda","description":"Otro sitio m\u00e1s de AJE Andaluc\u00eda","publisher":{"@id":"https:\/\/ajeandalucia.org\/almeria\/#organization"},"potentialAction":[{"@type":"SearchAction","target":{"@type":"EntryPoint","urlTemplate":"https:\/\/ajeandalucia.org\/almeria\/?s={search_term_string}"},"query-input":{"@type":"PropertyValueSpecification","valueRequired":true,"valueName":"search_term_string"}}],"inLanguage":"es"},{"@type":"Organization","@id":"https:\/\/ajeandalucia.org\/almeria\/#organization","name":"AJE Almer\u00eda","url":"https:\/\/ajeandalucia.org\/almeria\/","logo":{"@type":"ImageObject","inLanguage":"es","@id":"https:\/\/ajeandalucia.org\/almeria\/#\/schema\/logo\/image\/","url":"https:\/\/ajeandalucia.org\/almeria\/wp-content\/uploads\/sites\/3\/2025\/01\/AJE-ALMERIA-horizontal.png","contentUrl":"https:\/\/ajeandalucia.org\/almeria\/wp-content\/uploads\/sites\/3\/2025\/01\/AJE-ALMERIA-horizontal.png","width":605,"height":200,"caption":"AJE Almer\u00eda"},"image":{"@id":"https:\/\/ajeandalucia.org\/almeria\/#\/schema\/logo\/image\/"}},{"@type":"Person","@id":"https:\/\/ajeandalucia.org\/almeria\/#\/schema\/person\/9336ac50bc8c90053f6bf3b99e5c7d7b","name":"almeria","image":{"@type":"ImageObject","inLanguage":"es","@id":"https:\/\/ajeandalucia.org\/almeria\/#\/schema\/person\/image\/","url":"https:\/\/secure.gravatar.com\/avatar\/f5b6b7d37a8f964bd96d1a7752fc3160bb98a16a08fda2bb6fb3a80845dae5d6?s=96&d=mm&r=g","contentUrl":"https:\/\/secure.gravatar.com\/avatar\/f5b6b7d37a8f964bd96d1a7752fc3160bb98a16a08fda2bb6fb3a80845dae5d6?s=96&d=mm&r=g","caption":"almeria"},"sameAs":["http:\/\/www.ajealmeria.org\/"],"url":"https:\/\/ajeandalucia.org\/almeria\/author\/almeria\/"}]}},"_links":{"self":[{"href":"https:\/\/ajeandalucia.org\/almeria\/wp-json\/wp\/v2\/posts\/956","targetHints":{"allow":["GET"]}}],"collection":[{"href":"https:\/\/ajeandalucia.org\/almeria\/wp-json\/wp\/v2\/posts"}],"about":[{"href":"https:\/\/ajeandalucia.org\/almeria\/wp-json\/wp\/v2\/types\/post"}],"author":[{"embeddable":true,"href":"https:\/\/ajeandalucia.org\/almeria\/wp-json\/wp\/v2\/users\/3"}],"replies":[{"embeddable":true,"href":"https:\/\/ajeandalucia.org\/almeria\/wp-json\/wp\/v2\/comments?post=956"}],"version-history":[{"count":9,"href":"https:\/\/ajeandalucia.org\/almeria\/wp-json\/wp\/v2\/posts\/956\/revisions"}],"predecessor-version":[{"id":973,"href":"https:\/\/ajeandalucia.org\/almeria\/wp-json\/wp\/v2\/posts\/956\/revisions\/973"}],"wp:featuredmedia":[{"embeddable":true,"href":"https:\/\/ajeandalucia.org\/almeria\/wp-json\/wp\/v2\/media\/970"}],"wp:attachment":[{"href":"https:\/\/ajeandalucia.org\/almeria\/wp-json\/wp\/v2\/media?parent=956"}],"wp:term":[{"taxonomy":"category","embeddable":true,"href":"https:\/\/ajeandalucia.org\/almeria\/wp-json\/wp\/v2\/categories?post=956"},{"taxonomy":"post_tag","embeddable":true,"href":"https:\/\/ajeandalucia.org\/almeria\/wp-json\/wp\/v2\/tags?post=956"}],"curies":[{"name":"wp","href":"https:\/\/api.w.org\/{rel}","templated":true}]}}