{"id":974,"date":"2018-03-21T16:04:51","date_gmt":"2018-03-21T16:04:51","guid":{"rendered":"http:\/\/www.ajeandalucia.org\/almeria\/?p=974"},"modified":"2018-03-22T08:43:30","modified_gmt":"2018-03-22T08:43:30","slug":"biorizon-biotech-y-cohnquer-ganadores-de-los-premios-aje-almeria-2018","status":"publish","type":"post","link":"https:\/\/ajeandalucia.org\/almeria\/2018\/03\/21\/biorizon-biotech-y-cohnquer-ganadores-de-los-premios-aje-almeria-2018\/","title":{"rendered":"Biorizon Biotech y Cohnquer, ganadores de los Premios AJE Almer\u00eda 2018"},"content":{"rendered":"<p>AJE Almer\u00eda celebr\u00f3 ayer sus premios anuales, cuyo objetivo es ensalzar el emprendimiento almeriense. El lugar elegido fue el <strong>C\u00edrculo Mercantil<\/strong>, el emplazamiento ideal para unos galardones en los que estaban convocados decenas de representantes del tejido empresarial de la provincia, autoridades de diferentes municipios almerienses y representaci\u00f3n institucional a nivel regional y nacional.<\/p>\n<figure id=\"attachment_975\" aria-describedby=\"caption-attachment-975\" style=\"width: 800px\" class=\"wp-caption aligncenter\"><img loading=\"lazy\" decoding=\"async\" class=\"wp-image-975\" src=\"http:\/\/www.ajeandalucia.org\/almeria\/wp-content\/uploads\/sites\/3\/2018\/03\/foto8aje-300x223.jpg\" alt=\"\" width=\"800\" height=\"595\" srcset=\"https:\/\/ajeandalucia.org\/almeria\/wp-content\/uploads\/sites\/3\/2018\/03\/foto8aje-300x223.jpg 300w, https:\/\/ajeandalucia.org\/almeria\/wp-content\/uploads\/sites\/3\/2018\/03\/foto8aje-768x572.jpg 768w, https:\/\/ajeandalucia.org\/almeria\/wp-content\/uploads\/sites\/3\/2018\/03\/foto8aje-1024x762.jpg 1024w\" sizes=\"auto, (max-width: 800px) 100vw, 800px\" \/><figcaption id=\"caption-attachment-975\" class=\"wp-caption-text\">Directiva de AJE Almer\u00eda con Carmen Bel\u00e9n L\u00f3pez, Diputada Delegada Especial de Consorcios.<\/figcaption><\/figure>\n<p>&nbsp;<\/p>\n<figure id=\"attachment_976\" aria-describedby=\"caption-attachment-976\" style=\"width: 800px\" class=\"wp-caption aligncenter\"><img loading=\"lazy\" decoding=\"async\" class=\"wp-image-976\" src=\"http:\/\/www.ajeandalucia.org\/almeria\/wp-content\/uploads\/sites\/3\/2018\/03\/foto14aje-300x225.jpg\" alt=\"\" width=\"800\" height=\"599\" srcset=\"https:\/\/ajeandalucia.org\/almeria\/wp-content\/uploads\/sites\/3\/2018\/03\/foto14aje-300x225.jpg 300w, https:\/\/ajeandalucia.org\/almeria\/wp-content\/uploads\/sites\/3\/2018\/03\/foto14aje-768x575.jpg 768w, https:\/\/ajeandalucia.org\/almeria\/wp-content\/uploads\/sites\/3\/2018\/03\/foto14aje-1024x767.jpg 1024w\" sizes=\"auto, (max-width: 800px) 100vw, 800px\" \/><figcaption id=\"caption-attachment-976\" class=\"wp-caption-text\">Jos\u00e9 Carricondo, vicepresidente segundo de AJE Almer\u00eda, y Antonio Jes\u00fas Fern\u00e1ndez, presidente de AJE Almer\u00eda con el Teniente Alcalde del Ayuntamiento de Almer\u00eda, Miguel \u00c1ngel Castell\u00f3n.<\/figcaption><\/figure>\n<p>&nbsp;<\/p>\n<figure id=\"attachment_977\" aria-describedby=\"caption-attachment-977\" style=\"width: 800px\" class=\"wp-caption aligncenter\"><img loading=\"lazy\" decoding=\"async\" class=\"wp-image-977\" src=\"http:\/\/www.ajeandalucia.org\/almeria\/wp-content\/uploads\/sites\/3\/2018\/03\/foto18aje-300x206.jpg\" alt=\"\" width=\"800\" height=\"550\" srcset=\"https:\/\/ajeandalucia.org\/almeria\/wp-content\/uploads\/sites\/3\/2018\/03\/foto18aje-300x206.jpg 300w, https:\/\/ajeandalucia.org\/almeria\/wp-content\/uploads\/sites\/3\/2018\/03\/foto18aje-768x528.jpg 768w, https:\/\/ajeandalucia.org\/almeria\/wp-content\/uploads\/sites\/3\/2018\/03\/foto18aje-1024x705.jpg 1024w\" sizes=\"auto, (max-width: 800px) 100vw, 800px\" \/><figcaption id=\"caption-attachment-977\" class=\"wp-caption-text\">Ram\u00f3n Soto, coordinador del IAJ; Noem\u00ed Cruz, parlamentaria socialista y Mar\u00eda L\u00f3pez, Alcaldesa de Garrucha con Antonio Jes\u00fas Fern\u00e1ndez, presidente de AJE Almer\u00eda.<\/figcaption><\/figure>\n<p>&nbsp;<\/p>\n<figure id=\"attachment_978\" aria-describedby=\"caption-attachment-978\" style=\"width: 800px\" class=\"wp-caption aligncenter\"><img loading=\"lazy\" decoding=\"async\" class=\"wp-image-978\" src=\"http:\/\/www.ajeandalucia.org\/almeria\/wp-content\/uploads\/sites\/3\/2018\/03\/foto19aje-300x212.jpg\" alt=\"\" width=\"800\" height=\"565\" srcset=\"https:\/\/ajeandalucia.org\/almeria\/wp-content\/uploads\/sites\/3\/2018\/03\/foto19aje-300x212.jpg 300w, https:\/\/ajeandalucia.org\/almeria\/wp-content\/uploads\/sites\/3\/2018\/03\/foto19aje-768x543.jpg 768w, https:\/\/ajeandalucia.org\/almeria\/wp-content\/uploads\/sites\/3\/2018\/03\/foto19aje-1024x724.jpg 1024w\" sizes=\"auto, (max-width: 800px) 100vw, 800px\" \/><figcaption id=\"caption-attachment-978\" class=\"wp-caption-text\">Directiva de AJE Almer\u00eda con Miguel Cazorla, portavoz del Grupo Municipal de Ciudadanos.<\/figcaption><\/figure>\n<p>&nbsp;<\/p>\n<figure id=\"attachment_980\" aria-describedby=\"caption-attachment-980\" style=\"width: 800px\" class=\"wp-caption aligncenter\"><img loading=\"lazy\" decoding=\"async\" class=\"wp-image-980\" src=\"http:\/\/www.ajeandalucia.org\/almeria\/wp-content\/uploads\/sites\/3\/2018\/03\/foto24aje-300x202.jpg\" alt=\"\" width=\"800\" height=\"538\" srcset=\"https:\/\/ajeandalucia.org\/almeria\/wp-content\/uploads\/sites\/3\/2018\/03\/foto24aje-300x202.jpg 300w, https:\/\/ajeandalucia.org\/almeria\/wp-content\/uploads\/sites\/3\/2018\/03\/foto24aje-768x517.jpg 768w, https:\/\/ajeandalucia.org\/almeria\/wp-content\/uploads\/sites\/3\/2018\/03\/foto24aje-1024x689.jpg 1024w\" sizes=\"auto, (max-width: 800px) 100vw, 800px\" \/><figcaption id=\"caption-attachment-980\" class=\"wp-caption-text\">Directiva de AJE Almer\u00eda con Evan C\u00e9spedes, del \u00c1rea de Desarrollo de Negocio del PITA Almer\u00eda; Carlos Cano de la UAL; Trinidad Cabeo, presidenta del PITA Almer\u00eda y Antonio Fern\u00e1ndez, vicerrector de la UAL.<\/figcaption><\/figure>\n<p><strong>Los Premios AJE 2018 contaban con dos categor\u00edas<\/strong>, en las que empresas almerienses fueron reconocidas por su trayectoria, crecimiento y originalidad. La <a href=\"https:\/\/www.cohnquer.com\/\"><strong>marca de complementos de madera Cohnquer<\/strong><\/a> consigui\u00f3 el galard\u00f3n a <strong>Iniciativa Emprendedora<\/strong>, que fue recogido por uno de sus socios, Alberto P\u00e1ez. Enfocados a la fabricaci\u00f3n y venta de relojes y gafas en este material, el representante de la joven firma asegur\u00f3 que \u201cmuy pronto habr\u00e1 novedades en relaci\u00f3n a los productos\u201d.<\/p>\n<figure id=\"attachment_985\" aria-describedby=\"caption-attachment-985\" style=\"width: 800px\" class=\"wp-caption aligncenter\"><img loading=\"lazy\" decoding=\"async\" class=\"wp-image-985\" src=\"http:\/\/www.ajeandalucia.org\/almeria\/wp-content\/uploads\/sites\/3\/2018\/03\/notaprensaaje1-300x200.jpg\" alt=\"\" width=\"800\" height=\"533\" srcset=\"https:\/\/ajeandalucia.org\/almeria\/wp-content\/uploads\/sites\/3\/2018\/03\/notaprensaaje1-300x200.jpg 300w, https:\/\/ajeandalucia.org\/almeria\/wp-content\/uploads\/sites\/3\/2018\/03\/notaprensaaje1-768x512.jpg 768w, https:\/\/ajeandalucia.org\/almeria\/wp-content\/uploads\/sites\/3\/2018\/03\/notaprensaaje1-1024x683.jpg 1024w\" sizes=\"auto, (max-width: 800px) 100vw, 800px\" \/><figcaption id=\"caption-attachment-985\" class=\"wp-caption-text\">Alberto P\u00e1ez, socio de Cohnquer, recogiendo el premio que fue entregado por Enrique Ibole\u00f3n, fundador de Eneluz.<\/figcaption><\/figure>\n<p>Por otro lado, la <strong>compa\u00f1\u00eda dedicada al campo de la biotecnolog\u00eda, <a href=\"http:\/\/www.biorizon.es\/\">Biorizon Biotech<\/a><\/strong>, se alz\u00f3 con el premio a <strong>Trayectoria Empresarial<\/strong>. \u201cUnos nos empujamos a otros y hacemos que la provincia siga evolucionando\u201d, se\u00f1al\u00f3 David Iglesias, fundador de Biorizon Biotech en su discurso de agradecimiento por el reconocimiento.<\/p>\n<figure id=\"attachment_986\" aria-describedby=\"caption-attachment-986\" style=\"width: 800px\" class=\"wp-caption aligncenter\"><img loading=\"lazy\" decoding=\"async\" class=\"wp-image-986\" src=\"http:\/\/www.ajeandalucia.org\/almeria\/wp-content\/uploads\/sites\/3\/2018\/03\/notaprensaaje-300x200.jpg\" alt=\"\" width=\"800\" height=\"533\" srcset=\"https:\/\/ajeandalucia.org\/almeria\/wp-content\/uploads\/sites\/3\/2018\/03\/notaprensaaje-300x200.jpg 300w, https:\/\/ajeandalucia.org\/almeria\/wp-content\/uploads\/sites\/3\/2018\/03\/notaprensaaje-768x512.jpg 768w, https:\/\/ajeandalucia.org\/almeria\/wp-content\/uploads\/sites\/3\/2018\/03\/notaprensaaje-1024x683.jpg 1024w\" sizes=\"auto, (max-width: 800px) 100vw, 800px\" \/><figcaption id=\"caption-attachment-986\" class=\"wp-caption-text\">David Iglesias, fundador de Biorizon Biotech, recogiendo el galard\u00f3n entregado por Emilio Mat\u00edas Resina, de Grupo Cajamar.<\/figcaption><\/figure>\n<p><span lang=\"ES\">Adem\u00e1s de los galardones en reconocimiento a las empresas ganadoras, uno de los patrocinadores del evento, La Voz de Almer\u00eda, obsequi\u00f3 con un cheque valorado en quinientos euros para invertir en publicidad a las empresas Cohnquer y Biorizon Biotech.\u00a0<\/span><\/p>\n<p><img loading=\"lazy\" decoding=\"async\" class=\"aligncenter wp-image-987\" src=\"http:\/\/www.ajeandalucia.org\/almeria\/wp-content\/uploads\/sites\/3\/2018\/03\/foto39aje-300x200.jpg\" alt=\"\" width=\"800\" height=\"533\" srcset=\"https:\/\/ajeandalucia.org\/almeria\/wp-content\/uploads\/sites\/3\/2018\/03\/foto39aje-300x200.jpg 300w, https:\/\/ajeandalucia.org\/almeria\/wp-content\/uploads\/sites\/3\/2018\/03\/foto39aje-768x512.jpg 768w, https:\/\/ajeandalucia.org\/almeria\/wp-content\/uploads\/sites\/3\/2018\/03\/foto39aje-1024x683.jpg 1024w\" sizes=\"auto, (max-width: 800px) 100vw, 800px\" \/><\/p>\n<p><img loading=\"lazy\" decoding=\"async\" class=\"aligncenter wp-image-988\" src=\"http:\/\/www.ajeandalucia.org\/almeria\/wp-content\/uploads\/sites\/3\/2018\/03\/foto40aje-300x217.jpg\" alt=\"\" width=\"800\" height=\"580\" srcset=\"https:\/\/ajeandalucia.org\/almeria\/wp-content\/uploads\/sites\/3\/2018\/03\/foto40aje-300x217.jpg 300w, https:\/\/ajeandalucia.org\/almeria\/wp-content\/uploads\/sites\/3\/2018\/03\/foto40aje-768x557.jpg 768w, https:\/\/ajeandalucia.org\/almeria\/wp-content\/uploads\/sites\/3\/2018\/03\/foto40aje-1024x742.jpg 1024w\" sizes=\"auto, (max-width: 800px) 100vw, 800px\" \/><\/p>\n<p>Una de las intervenciones durante la velada, realizada por el vicepresidente de la<strong> Asociaci\u00f3n de J\u00f3venes Empresarios de Andaluc\u00eda, Antonio Ruano<\/strong>, defini\u00f3 a la perfecci\u00f3n el perfil de las personas que ayer llenaban el Sal\u00f3n Noble del C\u00edrculo Mercantil : <strong>\u201cUn empresario se basa en tres claves: esfuerzo, pasi\u00f3n y coraje\u201d<\/strong>. A lo largo de la noche, los miembros de la junta directiva de la asociaci\u00f3n almeriense elogiaron la labor de las empresas dirigidas por j\u00f3venes empresarios, que son el motor de la provincia: \u201cgracias a vosotros Almer\u00eda sigue avanzando y se reinventa\u201d, apunt\u00f3 Antonio Jes\u00fas Fern\u00e1ndez, presidente de AJE Almer\u00eda.<\/p>\n<figure id=\"attachment_989\" aria-describedby=\"caption-attachment-989\" style=\"width: 800px\" class=\"wp-caption aligncenter\"><img loading=\"lazy\" decoding=\"async\" class=\"wp-image-989\" src=\"http:\/\/www.ajeandalucia.org\/almeria\/wp-content\/uploads\/sites\/3\/2018\/03\/foto41aje-300x200.jpg\" alt=\"\" width=\"800\" height=\"533\" srcset=\"https:\/\/ajeandalucia.org\/almeria\/wp-content\/uploads\/sites\/3\/2018\/03\/foto41aje-300x200.jpg 300w, https:\/\/ajeandalucia.org\/almeria\/wp-content\/uploads\/sites\/3\/2018\/03\/foto41aje-768x512.jpg 768w, https:\/\/ajeandalucia.org\/almeria\/wp-content\/uploads\/sites\/3\/2018\/03\/foto41aje-1024x683.jpg 1024w\" sizes=\"auto, (max-width: 800px) 100vw, 800px\" \/><figcaption id=\"caption-attachment-989\" class=\"wp-caption-text\">Antonio Jes\u00fas Fern\u00e1ndez, presidente de AJE Almer\u00eda.<\/figcaption><\/figure>\n<p>El resto de empresas que optaban a las diferentes candidaturas eran, en la categor\u00eda de Iniciativa Emprendedora: <a href=\"http:\/\/www.solucionesgoon.com\/\"><strong>Soluciones Go On<\/strong><\/a>, dedicada al asesoramiento empresarial asociado al marketing, dise\u00f1o y desarrollo tecnol\u00f3gico, y la <a href=\"https:\/\/www.caysal.es\/\"><strong>compa\u00f1\u00eda de limpieza ejidense Caysal<\/strong><\/a>, de reciente creaci\u00f3n. En Trayectoria Empresarial compitieron empresas con un largo recorrido y un crecimiento que ha sido exponencial a lo largo de los \u00faltimos a\u00f1os, como <a href=\"https:\/\/trainingym.com\/\"><strong>Intelinova Software<\/strong><\/a>, perteneciente al sector tecnol\u00f3gico y enfocada al <em>software<\/em> deportivo, y <a href=\"https:\/\/www.farmacias.com\/\"><strong>Farmacias.com<\/strong><\/a>, p\u00e1gina web ligada a la venta de productos farmac\u00e9uticos.<\/p>\n<figure id=\"attachment_991\" aria-describedby=\"caption-attachment-991\" style=\"width: 800px\" class=\"wp-caption aligncenter\"><img loading=\"lazy\" decoding=\"async\" class=\"wp-image-991\" src=\"http:\/\/www.ajeandalucia.org\/almeria\/wp-content\/uploads\/sites\/3\/2018\/03\/foto22aje-300x224.jpg\" alt=\"\" width=\"800\" height=\"598\" srcset=\"https:\/\/ajeandalucia.org\/almeria\/wp-content\/uploads\/sites\/3\/2018\/03\/foto22aje-300x224.jpg 300w, https:\/\/ajeandalucia.org\/almeria\/wp-content\/uploads\/sites\/3\/2018\/03\/foto22aje-768x574.jpg 768w, https:\/\/ajeandalucia.org\/almeria\/wp-content\/uploads\/sites\/3\/2018\/03\/foto22aje-1024x766.jpg 1024w\" sizes=\"auto, (max-width: 800px) 100vw, 800px\" \/><figcaption id=\"caption-attachment-991\" class=\"wp-caption-text\">Directiva de AJE Almer\u00eda con los fundadores de la empresa Caysal, Fernando \u00c1ngel Gim\u00e9nez y Beatriz Cara.<\/figcaption><\/figure>\n<figure id=\"attachment_992\" aria-describedby=\"caption-attachment-992\" style=\"width: 800px\" class=\"wp-caption aligncenter\"><img loading=\"lazy\" decoding=\"async\" class=\"wp-image-992\" src=\"http:\/\/www.ajeandalucia.org\/almeria\/wp-content\/uploads\/sites\/3\/2018\/03\/foto26aje-300x210.jpg\" alt=\"\" width=\"800\" height=\"560\" srcset=\"https:\/\/ajeandalucia.org\/almeria\/wp-content\/uploads\/sites\/3\/2018\/03\/foto26aje-300x210.jpg 300w, https:\/\/ajeandalucia.org\/almeria\/wp-content\/uploads\/sites\/3\/2018\/03\/foto26aje-768x538.jpg 768w, https:\/\/ajeandalucia.org\/almeria\/wp-content\/uploads\/sites\/3\/2018\/03\/foto26aje-1024x717.jpg 1024w\" sizes=\"auto, (max-width: 800px) 100vw, 800px\" \/><figcaption id=\"caption-attachment-992\" class=\"wp-caption-text\">Directiva de AJE Almer\u00eda con el gerente de la empresa Soluciones Go On, Francisco Gonz\u00e1lez.<\/figcaption><\/figure>\n<figure id=\"attachment_993\" aria-describedby=\"caption-attachment-993\" style=\"width: 800px\" class=\"wp-caption aligncenter\"><img loading=\"lazy\" decoding=\"async\" class=\"wp-image-993\" src=\"http:\/\/www.ajeandalucia.org\/almeria\/wp-content\/uploads\/sites\/3\/2018\/03\/foto27aje-300x200.jpg\" alt=\"\" width=\"800\" height=\"533\" srcset=\"https:\/\/ajeandalucia.org\/almeria\/wp-content\/uploads\/sites\/3\/2018\/03\/foto27aje-300x200.jpg 300w, https:\/\/ajeandalucia.org\/almeria\/wp-content\/uploads\/sites\/3\/2018\/03\/foto27aje-768x512.jpg 768w, https:\/\/ajeandalucia.org\/almeria\/wp-content\/uploads\/sites\/3\/2018\/03\/foto27aje-1024x683.jpg 1024w\" sizes=\"auto, (max-width: 800px) 100vw, 800px\" \/><figcaption id=\"caption-attachment-993\" class=\"wp-caption-text\">Directiva de AJE Almer\u00eda con los fundadores de Intelinova Software, Rafael Martos y Bernardo Hern\u00e1ndez.<\/figcaption><\/figure>\n<figure id=\"attachment_994\" aria-describedby=\"caption-attachment-994\" style=\"width: 800px\" class=\"wp-caption aligncenter\"><img loading=\"lazy\" decoding=\"async\" class=\"wp-image-994\" src=\"http:\/\/www.ajeandalucia.org\/almeria\/wp-content\/uploads\/sites\/3\/2018\/03\/foto30aje-300x217.jpg\" alt=\"\" width=\"800\" height=\"578\" srcset=\"https:\/\/ajeandalucia.org\/almeria\/wp-content\/uploads\/sites\/3\/2018\/03\/foto30aje-300x217.jpg 300w, https:\/\/ajeandalucia.org\/almeria\/wp-content\/uploads\/sites\/3\/2018\/03\/foto30aje-768x554.jpg 768w, https:\/\/ajeandalucia.org\/almeria\/wp-content\/uploads\/sites\/3\/2018\/03\/foto30aje-1024x739.jpg 1024w\" sizes=\"auto, (max-width: 800px) 100vw, 800px\" \/><figcaption id=\"caption-attachment-994\" class=\"wp-caption-text\">Miembros de la compa\u00f1\u00eda digital Farmacias.com: \u00c1lvaro L\u00f3pez, Ester L\u00f3pez, Alejandro Espa\u00f1a, David Garfias y Carlos Delgado.<\/figcaption><\/figure>\n<p>El broche de oro a la velada la puso un agradable cocktail, en el que los asistentes pudieron conocerse y realizar networking. Para terminar, la formaci\u00f3n latina\u00a0Owen y Yaro pusieron el ritmo a una noche inolvidable, una cita obligada cada a\u00f1o, que crea referentes para los emprendedores del futuro.<\/p>\n<figure id=\"attachment_998\" aria-describedby=\"caption-attachment-998\" style=\"width: 800px\" class=\"wp-caption aligncenter\"><img loading=\"lazy\" decoding=\"async\" class=\"wp-image-998\" src=\"http:\/\/www.ajeandalucia.org\/almeria\/wp-content\/uploads\/sites\/3\/2018\/03\/notaprensaaje3-300x222.jpg\" alt=\"\" width=\"800\" height=\"591\" srcset=\"https:\/\/ajeandalucia.org\/almeria\/wp-content\/uploads\/sites\/3\/2018\/03\/notaprensaaje3-300x222.jpg 300w, https:\/\/ajeandalucia.org\/almeria\/wp-content\/uploads\/sites\/3\/2018\/03\/notaprensaaje3-768x567.jpg 768w, https:\/\/ajeandalucia.org\/almeria\/wp-content\/uploads\/sites\/3\/2018\/03\/notaprensaaje3-1024x756.jpg 1024w\" sizes=\"auto, (max-width: 800px) 100vw, 800px\" \/><figcaption id=\"caption-attachment-998\" class=\"wp-caption-text\">Premiados, empresas candidatas, autoridades y miembros de la directiva de AJE Almer\u00eda juntos en una foto de familia.<\/figcaption><\/figure>\n<p><img loading=\"lazy\" decoding=\"async\" class=\"aligncenter wp-image-995\" src=\"http:\/\/www.ajeandalucia.org\/almeria\/wp-content\/uploads\/sites\/3\/2018\/03\/foto44aje-300x200.jpg\" alt=\"\" width=\"800\" height=\"533\" srcset=\"https:\/\/ajeandalucia.org\/almeria\/wp-content\/uploads\/sites\/3\/2018\/03\/foto44aje-300x200.jpg 300w, https:\/\/ajeandalucia.org\/almeria\/wp-content\/uploads\/sites\/3\/2018\/03\/foto44aje-768x512.jpg 768w, https:\/\/ajeandalucia.org\/almeria\/wp-content\/uploads\/sites\/3\/2018\/03\/foto44aje-1024x683.jpg 1024w\" sizes=\"auto, (max-width: 800px) 100vw, 800px\" \/><\/p>\n<p><img loading=\"lazy\" decoding=\"async\" class=\"aligncenter wp-image-997\" src=\"http:\/\/www.ajeandalucia.org\/almeria\/wp-content\/uploads\/sites\/3\/2018\/03\/notaprensaaje2-300x200.jpg\" alt=\"\" width=\"800\" height=\"533\" srcset=\"https:\/\/ajeandalucia.org\/almeria\/wp-content\/uploads\/sites\/3\/2018\/03\/notaprensaaje2-300x200.jpg 300w, https:\/\/ajeandalucia.org\/almeria\/wp-content\/uploads\/sites\/3\/2018\/03\/notaprensaaje2-768x512.jpg 768w, https:\/\/ajeandalucia.org\/almeria\/wp-content\/uploads\/sites\/3\/2018\/03\/notaprensaaje2-1024x683.jpg 1024w\" sizes=\"auto, (max-width: 800px) 100vw, 800px\" \/><\/p>\n<figure id=\"attachment_996\" aria-describedby=\"caption-attachment-996\" style=\"width: 800px\" class=\"wp-caption aligncenter\"><img loading=\"lazy\" decoding=\"async\" class=\"wp-image-996\" src=\"http:\/\/www.ajeandalucia.org\/almeria\/wp-content\/uploads\/sites\/3\/2018\/03\/foto45aje-300x200.jpg\" alt=\"\" width=\"800\" height=\"533\" srcset=\"https:\/\/ajeandalucia.org\/almeria\/wp-content\/uploads\/sites\/3\/2018\/03\/foto45aje-300x200.jpg 300w, https:\/\/ajeandalucia.org\/almeria\/wp-content\/uploads\/sites\/3\/2018\/03\/foto45aje-768x512.jpg 768w, https:\/\/ajeandalucia.org\/almeria\/wp-content\/uploads\/sites\/3\/2018\/03\/foto45aje-1024x683.jpg 1024w\" sizes=\"auto, (max-width: 800px) 100vw, 800px\" \/><figcaption id=\"caption-attachment-996\" class=\"wp-caption-text\">El grupo\u00a0Owen y Yaro en plena actuaci\u00f3n.<\/figcaption><\/figure>\n<p><strong>Los Premios AJE Almer\u00eda se celebraron gracias a la colaboraci\u00f3n de Grupo Cajamar, La Voz de Almer\u00eda, Eneluz y Tgesti\u00f3n.<\/strong><\/p>\n","protected":false},"excerpt":{"rendered":"<p>AJE Almer\u00eda celebr\u00f3 ayer sus premios anuales, cuyo objetivo es ensalzar el emprendimiento almeriense. El lugar elegido fue el C\u00edrculo [&hellip;]<\/p>\n","protected":false},"author":3,"featured_media":998,"comment_status":"open","ping_status":"open","sticky":false,"template":"","format":"standard","meta":{"_acf_changed":false,"site-sidebar-layout":"default","site-content-layout":"","ast-site-content-layout":"default","site-content-style":"default","site-sidebar-style":"default","ast-global-header-display":"","ast-banner-title-visibility":"","ast-main-header-display":"","ast-hfb-above-header-display":"","ast-hfb-below-header-display":"","ast-hfb-mobile-header-display":"","site-post-title":"","ast-breadcrumbs-content":"","ast-featured-img":"","footer-sml-layout":"","ast-disable-related-posts":"","theme-transparent-header-meta":"","adv-header-id-meta":"","stick-header-meta":"","header-above-stick-meta":"","header-main-stick-meta":"","header-below-stick-meta":"","astra-migrate-meta-layouts":"default","ast-page-background-enabled":"default","ast-page-background-meta":{"desktop":{"background-color":"var(--ast-global-color-5)","background-image":"","background-repeat":"repeat","background-position":"center center","background-size":"auto","background-attachment":"scroll","background-type":"","background-media":"","overlay-type":"","overlay-color":"","overlay-opacity":"","overlay-gradient":""},"tablet":{"background-color":"","background-image":"","background-repeat":"repeat","background-position":"center center","background-size":"auto","background-attachment":"scroll","background-type":"","background-media":"","overlay-type":"","overlay-color":"","overlay-opacity":"","overlay-gradient":""},"mobile":{"background-color":"","background-image":"","background-repeat":"repeat","background-position":"center center","background-size":"auto","background-attachment":"scroll","background-type":"","background-media":"","overlay-type":"","overlay-color":"","overlay-opacity":"","overlay-gradient":""}},"ast-content-background-meta":{"desktop":{"background-color":"var(--ast-global-color-4)","background-image":"","background-repeat":"repeat","background-position":"center center","background-size":"auto","background-attachment":"scroll","background-type":"","background-media":"","overlay-type":"","overlay-color":"","overlay-opacity":"","overlay-gradient":""},"tablet":{"background-color":"var(--ast-global-color-4)","background-image":"","background-repeat":"repeat","background-position":"center center","background-size":"auto","background-attachment":"scroll","background-type":"","background-media":"","overlay-type":"","overlay-color":"","overlay-opacity":"","overlay-gradient":""},"mobile":{"background-color":"var(--ast-global-color-4)","background-image":"","background-repeat":"repeat","background-position":"center center","background-size":"auto","background-attachment":"scroll","background-type":"","background-media":"","overlay-type":"","overlay-color":"","overlay-opacity":"","overlay-gradient":""}},"footnotes":""},"categories":[8],"tags":[96,112,122,123],"class_list":["post-974","post","type-post","status-publish","format-standard","has-post-thumbnail","hentry","category-noticias","tag-emprendimiento-almeria","tag-empresas-almeria","tag-premios-aje-almeria","tag-premios-aje-almeria-2018"],"acf":[],"yoast_head":"<!-- This site is optimized with the Yoast SEO plugin v26.9 - https:\/\/yoast.com\/product\/yoast-seo-wordpress\/ -->\n<title>Biorizon Biotech y Cohnquer, ganadores de los Premios AJE Almer\u00eda 2018 - AJE Almer\u00eda<\/title>\n<meta name=\"robots\" content=\"index, follow, max-snippet:-1, max-image-preview:large, max-video-preview:-1\" \/>\n<link rel=\"canonical\" href=\"https:\/\/ajeandalucia.org\/almeria\/2018\/03\/21\/biorizon-biotech-y-cohnquer-ganadores-de-los-premios-aje-almeria-2018\/\" \/>\n<meta property=\"og:locale\" content=\"es_ES\" \/>\n<meta property=\"og:type\" content=\"article\" \/>\n<meta property=\"og:title\" content=\"Biorizon Biotech y Cohnquer, ganadores de los Premios AJE Almer\u00eda 2018 - AJE Almer\u00eda\" \/>\n<meta property=\"og:description\" content=\"AJE Almer\u00eda celebr\u00f3 ayer sus premios anuales, cuyo objetivo es ensalzar el emprendimiento almeriense. El lugar elegido fue el C\u00edrculo [&hellip;]\" \/>\n<meta property=\"og:url\" content=\"https:\/\/ajeandalucia.org\/almeria\/2018\/03\/21\/biorizon-biotech-y-cohnquer-ganadores-de-los-premios-aje-almeria-2018\/\" \/>\n<meta property=\"og:site_name\" content=\"AJE Almer\u00eda\" \/>\n<meta property=\"article:published_time\" content=\"2018-03-21T16:04:51+00:00\" \/>\n<meta property=\"article:modified_time\" content=\"2018-03-22T08:43:30+00:00\" \/>\n<meta property=\"og:image\" content=\"https:\/\/ajeandalucia.org\/almeria\/wp-content\/uploads\/sites\/3\/2018\/03\/notaprensaaje3.jpg\" \/>\n\t<meta property=\"og:image:width\" content=\"3856\" \/>\n\t<meta property=\"og:image:height\" content=\"2848\" \/>\n\t<meta property=\"og:image:type\" content=\"image\/jpeg\" \/>\n<meta name=\"author\" content=\"almeria\" \/>\n<meta name=\"twitter:card\" content=\"summary_large_image\" \/>\n<meta name=\"twitter:label1\" content=\"Escrito por\" \/>\n\t<meta name=\"twitter:data1\" content=\"almeria\" \/>\n\t<meta name=\"twitter:label2\" content=\"Tiempo de lectura\" \/>\n\t<meta name=\"twitter:data2\" content=\"4 minutos\" \/>\n<script type=\"application\/ld+json\" class=\"yoast-schema-graph\">{\"@context\":\"https:\/\/schema.org\",\"@graph\":[{\"@type\":\"Article\",\"@id\":\"https:\/\/ajeandalucia.org\/almeria\/2018\/03\/21\/biorizon-biotech-y-cohnquer-ganadores-de-los-premios-aje-almeria-2018\/#article\",\"isPartOf\":{\"@id\":\"https:\/\/ajeandalucia.org\/almeria\/2018\/03\/21\/biorizon-biotech-y-cohnquer-ganadores-de-los-premios-aje-almeria-2018\/\"},\"author\":{\"name\":\"almeria\",\"@id\":\"https:\/\/ajeandalucia.org\/almeria\/#\/schema\/person\/9336ac50bc8c90053f6bf3b99e5c7d7b\"},\"headline\":\"Biorizon Biotech y Cohnquer, ganadores de los Premios AJE Almer\u00eda 2018\",\"datePublished\":\"2018-03-21T16:04:51+00:00\",\"dateModified\":\"2018-03-22T08:43:30+00:00\",\"mainEntityOfPage\":{\"@id\":\"https:\/\/ajeandalucia.org\/almeria\/2018\/03\/21\/biorizon-biotech-y-cohnquer-ganadores-de-los-premios-aje-almeria-2018\/\"},\"wordCount\":907,\"commentCount\":0,\"publisher\":{\"@id\":\"https:\/\/ajeandalucia.org\/almeria\/#organization\"},\"image\":{\"@id\":\"https:\/\/ajeandalucia.org\/almeria\/2018\/03\/21\/biorizon-biotech-y-cohnquer-ganadores-de-los-premios-aje-almeria-2018\/#primaryimage\"},\"thumbnailUrl\":\"https:\/\/ajeandalucia.org\/almeria\/wp-content\/uploads\/sites\/3\/2018\/03\/notaprensaaje3.jpg\",\"keywords\":[\"emprendimiento almeria\",\"empresas almer\u00eda\",\"premios aje almeria\",\"premios aje almeria 2018\"],\"articleSection\":[\"Noticias\"],\"inLanguage\":\"es\",\"potentialAction\":[{\"@type\":\"CommentAction\",\"name\":\"Comment\",\"target\":[\"https:\/\/ajeandalucia.org\/almeria\/2018\/03\/21\/biorizon-biotech-y-cohnquer-ganadores-de-los-premios-aje-almeria-2018\/#respond\"]}]},{\"@type\":\"WebPage\",\"@id\":\"https:\/\/ajeandalucia.org\/almeria\/2018\/03\/21\/biorizon-biotech-y-cohnquer-ganadores-de-los-premios-aje-almeria-2018\/\",\"url\":\"https:\/\/ajeandalucia.org\/almeria\/2018\/03\/21\/biorizon-biotech-y-cohnquer-ganadores-de-los-premios-aje-almeria-2018\/\",\"name\":\"Biorizon Biotech y Cohnquer, ganadores de los Premios AJE Almer\u00eda 2018 - AJE Almer\u00eda\",\"isPartOf\":{\"@id\":\"https:\/\/ajeandalucia.org\/almeria\/#website\"},\"primaryImageOfPage\":{\"@id\":\"https:\/\/ajeandalucia.org\/almeria\/2018\/03\/21\/biorizon-biotech-y-cohnquer-ganadores-de-los-premios-aje-almeria-2018\/#primaryimage\"},\"image\":{\"@id\":\"https:\/\/ajeandalucia.org\/almeria\/2018\/03\/21\/biorizon-biotech-y-cohnquer-ganadores-de-los-premios-aje-almeria-2018\/#primaryimage\"},\"thumbnailUrl\":\"https:\/\/ajeandalucia.org\/almeria\/wp-content\/uploads\/sites\/3\/2018\/03\/notaprensaaje3.jpg\",\"datePublished\":\"2018-03-21T16:04:51+00:00\",\"dateModified\":\"2018-03-22T08:43:30+00:00\",\"breadcrumb\":{\"@id\":\"https:\/\/ajeandalucia.org\/almeria\/2018\/03\/21\/biorizon-biotech-y-cohnquer-ganadores-de-los-premios-aje-almeria-2018\/#breadcrumb\"},\"inLanguage\":\"es\",\"potentialAction\":[{\"@type\":\"ReadAction\",\"target\":[\"https:\/\/ajeandalucia.org\/almeria\/2018\/03\/21\/biorizon-biotech-y-cohnquer-ganadores-de-los-premios-aje-almeria-2018\/\"]}]},{\"@type\":\"ImageObject\",\"inLanguage\":\"es\",\"@id\":\"https:\/\/ajeandalucia.org\/almeria\/2018\/03\/21\/biorizon-biotech-y-cohnquer-ganadores-de-los-premios-aje-almeria-2018\/#primaryimage\",\"url\":\"https:\/\/ajeandalucia.org\/almeria\/wp-content\/uploads\/sites\/3\/2018\/03\/notaprensaaje3.jpg\",\"contentUrl\":\"https:\/\/ajeandalucia.org\/almeria\/wp-content\/uploads\/sites\/3\/2018\/03\/notaprensaaje3.jpg\",\"width\":3856,\"height\":2848},{\"@type\":\"BreadcrumbList\",\"@id\":\"https:\/\/ajeandalucia.org\/almeria\/2018\/03\/21\/biorizon-biotech-y-cohnquer-ganadores-de-los-premios-aje-almeria-2018\/#breadcrumb\",\"itemListElement\":[{\"@type\":\"ListItem\",\"position\":1,\"name\":\"Portada\",\"item\":\"https:\/\/ajeandalucia.org\/almeria\/\"},{\"@type\":\"ListItem\",\"position\":2,\"name\":\"Biorizon Biotech y Cohnquer, ganadores de los Premios AJE Almer\u00eda 2018\"}]},{\"@type\":\"WebSite\",\"@id\":\"https:\/\/ajeandalucia.org\/almeria\/#website\",\"url\":\"https:\/\/ajeandalucia.org\/almeria\/\",\"name\":\"AJE Almer\u00eda\",\"description\":\"Otro sitio m\u00e1s de AJE Andaluc\u00eda\",\"publisher\":{\"@id\":\"https:\/\/ajeandalucia.org\/almeria\/#organization\"},\"potentialAction\":[{\"@type\":\"SearchAction\",\"target\":{\"@type\":\"EntryPoint\",\"urlTemplate\":\"https:\/\/ajeandalucia.org\/almeria\/?s={search_term_string}\"},\"query-input\":{\"@type\":\"PropertyValueSpecification\",\"valueRequired\":true,\"valueName\":\"search_term_string\"}}],\"inLanguage\":\"es\"},{\"@type\":\"Organization\",\"@id\":\"https:\/\/ajeandalucia.org\/almeria\/#organization\",\"name\":\"AJE Almer\u00eda\",\"url\":\"https:\/\/ajeandalucia.org\/almeria\/\",\"logo\":{\"@type\":\"ImageObject\",\"inLanguage\":\"es\",\"@id\":\"https:\/\/ajeandalucia.org\/almeria\/#\/schema\/logo\/image\/\",\"url\":\"https:\/\/ajeandalucia.org\/almeria\/wp-content\/uploads\/sites\/3\/2025\/01\/AJE-ALMERIA-horizontal.png\",\"contentUrl\":\"https:\/\/ajeandalucia.org\/almeria\/wp-content\/uploads\/sites\/3\/2025\/01\/AJE-ALMERIA-horizontal.png\",\"width\":605,\"height\":200,\"caption\":\"AJE Almer\u00eda\"},\"image\":{\"@id\":\"https:\/\/ajeandalucia.org\/almeria\/#\/schema\/logo\/image\/\"}},{\"@type\":\"Person\",\"@id\":\"https:\/\/ajeandalucia.org\/almeria\/#\/schema\/person\/9336ac50bc8c90053f6bf3b99e5c7d7b\",\"name\":\"almeria\",\"image\":{\"@type\":\"ImageObject\",\"inLanguage\":\"es\",\"@id\":\"https:\/\/ajeandalucia.org\/almeria\/#\/schema\/person\/image\/\",\"url\":\"https:\/\/secure.gravatar.com\/avatar\/f5b6b7d37a8f964bd96d1a7752fc3160bb98a16a08fda2bb6fb3a80845dae5d6?s=96&d=mm&r=g\",\"contentUrl\":\"https:\/\/secure.gravatar.com\/avatar\/f5b6b7d37a8f964bd96d1a7752fc3160bb98a16a08fda2bb6fb3a80845dae5d6?s=96&d=mm&r=g\",\"caption\":\"almeria\"},\"sameAs\":[\"http:\/\/www.ajealmeria.org\/\"],\"url\":\"https:\/\/ajeandalucia.org\/almeria\/author\/almeria\/\"}]}<\/script>\n<!-- \/ Yoast SEO plugin. -->","yoast_head_json":{"title":"Biorizon Biotech y Cohnquer, ganadores de los Premios AJE Almer\u00eda 2018 - AJE Almer\u00eda","robots":{"index":"index","follow":"follow","max-snippet":"max-snippet:-1","max-image-preview":"max-image-preview:large","max-video-preview":"max-video-preview:-1"},"canonical":"https:\/\/ajeandalucia.org\/almeria\/2018\/03\/21\/biorizon-biotech-y-cohnquer-ganadores-de-los-premios-aje-almeria-2018\/","og_locale":"es_ES","og_type":"article","og_title":"Biorizon Biotech y Cohnquer, ganadores de los Premios AJE Almer\u00eda 2018 - AJE Almer\u00eda","og_description":"AJE Almer\u00eda celebr\u00f3 ayer sus premios anuales, cuyo objetivo es ensalzar el emprendimiento almeriense. El lugar elegido fue el C\u00edrculo [&hellip;]","og_url":"https:\/\/ajeandalucia.org\/almeria\/2018\/03\/21\/biorizon-biotech-y-cohnquer-ganadores-de-los-premios-aje-almeria-2018\/","og_site_name":"AJE Almer\u00eda","article_published_time":"2018-03-21T16:04:51+00:00","article_modified_time":"2018-03-22T08:43:30+00:00","og_image":[{"width":3856,"height":2848,"url":"https:\/\/ajeandalucia.org\/almeria\/wp-content\/uploads\/sites\/3\/2018\/03\/notaprensaaje3.jpg","type":"image\/jpeg"}],"author":"almeria","twitter_card":"summary_large_image","twitter_misc":{"Escrito por":"almeria","Tiempo de lectura":"4 minutos"},"schema":{"@context":"https:\/\/schema.org","@graph":[{"@type":"Article","@id":"https:\/\/ajeandalucia.org\/almeria\/2018\/03\/21\/biorizon-biotech-y-cohnquer-ganadores-de-los-premios-aje-almeria-2018\/#article","isPartOf":{"@id":"https:\/\/ajeandalucia.org\/almeria\/2018\/03\/21\/biorizon-biotech-y-cohnquer-ganadores-de-los-premios-aje-almeria-2018\/"},"author":{"name":"almeria","@id":"https:\/\/ajeandalucia.org\/almeria\/#\/schema\/person\/9336ac50bc8c90053f6bf3b99e5c7d7b"},"headline":"Biorizon Biotech y Cohnquer, ganadores de los Premios AJE Almer\u00eda 2018","datePublished":"2018-03-21T16:04:51+00:00","dateModified":"2018-03-22T08:43:30+00:00","mainEntityOfPage":{"@id":"https:\/\/ajeandalucia.org\/almeria\/2018\/03\/21\/biorizon-biotech-y-cohnquer-ganadores-de-los-premios-aje-almeria-2018\/"},"wordCount":907,"commentCount":0,"publisher":{"@id":"https:\/\/ajeandalucia.org\/almeria\/#organization"},"image":{"@id":"https:\/\/ajeandalucia.org\/almeria\/2018\/03\/21\/biorizon-biotech-y-cohnquer-ganadores-de-los-premios-aje-almeria-2018\/#primaryimage"},"thumbnailUrl":"https:\/\/ajeandalucia.org\/almeria\/wp-content\/uploads\/sites\/3\/2018\/03\/notaprensaaje3.jpg","keywords":["emprendimiento almeria","empresas almer\u00eda","premios aje almeria","premios aje almeria 2018"],"articleSection":["Noticias"],"inLanguage":"es","potentialAction":[{"@type":"CommentAction","name":"Comment","target":["https:\/\/ajeandalucia.org\/almeria\/2018\/03\/21\/biorizon-biotech-y-cohnquer-ganadores-de-los-premios-aje-almeria-2018\/#respond"]}]},{"@type":"WebPage","@id":"https:\/\/ajeandalucia.org\/almeria\/2018\/03\/21\/biorizon-biotech-y-cohnquer-ganadores-de-los-premios-aje-almeria-2018\/","url":"https:\/\/ajeandalucia.org\/almeria\/2018\/03\/21\/biorizon-biotech-y-cohnquer-ganadores-de-los-premios-aje-almeria-2018\/","name":"Biorizon Biotech y Cohnquer, ganadores de los Premios AJE Almer\u00eda 2018 - AJE Almer\u00eda","isPartOf":{"@id":"https:\/\/ajeandalucia.org\/almeria\/#website"},"primaryImageOfPage":{"@id":"https:\/\/ajeandalucia.org\/almeria\/2018\/03\/21\/biorizon-biotech-y-cohnquer-ganadores-de-los-premios-aje-almeria-2018\/#primaryimage"},"image":{"@id":"https:\/\/ajeandalucia.org\/almeria\/2018\/03\/21\/biorizon-biotech-y-cohnquer-ganadores-de-los-premios-aje-almeria-2018\/#primaryimage"},"thumbnailUrl":"https:\/\/ajeandalucia.org\/almeria\/wp-content\/uploads\/sites\/3\/2018\/03\/notaprensaaje3.jpg","datePublished":"2018-03-21T16:04:51+00:00","dateModified":"2018-03-22T08:43:30+00:00","breadcrumb":{"@id":"https:\/\/ajeandalucia.org\/almeria\/2018\/03\/21\/biorizon-biotech-y-cohnquer-ganadores-de-los-premios-aje-almeria-2018\/#breadcrumb"},"inLanguage":"es","potentialAction":[{"@type":"ReadAction","target":["https:\/\/ajeandalucia.org\/almeria\/2018\/03\/21\/biorizon-biotech-y-cohnquer-ganadores-de-los-premios-aje-almeria-2018\/"]}]},{"@type":"ImageObject","inLanguage":"es","@id":"https:\/\/ajeandalucia.org\/almeria\/2018\/03\/21\/biorizon-biotech-y-cohnquer-ganadores-de-los-premios-aje-almeria-2018\/#primaryimage","url":"https:\/\/ajeandalucia.org\/almeria\/wp-content\/uploads\/sites\/3\/2018\/03\/notaprensaaje3.jpg","contentUrl":"https:\/\/ajeandalucia.org\/almeria\/wp-content\/uploads\/sites\/3\/2018\/03\/notaprensaaje3.jpg","width":3856,"height":2848},{"@type":"BreadcrumbList","@id":"https:\/\/ajeandalucia.org\/almeria\/2018\/03\/21\/biorizon-biotech-y-cohnquer-ganadores-de-los-premios-aje-almeria-2018\/#breadcrumb","itemListElement":[{"@type":"ListItem","position":1,"name":"Portada","item":"https:\/\/ajeandalucia.org\/almeria\/"},{"@type":"ListItem","position":2,"name":"Biorizon Biotech y Cohnquer, ganadores de los Premios AJE Almer\u00eda 2018"}]},{"@type":"WebSite","@id":"https:\/\/ajeandalucia.org\/almeria\/#website","url":"https:\/\/ajeandalucia.org\/almeria\/","name":"AJE Almer\u00eda","description":"Otro sitio m\u00e1s de AJE Andaluc\u00eda","publisher":{"@id":"https:\/\/ajeandalucia.org\/almeria\/#organization"},"potentialAction":[{"@type":"SearchAction","target":{"@type":"EntryPoint","urlTemplate":"https:\/\/ajeandalucia.org\/almeria\/?s={search_term_string}"},"query-input":{"@type":"PropertyValueSpecification","valueRequired":true,"valueName":"search_term_string"}}],"inLanguage":"es"},{"@type":"Organization","@id":"https:\/\/ajeandalucia.org\/almeria\/#organization","name":"AJE Almer\u00eda","url":"https:\/\/ajeandalucia.org\/almeria\/","logo":{"@type":"ImageObject","inLanguage":"es","@id":"https:\/\/ajeandalucia.org\/almeria\/#\/schema\/logo\/image\/","url":"https:\/\/ajeandalucia.org\/almeria\/wp-content\/uploads\/sites\/3\/2025\/01\/AJE-ALMERIA-horizontal.png","contentUrl":"https:\/\/ajeandalucia.org\/almeria\/wp-content\/uploads\/sites\/3\/2025\/01\/AJE-ALMERIA-horizontal.png","width":605,"height":200,"caption":"AJE Almer\u00eda"},"image":{"@id":"https:\/\/ajeandalucia.org\/almeria\/#\/schema\/logo\/image\/"}},{"@type":"Person","@id":"https:\/\/ajeandalucia.org\/almeria\/#\/schema\/person\/9336ac50bc8c90053f6bf3b99e5c7d7b","name":"almeria","image":{"@type":"ImageObject","inLanguage":"es","@id":"https:\/\/ajeandalucia.org\/almeria\/#\/schema\/person\/image\/","url":"https:\/\/secure.gravatar.com\/avatar\/f5b6b7d37a8f964bd96d1a7752fc3160bb98a16a08fda2bb6fb3a80845dae5d6?s=96&d=mm&r=g","contentUrl":"https:\/\/secure.gravatar.com\/avatar\/f5b6b7d37a8f964bd96d1a7752fc3160bb98a16a08fda2bb6fb3a80845dae5d6?s=96&d=mm&r=g","caption":"almeria"},"sameAs":["http:\/\/www.ajealmeria.org\/"],"url":"https:\/\/ajeandalucia.org\/almeria\/author\/almeria\/"}]}},"_links":{"self":[{"href":"https:\/\/ajeandalucia.org\/almeria\/wp-json\/wp\/v2\/posts\/974","targetHints":{"allow":["GET"]}}],"collection":[{"href":"https:\/\/ajeandalucia.org\/almeria\/wp-json\/wp\/v2\/posts"}],"about":[{"href":"https:\/\/ajeandalucia.org\/almeria\/wp-json\/wp\/v2\/types\/post"}],"author":[{"embeddable":true,"href":"https:\/\/ajeandalucia.org\/almeria\/wp-json\/wp\/v2\/users\/3"}],"replies":[{"embeddable":true,"href":"https:\/\/ajeandalucia.org\/almeria\/wp-json\/wp\/v2\/comments?post=974"}],"version-history":[{"count":9,"href":"https:\/\/ajeandalucia.org\/almeria\/wp-json\/wp\/v2\/posts\/974\/revisions"}],"predecessor-version":[{"id":1002,"href":"https:\/\/ajeandalucia.org\/almeria\/wp-json\/wp\/v2\/posts\/974\/revisions\/1002"}],"wp:featuredmedia":[{"embeddable":true,"href":"https:\/\/ajeandalucia.org\/almeria\/wp-json\/wp\/v2\/media\/998"}],"wp:attachment":[{"href":"https:\/\/ajeandalucia.org\/almeria\/wp-json\/wp\/v2\/media?parent=974"}],"wp:term":[{"taxonomy":"category","embeddable":true,"href":"https:\/\/ajeandalucia.org\/almeria\/wp-json\/wp\/v2\/categories?post=974"},{"taxonomy":"post_tag","embeddable":true,"href":"https:\/\/ajeandalucia.org\/almeria\/wp-json\/wp\/v2\/tags?post=974"}],"curies":[{"name":"wp","href":"https:\/\/api.w.org\/{rel}","templated":true}]}}