{"id":1026,"date":"2019-05-22T10:29:37","date_gmt":"2019-05-22T10:29:37","guid":{"rendered":"http:\/\/www.ajeandalucia.org\/cadiz\/?p=1026"},"modified":"2019-05-22T10:29:37","modified_gmt":"2019-05-22T10:29:37","slug":"toma-posesion-de-la-nueva-directiva-de-aje-cadiz-liderada-por-daniel-sanchez-ayala","status":"publish","type":"post","link":"https:\/\/ajeandalucia.org\/cadiz\/2019\/05\/22\/toma-posesion-de-la-nueva-directiva-de-aje-cadiz-liderada-por-daniel-sanchez-ayala\/","title":{"rendered":"Toma posesi\u00f3n de la nueva directiva de AJE C\u00e1diz liderada por Daniel S\u00e1nchez Ayala"},"content":{"rendered":"<p><strong>El CEO de la empresa Buddha Sports, Daniel S\u00e1nchez Ayala, nuevo presidente de la Asociaci\u00f3n de J\u00f3venes Empresarios (AJE) en C\u00e1diz para los pr\u00f3ximos cuatro a\u00f1os, ha presentado este martes a su nueva Junta Directiva.<\/strong><\/p>\n<p>La sede de la Confederaci\u00f3n de Empresarios de la provincia de C\u00e1diz en Jerez alberg\u00f3 ayer la celebraci\u00f3n de la Asamblea General 2018 y la Asamblea Electoral por la que Daniel S\u00e1nchez Ayala fue ratificado como presidente de AJE C\u00e1diz para los pr\u00f3ximos cuatro a\u00f1os.<\/p>\n<p>En dicho acto, adem\u00e1s, tuvo lugar la presentaci\u00f3n del nuevo comit\u00e9 ejecutivo- junta directiva que estar\u00e1 compuesto por j\u00f3venes empresarios y empresarias de la provincia, quedando del siguiente modo:<\/p>\n<p>Presidente, Daniel S\u00e1nchez Ayala. CEO de Budhha Sport.<\/p>\n<p>Secretaria general: Manuela P\u00e9rez. CEO de Dyafora.<\/p>\n<p>Vicepresidente primero: Juan Antonio Parra. CEO de Asirtec.<\/p>\n<p>Vicepresidenta segunda: Luc\u00eda del Castillo, CEO Los 3 Guisantes.<\/p>\n<p>Tesorero: Jaime N\u00fa\u00f1ez. CEO de Mira Comunicaci\u00f3n.<\/p>\n<p>Vocal: Germ\u00e1n Cordero. CEO de Herpasur.<\/p>\n<p>Vocal: Tom\u00e1s Mart\u00ednez, Socio de Sociment.<\/p>\n<p>Vocal: Javier Mej\u00edas. CEO de Buqueland.<\/p>\n<p>Vocal: Ignacio Moreno. CEO de Elements Sports.<\/p>\n<p>Durante la Asamblea, el nuevo presidente abog\u00f3 por fomentar los convenios y ventajas de AJE para los asociados y nuevos asociados, posicionar la Asociaci\u00f3n en \u201cel lugar que se merece\u201d, acercar la Asociaci\u00f3n a los j\u00f3venes de la provincia a trav\u00e9s de un programa de acciones innovadoras y creativas y sectorizar el ente a trav\u00e9s de la creaci\u00f3n de distintas comisiones especializadas que albergar\u00e1n las inquietudes de los j\u00f3venes empresarios seg\u00fan su sector.<\/p>\n<p>Asimismo, apunt\u00f3 que uno de los proyectos fundamentales que abordar\u00e1 durante los pr\u00f3ximos a\u00f1os ser\u00e1 trabajar codo con codo con las organizaciones empresariales y las administraciones para que la figura del joven empresario sea part\u00edcipe en la toma de decisiones que afectan a la econom\u00eda de la provincia.<\/p>\n","protected":false},"excerpt":{"rendered":"<p>El CEO de la empresa Buddha Sports, Daniel S\u00e1nchez Ayala, nuevo presidente de la Asociaci\u00f3n de J\u00f3venes Empresarios (AJE) en [&hellip;]<\/p>\n","protected":false},"author":4,"featured_media":1027,"comment_status":"open","ping_status":"open","sticky":false,"template":"","format":"standard","meta":{"_acf_changed":false,"site-sidebar-layout":"default","site-content-layout":"","ast-site-content-layout":"default","site-content-style":"default","site-sidebar-style":"default","ast-global-header-display":"","ast-banner-title-visibility":"","ast-main-header-display":"","ast-hfb-above-header-display":"","ast-hfb-below-header-display":"","ast-hfb-mobile-header-display":"","site-post-title":"","ast-breadcrumbs-content":"","ast-featured-img":"","footer-sml-layout":"","ast-disable-related-posts":"","theme-transparent-header-meta":"","adv-header-id-meta":"","stick-header-meta":"","header-above-stick-meta":"","header-main-stick-meta":"","header-below-stick-meta":"","astra-migrate-meta-layouts":"default","ast-page-background-enabled":"default","ast-page-background-meta":{"desktop":{"background-color":"var(--ast-global-color-5)","background-image":"","background-repeat":"repeat","background-position":"center center","background-size":"auto","background-attachment":"scroll","background-type":"","background-media":"","overlay-type":"","overlay-color":"","overlay-opacity":"","overlay-gradient":""},"tablet":{"background-color":"","background-image":"","background-repeat":"repeat","background-position":"center center","background-size":"auto","background-attachment":"scroll","background-type":"","background-media":"","overlay-type":"","overlay-color":"","overlay-opacity":"","overlay-gradient":""},"mobile":{"background-color":"","background-image":"","background-repeat":"repeat","background-position":"center center","background-size":"auto","background-attachment":"scroll","background-type":"","background-media":"","overlay-type":"","overlay-color":"","overlay-opacity":"","overlay-gradient":""}},"ast-content-background-meta":{"desktop":{"background-color":"var(--ast-global-color-4)","background-image":"","background-repeat":"repeat","background-position":"center center","background-size":"auto","background-attachment":"scroll","background-type":"","background-media":"","overlay-type":"","overlay-color":"","overlay-opacity":"","overlay-gradient":""},"tablet":{"background-color":"var(--ast-global-color-4)","background-image":"","background-repeat":"repeat","background-position":"center center","background-size":"auto","background-attachment":"scroll","background-type":"","background-media":"","overlay-type":"","overlay-color":"","overlay-opacity":"","overlay-gradient":""},"mobile":{"background-color":"var(--ast-global-color-4)","background-image":"","background-repeat":"repeat","background-position":"center center","background-size":"auto","background-attachment":"scroll","background-type":"","background-media":"","overlay-type":"","overlay-color":"","overlay-opacity":"","overlay-gradient":""}},"footnotes":""},"categories":[8],"tags":[],"class_list":["post-1026","post","type-post","status-publish","format-standard","has-post-thumbnail","hentry","category-noticias"],"acf":[],"yoast_head":"<!-- This site is optimized with the Yoast SEO plugin v26.9 - https:\/\/yoast.com\/product\/yoast-seo-wordpress\/ -->\n<title>Toma posesi\u00f3n de la nueva directiva de AJE C\u00e1diz liderada por Daniel S\u00e1nchez Ayala - AJE C\u00e1diz<\/title>\n<meta name=\"robots\" content=\"index, follow, max-snippet:-1, max-image-preview:large, max-video-preview:-1\" \/>\n<link rel=\"canonical\" href=\"https:\/\/ajeandalucia.org\/cadiz\/2019\/05\/22\/toma-posesion-de-la-nueva-directiva-de-aje-cadiz-liderada-por-daniel-sanchez-ayala\/\" \/>\n<meta property=\"og:locale\" content=\"es_ES\" \/>\n<meta property=\"og:type\" content=\"article\" \/>\n<meta property=\"og:title\" content=\"Toma posesi\u00f3n de la nueva directiva de AJE C\u00e1diz liderada por Daniel S\u00e1nchez Ayala - AJE C\u00e1diz\" \/>\n<meta property=\"og:description\" content=\"El CEO de la empresa Buddha Sports, Daniel S\u00e1nchez Ayala, nuevo presidente de la Asociaci\u00f3n de J\u00f3venes Empresarios (AJE) en [&hellip;]\" \/>\n<meta property=\"og:url\" content=\"https:\/\/ajeandalucia.org\/cadiz\/2019\/05\/22\/toma-posesion-de-la-nueva-directiva-de-aje-cadiz-liderada-por-daniel-sanchez-ayala\/\" \/>\n<meta property=\"og:site_name\" content=\"AJE C\u00e1diz\" \/>\n<meta property=\"article:published_time\" content=\"2019-05-22T10:29:37+00:00\" \/>\n<meta property=\"og:image\" content=\"https:\/\/ajeandalucia.org\/cadiz\/wp-content\/uploads\/sites\/5\/2019\/05\/JUNTA-DIRECTIVA-Y-GERENTE.jpg\" \/>\n\t<meta property=\"og:image:width\" content=\"1477\" \/>\n\t<meta property=\"og:image:height\" content=\"970\" \/>\n\t<meta property=\"og:image:type\" content=\"image\/jpeg\" \/>\n<meta name=\"author\" content=\"cadiz\" \/>\n<meta name=\"twitter:card\" content=\"summary_large_image\" \/>\n<meta name=\"twitter:label1\" content=\"Escrito por\" \/>\n\t<meta name=\"twitter:data1\" content=\"cadiz\" \/>\n\t<meta name=\"twitter:label2\" content=\"Tiempo de lectura\" \/>\n\t<meta name=\"twitter:data2\" content=\"2 minutos\" \/>\n<script type=\"application\/ld+json\" class=\"yoast-schema-graph\">{\"@context\":\"https:\/\/schema.org\",\"@graph\":[{\"@type\":\"Article\",\"@id\":\"https:\/\/ajeandalucia.org\/cadiz\/2019\/05\/22\/toma-posesion-de-la-nueva-directiva-de-aje-cadiz-liderada-por-daniel-sanchez-ayala\/#article\",\"isPartOf\":{\"@id\":\"https:\/\/ajeandalucia.org\/cadiz\/2019\/05\/22\/toma-posesion-de-la-nueva-directiva-de-aje-cadiz-liderada-por-daniel-sanchez-ayala\/\"},\"author\":{\"name\":\"cadiz\",\"@id\":\"https:\/\/ajeandalucia.org\/cadiz\/#\/schema\/person\/dce63ebda5f85792a4f3061905a9f15a\"},\"headline\":\"Toma posesi\u00f3n de la nueva directiva de AJE C\u00e1diz liderada por Daniel S\u00e1nchez Ayala\",\"datePublished\":\"2019-05-22T10:29:37+00:00\",\"mainEntityOfPage\":{\"@id\":\"https:\/\/ajeandalucia.org\/cadiz\/2019\/05\/22\/toma-posesion-de-la-nueva-directiva-de-aje-cadiz-liderada-por-daniel-sanchez-ayala\/\"},\"wordCount\":347,\"commentCount\":0,\"publisher\":{\"@id\":\"https:\/\/ajeandalucia.org\/cadiz\/#organization\"},\"image\":{\"@id\":\"https:\/\/ajeandalucia.org\/cadiz\/2019\/05\/22\/toma-posesion-de-la-nueva-directiva-de-aje-cadiz-liderada-por-daniel-sanchez-ayala\/#primaryimage\"},\"thumbnailUrl\":\"https:\/\/ajeandalucia.org\/cadiz\/wp-content\/uploads\/sites\/5\/2019\/05\/JUNTA-DIRECTIVA-Y-GERENTE.jpg\",\"articleSection\":[\"Noticias\"],\"inLanguage\":\"es\",\"potentialAction\":[{\"@type\":\"CommentAction\",\"name\":\"Comment\",\"target\":[\"https:\/\/ajeandalucia.org\/cadiz\/2019\/05\/22\/toma-posesion-de-la-nueva-directiva-de-aje-cadiz-liderada-por-daniel-sanchez-ayala\/#respond\"]}]},{\"@type\":\"WebPage\",\"@id\":\"https:\/\/ajeandalucia.org\/cadiz\/2019\/05\/22\/toma-posesion-de-la-nueva-directiva-de-aje-cadiz-liderada-por-daniel-sanchez-ayala\/\",\"url\":\"https:\/\/ajeandalucia.org\/cadiz\/2019\/05\/22\/toma-posesion-de-la-nueva-directiva-de-aje-cadiz-liderada-por-daniel-sanchez-ayala\/\",\"name\":\"Toma posesi\u00f3n de la nueva directiva de AJE C\u00e1diz liderada por Daniel S\u00e1nchez Ayala - AJE C\u00e1diz\",\"isPartOf\":{\"@id\":\"https:\/\/ajeandalucia.org\/cadiz\/#website\"},\"primaryImageOfPage\":{\"@id\":\"https:\/\/ajeandalucia.org\/cadiz\/2019\/05\/22\/toma-posesion-de-la-nueva-directiva-de-aje-cadiz-liderada-por-daniel-sanchez-ayala\/#primaryimage\"},\"image\":{\"@id\":\"https:\/\/ajeandalucia.org\/cadiz\/2019\/05\/22\/toma-posesion-de-la-nueva-directiva-de-aje-cadiz-liderada-por-daniel-sanchez-ayala\/#primaryimage\"},\"thumbnailUrl\":\"https:\/\/ajeandalucia.org\/cadiz\/wp-content\/uploads\/sites\/5\/2019\/05\/JUNTA-DIRECTIVA-Y-GERENTE.jpg\",\"datePublished\":\"2019-05-22T10:29:37+00:00\",\"breadcrumb\":{\"@id\":\"https:\/\/ajeandalucia.org\/cadiz\/2019\/05\/22\/toma-posesion-de-la-nueva-directiva-de-aje-cadiz-liderada-por-daniel-sanchez-ayala\/#breadcrumb\"},\"inLanguage\":\"es\",\"potentialAction\":[{\"@type\":\"ReadAction\",\"target\":[\"https:\/\/ajeandalucia.org\/cadiz\/2019\/05\/22\/toma-posesion-de-la-nueva-directiva-de-aje-cadiz-liderada-por-daniel-sanchez-ayala\/\"]}]},{\"@type\":\"ImageObject\",\"inLanguage\":\"es\",\"@id\":\"https:\/\/ajeandalucia.org\/cadiz\/2019\/05\/22\/toma-posesion-de-la-nueva-directiva-de-aje-cadiz-liderada-por-daniel-sanchez-ayala\/#primaryimage\",\"url\":\"https:\/\/ajeandalucia.org\/cadiz\/wp-content\/uploads\/sites\/5\/2019\/05\/JUNTA-DIRECTIVA-Y-GERENTE.jpg\",\"contentUrl\":\"https:\/\/ajeandalucia.org\/cadiz\/wp-content\/uploads\/sites\/5\/2019\/05\/JUNTA-DIRECTIVA-Y-GERENTE.jpg\",\"width\":1477,\"height\":970},{\"@type\":\"BreadcrumbList\",\"@id\":\"https:\/\/ajeandalucia.org\/cadiz\/2019\/05\/22\/toma-posesion-de-la-nueva-directiva-de-aje-cadiz-liderada-por-daniel-sanchez-ayala\/#breadcrumb\",\"itemListElement\":[{\"@type\":\"ListItem\",\"position\":1,\"name\":\"Portada\",\"item\":\"https:\/\/ajeandalucia.org\/cadiz\/\"},{\"@type\":\"ListItem\",\"position\":2,\"name\":\"Toma posesi\u00f3n de la nueva directiva de AJE C\u00e1diz liderada por Daniel S\u00e1nchez Ayala\"}]},{\"@type\":\"WebSite\",\"@id\":\"https:\/\/ajeandalucia.org\/cadiz\/#website\",\"url\":\"https:\/\/ajeandalucia.org\/cadiz\/\",\"name\":\"AJE C\u00e1diz\",\"description\":\"Otro sitio m\u00e1s de AJE Andaluc\u00eda\",\"publisher\":{\"@id\":\"https:\/\/ajeandalucia.org\/cadiz\/#organization\"},\"potentialAction\":[{\"@type\":\"SearchAction\",\"target\":{\"@type\":\"EntryPoint\",\"urlTemplate\":\"https:\/\/ajeandalucia.org\/cadiz\/?s={search_term_string}\"},\"query-input\":{\"@type\":\"PropertyValueSpecification\",\"valueRequired\":true,\"valueName\":\"search_term_string\"}}],\"inLanguage\":\"es\"},{\"@type\":\"Organization\",\"@id\":\"https:\/\/ajeandalucia.org\/cadiz\/#organization\",\"name\":\"AJE C\u00e1diz\",\"url\":\"https:\/\/ajeandalucia.org\/cadiz\/\",\"logo\":{\"@type\":\"ImageObject\",\"inLanguage\":\"es\",\"@id\":\"https:\/\/ajeandalucia.org\/cadiz\/#\/schema\/logo\/image\/\",\"url\":\"https:\/\/ajeandalucia.org\/cadiz\/wp-content\/uploads\/sites\/5\/2025\/01\/AJE-CADIZ-horizontal.png\",\"contentUrl\":\"https:\/\/ajeandalucia.org\/cadiz\/wp-content\/uploads\/sites\/5\/2025\/01\/AJE-CADIZ-horizontal.png\",\"width\":605,\"height\":200,\"caption\":\"AJE C\u00e1diz\"},\"image\":{\"@id\":\"https:\/\/ajeandalucia.org\/cadiz\/#\/schema\/logo\/image\/\"}},{\"@type\":\"Person\",\"@id\":\"https:\/\/ajeandalucia.org\/cadiz\/#\/schema\/person\/dce63ebda5f85792a4f3061905a9f15a\",\"name\":\"cadiz\",\"image\":{\"@type\":\"ImageObject\",\"inLanguage\":\"es\",\"@id\":\"https:\/\/ajeandalucia.org\/cadiz\/#\/schema\/person\/image\/\",\"url\":\"https:\/\/secure.gravatar.com\/avatar\/e60287d271698686eba86c2f7f8485140fdb3db29714804eebe944be2ec6f47b?s=96&d=mm&r=g\",\"contentUrl\":\"https:\/\/secure.gravatar.com\/avatar\/e60287d271698686eba86c2f7f8485140fdb3db29714804eebe944be2ec6f47b?s=96&d=mm&r=g\",\"caption\":\"cadiz\"},\"url\":\"https:\/\/ajeandalucia.org\/cadiz\/author\/cadiz\/\"}]}<\/script>\n<!-- \/ Yoast SEO plugin. -->","yoast_head_json":{"title":"Toma posesi\u00f3n de la nueva directiva de AJE C\u00e1diz liderada por Daniel S\u00e1nchez Ayala - AJE C\u00e1diz","robots":{"index":"index","follow":"follow","max-snippet":"max-snippet:-1","max-image-preview":"max-image-preview:large","max-video-preview":"max-video-preview:-1"},"canonical":"https:\/\/ajeandalucia.org\/cadiz\/2019\/05\/22\/toma-posesion-de-la-nueva-directiva-de-aje-cadiz-liderada-por-daniel-sanchez-ayala\/","og_locale":"es_ES","og_type":"article","og_title":"Toma posesi\u00f3n de la nueva directiva de AJE C\u00e1diz liderada por Daniel S\u00e1nchez Ayala - AJE C\u00e1diz","og_description":"El CEO de la empresa Buddha Sports, Daniel S\u00e1nchez Ayala, nuevo presidente de la Asociaci\u00f3n de J\u00f3venes Empresarios (AJE) en [&hellip;]","og_url":"https:\/\/ajeandalucia.org\/cadiz\/2019\/05\/22\/toma-posesion-de-la-nueva-directiva-de-aje-cadiz-liderada-por-daniel-sanchez-ayala\/","og_site_name":"AJE C\u00e1diz","article_published_time":"2019-05-22T10:29:37+00:00","og_image":[{"width":1477,"height":970,"url":"https:\/\/ajeandalucia.org\/cadiz\/wp-content\/uploads\/sites\/5\/2019\/05\/JUNTA-DIRECTIVA-Y-GERENTE.jpg","type":"image\/jpeg"}],"author":"cadiz","twitter_card":"summary_large_image","twitter_misc":{"Escrito por":"cadiz","Tiempo de lectura":"2 minutos"},"schema":{"@context":"https:\/\/schema.org","@graph":[{"@type":"Article","@id":"https:\/\/ajeandalucia.org\/cadiz\/2019\/05\/22\/toma-posesion-de-la-nueva-directiva-de-aje-cadiz-liderada-por-daniel-sanchez-ayala\/#article","isPartOf":{"@id":"https:\/\/ajeandalucia.org\/cadiz\/2019\/05\/22\/toma-posesion-de-la-nueva-directiva-de-aje-cadiz-liderada-por-daniel-sanchez-ayala\/"},"author":{"name":"cadiz","@id":"https:\/\/ajeandalucia.org\/cadiz\/#\/schema\/person\/dce63ebda5f85792a4f3061905a9f15a"},"headline":"Toma posesi\u00f3n de la nueva directiva de AJE C\u00e1diz liderada por Daniel S\u00e1nchez Ayala","datePublished":"2019-05-22T10:29:37+00:00","mainEntityOfPage":{"@id":"https:\/\/ajeandalucia.org\/cadiz\/2019\/05\/22\/toma-posesion-de-la-nueva-directiva-de-aje-cadiz-liderada-por-daniel-sanchez-ayala\/"},"wordCount":347,"commentCount":0,"publisher":{"@id":"https:\/\/ajeandalucia.org\/cadiz\/#organization"},"image":{"@id":"https:\/\/ajeandalucia.org\/cadiz\/2019\/05\/22\/toma-posesion-de-la-nueva-directiva-de-aje-cadiz-liderada-por-daniel-sanchez-ayala\/#primaryimage"},"thumbnailUrl":"https:\/\/ajeandalucia.org\/cadiz\/wp-content\/uploads\/sites\/5\/2019\/05\/JUNTA-DIRECTIVA-Y-GERENTE.jpg","articleSection":["Noticias"],"inLanguage":"es","potentialAction":[{"@type":"CommentAction","name":"Comment","target":["https:\/\/ajeandalucia.org\/cadiz\/2019\/05\/22\/toma-posesion-de-la-nueva-directiva-de-aje-cadiz-liderada-por-daniel-sanchez-ayala\/#respond"]}]},{"@type":"WebPage","@id":"https:\/\/ajeandalucia.org\/cadiz\/2019\/05\/22\/toma-posesion-de-la-nueva-directiva-de-aje-cadiz-liderada-por-daniel-sanchez-ayala\/","url":"https:\/\/ajeandalucia.org\/cadiz\/2019\/05\/22\/toma-posesion-de-la-nueva-directiva-de-aje-cadiz-liderada-por-daniel-sanchez-ayala\/","name":"Toma posesi\u00f3n de la nueva directiva de AJE C\u00e1diz liderada por Daniel S\u00e1nchez Ayala - AJE C\u00e1diz","isPartOf":{"@id":"https:\/\/ajeandalucia.org\/cadiz\/#website"},"primaryImageOfPage":{"@id":"https:\/\/ajeandalucia.org\/cadiz\/2019\/05\/22\/toma-posesion-de-la-nueva-directiva-de-aje-cadiz-liderada-por-daniel-sanchez-ayala\/#primaryimage"},"image":{"@id":"https:\/\/ajeandalucia.org\/cadiz\/2019\/05\/22\/toma-posesion-de-la-nueva-directiva-de-aje-cadiz-liderada-por-daniel-sanchez-ayala\/#primaryimage"},"thumbnailUrl":"https:\/\/ajeandalucia.org\/cadiz\/wp-content\/uploads\/sites\/5\/2019\/05\/JUNTA-DIRECTIVA-Y-GERENTE.jpg","datePublished":"2019-05-22T10:29:37+00:00","breadcrumb":{"@id":"https:\/\/ajeandalucia.org\/cadiz\/2019\/05\/22\/toma-posesion-de-la-nueva-directiva-de-aje-cadiz-liderada-por-daniel-sanchez-ayala\/#breadcrumb"},"inLanguage":"es","potentialAction":[{"@type":"ReadAction","target":["https:\/\/ajeandalucia.org\/cadiz\/2019\/05\/22\/toma-posesion-de-la-nueva-directiva-de-aje-cadiz-liderada-por-daniel-sanchez-ayala\/"]}]},{"@type":"ImageObject","inLanguage":"es","@id":"https:\/\/ajeandalucia.org\/cadiz\/2019\/05\/22\/toma-posesion-de-la-nueva-directiva-de-aje-cadiz-liderada-por-daniel-sanchez-ayala\/#primaryimage","url":"https:\/\/ajeandalucia.org\/cadiz\/wp-content\/uploads\/sites\/5\/2019\/05\/JUNTA-DIRECTIVA-Y-GERENTE.jpg","contentUrl":"https:\/\/ajeandalucia.org\/cadiz\/wp-content\/uploads\/sites\/5\/2019\/05\/JUNTA-DIRECTIVA-Y-GERENTE.jpg","width":1477,"height":970},{"@type":"BreadcrumbList","@id":"https:\/\/ajeandalucia.org\/cadiz\/2019\/05\/22\/toma-posesion-de-la-nueva-directiva-de-aje-cadiz-liderada-por-daniel-sanchez-ayala\/#breadcrumb","itemListElement":[{"@type":"ListItem","position":1,"name":"Portada","item":"https:\/\/ajeandalucia.org\/cadiz\/"},{"@type":"ListItem","position":2,"name":"Toma posesi\u00f3n de la nueva directiva de AJE C\u00e1diz liderada por Daniel S\u00e1nchez Ayala"}]},{"@type":"WebSite","@id":"https:\/\/ajeandalucia.org\/cadiz\/#website","url":"https:\/\/ajeandalucia.org\/cadiz\/","name":"AJE C\u00e1diz","description":"Otro sitio m\u00e1s de AJE Andaluc\u00eda","publisher":{"@id":"https:\/\/ajeandalucia.org\/cadiz\/#organization"},"potentialAction":[{"@type":"SearchAction","target":{"@type":"EntryPoint","urlTemplate":"https:\/\/ajeandalucia.org\/cadiz\/?s={search_term_string}"},"query-input":{"@type":"PropertyValueSpecification","valueRequired":true,"valueName":"search_term_string"}}],"inLanguage":"es"},{"@type":"Organization","@id":"https:\/\/ajeandalucia.org\/cadiz\/#organization","name":"AJE C\u00e1diz","url":"https:\/\/ajeandalucia.org\/cadiz\/","logo":{"@type":"ImageObject","inLanguage":"es","@id":"https:\/\/ajeandalucia.org\/cadiz\/#\/schema\/logo\/image\/","url":"https:\/\/ajeandalucia.org\/cadiz\/wp-content\/uploads\/sites\/5\/2025\/01\/AJE-CADIZ-horizontal.png","contentUrl":"https:\/\/ajeandalucia.org\/cadiz\/wp-content\/uploads\/sites\/5\/2025\/01\/AJE-CADIZ-horizontal.png","width":605,"height":200,"caption":"AJE C\u00e1diz"},"image":{"@id":"https:\/\/ajeandalucia.org\/cadiz\/#\/schema\/logo\/image\/"}},{"@type":"Person","@id":"https:\/\/ajeandalucia.org\/cadiz\/#\/schema\/person\/dce63ebda5f85792a4f3061905a9f15a","name":"cadiz","image":{"@type":"ImageObject","inLanguage":"es","@id":"https:\/\/ajeandalucia.org\/cadiz\/#\/schema\/person\/image\/","url":"https:\/\/secure.gravatar.com\/avatar\/e60287d271698686eba86c2f7f8485140fdb3db29714804eebe944be2ec6f47b?s=96&d=mm&r=g","contentUrl":"https:\/\/secure.gravatar.com\/avatar\/e60287d271698686eba86c2f7f8485140fdb3db29714804eebe944be2ec6f47b?s=96&d=mm&r=g","caption":"cadiz"},"url":"https:\/\/ajeandalucia.org\/cadiz\/author\/cadiz\/"}]}},"_links":{"self":[{"href":"https:\/\/ajeandalucia.org\/cadiz\/wp-json\/wp\/v2\/posts\/1026","targetHints":{"allow":["GET"]}}],"collection":[{"href":"https:\/\/ajeandalucia.org\/cadiz\/wp-json\/wp\/v2\/posts"}],"about":[{"href":"https:\/\/ajeandalucia.org\/cadiz\/wp-json\/wp\/v2\/types\/post"}],"author":[{"embeddable":true,"href":"https:\/\/ajeandalucia.org\/cadiz\/wp-json\/wp\/v2\/users\/4"}],"replies":[{"embeddable":true,"href":"https:\/\/ajeandalucia.org\/cadiz\/wp-json\/wp\/v2\/comments?post=1026"}],"version-history":[{"count":1,"href":"https:\/\/ajeandalucia.org\/cadiz\/wp-json\/wp\/v2\/posts\/1026\/revisions"}],"predecessor-version":[{"id":1028,"href":"https:\/\/ajeandalucia.org\/cadiz\/wp-json\/wp\/v2\/posts\/1026\/revisions\/1028"}],"wp:featuredmedia":[{"embeddable":true,"href":"https:\/\/ajeandalucia.org\/cadiz\/wp-json\/wp\/v2\/media\/1027"}],"wp:attachment":[{"href":"https:\/\/ajeandalucia.org\/cadiz\/wp-json\/wp\/v2\/media?parent=1026"}],"wp:term":[{"taxonomy":"category","embeddable":true,"href":"https:\/\/ajeandalucia.org\/cadiz\/wp-json\/wp\/v2\/categories?post=1026"},{"taxonomy":"post_tag","embeddable":true,"href":"https:\/\/ajeandalucia.org\/cadiz\/wp-json\/wp\/v2\/tags?post=1026"}],"curies":[{"name":"wp","href":"https:\/\/api.w.org\/{rel}","templated":true}]}}