{"id":1043,"date":"2019-06-04T17:27:32","date_gmt":"2019-06-04T17:27:32","guid":{"rendered":"http:\/\/www.ajeandalucia.org\/cadiz\/?p=1043"},"modified":"2019-06-10T17:31:28","modified_gmt":"2019-06-10T17:31:28","slug":"foros-de-inversion-para-emprendedores-aje-andalucia","status":"publish","type":"post","link":"https:\/\/ajeandalucia.org\/cadiz\/2019\/06\/04\/foros-de-inversion-para-emprendedores-aje-andalucia\/","title":{"rendered":"FOROS DE INVERSI\u00d3N PARA EMPRENDEDORES &#8211; AJE ANDALUC\u00cdA"},"content":{"rendered":"<p>La Confederaci\u00f3n de Empresarios de Andaluc\u00eda (CEA) va a celebrar\u00a0<strong>5\u00a0Foros de Inversi\u00f3n\u00a0<\/strong>dirigidos a emprendedores de toda Andaluc\u00eda, con el fin de facilitar que puedan acelerar la constituci\u00f3n y puesta en marcha de nuevos proyectos empresariales.<\/p>\n<p>Esta iniciativa forma parte de las actividades del proyecto \u00ab<strong>Fomento de la Cultura Emprendedora y del Autoempleo\u00bb (CEA+Empresas)<\/strong>, que la CEA desarrolla en colaboraci\u00f3n con sus Organizaciones Territoriales y con la financiaci\u00f3n de la Consejer\u00eda de Econom\u00eda, Conocimiento, Empresas y Universidad de la Junta de Andaluc\u00eda.<\/p>\n<p>El objetivo de los mismos es promover el desarrollo de nuevas empresas, poniendo a disposici\u00f3n de las personas emprendedoras un espacio para facilitar la inversi\u00f3n privada de los proyectos empresariales.<\/p>\n<p>Para ello, estos Foros contar\u00e1n con:<\/p>\n<p>\u25a0 Ponencia sobre c\u00f3mo\u00a0conseguir inversi\u00f3n para las empresas.<\/p>\n<p>\u25a0 Elevator Pitch\u00a0en el que 20\u00a0proyectos seleccionados ser\u00e1n presentados ante una Ronda de Financiaci\u00f3n<\/p>\n<p>\u25a0 Breakfast Networking<\/p>\n<p>\u25a0 Encuentros de negocios B2b\u00a0para todos los asistentes al Foro<\/p>\n<p>&nbsp;<\/p>\n<p>Los Foros se celebrar\u00e1n en\u00a0<strong>C\u00e1diz, C\u00f3rdoba,\u00a0Granada, M\u00e1laga y Sevilla\u00a0<\/strong>conforme al siguiente calendario:<\/p>\n<p>\u25a0 Foro de Inversi\u00f3n para Emprendedores en Granada, 28\u00a0de junio de 2019<\/p>\n<p>\u25a0 Foro de Inversi\u00f3n para Emprendedores en C\u00f3rdoba, 2\u00a0de julio de 2019<\/p>\n<p>\u25a0 Foro de Inversi\u00f3n para Emprendedores en C\u00e1diz, 11\u00a0de julio de 2019<\/p>\n<p>\u25a0 Foro de Inversi\u00f3n\u00a0para Emprendedores en M\u00e1laga, 18 de julio de 2019<\/p>\n<p>\u25a0 Foro de Inversi\u00f3n para Emprendedores en Sevilla, 20\u00a0de septiembre\u00a0de 2019<\/p>\n<p>Para mayor informaci\u00f3n sobre el programa de los mismos, pinche\u00a0<a href=\"http:\/\/www.ajeandalucia.org\/masempresas-cea\/\" target=\"_blank\" rel=\"nofollow noopener\"><strong>aqu\u00ed<\/strong><\/a><strong>.<\/strong><\/p>\n<p>Esta actividad es gratuita y para su mejor rendimiento, tendr\u00e1 una\u00a0<strong>participaci\u00f3n limitada,\u00a0<\/strong>existiendo\u00a0<strong>dos tipos de inscripciones<\/strong>, una como asistente al foro, y otra espec\u00edfica para la presentaci\u00f3n de proyectos empresariales ante la Ronda de Inversores.<\/p>\n","protected":false},"excerpt":{"rendered":"<p>La Confederaci\u00f3n de Empresarios de Andaluc\u00eda (CEA) va a celebrar\u00a05\u00a0Foros de Inversi\u00f3n\u00a0dirigidos a emprendedores de toda Andaluc\u00eda, con el fin [&hellip;]<\/p>\n","protected":false},"author":4,"featured_media":1044,"comment_status":"open","ping_status":"open","sticky":false,"template":"","format":"standard","meta":{"_acf_changed":false,"site-sidebar-layout":"default","site-content-layout":"","ast-site-content-layout":"default","site-content-style":"default","site-sidebar-style":"default","ast-global-header-display":"","ast-banner-title-visibility":"","ast-main-header-display":"","ast-hfb-above-header-display":"","ast-hfb-below-header-display":"","ast-hfb-mobile-header-display":"","site-post-title":"","ast-breadcrumbs-content":"","ast-featured-img":"","footer-sml-layout":"","ast-disable-related-posts":"","theme-transparent-header-meta":"","adv-header-id-meta":"","stick-header-meta":"","header-above-stick-meta":"","header-main-stick-meta":"","header-below-stick-meta":"","astra-migrate-meta-layouts":"default","ast-page-background-enabled":"default","ast-page-background-meta":{"desktop":{"background-color":"var(--ast-global-color-5)","background-image":"","background-repeat":"repeat","background-position":"center center","background-size":"auto","background-attachment":"scroll","background-type":"","background-media":"","overlay-type":"","overlay-color":"","overlay-opacity":"","overlay-gradient":""},"tablet":{"background-color":"","background-image":"","background-repeat":"repeat","background-position":"center center","background-size":"auto","background-attachment":"scroll","background-type":"","background-media":"","overlay-type":"","overlay-color":"","overlay-opacity":"","overlay-gradient":""},"mobile":{"background-color":"","background-image":"","background-repeat":"repeat","background-position":"center center","background-size":"auto","background-attachment":"scroll","background-type":"","background-media":"","overlay-type":"","overlay-color":"","overlay-opacity":"","overlay-gradient":""}},"ast-content-background-meta":{"desktop":{"background-color":"var(--ast-global-color-4)","background-image":"","background-repeat":"repeat","background-position":"center center","background-size":"auto","background-attachment":"scroll","background-type":"","background-media":"","overlay-type":"","overlay-color":"","overlay-opacity":"","overlay-gradient":""},"tablet":{"background-color":"var(--ast-global-color-4)","background-image":"","background-repeat":"repeat","background-position":"center center","background-size":"auto","background-attachment":"scroll","background-type":"","background-media":"","overlay-type":"","overlay-color":"","overlay-opacity":"","overlay-gradient":""},"mobile":{"background-color":"var(--ast-global-color-4)","background-image":"","background-repeat":"repeat","background-position":"center center","background-size":"auto","background-attachment":"scroll","background-type":"","background-media":"","overlay-type":"","overlay-color":"","overlay-opacity":"","overlay-gradient":""}},"footnotes":""},"categories":[8],"tags":[],"class_list":["post-1043","post","type-post","status-publish","format-standard","has-post-thumbnail","hentry","category-noticias"],"acf":[],"yoast_head":"<!-- This site is optimized with the Yoast SEO plugin v26.9 - https:\/\/yoast.com\/product\/yoast-seo-wordpress\/ -->\n<title>FOROS DE INVERSI\u00d3N PARA EMPRENDEDORES - AJE ANDALUC\u00cdA - AJE C\u00e1diz<\/title>\n<meta name=\"robots\" content=\"index, follow, max-snippet:-1, max-image-preview:large, max-video-preview:-1\" \/>\n<link rel=\"canonical\" href=\"https:\/\/ajeandalucia.org\/cadiz\/2019\/06\/04\/foros-de-inversion-para-emprendedores-aje-andalucia\/\" \/>\n<meta property=\"og:locale\" content=\"es_ES\" \/>\n<meta property=\"og:type\" content=\"article\" \/>\n<meta property=\"og:title\" content=\"FOROS DE INVERSI\u00d3N PARA EMPRENDEDORES - AJE ANDALUC\u00cdA - AJE C\u00e1diz\" \/>\n<meta property=\"og:description\" content=\"La Confederaci\u00f3n de Empresarios de Andaluc\u00eda (CEA) va a celebrar\u00a05\u00a0Foros de Inversi\u00f3n\u00a0dirigidos a emprendedores de toda Andaluc\u00eda, con el fin [&hellip;]\" \/>\n<meta property=\"og:url\" content=\"https:\/\/ajeandalucia.org\/cadiz\/2019\/06\/04\/foros-de-inversion-para-emprendedores-aje-andalucia\/\" \/>\n<meta property=\"og:site_name\" content=\"AJE C\u00e1diz\" \/>\n<meta property=\"article:published_time\" content=\"2019-06-04T17:27:32+00:00\" \/>\n<meta property=\"article:modified_time\" content=\"2019-06-10T17:31:28+00:00\" \/>\n<meta property=\"og:image\" content=\"https:\/\/ajeandalucia.org\/cadiz\/wp-content\/uploads\/sites\/5\/2019\/06\/fondo-ceaBLANCO.png\" \/>\n\t<meta property=\"og:image:width\" content=\"1920\" \/>\n\t<meta property=\"og:image:height\" content=\"1080\" \/>\n\t<meta property=\"og:image:type\" content=\"image\/png\" \/>\n<meta name=\"author\" content=\"cadiz\" \/>\n<meta name=\"twitter:card\" content=\"summary_large_image\" \/>\n<meta name=\"twitter:label1\" content=\"Escrito por\" \/>\n\t<meta name=\"twitter:data1\" content=\"cadiz\" \/>\n\t<meta name=\"twitter:label2\" content=\"Tiempo de lectura\" \/>\n\t<meta name=\"twitter:data2\" content=\"2 minutos\" \/>\n<script type=\"application\/ld+json\" class=\"yoast-schema-graph\">{\"@context\":\"https:\/\/schema.org\",\"@graph\":[{\"@type\":\"Article\",\"@id\":\"https:\/\/ajeandalucia.org\/cadiz\/2019\/06\/04\/foros-de-inversion-para-emprendedores-aje-andalucia\/#article\",\"isPartOf\":{\"@id\":\"https:\/\/ajeandalucia.org\/cadiz\/2019\/06\/04\/foros-de-inversion-para-emprendedores-aje-andalucia\/\"},\"author\":{\"name\":\"cadiz\",\"@id\":\"https:\/\/ajeandalucia.org\/cadiz\/#\/schema\/person\/dce63ebda5f85792a4f3061905a9f15a\"},\"headline\":\"FOROS DE INVERSI\u00d3N PARA EMPRENDEDORES &#8211; AJE ANDALUC\u00cdA\",\"datePublished\":\"2019-06-04T17:27:32+00:00\",\"dateModified\":\"2019-06-10T17:31:28+00:00\",\"mainEntityOfPage\":{\"@id\":\"https:\/\/ajeandalucia.org\/cadiz\/2019\/06\/04\/foros-de-inversion-para-emprendedores-aje-andalucia\/\"},\"wordCount\":312,\"commentCount\":0,\"publisher\":{\"@id\":\"https:\/\/ajeandalucia.org\/cadiz\/#organization\"},\"image\":{\"@id\":\"https:\/\/ajeandalucia.org\/cadiz\/2019\/06\/04\/foros-de-inversion-para-emprendedores-aje-andalucia\/#primaryimage\"},\"thumbnailUrl\":\"https:\/\/ajeandalucia.org\/cadiz\/wp-content\/uploads\/sites\/5\/2019\/06\/fondo-ceaBLANCO.png\",\"articleSection\":[\"Noticias\"],\"inLanguage\":\"es\",\"potentialAction\":[{\"@type\":\"CommentAction\",\"name\":\"Comment\",\"target\":[\"https:\/\/ajeandalucia.org\/cadiz\/2019\/06\/04\/foros-de-inversion-para-emprendedores-aje-andalucia\/#respond\"]}]},{\"@type\":\"WebPage\",\"@id\":\"https:\/\/ajeandalucia.org\/cadiz\/2019\/06\/04\/foros-de-inversion-para-emprendedores-aje-andalucia\/\",\"url\":\"https:\/\/ajeandalucia.org\/cadiz\/2019\/06\/04\/foros-de-inversion-para-emprendedores-aje-andalucia\/\",\"name\":\"FOROS DE INVERSI\u00d3N PARA EMPRENDEDORES - AJE ANDALUC\u00cdA - AJE C\u00e1diz\",\"isPartOf\":{\"@id\":\"https:\/\/ajeandalucia.org\/cadiz\/#website\"},\"primaryImageOfPage\":{\"@id\":\"https:\/\/ajeandalucia.org\/cadiz\/2019\/06\/04\/foros-de-inversion-para-emprendedores-aje-andalucia\/#primaryimage\"},\"image\":{\"@id\":\"https:\/\/ajeandalucia.org\/cadiz\/2019\/06\/04\/foros-de-inversion-para-emprendedores-aje-andalucia\/#primaryimage\"},\"thumbnailUrl\":\"https:\/\/ajeandalucia.org\/cadiz\/wp-content\/uploads\/sites\/5\/2019\/06\/fondo-ceaBLANCO.png\",\"datePublished\":\"2019-06-04T17:27:32+00:00\",\"dateModified\":\"2019-06-10T17:31:28+00:00\",\"breadcrumb\":{\"@id\":\"https:\/\/ajeandalucia.org\/cadiz\/2019\/06\/04\/foros-de-inversion-para-emprendedores-aje-andalucia\/#breadcrumb\"},\"inLanguage\":\"es\",\"potentialAction\":[{\"@type\":\"ReadAction\",\"target\":[\"https:\/\/ajeandalucia.org\/cadiz\/2019\/06\/04\/foros-de-inversion-para-emprendedores-aje-andalucia\/\"]}]},{\"@type\":\"ImageObject\",\"inLanguage\":\"es\",\"@id\":\"https:\/\/ajeandalucia.org\/cadiz\/2019\/06\/04\/foros-de-inversion-para-emprendedores-aje-andalucia\/#primaryimage\",\"url\":\"https:\/\/ajeandalucia.org\/cadiz\/wp-content\/uploads\/sites\/5\/2019\/06\/fondo-ceaBLANCO.png\",\"contentUrl\":\"https:\/\/ajeandalucia.org\/cadiz\/wp-content\/uploads\/sites\/5\/2019\/06\/fondo-ceaBLANCO.png\",\"width\":1920,\"height\":1080},{\"@type\":\"BreadcrumbList\",\"@id\":\"https:\/\/ajeandalucia.org\/cadiz\/2019\/06\/04\/foros-de-inversion-para-emprendedores-aje-andalucia\/#breadcrumb\",\"itemListElement\":[{\"@type\":\"ListItem\",\"position\":1,\"name\":\"Portada\",\"item\":\"https:\/\/ajeandalucia.org\/cadiz\/\"},{\"@type\":\"ListItem\",\"position\":2,\"name\":\"FOROS DE INVERSI\u00d3N PARA EMPRENDEDORES &#8211; AJE ANDALUC\u00cdA\"}]},{\"@type\":\"WebSite\",\"@id\":\"https:\/\/ajeandalucia.org\/cadiz\/#website\",\"url\":\"https:\/\/ajeandalucia.org\/cadiz\/\",\"name\":\"AJE C\u00e1diz\",\"description\":\"Otro sitio m\u00e1s de AJE Andaluc\u00eda\",\"publisher\":{\"@id\":\"https:\/\/ajeandalucia.org\/cadiz\/#organization\"},\"potentialAction\":[{\"@type\":\"SearchAction\",\"target\":{\"@type\":\"EntryPoint\",\"urlTemplate\":\"https:\/\/ajeandalucia.org\/cadiz\/?s={search_term_string}\"},\"query-input\":{\"@type\":\"PropertyValueSpecification\",\"valueRequired\":true,\"valueName\":\"search_term_string\"}}],\"inLanguage\":\"es\"},{\"@type\":\"Organization\",\"@id\":\"https:\/\/ajeandalucia.org\/cadiz\/#organization\",\"name\":\"AJE C\u00e1diz\",\"url\":\"https:\/\/ajeandalucia.org\/cadiz\/\",\"logo\":{\"@type\":\"ImageObject\",\"inLanguage\":\"es\",\"@id\":\"https:\/\/ajeandalucia.org\/cadiz\/#\/schema\/logo\/image\/\",\"url\":\"https:\/\/ajeandalucia.org\/cadiz\/wp-content\/uploads\/sites\/5\/2025\/01\/AJE-CADIZ-horizontal.png\",\"contentUrl\":\"https:\/\/ajeandalucia.org\/cadiz\/wp-content\/uploads\/sites\/5\/2025\/01\/AJE-CADIZ-horizontal.png\",\"width\":605,\"height\":200,\"caption\":\"AJE C\u00e1diz\"},\"image\":{\"@id\":\"https:\/\/ajeandalucia.org\/cadiz\/#\/schema\/logo\/image\/\"}},{\"@type\":\"Person\",\"@id\":\"https:\/\/ajeandalucia.org\/cadiz\/#\/schema\/person\/dce63ebda5f85792a4f3061905a9f15a\",\"name\":\"cadiz\",\"image\":{\"@type\":\"ImageObject\",\"inLanguage\":\"es\",\"@id\":\"https:\/\/ajeandalucia.org\/cadiz\/#\/schema\/person\/image\/\",\"url\":\"https:\/\/secure.gravatar.com\/avatar\/e60287d271698686eba86c2f7f8485140fdb3db29714804eebe944be2ec6f47b?s=96&d=mm&r=g\",\"contentUrl\":\"https:\/\/secure.gravatar.com\/avatar\/e60287d271698686eba86c2f7f8485140fdb3db29714804eebe944be2ec6f47b?s=96&d=mm&r=g\",\"caption\":\"cadiz\"},\"url\":\"https:\/\/ajeandalucia.org\/cadiz\/author\/cadiz\/\"}]}<\/script>\n<!-- \/ Yoast SEO plugin. -->","yoast_head_json":{"title":"FOROS DE INVERSI\u00d3N PARA EMPRENDEDORES - AJE ANDALUC\u00cdA - AJE C\u00e1diz","robots":{"index":"index","follow":"follow","max-snippet":"max-snippet:-1","max-image-preview":"max-image-preview:large","max-video-preview":"max-video-preview:-1"},"canonical":"https:\/\/ajeandalucia.org\/cadiz\/2019\/06\/04\/foros-de-inversion-para-emprendedores-aje-andalucia\/","og_locale":"es_ES","og_type":"article","og_title":"FOROS DE INVERSI\u00d3N PARA EMPRENDEDORES - AJE ANDALUC\u00cdA - AJE C\u00e1diz","og_description":"La Confederaci\u00f3n de Empresarios de Andaluc\u00eda (CEA) va a celebrar\u00a05\u00a0Foros de Inversi\u00f3n\u00a0dirigidos a emprendedores de toda Andaluc\u00eda, con el fin [&hellip;]","og_url":"https:\/\/ajeandalucia.org\/cadiz\/2019\/06\/04\/foros-de-inversion-para-emprendedores-aje-andalucia\/","og_site_name":"AJE C\u00e1diz","article_published_time":"2019-06-04T17:27:32+00:00","article_modified_time":"2019-06-10T17:31:28+00:00","og_image":[{"width":1920,"height":1080,"url":"https:\/\/ajeandalucia.org\/cadiz\/wp-content\/uploads\/sites\/5\/2019\/06\/fondo-ceaBLANCO.png","type":"image\/png"}],"author":"cadiz","twitter_card":"summary_large_image","twitter_misc":{"Escrito por":"cadiz","Tiempo de lectura":"2 minutos"},"schema":{"@context":"https:\/\/schema.org","@graph":[{"@type":"Article","@id":"https:\/\/ajeandalucia.org\/cadiz\/2019\/06\/04\/foros-de-inversion-para-emprendedores-aje-andalucia\/#article","isPartOf":{"@id":"https:\/\/ajeandalucia.org\/cadiz\/2019\/06\/04\/foros-de-inversion-para-emprendedores-aje-andalucia\/"},"author":{"name":"cadiz","@id":"https:\/\/ajeandalucia.org\/cadiz\/#\/schema\/person\/dce63ebda5f85792a4f3061905a9f15a"},"headline":"FOROS DE INVERSI\u00d3N PARA EMPRENDEDORES &#8211; AJE ANDALUC\u00cdA","datePublished":"2019-06-04T17:27:32+00:00","dateModified":"2019-06-10T17:31:28+00:00","mainEntityOfPage":{"@id":"https:\/\/ajeandalucia.org\/cadiz\/2019\/06\/04\/foros-de-inversion-para-emprendedores-aje-andalucia\/"},"wordCount":312,"commentCount":0,"publisher":{"@id":"https:\/\/ajeandalucia.org\/cadiz\/#organization"},"image":{"@id":"https:\/\/ajeandalucia.org\/cadiz\/2019\/06\/04\/foros-de-inversion-para-emprendedores-aje-andalucia\/#primaryimage"},"thumbnailUrl":"https:\/\/ajeandalucia.org\/cadiz\/wp-content\/uploads\/sites\/5\/2019\/06\/fondo-ceaBLANCO.png","articleSection":["Noticias"],"inLanguage":"es","potentialAction":[{"@type":"CommentAction","name":"Comment","target":["https:\/\/ajeandalucia.org\/cadiz\/2019\/06\/04\/foros-de-inversion-para-emprendedores-aje-andalucia\/#respond"]}]},{"@type":"WebPage","@id":"https:\/\/ajeandalucia.org\/cadiz\/2019\/06\/04\/foros-de-inversion-para-emprendedores-aje-andalucia\/","url":"https:\/\/ajeandalucia.org\/cadiz\/2019\/06\/04\/foros-de-inversion-para-emprendedores-aje-andalucia\/","name":"FOROS DE INVERSI\u00d3N PARA EMPRENDEDORES - AJE ANDALUC\u00cdA - AJE C\u00e1diz","isPartOf":{"@id":"https:\/\/ajeandalucia.org\/cadiz\/#website"},"primaryImageOfPage":{"@id":"https:\/\/ajeandalucia.org\/cadiz\/2019\/06\/04\/foros-de-inversion-para-emprendedores-aje-andalucia\/#primaryimage"},"image":{"@id":"https:\/\/ajeandalucia.org\/cadiz\/2019\/06\/04\/foros-de-inversion-para-emprendedores-aje-andalucia\/#primaryimage"},"thumbnailUrl":"https:\/\/ajeandalucia.org\/cadiz\/wp-content\/uploads\/sites\/5\/2019\/06\/fondo-ceaBLANCO.png","datePublished":"2019-06-04T17:27:32+00:00","dateModified":"2019-06-10T17:31:28+00:00","breadcrumb":{"@id":"https:\/\/ajeandalucia.org\/cadiz\/2019\/06\/04\/foros-de-inversion-para-emprendedores-aje-andalucia\/#breadcrumb"},"inLanguage":"es","potentialAction":[{"@type":"ReadAction","target":["https:\/\/ajeandalucia.org\/cadiz\/2019\/06\/04\/foros-de-inversion-para-emprendedores-aje-andalucia\/"]}]},{"@type":"ImageObject","inLanguage":"es","@id":"https:\/\/ajeandalucia.org\/cadiz\/2019\/06\/04\/foros-de-inversion-para-emprendedores-aje-andalucia\/#primaryimage","url":"https:\/\/ajeandalucia.org\/cadiz\/wp-content\/uploads\/sites\/5\/2019\/06\/fondo-ceaBLANCO.png","contentUrl":"https:\/\/ajeandalucia.org\/cadiz\/wp-content\/uploads\/sites\/5\/2019\/06\/fondo-ceaBLANCO.png","width":1920,"height":1080},{"@type":"BreadcrumbList","@id":"https:\/\/ajeandalucia.org\/cadiz\/2019\/06\/04\/foros-de-inversion-para-emprendedores-aje-andalucia\/#breadcrumb","itemListElement":[{"@type":"ListItem","position":1,"name":"Portada","item":"https:\/\/ajeandalucia.org\/cadiz\/"},{"@type":"ListItem","position":2,"name":"FOROS DE INVERSI\u00d3N PARA EMPRENDEDORES &#8211; AJE ANDALUC\u00cdA"}]},{"@type":"WebSite","@id":"https:\/\/ajeandalucia.org\/cadiz\/#website","url":"https:\/\/ajeandalucia.org\/cadiz\/","name":"AJE C\u00e1diz","description":"Otro sitio m\u00e1s de AJE Andaluc\u00eda","publisher":{"@id":"https:\/\/ajeandalucia.org\/cadiz\/#organization"},"potentialAction":[{"@type":"SearchAction","target":{"@type":"EntryPoint","urlTemplate":"https:\/\/ajeandalucia.org\/cadiz\/?s={search_term_string}"},"query-input":{"@type":"PropertyValueSpecification","valueRequired":true,"valueName":"search_term_string"}}],"inLanguage":"es"},{"@type":"Organization","@id":"https:\/\/ajeandalucia.org\/cadiz\/#organization","name":"AJE C\u00e1diz","url":"https:\/\/ajeandalucia.org\/cadiz\/","logo":{"@type":"ImageObject","inLanguage":"es","@id":"https:\/\/ajeandalucia.org\/cadiz\/#\/schema\/logo\/image\/","url":"https:\/\/ajeandalucia.org\/cadiz\/wp-content\/uploads\/sites\/5\/2025\/01\/AJE-CADIZ-horizontal.png","contentUrl":"https:\/\/ajeandalucia.org\/cadiz\/wp-content\/uploads\/sites\/5\/2025\/01\/AJE-CADIZ-horizontal.png","width":605,"height":200,"caption":"AJE C\u00e1diz"},"image":{"@id":"https:\/\/ajeandalucia.org\/cadiz\/#\/schema\/logo\/image\/"}},{"@type":"Person","@id":"https:\/\/ajeandalucia.org\/cadiz\/#\/schema\/person\/dce63ebda5f85792a4f3061905a9f15a","name":"cadiz","image":{"@type":"ImageObject","inLanguage":"es","@id":"https:\/\/ajeandalucia.org\/cadiz\/#\/schema\/person\/image\/","url":"https:\/\/secure.gravatar.com\/avatar\/e60287d271698686eba86c2f7f8485140fdb3db29714804eebe944be2ec6f47b?s=96&d=mm&r=g","contentUrl":"https:\/\/secure.gravatar.com\/avatar\/e60287d271698686eba86c2f7f8485140fdb3db29714804eebe944be2ec6f47b?s=96&d=mm&r=g","caption":"cadiz"},"url":"https:\/\/ajeandalucia.org\/cadiz\/author\/cadiz\/"}]}},"_links":{"self":[{"href":"https:\/\/ajeandalucia.org\/cadiz\/wp-json\/wp\/v2\/posts\/1043","targetHints":{"allow":["GET"]}}],"collection":[{"href":"https:\/\/ajeandalucia.org\/cadiz\/wp-json\/wp\/v2\/posts"}],"about":[{"href":"https:\/\/ajeandalucia.org\/cadiz\/wp-json\/wp\/v2\/types\/post"}],"author":[{"embeddable":true,"href":"https:\/\/ajeandalucia.org\/cadiz\/wp-json\/wp\/v2\/users\/4"}],"replies":[{"embeddable":true,"href":"https:\/\/ajeandalucia.org\/cadiz\/wp-json\/wp\/v2\/comments?post=1043"}],"version-history":[{"count":1,"href":"https:\/\/ajeandalucia.org\/cadiz\/wp-json\/wp\/v2\/posts\/1043\/revisions"}],"predecessor-version":[{"id":1045,"href":"https:\/\/ajeandalucia.org\/cadiz\/wp-json\/wp\/v2\/posts\/1043\/revisions\/1045"}],"wp:featuredmedia":[{"embeddable":true,"href":"https:\/\/ajeandalucia.org\/cadiz\/wp-json\/wp\/v2\/media\/1044"}],"wp:attachment":[{"href":"https:\/\/ajeandalucia.org\/cadiz\/wp-json\/wp\/v2\/media?parent=1043"}],"wp:term":[{"taxonomy":"category","embeddable":true,"href":"https:\/\/ajeandalucia.org\/cadiz\/wp-json\/wp\/v2\/categories?post=1043"},{"taxonomy":"post_tag","embeddable":true,"href":"https:\/\/ajeandalucia.org\/cadiz\/wp-json\/wp\/v2\/tags?post=1043"}],"curies":[{"name":"wp","href":"https:\/\/api.w.org\/{rel}","templated":true}]}}