{"id":1109,"date":"2019-10-18T11:17:25","date_gmt":"2019-10-18T11:17:25","guid":{"rendered":"http:\/\/www.ajeandalucia.org\/cadiz\/?p=1109"},"modified":"2019-11-21T10:45:38","modified_gmt":"2019-11-21T10:45:38","slug":"aje-cadiz-a-la-vanguardia-en-el-fomento-del-emprendimiento","status":"publish","type":"post","link":"https:\/\/ajeandalucia.org\/cadiz\/2019\/10\/18\/aje-cadiz-a-la-vanguardia-en-el-fomento-del-emprendimiento\/","title":{"rendered":"AJE C\u00e1diz, a la vanguardia en el fomento del emprendimiento"},"content":{"rendered":"<p><em>Los j\u00f3venes empresarios gaditanos acercan a los centros educativos y a j\u00f3venes gaditanos la iniciativa \u2018Emprende y crea tu futuro\u2019<\/em><\/p>\n<p><em>\u00a0<\/em><\/p>\n<p>La Asociaci\u00f3n de J\u00f3venes Empresarios de C\u00e1diz \u2013AJE C\u00e1diz- lidera el fomento del emprendimiento en la provincia de C\u00e1diz con su iniciativa \u2018Emprende y crea tu futuro\u2019 as\u00ed como otras acciones que persiguen animar a los j\u00f3venes estudiantes gaditanos a optar por el emprendimiento como salida laboral, es el caso del evento de Marketing de Influencers organizado hace unas semanas y que congreg\u00f3 a numerosos j\u00f3venes con el fin de conocer otro tipo de acci\u00f3n emprendedora. En este sentido, desde AJE C\u00e1diz recuerdan tambi\u00e9n el apoyo de la Diputaci\u00f3n de C\u00e1diz para llevar a cabo estas acciones por toda la provincia.<\/p>\n<p>&nbsp;<\/p>\n<p>Hasta el momento, la iniciativa \u2018Emprende y crea tu futuro\u2019 se ha llevado a cabo en la II Feria de Ciclos Formativos de la Sierra de C\u00e1diz, en unas jornadas celebradas en el IES Carlos III de Prado del Rey y en una serie de acciones que se han celebrado en\u00a0C\u00e1diz: Markerting de Influencers el 3 de julio, el Speed Networking del 23 de junio y\u00a0un Encuentro de Negocios Avanzado con\u00a0la conferencia del experto en Marketing Digital, Mill\u00e1n Andreu, para posicionar una empresa gracias a la herramienta de Facebook Ads. Tambi\u00e9n se realiz\u00f3 una jornada de sensibilizaci\u00f3n &#8220;Emprende y crea tu futuro&#8221;, en Prado del Rey el pasado 15 de octubre. En todos los actos se cont\u00f3 con una buena asistencia de p\u00fablico lo que hace pensar a la directiva de AJE C\u00e1diz que el fomento del emprendimiento debe presentarse de forma atractiva, empleando a personas de \u00e9xito que han vivido su experiencia y pueden aportar su visi\u00f3n.<\/p>\n<p>&nbsp;<\/p>\n<p>Pr\u00f3ximamente, \u2018Emprende y crea tu futuro\u2019 tendr\u00e1 su continuidad con dos nuevas jornadas de sensibilizaci\u00f3n para el fomento empresarial: una, el 21 de octubre para los alumnos de la Escuela de Hosteler\u00eda, en el Edificio Europa del Recinto Interior de la Zona Franca; y el 29 de octubre, en el IES Columela de la capital gaditana.<\/p>\n<p>&nbsp;<\/p>\n<p>En una provincia, necesitada de m\u00e1s empresas, AJE C\u00e1diz apuesta por fomentar la cultura emprendedora entre los m\u00e1s j\u00f3venes y concretamente con p\u00edldoras informativas y formativas, basadas en la experiencia y una visi\u00f3n m\u00e1s din\u00e1mica y divertida: \u201ces muy duro empezar desde cero con tu propio negocio, pero si los j\u00f3venes tienen una idea, es bueno y necesario que se les anime a materializarla, que se les informa de todos los resortes y ayudas que tienen a su alcance, y que conozcan casos particulares en los que se puedan ver reflejados. Y adem\u00e1s, tambi\u00e9n ponemos a su disposici\u00f3n herramientas que ayudan a mejorar un negocio. En definitiva, queremos que los j\u00f3venes sepan que el emprendimiento es una salida laboral realista y que da muchas satisfacciones pese al esfuerzo que exige, y queremos que lo aprendan de la forma m\u00e1s atractiva para ello. Apostar por futuros empresarios es apostar y garantizar el futuro de nuestra provincia\u201d, explica el presidente de AJE, Daniel S\u00e1nchez Ayala.<\/p>\n<p>&nbsp;<\/p>\n<p>En el primer trimestre del presente a\u00f1o 2019, se crearon 468 nuevas sociedades. Para AJE C\u00e1diz es una excelente noticia que anima a seguir trabajando en el fomento del emprendimiento. De hecho, los j\u00f3venes empresarios siguen trabajando para planificar nuevas acciones, mantener las actuales por su respuesta positiva, e idear nuevas iniciativas que resulten interesantes a los j\u00f3venes gaditanos y apuesten cada vez m\u00e1s por el emprendimiento.<\/p>\n<p>&nbsp;<\/p>\n<p>AJE C\u00e1diz agradece igualmente c\u00f3mo las administraciones p\u00fablicas se implican tambi\u00e9n en el fomento del emprendimiento, como es el caso de la Diputaci\u00f3n de C\u00e1diz que viene apoyando \u2018Emprende y crea tu futuro\u2019. \u201cCualquier iniciativa p\u00fablica que se ponga en marcha para combatir el desempleo ser\u00e1 siempre bienvenida en nuestra Provincia, pero desde AJE somos de la opini\u00f3n que el fomento del emprendimiento es de las mejores acciones que se pueden llevar a cabo, porque es apostar por el talento de nuestra tierra y que ese talento nos revierta, porque si un joven o una joven apuesta por conformar su propia empresa, es muy posible que en unos a\u00f1os haya creado puestos de trabajo\u201d, insiste Daniel S\u00e1nchez.<\/p>\n<p>&nbsp;<\/p>\n<p>Para concluir, AJE C\u00e1diz anima a todos los j\u00f3venes de la provincia a conocer la asociaci\u00f3n y su labor, toda la ayuda y el asesoramiento que puede proporcionar a cualquier persona joven que quiere lanzarse en el emprendimiento y los beneficios que ofrece el asociacionismo para los empresarios ya consolidados.<\/p>\n","protected":false},"excerpt":{"rendered":"<p>Los j\u00f3venes empresarios gaditanos acercan a los centros educativos y a j\u00f3venes gaditanos la iniciativa \u2018Emprende y crea tu futuro\u2019 [&hellip;]<\/p>\n","protected":false},"author":4,"featured_media":1110,"comment_status":"open","ping_status":"open","sticky":false,"template":"","format":"standard","meta":{"_acf_changed":false,"site-sidebar-layout":"default","site-content-layout":"","ast-site-content-layout":"default","site-content-style":"default","site-sidebar-style":"default","ast-global-header-display":"","ast-banner-title-visibility":"","ast-main-header-display":"","ast-hfb-above-header-display":"","ast-hfb-below-header-display":"","ast-hfb-mobile-header-display":"","site-post-title":"","ast-breadcrumbs-content":"","ast-featured-img":"","footer-sml-layout":"","ast-disable-related-posts":"","theme-transparent-header-meta":"","adv-header-id-meta":"","stick-header-meta":"","header-above-stick-meta":"","header-main-stick-meta":"","header-below-stick-meta":"","astra-migrate-meta-layouts":"default","ast-page-background-enabled":"default","ast-page-background-meta":{"desktop":{"background-color":"var(--ast-global-color-5)","background-image":"","background-repeat":"repeat","background-position":"center center","background-size":"auto","background-attachment":"scroll","background-type":"","background-media":"","overlay-type":"","overlay-color":"","overlay-opacity":"","overlay-gradient":""},"tablet":{"background-color":"","background-image":"","background-repeat":"repeat","background-position":"center center","background-size":"auto","background-attachment":"scroll","background-type":"","background-media":"","overlay-type":"","overlay-color":"","overlay-opacity":"","overlay-gradient":""},"mobile":{"background-color":"","background-image":"","background-repeat":"repeat","background-position":"center center","background-size":"auto","background-attachment":"scroll","background-type":"","background-media":"","overlay-type":"","overlay-color":"","overlay-opacity":"","overlay-gradient":""}},"ast-content-background-meta":{"desktop":{"background-color":"var(--ast-global-color-4)","background-image":"","background-repeat":"repeat","background-position":"center center","background-size":"auto","background-attachment":"scroll","background-type":"","background-media":"","overlay-type":"","overlay-color":"","overlay-opacity":"","overlay-gradient":""},"tablet":{"background-color":"var(--ast-global-color-4)","background-image":"","background-repeat":"repeat","background-position":"center center","background-size":"auto","background-attachment":"scroll","background-type":"","background-media":"","overlay-type":"","overlay-color":"","overlay-opacity":"","overlay-gradient":""},"mobile":{"background-color":"var(--ast-global-color-4)","background-image":"","background-repeat":"repeat","background-position":"center center","background-size":"auto","background-attachment":"scroll","background-type":"","background-media":"","overlay-type":"","overlay-color":"","overlay-opacity":"","overlay-gradient":""}},"footnotes":""},"categories":[8],"tags":[],"class_list":["post-1109","post","type-post","status-publish","format-standard","has-post-thumbnail","hentry","category-noticias"],"acf":[],"yoast_head":"<!-- This site is optimized with the Yoast SEO plugin v26.9 - https:\/\/yoast.com\/product\/yoast-seo-wordpress\/ -->\n<title>AJE C\u00e1diz, a la vanguardia en el fomento del emprendimiento - AJE C\u00e1diz<\/title>\n<meta name=\"robots\" content=\"index, follow, max-snippet:-1, max-image-preview:large, max-video-preview:-1\" \/>\n<link rel=\"canonical\" href=\"https:\/\/ajeandalucia.org\/cadiz\/2019\/10\/18\/aje-cadiz-a-la-vanguardia-en-el-fomento-del-emprendimiento\/\" \/>\n<meta property=\"og:locale\" content=\"es_ES\" \/>\n<meta property=\"og:type\" content=\"article\" \/>\n<meta property=\"og:title\" content=\"AJE C\u00e1diz, a la vanguardia en el fomento del emprendimiento - AJE C\u00e1diz\" \/>\n<meta property=\"og:description\" content=\"Los j\u00f3venes empresarios gaditanos acercan a los centros educativos y a j\u00f3venes gaditanos la iniciativa \u2018Emprende y crea tu futuro\u2019 [&hellip;]\" \/>\n<meta property=\"og:url\" content=\"https:\/\/ajeandalucia.org\/cadiz\/2019\/10\/18\/aje-cadiz-a-la-vanguardia-en-el-fomento-del-emprendimiento\/\" \/>\n<meta property=\"og:site_name\" content=\"AJE C\u00e1diz\" \/>\n<meta property=\"article:published_time\" content=\"2019-10-18T11:17:25+00:00\" \/>\n<meta property=\"article:modified_time\" content=\"2019-11-21T10:45:38+00:00\" \/>\n<meta property=\"og:image\" content=\"https:\/\/ajeandalucia.org\/cadiz\/wp-content\/uploads\/sites\/5\/2019\/10\/WhatsApp-Image-2019-10-24-at-11.33.18.jpeg\" \/>\n\t<meta property=\"og:image:width\" content=\"1600\" \/>\n\t<meta property=\"og:image:height\" content=\"901\" \/>\n\t<meta property=\"og:image:type\" content=\"image\/jpeg\" \/>\n<meta name=\"author\" content=\"cadiz\" \/>\n<meta name=\"twitter:card\" content=\"summary_large_image\" \/>\n<meta name=\"twitter:label1\" content=\"Escrito por\" \/>\n\t<meta name=\"twitter:data1\" content=\"cadiz\" \/>\n\t<meta name=\"twitter:label2\" content=\"Tiempo de lectura\" \/>\n\t<meta name=\"twitter:data2\" content=\"4 minutos\" \/>\n<script type=\"application\/ld+json\" class=\"yoast-schema-graph\">{\"@context\":\"https:\/\/schema.org\",\"@graph\":[{\"@type\":\"Article\",\"@id\":\"https:\/\/ajeandalucia.org\/cadiz\/2019\/10\/18\/aje-cadiz-a-la-vanguardia-en-el-fomento-del-emprendimiento\/#article\",\"isPartOf\":{\"@id\":\"https:\/\/ajeandalucia.org\/cadiz\/2019\/10\/18\/aje-cadiz-a-la-vanguardia-en-el-fomento-del-emprendimiento\/\"},\"author\":{\"name\":\"cadiz\",\"@id\":\"https:\/\/ajeandalucia.org\/cadiz\/#\/schema\/person\/dce63ebda5f85792a4f3061905a9f15a\"},\"headline\":\"AJE C\u00e1diz, a la vanguardia en el fomento del emprendimiento\",\"datePublished\":\"2019-10-18T11:17:25+00:00\",\"dateModified\":\"2019-11-21T10:45:38+00:00\",\"mainEntityOfPage\":{\"@id\":\"https:\/\/ajeandalucia.org\/cadiz\/2019\/10\/18\/aje-cadiz-a-la-vanguardia-en-el-fomento-del-emprendimiento\/\"},\"wordCount\":803,\"commentCount\":0,\"publisher\":{\"@id\":\"https:\/\/ajeandalucia.org\/cadiz\/#organization\"},\"image\":{\"@id\":\"https:\/\/ajeandalucia.org\/cadiz\/2019\/10\/18\/aje-cadiz-a-la-vanguardia-en-el-fomento-del-emprendimiento\/#primaryimage\"},\"thumbnailUrl\":\"https:\/\/ajeandalucia.org\/cadiz\/wp-content\/uploads\/sites\/5\/2019\/10\/WhatsApp-Image-2019-10-24-at-11.33.18.jpeg\",\"articleSection\":[\"Noticias\"],\"inLanguage\":\"es\",\"potentialAction\":[{\"@type\":\"CommentAction\",\"name\":\"Comment\",\"target\":[\"https:\/\/ajeandalucia.org\/cadiz\/2019\/10\/18\/aje-cadiz-a-la-vanguardia-en-el-fomento-del-emprendimiento\/#respond\"]}]},{\"@type\":\"WebPage\",\"@id\":\"https:\/\/ajeandalucia.org\/cadiz\/2019\/10\/18\/aje-cadiz-a-la-vanguardia-en-el-fomento-del-emprendimiento\/\",\"url\":\"https:\/\/ajeandalucia.org\/cadiz\/2019\/10\/18\/aje-cadiz-a-la-vanguardia-en-el-fomento-del-emprendimiento\/\",\"name\":\"AJE C\u00e1diz, a la vanguardia en el fomento del emprendimiento - AJE C\u00e1diz\",\"isPartOf\":{\"@id\":\"https:\/\/ajeandalucia.org\/cadiz\/#website\"},\"primaryImageOfPage\":{\"@id\":\"https:\/\/ajeandalucia.org\/cadiz\/2019\/10\/18\/aje-cadiz-a-la-vanguardia-en-el-fomento-del-emprendimiento\/#primaryimage\"},\"image\":{\"@id\":\"https:\/\/ajeandalucia.org\/cadiz\/2019\/10\/18\/aje-cadiz-a-la-vanguardia-en-el-fomento-del-emprendimiento\/#primaryimage\"},\"thumbnailUrl\":\"https:\/\/ajeandalucia.org\/cadiz\/wp-content\/uploads\/sites\/5\/2019\/10\/WhatsApp-Image-2019-10-24-at-11.33.18.jpeg\",\"datePublished\":\"2019-10-18T11:17:25+00:00\",\"dateModified\":\"2019-11-21T10:45:38+00:00\",\"breadcrumb\":{\"@id\":\"https:\/\/ajeandalucia.org\/cadiz\/2019\/10\/18\/aje-cadiz-a-la-vanguardia-en-el-fomento-del-emprendimiento\/#breadcrumb\"},\"inLanguage\":\"es\",\"potentialAction\":[{\"@type\":\"ReadAction\",\"target\":[\"https:\/\/ajeandalucia.org\/cadiz\/2019\/10\/18\/aje-cadiz-a-la-vanguardia-en-el-fomento-del-emprendimiento\/\"]}]},{\"@type\":\"ImageObject\",\"inLanguage\":\"es\",\"@id\":\"https:\/\/ajeandalucia.org\/cadiz\/2019\/10\/18\/aje-cadiz-a-la-vanguardia-en-el-fomento-del-emprendimiento\/#primaryimage\",\"url\":\"https:\/\/ajeandalucia.org\/cadiz\/wp-content\/uploads\/sites\/5\/2019\/10\/WhatsApp-Image-2019-10-24-at-11.33.18.jpeg\",\"contentUrl\":\"https:\/\/ajeandalucia.org\/cadiz\/wp-content\/uploads\/sites\/5\/2019\/10\/WhatsApp-Image-2019-10-24-at-11.33.18.jpeg\",\"width\":1600,\"height\":901},{\"@type\":\"BreadcrumbList\",\"@id\":\"https:\/\/ajeandalucia.org\/cadiz\/2019\/10\/18\/aje-cadiz-a-la-vanguardia-en-el-fomento-del-emprendimiento\/#breadcrumb\",\"itemListElement\":[{\"@type\":\"ListItem\",\"position\":1,\"name\":\"Portada\",\"item\":\"https:\/\/ajeandalucia.org\/cadiz\/\"},{\"@type\":\"ListItem\",\"position\":2,\"name\":\"AJE C\u00e1diz, a la vanguardia en el fomento del emprendimiento\"}]},{\"@type\":\"WebSite\",\"@id\":\"https:\/\/ajeandalucia.org\/cadiz\/#website\",\"url\":\"https:\/\/ajeandalucia.org\/cadiz\/\",\"name\":\"AJE C\u00e1diz\",\"description\":\"Otro sitio m\u00e1s de AJE Andaluc\u00eda\",\"publisher\":{\"@id\":\"https:\/\/ajeandalucia.org\/cadiz\/#organization\"},\"potentialAction\":[{\"@type\":\"SearchAction\",\"target\":{\"@type\":\"EntryPoint\",\"urlTemplate\":\"https:\/\/ajeandalucia.org\/cadiz\/?s={search_term_string}\"},\"query-input\":{\"@type\":\"PropertyValueSpecification\",\"valueRequired\":true,\"valueName\":\"search_term_string\"}}],\"inLanguage\":\"es\"},{\"@type\":\"Organization\",\"@id\":\"https:\/\/ajeandalucia.org\/cadiz\/#organization\",\"name\":\"AJE C\u00e1diz\",\"url\":\"https:\/\/ajeandalucia.org\/cadiz\/\",\"logo\":{\"@type\":\"ImageObject\",\"inLanguage\":\"es\",\"@id\":\"https:\/\/ajeandalucia.org\/cadiz\/#\/schema\/logo\/image\/\",\"url\":\"https:\/\/ajeandalucia.org\/cadiz\/wp-content\/uploads\/sites\/5\/2025\/01\/AJE-CADIZ-horizontal.png\",\"contentUrl\":\"https:\/\/ajeandalucia.org\/cadiz\/wp-content\/uploads\/sites\/5\/2025\/01\/AJE-CADIZ-horizontal.png\",\"width\":605,\"height\":200,\"caption\":\"AJE C\u00e1diz\"},\"image\":{\"@id\":\"https:\/\/ajeandalucia.org\/cadiz\/#\/schema\/logo\/image\/\"}},{\"@type\":\"Person\",\"@id\":\"https:\/\/ajeandalucia.org\/cadiz\/#\/schema\/person\/dce63ebda5f85792a4f3061905a9f15a\",\"name\":\"cadiz\",\"image\":{\"@type\":\"ImageObject\",\"inLanguage\":\"es\",\"@id\":\"https:\/\/ajeandalucia.org\/cadiz\/#\/schema\/person\/image\/\",\"url\":\"https:\/\/secure.gravatar.com\/avatar\/e60287d271698686eba86c2f7f8485140fdb3db29714804eebe944be2ec6f47b?s=96&d=mm&r=g\",\"contentUrl\":\"https:\/\/secure.gravatar.com\/avatar\/e60287d271698686eba86c2f7f8485140fdb3db29714804eebe944be2ec6f47b?s=96&d=mm&r=g\",\"caption\":\"cadiz\"},\"url\":\"https:\/\/ajeandalucia.org\/cadiz\/author\/cadiz\/\"}]}<\/script>\n<!-- \/ Yoast SEO plugin. -->","yoast_head_json":{"title":"AJE C\u00e1diz, a la vanguardia en el fomento del emprendimiento - AJE C\u00e1diz","robots":{"index":"index","follow":"follow","max-snippet":"max-snippet:-1","max-image-preview":"max-image-preview:large","max-video-preview":"max-video-preview:-1"},"canonical":"https:\/\/ajeandalucia.org\/cadiz\/2019\/10\/18\/aje-cadiz-a-la-vanguardia-en-el-fomento-del-emprendimiento\/","og_locale":"es_ES","og_type":"article","og_title":"AJE C\u00e1diz, a la vanguardia en el fomento del emprendimiento - AJE C\u00e1diz","og_description":"Los j\u00f3venes empresarios gaditanos acercan a los centros educativos y a j\u00f3venes gaditanos la iniciativa \u2018Emprende y crea tu futuro\u2019 [&hellip;]","og_url":"https:\/\/ajeandalucia.org\/cadiz\/2019\/10\/18\/aje-cadiz-a-la-vanguardia-en-el-fomento-del-emprendimiento\/","og_site_name":"AJE C\u00e1diz","article_published_time":"2019-10-18T11:17:25+00:00","article_modified_time":"2019-11-21T10:45:38+00:00","og_image":[{"width":1600,"height":901,"url":"https:\/\/ajeandalucia.org\/cadiz\/wp-content\/uploads\/sites\/5\/2019\/10\/WhatsApp-Image-2019-10-24-at-11.33.18.jpeg","type":"image\/jpeg"}],"author":"cadiz","twitter_card":"summary_large_image","twitter_misc":{"Escrito por":"cadiz","Tiempo de lectura":"4 minutos"},"schema":{"@context":"https:\/\/schema.org","@graph":[{"@type":"Article","@id":"https:\/\/ajeandalucia.org\/cadiz\/2019\/10\/18\/aje-cadiz-a-la-vanguardia-en-el-fomento-del-emprendimiento\/#article","isPartOf":{"@id":"https:\/\/ajeandalucia.org\/cadiz\/2019\/10\/18\/aje-cadiz-a-la-vanguardia-en-el-fomento-del-emprendimiento\/"},"author":{"name":"cadiz","@id":"https:\/\/ajeandalucia.org\/cadiz\/#\/schema\/person\/dce63ebda5f85792a4f3061905a9f15a"},"headline":"AJE C\u00e1diz, a la vanguardia en el fomento del emprendimiento","datePublished":"2019-10-18T11:17:25+00:00","dateModified":"2019-11-21T10:45:38+00:00","mainEntityOfPage":{"@id":"https:\/\/ajeandalucia.org\/cadiz\/2019\/10\/18\/aje-cadiz-a-la-vanguardia-en-el-fomento-del-emprendimiento\/"},"wordCount":803,"commentCount":0,"publisher":{"@id":"https:\/\/ajeandalucia.org\/cadiz\/#organization"},"image":{"@id":"https:\/\/ajeandalucia.org\/cadiz\/2019\/10\/18\/aje-cadiz-a-la-vanguardia-en-el-fomento-del-emprendimiento\/#primaryimage"},"thumbnailUrl":"https:\/\/ajeandalucia.org\/cadiz\/wp-content\/uploads\/sites\/5\/2019\/10\/WhatsApp-Image-2019-10-24-at-11.33.18.jpeg","articleSection":["Noticias"],"inLanguage":"es","potentialAction":[{"@type":"CommentAction","name":"Comment","target":["https:\/\/ajeandalucia.org\/cadiz\/2019\/10\/18\/aje-cadiz-a-la-vanguardia-en-el-fomento-del-emprendimiento\/#respond"]}]},{"@type":"WebPage","@id":"https:\/\/ajeandalucia.org\/cadiz\/2019\/10\/18\/aje-cadiz-a-la-vanguardia-en-el-fomento-del-emprendimiento\/","url":"https:\/\/ajeandalucia.org\/cadiz\/2019\/10\/18\/aje-cadiz-a-la-vanguardia-en-el-fomento-del-emprendimiento\/","name":"AJE C\u00e1diz, a la vanguardia en el fomento del emprendimiento - AJE C\u00e1diz","isPartOf":{"@id":"https:\/\/ajeandalucia.org\/cadiz\/#website"},"primaryImageOfPage":{"@id":"https:\/\/ajeandalucia.org\/cadiz\/2019\/10\/18\/aje-cadiz-a-la-vanguardia-en-el-fomento-del-emprendimiento\/#primaryimage"},"image":{"@id":"https:\/\/ajeandalucia.org\/cadiz\/2019\/10\/18\/aje-cadiz-a-la-vanguardia-en-el-fomento-del-emprendimiento\/#primaryimage"},"thumbnailUrl":"https:\/\/ajeandalucia.org\/cadiz\/wp-content\/uploads\/sites\/5\/2019\/10\/WhatsApp-Image-2019-10-24-at-11.33.18.jpeg","datePublished":"2019-10-18T11:17:25+00:00","dateModified":"2019-11-21T10:45:38+00:00","breadcrumb":{"@id":"https:\/\/ajeandalucia.org\/cadiz\/2019\/10\/18\/aje-cadiz-a-la-vanguardia-en-el-fomento-del-emprendimiento\/#breadcrumb"},"inLanguage":"es","potentialAction":[{"@type":"ReadAction","target":["https:\/\/ajeandalucia.org\/cadiz\/2019\/10\/18\/aje-cadiz-a-la-vanguardia-en-el-fomento-del-emprendimiento\/"]}]},{"@type":"ImageObject","inLanguage":"es","@id":"https:\/\/ajeandalucia.org\/cadiz\/2019\/10\/18\/aje-cadiz-a-la-vanguardia-en-el-fomento-del-emprendimiento\/#primaryimage","url":"https:\/\/ajeandalucia.org\/cadiz\/wp-content\/uploads\/sites\/5\/2019\/10\/WhatsApp-Image-2019-10-24-at-11.33.18.jpeg","contentUrl":"https:\/\/ajeandalucia.org\/cadiz\/wp-content\/uploads\/sites\/5\/2019\/10\/WhatsApp-Image-2019-10-24-at-11.33.18.jpeg","width":1600,"height":901},{"@type":"BreadcrumbList","@id":"https:\/\/ajeandalucia.org\/cadiz\/2019\/10\/18\/aje-cadiz-a-la-vanguardia-en-el-fomento-del-emprendimiento\/#breadcrumb","itemListElement":[{"@type":"ListItem","position":1,"name":"Portada","item":"https:\/\/ajeandalucia.org\/cadiz\/"},{"@type":"ListItem","position":2,"name":"AJE C\u00e1diz, a la vanguardia en el fomento del emprendimiento"}]},{"@type":"WebSite","@id":"https:\/\/ajeandalucia.org\/cadiz\/#website","url":"https:\/\/ajeandalucia.org\/cadiz\/","name":"AJE C\u00e1diz","description":"Otro sitio m\u00e1s de AJE Andaluc\u00eda","publisher":{"@id":"https:\/\/ajeandalucia.org\/cadiz\/#organization"},"potentialAction":[{"@type":"SearchAction","target":{"@type":"EntryPoint","urlTemplate":"https:\/\/ajeandalucia.org\/cadiz\/?s={search_term_string}"},"query-input":{"@type":"PropertyValueSpecification","valueRequired":true,"valueName":"search_term_string"}}],"inLanguage":"es"},{"@type":"Organization","@id":"https:\/\/ajeandalucia.org\/cadiz\/#organization","name":"AJE C\u00e1diz","url":"https:\/\/ajeandalucia.org\/cadiz\/","logo":{"@type":"ImageObject","inLanguage":"es","@id":"https:\/\/ajeandalucia.org\/cadiz\/#\/schema\/logo\/image\/","url":"https:\/\/ajeandalucia.org\/cadiz\/wp-content\/uploads\/sites\/5\/2025\/01\/AJE-CADIZ-horizontal.png","contentUrl":"https:\/\/ajeandalucia.org\/cadiz\/wp-content\/uploads\/sites\/5\/2025\/01\/AJE-CADIZ-horizontal.png","width":605,"height":200,"caption":"AJE C\u00e1diz"},"image":{"@id":"https:\/\/ajeandalucia.org\/cadiz\/#\/schema\/logo\/image\/"}},{"@type":"Person","@id":"https:\/\/ajeandalucia.org\/cadiz\/#\/schema\/person\/dce63ebda5f85792a4f3061905a9f15a","name":"cadiz","image":{"@type":"ImageObject","inLanguage":"es","@id":"https:\/\/ajeandalucia.org\/cadiz\/#\/schema\/person\/image\/","url":"https:\/\/secure.gravatar.com\/avatar\/e60287d271698686eba86c2f7f8485140fdb3db29714804eebe944be2ec6f47b?s=96&d=mm&r=g","contentUrl":"https:\/\/secure.gravatar.com\/avatar\/e60287d271698686eba86c2f7f8485140fdb3db29714804eebe944be2ec6f47b?s=96&d=mm&r=g","caption":"cadiz"},"url":"https:\/\/ajeandalucia.org\/cadiz\/author\/cadiz\/"}]}},"_links":{"self":[{"href":"https:\/\/ajeandalucia.org\/cadiz\/wp-json\/wp\/v2\/posts\/1109","targetHints":{"allow":["GET"]}}],"collection":[{"href":"https:\/\/ajeandalucia.org\/cadiz\/wp-json\/wp\/v2\/posts"}],"about":[{"href":"https:\/\/ajeandalucia.org\/cadiz\/wp-json\/wp\/v2\/types\/post"}],"author":[{"embeddable":true,"href":"https:\/\/ajeandalucia.org\/cadiz\/wp-json\/wp\/v2\/users\/4"}],"replies":[{"embeddable":true,"href":"https:\/\/ajeandalucia.org\/cadiz\/wp-json\/wp\/v2\/comments?post=1109"}],"version-history":[{"count":1,"href":"https:\/\/ajeandalucia.org\/cadiz\/wp-json\/wp\/v2\/posts\/1109\/revisions"}],"predecessor-version":[{"id":1111,"href":"https:\/\/ajeandalucia.org\/cadiz\/wp-json\/wp\/v2\/posts\/1109\/revisions\/1111"}],"wp:featuredmedia":[{"embeddable":true,"href":"https:\/\/ajeandalucia.org\/cadiz\/wp-json\/wp\/v2\/media\/1110"}],"wp:attachment":[{"href":"https:\/\/ajeandalucia.org\/cadiz\/wp-json\/wp\/v2\/media?parent=1109"}],"wp:term":[{"taxonomy":"category","embeddable":true,"href":"https:\/\/ajeandalucia.org\/cadiz\/wp-json\/wp\/v2\/categories?post=1109"},{"taxonomy":"post_tag","embeddable":true,"href":"https:\/\/ajeandalucia.org\/cadiz\/wp-json\/wp\/v2\/tags?post=1109"}],"curies":[{"name":"wp","href":"https:\/\/api.w.org\/{rel}","templated":true}]}}