{"id":1126,"date":"2019-11-11T12:29:36","date_gmt":"2019-11-11T12:29:36","guid":{"rendered":"http:\/\/www.ajeandalucia.org\/cadiz\/?p=1126"},"modified":"2019-11-11T12:29:36","modified_gmt":"2019-11-11T12:29:36","slug":"ahora-es-cuando-debemos-usar-la-inteligencia-y-el-desarrollo-de-la-tecnologia-para-mejorar-los-procesos-y-hacerlos-menos-daninos-al-medio-ambiente-2","status":"publish","type":"post","link":"https:\/\/ajeandalucia.org\/cadiz\/2019\/11\/11\/ahora-es-cuando-debemos-usar-la-inteligencia-y-el-desarrollo-de-la-tecnologia-para-mejorar-los-procesos-y-hacerlos-menos-daninos-al-medio-ambiente-2\/","title":{"rendered":"\u201cAhora es cuando debemos usar la inteligencia y el desarrollo de la tecnolog\u00eda para mejorar los procesos y hacerlos menos da\u00f1inos al medio ambiente\u201d"},"content":{"rendered":"<ul>\n<li>Entrevistamos a Daniel S\u00e1nchez Calle y Paola Rodolfi, nacidos en San Fernando y CEOs de Consultores Orbi:<\/li>\n<\/ul>\n<ul>\n<li><a href=\"http:\/\/www.orbiconsultores.com\">orbiconsultores.com<\/a><\/li>\n<li><a href=\"https:\/\/twitter.com\/ConsultoresOrbi\">https:\/\/twitter.com\/ConsultoresOrbi<\/a><\/li>\n<li><a href=\"https:\/\/www.facebook.com\/orbiconsult\">https:\/\/www.facebook.com\/orbiconsult<\/a><\/li>\n<li><a href=\"https:\/\/www.youtube.com\/channel\/UC0nIYrm_CUxpykFbNj9WAuA\">https:\/\/www.youtube.com\/channel\/UC0nIYrm_CUxpykFbNj9WAuA<\/a><\/li>\n<li><a href=\"https:\/\/linkedin.com\/company\/orbiconsultores\">https:\/\/linkedin.com\/company\/orbiconsultores<\/a><\/li>\n<\/ul>\n<p>&nbsp;<\/p>\n<p>&nbsp;<\/p>\n<ul>\n<li>\u00bfPor qu\u00e9 decidisteis ser empresario?<\/li>\n<\/ul>\n<p>Nos decidimos hacernos empresarios, porque llevamos una larga trayectoria como empleados de empresa y hemos visto que los procesos se pueden hacer con m\u00e1s eficiencia sin limitarnos una cadena de mandos que nos coh\u00edba la iniciativa, la innovaci\u00f3n y por ende la eficacia del producto.<\/p>\n<p>&nbsp;<\/p>\n<ul>\n<li>H\u00e1blanos de tu empresa, \u00bfEn qu\u00e9 est\u00e1 especializada?<\/li>\n<\/ul>\n<p>&nbsp;<\/p>\n<p>&nbsp;<\/p>\n<p>Nuestra empresa est\u00e1 especializada en la gesti\u00f3n medio ambiental y la construcci\u00f3n sostenible. Ahondando m\u00e1s en estas dos ramas, tenemos la <strong>Gesti\u00f3n Medioambiental<\/strong> a empresas y particulares en el cumplimiento de las normativas actuales en materia de medio ambiente. Desde una calificaci\u00f3n ambiental, hasta una evaluaci\u00f3n ambiental estrat\u00e9gica, trabajando para estudios de arquitectura e ingenier\u00eda as\u00ed como para empresas que por el volumen y tipo de actividad, tiene obligaciones de cumplir con los requisitos de la normativa para estar a salvo de sanciones inesperadas. Tambi\u00e9n somos un departamento de medioambiente outsourcing para empresas que no deseen incrementar sus gastos corrientes.<\/p>\n<p>&nbsp;<\/p>\n<p>Por otro lado la rama de <strong>Construcci\u00f3n Sostenible<\/strong>. Aunque la palabra sostenible est\u00e1 muy erosionada por un uso excesivo de ella, en Orbi, se asesora a los clientes para los que hacemos obras desde reformas, hasta estructurales, en c\u00f3mo usar materiales que har\u00e1n del proceso constructivo y de la eficiencia energ\u00e9tica de la construcci\u00f3n un ejemplo de sostenibilidad. Somos por lo tanto constructores al uso, pero debiendo de dar m\u00e1s que todos, tanto en atenci\u00f3n plena al cliente, ya que estamos permanentemente presentes en la obra supervisando cada detalle, haciendo pi\u00f1a con el cliente y su estudio de dise\u00f1o. Es tanto as\u00ed que somos facilitadores en procesos Lean en la construcci\u00f3n, ya que creemos que la forma de relacionarse los distintos agentes de un proyecto ya no es la misma\u00a0 y ahora hay m\u00e1s interacci\u00f3n entre ellos.<\/p>\n<p>&nbsp;<\/p>\n<ul>\n<li>\u00bfC\u00f3mo ha evolucionado desde su nacimiento? Con mucho trabajo y persistencia, trabajando fino y siendo correcto con el cliente y justo con los empleados y proveedores. Emple\u00e1ndonos a fondo en las actualizaciones de t\u00e9cnicas, normativa y procesos que suman al producto final, con empat\u00eda y transparencia con los que intervienen en nuestros proyectos.<\/li>\n<\/ul>\n<p>&nbsp;<\/p>\n<ul>\n<li>\u00bfC\u00f3mo se presentan los pr\u00f3ximos a\u00f1os? En Orbi somos flexibles y nos movemos con los tiempos, testamos constantemente nuestro entorno, ya que los negocios son cambiantes, las necesidades se mueven, no son fijas. En el futuro, seguiremos navegando seg\u00fan est\u00e9n las aguas, con el objetivo de consolidar nuestro modo de hacer las cosas y fidelizando clientes.<\/li>\n<\/ul>\n<p>&nbsp;<\/p>\n<ul>\n<li>\u00bfQu\u00e9 supone el medio ambiente actualmente?<\/li>\n<\/ul>\n<p>No hay d\u00eda que no salga el cambio clim\u00e1tico en las noticias. Lamentablemente nuestra revoluci\u00f3n industrial ha tenido consecuencias. Ahora es cuando debemos usar la inteligencia y el desarrollo de la tecnolog\u00eda para mejorar los procesos y hacerlos menos da\u00f1inos al medio ambiente. Cualquier actividad humana depende de los recursos naturales de nuestro entorno, es nuestro deber ponernos manos a la obra para conservarlo y protegerlo, con una meta de un futuro m\u00e1s sostenible.<\/p>\n<p>&nbsp;<\/p>\n<ul>\n<li>\u00bfSomos conscientes de la importancia de hacer sostenible cualquier medio que se precie o es necesaria m\u00e1s educaci\u00f3n medioambiental?<\/li>\n<\/ul>\n<p>Es necesaria la concienciaci\u00f3n y educaci\u00f3n desde edades tempranas. Tambi\u00e9n abrir la veda a la innovaci\u00f3n, la investigaci\u00f3n y la creatividad para que los productos y procesos no solo sean sostenibles, sino tambi\u00e9n arm\u00f3nicos con nuestra econom\u00eda y sociedad. Cambiar el sistema productivo actual es un desaf\u00edo social, econ\u00f3mico y ambiental al que debemos hacer frente, partiendo del conocimiento b\u00e1sico de lo que implica el medio ambiente y de los beneficios que tiene sobre el bienestar humano.<\/p>\n<p>&nbsp;<\/p>\n<ul>\n<li>\u00bfC\u00f3mo es una construcci\u00f3n sostenible?<\/li>\n<\/ul>\n<p>De por si, en el purismo de la palabra sostenibilidad, no hay construcci\u00f3n que sea 100% sostenible. Ahora bien, si debemos de observar una tendencia a que la huella ocasionada por nuestras construcciones sea la menor posible. Hoy d\u00eda van escaseando los \u00e1ridos (arenas, gravas\u2026) con los que elaboramos m\u00faltiples de morteros, hormigones etc.. Hay que saber manejar los residuos de las demoliciones reconvirti\u00e9ndolos en \u00e1ridos, usando maderas recicladas, haciendo instalaciones m\u00e1s eficientes, como la solar o la aerotermia. Separando el residuo en la obra de una manera escrupulosa, eliminando los puentes t\u00e9rmicos de los edificios, que son los que hacen que consumamos m\u00e1s energ\u00eda. Son muchos los par\u00e1metros que desde el dise\u00f1o hacen de una construcci\u00f3n un modelo de sostenibilidad. Afortunadamente contamos con buenos profesionales (Arquitectos e Ingenieros) que saben manejar los materiales adecuados y las soluciones constructivas eficientes para crear sostenibilidad en la construcci\u00f3n.<\/p>\n<p>&nbsp;<\/p>\n<ul>\n<li>\u00bfCu\u00e1les son los ingredientes para que un joven empresario triunfe en su sector? Conocimiento, creatividad y pasi\u00f3n y que exista mercado que acepte tu idea.<\/li>\n<\/ul>\n<p>&nbsp;<\/p>\n<ul>\n<li>Si volvieras 10 a\u00f1os atr\u00e1s, \u00bfvolver\u00edas a ser joven empresario, una vez que conoces cu\u00e1les son sus vaivenes? Los vaivenes han sido necesarios, nos han dado el conocimiento del que disponemos hoy. Ha sido bueno pasar por los caminos que hemos pasado, porque no tendr\u00edamos el rodaje que tenemos y que creemos es necesario.<\/li>\n<\/ul>\n<p>&nbsp;<\/p>\n<ul>\n<li>\u00bfQu\u00e9 supone para ti AJE?<\/li>\n<\/ul>\n<p>Pensamos que es una oportunidad para interaccionar entre empresarios de nuestra provincia, de esta manera hacernos fuertes entre todos, contar con los afiliados para crear y potenciar negocio.<\/p>\n<p>&nbsp;<\/p>\n","protected":false},"excerpt":{"rendered":"<p>Entrevistamos a Daniel S\u00e1nchez Calle y Paola Rodolfi, nacidos en San Fernando y CEOs de Consultores Orbi: orbiconsultores.com https:\/\/twitter.com\/ConsultoresOrbi https:\/\/www.facebook.com\/orbiconsult [&hellip;]<\/p>\n","protected":false},"author":4,"featured_media":1127,"comment_status":"open","ping_status":"open","sticky":false,"template":"","format":"standard","meta":{"_acf_changed":false,"site-sidebar-layout":"default","site-content-layout":"","ast-site-content-layout":"default","site-content-style":"default","site-sidebar-style":"default","ast-global-header-display":"","ast-banner-title-visibility":"","ast-main-header-display":"","ast-hfb-above-header-display":"","ast-hfb-below-header-display":"","ast-hfb-mobile-header-display":"","site-post-title":"","ast-breadcrumbs-content":"","ast-featured-img":"","footer-sml-layout":"","ast-disable-related-posts":"","theme-transparent-header-meta":"","adv-header-id-meta":"","stick-header-meta":"","header-above-stick-meta":"","header-main-stick-meta":"","header-below-stick-meta":"","astra-migrate-meta-layouts":"default","ast-page-background-enabled":"default","ast-page-background-meta":{"desktop":{"background-color":"var(--ast-global-color-5)","background-image":"","background-repeat":"repeat","background-position":"center center","background-size":"auto","background-attachment":"scroll","background-type":"","background-media":"","overlay-type":"","overlay-color":"","overlay-opacity":"","overlay-gradient":""},"tablet":{"background-color":"","background-image":"","background-repeat":"repeat","background-position":"center center","background-size":"auto","background-attachment":"scroll","background-type":"","background-media":"","overlay-type":"","overlay-color":"","overlay-opacity":"","overlay-gradient":""},"mobile":{"background-color":"","background-image":"","background-repeat":"repeat","background-position":"center center","background-size":"auto","background-attachment":"scroll","background-type":"","background-media":"","overlay-type":"","overlay-color":"","overlay-opacity":"","overlay-gradient":""}},"ast-content-background-meta":{"desktop":{"background-color":"var(--ast-global-color-4)","background-image":"","background-repeat":"repeat","background-position":"center center","background-size":"auto","background-attachment":"scroll","background-type":"","background-media":"","overlay-type":"","overlay-color":"","overlay-opacity":"","overlay-gradient":""},"tablet":{"background-color":"var(--ast-global-color-4)","background-image":"","background-repeat":"repeat","background-position":"center center","background-size":"auto","background-attachment":"scroll","background-type":"","background-media":"","overlay-type":"","overlay-color":"","overlay-opacity":"","overlay-gradient":""},"mobile":{"background-color":"var(--ast-global-color-4)","background-image":"","background-repeat":"repeat","background-position":"center center","background-size":"auto","background-attachment":"scroll","background-type":"","background-media":"","overlay-type":"","overlay-color":"","overlay-opacity":"","overlay-gradient":""}},"footnotes":""},"categories":[8],"tags":[],"class_list":["post-1126","post","type-post","status-publish","format-standard","has-post-thumbnail","hentry","category-noticias"],"acf":[],"yoast_head":"<!-- This site is optimized with the Yoast SEO plugin v26.9 - https:\/\/yoast.com\/product\/yoast-seo-wordpress\/ -->\n<title>\u201cAhora es cuando debemos usar la inteligencia y el desarrollo de la tecnolog\u00eda para mejorar los procesos y hacerlos menos da\u00f1inos al medio ambiente\u201d - AJE C\u00e1diz<\/title>\n<meta name=\"robots\" content=\"index, follow, max-snippet:-1, max-image-preview:large, max-video-preview:-1\" \/>\n<link rel=\"canonical\" href=\"https:\/\/ajeandalucia.org\/cadiz\/2019\/11\/11\/ahora-es-cuando-debemos-usar-la-inteligencia-y-el-desarrollo-de-la-tecnologia-para-mejorar-los-procesos-y-hacerlos-menos-daninos-al-medio-ambiente-2\/\" \/>\n<meta property=\"og:locale\" content=\"es_ES\" \/>\n<meta property=\"og:type\" content=\"article\" \/>\n<meta property=\"og:title\" content=\"\u201cAhora es cuando debemos usar la inteligencia y el desarrollo de la tecnolog\u00eda para mejorar los procesos y hacerlos menos da\u00f1inos al medio ambiente\u201d - AJE C\u00e1diz\" \/>\n<meta property=\"og:description\" content=\"Entrevistamos a Daniel S\u00e1nchez Calle y Paola Rodolfi, nacidos en San Fernando y CEOs de Consultores Orbi: orbiconsultores.com https:\/\/twitter.com\/ConsultoresOrbi https:\/\/www.facebook.com\/orbiconsult [&hellip;]\" \/>\n<meta property=\"og:url\" content=\"https:\/\/ajeandalucia.org\/cadiz\/2019\/11\/11\/ahora-es-cuando-debemos-usar-la-inteligencia-y-el-desarrollo-de-la-tecnologia-para-mejorar-los-procesos-y-hacerlos-menos-daninos-al-medio-ambiente-2\/\" \/>\n<meta property=\"og:site_name\" content=\"AJE C\u00e1diz\" \/>\n<meta property=\"article:published_time\" content=\"2019-11-11T12:29:36+00:00\" \/>\n<meta property=\"og:image\" content=\"https:\/\/ajeandalucia.org\/cadiz\/wp-content\/uploads\/sites\/5\/2019\/11\/foto-orbi.jpg\" \/>\n\t<meta property=\"og:image:width\" content=\"1024\" \/>\n\t<meta property=\"og:image:height\" content=\"744\" \/>\n\t<meta property=\"og:image:type\" content=\"image\/jpeg\" \/>\n<meta name=\"author\" content=\"cadiz\" \/>\n<meta name=\"twitter:card\" content=\"summary_large_image\" \/>\n<meta name=\"twitter:label1\" content=\"Escrito por\" \/>\n\t<meta name=\"twitter:data1\" content=\"cadiz\" \/>\n\t<meta name=\"twitter:label2\" content=\"Tiempo de lectura\" \/>\n\t<meta name=\"twitter:data2\" content=\"5 minutos\" \/>\n<script type=\"application\/ld+json\" class=\"yoast-schema-graph\">{\"@context\":\"https:\/\/schema.org\",\"@graph\":[{\"@type\":\"Article\",\"@id\":\"https:\/\/ajeandalucia.org\/cadiz\/2019\/11\/11\/ahora-es-cuando-debemos-usar-la-inteligencia-y-el-desarrollo-de-la-tecnologia-para-mejorar-los-procesos-y-hacerlos-menos-daninos-al-medio-ambiente-2\/#article\",\"isPartOf\":{\"@id\":\"https:\/\/ajeandalucia.org\/cadiz\/2019\/11\/11\/ahora-es-cuando-debemos-usar-la-inteligencia-y-el-desarrollo-de-la-tecnologia-para-mejorar-los-procesos-y-hacerlos-menos-daninos-al-medio-ambiente-2\/\"},\"author\":{\"name\":\"cadiz\",\"@id\":\"https:\/\/ajeandalucia.org\/cadiz\/#\/schema\/person\/dce63ebda5f85792a4f3061905a9f15a\"},\"headline\":\"\u201cAhora es cuando debemos usar la inteligencia y el desarrollo de la tecnolog\u00eda para mejorar los procesos y hacerlos menos da\u00f1inos al medio ambiente\u201d\",\"datePublished\":\"2019-11-11T12:29:36+00:00\",\"mainEntityOfPage\":{\"@id\":\"https:\/\/ajeandalucia.org\/cadiz\/2019\/11\/11\/ahora-es-cuando-debemos-usar-la-inteligencia-y-el-desarrollo-de-la-tecnologia-para-mejorar-los-procesos-y-hacerlos-menos-daninos-al-medio-ambiente-2\/\"},\"wordCount\":999,\"commentCount\":0,\"publisher\":{\"@id\":\"https:\/\/ajeandalucia.org\/cadiz\/#organization\"},\"image\":{\"@id\":\"https:\/\/ajeandalucia.org\/cadiz\/2019\/11\/11\/ahora-es-cuando-debemos-usar-la-inteligencia-y-el-desarrollo-de-la-tecnologia-para-mejorar-los-procesos-y-hacerlos-menos-daninos-al-medio-ambiente-2\/#primaryimage\"},\"thumbnailUrl\":\"https:\/\/ajeandalucia.org\/cadiz\/wp-content\/uploads\/sites\/5\/2019\/11\/foto-orbi.jpg\",\"articleSection\":[\"Noticias\"],\"inLanguage\":\"es\",\"potentialAction\":[{\"@type\":\"CommentAction\",\"name\":\"Comment\",\"target\":[\"https:\/\/ajeandalucia.org\/cadiz\/2019\/11\/11\/ahora-es-cuando-debemos-usar-la-inteligencia-y-el-desarrollo-de-la-tecnologia-para-mejorar-los-procesos-y-hacerlos-menos-daninos-al-medio-ambiente-2\/#respond\"]}]},{\"@type\":\"WebPage\",\"@id\":\"https:\/\/ajeandalucia.org\/cadiz\/2019\/11\/11\/ahora-es-cuando-debemos-usar-la-inteligencia-y-el-desarrollo-de-la-tecnologia-para-mejorar-los-procesos-y-hacerlos-menos-daninos-al-medio-ambiente-2\/\",\"url\":\"https:\/\/ajeandalucia.org\/cadiz\/2019\/11\/11\/ahora-es-cuando-debemos-usar-la-inteligencia-y-el-desarrollo-de-la-tecnologia-para-mejorar-los-procesos-y-hacerlos-menos-daninos-al-medio-ambiente-2\/\",\"name\":\"\u201cAhora es cuando debemos usar la inteligencia y el desarrollo de la tecnolog\u00eda para mejorar los procesos y hacerlos menos da\u00f1inos al medio ambiente\u201d - AJE C\u00e1diz\",\"isPartOf\":{\"@id\":\"https:\/\/ajeandalucia.org\/cadiz\/#website\"},\"primaryImageOfPage\":{\"@id\":\"https:\/\/ajeandalucia.org\/cadiz\/2019\/11\/11\/ahora-es-cuando-debemos-usar-la-inteligencia-y-el-desarrollo-de-la-tecnologia-para-mejorar-los-procesos-y-hacerlos-menos-daninos-al-medio-ambiente-2\/#primaryimage\"},\"image\":{\"@id\":\"https:\/\/ajeandalucia.org\/cadiz\/2019\/11\/11\/ahora-es-cuando-debemos-usar-la-inteligencia-y-el-desarrollo-de-la-tecnologia-para-mejorar-los-procesos-y-hacerlos-menos-daninos-al-medio-ambiente-2\/#primaryimage\"},\"thumbnailUrl\":\"https:\/\/ajeandalucia.org\/cadiz\/wp-content\/uploads\/sites\/5\/2019\/11\/foto-orbi.jpg\",\"datePublished\":\"2019-11-11T12:29:36+00:00\",\"breadcrumb\":{\"@id\":\"https:\/\/ajeandalucia.org\/cadiz\/2019\/11\/11\/ahora-es-cuando-debemos-usar-la-inteligencia-y-el-desarrollo-de-la-tecnologia-para-mejorar-los-procesos-y-hacerlos-menos-daninos-al-medio-ambiente-2\/#breadcrumb\"},\"inLanguage\":\"es\",\"potentialAction\":[{\"@type\":\"ReadAction\",\"target\":[\"https:\/\/ajeandalucia.org\/cadiz\/2019\/11\/11\/ahora-es-cuando-debemos-usar-la-inteligencia-y-el-desarrollo-de-la-tecnologia-para-mejorar-los-procesos-y-hacerlos-menos-daninos-al-medio-ambiente-2\/\"]}]},{\"@type\":\"ImageObject\",\"inLanguage\":\"es\",\"@id\":\"https:\/\/ajeandalucia.org\/cadiz\/2019\/11\/11\/ahora-es-cuando-debemos-usar-la-inteligencia-y-el-desarrollo-de-la-tecnologia-para-mejorar-los-procesos-y-hacerlos-menos-daninos-al-medio-ambiente-2\/#primaryimage\",\"url\":\"https:\/\/ajeandalucia.org\/cadiz\/wp-content\/uploads\/sites\/5\/2019\/11\/foto-orbi.jpg\",\"contentUrl\":\"https:\/\/ajeandalucia.org\/cadiz\/wp-content\/uploads\/sites\/5\/2019\/11\/foto-orbi.jpg\",\"width\":1024,\"height\":744},{\"@type\":\"BreadcrumbList\",\"@id\":\"https:\/\/ajeandalucia.org\/cadiz\/2019\/11\/11\/ahora-es-cuando-debemos-usar-la-inteligencia-y-el-desarrollo-de-la-tecnologia-para-mejorar-los-procesos-y-hacerlos-menos-daninos-al-medio-ambiente-2\/#breadcrumb\",\"itemListElement\":[{\"@type\":\"ListItem\",\"position\":1,\"name\":\"Portada\",\"item\":\"https:\/\/ajeandalucia.org\/cadiz\/\"},{\"@type\":\"ListItem\",\"position\":2,\"name\":\"\u201cAhora es cuando debemos usar la inteligencia y el desarrollo de la tecnolog\u00eda para mejorar los procesos y hacerlos menos da\u00f1inos al medio ambiente\u201d\"}]},{\"@type\":\"WebSite\",\"@id\":\"https:\/\/ajeandalucia.org\/cadiz\/#website\",\"url\":\"https:\/\/ajeandalucia.org\/cadiz\/\",\"name\":\"AJE C\u00e1diz\",\"description\":\"Otro sitio m\u00e1s de AJE Andaluc\u00eda\",\"publisher\":{\"@id\":\"https:\/\/ajeandalucia.org\/cadiz\/#organization\"},\"potentialAction\":[{\"@type\":\"SearchAction\",\"target\":{\"@type\":\"EntryPoint\",\"urlTemplate\":\"https:\/\/ajeandalucia.org\/cadiz\/?s={search_term_string}\"},\"query-input\":{\"@type\":\"PropertyValueSpecification\",\"valueRequired\":true,\"valueName\":\"search_term_string\"}}],\"inLanguage\":\"es\"},{\"@type\":\"Organization\",\"@id\":\"https:\/\/ajeandalucia.org\/cadiz\/#organization\",\"name\":\"AJE C\u00e1diz\",\"url\":\"https:\/\/ajeandalucia.org\/cadiz\/\",\"logo\":{\"@type\":\"ImageObject\",\"inLanguage\":\"es\",\"@id\":\"https:\/\/ajeandalucia.org\/cadiz\/#\/schema\/logo\/image\/\",\"url\":\"https:\/\/ajeandalucia.org\/cadiz\/wp-content\/uploads\/sites\/5\/2025\/01\/AJE-CADIZ-horizontal.png\",\"contentUrl\":\"https:\/\/ajeandalucia.org\/cadiz\/wp-content\/uploads\/sites\/5\/2025\/01\/AJE-CADIZ-horizontal.png\",\"width\":605,\"height\":200,\"caption\":\"AJE C\u00e1diz\"},\"image\":{\"@id\":\"https:\/\/ajeandalucia.org\/cadiz\/#\/schema\/logo\/image\/\"}},{\"@type\":\"Person\",\"@id\":\"https:\/\/ajeandalucia.org\/cadiz\/#\/schema\/person\/dce63ebda5f85792a4f3061905a9f15a\",\"name\":\"cadiz\",\"image\":{\"@type\":\"ImageObject\",\"inLanguage\":\"es\",\"@id\":\"https:\/\/ajeandalucia.org\/cadiz\/#\/schema\/person\/image\/\",\"url\":\"https:\/\/secure.gravatar.com\/avatar\/e60287d271698686eba86c2f7f8485140fdb3db29714804eebe944be2ec6f47b?s=96&d=mm&r=g\",\"contentUrl\":\"https:\/\/secure.gravatar.com\/avatar\/e60287d271698686eba86c2f7f8485140fdb3db29714804eebe944be2ec6f47b?s=96&d=mm&r=g\",\"caption\":\"cadiz\"},\"url\":\"https:\/\/ajeandalucia.org\/cadiz\/author\/cadiz\/\"}]}<\/script>\n<!-- \/ Yoast SEO plugin. -->","yoast_head_json":{"title":"\u201cAhora es cuando debemos usar la inteligencia y el desarrollo de la tecnolog\u00eda para mejorar los procesos y hacerlos menos da\u00f1inos al medio ambiente\u201d - AJE C\u00e1diz","robots":{"index":"index","follow":"follow","max-snippet":"max-snippet:-1","max-image-preview":"max-image-preview:large","max-video-preview":"max-video-preview:-1"},"canonical":"https:\/\/ajeandalucia.org\/cadiz\/2019\/11\/11\/ahora-es-cuando-debemos-usar-la-inteligencia-y-el-desarrollo-de-la-tecnologia-para-mejorar-los-procesos-y-hacerlos-menos-daninos-al-medio-ambiente-2\/","og_locale":"es_ES","og_type":"article","og_title":"\u201cAhora es cuando debemos usar la inteligencia y el desarrollo de la tecnolog\u00eda para mejorar los procesos y hacerlos menos da\u00f1inos al medio ambiente\u201d - AJE C\u00e1diz","og_description":"Entrevistamos a Daniel S\u00e1nchez Calle y Paola Rodolfi, nacidos en San Fernando y CEOs de Consultores Orbi: orbiconsultores.com https:\/\/twitter.com\/ConsultoresOrbi https:\/\/www.facebook.com\/orbiconsult [&hellip;]","og_url":"https:\/\/ajeandalucia.org\/cadiz\/2019\/11\/11\/ahora-es-cuando-debemos-usar-la-inteligencia-y-el-desarrollo-de-la-tecnologia-para-mejorar-los-procesos-y-hacerlos-menos-daninos-al-medio-ambiente-2\/","og_site_name":"AJE C\u00e1diz","article_published_time":"2019-11-11T12:29:36+00:00","og_image":[{"width":1024,"height":744,"url":"https:\/\/ajeandalucia.org\/cadiz\/wp-content\/uploads\/sites\/5\/2019\/11\/foto-orbi.jpg","type":"image\/jpeg"}],"author":"cadiz","twitter_card":"summary_large_image","twitter_misc":{"Escrito por":"cadiz","Tiempo de lectura":"5 minutos"},"schema":{"@context":"https:\/\/schema.org","@graph":[{"@type":"Article","@id":"https:\/\/ajeandalucia.org\/cadiz\/2019\/11\/11\/ahora-es-cuando-debemos-usar-la-inteligencia-y-el-desarrollo-de-la-tecnologia-para-mejorar-los-procesos-y-hacerlos-menos-daninos-al-medio-ambiente-2\/#article","isPartOf":{"@id":"https:\/\/ajeandalucia.org\/cadiz\/2019\/11\/11\/ahora-es-cuando-debemos-usar-la-inteligencia-y-el-desarrollo-de-la-tecnologia-para-mejorar-los-procesos-y-hacerlos-menos-daninos-al-medio-ambiente-2\/"},"author":{"name":"cadiz","@id":"https:\/\/ajeandalucia.org\/cadiz\/#\/schema\/person\/dce63ebda5f85792a4f3061905a9f15a"},"headline":"\u201cAhora es cuando debemos usar la inteligencia y el desarrollo de la tecnolog\u00eda para mejorar los procesos y hacerlos menos da\u00f1inos al medio ambiente\u201d","datePublished":"2019-11-11T12:29:36+00:00","mainEntityOfPage":{"@id":"https:\/\/ajeandalucia.org\/cadiz\/2019\/11\/11\/ahora-es-cuando-debemos-usar-la-inteligencia-y-el-desarrollo-de-la-tecnologia-para-mejorar-los-procesos-y-hacerlos-menos-daninos-al-medio-ambiente-2\/"},"wordCount":999,"commentCount":0,"publisher":{"@id":"https:\/\/ajeandalucia.org\/cadiz\/#organization"},"image":{"@id":"https:\/\/ajeandalucia.org\/cadiz\/2019\/11\/11\/ahora-es-cuando-debemos-usar-la-inteligencia-y-el-desarrollo-de-la-tecnologia-para-mejorar-los-procesos-y-hacerlos-menos-daninos-al-medio-ambiente-2\/#primaryimage"},"thumbnailUrl":"https:\/\/ajeandalucia.org\/cadiz\/wp-content\/uploads\/sites\/5\/2019\/11\/foto-orbi.jpg","articleSection":["Noticias"],"inLanguage":"es","potentialAction":[{"@type":"CommentAction","name":"Comment","target":["https:\/\/ajeandalucia.org\/cadiz\/2019\/11\/11\/ahora-es-cuando-debemos-usar-la-inteligencia-y-el-desarrollo-de-la-tecnologia-para-mejorar-los-procesos-y-hacerlos-menos-daninos-al-medio-ambiente-2\/#respond"]}]},{"@type":"WebPage","@id":"https:\/\/ajeandalucia.org\/cadiz\/2019\/11\/11\/ahora-es-cuando-debemos-usar-la-inteligencia-y-el-desarrollo-de-la-tecnologia-para-mejorar-los-procesos-y-hacerlos-menos-daninos-al-medio-ambiente-2\/","url":"https:\/\/ajeandalucia.org\/cadiz\/2019\/11\/11\/ahora-es-cuando-debemos-usar-la-inteligencia-y-el-desarrollo-de-la-tecnologia-para-mejorar-los-procesos-y-hacerlos-menos-daninos-al-medio-ambiente-2\/","name":"\u201cAhora es cuando debemos usar la inteligencia y el desarrollo de la tecnolog\u00eda para mejorar los procesos y hacerlos menos da\u00f1inos al medio ambiente\u201d - AJE C\u00e1diz","isPartOf":{"@id":"https:\/\/ajeandalucia.org\/cadiz\/#website"},"primaryImageOfPage":{"@id":"https:\/\/ajeandalucia.org\/cadiz\/2019\/11\/11\/ahora-es-cuando-debemos-usar-la-inteligencia-y-el-desarrollo-de-la-tecnologia-para-mejorar-los-procesos-y-hacerlos-menos-daninos-al-medio-ambiente-2\/#primaryimage"},"image":{"@id":"https:\/\/ajeandalucia.org\/cadiz\/2019\/11\/11\/ahora-es-cuando-debemos-usar-la-inteligencia-y-el-desarrollo-de-la-tecnologia-para-mejorar-los-procesos-y-hacerlos-menos-daninos-al-medio-ambiente-2\/#primaryimage"},"thumbnailUrl":"https:\/\/ajeandalucia.org\/cadiz\/wp-content\/uploads\/sites\/5\/2019\/11\/foto-orbi.jpg","datePublished":"2019-11-11T12:29:36+00:00","breadcrumb":{"@id":"https:\/\/ajeandalucia.org\/cadiz\/2019\/11\/11\/ahora-es-cuando-debemos-usar-la-inteligencia-y-el-desarrollo-de-la-tecnologia-para-mejorar-los-procesos-y-hacerlos-menos-daninos-al-medio-ambiente-2\/#breadcrumb"},"inLanguage":"es","potentialAction":[{"@type":"ReadAction","target":["https:\/\/ajeandalucia.org\/cadiz\/2019\/11\/11\/ahora-es-cuando-debemos-usar-la-inteligencia-y-el-desarrollo-de-la-tecnologia-para-mejorar-los-procesos-y-hacerlos-menos-daninos-al-medio-ambiente-2\/"]}]},{"@type":"ImageObject","inLanguage":"es","@id":"https:\/\/ajeandalucia.org\/cadiz\/2019\/11\/11\/ahora-es-cuando-debemos-usar-la-inteligencia-y-el-desarrollo-de-la-tecnologia-para-mejorar-los-procesos-y-hacerlos-menos-daninos-al-medio-ambiente-2\/#primaryimage","url":"https:\/\/ajeandalucia.org\/cadiz\/wp-content\/uploads\/sites\/5\/2019\/11\/foto-orbi.jpg","contentUrl":"https:\/\/ajeandalucia.org\/cadiz\/wp-content\/uploads\/sites\/5\/2019\/11\/foto-orbi.jpg","width":1024,"height":744},{"@type":"BreadcrumbList","@id":"https:\/\/ajeandalucia.org\/cadiz\/2019\/11\/11\/ahora-es-cuando-debemos-usar-la-inteligencia-y-el-desarrollo-de-la-tecnologia-para-mejorar-los-procesos-y-hacerlos-menos-daninos-al-medio-ambiente-2\/#breadcrumb","itemListElement":[{"@type":"ListItem","position":1,"name":"Portada","item":"https:\/\/ajeandalucia.org\/cadiz\/"},{"@type":"ListItem","position":2,"name":"\u201cAhora es cuando debemos usar la inteligencia y el desarrollo de la tecnolog\u00eda para mejorar los procesos y hacerlos menos da\u00f1inos al medio ambiente\u201d"}]},{"@type":"WebSite","@id":"https:\/\/ajeandalucia.org\/cadiz\/#website","url":"https:\/\/ajeandalucia.org\/cadiz\/","name":"AJE C\u00e1diz","description":"Otro sitio m\u00e1s de AJE Andaluc\u00eda","publisher":{"@id":"https:\/\/ajeandalucia.org\/cadiz\/#organization"},"potentialAction":[{"@type":"SearchAction","target":{"@type":"EntryPoint","urlTemplate":"https:\/\/ajeandalucia.org\/cadiz\/?s={search_term_string}"},"query-input":{"@type":"PropertyValueSpecification","valueRequired":true,"valueName":"search_term_string"}}],"inLanguage":"es"},{"@type":"Organization","@id":"https:\/\/ajeandalucia.org\/cadiz\/#organization","name":"AJE C\u00e1diz","url":"https:\/\/ajeandalucia.org\/cadiz\/","logo":{"@type":"ImageObject","inLanguage":"es","@id":"https:\/\/ajeandalucia.org\/cadiz\/#\/schema\/logo\/image\/","url":"https:\/\/ajeandalucia.org\/cadiz\/wp-content\/uploads\/sites\/5\/2025\/01\/AJE-CADIZ-horizontal.png","contentUrl":"https:\/\/ajeandalucia.org\/cadiz\/wp-content\/uploads\/sites\/5\/2025\/01\/AJE-CADIZ-horizontal.png","width":605,"height":200,"caption":"AJE C\u00e1diz"},"image":{"@id":"https:\/\/ajeandalucia.org\/cadiz\/#\/schema\/logo\/image\/"}},{"@type":"Person","@id":"https:\/\/ajeandalucia.org\/cadiz\/#\/schema\/person\/dce63ebda5f85792a4f3061905a9f15a","name":"cadiz","image":{"@type":"ImageObject","inLanguage":"es","@id":"https:\/\/ajeandalucia.org\/cadiz\/#\/schema\/person\/image\/","url":"https:\/\/secure.gravatar.com\/avatar\/e60287d271698686eba86c2f7f8485140fdb3db29714804eebe944be2ec6f47b?s=96&d=mm&r=g","contentUrl":"https:\/\/secure.gravatar.com\/avatar\/e60287d271698686eba86c2f7f8485140fdb3db29714804eebe944be2ec6f47b?s=96&d=mm&r=g","caption":"cadiz"},"url":"https:\/\/ajeandalucia.org\/cadiz\/author\/cadiz\/"}]}},"_links":{"self":[{"href":"https:\/\/ajeandalucia.org\/cadiz\/wp-json\/wp\/v2\/posts\/1126","targetHints":{"allow":["GET"]}}],"collection":[{"href":"https:\/\/ajeandalucia.org\/cadiz\/wp-json\/wp\/v2\/posts"}],"about":[{"href":"https:\/\/ajeandalucia.org\/cadiz\/wp-json\/wp\/v2\/types\/post"}],"author":[{"embeddable":true,"href":"https:\/\/ajeandalucia.org\/cadiz\/wp-json\/wp\/v2\/users\/4"}],"replies":[{"embeddable":true,"href":"https:\/\/ajeandalucia.org\/cadiz\/wp-json\/wp\/v2\/comments?post=1126"}],"version-history":[{"count":1,"href":"https:\/\/ajeandalucia.org\/cadiz\/wp-json\/wp\/v2\/posts\/1126\/revisions"}],"predecessor-version":[{"id":1128,"href":"https:\/\/ajeandalucia.org\/cadiz\/wp-json\/wp\/v2\/posts\/1126\/revisions\/1128"}],"wp:featuredmedia":[{"embeddable":true,"href":"https:\/\/ajeandalucia.org\/cadiz\/wp-json\/wp\/v2\/media\/1127"}],"wp:attachment":[{"href":"https:\/\/ajeandalucia.org\/cadiz\/wp-json\/wp\/v2\/media?parent=1126"}],"wp:term":[{"taxonomy":"category","embeddable":true,"href":"https:\/\/ajeandalucia.org\/cadiz\/wp-json\/wp\/v2\/categories?post=1126"},{"taxonomy":"post_tag","embeddable":true,"href":"https:\/\/ajeandalucia.org\/cadiz\/wp-json\/wp\/v2\/tags?post=1126"}],"curies":[{"name":"wp","href":"https:\/\/api.w.org\/{rel}","templated":true}]}}