{"id":1205,"date":"2020-01-31T13:05:27","date_gmt":"2020-01-31T13:05:27","guid":{"rendered":"http:\/\/www.ajeandalucia.org\/cadiz\/?p=1205"},"modified":"2020-02-03T13:10:01","modified_gmt":"2020-02-03T13:10:01","slug":"entrevistamos-a-adrian-manuel-macias-alvarez-ceo-de-q-innovate-consultores","status":"publish","type":"post","link":"https:\/\/ajeandalucia.org\/cadiz\/2020\/01\/31\/entrevistamos-a-adrian-manuel-macias-alvarez-ceo-de-q-innovate-consultores\/","title":{"rendered":"Entrevistamos a Adri\u00e1n Manuel Mac\u00edas \u00c1lvarez, CEO de Q-Innovate Consultores."},"content":{"rendered":"<p>\u201cEl pr\u00f3ximo y m\u00e1s importante reto que tenemos es lograr que un monumento de Andaluc\u00eda se convierta en patrimonio de la UNESCO\u201d<\/p>\n<p>&nbsp;<\/p>\n<p><strong><u>\u00bfQu\u00e9 es Q-Innovate Consultores? <\/u><\/strong>Es una empresa Andaluza dedicada al asesoramiento t\u00e9cnico y empresarial de entidades p\u00fablicas y privadas, que como objetivo tienen, mejorar la gesti\u00f3n de todos sus procesos claves tanto desde el punto de vista organizativo como mejorar la Calidad percibida por los clientes, reducir el impacto Medio Ambiental de sus actividades y mejorar la Seguridad y Salud de los trabajadores que la realizan, apoy\u00e1ndose para ellos en normas internacionales de gesti\u00f3n como la ISO 9001, ISO 14001, Q-CALIDAD y UNE 45001.<\/p>\n<p>Nuestra funci\u00f3n b\u00e1sicamente es identificar las debilidades de dichas entidades, convirti\u00e9ndolas en fortalezas, las cuales, a su vez, se ven respaldadas con certificaciones acreditadas por entidades independientes.<\/p>\n<p><strong><u>\u00bfQue os diferencia del resto? <\/u><\/strong><\/p>\n<p>La mayor diferencia con entidades de nuestro sector, es el asesoramiento personalizado que realizamos a nuestros clientes, garantizando la mejora en todos los procesos de trabajo claves, siendo no solo capaces de identificar las oportunidades de mejora sino adem\u00e1s, las acciones que deben de ejecutarse para convertirlas en una fortaleza para la entidad. Se trata en muchos de los casos de un proyecto tipo \u201cllave en mano\u201d ya que estamos presente en la empresa en todas las fases del proyecto hasta la obtenci\u00f3n de dicha certificaci\u00f3n\/es.<\/p>\n<p>Personal t\u00e9cnico con un importante nivel de competencia y experiencia en diferentes sectores que van desde el sector privado al sector p\u00fablico. A lo anteriormente comentado, tenemos que sumar su cualificaci\u00f3n como Auditores Freelance para diferentes entidades de certificaci\u00f3n acreditada por ENAC (Entidad Nacional de Acreditaci\u00f3n)<\/p>\n<p>Nos avala nuestra experiencia profesional, con m\u00e1s de 13 a\u00f1os dedicados al asesoramiento empresarial, ejecutando todos los proyectos con \u00e9xito e innovando en materia de certificaciones a nivel nacional e internacional.<\/p>\n<p><strong><u>\u00bfCu\u00e1les son los proyectos que ten\u00e9is en mente? <\/u><\/strong>Continuamente trabajamos buscando a cada uno de nuestros clientes aquellas certificaciones que mejor se ajustan a su sector y necesidades, esto nos conlleva procesos de investigaci\u00f3n e innovaci\u00f3n en materia de certificaciones de sistemas de gesti\u00f3n y planes de mejora. El pr\u00f3ximo y m\u00e1s importante es lograr que un monumento de Andaluc\u00eda se convierta en patrimonio de la UNESCO.<\/p>\n<p><strong><u>\u00bfCu\u00e1l es el proceso de calificaci\u00f3n de Calidad?<\/u><\/strong> A grandes rasgos siempre se ha de realizar un diagn\u00f3stico previo de la entidad, que quiere obtener dicha certificaci\u00f3n, con el objetivo de identificar las mejoras que se pueden realizar en cada uno de sus procesos.<\/p>\n<p>Una vez identificada dichas mejoras se procede al desarrollo de dichos procesos de trabajo implicado en cada uno de los departamentos de la entidad y siempre en l\u00ednea con la certificaci\u00f3n que se quiere obtener, ya sea ISO 9001, ISO 14001, UNE 45001, Q-CALIDAD u otra similar.<\/p>\n<p>Dentro de dichos procesos se incluye seg\u00fan el tipo de certificaci\u00f3n a obtener, la identificaci\u00f3n y evaluaci\u00f3n de requisitos legales, lo que permite a la empresa poner al d\u00eda cual tipo de incumplimiento, el cual, en la mayor parte de los casos procede del desconocimiento y elevado volumen normativo presente en nuestra comunidad aut\u00f3noma.<\/p>\n<p>Una vez elaborado e implementado dichos procesos, dicha entidad ser\u00e1 sometida a un proceso de evaluaci\u00f3n a trav\u00e9s de Auditor\u00edas Internas y Externas en la que se comprobar\u00e1 que dicha entidad se alinea con la\/las normas que son de aplicaci\u00f3n y a cuyo distintivo opta.<\/p>\n<p><strong><u>\u00bfCu\u00e1ndo decidisteis iniciar este proyecto? <\/u><\/strong>En 2005 tras un periodo de formaci\u00f3n a trav\u00e9s de pr\u00e1cticas de empresa en otra entidad consultora y tras adquirir la experiencia necesaria, la gerencia decidi\u00f3 iniciar esta andadura empresarial y desde entonces hasta ahora, hemos doblado las delegaciones estando en C\u00e1diz y M\u00e1laga, as\u00ed como el n\u00famero de t\u00e9cnicos de cada una de dichas Delegaciones.<\/p>\n<p><strong><u>\u00bfQu\u00e9 es lo que m\u00e1s te gusta de tu trabajo? <\/u><\/strong>Sin duda es un trabajo apasionante el que realizamos, ya que no solo nos permite conocer diversos clientes, sino que nos aporta conocimientos t\u00e9cnicos de diversos sectores, as\u00ed como sistemas organizativos de diferentes entidades, algo que nos enriquece desde el punto de vista profesional y t\u00e9cnico, d\u00e1ndonos una visi\u00f3n m\u00e1s multidisciplinar.<\/p>\n<p><strong><u>\u00bfY lo que menos?<\/u><\/strong> Quiz\u00e1s el que a\u00fan haya desconocimiento de la importancia de este trabajo y las mejoras que aporta a muchas entidades, ya que en otros pa\u00edses dichas certificaciones de Calidad y Medio Ambiente est\u00e1 muy bien valorado la mejora de la calidad y el cuidado del medio ambiente.<\/p>\n<p><strong><u>\u00bfCu\u00e1l cre\u00e9is que ser\u00e1 la tendencia de vuestro sector en unos a\u00f1os?<\/u><\/strong> Sin duda alguna, la tendencia es el aumento de entidades comprometidas con dichas certificaciones de Calidad, ya que se est\u00e1 incrementando la presi\u00f3n por parte de los consumidores, los cuales, quieren cada vez m\u00e1s un servicio de Calidad Real.<\/p>\n<p>Del mismo modo, el n\u00famero de entidades comprometidas con la Sostenibilidad son cada vez mayores, por lo que dichas certificaciones siguen aumentando de forma exponencial con el objetivo de lograr que el impacto empresarial en el Medio que nos rodea sea el m\u00ednimo posible.<\/p>\n<p>Por \u00faltimo debemos de comentar, que cada vez son m\u00e1s el n\u00famero de empresas que apuestan por certificaciones que aumenten los est\u00e1ndares en materia de Seguridad y Salud en el trabajo, todo ellos destinado a la reducci\u00f3n de accidentabilidad y siniestralidad en los diferentes puestos de trabajo de las empresas.<\/p>\n","protected":false},"excerpt":{"rendered":"<p>\u201cEl pr\u00f3ximo y m\u00e1s importante reto que tenemos es lograr que un monumento de Andaluc\u00eda se convierta en patrimonio de [&hellip;]<\/p>\n","protected":false},"author":4,"featured_media":1206,"comment_status":"open","ping_status":"open","sticky":false,"template":"","format":"standard","meta":{"_acf_changed":false,"site-sidebar-layout":"default","site-content-layout":"","ast-site-content-layout":"default","site-content-style":"default","site-sidebar-style":"default","ast-global-header-display":"","ast-banner-title-visibility":"","ast-main-header-display":"","ast-hfb-above-header-display":"","ast-hfb-below-header-display":"","ast-hfb-mobile-header-display":"","site-post-title":"","ast-breadcrumbs-content":"","ast-featured-img":"","footer-sml-layout":"","ast-disable-related-posts":"","theme-transparent-header-meta":"","adv-header-id-meta":"","stick-header-meta":"","header-above-stick-meta":"","header-main-stick-meta":"","header-below-stick-meta":"","astra-migrate-meta-layouts":"default","ast-page-background-enabled":"default","ast-page-background-meta":{"desktop":{"background-color":"var(--ast-global-color-5)","background-image":"","background-repeat":"repeat","background-position":"center center","background-size":"auto","background-attachment":"scroll","background-type":"","background-media":"","overlay-type":"","overlay-color":"","overlay-opacity":"","overlay-gradient":""},"tablet":{"background-color":"","background-image":"","background-repeat":"repeat","background-position":"center center","background-size":"auto","background-attachment":"scroll","background-type":"","background-media":"","overlay-type":"","overlay-color":"","overlay-opacity":"","overlay-gradient":""},"mobile":{"background-color":"","background-image":"","background-repeat":"repeat","background-position":"center center","background-size":"auto","background-attachment":"scroll","background-type":"","background-media":"","overlay-type":"","overlay-color":"","overlay-opacity":"","overlay-gradient":""}},"ast-content-background-meta":{"desktop":{"background-color":"var(--ast-global-color-4)","background-image":"","background-repeat":"repeat","background-position":"center center","background-size":"auto","background-attachment":"scroll","background-type":"","background-media":"","overlay-type":"","overlay-color":"","overlay-opacity":"","overlay-gradient":""},"tablet":{"background-color":"var(--ast-global-color-4)","background-image":"","background-repeat":"repeat","background-position":"center center","background-size":"auto","background-attachment":"scroll","background-type":"","background-media":"","overlay-type":"","overlay-color":"","overlay-opacity":"","overlay-gradient":""},"mobile":{"background-color":"var(--ast-global-color-4)","background-image":"","background-repeat":"repeat","background-position":"center center","background-size":"auto","background-attachment":"scroll","background-type":"","background-media":"","overlay-type":"","overlay-color":"","overlay-opacity":"","overlay-gradient":""}},"footnotes":""},"categories":[8],"tags":[],"class_list":["post-1205","post","type-post","status-publish","format-standard","has-post-thumbnail","hentry","category-noticias"],"acf":[],"yoast_head":"<!-- This site is optimized with the Yoast SEO plugin v26.9 - https:\/\/yoast.com\/product\/yoast-seo-wordpress\/ -->\n<title>Entrevistamos a Adri\u00e1n Manuel Mac\u00edas \u00c1lvarez, CEO de Q-Innovate Consultores. - AJE C\u00e1diz<\/title>\n<meta name=\"robots\" content=\"index, follow, max-snippet:-1, max-image-preview:large, max-video-preview:-1\" \/>\n<link rel=\"canonical\" href=\"https:\/\/ajeandalucia.org\/cadiz\/2020\/01\/31\/entrevistamos-a-adrian-manuel-macias-alvarez-ceo-de-q-innovate-consultores\/\" \/>\n<meta property=\"og:locale\" content=\"es_ES\" \/>\n<meta property=\"og:type\" content=\"article\" \/>\n<meta property=\"og:title\" content=\"Entrevistamos a Adri\u00e1n Manuel Mac\u00edas \u00c1lvarez, CEO de Q-Innovate Consultores. - AJE C\u00e1diz\" \/>\n<meta property=\"og:description\" content=\"\u201cEl pr\u00f3ximo y m\u00e1s importante reto que tenemos es lograr que un monumento de Andaluc\u00eda se convierta en patrimonio de [&hellip;]\" \/>\n<meta property=\"og:url\" content=\"https:\/\/ajeandalucia.org\/cadiz\/2020\/01\/31\/entrevistamos-a-adrian-manuel-macias-alvarez-ceo-de-q-innovate-consultores\/\" \/>\n<meta property=\"og:site_name\" content=\"AJE C\u00e1diz\" \/>\n<meta property=\"article:published_time\" content=\"2020-01-31T13:05:27+00:00\" \/>\n<meta property=\"article:modified_time\" content=\"2020-02-03T13:10:01+00:00\" \/>\n<meta property=\"og:image\" content=\"https:\/\/ajeandalucia.org\/cadiz\/wp-content\/uploads\/sites\/5\/2020\/02\/FOTO-ADRIAN-ENTREVISTA.jpeg\" \/>\n\t<meta property=\"og:image:width\" content=\"768\" \/>\n\t<meta property=\"og:image:height\" content=\"1024\" \/>\n\t<meta property=\"og:image:type\" content=\"image\/jpeg\" \/>\n<meta name=\"author\" content=\"cadiz\" \/>\n<meta name=\"twitter:card\" content=\"summary_large_image\" \/>\n<meta name=\"twitter:label1\" content=\"Escrito por\" \/>\n\t<meta name=\"twitter:data1\" content=\"cadiz\" \/>\n\t<meta name=\"twitter:label2\" content=\"Tiempo de lectura\" \/>\n\t<meta name=\"twitter:data2\" content=\"5 minutos\" \/>\n<script type=\"application\/ld+json\" class=\"yoast-schema-graph\">{\"@context\":\"https:\/\/schema.org\",\"@graph\":[{\"@type\":\"Article\",\"@id\":\"https:\/\/ajeandalucia.org\/cadiz\/2020\/01\/31\/entrevistamos-a-adrian-manuel-macias-alvarez-ceo-de-q-innovate-consultores\/#article\",\"isPartOf\":{\"@id\":\"https:\/\/ajeandalucia.org\/cadiz\/2020\/01\/31\/entrevistamos-a-adrian-manuel-macias-alvarez-ceo-de-q-innovate-consultores\/\"},\"author\":{\"name\":\"cadiz\",\"@id\":\"https:\/\/ajeandalucia.org\/cadiz\/#\/schema\/person\/dce63ebda5f85792a4f3061905a9f15a\"},\"headline\":\"Entrevistamos a Adri\u00e1n Manuel Mac\u00edas \u00c1lvarez, CEO de Q-Innovate Consultores.\",\"datePublished\":\"2020-01-31T13:05:27+00:00\",\"dateModified\":\"2020-02-03T13:10:01+00:00\",\"mainEntityOfPage\":{\"@id\":\"https:\/\/ajeandalucia.org\/cadiz\/2020\/01\/31\/entrevistamos-a-adrian-manuel-macias-alvarez-ceo-de-q-innovate-consultores\/\"},\"wordCount\":956,\"commentCount\":0,\"publisher\":{\"@id\":\"https:\/\/ajeandalucia.org\/cadiz\/#organization\"},\"image\":{\"@id\":\"https:\/\/ajeandalucia.org\/cadiz\/2020\/01\/31\/entrevistamos-a-adrian-manuel-macias-alvarez-ceo-de-q-innovate-consultores\/#primaryimage\"},\"thumbnailUrl\":\"https:\/\/ajeandalucia.org\/cadiz\/wp-content\/uploads\/sites\/5\/2020\/02\/FOTO-ADRIAN-ENTREVISTA.jpeg\",\"articleSection\":[\"Noticias\"],\"inLanguage\":\"es\",\"potentialAction\":[{\"@type\":\"CommentAction\",\"name\":\"Comment\",\"target\":[\"https:\/\/ajeandalucia.org\/cadiz\/2020\/01\/31\/entrevistamos-a-adrian-manuel-macias-alvarez-ceo-de-q-innovate-consultores\/#respond\"]}]},{\"@type\":\"WebPage\",\"@id\":\"https:\/\/ajeandalucia.org\/cadiz\/2020\/01\/31\/entrevistamos-a-adrian-manuel-macias-alvarez-ceo-de-q-innovate-consultores\/\",\"url\":\"https:\/\/ajeandalucia.org\/cadiz\/2020\/01\/31\/entrevistamos-a-adrian-manuel-macias-alvarez-ceo-de-q-innovate-consultores\/\",\"name\":\"Entrevistamos a Adri\u00e1n Manuel Mac\u00edas \u00c1lvarez, CEO de Q-Innovate Consultores. - AJE C\u00e1diz\",\"isPartOf\":{\"@id\":\"https:\/\/ajeandalucia.org\/cadiz\/#website\"},\"primaryImageOfPage\":{\"@id\":\"https:\/\/ajeandalucia.org\/cadiz\/2020\/01\/31\/entrevistamos-a-adrian-manuel-macias-alvarez-ceo-de-q-innovate-consultores\/#primaryimage\"},\"image\":{\"@id\":\"https:\/\/ajeandalucia.org\/cadiz\/2020\/01\/31\/entrevistamos-a-adrian-manuel-macias-alvarez-ceo-de-q-innovate-consultores\/#primaryimage\"},\"thumbnailUrl\":\"https:\/\/ajeandalucia.org\/cadiz\/wp-content\/uploads\/sites\/5\/2020\/02\/FOTO-ADRIAN-ENTREVISTA.jpeg\",\"datePublished\":\"2020-01-31T13:05:27+00:00\",\"dateModified\":\"2020-02-03T13:10:01+00:00\",\"breadcrumb\":{\"@id\":\"https:\/\/ajeandalucia.org\/cadiz\/2020\/01\/31\/entrevistamos-a-adrian-manuel-macias-alvarez-ceo-de-q-innovate-consultores\/#breadcrumb\"},\"inLanguage\":\"es\",\"potentialAction\":[{\"@type\":\"ReadAction\",\"target\":[\"https:\/\/ajeandalucia.org\/cadiz\/2020\/01\/31\/entrevistamos-a-adrian-manuel-macias-alvarez-ceo-de-q-innovate-consultores\/\"]}]},{\"@type\":\"ImageObject\",\"inLanguage\":\"es\",\"@id\":\"https:\/\/ajeandalucia.org\/cadiz\/2020\/01\/31\/entrevistamos-a-adrian-manuel-macias-alvarez-ceo-de-q-innovate-consultores\/#primaryimage\",\"url\":\"https:\/\/ajeandalucia.org\/cadiz\/wp-content\/uploads\/sites\/5\/2020\/02\/FOTO-ADRIAN-ENTREVISTA.jpeg\",\"contentUrl\":\"https:\/\/ajeandalucia.org\/cadiz\/wp-content\/uploads\/sites\/5\/2020\/02\/FOTO-ADRIAN-ENTREVISTA.jpeg\",\"width\":768,\"height\":1024},{\"@type\":\"BreadcrumbList\",\"@id\":\"https:\/\/ajeandalucia.org\/cadiz\/2020\/01\/31\/entrevistamos-a-adrian-manuel-macias-alvarez-ceo-de-q-innovate-consultores\/#breadcrumb\",\"itemListElement\":[{\"@type\":\"ListItem\",\"position\":1,\"name\":\"Portada\",\"item\":\"https:\/\/ajeandalucia.org\/cadiz\/\"},{\"@type\":\"ListItem\",\"position\":2,\"name\":\"Entrevistamos a Adri\u00e1n Manuel Mac\u00edas \u00c1lvarez, CEO de Q-Innovate Consultores.\"}]},{\"@type\":\"WebSite\",\"@id\":\"https:\/\/ajeandalucia.org\/cadiz\/#website\",\"url\":\"https:\/\/ajeandalucia.org\/cadiz\/\",\"name\":\"AJE C\u00e1diz\",\"description\":\"Otro sitio m\u00e1s de AJE Andaluc\u00eda\",\"publisher\":{\"@id\":\"https:\/\/ajeandalucia.org\/cadiz\/#organization\"},\"potentialAction\":[{\"@type\":\"SearchAction\",\"target\":{\"@type\":\"EntryPoint\",\"urlTemplate\":\"https:\/\/ajeandalucia.org\/cadiz\/?s={search_term_string}\"},\"query-input\":{\"@type\":\"PropertyValueSpecification\",\"valueRequired\":true,\"valueName\":\"search_term_string\"}}],\"inLanguage\":\"es\"},{\"@type\":\"Organization\",\"@id\":\"https:\/\/ajeandalucia.org\/cadiz\/#organization\",\"name\":\"AJE C\u00e1diz\",\"url\":\"https:\/\/ajeandalucia.org\/cadiz\/\",\"logo\":{\"@type\":\"ImageObject\",\"inLanguage\":\"es\",\"@id\":\"https:\/\/ajeandalucia.org\/cadiz\/#\/schema\/logo\/image\/\",\"url\":\"https:\/\/ajeandalucia.org\/cadiz\/wp-content\/uploads\/sites\/5\/2025\/01\/AJE-CADIZ-horizontal.png\",\"contentUrl\":\"https:\/\/ajeandalucia.org\/cadiz\/wp-content\/uploads\/sites\/5\/2025\/01\/AJE-CADIZ-horizontal.png\",\"width\":605,\"height\":200,\"caption\":\"AJE C\u00e1diz\"},\"image\":{\"@id\":\"https:\/\/ajeandalucia.org\/cadiz\/#\/schema\/logo\/image\/\"}},{\"@type\":\"Person\",\"@id\":\"https:\/\/ajeandalucia.org\/cadiz\/#\/schema\/person\/dce63ebda5f85792a4f3061905a9f15a\",\"name\":\"cadiz\",\"image\":{\"@type\":\"ImageObject\",\"inLanguage\":\"es\",\"@id\":\"https:\/\/ajeandalucia.org\/cadiz\/#\/schema\/person\/image\/\",\"url\":\"https:\/\/secure.gravatar.com\/avatar\/e60287d271698686eba86c2f7f8485140fdb3db29714804eebe944be2ec6f47b?s=96&d=mm&r=g\",\"contentUrl\":\"https:\/\/secure.gravatar.com\/avatar\/e60287d271698686eba86c2f7f8485140fdb3db29714804eebe944be2ec6f47b?s=96&d=mm&r=g\",\"caption\":\"cadiz\"},\"url\":\"https:\/\/ajeandalucia.org\/cadiz\/author\/cadiz\/\"}]}<\/script>\n<!-- \/ Yoast SEO plugin. -->","yoast_head_json":{"title":"Entrevistamos a Adri\u00e1n Manuel Mac\u00edas \u00c1lvarez, CEO de Q-Innovate Consultores. - AJE C\u00e1diz","robots":{"index":"index","follow":"follow","max-snippet":"max-snippet:-1","max-image-preview":"max-image-preview:large","max-video-preview":"max-video-preview:-1"},"canonical":"https:\/\/ajeandalucia.org\/cadiz\/2020\/01\/31\/entrevistamos-a-adrian-manuel-macias-alvarez-ceo-de-q-innovate-consultores\/","og_locale":"es_ES","og_type":"article","og_title":"Entrevistamos a Adri\u00e1n Manuel Mac\u00edas \u00c1lvarez, CEO de Q-Innovate Consultores. - AJE C\u00e1diz","og_description":"\u201cEl pr\u00f3ximo y m\u00e1s importante reto que tenemos es lograr que un monumento de Andaluc\u00eda se convierta en patrimonio de [&hellip;]","og_url":"https:\/\/ajeandalucia.org\/cadiz\/2020\/01\/31\/entrevistamos-a-adrian-manuel-macias-alvarez-ceo-de-q-innovate-consultores\/","og_site_name":"AJE C\u00e1diz","article_published_time":"2020-01-31T13:05:27+00:00","article_modified_time":"2020-02-03T13:10:01+00:00","og_image":[{"width":768,"height":1024,"url":"https:\/\/ajeandalucia.org\/cadiz\/wp-content\/uploads\/sites\/5\/2020\/02\/FOTO-ADRIAN-ENTREVISTA.jpeg","type":"image\/jpeg"}],"author":"cadiz","twitter_card":"summary_large_image","twitter_misc":{"Escrito por":"cadiz","Tiempo de lectura":"5 minutos"},"schema":{"@context":"https:\/\/schema.org","@graph":[{"@type":"Article","@id":"https:\/\/ajeandalucia.org\/cadiz\/2020\/01\/31\/entrevistamos-a-adrian-manuel-macias-alvarez-ceo-de-q-innovate-consultores\/#article","isPartOf":{"@id":"https:\/\/ajeandalucia.org\/cadiz\/2020\/01\/31\/entrevistamos-a-adrian-manuel-macias-alvarez-ceo-de-q-innovate-consultores\/"},"author":{"name":"cadiz","@id":"https:\/\/ajeandalucia.org\/cadiz\/#\/schema\/person\/dce63ebda5f85792a4f3061905a9f15a"},"headline":"Entrevistamos a Adri\u00e1n Manuel Mac\u00edas \u00c1lvarez, CEO de Q-Innovate Consultores.","datePublished":"2020-01-31T13:05:27+00:00","dateModified":"2020-02-03T13:10:01+00:00","mainEntityOfPage":{"@id":"https:\/\/ajeandalucia.org\/cadiz\/2020\/01\/31\/entrevistamos-a-adrian-manuel-macias-alvarez-ceo-de-q-innovate-consultores\/"},"wordCount":956,"commentCount":0,"publisher":{"@id":"https:\/\/ajeandalucia.org\/cadiz\/#organization"},"image":{"@id":"https:\/\/ajeandalucia.org\/cadiz\/2020\/01\/31\/entrevistamos-a-adrian-manuel-macias-alvarez-ceo-de-q-innovate-consultores\/#primaryimage"},"thumbnailUrl":"https:\/\/ajeandalucia.org\/cadiz\/wp-content\/uploads\/sites\/5\/2020\/02\/FOTO-ADRIAN-ENTREVISTA.jpeg","articleSection":["Noticias"],"inLanguage":"es","potentialAction":[{"@type":"CommentAction","name":"Comment","target":["https:\/\/ajeandalucia.org\/cadiz\/2020\/01\/31\/entrevistamos-a-adrian-manuel-macias-alvarez-ceo-de-q-innovate-consultores\/#respond"]}]},{"@type":"WebPage","@id":"https:\/\/ajeandalucia.org\/cadiz\/2020\/01\/31\/entrevistamos-a-adrian-manuel-macias-alvarez-ceo-de-q-innovate-consultores\/","url":"https:\/\/ajeandalucia.org\/cadiz\/2020\/01\/31\/entrevistamos-a-adrian-manuel-macias-alvarez-ceo-de-q-innovate-consultores\/","name":"Entrevistamos a Adri\u00e1n Manuel Mac\u00edas \u00c1lvarez, CEO de Q-Innovate Consultores. - AJE C\u00e1diz","isPartOf":{"@id":"https:\/\/ajeandalucia.org\/cadiz\/#website"},"primaryImageOfPage":{"@id":"https:\/\/ajeandalucia.org\/cadiz\/2020\/01\/31\/entrevistamos-a-adrian-manuel-macias-alvarez-ceo-de-q-innovate-consultores\/#primaryimage"},"image":{"@id":"https:\/\/ajeandalucia.org\/cadiz\/2020\/01\/31\/entrevistamos-a-adrian-manuel-macias-alvarez-ceo-de-q-innovate-consultores\/#primaryimage"},"thumbnailUrl":"https:\/\/ajeandalucia.org\/cadiz\/wp-content\/uploads\/sites\/5\/2020\/02\/FOTO-ADRIAN-ENTREVISTA.jpeg","datePublished":"2020-01-31T13:05:27+00:00","dateModified":"2020-02-03T13:10:01+00:00","breadcrumb":{"@id":"https:\/\/ajeandalucia.org\/cadiz\/2020\/01\/31\/entrevistamos-a-adrian-manuel-macias-alvarez-ceo-de-q-innovate-consultores\/#breadcrumb"},"inLanguage":"es","potentialAction":[{"@type":"ReadAction","target":["https:\/\/ajeandalucia.org\/cadiz\/2020\/01\/31\/entrevistamos-a-adrian-manuel-macias-alvarez-ceo-de-q-innovate-consultores\/"]}]},{"@type":"ImageObject","inLanguage":"es","@id":"https:\/\/ajeandalucia.org\/cadiz\/2020\/01\/31\/entrevistamos-a-adrian-manuel-macias-alvarez-ceo-de-q-innovate-consultores\/#primaryimage","url":"https:\/\/ajeandalucia.org\/cadiz\/wp-content\/uploads\/sites\/5\/2020\/02\/FOTO-ADRIAN-ENTREVISTA.jpeg","contentUrl":"https:\/\/ajeandalucia.org\/cadiz\/wp-content\/uploads\/sites\/5\/2020\/02\/FOTO-ADRIAN-ENTREVISTA.jpeg","width":768,"height":1024},{"@type":"BreadcrumbList","@id":"https:\/\/ajeandalucia.org\/cadiz\/2020\/01\/31\/entrevistamos-a-adrian-manuel-macias-alvarez-ceo-de-q-innovate-consultores\/#breadcrumb","itemListElement":[{"@type":"ListItem","position":1,"name":"Portada","item":"https:\/\/ajeandalucia.org\/cadiz\/"},{"@type":"ListItem","position":2,"name":"Entrevistamos a Adri\u00e1n Manuel Mac\u00edas \u00c1lvarez, CEO de Q-Innovate Consultores."}]},{"@type":"WebSite","@id":"https:\/\/ajeandalucia.org\/cadiz\/#website","url":"https:\/\/ajeandalucia.org\/cadiz\/","name":"AJE C\u00e1diz","description":"Otro sitio m\u00e1s de AJE Andaluc\u00eda","publisher":{"@id":"https:\/\/ajeandalucia.org\/cadiz\/#organization"},"potentialAction":[{"@type":"SearchAction","target":{"@type":"EntryPoint","urlTemplate":"https:\/\/ajeandalucia.org\/cadiz\/?s={search_term_string}"},"query-input":{"@type":"PropertyValueSpecification","valueRequired":true,"valueName":"search_term_string"}}],"inLanguage":"es"},{"@type":"Organization","@id":"https:\/\/ajeandalucia.org\/cadiz\/#organization","name":"AJE C\u00e1diz","url":"https:\/\/ajeandalucia.org\/cadiz\/","logo":{"@type":"ImageObject","inLanguage":"es","@id":"https:\/\/ajeandalucia.org\/cadiz\/#\/schema\/logo\/image\/","url":"https:\/\/ajeandalucia.org\/cadiz\/wp-content\/uploads\/sites\/5\/2025\/01\/AJE-CADIZ-horizontal.png","contentUrl":"https:\/\/ajeandalucia.org\/cadiz\/wp-content\/uploads\/sites\/5\/2025\/01\/AJE-CADIZ-horizontal.png","width":605,"height":200,"caption":"AJE C\u00e1diz"},"image":{"@id":"https:\/\/ajeandalucia.org\/cadiz\/#\/schema\/logo\/image\/"}},{"@type":"Person","@id":"https:\/\/ajeandalucia.org\/cadiz\/#\/schema\/person\/dce63ebda5f85792a4f3061905a9f15a","name":"cadiz","image":{"@type":"ImageObject","inLanguage":"es","@id":"https:\/\/ajeandalucia.org\/cadiz\/#\/schema\/person\/image\/","url":"https:\/\/secure.gravatar.com\/avatar\/e60287d271698686eba86c2f7f8485140fdb3db29714804eebe944be2ec6f47b?s=96&d=mm&r=g","contentUrl":"https:\/\/secure.gravatar.com\/avatar\/e60287d271698686eba86c2f7f8485140fdb3db29714804eebe944be2ec6f47b?s=96&d=mm&r=g","caption":"cadiz"},"url":"https:\/\/ajeandalucia.org\/cadiz\/author\/cadiz\/"}]}},"_links":{"self":[{"href":"https:\/\/ajeandalucia.org\/cadiz\/wp-json\/wp\/v2\/posts\/1205","targetHints":{"allow":["GET"]}}],"collection":[{"href":"https:\/\/ajeandalucia.org\/cadiz\/wp-json\/wp\/v2\/posts"}],"about":[{"href":"https:\/\/ajeandalucia.org\/cadiz\/wp-json\/wp\/v2\/types\/post"}],"author":[{"embeddable":true,"href":"https:\/\/ajeandalucia.org\/cadiz\/wp-json\/wp\/v2\/users\/4"}],"replies":[{"embeddable":true,"href":"https:\/\/ajeandalucia.org\/cadiz\/wp-json\/wp\/v2\/comments?post=1205"}],"version-history":[{"count":1,"href":"https:\/\/ajeandalucia.org\/cadiz\/wp-json\/wp\/v2\/posts\/1205\/revisions"}],"predecessor-version":[{"id":1207,"href":"https:\/\/ajeandalucia.org\/cadiz\/wp-json\/wp\/v2\/posts\/1205\/revisions\/1207"}],"wp:featuredmedia":[{"embeddable":true,"href":"https:\/\/ajeandalucia.org\/cadiz\/wp-json\/wp\/v2\/media\/1206"}],"wp:attachment":[{"href":"https:\/\/ajeandalucia.org\/cadiz\/wp-json\/wp\/v2\/media?parent=1205"}],"wp:term":[{"taxonomy":"category","embeddable":true,"href":"https:\/\/ajeandalucia.org\/cadiz\/wp-json\/wp\/v2\/categories?post=1205"},{"taxonomy":"post_tag","embeddable":true,"href":"https:\/\/ajeandalucia.org\/cadiz\/wp-json\/wp\/v2\/tags?post=1205"}],"curies":[{"name":"wp","href":"https:\/\/api.w.org\/{rel}","templated":true}]}}