{"id":1211,"date":"2020-02-04T08:39:09","date_gmt":"2020-02-04T08:39:09","guid":{"rendered":"http:\/\/www.ajeandalucia.org\/cadiz\/?p=1211"},"modified":"2020-02-06T08:58:07","modified_gmt":"2020-02-06T08:58:07","slug":"la-asociacion-de-jovenes-empresarios-de-andalucia-abre-el-plazo-de-candidaturas-a-los-premios-aje-2020","status":"publish","type":"post","link":"https:\/\/ajeandalucia.org\/cadiz\/2020\/02\/04\/la-asociacion-de-jovenes-empresarios-de-andalucia-abre-el-plazo-de-candidaturas-a-los-premios-aje-2020\/","title":{"rendered":"LA ASOCIACI\u00d3N DE J\u00d3VENES EMPRESARIOS DE ANDALUC\u00cdA ABRE EL PLAZO DE CANDIDATURAS A LOS PREMIOS AJE 2020"},"content":{"rendered":"<ul>\n<li>La Asociaci\u00f3n de J\u00f3venes Empresarios de Andaluc\u00eda ha convocado los Premios AJE en la doble modalidad de Iniciativa Emprendedora y Trayectoria Empresarial.<\/li>\n<li>En la primera fase de este concurso se entregar\u00e1n los premios provinciales y los ganadores optar\u00e1n al premio regional que AJE tiene previsto entregar el 22 de octubre de 2020 en M\u00e1laga.<\/li>\n<\/ul>\n<p>&nbsp;<\/p>\n<p><strong>AJE ANDALUC\u00cdA. <\/strong>La Asociaci\u00f3n de J\u00f3venes Empresarios de Andaluc\u00eda ha presentado la nueva edici\u00f3n de los Premios AJE.<\/p>\n<p>Bajo el lema <em>Un Mar de Empresas, <\/em>AJE pone el foco en el mar como esa parte de nuestro planeta que, pese a su dimensi\u00f3n e importancia vital, a\u00fan resulta una gran desconocida. Tres cuartas partes de nuestro planeta son agua y Andaluc\u00eda es la comunidad espa\u00f1ola con el medio acu\u00e1tico m\u00e1s rico. En paralelo a como est\u00e1 ocurriendo con su econom\u00eda.<\/p>\n<p>La idea propone una introspecci\u00f3n en el empresariado y su particular ecosistema, as\u00ed como en su manera de desarrollarse y crecer a veces con menos ox\u00edgeno del necesario como ocurre en las profundidades marinas.<\/p>\n<p>Asimismo, el lema casa de lleno con los Objetivos de Desarrollo Sostenible y, muy en particular, con el n\u00famero 14: \u201cconservar y utilizar en forma sostenible los oc\u00e9anos, los mares y los recursos marinos para el desarrollo sostenible\u201d. Una apuesta, sin duda, por la toma de conciencia por parte de la juventud empresaria ante la emergencia clim\u00e1tica como uno de los principales problemas de la humanidad.<\/p>\n<p>Esta edici\u00f3n de los Premios AJE 2020 pone de manifiesto la importante labor de los j\u00f3venes empresarios y empresarias andaluces, embarcados ya de lleno en su consolidaci\u00f3n empresarial en una traves\u00eda que no ha dejado de ser incierta.<\/p>\n<p>AJE quiere homenajear a la juventud empresarial, que ha destacado por su ingenio, su innovaci\u00f3n, por su pasi\u00f3n, por su arraigo y compromiso social, poniendo en peligro sus propias situaciones personales y laborales para crear riqueza y empleo en contra de las adversidades de un ecosistema emprendedor que a\u00fan no es amigable. Por ellos, por ellas, que no dudaron en sumergirse a pleno pulm\u00f3n en estas profundidades va dirigida esta edici\u00f3n de los Premios AJE 2020.<\/p>\n<p>Como en ediciones anteriores, los Premios AJE se dividen en dos fases: una provincial, que se llevar\u00e1 a cabo a lo largo de los meses de febrero a abril en las distintas provincias andaluzas, y una gala de entrega de premios regional a la que aspirar\u00e1n los premiados provinciales, y que AJE tiene previsto entregar el 22 de octubre de 2020 en M\u00e1laga.<\/p>\n<p>A trav\u00e9s de la web de AJE Andaluc\u00eda, los y las aspirantes pueden obtener toda la informaci\u00f3n necesaria para concurrir a cualquiera de las dos modalidades de los Premios AJE: bases de los premios, plazos de entrega de candidaturas, premios que obtendr\u00e1n los ganadores y fechas de entrega.<\/p>\n<p>A lo largo de los \u00faltimos veinte a\u00f1os, estos premios han crecido en n\u00famero de candidaturas y en t\u00e9rminos cualitativos en el escrutinio y valoraci\u00f3n de las mejores y m\u00e1s innovadoras empresas de la comunidad andaluza. La granadina Grupo Caro Salmer\u00f3n, dedicada a la manipulaci\u00f3n, almacenamiento y distribuci\u00f3n de tripas naturales, envolturas comestibles y no comestibles y almacenamiento y distribuci\u00f3n de especias, y la sevillana Livelink Motor, encargada de aplicar un innovador sistema de protecci\u00f3n a motoristas, fueron las empresas galardonadas en la anterior edici\u00f3n, Premios AJE Andaluc\u00eda 2019.<\/p>\n","protected":false},"excerpt":{"rendered":"<p>La Asociaci\u00f3n de J\u00f3venes Empresarios de Andaluc\u00eda ha convocado los Premios AJE en la doble modalidad de Iniciativa Emprendedora y [&hellip;]<\/p>\n","protected":false},"author":4,"featured_media":1214,"comment_status":"open","ping_status":"open","sticky":false,"template":"","format":"standard","meta":{"_acf_changed":false,"site-sidebar-layout":"default","site-content-layout":"","ast-site-content-layout":"default","site-content-style":"default","site-sidebar-style":"default","ast-global-header-display":"","ast-banner-title-visibility":"","ast-main-header-display":"","ast-hfb-above-header-display":"","ast-hfb-below-header-display":"","ast-hfb-mobile-header-display":"","site-post-title":"","ast-breadcrumbs-content":"","ast-featured-img":"","footer-sml-layout":"","ast-disable-related-posts":"","theme-transparent-header-meta":"","adv-header-id-meta":"","stick-header-meta":"","header-above-stick-meta":"","header-main-stick-meta":"","header-below-stick-meta":"","astra-migrate-meta-layouts":"default","ast-page-background-enabled":"default","ast-page-background-meta":{"desktop":{"background-color":"var(--ast-global-color-5)","background-image":"","background-repeat":"repeat","background-position":"center center","background-size":"auto","background-attachment":"scroll","background-type":"","background-media":"","overlay-type":"","overlay-color":"","overlay-opacity":"","overlay-gradient":""},"tablet":{"background-color":"","background-image":"","background-repeat":"repeat","background-position":"center center","background-size":"auto","background-attachment":"scroll","background-type":"","background-media":"","overlay-type":"","overlay-color":"","overlay-opacity":"","overlay-gradient":""},"mobile":{"background-color":"","background-image":"","background-repeat":"repeat","background-position":"center center","background-size":"auto","background-attachment":"scroll","background-type":"","background-media":"","overlay-type":"","overlay-color":"","overlay-opacity":"","overlay-gradient":""}},"ast-content-background-meta":{"desktop":{"background-color":"var(--ast-global-color-4)","background-image":"","background-repeat":"repeat","background-position":"center center","background-size":"auto","background-attachment":"scroll","background-type":"","background-media":"","overlay-type":"","overlay-color":"","overlay-opacity":"","overlay-gradient":""},"tablet":{"background-color":"var(--ast-global-color-4)","background-image":"","background-repeat":"repeat","background-position":"center center","background-size":"auto","background-attachment":"scroll","background-type":"","background-media":"","overlay-type":"","overlay-color":"","overlay-opacity":"","overlay-gradient":""},"mobile":{"background-color":"var(--ast-global-color-4)","background-image":"","background-repeat":"repeat","background-position":"center center","background-size":"auto","background-attachment":"scroll","background-type":"","background-media":"","overlay-type":"","overlay-color":"","overlay-opacity":"","overlay-gradient":""}},"footnotes":""},"categories":[8],"tags":[],"class_list":["post-1211","post","type-post","status-publish","format-standard","has-post-thumbnail","hentry","category-noticias"],"acf":[],"yoast_head":"<!-- This site is optimized with the Yoast SEO plugin v26.9 - https:\/\/yoast.com\/product\/yoast-seo-wordpress\/ -->\n<title>LA ASOCIACI\u00d3N DE J\u00d3VENES EMPRESARIOS DE ANDALUC\u00cdA ABRE EL PLAZO DE CANDIDATURAS A LOS PREMIOS AJE 2020 - AJE C\u00e1diz<\/title>\n<meta name=\"robots\" content=\"index, follow, max-snippet:-1, max-image-preview:large, max-video-preview:-1\" \/>\n<link rel=\"canonical\" href=\"https:\/\/ajeandalucia.org\/cadiz\/2020\/02\/04\/la-asociacion-de-jovenes-empresarios-de-andalucia-abre-el-plazo-de-candidaturas-a-los-premios-aje-2020\/\" \/>\n<meta property=\"og:locale\" content=\"es_ES\" \/>\n<meta property=\"og:type\" content=\"article\" \/>\n<meta property=\"og:title\" content=\"LA ASOCIACI\u00d3N DE J\u00d3VENES EMPRESARIOS DE ANDALUC\u00cdA ABRE EL PLAZO DE CANDIDATURAS A LOS PREMIOS AJE 2020 - AJE C\u00e1diz\" \/>\n<meta property=\"og:description\" content=\"La Asociaci\u00f3n de J\u00f3venes Empresarios de Andaluc\u00eda ha convocado los Premios AJE en la doble modalidad de Iniciativa Emprendedora y [&hellip;]\" \/>\n<meta property=\"og:url\" content=\"https:\/\/ajeandalucia.org\/cadiz\/2020\/02\/04\/la-asociacion-de-jovenes-empresarios-de-andalucia-abre-el-plazo-de-candidaturas-a-los-premios-aje-2020\/\" \/>\n<meta property=\"og:site_name\" content=\"AJE C\u00e1diz\" \/>\n<meta property=\"article:published_time\" content=\"2020-02-04T08:39:09+00:00\" \/>\n<meta property=\"article:modified_time\" content=\"2020-02-06T08:58:07+00:00\" \/>\n<meta property=\"og:image\" content=\"https:\/\/ajeandalucia.org\/cadiz\/wp-content\/uploads\/sites\/5\/2020\/02\/NP.jpg\" \/>\n\t<meta property=\"og:image:width\" content=\"2400\" \/>\n\t<meta property=\"og:image:height\" content=\"1200\" \/>\n\t<meta property=\"og:image:type\" content=\"image\/jpeg\" \/>\n<meta name=\"author\" content=\"cadiz\" \/>\n<meta name=\"twitter:card\" content=\"summary_large_image\" \/>\n<meta name=\"twitter:label1\" content=\"Escrito por\" \/>\n\t<meta name=\"twitter:data1\" content=\"cadiz\" \/>\n\t<meta name=\"twitter:label2\" content=\"Tiempo de lectura\" \/>\n\t<meta name=\"twitter:data2\" content=\"3 minutos\" \/>\n<script type=\"application\/ld+json\" class=\"yoast-schema-graph\">{\"@context\":\"https:\/\/schema.org\",\"@graph\":[{\"@type\":\"Article\",\"@id\":\"https:\/\/ajeandalucia.org\/cadiz\/2020\/02\/04\/la-asociacion-de-jovenes-empresarios-de-andalucia-abre-el-plazo-de-candidaturas-a-los-premios-aje-2020\/#article\",\"isPartOf\":{\"@id\":\"https:\/\/ajeandalucia.org\/cadiz\/2020\/02\/04\/la-asociacion-de-jovenes-empresarios-de-andalucia-abre-el-plazo-de-candidaturas-a-los-premios-aje-2020\/\"},\"author\":{\"name\":\"cadiz\",\"@id\":\"https:\/\/ajeandalucia.org\/cadiz\/#\/schema\/person\/dce63ebda5f85792a4f3061905a9f15a\"},\"headline\":\"LA ASOCIACI\u00d3N DE J\u00d3VENES EMPRESARIOS DE ANDALUC\u00cdA ABRE EL PLAZO DE CANDIDATURAS A LOS PREMIOS AJE 2020\",\"datePublished\":\"2020-02-04T08:39:09+00:00\",\"dateModified\":\"2020-02-06T08:58:07+00:00\",\"mainEntityOfPage\":{\"@id\":\"https:\/\/ajeandalucia.org\/cadiz\/2020\/02\/04\/la-asociacion-de-jovenes-empresarios-de-andalucia-abre-el-plazo-de-candidaturas-a-los-premios-aje-2020\/\"},\"wordCount\":610,\"commentCount\":0,\"publisher\":{\"@id\":\"https:\/\/ajeandalucia.org\/cadiz\/#organization\"},\"image\":{\"@id\":\"https:\/\/ajeandalucia.org\/cadiz\/2020\/02\/04\/la-asociacion-de-jovenes-empresarios-de-andalucia-abre-el-plazo-de-candidaturas-a-los-premios-aje-2020\/#primaryimage\"},\"thumbnailUrl\":\"https:\/\/ajeandalucia.org\/cadiz\/wp-content\/uploads\/sites\/5\/2020\/02\/NP.jpg\",\"articleSection\":[\"Noticias\"],\"inLanguage\":\"es\",\"potentialAction\":[{\"@type\":\"CommentAction\",\"name\":\"Comment\",\"target\":[\"https:\/\/ajeandalucia.org\/cadiz\/2020\/02\/04\/la-asociacion-de-jovenes-empresarios-de-andalucia-abre-el-plazo-de-candidaturas-a-los-premios-aje-2020\/#respond\"]}]},{\"@type\":\"WebPage\",\"@id\":\"https:\/\/ajeandalucia.org\/cadiz\/2020\/02\/04\/la-asociacion-de-jovenes-empresarios-de-andalucia-abre-el-plazo-de-candidaturas-a-los-premios-aje-2020\/\",\"url\":\"https:\/\/ajeandalucia.org\/cadiz\/2020\/02\/04\/la-asociacion-de-jovenes-empresarios-de-andalucia-abre-el-plazo-de-candidaturas-a-los-premios-aje-2020\/\",\"name\":\"LA ASOCIACI\u00d3N DE J\u00d3VENES EMPRESARIOS DE ANDALUC\u00cdA ABRE EL PLAZO DE CANDIDATURAS A LOS PREMIOS AJE 2020 - AJE C\u00e1diz\",\"isPartOf\":{\"@id\":\"https:\/\/ajeandalucia.org\/cadiz\/#website\"},\"primaryImageOfPage\":{\"@id\":\"https:\/\/ajeandalucia.org\/cadiz\/2020\/02\/04\/la-asociacion-de-jovenes-empresarios-de-andalucia-abre-el-plazo-de-candidaturas-a-los-premios-aje-2020\/#primaryimage\"},\"image\":{\"@id\":\"https:\/\/ajeandalucia.org\/cadiz\/2020\/02\/04\/la-asociacion-de-jovenes-empresarios-de-andalucia-abre-el-plazo-de-candidaturas-a-los-premios-aje-2020\/#primaryimage\"},\"thumbnailUrl\":\"https:\/\/ajeandalucia.org\/cadiz\/wp-content\/uploads\/sites\/5\/2020\/02\/NP.jpg\",\"datePublished\":\"2020-02-04T08:39:09+00:00\",\"dateModified\":\"2020-02-06T08:58:07+00:00\",\"breadcrumb\":{\"@id\":\"https:\/\/ajeandalucia.org\/cadiz\/2020\/02\/04\/la-asociacion-de-jovenes-empresarios-de-andalucia-abre-el-plazo-de-candidaturas-a-los-premios-aje-2020\/#breadcrumb\"},\"inLanguage\":\"es\",\"potentialAction\":[{\"@type\":\"ReadAction\",\"target\":[\"https:\/\/ajeandalucia.org\/cadiz\/2020\/02\/04\/la-asociacion-de-jovenes-empresarios-de-andalucia-abre-el-plazo-de-candidaturas-a-los-premios-aje-2020\/\"]}]},{\"@type\":\"ImageObject\",\"inLanguage\":\"es\",\"@id\":\"https:\/\/ajeandalucia.org\/cadiz\/2020\/02\/04\/la-asociacion-de-jovenes-empresarios-de-andalucia-abre-el-plazo-de-candidaturas-a-los-premios-aje-2020\/#primaryimage\",\"url\":\"https:\/\/ajeandalucia.org\/cadiz\/wp-content\/uploads\/sites\/5\/2020\/02\/NP.jpg\",\"contentUrl\":\"https:\/\/ajeandalucia.org\/cadiz\/wp-content\/uploads\/sites\/5\/2020\/02\/NP.jpg\",\"width\":2400,\"height\":1200},{\"@type\":\"BreadcrumbList\",\"@id\":\"https:\/\/ajeandalucia.org\/cadiz\/2020\/02\/04\/la-asociacion-de-jovenes-empresarios-de-andalucia-abre-el-plazo-de-candidaturas-a-los-premios-aje-2020\/#breadcrumb\",\"itemListElement\":[{\"@type\":\"ListItem\",\"position\":1,\"name\":\"Portada\",\"item\":\"https:\/\/ajeandalucia.org\/cadiz\/\"},{\"@type\":\"ListItem\",\"position\":2,\"name\":\"LA ASOCIACI\u00d3N DE J\u00d3VENES EMPRESARIOS DE ANDALUC\u00cdA ABRE EL PLAZO DE CANDIDATURAS A LOS PREMIOS AJE 2020\"}]},{\"@type\":\"WebSite\",\"@id\":\"https:\/\/ajeandalucia.org\/cadiz\/#website\",\"url\":\"https:\/\/ajeandalucia.org\/cadiz\/\",\"name\":\"AJE C\u00e1diz\",\"description\":\"Otro sitio m\u00e1s de AJE Andaluc\u00eda\",\"publisher\":{\"@id\":\"https:\/\/ajeandalucia.org\/cadiz\/#organization\"},\"potentialAction\":[{\"@type\":\"SearchAction\",\"target\":{\"@type\":\"EntryPoint\",\"urlTemplate\":\"https:\/\/ajeandalucia.org\/cadiz\/?s={search_term_string}\"},\"query-input\":{\"@type\":\"PropertyValueSpecification\",\"valueRequired\":true,\"valueName\":\"search_term_string\"}}],\"inLanguage\":\"es\"},{\"@type\":\"Organization\",\"@id\":\"https:\/\/ajeandalucia.org\/cadiz\/#organization\",\"name\":\"AJE C\u00e1diz\",\"url\":\"https:\/\/ajeandalucia.org\/cadiz\/\",\"logo\":{\"@type\":\"ImageObject\",\"inLanguage\":\"es\",\"@id\":\"https:\/\/ajeandalucia.org\/cadiz\/#\/schema\/logo\/image\/\",\"url\":\"https:\/\/ajeandalucia.org\/cadiz\/wp-content\/uploads\/sites\/5\/2025\/01\/AJE-CADIZ-horizontal.png\",\"contentUrl\":\"https:\/\/ajeandalucia.org\/cadiz\/wp-content\/uploads\/sites\/5\/2025\/01\/AJE-CADIZ-horizontal.png\",\"width\":605,\"height\":200,\"caption\":\"AJE C\u00e1diz\"},\"image\":{\"@id\":\"https:\/\/ajeandalucia.org\/cadiz\/#\/schema\/logo\/image\/\"}},{\"@type\":\"Person\",\"@id\":\"https:\/\/ajeandalucia.org\/cadiz\/#\/schema\/person\/dce63ebda5f85792a4f3061905a9f15a\",\"name\":\"cadiz\",\"image\":{\"@type\":\"ImageObject\",\"inLanguage\":\"es\",\"@id\":\"https:\/\/ajeandalucia.org\/cadiz\/#\/schema\/person\/image\/\",\"url\":\"https:\/\/secure.gravatar.com\/avatar\/e60287d271698686eba86c2f7f8485140fdb3db29714804eebe944be2ec6f47b?s=96&d=mm&r=g\",\"contentUrl\":\"https:\/\/secure.gravatar.com\/avatar\/e60287d271698686eba86c2f7f8485140fdb3db29714804eebe944be2ec6f47b?s=96&d=mm&r=g\",\"caption\":\"cadiz\"},\"url\":\"https:\/\/ajeandalucia.org\/cadiz\/author\/cadiz\/\"}]}<\/script>\n<!-- \/ Yoast SEO plugin. -->","yoast_head_json":{"title":"LA ASOCIACI\u00d3N DE J\u00d3VENES EMPRESARIOS DE ANDALUC\u00cdA ABRE EL PLAZO DE CANDIDATURAS A LOS PREMIOS AJE 2020 - AJE C\u00e1diz","robots":{"index":"index","follow":"follow","max-snippet":"max-snippet:-1","max-image-preview":"max-image-preview:large","max-video-preview":"max-video-preview:-1"},"canonical":"https:\/\/ajeandalucia.org\/cadiz\/2020\/02\/04\/la-asociacion-de-jovenes-empresarios-de-andalucia-abre-el-plazo-de-candidaturas-a-los-premios-aje-2020\/","og_locale":"es_ES","og_type":"article","og_title":"LA ASOCIACI\u00d3N DE J\u00d3VENES EMPRESARIOS DE ANDALUC\u00cdA ABRE EL PLAZO DE CANDIDATURAS A LOS PREMIOS AJE 2020 - AJE C\u00e1diz","og_description":"La Asociaci\u00f3n de J\u00f3venes Empresarios de Andaluc\u00eda ha convocado los Premios AJE en la doble modalidad de Iniciativa Emprendedora y [&hellip;]","og_url":"https:\/\/ajeandalucia.org\/cadiz\/2020\/02\/04\/la-asociacion-de-jovenes-empresarios-de-andalucia-abre-el-plazo-de-candidaturas-a-los-premios-aje-2020\/","og_site_name":"AJE C\u00e1diz","article_published_time":"2020-02-04T08:39:09+00:00","article_modified_time":"2020-02-06T08:58:07+00:00","og_image":[{"width":2400,"height":1200,"url":"https:\/\/ajeandalucia.org\/cadiz\/wp-content\/uploads\/sites\/5\/2020\/02\/NP.jpg","type":"image\/jpeg"}],"author":"cadiz","twitter_card":"summary_large_image","twitter_misc":{"Escrito por":"cadiz","Tiempo de lectura":"3 minutos"},"schema":{"@context":"https:\/\/schema.org","@graph":[{"@type":"Article","@id":"https:\/\/ajeandalucia.org\/cadiz\/2020\/02\/04\/la-asociacion-de-jovenes-empresarios-de-andalucia-abre-el-plazo-de-candidaturas-a-los-premios-aje-2020\/#article","isPartOf":{"@id":"https:\/\/ajeandalucia.org\/cadiz\/2020\/02\/04\/la-asociacion-de-jovenes-empresarios-de-andalucia-abre-el-plazo-de-candidaturas-a-los-premios-aje-2020\/"},"author":{"name":"cadiz","@id":"https:\/\/ajeandalucia.org\/cadiz\/#\/schema\/person\/dce63ebda5f85792a4f3061905a9f15a"},"headline":"LA ASOCIACI\u00d3N DE J\u00d3VENES EMPRESARIOS DE ANDALUC\u00cdA ABRE EL PLAZO DE CANDIDATURAS A LOS PREMIOS AJE 2020","datePublished":"2020-02-04T08:39:09+00:00","dateModified":"2020-02-06T08:58:07+00:00","mainEntityOfPage":{"@id":"https:\/\/ajeandalucia.org\/cadiz\/2020\/02\/04\/la-asociacion-de-jovenes-empresarios-de-andalucia-abre-el-plazo-de-candidaturas-a-los-premios-aje-2020\/"},"wordCount":610,"commentCount":0,"publisher":{"@id":"https:\/\/ajeandalucia.org\/cadiz\/#organization"},"image":{"@id":"https:\/\/ajeandalucia.org\/cadiz\/2020\/02\/04\/la-asociacion-de-jovenes-empresarios-de-andalucia-abre-el-plazo-de-candidaturas-a-los-premios-aje-2020\/#primaryimage"},"thumbnailUrl":"https:\/\/ajeandalucia.org\/cadiz\/wp-content\/uploads\/sites\/5\/2020\/02\/NP.jpg","articleSection":["Noticias"],"inLanguage":"es","potentialAction":[{"@type":"CommentAction","name":"Comment","target":["https:\/\/ajeandalucia.org\/cadiz\/2020\/02\/04\/la-asociacion-de-jovenes-empresarios-de-andalucia-abre-el-plazo-de-candidaturas-a-los-premios-aje-2020\/#respond"]}]},{"@type":"WebPage","@id":"https:\/\/ajeandalucia.org\/cadiz\/2020\/02\/04\/la-asociacion-de-jovenes-empresarios-de-andalucia-abre-el-plazo-de-candidaturas-a-los-premios-aje-2020\/","url":"https:\/\/ajeandalucia.org\/cadiz\/2020\/02\/04\/la-asociacion-de-jovenes-empresarios-de-andalucia-abre-el-plazo-de-candidaturas-a-los-premios-aje-2020\/","name":"LA ASOCIACI\u00d3N DE J\u00d3VENES EMPRESARIOS DE ANDALUC\u00cdA ABRE EL PLAZO DE CANDIDATURAS A LOS PREMIOS AJE 2020 - AJE C\u00e1diz","isPartOf":{"@id":"https:\/\/ajeandalucia.org\/cadiz\/#website"},"primaryImageOfPage":{"@id":"https:\/\/ajeandalucia.org\/cadiz\/2020\/02\/04\/la-asociacion-de-jovenes-empresarios-de-andalucia-abre-el-plazo-de-candidaturas-a-los-premios-aje-2020\/#primaryimage"},"image":{"@id":"https:\/\/ajeandalucia.org\/cadiz\/2020\/02\/04\/la-asociacion-de-jovenes-empresarios-de-andalucia-abre-el-plazo-de-candidaturas-a-los-premios-aje-2020\/#primaryimage"},"thumbnailUrl":"https:\/\/ajeandalucia.org\/cadiz\/wp-content\/uploads\/sites\/5\/2020\/02\/NP.jpg","datePublished":"2020-02-04T08:39:09+00:00","dateModified":"2020-02-06T08:58:07+00:00","breadcrumb":{"@id":"https:\/\/ajeandalucia.org\/cadiz\/2020\/02\/04\/la-asociacion-de-jovenes-empresarios-de-andalucia-abre-el-plazo-de-candidaturas-a-los-premios-aje-2020\/#breadcrumb"},"inLanguage":"es","potentialAction":[{"@type":"ReadAction","target":["https:\/\/ajeandalucia.org\/cadiz\/2020\/02\/04\/la-asociacion-de-jovenes-empresarios-de-andalucia-abre-el-plazo-de-candidaturas-a-los-premios-aje-2020\/"]}]},{"@type":"ImageObject","inLanguage":"es","@id":"https:\/\/ajeandalucia.org\/cadiz\/2020\/02\/04\/la-asociacion-de-jovenes-empresarios-de-andalucia-abre-el-plazo-de-candidaturas-a-los-premios-aje-2020\/#primaryimage","url":"https:\/\/ajeandalucia.org\/cadiz\/wp-content\/uploads\/sites\/5\/2020\/02\/NP.jpg","contentUrl":"https:\/\/ajeandalucia.org\/cadiz\/wp-content\/uploads\/sites\/5\/2020\/02\/NP.jpg","width":2400,"height":1200},{"@type":"BreadcrumbList","@id":"https:\/\/ajeandalucia.org\/cadiz\/2020\/02\/04\/la-asociacion-de-jovenes-empresarios-de-andalucia-abre-el-plazo-de-candidaturas-a-los-premios-aje-2020\/#breadcrumb","itemListElement":[{"@type":"ListItem","position":1,"name":"Portada","item":"https:\/\/ajeandalucia.org\/cadiz\/"},{"@type":"ListItem","position":2,"name":"LA ASOCIACI\u00d3N DE J\u00d3VENES EMPRESARIOS DE ANDALUC\u00cdA ABRE EL PLAZO DE CANDIDATURAS A LOS PREMIOS AJE 2020"}]},{"@type":"WebSite","@id":"https:\/\/ajeandalucia.org\/cadiz\/#website","url":"https:\/\/ajeandalucia.org\/cadiz\/","name":"AJE C\u00e1diz","description":"Otro sitio m\u00e1s de AJE Andaluc\u00eda","publisher":{"@id":"https:\/\/ajeandalucia.org\/cadiz\/#organization"},"potentialAction":[{"@type":"SearchAction","target":{"@type":"EntryPoint","urlTemplate":"https:\/\/ajeandalucia.org\/cadiz\/?s={search_term_string}"},"query-input":{"@type":"PropertyValueSpecification","valueRequired":true,"valueName":"search_term_string"}}],"inLanguage":"es"},{"@type":"Organization","@id":"https:\/\/ajeandalucia.org\/cadiz\/#organization","name":"AJE C\u00e1diz","url":"https:\/\/ajeandalucia.org\/cadiz\/","logo":{"@type":"ImageObject","inLanguage":"es","@id":"https:\/\/ajeandalucia.org\/cadiz\/#\/schema\/logo\/image\/","url":"https:\/\/ajeandalucia.org\/cadiz\/wp-content\/uploads\/sites\/5\/2025\/01\/AJE-CADIZ-horizontal.png","contentUrl":"https:\/\/ajeandalucia.org\/cadiz\/wp-content\/uploads\/sites\/5\/2025\/01\/AJE-CADIZ-horizontal.png","width":605,"height":200,"caption":"AJE C\u00e1diz"},"image":{"@id":"https:\/\/ajeandalucia.org\/cadiz\/#\/schema\/logo\/image\/"}},{"@type":"Person","@id":"https:\/\/ajeandalucia.org\/cadiz\/#\/schema\/person\/dce63ebda5f85792a4f3061905a9f15a","name":"cadiz","image":{"@type":"ImageObject","inLanguage":"es","@id":"https:\/\/ajeandalucia.org\/cadiz\/#\/schema\/person\/image\/","url":"https:\/\/secure.gravatar.com\/avatar\/e60287d271698686eba86c2f7f8485140fdb3db29714804eebe944be2ec6f47b?s=96&d=mm&r=g","contentUrl":"https:\/\/secure.gravatar.com\/avatar\/e60287d271698686eba86c2f7f8485140fdb3db29714804eebe944be2ec6f47b?s=96&d=mm&r=g","caption":"cadiz"},"url":"https:\/\/ajeandalucia.org\/cadiz\/author\/cadiz\/"}]}},"_links":{"self":[{"href":"https:\/\/ajeandalucia.org\/cadiz\/wp-json\/wp\/v2\/posts\/1211","targetHints":{"allow":["GET"]}}],"collection":[{"href":"https:\/\/ajeandalucia.org\/cadiz\/wp-json\/wp\/v2\/posts"}],"about":[{"href":"https:\/\/ajeandalucia.org\/cadiz\/wp-json\/wp\/v2\/types\/post"}],"author":[{"embeddable":true,"href":"https:\/\/ajeandalucia.org\/cadiz\/wp-json\/wp\/v2\/users\/4"}],"replies":[{"embeddable":true,"href":"https:\/\/ajeandalucia.org\/cadiz\/wp-json\/wp\/v2\/comments?post=1211"}],"version-history":[{"count":1,"href":"https:\/\/ajeandalucia.org\/cadiz\/wp-json\/wp\/v2\/posts\/1211\/revisions"}],"predecessor-version":[{"id":1212,"href":"https:\/\/ajeandalucia.org\/cadiz\/wp-json\/wp\/v2\/posts\/1211\/revisions\/1212"}],"wp:featuredmedia":[{"embeddable":true,"href":"https:\/\/ajeandalucia.org\/cadiz\/wp-json\/wp\/v2\/media\/1214"}],"wp:attachment":[{"href":"https:\/\/ajeandalucia.org\/cadiz\/wp-json\/wp\/v2\/media?parent=1211"}],"wp:term":[{"taxonomy":"category","embeddable":true,"href":"https:\/\/ajeandalucia.org\/cadiz\/wp-json\/wp\/v2\/categories?post=1211"},{"taxonomy":"post_tag","embeddable":true,"href":"https:\/\/ajeandalucia.org\/cadiz\/wp-json\/wp\/v2\/tags?post=1211"}],"curies":[{"name":"wp","href":"https:\/\/api.w.org\/{rel}","templated":true}]}}