{"id":1327,"date":"2020-03-18T11:30:05","date_gmt":"2020-03-18T11:30:05","guid":{"rendered":"http:\/\/www.ajeandalucia.org\/cadiz\/?p=1327"},"modified":"2020-03-18T11:30:05","modified_gmt":"2020-03-18T11:30:05","slug":"la-asociacion-de-jovenes-empresarios-de-andalucia-pone-en-marcha-una-plataforma-de-informacion-y-atencion-para-las-empresas-afectadas-por-el-covid-19","status":"publish","type":"post","link":"https:\/\/ajeandalucia.org\/cadiz\/2020\/03\/18\/la-asociacion-de-jovenes-empresarios-de-andalucia-pone-en-marcha-una-plataforma-de-informacion-y-atencion-para-las-empresas-afectadas-por-el-covid-19\/","title":{"rendered":"LA ASOCIACI\u00d3N DE J\u00d3VENES EMPRESARIOS DE ANDALUC\u00cdA PONE EN MARCHA UNA PLATAFORMA DE INFORMACI\u00d3N Y ATENCI\u00d3N PARA LAS EMPRESAS AFECTADAS POR EL COVID-19"},"content":{"rendered":"<p>Como en anteriores ocasiones de crisis, los j\u00f3venes empresarios nos unimos m\u00e1s que nunca para crear grupos de apoyo y afrontar la actual situaci\u00f3n que estamos viviendo.<\/p>\n<p>Somos conscientes del gran impacto que el coronavirus est\u00e1 teniendo y tendr\u00e1 sobre el tejido empresarial, por ello, desde AJE Andaluc\u00eda hemos creado la plataforma \u201cAJENOPARA.es\u201d de atenci\u00f3n al asociado donde abordaremos diferentes aspectos informativos y de asesoramientos clave para minimizar los efectos negativos.<\/p>\n<p>Las asociaciones de j\u00f3venes empresarios de Andaluc\u00eda, se ponen a la entera disposici\u00f3n del asociado para que nos trasladen aquellas posibles acciones de valor que sus empresas est\u00e1n implementando, al igual que ofertas y\/o acciones que puedan ser de inter\u00e9s, con el fin de promocionarlas y que el resto de las empresas puedan nutrirse de ellas.<\/p>\n<p>Igualmente, mantendremos de forma actualizada toda la informaci\u00f3n sobre las medidas, ayudas adoptadas por el Gobierno central y auton\u00f3mico, as\u00ed como orientaci\u00f3n en la gesti\u00f3n de dichas ayudas. Ponemos a disposici\u00f3n del asociado, expertos en materia legal, laboral y prevenci\u00f3n de riesgos laborales, entre otras, para resolver todas las dudas y consultas que tengan respecto las medidas a llevar a cabo por el coronavirus.<\/p>\n<p>Asimismo, a trav\u00e9s de la Oficina de Financiaci\u00f3n, hemos facilitado 1.500 millones de euros en financiaci\u00f3n a negocios que se hayan visto afectados directa o indirectamente por el coronavirus. Adem\u00e1s, en coordinaci\u00f3n con las entidades de cr\u00e9dito\u00a0principales como Banco Santander,\u00a0p\u00fablicas como\u00a0ICO y\u00a0Enisa, as\u00ed como los m\u00e1s de 35.000 inversores que forman parte de esta oficina digital, hemos obteniendo l\u00edneas de financiaci\u00f3n \u00abcon intereses bajos\u00bb para las empresas que se hayan visto afectadas, directa o indirectamente, por el Covid-19.<\/p>\n<p>\u201cEstamos viviendo una situaci\u00f3n grave y \u00fanica, nunca los j\u00f3venes empresarios nos hemos enfrentado a algo as\u00ed y por ello la incertidumbre es a\u00fan mayor. Pero no nos queda otra que poner todas las ganas, actitud y conocimiento para superar esta crisis\u201d. Desde AJE Andaluc\u00eda llevamos trabajando incansablemente para poner en marcha toda nuestra maquinaria al servicio de las empresas asociadas\u201d explica Melesio Pe\u00f1a Almaz\u00e1n, presidente de AJE Andaluc\u00eda.<\/p>\n<p>Cumpliendo con las medidas que se han decretado y la responsabilidad que debemos tener ante los acontecimientos, informamos que, aunque la agenda de eventos de las AJEs andaluzas se aplace hasta nuevo aviso, mantenemos el funcionamiento \u00edntegro mediante teletrabajo para todo lo que el asociado necesite.<\/p>\n<p>&nbsp;<\/p>\n<p><strong>M\u00e1s informaci\u00f3n:\u00a0\u00a0\u00a0<\/strong><a href=\"http:\/\/www.ajenopara.es\/\"><strong>www.ajenopara.es<\/strong><\/a><\/p>\n","protected":false},"excerpt":{"rendered":"<p>Como en anteriores ocasiones de crisis, los j\u00f3venes empresarios nos unimos m\u00e1s que nunca para crear grupos de apoyo y [&hellip;]<\/p>\n","protected":false},"author":4,"featured_media":1328,"comment_status":"open","ping_status":"open","sticky":false,"template":"","format":"standard","meta":{"_acf_changed":false,"site-sidebar-layout":"default","site-content-layout":"","ast-site-content-layout":"default","site-content-style":"default","site-sidebar-style":"default","ast-global-header-display":"","ast-banner-title-visibility":"","ast-main-header-display":"","ast-hfb-above-header-display":"","ast-hfb-below-header-display":"","ast-hfb-mobile-header-display":"","site-post-title":"","ast-breadcrumbs-content":"","ast-featured-img":"","footer-sml-layout":"","ast-disable-related-posts":"","theme-transparent-header-meta":"","adv-header-id-meta":"","stick-header-meta":"","header-above-stick-meta":"","header-main-stick-meta":"","header-below-stick-meta":"","astra-migrate-meta-layouts":"default","ast-page-background-enabled":"default","ast-page-background-meta":{"desktop":{"background-color":"var(--ast-global-color-5)","background-image":"","background-repeat":"repeat","background-position":"center center","background-size":"auto","background-attachment":"scroll","background-type":"","background-media":"","overlay-type":"","overlay-color":"","overlay-opacity":"","overlay-gradient":""},"tablet":{"background-color":"","background-image":"","background-repeat":"repeat","background-position":"center center","background-size":"auto","background-attachment":"scroll","background-type":"","background-media":"","overlay-type":"","overlay-color":"","overlay-opacity":"","overlay-gradient":""},"mobile":{"background-color":"","background-image":"","background-repeat":"repeat","background-position":"center center","background-size":"auto","background-attachment":"scroll","background-type":"","background-media":"","overlay-type":"","overlay-color":"","overlay-opacity":"","overlay-gradient":""}},"ast-content-background-meta":{"desktop":{"background-color":"var(--ast-global-color-4)","background-image":"","background-repeat":"repeat","background-position":"center center","background-size":"auto","background-attachment":"scroll","background-type":"","background-media":"","overlay-type":"","overlay-color":"","overlay-opacity":"","overlay-gradient":""},"tablet":{"background-color":"var(--ast-global-color-4)","background-image":"","background-repeat":"repeat","background-position":"center center","background-size":"auto","background-attachment":"scroll","background-type":"","background-media":"","overlay-type":"","overlay-color":"","overlay-opacity":"","overlay-gradient":""},"mobile":{"background-color":"var(--ast-global-color-4)","background-image":"","background-repeat":"repeat","background-position":"center center","background-size":"auto","background-attachment":"scroll","background-type":"","background-media":"","overlay-type":"","overlay-color":"","overlay-opacity":"","overlay-gradient":""}},"footnotes":""},"categories":[8],"tags":[],"class_list":["post-1327","post","type-post","status-publish","format-standard","has-post-thumbnail","hentry","category-noticias"],"acf":[],"yoast_head":"<!-- This site is optimized with the Yoast SEO plugin v26.9 - https:\/\/yoast.com\/product\/yoast-seo-wordpress\/ -->\n<title>LA ASOCIACI\u00d3N DE J\u00d3VENES EMPRESARIOS DE ANDALUC\u00cdA PONE EN MARCHA UNA PLATAFORMA DE INFORMACI\u00d3N Y ATENCI\u00d3N PARA LAS EMPRESAS AFECTADAS POR EL COVID-19 - AJE C\u00e1diz<\/title>\n<meta name=\"robots\" content=\"index, follow, max-snippet:-1, max-image-preview:large, max-video-preview:-1\" \/>\n<link rel=\"canonical\" href=\"https:\/\/ajeandalucia.org\/cadiz\/2020\/03\/18\/la-asociacion-de-jovenes-empresarios-de-andalucia-pone-en-marcha-una-plataforma-de-informacion-y-atencion-para-las-empresas-afectadas-por-el-covid-19\/\" \/>\n<meta property=\"og:locale\" content=\"es_ES\" \/>\n<meta property=\"og:type\" content=\"article\" \/>\n<meta property=\"og:title\" content=\"LA ASOCIACI\u00d3N DE J\u00d3VENES EMPRESARIOS DE ANDALUC\u00cdA PONE EN MARCHA UNA PLATAFORMA DE INFORMACI\u00d3N Y ATENCI\u00d3N PARA LAS EMPRESAS AFECTADAS POR EL COVID-19 - AJE C\u00e1diz\" \/>\n<meta property=\"og:description\" content=\"Como en anteriores ocasiones de crisis, los j\u00f3venes empresarios nos unimos m\u00e1s que nunca para crear grupos de apoyo y [&hellip;]\" \/>\n<meta property=\"og:url\" content=\"https:\/\/ajeandalucia.org\/cadiz\/2020\/03\/18\/la-asociacion-de-jovenes-empresarios-de-andalucia-pone-en-marcha-una-plataforma-de-informacion-y-atencion-para-las-empresas-afectadas-por-el-covid-19\/\" \/>\n<meta property=\"og:site_name\" content=\"AJE C\u00e1diz\" \/>\n<meta property=\"article:published_time\" content=\"2020-03-18T11:30:05+00:00\" \/>\n<meta property=\"og:image\" content=\"https:\/\/ajeandalucia.org\/cadiz\/wp-content\/uploads\/sites\/5\/2020\/03\/plataforma-atencion-al-asociado.jpg\" \/>\n\t<meta property=\"og:image:width\" content=\"1919\" \/>\n\t<meta property=\"og:image:height\" content=\"1080\" \/>\n\t<meta property=\"og:image:type\" content=\"image\/jpeg\" \/>\n<meta name=\"author\" content=\"cadiz\" \/>\n<meta name=\"twitter:card\" content=\"summary_large_image\" \/>\n<meta name=\"twitter:label1\" content=\"Escrito por\" \/>\n\t<meta name=\"twitter:data1\" content=\"cadiz\" \/>\n\t<meta name=\"twitter:label2\" content=\"Tiempo de lectura\" \/>\n\t<meta name=\"twitter:data2\" content=\"2 minutos\" \/>\n<script type=\"application\/ld+json\" class=\"yoast-schema-graph\">{\"@context\":\"https:\/\/schema.org\",\"@graph\":[{\"@type\":\"Article\",\"@id\":\"https:\/\/ajeandalucia.org\/cadiz\/2020\/03\/18\/la-asociacion-de-jovenes-empresarios-de-andalucia-pone-en-marcha-una-plataforma-de-informacion-y-atencion-para-las-empresas-afectadas-por-el-covid-19\/#article\",\"isPartOf\":{\"@id\":\"https:\/\/ajeandalucia.org\/cadiz\/2020\/03\/18\/la-asociacion-de-jovenes-empresarios-de-andalucia-pone-en-marcha-una-plataforma-de-informacion-y-atencion-para-las-empresas-afectadas-por-el-covid-19\/\"},\"author\":{\"name\":\"cadiz\",\"@id\":\"https:\/\/ajeandalucia.org\/cadiz\/#\/schema\/person\/dce63ebda5f85792a4f3061905a9f15a\"},\"headline\":\"LA ASOCIACI\u00d3N DE J\u00d3VENES EMPRESARIOS DE ANDALUC\u00cdA PONE EN MARCHA UNA PLATAFORMA DE INFORMACI\u00d3N Y ATENCI\u00d3N PARA LAS EMPRESAS AFECTADAS POR EL COVID-19\",\"datePublished\":\"2020-03-18T11:30:05+00:00\",\"mainEntityOfPage\":{\"@id\":\"https:\/\/ajeandalucia.org\/cadiz\/2020\/03\/18\/la-asociacion-de-jovenes-empresarios-de-andalucia-pone-en-marcha-una-plataforma-de-informacion-y-atencion-para-las-empresas-afectadas-por-el-covid-19\/\"},\"wordCount\":457,\"commentCount\":0,\"publisher\":{\"@id\":\"https:\/\/ajeandalucia.org\/cadiz\/#organization\"},\"image\":{\"@id\":\"https:\/\/ajeandalucia.org\/cadiz\/2020\/03\/18\/la-asociacion-de-jovenes-empresarios-de-andalucia-pone-en-marcha-una-plataforma-de-informacion-y-atencion-para-las-empresas-afectadas-por-el-covid-19\/#primaryimage\"},\"thumbnailUrl\":\"https:\/\/ajeandalucia.org\/cadiz\/wp-content\/uploads\/sites\/5\/2020\/03\/plataforma-atencion-al-asociado.jpg\",\"articleSection\":[\"Noticias\"],\"inLanguage\":\"es\",\"potentialAction\":[{\"@type\":\"CommentAction\",\"name\":\"Comment\",\"target\":[\"https:\/\/ajeandalucia.org\/cadiz\/2020\/03\/18\/la-asociacion-de-jovenes-empresarios-de-andalucia-pone-en-marcha-una-plataforma-de-informacion-y-atencion-para-las-empresas-afectadas-por-el-covid-19\/#respond\"]}]},{\"@type\":\"WebPage\",\"@id\":\"https:\/\/ajeandalucia.org\/cadiz\/2020\/03\/18\/la-asociacion-de-jovenes-empresarios-de-andalucia-pone-en-marcha-una-plataforma-de-informacion-y-atencion-para-las-empresas-afectadas-por-el-covid-19\/\",\"url\":\"https:\/\/ajeandalucia.org\/cadiz\/2020\/03\/18\/la-asociacion-de-jovenes-empresarios-de-andalucia-pone-en-marcha-una-plataforma-de-informacion-y-atencion-para-las-empresas-afectadas-por-el-covid-19\/\",\"name\":\"LA ASOCIACI\u00d3N DE J\u00d3VENES EMPRESARIOS DE ANDALUC\u00cdA PONE EN MARCHA UNA PLATAFORMA DE INFORMACI\u00d3N Y ATENCI\u00d3N PARA LAS EMPRESAS AFECTADAS POR EL COVID-19 - AJE C\u00e1diz\",\"isPartOf\":{\"@id\":\"https:\/\/ajeandalucia.org\/cadiz\/#website\"},\"primaryImageOfPage\":{\"@id\":\"https:\/\/ajeandalucia.org\/cadiz\/2020\/03\/18\/la-asociacion-de-jovenes-empresarios-de-andalucia-pone-en-marcha-una-plataforma-de-informacion-y-atencion-para-las-empresas-afectadas-por-el-covid-19\/#primaryimage\"},\"image\":{\"@id\":\"https:\/\/ajeandalucia.org\/cadiz\/2020\/03\/18\/la-asociacion-de-jovenes-empresarios-de-andalucia-pone-en-marcha-una-plataforma-de-informacion-y-atencion-para-las-empresas-afectadas-por-el-covid-19\/#primaryimage\"},\"thumbnailUrl\":\"https:\/\/ajeandalucia.org\/cadiz\/wp-content\/uploads\/sites\/5\/2020\/03\/plataforma-atencion-al-asociado.jpg\",\"datePublished\":\"2020-03-18T11:30:05+00:00\",\"breadcrumb\":{\"@id\":\"https:\/\/ajeandalucia.org\/cadiz\/2020\/03\/18\/la-asociacion-de-jovenes-empresarios-de-andalucia-pone-en-marcha-una-plataforma-de-informacion-y-atencion-para-las-empresas-afectadas-por-el-covid-19\/#breadcrumb\"},\"inLanguage\":\"es\",\"potentialAction\":[{\"@type\":\"ReadAction\",\"target\":[\"https:\/\/ajeandalucia.org\/cadiz\/2020\/03\/18\/la-asociacion-de-jovenes-empresarios-de-andalucia-pone-en-marcha-una-plataforma-de-informacion-y-atencion-para-las-empresas-afectadas-por-el-covid-19\/\"]}]},{\"@type\":\"ImageObject\",\"inLanguage\":\"es\",\"@id\":\"https:\/\/ajeandalucia.org\/cadiz\/2020\/03\/18\/la-asociacion-de-jovenes-empresarios-de-andalucia-pone-en-marcha-una-plataforma-de-informacion-y-atencion-para-las-empresas-afectadas-por-el-covid-19\/#primaryimage\",\"url\":\"https:\/\/ajeandalucia.org\/cadiz\/wp-content\/uploads\/sites\/5\/2020\/03\/plataforma-atencion-al-asociado.jpg\",\"contentUrl\":\"https:\/\/ajeandalucia.org\/cadiz\/wp-content\/uploads\/sites\/5\/2020\/03\/plataforma-atencion-al-asociado.jpg\",\"width\":1919,\"height\":1080},{\"@type\":\"BreadcrumbList\",\"@id\":\"https:\/\/ajeandalucia.org\/cadiz\/2020\/03\/18\/la-asociacion-de-jovenes-empresarios-de-andalucia-pone-en-marcha-una-plataforma-de-informacion-y-atencion-para-las-empresas-afectadas-por-el-covid-19\/#breadcrumb\",\"itemListElement\":[{\"@type\":\"ListItem\",\"position\":1,\"name\":\"Portada\",\"item\":\"https:\/\/ajeandalucia.org\/cadiz\/\"},{\"@type\":\"ListItem\",\"position\":2,\"name\":\"LA ASOCIACI\u00d3N DE J\u00d3VENES EMPRESARIOS DE ANDALUC\u00cdA PONE EN MARCHA UNA PLATAFORMA DE INFORMACI\u00d3N Y ATENCI\u00d3N PARA LAS EMPRESAS AFECTADAS POR EL COVID-19\"}]},{\"@type\":\"WebSite\",\"@id\":\"https:\/\/ajeandalucia.org\/cadiz\/#website\",\"url\":\"https:\/\/ajeandalucia.org\/cadiz\/\",\"name\":\"AJE C\u00e1diz\",\"description\":\"Otro sitio m\u00e1s de AJE Andaluc\u00eda\",\"publisher\":{\"@id\":\"https:\/\/ajeandalucia.org\/cadiz\/#organization\"},\"potentialAction\":[{\"@type\":\"SearchAction\",\"target\":{\"@type\":\"EntryPoint\",\"urlTemplate\":\"https:\/\/ajeandalucia.org\/cadiz\/?s={search_term_string}\"},\"query-input\":{\"@type\":\"PropertyValueSpecification\",\"valueRequired\":true,\"valueName\":\"search_term_string\"}}],\"inLanguage\":\"es\"},{\"@type\":\"Organization\",\"@id\":\"https:\/\/ajeandalucia.org\/cadiz\/#organization\",\"name\":\"AJE C\u00e1diz\",\"url\":\"https:\/\/ajeandalucia.org\/cadiz\/\",\"logo\":{\"@type\":\"ImageObject\",\"inLanguage\":\"es\",\"@id\":\"https:\/\/ajeandalucia.org\/cadiz\/#\/schema\/logo\/image\/\",\"url\":\"https:\/\/ajeandalucia.org\/cadiz\/wp-content\/uploads\/sites\/5\/2025\/01\/AJE-CADIZ-horizontal.png\",\"contentUrl\":\"https:\/\/ajeandalucia.org\/cadiz\/wp-content\/uploads\/sites\/5\/2025\/01\/AJE-CADIZ-horizontal.png\",\"width\":605,\"height\":200,\"caption\":\"AJE C\u00e1diz\"},\"image\":{\"@id\":\"https:\/\/ajeandalucia.org\/cadiz\/#\/schema\/logo\/image\/\"}},{\"@type\":\"Person\",\"@id\":\"https:\/\/ajeandalucia.org\/cadiz\/#\/schema\/person\/dce63ebda5f85792a4f3061905a9f15a\",\"name\":\"cadiz\",\"image\":{\"@type\":\"ImageObject\",\"inLanguage\":\"es\",\"@id\":\"https:\/\/ajeandalucia.org\/cadiz\/#\/schema\/person\/image\/\",\"url\":\"https:\/\/secure.gravatar.com\/avatar\/e60287d271698686eba86c2f7f8485140fdb3db29714804eebe944be2ec6f47b?s=96&d=mm&r=g\",\"contentUrl\":\"https:\/\/secure.gravatar.com\/avatar\/e60287d271698686eba86c2f7f8485140fdb3db29714804eebe944be2ec6f47b?s=96&d=mm&r=g\",\"caption\":\"cadiz\"},\"url\":\"https:\/\/ajeandalucia.org\/cadiz\/author\/cadiz\/\"}]}<\/script>\n<!-- \/ Yoast SEO plugin. -->","yoast_head_json":{"title":"LA ASOCIACI\u00d3N DE J\u00d3VENES EMPRESARIOS DE ANDALUC\u00cdA PONE EN MARCHA UNA PLATAFORMA DE INFORMACI\u00d3N Y ATENCI\u00d3N PARA LAS EMPRESAS AFECTADAS POR EL COVID-19 - AJE C\u00e1diz","robots":{"index":"index","follow":"follow","max-snippet":"max-snippet:-1","max-image-preview":"max-image-preview:large","max-video-preview":"max-video-preview:-1"},"canonical":"https:\/\/ajeandalucia.org\/cadiz\/2020\/03\/18\/la-asociacion-de-jovenes-empresarios-de-andalucia-pone-en-marcha-una-plataforma-de-informacion-y-atencion-para-las-empresas-afectadas-por-el-covid-19\/","og_locale":"es_ES","og_type":"article","og_title":"LA ASOCIACI\u00d3N DE J\u00d3VENES EMPRESARIOS DE ANDALUC\u00cdA PONE EN MARCHA UNA PLATAFORMA DE INFORMACI\u00d3N Y ATENCI\u00d3N PARA LAS EMPRESAS AFECTADAS POR EL COVID-19 - AJE C\u00e1diz","og_description":"Como en anteriores ocasiones de crisis, los j\u00f3venes empresarios nos unimos m\u00e1s que nunca para crear grupos de apoyo y [&hellip;]","og_url":"https:\/\/ajeandalucia.org\/cadiz\/2020\/03\/18\/la-asociacion-de-jovenes-empresarios-de-andalucia-pone-en-marcha-una-plataforma-de-informacion-y-atencion-para-las-empresas-afectadas-por-el-covid-19\/","og_site_name":"AJE C\u00e1diz","article_published_time":"2020-03-18T11:30:05+00:00","og_image":[{"width":1919,"height":1080,"url":"https:\/\/ajeandalucia.org\/cadiz\/wp-content\/uploads\/sites\/5\/2020\/03\/plataforma-atencion-al-asociado.jpg","type":"image\/jpeg"}],"author":"cadiz","twitter_card":"summary_large_image","twitter_misc":{"Escrito por":"cadiz","Tiempo de lectura":"2 minutos"},"schema":{"@context":"https:\/\/schema.org","@graph":[{"@type":"Article","@id":"https:\/\/ajeandalucia.org\/cadiz\/2020\/03\/18\/la-asociacion-de-jovenes-empresarios-de-andalucia-pone-en-marcha-una-plataforma-de-informacion-y-atencion-para-las-empresas-afectadas-por-el-covid-19\/#article","isPartOf":{"@id":"https:\/\/ajeandalucia.org\/cadiz\/2020\/03\/18\/la-asociacion-de-jovenes-empresarios-de-andalucia-pone-en-marcha-una-plataforma-de-informacion-y-atencion-para-las-empresas-afectadas-por-el-covid-19\/"},"author":{"name":"cadiz","@id":"https:\/\/ajeandalucia.org\/cadiz\/#\/schema\/person\/dce63ebda5f85792a4f3061905a9f15a"},"headline":"LA ASOCIACI\u00d3N DE J\u00d3VENES EMPRESARIOS DE ANDALUC\u00cdA PONE EN MARCHA UNA PLATAFORMA DE INFORMACI\u00d3N Y ATENCI\u00d3N PARA LAS EMPRESAS AFECTADAS POR EL COVID-19","datePublished":"2020-03-18T11:30:05+00:00","mainEntityOfPage":{"@id":"https:\/\/ajeandalucia.org\/cadiz\/2020\/03\/18\/la-asociacion-de-jovenes-empresarios-de-andalucia-pone-en-marcha-una-plataforma-de-informacion-y-atencion-para-las-empresas-afectadas-por-el-covid-19\/"},"wordCount":457,"commentCount":0,"publisher":{"@id":"https:\/\/ajeandalucia.org\/cadiz\/#organization"},"image":{"@id":"https:\/\/ajeandalucia.org\/cadiz\/2020\/03\/18\/la-asociacion-de-jovenes-empresarios-de-andalucia-pone-en-marcha-una-plataforma-de-informacion-y-atencion-para-las-empresas-afectadas-por-el-covid-19\/#primaryimage"},"thumbnailUrl":"https:\/\/ajeandalucia.org\/cadiz\/wp-content\/uploads\/sites\/5\/2020\/03\/plataforma-atencion-al-asociado.jpg","articleSection":["Noticias"],"inLanguage":"es","potentialAction":[{"@type":"CommentAction","name":"Comment","target":["https:\/\/ajeandalucia.org\/cadiz\/2020\/03\/18\/la-asociacion-de-jovenes-empresarios-de-andalucia-pone-en-marcha-una-plataforma-de-informacion-y-atencion-para-las-empresas-afectadas-por-el-covid-19\/#respond"]}]},{"@type":"WebPage","@id":"https:\/\/ajeandalucia.org\/cadiz\/2020\/03\/18\/la-asociacion-de-jovenes-empresarios-de-andalucia-pone-en-marcha-una-plataforma-de-informacion-y-atencion-para-las-empresas-afectadas-por-el-covid-19\/","url":"https:\/\/ajeandalucia.org\/cadiz\/2020\/03\/18\/la-asociacion-de-jovenes-empresarios-de-andalucia-pone-en-marcha-una-plataforma-de-informacion-y-atencion-para-las-empresas-afectadas-por-el-covid-19\/","name":"LA ASOCIACI\u00d3N DE J\u00d3VENES EMPRESARIOS DE ANDALUC\u00cdA PONE EN MARCHA UNA PLATAFORMA DE INFORMACI\u00d3N Y ATENCI\u00d3N PARA LAS EMPRESAS AFECTADAS POR EL COVID-19 - AJE C\u00e1diz","isPartOf":{"@id":"https:\/\/ajeandalucia.org\/cadiz\/#website"},"primaryImageOfPage":{"@id":"https:\/\/ajeandalucia.org\/cadiz\/2020\/03\/18\/la-asociacion-de-jovenes-empresarios-de-andalucia-pone-en-marcha-una-plataforma-de-informacion-y-atencion-para-las-empresas-afectadas-por-el-covid-19\/#primaryimage"},"image":{"@id":"https:\/\/ajeandalucia.org\/cadiz\/2020\/03\/18\/la-asociacion-de-jovenes-empresarios-de-andalucia-pone-en-marcha-una-plataforma-de-informacion-y-atencion-para-las-empresas-afectadas-por-el-covid-19\/#primaryimage"},"thumbnailUrl":"https:\/\/ajeandalucia.org\/cadiz\/wp-content\/uploads\/sites\/5\/2020\/03\/plataforma-atencion-al-asociado.jpg","datePublished":"2020-03-18T11:30:05+00:00","breadcrumb":{"@id":"https:\/\/ajeandalucia.org\/cadiz\/2020\/03\/18\/la-asociacion-de-jovenes-empresarios-de-andalucia-pone-en-marcha-una-plataforma-de-informacion-y-atencion-para-las-empresas-afectadas-por-el-covid-19\/#breadcrumb"},"inLanguage":"es","potentialAction":[{"@type":"ReadAction","target":["https:\/\/ajeandalucia.org\/cadiz\/2020\/03\/18\/la-asociacion-de-jovenes-empresarios-de-andalucia-pone-en-marcha-una-plataforma-de-informacion-y-atencion-para-las-empresas-afectadas-por-el-covid-19\/"]}]},{"@type":"ImageObject","inLanguage":"es","@id":"https:\/\/ajeandalucia.org\/cadiz\/2020\/03\/18\/la-asociacion-de-jovenes-empresarios-de-andalucia-pone-en-marcha-una-plataforma-de-informacion-y-atencion-para-las-empresas-afectadas-por-el-covid-19\/#primaryimage","url":"https:\/\/ajeandalucia.org\/cadiz\/wp-content\/uploads\/sites\/5\/2020\/03\/plataforma-atencion-al-asociado.jpg","contentUrl":"https:\/\/ajeandalucia.org\/cadiz\/wp-content\/uploads\/sites\/5\/2020\/03\/plataforma-atencion-al-asociado.jpg","width":1919,"height":1080},{"@type":"BreadcrumbList","@id":"https:\/\/ajeandalucia.org\/cadiz\/2020\/03\/18\/la-asociacion-de-jovenes-empresarios-de-andalucia-pone-en-marcha-una-plataforma-de-informacion-y-atencion-para-las-empresas-afectadas-por-el-covid-19\/#breadcrumb","itemListElement":[{"@type":"ListItem","position":1,"name":"Portada","item":"https:\/\/ajeandalucia.org\/cadiz\/"},{"@type":"ListItem","position":2,"name":"LA ASOCIACI\u00d3N DE J\u00d3VENES EMPRESARIOS DE ANDALUC\u00cdA PONE EN MARCHA UNA PLATAFORMA DE INFORMACI\u00d3N Y ATENCI\u00d3N PARA LAS EMPRESAS AFECTADAS POR EL COVID-19"}]},{"@type":"WebSite","@id":"https:\/\/ajeandalucia.org\/cadiz\/#website","url":"https:\/\/ajeandalucia.org\/cadiz\/","name":"AJE C\u00e1diz","description":"Otro sitio m\u00e1s de AJE Andaluc\u00eda","publisher":{"@id":"https:\/\/ajeandalucia.org\/cadiz\/#organization"},"potentialAction":[{"@type":"SearchAction","target":{"@type":"EntryPoint","urlTemplate":"https:\/\/ajeandalucia.org\/cadiz\/?s={search_term_string}"},"query-input":{"@type":"PropertyValueSpecification","valueRequired":true,"valueName":"search_term_string"}}],"inLanguage":"es"},{"@type":"Organization","@id":"https:\/\/ajeandalucia.org\/cadiz\/#organization","name":"AJE C\u00e1diz","url":"https:\/\/ajeandalucia.org\/cadiz\/","logo":{"@type":"ImageObject","inLanguage":"es","@id":"https:\/\/ajeandalucia.org\/cadiz\/#\/schema\/logo\/image\/","url":"https:\/\/ajeandalucia.org\/cadiz\/wp-content\/uploads\/sites\/5\/2025\/01\/AJE-CADIZ-horizontal.png","contentUrl":"https:\/\/ajeandalucia.org\/cadiz\/wp-content\/uploads\/sites\/5\/2025\/01\/AJE-CADIZ-horizontal.png","width":605,"height":200,"caption":"AJE C\u00e1diz"},"image":{"@id":"https:\/\/ajeandalucia.org\/cadiz\/#\/schema\/logo\/image\/"}},{"@type":"Person","@id":"https:\/\/ajeandalucia.org\/cadiz\/#\/schema\/person\/dce63ebda5f85792a4f3061905a9f15a","name":"cadiz","image":{"@type":"ImageObject","inLanguage":"es","@id":"https:\/\/ajeandalucia.org\/cadiz\/#\/schema\/person\/image\/","url":"https:\/\/secure.gravatar.com\/avatar\/e60287d271698686eba86c2f7f8485140fdb3db29714804eebe944be2ec6f47b?s=96&d=mm&r=g","contentUrl":"https:\/\/secure.gravatar.com\/avatar\/e60287d271698686eba86c2f7f8485140fdb3db29714804eebe944be2ec6f47b?s=96&d=mm&r=g","caption":"cadiz"},"url":"https:\/\/ajeandalucia.org\/cadiz\/author\/cadiz\/"}]}},"_links":{"self":[{"href":"https:\/\/ajeandalucia.org\/cadiz\/wp-json\/wp\/v2\/posts\/1327","targetHints":{"allow":["GET"]}}],"collection":[{"href":"https:\/\/ajeandalucia.org\/cadiz\/wp-json\/wp\/v2\/posts"}],"about":[{"href":"https:\/\/ajeandalucia.org\/cadiz\/wp-json\/wp\/v2\/types\/post"}],"author":[{"embeddable":true,"href":"https:\/\/ajeandalucia.org\/cadiz\/wp-json\/wp\/v2\/users\/4"}],"replies":[{"embeddable":true,"href":"https:\/\/ajeandalucia.org\/cadiz\/wp-json\/wp\/v2\/comments?post=1327"}],"version-history":[{"count":1,"href":"https:\/\/ajeandalucia.org\/cadiz\/wp-json\/wp\/v2\/posts\/1327\/revisions"}],"predecessor-version":[{"id":1329,"href":"https:\/\/ajeandalucia.org\/cadiz\/wp-json\/wp\/v2\/posts\/1327\/revisions\/1329"}],"wp:featuredmedia":[{"embeddable":true,"href":"https:\/\/ajeandalucia.org\/cadiz\/wp-json\/wp\/v2\/media\/1328"}],"wp:attachment":[{"href":"https:\/\/ajeandalucia.org\/cadiz\/wp-json\/wp\/v2\/media?parent=1327"}],"wp:term":[{"taxonomy":"category","embeddable":true,"href":"https:\/\/ajeandalucia.org\/cadiz\/wp-json\/wp\/v2\/categories?post=1327"},{"taxonomy":"post_tag","embeddable":true,"href":"https:\/\/ajeandalucia.org\/cadiz\/wp-json\/wp\/v2\/tags?post=1327"}],"curies":[{"name":"wp","href":"https:\/\/api.w.org\/{rel}","templated":true}]}}