{"id":1331,"date":"2020-03-23T10:53:37","date_gmt":"2020-03-23T10:53:37","guid":{"rendered":"http:\/\/www.ajeandalucia.org\/cadiz\/?p=1331"},"modified":"2020-03-26T11:25:59","modified_gmt":"2020-03-26T11:25:59","slug":"los-jovenes-empresarios-siguen-en-la-cuneta-y-pagando-impuestos","status":"publish","type":"post","link":"https:\/\/ajeandalucia.org\/cadiz\/2020\/03\/23\/los-jovenes-empresarios-siguen-en-la-cuneta-y-pagando-impuestos\/","title":{"rendered":"LOS J\u00d3VENES EMPRESARIOS SIGUEN \u201cEN LA CUNETA\u201d Y PAGANDO IMPUESTOS"},"content":{"rendered":"<p>Desde la Confederaci\u00f3n Espa\u00f1ola de J\u00f3venes Empresarios (CEAJE) estamos comprometidos con la protecci\u00f3n de la salud y la seguridad de los ciudadanos de nuestro pa\u00eds y queremos expresar todo nuestro apoyo a las medidas adoptadas por el Gobierno para facilitar la contenci\u00f3n del COVID-19 en Espa\u00f1a.<\/p>\n<p>Somos conscientes de que vivimos una complicada situaci\u00f3n emergencia sanitaria. Por eso, en primer lugar, queremos reconocer el invaluable esfuerzo del personal sanitario, de las Fuerzas y Cuerpos de Seguridad del Estado, de los ciudadanos, y de todos aquellos trabajadores y sectores productivos que, con su trabajo y esfuerzo diario, contribuyen a frenar la enfermedad y a cuidar y proteger a las personas, sobre todo las m\u00e1s vulnerables.<\/p>\n<p>Sin embargo, tambi\u00e9n consideramos que la excepcionalidad provocada por la declaraci\u00f3n del Estado de alarma y la grave incertidumbre econ\u00f3mica, exigen que los gobiernos, en todos los niveles de la Administraci\u00f3n, est\u00e9n a la altura de las circunstancias y aprueben medidas urgentes en materia laboral, econ\u00f3mica y fiscal.<\/p>\n<p>Desgraciadamente, el Gobierno de Espa\u00f1a ha olvidado a un colectivo muy vulnerable en estos momentos, los 3.200.000 aut\u00f3nomos que fueron un agente imprescindible en la salida de la crisis econ\u00f3mica de 2008 y que se han quedado, una vez m\u00e1s, en la cuneta, olvidados y abandonados.<\/p>\n<p>La flexibilizaci\u00f3n del proceso de ERTES nos permitir\u00e1 amortiguar esta situaci\u00f3n y cumplir con uno de nuestros principales objetivos, mantener los puestos de trabajo y la estabilidad econ\u00f3mica de nuestro entorno.<\/p>\n<p>A\u00fan as\u00ed, ning\u00fan aut\u00f3nomo que a d\u00eda de hoy no pueda ejercer su actividad va a recibir un solo euro de ayuda, ni tampoco ver\u00e1 reducida su carga impositiva.<\/p>\n<p>CEAJE considera que un plan de medidas por valor del 20% de nuestro PIB, en el que no se ha reducido un solo euro la presi\u00f3n fiscal sobre los aut\u00f3nomos y las Pymes, es claramente ineficaz e insuficiente.<\/p>\n<p>No tiene ning\u00fan sentido que los empresarios continuemos pagando impuestos cuando, en muchos casos, nuestra actividad est\u00e1 completamente bloqueada. Tenemos que afrontar la cuota de aut\u00f3nomos, las cotizaciones a la Seguridad social, el pago del IVA y un sinf\u00edn de cargas fiscales que parecen haber sido olvidadas por el Gobierno.<\/p>\n<p>Ahora, m\u00e1s que nunca, deber\u00eda ser el momento de destinar recursos a reducir los porcentajes fiscales, de lo contrario, destruiremos un elevado porcentaje de nuestro tejido empresarial y, consecuentemente, veremos aumentar de manera incontrolable las cifras del paro.<\/p>\n<p>En este sentido, el presidente de CEAJE, Ferm\u00edn Albaladejo, le ha enviado un mensaje muy claro al presidente del Gobierno: \u201cLos aut\u00f3nomos somos muy pacientes, presidente, no necesitamos que compre tiempo a costa de la deuda de nuestro pa\u00eds. Necesitamos medidas que estabilicen y den seguridad al colectivo ahora y, sobre todo, que realcen nuestra actividad y fortaleza futura. Despu\u00e9s de esta crisis sanitaria, todo contin\u00faa y queremos continuar los mismos, queremos saludar a nuestra competencia\u201d.<\/p>\n<p>En definitiva, los j\u00f3venes empresarios espa\u00f1oles le exigimos al Gobierno que contin\u00fae trabajando en un segundo plan, que incluya, entre otras, las siguientes medidas:<\/p>\n<ul>\n<li>Aumento\u00a0<strong>del aplazamiento del pago del IVA<\/strong>\u00a0del primer trimestre de 2020 a 12 meses, sin intereses o supresi\u00f3n del mismo mientras dure el cierre.<\/li>\n<li><strong>Suspensi\u00f3n del pago de la cuota de aut\u00f3nomos<\/strong>\u00a0durante dos meses o tres, en funci\u00f3n de la duraci\u00f3n de la situaci\u00f3n de alarma.<\/li>\n<li><strong>Aplazamiento de las cuotas de la Seguridad Social<\/strong>\u00a0a 6 meses sin intereses.<\/li>\n<li>Creaci\u00f3n de\u00a0<strong>l\u00edneas de financiaci\u00f3n<\/strong>\u00a0para circulante a tipoo\u201ccero\u201d.<\/li>\n<li>Que la\u00a0<strong>causa de fuerza mayor<\/strong>\u00a0para justificar los ERTEs se reconozca para todas las empresas de aquellos sectores cuya actividad est\u00e1 limitada por el Real Decreto 463\/2020, as\u00ed como para las del resto de sectores que, a pesar de no estar directamente afectadas por el estado de alarma, justifiquen debidamente el descenso de su actividad.<\/li>\n<li>Y si la situaci\u00f3n se prolonga, b<strong>ajada de los tipos impositivos en el IRPF e Impuesto de Sociedades<\/strong>\u00a0para aut\u00f3nomos y Pymes.<\/li>\n<\/ul>\n","protected":false},"excerpt":{"rendered":"<p>Desde la Confederaci\u00f3n Espa\u00f1ola de J\u00f3venes Empresarios (CEAJE) estamos comprometidos con la protecci\u00f3n de la salud y la seguridad de [&hellip;]<\/p>\n","protected":false},"author":4,"featured_media":1332,"comment_status":"open","ping_status":"open","sticky":false,"template":"","format":"standard","meta":{"_acf_changed":false,"site-sidebar-layout":"default","site-content-layout":"","ast-site-content-layout":"default","site-content-style":"default","site-sidebar-style":"default","ast-global-header-display":"","ast-banner-title-visibility":"","ast-main-header-display":"","ast-hfb-above-header-display":"","ast-hfb-below-header-display":"","ast-hfb-mobile-header-display":"","site-post-title":"","ast-breadcrumbs-content":"","ast-featured-img":"","footer-sml-layout":"","ast-disable-related-posts":"","theme-transparent-header-meta":"","adv-header-id-meta":"","stick-header-meta":"","header-above-stick-meta":"","header-main-stick-meta":"","header-below-stick-meta":"","astra-migrate-meta-layouts":"default","ast-page-background-enabled":"default","ast-page-background-meta":{"desktop":{"background-color":"var(--ast-global-color-5)","background-image":"","background-repeat":"repeat","background-position":"center center","background-size":"auto","background-attachment":"scroll","background-type":"","background-media":"","overlay-type":"","overlay-color":"","overlay-opacity":"","overlay-gradient":""},"tablet":{"background-color":"","background-image":"","background-repeat":"repeat","background-position":"center center","background-size":"auto","background-attachment":"scroll","background-type":"","background-media":"","overlay-type":"","overlay-color":"","overlay-opacity":"","overlay-gradient":""},"mobile":{"background-color":"","background-image":"","background-repeat":"repeat","background-position":"center center","background-size":"auto","background-attachment":"scroll","background-type":"","background-media":"","overlay-type":"","overlay-color":"","overlay-opacity":"","overlay-gradient":""}},"ast-content-background-meta":{"desktop":{"background-color":"var(--ast-global-color-4)","background-image":"","background-repeat":"repeat","background-position":"center center","background-size":"auto","background-attachment":"scroll","background-type":"","background-media":"","overlay-type":"","overlay-color":"","overlay-opacity":"","overlay-gradient":""},"tablet":{"background-color":"var(--ast-global-color-4)","background-image":"","background-repeat":"repeat","background-position":"center center","background-size":"auto","background-attachment":"scroll","background-type":"","background-media":"","overlay-type":"","overlay-color":"","overlay-opacity":"","overlay-gradient":""},"mobile":{"background-color":"var(--ast-global-color-4)","background-image":"","background-repeat":"repeat","background-position":"center center","background-size":"auto","background-attachment":"scroll","background-type":"","background-media":"","overlay-type":"","overlay-color":"","overlay-opacity":"","overlay-gradient":""}},"footnotes":""},"categories":[8],"tags":[],"class_list":["post-1331","post","type-post","status-publish","format-standard","has-post-thumbnail","hentry","category-noticias"],"acf":[],"yoast_head":"<!-- This site is optimized with the Yoast SEO plugin v26.9 - https:\/\/yoast.com\/product\/yoast-seo-wordpress\/ -->\n<title>LOS J\u00d3VENES EMPRESARIOS SIGUEN \u201cEN LA CUNETA\u201d Y PAGANDO IMPUESTOS - AJE C\u00e1diz<\/title>\n<meta name=\"robots\" content=\"index, follow, max-snippet:-1, max-image-preview:large, max-video-preview:-1\" \/>\n<link rel=\"canonical\" href=\"https:\/\/ajeandalucia.org\/cadiz\/2020\/03\/23\/los-jovenes-empresarios-siguen-en-la-cuneta-y-pagando-impuestos\/\" \/>\n<meta property=\"og:locale\" content=\"es_ES\" \/>\n<meta property=\"og:type\" content=\"article\" \/>\n<meta property=\"og:title\" content=\"LOS J\u00d3VENES EMPRESARIOS SIGUEN \u201cEN LA CUNETA\u201d Y PAGANDO IMPUESTOS - AJE C\u00e1diz\" \/>\n<meta property=\"og:description\" content=\"Desde la Confederaci\u00f3n Espa\u00f1ola de J\u00f3venes Empresarios (CEAJE) estamos comprometidos con la protecci\u00f3n de la salud y la seguridad de [&hellip;]\" \/>\n<meta property=\"og:url\" content=\"https:\/\/ajeandalucia.org\/cadiz\/2020\/03\/23\/los-jovenes-empresarios-siguen-en-la-cuneta-y-pagando-impuestos\/\" \/>\n<meta property=\"og:site_name\" content=\"AJE C\u00e1diz\" \/>\n<meta property=\"article:published_time\" content=\"2020-03-23T10:53:37+00:00\" \/>\n<meta property=\"article:modified_time\" content=\"2020-03-26T11:25:59+00:00\" \/>\n<meta property=\"og:image\" content=\"https:\/\/ajeandalucia.org\/cadiz\/wp-content\/uploads\/sites\/5\/2020\/03\/foto-fermin-ceaje-para-noticia.jpg\" \/>\n\t<meta property=\"og:image:width\" content=\"950\" \/>\n\t<meta property=\"og:image:height\" content=\"532\" \/>\n\t<meta property=\"og:image:type\" content=\"image\/jpeg\" \/>\n<meta name=\"author\" content=\"cadiz\" \/>\n<meta name=\"twitter:card\" content=\"summary_large_image\" \/>\n<meta name=\"twitter:label1\" content=\"Escrito por\" \/>\n\t<meta name=\"twitter:data1\" content=\"cadiz\" \/>\n\t<meta name=\"twitter:label2\" content=\"Tiempo de lectura\" \/>\n\t<meta name=\"twitter:data2\" content=\"3 minutos\" \/>\n<script type=\"application\/ld+json\" class=\"yoast-schema-graph\">{\"@context\":\"https:\/\/schema.org\",\"@graph\":[{\"@type\":\"Article\",\"@id\":\"https:\/\/ajeandalucia.org\/cadiz\/2020\/03\/23\/los-jovenes-empresarios-siguen-en-la-cuneta-y-pagando-impuestos\/#article\",\"isPartOf\":{\"@id\":\"https:\/\/ajeandalucia.org\/cadiz\/2020\/03\/23\/los-jovenes-empresarios-siguen-en-la-cuneta-y-pagando-impuestos\/\"},\"author\":{\"name\":\"cadiz\",\"@id\":\"https:\/\/ajeandalucia.org\/cadiz\/#\/schema\/person\/dce63ebda5f85792a4f3061905a9f15a\"},\"headline\":\"LOS J\u00d3VENES EMPRESARIOS SIGUEN \u201cEN LA CUNETA\u201d Y PAGANDO IMPUESTOS\",\"datePublished\":\"2020-03-23T10:53:37+00:00\",\"dateModified\":\"2020-03-26T11:25:59+00:00\",\"mainEntityOfPage\":{\"@id\":\"https:\/\/ajeandalucia.org\/cadiz\/2020\/03\/23\/los-jovenes-empresarios-siguen-en-la-cuneta-y-pagando-impuestos\/\"},\"wordCount\":699,\"commentCount\":0,\"publisher\":{\"@id\":\"https:\/\/ajeandalucia.org\/cadiz\/#organization\"},\"image\":{\"@id\":\"https:\/\/ajeandalucia.org\/cadiz\/2020\/03\/23\/los-jovenes-empresarios-siguen-en-la-cuneta-y-pagando-impuestos\/#primaryimage\"},\"thumbnailUrl\":\"https:\/\/ajeandalucia.org\/cadiz\/wp-content\/uploads\/sites\/5\/2020\/03\/foto-fermin-ceaje-para-noticia.jpg\",\"articleSection\":[\"Noticias\"],\"inLanguage\":\"es\",\"potentialAction\":[{\"@type\":\"CommentAction\",\"name\":\"Comment\",\"target\":[\"https:\/\/ajeandalucia.org\/cadiz\/2020\/03\/23\/los-jovenes-empresarios-siguen-en-la-cuneta-y-pagando-impuestos\/#respond\"]}]},{\"@type\":\"WebPage\",\"@id\":\"https:\/\/ajeandalucia.org\/cadiz\/2020\/03\/23\/los-jovenes-empresarios-siguen-en-la-cuneta-y-pagando-impuestos\/\",\"url\":\"https:\/\/ajeandalucia.org\/cadiz\/2020\/03\/23\/los-jovenes-empresarios-siguen-en-la-cuneta-y-pagando-impuestos\/\",\"name\":\"LOS J\u00d3VENES EMPRESARIOS SIGUEN \u201cEN LA CUNETA\u201d Y PAGANDO IMPUESTOS - AJE C\u00e1diz\",\"isPartOf\":{\"@id\":\"https:\/\/ajeandalucia.org\/cadiz\/#website\"},\"primaryImageOfPage\":{\"@id\":\"https:\/\/ajeandalucia.org\/cadiz\/2020\/03\/23\/los-jovenes-empresarios-siguen-en-la-cuneta-y-pagando-impuestos\/#primaryimage\"},\"image\":{\"@id\":\"https:\/\/ajeandalucia.org\/cadiz\/2020\/03\/23\/los-jovenes-empresarios-siguen-en-la-cuneta-y-pagando-impuestos\/#primaryimage\"},\"thumbnailUrl\":\"https:\/\/ajeandalucia.org\/cadiz\/wp-content\/uploads\/sites\/5\/2020\/03\/foto-fermin-ceaje-para-noticia.jpg\",\"datePublished\":\"2020-03-23T10:53:37+00:00\",\"dateModified\":\"2020-03-26T11:25:59+00:00\",\"breadcrumb\":{\"@id\":\"https:\/\/ajeandalucia.org\/cadiz\/2020\/03\/23\/los-jovenes-empresarios-siguen-en-la-cuneta-y-pagando-impuestos\/#breadcrumb\"},\"inLanguage\":\"es\",\"potentialAction\":[{\"@type\":\"ReadAction\",\"target\":[\"https:\/\/ajeandalucia.org\/cadiz\/2020\/03\/23\/los-jovenes-empresarios-siguen-en-la-cuneta-y-pagando-impuestos\/\"]}]},{\"@type\":\"ImageObject\",\"inLanguage\":\"es\",\"@id\":\"https:\/\/ajeandalucia.org\/cadiz\/2020\/03\/23\/los-jovenes-empresarios-siguen-en-la-cuneta-y-pagando-impuestos\/#primaryimage\",\"url\":\"https:\/\/ajeandalucia.org\/cadiz\/wp-content\/uploads\/sites\/5\/2020\/03\/foto-fermin-ceaje-para-noticia.jpg\",\"contentUrl\":\"https:\/\/ajeandalucia.org\/cadiz\/wp-content\/uploads\/sites\/5\/2020\/03\/foto-fermin-ceaje-para-noticia.jpg\",\"width\":950,\"height\":532},{\"@type\":\"BreadcrumbList\",\"@id\":\"https:\/\/ajeandalucia.org\/cadiz\/2020\/03\/23\/los-jovenes-empresarios-siguen-en-la-cuneta-y-pagando-impuestos\/#breadcrumb\",\"itemListElement\":[{\"@type\":\"ListItem\",\"position\":1,\"name\":\"Portada\",\"item\":\"https:\/\/ajeandalucia.org\/cadiz\/\"},{\"@type\":\"ListItem\",\"position\":2,\"name\":\"LOS J\u00d3VENES EMPRESARIOS SIGUEN \u201cEN LA CUNETA\u201d Y PAGANDO IMPUESTOS\"}]},{\"@type\":\"WebSite\",\"@id\":\"https:\/\/ajeandalucia.org\/cadiz\/#website\",\"url\":\"https:\/\/ajeandalucia.org\/cadiz\/\",\"name\":\"AJE C\u00e1diz\",\"description\":\"Otro sitio m\u00e1s de AJE Andaluc\u00eda\",\"publisher\":{\"@id\":\"https:\/\/ajeandalucia.org\/cadiz\/#organization\"},\"potentialAction\":[{\"@type\":\"SearchAction\",\"target\":{\"@type\":\"EntryPoint\",\"urlTemplate\":\"https:\/\/ajeandalucia.org\/cadiz\/?s={search_term_string}\"},\"query-input\":{\"@type\":\"PropertyValueSpecification\",\"valueRequired\":true,\"valueName\":\"search_term_string\"}}],\"inLanguage\":\"es\"},{\"@type\":\"Organization\",\"@id\":\"https:\/\/ajeandalucia.org\/cadiz\/#organization\",\"name\":\"AJE C\u00e1diz\",\"url\":\"https:\/\/ajeandalucia.org\/cadiz\/\",\"logo\":{\"@type\":\"ImageObject\",\"inLanguage\":\"es\",\"@id\":\"https:\/\/ajeandalucia.org\/cadiz\/#\/schema\/logo\/image\/\",\"url\":\"https:\/\/ajeandalucia.org\/cadiz\/wp-content\/uploads\/sites\/5\/2025\/01\/AJE-CADIZ-horizontal.png\",\"contentUrl\":\"https:\/\/ajeandalucia.org\/cadiz\/wp-content\/uploads\/sites\/5\/2025\/01\/AJE-CADIZ-horizontal.png\",\"width\":605,\"height\":200,\"caption\":\"AJE C\u00e1diz\"},\"image\":{\"@id\":\"https:\/\/ajeandalucia.org\/cadiz\/#\/schema\/logo\/image\/\"}},{\"@type\":\"Person\",\"@id\":\"https:\/\/ajeandalucia.org\/cadiz\/#\/schema\/person\/dce63ebda5f85792a4f3061905a9f15a\",\"name\":\"cadiz\",\"image\":{\"@type\":\"ImageObject\",\"inLanguage\":\"es\",\"@id\":\"https:\/\/ajeandalucia.org\/cadiz\/#\/schema\/person\/image\/\",\"url\":\"https:\/\/secure.gravatar.com\/avatar\/e60287d271698686eba86c2f7f8485140fdb3db29714804eebe944be2ec6f47b?s=96&d=mm&r=g\",\"contentUrl\":\"https:\/\/secure.gravatar.com\/avatar\/e60287d271698686eba86c2f7f8485140fdb3db29714804eebe944be2ec6f47b?s=96&d=mm&r=g\",\"caption\":\"cadiz\"},\"url\":\"https:\/\/ajeandalucia.org\/cadiz\/author\/cadiz\/\"}]}<\/script>\n<!-- \/ Yoast SEO plugin. -->","yoast_head_json":{"title":"LOS J\u00d3VENES EMPRESARIOS SIGUEN \u201cEN LA CUNETA\u201d Y PAGANDO IMPUESTOS - AJE C\u00e1diz","robots":{"index":"index","follow":"follow","max-snippet":"max-snippet:-1","max-image-preview":"max-image-preview:large","max-video-preview":"max-video-preview:-1"},"canonical":"https:\/\/ajeandalucia.org\/cadiz\/2020\/03\/23\/los-jovenes-empresarios-siguen-en-la-cuneta-y-pagando-impuestos\/","og_locale":"es_ES","og_type":"article","og_title":"LOS J\u00d3VENES EMPRESARIOS SIGUEN \u201cEN LA CUNETA\u201d Y PAGANDO IMPUESTOS - AJE C\u00e1diz","og_description":"Desde la Confederaci\u00f3n Espa\u00f1ola de J\u00f3venes Empresarios (CEAJE) estamos comprometidos con la protecci\u00f3n de la salud y la seguridad de [&hellip;]","og_url":"https:\/\/ajeandalucia.org\/cadiz\/2020\/03\/23\/los-jovenes-empresarios-siguen-en-la-cuneta-y-pagando-impuestos\/","og_site_name":"AJE C\u00e1diz","article_published_time":"2020-03-23T10:53:37+00:00","article_modified_time":"2020-03-26T11:25:59+00:00","og_image":[{"width":950,"height":532,"url":"https:\/\/ajeandalucia.org\/cadiz\/wp-content\/uploads\/sites\/5\/2020\/03\/foto-fermin-ceaje-para-noticia.jpg","type":"image\/jpeg"}],"author":"cadiz","twitter_card":"summary_large_image","twitter_misc":{"Escrito por":"cadiz","Tiempo de lectura":"3 minutos"},"schema":{"@context":"https:\/\/schema.org","@graph":[{"@type":"Article","@id":"https:\/\/ajeandalucia.org\/cadiz\/2020\/03\/23\/los-jovenes-empresarios-siguen-en-la-cuneta-y-pagando-impuestos\/#article","isPartOf":{"@id":"https:\/\/ajeandalucia.org\/cadiz\/2020\/03\/23\/los-jovenes-empresarios-siguen-en-la-cuneta-y-pagando-impuestos\/"},"author":{"name":"cadiz","@id":"https:\/\/ajeandalucia.org\/cadiz\/#\/schema\/person\/dce63ebda5f85792a4f3061905a9f15a"},"headline":"LOS J\u00d3VENES EMPRESARIOS SIGUEN \u201cEN LA CUNETA\u201d Y PAGANDO IMPUESTOS","datePublished":"2020-03-23T10:53:37+00:00","dateModified":"2020-03-26T11:25:59+00:00","mainEntityOfPage":{"@id":"https:\/\/ajeandalucia.org\/cadiz\/2020\/03\/23\/los-jovenes-empresarios-siguen-en-la-cuneta-y-pagando-impuestos\/"},"wordCount":699,"commentCount":0,"publisher":{"@id":"https:\/\/ajeandalucia.org\/cadiz\/#organization"},"image":{"@id":"https:\/\/ajeandalucia.org\/cadiz\/2020\/03\/23\/los-jovenes-empresarios-siguen-en-la-cuneta-y-pagando-impuestos\/#primaryimage"},"thumbnailUrl":"https:\/\/ajeandalucia.org\/cadiz\/wp-content\/uploads\/sites\/5\/2020\/03\/foto-fermin-ceaje-para-noticia.jpg","articleSection":["Noticias"],"inLanguage":"es","potentialAction":[{"@type":"CommentAction","name":"Comment","target":["https:\/\/ajeandalucia.org\/cadiz\/2020\/03\/23\/los-jovenes-empresarios-siguen-en-la-cuneta-y-pagando-impuestos\/#respond"]}]},{"@type":"WebPage","@id":"https:\/\/ajeandalucia.org\/cadiz\/2020\/03\/23\/los-jovenes-empresarios-siguen-en-la-cuneta-y-pagando-impuestos\/","url":"https:\/\/ajeandalucia.org\/cadiz\/2020\/03\/23\/los-jovenes-empresarios-siguen-en-la-cuneta-y-pagando-impuestos\/","name":"LOS J\u00d3VENES EMPRESARIOS SIGUEN \u201cEN LA CUNETA\u201d Y PAGANDO IMPUESTOS - AJE C\u00e1diz","isPartOf":{"@id":"https:\/\/ajeandalucia.org\/cadiz\/#website"},"primaryImageOfPage":{"@id":"https:\/\/ajeandalucia.org\/cadiz\/2020\/03\/23\/los-jovenes-empresarios-siguen-en-la-cuneta-y-pagando-impuestos\/#primaryimage"},"image":{"@id":"https:\/\/ajeandalucia.org\/cadiz\/2020\/03\/23\/los-jovenes-empresarios-siguen-en-la-cuneta-y-pagando-impuestos\/#primaryimage"},"thumbnailUrl":"https:\/\/ajeandalucia.org\/cadiz\/wp-content\/uploads\/sites\/5\/2020\/03\/foto-fermin-ceaje-para-noticia.jpg","datePublished":"2020-03-23T10:53:37+00:00","dateModified":"2020-03-26T11:25:59+00:00","breadcrumb":{"@id":"https:\/\/ajeandalucia.org\/cadiz\/2020\/03\/23\/los-jovenes-empresarios-siguen-en-la-cuneta-y-pagando-impuestos\/#breadcrumb"},"inLanguage":"es","potentialAction":[{"@type":"ReadAction","target":["https:\/\/ajeandalucia.org\/cadiz\/2020\/03\/23\/los-jovenes-empresarios-siguen-en-la-cuneta-y-pagando-impuestos\/"]}]},{"@type":"ImageObject","inLanguage":"es","@id":"https:\/\/ajeandalucia.org\/cadiz\/2020\/03\/23\/los-jovenes-empresarios-siguen-en-la-cuneta-y-pagando-impuestos\/#primaryimage","url":"https:\/\/ajeandalucia.org\/cadiz\/wp-content\/uploads\/sites\/5\/2020\/03\/foto-fermin-ceaje-para-noticia.jpg","contentUrl":"https:\/\/ajeandalucia.org\/cadiz\/wp-content\/uploads\/sites\/5\/2020\/03\/foto-fermin-ceaje-para-noticia.jpg","width":950,"height":532},{"@type":"BreadcrumbList","@id":"https:\/\/ajeandalucia.org\/cadiz\/2020\/03\/23\/los-jovenes-empresarios-siguen-en-la-cuneta-y-pagando-impuestos\/#breadcrumb","itemListElement":[{"@type":"ListItem","position":1,"name":"Portada","item":"https:\/\/ajeandalucia.org\/cadiz\/"},{"@type":"ListItem","position":2,"name":"LOS J\u00d3VENES EMPRESARIOS SIGUEN \u201cEN LA CUNETA\u201d Y PAGANDO IMPUESTOS"}]},{"@type":"WebSite","@id":"https:\/\/ajeandalucia.org\/cadiz\/#website","url":"https:\/\/ajeandalucia.org\/cadiz\/","name":"AJE C\u00e1diz","description":"Otro sitio m\u00e1s de AJE Andaluc\u00eda","publisher":{"@id":"https:\/\/ajeandalucia.org\/cadiz\/#organization"},"potentialAction":[{"@type":"SearchAction","target":{"@type":"EntryPoint","urlTemplate":"https:\/\/ajeandalucia.org\/cadiz\/?s={search_term_string}"},"query-input":{"@type":"PropertyValueSpecification","valueRequired":true,"valueName":"search_term_string"}}],"inLanguage":"es"},{"@type":"Organization","@id":"https:\/\/ajeandalucia.org\/cadiz\/#organization","name":"AJE C\u00e1diz","url":"https:\/\/ajeandalucia.org\/cadiz\/","logo":{"@type":"ImageObject","inLanguage":"es","@id":"https:\/\/ajeandalucia.org\/cadiz\/#\/schema\/logo\/image\/","url":"https:\/\/ajeandalucia.org\/cadiz\/wp-content\/uploads\/sites\/5\/2025\/01\/AJE-CADIZ-horizontal.png","contentUrl":"https:\/\/ajeandalucia.org\/cadiz\/wp-content\/uploads\/sites\/5\/2025\/01\/AJE-CADIZ-horizontal.png","width":605,"height":200,"caption":"AJE C\u00e1diz"},"image":{"@id":"https:\/\/ajeandalucia.org\/cadiz\/#\/schema\/logo\/image\/"}},{"@type":"Person","@id":"https:\/\/ajeandalucia.org\/cadiz\/#\/schema\/person\/dce63ebda5f85792a4f3061905a9f15a","name":"cadiz","image":{"@type":"ImageObject","inLanguage":"es","@id":"https:\/\/ajeandalucia.org\/cadiz\/#\/schema\/person\/image\/","url":"https:\/\/secure.gravatar.com\/avatar\/e60287d271698686eba86c2f7f8485140fdb3db29714804eebe944be2ec6f47b?s=96&d=mm&r=g","contentUrl":"https:\/\/secure.gravatar.com\/avatar\/e60287d271698686eba86c2f7f8485140fdb3db29714804eebe944be2ec6f47b?s=96&d=mm&r=g","caption":"cadiz"},"url":"https:\/\/ajeandalucia.org\/cadiz\/author\/cadiz\/"}]}},"_links":{"self":[{"href":"https:\/\/ajeandalucia.org\/cadiz\/wp-json\/wp\/v2\/posts\/1331","targetHints":{"allow":["GET"]}}],"collection":[{"href":"https:\/\/ajeandalucia.org\/cadiz\/wp-json\/wp\/v2\/posts"}],"about":[{"href":"https:\/\/ajeandalucia.org\/cadiz\/wp-json\/wp\/v2\/types\/post"}],"author":[{"embeddable":true,"href":"https:\/\/ajeandalucia.org\/cadiz\/wp-json\/wp\/v2\/users\/4"}],"replies":[{"embeddable":true,"href":"https:\/\/ajeandalucia.org\/cadiz\/wp-json\/wp\/v2\/comments?post=1331"}],"version-history":[{"count":1,"href":"https:\/\/ajeandalucia.org\/cadiz\/wp-json\/wp\/v2\/posts\/1331\/revisions"}],"predecessor-version":[{"id":1333,"href":"https:\/\/ajeandalucia.org\/cadiz\/wp-json\/wp\/v2\/posts\/1331\/revisions\/1333"}],"wp:featuredmedia":[{"embeddable":true,"href":"https:\/\/ajeandalucia.org\/cadiz\/wp-json\/wp\/v2\/media\/1332"}],"wp:attachment":[{"href":"https:\/\/ajeandalucia.org\/cadiz\/wp-json\/wp\/v2\/media?parent=1331"}],"wp:term":[{"taxonomy":"category","embeddable":true,"href":"https:\/\/ajeandalucia.org\/cadiz\/wp-json\/wp\/v2\/categories?post=1331"},{"taxonomy":"post_tag","embeddable":true,"href":"https:\/\/ajeandalucia.org\/cadiz\/wp-json\/wp\/v2\/tags?post=1331"}],"curies":[{"name":"wp","href":"https:\/\/api.w.org\/{rel}","templated":true}]}}