{"id":1363,"date":"2020-05-12T14:47:42","date_gmt":"2020-05-12T14:47:42","guid":{"rendered":"https:\/\/www.ajeandalucia.org\/cadiz\/?p=1363"},"modified":"2020-05-20T11:24:35","modified_gmt":"2020-05-20T11:24:35","slug":"entrevistamos-a-maria-jose-fernandez-barbosa-directora-de-prevensystem-cadiz-chiclana","status":"publish","type":"post","link":"https:\/\/ajeandalucia.org\/cadiz\/2020\/05\/12\/entrevistamos-a-maria-jose-fernandez-barbosa-directora-de-prevensystem-cadiz-chiclana\/","title":{"rendered":"ENTREVISTAMOS A MAR\u00cdA JOS\u00c9 FERN\u00c1NDEZ BARBOSA, DIRECTORA DE PREVENSYSTEM C\u00c1DIZ-CHICLANA"},"content":{"rendered":"<ol>\n<li><strong>\u00bfPor qu\u00e9 decidiste apostar por PrevenSystem?<\/strong><\/li>\n<\/ol>\n<p>La idea de iniciar mi emprendimiento ha sido la decisi\u00f3n m\u00e1s dif\u00edcil que he tomado referente a mi vida profesional. Las dudas, los miedos o la inseguridad se convierten a veces en un lastre que nos impide avanzar. Por suerte, todo esto se supera gracias a la ilusi\u00f3n, el entusiasmo y las ganas de crear un negocio propio y conseguir su \u00e9xito y crecimiento. Por esta raz\u00f3n decid\u00ed apostar por PREVENSYSTEM, para conseguir mi crecimiento laboral y personal. PREVENSYSTEM me ha permitido integrarme en un proyecto en el que crecer, en el que sentir cada d\u00eda la pasi\u00f3n de liderar un emprendimiento y obtener por ello beneficios personales y profesionales.<\/p>\n<p>&nbsp;<\/p>\n<p>PREVENSYSTEM es una empresa implantada a nivel nacional, especialistas en soluciones para el cumplimiento en Prevenci\u00f3n de Riesgos Laborales y consultor\u00eda. Su mayor activo es el \u201cactivo humano\u201d. Est\u00e1 formado por un equipo multidisciplinar de expertos en consultor\u00eda, formaci\u00f3n y gesti\u00f3n empresarial especializada en Prevenci\u00f3n de Riesgos Laborales y cumplimiento en cada una de nuestras \u00e1reas de conocimiento.<\/p>\n<p>&nbsp;<\/p>\n<p>Es una empresa muy seria, legal y comprometida por la satisfacci\u00f3n de los clientes.<\/p>\n<p>&nbsp;<\/p>\n<ol start=\"2\">\n<li><strong>\u00bfEn qu\u00e9 se diferencia PrevenSystem del resto de compa\u00f1\u00edas?<\/strong><\/li>\n<\/ol>\n<p>PREVENSYSTEM se diferencia del resto de compa\u00f1\u00edas por el servicio que presta y la continua consecuci\u00f3n de la satisfacci\u00f3n de los clientes. Se puede resumir en los siguientes aspectos:<\/p>\n<ul>\n<li>Servicio: Prestamos siempre el servicio m\u00e1s completo, eficiente y competitivo del mercado, con el principal objetivo de obtener los mayores niveles de rendimiento y eficacia a favor de nuestros clientes. Estamos activos y presentes para dar el mejor de los servicios a nuestros clientes.<\/li>\n<li>Soluci\u00f3n: Cuestionamos el fundamento de los actuales sistemas de trabajo con el fin de construir desde los cimientos la soluci\u00f3n m\u00e1s eficaz y adaptada a la realidad de cada cliente.<\/li>\n<li>Desarrollo: El dise\u00f1o y desarrollo de nuestros servicios t\u00e9cnicos y cursos de formaci\u00f3n especializados, se fundamenta en probadas metodolog\u00edas de trabajo y en avanzadas tecnolog\u00edas. Disponemos de softwares propios para el cumplimiento de requisitos legales, en el \u00e1mbito de la prevenci\u00f3n de riesgos laborales y consultor\u00eda.<\/li>\n<\/ul>\n<p>&nbsp;<\/p>\n<ol start=\"3\">\n<li><strong>\u00bfQu\u00e9 servicios presta PrevenSystem?<\/strong><\/li>\n<\/ol>\n<ul>\n<li>Servicio de Prevenci\u00f3n Ajeno: Servicio de Prevenci\u00f3n integral, completo y totalmente personalizado a las necesidades de cada organizaci\u00f3n con el objetivo de, adem\u00e1s de cumplir con los requisitos legales de aplicaci\u00f3n en materia de prevenci\u00f3n de riesgos laborales, convertir la Seguridad y Salud Laboral en una verdadera ventaja competitiva. Como Servicio Ajeno de Prevenci\u00f3n de Riesgos Laborales, nos encontramos en disposici\u00f3n de ofrecer a todos los clientes un servicio integral y completo.<\/li>\n<li>Servicios especializados de consultor\u00eda preventiva: Servicios de Coordinaci\u00f3n de Seguridad y Salud; Elaboraci\u00f3n e implantaci\u00f3n de Planes de Seguridad y Salud; Elaboraci\u00f3n e implantaci\u00f3n de Planes Espec\u00edficos de Seguridad; Elaboraci\u00f3n de Planes de Trabajo para empresas con riesgo de exposici\u00f3n al amianto; Elaboraci\u00f3n y mantenimiento del Documento de Protecci\u00f3n contra Explosiones (ATEX); Informes T\u00e9cnicos Especializados; Planes de autoprotecci\u00f3n; Estudios espec\u00edficos. Mediciones, etc.<\/li>\n<li>Servicios especializados de consultor\u00eda legal: LOPD, APPCC, Planes de Igualdad, ISO 45001, etc.<\/li>\n<li>Servicios especializados de formaci\u00f3n: Formaci\u00f3n Convenio del Metal (FMF), Formaci\u00f3n Convenio de la Construcci\u00f3n (FLC), Formaciones realizadas a medida en modalidad presencial, formaci\u00f3n e-learning, m\u00e1ster universitarios, etc.<\/li>\n<\/ul>\n<p>&nbsp;<\/p>\n<ol start=\"4\">\n<li><strong>\u00bfC\u00f3mo ha evolucionado desde sus inicios?<\/strong><\/li>\n<\/ol>\n<p>&nbsp;<\/p>\n<p>Desde que comenc\u00e9 mi carrera como empresaria, he evolucionado tanto laboralmente, como personalmente. He creado muy buenos v\u00ednculos con mis clientes, d\u00f3nde ven a su Servicio de Prevenci\u00f3n como un aliado de su organizaci\u00f3n, d\u00f3nde nuestro objetivo es que su empresa cumpla con los requisitos legales y vean que la implantaci\u00f3n de la prevenci\u00f3n de riesgos laborales en la empresa es una necesidad, adem\u00e1s de ser un requisito legal.<\/p>\n<p>&nbsp;<\/p>\n<p>Poco a poco vamos llegando a m\u00e1s empresas clientes y nos dan la oportunidad de conocernos, por ende ellos conocen una implantaci\u00f3n real de la prevenci\u00f3n dentro de su organizaci\u00f3n.<\/p>\n<p>&nbsp;<\/p>\n<ol start=\"5\">\n<li><strong>En plena crisis de Coronavirus, \u00bfc\u00f3mo os ha afectado?<\/strong><\/li>\n<\/ol>\n<p>&nbsp;<\/p>\n<p>La crisis del COVID-19, ha dado un papel crucial y prioritario a los Servicios de Prevenci\u00f3n de todas las organizaciones. Hemos de estar activos y proactivos para que nuestras empresas clientes cumplan con los requisitos m\u00ednimos obligatorios establecidos por las Autoridades Sanitarias y la Organizaci\u00f3n Mundial de la Salud.<\/p>\n<p>&nbsp;<\/p>\n<p>Desde PREVENSYSTEM estamos en contacto continuo con nuestros clientes para asesorarles en todo momento y darles las herramientas necesarias para que cumplan con la legislaci\u00f3n, como por ejemplo: protocolos de actuaci\u00f3n espec\u00edficos, formaci\u00f3n e-learning COVID-19 a todos los trabajadores, carteles informativos COVID-19, Gu\u00eda de buenas pr\u00e1cticas para el teletrabajo, Gu\u00eda\u00a0 de riesgos psicosociales, encuestas de Riesgo COVID-19, Gu\u00eda reanudaci\u00f3n actividad laboral, Evaluaciones de Riesgos Espec\u00edficas para personal vulnerable, etc.<\/p>\n<p>Nuestra entidad no ha parado de trabajar, apoyando a miles de PYMES en toda Espa\u00f1a, desarrollando iniciativas para afrontar la crisis provocada por la PANDEMIA COVID 19 . En este contexto el gobierno est\u00e1 permitiendo que las actividades empresariales vayan retornando de forma paulatina y escalonada a su actividad, pero <strong>exigiendo<\/strong> la aplicaci\u00f3n de <strong>protocolos de control<\/strong>, <strong>seguridad y prevenci\u00f3n<\/strong> alineados con las recomendaciones de la\u00a0<strong>OMS <\/strong>(Organizaci\u00f3n Mundial de la Salud)\u00a0y de <strong>las autoridades sanitarias<\/strong>, con el objetivo de reducir los riesgos de contagio y propagaci\u00f3n.<\/p>\n<p>De forma adicional somos conscientes de que esta situaci\u00f3n ha cambiado h\u00e1bitos y costumbres, lo cual har\u00e1 que clientes, usuarios y consumidores sean sensibles hacia las medidas visibles de protecci\u00f3n y prevenci\u00f3n que apliquen las organizaciones, exigi\u00e9ndoles medidas contundentes, cre\u00edbles y evidenciables.<\/p>\n<p>Con el objetivo de seguir apoyando a las Pymes, PREVENSYSTEM, l\u00edderes en la gesti\u00f3n de soluciones para el cumplimiento, pone a disposici\u00f3n de todas las organizaciones el <strong>CERTIFICADO &#8220;PREVENSYSTEM COVID FREE&#8221;<\/strong>, como m\u00e1xima garant\u00eda frente al mercado del cumplimiento de los est\u00e1ndares y recomendaciones nacionales e internacionales en la lucha contra la pandemia.<\/p>\n<p>A trav\u00e9s de auditor\u00edas realizadas por nuestro personal especializado en las instalaciones de la organizaci\u00f3n, evaluamos la gesti\u00f3n y las medidas adoptadas por la organizaci\u00f3n, respecto de las recomendaciones de la OMS (Organizaci\u00f3n Mundial de la Salud) y de las autoridades sanitarias, para la prevenci\u00f3n y respuesta ante los riesgos de propagaci\u00f3n del coronavirus SARS-CoV-2.<\/p>\n<p>&nbsp;<\/p>\n<p>El registro de las evidencias de las auditor\u00edas se realiza en tiempo real a trav\u00e9s de nuestro sistema, eliminando la posibilidad de adulteraci\u00f3n o fraude en las mismas. Dichas evaluaciones podr\u00e1n ser anunciadas y\/o no anunciadas, asegurando el m\u00e1ximo nivel de objetividad y transparencia en el resultado. Las auditor\u00edas se realizan siguiendo la metodolog\u00eda establecida por normativa internacional de referencia bajo las indicaciones de la <strong>norma ISO 19011:2018<\/strong>. Todo el proceso es evaluado de forma permanente por nuestro Comit\u00e9 Evaluador, quien supervisa los resultados de cada evaluaci\u00f3n para la emisi\u00f3n del CERTIFICADO &#8220;PREVENSYSTEM COVID FREE&#8221;.<\/p>\n<p>&nbsp;<\/p>\n<ol start=\"6\">\n<li><strong>\u00bfCu\u00e1l es tu visi\u00f3n como joven empresaria en esta situaci\u00f3n?<\/strong><\/li>\n<\/ol>\n<p>&nbsp;<\/p>\n<p>Con esta situaci\u00f3n vamos a tener un antes y un despu\u00e9s. El COVID-19 ha venido para quedarse y las empresas nos tenemos que adaptar a ello. Es crucial e important\u00edsimo que las empresas dispongan de un Plan de Contingencias para poder afrontar un nuevo brote del COVID-19 y que est\u00e9n preparadas para afrontarlo, buscando nuevas oportunidades de negocio y adapt\u00e1ndose a la nueva situaci\u00f3n laboral.<\/p>\n<p>&nbsp;<\/p>\n<ol start=\"7\">\n<li><strong>\u00bfC\u00f3mo os hab\u00e9is adaptado a esta situaci\u00f3n?<\/strong><\/li>\n<\/ol>\n<p>&nbsp;<\/p>\n<p>PREVENSYSTEM se ha adaptado desde el primer momento a la nueva situaci\u00f3n. Hemos potenciado el teletrabajo y hemos cambiado las visitas \u201cface to face\u201d por videollamadas a trav\u00e9s de nuestra INTRANET, con nuestros clientes.<\/p>\n<p>&nbsp;<\/p>\n<p>El \u00e1rea m\u00e1s castigada en un primer momento fue, quiz\u00e1s, el \u00e1rea comercial. El no poder realizar visitas comerciales a futuros clientes, o realizar visitas ya programadas con meses de antelaci\u00f3n fue dif\u00edcil de digerir en un principio. Nos vimos en la obligaci\u00f3n de cambiar el concepto y gestionar las visitas comerciales a trav\u00e9s de otros medios diferentes y no potenciados hasta el momento.<\/p>\n<p>&nbsp;<\/p>\n<p>Desde nuestra Central de PREVENSYSTEM, se han ido adaptando a la situaci\u00f3n con nuevas ideas, productos y servicios, potenciando la formaci\u00f3n e-lerning para trabajadores y empresarios desde el primer momento.<\/p>\n<p>&nbsp;<\/p>\n<ol start=\"8\">\n<li><strong>\u00bf Y c\u00f3mo os ha afectado?<\/strong><\/li>\n<\/ol>\n<p>&nbsp;<\/p>\n<p>Los Servicios de Prevenci\u00f3n hemos sido un sector de primera necesidad desde el primer momento. Nos hemos tenido que adaptar para dar lo mejor de nosotros a nuestros clientes. S\u00ed es cierto que la captaci\u00f3n de nuevos clientes se ha visto disminuida, porque la mayor\u00eda de los empresarios en la situaci\u00f3n en la que nos encontramos no ve prioritario cambiar de Servicio de Prevenci\u00f3n, pero les hacemos ver que los Servicios de Prevenci\u00f3n es ahora cuando deben de estar presentes y desempe\u00f1ar sus funciones tal y como indica la ley. El tener un Servicio de Prevenci\u00f3n es algo m\u00e1s que tener un contrato firmado, hay que ejecutarlo y dar la mejor prestaci\u00f3n del servicio.<\/p>\n<p>&nbsp;<\/p>\n<p>Tal y como he indicado anteriormente hemos tenido que dise\u00f1ar nuevos productos y servicio para que nuestros clientes cumplan con las recomendaciones de las autoridades sanitarias y la O.M.S.<\/p>\n<p>&nbsp;<\/p>\n<ol start=\"9\">\n<li><strong>\u00bfC\u00f3mo fideliz\u00e1is a los clientes en este periodo?<\/strong><\/li>\n<\/ol>\n<p>&nbsp;<\/p>\n<p>Nuestros clientes est\u00e1n satisfechos con la labor realizada por PREVENSYSTEM. Tienen a su disposici\u00f3n una lista de actuaciones que hemos llevado a cabo de manera individualizada con cada uno de ellos, entre los que cabe destacar: protocolos de actuaci\u00f3n espec\u00edficos, formaci\u00f3n COVID-19, carteles informativos COVID-19 y numeras Gu\u00edas de actuaci\u00f3n. A los nuevos clientes le damos eso y adem\u00e1s cuentan con facilidades de pago.<\/p>\n<p>&nbsp;<\/p>\n<ol start=\"10\">\n<li><strong>\u00bfQu\u00e9 opini\u00f3n te merece AJE C\u00e1diz? \u00bfC\u00f3mo te ha ayudado desde que eres asociada?<\/strong><\/li>\n<\/ol>\n<p>&nbsp;<\/p>\n<p>Como nueva asociada de AJE C\u00e1diz, he tenido la oportunidad de conocer a algunos de los miembros es un Networking al que asist\u00ed. Mi opini\u00f3n es que es una asociaci\u00f3n cercana y que busca lo mejor para sus asociados. Durante el estado de alarma, no han parado de informar y asesorar a los asociados en diferentes \u00e1reas de inter\u00e9s, y eso es de agradecer.<\/p>\n<p>&nbsp;<\/p>\n<ol start=\"11\">\n<li><strong>PREVENSYSTEM y l\u00edneas de negocio. P\u00e1gina web, redes\u2026y lo que quer\u00e1is aportar.<\/strong><\/li>\n<\/ol>\n<p>Gracias!<\/p>\n<p>&nbsp;<\/p>\n<p>Las \u00e1reas de negocio principales de PREVENSYSTEM son las siguientes:<\/p>\n<ul>\n<li>Servicio de Prevenci\u00f3n Ajeno<\/li>\n<li>Servicios especializados de consultor\u00eda preventiva<\/li>\n<li>Servicios especializados de consultor\u00eda legal<\/li>\n<li>Servicios especializados de formaci\u00f3n<\/li>\n<\/ul>\n<p>Contacto:<\/p>\n<p><strong>Mar\u00eda Jos\u00e9 Fern\u00e1ndez Barbosa<\/strong><\/p>\n<p>Directora<\/p>\n<p>Agencia C\u00c1DIZ &#8211; CHICLANA<\/p>\n<p><a href=\"mailto:mjfernandez@prevensystem.com\">mjfernandez@prevensystem.com<\/a><\/p>\n<p><a href=\"http:\/\/www.prevensystem.com\/\">www.prevensystem.com<\/a><\/p>\n","protected":false},"excerpt":{"rendered":"<p>\u00bfPor qu\u00e9 decidiste apostar por PrevenSystem? La idea de iniciar mi emprendimiento ha sido la decisi\u00f3n m\u00e1s dif\u00edcil que he [&hellip;]<\/p>\n","protected":false},"author":4,"featured_media":1372,"comment_status":"open","ping_status":"open","sticky":false,"template":"","format":"standard","meta":{"_acf_changed":false,"site-sidebar-layout":"default","site-content-layout":"","ast-site-content-layout":"default","site-content-style":"default","site-sidebar-style":"default","ast-global-header-display":"","ast-banner-title-visibility":"","ast-main-header-display":"","ast-hfb-above-header-display":"","ast-hfb-below-header-display":"","ast-hfb-mobile-header-display":"","site-post-title":"","ast-breadcrumbs-content":"","ast-featured-img":"","footer-sml-layout":"","ast-disable-related-posts":"","theme-transparent-header-meta":"","adv-header-id-meta":"","stick-header-meta":"","header-above-stick-meta":"","header-main-stick-meta":"","header-below-stick-meta":"","astra-migrate-meta-layouts":"default","ast-page-background-enabled":"default","ast-page-background-meta":{"desktop":{"background-color":"var(--ast-global-color-5)","background-image":"","background-repeat":"repeat","background-position":"center center","background-size":"auto","background-attachment":"scroll","background-type":"","background-media":"","overlay-type":"","overlay-color":"","overlay-opacity":"","overlay-gradient":""},"tablet":{"background-color":"","background-image":"","background-repeat":"repeat","background-position":"center center","background-size":"auto","background-attachment":"scroll","background-type":"","background-media":"","overlay-type":"","overlay-color":"","overlay-opacity":"","overlay-gradient":""},"mobile":{"background-color":"","background-image":"","background-repeat":"repeat","background-position":"center center","background-size":"auto","background-attachment":"scroll","background-type":"","background-media":"","overlay-type":"","overlay-color":"","overlay-opacity":"","overlay-gradient":""}},"ast-content-background-meta":{"desktop":{"background-color":"var(--ast-global-color-4)","background-image":"","background-repeat":"repeat","background-position":"center center","background-size":"auto","background-attachment":"scroll","background-type":"","background-media":"","overlay-type":"","overlay-color":"","overlay-opacity":"","overlay-gradient":""},"tablet":{"background-color":"var(--ast-global-color-4)","background-image":"","background-repeat":"repeat","background-position":"center center","background-size":"auto","background-attachment":"scroll","background-type":"","background-media":"","overlay-type":"","overlay-color":"","overlay-opacity":"","overlay-gradient":""},"mobile":{"background-color":"var(--ast-global-color-4)","background-image":"","background-repeat":"repeat","background-position":"center center","background-size":"auto","background-attachment":"scroll","background-type":"","background-media":"","overlay-type":"","overlay-color":"","overlay-opacity":"","overlay-gradient":""}},"footnotes":""},"categories":[8],"tags":[],"class_list":["post-1363","post","type-post","status-publish","format-standard","has-post-thumbnail","hentry","category-noticias"],"acf":[],"yoast_head":"<!-- This site is optimized with the Yoast SEO plugin v26.9 - https:\/\/yoast.com\/product\/yoast-seo-wordpress\/ -->\n<title>ENTREVISTAMOS A MAR\u00cdA JOS\u00c9 FERN\u00c1NDEZ BARBOSA, DIRECTORA DE PREVENSYSTEM C\u00c1DIZ-CHICLANA - AJE C\u00e1diz<\/title>\n<meta name=\"robots\" content=\"index, follow, max-snippet:-1, max-image-preview:large, max-video-preview:-1\" \/>\n<link rel=\"canonical\" href=\"https:\/\/ajeandalucia.org\/cadiz\/2020\/05\/12\/entrevistamos-a-maria-jose-fernandez-barbosa-directora-de-prevensystem-cadiz-chiclana\/\" \/>\n<meta property=\"og:locale\" content=\"es_ES\" \/>\n<meta property=\"og:type\" content=\"article\" \/>\n<meta property=\"og:title\" content=\"ENTREVISTAMOS A MAR\u00cdA JOS\u00c9 FERN\u00c1NDEZ BARBOSA, DIRECTORA DE PREVENSYSTEM C\u00c1DIZ-CHICLANA - AJE C\u00e1diz\" \/>\n<meta property=\"og:description\" content=\"\u00bfPor qu\u00e9 decidiste apostar por PrevenSystem? La idea de iniciar mi emprendimiento ha sido la decisi\u00f3n m\u00e1s dif\u00edcil que he [&hellip;]\" \/>\n<meta property=\"og:url\" content=\"https:\/\/ajeandalucia.org\/cadiz\/2020\/05\/12\/entrevistamos-a-maria-jose-fernandez-barbosa-directora-de-prevensystem-cadiz-chiclana\/\" \/>\n<meta property=\"og:site_name\" content=\"AJE C\u00e1diz\" \/>\n<meta property=\"article:published_time\" content=\"2020-05-12T14:47:42+00:00\" \/>\n<meta property=\"article:modified_time\" content=\"2020-05-20T11:24:35+00:00\" \/>\n<meta property=\"og:image\" content=\"https:\/\/ajeandalucia.org\/cadiz\/wp-content\/uploads\/sites\/5\/2020\/05\/foto-prevensystem.jpg\" \/>\n\t<meta property=\"og:image:width\" content=\"895\" \/>\n\t<meta property=\"og:image:height\" content=\"1089\" \/>\n\t<meta property=\"og:image:type\" content=\"image\/jpeg\" \/>\n<meta name=\"author\" content=\"cadiz\" \/>\n<meta name=\"twitter:card\" content=\"summary_large_image\" \/>\n<meta name=\"twitter:label1\" content=\"Escrito por\" \/>\n\t<meta name=\"twitter:data1\" content=\"cadiz\" \/>\n\t<meta name=\"twitter:label2\" content=\"Tiempo de lectura\" \/>\n\t<meta name=\"twitter:data2\" content=\"9 minutos\" \/>\n<script type=\"application\/ld+json\" class=\"yoast-schema-graph\">{\"@context\":\"https:\/\/schema.org\",\"@graph\":[{\"@type\":\"Article\",\"@id\":\"https:\/\/ajeandalucia.org\/cadiz\/2020\/05\/12\/entrevistamos-a-maria-jose-fernandez-barbosa-directora-de-prevensystem-cadiz-chiclana\/#article\",\"isPartOf\":{\"@id\":\"https:\/\/ajeandalucia.org\/cadiz\/2020\/05\/12\/entrevistamos-a-maria-jose-fernandez-barbosa-directora-de-prevensystem-cadiz-chiclana\/\"},\"author\":{\"name\":\"cadiz\",\"@id\":\"https:\/\/ajeandalucia.org\/cadiz\/#\/schema\/person\/dce63ebda5f85792a4f3061905a9f15a\"},\"headline\":\"ENTREVISTAMOS A MAR\u00cdA JOS\u00c9 FERN\u00c1NDEZ BARBOSA, DIRECTORA DE PREVENSYSTEM C\u00c1DIZ-CHICLANA\",\"datePublished\":\"2020-05-12T14:47:42+00:00\",\"dateModified\":\"2020-05-20T11:24:35+00:00\",\"mainEntityOfPage\":{\"@id\":\"https:\/\/ajeandalucia.org\/cadiz\/2020\/05\/12\/entrevistamos-a-maria-jose-fernandez-barbosa-directora-de-prevensystem-cadiz-chiclana\/\"},\"wordCount\":1873,\"commentCount\":0,\"publisher\":{\"@id\":\"https:\/\/ajeandalucia.org\/cadiz\/#organization\"},\"image\":{\"@id\":\"https:\/\/ajeandalucia.org\/cadiz\/2020\/05\/12\/entrevistamos-a-maria-jose-fernandez-barbosa-directora-de-prevensystem-cadiz-chiclana\/#primaryimage\"},\"thumbnailUrl\":\"https:\/\/ajeandalucia.org\/cadiz\/wp-content\/uploads\/sites\/5\/2020\/05\/foto-prevensystem.jpg\",\"articleSection\":[\"Noticias\"],\"inLanguage\":\"es\",\"potentialAction\":[{\"@type\":\"CommentAction\",\"name\":\"Comment\",\"target\":[\"https:\/\/ajeandalucia.org\/cadiz\/2020\/05\/12\/entrevistamos-a-maria-jose-fernandez-barbosa-directora-de-prevensystem-cadiz-chiclana\/#respond\"]}]},{\"@type\":\"WebPage\",\"@id\":\"https:\/\/ajeandalucia.org\/cadiz\/2020\/05\/12\/entrevistamos-a-maria-jose-fernandez-barbosa-directora-de-prevensystem-cadiz-chiclana\/\",\"url\":\"https:\/\/ajeandalucia.org\/cadiz\/2020\/05\/12\/entrevistamos-a-maria-jose-fernandez-barbosa-directora-de-prevensystem-cadiz-chiclana\/\",\"name\":\"ENTREVISTAMOS A MAR\u00cdA JOS\u00c9 FERN\u00c1NDEZ BARBOSA, DIRECTORA DE PREVENSYSTEM C\u00c1DIZ-CHICLANA - AJE C\u00e1diz\",\"isPartOf\":{\"@id\":\"https:\/\/ajeandalucia.org\/cadiz\/#website\"},\"primaryImageOfPage\":{\"@id\":\"https:\/\/ajeandalucia.org\/cadiz\/2020\/05\/12\/entrevistamos-a-maria-jose-fernandez-barbosa-directora-de-prevensystem-cadiz-chiclana\/#primaryimage\"},\"image\":{\"@id\":\"https:\/\/ajeandalucia.org\/cadiz\/2020\/05\/12\/entrevistamos-a-maria-jose-fernandez-barbosa-directora-de-prevensystem-cadiz-chiclana\/#primaryimage\"},\"thumbnailUrl\":\"https:\/\/ajeandalucia.org\/cadiz\/wp-content\/uploads\/sites\/5\/2020\/05\/foto-prevensystem.jpg\",\"datePublished\":\"2020-05-12T14:47:42+00:00\",\"dateModified\":\"2020-05-20T11:24:35+00:00\",\"breadcrumb\":{\"@id\":\"https:\/\/ajeandalucia.org\/cadiz\/2020\/05\/12\/entrevistamos-a-maria-jose-fernandez-barbosa-directora-de-prevensystem-cadiz-chiclana\/#breadcrumb\"},\"inLanguage\":\"es\",\"potentialAction\":[{\"@type\":\"ReadAction\",\"target\":[\"https:\/\/ajeandalucia.org\/cadiz\/2020\/05\/12\/entrevistamos-a-maria-jose-fernandez-barbosa-directora-de-prevensystem-cadiz-chiclana\/\"]}]},{\"@type\":\"ImageObject\",\"inLanguage\":\"es\",\"@id\":\"https:\/\/ajeandalucia.org\/cadiz\/2020\/05\/12\/entrevistamos-a-maria-jose-fernandez-barbosa-directora-de-prevensystem-cadiz-chiclana\/#primaryimage\",\"url\":\"https:\/\/ajeandalucia.org\/cadiz\/wp-content\/uploads\/sites\/5\/2020\/05\/foto-prevensystem.jpg\",\"contentUrl\":\"https:\/\/ajeandalucia.org\/cadiz\/wp-content\/uploads\/sites\/5\/2020\/05\/foto-prevensystem.jpg\",\"width\":895,\"height\":1089},{\"@type\":\"BreadcrumbList\",\"@id\":\"https:\/\/ajeandalucia.org\/cadiz\/2020\/05\/12\/entrevistamos-a-maria-jose-fernandez-barbosa-directora-de-prevensystem-cadiz-chiclana\/#breadcrumb\",\"itemListElement\":[{\"@type\":\"ListItem\",\"position\":1,\"name\":\"Portada\",\"item\":\"https:\/\/ajeandalucia.org\/cadiz\/\"},{\"@type\":\"ListItem\",\"position\":2,\"name\":\"ENTREVISTAMOS A MAR\u00cdA JOS\u00c9 FERN\u00c1NDEZ BARBOSA, DIRECTORA DE PREVENSYSTEM C\u00c1DIZ-CHICLANA\"}]},{\"@type\":\"WebSite\",\"@id\":\"https:\/\/ajeandalucia.org\/cadiz\/#website\",\"url\":\"https:\/\/ajeandalucia.org\/cadiz\/\",\"name\":\"AJE C\u00e1diz\",\"description\":\"Otro sitio m\u00e1s de AJE Andaluc\u00eda\",\"publisher\":{\"@id\":\"https:\/\/ajeandalucia.org\/cadiz\/#organization\"},\"potentialAction\":[{\"@type\":\"SearchAction\",\"target\":{\"@type\":\"EntryPoint\",\"urlTemplate\":\"https:\/\/ajeandalucia.org\/cadiz\/?s={search_term_string}\"},\"query-input\":{\"@type\":\"PropertyValueSpecification\",\"valueRequired\":true,\"valueName\":\"search_term_string\"}}],\"inLanguage\":\"es\"},{\"@type\":\"Organization\",\"@id\":\"https:\/\/ajeandalucia.org\/cadiz\/#organization\",\"name\":\"AJE C\u00e1diz\",\"url\":\"https:\/\/ajeandalucia.org\/cadiz\/\",\"logo\":{\"@type\":\"ImageObject\",\"inLanguage\":\"es\",\"@id\":\"https:\/\/ajeandalucia.org\/cadiz\/#\/schema\/logo\/image\/\",\"url\":\"https:\/\/ajeandalucia.org\/cadiz\/wp-content\/uploads\/sites\/5\/2025\/01\/AJE-CADIZ-horizontal.png\",\"contentUrl\":\"https:\/\/ajeandalucia.org\/cadiz\/wp-content\/uploads\/sites\/5\/2025\/01\/AJE-CADIZ-horizontal.png\",\"width\":605,\"height\":200,\"caption\":\"AJE C\u00e1diz\"},\"image\":{\"@id\":\"https:\/\/ajeandalucia.org\/cadiz\/#\/schema\/logo\/image\/\"}},{\"@type\":\"Person\",\"@id\":\"https:\/\/ajeandalucia.org\/cadiz\/#\/schema\/person\/dce63ebda5f85792a4f3061905a9f15a\",\"name\":\"cadiz\",\"image\":{\"@type\":\"ImageObject\",\"inLanguage\":\"es\",\"@id\":\"https:\/\/ajeandalucia.org\/cadiz\/#\/schema\/person\/image\/\",\"url\":\"https:\/\/secure.gravatar.com\/avatar\/e60287d271698686eba86c2f7f8485140fdb3db29714804eebe944be2ec6f47b?s=96&d=mm&r=g\",\"contentUrl\":\"https:\/\/secure.gravatar.com\/avatar\/e60287d271698686eba86c2f7f8485140fdb3db29714804eebe944be2ec6f47b?s=96&d=mm&r=g\",\"caption\":\"cadiz\"},\"url\":\"https:\/\/ajeandalucia.org\/cadiz\/author\/cadiz\/\"}]}<\/script>\n<!-- \/ Yoast SEO plugin. -->","yoast_head_json":{"title":"ENTREVISTAMOS A MAR\u00cdA JOS\u00c9 FERN\u00c1NDEZ BARBOSA, DIRECTORA DE PREVENSYSTEM C\u00c1DIZ-CHICLANA - AJE C\u00e1diz","robots":{"index":"index","follow":"follow","max-snippet":"max-snippet:-1","max-image-preview":"max-image-preview:large","max-video-preview":"max-video-preview:-1"},"canonical":"https:\/\/ajeandalucia.org\/cadiz\/2020\/05\/12\/entrevistamos-a-maria-jose-fernandez-barbosa-directora-de-prevensystem-cadiz-chiclana\/","og_locale":"es_ES","og_type":"article","og_title":"ENTREVISTAMOS A MAR\u00cdA JOS\u00c9 FERN\u00c1NDEZ BARBOSA, DIRECTORA DE PREVENSYSTEM C\u00c1DIZ-CHICLANA - AJE C\u00e1diz","og_description":"\u00bfPor qu\u00e9 decidiste apostar por PrevenSystem? La idea de iniciar mi emprendimiento ha sido la decisi\u00f3n m\u00e1s dif\u00edcil que he [&hellip;]","og_url":"https:\/\/ajeandalucia.org\/cadiz\/2020\/05\/12\/entrevistamos-a-maria-jose-fernandez-barbosa-directora-de-prevensystem-cadiz-chiclana\/","og_site_name":"AJE C\u00e1diz","article_published_time":"2020-05-12T14:47:42+00:00","article_modified_time":"2020-05-20T11:24:35+00:00","og_image":[{"width":895,"height":1089,"url":"https:\/\/ajeandalucia.org\/cadiz\/wp-content\/uploads\/sites\/5\/2020\/05\/foto-prevensystem.jpg","type":"image\/jpeg"}],"author":"cadiz","twitter_card":"summary_large_image","twitter_misc":{"Escrito por":"cadiz","Tiempo de lectura":"9 minutos"},"schema":{"@context":"https:\/\/schema.org","@graph":[{"@type":"Article","@id":"https:\/\/ajeandalucia.org\/cadiz\/2020\/05\/12\/entrevistamos-a-maria-jose-fernandez-barbosa-directora-de-prevensystem-cadiz-chiclana\/#article","isPartOf":{"@id":"https:\/\/ajeandalucia.org\/cadiz\/2020\/05\/12\/entrevistamos-a-maria-jose-fernandez-barbosa-directora-de-prevensystem-cadiz-chiclana\/"},"author":{"name":"cadiz","@id":"https:\/\/ajeandalucia.org\/cadiz\/#\/schema\/person\/dce63ebda5f85792a4f3061905a9f15a"},"headline":"ENTREVISTAMOS A MAR\u00cdA JOS\u00c9 FERN\u00c1NDEZ BARBOSA, DIRECTORA DE PREVENSYSTEM C\u00c1DIZ-CHICLANA","datePublished":"2020-05-12T14:47:42+00:00","dateModified":"2020-05-20T11:24:35+00:00","mainEntityOfPage":{"@id":"https:\/\/ajeandalucia.org\/cadiz\/2020\/05\/12\/entrevistamos-a-maria-jose-fernandez-barbosa-directora-de-prevensystem-cadiz-chiclana\/"},"wordCount":1873,"commentCount":0,"publisher":{"@id":"https:\/\/ajeandalucia.org\/cadiz\/#organization"},"image":{"@id":"https:\/\/ajeandalucia.org\/cadiz\/2020\/05\/12\/entrevistamos-a-maria-jose-fernandez-barbosa-directora-de-prevensystem-cadiz-chiclana\/#primaryimage"},"thumbnailUrl":"https:\/\/ajeandalucia.org\/cadiz\/wp-content\/uploads\/sites\/5\/2020\/05\/foto-prevensystem.jpg","articleSection":["Noticias"],"inLanguage":"es","potentialAction":[{"@type":"CommentAction","name":"Comment","target":["https:\/\/ajeandalucia.org\/cadiz\/2020\/05\/12\/entrevistamos-a-maria-jose-fernandez-barbosa-directora-de-prevensystem-cadiz-chiclana\/#respond"]}]},{"@type":"WebPage","@id":"https:\/\/ajeandalucia.org\/cadiz\/2020\/05\/12\/entrevistamos-a-maria-jose-fernandez-barbosa-directora-de-prevensystem-cadiz-chiclana\/","url":"https:\/\/ajeandalucia.org\/cadiz\/2020\/05\/12\/entrevistamos-a-maria-jose-fernandez-barbosa-directora-de-prevensystem-cadiz-chiclana\/","name":"ENTREVISTAMOS A MAR\u00cdA JOS\u00c9 FERN\u00c1NDEZ BARBOSA, DIRECTORA DE PREVENSYSTEM C\u00c1DIZ-CHICLANA - AJE C\u00e1diz","isPartOf":{"@id":"https:\/\/ajeandalucia.org\/cadiz\/#website"},"primaryImageOfPage":{"@id":"https:\/\/ajeandalucia.org\/cadiz\/2020\/05\/12\/entrevistamos-a-maria-jose-fernandez-barbosa-directora-de-prevensystem-cadiz-chiclana\/#primaryimage"},"image":{"@id":"https:\/\/ajeandalucia.org\/cadiz\/2020\/05\/12\/entrevistamos-a-maria-jose-fernandez-barbosa-directora-de-prevensystem-cadiz-chiclana\/#primaryimage"},"thumbnailUrl":"https:\/\/ajeandalucia.org\/cadiz\/wp-content\/uploads\/sites\/5\/2020\/05\/foto-prevensystem.jpg","datePublished":"2020-05-12T14:47:42+00:00","dateModified":"2020-05-20T11:24:35+00:00","breadcrumb":{"@id":"https:\/\/ajeandalucia.org\/cadiz\/2020\/05\/12\/entrevistamos-a-maria-jose-fernandez-barbosa-directora-de-prevensystem-cadiz-chiclana\/#breadcrumb"},"inLanguage":"es","potentialAction":[{"@type":"ReadAction","target":["https:\/\/ajeandalucia.org\/cadiz\/2020\/05\/12\/entrevistamos-a-maria-jose-fernandez-barbosa-directora-de-prevensystem-cadiz-chiclana\/"]}]},{"@type":"ImageObject","inLanguage":"es","@id":"https:\/\/ajeandalucia.org\/cadiz\/2020\/05\/12\/entrevistamos-a-maria-jose-fernandez-barbosa-directora-de-prevensystem-cadiz-chiclana\/#primaryimage","url":"https:\/\/ajeandalucia.org\/cadiz\/wp-content\/uploads\/sites\/5\/2020\/05\/foto-prevensystem.jpg","contentUrl":"https:\/\/ajeandalucia.org\/cadiz\/wp-content\/uploads\/sites\/5\/2020\/05\/foto-prevensystem.jpg","width":895,"height":1089},{"@type":"BreadcrumbList","@id":"https:\/\/ajeandalucia.org\/cadiz\/2020\/05\/12\/entrevistamos-a-maria-jose-fernandez-barbosa-directora-de-prevensystem-cadiz-chiclana\/#breadcrumb","itemListElement":[{"@type":"ListItem","position":1,"name":"Portada","item":"https:\/\/ajeandalucia.org\/cadiz\/"},{"@type":"ListItem","position":2,"name":"ENTREVISTAMOS A MAR\u00cdA JOS\u00c9 FERN\u00c1NDEZ BARBOSA, DIRECTORA DE PREVENSYSTEM C\u00c1DIZ-CHICLANA"}]},{"@type":"WebSite","@id":"https:\/\/ajeandalucia.org\/cadiz\/#website","url":"https:\/\/ajeandalucia.org\/cadiz\/","name":"AJE C\u00e1diz","description":"Otro sitio m\u00e1s de AJE Andaluc\u00eda","publisher":{"@id":"https:\/\/ajeandalucia.org\/cadiz\/#organization"},"potentialAction":[{"@type":"SearchAction","target":{"@type":"EntryPoint","urlTemplate":"https:\/\/ajeandalucia.org\/cadiz\/?s={search_term_string}"},"query-input":{"@type":"PropertyValueSpecification","valueRequired":true,"valueName":"search_term_string"}}],"inLanguage":"es"},{"@type":"Organization","@id":"https:\/\/ajeandalucia.org\/cadiz\/#organization","name":"AJE C\u00e1diz","url":"https:\/\/ajeandalucia.org\/cadiz\/","logo":{"@type":"ImageObject","inLanguage":"es","@id":"https:\/\/ajeandalucia.org\/cadiz\/#\/schema\/logo\/image\/","url":"https:\/\/ajeandalucia.org\/cadiz\/wp-content\/uploads\/sites\/5\/2025\/01\/AJE-CADIZ-horizontal.png","contentUrl":"https:\/\/ajeandalucia.org\/cadiz\/wp-content\/uploads\/sites\/5\/2025\/01\/AJE-CADIZ-horizontal.png","width":605,"height":200,"caption":"AJE C\u00e1diz"},"image":{"@id":"https:\/\/ajeandalucia.org\/cadiz\/#\/schema\/logo\/image\/"}},{"@type":"Person","@id":"https:\/\/ajeandalucia.org\/cadiz\/#\/schema\/person\/dce63ebda5f85792a4f3061905a9f15a","name":"cadiz","image":{"@type":"ImageObject","inLanguage":"es","@id":"https:\/\/ajeandalucia.org\/cadiz\/#\/schema\/person\/image\/","url":"https:\/\/secure.gravatar.com\/avatar\/e60287d271698686eba86c2f7f8485140fdb3db29714804eebe944be2ec6f47b?s=96&d=mm&r=g","contentUrl":"https:\/\/secure.gravatar.com\/avatar\/e60287d271698686eba86c2f7f8485140fdb3db29714804eebe944be2ec6f47b?s=96&d=mm&r=g","caption":"cadiz"},"url":"https:\/\/ajeandalucia.org\/cadiz\/author\/cadiz\/"}]}},"_links":{"self":[{"href":"https:\/\/ajeandalucia.org\/cadiz\/wp-json\/wp\/v2\/posts\/1363","targetHints":{"allow":["GET"]}}],"collection":[{"href":"https:\/\/ajeandalucia.org\/cadiz\/wp-json\/wp\/v2\/posts"}],"about":[{"href":"https:\/\/ajeandalucia.org\/cadiz\/wp-json\/wp\/v2\/types\/post"}],"author":[{"embeddable":true,"href":"https:\/\/ajeandalucia.org\/cadiz\/wp-json\/wp\/v2\/users\/4"}],"replies":[{"embeddable":true,"href":"https:\/\/ajeandalucia.org\/cadiz\/wp-json\/wp\/v2\/comments?post=1363"}],"version-history":[{"count":1,"href":"https:\/\/ajeandalucia.org\/cadiz\/wp-json\/wp\/v2\/posts\/1363\/revisions"}],"predecessor-version":[{"id":1365,"href":"https:\/\/ajeandalucia.org\/cadiz\/wp-json\/wp\/v2\/posts\/1363\/revisions\/1365"}],"wp:featuredmedia":[{"embeddable":true,"href":"https:\/\/ajeandalucia.org\/cadiz\/wp-json\/wp\/v2\/media\/1372"}],"wp:attachment":[{"href":"https:\/\/ajeandalucia.org\/cadiz\/wp-json\/wp\/v2\/media?parent=1363"}],"wp:term":[{"taxonomy":"category","embeddable":true,"href":"https:\/\/ajeandalucia.org\/cadiz\/wp-json\/wp\/v2\/categories?post=1363"},{"taxonomy":"post_tag","embeddable":true,"href":"https:\/\/ajeandalucia.org\/cadiz\/wp-json\/wp\/v2\/tags?post=1363"}],"curies":[{"name":"wp","href":"https:\/\/api.w.org\/{rel}","templated":true}]}}