{"id":1388,"date":"2020-06-04T10:07:51","date_gmt":"2020-06-04T10:07:51","guid":{"rendered":"https:\/\/www.ajeandalucia.org\/cadiz\/?p=1388"},"modified":"2020-06-04T10:07:51","modified_gmt":"2020-06-04T10:07:51","slug":"notable-preocupacion-entre-los-asociados-de-aje-por-los-efectos-de-la-crisis-sanitaria","status":"publish","type":"post","link":"https:\/\/ajeandalucia.org\/cadiz\/2020\/06\/04\/notable-preocupacion-entre-los-asociados-de-aje-por-los-efectos-de-la-crisis-sanitaria\/","title":{"rendered":"Notable preocupaci\u00f3n entre los asociados de AJE por los efectos de la Crisis Sanitaria"},"content":{"rendered":"<ul>\n<li><em>La Asociaci\u00f3n de J\u00f3venes Empresarios publica su estudio sociol\u00f3gico de 2020 con la crisis del Covid-19 como tel\u00f3n de fondo y las implicaciones que en la actividad empresarial de sus afiliados ha tenido.<\/em><\/li>\n<li><em>El 53,7 por ciento advierte que, en el pr\u00f3ximo ejercicio, afectado por la pandemia, tendr\u00e1n p\u00e9rdidas frente a un 28,6 por ciento que declara que tendr\u00e1 beneficio.<\/em><\/li>\n<\/ul>\n<p><em>\u00a0<\/em><\/p>\n<p><em>\u00a0<\/em><\/p>\n<p>La Asociaci\u00f3n de J\u00f3venes Empresarios de C\u00e1diz ha publicado un estudio sociol\u00f3gico en forma de encuesta relativo al a\u00f1o 2020 sobre la situaci\u00f3n de las empresas, de sus asociados, y que tiene como importante factor de diferenciaci\u00f3n con respecto a los anteriores, la crisis sanitaria derivada del Covid-19.<\/p>\n<p>&nbsp;<\/p>\n<p>Entre los datos m\u00e1s destacables est\u00e1n los siguientes:<\/p>\n<p>&nbsp;<\/p>\n<p>La media de trabajadores previa a la Crisis Sanitaria en las empresas de AJE era de ocho, la cual se ha reducido en la mitad, a cuatro, en el regreso a la normalidad. El 85,7 por ciento de los encuestados manifest\u00f3 que en el \u00faltimo ejercicio econ\u00f3mico obtuvieron beneficio frente al 10,7 por ciento que declar\u00f3 p\u00e9rdidas. <strong>El 53,7 por ciento advierte que en el pr\u00f3ximo ejercicio, afectado por la pandemia, tendr\u00e1n p\u00e9rdidas frente a un 28,6 por ciento que declara que tendr\u00e1 beneficio.<\/strong><\/p>\n<p>&nbsp;<\/p>\n<p>AJE pregunt\u00f3 a los encuestados sobre la evoluci\u00f3n de su empresa este 2020 en una serie de aspectos. El primero de ellos es la Facturaci\u00f3n, donde <strong>un 80 por ciento de participantes en el estudio asegura que empeorar\u00e1 <\/strong>frente a un 11 por ciento que se mantiene y un nueve por ciento que mejora. En lo referente al N\u00famero de Competidores, el 55 por ciento cree que se mantendr\u00e1, mientras que el 29 por ciento cree que empeora y el 16 por ciento que mejora.<\/p>\n<p>&nbsp;<\/p>\n<p>En <strong>referencia al N\u00famero de Clientes, el 79 por ciento manifiesta que empeora,<\/strong> el 11 por ciento que mejora y el 10 por ciento que se mantiene. Un 63 por ciento cree que el n\u00famero de proveedores se mantendr\u00e1 frente al 29 por ciento que empeora y el ocho por ciento que mejora. El Acceso a Financiaci\u00f3n es otro de los caballos de batalla de AJE, preguntados por esta circunstancia, el 48 por ciento de los empresarios encuestados cree que se mantiene la situaci\u00f3n, el 38 por ciento sostiene que empeora y el 14 por ciento que mejora. Porcentajes igualados en la encuesta en referencia a la Morosidad: un 36 por ciento cree que se mantendr\u00e1, el 34 por ciento que mejorar\u00e1 y el 30 por ciento que empeorar\u00e1. <strong>La Liquidez empeorar\u00e1 seg\u00fan el 80 por ciento,<\/strong> se mantendr\u00e1 seg\u00fan el 16 por ciento y mejorar\u00e1 seg\u00fan el cuatro por ciento.<\/p>\n<p>&nbsp;<\/p>\n<p><strong>El 44,6 por ciento de los encuestados ha reflejado que sus empresas han reducido su actividad con motivo de la Crisis Sanitaria<\/strong>. El 23,2 por ciento ha mantenido una actividad m\u00ednima s\u00f3lo atendiendo urgencias. El 14,3 por ciento ces\u00f3 su actividad al completo y un 10,7 por ciento increment\u00f3 su actividad.<\/p>\n<p>&nbsp;<\/p>\n<p><strong>Un 55,4 por ciento de los encuestados no ha solicitado la prestaci\u00f3n por cese de actividad<\/strong> y el 39,3 por ciento s\u00ed lo ha hecho.<\/p>\n<p>&nbsp;<\/p>\n<p>El 80,4 por ciento ha calificado como dif\u00edcil o muy dif\u00edcil mantener activa su empresa durante la Crisis Sanitaria.<\/p>\n<p>&nbsp;<\/p>\n<p>Al ser preguntados por la mayor dificultad a la hora de mantener las empresas en estos momentos, la respuesta del 55,4 por ciento de los encuestados es la disminuci\u00f3n en las ventas; para el 21,4 por ciento, la inactividad; el acceso a financiaci\u00f3n es la mayor dificultad para un 3,6 por ciento de encuestados y los costes salariales lo suponen para otro 3,6 por ciento.<\/p>\n<p>&nbsp;<\/p>\n<p>El Teletrabajo ha sido una de las notas predominantes para muchas empresas y aut\u00f3nomos durante los d\u00edas del decreto de confinamiento. Preguntados por la dificultad que la implantaci\u00f3n del teletrabajo en su actividad ha supuesto para socios de AJE, un 37,5 por ciento ha declarado que no ha supuesto dificultad alguna pues ya teletrabajaban previamente. El 30,4 por ciento ha podido implantarlo f\u00e1cilmente pese a alguna dificultad. El 8,9 por ciento no lo ha implantado por carecer de material y medios para ello, y un 19,6 por ciento simplemente no lo ha implantado.<\/p>\n<p>&nbsp;<\/p>\n<p>AJE ha preguntado a sus asociados sobre en qu\u00e9 medida la financiaci\u00f3n resultar\u00eda clave para la continuidad de su empresa. Para el 35,7 por ciento de encuestados es fundamental. Para el 26,7 por ciento no es clave, pero retrasa el crecimiento de la empresa. El 21,4 por ciento manifiesta no tener necesidad de financiaci\u00f3n. Un 8,9 por ciento sostiene que le influye pero puede acceder a ella sin mucha dificultad. El 7,1 por ciento asegura que su empresa no sobrevivir\u00e1 si no consigue financiaci\u00f3n.<\/p>\n<p>&nbsp;<\/p>\n<p>En relaci\u00f3n a las medidas econ\u00f3micas que se han tomado ante la situaci\u00f3n, el 82,2 por ciento de los encuestados est\u00e1 en desacuerdo o totalmente en desacuerdo. Un 7,1 por ciento se declara indiferente a las mismas, un 3,6 por ciento est\u00e1 de acuerdo y otro 7,1 por ciento totalmente en desacuerdo.<\/p>\n<p>&nbsp;<\/p>\n<p>Durante la crisis, AJE puso en marcha la plataforma AJENOPARA ofreciendo todo tipo de informaci\u00f3n a sus asociados. Un 41,1 por ciento de los encuestados ha declarado estar satisfechos con la informaci\u00f3n que se ha facilitado desde esta plataforma. El 23,2 por ciento ha manifestado estar muy satisfecho con el trabajo de la asociaci\u00f3n, lo que viene a demostrar el alto grado de satisfacci\u00f3n de los asociados con el trabajo de AJE durante la pandemia. El 28,6 por ciento lo califica como aceptable, el 5,4 por ciento como poco satisfecho y s\u00f3lo un 1,8 por ciento nada satisfecho.<\/p>\n<p>&nbsp;<\/p>\n<p>En un \u00faltimo apartado, los participantes en el estudio han dejado sus sugerencias como seguir mejorando la comunicaci\u00f3n con los asociados; persistir en la defensa de los empresarios; que la asociaci\u00f3n se siga manteniendo firme; que los empresarios de todas las patronales se hagan escuchar; m\u00e1s uni\u00f3n para pedir ayudas; m\u00e1s claridad con los cr\u00e9ditos ICO; actitud empresarial positiva; m\u00e1s facilidades para los aut\u00f3nomos; o Apostar por la innovaci\u00f3n y el lanzamiento de nuevas iniciativas y actividades profesionales y diversificar los negocios para paliar los efectos sectoriales, entre otras.<\/p>\n<p>&nbsp;<\/p>\n<p><strong>Asociados de AJE C\u00e1diz han participado en el estudio. En lo referente a los sectores, el 18 por ciento de los encuestados pertenece a la Publicidad y al Marketing; el nueve por ciento a la Tecnolog\u00eda y las Telecomunicaciones; otro nueve por ciento a la Consultor\u00eda; las Actividades Profesionales, el Turismo y el Comercio ocupan un siete por ciento cada una; los Seguros, la Construcci\u00f3n y la Formaci\u00f3n y la Ense\u00f1anza, un 5,4 por ciento cada una. <\/strong><\/p>\n<p><strong>\u00a0<\/strong><\/p>\n<p><strong>Un 48,2 por ciento de los participantes en esta Encuesta son empresas en forma jur\u00eddica de Sociedad Limitada. El 42,9 por ciento son Empresas Individuales. El resto se reparte en Sociedad Civil-Comunidad de Bienes, Sociedad An\u00f3nima, Sociedad Cooperativa y otras. <\/strong><\/p>\n<p>&nbsp;<\/p>\n<p>El presidente de AJE C\u00e1diz, Daniel S\u00e1nchez Ayala, ante los resultados del estudio sociol\u00f3gico de 2020 ha querido ante todo agradecer a los asociados la confianza que depositan en AJE a la hora de ser el altavoz de defensa de sus intereses. Igualmente ha mostrado su pesar ante la mala situaci\u00f3n en que se encuentran algunos de sus asociados, emplazando a las administraciones p\u00fablicas a tomar cartas en el asunto y mostrar un apoyo firme y sin fisuras al tejido empresarial por su condici\u00f3n de motor econ\u00f3mico de la Provincia de C\u00e1diz. \u201cGracias a este estudio tenemos la radiograf\u00eda actual de nuestro sector y ello nos va a permitir seguir trabajando por los j\u00f3venes empresarios y reivindicando sus exigencias\u201d, concluy\u00f3.<\/p>\n","protected":false},"excerpt":{"rendered":"<p>La Asociaci\u00f3n de J\u00f3venes Empresarios publica su estudio sociol\u00f3gico de 2020 con la crisis del Covid-19 como tel\u00f3n de fondo [&hellip;]<\/p>\n","protected":false},"author":4,"featured_media":1389,"comment_status":"open","ping_status":"open","sticky":false,"template":"","format":"standard","meta":{"_acf_changed":false,"site-sidebar-layout":"default","site-content-layout":"","ast-site-content-layout":"default","site-content-style":"default","site-sidebar-style":"default","ast-global-header-display":"","ast-banner-title-visibility":"","ast-main-header-display":"","ast-hfb-above-header-display":"","ast-hfb-below-header-display":"","ast-hfb-mobile-header-display":"","site-post-title":"","ast-breadcrumbs-content":"","ast-featured-img":"","footer-sml-layout":"","ast-disable-related-posts":"","theme-transparent-header-meta":"","adv-header-id-meta":"","stick-header-meta":"","header-above-stick-meta":"","header-main-stick-meta":"","header-below-stick-meta":"","astra-migrate-meta-layouts":"default","ast-page-background-enabled":"default","ast-page-background-meta":{"desktop":{"background-color":"var(--ast-global-color-5)","background-image":"","background-repeat":"repeat","background-position":"center center","background-size":"auto","background-attachment":"scroll","background-type":"","background-media":"","overlay-type":"","overlay-color":"","overlay-opacity":"","overlay-gradient":""},"tablet":{"background-color":"","background-image":"","background-repeat":"repeat","background-position":"center center","background-size":"auto","background-attachment":"scroll","background-type":"","background-media":"","overlay-type":"","overlay-color":"","overlay-opacity":"","overlay-gradient":""},"mobile":{"background-color":"","background-image":"","background-repeat":"repeat","background-position":"center center","background-size":"auto","background-attachment":"scroll","background-type":"","background-media":"","overlay-type":"","overlay-color":"","overlay-opacity":"","overlay-gradient":""}},"ast-content-background-meta":{"desktop":{"background-color":"var(--ast-global-color-4)","background-image":"","background-repeat":"repeat","background-position":"center center","background-size":"auto","background-attachment":"scroll","background-type":"","background-media":"","overlay-type":"","overlay-color":"","overlay-opacity":"","overlay-gradient":""},"tablet":{"background-color":"var(--ast-global-color-4)","background-image":"","background-repeat":"repeat","background-position":"center center","background-size":"auto","background-attachment":"scroll","background-type":"","background-media":"","overlay-type":"","overlay-color":"","overlay-opacity":"","overlay-gradient":""},"mobile":{"background-color":"var(--ast-global-color-4)","background-image":"","background-repeat":"repeat","background-position":"center center","background-size":"auto","background-attachment":"scroll","background-type":"","background-media":"","overlay-type":"","overlay-color":"","overlay-opacity":"","overlay-gradient":""}},"footnotes":""},"categories":[8],"tags":[],"class_list":["post-1388","post","type-post","status-publish","format-standard","has-post-thumbnail","hentry","category-noticias"],"acf":[],"yoast_head":"<!-- This site is optimized with the Yoast SEO plugin v26.9 - https:\/\/yoast.com\/product\/yoast-seo-wordpress\/ -->\n<title>Notable preocupaci\u00f3n entre los asociados de AJE por los efectos de la Crisis Sanitaria - AJE C\u00e1diz<\/title>\n<meta name=\"robots\" content=\"index, follow, max-snippet:-1, max-image-preview:large, max-video-preview:-1\" \/>\n<link rel=\"canonical\" href=\"https:\/\/ajeandalucia.org\/cadiz\/2020\/06\/04\/notable-preocupacion-entre-los-asociados-de-aje-por-los-efectos-de-la-crisis-sanitaria\/\" \/>\n<meta property=\"og:locale\" content=\"es_ES\" \/>\n<meta property=\"og:type\" content=\"article\" \/>\n<meta property=\"og:title\" content=\"Notable preocupaci\u00f3n entre los asociados de AJE por los efectos de la Crisis Sanitaria - AJE C\u00e1diz\" \/>\n<meta property=\"og:description\" content=\"La Asociaci\u00f3n de J\u00f3venes Empresarios publica su estudio sociol\u00f3gico de 2020 con la crisis del Covid-19 como tel\u00f3n de fondo [&hellip;]\" \/>\n<meta property=\"og:url\" content=\"https:\/\/ajeandalucia.org\/cadiz\/2020\/06\/04\/notable-preocupacion-entre-los-asociados-de-aje-por-los-efectos-de-la-crisis-sanitaria\/\" \/>\n<meta property=\"og:site_name\" content=\"AJE C\u00e1diz\" \/>\n<meta property=\"article:published_time\" content=\"2020-06-04T10:07:51+00:00\" \/>\n<meta property=\"og:image\" content=\"https:\/\/ajeandalucia.org\/cadiz\/wp-content\/uploads\/sites\/5\/2020\/06\/Facebook.jpg\" \/>\n\t<meta property=\"og:image:width\" content=\"1200\" \/>\n\t<meta property=\"og:image:height\" content=\"628\" \/>\n\t<meta property=\"og:image:type\" content=\"image\/jpeg\" \/>\n<meta name=\"author\" content=\"cadiz\" \/>\n<meta name=\"twitter:card\" content=\"summary_large_image\" \/>\n<meta name=\"twitter:label1\" content=\"Escrito por\" \/>\n\t<meta name=\"twitter:data1\" content=\"cadiz\" \/>\n\t<meta name=\"twitter:label2\" content=\"Tiempo de lectura\" \/>\n\t<meta name=\"twitter:data2\" content=\"6 minutos\" \/>\n<script type=\"application\/ld+json\" class=\"yoast-schema-graph\">{\"@context\":\"https:\/\/schema.org\",\"@graph\":[{\"@type\":\"Article\",\"@id\":\"https:\/\/ajeandalucia.org\/cadiz\/2020\/06\/04\/notable-preocupacion-entre-los-asociados-de-aje-por-los-efectos-de-la-crisis-sanitaria\/#article\",\"isPartOf\":{\"@id\":\"https:\/\/ajeandalucia.org\/cadiz\/2020\/06\/04\/notable-preocupacion-entre-los-asociados-de-aje-por-los-efectos-de-la-crisis-sanitaria\/\"},\"author\":{\"name\":\"cadiz\",\"@id\":\"https:\/\/ajeandalucia.org\/cadiz\/#\/schema\/person\/dce63ebda5f85792a4f3061905a9f15a\"},\"headline\":\"Notable preocupaci\u00f3n entre los asociados de AJE por los efectos de la Crisis Sanitaria\",\"datePublished\":\"2020-06-04T10:07:51+00:00\",\"mainEntityOfPage\":{\"@id\":\"https:\/\/ajeandalucia.org\/cadiz\/2020\/06\/04\/notable-preocupacion-entre-los-asociados-de-aje-por-los-efectos-de-la-crisis-sanitaria\/\"},\"wordCount\":1299,\"commentCount\":0,\"publisher\":{\"@id\":\"https:\/\/ajeandalucia.org\/cadiz\/#organization\"},\"image\":{\"@id\":\"https:\/\/ajeandalucia.org\/cadiz\/2020\/06\/04\/notable-preocupacion-entre-los-asociados-de-aje-por-los-efectos-de-la-crisis-sanitaria\/#primaryimage\"},\"thumbnailUrl\":\"https:\/\/ajeandalucia.org\/cadiz\/wp-content\/uploads\/sites\/5\/2020\/06\/Facebook.jpg\",\"articleSection\":[\"Noticias\"],\"inLanguage\":\"es\",\"potentialAction\":[{\"@type\":\"CommentAction\",\"name\":\"Comment\",\"target\":[\"https:\/\/ajeandalucia.org\/cadiz\/2020\/06\/04\/notable-preocupacion-entre-los-asociados-de-aje-por-los-efectos-de-la-crisis-sanitaria\/#respond\"]}]},{\"@type\":\"WebPage\",\"@id\":\"https:\/\/ajeandalucia.org\/cadiz\/2020\/06\/04\/notable-preocupacion-entre-los-asociados-de-aje-por-los-efectos-de-la-crisis-sanitaria\/\",\"url\":\"https:\/\/ajeandalucia.org\/cadiz\/2020\/06\/04\/notable-preocupacion-entre-los-asociados-de-aje-por-los-efectos-de-la-crisis-sanitaria\/\",\"name\":\"Notable preocupaci\u00f3n entre los asociados de AJE por los efectos de la Crisis Sanitaria - AJE C\u00e1diz\",\"isPartOf\":{\"@id\":\"https:\/\/ajeandalucia.org\/cadiz\/#website\"},\"primaryImageOfPage\":{\"@id\":\"https:\/\/ajeandalucia.org\/cadiz\/2020\/06\/04\/notable-preocupacion-entre-los-asociados-de-aje-por-los-efectos-de-la-crisis-sanitaria\/#primaryimage\"},\"image\":{\"@id\":\"https:\/\/ajeandalucia.org\/cadiz\/2020\/06\/04\/notable-preocupacion-entre-los-asociados-de-aje-por-los-efectos-de-la-crisis-sanitaria\/#primaryimage\"},\"thumbnailUrl\":\"https:\/\/ajeandalucia.org\/cadiz\/wp-content\/uploads\/sites\/5\/2020\/06\/Facebook.jpg\",\"datePublished\":\"2020-06-04T10:07:51+00:00\",\"breadcrumb\":{\"@id\":\"https:\/\/ajeandalucia.org\/cadiz\/2020\/06\/04\/notable-preocupacion-entre-los-asociados-de-aje-por-los-efectos-de-la-crisis-sanitaria\/#breadcrumb\"},\"inLanguage\":\"es\",\"potentialAction\":[{\"@type\":\"ReadAction\",\"target\":[\"https:\/\/ajeandalucia.org\/cadiz\/2020\/06\/04\/notable-preocupacion-entre-los-asociados-de-aje-por-los-efectos-de-la-crisis-sanitaria\/\"]}]},{\"@type\":\"ImageObject\",\"inLanguage\":\"es\",\"@id\":\"https:\/\/ajeandalucia.org\/cadiz\/2020\/06\/04\/notable-preocupacion-entre-los-asociados-de-aje-por-los-efectos-de-la-crisis-sanitaria\/#primaryimage\",\"url\":\"https:\/\/ajeandalucia.org\/cadiz\/wp-content\/uploads\/sites\/5\/2020\/06\/Facebook.jpg\",\"contentUrl\":\"https:\/\/ajeandalucia.org\/cadiz\/wp-content\/uploads\/sites\/5\/2020\/06\/Facebook.jpg\",\"width\":1200,\"height\":628},{\"@type\":\"BreadcrumbList\",\"@id\":\"https:\/\/ajeandalucia.org\/cadiz\/2020\/06\/04\/notable-preocupacion-entre-los-asociados-de-aje-por-los-efectos-de-la-crisis-sanitaria\/#breadcrumb\",\"itemListElement\":[{\"@type\":\"ListItem\",\"position\":1,\"name\":\"Portada\",\"item\":\"https:\/\/ajeandalucia.org\/cadiz\/\"},{\"@type\":\"ListItem\",\"position\":2,\"name\":\"Notable preocupaci\u00f3n entre los asociados de AJE por los efectos de la Crisis Sanitaria\"}]},{\"@type\":\"WebSite\",\"@id\":\"https:\/\/ajeandalucia.org\/cadiz\/#website\",\"url\":\"https:\/\/ajeandalucia.org\/cadiz\/\",\"name\":\"AJE C\u00e1diz\",\"description\":\"Otro sitio m\u00e1s de AJE Andaluc\u00eda\",\"publisher\":{\"@id\":\"https:\/\/ajeandalucia.org\/cadiz\/#organization\"},\"potentialAction\":[{\"@type\":\"SearchAction\",\"target\":{\"@type\":\"EntryPoint\",\"urlTemplate\":\"https:\/\/ajeandalucia.org\/cadiz\/?s={search_term_string}\"},\"query-input\":{\"@type\":\"PropertyValueSpecification\",\"valueRequired\":true,\"valueName\":\"search_term_string\"}}],\"inLanguage\":\"es\"},{\"@type\":\"Organization\",\"@id\":\"https:\/\/ajeandalucia.org\/cadiz\/#organization\",\"name\":\"AJE C\u00e1diz\",\"url\":\"https:\/\/ajeandalucia.org\/cadiz\/\",\"logo\":{\"@type\":\"ImageObject\",\"inLanguage\":\"es\",\"@id\":\"https:\/\/ajeandalucia.org\/cadiz\/#\/schema\/logo\/image\/\",\"url\":\"https:\/\/ajeandalucia.org\/cadiz\/wp-content\/uploads\/sites\/5\/2025\/01\/AJE-CADIZ-horizontal.png\",\"contentUrl\":\"https:\/\/ajeandalucia.org\/cadiz\/wp-content\/uploads\/sites\/5\/2025\/01\/AJE-CADIZ-horizontal.png\",\"width\":605,\"height\":200,\"caption\":\"AJE C\u00e1diz\"},\"image\":{\"@id\":\"https:\/\/ajeandalucia.org\/cadiz\/#\/schema\/logo\/image\/\"}},{\"@type\":\"Person\",\"@id\":\"https:\/\/ajeandalucia.org\/cadiz\/#\/schema\/person\/dce63ebda5f85792a4f3061905a9f15a\",\"name\":\"cadiz\",\"image\":{\"@type\":\"ImageObject\",\"inLanguage\":\"es\",\"@id\":\"https:\/\/ajeandalucia.org\/cadiz\/#\/schema\/person\/image\/\",\"url\":\"https:\/\/secure.gravatar.com\/avatar\/e60287d271698686eba86c2f7f8485140fdb3db29714804eebe944be2ec6f47b?s=96&d=mm&r=g\",\"contentUrl\":\"https:\/\/secure.gravatar.com\/avatar\/e60287d271698686eba86c2f7f8485140fdb3db29714804eebe944be2ec6f47b?s=96&d=mm&r=g\",\"caption\":\"cadiz\"},\"url\":\"https:\/\/ajeandalucia.org\/cadiz\/author\/cadiz\/\"}]}<\/script>\n<!-- \/ Yoast SEO plugin. -->","yoast_head_json":{"title":"Notable preocupaci\u00f3n entre los asociados de AJE por los efectos de la Crisis Sanitaria - AJE C\u00e1diz","robots":{"index":"index","follow":"follow","max-snippet":"max-snippet:-1","max-image-preview":"max-image-preview:large","max-video-preview":"max-video-preview:-1"},"canonical":"https:\/\/ajeandalucia.org\/cadiz\/2020\/06\/04\/notable-preocupacion-entre-los-asociados-de-aje-por-los-efectos-de-la-crisis-sanitaria\/","og_locale":"es_ES","og_type":"article","og_title":"Notable preocupaci\u00f3n entre los asociados de AJE por los efectos de la Crisis Sanitaria - AJE C\u00e1diz","og_description":"La Asociaci\u00f3n de J\u00f3venes Empresarios publica su estudio sociol\u00f3gico de 2020 con la crisis del Covid-19 como tel\u00f3n de fondo [&hellip;]","og_url":"https:\/\/ajeandalucia.org\/cadiz\/2020\/06\/04\/notable-preocupacion-entre-los-asociados-de-aje-por-los-efectos-de-la-crisis-sanitaria\/","og_site_name":"AJE C\u00e1diz","article_published_time":"2020-06-04T10:07:51+00:00","og_image":[{"width":1200,"height":628,"url":"https:\/\/ajeandalucia.org\/cadiz\/wp-content\/uploads\/sites\/5\/2020\/06\/Facebook.jpg","type":"image\/jpeg"}],"author":"cadiz","twitter_card":"summary_large_image","twitter_misc":{"Escrito por":"cadiz","Tiempo de lectura":"6 minutos"},"schema":{"@context":"https:\/\/schema.org","@graph":[{"@type":"Article","@id":"https:\/\/ajeandalucia.org\/cadiz\/2020\/06\/04\/notable-preocupacion-entre-los-asociados-de-aje-por-los-efectos-de-la-crisis-sanitaria\/#article","isPartOf":{"@id":"https:\/\/ajeandalucia.org\/cadiz\/2020\/06\/04\/notable-preocupacion-entre-los-asociados-de-aje-por-los-efectos-de-la-crisis-sanitaria\/"},"author":{"name":"cadiz","@id":"https:\/\/ajeandalucia.org\/cadiz\/#\/schema\/person\/dce63ebda5f85792a4f3061905a9f15a"},"headline":"Notable preocupaci\u00f3n entre los asociados de AJE por los efectos de la Crisis Sanitaria","datePublished":"2020-06-04T10:07:51+00:00","mainEntityOfPage":{"@id":"https:\/\/ajeandalucia.org\/cadiz\/2020\/06\/04\/notable-preocupacion-entre-los-asociados-de-aje-por-los-efectos-de-la-crisis-sanitaria\/"},"wordCount":1299,"commentCount":0,"publisher":{"@id":"https:\/\/ajeandalucia.org\/cadiz\/#organization"},"image":{"@id":"https:\/\/ajeandalucia.org\/cadiz\/2020\/06\/04\/notable-preocupacion-entre-los-asociados-de-aje-por-los-efectos-de-la-crisis-sanitaria\/#primaryimage"},"thumbnailUrl":"https:\/\/ajeandalucia.org\/cadiz\/wp-content\/uploads\/sites\/5\/2020\/06\/Facebook.jpg","articleSection":["Noticias"],"inLanguage":"es","potentialAction":[{"@type":"CommentAction","name":"Comment","target":["https:\/\/ajeandalucia.org\/cadiz\/2020\/06\/04\/notable-preocupacion-entre-los-asociados-de-aje-por-los-efectos-de-la-crisis-sanitaria\/#respond"]}]},{"@type":"WebPage","@id":"https:\/\/ajeandalucia.org\/cadiz\/2020\/06\/04\/notable-preocupacion-entre-los-asociados-de-aje-por-los-efectos-de-la-crisis-sanitaria\/","url":"https:\/\/ajeandalucia.org\/cadiz\/2020\/06\/04\/notable-preocupacion-entre-los-asociados-de-aje-por-los-efectos-de-la-crisis-sanitaria\/","name":"Notable preocupaci\u00f3n entre los asociados de AJE por los efectos de la Crisis Sanitaria - AJE C\u00e1diz","isPartOf":{"@id":"https:\/\/ajeandalucia.org\/cadiz\/#website"},"primaryImageOfPage":{"@id":"https:\/\/ajeandalucia.org\/cadiz\/2020\/06\/04\/notable-preocupacion-entre-los-asociados-de-aje-por-los-efectos-de-la-crisis-sanitaria\/#primaryimage"},"image":{"@id":"https:\/\/ajeandalucia.org\/cadiz\/2020\/06\/04\/notable-preocupacion-entre-los-asociados-de-aje-por-los-efectos-de-la-crisis-sanitaria\/#primaryimage"},"thumbnailUrl":"https:\/\/ajeandalucia.org\/cadiz\/wp-content\/uploads\/sites\/5\/2020\/06\/Facebook.jpg","datePublished":"2020-06-04T10:07:51+00:00","breadcrumb":{"@id":"https:\/\/ajeandalucia.org\/cadiz\/2020\/06\/04\/notable-preocupacion-entre-los-asociados-de-aje-por-los-efectos-de-la-crisis-sanitaria\/#breadcrumb"},"inLanguage":"es","potentialAction":[{"@type":"ReadAction","target":["https:\/\/ajeandalucia.org\/cadiz\/2020\/06\/04\/notable-preocupacion-entre-los-asociados-de-aje-por-los-efectos-de-la-crisis-sanitaria\/"]}]},{"@type":"ImageObject","inLanguage":"es","@id":"https:\/\/ajeandalucia.org\/cadiz\/2020\/06\/04\/notable-preocupacion-entre-los-asociados-de-aje-por-los-efectos-de-la-crisis-sanitaria\/#primaryimage","url":"https:\/\/ajeandalucia.org\/cadiz\/wp-content\/uploads\/sites\/5\/2020\/06\/Facebook.jpg","contentUrl":"https:\/\/ajeandalucia.org\/cadiz\/wp-content\/uploads\/sites\/5\/2020\/06\/Facebook.jpg","width":1200,"height":628},{"@type":"BreadcrumbList","@id":"https:\/\/ajeandalucia.org\/cadiz\/2020\/06\/04\/notable-preocupacion-entre-los-asociados-de-aje-por-los-efectos-de-la-crisis-sanitaria\/#breadcrumb","itemListElement":[{"@type":"ListItem","position":1,"name":"Portada","item":"https:\/\/ajeandalucia.org\/cadiz\/"},{"@type":"ListItem","position":2,"name":"Notable preocupaci\u00f3n entre los asociados de AJE por los efectos de la Crisis Sanitaria"}]},{"@type":"WebSite","@id":"https:\/\/ajeandalucia.org\/cadiz\/#website","url":"https:\/\/ajeandalucia.org\/cadiz\/","name":"AJE C\u00e1diz","description":"Otro sitio m\u00e1s de AJE Andaluc\u00eda","publisher":{"@id":"https:\/\/ajeandalucia.org\/cadiz\/#organization"},"potentialAction":[{"@type":"SearchAction","target":{"@type":"EntryPoint","urlTemplate":"https:\/\/ajeandalucia.org\/cadiz\/?s={search_term_string}"},"query-input":{"@type":"PropertyValueSpecification","valueRequired":true,"valueName":"search_term_string"}}],"inLanguage":"es"},{"@type":"Organization","@id":"https:\/\/ajeandalucia.org\/cadiz\/#organization","name":"AJE C\u00e1diz","url":"https:\/\/ajeandalucia.org\/cadiz\/","logo":{"@type":"ImageObject","inLanguage":"es","@id":"https:\/\/ajeandalucia.org\/cadiz\/#\/schema\/logo\/image\/","url":"https:\/\/ajeandalucia.org\/cadiz\/wp-content\/uploads\/sites\/5\/2025\/01\/AJE-CADIZ-horizontal.png","contentUrl":"https:\/\/ajeandalucia.org\/cadiz\/wp-content\/uploads\/sites\/5\/2025\/01\/AJE-CADIZ-horizontal.png","width":605,"height":200,"caption":"AJE C\u00e1diz"},"image":{"@id":"https:\/\/ajeandalucia.org\/cadiz\/#\/schema\/logo\/image\/"}},{"@type":"Person","@id":"https:\/\/ajeandalucia.org\/cadiz\/#\/schema\/person\/dce63ebda5f85792a4f3061905a9f15a","name":"cadiz","image":{"@type":"ImageObject","inLanguage":"es","@id":"https:\/\/ajeandalucia.org\/cadiz\/#\/schema\/person\/image\/","url":"https:\/\/secure.gravatar.com\/avatar\/e60287d271698686eba86c2f7f8485140fdb3db29714804eebe944be2ec6f47b?s=96&d=mm&r=g","contentUrl":"https:\/\/secure.gravatar.com\/avatar\/e60287d271698686eba86c2f7f8485140fdb3db29714804eebe944be2ec6f47b?s=96&d=mm&r=g","caption":"cadiz"},"url":"https:\/\/ajeandalucia.org\/cadiz\/author\/cadiz\/"}]}},"_links":{"self":[{"href":"https:\/\/ajeandalucia.org\/cadiz\/wp-json\/wp\/v2\/posts\/1388","targetHints":{"allow":["GET"]}}],"collection":[{"href":"https:\/\/ajeandalucia.org\/cadiz\/wp-json\/wp\/v2\/posts"}],"about":[{"href":"https:\/\/ajeandalucia.org\/cadiz\/wp-json\/wp\/v2\/types\/post"}],"author":[{"embeddable":true,"href":"https:\/\/ajeandalucia.org\/cadiz\/wp-json\/wp\/v2\/users\/4"}],"replies":[{"embeddable":true,"href":"https:\/\/ajeandalucia.org\/cadiz\/wp-json\/wp\/v2\/comments?post=1388"}],"version-history":[{"count":1,"href":"https:\/\/ajeandalucia.org\/cadiz\/wp-json\/wp\/v2\/posts\/1388\/revisions"}],"predecessor-version":[{"id":1390,"href":"https:\/\/ajeandalucia.org\/cadiz\/wp-json\/wp\/v2\/posts\/1388\/revisions\/1390"}],"wp:featuredmedia":[{"embeddable":true,"href":"https:\/\/ajeandalucia.org\/cadiz\/wp-json\/wp\/v2\/media\/1389"}],"wp:attachment":[{"href":"https:\/\/ajeandalucia.org\/cadiz\/wp-json\/wp\/v2\/media?parent=1388"}],"wp:term":[{"taxonomy":"category","embeddable":true,"href":"https:\/\/ajeandalucia.org\/cadiz\/wp-json\/wp\/v2\/categories?post=1388"},{"taxonomy":"post_tag","embeddable":true,"href":"https:\/\/ajeandalucia.org\/cadiz\/wp-json\/wp\/v2\/tags?post=1388"}],"curies":[{"name":"wp","href":"https:\/\/api.w.org\/{rel}","templated":true}]}}