{"id":1649,"date":"2021-01-21T13:02:07","date_gmt":"2021-01-21T13:02:07","guid":{"rendered":"https:\/\/www.ajeandalucia.org\/cadiz\/?p=1649"},"modified":"2021-01-21T13:02:07","modified_gmt":"2021-01-21T13:02:07","slug":"aje-cadiz-se-reune-con-la-autoridad-portuaria-de-la-bahia-de-cadiz","status":"publish","type":"post","link":"https:\/\/ajeandalucia.org\/cadiz\/2021\/01\/21\/aje-cadiz-se-reune-con-la-autoridad-portuaria-de-la-bahia-de-cadiz\/","title":{"rendered":"AJE C\u00e1diz se re\u00fane con la Autoridad Portuaria de la Bah\u00eda de C\u00e1diz"},"content":{"rendered":"<p><em>El nuevo equipo director a cuyo frente est\u00e1 Juan Antonio Parra apuesta por incrementar la colaboraci\u00f3n entre los J\u00f3venes Empresarios y el puerto en todos los aspectos<\/em><\/p>\n<p><em>\u00a0<\/em><\/p>\n<p>La recientemente constituida nueva Junta de Gobierno de la Asociaci\u00f3n de J\u00f3venes Empresarios de la Provincia de C\u00e1diz -AJE C\u00e1diz- con su presidente, Juan Antonio Parra, prosigue su toma de contacto con las principales instituciones de la provincia y el martes 19 de enero mantuvieron un encuentro con la Autoridad Portuaria de la Bah\u00eda de C\u00e1diz, cuya presidencia ostenta Te\u00f3fila Mart\u00ednez.<\/p>\n<p>&nbsp;<\/p>\n<p>El Puerto de la Bah\u00eda de C\u00e1diz, que no solo se circunscribe a la capital, si no tambi\u00e9n a La Cabezuela, Puerto Real, Puerto de Santa Mar\u00eda y Rota, es una de las principales fuentes generadoras de riqueza y empleo de la comarca y la provincia gracias a las actividades directas, indirectas e inducidas que genera.<\/p>\n<p>&nbsp;<\/p>\n<p>La reuni\u00f3n entre AJE y la directiva de la APBC supone adem\u00e1s de un primer encuentro de cortes\u00eda, la intenci\u00f3n entre ambas entidades en reforzar su colaboraci\u00f3n.<\/p>\n<p>&nbsp;<\/p>\n<p>Por parte del colectivo de J\u00f3venes Empresarios Gaditanos, se esboz\u00f3 a la APBC su agenda de trabajo para el presente mandato en especial todo aquello que tiene que ver con el puerto: la solicitud para disponer de espacios destinados a integrar el emprendimiento; el tr\u00e1fico de contenedores y la log\u00edstica; que AJE sea el principal interlocutor entre el Puerto y los j\u00f3venes empresarios; y disponer de informaci\u00f3n de primera mano de toda actividad que se genere en el puerto.<\/p>\n<p>&nbsp;<\/p>\n<p>La reuni\u00f3n se desarroll\u00f3 en un clima de m\u00e1xima cordialidad y entendimiento entre ambas partes las cuales tienen una clara disposici\u00f3n de colaborar y contribuir al fomento de la cultura emprendedora entre los j\u00f3venes.<\/p>\n<p>&nbsp;<\/p>\n<p>\u201cDentro de la ronda de contactos con las principales instituciones que AJE C\u00e1diz ha iniciado una vez constituida su nueva Junta de Gobierno, hemos mantenido una reuni\u00f3n con la APBC dada la importancia que tiene para la econom\u00eda de la ciudad, la comarca y la Provincia. Los J\u00f3venes Empresarios podemos aportar mucho al fomento de una infraestructura como el puerto, se lo hemos hecho saber a su directiva y existe un claro ambiente de entendimiento entre ambas partes que estamos seguros que desembocar\u00e1 en beneficios para los intereses comunes de toda la Provincia\u201d, manifest\u00f3 Juan Antonio Parra.<\/p>\n","protected":false},"excerpt":{"rendered":"<p>El nuevo equipo director a cuyo frente est\u00e1 Juan Antonio Parra apuesta por incrementar la colaboraci\u00f3n entre los J\u00f3venes Empresarios [&hellip;]<\/p>\n","protected":false},"author":4,"featured_media":1650,"comment_status":"open","ping_status":"open","sticky":false,"template":"","format":"standard","meta":{"_acf_changed":false,"site-sidebar-layout":"default","site-content-layout":"","ast-site-content-layout":"default","site-content-style":"default","site-sidebar-style":"default","ast-global-header-display":"","ast-banner-title-visibility":"","ast-main-header-display":"","ast-hfb-above-header-display":"","ast-hfb-below-header-display":"","ast-hfb-mobile-header-display":"","site-post-title":"","ast-breadcrumbs-content":"","ast-featured-img":"","footer-sml-layout":"","ast-disable-related-posts":"","theme-transparent-header-meta":"","adv-header-id-meta":"","stick-header-meta":"","header-above-stick-meta":"","header-main-stick-meta":"","header-below-stick-meta":"","astra-migrate-meta-layouts":"default","ast-page-background-enabled":"default","ast-page-background-meta":{"desktop":{"background-color":"var(--ast-global-color-5)","background-image":"","background-repeat":"repeat","background-position":"center center","background-size":"auto","background-attachment":"scroll","background-type":"","background-media":"","overlay-type":"","overlay-color":"","overlay-opacity":"","overlay-gradient":""},"tablet":{"background-color":"","background-image":"","background-repeat":"repeat","background-position":"center center","background-size":"auto","background-attachment":"scroll","background-type":"","background-media":"","overlay-type":"","overlay-color":"","overlay-opacity":"","overlay-gradient":""},"mobile":{"background-color":"","background-image":"","background-repeat":"repeat","background-position":"center center","background-size":"auto","background-attachment":"scroll","background-type":"","background-media":"","overlay-type":"","overlay-color":"","overlay-opacity":"","overlay-gradient":""}},"ast-content-background-meta":{"desktop":{"background-color":"var(--ast-global-color-4)","background-image":"","background-repeat":"repeat","background-position":"center center","background-size":"auto","background-attachment":"scroll","background-type":"","background-media":"","overlay-type":"","overlay-color":"","overlay-opacity":"","overlay-gradient":""},"tablet":{"background-color":"var(--ast-global-color-4)","background-image":"","background-repeat":"repeat","background-position":"center center","background-size":"auto","background-attachment":"scroll","background-type":"","background-media":"","overlay-type":"","overlay-color":"","overlay-opacity":"","overlay-gradient":""},"mobile":{"background-color":"var(--ast-global-color-4)","background-image":"","background-repeat":"repeat","background-position":"center center","background-size":"auto","background-attachment":"scroll","background-type":"","background-media":"","overlay-type":"","overlay-color":"","overlay-opacity":"","overlay-gradient":""}},"footnotes":""},"categories":[8],"tags":[],"class_list":["post-1649","post","type-post","status-publish","format-standard","has-post-thumbnail","hentry","category-noticias"],"acf":[],"yoast_head":"<!-- This site is optimized with the Yoast SEO plugin v26.9 - https:\/\/yoast.com\/product\/yoast-seo-wordpress\/ -->\n<title>AJE C\u00e1diz se re\u00fane con la Autoridad Portuaria de la Bah\u00eda de C\u00e1diz - AJE C\u00e1diz<\/title>\n<meta name=\"robots\" content=\"index, follow, max-snippet:-1, max-image-preview:large, max-video-preview:-1\" \/>\n<link rel=\"canonical\" href=\"https:\/\/ajeandalucia.org\/cadiz\/2021\/01\/21\/aje-cadiz-se-reune-con-la-autoridad-portuaria-de-la-bahia-de-cadiz\/\" \/>\n<meta property=\"og:locale\" content=\"es_ES\" \/>\n<meta property=\"og:type\" content=\"article\" \/>\n<meta property=\"og:title\" content=\"AJE C\u00e1diz se re\u00fane con la Autoridad Portuaria de la Bah\u00eda de C\u00e1diz - AJE C\u00e1diz\" \/>\n<meta property=\"og:description\" content=\"El nuevo equipo director a cuyo frente est\u00e1 Juan Antonio Parra apuesta por incrementar la colaboraci\u00f3n entre los J\u00f3venes Empresarios [&hellip;]\" \/>\n<meta property=\"og:url\" content=\"https:\/\/ajeandalucia.org\/cadiz\/2021\/01\/21\/aje-cadiz-se-reune-con-la-autoridad-portuaria-de-la-bahia-de-cadiz\/\" \/>\n<meta property=\"og:site_name\" content=\"AJE C\u00e1diz\" \/>\n<meta property=\"article:published_time\" content=\"2021-01-21T13:02:07+00:00\" \/>\n<meta property=\"og:image\" content=\"https:\/\/ajeandalucia.org\/cadiz\/wp-content\/uploads\/sites\/5\/2021\/01\/WhatsApp-Image-2021-01-19-at-13.54.28.jpeg\" \/>\n\t<meta property=\"og:image:width\" content=\"2048\" \/>\n\t<meta property=\"og:image:height\" content=\"1536\" \/>\n\t<meta property=\"og:image:type\" content=\"image\/jpeg\" \/>\n<meta name=\"author\" content=\"cadiz\" \/>\n<meta name=\"twitter:card\" content=\"summary_large_image\" \/>\n<meta name=\"twitter:label1\" content=\"Escrito por\" \/>\n\t<meta name=\"twitter:data1\" content=\"cadiz\" \/>\n\t<meta name=\"twitter:label2\" content=\"Tiempo de lectura\" \/>\n\t<meta name=\"twitter:data2\" content=\"2 minutos\" \/>\n<script type=\"application\/ld+json\" class=\"yoast-schema-graph\">{\"@context\":\"https:\/\/schema.org\",\"@graph\":[{\"@type\":\"Article\",\"@id\":\"https:\/\/ajeandalucia.org\/cadiz\/2021\/01\/21\/aje-cadiz-se-reune-con-la-autoridad-portuaria-de-la-bahia-de-cadiz\/#article\",\"isPartOf\":{\"@id\":\"https:\/\/ajeandalucia.org\/cadiz\/2021\/01\/21\/aje-cadiz-se-reune-con-la-autoridad-portuaria-de-la-bahia-de-cadiz\/\"},\"author\":{\"name\":\"cadiz\",\"@id\":\"https:\/\/ajeandalucia.org\/cadiz\/#\/schema\/person\/dce63ebda5f85792a4f3061905a9f15a\"},\"headline\":\"AJE C\u00e1diz se re\u00fane con la Autoridad Portuaria de la Bah\u00eda de C\u00e1diz\",\"datePublished\":\"2021-01-21T13:02:07+00:00\",\"mainEntityOfPage\":{\"@id\":\"https:\/\/ajeandalucia.org\/cadiz\/2021\/01\/21\/aje-cadiz-se-reune-con-la-autoridad-portuaria-de-la-bahia-de-cadiz\/\"},\"wordCount\":434,\"commentCount\":0,\"publisher\":{\"@id\":\"https:\/\/ajeandalucia.org\/cadiz\/#organization\"},\"image\":{\"@id\":\"https:\/\/ajeandalucia.org\/cadiz\/2021\/01\/21\/aje-cadiz-se-reune-con-la-autoridad-portuaria-de-la-bahia-de-cadiz\/#primaryimage\"},\"thumbnailUrl\":\"https:\/\/ajeandalucia.org\/cadiz\/wp-content\/uploads\/sites\/5\/2021\/01\/WhatsApp-Image-2021-01-19-at-13.54.28.jpeg\",\"articleSection\":[\"Noticias\"],\"inLanguage\":\"es\",\"potentialAction\":[{\"@type\":\"CommentAction\",\"name\":\"Comment\",\"target\":[\"https:\/\/ajeandalucia.org\/cadiz\/2021\/01\/21\/aje-cadiz-se-reune-con-la-autoridad-portuaria-de-la-bahia-de-cadiz\/#respond\"]}]},{\"@type\":\"WebPage\",\"@id\":\"https:\/\/ajeandalucia.org\/cadiz\/2021\/01\/21\/aje-cadiz-se-reune-con-la-autoridad-portuaria-de-la-bahia-de-cadiz\/\",\"url\":\"https:\/\/ajeandalucia.org\/cadiz\/2021\/01\/21\/aje-cadiz-se-reune-con-la-autoridad-portuaria-de-la-bahia-de-cadiz\/\",\"name\":\"AJE C\u00e1diz se re\u00fane con la Autoridad Portuaria de la Bah\u00eda de C\u00e1diz - AJE C\u00e1diz\",\"isPartOf\":{\"@id\":\"https:\/\/ajeandalucia.org\/cadiz\/#website\"},\"primaryImageOfPage\":{\"@id\":\"https:\/\/ajeandalucia.org\/cadiz\/2021\/01\/21\/aje-cadiz-se-reune-con-la-autoridad-portuaria-de-la-bahia-de-cadiz\/#primaryimage\"},\"image\":{\"@id\":\"https:\/\/ajeandalucia.org\/cadiz\/2021\/01\/21\/aje-cadiz-se-reune-con-la-autoridad-portuaria-de-la-bahia-de-cadiz\/#primaryimage\"},\"thumbnailUrl\":\"https:\/\/ajeandalucia.org\/cadiz\/wp-content\/uploads\/sites\/5\/2021\/01\/WhatsApp-Image-2021-01-19-at-13.54.28.jpeg\",\"datePublished\":\"2021-01-21T13:02:07+00:00\",\"breadcrumb\":{\"@id\":\"https:\/\/ajeandalucia.org\/cadiz\/2021\/01\/21\/aje-cadiz-se-reune-con-la-autoridad-portuaria-de-la-bahia-de-cadiz\/#breadcrumb\"},\"inLanguage\":\"es\",\"potentialAction\":[{\"@type\":\"ReadAction\",\"target\":[\"https:\/\/ajeandalucia.org\/cadiz\/2021\/01\/21\/aje-cadiz-se-reune-con-la-autoridad-portuaria-de-la-bahia-de-cadiz\/\"]}]},{\"@type\":\"ImageObject\",\"inLanguage\":\"es\",\"@id\":\"https:\/\/ajeandalucia.org\/cadiz\/2021\/01\/21\/aje-cadiz-se-reune-con-la-autoridad-portuaria-de-la-bahia-de-cadiz\/#primaryimage\",\"url\":\"https:\/\/ajeandalucia.org\/cadiz\/wp-content\/uploads\/sites\/5\/2021\/01\/WhatsApp-Image-2021-01-19-at-13.54.28.jpeg\",\"contentUrl\":\"https:\/\/ajeandalucia.org\/cadiz\/wp-content\/uploads\/sites\/5\/2021\/01\/WhatsApp-Image-2021-01-19-at-13.54.28.jpeg\",\"width\":2048,\"height\":1536},{\"@type\":\"BreadcrumbList\",\"@id\":\"https:\/\/ajeandalucia.org\/cadiz\/2021\/01\/21\/aje-cadiz-se-reune-con-la-autoridad-portuaria-de-la-bahia-de-cadiz\/#breadcrumb\",\"itemListElement\":[{\"@type\":\"ListItem\",\"position\":1,\"name\":\"Portada\",\"item\":\"https:\/\/ajeandalucia.org\/cadiz\/\"},{\"@type\":\"ListItem\",\"position\":2,\"name\":\"AJE C\u00e1diz se re\u00fane con la Autoridad Portuaria de la Bah\u00eda de C\u00e1diz\"}]},{\"@type\":\"WebSite\",\"@id\":\"https:\/\/ajeandalucia.org\/cadiz\/#website\",\"url\":\"https:\/\/ajeandalucia.org\/cadiz\/\",\"name\":\"AJE C\u00e1diz\",\"description\":\"Otro sitio m\u00e1s de AJE Andaluc\u00eda\",\"publisher\":{\"@id\":\"https:\/\/ajeandalucia.org\/cadiz\/#organization\"},\"potentialAction\":[{\"@type\":\"SearchAction\",\"target\":{\"@type\":\"EntryPoint\",\"urlTemplate\":\"https:\/\/ajeandalucia.org\/cadiz\/?s={search_term_string}\"},\"query-input\":{\"@type\":\"PropertyValueSpecification\",\"valueRequired\":true,\"valueName\":\"search_term_string\"}}],\"inLanguage\":\"es\"},{\"@type\":\"Organization\",\"@id\":\"https:\/\/ajeandalucia.org\/cadiz\/#organization\",\"name\":\"AJE C\u00e1diz\",\"url\":\"https:\/\/ajeandalucia.org\/cadiz\/\",\"logo\":{\"@type\":\"ImageObject\",\"inLanguage\":\"es\",\"@id\":\"https:\/\/ajeandalucia.org\/cadiz\/#\/schema\/logo\/image\/\",\"url\":\"https:\/\/ajeandalucia.org\/cadiz\/wp-content\/uploads\/sites\/5\/2025\/01\/AJE-CADIZ-horizontal.png\",\"contentUrl\":\"https:\/\/ajeandalucia.org\/cadiz\/wp-content\/uploads\/sites\/5\/2025\/01\/AJE-CADIZ-horizontal.png\",\"width\":605,\"height\":200,\"caption\":\"AJE C\u00e1diz\"},\"image\":{\"@id\":\"https:\/\/ajeandalucia.org\/cadiz\/#\/schema\/logo\/image\/\"}},{\"@type\":\"Person\",\"@id\":\"https:\/\/ajeandalucia.org\/cadiz\/#\/schema\/person\/dce63ebda5f85792a4f3061905a9f15a\",\"name\":\"cadiz\",\"image\":{\"@type\":\"ImageObject\",\"inLanguage\":\"es\",\"@id\":\"https:\/\/ajeandalucia.org\/cadiz\/#\/schema\/person\/image\/\",\"url\":\"https:\/\/secure.gravatar.com\/avatar\/e60287d271698686eba86c2f7f8485140fdb3db29714804eebe944be2ec6f47b?s=96&d=mm&r=g\",\"contentUrl\":\"https:\/\/secure.gravatar.com\/avatar\/e60287d271698686eba86c2f7f8485140fdb3db29714804eebe944be2ec6f47b?s=96&d=mm&r=g\",\"caption\":\"cadiz\"},\"url\":\"https:\/\/ajeandalucia.org\/cadiz\/author\/cadiz\/\"}]}<\/script>\n<!-- \/ Yoast SEO plugin. -->","yoast_head_json":{"title":"AJE C\u00e1diz se re\u00fane con la Autoridad Portuaria de la Bah\u00eda de C\u00e1diz - AJE C\u00e1diz","robots":{"index":"index","follow":"follow","max-snippet":"max-snippet:-1","max-image-preview":"max-image-preview:large","max-video-preview":"max-video-preview:-1"},"canonical":"https:\/\/ajeandalucia.org\/cadiz\/2021\/01\/21\/aje-cadiz-se-reune-con-la-autoridad-portuaria-de-la-bahia-de-cadiz\/","og_locale":"es_ES","og_type":"article","og_title":"AJE C\u00e1diz se re\u00fane con la Autoridad Portuaria de la Bah\u00eda de C\u00e1diz - AJE C\u00e1diz","og_description":"El nuevo equipo director a cuyo frente est\u00e1 Juan Antonio Parra apuesta por incrementar la colaboraci\u00f3n entre los J\u00f3venes Empresarios [&hellip;]","og_url":"https:\/\/ajeandalucia.org\/cadiz\/2021\/01\/21\/aje-cadiz-se-reune-con-la-autoridad-portuaria-de-la-bahia-de-cadiz\/","og_site_name":"AJE C\u00e1diz","article_published_time":"2021-01-21T13:02:07+00:00","og_image":[{"width":2048,"height":1536,"url":"https:\/\/ajeandalucia.org\/cadiz\/wp-content\/uploads\/sites\/5\/2021\/01\/WhatsApp-Image-2021-01-19-at-13.54.28.jpeg","type":"image\/jpeg"}],"author":"cadiz","twitter_card":"summary_large_image","twitter_misc":{"Escrito por":"cadiz","Tiempo de lectura":"2 minutos"},"schema":{"@context":"https:\/\/schema.org","@graph":[{"@type":"Article","@id":"https:\/\/ajeandalucia.org\/cadiz\/2021\/01\/21\/aje-cadiz-se-reune-con-la-autoridad-portuaria-de-la-bahia-de-cadiz\/#article","isPartOf":{"@id":"https:\/\/ajeandalucia.org\/cadiz\/2021\/01\/21\/aje-cadiz-se-reune-con-la-autoridad-portuaria-de-la-bahia-de-cadiz\/"},"author":{"name":"cadiz","@id":"https:\/\/ajeandalucia.org\/cadiz\/#\/schema\/person\/dce63ebda5f85792a4f3061905a9f15a"},"headline":"AJE C\u00e1diz se re\u00fane con la Autoridad Portuaria de la Bah\u00eda de C\u00e1diz","datePublished":"2021-01-21T13:02:07+00:00","mainEntityOfPage":{"@id":"https:\/\/ajeandalucia.org\/cadiz\/2021\/01\/21\/aje-cadiz-se-reune-con-la-autoridad-portuaria-de-la-bahia-de-cadiz\/"},"wordCount":434,"commentCount":0,"publisher":{"@id":"https:\/\/ajeandalucia.org\/cadiz\/#organization"},"image":{"@id":"https:\/\/ajeandalucia.org\/cadiz\/2021\/01\/21\/aje-cadiz-se-reune-con-la-autoridad-portuaria-de-la-bahia-de-cadiz\/#primaryimage"},"thumbnailUrl":"https:\/\/ajeandalucia.org\/cadiz\/wp-content\/uploads\/sites\/5\/2021\/01\/WhatsApp-Image-2021-01-19-at-13.54.28.jpeg","articleSection":["Noticias"],"inLanguage":"es","potentialAction":[{"@type":"CommentAction","name":"Comment","target":["https:\/\/ajeandalucia.org\/cadiz\/2021\/01\/21\/aje-cadiz-se-reune-con-la-autoridad-portuaria-de-la-bahia-de-cadiz\/#respond"]}]},{"@type":"WebPage","@id":"https:\/\/ajeandalucia.org\/cadiz\/2021\/01\/21\/aje-cadiz-se-reune-con-la-autoridad-portuaria-de-la-bahia-de-cadiz\/","url":"https:\/\/ajeandalucia.org\/cadiz\/2021\/01\/21\/aje-cadiz-se-reune-con-la-autoridad-portuaria-de-la-bahia-de-cadiz\/","name":"AJE C\u00e1diz se re\u00fane con la Autoridad Portuaria de la Bah\u00eda de C\u00e1diz - AJE C\u00e1diz","isPartOf":{"@id":"https:\/\/ajeandalucia.org\/cadiz\/#website"},"primaryImageOfPage":{"@id":"https:\/\/ajeandalucia.org\/cadiz\/2021\/01\/21\/aje-cadiz-se-reune-con-la-autoridad-portuaria-de-la-bahia-de-cadiz\/#primaryimage"},"image":{"@id":"https:\/\/ajeandalucia.org\/cadiz\/2021\/01\/21\/aje-cadiz-se-reune-con-la-autoridad-portuaria-de-la-bahia-de-cadiz\/#primaryimage"},"thumbnailUrl":"https:\/\/ajeandalucia.org\/cadiz\/wp-content\/uploads\/sites\/5\/2021\/01\/WhatsApp-Image-2021-01-19-at-13.54.28.jpeg","datePublished":"2021-01-21T13:02:07+00:00","breadcrumb":{"@id":"https:\/\/ajeandalucia.org\/cadiz\/2021\/01\/21\/aje-cadiz-se-reune-con-la-autoridad-portuaria-de-la-bahia-de-cadiz\/#breadcrumb"},"inLanguage":"es","potentialAction":[{"@type":"ReadAction","target":["https:\/\/ajeandalucia.org\/cadiz\/2021\/01\/21\/aje-cadiz-se-reune-con-la-autoridad-portuaria-de-la-bahia-de-cadiz\/"]}]},{"@type":"ImageObject","inLanguage":"es","@id":"https:\/\/ajeandalucia.org\/cadiz\/2021\/01\/21\/aje-cadiz-se-reune-con-la-autoridad-portuaria-de-la-bahia-de-cadiz\/#primaryimage","url":"https:\/\/ajeandalucia.org\/cadiz\/wp-content\/uploads\/sites\/5\/2021\/01\/WhatsApp-Image-2021-01-19-at-13.54.28.jpeg","contentUrl":"https:\/\/ajeandalucia.org\/cadiz\/wp-content\/uploads\/sites\/5\/2021\/01\/WhatsApp-Image-2021-01-19-at-13.54.28.jpeg","width":2048,"height":1536},{"@type":"BreadcrumbList","@id":"https:\/\/ajeandalucia.org\/cadiz\/2021\/01\/21\/aje-cadiz-se-reune-con-la-autoridad-portuaria-de-la-bahia-de-cadiz\/#breadcrumb","itemListElement":[{"@type":"ListItem","position":1,"name":"Portada","item":"https:\/\/ajeandalucia.org\/cadiz\/"},{"@type":"ListItem","position":2,"name":"AJE C\u00e1diz se re\u00fane con la Autoridad Portuaria de la Bah\u00eda de C\u00e1diz"}]},{"@type":"WebSite","@id":"https:\/\/ajeandalucia.org\/cadiz\/#website","url":"https:\/\/ajeandalucia.org\/cadiz\/","name":"AJE C\u00e1diz","description":"Otro sitio m\u00e1s de AJE Andaluc\u00eda","publisher":{"@id":"https:\/\/ajeandalucia.org\/cadiz\/#organization"},"potentialAction":[{"@type":"SearchAction","target":{"@type":"EntryPoint","urlTemplate":"https:\/\/ajeandalucia.org\/cadiz\/?s={search_term_string}"},"query-input":{"@type":"PropertyValueSpecification","valueRequired":true,"valueName":"search_term_string"}}],"inLanguage":"es"},{"@type":"Organization","@id":"https:\/\/ajeandalucia.org\/cadiz\/#organization","name":"AJE C\u00e1diz","url":"https:\/\/ajeandalucia.org\/cadiz\/","logo":{"@type":"ImageObject","inLanguage":"es","@id":"https:\/\/ajeandalucia.org\/cadiz\/#\/schema\/logo\/image\/","url":"https:\/\/ajeandalucia.org\/cadiz\/wp-content\/uploads\/sites\/5\/2025\/01\/AJE-CADIZ-horizontal.png","contentUrl":"https:\/\/ajeandalucia.org\/cadiz\/wp-content\/uploads\/sites\/5\/2025\/01\/AJE-CADIZ-horizontal.png","width":605,"height":200,"caption":"AJE C\u00e1diz"},"image":{"@id":"https:\/\/ajeandalucia.org\/cadiz\/#\/schema\/logo\/image\/"}},{"@type":"Person","@id":"https:\/\/ajeandalucia.org\/cadiz\/#\/schema\/person\/dce63ebda5f85792a4f3061905a9f15a","name":"cadiz","image":{"@type":"ImageObject","inLanguage":"es","@id":"https:\/\/ajeandalucia.org\/cadiz\/#\/schema\/person\/image\/","url":"https:\/\/secure.gravatar.com\/avatar\/e60287d271698686eba86c2f7f8485140fdb3db29714804eebe944be2ec6f47b?s=96&d=mm&r=g","contentUrl":"https:\/\/secure.gravatar.com\/avatar\/e60287d271698686eba86c2f7f8485140fdb3db29714804eebe944be2ec6f47b?s=96&d=mm&r=g","caption":"cadiz"},"url":"https:\/\/ajeandalucia.org\/cadiz\/author\/cadiz\/"}]}},"_links":{"self":[{"href":"https:\/\/ajeandalucia.org\/cadiz\/wp-json\/wp\/v2\/posts\/1649","targetHints":{"allow":["GET"]}}],"collection":[{"href":"https:\/\/ajeandalucia.org\/cadiz\/wp-json\/wp\/v2\/posts"}],"about":[{"href":"https:\/\/ajeandalucia.org\/cadiz\/wp-json\/wp\/v2\/types\/post"}],"author":[{"embeddable":true,"href":"https:\/\/ajeandalucia.org\/cadiz\/wp-json\/wp\/v2\/users\/4"}],"replies":[{"embeddable":true,"href":"https:\/\/ajeandalucia.org\/cadiz\/wp-json\/wp\/v2\/comments?post=1649"}],"version-history":[{"count":1,"href":"https:\/\/ajeandalucia.org\/cadiz\/wp-json\/wp\/v2\/posts\/1649\/revisions"}],"predecessor-version":[{"id":1651,"href":"https:\/\/ajeandalucia.org\/cadiz\/wp-json\/wp\/v2\/posts\/1649\/revisions\/1651"}],"wp:featuredmedia":[{"embeddable":true,"href":"https:\/\/ajeandalucia.org\/cadiz\/wp-json\/wp\/v2\/media\/1650"}],"wp:attachment":[{"href":"https:\/\/ajeandalucia.org\/cadiz\/wp-json\/wp\/v2\/media?parent=1649"}],"wp:term":[{"taxonomy":"category","embeddable":true,"href":"https:\/\/ajeandalucia.org\/cadiz\/wp-json\/wp\/v2\/categories?post=1649"},{"taxonomy":"post_tag","embeddable":true,"href":"https:\/\/ajeandalucia.org\/cadiz\/wp-json\/wp\/v2\/tags?post=1649"}],"curies":[{"name":"wp","href":"https:\/\/api.w.org\/{rel}","templated":true}]}}