{"id":1677,"date":"2021-02-01T19:03:49","date_gmt":"2021-02-01T19:03:49","guid":{"rendered":"https:\/\/www.ajeandalucia.org\/cadiz\/?p=1677"},"modified":"2021-02-01T19:03:49","modified_gmt":"2021-02-01T19:03:49","slug":"el-alcalde-de-cadiz-aborda-con-la-nueva-directiva-de-aje-nuevas-vias-de-colaboracion-y-apoyo-al-emprendimiento","status":"publish","type":"post","link":"https:\/\/ajeandalucia.org\/cadiz\/2021\/02\/01\/el-alcalde-de-cadiz-aborda-con-la-nueva-directiva-de-aje-nuevas-vias-de-colaboracion-y-apoyo-al-emprendimiento\/","title":{"rendered":"El alcalde de C\u00e1diz aborda con la nueva directiva de AJE nuevas v\u00edas de colaboraci\u00f3n y apoyo al emprendimiento"},"content":{"rendered":"<p><strong>C\u00e1diz, 1 de febrero 2021.\u00a0<\/strong>El alcalde de C\u00e1diz, Jos\u00e9 Mar\u00eda Gonz\u00e1lez, junto a los concejales de Fomento y Empleo, Carlos Paradas, la concejala de Turismo y Comercio, Montemayor Mures y el concejal de Urbanismo y Movilidad, Mart\u00edn Vila, ha mantenido una reuni\u00f3n de trabajo con el nuevo presidente de la Asociaci\u00f3n de J\u00f3venes Empresarios (AJE), Juan Antonio Parra y la vicepresidenta Marta Silva para estudiar nuevas v\u00edas de colaboraci\u00f3n y apoyo al emprendimiento en la ciudad.<\/p>\n<p>Jos\u00e9 Mar\u00eda Gonz\u00e1lez ha se\u00f1alado que \u201cla nueva junta directiva ha acudido con muchas granas de establecer canales de comunicaci\u00f3n y poner en com\u00fan recursos mutuos a fin de crear sinergias que se traduzcan en empleo para la ciudad\u201d.<\/p>\n<p>Tanto el alcalde como el presidente de AJE han expuesto la necesidad de optimizar los recursos existentes y de compatibilizarlos para que lleguen a aquellas personas que est\u00e9n interesadas en emprender en la ciudad. As\u00ed, han subrayado que uno de los grandes retos es la digitalizaci\u00f3n tanto de los negocios tradiciones \u201csobre todo, en el contexto actual de pandemia que nos est\u00e1 obligando a replantear las actuales f\u00f3rmulas\u201d como de las nuevas l\u00edneas.<\/p>\n<p>Entre las l\u00edneas de trabajo planteadas, se ha establecido la gesti\u00f3n de recursos comunes o la incorporaci\u00f3n de la AJE a los diferentes grupos y mesas de trabajo municipales como pueden ser la Mesa del Turismo y Comercio o los grupos de trabajo de econom\u00eda local y de econom\u00eda social y solidaria que se promueven desde el IFEF. \u201cEspacios que hasta ahora por decisi\u00f3n de la asociaci\u00f3n no ocupaban y que la nueva junta directiva ha acertado al incorporarse porque tienen mucho que aportar\u201d, ha explicado Jos\u00e9 Mar\u00eda Gonz\u00e1lez.<\/p>\n","protected":false},"excerpt":{"rendered":"<p>C\u00e1diz, 1 de febrero 2021.\u00a0El alcalde de C\u00e1diz, Jos\u00e9 Mar\u00eda Gonz\u00e1lez, junto a los concejales de Fomento y Empleo, Carlos [&hellip;]<\/p>\n","protected":false},"author":4,"featured_media":1678,"comment_status":"open","ping_status":"open","sticky":false,"template":"","format":"standard","meta":{"_acf_changed":false,"site-sidebar-layout":"default","site-content-layout":"","ast-site-content-layout":"default","site-content-style":"default","site-sidebar-style":"default","ast-global-header-display":"","ast-banner-title-visibility":"","ast-main-header-display":"","ast-hfb-above-header-display":"","ast-hfb-below-header-display":"","ast-hfb-mobile-header-display":"","site-post-title":"","ast-breadcrumbs-content":"","ast-featured-img":"","footer-sml-layout":"","ast-disable-related-posts":"","theme-transparent-header-meta":"","adv-header-id-meta":"","stick-header-meta":"","header-above-stick-meta":"","header-main-stick-meta":"","header-below-stick-meta":"","astra-migrate-meta-layouts":"default","ast-page-background-enabled":"default","ast-page-background-meta":{"desktop":{"background-color":"var(--ast-global-color-5)","background-image":"","background-repeat":"repeat","background-position":"center center","background-size":"auto","background-attachment":"scroll","background-type":"","background-media":"","overlay-type":"","overlay-color":"","overlay-opacity":"","overlay-gradient":""},"tablet":{"background-color":"","background-image":"","background-repeat":"repeat","background-position":"center center","background-size":"auto","background-attachment":"scroll","background-type":"","background-media":"","overlay-type":"","overlay-color":"","overlay-opacity":"","overlay-gradient":""},"mobile":{"background-color":"","background-image":"","background-repeat":"repeat","background-position":"center center","background-size":"auto","background-attachment":"scroll","background-type":"","background-media":"","overlay-type":"","overlay-color":"","overlay-opacity":"","overlay-gradient":""}},"ast-content-background-meta":{"desktop":{"background-color":"var(--ast-global-color-4)","background-image":"","background-repeat":"repeat","background-position":"center center","background-size":"auto","background-attachment":"scroll","background-type":"","background-media":"","overlay-type":"","overlay-color":"","overlay-opacity":"","overlay-gradient":""},"tablet":{"background-color":"var(--ast-global-color-4)","background-image":"","background-repeat":"repeat","background-position":"center center","background-size":"auto","background-attachment":"scroll","background-type":"","background-media":"","overlay-type":"","overlay-color":"","overlay-opacity":"","overlay-gradient":""},"mobile":{"background-color":"var(--ast-global-color-4)","background-image":"","background-repeat":"repeat","background-position":"center center","background-size":"auto","background-attachment":"scroll","background-type":"","background-media":"","overlay-type":"","overlay-color":"","overlay-opacity":"","overlay-gradient":""}},"footnotes":""},"categories":[8],"tags":[],"class_list":["post-1677","post","type-post","status-publish","format-standard","has-post-thumbnail","hentry","category-noticias"],"acf":[],"yoast_head":"<!-- This site is optimized with the Yoast SEO plugin v26.9 - https:\/\/yoast.com\/product\/yoast-seo-wordpress\/ -->\n<title>El alcalde de C\u00e1diz aborda con la nueva directiva de AJE nuevas v\u00edas de colaboraci\u00f3n y apoyo al emprendimiento - AJE C\u00e1diz<\/title>\n<meta name=\"robots\" content=\"index, follow, max-snippet:-1, max-image-preview:large, max-video-preview:-1\" \/>\n<link rel=\"canonical\" href=\"https:\/\/ajeandalucia.org\/cadiz\/2021\/02\/01\/el-alcalde-de-cadiz-aborda-con-la-nueva-directiva-de-aje-nuevas-vias-de-colaboracion-y-apoyo-al-emprendimiento\/\" \/>\n<meta property=\"og:locale\" content=\"es_ES\" \/>\n<meta property=\"og:type\" content=\"article\" \/>\n<meta property=\"og:title\" content=\"El alcalde de C\u00e1diz aborda con la nueva directiva de AJE nuevas v\u00edas de colaboraci\u00f3n y apoyo al emprendimiento - AJE C\u00e1diz\" \/>\n<meta property=\"og:description\" content=\"C\u00e1diz, 1 de febrero 2021.\u00a0El alcalde de C\u00e1diz, Jos\u00e9 Mar\u00eda Gonz\u00e1lez, junto a los concejales de Fomento y Empleo, Carlos [&hellip;]\" \/>\n<meta property=\"og:url\" content=\"https:\/\/ajeandalucia.org\/cadiz\/2021\/02\/01\/el-alcalde-de-cadiz-aborda-con-la-nueva-directiva-de-aje-nuevas-vias-de-colaboracion-y-apoyo-al-emprendimiento\/\" \/>\n<meta property=\"og:site_name\" content=\"AJE C\u00e1diz\" \/>\n<meta property=\"article:published_time\" content=\"2021-02-01T19:03:49+00:00\" \/>\n<meta property=\"og:image\" content=\"https:\/\/ajeandalucia.org\/cadiz\/wp-content\/uploads\/sites\/5\/2021\/02\/01022021-reunion-AJE-ayto-cadiz.jpg\" \/>\n\t<meta property=\"og:image:width\" content=\"2560\" \/>\n\t<meta property=\"og:image:height\" content=\"1707\" \/>\n\t<meta property=\"og:image:type\" content=\"image\/jpeg\" \/>\n<meta name=\"author\" content=\"cadiz\" \/>\n<meta name=\"twitter:card\" content=\"summary_large_image\" \/>\n<meta name=\"twitter:label1\" content=\"Escrito por\" \/>\n\t<meta name=\"twitter:data1\" content=\"cadiz\" \/>\n\t<meta name=\"twitter:label2\" content=\"Tiempo de lectura\" \/>\n\t<meta name=\"twitter:data2\" content=\"2 minutos\" \/>\n<script type=\"application\/ld+json\" class=\"yoast-schema-graph\">{\"@context\":\"https:\/\/schema.org\",\"@graph\":[{\"@type\":\"Article\",\"@id\":\"https:\/\/ajeandalucia.org\/cadiz\/2021\/02\/01\/el-alcalde-de-cadiz-aborda-con-la-nueva-directiva-de-aje-nuevas-vias-de-colaboracion-y-apoyo-al-emprendimiento\/#article\",\"isPartOf\":{\"@id\":\"https:\/\/ajeandalucia.org\/cadiz\/2021\/02\/01\/el-alcalde-de-cadiz-aborda-con-la-nueva-directiva-de-aje-nuevas-vias-de-colaboracion-y-apoyo-al-emprendimiento\/\"},\"author\":{\"name\":\"cadiz\",\"@id\":\"https:\/\/ajeandalucia.org\/cadiz\/#\/schema\/person\/dce63ebda5f85792a4f3061905a9f15a\"},\"headline\":\"El alcalde de C\u00e1diz aborda con la nueva directiva de AJE nuevas v\u00edas de colaboraci\u00f3n y apoyo al emprendimiento\",\"datePublished\":\"2021-02-01T19:03:49+00:00\",\"mainEntityOfPage\":{\"@id\":\"https:\/\/ajeandalucia.org\/cadiz\/2021\/02\/01\/el-alcalde-de-cadiz-aborda-con-la-nueva-directiva-de-aje-nuevas-vias-de-colaboracion-y-apoyo-al-emprendimiento\/\"},\"wordCount\":326,\"commentCount\":0,\"publisher\":{\"@id\":\"https:\/\/ajeandalucia.org\/cadiz\/#organization\"},\"image\":{\"@id\":\"https:\/\/ajeandalucia.org\/cadiz\/2021\/02\/01\/el-alcalde-de-cadiz-aborda-con-la-nueva-directiva-de-aje-nuevas-vias-de-colaboracion-y-apoyo-al-emprendimiento\/#primaryimage\"},\"thumbnailUrl\":\"https:\/\/ajeandalucia.org\/cadiz\/wp-content\/uploads\/sites\/5\/2021\/02\/01022021-reunion-AJE-ayto-cadiz.jpg\",\"articleSection\":[\"Noticias\"],\"inLanguage\":\"es\",\"potentialAction\":[{\"@type\":\"CommentAction\",\"name\":\"Comment\",\"target\":[\"https:\/\/ajeandalucia.org\/cadiz\/2021\/02\/01\/el-alcalde-de-cadiz-aborda-con-la-nueva-directiva-de-aje-nuevas-vias-de-colaboracion-y-apoyo-al-emprendimiento\/#respond\"]}]},{\"@type\":\"WebPage\",\"@id\":\"https:\/\/ajeandalucia.org\/cadiz\/2021\/02\/01\/el-alcalde-de-cadiz-aborda-con-la-nueva-directiva-de-aje-nuevas-vias-de-colaboracion-y-apoyo-al-emprendimiento\/\",\"url\":\"https:\/\/ajeandalucia.org\/cadiz\/2021\/02\/01\/el-alcalde-de-cadiz-aborda-con-la-nueva-directiva-de-aje-nuevas-vias-de-colaboracion-y-apoyo-al-emprendimiento\/\",\"name\":\"El alcalde de C\u00e1diz aborda con la nueva directiva de AJE nuevas v\u00edas de colaboraci\u00f3n y apoyo al emprendimiento - AJE C\u00e1diz\",\"isPartOf\":{\"@id\":\"https:\/\/ajeandalucia.org\/cadiz\/#website\"},\"primaryImageOfPage\":{\"@id\":\"https:\/\/ajeandalucia.org\/cadiz\/2021\/02\/01\/el-alcalde-de-cadiz-aborda-con-la-nueva-directiva-de-aje-nuevas-vias-de-colaboracion-y-apoyo-al-emprendimiento\/#primaryimage\"},\"image\":{\"@id\":\"https:\/\/ajeandalucia.org\/cadiz\/2021\/02\/01\/el-alcalde-de-cadiz-aborda-con-la-nueva-directiva-de-aje-nuevas-vias-de-colaboracion-y-apoyo-al-emprendimiento\/#primaryimage\"},\"thumbnailUrl\":\"https:\/\/ajeandalucia.org\/cadiz\/wp-content\/uploads\/sites\/5\/2021\/02\/01022021-reunion-AJE-ayto-cadiz.jpg\",\"datePublished\":\"2021-02-01T19:03:49+00:00\",\"breadcrumb\":{\"@id\":\"https:\/\/ajeandalucia.org\/cadiz\/2021\/02\/01\/el-alcalde-de-cadiz-aborda-con-la-nueva-directiva-de-aje-nuevas-vias-de-colaboracion-y-apoyo-al-emprendimiento\/#breadcrumb\"},\"inLanguage\":\"es\",\"potentialAction\":[{\"@type\":\"ReadAction\",\"target\":[\"https:\/\/ajeandalucia.org\/cadiz\/2021\/02\/01\/el-alcalde-de-cadiz-aborda-con-la-nueva-directiva-de-aje-nuevas-vias-de-colaboracion-y-apoyo-al-emprendimiento\/\"]}]},{\"@type\":\"ImageObject\",\"inLanguage\":\"es\",\"@id\":\"https:\/\/ajeandalucia.org\/cadiz\/2021\/02\/01\/el-alcalde-de-cadiz-aborda-con-la-nueva-directiva-de-aje-nuevas-vias-de-colaboracion-y-apoyo-al-emprendimiento\/#primaryimage\",\"url\":\"https:\/\/ajeandalucia.org\/cadiz\/wp-content\/uploads\/sites\/5\/2021\/02\/01022021-reunion-AJE-ayto-cadiz.jpg\",\"contentUrl\":\"https:\/\/ajeandalucia.org\/cadiz\/wp-content\/uploads\/sites\/5\/2021\/02\/01022021-reunion-AJE-ayto-cadiz.jpg\",\"width\":2560,\"height\":1707},{\"@type\":\"BreadcrumbList\",\"@id\":\"https:\/\/ajeandalucia.org\/cadiz\/2021\/02\/01\/el-alcalde-de-cadiz-aborda-con-la-nueva-directiva-de-aje-nuevas-vias-de-colaboracion-y-apoyo-al-emprendimiento\/#breadcrumb\",\"itemListElement\":[{\"@type\":\"ListItem\",\"position\":1,\"name\":\"Portada\",\"item\":\"https:\/\/ajeandalucia.org\/cadiz\/\"},{\"@type\":\"ListItem\",\"position\":2,\"name\":\"El alcalde de C\u00e1diz aborda con la nueva directiva de AJE nuevas v\u00edas de colaboraci\u00f3n y apoyo al emprendimiento\"}]},{\"@type\":\"WebSite\",\"@id\":\"https:\/\/ajeandalucia.org\/cadiz\/#website\",\"url\":\"https:\/\/ajeandalucia.org\/cadiz\/\",\"name\":\"AJE C\u00e1diz\",\"description\":\"Otro sitio m\u00e1s de AJE Andaluc\u00eda\",\"publisher\":{\"@id\":\"https:\/\/ajeandalucia.org\/cadiz\/#organization\"},\"potentialAction\":[{\"@type\":\"SearchAction\",\"target\":{\"@type\":\"EntryPoint\",\"urlTemplate\":\"https:\/\/ajeandalucia.org\/cadiz\/?s={search_term_string}\"},\"query-input\":{\"@type\":\"PropertyValueSpecification\",\"valueRequired\":true,\"valueName\":\"search_term_string\"}}],\"inLanguage\":\"es\"},{\"@type\":\"Organization\",\"@id\":\"https:\/\/ajeandalucia.org\/cadiz\/#organization\",\"name\":\"AJE C\u00e1diz\",\"url\":\"https:\/\/ajeandalucia.org\/cadiz\/\",\"logo\":{\"@type\":\"ImageObject\",\"inLanguage\":\"es\",\"@id\":\"https:\/\/ajeandalucia.org\/cadiz\/#\/schema\/logo\/image\/\",\"url\":\"https:\/\/ajeandalucia.org\/cadiz\/wp-content\/uploads\/sites\/5\/2025\/01\/AJE-CADIZ-horizontal.png\",\"contentUrl\":\"https:\/\/ajeandalucia.org\/cadiz\/wp-content\/uploads\/sites\/5\/2025\/01\/AJE-CADIZ-horizontal.png\",\"width\":605,\"height\":200,\"caption\":\"AJE C\u00e1diz\"},\"image\":{\"@id\":\"https:\/\/ajeandalucia.org\/cadiz\/#\/schema\/logo\/image\/\"}},{\"@type\":\"Person\",\"@id\":\"https:\/\/ajeandalucia.org\/cadiz\/#\/schema\/person\/dce63ebda5f85792a4f3061905a9f15a\",\"name\":\"cadiz\",\"image\":{\"@type\":\"ImageObject\",\"inLanguage\":\"es\",\"@id\":\"https:\/\/ajeandalucia.org\/cadiz\/#\/schema\/person\/image\/\",\"url\":\"https:\/\/secure.gravatar.com\/avatar\/e60287d271698686eba86c2f7f8485140fdb3db29714804eebe944be2ec6f47b?s=96&d=mm&r=g\",\"contentUrl\":\"https:\/\/secure.gravatar.com\/avatar\/e60287d271698686eba86c2f7f8485140fdb3db29714804eebe944be2ec6f47b?s=96&d=mm&r=g\",\"caption\":\"cadiz\"},\"url\":\"https:\/\/ajeandalucia.org\/cadiz\/author\/cadiz\/\"}]}<\/script>\n<!-- \/ Yoast SEO plugin. -->","yoast_head_json":{"title":"El alcalde de C\u00e1diz aborda con la nueva directiva de AJE nuevas v\u00edas de colaboraci\u00f3n y apoyo al emprendimiento - AJE C\u00e1diz","robots":{"index":"index","follow":"follow","max-snippet":"max-snippet:-1","max-image-preview":"max-image-preview:large","max-video-preview":"max-video-preview:-1"},"canonical":"https:\/\/ajeandalucia.org\/cadiz\/2021\/02\/01\/el-alcalde-de-cadiz-aborda-con-la-nueva-directiva-de-aje-nuevas-vias-de-colaboracion-y-apoyo-al-emprendimiento\/","og_locale":"es_ES","og_type":"article","og_title":"El alcalde de C\u00e1diz aborda con la nueva directiva de AJE nuevas v\u00edas de colaboraci\u00f3n y apoyo al emprendimiento - AJE C\u00e1diz","og_description":"C\u00e1diz, 1 de febrero 2021.\u00a0El alcalde de C\u00e1diz, Jos\u00e9 Mar\u00eda Gonz\u00e1lez, junto a los concejales de Fomento y Empleo, Carlos [&hellip;]","og_url":"https:\/\/ajeandalucia.org\/cadiz\/2021\/02\/01\/el-alcalde-de-cadiz-aborda-con-la-nueva-directiva-de-aje-nuevas-vias-de-colaboracion-y-apoyo-al-emprendimiento\/","og_site_name":"AJE C\u00e1diz","article_published_time":"2021-02-01T19:03:49+00:00","og_image":[{"width":2560,"height":1707,"url":"https:\/\/ajeandalucia.org\/cadiz\/wp-content\/uploads\/sites\/5\/2021\/02\/01022021-reunion-AJE-ayto-cadiz.jpg","type":"image\/jpeg"}],"author":"cadiz","twitter_card":"summary_large_image","twitter_misc":{"Escrito por":"cadiz","Tiempo de lectura":"2 minutos"},"schema":{"@context":"https:\/\/schema.org","@graph":[{"@type":"Article","@id":"https:\/\/ajeandalucia.org\/cadiz\/2021\/02\/01\/el-alcalde-de-cadiz-aborda-con-la-nueva-directiva-de-aje-nuevas-vias-de-colaboracion-y-apoyo-al-emprendimiento\/#article","isPartOf":{"@id":"https:\/\/ajeandalucia.org\/cadiz\/2021\/02\/01\/el-alcalde-de-cadiz-aborda-con-la-nueva-directiva-de-aje-nuevas-vias-de-colaboracion-y-apoyo-al-emprendimiento\/"},"author":{"name":"cadiz","@id":"https:\/\/ajeandalucia.org\/cadiz\/#\/schema\/person\/dce63ebda5f85792a4f3061905a9f15a"},"headline":"El alcalde de C\u00e1diz aborda con la nueva directiva de AJE nuevas v\u00edas de colaboraci\u00f3n y apoyo al emprendimiento","datePublished":"2021-02-01T19:03:49+00:00","mainEntityOfPage":{"@id":"https:\/\/ajeandalucia.org\/cadiz\/2021\/02\/01\/el-alcalde-de-cadiz-aborda-con-la-nueva-directiva-de-aje-nuevas-vias-de-colaboracion-y-apoyo-al-emprendimiento\/"},"wordCount":326,"commentCount":0,"publisher":{"@id":"https:\/\/ajeandalucia.org\/cadiz\/#organization"},"image":{"@id":"https:\/\/ajeandalucia.org\/cadiz\/2021\/02\/01\/el-alcalde-de-cadiz-aborda-con-la-nueva-directiva-de-aje-nuevas-vias-de-colaboracion-y-apoyo-al-emprendimiento\/#primaryimage"},"thumbnailUrl":"https:\/\/ajeandalucia.org\/cadiz\/wp-content\/uploads\/sites\/5\/2021\/02\/01022021-reunion-AJE-ayto-cadiz.jpg","articleSection":["Noticias"],"inLanguage":"es","potentialAction":[{"@type":"CommentAction","name":"Comment","target":["https:\/\/ajeandalucia.org\/cadiz\/2021\/02\/01\/el-alcalde-de-cadiz-aborda-con-la-nueva-directiva-de-aje-nuevas-vias-de-colaboracion-y-apoyo-al-emprendimiento\/#respond"]}]},{"@type":"WebPage","@id":"https:\/\/ajeandalucia.org\/cadiz\/2021\/02\/01\/el-alcalde-de-cadiz-aborda-con-la-nueva-directiva-de-aje-nuevas-vias-de-colaboracion-y-apoyo-al-emprendimiento\/","url":"https:\/\/ajeandalucia.org\/cadiz\/2021\/02\/01\/el-alcalde-de-cadiz-aborda-con-la-nueva-directiva-de-aje-nuevas-vias-de-colaboracion-y-apoyo-al-emprendimiento\/","name":"El alcalde de C\u00e1diz aborda con la nueva directiva de AJE nuevas v\u00edas de colaboraci\u00f3n y apoyo al emprendimiento - AJE C\u00e1diz","isPartOf":{"@id":"https:\/\/ajeandalucia.org\/cadiz\/#website"},"primaryImageOfPage":{"@id":"https:\/\/ajeandalucia.org\/cadiz\/2021\/02\/01\/el-alcalde-de-cadiz-aborda-con-la-nueva-directiva-de-aje-nuevas-vias-de-colaboracion-y-apoyo-al-emprendimiento\/#primaryimage"},"image":{"@id":"https:\/\/ajeandalucia.org\/cadiz\/2021\/02\/01\/el-alcalde-de-cadiz-aborda-con-la-nueva-directiva-de-aje-nuevas-vias-de-colaboracion-y-apoyo-al-emprendimiento\/#primaryimage"},"thumbnailUrl":"https:\/\/ajeandalucia.org\/cadiz\/wp-content\/uploads\/sites\/5\/2021\/02\/01022021-reunion-AJE-ayto-cadiz.jpg","datePublished":"2021-02-01T19:03:49+00:00","breadcrumb":{"@id":"https:\/\/ajeandalucia.org\/cadiz\/2021\/02\/01\/el-alcalde-de-cadiz-aborda-con-la-nueva-directiva-de-aje-nuevas-vias-de-colaboracion-y-apoyo-al-emprendimiento\/#breadcrumb"},"inLanguage":"es","potentialAction":[{"@type":"ReadAction","target":["https:\/\/ajeandalucia.org\/cadiz\/2021\/02\/01\/el-alcalde-de-cadiz-aborda-con-la-nueva-directiva-de-aje-nuevas-vias-de-colaboracion-y-apoyo-al-emprendimiento\/"]}]},{"@type":"ImageObject","inLanguage":"es","@id":"https:\/\/ajeandalucia.org\/cadiz\/2021\/02\/01\/el-alcalde-de-cadiz-aborda-con-la-nueva-directiva-de-aje-nuevas-vias-de-colaboracion-y-apoyo-al-emprendimiento\/#primaryimage","url":"https:\/\/ajeandalucia.org\/cadiz\/wp-content\/uploads\/sites\/5\/2021\/02\/01022021-reunion-AJE-ayto-cadiz.jpg","contentUrl":"https:\/\/ajeandalucia.org\/cadiz\/wp-content\/uploads\/sites\/5\/2021\/02\/01022021-reunion-AJE-ayto-cadiz.jpg","width":2560,"height":1707},{"@type":"BreadcrumbList","@id":"https:\/\/ajeandalucia.org\/cadiz\/2021\/02\/01\/el-alcalde-de-cadiz-aborda-con-la-nueva-directiva-de-aje-nuevas-vias-de-colaboracion-y-apoyo-al-emprendimiento\/#breadcrumb","itemListElement":[{"@type":"ListItem","position":1,"name":"Portada","item":"https:\/\/ajeandalucia.org\/cadiz\/"},{"@type":"ListItem","position":2,"name":"El alcalde de C\u00e1diz aborda con la nueva directiva de AJE nuevas v\u00edas de colaboraci\u00f3n y apoyo al emprendimiento"}]},{"@type":"WebSite","@id":"https:\/\/ajeandalucia.org\/cadiz\/#website","url":"https:\/\/ajeandalucia.org\/cadiz\/","name":"AJE C\u00e1diz","description":"Otro sitio m\u00e1s de AJE Andaluc\u00eda","publisher":{"@id":"https:\/\/ajeandalucia.org\/cadiz\/#organization"},"potentialAction":[{"@type":"SearchAction","target":{"@type":"EntryPoint","urlTemplate":"https:\/\/ajeandalucia.org\/cadiz\/?s={search_term_string}"},"query-input":{"@type":"PropertyValueSpecification","valueRequired":true,"valueName":"search_term_string"}}],"inLanguage":"es"},{"@type":"Organization","@id":"https:\/\/ajeandalucia.org\/cadiz\/#organization","name":"AJE C\u00e1diz","url":"https:\/\/ajeandalucia.org\/cadiz\/","logo":{"@type":"ImageObject","inLanguage":"es","@id":"https:\/\/ajeandalucia.org\/cadiz\/#\/schema\/logo\/image\/","url":"https:\/\/ajeandalucia.org\/cadiz\/wp-content\/uploads\/sites\/5\/2025\/01\/AJE-CADIZ-horizontal.png","contentUrl":"https:\/\/ajeandalucia.org\/cadiz\/wp-content\/uploads\/sites\/5\/2025\/01\/AJE-CADIZ-horizontal.png","width":605,"height":200,"caption":"AJE C\u00e1diz"},"image":{"@id":"https:\/\/ajeandalucia.org\/cadiz\/#\/schema\/logo\/image\/"}},{"@type":"Person","@id":"https:\/\/ajeandalucia.org\/cadiz\/#\/schema\/person\/dce63ebda5f85792a4f3061905a9f15a","name":"cadiz","image":{"@type":"ImageObject","inLanguage":"es","@id":"https:\/\/ajeandalucia.org\/cadiz\/#\/schema\/person\/image\/","url":"https:\/\/secure.gravatar.com\/avatar\/e60287d271698686eba86c2f7f8485140fdb3db29714804eebe944be2ec6f47b?s=96&d=mm&r=g","contentUrl":"https:\/\/secure.gravatar.com\/avatar\/e60287d271698686eba86c2f7f8485140fdb3db29714804eebe944be2ec6f47b?s=96&d=mm&r=g","caption":"cadiz"},"url":"https:\/\/ajeandalucia.org\/cadiz\/author\/cadiz\/"}]}},"_links":{"self":[{"href":"https:\/\/ajeandalucia.org\/cadiz\/wp-json\/wp\/v2\/posts\/1677","targetHints":{"allow":["GET"]}}],"collection":[{"href":"https:\/\/ajeandalucia.org\/cadiz\/wp-json\/wp\/v2\/posts"}],"about":[{"href":"https:\/\/ajeandalucia.org\/cadiz\/wp-json\/wp\/v2\/types\/post"}],"author":[{"embeddable":true,"href":"https:\/\/ajeandalucia.org\/cadiz\/wp-json\/wp\/v2\/users\/4"}],"replies":[{"embeddable":true,"href":"https:\/\/ajeandalucia.org\/cadiz\/wp-json\/wp\/v2\/comments?post=1677"}],"version-history":[{"count":1,"href":"https:\/\/ajeandalucia.org\/cadiz\/wp-json\/wp\/v2\/posts\/1677\/revisions"}],"predecessor-version":[{"id":1679,"href":"https:\/\/ajeandalucia.org\/cadiz\/wp-json\/wp\/v2\/posts\/1677\/revisions\/1679"}],"wp:featuredmedia":[{"embeddable":true,"href":"https:\/\/ajeandalucia.org\/cadiz\/wp-json\/wp\/v2\/media\/1678"}],"wp:attachment":[{"href":"https:\/\/ajeandalucia.org\/cadiz\/wp-json\/wp\/v2\/media?parent=1677"}],"wp:term":[{"taxonomy":"category","embeddable":true,"href":"https:\/\/ajeandalucia.org\/cadiz\/wp-json\/wp\/v2\/categories?post=1677"},{"taxonomy":"post_tag","embeddable":true,"href":"https:\/\/ajeandalucia.org\/cadiz\/wp-json\/wp\/v2\/tags?post=1677"}],"curies":[{"name":"wp","href":"https:\/\/api.w.org\/{rel}","templated":true}]}}