{"id":295,"date":"2016-06-20T10:25:31","date_gmt":"2016-06-20T10:25:31","guid":{"rendered":"http:\/\/www.ajeandalucia.org\/cadiz\/?p=295"},"modified":"2016-07-11T10:35:41","modified_gmt":"2016-07-11T10:35:41","slug":"la-moda-como-sector-empresarial-en-auge-centra-el-afterwork-de-aje-cadiz-y-dress-code-comunicacion","status":"publish","type":"post","link":"https:\/\/ajeandalucia.org\/cadiz\/2016\/06\/20\/la-moda-como-sector-empresarial-en-auge-centra-el-afterwork-de-aje-cadiz-y-dress-code-comunicacion\/","title":{"rendered":"LA MODA COMO SECTOR EMPRESARIAL EN AUGE CENTRA EL AFTERWORK DE AJE C\u00c1DIZ Y DRESS CODE COMUNICACI\u00d3N"},"content":{"rendered":"<p><img loading=\"lazy\" decoding=\"async\" class=\"size-medium wp-image-296\" src=\"http:\/\/www.ajeandalucia.org\/cadiz\/wp-content\/uploads\/sites\/5\/2016\/07\/aje1defi-300x200.jpg\" alt=\"????????????????????????????????????\" width=\"300\" height=\"200\" srcset=\"https:\/\/ajeandalucia.org\/cadiz\/wp-content\/uploads\/sites\/5\/2016\/07\/aje1defi-300x200.jpg 300w, https:\/\/ajeandalucia.org\/cadiz\/wp-content\/uploads\/sites\/5\/2016\/07\/aje1defi-768x512.jpg 768w, https:\/\/ajeandalucia.org\/cadiz\/wp-content\/uploads\/sites\/5\/2016\/07\/aje1defi.jpg 1024w\" sizes=\"auto, (max-width: 300px) 100vw, 300px\" \/><\/p>\n<ul>\n<li><strong>Ayer tarde se celebr\u00f3 esta charla coloquio con la asistencia de unas 70 personas. <\/strong><\/li>\n<li><strong>Dicho acto cont\u00f3 con la colaboraci\u00f3n del Consorcio de Zona Franca de C\u00e1diz y La Caixa. <\/strong><\/li>\n<li><strong>Se trata de un networking en formato afterwork abierto al p\u00fablico y destinado a profesionales del sector de la moda y vinculados.<\/strong><\/li>\n<\/ul>\n<p>&nbsp;<\/p>\n<p>C\u00e1diz, 17 de junio. La Asociaci\u00f3n de J\u00f3venes Empresarios de C\u00e1diz (AJE C\u00e1diz) y la empresa de comunicaci\u00f3n especializada en Moda DressCode Comunicaci\u00f3n organizaron, con la colaboraci\u00f3n de Consorcio de Zona Franca de C\u00e1diz y La Caixa, #CONECTAMODA, un evento de networking en formato afterwork con el fin de reunir a profesionales de la moda y sectores vinculados.<\/p>\n<p>&nbsp;<\/p>\n<p>Entre las conclusiones recogidas durante la jornada destaca que, a pesar de la crisis econ\u00f3mica, el sector de la moda en lugar de decaer est\u00e1 en auge. \u201cLa creatividad de las marcas de moda espa\u00f1ola, su innovaci\u00f3n y servicios y capacidad log\u00edstica han hecho que este sector represente el 2,7% del PIB espa\u00f1ol, el 8% de las exportaciones, y el 4,2&amp;% del empleo en el territorio nacional\u201d, seg\u00fan sosten\u00eda en su intervenci\u00f3n Ainhoa Rosado, cofundadora de Dress Code Comunicaci\u00f3n.<\/p>\n<p>&nbsp;<\/p>\n<p>Cabe destacar que el 25% de las empresas del sector de la moda se han creado en los \u00faltimos cuatro a\u00f1os y cuatro de cada seis han aumentado su plantilla. Margarita Mu\u00f1oz, dise\u00f1adora de moda y ponente en la charla coloquio de #Conectamoda, es un claro ejemplo que avala estos datos, seg\u00fan sostienen las directoras de Dress Code Comunicaci\u00f3n. \u201cEsta dise\u00f1adora de Arcos de la Frontera decidi\u00f3 crear su negocio hace ocho a\u00f1os\u00a0 y es hoy d\u00eda una de las dise\u00f1adoras m\u00e1s reconocidas de la provincia\u201d.<\/p>\n<p>&nbsp;<\/p>\n<p>Adem\u00e1s, una de las ideas que fundamentaron el encuentro, fue el auge de aut\u00f3nomos de diferentes profesiones que tienen como nexo com\u00fan la moda ya que \u201cen C\u00e1diz hay nicho de mercado pero no se conoce\u201d, seg\u00fan sostiene la organizaci\u00f3n. Fot\u00f3grafos, bloggers, maquilladores, peluqueros, estilistas viven hoy de producciones de moda.<\/p>\n<p>&nbsp;<\/p>\n<p>\u201cEste tipo de foros son una muestra de la necesidad de dar visibilidad a la moda en nuestra provincia para que se conozca y valore el trabajo de los talentos gaditanos que muchas veces deben irse fuera para que su trabajo sea reconocido\u201d, seg\u00fan sostiene Jes\u00fas Belgrano, presidente de AJE C\u00e1diz. Por eso son necesarios eventos como los de #conectamoda, un networking o encuentro de negocios en formato afterwork, despu\u00e9s del trabajo, y que permite a los participantes mostrar sus ideas de manera m\u00e1s relajada y distendida.<\/p>\n<p>&nbsp;<\/p>\n<p>Adem\u00e1s, en #conectamoda se abordaron tema como el marketing en las empresas ya que el \u00e9xito o fracaso de una empresa depende m\u00e1s del 90% de su marketing y comunicaci\u00f3n o\u00a0 el uso de las nuevas tecnolog\u00edas en la que Lidia Cano, estilista de moda, que traslad\u00f3 a los asistentes a la nueva tendencia de la realidad virtual. \u201cYa la moda no es para algunos privilegiados sino que est\u00e1 al alcance de todos\u201d, en palabras de Lidia.<\/p>\n<p>&nbsp;<\/p>\n<p>El fen\u00f3meno blogger tambi\u00e9n qued\u00f3 recogido en #conectamoda con los testimonios de Patty Santamar\u00eda del blog Shoes&amp;Basics quien explic\u00f3 todo el entramado que hay detr\u00e1s de una bonita foto. Un equipo de fotograf\u00eda y edici\u00f3n, estar en el ordenador recibiendo y valorando propuestas, pensar los outfits y localizaciones, acudir a todos los eventos para adquirir visibilidad y sobre todo el secreto de su \u00e9xito, tener su sello propio y mostrar su personalidad a trav\u00e9s de sus looks son algunas de sus funciones.<\/p>\n<p>&nbsp;<\/p>\n<p>Para la organizaci\u00f3n, \u201cfue una jornada muy completa en la que se produjo el primer contacto de grandes relaciones de negocio que esperamos que terminen poniendo a C\u00e1diz en el mapa de la moda\u201d.<\/p>\n<p>&nbsp;<\/p>\n<p><strong>Profesionales del sector de la moda<\/strong> (dise\u00f1adores de moda, artesanos, propietarios de tiendas de moda, estilistas, bloggers, etc) y <strong>otros profesionales de sectores diversos interesados en hacer negocios o colaboraciones con ellos<\/strong> (periodistas, fot\u00f3grafos, peluqueros, maquilladores, m\u00fasica y sonido, desarrollo web, dise\u00f1o gr\u00e1fico, modelos, catering, agencias de comunicaci\u00f3n, etc\u2026) se dieron cita dentro de las actividades que organiza AJE para fomentar el networking en la provincia.<\/p>\n<p>&nbsp;<\/p>\n<p>En dicho panel de experiencias, participaron las cofundadoras de Dress Code,\u00a0 una agencia de comunicaci\u00f3n gaditana especializada en moda y belleza y creadora de SUR Fashion Experience, Fashion Village 2.0, Fashion Village Mini. Asimismo, <strong>Ainhoa Rosado y<\/strong> <strong>Marta Silva<\/strong> gestionan la comunicaci\u00f3n de m\u00faltiples firmas y dise\u00f1adores de moda. Adem\u00e1s de <strong>Margarita Mu\u00f1oz, <\/strong>dise\u00f1adora de moda con dos tiendas propias y m\u00e1s de 90 puntos de venta. Esta firma gaditana nace hace seis a\u00f1os en Arcos de la Frontera y tras ella se esconde el sue\u00f1o de su dise\u00f1adora, Margarita. Actualmente, tiene dos tiendas propias y m\u00e1s de 90 puntos de venta en Espa\u00f1a adem\u00e1s de varios puntos en el extranjero como Dubai. <strong>Lidia Cano, <\/strong>estilista de moda y personal shopper con 15 a\u00f1os de experiencia en Sevilla y C\u00e1diz asesorando a particulares y empresas implantando la imagen publicitaria, vestuarios para eventos, etc. Por \u00faltimo, participaron tambi\u00e9n <strong>Bel\u00e9n San<\/strong>, maquilladora profesional ubicada en San Fernando y especializada en moda. Asimismo, participaron la blogger <strong>Patti Santamar\u00eda, de Shoes &amp; Basics<\/strong>, con m\u00e1s de 40.000 seguidores en las redes sociales.<\/p>\n","protected":false},"excerpt":{"rendered":"<p>Ayer tarde se celebr\u00f3 esta charla coloquio con la asistencia de unas 70 personas. Dicho acto cont\u00f3 con la colaboraci\u00f3n [&hellip;]<\/p>\n","protected":false},"author":4,"featured_media":297,"comment_status":"open","ping_status":"open","sticky":false,"template":"","format":"standard","meta":{"_acf_changed":false,"site-sidebar-layout":"default","site-content-layout":"","ast-site-content-layout":"default","site-content-style":"default","site-sidebar-style":"default","ast-global-header-display":"","ast-banner-title-visibility":"","ast-main-header-display":"","ast-hfb-above-header-display":"","ast-hfb-below-header-display":"","ast-hfb-mobile-header-display":"","site-post-title":"","ast-breadcrumbs-content":"","ast-featured-img":"","footer-sml-layout":"","ast-disable-related-posts":"","theme-transparent-header-meta":"","adv-header-id-meta":"","stick-header-meta":"","header-above-stick-meta":"","header-main-stick-meta":"","header-below-stick-meta":"","astra-migrate-meta-layouts":"default","ast-page-background-enabled":"default","ast-page-background-meta":{"desktop":{"background-color":"var(--ast-global-color-5)","background-image":"","background-repeat":"repeat","background-position":"center center","background-size":"auto","background-attachment":"scroll","background-type":"","background-media":"","overlay-type":"","overlay-color":"","overlay-opacity":"","overlay-gradient":""},"tablet":{"background-color":"","background-image":"","background-repeat":"repeat","background-position":"center center","background-size":"auto","background-attachment":"scroll","background-type":"","background-media":"","overlay-type":"","overlay-color":"","overlay-opacity":"","overlay-gradient":""},"mobile":{"background-color":"","background-image":"","background-repeat":"repeat","background-position":"center center","background-size":"auto","background-attachment":"scroll","background-type":"","background-media":"","overlay-type":"","overlay-color":"","overlay-opacity":"","overlay-gradient":""}},"ast-content-background-meta":{"desktop":{"background-color":"var(--ast-global-color-4)","background-image":"","background-repeat":"repeat","background-position":"center center","background-size":"auto","background-attachment":"scroll","background-type":"","background-media":"","overlay-type":"","overlay-color":"","overlay-opacity":"","overlay-gradient":""},"tablet":{"background-color":"var(--ast-global-color-4)","background-image":"","background-repeat":"repeat","background-position":"center center","background-size":"auto","background-attachment":"scroll","background-type":"","background-media":"","overlay-type":"","overlay-color":"","overlay-opacity":"","overlay-gradient":""},"mobile":{"background-color":"var(--ast-global-color-4)","background-image":"","background-repeat":"repeat","background-position":"center center","background-size":"auto","background-attachment":"scroll","background-type":"","background-media":"","overlay-type":"","overlay-color":"","overlay-opacity":"","overlay-gradient":""}},"footnotes":""},"categories":[8],"tags":[],"class_list":["post-295","post","type-post","status-publish","format-standard","has-post-thumbnail","hentry","category-noticias"],"acf":[],"yoast_head":"<!-- This site is optimized with the Yoast SEO plugin v26.9 - https:\/\/yoast.com\/product\/yoast-seo-wordpress\/ -->\n<title>LA MODA COMO SECTOR EMPRESARIAL EN AUGE CENTRA EL AFTERWORK DE AJE C\u00c1DIZ Y DRESS CODE COMUNICACI\u00d3N - AJE C\u00e1diz<\/title>\n<meta name=\"robots\" content=\"index, follow, max-snippet:-1, max-image-preview:large, max-video-preview:-1\" \/>\n<link rel=\"canonical\" href=\"https:\/\/ajeandalucia.org\/cadiz\/2016\/06\/20\/la-moda-como-sector-empresarial-en-auge-centra-el-afterwork-de-aje-cadiz-y-dress-code-comunicacion\/\" \/>\n<meta property=\"og:locale\" content=\"es_ES\" \/>\n<meta property=\"og:type\" content=\"article\" \/>\n<meta property=\"og:title\" content=\"LA MODA COMO SECTOR EMPRESARIAL EN AUGE CENTRA EL AFTERWORK DE AJE C\u00c1DIZ Y DRESS CODE COMUNICACI\u00d3N - AJE C\u00e1diz\" \/>\n<meta property=\"og:description\" content=\"Ayer tarde se celebr\u00f3 esta charla coloquio con la asistencia de unas 70 personas. Dicho acto cont\u00f3 con la colaboraci\u00f3n [&hellip;]\" \/>\n<meta property=\"og:url\" content=\"https:\/\/ajeandalucia.org\/cadiz\/2016\/06\/20\/la-moda-como-sector-empresarial-en-auge-centra-el-afterwork-de-aje-cadiz-y-dress-code-comunicacion\/\" \/>\n<meta property=\"og:site_name\" content=\"AJE C\u00e1diz\" \/>\n<meta property=\"article:published_time\" content=\"2016-06-20T10:25:31+00:00\" \/>\n<meta property=\"article:modified_time\" content=\"2016-07-11T10:35:41+00:00\" \/>\n<meta property=\"og:image\" content=\"https:\/\/ajeandalucia.org\/cadiz\/wp-content\/uploads\/sites\/5\/2016\/07\/aje2defi.jpg\" \/>\n\t<meta property=\"og:image:width\" content=\"1024\" \/>\n\t<meta property=\"og:image:height\" content=\"683\" \/>\n\t<meta property=\"og:image:type\" content=\"image\/jpeg\" \/>\n<meta name=\"author\" content=\"cadiz\" \/>\n<meta name=\"twitter:card\" content=\"summary_large_image\" \/>\n<meta name=\"twitter:label1\" content=\"Escrito por\" \/>\n\t<meta name=\"twitter:data1\" content=\"cadiz\" \/>\n\t<meta name=\"twitter:label2\" content=\"Tiempo de lectura\" \/>\n\t<meta name=\"twitter:data2\" content=\"5 minutos\" \/>\n<script type=\"application\/ld+json\" class=\"yoast-schema-graph\">{\"@context\":\"https:\/\/schema.org\",\"@graph\":[{\"@type\":\"Article\",\"@id\":\"https:\/\/ajeandalucia.org\/cadiz\/2016\/06\/20\/la-moda-como-sector-empresarial-en-auge-centra-el-afterwork-de-aje-cadiz-y-dress-code-comunicacion\/#article\",\"isPartOf\":{\"@id\":\"https:\/\/ajeandalucia.org\/cadiz\/2016\/06\/20\/la-moda-como-sector-empresarial-en-auge-centra-el-afterwork-de-aje-cadiz-y-dress-code-comunicacion\/\"},\"author\":{\"name\":\"cadiz\",\"@id\":\"https:\/\/ajeandalucia.org\/cadiz\/#\/schema\/person\/dce63ebda5f85792a4f3061905a9f15a\"},\"headline\":\"LA MODA COMO SECTOR EMPRESARIAL EN AUGE CENTRA EL AFTERWORK DE AJE C\u00c1DIZ Y DRESS CODE COMUNICACI\u00d3N\",\"datePublished\":\"2016-06-20T10:25:31+00:00\",\"dateModified\":\"2016-07-11T10:35:41+00:00\",\"mainEntityOfPage\":{\"@id\":\"https:\/\/ajeandalucia.org\/cadiz\/2016\/06\/20\/la-moda-como-sector-empresarial-en-auge-centra-el-afterwork-de-aje-cadiz-y-dress-code-comunicacion\/\"},\"wordCount\":952,\"commentCount\":0,\"publisher\":{\"@id\":\"https:\/\/ajeandalucia.org\/cadiz\/#organization\"},\"image\":{\"@id\":\"https:\/\/ajeandalucia.org\/cadiz\/2016\/06\/20\/la-moda-como-sector-empresarial-en-auge-centra-el-afterwork-de-aje-cadiz-y-dress-code-comunicacion\/#primaryimage\"},\"thumbnailUrl\":\"https:\/\/ajeandalucia.org\/cadiz\/wp-content\/uploads\/sites\/5\/2016\/07\/aje2defi.jpg\",\"articleSection\":[\"Noticias\"],\"inLanguage\":\"es\",\"potentialAction\":[{\"@type\":\"CommentAction\",\"name\":\"Comment\",\"target\":[\"https:\/\/ajeandalucia.org\/cadiz\/2016\/06\/20\/la-moda-como-sector-empresarial-en-auge-centra-el-afterwork-de-aje-cadiz-y-dress-code-comunicacion\/#respond\"]}]},{\"@type\":\"WebPage\",\"@id\":\"https:\/\/ajeandalucia.org\/cadiz\/2016\/06\/20\/la-moda-como-sector-empresarial-en-auge-centra-el-afterwork-de-aje-cadiz-y-dress-code-comunicacion\/\",\"url\":\"https:\/\/ajeandalucia.org\/cadiz\/2016\/06\/20\/la-moda-como-sector-empresarial-en-auge-centra-el-afterwork-de-aje-cadiz-y-dress-code-comunicacion\/\",\"name\":\"LA MODA COMO SECTOR EMPRESARIAL EN AUGE CENTRA EL AFTERWORK DE AJE C\u00c1DIZ Y DRESS CODE COMUNICACI\u00d3N - AJE C\u00e1diz\",\"isPartOf\":{\"@id\":\"https:\/\/ajeandalucia.org\/cadiz\/#website\"},\"primaryImageOfPage\":{\"@id\":\"https:\/\/ajeandalucia.org\/cadiz\/2016\/06\/20\/la-moda-como-sector-empresarial-en-auge-centra-el-afterwork-de-aje-cadiz-y-dress-code-comunicacion\/#primaryimage\"},\"image\":{\"@id\":\"https:\/\/ajeandalucia.org\/cadiz\/2016\/06\/20\/la-moda-como-sector-empresarial-en-auge-centra-el-afterwork-de-aje-cadiz-y-dress-code-comunicacion\/#primaryimage\"},\"thumbnailUrl\":\"https:\/\/ajeandalucia.org\/cadiz\/wp-content\/uploads\/sites\/5\/2016\/07\/aje2defi.jpg\",\"datePublished\":\"2016-06-20T10:25:31+00:00\",\"dateModified\":\"2016-07-11T10:35:41+00:00\",\"breadcrumb\":{\"@id\":\"https:\/\/ajeandalucia.org\/cadiz\/2016\/06\/20\/la-moda-como-sector-empresarial-en-auge-centra-el-afterwork-de-aje-cadiz-y-dress-code-comunicacion\/#breadcrumb\"},\"inLanguage\":\"es\",\"potentialAction\":[{\"@type\":\"ReadAction\",\"target\":[\"https:\/\/ajeandalucia.org\/cadiz\/2016\/06\/20\/la-moda-como-sector-empresarial-en-auge-centra-el-afterwork-de-aje-cadiz-y-dress-code-comunicacion\/\"]}]},{\"@type\":\"ImageObject\",\"inLanguage\":\"es\",\"@id\":\"https:\/\/ajeandalucia.org\/cadiz\/2016\/06\/20\/la-moda-como-sector-empresarial-en-auge-centra-el-afterwork-de-aje-cadiz-y-dress-code-comunicacion\/#primaryimage\",\"url\":\"https:\/\/ajeandalucia.org\/cadiz\/wp-content\/uploads\/sites\/5\/2016\/07\/aje2defi.jpg\",\"contentUrl\":\"https:\/\/ajeandalucia.org\/cadiz\/wp-content\/uploads\/sites\/5\/2016\/07\/aje2defi.jpg\",\"width\":1024,\"height\":683,\"caption\":\"????????????????????????????????????\"},{\"@type\":\"BreadcrumbList\",\"@id\":\"https:\/\/ajeandalucia.org\/cadiz\/2016\/06\/20\/la-moda-como-sector-empresarial-en-auge-centra-el-afterwork-de-aje-cadiz-y-dress-code-comunicacion\/#breadcrumb\",\"itemListElement\":[{\"@type\":\"ListItem\",\"position\":1,\"name\":\"Portada\",\"item\":\"https:\/\/ajeandalucia.org\/cadiz\/\"},{\"@type\":\"ListItem\",\"position\":2,\"name\":\"LA MODA COMO SECTOR EMPRESARIAL EN AUGE CENTRA EL AFTERWORK DE AJE C\u00c1DIZ Y DRESS CODE COMUNICACI\u00d3N\"}]},{\"@type\":\"WebSite\",\"@id\":\"https:\/\/ajeandalucia.org\/cadiz\/#website\",\"url\":\"https:\/\/ajeandalucia.org\/cadiz\/\",\"name\":\"AJE C\u00e1diz\",\"description\":\"Otro sitio m\u00e1s de AJE Andaluc\u00eda\",\"publisher\":{\"@id\":\"https:\/\/ajeandalucia.org\/cadiz\/#organization\"},\"potentialAction\":[{\"@type\":\"SearchAction\",\"target\":{\"@type\":\"EntryPoint\",\"urlTemplate\":\"https:\/\/ajeandalucia.org\/cadiz\/?s={search_term_string}\"},\"query-input\":{\"@type\":\"PropertyValueSpecification\",\"valueRequired\":true,\"valueName\":\"search_term_string\"}}],\"inLanguage\":\"es\"},{\"@type\":\"Organization\",\"@id\":\"https:\/\/ajeandalucia.org\/cadiz\/#organization\",\"name\":\"AJE C\u00e1diz\",\"url\":\"https:\/\/ajeandalucia.org\/cadiz\/\",\"logo\":{\"@type\":\"ImageObject\",\"inLanguage\":\"es\",\"@id\":\"https:\/\/ajeandalucia.org\/cadiz\/#\/schema\/logo\/image\/\",\"url\":\"https:\/\/ajeandalucia.org\/cadiz\/wp-content\/uploads\/sites\/5\/2025\/01\/AJE-CADIZ-horizontal.png\",\"contentUrl\":\"https:\/\/ajeandalucia.org\/cadiz\/wp-content\/uploads\/sites\/5\/2025\/01\/AJE-CADIZ-horizontal.png\",\"width\":605,\"height\":200,\"caption\":\"AJE C\u00e1diz\"},\"image\":{\"@id\":\"https:\/\/ajeandalucia.org\/cadiz\/#\/schema\/logo\/image\/\"}},{\"@type\":\"Person\",\"@id\":\"https:\/\/ajeandalucia.org\/cadiz\/#\/schema\/person\/dce63ebda5f85792a4f3061905a9f15a\",\"name\":\"cadiz\",\"image\":{\"@type\":\"ImageObject\",\"inLanguage\":\"es\",\"@id\":\"https:\/\/ajeandalucia.org\/cadiz\/#\/schema\/person\/image\/\",\"url\":\"https:\/\/secure.gravatar.com\/avatar\/e60287d271698686eba86c2f7f8485140fdb3db29714804eebe944be2ec6f47b?s=96&d=mm&r=g\",\"contentUrl\":\"https:\/\/secure.gravatar.com\/avatar\/e60287d271698686eba86c2f7f8485140fdb3db29714804eebe944be2ec6f47b?s=96&d=mm&r=g\",\"caption\":\"cadiz\"},\"url\":\"https:\/\/ajeandalucia.org\/cadiz\/author\/cadiz\/\"}]}<\/script>\n<!-- \/ Yoast SEO plugin. -->","yoast_head_json":{"title":"LA MODA COMO SECTOR EMPRESARIAL EN AUGE CENTRA EL AFTERWORK DE AJE C\u00c1DIZ Y DRESS CODE COMUNICACI\u00d3N - AJE C\u00e1diz","robots":{"index":"index","follow":"follow","max-snippet":"max-snippet:-1","max-image-preview":"max-image-preview:large","max-video-preview":"max-video-preview:-1"},"canonical":"https:\/\/ajeandalucia.org\/cadiz\/2016\/06\/20\/la-moda-como-sector-empresarial-en-auge-centra-el-afterwork-de-aje-cadiz-y-dress-code-comunicacion\/","og_locale":"es_ES","og_type":"article","og_title":"LA MODA COMO SECTOR EMPRESARIAL EN AUGE CENTRA EL AFTERWORK DE AJE C\u00c1DIZ Y DRESS CODE COMUNICACI\u00d3N - AJE C\u00e1diz","og_description":"Ayer tarde se celebr\u00f3 esta charla coloquio con la asistencia de unas 70 personas. Dicho acto cont\u00f3 con la colaboraci\u00f3n [&hellip;]","og_url":"https:\/\/ajeandalucia.org\/cadiz\/2016\/06\/20\/la-moda-como-sector-empresarial-en-auge-centra-el-afterwork-de-aje-cadiz-y-dress-code-comunicacion\/","og_site_name":"AJE C\u00e1diz","article_published_time":"2016-06-20T10:25:31+00:00","article_modified_time":"2016-07-11T10:35:41+00:00","og_image":[{"width":1024,"height":683,"url":"https:\/\/ajeandalucia.org\/cadiz\/wp-content\/uploads\/sites\/5\/2016\/07\/aje2defi.jpg","type":"image\/jpeg"}],"author":"cadiz","twitter_card":"summary_large_image","twitter_misc":{"Escrito por":"cadiz","Tiempo de lectura":"5 minutos"},"schema":{"@context":"https:\/\/schema.org","@graph":[{"@type":"Article","@id":"https:\/\/ajeandalucia.org\/cadiz\/2016\/06\/20\/la-moda-como-sector-empresarial-en-auge-centra-el-afterwork-de-aje-cadiz-y-dress-code-comunicacion\/#article","isPartOf":{"@id":"https:\/\/ajeandalucia.org\/cadiz\/2016\/06\/20\/la-moda-como-sector-empresarial-en-auge-centra-el-afterwork-de-aje-cadiz-y-dress-code-comunicacion\/"},"author":{"name":"cadiz","@id":"https:\/\/ajeandalucia.org\/cadiz\/#\/schema\/person\/dce63ebda5f85792a4f3061905a9f15a"},"headline":"LA MODA COMO SECTOR EMPRESARIAL EN AUGE CENTRA EL AFTERWORK DE AJE C\u00c1DIZ Y DRESS CODE COMUNICACI\u00d3N","datePublished":"2016-06-20T10:25:31+00:00","dateModified":"2016-07-11T10:35:41+00:00","mainEntityOfPage":{"@id":"https:\/\/ajeandalucia.org\/cadiz\/2016\/06\/20\/la-moda-como-sector-empresarial-en-auge-centra-el-afterwork-de-aje-cadiz-y-dress-code-comunicacion\/"},"wordCount":952,"commentCount":0,"publisher":{"@id":"https:\/\/ajeandalucia.org\/cadiz\/#organization"},"image":{"@id":"https:\/\/ajeandalucia.org\/cadiz\/2016\/06\/20\/la-moda-como-sector-empresarial-en-auge-centra-el-afterwork-de-aje-cadiz-y-dress-code-comunicacion\/#primaryimage"},"thumbnailUrl":"https:\/\/ajeandalucia.org\/cadiz\/wp-content\/uploads\/sites\/5\/2016\/07\/aje2defi.jpg","articleSection":["Noticias"],"inLanguage":"es","potentialAction":[{"@type":"CommentAction","name":"Comment","target":["https:\/\/ajeandalucia.org\/cadiz\/2016\/06\/20\/la-moda-como-sector-empresarial-en-auge-centra-el-afterwork-de-aje-cadiz-y-dress-code-comunicacion\/#respond"]}]},{"@type":"WebPage","@id":"https:\/\/ajeandalucia.org\/cadiz\/2016\/06\/20\/la-moda-como-sector-empresarial-en-auge-centra-el-afterwork-de-aje-cadiz-y-dress-code-comunicacion\/","url":"https:\/\/ajeandalucia.org\/cadiz\/2016\/06\/20\/la-moda-como-sector-empresarial-en-auge-centra-el-afterwork-de-aje-cadiz-y-dress-code-comunicacion\/","name":"LA MODA COMO SECTOR EMPRESARIAL EN AUGE CENTRA EL AFTERWORK DE AJE C\u00c1DIZ Y DRESS CODE COMUNICACI\u00d3N - AJE C\u00e1diz","isPartOf":{"@id":"https:\/\/ajeandalucia.org\/cadiz\/#website"},"primaryImageOfPage":{"@id":"https:\/\/ajeandalucia.org\/cadiz\/2016\/06\/20\/la-moda-como-sector-empresarial-en-auge-centra-el-afterwork-de-aje-cadiz-y-dress-code-comunicacion\/#primaryimage"},"image":{"@id":"https:\/\/ajeandalucia.org\/cadiz\/2016\/06\/20\/la-moda-como-sector-empresarial-en-auge-centra-el-afterwork-de-aje-cadiz-y-dress-code-comunicacion\/#primaryimage"},"thumbnailUrl":"https:\/\/ajeandalucia.org\/cadiz\/wp-content\/uploads\/sites\/5\/2016\/07\/aje2defi.jpg","datePublished":"2016-06-20T10:25:31+00:00","dateModified":"2016-07-11T10:35:41+00:00","breadcrumb":{"@id":"https:\/\/ajeandalucia.org\/cadiz\/2016\/06\/20\/la-moda-como-sector-empresarial-en-auge-centra-el-afterwork-de-aje-cadiz-y-dress-code-comunicacion\/#breadcrumb"},"inLanguage":"es","potentialAction":[{"@type":"ReadAction","target":["https:\/\/ajeandalucia.org\/cadiz\/2016\/06\/20\/la-moda-como-sector-empresarial-en-auge-centra-el-afterwork-de-aje-cadiz-y-dress-code-comunicacion\/"]}]},{"@type":"ImageObject","inLanguage":"es","@id":"https:\/\/ajeandalucia.org\/cadiz\/2016\/06\/20\/la-moda-como-sector-empresarial-en-auge-centra-el-afterwork-de-aje-cadiz-y-dress-code-comunicacion\/#primaryimage","url":"https:\/\/ajeandalucia.org\/cadiz\/wp-content\/uploads\/sites\/5\/2016\/07\/aje2defi.jpg","contentUrl":"https:\/\/ajeandalucia.org\/cadiz\/wp-content\/uploads\/sites\/5\/2016\/07\/aje2defi.jpg","width":1024,"height":683,"caption":"????????????????????????????????????"},{"@type":"BreadcrumbList","@id":"https:\/\/ajeandalucia.org\/cadiz\/2016\/06\/20\/la-moda-como-sector-empresarial-en-auge-centra-el-afterwork-de-aje-cadiz-y-dress-code-comunicacion\/#breadcrumb","itemListElement":[{"@type":"ListItem","position":1,"name":"Portada","item":"https:\/\/ajeandalucia.org\/cadiz\/"},{"@type":"ListItem","position":2,"name":"LA MODA COMO SECTOR EMPRESARIAL EN AUGE CENTRA EL AFTERWORK DE AJE C\u00c1DIZ Y DRESS CODE COMUNICACI\u00d3N"}]},{"@type":"WebSite","@id":"https:\/\/ajeandalucia.org\/cadiz\/#website","url":"https:\/\/ajeandalucia.org\/cadiz\/","name":"AJE C\u00e1diz","description":"Otro sitio m\u00e1s de AJE Andaluc\u00eda","publisher":{"@id":"https:\/\/ajeandalucia.org\/cadiz\/#organization"},"potentialAction":[{"@type":"SearchAction","target":{"@type":"EntryPoint","urlTemplate":"https:\/\/ajeandalucia.org\/cadiz\/?s={search_term_string}"},"query-input":{"@type":"PropertyValueSpecification","valueRequired":true,"valueName":"search_term_string"}}],"inLanguage":"es"},{"@type":"Organization","@id":"https:\/\/ajeandalucia.org\/cadiz\/#organization","name":"AJE C\u00e1diz","url":"https:\/\/ajeandalucia.org\/cadiz\/","logo":{"@type":"ImageObject","inLanguage":"es","@id":"https:\/\/ajeandalucia.org\/cadiz\/#\/schema\/logo\/image\/","url":"https:\/\/ajeandalucia.org\/cadiz\/wp-content\/uploads\/sites\/5\/2025\/01\/AJE-CADIZ-horizontal.png","contentUrl":"https:\/\/ajeandalucia.org\/cadiz\/wp-content\/uploads\/sites\/5\/2025\/01\/AJE-CADIZ-horizontal.png","width":605,"height":200,"caption":"AJE C\u00e1diz"},"image":{"@id":"https:\/\/ajeandalucia.org\/cadiz\/#\/schema\/logo\/image\/"}},{"@type":"Person","@id":"https:\/\/ajeandalucia.org\/cadiz\/#\/schema\/person\/dce63ebda5f85792a4f3061905a9f15a","name":"cadiz","image":{"@type":"ImageObject","inLanguage":"es","@id":"https:\/\/ajeandalucia.org\/cadiz\/#\/schema\/person\/image\/","url":"https:\/\/secure.gravatar.com\/avatar\/e60287d271698686eba86c2f7f8485140fdb3db29714804eebe944be2ec6f47b?s=96&d=mm&r=g","contentUrl":"https:\/\/secure.gravatar.com\/avatar\/e60287d271698686eba86c2f7f8485140fdb3db29714804eebe944be2ec6f47b?s=96&d=mm&r=g","caption":"cadiz"},"url":"https:\/\/ajeandalucia.org\/cadiz\/author\/cadiz\/"}]}},"_links":{"self":[{"href":"https:\/\/ajeandalucia.org\/cadiz\/wp-json\/wp\/v2\/posts\/295","targetHints":{"allow":["GET"]}}],"collection":[{"href":"https:\/\/ajeandalucia.org\/cadiz\/wp-json\/wp\/v2\/posts"}],"about":[{"href":"https:\/\/ajeandalucia.org\/cadiz\/wp-json\/wp\/v2\/types\/post"}],"author":[{"embeddable":true,"href":"https:\/\/ajeandalucia.org\/cadiz\/wp-json\/wp\/v2\/users\/4"}],"replies":[{"embeddable":true,"href":"https:\/\/ajeandalucia.org\/cadiz\/wp-json\/wp\/v2\/comments?post=295"}],"version-history":[{"count":1,"href":"https:\/\/ajeandalucia.org\/cadiz\/wp-json\/wp\/v2\/posts\/295\/revisions"}],"predecessor-version":[{"id":298,"href":"https:\/\/ajeandalucia.org\/cadiz\/wp-json\/wp\/v2\/posts\/295\/revisions\/298"}],"wp:featuredmedia":[{"embeddable":true,"href":"https:\/\/ajeandalucia.org\/cadiz\/wp-json\/wp\/v2\/media\/297"}],"wp:attachment":[{"href":"https:\/\/ajeandalucia.org\/cadiz\/wp-json\/wp\/v2\/media?parent=295"}],"wp:term":[{"taxonomy":"category","embeddable":true,"href":"https:\/\/ajeandalucia.org\/cadiz\/wp-json\/wp\/v2\/categories?post=295"},{"taxonomy":"post_tag","embeddable":true,"href":"https:\/\/ajeandalucia.org\/cadiz\/wp-json\/wp\/v2\/tags?post=295"}],"curies":[{"name":"wp","href":"https:\/\/api.w.org\/{rel}","templated":true}]}}